{"id":6131,"date":"2024-04-25T05:41:54","date_gmt":"2024-04-25T11:41:54","guid":{"rendered":"https:\/\/soymigrante.com\/revista\/?p=6131"},"modified":"2024-05-17T09:06:03","modified_gmt":"2024-05-17T15:06:03","slug":"arquitectura-de-remesas-vivienda-transformacion-migrants","status":"publish","type":"post","link":"https:\/\/soymigrante.com\/revista\/arquitectura-de-remesas-vivienda-transformacion-migrants\/","title":{"rendered":"Remesas migrantes transforman  viviendas y pueblos del occidente guatemalteco"},"content":{"rendered":"\t\t<div data-elementor-type=\"wp-post\" data-elementor-id=\"6131\" class=\"elementor elementor-6131\" data-elementor-post-type=\"post\">\n\t\t\t\t\t\t<section data-particle_enable=\"false\" data-particle-mobile-disabled=\"false\" class=\"elementor-section elementor-top-section elementor-element elementor-element-b8fb5a1 elementor-section-boxed elementor-section-height-default elementor-section-height-default\" data-id=\"b8fb5a1\" data-element_type=\"section\" data-e-type=\"section\">\n\t\t\t\t\t\t<div class=\"elementor-container elementor-column-gap-default\">\n\t\t\t\t\t<div class=\"elementor-column elementor-col-100 elementor-top-column elementor-element elementor-element-36fc1fc\" data-id=\"36fc1fc\" data-element_type=\"column\" data-e-type=\"column\">\n\t\t\t<div class=\"elementor-widget-wrap elementor-element-populated\">\n\t\t\t\t\t\t<div class=\"elementor-element elementor-element-3a8f04f elementor-widget elementor-widget-heading\" data-id=\"3a8f04f\" data-element_type=\"widget\" data-e-type=\"widget\" data-widget_type=\"heading.default\">\n\t\t\t\t\t<h2 class=\"elementor-heading-title elementor-size-default\">La construcci\u00f3n de viviendas en el Occidente de Guatemala sigue creciendo gracias al esfuerzo de migrantes guatemaltecos en Estados Unidos.<\/h2>\t\t\t\t<\/div>\n\t\t\t\t\t<\/div>\n\t\t<\/div>\n\t\t\t\t\t<\/div>\n\t\t<\/section>\n\t\t\t\t<section data-particle_enable=\"false\" data-particle-mobile-disabled=\"false\" class=\"elementor-section elementor-top-section elementor-element elementor-element-906e139 elementor-section-boxed elementor-section-height-default elementor-section-height-default\" data-id=\"906e139\" data-element_type=\"section\" data-e-type=\"section\">\n\t\t\t\t\t\t<div class=\"elementor-container elementor-column-gap-default\">\n\t\t\t\t\t<div class=\"elementor-column elementor-col-100 elementor-top-column elementor-element elementor-element-6075205\" data-id=\"6075205\" data-element_type=\"column\" data-e-type=\"column\">\n\t\t\t<div class=\"elementor-widget-wrap elementor-element-populated\">\n\t\t\t\t\t\t<div class=\"elementor-element elementor-element-767f35a elementor-widget elementor-widget-text-editor\" data-id=\"767f35a\" data-element_type=\"widget\" data-e-type=\"widget\" data-widget_type=\"text-editor.default\">\n\t\t\t\t\t\t\t\t\t<p>En el primer bimestre de este a\u00f1o, el ingreso de remesas familiares fue de 2 mil 996 millones de d\u00f3lares, 228 millones de d\u00f3lares m\u00e1s que en el mismo lapso en 2023, lo que representa un crecimiento del 8.3 por ciento, seg\u00fan datos del Banco de Guatemala.<\/p>\n<p><span style=\"color: var( --e-global-color-text );\">\u00bfC\u00f3mo las remesas transformaron el paisaje urbano y rural en Cajol\u00e1 y Cantel, Quetzaltenango, as\u00ed como en San Mateo Ixtat\u00e1n, San Juan Ixcoy, Soloma, Huehuetenango? Estos municipios formaron parte del estudio: Arquitectura de Remesas.&nbsp; &nbsp;<\/span><\/p>\t\t\t\t\t\t\t\t<\/div>\n\t\t\t\t\t<\/div>\n\t\t<\/div>\n\t\t\t\t\t<\/div>\n\t\t<\/section>\n\t\t\t\t<section data-particle_enable=\"false\" data-particle-mobile-disabled=\"false\" class=\"elementor-section elementor-top-section elementor-element elementor-element-a381718 elementor-section-boxed elementor-section-height-default elementor-section-height-default\" data-id=\"a381718\" data-element_type=\"section\" data-e-type=\"section\">\n\t\t\t\t\t\t<div class=\"elementor-container elementor-column-gap-default\">\n\t\t\t\t\t<div class=\"elementor-column elementor-col-100 elementor-top-column elementor-element elementor-element-7f12569\" data-id=\"7f12569\" data-element_type=\"column\" data-e-type=\"column\">\n\t\t\t<div class=\"elementor-widget-wrap elementor-element-populated\">\n\t\t\t\t\t\t<div class=\"elementor-element elementor-element-d2e385e elementor-widget elementor-widget-image\" data-id=\"d2e385e\" data-element_type=\"widget\" data-e-type=\"widget\" data-widget_type=\"image.default\">\n\t\t\t\t\t\t\t\t\t\t\t\t<figure class=\"wp-caption\">\n\t\t\t\t\t\t\t\t\t\t<img fetchpriority=\"high\" decoding=\"async\" width=\"768\" height=\"664\" src=\"https:\/\/soymigrante.com\/revista\/wp-content\/uploads\/2024\/04\/63-1024x885.webp\" class=\"attachment-large size-large wp-image-6133\" alt=\"Paisaje rural de monta\u00f1as con casas dispersas y campos agr\u00edcolas en la regi\u00f3n.\" srcset=\"https:\/\/soymigrante.com\/revista\/wp-content\/uploads\/2024\/04\/63-1024x885.webp 1024w, https:\/\/soymigrante.com\/revista\/wp-content\/uploads\/2024\/04\/63-300x259.webp 300w, https:\/\/soymigrante.com\/revista\/wp-content\/uploads\/2024\/04\/63-768x664.webp 768w, https:\/\/soymigrante.com\/revista\/wp-content\/uploads\/2024\/04\/63-750x648.webp 750w, https:\/\/soymigrante.com\/revista\/wp-content\/uploads\/2024\/04\/63-1140x986.webp 1140w, https:\/\/soymigrante.com\/revista\/wp-content\/uploads\/2024\/04\/63.webp 1396w\" sizes=\"(max-width: 768px) 100vw, 768px\" title=\"En Estados Unidos existe una comuidad de migrantes de San Mateo Ixtat\u00e1n, Huehuetenango que cada mes env\u00edan remesas a sus parientes en Guatemala. \u2013 SoyMigrante.com REVISTA\" \/>\t\t\t\t\t\t\t\t\t\t\t<figcaption class=\"widget-image-caption wp-caption-text\">San Mateo Ixtat\u00e1n es un municipio del departamento de Huehuetenango donde el fen\u00f3meno migratorio hacia Estados Unidos se evidencia en las modernas construcci\u00f3n que han cambiado el paisaje y mejorado las condiciones de vida de las familias de los que se fueron. (Foto AECID)<\/figcaption>\n\t\t\t\t\t\t\t\t\t\t<\/figure>\n\t\t\t\t\t\t\t\t\t<\/div>\n\t\t\t\t\t<\/div>\n\t\t<\/div>\n\t\t\t\t\t<\/div>\n\t\t<\/section>\n\t\t\t\t<section data-particle_enable=\"false\" data-particle-mobile-disabled=\"false\" class=\"elementor-section elementor-top-section elementor-element elementor-element-18993a4 elementor-section-boxed elementor-section-height-default elementor-section-height-default\" data-id=\"18993a4\" data-element_type=\"section\" data-e-type=\"section\">\n\t\t\t\t\t\t<div class=\"elementor-container elementor-column-gap-default\">\n\t\t\t\t\t<div class=\"elementor-column elementor-col-100 elementor-top-column elementor-element elementor-element-a76bda0\" data-id=\"a76bda0\" data-element_type=\"column\" data-e-type=\"column\">\n\t\t\t<div class=\"elementor-widget-wrap elementor-element-populated\">\n\t\t\t\t\t\t<div class=\"elementor-element elementor-element-508912e elementor-widget elementor-widget-text-editor\" data-id=\"508912e\" data-element_type=\"widget\" data-e-type=\"widget\" data-widget_type=\"text-editor.default\">\n\t\t\t\t\t\t\t\t\t<p>&#8220;La arquitectura contempor\u00e1nea hace tiempo que dej\u00f3 atr\u00e1s a la arquitectura popular (casas de adobe con techos de l\u00e1mina). El proceso de urbanizaci\u00f3n ha venido acompa\u00f1ado de modificantes culturales importantes y de v\u00ednculos a la modernidad. Hoy se calcula que la mitad de la poblaci\u00f3n guatemalteca vive en espacios urbanos y el env\u00edo de remesas para edificar casas es importante&#8221;, describe el historiador Luis Taracena en el proyecto Arquitectura de Remesas publicado por la Red de Centros Culturales de Espa\u00f1a.\u00a0<\/p><p>La arquitectura de remesas tiene estatus propio por lo vivido y visto por los migrantes en Estados Unidos que trasladan a sus familiares el dise\u00f1o para la vivienda. Sin embargo, ese proceso cambia porque intervienen los criterios de la familia y del maestro de obras que a\u00f1aden detalles.<\/p><p>As\u00ed, la arquitectura actual responde a la demanda del mercado m\u00e1s que a intensiones est\u00e9ticas, por lo que ha dejado de ser una disciplina \u00fanicamente creada por arquitectos, sino tambi\u00e9n por alba\u00f1iles y maestros de obra local. Lo que conforma el paisaje edificado urbano y rural no es necesariamente arquitectura, sino m\u00e1s bien construcci\u00f3n espont\u00e1nea.<\/p>\t\t\t\t\t\t\t\t<\/div>\n\t\t\t\t\t<\/div>\n\t\t<\/div>\n\t\t\t\t\t<\/div>\n\t\t<\/section>\n\t\t\t\t<section data-particle_enable=\"false\" data-particle-mobile-disabled=\"false\" class=\"elementor-section elementor-top-section elementor-element elementor-element-355ea92 elementor-section-boxed elementor-section-height-default elementor-section-height-default\" data-id=\"355ea92\" data-element_type=\"section\" data-e-type=\"section\">\n\t\t\t\t\t\t<div class=\"elementor-container elementor-column-gap-default\">\n\t\t\t\t\t<div class=\"elementor-column elementor-col-100 elementor-top-column elementor-element elementor-element-f243381\" data-id=\"f243381\" data-element_type=\"column\" data-e-type=\"column\">\n\t\t\t<div class=\"elementor-widget-wrap elementor-element-populated\">\n\t\t\t\t\t\t<div class=\"elementor-element elementor-element-1b40e9c elementor-widget elementor-widget-heading\" data-id=\"1b40e9c\" data-element_type=\"widget\" data-e-type=\"widget\" data-widget_type=\"heading.default\">\n\t\t\t\t\t<h3 class=\"elementor-heading-title elementor-size-default\">Masivo crecimiento de edificaciones<\/h3>\t\t\t\t<\/div>\n\t\t\t\t\t<\/div>\n\t\t<\/div>\n\t\t\t\t\t<\/div>\n\t\t<\/section>\n\t\t\t\t<section data-particle_enable=\"false\" data-particle-mobile-disabled=\"false\" class=\"elementor-section elementor-top-section elementor-element elementor-element-05114f7 elementor-section-boxed elementor-section-height-default elementor-section-height-default\" data-id=\"05114f7\" data-element_type=\"section\" data-e-type=\"section\">\n\t\t\t\t\t\t<div class=\"elementor-container elementor-column-gap-default\">\n\t\t\t\t\t<div class=\"elementor-column elementor-col-100 elementor-top-column elementor-element elementor-element-18f839d\" data-id=\"18f839d\" data-element_type=\"column\" data-e-type=\"column\">\n\t\t\t<div class=\"elementor-widget-wrap elementor-element-populated\">\n\t\t\t\t\t\t<div class=\"elementor-element elementor-element-d7ed036 elementor-widget elementor-widget-text-editor\" data-id=\"d7ed036\" data-element_type=\"widget\" data-e-type=\"widget\" data-widget_type=\"text-editor.default\">\n\t\t\t\t\t\t\t\t\t<p>En los \u00faltimos 15 a\u00f1os la construcci\u00f3n masiva de viviendas con nuevos criterios y materiales es un fen\u00f3meno. El denominador com\u00fan es que la mayor\u00eda de sus due\u00f1os son o han sido migrantes. Gente que se fue para el norte en algunos casos por una temporada para asegurar el futuro de su familia.<\/p><p>La pobreza en el pa\u00eds cambi\u00f3, pero sin desaparecer en absoluto; el norte sigue asociado a la abundancia y una estad\u00eda all\u00e1 permite que las cosas improbables en Guatemala se hagan realidad. Construir una casa es uno de los primeros objetivos para muchos de los que se fueron.<\/p><p>Las remesas no solo transformaron la arquitectura y el patrimonio tangible sino tambi\u00e9n los gustos, las expectativas, los sue\u00f1os y h\u00e1bitos.<\/p>\t\t\t\t\t\t\t\t<\/div>\n\t\t\t\t\t<\/div>\n\t\t<\/div>\n\t\t\t\t\t<\/div>\n\t\t<\/section>\n\t\t\t\t<section data-particle_enable=\"false\" data-particle-mobile-disabled=\"false\" class=\"elementor-section elementor-top-section elementor-element elementor-element-a930b05 elementor-section-boxed elementor-section-height-default elementor-section-height-default\" data-id=\"a930b05\" data-element_type=\"section\" data-e-type=\"section\">\n\t\t\t\t\t\t<div class=\"elementor-container elementor-column-gap-default\">\n\t\t\t\t\t<div class=\"elementor-column elementor-col-100 elementor-top-column elementor-element elementor-element-9956835\" data-id=\"9956835\" data-element_type=\"column\" data-e-type=\"column\">\n\t\t\t<div class=\"elementor-widget-wrap elementor-element-populated\">\n\t\t\t\t\t\t<div class=\"elementor-element elementor-element-79e577e elementor-widget elementor-widget-image\" data-id=\"79e577e\" data-element_type=\"widget\" data-e-type=\"widget\" data-widget_type=\"image.default\">\n\t\t\t\t\t\t\t\t\t\t\t\t<figure class=\"wp-caption\">\n\t\t\t\t\t\t\t\t\t\t<img decoding=\"async\" width=\"768\" height=\"459\" src=\"https:\/\/soymigrante.com\/revista\/wp-content\/uploads\/2024\/04\/Escaner_20240423-11-1024x612.webp\" class=\"attachment-large size-large wp-image-6134\" alt=\"Bandera estadounidense en graffiti en muro de concreto, mural de arte urbano con impacto visual, s\u00edmbolo de inmigraci\u00f3n y cultura migrante en Estados Unidos, contenido para Revista SoyMigrante.com.\" srcset=\"https:\/\/soymigrante.com\/revista\/wp-content\/uploads\/2024\/04\/Escaner_20240423-11-1024x612.webp 1024w, https:\/\/soymigrante.com\/revista\/wp-content\/uploads\/2024\/04\/Escaner_20240423-11-300x179.webp 300w, https:\/\/soymigrante.com\/revista\/wp-content\/uploads\/2024\/04\/Escaner_20240423-11-768x459.webp 768w, https:\/\/soymigrante.com\/revista\/wp-content\/uploads\/2024\/04\/Escaner_20240423-11-750x449.webp 750w, https:\/\/soymigrante.com\/revista\/wp-content\/uploads\/2024\/04\/Escaner_20240423-11-1140x682.webp 1140w, https:\/\/soymigrante.com\/revista\/wp-content\/uploads\/2024\/04\/Escaner_20240423-11.webp 1433w\" sizes=\"(max-width: 768px) 100vw, 768px\" title=\"En poblados del altiplano de Guatemala es com\u00fan ver en las casas de los migrantes, banderas y aguilas en alusi\u00f3n a Estados Unidos o la bandera donde el migrante reside. (Foto AECID) \u2013 SoyMigrante.com REVISTA\" \/>\t\t\t\t\t\t\t\t\t\t\t<figcaption class=\"widget-image-caption wp-caption-text\">Libertad y migraci\u00f3n en Estados Unidos, arte urbano que representa los derechos y cultura del migrante, imagen de la revista SoyMigrante.com sobre temas de migraci\u00f3n y comunidad inmigrante.<\/figcaption>\n\t\t\t\t\t\t\t\t\t\t<\/figure>\n\t\t\t\t\t\t\t\t\t<\/div>\n\t\t\t\t\t<\/div>\n\t\t<\/div>\n\t\t\t\t\t<\/div>\n\t\t<\/section>\n\t\t\t\t<section data-particle_enable=\"false\" data-particle-mobile-disabled=\"false\" class=\"elementor-section elementor-top-section elementor-element elementor-element-7e173ad elementor-section-boxed elementor-section-height-default elementor-section-height-default\" data-id=\"7e173ad\" data-element_type=\"section\" data-e-type=\"section\">\n\t\t\t\t\t\t<div class=\"elementor-container elementor-column-gap-default\">\n\t\t\t\t\t<div class=\"elementor-column elementor-col-100 elementor-top-column elementor-element elementor-element-4cf0014\" data-id=\"4cf0014\" data-element_type=\"column\" data-e-type=\"column\">\n\t\t\t<div class=\"elementor-widget-wrap elementor-element-populated\">\n\t\t\t\t\t\t<div class=\"elementor-element elementor-element-02b4840 elementor-widget elementor-widget-heading\" data-id=\"02b4840\" data-element_type=\"widget\" data-e-type=\"widget\" data-widget_type=\"heading.default\">\n\t\t\t\t\t<h2 class=\"elementor-heading-title elementor-size-default\">Trabajo colectivo de migrantes<\/h2>\t\t\t\t<\/div>\n\t\t\t\t\t<\/div>\n\t\t<\/div>\n\t\t\t\t\t<\/div>\n\t\t<\/section>\n\t\t\t\t<section data-particle_enable=\"false\" data-particle-mobile-disabled=\"false\" class=\"elementor-section elementor-top-section elementor-element elementor-element-b6fa88e elementor-section-boxed elementor-section-height-default elementor-section-height-default\" data-id=\"b6fa88e\" data-element_type=\"section\" data-e-type=\"section\">\n\t\t\t\t\t\t<div class=\"elementor-container elementor-column-gap-default\">\n\t\t\t\t\t<div class=\"elementor-column elementor-col-100 elementor-top-column elementor-element elementor-element-0bd6488\" data-id=\"0bd6488\" data-element_type=\"column\" data-e-type=\"column\">\n\t\t\t<div class=\"elementor-widget-wrap elementor-element-populated\">\n\t\t\t\t\t\t<div class=\"elementor-element elementor-element-7dbe720 elementor-widget elementor-widget-text-editor\" data-id=\"7dbe720\" data-element_type=\"widget\" data-e-type=\"widget\" data-widget_type=\"text-editor.default\">\n\t\t\t\t\t\t\t\t\t<p>La masiva construcci\u00f3n de viviendas tiene una relaci\u00f3n directa con la cantidad de migrantes que se han ido a Estados Unidos. De hecho, los momentos \u00e1lgidos de la inversi\u00f3n en la vivienda rural del altiplano durante los \u00faltimos a\u00f1os coincide con los picos migratorios, el primero en 1999 y el segundo entre los a\u00f1os 2001 y 2002. En esa \u00e9poca cientos de j\u00f3venes salieron, la mayor\u00eda fueron hombres. La cantidad de remesas enviadas cambiaron h\u00e1bitos y patrones en sus comunidades, pero tambi\u00e9n el entorno urbano.<\/p><p>En la actualidad los habitantes de Cantel, Soloma o San Mateo Ixtat\u00e1n consideran que la transformaci\u00f3n forma parte de una labor colectiva de los migrantes que se sacrificaron y se sacrifican para lograr cambios que ning\u00fan gobierno o cooperaci\u00f3n internacional llev\u00f3 a cabo m\u00e1s que por el arduo trabajo de cada guatemalteco.<\/p><p>La salida de guatemaltecos a EE. UU. no siempre coincidi\u00f3 con la intensi\u00f3n construir casas. En los a\u00f1os 80 la migraci\u00f3n hacia el norte fue por motivos pol\u00edticos, nadie pens\u00f3 en construir. Sin embargo, la din\u00e1mica cambi\u00f3 al final de la d\u00e9cada de los 90 porque los guatemaltecos comenzaron a migraron motivados para mejorar su econom\u00eda y desde esa fecha las remesas son el motor que mueve gran parte de la econom\u00eda del pa\u00eds.<\/p><p>La construcci\u00f3n de viviendas aument\u00f3 la demanda de servicios, agua entubada, drenajes, tratamiento de aguas servidas, basura, calles, entre otros, que en la mayor\u00eda de casos evidenci\u00f3 que los gobiernos locales no est\u00e1n preparados para atender la demanda. En consecuencia, el desorden y el caos se han convertido en la regla.<\/p>\t\t\t\t\t\t\t\t<\/div>\n\t\t\t\t\t<\/div>\n\t\t<\/div>\n\t\t\t\t\t<\/div>\n\t\t<\/section>\n\t\t\t\t<section data-particle_enable=\"false\" data-particle-mobile-disabled=\"false\" class=\"elementor-section elementor-top-section elementor-element elementor-element-4b9390a elementor-section-boxed elementor-section-height-default elementor-section-height-default\" data-id=\"4b9390a\" data-element_type=\"section\" data-e-type=\"section\">\n\t\t\t\t\t\t<div class=\"elementor-container elementor-column-gap-default\">\n\t\t\t\t\t<div class=\"elementor-column elementor-col-100 elementor-top-column elementor-element elementor-element-5e4f32b\" data-id=\"5e4f32b\" data-element_type=\"column\" data-e-type=\"column\">\n\t\t\t<div class=\"elementor-widget-wrap elementor-element-populated\">\n\t\t\t\t\t\t<div class=\"elementor-element elementor-element-839dbbf elementor-widget elementor-widget-image\" data-id=\"839dbbf\" data-element_type=\"widget\" data-e-type=\"widget\" data-widget_type=\"image.default\">\n\t\t\t\t\t\t\t\t\t\t\t\t<figure class=\"wp-caption\">\n\t\t\t\t\t\t\t\t\t\t<img decoding=\"async\" width=\"768\" height=\"599\" src=\"https:\/\/soymigrante.com\/revista\/wp-content\/uploads\/2024\/04\/Escaner_20240423-3-1024x798.webp\" class=\"attachment-large size-large wp-image-6135\" alt=\"Hotel Chicano&#039;s, edificio con fachada rosada y ventanas enrejadas blancas, en una zona urbana con espacio para estacionamiento, ofrece alojamiento con servicios modernos en una ubicaci\u00f3n c\u00e9ntrica.\" srcset=\"https:\/\/soymigrante.com\/revista\/wp-content\/uploads\/2024\/04\/Escaner_20240423-3-1024x798.webp 1024w, https:\/\/soymigrante.com\/revista\/wp-content\/uploads\/2024\/04\/Escaner_20240423-3-300x234.webp 300w, https:\/\/soymigrante.com\/revista\/wp-content\/uploads\/2024\/04\/Escaner_20240423-3-768x598.webp 768w, https:\/\/soymigrante.com\/revista\/wp-content\/uploads\/2024\/04\/Escaner_20240423-3-750x584.webp 750w, https:\/\/soymigrante.com\/revista\/wp-content\/uploads\/2024\/04\/Escaner_20240423-3-1140x888.webp 1140w, https:\/\/soymigrante.com\/revista\/wp-content\/uploads\/2024\/04\/Escaner_20240423-3.webp 1357w\" sizes=\"(max-width: 768px) 100vw, 768px\" title=\"La fuerte inyecci\u00f3n de remesas se ve reflejado en grandes edificios que trasforman comunidades en el altiplano. (Foto AECID) \u2013 SoyMigrante.com REVISTA\" \/>\t\t\t\t\t\t\t\t\t\t\t<figcaption class=\"widget-image-caption wp-caption-text\">Las modernas construcciones en comunidades rurales han creado una forma de \u201cstatus social\u201d para identificar a la familia que tiene un familiar que env\u00eda dinero del extranjero. (Foto AECID) <\/figcaption>\n\t\t\t\t\t\t\t\t\t\t<\/figure>\n\t\t\t\t\t\t\t\t\t<\/div>\n\t\t\t\t\t<\/div>\n\t\t<\/div>\n\t\t\t\t\t<\/div>\n\t\t<\/section>\n\t\t\t\t<section data-particle_enable=\"false\" data-particle-mobile-disabled=\"false\" class=\"elementor-section elementor-top-section elementor-element elementor-element-aa1e33b elementor-section-boxed elementor-section-height-default elementor-section-height-default\" data-id=\"aa1e33b\" data-element_type=\"section\" data-e-type=\"section\">\n\t\t\t\t\t\t<div class=\"elementor-container elementor-column-gap-default\">\n\t\t\t\t\t<div class=\"elementor-column elementor-col-100 elementor-top-column elementor-element elementor-element-b7eb4d0\" data-id=\"b7eb4d0\" data-element_type=\"column\" data-e-type=\"column\">\n\t\t\t<div class=\"elementor-widget-wrap elementor-element-populated\">\n\t\t\t\t\t\t<div class=\"elementor-element elementor-element-8c60b46 elementor-widget elementor-widget-heading\" data-id=\"8c60b46\" data-element_type=\"widget\" data-e-type=\"widget\" data-widget_type=\"heading.default\">\n\t\t\t\t\t<h2 class=\"elementor-heading-title elementor-size-default\">Casas grandes, pero sin moradores<\/h2>\t\t\t\t<\/div>\n\t\t\t\t\t<\/div>\n\t\t<\/div>\n\t\t\t\t\t<\/div>\n\t\t<\/section>\n\t\t\t\t<section data-particle_enable=\"false\" data-particle-mobile-disabled=\"false\" class=\"elementor-section elementor-top-section elementor-element elementor-element-025d45f elementor-section-boxed elementor-section-height-default elementor-section-height-default\" data-id=\"025d45f\" data-element_type=\"section\" data-e-type=\"section\">\n\t\t\t\t\t\t<div class=\"elementor-container elementor-column-gap-default\">\n\t\t\t\t\t<div class=\"elementor-column elementor-col-100 elementor-top-column elementor-element elementor-element-82fdbab\" data-id=\"82fdbab\" data-element_type=\"column\" data-e-type=\"column\">\n\t\t\t<div class=\"elementor-widget-wrap elementor-element-populated\">\n\t\t\t\t\t\t<div class=\"elementor-element elementor-element-0dbaae3 elementor-widget elementor-widget-text-editor\" data-id=\"0dbaae3\" data-element_type=\"widget\" data-e-type=\"widget\" data-widget_type=\"text-editor.default\">\n\t\t\t\t\t\t\t\t\t<p>Durante el estudio se encontraron muchas viviendas de hasta tres niveles vac\u00edas, nadie las habita. En parte hay una raz\u00f3n: se trata de casas mandas a hacer por gente que est\u00e1 en el norte y no ha regresado. Permanecen as\u00ed hasta que sus due\u00f1os regresen. Algunas casas son aprovechadas por alg\u00fan familiar para guardar cosas o vivir.<\/p><p>Tambi\u00e9n se encontraron casas de adobe dentro del terreno donde se edific\u00f3 la nueva, pero la familia del migrante vive en la casa de adobe y no en la casa nueva, la raz\u00f3n, la casa con techo de teja y adobe es donde comenz\u00f3 el n\u00facleo familiar.<\/p><p>\u00bfPara qu\u00e9 sirve una casa grande sin habitantes? La respuesta de la familia del migrante fue que la casa representa prestigio y una marca social: competencia y envidia dentro del grupo social que contrasta con casas de adobe donde viven grupos familiares de personas mayores o mujeres viudas que perdieron a los hombres que eran el motor de la econom\u00eda.<\/p>\t\t\t\t\t\t\t\t<\/div>\n\t\t\t\t\t<\/div>\n\t\t<\/div>\n\t\t\t\t\t<\/div>\n\t\t<\/section>\n\t\t\t\t<section data-particle_enable=\"false\" data-particle-mobile-disabled=\"false\" class=\"elementor-section elementor-top-section elementor-element elementor-element-7daea36 elementor-section-boxed elementor-section-height-default elementor-section-height-default\" data-id=\"7daea36\" data-element_type=\"section\" data-e-type=\"section\">\n\t\t\t\t\t\t<div class=\"elementor-container elementor-column-gap-default\">\n\t\t\t\t\t<div class=\"elementor-column elementor-col-100 elementor-top-column elementor-element elementor-element-b63a1ed\" data-id=\"b63a1ed\" data-element_type=\"column\" data-e-type=\"column\">\n\t\t\t<div class=\"elementor-widget-wrap elementor-element-populated\">\n\t\t\t\t\t\t<div class=\"elementor-element elementor-element-486d377 elementor-widget elementor-widget-image\" data-id=\"486d377\" data-element_type=\"widget\" data-e-type=\"widget\" data-widget_type=\"image.default\">\n\t\t\t\t\t\t\t\t\t\t\t\t<figure class=\"wp-caption\">\n\t\t\t\t\t\t\t\t\t\t<img loading=\"lazy\" decoding=\"async\" width=\"768\" height=\"283\" src=\"https:\/\/soymigrante.com\/revista\/wp-content\/uploads\/2024\/04\/Escaner_20240423-5-1024x377.webp\" class=\"attachment-large size-large wp-image-6136\" alt=\"Ni\u00f1a ind\u00edgena con retrato de migrante en mano en ambiente familiar rural.\" srcset=\"https:\/\/soymigrante.com\/revista\/wp-content\/uploads\/2024\/04\/Escaner_20240423-5-1024x377.webp 1024w, https:\/\/soymigrante.com\/revista\/wp-content\/uploads\/2024\/04\/Escaner_20240423-5-300x111.webp 300w, https:\/\/soymigrante.com\/revista\/wp-content\/uploads\/2024\/04\/Escaner_20240423-5-768x283.webp 768w, https:\/\/soymigrante.com\/revista\/wp-content\/uploads\/2024\/04\/Escaner_20240423-5-1536x566.webp 1536w, https:\/\/soymigrante.com\/revista\/wp-content\/uploads\/2024\/04\/Escaner_20240423-5-750x276.webp 750w, https:\/\/soymigrante.com\/revista\/wp-content\/uploads\/2024\/04\/Escaner_20240423-5-1140x420.webp 1140w, https:\/\/soymigrante.com\/revista\/wp-content\/uploads\/2024\/04\/Escaner_20240423-5-rotated.webp 1759w\" sizes=\"(max-width: 768px) 100vw, 768px\" title=\"Las modernas construcciones en comunidades rurales han creado una forma de \u201cstatus social\u201d para identificar a la familia que tiene un familiar que env\u00eda dinero del extranjero. (Foto AECID) \u2013 SoyMigrante.com REVISTA\" \/>\t\t\t\t\t\t\t\t\t\t\t<figcaption class=\"widget-image-caption wp-caption-text\">Mujer en interior con bandera de EE. UU. decorando espacio, reflejando temas de migraci\u00f3n y cultura en Revista SoyMigrante.com.<\/figcaption>\n\t\t\t\t\t\t\t\t\t\t<\/figure>\n\t\t\t\t\t\t\t\t\t<\/div>\n\t\t\t\t\t<\/div>\n\t\t<\/div>\n\t\t\t\t\t<\/div>\n\t\t<\/section>\n\t\t\t\t<section data-particle_enable=\"false\" data-particle-mobile-disabled=\"false\" class=\"elementor-section elementor-top-section elementor-element elementor-element-6803a98 elementor-section-boxed elementor-section-height-default elementor-section-height-default\" data-id=\"6803a98\" data-element_type=\"section\" data-e-type=\"section\">\n\t\t\t\t\t\t<div class=\"elementor-container elementor-column-gap-default\">\n\t\t\t\t\t<div class=\"elementor-column elementor-col-100 elementor-top-column elementor-element elementor-element-d2fc1b9\" data-id=\"d2fc1b9\" data-element_type=\"column\" data-e-type=\"column\">\n\t\t\t<div class=\"elementor-widget-wrap elementor-element-populated\">\n\t\t\t\t\t\t<div class=\"elementor-element elementor-element-4f280db elementor-widget elementor-widget-heading\" data-id=\"4f280db\" data-element_type=\"widget\" data-e-type=\"widget\" data-widget_type=\"heading.default\">\n\t\t\t\t\t<h2 class=\"elementor-heading-title elementor-size-default\">Marca social y marca cultural<\/h2>\t\t\t\t<\/div>\n\t\t\t\t\t<\/div>\n\t\t<\/div>\n\t\t\t\t\t<\/div>\n\t\t<\/section>\n\t\t\t\t<section data-particle_enable=\"false\" data-particle-mobile-disabled=\"false\" class=\"elementor-section elementor-top-section elementor-element elementor-element-c5c4ffc elementor-section-boxed elementor-section-height-default elementor-section-height-default\" data-id=\"c5c4ffc\" data-element_type=\"section\" data-e-type=\"section\">\n\t\t\t\t\t\t<div class=\"elementor-container elementor-column-gap-default\">\n\t\t\t\t\t<div class=\"elementor-column elementor-col-100 elementor-top-column elementor-element elementor-element-d900bc5\" data-id=\"d900bc5\" data-element_type=\"column\" data-e-type=\"column\">\n\t\t\t<div class=\"elementor-widget-wrap elementor-element-populated\">\n\t\t\t\t\t\t<div class=\"elementor-element elementor-element-de80c9a elementor-widget elementor-widget-text-editor\" data-id=\"de80c9a\" data-element_type=\"widget\" data-e-type=\"widget\" data-widget_type=\"text-editor.default\">\n\t\t\t\t\t\t\t\t\t<p>Las nuevas casas constituyen una forma de marca social: unas son m\u00e1s lujosas, otras m\u00e1s amplias, de dos y cuatro niveles, con mayores o mejores acabados, con vidrios reflejantes, algunas tienen fachada de azulejo (que rompen con la armon\u00eda), su iconograf\u00eda abundante en alusi\u00f3n a Estados Unidos o el Estado donde reside quien env\u00eda los d\u00f3lares.<\/p><p>La cantidad de migrantes de una comunidad o paraje que env\u00edan remesas han logrado cambiar en algunos casos el paisaje urbano y asemejar aquel terru\u00f1o en peque\u00f1as ciudades ca\u00f3ticas que nunca fueron planificadas para grandes viviendas.<\/p><p>Construir una vivienda es la demostraci\u00f3n p\u00fablica y privada de una mejora econ\u00f3mica. Sea cual sea el motivo de evoluci\u00f3n (migraci\u00f3n o profesional) las casas siempre ser\u00e1n un de los primeros objetivos del esfuerzo laboral.<\/p><p>Con relaci\u00f3n a la adquisici\u00f3n del terreno y construcci\u00f3n hay variables: Un migrante en tiempos normales, y si se lo propone, puede reunir en tres a\u00f1os la cantidad necesaria para hacer una casa. En comparaci\u00f3n con Guatemala el tiempo que necesita un guatemalteco para hacer de una casa a trav\u00e9s de un pr\u00e9stamo bancario son 20 a\u00f1os como m\u00ednimo.<\/p>\t\t\t\t\t\t\t\t<\/div>\n\t\t\t\t\t<\/div>\n\t\t<\/div>\n\t\t\t\t\t<\/div>\n\t\t<\/section>\n\t\t\t\t<section data-particle_enable=\"false\" data-particle-mobile-disabled=\"false\" class=\"elementor-section elementor-top-section elementor-element elementor-element-1a1c5e3 elementor-section-boxed elementor-section-height-default elementor-section-height-default\" data-id=\"1a1c5e3\" data-element_type=\"section\" data-e-type=\"section\">\n\t\t\t\t\t\t<div class=\"elementor-container elementor-column-gap-default\">\n\t\t\t\t\t<div class=\"elementor-column elementor-col-100 elementor-top-column elementor-element elementor-element-f4b8fde\" data-id=\"f4b8fde\" data-element_type=\"column\" data-e-type=\"column\">\n\t\t\t<div class=\"elementor-widget-wrap elementor-element-populated\">\n\t\t\t\t\t\t<div class=\"elementor-element elementor-element-2cc7e8b elementor-widget elementor-widget-image\" data-id=\"2cc7e8b\" data-element_type=\"widget\" data-e-type=\"widget\" data-widget_type=\"image.default\">\n\t\t\t\t\t\t\t\t\t\t\t\t<figure class=\"wp-caption\">\n\t\t\t\t\t\t\t\t\t\t<img loading=\"lazy\" decoding=\"async\" width=\"768\" height=\"499\" src=\"https:\/\/soymigrante.com\/revista\/wp-content\/uploads\/2024\/04\/Decenas-de-casas-en-Huehuetenango-y-Quetzaltenango-fueron-construidas-pero-nadie-vive-en-ellas-estan-a-la-espera-el-retorno-del-migrante.-Foto-AECID-1024x665.webp\" class=\"attachment-large size-large wp-image-6140\" alt=\"Variedad de frutos secos y especias en secadero tradicional, en un entorno rural.\" srcset=\"https:\/\/soymigrante.com\/revista\/wp-content\/uploads\/2024\/04\/Decenas-de-casas-en-Huehuetenango-y-Quetzaltenango-fueron-construidas-pero-nadie-vive-en-ellas-estan-a-la-espera-el-retorno-del-migrante.-Foto-AECID-1024x665.webp 1024w, https:\/\/soymigrante.com\/revista\/wp-content\/uploads\/2024\/04\/Decenas-de-casas-en-Huehuetenango-y-Quetzaltenango-fueron-construidas-pero-nadie-vive-en-ellas-estan-a-la-espera-el-retorno-del-migrante.-Foto-AECID-300x195.webp 300w, https:\/\/soymigrante.com\/revista\/wp-content\/uploads\/2024\/04\/Decenas-de-casas-en-Huehuetenango-y-Quetzaltenango-fueron-construidas-pero-nadie-vive-en-ellas-estan-a-la-espera-el-retorno-del-migrante.-Foto-AECID-768x499.webp 768w, https:\/\/soymigrante.com\/revista\/wp-content\/uploads\/2024\/04\/Decenas-de-casas-en-Huehuetenango-y-Quetzaltenango-fueron-construidas-pero-nadie-vive-en-ellas-estan-a-la-espera-el-retorno-del-migrante.-Foto-AECID-750x487.webp 750w, https:\/\/soymigrante.com\/revista\/wp-content\/uploads\/2024\/04\/Decenas-de-casas-en-Huehuetenango-y-Quetzaltenango-fueron-construidas-pero-nadie-vive-en-ellas-estan-a-la-espera-el-retorno-del-migrante.-Foto-AECID.webp 1030w\" sizes=\"(max-width: 768px) 100vw, 768px\" title=\"Decenas de casas en Huehuetenango y Quetzaltenango fueron construidas, pero nadie vive en ellas, est\u00e1n a la espera el retorno del migrante. (Foto AECID) \u2013 SoyMigrante.com REVISTA\" \/>\t\t\t\t\t\t\t\t\t\t\t<figcaption class=\"widget-image-caption wp-caption-text\">Decenas de casas en Huehuetenango y Quetzaltenango fueron construidas, pero nadie vive en ellas, esperan el retorno del migrante. (Foto AECID)<\/figcaption>\n\t\t\t\t\t\t\t\t\t\t<\/figure>\n\t\t\t\t\t\t\t\t\t<\/div>\n\t\t\t\t\t<\/div>\n\t\t<\/div>\n\t\t\t\t\t<\/div>\n\t\t<\/section>\n\t\t\t\t<section data-particle_enable=\"false\" data-particle-mobile-disabled=\"false\" class=\"elementor-section elementor-top-section elementor-element elementor-element-331fc89 elementor-section-boxed elementor-section-height-default elementor-section-height-default\" data-id=\"331fc89\" data-element_type=\"section\" data-e-type=\"section\">\n\t\t\t\t\t\t<div class=\"elementor-container elementor-column-gap-default\">\n\t\t\t\t\t<div class=\"elementor-column elementor-col-100 elementor-top-column elementor-element elementor-element-6b2912c\" data-id=\"6b2912c\" data-element_type=\"column\" data-e-type=\"column\">\n\t\t\t<div class=\"elementor-widget-wrap elementor-element-populated\">\n\t\t\t\t\t\t<div class=\"elementor-element elementor-element-2d9e441 elementor-widget elementor-widget-heading\" data-id=\"2d9e441\" data-element_type=\"widget\" data-e-type=\"widget\" data-widget_type=\"heading.default\">\n\t\t\t\t\t<h2 class=\"elementor-heading-title elementor-size-default\">Mujeres administran la remesa <\/h2>\t\t\t\t<\/div>\n\t\t\t\t\t<\/div>\n\t\t<\/div>\n\t\t\t\t\t<\/div>\n\t\t<\/section>\n\t\t\t\t<section data-particle_enable=\"false\" data-particle-mobile-disabled=\"false\" class=\"elementor-section elementor-top-section elementor-element elementor-element-586d884 elementor-section-boxed elementor-section-height-default elementor-section-height-default\" data-id=\"586d884\" data-element_type=\"section\" data-e-type=\"section\">\n\t\t\t\t\t\t<div class=\"elementor-container elementor-column-gap-default\">\n\t\t\t\t\t<div class=\"elementor-column elementor-col-100 elementor-top-column elementor-element elementor-element-6f1d6c7\" data-id=\"6f1d6c7\" data-element_type=\"column\" data-e-type=\"column\">\n\t\t\t<div class=\"elementor-widget-wrap elementor-element-populated\">\n\t\t\t\t\t\t<div class=\"elementor-element elementor-element-c8a0cc8 elementor-widget elementor-widget-text-editor\" data-id=\"c8a0cc8\" data-element_type=\"widget\" data-e-type=\"widget\" data-widget_type=\"text-editor.default\">\n\t\t\t\t\t\t\t\t\t<p>Edificar una casa conlleva una serie de negociaciones. Primero con la familia y luego con el maestro de obras o alba\u00f1il. La madre del migrante o la esposa suele ser la figura mediadora y confiable. A ella se le env\u00edan el dinero, fotos y se le platica sobre los gustos y el dise\u00f1o. Sin embargo, concretar la idea que el migrante tiene sobre la construcci\u00f3n hay grandes diferencias.<\/p>\t\t\t\t\t\t\t\t<\/div>\n\t\t\t\t\t<\/div>\n\t\t<\/div>\n\t\t\t\t\t<\/div>\n\t\t<\/section>\n\t\t\t\t<section data-particle_enable=\"false\" data-particle-mobile-disabled=\"false\" class=\"elementor-section elementor-top-section elementor-element elementor-element-23ac81d elementor-section-boxed elementor-section-height-default elementor-section-height-default\" data-id=\"23ac81d\" data-element_type=\"section\" data-e-type=\"section\">\n\t\t\t\t\t\t<div class=\"elementor-container elementor-column-gap-default\">\n\t\t\t\t\t<div class=\"elementor-column elementor-col-100 elementor-top-column elementor-element elementor-element-5c804a4\" data-id=\"5c804a4\" data-element_type=\"column\" data-e-type=\"column\">\n\t\t\t<div class=\"elementor-widget-wrap elementor-element-populated\">\n\t\t\t\t\t\t<div class=\"elementor-element elementor-element-e4bbe75 elementor-widget elementor-widget-image\" data-id=\"e4bbe75\" data-element_type=\"widget\" data-e-type=\"widget\" data-widget_type=\"image.default\">\n\t\t\t\t\t\t\t\t\t\t\t\t<figure class=\"wp-caption\">\n\t\t\t\t\t\t\t\t\t\t<img loading=\"lazy\" decoding=\"async\" width=\"720\" height=\"540\" src=\"https:\/\/soymigrante.com\/revista\/wp-content\/uploads\/2024\/04\/En-Comintacillo-San-Marcos-un-migrante-mando-a-pintar-su-casa-con-los-colores-de-la-bandera-de-EE.UU_.-en-agradecimiento-al-pais-que-le-ayudo-a-mejorar-su-vida-y-la-de-su-familia.webp\" class=\"attachment-large size-large wp-image-6139\" alt=\"Colores vibrantes en la fachada de una casa con dise\u00f1o inspirado en la bandera de EE.UU., con un mural pintado por un artista local, reflejando cultura y creatividad en la comunidad migrante.\" srcset=\"https:\/\/soymigrante.com\/revista\/wp-content\/uploads\/2024\/04\/En-Comintacillo-San-Marcos-un-migrante-mando-a-pintar-su-casa-con-los-colores-de-la-bandera-de-EE.UU_.-en-agradecimiento-al-pais-que-le-ayudo-a-mejorar-su-vida-y-la-de-su-familia.webp 720w, https:\/\/soymigrante.com\/revista\/wp-content\/uploads\/2024\/04\/En-Comintacillo-San-Marcos-un-migrante-mando-a-pintar-su-casa-con-los-colores-de-la-bandera-de-EE.UU_.-en-agradecimiento-al-pais-que-le-ayudo-a-mejorar-su-vida-y-la-de-su-familia-300x225.webp 300w\" sizes=\"(max-width: 720px) 100vw, 720px\" title=\"En Comintacillo, San Marcos, un migrante mando a pintar su casa con los colores de la bandera de EE.UU. en agradecimiento al pa\u00eds que le ayud\u00f3 a mejorar su vida y la de su familia. \u2013 SoyMigrante.com REVISTA\" \/>\t\t\t\t\t\t\t\t\t\t\t<figcaption class=\"widget-image-caption wp-caption-text\">En Comintacillo, San Marcos, un migrante mando a pintar su casa con los colores de la bandera de EE.UU. en agradecimiento al pa\u00eds que le ayud\u00f3 a mejorar su vida y la de su familia. <\/figcaption>\n\t\t\t\t\t\t\t\t\t\t<\/figure>\n\t\t\t\t\t\t\t\t\t<\/div>\n\t\t\t\t\t<\/div>\n\t\t<\/div>\n\t\t\t\t\t<\/div>\n\t\t<\/section>\n\t\t\t\t<section data-particle_enable=\"false\" data-particle-mobile-disabled=\"false\" class=\"elementor-section elementor-top-section elementor-element elementor-element-818f778 elementor-section-boxed elementor-section-height-default elementor-section-height-default\" data-id=\"818f778\" data-element_type=\"section\" data-e-type=\"section\">\n\t\t\t\t\t\t<div class=\"elementor-container elementor-column-gap-default\">\n\t\t\t\t\t<div class=\"elementor-column elementor-col-100 elementor-top-column elementor-element elementor-element-f00e876\" data-id=\"f00e876\" data-element_type=\"column\" data-e-type=\"column\">\n\t\t\t<div class=\"elementor-widget-wrap elementor-element-populated\">\n\t\t\t\t\t\t<div class=\"elementor-element elementor-element-3021af8 elementor-widget elementor-widget-text-editor\" data-id=\"3021af8\" data-element_type=\"widget\" data-e-type=\"widget\" data-widget_type=\"text-editor.default\">\n\t\t\t\t\t\t\t\t\t<h6><em>Esta publicaci\u00f3n se llev\u00f3 a cabo con base al proyecto Arquitectura de Remesas proyecto editorial del Centro Cultural de Espa\u00f1a de Guatemala.\u00a0 Textos de R. Piedrasanta, R. Monterroso, R. Rivas, O.Batres, M. Ard\u00f3n, R. Zavala, L. Taracena. Fotograf\u00edas: A. Asturias, A. Arag\u00f3n, D. Chauche, W. Iraheta, A. Sosa.<\/em><\/h6>\t\t\t\t\t\t\t\t<\/div>\n\t\t\t\t\t<\/div>\n\t\t<\/div>\n\t\t\t\t\t<\/div>\n\t\t<\/section>\n\t\t\t\t<section data-particle_enable=\"false\" data-particle-mobile-disabled=\"false\" class=\"elementor-section elementor-top-section elementor-element elementor-element-6047aa1 elementor-section-boxed elementor-section-height-default elementor-section-height-default\" data-id=\"6047aa1\" data-element_type=\"section\" data-e-type=\"section\">\n\t\t\t\t\t\t<div class=\"elementor-container elementor-column-gap-default\">\n\t\t\t\t\t<div class=\"elementor-column elementor-col-100 elementor-top-column elementor-element elementor-element-fb37b3f\" data-id=\"fb37b3f\" data-element_type=\"column\" data-e-type=\"column\">\n\t\t\t<div class=\"elementor-widget-wrap elementor-element-populated\">\n\t\t\t\t\t\t<div class=\"elementor-element elementor-element-e47564b elementor-widget-divider--view-line elementor-widget elementor-widget-divider\" data-id=\"e47564b\" data-element_type=\"widget\" data-e-type=\"widget\" data-widget_type=\"divider.default\">\n\t\t\t\t\t\t\t<div class=\"elementor-divider\">\n\t\t\t<span class=\"elementor-divider-separator\">\n\t\t\t\t\t\t<\/span>\n\t\t<\/div>\n\t\t\t\t\t\t<\/div>\n\t\t\t\t\t<\/div>\n\t\t<\/div>\n\t\t\t\t\t<\/div>\n\t\t<\/section>\n\t\t\t\t<section data-particle_enable=\"false\" data-particle-mobile-disabled=\"false\" class=\"elementor-section elementor-top-section elementor-element elementor-element-efe8a96 elementor-section-boxed elementor-section-height-default elementor-section-height-default\" data-id=\"efe8a96\" data-element_type=\"section\" data-e-type=\"section\">\n\t\t\t\t\t\t<div class=\"elementor-container elementor-column-gap-default\">\n\t\t\t\t\t<div class=\"elementor-column elementor-col-100 elementor-top-column elementor-element elementor-element-74d42e2\" data-id=\"74d42e2\" data-element_type=\"column\" data-e-type=\"column\">\n\t\t\t<div class=\"elementor-widget-wrap elementor-element-populated\">\n\t\t\t\t\t\t<div class=\"elementor-element elementor-element-3c8e56e elementor-widget elementor-widget-heading\" data-id=\"3c8e56e\" data-element_type=\"widget\" data-e-type=\"widget\" data-widget_type=\"heading.default\">\n\t\t\t\t\t<h2 class=\"elementor-heading-title elementor-size-default\">Te recomendamos leer estas interesantes historias<\/h2>\t\t\t\t<\/div>\n\t\t\t\t\t<\/div>\n\t\t<\/div>\n\t\t\t\t\t<\/div>\n\t\t<\/section>\n\t\t\t\t<section data-particle_enable=\"false\" data-particle-mobile-disabled=\"false\" class=\"elementor-section elementor-top-section elementor-element elementor-element-335c23e elementor-section-boxed elementor-section-height-default elementor-section-height-default\" data-id=\"335c23e\" data-element_type=\"section\" data-e-type=\"section\">\n\t\t\t\t\t\t<div class=\"elementor-container elementor-column-gap-default\">\n\t\t\t\t\t<div class=\"elementor-column elementor-col-100 elementor-top-column elementor-element elementor-element-bb86015\" data-id=\"bb86015\" data-element_type=\"column\" data-e-type=\"column\">\n\t\t\t<div class=\"elementor-widget-wrap elementor-element-populated\">\n\t\t\t\t\t\t<div class=\"elementor-element elementor-element-a4dd42f elementor-widget elementor-widget-blfe-post-grid\" data-id=\"a4dd42f\" data-element_type=\"widget\" data-e-type=\"widget\" data-settings=\"{&quot;columns&quot;:&quot;3&quot;,&quot;columns_tablet&quot;:&quot;6&quot;,&quot;columns_mobile&quot;:&quot;12&quot;,&quot;hero1_layout_column_gap&quot;:{&quot;unit&quot;:&quot;px&quot;,&quot;size&quot;:30,&quot;sizes&quot;:[]},&quot;hero1_layout_column_gap_tablet&quot;:{&quot;unit&quot;:&quot;px&quot;,&quot;size&quot;:&quot;&quot;,&quot;sizes&quot;:[]},&quot;hero1_layout_column_gap_mobile&quot;:{&quot;unit&quot;:&quot;px&quot;,&quot;size&quot;:&quot;&quot;,&quot;sizes&quot;:[]},&quot;hero1_layout_row_gap&quot;:{&quot;unit&quot;:&quot;px&quot;,&quot;size&quot;:30,&quot;sizes&quot;:[]},&quot;hero1_layout_row_gap_tablet&quot;:{&quot;unit&quot;:&quot;px&quot;,&quot;size&quot;:&quot;&quot;,&quot;sizes&quot;:[]},&quot;hero1_layout_row_gap_mobile&quot;:{&quot;unit&quot;:&quot;px&quot;,&quot;size&quot;:&quot;&quot;,&quot;sizes&quot;:[]}}\" data-widget_type=\"blfe-post-grid.hero1\">\n\t\t\t\t<div class=\"elementor-widget-container\">\n\t\t\t\t\t\n                        <div class=\"blfe-post-grid-container \">\n            \n                <div data-skin=\"hero1\" class=\"blfe-row blfe-posts-inner blfe-hero1 blfe-posts-inner blfe-col-3 blfe-col-tab-6 blfe-col-mob-12     \">\n                            <div class=\"blfe-post-grid-item\">\n            <div class=\"blfe-post-grid-item-inner blfe-modern-zoom\">\n                        <div class=\"blfe-post-grid-bg-image\">\n            <a class=\"blfe-post-grid-image-inner\" href=\"https:\/\/soymigrante.com\/revista\/santos-poroj-escritor-migrante-de-san-andres-xecul-publica-su-segundo-libro-en-california-y-con-dos-portadas\/\" title=\"Santos Poroj, escritor migrante de San Andr\u00e9s Xecul, publica su segundo libro en California (y con dos portadas)\" rel=\"nofollow\" target=\"_blank\"><img decoding=\"async\" src=\"https:\/\/soymigrante.com\/revista\/wp-content\/uploads\/2026\/04\/migrante-guatemalteco-santos-poroj-en-san-rafael-california-originario-de-san-andres-xecul.png\" alt=\"Santos Poroj, escritor migrante de San Andr\u00e9s Xecul, publica su segundo libro en California (y con dos portadas)\"\/><\/a>        <\/div>\n                        <div class=\"blfe-post-grid-details\">\n                    <div class=\"blfe-post-grid-details-inner\">\n                        <span class=\"blfe-post-category\"><a href=\"https:\/\/soymigrante.com\/revista\/category\/exitos\/\">\u00c9xitos<\/a><\/span>                        <h3 class=\"blfe-post-grid-title\">\n            <a href=\"https:\/\/soymigrante.com\/revista\/santos-poroj-escritor-migrante-de-san-andres-xecul-publica-su-segundo-libro-en-california-y-con-dos-portadas\/\" title=\"Santos Poroj, escritor migrante de San Andr\u00e9s Xecul, publica su segundo libro en California (y con dos portadas)\" rel=\"nofollow\" target=\"_blank\">Santos Poroj, escritor migrante de San Andr\u00e9s Xecul, publica su segundo libro en California (y con dos portadas)<\/a>\n            <\/h3>                                                                                            <\/div>\n                <\/div>\n\n            <\/div>\n        <\/div>\n                <div class=\"blfe-post-grid-item\">\n            <div class=\"blfe-post-grid-item-inner blfe-modern-zoom\">\n                        <div class=\"blfe-post-grid-bg-image\">\n            <a class=\"blfe-post-grid-image-inner\" href=\"https:\/\/soymigrante.com\/revista\/migrantes-guatemaltecos-en-estados-unidos-libros-historias-dia-del-libro\/\" title=\"D\u00eda del Libro &#8211; Creatividad de escritores migrantes guatemaltecos vuela sin fronteras\" rel=\"nofollow\" target=\"_blank\"><img decoding=\"async\" src=\"https:\/\/soymigrante.com\/revista\/wp-content\/uploads\/2026\/04\/dia-del-libro-guatemala-libros-de-migrantes-guatemaltecos.png\" alt=\"D\u00eda del Libro &#8211; Creatividad de escritores migrantes guatemaltecos vuela sin fronteras\"\/><\/a>        <\/div>\n                        <div class=\"blfe-post-grid-details\">\n                    <div class=\"blfe-post-grid-details-inner\">\n                        <span class=\"blfe-post-category\"><a href=\"https:\/\/soymigrante.com\/revista\/category\/exitos\/guatemala\/\">Guatemala<\/a><\/span>                        <h3 class=\"blfe-post-grid-title\">\n            <a href=\"https:\/\/soymigrante.com\/revista\/migrantes-guatemaltecos-en-estados-unidos-libros-historias-dia-del-libro\/\" title=\"D\u00eda del Libro &#8211; Creatividad de escritores migrantes guatemaltecos vuela sin fronteras\" rel=\"nofollow\" target=\"_blank\">D\u00eda del Libro &#8211; Creatividad de escritores migrantes guatemaltecos vuela sin fronteras<\/a>\n            <\/h3>                                                                                            <\/div>\n                <\/div>\n\n            <\/div>\n        <\/div>\n                <div class=\"blfe-post-grid-item\">\n            <div class=\"blfe-post-grid-item-inner blfe-modern-zoom\">\n                        <div class=\"blfe-post-grid-bg-image\">\n            <a class=\"blfe-post-grid-image-inner\" href=\"https:\/\/soymigrante.com\/revista\/luis-von-ahn-national-geographic-33-guatemalteco-duolingo\/\" title=\"\u00bfC\u00f3mo lleg\u00f3 el  guatemalteco Luis von Ahn a la lista Global 33 de L\u00edderes Innovadores de National Geographic?\" rel=\"nofollow\" target=\"_blank\"><img decoding=\"async\" src=\"https:\/\/soymigrante.com\/revista\/wp-content\/uploads\/2026\/04\/Luis-von-Ahn-33-changemakers-National-Geographic-guatemalteco-migrante-lista.png\" alt=\"\u00bfC\u00f3mo lleg\u00f3 el  guatemalteco Luis von Ahn a la lista Global 33 de L\u00edderes Innovadores de National Geographic?\"\/><\/a>        <\/div>\n                        <div class=\"blfe-post-grid-details\">\n                    <div class=\"blfe-post-grid-details-inner\">\n                        <span class=\"blfe-post-category\"><a href=\"https:\/\/soymigrante.com\/revista\/category\/exitos\/\">\u00c9xitos<\/a><\/span>                        <h3 class=\"blfe-post-grid-title\">\n            <a href=\"https:\/\/soymigrante.com\/revista\/luis-von-ahn-national-geographic-33-guatemalteco-duolingo\/\" title=\"\u00bfC\u00f3mo lleg\u00f3 el  guatemalteco Luis von Ahn a la lista Global 33 de L\u00edderes Innovadores de National Geographic?\" rel=\"nofollow\" target=\"_blank\">\u00bfC\u00f3mo lleg\u00f3 el  guatemalteco Luis von Ahn a la lista Global 33 de L\u00edderes Innovadores de National Geographic?<\/a>\n            <\/h3>                                                                                            <\/div>\n                <\/div>\n\n            <\/div>\n        <\/div>\n                        <\/div>\n\n                        <\/div>\n            \n                        <div class=\"blfe-post-footer\">\n                        <\/div>\n            \t\t\t\t<\/div>\n\t\t\t\t<\/div>\n\t\t\t\t\t<\/div>\n\t\t<\/div>\n\t\t\t\t\t<\/div>\n\t\t<\/section>\n\t\t\t\t<\/div>\n\t\t","protected":false},"excerpt":{"rendered":"<p>La construcci\u00f3n de viviendas en el Occidente de Guatemala sigue creciendo gracias al esfuerzo de migrantes guatemaltecos en Estados Unidos. En el primer bimestre de este a\u00f1o, el ingreso de remesas familiares fue de 2 mil 996 millones de d\u00f3lares, 228 millones de d\u00f3lares m\u00e1s que en el mismo lapso en 2023, lo que representa [&hellip;]<\/p>\n","protected":false},"author":14,"featured_media":6132,"comment_status":"open","ping_status":"open","sticky":false,"template":"","format":"standard","meta":{"_acf_changed":false,"_eb_attr":"","footnotes":""},"categories":[54],"tags":[84],"class_list":["post-6131","post","type-post","status-publish","format-standard","has-post-thumbnail","hentry","category-estamos-unidos","tag-remesas-migrantes"],"acf":[],"aioseo_notices":[],"aioseo_head":"\n\t\t<!-- All in One SEO Pro 4.9.6.2 - aioseo.com -->\n\t<meta name=\"description\" content=\"Luis von Ahn, creador de Duolingo, fue incluido en National Geographic 33 por su impacto global en la educaci\u00f3n de migrantes y refugiados. Conoce su historia.\" \/>\n\t<meta name=\"robots\" content=\"max-snippet:-1, max-image-preview:large, max-video-preview:-1\" \/>\n\t<meta name=\"author\" content=\"SoyMigrante.com REVISTA\"\/>\n\t<link rel=\"canonical\" href=\"https:\/\/soymigrante.com\/revista\/luis-von-ahn-national-geographic-33-guatemalteco-duolingo\/\" \/>\n\t<meta name=\"generator\" content=\"All in One SEO Pro (AIOSEO) 4.9.6.2\" \/>\n\n\t\t<link rel=\"preconnect\" href=\"https:\/\/fonts.googleapis.com\" crossorigin>\n<link rel=\"preconnect\" href=\"https:\/\/fonts.gstatic.com\" crossorigin>\n\t\t<meta property=\"og:locale\" content=\"es_ES\" \/>\n\t\t<meta property=\"og:site_name\" content=\"SoyMigrante.com REVISTA \u2013 Nuestra misi\u00f3n es reconocer y dignificar al migrante.\" \/>\n\t\t<meta property=\"og:type\" content=\"article\" \/>\n\t\t<meta property=\"og:title\" content=\"\u00bfC\u00f3mo lleg\u00f3 Luis von Ahn a la lista 33 de National Geographic?\" \/>\n\t\t<meta property=\"og:description\" content=\"Luis von Ahn, creador de Duolingo, fue incluido en National Geographic 33 por su impacto global en la educaci\u00f3n de migrantes y refugiados. Conoce su historia.\" \/>\n\t\t<meta property=\"og:url\" content=\"https:\/\/soymigrante.com\/revista\/luis-von-ahn-national-geographic-33-guatemalteco-duolingo\/\" \/>\n\t\t<meta property=\"og:image\" content=\"https:\/\/soymigrante.com\/revista\/wp-content\/uploads\/2026\/04\/Luis-von-Ahn-33-changemakers-National-Geographic-guatemalteco-migrante-lista.png\" \/>\n\t\t<meta property=\"og:image:secure_url\" content=\"https:\/\/soymigrante.com\/revista\/wp-content\/uploads\/2026\/04\/Luis-von-Ahn-33-changemakers-National-Geographic-guatemalteco-migrante-lista.png\" \/>\n\t\t<meta property=\"og:image:width\" content=\"1200\" \/>\n\t\t<meta property=\"og:image:height\" content=\"1200\" \/>\n\t\t<meta property=\"article:published_time\" content=\"2026-04-23T14:55:32+00:00\" \/>\n\t\t<meta property=\"article:modified_time\" content=\"2026-04-23T14:58:06+00:00\" \/>\n\t\t<meta property=\"article:publisher\" content=\"https:\/\/www.facebook.com\/soymigrantecom\" \/>\n\t\t<meta name=\"twitter:card\" content=\"summary_large_image\" \/>\n\t\t<meta name=\"twitter:site\" content=\"@SoyMigrante_com\" \/>\n\t\t<meta name=\"twitter:title\" content=\"\u00bfC\u00f3mo lleg\u00f3 Luis von Ahn a la lista 33 de National Geographic?\" \/>\n\t\t<meta name=\"twitter:description\" content=\"Luis von Ahn, creador de Duolingo, fue incluido en National Geographic 33 por su impacto global en la educaci\u00f3n de migrantes y refugiados. Conoce su historia.\" \/>\n\t\t<meta name=\"twitter:creator\" content=\"@SoyMigrante_com\" \/>\n\t\t<meta name=\"twitter:image\" content=\"https:\/\/soymigrante.com\/revista\/wp-content\/uploads\/2026\/04\/Luis-von-Ahn-33-changemakers-National-Geographic-guatemalteco-migrante-lista.png\" \/>\n\t\t<!-- All in One SEO Pro -->\r\n\t\t<title>\u00bfC\u00f3mo lleg\u00f3 Luis von Ahn a la lista 33 de National Geographic?<\/title>\n\n","aioseo_head_json":{"title":"\u00bfC\u00f3mo lleg\u00f3 Luis von Ahn a la lista 33 de National Geographic?","description":"Luis von Ahn, creador de Duolingo, fue incluido en National Geographic 33 por su impacto global en la educaci\u00f3n de migrantes y refugiados. Conoce su historia.","canonical_url":"https:\/\/soymigrante.com\/revista\/luis-von-ahn-national-geographic-33-guatemalteco-duolingo\/","robots":"max-snippet:-1, max-image-preview:large, max-video-preview:-1","keywords":"","webmasterTools":{"miscellaneous":"&lt;link rel=\"preconnect\" href=\"https:\/\/fonts.googleapis.com\" crossorigin&gt;\n&lt;link rel=\"preconnect\" href=\"https:\/\/fonts.gstatic.com\" crossorigin&gt;"},"schema":null,"og:locale":"es_ES","og:site_name":"SoyMigrante.com REVISTA \u2013 Nuestra misi\u00f3n es reconocer y dignificar al migrante.","og:type":"article","og:title":"\u00bfC\u00f3mo lleg\u00f3 Luis von Ahn a la lista 33 de National Geographic?","og:description":"Luis von Ahn, creador de Duolingo, fue incluido en National Geographic 33 por su impacto global en la educaci\u00f3n de migrantes y refugiados. Conoce su historia.","og:url":"https:\/\/soymigrante.com\/revista\/luis-von-ahn-national-geographic-33-guatemalteco-duolingo\/","og:image":"https:\/\/soymigrante.com\/revista\/wp-content\/uploads\/2026\/04\/Luis-von-Ahn-33-changemakers-National-Geographic-guatemalteco-migrante-lista.png","og:image:secure_url":"https:\/\/soymigrante.com\/revista\/wp-content\/uploads\/2026\/04\/Luis-von-Ahn-33-changemakers-National-Geographic-guatemalteco-migrante-lista.png","og:image:width":1200,"og:image:height":1200,"article:published_time":"2026-04-23T14:55:32+00:00","article:modified_time":"2026-04-23T14:58:06+00:00","article:publisher":"https:\/\/www.facebook.com\/soymigrantecom","twitter:card":"summary_large_image","twitter:site":"@SoyMigrante_com","twitter:title":"\u00bfC\u00f3mo lleg\u00f3 Luis von Ahn a la lista 33 de National Geographic?","twitter:description":"Luis von Ahn, creador de Duolingo, fue incluido en National Geographic 33 por su impacto global en la educaci\u00f3n de migrantes y refugiados. Conoce su historia.","twitter:creator":"@SoyMigrante_com","twitter:image":"https:\/\/soymigrante.com\/revista\/wp-content\/uploads\/2026\/04\/Luis-von-Ahn-33-changemakers-National-Geographic-guatemalteco-migrante-lista.png"},"aioseo_meta_data":{"post_id":"6131","title":null,"description":"La construcci\u00f3n de viviendas en el Occidente de Guatemala sigue creciendo gracias al esfuerzo de migrantes guatemaltecos en Estados Unidos.","keywords":null,"keyphrases":{"focus":{"keyphrase":"remesas","score":82,"analysis":{"keyphraseInTitle":{"score":9,"maxScore":9,"error":0},"keyphraseInDescription":{"score":3,"maxScore":9,"error":1},"keyphraseLength":{"score":9,"maxScore":9,"error":0,"length":1},"keyphraseInURL":{"score":5,"maxScore":5,"error":0},"keyphraseInIntroduction":{"score":9,"maxScore":9,"error":0},"keyphraseInSubHeadings":{"score":3,"maxScore":9,"error":1},"keyphraseInImageAlt":{"score":9,"maxScore":9,"error":0},"keywordDensity":{"type":"best","score":9,"maxScore":9,"error":0}}},"additional":[]},"primary_term":null,"canonical_url":null,"og_title":null,"og_description":null,"og_object_type":"default","og_image_type":"default","og_image_url":null,"og_image_width":null,"og_image_height":null,"og_image_custom_url":null,"og_image_custom_fields":null,"og_video":"","og_custom_url":null,"og_article_section":null,"og_article_tags":null,"twitter_use_og":false,"twitter_card":"default","twitter_image_type":"default","twitter_image_url":null,"twitter_image_custom_url":null,"twitter_image_custom_fields":null,"twitter_title":null,"twitter_description":null,"schema":{"blockGraphs":[],"customGraphs":[],"default":{"data":{"Article":[],"Course":[],"Dataset":[],"FAQPage":[],"Movie":[],"Person":[],"Product":[],"ProductReview":[],"Car":[],"Recipe":[],"Service":[],"SoftwareApplication":[],"WebPage":[]},"graphName":"BlogPosting","isEnabled":true},"graphs":[]},"schema_type":"default","schema_type_options":null,"pillar_content":false,"robots_default":true,"robots_noindex":false,"robots_noarchive":false,"robots_nosnippet":false,"robots_nofollow":false,"robots_noimageindex":false,"robots_noodp":false,"robots_notranslate":false,"robots_max_snippet":"-1","robots_max_videopreview":"-1","robots_max_imagepreview":"large","priority":null,"frequency":"default","local_seo":null,"seo_analyzer_scan_date":"2025-10-08 21:42:42","breadcrumb_settings":null,"limit_modified_date":false,"reviewed_by":null,"open_ai":"{\"title\":{\"suggestions\":[],\"usage\":0},\"description\":{\"suggestions\":[],\"usage\":0}}","ai":null,"created":"2024-04-24 02:34:36","updated":"2026-02-04 11:18:29"},"aioseo_breadcrumb":"<div class=\"aioseo-breadcrumbs\"><span class=\"aioseo-breadcrumb\">\n\t<a href=\"https:\/\/soymigrante.com\/revista\" title=\"Home\">Home<\/a>\n<\/span><span class=\"aioseo-breadcrumb-separator\">\u00bb<\/span><span class=\"aioseo-breadcrumb\">\n\t<a href=\"https:\/\/soymigrante.com\/revista\/category\/estamos-unidos\/\" title=\"Estamos Unidos\">Estamos Unidos<\/a>\n<\/span><span class=\"aioseo-breadcrumb-separator\">\u00bb<\/span><span class=\"aioseo-breadcrumb\">\n\tRemesas migrantes transforman  viviendas y pueblos del occidente guatemalteco\n<\/span><\/div>","aioseo_breadcrumb_json":[{"label":"Home","link":"https:\/\/soymigrante.com\/revista"},{"label":"Estamos Unidos","link":"https:\/\/soymigrante.com\/revista\/category\/estamos-unidos\/"},{"label":"Remesas migrantes transforman  viviendas y pueblos del occidente guatemalteco","link":"https:\/\/soymigrante.com\/revista\/arquitectura-de-remesas-vivienda-transformacion-migrants\/"}],"_links":{"self":[{"href":"https:\/\/soymigrante.com\/revista\/wp-json\/wp\/v2\/posts\/6131","targetHints":{"allow":["GET"]}}],"collection":[{"href":"https:\/\/soymigrante.com\/revista\/wp-json\/wp\/v2\/posts"}],"about":[{"href":"https:\/\/soymigrante.com\/revista\/wp-json\/wp\/v2\/types\/post"}],"author":[{"embeddable":true,"href":"https:\/\/soymigrante.com\/revista\/wp-json\/wp\/v2\/users\/14"}],"replies":[{"embeddable":true,"href":"https:\/\/soymigrante.com\/revista\/wp-json\/wp\/v2\/comments?post=6131"}],"version-history":[{"count":0,"href":"https:\/\/soymigrante.com\/revista\/wp-json\/wp\/v2\/posts\/6131\/revisions"}],"wp:featuredmedia":[{"embeddable":true,"href":"https:\/\/soymigrante.com\/revista\/wp-json\/wp\/v2\/media\/6132"}],"wp:attachment":[{"href":"https:\/\/soymigrante.com\/revista\/wp-json\/wp\/v2\/media?parent=6131"}],"wp:term":[{"taxonomy":"category","embeddable":true,"href":"https:\/\/soymigrante.com\/revista\/wp-json\/wp\/v2\/categories?post=6131"},{"taxonomy":"post_tag","embeddable":true,"href":"https:\/\/soymigrante.com\/revista\/wp-json\/wp\/v2\/tags?post=6131"}],"curies":[{"name":"wp","href":"https:\/\/api.w.org\/{rel}","templated":true}]}}