{"id":6083,"date":"2024-04-22T16:56:11","date_gmt":"2024-04-22T22:56:11","guid":{"rendered":"https:\/\/soymigrante.com\/revista\/?p=6083"},"modified":"2026-03-05T16:29:09","modified_gmt":"2026-03-05T22:29:09","slug":"cafe-zamora-florece-en-oregon-con-grano-migrante-de-santa-rosa-guatemala","status":"publish","type":"post","link":"https:\/\/soymigrante.com\/revista\/cafe-zamora-florece-en-oregon-con-grano-migrante-de-santa-rosa-guatemala\/","title":{"rendered":"Hector Mej\u00eda y caf\u00e9 Zamora llevan el sabor de Santa Rosa a \u00d3regon y m\u00e1s all\u00e1"},"content":{"rendered":"\t\t<div data-elementor-type=\"wp-post\" data-elementor-id=\"6083\" class=\"elementor elementor-6083\" data-elementor-post-type=\"post\">\n\t\t\t\t\t\t<section data-particle_enable=\"false\" data-particle-mobile-disabled=\"false\" class=\"elementor-section elementor-top-section elementor-element elementor-element-5498d5d elementor-section-boxed elementor-section-height-default elementor-section-height-default\" data-id=\"5498d5d\" data-element_type=\"section\" data-e-type=\"section\">\n\t\t\t\t\t\t<div class=\"elementor-container elementor-column-gap-default\">\n\t\t\t\t\t<div class=\"elementor-column elementor-col-100 elementor-top-column elementor-element elementor-element-460fb1d\" data-id=\"460fb1d\" data-element_type=\"column\" data-e-type=\"column\">\n\t\t\t<div class=\"elementor-widget-wrap elementor-element-populated\">\n\t\t\t\t\t\t<div class=\"elementor-element elementor-element-cbb5041 elementor-widget elementor-widget-heading\" data-id=\"cbb5041\" data-element_type=\"widget\" data-e-type=\"widget\" data-widget_type=\"heading.default\">\n\t\t\t\t\t<h2 class=\"elementor-heading-title elementor-size-default\"><span style=\"font-size: 31.2px\">A H\u00e9ctor Mej\u00eda Zamora le iba bien en su negocio cuando migr\u00f3 a Estados Unidos. Tard\u00f3 varios a\u00f1os en emprender su actual proyecto: un coffee shop en Portland, Oregon.  Dificultades, sue\u00f1os y avances se mezclan en su historia de \u00e9xito.<\/span><\/h2>\t\t\t\t<\/div>\n\t\t\t\t\t<\/div>\n\t\t<\/div>\n\t\t\t\t\t<\/div>\n\t\t<\/section>\n\t\t\t\t<section data-particle_enable=\"false\" data-particle-mobile-disabled=\"false\" class=\"elementor-section elementor-top-section elementor-element elementor-element-b34c270 elementor-section-boxed elementor-section-height-default elementor-section-height-default\" data-id=\"b34c270\" data-element_type=\"section\" data-e-type=\"section\">\n\t\t\t\t\t\t<div class=\"elementor-container elementor-column-gap-default\">\n\t\t\t\t\t<div class=\"elementor-column elementor-col-100 elementor-top-column elementor-element elementor-element-6a696c0\" data-id=\"6a696c0\" data-element_type=\"column\" data-e-type=\"column\">\n\t\t\t<div class=\"elementor-widget-wrap elementor-element-populated\">\n\t\t\t\t\t\t<div class=\"elementor-element elementor-element-73d19c9 elementor-widget elementor-widget-text-editor\" data-id=\"73d19c9\" data-element_type=\"widget\" data-e-type=\"widget\" data-widget_type=\"text-editor.default\">\n\t\t\t\t\t\t\t\t\t<p>El emprendedor santarrose\u00f1o H\u00e9ctor Mej\u00eda Zamora fund\u00f3 Zamora coffee shop en <a href=\"https:\/\/es.wikipedia.org\/wiki\/Portland\">Portland, Oreg\u00f3n<\/a> en 2019. Vende <a href=\"https:\/\/soymigrante.com\/revista\/cafe-de-guatemala-preguntas-y-respuestas\/\">caf\u00e9 <\/a>cultivado en el <a href=\"https:\/\/soymigrante.com\/revista\/departamentos-de-guatemala-santa-rosa-es-considerado-el-centro-de-las-americas\/\">departamento de Santa Rosa<\/a>, Guatemala, tostado, molido y preparado, al gusto del cliente. La pandemia 2020 fue un repentino alto que le puso a prueba. Pero no era su primera gran dificultad. De hecho a los 14 a\u00f1os perdi\u00f3 a su pap\u00e1 y comenz\u00f3 a trabajar en la venta de banano.<\/p><p>&#8220;Yo logr\u00e9 mi sue\u00f1o guatemalteco en Guatemala. Me iba bien, ten\u00eda buenas ventas, pero mi mam\u00e1 y hermanos estaban en Estados Unidos. Pude migrar legalmente pero iba otra vez a empezar de cero&#8221;, relata H\u00e9ctor quien hoy distribuye su marca de caf\u00e9 en tiendas de Oregon y lo env\u00eda a todo EE.UU. De hecho el caf\u00e9 guatemalteco s<a href=\"https:\/\/soymigrante.com\/revista\/migrante-retornado-cafe-de-guatemala-campesinos-momostenango\/\" target=\"_blank\" rel=\"noopener\">e abre puertas gracias a migrantes guatemaltecos.<\/a><\/p><p>Pero no pas\u00f3 de la noche a la ma\u00f1ana.\u00a0\u00a0<span style=\"color: var( --e-global-color-text );\">Esta es la historia de su camino de esfuerzo, nque tard\u00f3 casi cuatro a\u00f1os en empezar a producir (lo mismo que una mata de caf\u00e9 tarda en empezar a dar fruto).de<\/span><\/p>\t\t\t\t\t\t\t\t<\/div>\n\t\t\t\t\t<\/div>\n\t\t<\/div>\n\t\t\t\t\t<\/div>\n\t\t<\/section>\n\t\t\t\t<section data-particle_enable=\"false\" data-particle-mobile-disabled=\"false\" class=\"elementor-section elementor-top-section elementor-element elementor-element-5c7d358 elementor-section-boxed elementor-section-height-default elementor-section-height-default\" data-id=\"5c7d358\" data-element_type=\"section\" data-e-type=\"section\">\n\t\t\t\t\t\t<div class=\"elementor-container elementor-column-gap-default\">\n\t\t\t\t\t<div class=\"elementor-column elementor-col-100 elementor-top-column elementor-element elementor-element-5f3591b\" data-id=\"5f3591b\" data-element_type=\"column\" data-e-type=\"column\">\n\t\t\t<div class=\"elementor-widget-wrap elementor-element-populated\">\n\t\t\t\t\t\t<div class=\"elementor-element elementor-element-27d831e elementor-widget elementor-widget-image\" data-id=\"27d831e\" data-element_type=\"widget\" data-e-type=\"widget\" data-widget_type=\"image.default\">\n\t\t\t\t\t\t\t\t\t\t\t\t<figure class=\"wp-caption\">\n\t\t\t\t\t\t\t\t\t\t<img fetchpriority=\"high\" decoding=\"async\" width=\"1024\" height=\"1024\" src=\"https:\/\/soymigrante.com\/revista\/wp-content\/uploads\/2024\/04\/171864469_932846380865831_1308955885126543931_n-1024x1024.webp\" class=\"attachment-large size-large wp-image-6086\" alt=\"Guatemalan coffee beans from Santa Rosa, Guatemala with medium roast, high quality Arabica, promoting sustainable growth and fair trade, ideal for coffee lovers seeking rich flavor and cultural diversity.\" srcset=\"https:\/\/soymigrante.com\/revista\/wp-content\/uploads\/2024\/04\/171864469_932846380865831_1308955885126543931_n-1024x1024.webp 1024w, https:\/\/soymigrante.com\/revista\/wp-content\/uploads\/2024\/04\/171864469_932846380865831_1308955885126543931_n-300x300.webp 300w, https:\/\/soymigrante.com\/revista\/wp-content\/uploads\/2024\/04\/171864469_932846380865831_1308955885126543931_n-150x150.webp 150w, https:\/\/soymigrante.com\/revista\/wp-content\/uploads\/2024\/04\/171864469_932846380865831_1308955885126543931_n-768x768.webp 768w, https:\/\/soymigrante.com\/revista\/wp-content\/uploads\/2024\/04\/171864469_932846380865831_1308955885126543931_n-75x75.webp 75w, https:\/\/soymigrante.com\/revista\/wp-content\/uploads\/2024\/04\/171864469_932846380865831_1308955885126543931_n-750x750.webp 750w, https:\/\/soymigrante.com\/revista\/wp-content\/uploads\/2024\/04\/171864469_932846380865831_1308955885126543931_n-1140x1140.webp 1140w, https:\/\/soymigrante.com\/revista\/wp-content\/uploads\/2024\/04\/171864469_932846380865831_1308955885126543931_n-600x600.webp 600w, https:\/\/soymigrante.com\/revista\/wp-content\/uploads\/2024\/04\/171864469_932846380865831_1308955885126543931_n.webp 1440w\" sizes=\"(max-width: 1024px) 100vw, 1024px\" title=\"Caf\u00e9 Zamora se vende en presentaciones de una y dos libras, molido o en grano; tambi\u00e9n, si gusta puede disfrutarlo en la tienda fundada en 2019 por el guatemalteco H\u00e9ctor Zamora. (Foto Caf\u00e9 Zamora) \u2013 SoyMigrante.com REVISTA\" \/>\t\t\t\t\t\t\t\t\t\t\t<figcaption class=\"widget-image-caption wp-caption-text\">Caf\u00e9 arom\u00e1tico de Guatemala en empaque con dise\u00f1o colorido que muestra iconograf\u00eda de la cultura local y certifica su origen, ideal para consumidores que valoran caf\u00e9 de especialidad y comercio justo.<\/figcaption>\n\t\t\t\t\t\t\t\t\t\t<\/figure>\n\t\t\t\t\t\t\t\t\t<\/div>\n\t\t\t\t\t<\/div>\n\t\t<\/div>\n\t\t\t\t\t<\/div>\n\t\t<\/section>\n\t\t\t\t<section data-particle_enable=\"false\" data-particle-mobile-disabled=\"false\" class=\"elementor-section elementor-top-section elementor-element elementor-element-2d61c1a elementor-section-boxed elementor-section-height-default elementor-section-height-default\" data-id=\"2d61c1a\" data-element_type=\"section\" data-e-type=\"section\">\n\t\t\t\t\t\t<div class=\"elementor-container elementor-column-gap-default\">\n\t\t\t\t\t<div class=\"elementor-column elementor-col-100 elementor-top-column elementor-element elementor-element-444f793\" data-id=\"444f793\" data-element_type=\"column\" data-e-type=\"column\">\n\t\t\t<div class=\"elementor-widget-wrap elementor-element-populated\">\n\t\t\t\t\t\t<div class=\"elementor-element elementor-element-bebf114 elementor-widget elementor-widget-text-editor\" data-id=\"bebf114\" data-element_type=\"widget\" data-e-type=\"widget\" data-widget_type=\"text-editor.default\">\n\t\t\t\t\t\t\t\t\t<p>&#8220;Caf\u00e9 Zamora lleva cinco a\u00f1os, pero empez\u00f3 con un sue\u00f1o hace\u00a0 15, porque originalmente mi pap\u00e1 era el que \u00e9l ten\u00eda la ilusi\u00f3n de eliminar el intermediario entre caficultores y tostadores, para que los cultivadores tuvieran mejores ingresos. <a href=\"https:\/\/soymigrante.com\/revista\/como-mantener-serenidad-en-la-adversidad-estrategias-clave\/\">Mi pap\u00e1 muri\u00f3<\/a> cuando yo ten\u00eda 14 a\u00f1os, entonces ese sue\u00f1o se qued\u00f3 guardado un rato en ba\u00fal&#8221;, cuenta H\u00e9ctor Mej\u00eda Zamora, emprendedor y migrante radicado en Portland, Oregon..<\/p><p>&#8220;Mi intenci\u00f3n, antes de que \u00e9l falleciera no era tanto de involucrarme en el caf\u00e9. Pero ya despu\u00e9s de que \u00e9l muri\u00f3 pues tuve que madurar m\u00e1s r\u00e1pido y me met\u00ed a la comercializaci\u00f3n de banano, que tambi\u00e9n se produce en municipios de Santa Rosa, donde nac\u00ed&#8221;.<\/p><p>&#8220;Yo le digo a la gente que pude vivir el sue\u00f1o guatemalteco porque empec\u00e9 mi emprendimiento de bananos con 300 quetzales, pero al cabo de mi primer a\u00f1o estaba vendiendo unos 120 mil quetzales al mes&#8221;<\/p>\t\t\t\t\t\t\t\t<\/div>\n\t\t\t\t\t<\/div>\n\t\t<\/div>\n\t\t\t\t\t<\/div>\n\t\t<\/section>\n\t\t\t\t<section data-particle_enable=\"false\" data-particle-mobile-disabled=\"false\" class=\"elementor-section elementor-top-section elementor-element elementor-element-bdcd5f7 elementor-section-boxed elementor-section-height-default elementor-section-height-default\" data-id=\"bdcd5f7\" data-element_type=\"section\" data-e-type=\"section\">\n\t\t\t\t\t\t<div class=\"elementor-container elementor-column-gap-default\">\n\t\t\t\t\t<div class=\"elementor-column elementor-col-100 elementor-top-column elementor-element elementor-element-ad97f87\" data-id=\"ad97f87\" data-element_type=\"column\" data-e-type=\"column\">\n\t\t\t<div class=\"elementor-widget-wrap elementor-element-populated\">\n\t\t\t\t\t\t<div class=\"elementor-element elementor-element-da37cfd elementor-widget elementor-widget-heading\" data-id=\"da37cfd\" data-element_type=\"widget\" data-e-type=\"widget\" data-widget_type=\"heading.default\">\n\t\t\t\t\t<h3 class=\"elementor-heading-title elementor-size-default\"><span style=\"font-size: 24.96px\">\u00bfQu\u00e9 le llev\u00f3 a migrar a EE.UU.?<\/span><\/h3>\t\t\t\t<\/div>\n\t\t\t\t\t<\/div>\n\t\t<\/div>\n\t\t\t\t\t<\/div>\n\t\t<\/section>\n\t\t\t\t<section data-particle_enable=\"false\" data-particle-mobile-disabled=\"false\" class=\"elementor-section elementor-top-section elementor-element elementor-element-9496188 elementor-section-boxed elementor-section-height-default elementor-section-height-default\" data-id=\"9496188\" data-element_type=\"section\" data-e-type=\"section\">\n\t\t\t\t\t\t<div class=\"elementor-container elementor-column-gap-default\">\n\t\t\t\t\t<div class=\"elementor-column elementor-col-100 elementor-top-column elementor-element elementor-element-5876912\" data-id=\"5876912\" data-element_type=\"column\" data-e-type=\"column\">\n\t\t\t<div class=\"elementor-widget-wrap elementor-element-populated\">\n\t\t\t\t\t\t<div class=\"elementor-element elementor-element-975acd7 elementor-widget elementor-widget-text-editor\" data-id=\"975acd7\" data-element_type=\"widget\" data-e-type=\"widget\" data-widget_type=\"text-editor.default\">\n\t\t\t\t\t\t\t\t\t<p>Mis pap\u00e1s llegaron aqu\u00ed por el Conflicto Armado Interno de Guatemala en los a\u00f1os 1980. Yo no hab\u00eda nacido. En la d\u00e9cada 1990 regresaron a Guatemala. Naci en Cuilapa, <a href=\"https:\/\/soymigrante.com\/revista\/departamentos-de-guatemala-santa-rosa-es-considerado-el-centro-de-las-americas\/\">Santa Rosa,<\/a> pero crec\u00ed en Santa Cruz Naranjo, caminando entre cafetales. Pod\u00eda correr libremente en las calles, ir en bicicleta a todos lados, nadar en los r\u00edos.\u00a0<\/p><p>Era linda esa vida de pueblo.\u00a0<span style=\"color: var( --e-global-color-text );\">Por eso mi ilusi\u00f3n es poder\u00a0 generar esa experiencia que tuve:\u00a0 la forma en la que la gente trabaja; todo es a la palabra, pero se cumple; ayudarse unos a otros y por eso quiero trabajar por mi comunidad.<\/span><\/p>\t\t\t\t\t\t\t\t<\/div>\n\t\t\t\t\t<\/div>\n\t\t<\/div>\n\t\t\t\t\t<\/div>\n\t\t<\/section>\n\t\t\t\t<section data-particle_enable=\"false\" data-particle-mobile-disabled=\"false\" class=\"elementor-section elementor-top-section elementor-element elementor-element-a8cc702 elementor-section-boxed elementor-section-height-default elementor-section-height-default\" data-id=\"a8cc702\" data-element_type=\"section\" data-e-type=\"section\">\n\t\t\t\t\t\t<div class=\"elementor-container elementor-column-gap-default\">\n\t\t\t\t\t<div class=\"elementor-column elementor-col-100 elementor-top-column elementor-element elementor-element-a30b6b6\" data-id=\"a30b6b6\" data-element_type=\"column\" data-e-type=\"column\">\n\t\t\t<div class=\"elementor-widget-wrap elementor-element-populated\">\n\t\t\t\t\t\t<div class=\"elementor-element elementor-element-8c185fd elementor-widget elementor-widget-heading\" data-id=\"8c185fd\" data-element_type=\"widget\" data-e-type=\"widget\" data-widget_type=\"heading.default\">\n\t\t\t\t\t<h3 class=\"elementor-heading-title elementor-size-default\">\u00bfC\u00f3mo falleci\u00f3 tu pap\u00e1?<\/h3>\t\t\t\t<\/div>\n\t\t\t\t\t<\/div>\n\t\t<\/div>\n\t\t\t\t\t<\/div>\n\t\t<\/section>\n\t\t\t\t<section data-particle_enable=\"false\" data-particle-mobile-disabled=\"false\" class=\"elementor-section elementor-top-section elementor-element elementor-element-8df93c0 elementor-section-boxed elementor-section-height-default elementor-section-height-default\" data-id=\"8df93c0\" data-element_type=\"section\" data-e-type=\"section\">\n\t\t\t\t\t\t<div class=\"elementor-container elementor-column-gap-default\">\n\t\t\t\t\t<div class=\"elementor-column elementor-col-100 elementor-top-column elementor-element elementor-element-2783ce5\" data-id=\"2783ce5\" data-element_type=\"column\" data-e-type=\"column\">\n\t\t\t<div class=\"elementor-widget-wrap elementor-element-populated\">\n\t\t\t\t\t\t<div class=\"elementor-element elementor-element-c613c86 elementor-widget elementor-widget-text-editor\" data-id=\"c613c86\" data-element_type=\"widget\" data-e-type=\"widget\" data-widget_type=\"text-editor.default\">\n\t\t\t\t\t\t\t\t\t<p>Mi pap\u00e1 se llam\u00f3 Clodomiro Mej\u00eda y mi mam\u00e1 se llama Hermelinda Zamora. \u00c9l falleci\u00f3 por un c\u00e1ncer, fue un proceso largo. Ten\u00eda 42 a\u00f1os cuando empez\u00f3 con quimioterapias, le debilitaron bastante.\u00a0<\/p><p>El problema fue que en medio del proceso de las quimioterapias, la ves\u00edcula se le inflam\u00f3 y no se la pudieron extipar a tiempo, porque estaba muy d\u00e9bil. Fueron tres meses que fueron bastanteduros y de mucho dolor para \u00e9l.<\/p><div><span style=\"color: var( --e-global-color-text );\">\u00a0<\/span><\/div>\t\t\t\t\t\t\t\t<\/div>\n\t\t\t\t\t<\/div>\n\t\t<\/div>\n\t\t\t\t\t<\/div>\n\t\t<\/section>\n\t\t\t\t<section data-particle_enable=\"false\" data-particle-mobile-disabled=\"false\" class=\"elementor-section elementor-top-section elementor-element elementor-element-5ccbc6f elementor-section-boxed elementor-section-height-default elementor-section-height-default\" data-id=\"5ccbc6f\" data-element_type=\"section\" data-e-type=\"section\">\n\t\t\t\t\t\t<div class=\"elementor-container elementor-column-gap-default\">\n\t\t\t\t\t<div class=\"elementor-column elementor-col-100 elementor-top-column elementor-element elementor-element-9623108\" data-id=\"9623108\" data-element_type=\"column\" data-e-type=\"column\">\n\t\t\t<div class=\"elementor-widget-wrap elementor-element-populated\">\n\t\t\t\t\t\t<div class=\"elementor-element elementor-element-32cdf47 elementor-widget elementor-widget-image\" data-id=\"32cdf47\" data-element_type=\"widget\" data-e-type=\"widget\" data-widget_type=\"image.default\">\n\t\t\t\t\t\t\t\t\t\t\t\t<figure class=\"wp-caption\">\n\t\t\t\t\t\t\t\t\t\t<img decoding=\"async\" width=\"1024\" height=\"1024\" src=\"https:\/\/soymigrante.com\/revista\/wp-content\/uploads\/2024\/04\/SU-PAPA-YA-FALLECIDO-1024x1024.webp\" class=\"attachment-large size-large wp-image-6087\" alt=\"Paisano con sombrero y camiseta roja en campo abierto, disfrutando del entorno rural, en una imagen que transmite estilo de vida campesino y ra\u00edces mexicanas, en l\u00ednea con temas de migraci\u00f3n y cultura mexicana.\" srcset=\"https:\/\/soymigrante.com\/revista\/wp-content\/uploads\/2024\/04\/SU-PAPA-YA-FALLECIDO-1024x1024.webp 1024w, https:\/\/soymigrante.com\/revista\/wp-content\/uploads\/2024\/04\/SU-PAPA-YA-FALLECIDO-300x300.webp 300w, https:\/\/soymigrante.com\/revista\/wp-content\/uploads\/2024\/04\/SU-PAPA-YA-FALLECIDO-150x150.webp 150w, https:\/\/soymigrante.com\/revista\/wp-content\/uploads\/2024\/04\/SU-PAPA-YA-FALLECIDO-768x768.webp 768w, https:\/\/soymigrante.com\/revista\/wp-content\/uploads\/2024\/04\/SU-PAPA-YA-FALLECIDO-75x75.webp 75w, https:\/\/soymigrante.com\/revista\/wp-content\/uploads\/2024\/04\/SU-PAPA-YA-FALLECIDO-750x750.webp 750w, https:\/\/soymigrante.com\/revista\/wp-content\/uploads\/2024\/04\/SU-PAPA-YA-FALLECIDO-600x600.webp 600w, https:\/\/soymigrante.com\/revista\/wp-content\/uploads\/2024\/04\/SU-PAPA-YA-FALLECIDO.webp 1080w\" sizes=\"(max-width: 1024px) 100vw, 1024px\" title=\"Clodomiro Mej\u00eda, en vida, padre del migrante H\u00e9ctor Mej\u00eda Zamora. Se convirti\u00f3 en su gran inspiraci\u00f3n porque deseaba crear mejores condiciones para la compra y distribuci\u00f3n de caf\u00e9 a peque\u00f1os productores de Santa Rosa. H\u00e9ctor se ha encargado de hacer realidad aquel sue\u00f1o. (Foto \u00e1lbum de H\u00e9ctor Mej\u00eda) \u2013 SoyMigrante.com REVISTA\" \/>\t\t\t\t\t\t\t\t\t\t\t<figcaption class=\"widget-image-caption wp-caption-text\">SoyMigrante.com REVISTA, fotograf\u00eda de un hombre con sombrero en un entorno rural mexicano, representando migraci\u00f3n, cultura y vida en el campo en M\u00e9xico, ideal para art\u00edculos sobre migrantes, tradiciones mexicanas y experiencias rurales.<\/figcaption>\n\t\t\t\t\t\t\t\t\t\t<\/figure>\n\t\t\t\t\t\t\t\t\t<\/div>\n\t\t\t\t\t<\/div>\n\t\t<\/div>\n\t\t\t\t\t<\/div>\n\t\t<\/section>\n\t\t\t\t<section data-particle_enable=\"false\" data-particle-mobile-disabled=\"false\" class=\"elementor-section elementor-top-section elementor-element elementor-element-6a3b47f elementor-section-boxed elementor-section-height-default elementor-section-height-default\" data-id=\"6a3b47f\" data-element_type=\"section\" data-e-type=\"section\">\n\t\t\t\t\t\t<div class=\"elementor-container elementor-column-gap-default\">\n\t\t\t\t\t<div class=\"elementor-column elementor-col-100 elementor-top-column elementor-element elementor-element-f3ddf74\" data-id=\"f3ddf74\" data-element_type=\"column\" data-e-type=\"column\">\n\t\t\t<div class=\"elementor-widget-wrap elementor-element-populated\">\n\t\t\t\t\t\t<div class=\"elementor-element elementor-element-bdbd9ac elementor-widget elementor-widget-heading\" data-id=\"bdbd9ac\" data-element_type=\"widget\" data-e-type=\"widget\" data-widget_type=\"heading.default\">\n\t\t\t\t\t<h3 class=\"elementor-heading-title elementor-size-default\">\u00a1Cu\u00e1nto lo siento! \u00bfY cu\u00e1ndo se produce tu migraci\u00f3n a EE.UU?<\/h3>\t\t\t\t<\/div>\n\t\t\t\t\t<\/div>\n\t\t<\/div>\n\t\t\t\t\t<\/div>\n\t\t<\/section>\n\t\t\t\t<section data-particle_enable=\"false\" data-particle-mobile-disabled=\"false\" class=\"elementor-section elementor-top-section elementor-element elementor-element-0ce2e31 elementor-section-boxed elementor-section-height-default elementor-section-height-default\" data-id=\"0ce2e31\" data-element_type=\"section\" data-e-type=\"section\">\n\t\t\t\t\t\t<div class=\"elementor-container elementor-column-gap-default\">\n\t\t\t\t\t<div class=\"elementor-column elementor-col-100 elementor-top-column elementor-element elementor-element-2f287af\" data-id=\"2f287af\" data-element_type=\"column\" data-e-type=\"column\">\n\t\t\t<div class=\"elementor-widget-wrap elementor-element-populated\">\n\t\t\t\t\t\t<div class=\"elementor-element elementor-element-e9ef8d0 elementor-widget elementor-widget-text-editor\" data-id=\"e9ef8d0\" data-element_type=\"widget\" data-e-type=\"widget\" data-widget_type=\"text-editor.default\">\n\t\t\t\t\t\t\t\t\t<p><span style=\"color: var( --e-global-color-text );\">Seis a\u00f1os despu\u00e9s. Al fallecer mi mam\u00e1, mi hermano mayor empez\u00f3 los tr\u00e1mites en EE.UU. para solicitar a mi mam\u00e1. Cuando ella tuvo su residencia, empez\u00f3 el tr\u00e1mite para pedirme a m\u00ed, pues a\u00fan era menor de edad. Pasaron 4 a\u00f1os m\u00e1s para se me diera a la residencia. Empec\u00e9 un negocio con Q300 y al primer a\u00f1o vend\u00eda Q120 mil por mes. Me iba bien.<\/span><\/p>\t\t\t\t\t\t\t\t<\/div>\n\t\t\t\t\t<\/div>\n\t\t<\/div>\n\t\t\t\t\t<\/div>\n\t\t<\/section>\n\t\t\t\t<section data-particle_enable=\"false\" data-particle-mobile-disabled=\"false\" class=\"elementor-section elementor-top-section elementor-element elementor-element-9f8289f elementor-section-boxed elementor-section-height-default elementor-section-height-default\" data-id=\"9f8289f\" data-element_type=\"section\" data-e-type=\"section\">\n\t\t\t\t\t\t<div class=\"elementor-container elementor-column-gap-default\">\n\t\t\t\t\t<div class=\"elementor-column elementor-col-100 elementor-top-column elementor-element elementor-element-cc79499\" data-id=\"cc79499\" data-element_type=\"column\" data-e-type=\"column\">\n\t\t\t<div class=\"elementor-widget-wrap elementor-element-populated\">\n\t\t\t\t\t\t<div class=\"elementor-element elementor-element-1316820 elementor-widget elementor-widget-heading\" data-id=\"1316820\" data-element_type=\"widget\" data-e-type=\"widget\" data-widget_type=\"heading.default\">\n\t\t\t\t\t<h3 class=\"elementor-heading-title elementor-size-default\">\u00bfRecuerdas H\u00e9ctor c\u00f3mo fueron esos primeros d\u00edas en Estados Unidos?<\/h3>\t\t\t\t<\/div>\n\t\t\t\t\t<\/div>\n\t\t<\/div>\n\t\t\t\t\t<\/div>\n\t\t<\/section>\n\t\t\t\t<section data-particle_enable=\"false\" data-particle-mobile-disabled=\"false\" class=\"elementor-section elementor-top-section elementor-element elementor-element-acd23c9 elementor-section-boxed elementor-section-height-default elementor-section-height-default\" data-id=\"acd23c9\" data-element_type=\"section\" data-e-type=\"section\">\n\t\t\t\t\t\t<div class=\"elementor-container elementor-column-gap-default\">\n\t\t\t\t\t<div class=\"elementor-column elementor-col-100 elementor-top-column elementor-element elementor-element-8959236\" data-id=\"8959236\" data-element_type=\"column\" data-e-type=\"column\">\n\t\t\t<div class=\"elementor-widget-wrap elementor-element-populated\">\n\t\t\t\t\t\t<div class=\"elementor-element elementor-element-2ac8107 elementor-widget elementor-widget-text-editor\" data-id=\"2ac8107\" data-element_type=\"widget\" data-e-type=\"widget\" data-widget_type=\"text-editor.default\">\n\t\t\t\t\t\t\t\t\t<p>S\u00ed. Fue un shock. Yo no me quer\u00eda venir para este pa\u00eds, porque yo ya estaba viviendo el sue\u00f1o guatemalteco con el negocio que ten\u00eda. Pero estaba al rev\u00e9s: yo era como &#8220;migrante&#8221; en mi propio pa\u00eds porque mi madre y hermanos estaban en USA.<\/p><p>Ten\u00eda \u00e9xito que me hac\u00eda preguntar a qu\u00e9 pod\u00eda venir a EE.UU. Deb\u00eda dejarlo todo. No sab\u00eda ingl\u00e9s, nunca le hab\u00eda puesto importancia.\u00a0 Y al llegar sent\u00ed que no ten\u00eda lugar aqu\u00ed, que era un error haberme venido.\u00a0\u00a0<\/p>\t\t\t\t\t\t\t\t<\/div>\n\t\t\t\t\t<\/div>\n\t\t<\/div>\n\t\t\t\t\t<\/div>\n\t\t<\/section>\n\t\t\t\t<section data-particle_enable=\"false\" data-particle-mobile-disabled=\"false\" class=\"elementor-section elementor-top-section elementor-element elementor-element-f2fcda6 elementor-section-boxed elementor-section-height-default elementor-section-height-default\" data-id=\"f2fcda6\" data-element_type=\"section\" data-e-type=\"section\">\n\t\t\t\t\t\t<div class=\"elementor-container elementor-column-gap-default\">\n\t\t\t\t\t<div class=\"elementor-column elementor-col-100 elementor-top-column elementor-element elementor-element-d1940d0\" data-id=\"d1940d0\" data-element_type=\"column\" data-e-type=\"column\">\n\t\t\t<div class=\"elementor-widget-wrap elementor-element-populated\">\n\t\t\t\t\t\t<div class=\"elementor-element elementor-element-9c3abfa elementor-widget elementor-widget-image\" data-id=\"9c3abfa\" data-element_type=\"widget\" data-e-type=\"widget\" data-widget_type=\"image.default\">\n\t\t\t\t\t\t\t\t\t\t\t\t<figure class=\"wp-caption\">\n\t\t\t\t\t\t\t\t\t\t<img decoding=\"async\" width=\"922\" height=\"755\" src=\"https:\/\/soymigrante.com\/revista\/wp-content\/uploads\/2024\/04\/Captura-de-pantalla-2024-03-19-100238.webp\" class=\"attachment-large size-large wp-image-6088\" alt=\"Bananero joven trabajando en la agricultura de pl\u00e1tanos en un entorno tropical.\" srcset=\"https:\/\/soymigrante.com\/revista\/wp-content\/uploads\/2024\/04\/Captura-de-pantalla-2024-03-19-100238.webp 922w, https:\/\/soymigrante.com\/revista\/wp-content\/uploads\/2024\/04\/Captura-de-pantalla-2024-03-19-100238-300x246.webp 300w, https:\/\/soymigrante.com\/revista\/wp-content\/uploads\/2024\/04\/Captura-de-pantalla-2024-03-19-100238-768x629.webp 768w, https:\/\/soymigrante.com\/revista\/wp-content\/uploads\/2024\/04\/Captura-de-pantalla-2024-03-19-100238-750x614.webp 750w\" sizes=\"(max-width: 922px) 100vw, 922px\" title=\"A los 14 a\u00f1os, H\u00e9ctor Zamora empez\u00f3 a vender bananos. Inici\u00f3 con Q300 y al a\u00f1o sus ventas se hab\u00edan multiplicado. Tiempo despu\u00e9s lleg\u00f3 la opci\u00f3n de migrar a EE.UU., pero deb\u00eda dejar ese primer gran \u00e9xito atr\u00e1s. \u2013 SoyMigrante.com REVISTA\" \/>\t\t\t\t\t\t\t\t\t\t\t<figcaption class=\"widget-image-caption wp-caption-text\">Mano joven en un \u00e1rbol de pl\u00e1tanos con un cami\u00f3n cargado en un entorno natural.<\/figcaption>\n\t\t\t\t\t\t\t\t\t\t<\/figure>\n\t\t\t\t\t\t\t\t\t<\/div>\n\t\t\t\t\t<\/div>\n\t\t<\/div>\n\t\t\t\t\t<\/div>\n\t\t<\/section>\n\t\t\t\t<section data-particle_enable=\"false\" data-particle-mobile-disabled=\"false\" class=\"elementor-section elementor-top-section elementor-element elementor-element-dc9f3f4 elementor-section-boxed elementor-section-height-default elementor-section-height-default\" data-id=\"dc9f3f4\" data-element_type=\"section\" data-e-type=\"section\">\n\t\t\t\t\t\t<div class=\"elementor-container elementor-column-gap-default\">\n\t\t\t\t\t<div class=\"elementor-column elementor-col-100 elementor-top-column elementor-element elementor-element-ead7107\" data-id=\"ead7107\" data-element_type=\"column\" data-e-type=\"column\">\n\t\t\t<div class=\"elementor-widget-wrap elementor-element-populated\">\n\t\t\t\t\t\t<div class=\"elementor-element elementor-element-0ad8f89 elementor-widget elementor-widget-heading\" data-id=\"0ad8f89\" data-element_type=\"widget\" data-e-type=\"widget\" data-widget_type=\"heading.default\">\n\t\t\t\t\t<h3 class=\"elementor-heading-title elementor-size-default\">\u00bfY qu\u00e9 negocio fue ese que iniciaste con Q300? <\/h3>\t\t\t\t<\/div>\n\t\t\t\t\t<\/div>\n\t\t<\/div>\n\t\t\t\t\t<\/div>\n\t\t<\/section>\n\t\t\t\t<section data-particle_enable=\"false\" data-particle-mobile-disabled=\"false\" class=\"elementor-section elementor-top-section elementor-element elementor-element-24fe71b elementor-section-boxed elementor-section-height-default elementor-section-height-default\" data-id=\"24fe71b\" data-element_type=\"section\" data-e-type=\"section\">\n\t\t\t\t\t\t<div class=\"elementor-container elementor-column-gap-default\">\n\t\t\t\t\t<div class=\"elementor-column elementor-col-100 elementor-top-column elementor-element elementor-element-83f1956\" data-id=\"83f1956\" data-element_type=\"column\" data-e-type=\"column\">\n\t\t\t<div class=\"elementor-widget-wrap elementor-element-populated\">\n\t\t\t\t\t\t<div class=\"elementor-element elementor-element-09850f9 elementor-widget elementor-widget-text-editor\" data-id=\"09850f9\" data-element_type=\"widget\" data-e-type=\"widget\" data-widget_type=\"text-editor.default\">\n\t\t\t\t\t\t\t\t\t<p>Mi pap\u00e1 comercializaba banano. Tambi\u00e9n lo cultivaba. Las plantas le daban sombra al caf\u00e9, que era un ingreso extra.\u00a0<span style=\"color: var( --e-global-color-text );\">Cuando fallece mi pap\u00e1, yo no sab\u00eda bien c\u00f3mo vender en el mercado de La Terminal, pero compr\u00e9 Q300 de banano y otra parte a cr\u00e9dito. Ech\u00e9 18 quintales al picop de pap\u00e1. No sab\u00eda qui\u00e9n me lo iba a comprar.\u00a0<\/span><\/p><p>Cuando llegu\u00e9, un se\u00f1or pens\u00f3 que yo era un proveedor que estaba esperando. Yo le aclar\u00e9 que no era esa persona pero igual me dijo: &#8220;D\u00e9jelo: necesitamos el producto&#8221; y me pag\u00f3 de contado.\u00a0<span style=\"color: var( --e-global-color-text );\">Esa vez gan\u00e9 Q300 extra, pagu\u00e9 lo que deb\u00eda, compr\u00e9 otra carga\u00a0 y a la otra me quedaron Q600 de ganancia.\u00a0<\/span><\/p><p>Pero no fue suerte, fue tambi\u00e9n respeto. Mi comprador era ind\u00edgena, pero yo lo v\u00ed como cliente y socio de negocios. Entonces me d\u00ed cuenta que l<span style=\"color: var( --e-global-color-text );\">amentablemente existe gente que discrimina.\u00a0 Pero yo lo trat\u00e9 como igual, como debe ser: con respeto. Y por eso me hicieron parte de su comunidad de negocios.\u00a0<\/span><\/p><p><span style=\"color: var( --e-global-color-text );\">Ellos mismos me abrieron m\u00e1s puertas en la Terminal y en la Central de Mayoreo, Cenma. Me presentaban a otras personas y le dec\u00edan. &#8220;Te presento a H\u00e9ctor, este patojo es honesto, trabaja y es respetuoso. EStamos trabajando con \u00e9l, te lo recomendamos. Es cumplido y tiene palabra&#8221;\u00a0<\/span><\/p><p>Y con eso fui creciendo. Al final del a\u00f1o vend\u00eda Q120 mil por mes.<\/p><div>\u00a0<\/div>\t\t\t\t\t\t\t\t<\/div>\n\t\t\t\t\t<\/div>\n\t\t<\/div>\n\t\t\t\t\t<\/div>\n\t\t<\/section>\n\t\t\t\t<section data-particle_enable=\"false\" data-particle-mobile-disabled=\"false\" class=\"elementor-section elementor-top-section elementor-element elementor-element-f482b6f elementor-section-boxed elementor-section-height-default elementor-section-height-default\" data-id=\"f482b6f\" data-element_type=\"section\" data-e-type=\"section\">\n\t\t\t\t\t\t<div class=\"elementor-container elementor-column-gap-default\">\n\t\t\t\t\t<div class=\"elementor-column elementor-col-100 elementor-top-column elementor-element elementor-element-2255be9\" data-id=\"2255be9\" data-element_type=\"column\" data-e-type=\"column\">\n\t\t\t<div class=\"elementor-widget-wrap elementor-element-populated\">\n\t\t\t\t\t\t<div class=\"elementor-element elementor-element-77b816a elementor-widget elementor-widget-heading\" data-id=\"77b816a\" data-element_type=\"widget\" data-e-type=\"widget\" data-widget_type=\"heading.default\">\n\t\t\t\t\t<h3 class=\"elementor-heading-title elementor-size-default\">\u00bfC\u00f3mo superaste el cambio?<\/h3>\t\t\t\t<\/div>\n\t\t\t\t\t<\/div>\n\t\t<\/div>\n\t\t\t\t\t<\/div>\n\t\t<\/section>\n\t\t\t\t<section data-particle_enable=\"false\" data-particle-mobile-disabled=\"false\" class=\"elementor-section elementor-top-section elementor-element elementor-element-1d58dd2 elementor-section-boxed elementor-section-height-default elementor-section-height-default\" data-id=\"1d58dd2\" data-element_type=\"section\" data-e-type=\"section\">\n\t\t\t\t\t\t<div class=\"elementor-container elementor-column-gap-default\">\n\t\t\t\t\t<div class=\"elementor-column elementor-col-100 elementor-top-column elementor-element elementor-element-c537729\" data-id=\"c537729\" data-element_type=\"column\" data-e-type=\"column\">\n\t\t\t<div class=\"elementor-widget-wrap elementor-element-populated\">\n\t\t\t\t\t\t<div class=\"elementor-element elementor-element-d02910c elementor-widget elementor-widget-text-editor\" data-id=\"d02910c\" data-element_type=\"widget\" data-e-type=\"widget\" data-widget_type=\"text-editor.default\">\n\t\t\t\t\t\t\t\t\t<p><span style=\"color: var( --e-global-color-text );\">En EE.UU. me sent\u00eda un poquito perdido, pero reflexion\u00e9. Estaba siendo pr\u00e1cticamente un mal agradecido. Muchas personas se quieren venir ac\u00e1 y dejan todo, arriesgan todo. Y yo ten\u00eda papeles, ten\u00eda mi familia ac\u00e1, ten\u00eda un lugar donde vivir&#8230;<\/span><\/p><p><a href=\"https:\/\/soymigrante.com\/revista\/migrante-idioma-ingles-aprendizaje-claves-reto-oportunidad\/\">Comenc\u00e9 a aprender ingl\u00e9s en serio, <\/a>a involucrarme en la cultura local. Descubr\u00ed que Portland, Oregon es uno de los mejores mercados para caf\u00e9 de calidad. Empec\u00e9 a aprender m\u00e1s sobre la cultura del caf\u00e9; supe lo que mi pap\u00e1 estaba tratando de hacer: impulsar el caf\u00e9 de Santa Rosa en EE.UU. sin intermediarios, para apoyar a los caficultores.\u00a0\u00a0<\/p>\t\t\t\t\t\t\t\t<\/div>\n\t\t\t\t\t<\/div>\n\t\t<\/div>\n\t\t\t\t\t<\/div>\n\t\t<\/section>\n\t\t<div data-particle_enable=\"false\" data-particle-mobile-disabled=\"false\" class=\"elementor-element elementor-element-f06b384 e-flex e-con-boxed e-con e-parent\" data-id=\"f06b384\" data-element_type=\"container\" data-e-type=\"container\">\n\t\t\t\t\t<div class=\"e-con-inner\">\n\t\t\t\t<div class=\"elementor-element elementor-element-a7cd5a4 elementor-widget elementor-widget-html\" data-id=\"a7cd5a4\" data-element_type=\"widget\" data-e-type=\"widget\" data-widget_type=\"html.default\">\n\t\t\t\t\t<iframe width=\"560\" height=\"415\" src=\"https:\/\/www.youtube.com\/embed\/xXYZf8pQ_JA?si=Lor4_2Tzbd1lXC4d\" title=\"YouTube video player\" frameborder=\"0\" allow=\"accelerometer; autoplay; clipboard-write; encrypted-media; gyroscope; picture-in-picture; web-share\" referrerpolicy=\"strict-origin-when-cross-origin\" allowfullscreen><\/iframe>\t\t\t\t<\/div>\n\t\t\t\t\t<\/div>\n\t\t\t\t<\/div>\n\t\t\t\t<section data-particle_enable=\"false\" data-particle-mobile-disabled=\"false\" class=\"elementor-section elementor-top-section elementor-element elementor-element-7f37094 elementor-section-boxed elementor-section-height-default elementor-section-height-default\" data-id=\"7f37094\" data-element_type=\"section\" data-e-type=\"section\">\n\t\t\t\t\t\t<div class=\"elementor-container elementor-column-gap-default\">\n\t\t\t\t\t<div class=\"elementor-column elementor-col-100 elementor-top-column elementor-element elementor-element-890ed7e\" data-id=\"890ed7e\" data-element_type=\"column\" data-e-type=\"column\">\n\t\t\t<div class=\"elementor-widget-wrap elementor-element-populated\">\n\t\t\t\t\t\t<div class=\"elementor-element elementor-element-6872edf elementor-widget elementor-widget-heading\" data-id=\"6872edf\" data-element_type=\"widget\" data-e-type=\"widget\" data-widget_type=\"heading.default\">\n\t\t\t\t\t<h3 class=\"elementor-heading-title elementor-size-default\">\u00bfC\u00f3mo surge Zamora Coffee Shop en Portland?<\/h3>\t\t\t\t<\/div>\n\t\t\t\t\t<\/div>\n\t\t<\/div>\n\t\t\t\t\t<\/div>\n\t\t<\/section>\n\t\t\t\t<section data-particle_enable=\"false\" data-particle-mobile-disabled=\"false\" class=\"elementor-section elementor-top-section elementor-element elementor-element-c7228a3 elementor-section-boxed elementor-section-height-default elementor-section-height-default\" data-id=\"c7228a3\" data-element_type=\"section\" data-e-type=\"section\">\n\t\t\t\t\t\t<div class=\"elementor-container elementor-column-gap-default\">\n\t\t\t\t\t<div class=\"elementor-column elementor-col-100 elementor-top-column elementor-element elementor-element-9103f69\" data-id=\"9103f69\" data-element_type=\"column\" data-e-type=\"column\">\n\t\t\t<div class=\"elementor-widget-wrap elementor-element-populated\">\n\t\t\t\t\t\t<div class=\"elementor-element elementor-element-f333d23 elementor-widget elementor-widget-text-editor\" data-id=\"f333d23\" data-element_type=\"widget\" data-e-type=\"widget\" data-widget_type=\"text-editor.default\">\n\t\t\t\t\t\t\t\t\t<p><span style=\"color: var( --e-global-color-text );\">Despu\u00e9s de tres a\u00f1os en <a href=\"https:\/\/es.wikipedia.org\/wiki\/Portland\">Portland<\/a>. ya hab\u00eda ahorrado bastante dinero, seg\u00fan yo, para regresarme pa Guatemala. No trabajaba en caf\u00e9 sino en un laboratorio de lentes, ya era parte de la gerencia. En las tardes y noches conduc\u00eda para Lift y Uber.<\/span><\/p><p>En un viaje conoc\u00ed a una persona que era due\u00f1a de un coffee shop. Lo estaba vendiendo con toda la maquinaria. No era mi plan, pero me anim\u00e9.\u00a0 En otro viaje de Uber hab\u00eda conocido a un tostador de caf\u00e9. Esos dos viajes con dos personas me abrieron puertas y los ojos. Era el inicio de Zamora Coffee.<\/p><p>Yo hab\u00eda pensado m\u00e1s ser importador y comercializador; el \u00faltimo paso del plan era poner el coffee shop, pero pas\u00f3 al rev\u00e9s: empec\u00e9 con la tienda de caf\u00e9: y pues ahora cosechamos, procesamos, exportamos, importamos, tostamos, empacamos, servimos caf\u00e9 en bebidas, distribuimos a tiendas, vendemos en l\u00ednea y ahora estamos buscando c\u00f3mo enlatar caf\u00e9 para llevar.<\/p>\t\t\t\t\t\t\t\t<\/div>\n\t\t\t\t\t<\/div>\n\t\t<\/div>\n\t\t\t\t\t<\/div>\n\t\t<\/section>\n\t\t<div data-particle_enable=\"false\" data-particle-mobile-disabled=\"false\" class=\"elementor-element elementor-element-3174d8b e-flex e-con-boxed e-con e-parent\" data-id=\"3174d8b\" data-element_type=\"container\" data-e-type=\"container\">\n\t\t\t\t\t<div class=\"e-con-inner\">\n\t\t\t\t<div class=\"elementor-element elementor-element-bfadfd0 elementor-widget elementor-widget-html\" data-id=\"bfadfd0\" data-element_type=\"widget\" data-e-type=\"widget\" data-widget_type=\"html.default\">\n\t\t\t\t\t<iframe width=\"560\" height=\"415\" src=\"https:\/\/www.youtube.com\/embed\/5M41BNnYwJ4?si=ZaAyLc0SUVWh_ENX\" title=\"YouTube video player\" frameborder=\"0\" allow=\"accelerometer; autoplay; clipboard-write; encrypted-media; gyroscope; picture-in-picture; web-share\" referrerpolicy=\"strict-origin-when-cross-origin\" allowfullscreen><\/iframe>\t\t\t\t<\/div>\n\t\t\t\t\t<\/div>\n\t\t\t\t<\/div>\n\t\t\t\t<section data-particle_enable=\"false\" data-particle-mobile-disabled=\"false\" class=\"elementor-section elementor-top-section elementor-element elementor-element-131e301 elementor-section-boxed elementor-section-height-default elementor-section-height-default\" data-id=\"131e301\" data-element_type=\"section\" data-e-type=\"section\">\n\t\t\t\t\t\t<div class=\"elementor-container elementor-column-gap-default\">\n\t\t\t\t\t<div class=\"elementor-column elementor-col-100 elementor-top-column elementor-element elementor-element-480855b\" data-id=\"480855b\" data-element_type=\"column\" data-e-type=\"column\">\n\t\t\t<div class=\"elementor-widget-wrap elementor-element-populated\">\n\t\t\t\t\t\t<div class=\"elementor-element elementor-element-b1a18c9 elementor-widget elementor-widget-heading\" data-id=\"b1a18c9\" data-element_type=\"widget\" data-e-type=\"widget\" data-widget_type=\"heading.default\">\n\t\t\t\t\t<h3 class=\"elementor-heading-title elementor-size-default\">\u00bfTomaste alg\u00fan curso?<\/h3>\t\t\t\t<\/div>\n\t\t\t\t\t<\/div>\n\t\t<\/div>\n\t\t\t\t\t<\/div>\n\t\t<\/section>\n\t\t\t\t<section data-particle_enable=\"false\" data-particle-mobile-disabled=\"false\" class=\"elementor-section elementor-top-section elementor-element elementor-element-65ec2c4 elementor-section-boxed elementor-section-height-default elementor-section-height-default\" data-id=\"65ec2c4\" data-element_type=\"section\" data-e-type=\"section\">\n\t\t\t\t\t\t<div class=\"elementor-container elementor-column-gap-default\">\n\t\t\t\t\t<div class=\"elementor-column elementor-col-100 elementor-top-column elementor-element elementor-element-268aeae\" data-id=\"268aeae\" data-element_type=\"column\" data-e-type=\"column\">\n\t\t\t<div class=\"elementor-widget-wrap elementor-element-populated\">\n\t\t\t\t\t\t<div class=\"elementor-element elementor-element-d2a6973 elementor-widget elementor-widget-text-editor\" data-id=\"d2a6973\" data-element_type=\"widget\" data-e-type=\"widget\" data-widget_type=\"text-editor.default\">\n\t\t\t\t\t\t\t\t\t<p><span style=\"color: var( --e-global-color-text );\">S\u00ed, de hecho fui a los cursos que da la <a href=\"https:\/\/www.anacafe.org\/escueladecafe\/\">Asociaci\u00f3n Nacional del Caf\u00e9, Anacaf\u00e9,<\/a> en Guatemala. Estudi\u00e9 varios cursos con ellos y fueron muy valiosos. Me dieron la base, las medidas para expressos, americanos, el volumen de espuma de la leche, las t\u00e9cnicas como pourover, frenchpress, V60 y m\u00e1s.\u00a0 Hacen una gran labor.<\/span><\/p>\t\t\t\t\t\t\t\t<\/div>\n\t\t\t\t\t<\/div>\n\t\t<\/div>\n\t\t\t\t\t<\/div>\n\t\t<\/section>\n\t\t\t\t<section data-particle_enable=\"false\" data-particle-mobile-disabled=\"false\" class=\"elementor-section elementor-top-section elementor-element elementor-element-0844694 elementor-section-boxed elementor-section-height-default elementor-section-height-default\" data-id=\"0844694\" data-element_type=\"section\" data-e-type=\"section\">\n\t\t\t\t\t\t<div class=\"elementor-container elementor-column-gap-default\">\n\t\t\t\t\t<div class=\"elementor-column elementor-col-100 elementor-top-column elementor-element elementor-element-45a4778\" data-id=\"45a4778\" data-element_type=\"column\" data-e-type=\"column\">\n\t\t\t<div class=\"elementor-widget-wrap elementor-element-populated\">\n\t\t\t\t\t\t<div class=\"elementor-element elementor-element-ac9e6de elementor-widget elementor-widget-heading\" data-id=\"ac9e6de\" data-element_type=\"widget\" data-e-type=\"widget\" data-widget_type=\"heading.default\">\n\t\t\t\t\t<h3 class=\"elementor-heading-title elementor-size-default\">\u00bfQu\u00e9 fue lo m\u00e1s dif\u00edcil al emprender negocio?<\/h3>\t\t\t\t<\/div>\n\t\t\t\t\t<\/div>\n\t\t<\/div>\n\t\t\t\t\t<\/div>\n\t\t<\/section>\n\t\t\t\t<section data-particle_enable=\"false\" data-particle-mobile-disabled=\"false\" class=\"elementor-section elementor-top-section elementor-element elementor-element-76c9fdd elementor-section-boxed elementor-section-height-default elementor-section-height-default\" data-id=\"76c9fdd\" data-element_type=\"section\" data-e-type=\"section\">\n\t\t\t\t\t\t<div class=\"elementor-container elementor-column-gap-default\">\n\t\t\t\t\t<div class=\"elementor-column elementor-col-100 elementor-top-column elementor-element elementor-element-2c696ef\" data-id=\"2c696ef\" data-element_type=\"column\" data-e-type=\"column\">\n\t\t\t<div class=\"elementor-widget-wrap elementor-element-populated\">\n\t\t\t\t\t\t<div class=\"elementor-element elementor-element-773d401 elementor-widget elementor-widget-text-editor\" data-id=\"773d401\" data-element_type=\"widget\" data-e-type=\"widget\" data-widget_type=\"text-editor.default\">\n\t\t\t\t\t\t\t\t\t<p><span style=\"color: var( --e-global-color-text );\">Tuve que seguir manejando Lyft y Uber para financiar todo. El primer a\u00f1o fue de bastantes gastos.\u00a0<\/span><\/p><p><span style=\"color: var( --e-global-color-text );\">Si alguien quiere emprender en este campo, mi consejo es que empiece trabajando en un coffee shop, porque aprendes las recetas, pero tambi\u00e9n la administraci\u00f3n, el flujo de cash, cr\u00e9ditos, pago de local. Yo lo aprend\u00ed en carne propia y gasto propio. Pero el gran balde de agua fr\u00eda con hielo fue la pandemia. Hab\u00eda abierto en mayo de 2019 y en marzo todo cerr\u00f3.<\/span><\/p><p>Pero a la vez, eso me puso presi\u00f3n para acelerar la venta de caf\u00e9 molido y en grano en l\u00ednea; a vender a otros negocios distribuidores. Hoy, por hoy, est\u00e1 la tienda y est\u00e1 el caf\u00e9 Zamora en paquetes que enviamos a todo estados unidos.<\/p>\t\t\t\t\t\t\t\t<\/div>\n\t\t\t\t\t<\/div>\n\t\t<\/div>\n\t\t\t\t\t<\/div>\n\t\t<\/section>\n\t\t\t\t<section data-particle_enable=\"false\" data-particle-mobile-disabled=\"false\" class=\"elementor-section elementor-top-section elementor-element elementor-element-d18cb3d elementor-section-boxed elementor-section-height-default elementor-section-height-default\" data-id=\"d18cb3d\" data-element_type=\"section\" data-e-type=\"section\">\n\t\t\t\t\t\t<div class=\"elementor-container elementor-column-gap-default\">\n\t\t\t\t\t<div class=\"elementor-column elementor-col-100 elementor-top-column elementor-element elementor-element-448345f\" data-id=\"448345f\" data-element_type=\"column\" data-e-type=\"column\">\n\t\t\t<div class=\"elementor-widget-wrap elementor-element-populated\">\n\t\t\t\t\t\t<div class=\"elementor-element elementor-element-d8789e5 elementor-widget elementor-widget-heading\" data-id=\"d8789e5\" data-element_type=\"widget\" data-e-type=\"widget\" data-widget_type=\"heading.default\">\n\t\t\t\t\t<h3 class=\"elementor-heading-title elementor-size-default\">\u00bfS\u00f3lo caf\u00e9 de Santa Rosa?<\/h3>\t\t\t\t<\/div>\n\t\t\t\t\t<\/div>\n\t\t<\/div>\n\t\t\t\t\t<\/div>\n\t\t<\/section>\n\t\t\t\t<section data-particle_enable=\"false\" data-particle-mobile-disabled=\"false\" class=\"elementor-section elementor-top-section elementor-element elementor-element-8a25d20 elementor-section-boxed elementor-section-height-default elementor-section-height-default\" data-id=\"8a25d20\" data-element_type=\"section\" data-e-type=\"section\">\n\t\t\t\t\t\t<div class=\"elementor-container elementor-column-gap-default\">\n\t\t\t\t\t<div class=\"elementor-column elementor-col-100 elementor-top-column elementor-element elementor-element-19ffe98\" data-id=\"19ffe98\" data-element_type=\"column\" data-e-type=\"column\">\n\t\t\t<div class=\"elementor-widget-wrap elementor-element-populated\">\n\t\t\t\t\t\t<div class=\"elementor-element elementor-element-52e9b17 elementor-widget elementor-widget-text-editor\" data-id=\"52e9b17\" data-element_type=\"widget\" data-e-type=\"widget\" data-widget_type=\"text-editor.default\">\n\t\t\t\t\t\t\t\t\t<p><span style=\"color: var( --e-global-color-text );\">Por ahora s\u00ed, porque\u00a0 queremos apoyar a los caficultores locales de Santa Rosa, Guatemala. Queremos absorber m\u00e1s grano de los productores santarrose\u00f1os, para que est\u00e9n tranquilos, para que inviertan en su tierra, en abonos, mano de obra y cuidados, para llegar a un alto est\u00e1ndar de calidad.\u00a0<\/span><\/p><p><span style=\"color: var( --e-global-color-text );\">Todav\u00eda estamos en una etapa muy temprana, les soy honesto, porque hay muchas variaciones en el grano.<\/span><\/p>\t\t\t\t\t\t\t\t<\/div>\n\t\t\t\t\t<\/div>\n\t\t<\/div>\n\t\t\t\t\t<\/div>\n\t\t<\/section>\n\t\t\t\t<section data-particle_enable=\"false\" data-particle-mobile-disabled=\"false\" class=\"elementor-section elementor-top-section elementor-element elementor-element-ab73211 elementor-section-boxed elementor-section-height-default elementor-section-height-default\" data-id=\"ab73211\" data-element_type=\"section\" data-e-type=\"section\">\n\t\t\t\t\t\t<div class=\"elementor-container elementor-column-gap-default\">\n\t\t\t\t\t<div class=\"elementor-column elementor-col-100 elementor-top-column elementor-element elementor-element-7712496\" data-id=\"7712496\" data-element_type=\"column\" data-e-type=\"column\">\n\t\t\t<div class=\"elementor-widget-wrap elementor-element-populated\">\n\t\t\t\t\t\t<div class=\"elementor-element elementor-element-b45ad21 elementor-widget elementor-widget-heading\" data-id=\"b45ad21\" data-element_type=\"widget\" data-e-type=\"widget\" data-widget_type=\"heading.default\">\n\t\t\t\t\t<h3 class=\"elementor-heading-title elementor-size-default\"><span style=\"font-size: 24.96px\">\u00bfCu\u00e1l es tu gran sue\u00f1o guatemalteco y americano?\n<\/span><\/h3>\t\t\t\t<\/div>\n\t\t\t\t<div class=\"elementor-element elementor-element-c8c9bf2 elementor-arrows-position-inside elementor-pagination-position-outside elementor-widget elementor-widget-image-carousel\" data-id=\"c8c9bf2\" data-element_type=\"widget\" data-e-type=\"widget\" data-settings=\"{&quot;slides_to_show&quot;:&quot;1&quot;,&quot;autoplay_speed&quot;:1000,&quot;navigation&quot;:&quot;both&quot;,&quot;autoplay&quot;:&quot;yes&quot;,&quot;pause_on_hover&quot;:&quot;yes&quot;,&quot;pause_on_interaction&quot;:&quot;yes&quot;,&quot;infinite&quot;:&quot;yes&quot;,&quot;effect&quot;:&quot;slide&quot;,&quot;speed&quot;:500}\" data-widget_type=\"image-carousel.default\">\n\t\t\t\t\t\t\t<div class=\"elementor-image-carousel-wrapper swiper\" role=\"region\" aria-roledescription=\"carousel\" aria-label=\"Carrusel de im\u00e1genes\" dir=\"ltr\">\n\t\t\t<div class=\"elementor-image-carousel swiper-wrapper\" aria-live=\"off\">\n\t\t\t\t\t\t\t\t<div class=\"swiper-slide\" role=\"group\" aria-roledescription=\"slide\" aria-label=\"1 de 8\"><figure class=\"swiper-slide-inner\"><img decoding=\"async\" class=\"swiper-slide-image\" src=\"https:\/\/soymigrante.com\/revista\/wp-content\/uploads\/2024\/04\/70492080_506905813459892_2960723666704269312_n-1024x1024.webp\" alt=\"M\u00e1quina de caf\u00e9 tradicional con bandera de Guatemala en fondo, s\u00edmbolo de cultura e historia en la comunidad migrante.\" \/><figcaption class=\"elementor-image-carousel-caption\">M\u00e1quina para preparar caf\u00e9 con bandera de Guatemala en fondo, representando la cultura y tradici\u00f3n en la comunidad migrante.<\/figcaption><\/figure><\/div><div class=\"swiper-slide\" role=\"group\" aria-roledescription=\"slide\" aria-label=\"2 de 8\"><figure class=\"swiper-slide-inner\"><img decoding=\"async\" class=\"swiper-slide-image\" src=\"https:\/\/soymigrante.com\/revista\/wp-content\/uploads\/2024\/04\/279055221_1180409719442828_3417672043572153389_n.webp\" alt=\"Archivo: soy-migrante-revista-cafe-Guatemala.jpg.\" \/><figcaption class=\"elementor-image-carousel-caption\">Alt: Espacio de cafeter\u00eda en Guatemala con cartel que dice \"Guatemala nos acompa\u00f1a\" en espa\u00f1ol, ambiente acogedor y productos locales.<\/figcaption><\/figure><\/div><div class=\"swiper-slide\" role=\"group\" aria-roledescription=\"slide\" aria-label=\"3 de 8\"><figure class=\"swiper-slide-inner\"><img decoding=\"async\" class=\"swiper-slide-image\" src=\"https:\/\/soymigrante.com\/revista\/wp-content\/uploads\/2024\/04\/67554420_470045583812582_5825196124167733248_n-1024x1024.webp\" alt=\"Cafeter\u00eda m\u00f3vil en evento de migrantes en Oregon con carrito de caf\u00e9 y vasos apilados, en un espacio abierto con coches estacionados y vegetaci\u00f3n de fondo.\" \/><figcaption class=\"elementor-image-carousel-caption\">Una mesa de caf\u00e9 de servicio r\u00e1pido con sombrilla rosa y publicidad para promover la cultura y apoyo a migrantes en Oregon.<\/figcaption><\/figure><\/div><div class=\"swiper-slide\" role=\"group\" aria-roledescription=\"slide\" aria-label=\"4 de 8\"><figure class=\"swiper-slide-inner\"><img decoding=\"async\" class=\"swiper-slide-image\" src=\"https:\/\/soymigrante.com\/revista\/wp-content\/uploads\/2024\/04\/65867790_461509717999502_3499175547575992320_n.webp\" alt=\"Estudiantes en proceso de aprendizaje sobre cultivo de caf\u00e9 en una plantaci\u00f3n ecol\u00f3gica en medio de la selva colombiana.\" \/><figcaption class=\"elementor-image-carousel-caption\">Sinopsis del proceso de capacitaci\u00f3n en agricultura org\u00e1nica y sostenibilidad en plantaciones de caf\u00e9 en Colombia para migrantes y comunidades rurales.<\/figcaption><\/figure><\/div><div class=\"swiper-slide\" role=\"group\" aria-roledescription=\"slide\" aria-label=\"5 de 8\"><figure class=\"swiper-slide-inner\"><img decoding=\"async\" class=\"swiper-slide-image\" src=\"https:\/\/soymigrante.com\/revista\/wp-content\/uploads\/2024\/04\/66325512_462134831270324_1440727662543765504_n.jpg\" alt=\"Mano de obra agr\u00edcola en cultivo deuca en zona rural con trabajadores rurales y protecci\u00f3n ambiental.\" \/><figcaption class=\"elementor-image-carousel-caption\">Trabajo agr\u00edcola en finca de cultivo deuca con trabajadores rurales revisando cosecha en campo natural.<\/figcaption><\/figure><\/div><div class=\"swiper-slide\" role=\"group\" aria-roledescription=\"slide\" aria-label=\"6 de 8\"><figure class=\"swiper-slide-inner\"><img decoding=\"async\" class=\"swiper-slide-image\" src=\"https:\/\/soymigrante.com\/revista\/wp-content\/uploads\/2024\/04\/89305004_645489892934816_3984054952744976384_n.webp\" alt=\"Cerezas rojas frescas en cesta, producto agr\u00edcola cultivado por migrantes en comunidades rurales, promoviendo el trabajo agr\u00edcola y la econom\u00eda campesina en Guayana, Venezuela.\" \/><figcaption class=\"elementor-image-carousel-caption\">Cesta de cerezas rojas frescas, producto tradicional de agricultores migrantes en comunidades rurales, destacando la importancia del trabajo agr\u00edcola en la econom\u00eda y cultura local.<\/figcaption><\/figure><\/div><div class=\"swiper-slide\" role=\"group\" aria-roledescription=\"slide\" aria-label=\"7 de 8\"><figure class=\"swiper-slide-inner\"><img decoding=\"async\" class=\"swiper-slide-image\" src=\"https:\/\/soymigrante.com\/revista\/wp-content\/uploads\/2024\/04\/72100194_521212705362536_7425353350696140800_n-1020x1024.webp\" alt=\"Guatemalan coffee farm labor story, Southeast coffee shop, coffee roasting machine, Hector Zamora, Aguateca, Guatemala coffee business, coffee industry, local coffee shop, coffee entrepreneurship, coffee trade.\" \/><figcaption class=\"elementor-image-carousel-caption\">La calidad de Caf\u00e9 Zamora le ya abierto espacios en medios estadounidenses.<\/figcaption><\/figure><\/div><div class=\"swiper-slide\" role=\"group\" aria-roledescription=\"slide\" aria-label=\"8 de 8\"><figure class=\"swiper-slide-inner\"><img decoding=\"async\" class=\"swiper-slide-image\" src=\"https:\/\/soymigrante.com\/revista\/wp-content\/uploads\/2024\/04\/Captura-de-pantalla-2024-04-22-124638-1024x632.webp\" alt=\"Ya que no hay una imagen proporcionada directamente en la consulta, responder\u00e9 en base a la tem\u00e1tica general del sitio web mencionado, SoyMigrante.com REVISTA, centrado en migraci\u00f3n y noticias relacionadas.\" \/><figcaption class=\"elementor-image-carousel-caption\">Oregon se encuentra en el noroeste de Estados Unidos y su geograf\u00eda es bastante monta\u00f1osa,, lo cual le recuerda a H\u00e9ctor, las monta\u00f1as de su natal Santa Rosa.<\/figcaption><\/figure><\/div>\t\t\t<\/div>\n\t\t\t\t\t\t\t\t\t\t\t\t<div class=\"elementor-swiper-button elementor-swiper-button-prev\" role=\"button\" tabindex=\"0\">\n\t\t\t\t\t\t<i aria-hidden=\"true\" class=\"eicon-chevron-left\"><\/i>\t\t\t\t\t<\/div>\n\t\t\t\t\t<div class=\"elementor-swiper-button elementor-swiper-button-next\" role=\"button\" tabindex=\"0\">\n\t\t\t\t\t\t<i aria-hidden=\"true\" class=\"eicon-chevron-right\"><\/i>\t\t\t\t\t<\/div>\n\t\t\t\t\n\t\t\t\t\t\t\t\t\t<div class=\"swiper-pagination\"><\/div>\n\t\t\t\t\t\t\t\t\t<\/div>\n\t\t\t\t\t\t<\/div>\n\t\t\t\t\t<\/div>\n\t\t<\/div>\n\t\t\t\t\t<\/div>\n\t\t<\/section>\n\t\t\t\t<section data-particle_enable=\"false\" data-particle-mobile-disabled=\"false\" class=\"elementor-section elementor-top-section elementor-element elementor-element-5c84d7a elementor-section-boxed elementor-section-height-default elementor-section-height-default\" data-id=\"5c84d7a\" data-element_type=\"section\" data-e-type=\"section\">\n\t\t\t\t\t\t<div class=\"elementor-container elementor-column-gap-default\">\n\t\t\t\t\t<div class=\"elementor-column elementor-col-100 elementor-top-column elementor-element elementor-element-ecd80f5\" data-id=\"ecd80f5\" data-element_type=\"column\" data-e-type=\"column\">\n\t\t\t<div class=\"elementor-widget-wrap elementor-element-populated\">\n\t\t\t\t\t\t<div class=\"elementor-element elementor-element-8a84b94 elementor-widget elementor-widget-text-editor\" data-id=\"8a84b94\" data-element_type=\"widget\" data-e-type=\"widget\" data-widget_type=\"text-editor.default\">\n\t\t\t\t\t\t\t\t\t<p>Trabajar con caf\u00e9 de m\u00e1s regiones. Para cualquier persona que se me acerque, soy un libro abierto. Lo que he aprendido, lo quiero compartir. Y si ellos quieren empezar su emprendimiento con un sistema similar y podemos apoyarles, hablemos.\u00a0<\/p><p>Llevamos cinco a\u00f1os y se siguen abriendo puertas. El caf\u00e9 de Guatemala tiene mucho potencial, pero muchos no lo conocen a\u00fan aqu\u00ed en EE.UU.<\/p>\t\t\t\t\t\t\t\t<\/div>\n\t\t\t\t\t<\/div>\n\t\t<\/div>\n\t\t\t\t\t<\/div>\n\t\t<\/section>\n\t\t<div data-particle_enable=\"false\" data-particle-mobile-disabled=\"false\" class=\"elementor-element elementor-element-862aecd e-flex e-con-boxed e-con e-parent\" data-id=\"862aecd\" data-element_type=\"container\" data-e-type=\"container\">\n\t\t\t\t\t<div class=\"e-con-inner\">\n\t\t\t\t<div class=\"elementor-element elementor-element-79561a7 elementor-grid-eael-col-1 elementor-grid-tablet-eael-col-2 elementor-grid-mobile-eael-col-1 elementor-widget elementor-widget-eael-post-grid\" data-id=\"79561a7\" data-element_type=\"widget\" data-e-type=\"widget\" data-settings=\"{&quot;eael_post_grid_columns&quot;:&quot;eael-col-1&quot;,&quot;eael_post_grid_columns_tablet&quot;:&quot;eael-col-2&quot;,&quot;eael_post_grid_columns_mobile&quot;:&quot;eael-col-1&quot;}\" data-widget_type=\"eael-post-grid.default\">\n\t\t\t\t\t<div id=\"eael-post-grid-79561a7\" class=\"eael-post-grid-container\">\n            <div class=\"eael-post-grid eael-post-appender eael-post-appender-79561a7 eael-post-grid-style-one\" data-layout-mode=\"masonry\"><article class=\"eael-grid-post  eael-post-grid-column eael-pg-post-15968 category-guate-nuestra\" data-id=\"15968\">\n        <div class=\"eael-grid-post-holder\">\n            <div class=\"eael-grid-post-holder-inner\"><div class=\"eael-entry-media\"><div class=\"eael-entry-overlay fade-in\"><i class=\"far fa-hand-pointer\" aria-hidden=\"true\"><\/i><a href=\"https:\/\/soymigrante.com\/revista\/cafe-de-guatemala-y-sus-10-regiones-de-cultivo-cada-una-con-sabor-y-aroma-propio\/\"><\/a><\/div><div class=\"eael-entry-thumbnail eael-image-ratio\">\n                <img loading=\"lazy\" decoding=\"async\" width=\"1024\" height=\"1024\" src=\"https:\/\/soymigrante.com\/revista\/wp-content\/uploads\/2024\/12\/Cafe\u0301-de-Guatemala-scaled-e1733862410674-1024x1024.jpg\" class=\"attachment-large size-large wp-image-15969\" alt=\"Los 10 caf\u00e9s y sus regiones m\u00e1s destacados de Guatemala\" srcset=\"https:\/\/soymigrante.com\/revista\/wp-content\/uploads\/2024\/12\/Cafe\u0301-de-Guatemala-scaled-e1733862410674-1024x1024.jpg 1024w, https:\/\/soymigrante.com\/revista\/wp-content\/uploads\/2024\/12\/Cafe\u0301-de-Guatemala-scaled-e1733862410674-300x300.jpg 300w, https:\/\/soymigrante.com\/revista\/wp-content\/uploads\/2024\/12\/Cafe\u0301-de-Guatemala-scaled-e1733862410674-150x150.jpg 150w, https:\/\/soymigrante.com\/revista\/wp-content\/uploads\/2024\/12\/Cafe\u0301-de-Guatemala-scaled-e1733862410674-768x768.jpg 768w, https:\/\/soymigrante.com\/revista\/wp-content\/uploads\/2024\/12\/Cafe\u0301-de-Guatemala-scaled-e1733862410674-1536x1536.jpg 1536w, https:\/\/soymigrante.com\/revista\/wp-content\/uploads\/2024\/12\/Cafe\u0301-de-Guatemala-scaled-e1733862410674-75x75.webp 75w, https:\/\/soymigrante.com\/revista\/wp-content\/uploads\/2024\/12\/Cafe\u0301-de-Guatemala-scaled-e1733862410674-750x750.webp 750w, https:\/\/soymigrante.com\/revista\/wp-content\/uploads\/2024\/12\/Cafe\u0301-de-Guatemala-scaled-e1733862410674-1140x1140.webp 1140w, https:\/\/soymigrante.com\/revista\/wp-content\/uploads\/2024\/12\/Cafe\u0301-de-Guatemala-scaled-e1733862410674.webp 1707w\" sizes=\"(max-width: 1024px) 100vw, 1024px\" \/>\n            <\/div>\n        <\/div><div class=\"eael-entry-wrapper\"><header class=\"eael-entry-header\"><h2 class=\"eael-entry-title\"><a class=\"eael-grid-post-link\" href=\"https:\/\/soymigrante.com\/revista\/cafe-de-guatemala-y-sus-10-regiones-de-cultivo-cada-una-con-sabor-y-aroma-propio\/\" title=\"Caf\u00e9 de Guatemala y sus 10 regiones de cultivo, cada una con  sabor y aroma propio\">Caf\u00e9 de Guatemala y sus 10 regiones de cultivo, cada una con  sabor y aroma propio<\/a><\/h2><\/header><div class=\"eael-entry-content\">\n                        <div class=\"eael-grid-post-excerpt\"><a href=\"https:\/\/soymigrante.com\/revista\/cafe-de-guatemala-y-sus-10-regiones-de-cultivo-cada-una-con-sabor-y-aroma-propio\/\" class=\"eael-post-elements-readmore-btn\">CONOCE SU HISTORIA <\/a><\/div>\n                    <\/div><\/div><\/div>\n        <\/div>\n    <\/article><\/div>\n            <div class=\"clearfix\"><\/div>\n        <\/div>\t\t\t\t<\/div>\n\t\t\t\t\t<\/div>\n\t\t\t\t<\/div>\n\t\t\t\t<section data-particle_enable=\"false\" data-particle-mobile-disabled=\"false\" class=\"elementor-section elementor-top-section elementor-element elementor-element-7b91584 elementor-section-boxed elementor-section-height-default elementor-section-height-default\" data-id=\"7b91584\" data-element_type=\"section\" data-e-type=\"section\">\n\t\t\t\t\t\t<div class=\"elementor-container elementor-column-gap-default\">\n\t\t\t\t\t<div class=\"elementor-column elementor-col-100 elementor-top-column elementor-element elementor-element-356e16b\" data-id=\"356e16b\" data-element_type=\"column\" data-e-type=\"column\">\n\t\t\t<div class=\"elementor-widget-wrap elementor-element-populated\">\n\t\t\t\t\t\t<div class=\"elementor-element elementor-element-d2ed451 elementor-widget elementor-widget-heading\" data-id=\"d2ed451\" data-element_type=\"widget\" data-e-type=\"widget\" data-widget_type=\"heading.default\">\n\t\t\t\t\t<h3 class=\"elementor-heading-title elementor-size-default\">El camino de crecimiento contin\u00faa <\/h3>\t\t\t\t<\/div>\n\t\t\t\t\t<\/div>\n\t\t<\/div>\n\t\t\t\t\t<\/div>\n\t\t<\/section>\n\t\t\t\t<section data-particle_enable=\"false\" data-particle-mobile-disabled=\"false\" class=\"elementor-section elementor-top-section elementor-element elementor-element-c9d14ca elementor-section-boxed elementor-section-height-default elementor-section-height-default\" data-id=\"c9d14ca\" data-element_type=\"section\" data-e-type=\"section\">\n\t\t\t\t\t\t<div class=\"elementor-container elementor-column-gap-default\">\n\t\t\t\t\t<div class=\"elementor-column elementor-col-100 elementor-top-column elementor-element elementor-element-5953cf8\" data-id=\"5953cf8\" data-element_type=\"column\" data-e-type=\"column\">\n\t\t\t<div class=\"elementor-widget-wrap elementor-element-populated\">\n\t\t\t\t\t\t<div class=\"elementor-element elementor-element-679932a elementor-widget elementor-widget-text-editor\" data-id=\"679932a\" data-element_type=\"widget\" data-e-type=\"widget\" data-widget_type=\"text-editor.default\">\n\t\t\t\t\t\t\t\t\t<p>H\u00e9ctor Zamora sigue madrugando como lo hac\u00eda en <a href=\"https:\/\/soymigrante.com\/revista\/yezenia-y-daniel-migrantes-guatemaltecos-festejaron-25-anos-de-amor-en-su-tierra\/\">Santa Rosa<\/a> a los 14 a\u00f1os. A las 4 AM ya est\u00e1 tostando caf\u00e9 del d\u00eda, para abrir a las 7.30 su coffee shop. Su local lo comparte, para ahorrar costos, con una tienda de Bagels.\u00a0<\/p><p>En el transcurso del d\u00eda imprimen etiquetas, preparan pedidos de caf\u00e9 en grano. La presentaci\u00f3n de 2 libras ese la que m\u00e1s se vende. Ahora est\u00e1 empezando a distribuir a trav\u00e9s de supermercados y otros restaurantes.\u00a0 En este 2024, Zamora Coffee Shop ser\u00e1 patrocinador de un equipo regional de baseball, pues est\u00e1 incursionando en el mercado de bebidas fr\u00edas enlatadas, cuya mejor \u00e9poca es el ya pr\u00f3ximo verano.<\/p><p><b>H\u00e9ctor Zamora sigue caminando en las monta\u00f1as de Oregon con el coraz\u00f3n puesto en las monta\u00f1as y los caficultores de su natal Santa Rosa.<\/b><\/p>\t\t\t\t\t\t\t\t<\/div>\n\t\t\t\t\t<\/div>\n\t\t<\/div>\n\t\t\t\t\t<\/div>\n\t\t<\/section>\n\t\t\t\t<section data-particle_enable=\"false\" data-particle-mobile-disabled=\"false\" class=\"elementor-section elementor-top-section elementor-element elementor-element-48c8523 elementor-section-boxed elementor-section-height-default elementor-section-height-default\" data-id=\"48c8523\" data-element_type=\"section\" data-e-type=\"section\">\n\t\t\t\t\t\t<div class=\"elementor-container elementor-column-gap-default\">\n\t\t\t\t\t<div class=\"elementor-column elementor-col-100 elementor-top-column elementor-element elementor-element-5249ef0\" data-id=\"5249ef0\" data-element_type=\"column\" data-e-type=\"column\">\n\t\t\t<div class=\"elementor-widget-wrap elementor-element-populated\">\n\t\t\t\t\t\t<div class=\"elementor-element elementor-element-214f933 elementor-widget elementor-widget-image\" data-id=\"214f933\" data-element_type=\"widget\" data-e-type=\"widget\" data-widget_type=\"image.default\">\n\t\t\t\t\t\t\t\t\t\t\t\t<figure class=\"wp-caption\">\n\t\t\t\t\t\t\t\t\t\t<img loading=\"lazy\" decoding=\"async\" width=\"1024\" height=\"564\" src=\"https:\/\/soymigrante.com\/revista\/wp-content\/uploads\/2024\/04\/96250261_693457408138064_4580905877602566144_n-1024x564.webp\" class=\"attachment-large size-large wp-image-6109\" alt=\"Sobrevivencia familiar y amor en la migraci\u00f3n, v\u00ednculo generacional, historias de migrantes, comunidad y resiliencia, en SoyMigrante.com Revista.\" srcset=\"https:\/\/soymigrante.com\/revista\/wp-content\/uploads\/2024\/04\/96250261_693457408138064_4580905877602566144_n-1024x564.webp 1024w, https:\/\/soymigrante.com\/revista\/wp-content\/uploads\/2024\/04\/96250261_693457408138064_4580905877602566144_n-300x165.webp 300w, https:\/\/soymigrante.com\/revista\/wp-content\/uploads\/2024\/04\/96250261_693457408138064_4580905877602566144_n-768x423.webp 768w, https:\/\/soymigrante.com\/revista\/wp-content\/uploads\/2024\/04\/96250261_693457408138064_4580905877602566144_n-750x413.webp 750w, https:\/\/soymigrante.com\/revista\/wp-content\/uploads\/2024\/04\/96250261_693457408138064_4580905877602566144_n.webp 1080w\" sizes=\"(max-width: 1024px) 100vw, 1024px\" title=\"Adem\u00e1s de promover un mejor cultivo de caf\u00e9 de calidad en Santa Rosa, Zamora Coffee tambi\u00e9n impulsa actividades culturales en Oregon, como un puente entre comunidades.  As\u00ed lo expresa H\u00e9ctor Mej\u00eda Zamora, fundador, quien dedic\u00f3 el nombre de la marca a su mam\u00e1 Herminia Zamora. \u2013 SoyMigrante.com REVISTA\" \/>\t\t\t\t\t\t\t\t\t\t\t<figcaption class=\"widget-image-caption wp-caption-text\">Una joven y una adulta mayor comparten un abrazo en la costa, simbolizando el fortalecimiento del v\u00ednculo familiar en contextos de migraci\u00f3n y comunidad.<\/figcaption>\n\t\t\t\t\t\t\t\t\t\t<\/figure>\n\t\t\t\t\t\t\t\t\t<\/div>\n\t\t\t\t\t<\/div>\n\t\t<\/div>\n\t\t\t\t\t<\/div>\n\t\t<\/section>\n\t\t\t\t<section data-particle_enable=\"false\" data-particle-mobile-disabled=\"false\" class=\"elementor-section elementor-top-section elementor-element elementor-element-eccc80e elementor-section-boxed elementor-section-height-default elementor-section-height-default\" data-id=\"eccc80e\" data-element_type=\"section\" data-e-type=\"section\">\n\t\t\t\t\t\t<div class=\"elementor-container elementor-column-gap-default\">\n\t\t\t\t\t<div class=\"elementor-column elementor-col-100 elementor-top-column elementor-element elementor-element-18af425\" data-id=\"18af425\" data-element_type=\"column\" data-e-type=\"column\">\n\t\t\t<div class=\"elementor-widget-wrap elementor-element-populated\">\n\t\t\t\t\t\t<div class=\"elementor-element elementor-element-7e8e959 elementor-widget elementor-widget-heading\" data-id=\"7e8e959\" data-element_type=\"widget\" data-e-type=\"widget\" data-widget_type=\"heading.default\">\n\t\t\t\t\t<h2 class=\"elementor-heading-title elementor-size-default\">Caf\u00e9 guatemalteco tambi\u00e9n es migrante<\/h2>\t\t\t\t<\/div>\n\t\t\t\t\t<\/div>\n\t\t<\/div>\n\t\t\t\t\t<\/div>\n\t\t<\/section>\n\t\t\t\t<section data-particle_enable=\"false\" data-particle-mobile-disabled=\"false\" class=\"elementor-section elementor-top-section elementor-element elementor-element-54cb3c2 elementor-section-boxed elementor-section-height-default elementor-section-height-default\" data-id=\"54cb3c2\" data-element_type=\"section\" data-e-type=\"section\">\n\t\t\t\t\t\t<div class=\"elementor-container elementor-column-gap-default\">\n\t\t\t\t\t<div class=\"elementor-column elementor-col-100 elementor-top-column elementor-element elementor-element-a195c22\" data-id=\"a195c22\" data-element_type=\"column\" data-e-type=\"column\">\n\t\t\t<div class=\"elementor-widget-wrap elementor-element-populated\">\n\t\t\t\t\t\t<div class=\"elementor-element elementor-element-6f43595 elementor-grid-eael-col-4 elementor-grid-tablet-eael-col-2 elementor-grid-mobile-eael-col-1 elementor-widget elementor-widget-eael-post-grid\" data-id=\"6f43595\" data-element_type=\"widget\" data-e-type=\"widget\" data-settings=\"{&quot;eael_post_grid_columns&quot;:&quot;eael-col-4&quot;,&quot;eael_post_grid_columns_tablet&quot;:&quot;eael-col-2&quot;,&quot;eael_post_grid_columns_mobile&quot;:&quot;eael-col-1&quot;}\" data-widget_type=\"eael-post-grid.default\">\n\t\t\t\t\t<div id=\"eael-post-grid-6f43595\" class=\"eael-post-grid-container\">\n            <div class=\"eael-post-grid eael-post-appender eael-post-appender-6f43595 eael-post-grid-style-one\" data-layout-mode=\"masonry\"><article class=\"eael-grid-post  eael-post-grid-column eael-pg-post-5499 category-estamos-unidos\" data-id=\"5499\">\n        <div class=\"eael-grid-post-holder\">\n            <div class=\"eael-grid-post-holder-inner\"><div class=\"eael-entry-media\"><div class=\"eael-entry-overlay fade-in\"><i class=\"far fa-hand-pointer\" aria-hidden=\"true\"><\/i><a href=\"https:\/\/soymigrante.com\/revista\/migrante-retornado-cafe-de-guatemala-campesinos-momostenango\/\"><\/a><\/div><div class=\"eael-entry-thumbnail \">\n                <img loading=\"lazy\" decoding=\"async\" width=\"300\" height=\"196\" src=\"https:\/\/soymigrante.com\/revista\/wp-content\/uploads\/2024\/03\/Captura-de-pantalla-2024-03-19-093618-300x196.webp\" class=\"attachment-medium size-medium wp-image-5500\" alt=\"Campesinos de Momostenango, Totonicap\u00e1n cultivan y cosechan el grano que llega a convertirse en la marca El alma del caf\u00e9 de Momostenango, distribuida por Momostipan, proyecto del migrante retornado Angel Ambrocio.\" srcset=\"https:\/\/soymigrante.com\/revista\/wp-content\/uploads\/2024\/03\/Captura-de-pantalla-2024-03-19-093618-300x196.webp 300w, https:\/\/soymigrante.com\/revista\/wp-content\/uploads\/2024\/03\/Captura-de-pantalla-2024-03-19-093618-1024x668.webp 1024w, https:\/\/soymigrante.com\/revista\/wp-content\/uploads\/2024\/03\/Captura-de-pantalla-2024-03-19-093618-768x501.webp 768w, https:\/\/soymigrante.com\/revista\/wp-content\/uploads\/2024\/03\/Captura-de-pantalla-2024-03-19-093618-750x489.webp 750w, https:\/\/soymigrante.com\/revista\/wp-content\/uploads\/2024\/03\/Captura-de-pantalla-2024-03-19-093618-1140x743.webp 1140w, https:\/\/soymigrante.com\/revista\/wp-content\/uploads\/2024\/03\/Captura-de-pantalla-2024-03-19-093618.webp 1353w\" sizes=\"(max-width: 300px) 100vw, 300px\" \/>\n            <\/div>\n        <\/div><div class=\"eael-entry-wrapper\"><header class=\"eael-entry-header\"><h2 class=\"eael-entry-title\"><a class=\"eael-grid-post-link\" href=\"https:\/\/soymigrante.com\/revista\/migrante-retornado-cafe-de-guatemala-campesinos-momostenango\/\" title=\"Caf\u00e9 de Guatemala: Migrante retornado impulsa a caficultores de Momostenango\">Caf\u00e9 de Guatemala: Migrante retornado impulsa a caficultores de Momostenango<\/a><\/h2><\/header><\/div><\/div>\n        <\/div>\n    <\/article><article class=\"eael-grid-post  eael-post-grid-column eael-pg-post-5161 category-exitos\" data-id=\"5161\">\n        <div class=\"eael-grid-post-holder\">\n            <div class=\"eael-grid-post-holder-inner\"><div class=\"eael-entry-media\"><div class=\"eael-entry-overlay fade-in\"><i class=\"far fa-hand-pointer\" aria-hidden=\"true\"><\/i><a href=\"https:\/\/soymigrante.com\/revista\/pierdan-el-miedo-porque-es-el-peor-enemigo-carol-paxtor\/\"><\/a><\/div><div class=\"eael-entry-thumbnail \">\n                <img loading=\"lazy\" decoding=\"async\" width=\"300\" height=\"261\" src=\"https:\/\/soymigrante.com\/revista\/wp-content\/uploads\/2024\/03\/Captura-de-pantalla-2024-02-25-223228-300x261.webp\" class=\"attachment-medium size-medium wp-image-5162\" alt=\"Carol Hern\u00e1ndez, migrante guatemalteca en Nueva York, cofundadora de Caf\u00e9 Tikal.\" srcset=\"https:\/\/soymigrante.com\/revista\/wp-content\/uploads\/2024\/03\/Captura-de-pantalla-2024-02-25-223228-300x261.webp 300w, https:\/\/soymigrante.com\/revista\/wp-content\/uploads\/2024\/03\/Captura-de-pantalla-2024-02-25-223228.webp 700w\" sizes=\"(max-width: 300px) 100vw, 300px\" \/>\n            <\/div>\n        <\/div><div class=\"eael-entry-wrapper\"><header class=\"eael-entry-header\"><h2 class=\"eael-entry-title\"><a class=\"eael-grid-post-link\" href=\"https:\/\/soymigrante.com\/revista\/pierdan-el-miedo-porque-es-el-peor-enemigo-carol-paxtor\/\" title=\"&#8220;Pierdan el miedo: es el peor enemigo&#8221;: Carol Paxtor, migrante y emprendedora en NY\">&#8220;Pierdan el miedo: es el peor enemigo&#8221;: Carol Paxtor, migrante y emprendedora en NY<\/a><\/h2><\/header><\/div><\/div>\n        <\/div>\n    <\/article><article class=\"eael-grid-post  eael-post-grid-column eael-pg-post-4731 category-exitos\" data-id=\"4731\">\n        <div class=\"eael-grid-post-holder\">\n            <div class=\"eael-grid-post-holder-inner\"><div class=\"eael-entry-media\"><div class=\"eael-entry-overlay fade-in\"><i class=\"far fa-hand-pointer\" aria-hidden=\"true\"><\/i><a href=\"https:\/\/soymigrante.com\/revista\/sofia-valdez-migrante-guatemalteca-oklahoma-cafe-familiar-la-antigua\/\"><\/a><\/div><div class=\"eael-entry-thumbnail \">\n                <img loading=\"lazy\" decoding=\"async\" width=\"300\" height=\"217\" src=\"https:\/\/soymigrante.com\/revista\/wp-content\/uploads\/2024\/02\/cafe-antigua-300x217.webp\" class=\"attachment-medium size-medium wp-image-4735\" alt=\"Ana Sof\u00eda Valdez, una migrante guatemalteca, impulsa el restaurante Caf\u00e9 Antigua con su ingenio culinario, pero tambi\u00e9n sirve como un inspirador ejemplo de empoderamiento femenino.\" srcset=\"https:\/\/soymigrante.com\/revista\/wp-content\/uploads\/2024\/02\/cafe-antigua-300x217.webp 300w, https:\/\/soymigrante.com\/revista\/wp-content\/uploads\/2024\/02\/cafe-antigua-1024x740.webp 1024w, https:\/\/soymigrante.com\/revista\/wp-content\/uploads\/2024\/02\/cafe-antigua-768x555.webp 768w, https:\/\/soymigrante.com\/revista\/wp-content\/uploads\/2024\/02\/cafe-antigua-1536x1109.webp 1536w, https:\/\/soymigrante.com\/revista\/wp-content\/uploads\/2024\/02\/cafe-antigua-120x86.webp 120w, https:\/\/soymigrante.com\/revista\/wp-content\/uploads\/2024\/02\/cafe-antigua-750x542.webp 750w, https:\/\/soymigrante.com\/revista\/wp-content\/uploads\/2024\/02\/cafe-antigua-1140x823.webp 1140w, https:\/\/soymigrante.com\/revista\/wp-content\/uploads\/2024\/02\/cafe-antigua.webp 1800w\" sizes=\"(max-width: 300px) 100vw, 300px\" \/>\n            <\/div>\n        <\/div><div class=\"eael-entry-wrapper\"><header class=\"eael-entry-header\"><h2 class=\"eael-entry-title\"><a class=\"eael-grid-post-link\" href=\"https:\/\/soymigrante.com\/revista\/sofia-valdez-migrante-guatemalteca-oklahoma-cafe-familiar-la-antigua\/\" title=\"Migrante Sof\u00eda Valdez florece en el caf\u00e9 familiar La Antigua\">Migrante Sof\u00eda Valdez florece en el caf\u00e9 familiar La Antigua<\/a><\/h2><\/header><\/div><\/div>\n        <\/div>\n    <\/article><article class=\"eael-grid-post  eael-post-grid-column eael-pg-post-2535 category-exitos\" data-id=\"2535\">\n        <div class=\"eael-grid-post-holder\">\n            <div class=\"eael-grid-post-holder-inner\"><div class=\"eael-entry-media\"><div class=\"eael-entry-overlay fade-in\"><i class=\"far fa-hand-pointer\" aria-hidden=\"true\"><\/i><a href=\"https:\/\/soymigrante.com\/revista\/little-guatemala-florece-en-carolina-del-norte-el-sueno-del-migrante-y-emprendedor-cristian-ramazzini\/\"><\/a><\/div><div class=\"eael-entry-thumbnail \">\n                <img loading=\"lazy\" decoding=\"async\" width=\"300\" height=\"300\" src=\"https:\/\/soymigrante.com\/revista\/wp-content\/uploads\/2023\/09\/Proyecto-Little-Guatemala-del-migrante-guatemalteco-Cristian-Ramazzini-en-Carolina-del-Norte-1-1-300x300.webp\" class=\"attachment-medium size-medium wp-image-2567\" alt=\"\" srcset=\"https:\/\/soymigrante.com\/revista\/wp-content\/uploads\/2023\/09\/Proyecto-Little-Guatemala-del-migrante-guatemalteco-Cristian-Ramazzini-en-Carolina-del-Norte-1-1-300x300.webp 300w, https:\/\/soymigrante.com\/revista\/wp-content\/uploads\/2023\/09\/Proyecto-Little-Guatemala-del-migrante-guatemalteco-Cristian-Ramazzini-en-Carolina-del-Norte-1-1-1024x1024.webp 1024w, https:\/\/soymigrante.com\/revista\/wp-content\/uploads\/2023\/09\/Proyecto-Little-Guatemala-del-migrante-guatemalteco-Cristian-Ramazzini-en-Carolina-del-Norte-1-1-150x150.webp 150w, https:\/\/soymigrante.com\/revista\/wp-content\/uploads\/2023\/09\/Proyecto-Little-Guatemala-del-migrante-guatemalteco-Cristian-Ramazzini-en-Carolina-del-Norte-1-1-768x768.webp 768w, https:\/\/soymigrante.com\/revista\/wp-content\/uploads\/2023\/09\/Proyecto-Little-Guatemala-del-migrante-guatemalteco-Cristian-Ramazzini-en-Carolina-del-Norte-1-1-75x75.webp 75w, https:\/\/soymigrante.com\/revista\/wp-content\/uploads\/2023\/09\/Proyecto-Little-Guatemala-del-migrante-guatemalteco-Cristian-Ramazzini-en-Carolina-del-Norte-1-1-750x750.webp 750w, https:\/\/soymigrante.com\/revista\/wp-content\/uploads\/2023\/09\/Proyecto-Little-Guatemala-del-migrante-guatemalteco-Cristian-Ramazzini-en-Carolina-del-Norte-1-1-1140x1140.webp 1140w, https:\/\/soymigrante.com\/revista\/wp-content\/uploads\/2023\/09\/Proyecto-Little-Guatemala-del-migrante-guatemalteco-Cristian-Ramazzini-en-Carolina-del-Norte-1-1-600x600.webp 600w, https:\/\/soymigrante.com\/revista\/wp-content\/uploads\/2023\/09\/Proyecto-Little-Guatemala-del-migrante-guatemalteco-Cristian-Ramazzini-en-Carolina-del-Norte-1-1.webp 1190w\" sizes=\"(max-width: 300px) 100vw, 300px\" \/>\n            <\/div>\n        <\/div><div class=\"eael-entry-wrapper\"><header class=\"eael-entry-header\"><h2 class=\"eael-entry-title\"><a class=\"eael-grid-post-link\" href=\"https:\/\/soymigrante.com\/revista\/little-guatemala-florece-en-carolina-del-norte-el-sueno-del-migrante-y-emprendedor-cristian-ramazzini\/\" title=\"Little Guatemala florece en Carolina del Norte: el sue\u00f1o del migrante y emprendedor Cristian Ramazzini\">Little Guatemala florece en Carolina del Norte: el sue\u00f1o del migrante y emprendedor Cristian Ramazzini<\/a><\/h2><\/header><\/div><\/div>\n        <\/div>\n    <\/article><\/div>\n            <div class=\"clearfix\"><\/div>\n        <\/div>\t\t\t\t<\/div>\n\t\t\t\t\t<\/div>\n\t\t<\/div>\n\t\t\t\t\t<\/div>\n\t\t<\/section>\n\t\t\t\t<\/div>\n\t\t","protected":false},"excerpt":{"rendered":"<p>A H\u00e9ctor Mej\u00eda Zamora le iba bien en su negocio cuando migr\u00f3 a Estados Unidos. Tard\u00f3 varios a\u00f1os en emprender su actual proyecto: un coffee shop en Portland, Oregon. Dificultades, sue\u00f1os y avances se mezclan en su historia de \u00e9xito. El emprendedor santarrose\u00f1o H\u00e9ctor Mej\u00eda Zamora fund\u00f3 Zamora coffee shop en Portland, Oreg\u00f3n en 2019. [&hellip;]<\/p>\n","protected":false},"author":7,"featured_media":6114,"comment_status":"open","ping_status":"open","sticky":false,"template":"","format":"standard","meta":{"_acf_changed":false,"_eb_attr":"","footnotes":""},"categories":[50],"tags":[],"class_list":["post-6083","post","type-post","status-publish","format-standard","has-post-thumbnail","hentry","category-exitos"],"acf":[],"aioseo_notices":[],"aioseo_head":"\n\t\t<!-- All in One SEO Pro 4.9.6.2 - aioseo.com -->\n\t<meta name=\"description\" content=\"Ni f\u00e1cil ni r\u00e1pida ha sido la historia de la tienda, caf\u00e9, restaurante, centro deportivo y cultural Little Guatemala en Carolina del Norte: pero es su \u00e9xito es real gracias al amor, trabajo e ingenio del migrante guatemalteco Christian Ramazzini y su esposa Erica. Lo m\u00e1s reciente: Guate Fest 2023 Se cumple un gran sue\u00f1o Little Guatemala es un proyecto cultural, comercial, social y deportivo en el coraz\u00f3n de Morganton, Carolina del Norte, impulsado por el migrante guatemalteco Christian Ramazzini.\" \/>\n\t<meta name=\"robots\" content=\"max-snippet:-1, max-image-preview:large, max-video-preview:-1\" \/>\n\t<meta name=\"author\" content=\"Gustavo Montenegro\"\/>\n\t<link rel=\"canonical\" href=\"https:\/\/soymigrante.com\/revista\/cafe-zamora-florece-en-oregon-con-grano-migrante-de-santa-rosa-guatemala\/\" \/>\n\t<meta name=\"generator\" content=\"All in One SEO Pro (AIOSEO) 4.9.6.2\" \/>\n\n\t\t<link rel=\"preconnect\" href=\"https:\/\/fonts.googleapis.com\" crossorigin>\n<link rel=\"preconnect\" href=\"https:\/\/fonts.gstatic.com\" crossorigin>\n\t\t<meta property=\"og:locale\" content=\"es_ES\" \/>\n\t\t<meta property=\"og:site_name\" content=\"SoyMigrante.com REVISTA \u2013 Nuestra misi\u00f3n es reconocer y dignificar al migrante.\" \/>\n\t\t<meta property=\"og:type\" content=\"article\" \/>\n\t\t<meta property=\"og:title\" content=\"Hector Mej\u00eda y caf\u00e9 Zamora llevan el sabor de Santa Rosa a \u00d3regon y m\u00e1s all\u00e1\" \/>\n\t\t<meta property=\"og:description\" content=\"A H\u00e9ctor Mej\u00eda Zamora le iba bien en su negocio cuando migr\u00f3 a Estados Unidos. Tard\u00f3 varios a\u00f1os en emprender su actual proyecto: un coffee shop en Portland, Oregon. Dificultades, sue\u00f1os y avances se mezclan en su historia de \u00e9xito. El emprendedor santarrose\u00f1o H\u00e9ctor Mej\u00eda Zamora fund\u00f3 Zamora coffee shop en Portland, Oreg\u00f3n en 2019.\" \/>\n\t\t<meta property=\"og:url\" content=\"https:\/\/soymigrante.com\/revista\/cafe-zamora-florece-en-oregon-con-grano-migrante-de-santa-rosa-guatemala\/\" \/>\n\t\t<meta property=\"og:image\" content=\"https:\/\/soymigrante.com\/revista\/wp-content\/uploads\/2024\/04\/hector-zamora.webp\" \/>\n\t\t<meta property=\"og:image:secure_url\" content=\"https:\/\/soymigrante.com\/revista\/wp-content\/uploads\/2024\/04\/hector-zamora.webp\" \/>\n\t\t<meta property=\"og:image:width\" content=\"748\" \/>\n\t\t<meta property=\"og:image:height\" content=\"736\" \/>\n\t\t<meta property=\"article:published_time\" content=\"2024-04-22T22:56:11+00:00\" \/>\n\t\t<meta property=\"article:modified_time\" content=\"2026-03-05T22:29:09+00:00\" \/>\n\t\t<meta property=\"article:publisher\" content=\"https:\/\/www.facebook.com\/soymigrantecom\" \/>\n\t\t<meta name=\"twitter:card\" content=\"summary_large_image\" \/>\n\t\t<meta name=\"twitter:site\" content=\"@SoyMigrante_com\" \/>\n\t\t<meta name=\"twitter:title\" content=\"Hector Mej\u00eda y caf\u00e9 Zamora llevan el sabor de Santa Rosa a \u00d3regon y m\u00e1s all\u00e1\" \/>\n\t\t<meta name=\"twitter:description\" content=\"A H\u00e9ctor Mej\u00eda Zamora le iba bien en su negocio cuando migr\u00f3 a Estados Unidos. Tard\u00f3 varios a\u00f1os en emprender su actual proyecto: un coffee shop en Portland, Oregon. Dificultades, sue\u00f1os y avances se mezclan en su historia de \u00e9xito. El emprendedor santarrose\u00f1o H\u00e9ctor Mej\u00eda Zamora fund\u00f3 Zamora coffee shop en Portland, Oreg\u00f3n en 2019.\" \/>\n\t\t<meta name=\"twitter:creator\" content=\"@SoyMigrante_com\" \/>\n\t\t<meta name=\"twitter:image\" content=\"https:\/\/soymigrante.com\/revista\/wp-content\/uploads\/2024\/04\/hector-zamora.webp\" \/>\n\t\t<!-- All in One SEO Pro -->\r\n\t\t<title>Hector Mej\u00eda y caf\u00e9 Zamora llevan el sabor de Santa Rosa a \u00d3regon y m\u00e1s all\u00e1<\/title>\n\n","aioseo_head_json":{"title":"Hector Mej\u00eda y caf\u00e9 Zamora llevan el sabor de Santa Rosa a \u00d3regon y m\u00e1s all\u00e1","description":"A H\u00e9ctor Mej\u00eda Zamora le iba bien en su negocio cuando migr\u00f3 a Estados Unidos. Tard\u00f3 varios a\u00f1os en emprender su actual proyecto: un coffee shop en Portland, Oregon. Dificultades, sue\u00f1os y avances se mezclan en su historia de \u00e9xito. El emprendedor santarrose\u00f1o H\u00e9ctor Mej\u00eda Zamora fund\u00f3 Zamora coffee shop en Portland, Oreg\u00f3n en 2019.","canonical_url":"https:\/\/soymigrante.com\/revista\/cafe-zamora-florece-en-oregon-con-grano-migrante-de-santa-rosa-guatemala\/","robots":"max-snippet:-1, max-image-preview:large, max-video-preview:-1","keywords":"","webmasterTools":{"miscellaneous":"&lt;link rel=\"preconnect\" href=\"https:\/\/fonts.googleapis.com\" crossorigin&gt;\n&lt;link rel=\"preconnect\" href=\"https:\/\/fonts.gstatic.com\" crossorigin&gt;"},"schema":null,"og:locale":"es_ES","og:site_name":"SoyMigrante.com REVISTA \u2013 Nuestra misi\u00f3n es reconocer y dignificar al migrante.","og:type":"article","og:title":"Hector Mej\u00eda y caf\u00e9 Zamora llevan el sabor de Santa Rosa a \u00d3regon y m\u00e1s all\u00e1","og:description":"A H\u00e9ctor Mej\u00eda Zamora le iba bien en su negocio cuando migr\u00f3 a Estados Unidos. Tard\u00f3 varios a\u00f1os en emprender su actual proyecto: un coffee shop en Portland, Oregon. Dificultades, sue\u00f1os y avances se mezclan en su historia de \u00e9xito. El emprendedor santarrose\u00f1o H\u00e9ctor Mej\u00eda Zamora fund\u00f3 Zamora coffee shop en Portland, Oreg\u00f3n en 2019.","og:url":"https:\/\/soymigrante.com\/revista\/cafe-zamora-florece-en-oregon-con-grano-migrante-de-santa-rosa-guatemala\/","og:image":"https:\/\/soymigrante.com\/revista\/wp-content\/uploads\/2024\/04\/hector-zamora.webp","og:image:secure_url":"https:\/\/soymigrante.com\/revista\/wp-content\/uploads\/2024\/04\/hector-zamora.webp","og:image:width":748,"og:image:height":736,"article:published_time":"2024-04-22T22:56:11+00:00","article:modified_time":"2026-03-05T22:29:09+00:00","article:publisher":"https:\/\/www.facebook.com\/soymigrantecom","twitter:card":"summary_large_image","twitter:site":"@SoyMigrante_com","twitter:title":"Hector Mej\u00eda y caf\u00e9 Zamora llevan el sabor de Santa Rosa a \u00d3regon y m\u00e1s all\u00e1","twitter:description":"A H\u00e9ctor Mej\u00eda Zamora le iba bien en su negocio cuando migr\u00f3 a Estados Unidos. Tard\u00f3 varios a\u00f1os en emprender su actual proyecto: un coffee shop en Portland, Oregon. Dificultades, sue\u00f1os y avances se mezclan en su historia de \u00e9xito. El emprendedor santarrose\u00f1o H\u00e9ctor Mej\u00eda Zamora fund\u00f3 Zamora coffee shop en Portland, Oreg\u00f3n en 2019.","twitter:creator":"@SoyMigrante_com","twitter:image":"https:\/\/soymigrante.com\/revista\/wp-content\/uploads\/2024\/04\/hector-zamora.webp"},"aioseo_meta_data":{"post_id":"6083","title":null,"description":null,"keywords":[],"keyphrases":{"focus":{"keyphrase":"Migrante","score":60,"analysis":{"keyphraseInTitle":{"score":3,"maxScore":9,"error":1},"keyphraseInDescription":{"score":9,"maxScore":9,"error":0},"keyphraseLength":{"score":9,"maxScore":9,"error":0,"length":1},"keyphraseInURL":{"score":5,"maxScore":5,"error":0},"keyphraseInIntroduction":{"score":3,"maxScore":9,"error":1},"keyphraseInSubHeadings":{"score":3,"maxScore":9,"error":1},"keyphraseInImageAlt":{"score":9,"maxScore":9,"error":0},"keywordDensity":{"score":0,"type":"low","maxScore":9,"error":1}}},"additional":[]},"primary_term":null,"canonical_url":null,"og_title":null,"og_description":null,"og_object_type":"default","og_image_type":"default","og_image_url":null,"og_image_width":null,"og_image_height":null,"og_image_custom_url":null,"og_image_custom_fields":null,"og_video":"","og_custom_url":null,"og_article_section":null,"og_article_tags":[],"twitter_use_og":false,"twitter_card":"default","twitter_image_type":"default","twitter_image_url":null,"twitter_image_custom_url":null,"twitter_image_custom_fields":null,"twitter_title":null,"twitter_description":null,"schema":{"blockGraphs":[],"customGraphs":[],"default":{"data":{"Article":[],"Course":[],"Dataset":[],"FAQPage":[],"Movie":[],"Person":[],"Product":[],"ProductReview":[],"Car":[],"Recipe":[],"Service":[],"SoftwareApplication":[],"WebPage":[]},"graphName":"BlogPosting","isEnabled":true},"graphs":[]},"schema_type":"default","schema_type_options":null,"pillar_content":false,"robots_default":true,"robots_noindex":false,"robots_noarchive":false,"robots_nosnippet":false,"robots_nofollow":false,"robots_noimageindex":false,"robots_noodp":false,"robots_notranslate":false,"robots_max_snippet":"-1","robots_max_videopreview":"-1","robots_max_imagepreview":"large","priority":null,"frequency":"default","local_seo":null,"seo_analyzer_scan_date":"2026-03-09 21:43:26","breadcrumb_settings":null,"limit_modified_date":false,"reviewed_by":null,"open_ai":null,"ai":null,"created":"2024-04-22 19:47:42","updated":"2026-03-09 21:43:26"},"aioseo_breadcrumb":"<div class=\"aioseo-breadcrumbs\"><span class=\"aioseo-breadcrumb\">\n\t<a href=\"https:\/\/soymigrante.com\/revista\" title=\"Home\">Home<\/a>\n<\/span><span class=\"aioseo-breadcrumb-separator\">\u00bb<\/span><span class=\"aioseo-breadcrumb\">\n\t<a href=\"https:\/\/soymigrante.com\/revista\/category\/exitos\/\" title=\"\u00c9xitos\">\u00c9xitos<\/a>\n<\/span><span class=\"aioseo-breadcrumb-separator\">\u00bb<\/span><span class=\"aioseo-breadcrumb\">\n\tHector Mej\u00eda y caf\u00e9 Zamora llevan el sabor de Santa Rosa a \u00d3regon y m\u00e1s all\u00e1\n<\/span><\/div>","aioseo_breadcrumb_json":[{"label":"Home","link":"https:\/\/soymigrante.com\/revista"},{"label":"\u00c9xitos","link":"https:\/\/soymigrante.com\/revista\/category\/exitos\/"},{"label":"Hector Mej\u00eda y caf\u00e9 Zamora llevan el sabor de Santa Rosa a \u00d3regon y m\u00e1s all\u00e1","link":"https:\/\/soymigrante.com\/revista\/cafe-zamora-florece-en-oregon-con-grano-migrante-de-santa-rosa-guatemala\/"}],"_links":{"self":[{"href":"https:\/\/soymigrante.com\/revista\/wp-json\/wp\/v2\/posts\/6083","targetHints":{"allow":["GET"]}}],"collection":[{"href":"https:\/\/soymigrante.com\/revista\/wp-json\/wp\/v2\/posts"}],"about":[{"href":"https:\/\/soymigrante.com\/revista\/wp-json\/wp\/v2\/types\/post"}],"author":[{"embeddable":true,"href":"https:\/\/soymigrante.com\/revista\/wp-json\/wp\/v2\/users\/7"}],"replies":[{"embeddable":true,"href":"https:\/\/soymigrante.com\/revista\/wp-json\/wp\/v2\/comments?post=6083"}],"version-history":[{"count":9,"href":"https:\/\/soymigrante.com\/revista\/wp-json\/wp\/v2\/posts\/6083\/revisions"}],"predecessor-version":[{"id":53257,"href":"https:\/\/soymigrante.com\/revista\/wp-json\/wp\/v2\/posts\/6083\/revisions\/53257"}],"wp:featuredmedia":[{"embeddable":true,"href":"https:\/\/soymigrante.com\/revista\/wp-json\/wp\/v2\/media\/6114"}],"wp:attachment":[{"href":"https:\/\/soymigrante.com\/revista\/wp-json\/wp\/v2\/media?parent=6083"}],"wp:term":[{"taxonomy":"category","embeddable":true,"href":"https:\/\/soymigrante.com\/revista\/wp-json\/wp\/v2\/categories?post=6083"},{"taxonomy":"post_tag","embeddable":true,"href":"https:\/\/soymigrante.com\/revista\/wp-json\/wp\/v2\/tags?post=6083"}],"curies":[{"name":"wp","href":"https:\/\/api.w.org\/{rel}","templated":true}]}}