{"id":6048,"date":"2024-04-17T15:09:04","date_gmt":"2024-04-17T21:09:04","guid":{"rendered":"https:\/\/soymigrante.com\/revista\/?p=6048"},"modified":"2024-07-29T20:49:22","modified_gmt":"2024-07-30T02:49:22","slug":"padre-guatemalteco-dedica-emotivo-poema-a-sus-hijos-migrantes","status":"publish","type":"post","link":"https:\/\/soymigrante.com\/revista\/padre-guatemalteco-dedica-emotivo-poema-a-sus-hijos-migrantes\/","title":{"rendered":"Padre guatemalteco dedica emotivo poema a sus hijos migrantes"},"content":{"rendered":"\t\t<div data-elementor-type=\"wp-post\" data-elementor-id=\"6048\" class=\"elementor elementor-6048\" data-elementor-post-type=\"post\">\n\t\t\t\t\t\t<section data-particle_enable=\"false\" data-particle-mobile-disabled=\"false\" class=\"elementor-section elementor-top-section elementor-element elementor-element-e73f029 elementor-section-boxed elementor-section-height-default elementor-section-height-default\" data-id=\"e73f029\" data-element_type=\"section\" data-e-type=\"section\">\n\t\t\t\t\t\t<div class=\"elementor-container elementor-column-gap-default\">\n\t\t\t\t\t<div class=\"elementor-column elementor-col-100 elementor-top-column elementor-element elementor-element-e79ecad\" data-id=\"e79ecad\" data-element_type=\"column\" data-e-type=\"column\">\n\t\t\t<div class=\"elementor-widget-wrap elementor-element-populated\">\n\t\t\t\t\t\t<div class=\"elementor-element elementor-element-cf116b2 elementor-widget elementor-widget-heading\" data-id=\"cf116b2\" data-element_type=\"widget\" data-e-type=\"widget\" data-widget_type=\"heading.default\">\n\t\t\t\t\t<h2 class=\"elementor-heading-title elementor-size-default\">Conmovido por la partida de su segundo hijo hacia EE.UU., Jerem\u00edas P\u00e9rez, escribi\u00f3 un poema dedicado a sus hijos migrantes y a todos los guatemaltecos que tomaron la dif\u00edcil decisi\u00f3n de migrar. <i>El Migrante Guatemalteco<\/i>, ha hecho llorar a m\u00e1s de alg\u00fan connacional. <\/h2>\t\t\t\t<\/div>\n\t\t\t\t\t<\/div>\n\t\t<\/div>\n\t\t\t\t\t<\/div>\n\t\t<\/section>\n\t\t\t\t<section data-particle_enable=\"false\" data-particle-mobile-disabled=\"false\" class=\"elementor-section elementor-top-section elementor-element elementor-element-9d8dd1a elementor-section-boxed elementor-section-height-default elementor-section-height-default\" data-id=\"9d8dd1a\" data-element_type=\"section\" data-e-type=\"section\">\n\t\t\t\t\t\t<div class=\"elementor-container elementor-column-gap-default\">\n\t\t\t\t\t<div class=\"elementor-column elementor-col-100 elementor-top-column elementor-element elementor-element-6eda935\" data-id=\"6eda935\" data-element_type=\"column\" data-e-type=\"column\">\n\t\t\t<div class=\"elementor-widget-wrap elementor-element-populated\">\n\t\t\t\t\t\t<div class=\"elementor-element elementor-element-47c361a elementor-widget elementor-widget-text-editor\" data-id=\"47c361a\" data-element_type=\"widget\" data-e-type=\"widget\" data-widget_type=\"text-editor.default\">\n\t\t\t\t\t\t\t\t\t<p>\u201cEl poema lo escrib\u00ed en el 2022, en ese a\u00f1o mi segundo hijo, Luis P\u00e9rez Gonz\u00e1lez, de 28 a\u00f1os, tom\u00f3 la decisi\u00f3n de irse porque aqu\u00ed en Guatemala es dif\u00edcil encontrar trabajo. Mi patojo se gradu\u00f3 de Maestro de Educaci\u00f3n Media; sin embargo, el salario era de Q1,200. Me dec\u00eda: \u201cpap\u00e1 eso no alcanzaba para vivir\u201d, cuenta P\u00e9rez.<\/p><p>Adem\u00e1s de la separaci\u00f3n de sus hijos, el maestro Jerem\u00edas a lo largo de su carrera como profesor en su natal San Miguel Ixtahuac\u00e1n, San Marcos, conoci\u00f3 historias de sus estudiantes que agobiados por la pobreza, falta de empleo, corrupci\u00f3n y violencia, abandonaron la escuela y <a href=\"https:\/\/soymigrante.com\/revista\/chapines-prefieren-california-vivir-trabajo-cuantos-guatemaltecos\/\">migraron.<\/a><\/p><p>\u201cMe han llamado migrantes a quienes no conozco, estudiantes y amigos para contarme que han llorado con el poema. Escrib\u00ed el poema no solo por mis hijos. Conozco historias tristes de <a href=\"https:\/\/soymigrante.com\/revista\/migracion-jovenes-guatemaltecos-falta-oportunidades-necesitamos-desarrollo\/\">migrantes que sufrieron en el desierto<\/a> o al pasar por M\u00e9xico y todo para salir adelante, pagar deudas y mejorar las condiciones de vida de una familia\u201d.<\/p><p>Parte del poema dice: <i>\u201cHoy que me encuentro lejos de mi patria, lejos de mis padres y de mis hermanos, lejos de mi esposa y de mis hijos. Mi Coraz\u00f3n se parte en mil pedazos\u201d&#8230;<\/i><\/p>\t\t\t\t\t\t\t\t<\/div>\n\t\t\t\t\t<\/div>\n\t\t<\/div>\n\t\t\t\t\t<\/div>\n\t\t<\/section>\n\t\t\t\t<section data-particle_enable=\"false\" data-particle-mobile-disabled=\"false\" class=\"elementor-section elementor-top-section elementor-element elementor-element-98ef6f2 elementor-section-boxed elementor-section-height-default elementor-section-height-default\" data-id=\"98ef6f2\" data-element_type=\"section\" data-e-type=\"section\">\n\t\t\t\t\t\t<div class=\"elementor-container elementor-column-gap-default\">\n\t\t\t\t\t<div class=\"elementor-column elementor-col-100 elementor-top-column elementor-element elementor-element-3495498\" data-id=\"3495498\" data-element_type=\"column\" data-e-type=\"column\">\n\t\t\t<div class=\"elementor-widget-wrap elementor-element-populated\">\n\t\t\t\t\t\t<div class=\"elementor-element elementor-element-5e50c61 elementor-widget elementor-widget-video\" data-id=\"5e50c61\" data-element_type=\"widget\" data-e-type=\"widget\" data-settings=\"{&quot;youtube_url&quot;:&quot;https:\\\/\\\/www.youtube.com\\\/watch?v=6FolWGzmMlc&quot;,&quot;start&quot;:30,&quot;autoplay&quot;:&quot;yes&quot;,&quot;video_type&quot;:&quot;youtube&quot;,&quot;controls&quot;:&quot;yes&quot;}\" data-widget_type=\"video.default\">\n\t\t\t\t\t\t\t<div class=\"elementor-wrapper elementor-open-inline\">\n\t\t\t<div class=\"elementor-video\"><\/div>\t\t<\/div>\n\t\t\t\t\t\t<\/div>\n\t\t\t\t\t<\/div>\n\t\t<\/div>\n\t\t\t\t\t<\/div>\n\t\t<\/section>\n\t\t\t\t<section data-particle_enable=\"false\" data-particle-mobile-disabled=\"false\" class=\"elementor-section elementor-top-section elementor-element elementor-element-c855b11 elementor-section-boxed elementor-section-height-default elementor-section-height-default\" data-id=\"c855b11\" data-element_type=\"section\" data-e-type=\"section\">\n\t\t\t\t\t\t<div class=\"elementor-container elementor-column-gap-default\">\n\t\t\t\t\t<div class=\"elementor-column elementor-col-100 elementor-top-column elementor-element elementor-element-57d15d3\" data-id=\"57d15d3\" data-element_type=\"column\" data-e-type=\"column\">\n\t\t\t<div class=\"elementor-widget-wrap elementor-element-populated\">\n\t\t\t\t\t\t<div class=\"elementor-element elementor-element-8076335 elementor-widget elementor-widget-heading\" data-id=\"8076335\" data-element_type=\"widget\" data-e-type=\"widget\" data-widget_type=\"heading.default\">\n\t\t\t\t\t<h3 class=\"elementor-heading-title elementor-size-default\">En Atlanta est\u00e1 el sentimiento del profe<\/h3>\t\t\t\t<\/div>\n\t\t\t\t\t<\/div>\n\t\t<\/div>\n\t\t\t\t\t<\/div>\n\t\t<\/section>\n\t\t\t\t<section data-particle_enable=\"false\" data-particle-mobile-disabled=\"false\" class=\"elementor-section elementor-top-section elementor-element elementor-element-26b9005 elementor-section-boxed elementor-section-height-default elementor-section-height-default\" data-id=\"26b9005\" data-element_type=\"section\" data-e-type=\"section\">\n\t\t\t\t\t\t<div class=\"elementor-container elementor-column-gap-default\">\n\t\t\t\t\t<div class=\"elementor-column elementor-col-100 elementor-top-column elementor-element elementor-element-ac869e9\" data-id=\"ac869e9\" data-element_type=\"column\" data-e-type=\"column\">\n\t\t\t<div class=\"elementor-widget-wrap elementor-element-populated\">\n\t\t\t\t\t\t<div class=\"elementor-element elementor-element-eb7a007 elementor-widget elementor-widget-text-editor\" data-id=\"eb7a007\" data-element_type=\"widget\" data-e-type=\"widget\" data-widget_type=\"text-editor.default\">\n\t\t\t\t\t\t\t\t\t<p>Jos\u00e9 Manuel P\u00e9rez, 30 a\u00f1os, es el mayor de cuatro hermanos. Jerem\u00edas explica que su hijo migr\u00f3 en el 2021. \u201cLa necesidad de mantener una familia oblig\u00f3 a mi muchacho irse al norte. Sufri\u00f3 para llegar, son cosas de la vida y no ha sido f\u00e1cil porque all\u00e1 se sufre\u201d, comparte.<\/p><p>El segundo hijo del profe Jerem\u00edas migr\u00f3 motivado por su hermano Jos\u00e9 Manuel qui\u00e9n se estableci\u00f3 en <a href=\"https:\/\/soymigrante.com\/revista\/consulado-de-guatemala-en-atlanta-hoarios-ubicacion\/\">Atlanta, Georgia.<\/a> \u201cMi primer hijo trabaja en una oficina de computadoras ingresando datos y formulas, el segundo, en una f\u00e1brica de azulejos y maneja maquinaria pesada. Mis hijos son mi motivaci\u00f3n y ese sentimiento me llev\u00f3 a escribir el poema es lo que un padre siente cuando sus hijos dejan la casa, pero en este caso abandonaron la casa y el pa\u00eds\u201d.<\/p><p>Los otros hijos de profesor viven con \u00e9l en San Miguel Ixtahuac\u00e1n, su \u00fanica hija, Marsella, es licenciada en psicolog\u00eda, tiene 25 a\u00f1os, y el menor, de 23 a\u00f1os, estudia en la universidad.\u00a0<\/p>\t\t\t\t\t\t\t\t<\/div>\n\t\t\t\t\t<\/div>\n\t\t<\/div>\n\t\t\t\t\t<\/div>\n\t\t<\/section>\n\t\t\t\t<section data-particle_enable=\"false\" data-particle-mobile-disabled=\"false\" class=\"elementor-section elementor-top-section elementor-element elementor-element-c0717a4 elementor-section-boxed elementor-section-height-default elementor-section-height-default\" data-id=\"c0717a4\" data-element_type=\"section\" data-e-type=\"section\">\n\t\t\t\t\t\t<div class=\"elementor-container elementor-column-gap-default\">\n\t\t\t\t\t<div class=\"elementor-column elementor-col-100 elementor-top-column elementor-element elementor-element-c262b56\" data-id=\"c262b56\" data-element_type=\"column\" data-e-type=\"column\">\n\t\t\t<div class=\"elementor-widget-wrap elementor-element-populated\">\n\t\t\t\t\t\t<div class=\"elementor-element elementor-element-5fe55a8 elementor-widget elementor-widget-heading\" data-id=\"5fe55a8\" data-element_type=\"widget\" data-e-type=\"widget\" data-widget_type=\"heading.default\">\n\t\t\t\t\t<h3 class=\"elementor-heading-title elementor-size-default\">Quiero migrar: dice el profe<\/h3>\t\t\t\t<\/div>\n\t\t\t\t\t<\/div>\n\t\t<\/div>\n\t\t\t\t\t<\/div>\n\t\t<\/section>\n\t\t\t\t<section data-particle_enable=\"false\" data-particle-mobile-disabled=\"false\" class=\"elementor-section elementor-top-section elementor-element elementor-element-3efee14 elementor-section-boxed elementor-section-height-default elementor-section-height-default\" data-id=\"3efee14\" data-element_type=\"section\" data-e-type=\"section\">\n\t\t\t\t\t\t<div class=\"elementor-container elementor-column-gap-default\">\n\t\t\t\t\t<div class=\"elementor-column elementor-col-100 elementor-top-column elementor-element elementor-element-36cd5b7\" data-id=\"36cd5b7\" data-element_type=\"column\" data-e-type=\"column\">\n\t\t\t<div class=\"elementor-widget-wrap elementor-element-populated\">\n\t\t\t\t\t\t<div class=\"elementor-element elementor-element-62dc8fc elementor-widget elementor-widget-text-editor\" data-id=\"62dc8fc\" data-element_type=\"widget\" data-e-type=\"widget\" data-widget_type=\"text-editor.default\">\n\t\t\t\t\t\t\t\t\t<p>Con la partida de sus hijos a Estados Unidos y de conocer historias alegres y tristes de paisanos miguelenses y marquenses. El profe Jerem\u00edas quiere migrar para vivir en carne propia la traves\u00eda que hicieron sus hijos y que hacen miles de <a href=\"https:\/\/soymigrante.com\/revista\/tps-para-guatemala-que-se-necesita-para-lograr-este-beneficio-para-migrantes-en-ee-uu\/\">migrantes por llegar a los USA.<\/a><\/p>\n<p>\u201cFui a solicitar visa a la Embajada de Estados Unidos, quiero conocer ese pa\u00eds y encontrarme con mis hijos y conocidos; me gustar\u00eda visitar Oakland.&#8221; <br>Adem\u00e1s nunca se olvida de su don de servicio: &#8220;Estoy jubilado, pero quiero trabajar en algo y si es de maestro mejor porque mi vocaci\u00f3n es servir. Me gustar\u00eda ense\u00f1ar a ni\u00f1os en Huehuetenango\u201d, comenta el profesor.<\/p>\t\t\t\t\t\t\t\t<\/div>\n\t\t\t\t\t<\/div>\n\t\t<\/div>\n\t\t\t\t\t<\/div>\n\t\t<\/section>\n\t\t\t\t<section data-particle_enable=\"false\" data-particle-mobile-disabled=\"false\" class=\"elementor-section elementor-top-section elementor-element elementor-element-39df644 elementor-section-boxed elementor-section-height-default elementor-section-height-default\" data-id=\"39df644\" data-element_type=\"section\" data-e-type=\"section\">\n\t\t\t\t\t\t<div class=\"elementor-container elementor-column-gap-default\">\n\t\t\t\t\t<div class=\"elementor-column elementor-col-100 elementor-top-column elementor-element elementor-element-722d215\" data-id=\"722d215\" data-element_type=\"column\" data-e-type=\"column\">\n\t\t\t<div class=\"elementor-widget-wrap elementor-element-populated\">\n\t\t\t\t\t\t<div class=\"elementor-element elementor-element-25836a1 elementor-widget-divider--view-line elementor-widget elementor-widget-divider\" data-id=\"25836a1\" data-element_type=\"widget\" data-e-type=\"widget\" data-widget_type=\"divider.default\">\n\t\t\t\t\t\t\t<div class=\"elementor-divider\">\n\t\t\t<span class=\"elementor-divider-separator\">\n\t\t\t\t\t\t<\/span>\n\t\t<\/div>\n\t\t\t\t\t\t<\/div>\n\t\t\t\t\t<\/div>\n\t\t<\/div>\n\t\t\t\t\t<\/div>\n\t\t<\/section>\n\t\t\t\t<section data-particle_enable=\"false\" data-particle-mobile-disabled=\"false\" class=\"elementor-section elementor-top-section elementor-element elementor-element-2f84d69 elementor-section-boxed elementor-section-height-default elementor-section-height-default\" data-id=\"2f84d69\" data-element_type=\"section\" data-e-type=\"section\">\n\t\t\t\t\t\t<div class=\"elementor-container elementor-column-gap-default\">\n\t\t\t\t\t<div class=\"elementor-column elementor-col-100 elementor-top-column elementor-element elementor-element-d316c92\" data-id=\"d316c92\" data-element_type=\"column\" data-e-type=\"column\">\n\t\t\t<div class=\"elementor-widget-wrap elementor-element-populated\">\n\t\t\t\t\t\t<div class=\"elementor-element elementor-element-1c6b402 elementor-grid-eael-col-1 elementor-grid-tablet-eael-col-2 elementor-grid-mobile-eael-col-1 elementor-widget elementor-widget-eael-post-grid\" data-id=\"1c6b402\" data-element_type=\"widget\" data-e-type=\"widget\" data-settings=\"{&quot;eael_post_grid_columns&quot;:&quot;eael-col-1&quot;,&quot;eael_post_grid_columns_tablet&quot;:&quot;eael-col-2&quot;,&quot;eael_post_grid_columns_mobile&quot;:&quot;eael-col-1&quot;}\" data-widget_type=\"eael-post-grid.default\">\n\t\t\t\t\t<div id=\"eael-post-grid-1c6b402\" class=\"eael-post-grid-container\">\n            <div class=\"eael-post-grid eael-post-appender eael-post-appender-1c6b402 eael-post-grid-style-one\" data-layout-mode=\"masonry\"><article class=\"eael-grid-post  eael-post-grid-column eael-pg-post-5968 category-guate-nuestra\" data-id=\"5968\">\n        <div class=\"eael-grid-post-holder\">\n            <div class=\"eael-grid-post-holder-inner\"><div class=\"eael-entry-media\"><div class=\"eael-entry-overlay fade-in\"><i class=\"far fa-hand-pointer\" aria-hidden=\"true\"><\/i><a href=\"https:\/\/soymigrante.com\/revista\/joyas-de-guatemala-la-colorida-iglesia-de-san-andres-xecul\/\"target=\"_blank\"><\/a><\/div><div class=\"eael-entry-thumbnail \">\n                <img fetchpriority=\"high\" decoding=\"async\" width=\"768\" height=\"378\" src=\"https:\/\/soymigrante.com\/revista\/wp-content\/uploads\/2024\/04\/Iglesia-de-San-Andres-Xecul-Totonicapan-fue-edificada-a-finales-del-siglo-XVIII-768x378.webp\" class=\"attachment-medium_large size-medium_large wp-image-5970\" alt=\"Columna decorada y altar de fiesta patronal en un festival tradicional mexicano, con banderines y elementos culturales, reflejando celebraci\u00f3n y cultura popular.\" srcset=\"https:\/\/soymigrante.com\/revista\/wp-content\/uploads\/2024\/04\/Iglesia-de-San-Andres-Xecul-Totonicapan-fue-edificada-a-finales-del-siglo-XVIII-768x378.webp 768w, https:\/\/soymigrante.com\/revista\/wp-content\/uploads\/2024\/04\/Iglesia-de-San-Andres-Xecul-Totonicapan-fue-edificada-a-finales-del-siglo-XVIII-300x148.webp 300w, https:\/\/soymigrante.com\/revista\/wp-content\/uploads\/2024\/04\/Iglesia-de-San-Andres-Xecul-Totonicapan-fue-edificada-a-finales-del-siglo-XVIII-1024x504.webp 1024w, https:\/\/soymigrante.com\/revista\/wp-content\/uploads\/2024\/04\/Iglesia-de-San-Andres-Xecul-Totonicapan-fue-edificada-a-finales-del-siglo-XVIII-750x369.webp 750w, https:\/\/soymigrante.com\/revista\/wp-content\/uploads\/2024\/04\/Iglesia-de-San-Andres-Xecul-Totonicapan-fue-edificada-a-finales-del-siglo-XVIII-1140x561.webp 1140w, https:\/\/soymigrante.com\/revista\/wp-content\/uploads\/2024\/04\/Iglesia-de-San-Andres-Xecul-Totonicapan-fue-edificada-a-finales-del-siglo-XVIII.webp 1440w\" sizes=\"(max-width: 768px) 100vw, 768px\" \/>\n            <\/div>\n        <\/div><div class=\"eael-entry-wrapper\"><header class=\"eael-entry-header\"><h2 class=\"eael-entry-title\"><a class=\"eael-grid-post-link\" href=\"https:\/\/soymigrante.com\/revista\/joyas-de-guatemala-la-colorida-iglesia-de-san-andres-xecul\/\" title=\"Joyas de Guatemala:  la colorida iglesia de San Andr\u00e9s Xecul\"target=\"_blank\">Joyas de Guatemala:  la colorida iglesia de San Andr\u00e9s Xecul<\/a><\/h2><\/header><div class=\"eael-entry-content\">\n                        <div class=\"eael-grid-post-excerpt\"><a href=\"https:\/\/soymigrante.com\/revista\/joyas-de-guatemala-la-colorida-iglesia-de-san-andres-xecul\/\" class=\"eael-post-elements-readmore-btn\"target=\"_blank\">Leer m\u00e1s<\/a><\/div>\n                    <\/div><\/div><\/div>\n        <\/div>\n    <\/article><\/div>\n            <div class=\"clearfix\"><\/div>\n        <\/div>\t\t\t\t<\/div>\n\t\t\t\t\t<\/div>\n\t\t<\/div>\n\t\t\t\t\t<\/div>\n\t\t<\/section>\n\t\t\t\t<section data-particle_enable=\"false\" data-particle-mobile-disabled=\"false\" class=\"elementor-section elementor-top-section elementor-element elementor-element-a096bb3 elementor-section-boxed elementor-section-height-default elementor-section-height-default\" data-id=\"a096bb3\" data-element_type=\"section\" data-e-type=\"section\">\n\t\t\t\t\t\t<div class=\"elementor-container elementor-column-gap-default\">\n\t\t\t\t\t<div class=\"elementor-column elementor-col-100 elementor-top-column elementor-element elementor-element-ef0ecaf\" data-id=\"ef0ecaf\" data-element_type=\"column\" data-e-type=\"column\">\n\t\t\t<div class=\"elementor-widget-wrap elementor-element-populated\">\n\t\t\t\t\t\t<div class=\"elementor-element elementor-element-6f7daeb elementor-widget-divider--view-line elementor-widget elementor-widget-divider\" data-id=\"6f7daeb\" data-element_type=\"widget\" data-e-type=\"widget\" data-widget_type=\"divider.default\">\n\t\t\t\t\t\t\t<div class=\"elementor-divider\">\n\t\t\t<span class=\"elementor-divider-separator\">\n\t\t\t\t\t\t<\/span>\n\t\t<\/div>\n\t\t\t\t\t\t<\/div>\n\t\t\t\t\t<\/div>\n\t\t<\/div>\n\t\t\t\t\t<\/div>\n\t\t<\/section>\n\t\t\t\t<section data-particle_enable=\"false\" data-particle-mobile-disabled=\"false\" class=\"elementor-section elementor-top-section elementor-element elementor-element-241300d elementor-section-boxed elementor-section-height-default elementor-section-height-default\" data-id=\"241300d\" data-element_type=\"section\" data-e-type=\"section\">\n\t\t\t\t\t\t<div class=\"elementor-container elementor-column-gap-default\">\n\t\t\t\t\t<div class=\"elementor-column elementor-col-100 elementor-top-column elementor-element elementor-element-26eabfe\" data-id=\"26eabfe\" data-element_type=\"column\" data-e-type=\"column\">\n\t\t\t<div class=\"elementor-widget-wrap elementor-element-populated\">\n\t\t\t\t\t\t<div class=\"elementor-element elementor-element-c54c690 elementor-widget elementor-widget-image\" data-id=\"c54c690\" data-element_type=\"widget\" data-e-type=\"widget\" data-widget_type=\"image.default\">\n\t\t\t\t\t\t\t\t\t\t\t\t<figure class=\"wp-caption\">\n\t\t\t\t\t\t\t\t\t\t<img decoding=\"async\" width=\"768\" height=\"576\" src=\"https:\/\/soymigrante.com\/revista\/wp-content\/uploads\/2024\/04\/Jeremias-Perez-junto-a-su-familia-en-San-Miguel-Ixtahuacan-San-Marcos.webp\" class=\"attachment-large size-large wp-image-6052\" alt=\"Trabajadores migrantes y comunidad en un encuentro social en un ambiente de convivencia y solidaridad.\" srcset=\"https:\/\/soymigrante.com\/revista\/wp-content\/uploads\/2024\/04\/Jeremias-Perez-junto-a-su-familia-en-San-Miguel-Ixtahuacan-San-Marcos.webp 960w, https:\/\/soymigrante.com\/revista\/wp-content\/uploads\/2024\/04\/Jeremias-Perez-junto-a-su-familia-en-San-Miguel-Ixtahuacan-San-Marcos-300x225.webp 300w, https:\/\/soymigrante.com\/revista\/wp-content\/uploads\/2024\/04\/Jeremias-Perez-junto-a-su-familia-en-San-Miguel-Ixtahuacan-San-Marcos-768x576.webp 768w, https:\/\/soymigrante.com\/revista\/wp-content\/uploads\/2024\/04\/Jeremias-Perez-junto-a-su-familia-en-San-Miguel-Ixtahuacan-San-Marcos-750x563.webp 750w\" sizes=\"(max-width: 768px) 100vw, 768px\" title=\"Jeremi\u0301as Pe\u0301rez junto a su familia en San Miguel Ixtahuaca\u0301n, San Marcos. \u2013 SoyMigrante.com REVISTA\" \/>\t\t\t\t\t\t\t\t\t\t\t<figcaption class=\"widget-image-caption wp-caption-text\">Jerem\u00edas P\u00e9rez junto a su esposa Idalia Gonz\u00e1lez y sus hijos, Marsella, Carlos, Luis y Jos\u00e9 Manuel, P\u00e9rez Gonz\u00e1lez. La foto fue tomada en abril del 2020.<\/figcaption>\n\t\t\t\t\t\t\t\t\t\t<\/figure>\n\t\t\t\t\t\t\t\t\t<\/div>\n\t\t\t\t\t<\/div>\n\t\t<\/div>\n\t\t\t\t\t<\/div>\n\t\t<\/section>\n\t\t\t\t<section data-particle_enable=\"false\" data-particle-mobile-disabled=\"false\" class=\"elementor-section elementor-top-section elementor-element elementor-element-ac18121 elementor-section-boxed elementor-section-height-default elementor-section-height-default\" data-id=\"ac18121\" data-element_type=\"section\" data-e-type=\"section\">\n\t\t\t\t\t\t<div class=\"elementor-container elementor-column-gap-default\">\n\t\t\t\t\t<div class=\"elementor-column elementor-col-100 elementor-top-column elementor-element elementor-element-f63baf1\" data-id=\"f63baf1\" data-element_type=\"column\" data-e-type=\"column\">\n\t\t\t<div class=\"elementor-widget-wrap elementor-element-populated\">\n\t\t\t\t\t\t<div class=\"elementor-element elementor-element-640c760 elementor-widget elementor-widget-heading\" data-id=\"640c760\" data-element_type=\"widget\" data-e-type=\"widget\" data-widget_type=\"heading.default\">\n\t\t\t\t\t<h2 class=\"elementor-heading-title elementor-size-default\">Jerem\u00edas es ling\u00fcista del idioma mam<\/h2>\t\t\t\t<\/div>\n\t\t\t\t\t<\/div>\n\t\t<\/div>\n\t\t\t\t\t<\/div>\n\t\t<\/section>\n\t\t\t\t<section data-particle_enable=\"false\" data-particle-mobile-disabled=\"false\" class=\"elementor-section elementor-top-section elementor-element elementor-element-e32cb96 elementor-section-boxed elementor-section-height-default elementor-section-height-default\" data-id=\"e32cb96\" data-element_type=\"section\" data-e-type=\"section\">\n\t\t\t\t\t\t<div class=\"elementor-container elementor-column-gap-default\">\n\t\t\t\t\t<div class=\"elementor-column elementor-col-100 elementor-top-column elementor-element elementor-element-d368475\" data-id=\"d368475\" data-element_type=\"column\" data-e-type=\"column\">\n\t\t\t<div class=\"elementor-widget-wrap elementor-element-populated\">\n\t\t\t\t\t\t<div class=\"elementor-element elementor-element-b9ffc9e elementor-widget elementor-widget-text-editor\" data-id=\"b9ffc9e\" data-element_type=\"widget\" data-e-type=\"widget\" data-widget_type=\"text-editor.default\">\n\t\t\t\t\t\t\t\t\t<p>El profesor se define como autodidacta. Sin embargo, es traductor legal, es un estudioso de su idioma materno, el mam, ha traducido canciones del espa\u00f1ol al mam. Posee un profesorado en Educaci\u00f3n Biling\u00fce intercultural y administra el blog &#8220;Mundo Maya Mam Guatemala\u201d; tambi\u00e9n es cantante y compositor.\u00a0<\/p>\t\t\t\t\t\t\t\t<\/div>\n\t\t\t\t\t<\/div>\n\t\t<\/div>\n\t\t\t\t\t<\/div>\n\t\t<\/section>\n\t\t\t\t<section data-particle_enable=\"false\" data-particle-mobile-disabled=\"false\" class=\"elementor-section elementor-top-section elementor-element elementor-element-d1d1784 elementor-section-boxed elementor-section-height-default elementor-section-height-default\" data-id=\"d1d1784\" data-element_type=\"section\" data-e-type=\"section\">\n\t\t\t\t\t\t<div class=\"elementor-container elementor-column-gap-default\">\n\t\t\t\t\t<div class=\"elementor-column elementor-col-100 elementor-top-column elementor-element elementor-element-8444fdc\" data-id=\"8444fdc\" data-element_type=\"column\" data-e-type=\"column\">\n\t\t\t<div class=\"elementor-widget-wrap elementor-element-populated\">\n\t\t\t\t\t\t<div class=\"elementor-element elementor-element-afc0f6e elementor-widget elementor-widget-heading\" data-id=\"afc0f6e\" data-element_type=\"widget\" data-e-type=\"widget\" data-widget_type=\"heading.default\">\n\t\t\t\t\t<h2 class=\"elementor-heading-title elementor-size-default\">EL MIGRANTE GUATEMALTECO<\/h2>\t\t\t\t<\/div>\n\t\t\t\t\t<\/div>\n\t\t<\/div>\n\t\t\t\t\t<\/div>\n\t\t<\/section>\n\t\t\t\t<section data-particle_enable=\"false\" data-particle-mobile-disabled=\"false\" class=\"elementor-section elementor-top-section elementor-element elementor-element-c45a430 elementor-section-boxed elementor-section-height-default elementor-section-height-default\" data-id=\"c45a430\" data-element_type=\"section\" data-e-type=\"section\">\n\t\t\t\t\t\t<div class=\"elementor-container elementor-column-gap-default\">\n\t\t\t\t\t<div class=\"elementor-column elementor-col-100 elementor-top-column elementor-element elementor-element-d5e32c3\" data-id=\"d5e32c3\" data-element_type=\"column\" data-e-type=\"column\">\n\t\t\t<div class=\"elementor-widget-wrap elementor-element-populated\">\n\t\t\t\t\t\t<div class=\"elementor-element elementor-element-e196859 elementor-widget elementor-widget-text-editor\" data-id=\"e196859\" data-element_type=\"widget\" data-e-type=\"widget\" data-widget_type=\"text-editor.default\">\n\t\t\t\t\t\t\t\t\t<p><strong>H<\/strong><b>oy que me encuentro lejos mi patria,<\/b><\/p><p><span style=\"color: var( --e-global-color-text );\"><b>Lejos de mis padres y de mis hermanos;\u00a0<\/b><\/span><\/p><p><span style=\"color: var( --e-global-color-text );\"><b>Lejos de mi esposa y de mis hijos.<\/b><\/span><\/p><p><b>Mi coraz\u00f3n se parte en mil pedazos.<\/b><\/p><p>Creo que he sido demasiado fuerte,<\/p><p>O quiz\u00e1s he sido demasiado cruel,<\/p><p>Pero tuve la valent\u00eda de salir.<\/p><p>Entre l\u00e1grimas, tristeza y dolor.<\/p><p><b>Fing\u00ed sonre\u00edr en suelo mexicano,<\/b><\/p><p><b>Me inspir\u00e9 de valor en el desierto,<\/b><\/p><p><b>Esquiv\u00e9 la patrulla fronteriza,<\/b><\/p><p><b>Para contemplar las barras y las estrellas.<\/b><\/p><p>El peso de la vida me tiene aqu\u00ed,<\/p><p>Lejos de todos mis seres queridos.<\/p><p>Solo, con el coraz\u00f3n partido,<\/p><p>Y con la fatiga del trabajo cotidiano.<\/p><p><b>En septiembre solo puedo recordar,<\/b><\/p><p><b>Los sones y las gimnasias escolares,<\/b><\/p><p><b>Las antorchas, las bombas y los cohetes;<\/b><\/p><p><b>Mientras mi alma se estremece y llora.<\/b><\/p><p>Hoy estoy lejos, pero pronto volver\u00e9,<\/p><p>Reiremos y seremos felices,<\/p><p>Caminaremos juntos por la vida,<\/p><p>Y nunca m\u00e1s, volveremos a separarnos.<\/p><p><strong style=\"font-style: inherit;\"><em style=\"font-weight: inherit;\">Autor: Jerem\u00edas P\u00e9rez.<\/em><\/strong><\/p>\t\t\t\t\t\t\t\t<\/div>\n\t\t\t\t\t<\/div>\n\t\t<\/div>\n\t\t\t\t\t<\/div>\n\t\t<\/section>\n\t\t\t\t<section data-particle_enable=\"false\" data-particle-mobile-disabled=\"false\" class=\"elementor-section elementor-top-section elementor-element elementor-element-c518e53 elementor-section-boxed elementor-section-height-default elementor-section-height-default\" data-id=\"c518e53\" data-element_type=\"section\" data-e-type=\"section\">\n\t\t\t\t\t\t<div class=\"elementor-container elementor-column-gap-default\">\n\t\t\t\t\t<div class=\"elementor-column elementor-col-100 elementor-top-column elementor-element elementor-element-38c7335\" data-id=\"38c7335\" data-element_type=\"column\" data-e-type=\"column\">\n\t\t\t<div class=\"elementor-widget-wrap elementor-element-populated\">\n\t\t\t\t\t\t<div class=\"elementor-element elementor-element-c24026b elementor-widget elementor-widget-video\" data-id=\"c24026b\" data-element_type=\"widget\" data-e-type=\"widget\" data-settings=\"{&quot;youtube_url&quot;:&quot;https:\\\/\\\/www.youtube.com\\\/watch?v=MaxjCbUnIYw&quot;,&quot;video_type&quot;:&quot;youtube&quot;,&quot;controls&quot;:&quot;yes&quot;}\" data-widget_type=\"video.default\">\n\t\t\t\t\t\t\t<div class=\"elementor-wrapper elementor-open-inline\">\n\t\t\t<div class=\"elementor-video\"><\/div>\t\t<\/div>\n\t\t\t\t\t\t<\/div>\n\t\t\t\t\t<\/div>\n\t\t<\/div>\n\t\t\t\t\t<\/div>\n\t\t<\/section>\n\t\t\t\t<section data-particle_enable=\"false\" data-particle-mobile-disabled=\"false\" class=\"elementor-section elementor-top-section elementor-element elementor-element-29ac436 elementor-section-boxed elementor-section-height-default elementor-section-height-default\" data-id=\"29ac436\" data-element_type=\"section\" data-e-type=\"section\">\n\t\t\t\t\t\t<div class=\"elementor-container elementor-column-gap-default\">\n\t\t\t\t\t<div class=\"elementor-column elementor-col-100 elementor-top-column elementor-element elementor-element-2051634\" data-id=\"2051634\" data-element_type=\"column\" data-e-type=\"column\">\n\t\t\t<div class=\"elementor-widget-wrap elementor-element-populated\">\n\t\t\t\t\t\t<div class=\"elementor-element elementor-element-946c5d1 elementor-widget-divider--view-line elementor-widget elementor-widget-divider\" data-id=\"946c5d1\" data-element_type=\"widget\" data-e-type=\"widget\" data-widget_type=\"divider.default\">\n\t\t\t\t\t\t\t<div class=\"elementor-divider\">\n\t\t\t<span class=\"elementor-divider-separator\">\n\t\t\t\t\t\t<\/span>\n\t\t<\/div>\n\t\t\t\t\t\t<\/div>\n\t\t\t\t\t<\/div>\n\t\t<\/div>\n\t\t\t\t\t<\/div>\n\t\t<\/section>\n\t\t\t\t<section data-particle_enable=\"false\" data-particle-mobile-disabled=\"false\" class=\"elementor-section elementor-top-section elementor-element elementor-element-23fb0fc elementor-section-boxed elementor-section-height-default elementor-section-height-default\" data-id=\"23fb0fc\" data-element_type=\"section\" data-e-type=\"section\">\n\t\t\t\t\t\t<div class=\"elementor-container elementor-column-gap-default\">\n\t\t\t\t\t<div class=\"elementor-column elementor-col-100 elementor-top-column elementor-element elementor-element-d25289c\" data-id=\"d25289c\" data-element_type=\"column\" data-e-type=\"column\">\n\t\t\t<div class=\"elementor-widget-wrap elementor-element-populated\">\n\t\t\t\t\t\t<div class=\"elementor-element elementor-element-712d672 elementor-widget elementor-widget-heading\" data-id=\"712d672\" data-element_type=\"widget\" data-e-type=\"widget\" data-widget_type=\"heading.default\">\n\t\t\t\t\t<h2 class=\"elementor-heading-title elementor-size-default\">Guatemala una tierra multicolor:<\/h2>\t\t\t\t<\/div>\n\t\t\t\t\t<\/div>\n\t\t<\/div>\n\t\t\t\t\t<\/div>\n\t\t<\/section>\n\t\t\t\t<section data-particle_enable=\"false\" data-particle-mobile-disabled=\"false\" class=\"elementor-section elementor-top-section elementor-element elementor-element-a44d3b0 elementor-section-boxed elementor-section-height-default elementor-section-height-default\" data-id=\"a44d3b0\" data-element_type=\"section\" data-e-type=\"section\">\n\t\t\t\t\t\t<div class=\"elementor-container elementor-column-gap-default\">\n\t\t\t\t\t<div class=\"elementor-column elementor-col-100 elementor-top-column elementor-element elementor-element-466a774\" data-id=\"466a774\" data-element_type=\"column\" data-e-type=\"column\">\n\t\t\t<div class=\"elementor-widget-wrap elementor-element-populated\">\n\t\t\t\t\t\t<div class=\"elementor-element elementor-element-434f429 elementor-widget elementor-widget-blfe-post-grid\" data-id=\"434f429\" data-element_type=\"widget\" data-e-type=\"widget\" data-settings=\"{&quot;columns&quot;:&quot;3&quot;,&quot;columns_tablet&quot;:&quot;6&quot;,&quot;columns_mobile&quot;:&quot;12&quot;,&quot;hero1_layout_column_gap&quot;:{&quot;unit&quot;:&quot;px&quot;,&quot;size&quot;:30,&quot;sizes&quot;:[]},&quot;hero1_layout_column_gap_tablet&quot;:{&quot;unit&quot;:&quot;px&quot;,&quot;size&quot;:&quot;&quot;,&quot;sizes&quot;:[]},&quot;hero1_layout_column_gap_mobile&quot;:{&quot;unit&quot;:&quot;px&quot;,&quot;size&quot;:&quot;&quot;,&quot;sizes&quot;:[]},&quot;hero1_layout_row_gap&quot;:{&quot;unit&quot;:&quot;px&quot;,&quot;size&quot;:30,&quot;sizes&quot;:[]},&quot;hero1_layout_row_gap_tablet&quot;:{&quot;unit&quot;:&quot;px&quot;,&quot;size&quot;:&quot;&quot;,&quot;sizes&quot;:[]},&quot;hero1_layout_row_gap_mobile&quot;:{&quot;unit&quot;:&quot;px&quot;,&quot;size&quot;:&quot;&quot;,&quot;sizes&quot;:[]}}\" data-widget_type=\"blfe-post-grid.hero1\">\n\t\t\t\t<div class=\"elementor-widget-container\">\n\t\t\t\t\t\n                        <div class=\"blfe-post-grid-container \">\n            \n                <div data-skin=\"hero1\" class=\"blfe-row blfe-posts-inner blfe-hero1 blfe-posts-inner blfe-col-3 blfe-col-tab-6 blfe-col-mob-12     \">\n                            <div class=\"blfe-post-grid-item\">\n            <div class=\"blfe-post-grid-item-inner blfe-modern-zoom\">\n                        <div class=\"blfe-post-grid-bg-image\">\n            <a class=\"blfe-post-grid-image-inner\" href=\"https:\/\/soymigrante.com\/revista\/corte-reactiva-ley-antimigrante-sb4-de-texas-policia-estatal-podria-capturar-a-indocumentados\/\" title=\"Corte reactiva ley antimigrante SB4 de Texas: polic\u00eda estatal podr\u00eda capturar a indocumentados\" rel=\"nofollow\" target=\"_blank\"><img decoding=\"async\" src=\"https:\/\/soymigrante.com\/revista\/wp-content\/uploads\/2026\/04\/texas-ley-contra-migrantes.png\" alt=\"Corte reactiva ley antimigrante SB4 de Texas: polic\u00eda estatal podr\u00eda capturar a indocumentados\"\/><\/a>        <\/div>\n                        <div class=\"blfe-post-grid-details\">\n                    <div class=\"blfe-post-grid-details-inner\">\n                        <span class=\"blfe-post-category\"><a href=\"https:\/\/soymigrante.com\/revista\/category\/noticias\/\">Noticias<\/a><\/span>                        <h3 class=\"blfe-post-grid-title\">\n            <a href=\"https:\/\/soymigrante.com\/revista\/corte-reactiva-ley-antimigrante-sb4-de-texas-policia-estatal-podria-capturar-a-indocumentados\/\" title=\"Corte reactiva ley antimigrante SB4 de Texas: polic\u00eda estatal podr\u00eda capturar a indocumentados\" rel=\"nofollow\" target=\"_blank\">Corte reactiva ley antimigrante SB4 de Texas: polic\u00eda estatal podr\u00eda capturar a indocumentados<\/a>\n            <\/h3>                                                                                            <\/div>\n                <\/div>\n\n            <\/div>\n        <\/div>\n                <div class=\"blfe-post-grid-item\">\n            <div class=\"blfe-post-grid-item-inner blfe-modern-zoom\">\n                        <div class=\"blfe-post-grid-bg-image\">\n            <a class=\"blfe-post-grid-image-inner\" href=\"https:\/\/soymigrante.com\/revista\/miss-gualan-usa-coronacion-imprevisto-guatemaltecos-en-estados-unidos-union-abril-2026\/\" title=\"Un imprevisto en la coronaci\u00f3n de Miss Gualan U.S.A. 2026 en Los Angeles hizo brillar la uni\u00f3n guatemalteca\" rel=\"nofollow\" target=\"_blank\"><img decoding=\"async\" src=\"https:\/\/soymigrante.com\/revista\/wp-content\/uploads\/2026\/04\/guatemaltecos-en-Estados-Unidos-miss-gualan-USA-coronacion-5.jpg\" alt=\"Un imprevisto en la coronaci\u00f3n de Miss Gualan U.S.A. 2026 en Los Angeles hizo brillar la uni\u00f3n guatemalteca\"\/><\/a>        <\/div>\n                        <div class=\"blfe-post-grid-details\">\n                    <div class=\"blfe-post-grid-details-inner\">\n                        <span class=\"blfe-post-category\"><a href=\"https:\/\/soymigrante.com\/revista\/category\/estamos-unidos\/\">Estamos Unidos<\/a><\/span>                        <h3 class=\"blfe-post-grid-title\">\n            <a href=\"https:\/\/soymigrante.com\/revista\/miss-gualan-usa-coronacion-imprevisto-guatemaltecos-en-estados-unidos-union-abril-2026\/\" title=\"Un imprevisto en la coronaci\u00f3n de Miss Gualan U.S.A. 2026 en Los Angeles hizo brillar la uni\u00f3n guatemalteca\" rel=\"nofollow\" target=\"_blank\">Un imprevisto en la coronaci\u00f3n de Miss Gualan U.S.A. 2026 en Los Angeles hizo brillar la uni\u00f3n guatemalteca<\/a>\n            <\/h3>                                                                                            <\/div>\n                <\/div>\n\n            <\/div>\n        <\/div>\n                <div class=\"blfe-post-grid-item\">\n            <div class=\"blfe-post-grid-item-inner blfe-modern-zoom\">\n                        <div class=\"blfe-post-grid-bg-image\">\n            <a class=\"blfe-post-grid-image-inner\" href=\"https:\/\/soymigrante.com\/revista\/santos-poroj-escritor-migrante-de-san-andres-xecul-publica-su-segundo-libro-en-california-y-con-dos-portadas\/\" title=\"Santos Poroj, escritor migrante de San Andr\u00e9s Xecul, publica su segundo libro en California (y con dos portadas)\" rel=\"nofollow\" target=\"_blank\"><img decoding=\"async\" src=\"https:\/\/soymigrante.com\/revista\/wp-content\/uploads\/2026\/04\/migrante-guatemalteco-santos-poroj-en-san-rafael-california-originario-de-san-andres-xecul.png\" alt=\"Santos Poroj, escritor migrante de San Andr\u00e9s Xecul, publica su segundo libro en California (y con dos portadas)\"\/><\/a>        <\/div>\n                        <div class=\"blfe-post-grid-details\">\n                    <div class=\"blfe-post-grid-details-inner\">\n                        <span class=\"blfe-post-category\"><a href=\"https:\/\/soymigrante.com\/revista\/category\/exitos\/\">\u00c9xitos<\/a><\/span>                        <h3 class=\"blfe-post-grid-title\">\n            <a href=\"https:\/\/soymigrante.com\/revista\/santos-poroj-escritor-migrante-de-san-andres-xecul-publica-su-segundo-libro-en-california-y-con-dos-portadas\/\" title=\"Santos Poroj, escritor migrante de San Andr\u00e9s Xecul, publica su segundo libro en California (y con dos portadas)\" rel=\"nofollow\" target=\"_blank\">Santos Poroj, escritor migrante de San Andr\u00e9s Xecul, publica su segundo libro en California (y con dos portadas)<\/a>\n            <\/h3>                                                                                            <\/div>\n                <\/div>\n\n            <\/div>\n        <\/div>\n                        <\/div>\n\n                        <\/div>\n            \n                        <div class=\"blfe-post-footer\">\n                        <\/div>\n            \t\t\t\t<\/div>\n\t\t\t\t<\/div>\n\t\t\t\t\t<\/div>\n\t\t<\/div>\n\t\t\t\t\t<\/div>\n\t\t<\/section>\n\t\t\t\t<\/div>\n\t\t","protected":false},"excerpt":{"rendered":"<p>Conmovido por la partida de su segundo hijo hacia EE.UU., Jerem\u00edas P\u00e9rez, escribi\u00f3 un poema dedicado a sus hijos migrantes y a todos los guatemaltecos que tomaron la dif\u00edcil decisi\u00f3n de migrar. El Migrante Guatemalteco, ha hecho llorar a m\u00e1s de alg\u00fan connacional. \u201cEl poema lo escrib\u00ed en el 2022, en ese a\u00f1o mi segundo [&hellip;]<\/p>\n","protected":false},"author":14,"featured_media":3026,"comment_status":"open","ping_status":"open","sticky":false,"template":"","format":"standard","meta":{"_acf_changed":false,"_eb_attr":"","footnotes":""},"categories":[56],"tags":[],"class_list":["post-6048","post","type-post","status-publish","format-standard","has-post-thumbnail","hentry","category-lugar-de-voces"],"acf":[],"aioseo_notices":[],"aioseo_head":"\n\t\t<!-- All in One SEO Pro 4.9.6.2 - aioseo.com -->\n\t<meta name=\"description\" content=\"Joven escritor migrante Santos Poroj descubri\u00f3 su inspiraci\u00f3n al estudiar High School en San Rafael, California. Su segundo libro tiene dos portadas \u00bfPor qu\u00e9?\" \/>\n\t<meta name=\"robots\" content=\"max-snippet:-1, max-image-preview:large, max-video-preview:-1\" \/>\n\t<meta name=\"author\" content=\"Gustavo Montenegro\"\/>\n\t<link rel=\"canonical\" href=\"https:\/\/soymigrante.com\/revista\/santos-poroj-escritor-migrante-de-san-andres-xecul-publica-su-segundo-libro-en-california-y-con-dos-portadas\/\" \/>\n\t<meta name=\"generator\" content=\"All in One SEO Pro (AIOSEO) 4.9.6.2\" \/>\n\n\t\t<link rel=\"preconnect\" href=\"https:\/\/fonts.googleapis.com\" crossorigin>\n<link rel=\"preconnect\" href=\"https:\/\/fonts.gstatic.com\" crossorigin>\n\t\t<meta property=\"og:locale\" content=\"es_ES\" \/>\n\t\t<meta property=\"og:site_name\" content=\"SoyMigrante.com REVISTA \u2013 Nuestra misi\u00f3n es reconocer y dignificar al migrante.\" \/>\n\t\t<meta property=\"og:type\" content=\"article\" \/>\n\t\t<meta property=\"og:title\" content=\"Lanza libros en California Santos Poroj de San Andr\u00e9s Xecul\" \/>\n\t\t<meta property=\"og:description\" content=\"Joven escritor migrante Santos Poroj descubri\u00f3 su inspiraci\u00f3n al estudiar High School en San Rafael, California. Su segundo libro tiene dos portadas \u00bfPor qu\u00e9?\" \/>\n\t\t<meta property=\"og:url\" content=\"https:\/\/soymigrante.com\/revista\/santos-poroj-escritor-migrante-de-san-andres-xecul-publica-su-segundo-libro-en-california-y-con-dos-portadas\/\" \/>\n\t\t<meta property=\"og:image\" content=\"https:\/\/soymigrante.com\/revista\/wp-content\/uploads\/2026\/04\/migrante-guatemalteco-santos-poroj-en-san-rafael-california-originario-de-san-andres-xecul.png\" \/>\n\t\t<meta property=\"og:image:secure_url\" content=\"https:\/\/soymigrante.com\/revista\/wp-content\/uploads\/2026\/04\/migrante-guatemalteco-santos-poroj-en-san-rafael-california-originario-de-san-andres-xecul.png\" \/>\n\t\t<meta property=\"og:image:width\" content=\"1200\" \/>\n\t\t<meta property=\"og:image:height\" content=\"1200\" \/>\n\t\t<meta property=\"article:published_time\" content=\"2026-04-27T14:40:10+00:00\" \/>\n\t\t<meta property=\"article:modified_time\" content=\"2026-04-27T19:50:06+00:00\" \/>\n\t\t<meta property=\"article:publisher\" content=\"https:\/\/www.facebook.com\/soymigrantecom\" \/>\n\t\t<meta name=\"twitter:card\" content=\"summary_large_image\" \/>\n\t\t<meta name=\"twitter:site\" content=\"@SoyMigrante_com\" \/>\n\t\t<meta name=\"twitter:title\" content=\"Lanza libros en California Santos Poroj de San Andr\u00e9s Xecul\" \/>\n\t\t<meta name=\"twitter:description\" content=\"Joven escritor migrante Santos Poroj descubri\u00f3 su inspiraci\u00f3n al estudiar High School en San Rafael, California. Su segundo libro tiene dos portadas \u00bfPor qu\u00e9?\" \/>\n\t\t<meta name=\"twitter:creator\" content=\"@SoyMigrante_com\" \/>\n\t\t<meta name=\"twitter:image\" content=\"https:\/\/soymigrante.com\/revista\/wp-content\/uploads\/2026\/04\/migrante-guatemalteco-santos-poroj-en-san-rafael-california-originario-de-san-andres-xecul.png\" \/>\n\t\t<!-- All in One SEO Pro -->\r\n\t\t<title>Lanza libros en California Santos Poroj de San Andr\u00e9s Xecul<\/title>\n\n","aioseo_head_json":{"title":"Lanza libros en California Santos Poroj de San Andr\u00e9s Xecul","description":"Joven escritor migrante Santos Poroj descubri\u00f3 su inspiraci\u00f3n al estudiar High School en San Rafael, California. Su segundo libro tiene dos portadas \u00bfPor qu\u00e9?","canonical_url":"https:\/\/soymigrante.com\/revista\/santos-poroj-escritor-migrante-de-san-andres-xecul-publica-su-segundo-libro-en-california-y-con-dos-portadas\/","robots":"max-snippet:-1, max-image-preview:large, max-video-preview:-1","keywords":"","webmasterTools":{"miscellaneous":"&lt;link rel=\"preconnect\" href=\"https:\/\/fonts.googleapis.com\" crossorigin&gt;\n&lt;link rel=\"preconnect\" href=\"https:\/\/fonts.gstatic.com\" crossorigin&gt;"},"schema":null,"og:locale":"es_ES","og:site_name":"SoyMigrante.com REVISTA \u2013 Nuestra misi\u00f3n es reconocer y dignificar al migrante.","og:type":"article","og:title":"Lanza libros en California Santos Poroj de San Andr\u00e9s Xecul","og:description":"Joven escritor migrante Santos Poroj descubri\u00f3 su inspiraci\u00f3n al estudiar High School en San Rafael, California. Su segundo libro tiene dos portadas \u00bfPor qu\u00e9?","og:url":"https:\/\/soymigrante.com\/revista\/santos-poroj-escritor-migrante-de-san-andres-xecul-publica-su-segundo-libro-en-california-y-con-dos-portadas\/","og:image":"https:\/\/soymigrante.com\/revista\/wp-content\/uploads\/2026\/04\/migrante-guatemalteco-santos-poroj-en-san-rafael-california-originario-de-san-andres-xecul.png","og:image:secure_url":"https:\/\/soymigrante.com\/revista\/wp-content\/uploads\/2026\/04\/migrante-guatemalteco-santos-poroj-en-san-rafael-california-originario-de-san-andres-xecul.png","og:image:width":1200,"og:image:height":1200,"article:published_time":"2026-04-27T14:40:10+00:00","article:modified_time":"2026-04-27T19:50:06+00:00","article:publisher":"https:\/\/www.facebook.com\/soymigrantecom","twitter:card":"summary_large_image","twitter:site":"@SoyMigrante_com","twitter:title":"Lanza libros en California Santos Poroj de San Andr\u00e9s Xecul","twitter:description":"Joven escritor migrante Santos Poroj descubri\u00f3 su inspiraci\u00f3n al estudiar High School en San Rafael, California. Su segundo libro tiene dos portadas \u00bfPor qu\u00e9?","twitter:creator":"@SoyMigrante_com","twitter:image":"https:\/\/soymigrante.com\/revista\/wp-content\/uploads\/2026\/04\/migrante-guatemalteco-santos-poroj-en-san-rafael-california-originario-de-san-andres-xecul.png"},"aioseo_meta_data":{"post_id":"6048","title":null,"description":"Conmovido por la partida de su segundo hijo hacia EE.UU., Jerem\u00edas P\u00e9rez, escribi\u00f3 un poema dedicado a sus hijos migrantes y a todos los guatemaltecos","keywords":null,"keyphrases":{"focus":{"keyphrase":"poema","score":91,"analysis":{"keyphraseInTitle":{"score":9,"maxScore":9,"error":0},"keyphraseInDescription":{"score":9,"maxScore":9,"error":0},"keyphraseLength":{"score":9,"maxScore":9,"error":0,"length":1},"keyphraseInURL":{"score":5,"maxScore":5,"error":0},"keyphraseInIntroduction":{"score":9,"maxScore":9,"error":0},"keyphraseInSubHeadings":{"score":3,"maxScore":9,"error":1},"keyphraseInImageAlt":{"score":9,"maxScore":9,"error":0},"keywordDensity":{"type":"best","score":9,"maxScore":9,"error":0}}},"additional":[]},"primary_term":null,"canonical_url":null,"og_title":null,"og_description":null,"og_object_type":"default","og_image_type":"default","og_image_url":null,"og_image_width":null,"og_image_height":null,"og_image_custom_url":null,"og_image_custom_fields":null,"og_video":"","og_custom_url":null,"og_article_section":null,"og_article_tags":null,"twitter_use_og":false,"twitter_card":"default","twitter_image_type":"default","twitter_image_url":null,"twitter_image_custom_url":null,"twitter_image_custom_fields":null,"twitter_title":null,"twitter_description":null,"schema":{"blockGraphs":[],"customGraphs":[],"default":{"data":{"Article":[],"Course":[],"Dataset":[],"FAQPage":[],"Movie":[],"Person":[],"Product":[],"ProductReview":[],"Car":[],"Recipe":[],"Service":[],"SoftwareApplication":[],"WebPage":[]},"graphName":"BlogPosting","isEnabled":true},"graphs":[]},"schema_type":"default","schema_type_options":null,"pillar_content":false,"robots_default":true,"robots_noindex":false,"robots_noarchive":false,"robots_nosnippet":false,"robots_nofollow":false,"robots_noimageindex":false,"robots_noodp":false,"robots_notranslate":false,"robots_max_snippet":"-1","robots_max_videopreview":"-1","robots_max_imagepreview":"large","priority":null,"frequency":"default","local_seo":null,"seo_analyzer_scan_date":"2025-10-08 21:41:21","breadcrumb_settings":null,"limit_modified_date":false,"reviewed_by":null,"open_ai":"{\"title\":{\"suggestions\":[],\"usage\":0},\"description\":{\"suggestions\":[],\"usage\":0}}","ai":null,"created":"2024-04-17 18:45:39","updated":"2026-02-04 11:18:28"},"aioseo_breadcrumb":"<div class=\"aioseo-breadcrumbs\"><span class=\"aioseo-breadcrumb\">\n\t<a href=\"https:\/\/soymigrante.com\/revista\" title=\"Home\">Home<\/a>\n<\/span><span class=\"aioseo-breadcrumb-separator\">\u00bb<\/span><span class=\"aioseo-breadcrumb\">\n\t<a href=\"https:\/\/soymigrante.com\/revista\/category\/estamos-unidos\/\" title=\"Estamos Unidos\">Estamos Unidos<\/a>\n<\/span><span class=\"aioseo-breadcrumb-separator\">\u00bb<\/span><span class=\"aioseo-breadcrumb\">\n\t<a href=\"https:\/\/soymigrante.com\/revista\/category\/estamos-unidos\/lugar-de-voces\/\" title=\"Lugar de Voces\">Lugar de Voces<\/a>\n<\/span><span class=\"aioseo-breadcrumb-separator\">\u00bb<\/span><span class=\"aioseo-breadcrumb\">\n\tPadre guatemalteco dedica emotivo poema a sus hijos migrantes\n<\/span><\/div>","aioseo_breadcrumb_json":[{"label":"Home","link":"https:\/\/soymigrante.com\/revista"},{"label":"Estamos Unidos","link":"https:\/\/soymigrante.com\/revista\/category\/estamos-unidos\/"},{"label":"Lugar de Voces","link":"https:\/\/soymigrante.com\/revista\/category\/estamos-unidos\/lugar-de-voces\/"},{"label":"Padre guatemalteco dedica emotivo poema a sus hijos migrantes","link":"https:\/\/soymigrante.com\/revista\/padre-guatemalteco-dedica-emotivo-poema-a-sus-hijos-migrantes\/"}],"_links":{"self":[{"href":"https:\/\/soymigrante.com\/revista\/wp-json\/wp\/v2\/posts\/6048","targetHints":{"allow":["GET"]}}],"collection":[{"href":"https:\/\/soymigrante.com\/revista\/wp-json\/wp\/v2\/posts"}],"about":[{"href":"https:\/\/soymigrante.com\/revista\/wp-json\/wp\/v2\/types\/post"}],"author":[{"embeddable":true,"href":"https:\/\/soymigrante.com\/revista\/wp-json\/wp\/v2\/users\/14"}],"replies":[{"embeddable":true,"href":"https:\/\/soymigrante.com\/revista\/wp-json\/wp\/v2\/comments?post=6048"}],"version-history":[{"count":0,"href":"https:\/\/soymigrante.com\/revista\/wp-json\/wp\/v2\/posts\/6048\/revisions"}],"wp:featuredmedia":[{"embeddable":true,"href":"https:\/\/soymigrante.com\/revista\/wp-json\/wp\/v2\/media\/3026"}],"wp:attachment":[{"href":"https:\/\/soymigrante.com\/revista\/wp-json\/wp\/v2\/media?parent=6048"}],"wp:term":[{"taxonomy":"category","embeddable":true,"href":"https:\/\/soymigrante.com\/revista\/wp-json\/wp\/v2\/categories?post=6048"},{"taxonomy":"post_tag","embeddable":true,"href":"https:\/\/soymigrante.com\/revista\/wp-json\/wp\/v2\/tags?post=6048"}],"curies":[{"name":"wp","href":"https:\/\/api.w.org\/{rel}","templated":true}]}}