{"id":601,"date":"2025-03-18T17:02:22","date_gmt":"2025-03-18T23:02:22","guid":{"rendered":"https:\/\/soymigrante.wpengine.com\/?p=601"},"modified":"2025-03-19T09:21:51","modified_gmt":"2025-03-19T15:21:51","slug":"2-estamos-unidos-nazareno-de-candelaria","status":"publish","type":"post","link":"https:\/\/soymigrante.com\/revista\/2-estamos-unidos-nazareno-de-candelaria\/","title":{"rendered":"Nazareno migrante de Candelaria saldr\u00e1 en procesi\u00f3n en Los Angeles"},"content":{"rendered":"\t\t<div data-elementor-type=\"wp-post\" data-elementor-id=\"601\" class=\"elementor elementor-601\" data-elementor-post-type=\"post\">\n\t\t\t\t<div data-particle_enable=\"false\" data-particle-mobile-disabled=\"false\" class=\"elementor-element elementor-element-f1f83bd e-flex e-con-boxed e-con e-parent\" data-id=\"f1f83bd\" data-element_type=\"container\" data-e-type=\"container\">\n\t\t\t\t\t<div class=\"e-con-inner\">\n\t\t\t\t<div class=\"elementor-element elementor-element-5d307c8 elementor-widget elementor-widget-heading\" data-id=\"5d307c8\" data-element_type=\"widget\" data-e-type=\"widget\" data-widget_type=\"heading.default\">\n\t\t\t\t\t<h2 class=\"elementor-heading-title elementor-size-default\">Todo comenz\u00f3 con un sue\u00f1o y un concierto de marchas procesionales en Los Angeles. Luego surgi\u00f3 la iniciativa del p\u00e1rroco de la iglesia Santo Tom\u00e1s de mandar a taller una r\u00e9plica de una imagen muy venerada por migrantes guatemaltecos: el Nazareno de Candelaria. <\/h2>\t\t\t\t<\/div>\n\t\t\t\t<div class=\"elementor-element elementor-element-28b748a elementor-widget elementor-widget-html\" data-id=\"28b748a\" data-element_type=\"widget\" data-e-type=\"widget\" data-widget_type=\"html.default\">\n\t\t\t\t\t<div id=\"buzzsprout-player-16822901\"><\/div><script src=\"https:\/\/www.buzzsprout.com\/2444168\/episodes\/16822901-devocion-a-nazareno-migrante-de-candelaria-en-los-angeles.js?container_id=buzzsprout-player-16822901&player=small\" type=\"text\/javascript\" charset=\"utf-8\"><\/script>\t\t\t\t<\/div>\n\t\t\t\t\t<\/div>\n\t\t\t\t<\/div>\n\t\t<div data-particle_enable=\"false\" data-particle-mobile-disabled=\"false\" class=\"elementor-element elementor-element-07d321e e-flex e-con-boxed e-con e-parent\" data-id=\"07d321e\" data-element_type=\"container\" data-e-type=\"container\">\n\t\t\t\t\t<div class=\"e-con-inner\">\n\t\t\t\t<div class=\"elementor-element elementor-element-e1e961d elementor-widget elementor-widget-text-editor\" data-id=\"e1e961d\" data-element_type=\"widget\" data-e-type=\"widget\" data-widget_type=\"text-editor.default\">\n\t\t\t\t\t\t\t\t\t<p>La escena parece tan familiar de la cuaresma guatemalteca: el cortejo de Jes\u00fas Nazareno, el anda decorada con esilo tradicional, cucuruchos, alfombra de aserr\u00edn, marchas procesionales. Pero no es en Guatemala, sino en los alrededores de la parroquia Santo Tom\u00e1s, en el 2727 de Pico Boulevard, <a href=\"https:\/\/soymigrante.com\/revista\/historico-la-ciudad-de-los-angeles-proclama-la-semana-del-guatemalteco\/\">Los Angeles<\/a> California.<\/p>\n<p>Para el pr\u00f3ximo Cuarto Domingo de Cuaresma, 30 de marzo de 2025, est\u00e1n convocados los devotos cargadores para la procesi\u00f3n de la r\u00e9plica del Nazareno de Candelaria que desde 2023 se venera en dicho templo. &#8220;Ya est\u00e1n abiertas las inscripciones, a\u00fan hay turnos disponibles. Tambi\u00e9n se han puesto en comunicaci\u00f3n devotos cucuruchos guatemaltecos que viven en ciudades de California y otros Estados cercanos&#8221;, cuenta Mario D\u00edaz, guatemalteco que\u00a0 pertenece a la hermandad local y quien comparte que la <a href=\"https:\/\/soymigrante.com\/revista\/espiritualidad-en-la-vida-migrante-una-via-sin-fronteras\/\">devoci\u00f3n<\/a> a esta imagen ha crecido.<\/p>\t\t\t\t\t\t\t\t<\/div>\n\t\t\t\t\t<\/div>\n\t\t\t\t<\/div>\n\t\t<div data-particle_enable=\"false\" data-particle-mobile-disabled=\"false\" class=\"elementor-element elementor-element-174392b e-flex e-con-boxed e-con e-parent\" data-id=\"174392b\" data-element_type=\"container\" data-e-type=\"container\">\n\t\t\t\t\t<div class=\"e-con-inner\">\n\t\t\t\t<div class=\"elementor-element elementor-element-dea850a elementor-widget elementor-widget-image-gallery\" data-id=\"dea850a\" data-element_type=\"widget\" data-e-type=\"widget\" data-widget_type=\"image-gallery.default\">\n\t\t\t\t\t\t\t<div class=\"elementor-image-gallery\">\n\t\t\t<div id='gallery-1' class='gallery galleryid-601 gallery-columns-2 gallery-size-large'><figure class='gallery-item'>\n\t\t\t<div class='gallery-icon landscape'>\n\t\t\t\t<a data-elementor-open-lightbox=\"yes\" data-elementor-lightbox-slideshow=\"dea850a\" data-elementor-lightbox-title=\"R\u00e9plica del Nazareno de Candelaria En Los Angeles\" data-elementor-lightbox-description=\"Imagen de una procesi\u00f3n religiosa en Cuarence, con un destacado rey o figura simb\u00f3lica en un evento cultural y espiritual, reflejando las tradiciones sociales y religiosas de la comunidad en marzo de 2025.\" data-e-action-hash=\"#elementor-action%3Aaction%3Dlightbox%26settings%3DeyJpZCI6Mjg2OTIsInVybCI6Imh0dHBzOlwvXC9zb3ltaWdyYW50ZS5jb21cL3JldmlzdGFcL3dwLWNvbnRlbnRcL3VwbG9hZHNcLzIwMjNcLzA1XC9pbnZpdGFjaW9uLWEtbGEtcHJvY2VzaW9uLWUxNzQyMzM3MzUzMjM2LndlYnAiLCJzbGlkZXNob3ciOiJkZWE4NTBhIn0%3D\" href='https:\/\/soymigrante.com\/revista\/wp-content\/uploads\/2023\/05\/invitacion-a-la-procesion-e1742337353236.webp'><img fetchpriority=\"high\" decoding=\"async\" width=\"323\" height=\"323\" src=\"https:\/\/soymigrante.com\/revista\/wp-content\/uploads\/2023\/05\/invitacion-a-la-procesion-e1742337353236.webp\" class=\"attachment-large size-large\" alt=\"Cortejo procesional con rey y realeza en un evento religioso en Cuarence en marzo de 2025, destacando la tradici\u00f3n y solemnidad de la cultura local.\" aria-describedby=\"gallery-1-28692\" srcset=\"https:\/\/soymigrante.com\/revista\/wp-content\/uploads\/2023\/05\/invitacion-a-la-procesion-e1742337353236.webp 323w, https:\/\/soymigrante.com\/revista\/wp-content\/uploads\/2023\/05\/invitacion-a-la-procesion-e1742337353236-300x300.webp 300w, https:\/\/soymigrante.com\/revista\/wp-content\/uploads\/2023\/05\/invitacion-a-la-procesion-e1742337353236-150x150.webp 150w, https:\/\/soymigrante.com\/revista\/wp-content\/uploads\/2023\/05\/invitacion-a-la-procesion-e1742337353236-75x75.webp 75w\" sizes=\"(max-width: 323px) 100vw, 323px\" title=\"R\u00e9plica del Nazareno de Candelaria En Los Angeles \u2013 SoyMigrante.com REVISTA\" \/><\/a>\n\t\t\t<\/div>\n\t\t\t\t<figcaption class='wp-caption-text gallery-caption' id='gallery-1-28692'>\n\t\t\t\tConjunto de imagen que muestra un acto religioso en Cuarence, con elementos tradicionales, ceremoniales y religiosos en un ambiente cultural y festivo, incluyendo sacerdotes y asistentes en vestimenta formal.\n\t\t\t\t<\/figcaption><\/figure><figure class='gallery-item'>\n\t\t\t<div class='gallery-icon landscape'>\n\t\t\t\t<a data-elementor-open-lightbox=\"yes\" data-elementor-lightbox-slideshow=\"dea850a\" data-elementor-lightbox-title=\"Todav\u00eda hay turnos disponibles para la procesi\u00f3n del Cuarto  Domingo de Cuaresma en Los Angeles.\" data-elementor-lightbox-description=\"Tarjeta electoral para el turno 08, fila izquierda, emitida durante las elecciones en Cuerna en marzo de 2023, con detalles del proceso y agrupaci\u00f3n pol\u00edtica.\" data-e-action-hash=\"#elementor-action%3Aaction%3Dlightbox%26settings%3DeyJpZCI6Mjg2OTQsInVybCI6Imh0dHBzOlwvXC9zb3ltaWdyYW50ZS5jb21cL3JldmlzdGFcL3dwLWNvbnRlbnRcL3VwbG9hZHNcLzIwMjNcLzA1XC9DYXB0dXJhLWRlLXBhbnRhbGxhLTIwMjUtMDMtMTgtMTU1MDUxLWUxNzQyMzM3NDE5NDI4LndlYnAiLCJzbGlkZXNob3ciOiJkZWE4NTBhIn0%3D\" href='https:\/\/soymigrante.com\/revista\/wp-content\/uploads\/2023\/05\/Captura-de-pantalla-2025-03-18-155051-e1742337419428.webp'><img decoding=\"async\" width=\"495\" height=\"491\" src=\"https:\/\/soymigrante.com\/revista\/wp-content\/uploads\/2023\/05\/Captura-de-pantalla-2025-03-18-155051-e1742337419428.webp\" class=\"attachment-large size-large\" alt=\"Tarjeta de votaci\u00f3n con s\u00edmbolo religioso, para elecciones en Cuerna, M\u00e9xico.\" aria-describedby=\"gallery-1-28694\" srcset=\"https:\/\/soymigrante.com\/revista\/wp-content\/uploads\/2023\/05\/Captura-de-pantalla-2025-03-18-155051-e1742337419428.webp 495w, https:\/\/soymigrante.com\/revista\/wp-content\/uploads\/2023\/05\/Captura-de-pantalla-2025-03-18-155051-e1742337419428-300x298.webp 300w, https:\/\/soymigrante.com\/revista\/wp-content\/uploads\/2023\/05\/Captura-de-pantalla-2025-03-18-155051-e1742337419428-150x150.webp 150w, https:\/\/soymigrante.com\/revista\/wp-content\/uploads\/2023\/05\/Captura-de-pantalla-2025-03-18-155051-e1742337419428-75x75.webp 75w\" sizes=\"(max-width: 495px) 100vw, 495px\" title=\"Todav\u00eda hay turnos disponibles para la procesi\u00f3n del Cuarto  Domingo de Cuaresma en Los Angeles. \u2013 SoyMigrante.com REVISTA\" \/><\/a>\n\t\t\t<\/div>\n\t\t\t\t<figcaption class='wp-caption-text gallery-caption' id='gallery-1-28694'>\n\t\t\t\tTarjeta de votaci\u00f3n colorida con imagen religiosa, utilizada en el proceso electoral en Cuerna, destacando la participaci\u00f3n ciudadana y el compromiso democr\u00e1tico.\n\t\t\t\t<\/figcaption><\/figure>\n\t\t<\/div>\n\t\t<\/div>\n\t\t\t\t\t\t<\/div>\n\t\t\t\t\t<\/div>\n\t\t\t\t<\/div>\n\t\t<div data-particle_enable=\"false\" data-particle-mobile-disabled=\"false\" class=\"elementor-element elementor-element-76e5638 e-flex e-con-boxed e-con e-parent\" data-id=\"76e5638\" data-element_type=\"container\" data-e-type=\"container\">\n\t\t\t\t\t<div class=\"e-con-inner\">\n\t\t\t\t<div class=\"elementor-element elementor-element-61497f7 elementor-widget elementor-widget-heading\" data-id=\"61497f7\" data-element_type=\"widget\" data-e-type=\"widget\" data-widget_type=\"heading.default\">\n\t\t\t\t\t<h3 class=\"elementor-heading-title elementor-size-default\">Segunda procesi\u00f3n de la r\u00e9plica del Nazareno de Candelaria de Los Angeles en una cuaresma<\/h3>\t\t\t\t<\/div>\n\t\t\t\t\t<\/div>\n\t\t\t\t<\/div>\n\t\t<div data-particle_enable=\"false\" data-particle-mobile-disabled=\"false\" class=\"elementor-element elementor-element-725f770 e-flex e-con-boxed e-con e-parent\" data-id=\"725f770\" data-element_type=\"container\" data-e-type=\"container\">\n\t\t\t\t\t<div class=\"e-con-inner\">\n\t\t\t\t<div class=\"elementor-element elementor-element-ea39be8 elementor-widget elementor-widget-text-editor\" data-id=\"ea39be8\" data-element_type=\"widget\" data-e-type=\"widget\" data-widget_type=\"text-editor.default\">\n\t\t\t\t\t\t\t\t\t<p>Esta ser\u00e1 la segunda vez que esta imagen es procesionada durante la Cuaresma. Primera vez fue el 12 de marzo de 2024, ocasi\u00f3n en que cay\u00f3 el Cuarto Domingo de Cuaresma. En noviembre se celebr\u00f3 la solemne velaci\u00f3n que tuvo un breve recorrido procesional.<\/p>\n<p>La r\u00e9plica del Nazareno de Candelaria ha ido ganando cada vez m\u00e1s <a href=\"https:\/\/soymigrante.com\/revista\/algunas-sugerencias-para-que-devotos-migrantes-vivan-mejor-la-cuaresma-y-semana-santa\/\">veneraci\u00f3n <\/a>de guatemaltecos y tambi\u00e9n de fieles de otros pa\u00edses que se suman a las conmemoraciones cuaresmales guatemaltecas.\u00a0<\/p>\n<p><b>A continuaci\u00f3n la historia de c\u00f3mo lleg\u00f3 eta imagen hasta esta parroquia de Los Angeles, nota publicada en mayo de 2023.<\/b><\/p>\t\t\t\t\t\t\t\t<\/div>\n\t\t\t\t\t<\/div>\n\t\t\t\t<\/div>\n\t\t<div data-particle_enable=\"false\" data-particle-mobile-disabled=\"false\" class=\"elementor-element elementor-element-80756f3 e-flex e-con-boxed e-con e-parent\" data-id=\"80756f3\" data-element_type=\"container\" data-e-type=\"container\">\n\t\t\t\t\t<div class=\"e-con-inner\">\n\t\t\t\t<div class=\"elementor-element elementor-element-f41c78a elementor-widget elementor-widget-html\" data-id=\"f41c78a\" data-element_type=\"widget\" data-e-type=\"widget\" data-widget_type=\"html.default\">\n\t\t\t\t\t<iframe src=\"https:\/\/www.facebook.com\/plugins\/post.php?href=https%3A%2F%2Fwww.facebook.com%2Fpermalink.php%3Fstory_fbid%3Dpfbid0EphJn71QEecVzSjjc9cbjEUFRcuUXHRyAPXVWNsWeLVTX95WzTsnVoVsiLh3EvLZl%26id%3D100091966351440&show_text=true&width=500\" width=\"500\" height=\"653\" style=\"border:none;overflow:hidden\" scrolling=\"no\" frameborder=\"0\" allowfullscreen=\"true\" allow=\"autoplay; clipboard-write; encrypted-media; picture-in-picture; web-share\"><\/iframe>\t\t\t\t<\/div>\n\t\t\t\t\t<\/div>\n\t\t\t\t<\/div>\n\t\t<div data-particle_enable=\"false\" data-particle-mobile-disabled=\"false\" class=\"elementor-element elementor-element-c3e5ec4 e-flex e-con-boxed e-con e-parent\" data-id=\"c3e5ec4\" data-element_type=\"container\" data-e-type=\"container\">\n\t\t\t\t\t<div class=\"e-con-inner\">\n\t\t\t\t<div class=\"elementor-element elementor-element-5f2d009 elementor-widget elementor-widget-heading\" data-id=\"5f2d009\" data-element_type=\"widget\" data-e-type=\"widget\" data-widget_type=\"heading.default\">\n\t\t\t\t\t<h2 class=\"elementor-heading-title elementor-size-default\">Nazareno migrante brinda consuelo y esperanza a migrantes en L.A.<\/h2>\t\t\t\t<\/div>\n\t\t\t\t\t<\/div>\n\t\t\t\t<\/div>\n\t\t<div data-particle_enable=\"false\" data-particle-mobile-disabled=\"false\" class=\"elementor-element elementor-element-4d21419 e-flex e-con-boxed e-con e-parent\" data-id=\"4d21419\" data-element_type=\"container\" data-e-type=\"container\">\n\t\t\t\t\t<div class=\"e-con-inner\">\n\t\t\t\t<div class=\"elementor-element elementor-element-e48a282 elementor-widget elementor-widget-text-editor\" data-id=\"e48a282\" data-element_type=\"widget\" data-e-type=\"widget\" data-widget_type=\"text-editor.default\">\n\t\t\t\t\t\t\t\t\t<p><b>\u00a0<\/b><span style=\"color: var( --e-global-color-text ); background-color: var(--ak-bg-color);\">No quiere cr\u00e9dito ni m\u00e9rito, hay que aclararlo de entrada. El empresario y devoto Mario D\u00edaz, agradece a Dios por la oportunidad de servir a trav\u00e9s de la veneraci\u00f3n a Jes\u00fas Nazareno de Candelaria, venerado en la parroquia del mismo nombre en la zona 6 de la capital de Guatemala, cuya r\u00e9plica se venera desde febrero en la parroquia Santo Tom\u00e1s de Los Angeles, California, gracias a un proyecto que Mario comenz\u00f3 hace 9 a\u00f1os:\u00a0<\/span><\/p>\n<p><span style=\"background-color: var(--ak-bg-color); color: var( --e-global-color-text ); text-align: var(--text-align);\">&#8220;Ese a\u00f1o (2014)\u00a0 no pude viajar a Guatemala para Semana Santa. Yo soy <a href=\"https:\/\/soymigrante.com\/revista\/algunas-sugerencias-para-que-devotos-migrantes-vivan-mejor-la-cuaresma-y-semana-santa\/\">devoto<\/a> de Jes\u00fas de Candelaria, tercera generaci\u00f3n. Mi abuelo, mi padre y yo veneramos a Cristo Rey, pero ese a\u00f1o no pude ir en Semana Santa porque estaba tramitando mi residencia en Estados Unidos.\u201d<\/span><\/p>\n<p><!-- \/wp:paragraph --><\/p>\n<p><!-- wp:paragraph --><\/p>\n<p>El cortejo de recepci\u00f3n y bendici\u00f3n de la Imgen fue de solo unos 100 metros.\u00a0 Fue un trayecto de 100 metros entre la residencia parroquial y el templo, que por la emoci\u00f3n y la solemnidad de los devotos se recorri\u00f3 lentamente. \u201cNo se planific\u00f3 una procesi\u00f3n como tradicionalmente la vivimos en Guatemala, \u00fanicamente se deseaba efectuar la ceremonia de ingreso de la r\u00e9plica del Nazareno al templo\u201d, aclara Mario D\u00edaz.<\/p>\n<p>\u00a0<\/p>\n<p><!-- \/wp:paragraph --><\/p>\t\t\t\t\t\t\t\t<\/div>\n\t\t\t\t\t<\/div>\n\t\t\t\t<\/div>\n\t\t<div data-particle_enable=\"false\" data-particle-mobile-disabled=\"false\" class=\"elementor-element elementor-element-a007ea0 e-flex e-con-boxed e-con e-parent\" data-id=\"a007ea0\" data-element_type=\"container\" data-e-type=\"container\">\n\t\t\t\t\t<div class=\"e-con-inner\">\n\t\t\t\t<div class=\"elementor-element elementor-element-26449a7 elementor-invisible elementor-widget elementor-widget-facebook-embed\" data-id=\"26449a7\" data-element_type=\"widget\" data-e-type=\"widget\" data-settings=\"{&quot;_animation&quot;:&quot;zoomInDown&quot;}\" data-widget_type=\"facebook-embed.default\">\n\t\t\t\t\t<div style=\"min-height: 1px\" class=\"elementor-facebook-widget fb-video\" data-href=\"https:\/\/www.facebook.com\/100091966351440\/videos\/312763878494515\" data-show-text=\"false\" data-allowfullscreen=\"false\" data-autoplay=\"false\" data-show-captions=\"false\"><\/div>\t\t\t\t<\/div>\n\t\t\t\t\t<\/div>\n\t\t\t\t<\/div>\n\t\t<div data-particle_enable=\"false\" data-particle-mobile-disabled=\"false\" class=\"elementor-element elementor-element-4cfb3e0 e-flex e-con-boxed e-con e-parent\" data-id=\"4cfb3e0\" data-element_type=\"container\" data-e-type=\"container\">\n\t\t\t\t\t<div class=\"e-con-inner\">\n\t\t\t\t<div class=\"elementor-element elementor-element-745f9df elementor-widget elementor-widget-text-editor\" data-id=\"745f9df\" data-element_type=\"widget\" data-e-type=\"widget\" data-widget_type=\"text-editor.default\">\n\t\t\t\t\t\t\t\t\t<p><strong style=\"color: var( --e-global-color-text ); text-align: var(--text-align);\">\u00bfC\u00f3mo surgi\u00f3 la idea de tener la r\u00e9plica del Nazareno de Candelaria en Los Angeles?<\/strong><\/p>\n<p><!-- \/wp:paragraph --><\/p>\n<p><!-- wp:paragraph --><\/p>\n<p>Todo comenz\u00f3 por la idea de hacer un concierto sacro. Mario se dio cuenta que en ciertas \u00e9pocas se procesionaba al Cristo de Esquipulas venerado en ciertos templos, acompa\u00f1ado por una bocina con marchas f\u00fanebres. \u201c\u00bfPor qu\u00e9 no hacer uno con banda marcial en vivo?\u201d.\u00a0\u00a0<\/p>\n<p><!-- \/wp:paragraph --><\/p>\n<p><!-- wp:paragraph --><\/p>\n<p>Era el a\u00f1o 2011. Pero la actividad no se concretar\u00eda sino hasta 2016. El primer valladar fue conseguir m\u00fasicos. Se intent\u00f3 en algunos institutos educativos locales, pero por ley no pueden participar en actividades religiosas. Adem\u00e1s, al proponer la actividad en varias iglesias hubo tambi\u00e9n varios \u201cno\u201d, hasta que lleg\u00f3 a la iglesia de Santo Tom\u00e1s, con el padre Mario Torres.<\/p>\n<p><!-- \/wp:paragraph --><\/p>\n<p><!-- wp:paragraph --><\/p>\n<p>\u201cAquel a\u00f1o tambi\u00e9n hubo una exposici\u00f3n fotogr\u00e1fica sobre Cristo Rey de Candelaria en Guatemala. Entonces se logr\u00f3 traer parte de la exposici\u00f3n, fotograf\u00edas, trajes de cucurucho, dos t\u00fanicas de Jes\u00fas Nazareno, trajes de palestinos. Hicimos playeras, recaudamos fondos con suvenires de Candelaria: pines, llaveros, discos de marchas. No s\u00e9 cu\u00e1nta gente asisti\u00f3 pero fue un \u00e9xito entre <a href=\"https:\/\/soymigrante.com\/revista\/carlos-sandoval-lleva-40-anos-en-usa-y-siempre-vuelve-a-la-semana-santa-guatemalteca\/\">devotos guatemaltecos<\/a>\u00a0y p\u00fablico en general. Y as\u00ed lo repetimos en 2017 y siguientes a\u00f1os. Todav\u00eda logramos hacerla en 2020, pero despu\u00e9s cay\u00f3 la pandemia\u201d.<\/p>\n<p><!-- \/wp:paragraph --><\/p>\n<p><!-- wp:paragraph --><\/p>\n<p>\u00a0<\/p>\n<p><!-- \/wp:paragraph --><\/p>\t\t\t\t\t\t\t\t<\/div>\n\t\t\t\t\t<\/div>\n\t\t\t\t<\/div>\n\t\t<div data-particle_enable=\"false\" data-particle-mobile-disabled=\"false\" class=\"elementor-element elementor-element-1dc2fdf e-flex e-con-boxed e-con e-parent\" data-id=\"1dc2fdf\" data-element_type=\"container\" data-e-type=\"container\">\n\t\t\t\t\t<div class=\"e-con-inner\">\n\t\t\t\t<div class=\"elementor-element elementor-element-3a3b479 elementor-widget elementor-widget-video\" data-id=\"3a3b479\" data-element_type=\"widget\" data-e-type=\"widget\" data-settings=\"{&quot;youtube_url&quot;:&quot;https:\\\/\\\/www.youtube.com\\\/watch?v=oaCC8YNQyoQ&quot;,&quot;start&quot;:121,&quot;video_type&quot;:&quot;youtube&quot;}\" data-widget_type=\"video.default\">\n\t\t\t\t\t\t\t<div class=\"elementor-wrapper elementor-open-inline\">\n\t\t\t<div class=\"elementor-video\"><\/div>\t\t<\/div>\n\t\t\t\t\t\t<\/div>\n\t\t\t\t\t<\/div>\n\t\t\t\t<\/div>\n\t\t<div data-particle_enable=\"false\" data-particle-mobile-disabled=\"false\" class=\"elementor-element elementor-element-e3bba3f e-flex e-con-boxed e-con e-parent\" data-id=\"e3bba3f\" data-element_type=\"container\" data-e-type=\"container\">\n\t\t\t\t\t<div class=\"e-con-inner\">\n\t\t\t\t<div class=\"elementor-element elementor-element-3fbe0d0 elementor-widget elementor-widget-text-editor\" data-id=\"3fbe0d0\" data-element_type=\"widget\" data-e-type=\"widget\" data-widget_type=\"text-editor.default\">\n\t\t\t\t\t\t\t\t\t<p><span style=\"background-color: var(--ak-bg-color); color: var( --e-global-color-text ); text-align: var(--text-align);\"><b>\u00bfQu\u00e9 fue lo que marc\u00f3 el punto decisivo para mandar a tallar la imagen?&nbsp;<\/b><\/span><\/p>\n<p><span style=\"background-color: var(--ak-bg-color); color: var( --e-global-color-text ); text-align: var(--text-align);\">Fue la iniciativa del padre Mario Torres, de la parroquia Santo Tom\u00e1s, la que origin\u00f3 la idea de la r\u00e9plica. \u201cYo quisiera una imagen. Pero de Jes\u00fas de Candelaria, dijo el Padre. Porque es la que la gente viene a buscar y se identifica bastante\u201d.<\/span><\/p>\n<p><!-- \/wp:paragraph --><\/p>\n<p><!-- wp:paragraph --><\/p>\n<p>Se comenz\u00f3 a efectuar un trabajo de buscar autorizaciones para mandar a burilar una r\u00e9plica. Sin embargo, al conocerse este proceso, ocurri\u00f3 lo que podr\u00eda parecer inesperado. \u201cMe llovieron cr\u00edticas, me reclamaron que qui\u00e9n me cre\u00eda yo, que Jes\u00fas de Candelaria solo hay uno\u2026y en efecto, solo hay uno. Lo que \u00edbamos a tener es una r\u00e9plica, pero a\u00fan as\u00ed, fueron duras las cr\u00edticas\u201d.<\/p>\n<p><!-- \/wp:paragraph --><\/p>\n<p><!-- wp:paragraph --><\/p>\n<p>La imagen se mand\u00f3 a tallar en Espa\u00f1a, en el taller de Juan Manuel Mart\u00edn Garc\u00eda, en la ciudad de Palacios y Villa Franca, Sevilla. El traslado de Espa\u00f1a a Guatemala fue complicado y m\u00e1s a\u00fan el proceso para poderla entrar a Estados Unidos. \u201cPero gracias a Dios se fueron dando los procesos y ah\u00ed est\u00e1 la r\u00e9plica del Nazareno, recibiendo el cari\u00f1o de la gente.<\/p>\n<p><\/p>\n<p><!-- \/wp:paragraph --><\/p>\t\t\t\t\t\t\t\t<\/div>\n\t\t\t\t\t<\/div>\n\t\t\t\t<\/div>\n\t\t<div data-particle_enable=\"false\" data-particle-mobile-disabled=\"false\" class=\"elementor-element elementor-element-4eeb123 e-flex e-con-boxed e-con e-parent\" data-id=\"4eeb123\" data-element_type=\"container\" data-e-type=\"container\">\n\t\t\t\t\t<div class=\"e-con-inner\">\n\t\t\t\t<div class=\"elementor-element elementor-element-354fbae elementor-widget elementor-widget-text-editor\" data-id=\"354fbae\" data-element_type=\"widget\" data-e-type=\"widget\" data-widget_type=\"text-editor.default\">\n\t\t\t\t\t\t\t\t\t<h5>Recuerdo de la procesi\u00f3n de 2023 para dar la bienvenida al Nazareno<\/h5>\t\t\t\t\t\t\t\t<\/div>\n\t\t\t\t\t<\/div>\n\t\t\t\t<\/div>\n\t\t<div data-particle_enable=\"false\" data-particle-mobile-disabled=\"false\" class=\"elementor-element elementor-element-df5a419 e-flex e-con-boxed e-con e-parent\" data-id=\"df5a419\" data-element_type=\"container\" data-e-type=\"container\">\n\t\t\t\t\t<div class=\"e-con-inner\">\n\t\t\t\t<div class=\"elementor-element elementor-element-877f012 elementor-widget elementor-widget-image-gallery\" data-id=\"877f012\" data-element_type=\"widget\" data-e-type=\"widget\" data-widget_type=\"image-gallery.default\">\n\t\t\t\t\t\t\t<div class=\"elementor-image-gallery\">\n\t\t\t<div id='gallery-2' class='gallery galleryid-601 gallery-columns-2 gallery-size-gb-block-post-grid-landscape'><figure class='gallery-item'>\n\t\t\t<div class='gallery-icon landscape'>\n\t\t\t\t<a data-elementor-open-lightbox=\"yes\" data-elementor-lightbox-slideshow=\"877f012\" data-elementor-lightbox-title=\"Un sue\u00f1o cumplido\" data-elementor-lightbox-description=\"Si aparentemente se ve que la imagen va &quot;hundida&quot; en el anda es porque se coloc\u00f3 un elevador el\u00e9ctrico en la misma para que pudiera entrar por la peque\u00f1a puerta del templo Santo Tom\u00e1s. Fotograf\u00eda Facebook Lanza Sagrada\" data-e-action-hash=\"#elementor-action%3Aaction%3Dlightbox%26settings%3DeyJpZCI6NjE3LCJ1cmwiOiJodHRwczpcL1wvc295bWlncmFudGUuY29tXC9yZXZpc3RhXC93cC1jb250ZW50XC91cGxvYWRzXC8yMDIzXC8wM1wvMi1GT1RPUy1ERS1OQVpBUkVOTy1ERS1DQU5ERUxBUklBLUNPUlRFU0lBLURFLUxBTlpBLVNBR1JBREEtMi53ZWJwIiwic2xpZGVzaG93IjoiODc3ZjAxMiJ9\" href='https:\/\/soymigrante.com\/revista\/wp-content\/uploads\/2023\/03\/2-FOTOS-DE-NAZARENO-DE-CANDELARIA-CORTESIA-DE-LANZA-SAGRADA-2.webp'><img decoding=\"async\" width=\"600\" height=\"400\" src=\"https:\/\/soymigrante.com\/revista\/wp-content\/uploads\/2023\/03\/2-FOTOS-DE-NAZARENO-DE-CANDELARIA-CORTESIA-DE-LANZA-SAGRADA-2-600x400.jpg\" class=\"attachment-gb-block-post-grid-landscape size-gb-block-post-grid-landscape\" alt=\"\" aria-describedby=\"gallery-2-617\" title=\"Un sue\u00f1o cumplido \u2013 SoyMigrante.com REVISTA\" \/><\/a>\n\t\t\t<\/div>\n\t\t\t\t<figcaption class='wp-caption-text gallery-caption' id='gallery-2-617'>\n\t\t\t\tUn sue\u00f1o cumplido\n\t\t\t\t<\/figcaption><\/figure><figure class='gallery-item'>\n\t\t\t<div class='gallery-icon landscape'>\n\t\t\t\t<a data-elementor-open-lightbox=\"yes\" data-elementor-lightbox-slideshow=\"877f012\" data-elementor-lightbox-title=\"Expectaci\u00f3n\" data-elementor-lightbox-description=\"Migrantes guatemaltecos llegaron de ciudades vecinas para recibir al Nazareno migrante. Foto: Mario D\u00edaz.\" data-e-action-hash=\"#elementor-action%3Aaction%3Dlightbox%26settings%3DeyJpZCI6NjE0LCJ1cmwiOiJodHRwczpcL1wvc295bWlncmFudGUuY29tXC9yZXZpc3RhXC93cC1jb250ZW50XC91cGxvYWRzXC8yMDIzXC8wM1wvMi1OQVpBUkVOTy1ERS1DQU5ERUxBUklBLUVOLUwuQS1GT1RPUy1NQVJJTy1ESUFaLTUtMS1zY2FsZWQud2VicCIsInNsaWRlc2hvdyI6Ijg3N2YwMTIifQ%3D%3D\" href='https:\/\/soymigrante.com\/revista\/wp-content\/uploads\/2023\/03\/2-NAZARENO-DE-CANDELARIA-EN-L.A-FOTOS-MARIO-DIAZ-5-1-scaled.webp'><img loading=\"lazy\" decoding=\"async\" width=\"600\" height=\"400\" src=\"https:\/\/soymigrante.com\/revista\/wp-content\/uploads\/2023\/03\/2-NAZARENO-DE-CANDELARIA-EN-L.A-FOTOS-MARIO-DIAZ-5-1-600x400.jpg\" class=\"attachment-gb-block-post-grid-landscape size-gb-block-post-grid-landscape\" alt=\"\" aria-describedby=\"gallery-2-614\" title=\"Expectaci\u00f3n \u2013 SoyMigrante.com REVISTA\" \/><\/a>\n\t\t\t<\/div>\n\t\t\t\t<figcaption class='wp-caption-text gallery-caption' id='gallery-2-614'>\n\t\t\t\tEmoci\u00f3n y expectaci\u00f3n\n\t\t\t\t<\/figcaption><\/figure><figure class='gallery-item'>\n\t\t\t<div class='gallery-icon landscape'>\n\t\t\t\t<a data-elementor-open-lightbox=\"yes\" data-elementor-lightbox-slideshow=\"877f012\" data-elementor-lightbox-title=\"Entusiasmo y fe\" data-elementor-lightbox-description=\"Mario D\u00edaz, a la derecha, del sacerdote Mario Torres, p\u00e1rroco de Santo Tom\u00e1s en Los Angeles. Foto Mario D\u00edaz.\" data-e-action-hash=\"#elementor-action%3Aaction%3Dlightbox%26settings%3DeyJpZCI6NjA2LCJ1cmwiOiJodHRwczpcL1wvc295bWlncmFudGUuY29tXC9yZXZpc3RhXC93cC1jb250ZW50XC91cGxvYWRzXC8yMDIzXC8wM1wvMi1OQVpBUkVOTy1ERS1DQU5ERUxBUklBLUVOLUwuQS1GT1RPUy1NQVJJTy1ESUFaLTQtc2NhbGVkLndlYnAiLCJzbGlkZXNob3ciOiI4NzdmMDEyIn0%3D\" href='https:\/\/soymigrante.com\/revista\/wp-content\/uploads\/2023\/03\/2-NAZARENO-DE-CANDELARIA-EN-L.A-FOTOS-MARIO-DIAZ-4-scaled.webp'><img loading=\"lazy\" decoding=\"async\" width=\"600\" height=\"400\" src=\"https:\/\/soymigrante.com\/revista\/wp-content\/uploads\/2023\/03\/2-NAZARENO-DE-CANDELARIA-EN-L.A-FOTOS-MARIO-DIAZ-4-600x400.jpg\" class=\"attachment-gb-block-post-grid-landscape size-gb-block-post-grid-landscape\" alt=\"\" aria-describedby=\"gallery-2-606\" title=\"Entusiasmo y fe \u2013 SoyMigrante.com REVISTA\" \/><\/a>\n\t\t\t<\/div>\n\t\t\t\t<figcaption class='wp-caption-text gallery-caption' id='gallery-2-606'>\n\t\t\t\tEntusiasmo y fe\n\t\t\t\t<\/figcaption><\/figure><figure class='gallery-item'>\n\t\t\t<div class='gallery-icon landscape'>\n\t\t\t\t<a data-elementor-open-lightbox=\"yes\" data-elementor-lightbox-slideshow=\"877f012\" data-elementor-lightbox-title=\"S\u00edmbolo de fe\" data-elementor-lightbox-description=\"La serenidad plasmada en la imagen conmueve a quienes la ven. Fotograf\u00eda: Facebook Lanza Sagrada.\" data-e-action-hash=\"#elementor-action%3Aaction%3Dlightbox%26settings%3DeyJpZCI6NjEzLCJ1cmwiOiJodHRwczpcL1wvc295bWlncmFudGUuY29tXC9yZXZpc3RhXC93cC1jb250ZW50XC91cGxvYWRzXC8yMDIzXC8wM1wvMi1GT1RPUy1ERS1OQVpBUkVOTy1ERS1DQU5ERUxBUklBLUNPUlRFU0lBLURFLUxBTlpBLVNBR1JBREEtNi53ZWJwIiwic2xpZGVzaG93IjoiODc3ZjAxMiJ9\" href='https:\/\/soymigrante.com\/revista\/wp-content\/uploads\/2023\/03\/2-FOTOS-DE-NAZARENO-DE-CANDELARIA-CORTESIA-DE-LANZA-SAGRADA-6.webp'><img loading=\"lazy\" decoding=\"async\" width=\"600\" height=\"400\" src=\"https:\/\/soymigrante.com\/revista\/wp-content\/uploads\/2023\/03\/2-FOTOS-DE-NAZARENO-DE-CANDELARIA-CORTESIA-DE-LANZA-SAGRADA-6-600x400.jpg\" class=\"attachment-gb-block-post-grid-landscape size-gb-block-post-grid-landscape\" alt=\"\" aria-describedby=\"gallery-2-613\" title=\"S\u00edmbolo de fe \u2013 SoyMigrante.com REVISTA\" \/><\/a>\n\t\t\t<\/div>\n\t\t\t\t<figcaption class='wp-caption-text gallery-caption' id='gallery-2-613'>\n\t\t\t\tS\u00edmbolo de fe\n\t\t\t\t<\/figcaption><\/figure><figure class='gallery-item'>\n\t\t\t<div class='gallery-icon portrait'>\n\t\t\t\t<a data-elementor-open-lightbox=\"yes\" data-elementor-lightbox-slideshow=\"877f012\" data-elementor-lightbox-title=\"Ingreso solemne\" data-elementor-lightbox-description=\"Con las notas de la tradicional Granadera, la imagen ingres\u00f3 al templo, cuya puerta no est\u00e1 dise\u00f1ada para procesiones. Fotograf\u00eda: Facebook Lanza Sagrada.\" data-e-action-hash=\"#elementor-action%3Aaction%3Dlightbox%26settings%3DeyJpZCI6NjEyLCJ1cmwiOiJodHRwczpcL1wvc295bWlncmFudGUuY29tXC9yZXZpc3RhXC93cC1jb250ZW50XC91cGxvYWRzXC8yMDIzXC8wM1wvMi1GT1RPUy1ERS1OQVpBUkVOTy1ERS1DQU5ERUxBUklBLUNPUlRFU0lBLURFLUxBTlpBLVNBR1JBREEtNy53ZWJwIiwic2xpZGVzaG93IjoiODc3ZjAxMiJ9\" href='https:\/\/soymigrante.com\/revista\/wp-content\/uploads\/2023\/03\/2-FOTOS-DE-NAZARENO-DE-CANDELARIA-CORTESIA-DE-LANZA-SAGRADA-7.webp'><img loading=\"lazy\" decoding=\"async\" width=\"600\" height=\"400\" src=\"https:\/\/soymigrante.com\/revista\/wp-content\/uploads\/2023\/03\/2-FOTOS-DE-NAZARENO-DE-CANDELARIA-CORTESIA-DE-LANZA-SAGRADA-7-600x400.jpg\" class=\"attachment-gb-block-post-grid-landscape size-gb-block-post-grid-landscape\" alt=\"\" aria-describedby=\"gallery-2-612\" title=\"Ingreso solemne \u2013 SoyMigrante.com REVISTA\" \/><\/a>\n\t\t\t<\/div>\n\t\t\t\t<figcaption class='wp-caption-text gallery-caption' id='gallery-2-612'>\n\t\t\t\tIngreso solemne\n\t\t\t\t<\/figcaption><\/figure><figure class='gallery-item'>\n\t\t\t<div class='gallery-icon landscape'>\n\t\t\t\t<a data-elementor-open-lightbox=\"yes\" data-elementor-lightbox-slideshow=\"877f012\" data-elementor-lightbox-title=\"Dentro de su nueva casa\" data-elementor-lightbox-description=\"Con las notas de la tradicional Granadera, la imagen ingres\u00f3 al templo, cuya puerta no est\u00e1 dise\u00f1ada para procesiones. Fotograf\u00eda: Facebook Lanza Sagrada.\" data-e-action-hash=\"#elementor-action%3Aaction%3Dlightbox%26settings%3DeyJpZCI6NjAzLCJ1cmwiOiJodHRwczpcL1wvc295bWlncmFudGUuY29tXC9yZXZpc3RhXC93cC1jb250ZW50XC91cGxvYWRzXC8yMDIzXC8wM1wvMi1OQVpBUkVOTy1ERS1DQU5ERUxBUklBLUVOLUwuQS1GT1RPUy1NQVJJTy1ESUFaLTYtc2NhbGVkLndlYnAiLCJzbGlkZXNob3ciOiI4NzdmMDEyIn0%3D\" href='https:\/\/soymigrante.com\/revista\/wp-content\/uploads\/2023\/03\/2-NAZARENO-DE-CANDELARIA-EN-L.A-FOTOS-MARIO-DIAZ-6-scaled.webp'><img loading=\"lazy\" decoding=\"async\" width=\"600\" height=\"400\" src=\"https:\/\/soymigrante.com\/revista\/wp-content\/uploads\/2023\/03\/2-NAZARENO-DE-CANDELARIA-EN-L.A-FOTOS-MARIO-DIAZ-6-600x400.jpg\" class=\"attachment-gb-block-post-grid-landscape size-gb-block-post-grid-landscape\" alt=\"\" aria-describedby=\"gallery-2-603\" title=\"Dentro de su nueva casa \u2013 SoyMigrante.com REVISTA\" \/><\/a>\n\t\t\t<\/div>\n\t\t\t\t<figcaption class='wp-caption-text gallery-caption' id='gallery-2-603'>\n\t\t\t\tA su ingreso se activ\u00f3 el dispositivo elevador que permiti\u00f3 ver la r\u00e9plica del Nazareno de Candelaria. Foto: Mario D\u00edaz.\n\t\t\t\t<\/figcaption><\/figure><figure class='gallery-item'>\n\t\t\t<div class='gallery-icon landscape'>\n\t\t\t\t<a data-elementor-open-lightbox=\"yes\" data-elementor-lightbox-slideshow=\"877f012\" data-elementor-lightbox-title=\"Atrajo a devotos\" data-elementor-lightbox-description=\"El domingo 19 de febrero de 2023 marca la llegada oficial del Nazareno migrante, r\u00e9plica de Cristo Rey de Candelaria, a la comunidad cat\u00f3lica de Los Angeles. Foto Mario D\u00edaz. \" data-e-action-hash=\"#elementor-action%3Aaction%3Dlightbox%26settings%3DeyJpZCI6NjE2LCJ1cmwiOiJodHRwczpcL1wvc295bWlncmFudGUuY29tXC9yZXZpc3RhXC93cC1jb250ZW50XC91cGxvYWRzXC8yMDIzXC8wM1wvMi1OQVpBUkVOTy1ERS1DQU5ERUxBUklBLUVOLUwuQS1GT1RPUy1NQVJJTy1ESUFaLTMtMS1zY2FsZWQud2VicCIsInNsaWRlc2hvdyI6Ijg3N2YwMTIifQ%3D%3D\" href='https:\/\/soymigrante.com\/revista\/wp-content\/uploads\/2023\/03\/2-NAZARENO-DE-CANDELARIA-EN-L.A-FOTOS-MARIO-DIAZ-3-1-scaled.webp'><img loading=\"lazy\" decoding=\"async\" width=\"600\" height=\"400\" src=\"https:\/\/soymigrante.com\/revista\/wp-content\/uploads\/2023\/03\/2-NAZARENO-DE-CANDELARIA-EN-L.A-FOTOS-MARIO-DIAZ-3-1-600x400.jpg\" class=\"attachment-gb-block-post-grid-landscape size-gb-block-post-grid-landscape\" alt=\"\" aria-describedby=\"gallery-2-616\" title=\"Atrajo a devotos \u2013 SoyMigrante.com REVISTA\" \/><\/a>\n\t\t\t<\/div>\n\t\t\t\t<figcaption class='wp-caption-text gallery-caption' id='gallery-2-616'>\n\t\t\t\tMasiva asistencia\n\t\t\t\t<\/figcaption><\/figure><figure class='gallery-item'>\n\t\t\t<div class='gallery-icon landscape'>\n\t\t\t\t<a data-elementor-open-lightbox=\"yes\" data-elementor-lightbox-slideshow=\"877f012\" data-elementor-lightbox-title=\"A su camarin\" data-elementor-lightbox-description=\"Emoci\u00f3n, alegr\u00eda, l\u00e1grimas y plegarias se reciben desde el 19 de febrero en esta parroquia. Fotograf\u00eda: Facebook Lanza Sagrada.\" data-e-action-hash=\"#elementor-action%3Aaction%3Dlightbox%26settings%3DeyJpZCI6NjExLCJ1cmwiOiJodHRwczpcL1wvc295bWlncmFudGUuY29tXC9yZXZpc3RhXC93cC1jb250ZW50XC91cGxvYWRzXC8yMDIzXC8wM1wvMi1GT1RPUy1ERS1OQVpBUkVOTy1ERS1DQU5ERUxBUklBLUNPUlRFU0lBLURFLUxBTlpBLVNBR1JBREEtOC53ZWJwIiwic2xpZGVzaG93IjoiODc3ZjAxMiJ9\" href='https:\/\/soymigrante.com\/revista\/wp-content\/uploads\/2023\/03\/2-FOTOS-DE-NAZARENO-DE-CANDELARIA-CORTESIA-DE-LANZA-SAGRADA-8.webp'><img loading=\"lazy\" decoding=\"async\" width=\"600\" height=\"400\" src=\"https:\/\/soymigrante.com\/revista\/wp-content\/uploads\/2023\/03\/2-FOTOS-DE-NAZARENO-DE-CANDELARIA-CORTESIA-DE-LANZA-SAGRADA-8-600x400.jpg\" class=\"attachment-gb-block-post-grid-landscape size-gb-block-post-grid-landscape\" alt=\"\" aria-describedby=\"gallery-2-611\" title=\"A su camarin \u2013 SoyMigrante.com REVISTA\" \/><\/a>\n\t\t\t<\/div>\n\t\t\t\t<figcaption class='wp-caption-text gallery-caption' id='gallery-2-611'>\n\t\t\t\tA su camar\u00edn\n\t\t\t\t<\/figcaption><\/figure><figure class='gallery-item'>\n\t\t\t<div class='gallery-icon landscape'>\n\t\t\t\t<a data-elementor-open-lightbox=\"yes\" data-elementor-lightbox-slideshow=\"877f012\" data-elementor-lightbox-title=\"Bienvenido Nazareno\" data-elementor-lightbox-description=\"No fue una procesi\u00f3n larga, solo un traslado de apenas 100 metros, pero se vivi\u00f3 con toda la solemnidad de un cortejo guatemalteco de Semana Santa.\" data-e-action-hash=\"#elementor-action%3Aaction%3Dlightbox%26settings%3DeyJpZCI6NjA4LCJ1cmwiOiJodHRwczpcL1wvc295bWlncmFudGUuY29tXC9yZXZpc3RhXC93cC1jb250ZW50XC91cGxvYWRzXC8yMDIzXC8wM1wvMi1OQVpBUkVOTy1ERS1DQU5ERUxBUklBLUVOLUwuQS1GT1RPUy1NQVJJTy1ESUFaLTItc2NhbGVkLndlYnAiLCJzbGlkZXNob3ciOiI4NzdmMDEyIn0%3D\" href='https:\/\/soymigrante.com\/revista\/wp-content\/uploads\/2023\/03\/2-NAZARENO-DE-CANDELARIA-EN-L.A-FOTOS-MARIO-DIAZ-2-scaled.webp'><img loading=\"lazy\" decoding=\"async\" width=\"600\" height=\"400\" src=\"https:\/\/soymigrante.com\/revista\/wp-content\/uploads\/2023\/03\/2-NAZARENO-DE-CANDELARIA-EN-L.A-FOTOS-MARIO-DIAZ-2-600x400.jpg\" class=\"attachment-gb-block-post-grid-landscape size-gb-block-post-grid-landscape\" alt=\"\" aria-describedby=\"gallery-2-608\" title=\"Bienvenido Nazareno \u2013 SoyMigrante.com REVISTA\" \/><\/a>\n\t\t\t<\/div>\n\t\t\t\t<figcaption class='wp-caption-text gallery-caption' id='gallery-2-608'>\n\t\t\t\tAcompa\u00f1a a los migrantes\n\t\t\t\t<\/figcaption><\/figure><figure class='gallery-item'>\n\t\t\t<div class='gallery-icon portrait'>\n\t\t\t\t<a data-elementor-open-lightbox=\"yes\" data-elementor-lightbox-slideshow=\"877f012\" data-elementor-lightbox-title=\"El rostro del amor\" data-elementor-lightbox-description=\"El Nazareno migrante fue burilado en Sevilla, Espa\u00f1a, inspir\u00e1ndose en la imagen de Cristo Rey de la parroquia de Candelaria, zona 6 de Guatemala, que se procesiona cada Jueves Santo.\" data-e-action-hash=\"#elementor-action%3Aaction%3Dlightbox%26settings%3DeyJpZCI6NjA5LCJ1cmwiOiJodHRwczpcL1wvc295bWlncmFudGUuY29tXC9yZXZpc3RhXC93cC1jb250ZW50XC91cGxvYWRzXC8yMDIzXC8wM1wvMi1OQVpBUkVOTy1ERS1DQU5ERUxBUklBLUVOLUwuQS1GT1RPUy1NQVJJTy1ESUFaLTEud2VicCIsInNsaWRlc2hvdyI6Ijg3N2YwMTIifQ%3D%3D\" href='https:\/\/soymigrante.com\/revista\/wp-content\/uploads\/2023\/03\/2-NAZARENO-DE-CANDELARIA-EN-L.A-FOTOS-MARIO-DIAZ-1.webp'><img loading=\"lazy\" decoding=\"async\" width=\"600\" height=\"400\" src=\"https:\/\/soymigrante.com\/revista\/wp-content\/uploads\/2023\/03\/2-NAZARENO-DE-CANDELARIA-EN-L.A-FOTOS-MARIO-DIAZ-1-600x400.jpg\" class=\"attachment-gb-block-post-grid-landscape size-gb-block-post-grid-landscape\" alt=\"\" aria-describedby=\"gallery-2-609\" title=\"El rostro del amor \u2013 SoyMigrante.com REVISTA\" \/><\/a>\n\t\t\t<\/div>\n\t\t\t\t<figcaption class='wp-caption-text gallery-caption' id='gallery-2-609'>\n\t\t\t\tEl rostro del amor\n\t\t\t\t<\/figcaption><\/figure>\n\t\t<\/div>\n\t\t<\/div>\n\t\t\t\t\t\t<\/div>\n\t\t\t\t\t<\/div>\n\t\t\t\t<\/div>\n\t\t<div data-particle_enable=\"false\" data-particle-mobile-disabled=\"false\" class=\"elementor-element elementor-element-98a2af8 e-flex e-con-boxed e-con e-parent\" data-id=\"98a2af8\" data-element_type=\"container\" data-e-type=\"container\">\n\t\t\t\t\t<div class=\"e-con-inner\">\n\t\t\t\t<div class=\"elementor-element elementor-element-8635941 elementor-widget elementor-widget-heading\" data-id=\"8635941\" data-element_type=\"widget\" data-e-type=\"widget\" data-widget_type=\"heading.default\">\n\t\t\t\t\t<h3 class=\"elementor-heading-title elementor-size-default\">Recorrido corto se hizo muy solemne y la puerta del templo era peque\u00f1a...<\/h3>\t\t\t\t<\/div>\n\t\t\t\t\t<\/div>\n\t\t\t\t<\/div>\n\t\t<div data-particle_enable=\"false\" data-particle-mobile-disabled=\"false\" class=\"elementor-element elementor-element-2e7b9fe e-flex e-con-boxed e-con e-parent\" data-id=\"2e7b9fe\" data-element_type=\"container\" data-e-type=\"container\">\n\t\t\t\t\t<div class=\"e-con-inner\">\n\t\t\t\t<div class=\"elementor-element elementor-element-3d7b10d elementor-widget elementor-widget-text-editor\" data-id=\"3d7b10d\" data-element_type=\"widget\" data-e-type=\"widget\" data-widget_type=\"text-editor.default\">\n\t\t\t\t\t\t\t\t\t<p><span style=\"color: var( --e-global-color-text ); text-align: var(--text-align);\">\u201cAquel primer cortejo no era una procesi\u00f3n como tal. S\u00ed se sac\u00f3 a Jes\u00fas Nazareno en un anda peque\u00f1a, desde la casa del p\u00e1rroco al Templo, para que tuviera una entrada ceremonial. Lo que pasa es que aquellos 100 metros fueron recorridos muy lentamente por los devotos. Llegaron muchos cucuruchos\u201d, cuenta Mario.<\/span><\/p>\n<p><!-- \/wp:paragraph --><\/p>\n<p><!-- wp:paragraph --><\/p>\n<p>En algunas fotograf\u00edas se ve la imagen a un nivel bajo, casi a la cintura y es porque debido al tama\u00f1o de la puerta del templo, se hizo necesario colocar un peque\u00f1o mecanismo para bajarlo o elevarlo.\u00a0<\/p>\n<p>\u201cEl problema fue que justo en la entrada, se enred\u00f3 el cable el\u00e9ctrico que daba corriente al mecanismo y ya dentro del templo, no hab\u00eda como elevarlo. Entre tres amigos nos pusimos a arreglar cables y a pegarlos, as\u00ed con electricidad corriendo. Fueron unos segundos de conexi\u00f3n, solo en lo que el mecanismo elevaba a Jes\u00fas\u2026 solo subi\u00f3 y \u00a1ya estuvo! Lo desconectamos. Nadie se dio cuenta de eso\u2026 pero ah\u00ed debajo del anda est\u00e1bamos nosotros reparando la aver\u00eda\u201d, finaliza con emoci\u00f3n Mario D\u00edaz.<\/p>\n<p>\u00a0<\/p>\n<p><!-- \/wp:paragraph --><\/p>\t\t\t\t\t\t\t\t<\/div>\n\t\t\t\t\t<\/div>\n\t\t\t\t<\/div>\n\t\t<div data-particle_enable=\"false\" data-particle-mobile-disabled=\"false\" class=\"elementor-element elementor-element-3a64d04 e-flex e-con-boxed e-con e-parent\" data-id=\"3a64d04\" data-element_type=\"container\" data-e-type=\"container\">\n\t\t\t\t\t<div class=\"e-con-inner\">\n\t\t\t\t<div class=\"elementor-element elementor-element-1718687 elementor-widget elementor-widget-text-editor\" data-id=\"1718687\" data-element_type=\"widget\" data-e-type=\"widget\" data-widget_type=\"text-editor.default\">\n\t\t\t\t\t\t\t\t\t<p><b>Actualizaci\u00f3n: esta historia se public\u00f3 originalmente en mayo de 2023.<\/b><\/p>\t\t\t\t\t\t\t\t<\/div>\n\t\t\t\t\t<\/div>\n\t\t\t\t<\/div>\n\t\t<div data-particle_enable=\"false\" data-particle-mobile-disabled=\"false\" class=\"elementor-element elementor-element-7d979fc e-flex e-con-boxed e-con e-parent\" data-id=\"7d979fc\" data-element_type=\"container\" data-e-type=\"container\">\n\t\t\t\t\t<div class=\"e-con-inner\">\n\t\t\t\t<div class=\"elementor-element elementor-element-99c8a51 elementor-widget elementor-widget-heading\" data-id=\"99c8a51\" data-element_type=\"widget\" data-e-type=\"widget\" data-widget_type=\"heading.default\">\n\t\t\t\t\t<h2 class=\"elementor-heading-title elementor-size-default\">Semana Santa Guatemalteca, Patrimonio Mundial de la Humanidad<\/h2>\t\t\t\t<\/div>\n\t\t\t\t\t<\/div>\n\t\t\t\t<\/div>\n\t\t<div data-particle_enable=\"false\" data-particle-mobile-disabled=\"false\" class=\"elementor-element elementor-element-39fad4a e-flex e-con-boxed e-con e-parent\" data-id=\"39fad4a\" data-element_type=\"container\" data-e-type=\"container\">\n\t\t\t\t\t<div class=\"e-con-inner\">\n\t\t\t\t<div class=\"elementor-element elementor-element-9a6cc1c elementor-grid-eael-col-3 elementor-grid-tablet-eael-col-2 elementor-grid-mobile-eael-col-1 elementor-widget elementor-widget-eael-post-grid\" data-id=\"9a6cc1c\" data-element_type=\"widget\" data-e-type=\"widget\" data-settings=\"{&quot;eael_post_grid_columns&quot;:&quot;eael-col-3&quot;,&quot;eael_post_grid_columns_tablet&quot;:&quot;eael-col-2&quot;,&quot;eael_post_grid_columns_mobile&quot;:&quot;eael-col-1&quot;}\" data-widget_type=\"eael-post-grid.default\">\n\t\t\t\t\t<div id=\"eael-post-grid-9a6cc1c\" class=\"eael-post-grid-container\">\n            <div class=\"eael-post-grid eael-post-appender eael-post-appender-9a6cc1c eael-post-grid-style-one\" data-layout-mode=\"masonry\"><article class=\"eael-grid-post  eael-post-grid-column eael-pg-post-24504 category-guate-nuestra\" data-id=\"24504\">\n        <div class=\"eael-grid-post-holder\">\n            <div class=\"eael-grid-post-holder-inner\"><div class=\"eael-entry-media\"><div class=\"eael-entry-overlay fade-in\"><i class=\"far fa-hand-pointer\" aria-hidden=\"true\"><\/i><a href=\"https:\/\/soymigrante.com\/revista\/ya-se-acerca-la-cuaresma-y-con-ella-las-procesiones-en-la-antigua-guatemala-fechas-y-detalles\/\"><\/a><\/div><div class=\"eael-entry-thumbnail \">\n                <img loading=\"lazy\" decoding=\"async\" width=\"1000\" height=\"1000\" src=\"https:\/\/soymigrante.com\/revista\/wp-content\/uploads\/2025\/03\/procesion-jorge-ortiz.webp\" class=\"attachment-large size-large wp-image-27539\" alt=\"Vigilia en la noche con encendedores y antorchas en una procesi\u00f3n religiosa en la ciudad de Guanajuato, M\u00e9xico, durante la festividad del D\u00eda de Muertos.\" srcset=\"https:\/\/soymigrante.com\/revista\/wp-content\/uploads\/2025\/03\/procesion-jorge-ortiz.webp 1000w, https:\/\/soymigrante.com\/revista\/wp-content\/uploads\/2025\/03\/procesion-jorge-ortiz-300x300.jpg 300w, https:\/\/soymigrante.com\/revista\/wp-content\/uploads\/2025\/03\/procesion-jorge-ortiz-150x150.jpg 150w, https:\/\/soymigrante.com\/revista\/wp-content\/uploads\/2025\/03\/procesion-jorge-ortiz-768x768.jpg 768w, https:\/\/soymigrante.com\/revista\/wp-content\/uploads\/2025\/03\/procesion-jorge-ortiz-75x75.webp 75w, https:\/\/soymigrante.com\/revista\/wp-content\/uploads\/2025\/03\/procesion-jorge-ortiz-750x750.webp 750w\" sizes=\"(max-width: 1000px) 100vw, 1000px\" \/>\n            <\/div>\n        <\/div><div class=\"eael-entry-wrapper\"><header class=\"eael-entry-header\"><h2 class=\"eael-entry-title\"><a class=\"eael-grid-post-link\" href=\"https:\/\/soymigrante.com\/revista\/ya-se-acerca-la-cuaresma-y-con-ella-las-procesiones-en-la-antigua-guatemala-fechas-y-detalles\/\" title=\"\u00bfQu\u00e9 procesiones salen durante los domingos de cuaresma en La Antigua Guatemala?\">\u00bfQu\u00e9 procesiones salen durante los domingos de cuaresma en La Antigua Guatemala?<\/a><\/h2><\/header><div class=\"eael-entry-content\">\n                        <div class=\"eael-grid-post-excerpt\"><a href=\"https:\/\/soymigrante.com\/revista\/ya-se-acerca-la-cuaresma-y-con-ella-las-procesiones-en-la-antigua-guatemala-fechas-y-detalles\/\" class=\"eael-post-elements-readmore-btn\">CONOCE SU HISTORIA <\/a><\/div>\n                    <\/div><\/div><\/div>\n        <\/div>\n    <\/article><article class=\"eael-grid-post  eael-post-grid-column eael-pg-post-25906 category-guate-nuestra\" data-id=\"25906\">\n        <div class=\"eael-grid-post-holder\">\n            <div class=\"eael-grid-post-holder-inner\"><div class=\"eael-entry-media\"><div class=\"eael-entry-overlay fade-in\"><i class=\"far fa-hand-pointer\" aria-hidden=\"true\"><\/i><a href=\"https:\/\/soymigrante.com\/revista\/procesiones-de-cuaresma-2025-en-la-ciudad-de-guatemala\/\"><\/a><\/div><div class=\"eael-entry-thumbnail \">\n                <img loading=\"lazy\" decoding=\"async\" width=\"1024\" height=\"1024\" src=\"https:\/\/soymigrante.com\/revista\/wp-content\/uploads\/2025\/02\/OSCAR-RIVAS-JESUS-DE-LA-BUENA-MUERTE-1024x1024.jpg\" class=\"attachment-large size-large wp-image-25943\" alt=\"Devotos en procesi\u00f3n religiosa en la ciudad, con figuras tradicionales y acompa\u00f1amiento de fieles, en una celebraci\u00f3n cultural en el centro hist\u00f3rico.\" srcset=\"https:\/\/soymigrante.com\/revista\/wp-content\/uploads\/2025\/02\/OSCAR-RIVAS-JESUS-DE-LA-BUENA-MUERTE-1024x1024.jpg 1024w, https:\/\/soymigrante.com\/revista\/wp-content\/uploads\/2025\/02\/OSCAR-RIVAS-JESUS-DE-LA-BUENA-MUERTE-300x300.jpg 300w, https:\/\/soymigrante.com\/revista\/wp-content\/uploads\/2025\/02\/OSCAR-RIVAS-JESUS-DE-LA-BUENA-MUERTE-150x150.jpg 150w, https:\/\/soymigrante.com\/revista\/wp-content\/uploads\/2025\/02\/OSCAR-RIVAS-JESUS-DE-LA-BUENA-MUERTE-768x768.jpg 768w, https:\/\/soymigrante.com\/revista\/wp-content\/uploads\/2025\/02\/OSCAR-RIVAS-JESUS-DE-LA-BUENA-MUERTE-75x75.webp 75w, https:\/\/soymigrante.com\/revista\/wp-content\/uploads\/2025\/02\/OSCAR-RIVAS-JESUS-DE-LA-BUENA-MUERTE-750x750.webp 750w, https:\/\/soymigrante.com\/revista\/wp-content\/uploads\/2025\/02\/OSCAR-RIVAS-JESUS-DE-LA-BUENA-MUERTE-1140x1140.webp 1140w, https:\/\/soymigrante.com\/revista\/wp-content\/uploads\/2025\/02\/OSCAR-RIVAS-JESUS-DE-LA-BUENA-MUERTE.webp 1365w\" sizes=\"(max-width: 1024px) 100vw, 1024px\" \/>\n            <\/div>\n        <\/div><div class=\"eael-entry-wrapper\"><header class=\"eael-entry-header\"><h2 class=\"eael-entry-title\"><a class=\"eael-grid-post-link\" href=\"https:\/\/soymigrante.com\/revista\/procesiones-de-cuaresma-2025-en-la-ciudad-de-guatemala\/\" title=\"Procesiones de Cuaresma 2025 en la Ciudad de Guatemala\">Procesiones de Cuaresma 2025 en la Ciudad de Guatemala<\/a><\/h2><\/header><div class=\"eael-entry-content\">\n                        <div class=\"eael-grid-post-excerpt\"><a href=\"https:\/\/soymigrante.com\/revista\/procesiones-de-cuaresma-2025-en-la-ciudad-de-guatemala\/\" class=\"eael-post-elements-readmore-btn\">CONOCE SU HISTORIA <\/a><\/div>\n                    <\/div><\/div><\/div>\n        <\/div>\n    <\/article><article class=\"eael-grid-post  eael-post-grid-column eael-pg-post-5452 category-guate-nuestra\" data-id=\"5452\">\n        <div class=\"eael-grid-post-holder\">\n            <div class=\"eael-grid-post-holder-inner\"><div class=\"eael-entry-media\"><div class=\"eael-entry-overlay fade-in\"><i class=\"far fa-hand-pointer\" aria-hidden=\"true\"><\/i><a href=\"https:\/\/soymigrante.com\/revista\/antigua-guatemala-alfombras-serrin-semana-santa-fe-tradicion\/\"><\/a><\/div><div class=\"eael-entry-thumbnail \">\n                <img loading=\"lazy\" decoding=\"async\" width=\"487\" height=\"638\" src=\"https:\/\/soymigrante.com\/revista\/wp-content\/uploads\/2024\/03\/Alfombras-de-Cuaresma-y-Semana-Santa-en-Antigua-Guatemala-Fotos-Michelle-Gonzalez-8.webp\" class=\"attachment-large size-large wp-image-5460\" alt=\"Los dise\u00f1os geom\u00e9tricos pueden adquirir enorme complejidad y requieren de hasta 10 moldes para ser completados. Quienes los elaboran se colocan sobre tablas sostenidas con bloques para poder trabajar por encima e ir coloreando con aserr\u00edn la forma prevista, El aserr\u00edn con los tintes se prepara desde muchas semanas antes, para que su color no var\u00ede al secarse. (Foto Michelle Gonzalez)\" srcset=\"https:\/\/soymigrante.com\/revista\/wp-content\/uploads\/2024\/03\/Alfombras-de-Cuaresma-y-Semana-Santa-en-Antigua-Guatemala-Fotos-Michelle-Gonzalez-8.webp 487w, https:\/\/soymigrante.com\/revista\/wp-content\/uploads\/2024\/03\/Alfombras-de-Cuaresma-y-Semana-Santa-en-Antigua-Guatemala-Fotos-Michelle-Gonzalez-8-229x300.webp 229w\" sizes=\"(max-width: 487px) 100vw, 487px\" \/>\n            <\/div>\n        <\/div><div class=\"eael-entry-wrapper\"><header class=\"eael-entry-header\"><h2 class=\"eael-entry-title\"><a class=\"eael-grid-post-link\" href=\"https:\/\/soymigrante.com\/revista\/antigua-guatemala-alfombras-serrin-semana-santa-fe-tradicion\/\" title=\"Alfombras de Antigua Guatemala: ofrenda de fe, trabajo y devoci\u00f3n\">Alfombras de Antigua Guatemala: ofrenda de fe, trabajo y devoci\u00f3n<\/a><\/h2><\/header><div class=\"eael-entry-content\">\n                        <div class=\"eael-grid-post-excerpt\"><a href=\"https:\/\/soymigrante.com\/revista\/antigua-guatemala-alfombras-serrin-semana-santa-fe-tradicion\/\" class=\"eael-post-elements-readmore-btn\">CONOCE SU HISTORIA <\/a><\/div>\n                    <\/div><\/div><\/div>\n        <\/div>\n    <\/article><\/div>\n            <div class=\"clearfix\"><\/div>\n        <\/div>\t\t\t\t<\/div>\n\t\t\t\t\t<\/div>\n\t\t\t\t<\/div>\n\t\t\t\t<\/div>\n\t\t","protected":false},"excerpt":{"rendered":"<p>Todo comenz\u00f3 con un sue\u00f1o y un concierto de marchas procesionales en Los Angeles. Luego surgi\u00f3 la iniciativa del p\u00e1rroco de la iglesia Santo Tom\u00e1s de mandar a taller una r\u00e9plica de una imagen muy venerada por migrantes guatemaltecos: el Nazareno de Candelaria. La escena parece tan familiar de la cuaresma guatemalteca: el cortejo de [&hellip;]<\/p>\n","protected":false},"author":7,"featured_media":28678,"comment_status":"open","ping_status":"open","sticky":false,"template":"","format":"standard","meta":{"_acf_changed":false,"_eb_attr":"","footnotes":""},"categories":[54],"tags":[],"class_list":["post-601","post","type-post","status-publish","format-standard","has-post-thumbnail","hentry","category-estamos-unidos"],"acf":[],"aioseo_notices":[],"aioseo_head":"\n\t\t<!-- All in One SEO Pro 4.9.6.2 - aioseo.com -->\n\t<meta name=\"description\" content=\"Las piedras de Antigua Guatemala se visten de colores fugaces y devotos en las tradicionales alfombras de aserr\u00edn, que son una fusi\u00f3n de elementos prehisp\u00e1nicos y espa\u00f1oles, en un admirable lenguaje de fe. Devoci\u00f3n de siglos se hace presente La elaboraci\u00f3n de alfombras de aserr\u00edn, flores, frutas y otros materiales vegetales es todo un s\u00edmbolo\" \/>\n\t<meta name=\"robots\" content=\"max-snippet:-1, max-image-preview:large, max-video-preview:-1\" \/>\n\t<meta name=\"author\" content=\"Gustavo Montenegro\"\/>\n\t<link rel=\"canonical\" href=\"https:\/\/soymigrante.com\/revista\/2-estamos-unidos-nazareno-de-candelaria\/\" \/>\n\t<meta name=\"generator\" content=\"All in One SEO Pro (AIOSEO) 4.9.6.2\" \/>\n\n\t\t<link rel=\"preconnect\" href=\"https:\/\/fonts.googleapis.com\" crossorigin>\n<link rel=\"preconnect\" href=\"https:\/\/fonts.gstatic.com\" crossorigin>\n\t\t<meta property=\"og:locale\" content=\"es_ES\" \/>\n\t\t<meta property=\"og:site_name\" content=\"SoyMigrante.com REVISTA \u2013 Nuestra misi\u00f3n es reconocer y dignificar al migrante.\" \/>\n\t\t<meta property=\"og:type\" content=\"article\" \/>\n\t\t<meta property=\"og:title\" content=\"Nazareno migrante de Candelaria de Los Angeles\" \/>\n\t\t<meta property=\"og:description\" content=\"En Los Angeles saldr\u00e1 procesi\u00f3n con r\u00e9plica del Nazareno de Candelaria, de la iglesia Santo Tom\u00e1s de Los Angeles, el 30 de marzo. Esta es su historia.\" \/>\n\t\t<meta property=\"og:url\" content=\"https:\/\/soymigrante.com\/revista\/2-estamos-unidos-nazareno-de-candelaria\/\" \/>\n\t\t<meta property=\"og:image\" content=\"https:\/\/soymigrante.com\/revista\/wp-content\/uploads\/2023\/05\/procesion-nazareno-de-candelaria-en-los-angeles.webp\" \/>\n\t\t<meta property=\"og:image:secure_url\" content=\"https:\/\/soymigrante.com\/revista\/wp-content\/uploads\/2023\/05\/procesion-nazareno-de-candelaria-en-los-angeles.webp\" \/>\n\t\t<meta property=\"og:image:width\" content=\"873\" \/>\n\t\t<meta property=\"og:image:height\" content=\"873\" \/>\n\t\t<meta property=\"article:published_time\" content=\"2025-03-18T23:02:22+00:00\" \/>\n\t\t<meta property=\"article:modified_time\" content=\"2025-03-19T15:21:51+00:00\" \/>\n\t\t<meta property=\"article:publisher\" content=\"https:\/\/www.facebook.com\/soymigrantecom\" \/>\n\t\t<meta name=\"twitter:card\" content=\"summary_large_image\" \/>\n\t\t<meta name=\"twitter:site\" content=\"@SoyMigrante_com\" \/>\n\t\t<meta name=\"twitter:title\" content=\"Nazareno migrante de Candelaria de Los Angeles\" \/>\n\t\t<meta name=\"twitter:description\" content=\"En Los Angeles saldr\u00e1 procesi\u00f3n con r\u00e9plica del Nazareno de Candelaria, de la iglesia Santo Tom\u00e1s de Los Angeles, el 30 de marzo. Esta es su historia.\" \/>\n\t\t<meta name=\"twitter:creator\" content=\"@SoyMigrante_com\" \/>\n\t\t<meta name=\"twitter:image\" content=\"https:\/\/soymigrante.com\/revista\/wp-content\/uploads\/2023\/05\/procesion-nazareno-de-candelaria-en-los-angeles.webp\" \/>\n\t\t<!-- All in One SEO Pro -->\r\n\t\t<title>Nazareno migrante de Candelaria de Los Angeles<\/title>\n\n","aioseo_head_json":{"title":"Nazareno migrante de Candelaria de Los Angeles","description":"En Los Angeles saldr\u00e1 procesi\u00f3n con r\u00e9plica del Nazareno de Candelaria, de la iglesia Santo Tom\u00e1s de Los Angeles, el 30 de marzo. Esta es su historia.","canonical_url":"https:\/\/soymigrante.com\/revista\/2-estamos-unidos-nazareno-de-candelaria\/","robots":"max-snippet:-1, max-image-preview:large, max-video-preview:-1","keywords":"","webmasterTools":{"miscellaneous":"&lt;link rel=\"preconnect\" href=\"https:\/\/fonts.googleapis.com\" crossorigin&gt;\n&lt;link rel=\"preconnect\" href=\"https:\/\/fonts.gstatic.com\" crossorigin&gt;"},"schema":null,"og:locale":"es_ES","og:site_name":"SoyMigrante.com REVISTA \u2013 Nuestra misi\u00f3n es reconocer y dignificar al migrante.","og:type":"article","og:title":"Nazareno migrante de Candelaria de Los Angeles","og:description":"En Los Angeles saldr\u00e1 procesi\u00f3n con r\u00e9plica del Nazareno de Candelaria, de la iglesia Santo Tom\u00e1s de Los Angeles, el 30 de marzo. Esta es su historia.","og:url":"https:\/\/soymigrante.com\/revista\/2-estamos-unidos-nazareno-de-candelaria\/","og:image":"https:\/\/soymigrante.com\/revista\/wp-content\/uploads\/2023\/05\/procesion-nazareno-de-candelaria-en-los-angeles.webp","og:image:secure_url":"https:\/\/soymigrante.com\/revista\/wp-content\/uploads\/2023\/05\/procesion-nazareno-de-candelaria-en-los-angeles.webp","og:image:width":873,"og:image:height":873,"article:published_time":"2025-03-18T23:02:22+00:00","article:modified_time":"2025-03-19T15:21:51+00:00","article:publisher":"https:\/\/www.facebook.com\/soymigrantecom","twitter:card":"summary_large_image","twitter:site":"@SoyMigrante_com","twitter:title":"Nazareno migrante de Candelaria de Los Angeles","twitter:description":"En Los Angeles saldr\u00e1 procesi\u00f3n con r\u00e9plica del Nazareno de Candelaria, de la iglesia Santo Tom\u00e1s de Los Angeles, el 30 de marzo. Esta es su historia.","twitter:creator":"@SoyMigrante_com","twitter:image":"https:\/\/soymigrante.com\/revista\/wp-content\/uploads\/2023\/05\/procesion-nazareno-de-candelaria-en-los-angeles.webp"},"aioseo_meta_data":{"post_id":"601","title":"Nazareno migrante de Candelaria de Los Angeles","description":"En Los Angeles saldr\u00e1 procesi\u00f3n con r\u00e9plica del Nazareno de Candelaria, de la iglesia Santo Tom\u00e1s de Los Angeles, el 30 de marzo. Esta es su historia.","keywords":null,"keyphrases":{"focus":{"keyphrase":"Nazareno","score":91,"analysis":{"keyphraseInTitle":{"score":9,"maxScore":9,"error":0},"keyphraseInDescription":{"score":9,"maxScore":9,"error":0},"keyphraseLength":{"score":9,"maxScore":9,"error":0,"length":1},"keyphraseInURL":{"score":5,"maxScore":5,"error":0},"keyphraseInIntroduction":{"score":3,"maxScore":9,"error":1},"keyphraseInSubHeadings":{"score":9,"maxScore":9,"error":0},"keyphraseInImageAlt":{"score":9,"maxScore":9,"error":0},"keywordDensity":{"type":"best","score":9,"maxScore":9,"error":0}}},"additional":[{"keyphrase":"Candelaria","score":87,"analysis":{"keyphraseInDescription":{"score":9,"maxScore":9,"error":0},"keyphraseLength":{"score":9,"maxScore":9,"error":0,"length":1},"keyphraseInIntroduction":{"score":3,"maxScore":9,"error":1},"keyphraseInImageAlt":{"score":9,"maxScore":9,"error":0},"keywordDensity":{"type":"best","score":9,"maxScore":9,"error":0}}},{"keyphrase":"Procesi\u00f3n","score":67,"analysis":{"keyphraseInDescription":{"score":9,"maxScore":9,"error":0},"keyphraseLength":{"score":9,"maxScore":9,"error":0,"length":2},"keyphraseInIntroduction":{"score":3,"maxScore":9,"error":1},"keyphraseInImageAlt":{"score":9,"maxScore":9,"error":0},"keywordDensity":{"score":0,"type":"low","maxScore":9,"error":1}}},{"keyphrase":"Los Angeles","score":87,"analysis":{"keyphraseInDescription":{"score":9,"maxScore":9,"error":0},"keyphraseLength":{"score":9,"maxScore":9,"error":0,"length":2},"keyphraseInIntroduction":{"score":3,"maxScore":9,"error":1},"keyphraseInImageAlt":{"score":9,"maxScore":9,"error":0},"keywordDensity":{"type":"best","score":9,"maxScore":9,"error":0}}},{"keyphrase":"Migrante","score":40,"analysis":{"keyphraseInDescription":{"score":3,"maxScore":9,"error":1},"keyphraseLength":{"score":9,"maxScore":9,"error":0,"length":1},"keyphraseInIntroduction":{"score":3,"maxScore":9,"error":1},"keyphraseInImageAlt":{"score":3,"maxScore":9,"error":1},"keywordDensity":{"score":0,"type":"low","maxScore":9,"error":1}}}]},"primary_term":null,"canonical_url":null,"og_title":null,"og_description":null,"og_object_type":"default","og_image_type":"default","og_image_url":null,"og_image_width":null,"og_image_height":null,"og_image_custom_url":null,"og_image_custom_fields":null,"og_video":"","og_custom_url":null,"og_article_section":null,"og_article_tags":null,"twitter_use_og":false,"twitter_card":"default","twitter_image_type":"default","twitter_image_url":null,"twitter_image_custom_url":null,"twitter_image_custom_fields":null,"twitter_title":null,"twitter_description":null,"schema":{"blockGraphs":[],"customGraphs":[],"default":{"data":{"Article":[],"Course":[],"Dataset":[],"FAQPage":[],"Movie":[],"Person":[],"Product":[],"ProductReview":[],"Car":[],"Recipe":[],"Service":[],"SoftwareApplication":[],"WebPage":[]},"graphName":"BlogPosting","isEnabled":true},"graphs":[]},"schema_type":"default","schema_type_options":null,"pillar_content":false,"robots_default":true,"robots_noindex":false,"robots_noarchive":false,"robots_nosnippet":false,"robots_nofollow":false,"robots_noimageindex":false,"robots_noodp":false,"robots_notranslate":false,"robots_max_snippet":"-1","robots_max_videopreview":"-1","robots_max_imagepreview":"large","priority":null,"frequency":"default","local_seo":null,"seo_analyzer_scan_date":"2025-10-09 03:34:47","breadcrumb_settings":null,"limit_modified_date":false,"reviewed_by":null,"open_ai":"{\"title\":{\"suggestions\":[],\"usage\":0},\"description\":{\"suggestions\":[],\"usage\":0}}","ai":null,"created":"2023-08-17 10:24:48","updated":"2026-02-04 22:16:52"},"aioseo_breadcrumb":"<div class=\"aioseo-breadcrumbs\"><span class=\"aioseo-breadcrumb\">\n\t<a href=\"https:\/\/soymigrante.com\/revista\" title=\"Home\">Home<\/a>\n<\/span><span class=\"aioseo-breadcrumb-separator\">\u00bb<\/span><span class=\"aioseo-breadcrumb\">\n\t<a href=\"https:\/\/soymigrante.com\/revista\/category\/estamos-unidos\/\" title=\"Estamos Unidos\">Estamos Unidos<\/a>\n<\/span><span class=\"aioseo-breadcrumb-separator\">\u00bb<\/span><span class=\"aioseo-breadcrumb\">\n\tNazareno migrante de Candelaria saldr\u00e1 en procesi\u00f3n en Los Angeles\n<\/span><\/div>","aioseo_breadcrumb_json":[{"label":"Home","link":"https:\/\/soymigrante.com\/revista"},{"label":"Estamos Unidos","link":"https:\/\/soymigrante.com\/revista\/category\/estamos-unidos\/"},{"label":"Nazareno migrante de Candelaria saldr\u00e1 en procesi\u00f3n en Los Angeles","link":"https:\/\/soymigrante.com\/revista\/2-estamos-unidos-nazareno-de-candelaria\/"}],"_links":{"self":[{"href":"https:\/\/soymigrante.com\/revista\/wp-json\/wp\/v2\/posts\/601","targetHints":{"allow":["GET"]}}],"collection":[{"href":"https:\/\/soymigrante.com\/revista\/wp-json\/wp\/v2\/posts"}],"about":[{"href":"https:\/\/soymigrante.com\/revista\/wp-json\/wp\/v2\/types\/post"}],"author":[{"embeddable":true,"href":"https:\/\/soymigrante.com\/revista\/wp-json\/wp\/v2\/users\/7"}],"replies":[{"embeddable":true,"href":"https:\/\/soymigrante.com\/revista\/wp-json\/wp\/v2\/comments?post=601"}],"version-history":[{"count":1,"href":"https:\/\/soymigrante.com\/revista\/wp-json\/wp\/v2\/posts\/601\/revisions"}],"predecessor-version":[{"id":54430,"href":"https:\/\/soymigrante.com\/revista\/wp-json\/wp\/v2\/posts\/601\/revisions\/54430"}],"wp:featuredmedia":[{"embeddable":true,"href":"https:\/\/soymigrante.com\/revista\/wp-json\/wp\/v2\/media\/28678"}],"wp:attachment":[{"href":"https:\/\/soymigrante.com\/revista\/wp-json\/wp\/v2\/media?parent=601"}],"wp:term":[{"taxonomy":"category","embeddable":true,"href":"https:\/\/soymigrante.com\/revista\/wp-json\/wp\/v2\/categories?post=601"},{"taxonomy":"post_tag","embeddable":true,"href":"https:\/\/soymigrante.com\/revista\/wp-json\/wp\/v2\/tags?post=601"}],"curies":[{"name":"wp","href":"https:\/\/api.w.org\/{rel}","templated":true}]}}