{"id":5999,"date":"2024-04-15T13:08:44","date_gmt":"2024-04-15T19:08:44","guid":{"rendered":"https:\/\/soymigrante.com\/revista\/?p=5999"},"modified":"2024-07-31T03:50:36","modified_gmt":"2024-07-31T09:50:36","slug":"el-guatemalteco-oscar-de-leon-y-un-sueno-llamado-real-sonora-okc","status":"publish","type":"post","link":"https:\/\/soymigrante.com\/revista\/el-guatemalteco-oscar-de-leon-y-un-sueno-llamado-real-sonora-okc\/","title":{"rendered":"El guatemalteco Oscar de Le\u00f3n y un sue\u00f1o llamado Real Sonora OKC"},"content":{"rendered":"\t\t<div data-elementor-type=\"wp-post\" data-elementor-id=\"5999\" class=\"elementor elementor-5999\" data-elementor-post-type=\"post\">\n\t\t\t\t\t\t<section data-particle_enable=\"false\" data-particle-mobile-disabled=\"false\" class=\"elementor-section elementor-top-section elementor-element elementor-element-686603a elementor-section-boxed elementor-section-height-default elementor-section-height-default\" data-id=\"686603a\" data-element_type=\"section\" data-e-type=\"section\">\n\t\t\t\t\t\t<div class=\"elementor-container elementor-column-gap-default\">\n\t\t\t\t\t<div class=\"elementor-column elementor-col-100 elementor-top-column elementor-element elementor-element-8c2c0cf\" data-id=\"8c2c0cf\" data-element_type=\"column\" data-e-type=\"column\">\n\t\t\t<div class=\"elementor-widget-wrap elementor-element-populated\">\n\t\t\t\t\t\t<div class=\"elementor-element elementor-element-4e58ff9 elementor-widget elementor-widget-heading\" data-id=\"4e58ff9\" data-element_type=\"widget\" data-e-type=\"widget\" data-widget_type=\"heading.default\">\n\t\t\t\t\t<h2 class=\"elementor-heading-title elementor-size-default\">M\u00fasico guatemalteco, egresado del Conservatorio Jes\u00fas Castillo de Quetzaltenango, se hizo migrante debido a la pandemia pero en Oklahoma se encontr\u00f3 de nuevo con su gran pasi\u00f3n: la m\u00fasica. Esta es su historia.<\/h2>\t\t\t\t<\/div>\n\t\t\t\t\t<\/div>\n\t\t<\/div>\n\t\t\t\t\t<\/div>\n\t\t<\/section>\n\t\t\t\t<section data-particle_enable=\"false\" data-particle-mobile-disabled=\"false\" class=\"elementor-section elementor-top-section elementor-element elementor-element-9071345 elementor-section-boxed elementor-section-height-default elementor-section-height-default\" data-id=\"9071345\" data-element_type=\"section\" data-e-type=\"section\">\n\t\t\t\t\t\t<div class=\"elementor-container elementor-column-gap-default\">\n\t\t\t\t\t<div class=\"elementor-column elementor-col-100 elementor-top-column elementor-element elementor-element-0709a36\" data-id=\"0709a36\" data-element_type=\"column\" data-e-type=\"column\">\n\t\t\t<div class=\"elementor-widget-wrap elementor-element-populated\">\n\t\t\t\t\t\t<div class=\"elementor-element elementor-element-58a46bf elementor-widget elementor-widget-text-editor\" data-id=\"58a46bf\" data-element_type=\"widget\" data-e-type=\"widget\" data-widget_type=\"text-editor.default\">\n\t\t\t\t\t\t\t\t\t<p>Desde su ni\u00f1ez \u00d3scar &#8220;Koka&#8221; de Le\u00f3n tuvo el don y el gusto por la m\u00fasica. En las d\u00e9cadas 1990 y 2000 form\u00f3 parte de varios grupos tropicales, entre ellos La Dulce Banda de Totonicap\u00e1n, Grupo Tormenta,\u00a0 FM de Zacapa. Tambi\u00e9n fue de los iniciadores de las bandas escolares en estilo Latin Band.<\/p><p>La pandemia de 2020 elimin\u00f3 conciertos, reuniones sociales, actividades de bandas escolares, grabaciones publicitarias -en las cuales \u00d3scar tambi\u00e9n trabajaba-. &#8220;No hab\u00eda trabajo, pero hab\u00eda que sobrevivir&#8221;, cuenta. Ten\u00eda un hijo que ya era migrante en\u00a0<span style=\"color: var( --e-global-color-text );\">Oklahoma. Para all\u00e1 se march\u00f3. Hoy se ganan la vidacomo &#8220;yarderos&#8221; (corte de grama en casas y campos) y de hecho fundaron su propia empresa.\u00a0<\/span><\/p><p><span style=\"color: var( --e-global-color-text );\">Pero en el camino, la m\u00fasica tambi\u00e9n volvi\u00f3 a florecer a su paso. As\u00ed lo cuenta. Un relato de inspiraci\u00f3n, sinceridad y orgullo de ser guatemalteco.<\/span><\/p><div>\u00a0<\/div>\t\t\t\t\t\t\t\t<\/div>\n\t\t\t\t\t<\/div>\n\t\t<\/div>\n\t\t\t\t\t<\/div>\n\t\t<\/section>\n\t\t\t\t<section data-particle_enable=\"false\" data-particle-mobile-disabled=\"false\" class=\"elementor-section elementor-top-section elementor-element elementor-element-1cfea4f elementor-section-boxed elementor-section-height-default elementor-section-height-default\" data-id=\"1cfea4f\" data-element_type=\"section\" data-e-type=\"section\">\n\t\t\t\t\t\t<div class=\"elementor-container elementor-column-gap-default\">\n\t\t\t\t\t<div class=\"elementor-column elementor-col-100 elementor-top-column elementor-element elementor-element-6480897\" data-id=\"6480897\" data-element_type=\"column\" data-e-type=\"column\">\n\t\t\t<div class=\"elementor-widget-wrap elementor-element-populated\">\n\t\t\t\t\t\t<div class=\"elementor-element elementor-element-54c14db elementor-widget elementor-widget-image\" data-id=\"54c14db\" data-element_type=\"widget\" data-e-type=\"widget\" data-widget_type=\"image.default\">\n\t\t\t\t\t\t\t\t\t\t\t\t<figure class=\"wp-caption\">\n\t\t\t\t\t\t\t\t\t\t<img fetchpriority=\"high\" decoding=\"async\" width=\"657\" height=\"582\" src=\"https:\/\/soymigrante.com\/revista\/wp-content\/uploads\/2024\/04\/Captura-de-pantalla-2024-04-15-123655.webp\" class=\"attachment-large size-large wp-image-6007\" alt=\"Soymigrante, revista mexicana de inmigrantes, cultura y comunidad, destaca la celebraci\u00f3n de la sonora OKC en un evento especial para la comunidad migrante.\" srcset=\"https:\/\/soymigrante.com\/revista\/wp-content\/uploads\/2024\/04\/Captura-de-pantalla-2024-04-15-123655.webp 657w, https:\/\/soymigrante.com\/revista\/wp-content\/uploads\/2024\/04\/Captura-de-pantalla-2024-04-15-123655-300x266.webp 300w\" sizes=\"(max-width: 657px) 100vw, 657px\" title=\"Este abril cumple un a\u00f1o la Real Sonora OKC (por Oklahoma City), grupo integrado por Oscar de Le\u00f3n y m\u00fasicos de otros cuatro pa\u00edses. Ya se han presentado en este y otros Estados. \u2013 SoyMigrante.com REVISTA\" \/>\t\t\t\t\t\t\t\t\t\t\t<figcaption class=\"widget-image-caption wp-caption-text\">Este abril cumple un a\u00f1o la Real Sonora OKC (por Oklahoma City), grupo integrado por Oscar de Le\u00f3n y m\u00fasicos de otros cuatro pa\u00edses. Ya se han presentado en este y otros Estados.<\/figcaption>\n\t\t\t\t\t\t\t\t\t\t<\/figure>\n\t\t\t\t\t\t\t\t\t<\/div>\n\t\t\t\t\t<\/div>\n\t\t<\/div>\n\t\t\t\t\t<\/div>\n\t\t<\/section>\n\t\t\t\t<section data-particle_enable=\"false\" data-particle-mobile-disabled=\"false\" class=\"elementor-section elementor-top-section elementor-element elementor-element-1a863ae elementor-section-boxed elementor-section-height-default elementor-section-height-default\" data-id=\"1a863ae\" data-element_type=\"section\" data-e-type=\"section\">\n\t\t\t\t\t\t<div class=\"elementor-container elementor-column-gap-default\">\n\t\t\t\t\t<div class=\"elementor-column elementor-col-100 elementor-top-column elementor-element elementor-element-03e6386\" data-id=\"03e6386\" data-element_type=\"column\" data-e-type=\"column\">\n\t\t\t<div class=\"elementor-widget-wrap elementor-element-populated\">\n\t\t\t\t\t\t<div class=\"elementor-element elementor-element-7902132 elementor-widget elementor-widget-heading\" data-id=\"7902132\" data-element_type=\"widget\" data-e-type=\"widget\" data-widget_type=\"heading.default\">\n\t\t\t\t\t<h3 class=\"elementor-heading-title elementor-size-default\">Su vida musical empez\u00f3 a los 8 a\u00f1os <\/h3>\t\t\t\t<\/div>\n\t\t\t\t\t<\/div>\n\t\t<\/div>\n\t\t\t\t\t<\/div>\n\t\t<\/section>\n\t\t\t\t<section data-particle_enable=\"false\" data-particle-mobile-disabled=\"false\" class=\"elementor-section elementor-top-section elementor-element elementor-element-e4488b4 elementor-section-boxed elementor-section-height-default elementor-section-height-default\" data-id=\"e4488b4\" data-element_type=\"section\" data-e-type=\"section\">\n\t\t\t\t\t\t<div class=\"elementor-container elementor-column-gap-default\">\n\t\t\t\t\t<div class=\"elementor-column elementor-col-100 elementor-top-column elementor-element elementor-element-baf8ca2\" data-id=\"baf8ca2\" data-element_type=\"column\" data-e-type=\"column\">\n\t\t\t<div class=\"elementor-widget-wrap elementor-element-populated\">\n\t\t\t\t\t\t<div class=\"elementor-element elementor-element-abdd15c elementor-widget elementor-widget-text-editor\" data-id=\"abdd15c\" data-element_type=\"widget\" data-e-type=\"widget\" data-widget_type=\"text-editor.default\">\n\t\t\t\t\t\t\t\t\t<p><span style=\"color: var( --e-global-color-text );\">Para apreciar la pasi\u00f3n y talento musical de \u00d3scar de Le\u00f3n es necesario conocer sus or\u00edgenes:\u00a0<\/span><span style=\"color: var( --e-global-color-text );\">&#8220;A m\u00ed me gust\u00f3 cantar desde ni\u00f1o. All\u00e1 por 1985 empec\u00e9 a participar en\u00a0 concursos interescolares. Mi pap\u00e1 se fij\u00f3 en ese talento y me puso a estudiar en el conservatorio de m\u00fasica de Occidente. Estaba en tercero primaria&#8221;.<\/span><\/p><p>El pap\u00e1 y abuelo de \u00d3scar de Le\u00f3n ten\u00edan el mismo nombre. Los dos sab\u00edan tocar<a href=\"https:\/\/soymigrante.com\/revista\/marimba-guatemalteca-simbolo-patrio-datos-quiza-no-sabias-o-tal-vez-si\/\"> marimba.<\/a> El abuelo fue marimbista junto al gran compositor Domingo Betancourt (Ferrocarril de los Altos). \u00d3scar III hered\u00f3 una peque\u00f1a marimba que a\u00fan conserva. &#8220;All\u00ed aprend\u00ed y vale mucho para m\u00ed&#8221;, dice. De hecho, Oscar como profesor a Fabian Betancourt en la Escuela de la <a href=\"https:\/\/soymigrante.com\/revista\/marimba-guatemalteca-simbolo-patrio-datos-quiza-no-sabias-o-tal-vez-si\/\">Marimba<\/a> de Quetzaltenango.<\/p><p>&#8220;Mi primer trabajo llega cuando ten\u00eda 12 a\u00f1os. Un compa\u00f1ero arm\u00f3 un grupo musical y le pidi\u00f3 permiso a mi pap\u00e1 para que yo participara. Mi pap\u00e1 acept\u00f3 a condici\u00f3n de que siguiera estudiando. Me gradu\u00e9 de Composici\u00f3n en el Conservatorio&#8221;.<\/p><p>\u00a0<\/p>\t\t\t\t\t\t\t\t<\/div>\n\t\t\t\t\t<\/div>\n\t\t<\/div>\n\t\t\t\t\t<\/div>\n\t\t<\/section>\n\t\t\t\t<section data-particle_enable=\"false\" data-particle-mobile-disabled=\"false\" class=\"elementor-section elementor-top-section elementor-element elementor-element-35695c4 elementor-section-boxed elementor-section-height-default elementor-section-height-default\" data-id=\"35695c4\" data-element_type=\"section\" data-e-type=\"section\">\n\t\t\t\t\t\t<div class=\"elementor-container elementor-column-gap-default\">\n\t\t\t\t\t<div class=\"elementor-column elementor-col-100 elementor-top-column elementor-element elementor-element-3814851\" data-id=\"3814851\" data-element_type=\"column\" data-e-type=\"column\">\n\t\t\t<div class=\"elementor-widget-wrap elementor-element-populated\">\n\t\t\t\t\t\t<div class=\"elementor-element elementor-element-e60bfdf elementor-widget elementor-widget-image\" data-id=\"e60bfdf\" data-element_type=\"widget\" data-e-type=\"widget\" data-widget_type=\"image.default\">\n\t\t\t\t\t\t\t\t\t\t\t\t<figure class=\"wp-caption\">\n\t\t\t\t\t\t\t\t\t\t<img decoding=\"async\" width=\"882\" height=\"538\" src=\"https:\/\/soymigrante.com\/revista\/wp-content\/uploads\/2024\/04\/Captura-de-pantalla-2024-04-15-122349.webp\" class=\"attachment-large size-large wp-image-6006\" alt=\"FOTO de un DJ sonriendo y se\u00f1alando hacia la c\u00e1mara, mezclando m\u00fasica en un evento en interior, con equipo de DJ y ambiente festivo.\" srcset=\"https:\/\/soymigrante.com\/revista\/wp-content\/uploads\/2024\/04\/Captura-de-pantalla-2024-04-15-122349.webp 882w, https:\/\/soymigrante.com\/revista\/wp-content\/uploads\/2024\/04\/Captura-de-pantalla-2024-04-15-122349-300x183.webp 300w, https:\/\/soymigrante.com\/revista\/wp-content\/uploads\/2024\/04\/Captura-de-pantalla-2024-04-15-122349-768x468.webp 768w, https:\/\/soymigrante.com\/revista\/wp-content\/uploads\/2024\/04\/Captura-de-pantalla-2024-04-15-122349-750x457.webp 750w\" sizes=\"(max-width: 882px) 100vw, 882px\" title=\"Aunque disfruta de cantar, \u00d3scar de Le\u00f3n disfruta de llevar los teclados. Form\u00f3 parte de varias agrupaciones guatemaltecas; tambi\u00e9n es arreglista, productor musical y maestro de  solfeo y composici\u00f3n egresado del Conservatorio Jes\u00fas Castillo de Quetzaltenango. \u2013 SoyMigrante.com REVISTA\" \/>\t\t\t\t\t\t\t\t\t\t\t<figcaption class=\"widget-image-caption wp-caption-text\">Un DJ profesional en acci\u00f3n en un evento social, tocando m\u00fasica para el p\u00fablico, destacando la importancia de la m\u00fasica en eventos multiculturales y migrantes.<\/figcaption>\n\t\t\t\t\t\t\t\t\t\t<\/figure>\n\t\t\t\t\t\t\t\t\t<\/div>\n\t\t\t\t\t<\/div>\n\t\t<\/div>\n\t\t\t\t\t<\/div>\n\t\t<\/section>\n\t\t\t\t<section data-particle_enable=\"false\" data-particle-mobile-disabled=\"false\" class=\"elementor-section elementor-top-section elementor-element elementor-element-fee9100 elementor-section-boxed elementor-section-height-default elementor-section-height-default\" data-id=\"fee9100\" data-element_type=\"section\" data-e-type=\"section\">\n\t\t\t\t\t\t<div class=\"elementor-container elementor-column-gap-default\">\n\t\t\t\t\t<div class=\"elementor-column elementor-col-100 elementor-top-column elementor-element elementor-element-20f7bc8\" data-id=\"20f7bc8\" data-element_type=\"column\" data-e-type=\"column\">\n\t\t\t<div class=\"elementor-widget-wrap elementor-element-populated\">\n\t\t\t\t\t\t<div class=\"elementor-element elementor-element-8bc05c9 elementor-widget elementor-widget-heading\" data-id=\"8bc05c9\" data-element_type=\"widget\" data-e-type=\"widget\" data-widget_type=\"heading.default\">\n\t\t\t\t\t<h3 class=\"elementor-heading-title elementor-size-default\">Ritmo, sabor y grupos tropicales<\/h3>\t\t\t\t<\/div>\n\t\t\t\t\t<\/div>\n\t\t<\/div>\n\t\t\t\t\t<\/div>\n\t\t<\/section>\n\t\t\t\t<section data-particle_enable=\"false\" data-particle-mobile-disabled=\"false\" class=\"elementor-section elementor-top-section elementor-element elementor-element-191860a elementor-section-boxed elementor-section-height-default elementor-section-height-default\" data-id=\"191860a\" data-element_type=\"section\" data-e-type=\"section\">\n\t\t\t\t\t\t<div class=\"elementor-container elementor-column-gap-default\">\n\t\t\t\t\t<div class=\"elementor-column elementor-col-100 elementor-top-column elementor-element elementor-element-962b3ae\" data-id=\"962b3ae\" data-element_type=\"column\" data-e-type=\"column\">\n\t\t\t<div class=\"elementor-widget-wrap elementor-element-populated\">\n\t\t\t\t\t\t<div class=\"elementor-element elementor-element-5d33a94 elementor-widget elementor-widget-text-editor\" data-id=\"5d33a94\" data-element_type=\"widget\" data-e-type=\"widget\" data-widget_type=\"text-editor.default\">\n\t\t\t\t\t\t\t\t\t<p>&#8220;Pasa el tiempo y mi primer grupo famoso fue uno que se llamaba Kal\u00faa.Despu\u00e9s de eso me llamaron a Dulce Banda. Era 1997 y ese grupo estaba en la c\u00faspide. Grupos capitalinos me miran, se interesan y me llega la oferta de integrarme al grupo Tormenta Band, que tanta fama y tanta gloria dio en Guatemala&#8221;.&nbsp;<\/p><p>&#8220;Despu\u00e9s yo regres\u00e9 nuevamente al&nbsp; occidente. Pas\u00e9 por el grupo Los Francos; Ivan Medrano se separa de Tormenta y&nbsp; crea la banda del Machete. Me fui a dirigirla. Vinieron otros grupos, estuve con FM de Zacapa, con Don Miguel \u00c1ngel Tzul, con el grupo Fiesta. Tambi\u00e9n me comenc\u00e9 a meter en el \u00e1mbito de las grabaciones&#8221;<\/p><p>&#8220;Viaj\u00e9 bastante a EStados Unidos. Hice m\u00e1s de 25 giras y nunca me qued\u00e9. Tampoco pens\u00e9 que alguna vez fuera a tener que venir para ac\u00e1&#8221;.<\/p>\t\t\t\t\t\t\t\t<\/div>\n\t\t\t\t\t<\/div>\n\t\t<\/div>\n\t\t\t\t\t<\/div>\n\t\t<\/section>\n\t\t\t\t<section data-particle_enable=\"false\" data-particle-mobile-disabled=\"false\" class=\"elementor-section elementor-top-section elementor-element elementor-element-f99137e elementor-section-boxed elementor-section-height-default elementor-section-height-default\" data-id=\"f99137e\" data-element_type=\"section\" data-e-type=\"section\">\n\t\t\t\t\t\t<div class=\"elementor-container elementor-column-gap-default\">\n\t\t\t\t\t<div class=\"elementor-column elementor-col-100 elementor-top-column elementor-element elementor-element-ed61548\" data-id=\"ed61548\" data-element_type=\"column\" data-e-type=\"column\">\n\t\t\t<div class=\"elementor-widget-wrap elementor-element-populated\">\n\t\t\t\t\t\t<div class=\"elementor-element elementor-element-0bc9a33 elementor-widget elementor-widget-image\" data-id=\"0bc9a33\" data-element_type=\"widget\" data-e-type=\"widget\" data-widget_type=\"image.default\">\n\t\t\t\t\t\t\t\t\t\t\t\t<figure class=\"wp-caption\">\n\t\t\t\t\t\t\t\t\t\t<img decoding=\"async\" width=\"960\" height=\"720\" src=\"https:\/\/soymigrante.com\/revista\/wp-content\/uploads\/2024\/04\/fddsfdsfsd.webp\" class=\"attachment-large size-large wp-image-6008\" alt=\"J\u00f3venes m\u00fasicos con instrumentos en un entorno al aire libre, promoviendo la cultura musical en la comunidad migrante.\" srcset=\"https:\/\/soymigrante.com\/revista\/wp-content\/uploads\/2024\/04\/fddsfdsfsd.webp 960w, https:\/\/soymigrante.com\/revista\/wp-content\/uploads\/2024\/04\/fddsfdsfsd-300x225.webp 300w, https:\/\/soymigrante.com\/revista\/wp-content\/uploads\/2024\/04\/fddsfdsfsd-768x576.webp 768w, https:\/\/soymigrante.com\/revista\/wp-content\/uploads\/2024\/04\/fddsfdsfsd-750x563.webp 750w\" sizes=\"(max-width: 960px) 100vw, 960px\" title=\"Foto del \u00e1lbum familiar: Para Oscar de Le\u00f3n, su esposa e hijos son la gran motivaci\u00f3n para salir adelante. Dos de ellos ya forman parte de la Real Sonora OKC en Oklahoma. \u2013 SoyMigrante.com REVISTA\" \/>\t\t\t\t\t\t\t\t\t\t\t<figcaption class=\"widget-image-caption wp-caption-text\">Celebraci\u00f3n de integraci\u00f3n cultural y musical en la comunidad migrante, destacando la importancia del arte y la m\u00fasica en la intercambio cultural.<\/figcaption>\n\t\t\t\t\t\t\t\t\t\t<\/figure>\n\t\t\t\t\t\t\t\t\t<\/div>\n\t\t\t\t\t<\/div>\n\t\t<\/div>\n\t\t\t\t\t<\/div>\n\t\t<\/section>\n\t\t\t\t<section data-particle_enable=\"false\" data-particle-mobile-disabled=\"false\" class=\"elementor-section elementor-top-section elementor-element elementor-element-47c98cd elementor-section-boxed elementor-section-height-default elementor-section-height-default\" data-id=\"47c98cd\" data-element_type=\"section\" data-e-type=\"section\">\n\t\t\t\t\t\t<div class=\"elementor-container elementor-column-gap-default\">\n\t\t\t\t\t<div class=\"elementor-column elementor-col-100 elementor-top-column elementor-element elementor-element-3da8710\" data-id=\"3da8710\" data-element_type=\"column\" data-e-type=\"column\">\n\t\t\t<div class=\"elementor-widget-wrap elementor-element-populated\">\n\t\t\t\t\t\t<div class=\"elementor-element elementor-element-5b0763f elementor-widget elementor-widget-heading\" data-id=\"5b0763f\" data-element_type=\"widget\" data-e-type=\"widget\" data-widget_type=\"heading.default\">\n\t\t\t\t\t<h3 class=\"elementor-heading-title elementor-size-default\">Bandas escolares con ritmos latinos<\/h3>\t\t\t\t<\/div>\n\t\t\t\t\t<\/div>\n\t\t<\/div>\n\t\t\t\t\t<\/div>\n\t\t<\/section>\n\t\t\t\t<section data-particle_enable=\"false\" data-particle-mobile-disabled=\"false\" class=\"elementor-section elementor-top-section elementor-element elementor-element-7da08f4 elementor-section-boxed elementor-section-height-default elementor-section-height-default\" data-id=\"7da08f4\" data-element_type=\"section\" data-e-type=\"section\">\n\t\t\t\t\t\t<div class=\"elementor-container elementor-column-gap-default\">\n\t\t\t\t\t<div class=\"elementor-column elementor-col-100 elementor-top-column elementor-element elementor-element-0d694c0\" data-id=\"0d694c0\" data-element_type=\"column\" data-e-type=\"column\">\n\t\t\t<div class=\"elementor-widget-wrap elementor-element-populated\">\n\t\t\t\t\t\t<div class=\"elementor-element elementor-element-1446498 elementor-widget elementor-widget-text-editor\" data-id=\"1446498\" data-element_type=\"widget\" data-e-type=\"widget\" data-widget_type=\"text-editor.default\">\n\t\t\t\t\t\t\t\t\t<p><span style=\"color: var( --e-global-color-text );\">Oscar tambi\u00e9n estuvo entre los pioneros de las bandas escolares latinas.\u00a0\u00a0<\/span><span style=\"color: var( --e-global-color-text );\">&#8220;Antes todo era militarizado en las bandas escolares. Eran de fanfarria.. Pero a m\u00ed me llam\u00f3 la atenci\u00f3n hacer algo., En 1993 hicimos la primera banda en el Conservatorio Jes\u00fas Castillo. Del 1993 hasta el a\u00f1o 2000 nos llevamos siempre en primer lugar porque cambiamos el estilo musical. Le pusimos ritmos latinos, cumbia, merengue&#8221;, cuenta.<\/span><\/p><p>Por aparte, gracias a su experiencia en estudio de grabaci\u00f3n, comenz\u00f3 a producir publicidad en su propio espacio, labor que combinaba con las giras musicales. Sali\u00f3 del Conservatorio, pero lleg\u00f3 a ser Maestro de Educaci\u00f3n Musical y Licenciado en M\u00fasica. Tocaba, cantaba, produc\u00eda y ense\u00f1aba: Todo un 360 grados de creatividad sonora. Pero de pronto hubo un ALTO a todo.<\/p>\t\t\t\t\t\t\t\t<\/div>\n\t\t\t\t\t<\/div>\n\t\t<\/div>\n\t\t\t\t\t<\/div>\n\t\t<\/section>\n\t\t\t\t<section data-particle_enable=\"false\" data-particle-mobile-disabled=\"false\" class=\"elementor-section elementor-top-section elementor-element elementor-element-914c700 elementor-section-boxed elementor-section-height-default elementor-section-height-default\" data-id=\"914c700\" data-element_type=\"section\" data-e-type=\"section\">\n\t\t\t\t\t\t<div class=\"elementor-container elementor-column-gap-default\">\n\t\t\t\t\t<div class=\"elementor-column elementor-col-100 elementor-top-column elementor-element elementor-element-80c60c5\" data-id=\"80c60c5\" data-element_type=\"column\" data-e-type=\"column\">\n\t\t\t<div class=\"elementor-widget-wrap elementor-element-populated\">\n\t\t\t\t\t\t<div class=\"elementor-element elementor-element-7b4b856 elementor-widget elementor-widget-image\" data-id=\"7b4b856\" data-element_type=\"widget\" data-e-type=\"widget\" data-widget_type=\"image.default\">\n\t\t\t\t\t\t\t\t\t\t\t\t<figure class=\"wp-caption\">\n\t\t\t\t\t\t\t\t\t\t<img loading=\"lazy\" decoding=\"async\" width=\"685\" height=\"616\" src=\"https:\/\/soymigrante.com\/revista\/wp-content\/uploads\/2024\/04\/oscar-de-leon-1.webp\" class=\"attachment-large size-large wp-image-6009\" alt=\"Disparo de un m\u00fasico tocando el piano en un concierto al aire libre con otros m\u00fasicos en el fondo, rodeados de naturaleza y decoraci\u00f3n colorida.\" srcset=\"https:\/\/soymigrante.com\/revista\/wp-content\/uploads\/2024\/04\/oscar-de-leon-1.webp 685w, https:\/\/soymigrante.com\/revista\/wp-content\/uploads\/2024\/04\/oscar-de-leon-1-300x270.webp 300w\" sizes=\"(max-width: 685px) 100vw, 685px\" title=\"Oscar de Le\u00f3n se vio gravemente enfermo de coronavirus y agradece a Dios el haber sobrevivido junto a su familia. La vida le traer\u00eda el dulce retorno a su gran pasi\u00f3n: la m\u00fasica. \u2013 SoyMigrante.com REVISTA\" \/>\t\t\t\t\t\t\t\t\t\t\t<figcaption class=\"widget-image-caption wp-caption-text\">Miembro de banda interpretando el piano en evento musical al aire libre, con m\u00fasica en vivo y p\u00fablico disfrutando en un entorno natural y festivo.<\/figcaption>\n\t\t\t\t\t\t\t\t\t\t<\/figure>\n\t\t\t\t\t\t\t\t\t<\/div>\n\t\t\t\t\t<\/div>\n\t\t<\/div>\n\t\t\t\t\t<\/div>\n\t\t<\/section>\n\t\t\t\t<section data-particle_enable=\"false\" data-particle-mobile-disabled=\"false\" class=\"elementor-section elementor-top-section elementor-element elementor-element-1f812bf elementor-section-boxed elementor-section-height-default elementor-section-height-default\" data-id=\"1f812bf\" data-element_type=\"section\" data-e-type=\"section\">\n\t\t\t\t\t\t<div class=\"elementor-container elementor-column-gap-default\">\n\t\t\t\t\t<div class=\"elementor-column elementor-col-100 elementor-top-column elementor-element elementor-element-fb65d2f\" data-id=\"fb65d2f\" data-element_type=\"column\" data-e-type=\"column\">\n\t\t\t<div class=\"elementor-widget-wrap elementor-element-populated\">\n\t\t\t\t\t\t<div class=\"elementor-element elementor-element-b7a5ac1 elementor-widget elementor-widget-heading\" data-id=\"b7a5ac1\" data-element_type=\"widget\" data-e-type=\"widget\" data-widget_type=\"heading.default\">\n\t\t\t\t\t<h3 class=\"elementor-heading-title elementor-size-default\">El gran silencio de la pandemia<\/h3>\t\t\t\t<\/div>\n\t\t\t\t\t<\/div>\n\t\t<\/div>\n\t\t\t\t\t<\/div>\n\t\t<\/section>\n\t\t\t\t<section data-particle_enable=\"false\" data-particle-mobile-disabled=\"false\" class=\"elementor-section elementor-top-section elementor-element elementor-element-19715e6 elementor-section-boxed elementor-section-height-default elementor-section-height-default\" data-id=\"19715e6\" data-element_type=\"section\" data-e-type=\"section\">\n\t\t\t\t\t\t<div class=\"elementor-container elementor-column-gap-default\">\n\t\t\t\t\t<div class=\"elementor-column elementor-col-100 elementor-top-column elementor-element elementor-element-72cf2e9\" data-id=\"72cf2e9\" data-element_type=\"column\" data-e-type=\"column\">\n\t\t\t<div class=\"elementor-widget-wrap elementor-element-populated\">\n\t\t\t\t\t\t<div class=\"elementor-element elementor-element-60588bc elementor-widget elementor-widget-text-editor\" data-id=\"60588bc\" data-element_type=\"widget\" data-e-type=\"widget\" data-widget_type=\"text-editor.default\">\n\t\t\t\t\t\t\t\t\t<p>&#8220;El 13 de marzo de 2020 todo se comenz\u00f3 a cerrar y los trabajos en Guatemala se cayeron. Todo se cancel\u00f3. Mi hijo ya estaba en Oklahoma y nosotros empezamos a venir para Estados Unidos en cuanto fue posible&#8221;.\u00a0<\/p><p>&#8220;Me cuid\u00e9 tanto en Guatemala para que no nos diera Covid.\u00a0 Y a la semana de haber llegado, nos enfermamos. Gracias a Dios lo estoy contando. Yo apenas pod\u00eda respirar. Mi hermano es m\u00e9dico y me mand\u00f3 un nebulizador y un medicamento. Fueron tres meses angustiosos. Viv\u00eda casi sin moverme, apenas respirando. Gracias a Dios salimos&#8221;.<\/p><h3>Del campo musical a los campos de grama<\/h3><p>&#8220;Somos orgullosamente yarderos&#8221;, dice Oscar al referirse al trabajo de corte de grama que\u00a0 comenz\u00f3 a efectuar junto a su hijo.\u00a0<\/p><p>&#8220;Aqu\u00ed en Oklahoma hay mucha \u00e1rea verde, todas las casas tienen su jard\u00edn y en la parte de atr\u00e1s tambi\u00e9n su yarda, su patio. Bendito Dios logramos poner una peque\u00f1a empresa propia para poder trabajar y en eso nos mantenemos. Somos yarderos entre semana y los fines de semana pues los agarramos para tocar&#8221;.<\/p><p>S\u00ed. As\u00ed es:\u00a0<span style=\"color: var( --e-global-color-text );\">Oscar volvi\u00f3 a encontrar la m\u00fasica o m\u00e1s bien la m\u00fasica lo encontr\u00f3 de nuevo a \u00e9l. \u00bfC\u00f3mo ocurri\u00f3?<\/span><\/p><p><span style=\"color: var( --e-global-color-text );\">&#8220;Aqu\u00ed en Oklahoma conoc\u00ed a <a href=\"https:\/\/soymigrante.com\/revista\/benvenuto-marimba-estrella-chapina-oklahoma\/\">don Benvenuto Barrios, marimbista y fundador de la Estrella Chapina<\/a>&#8220;<br \/><\/span><span style=\"color: var( --e-global-color-text );\">-\u00bfUsted toca marimba?, me pregunt\u00f3.<br \/><\/span><span style=\"color: var( --e-global-color-text );\">-S\u00ed, claro es mi primer instrumento, le dije yo.\u00a0<br \/><\/span><span style=\"color: var( --e-global-color-text );\">-&#8220;Es que ando buscando un maestro para la Marimba Estrella Chapina&#8221;.<br \/><\/span><span style=\"color: var( --e-global-color-text );\">&#8211; Con mucho gusto<br \/><\/span><span style=\"color: var( --e-global-color-text );\">&#8220;Y comenzamos a trabajar con \u00e9l le dimos un giro total 100% un giro de 360 grados la <a href=\"https:\/\/soymigrante.com\/revista\/marimba-guatemalteca-simbolo-patrio-datos-quiza-no-sabias-o-tal-vez-si\/\">marimba<\/a>. En eso me ayud\u00f3 la experiencia que tuve con el saxofonista guatemalteco Arturo Xicay, con quien trabaj\u00e9 y aprend\u00ed mucho de producci\u00f3n&#8221;.<\/span><\/p>\t\t\t\t\t\t\t\t<\/div>\n\t\t\t\t\t<\/div>\n\t\t<\/div>\n\t\t\t\t\t<\/div>\n\t\t<\/section>\n\t\t\t\t<section data-particle_enable=\"false\" data-particle-mobile-disabled=\"false\" class=\"elementor-section elementor-top-section elementor-element elementor-element-65f8c41 elementor-section-boxed elementor-section-height-default elementor-section-height-default\" data-id=\"65f8c41\" data-element_type=\"section\" data-e-type=\"section\">\n\t\t\t\t\t\t<div class=\"elementor-container elementor-column-gap-default\">\n\t\t\t\t\t<div class=\"elementor-column elementor-col-100 elementor-top-column elementor-element elementor-element-1a274c5\" data-id=\"1a274c5\" data-element_type=\"column\" data-e-type=\"column\">\n\t\t\t<div class=\"elementor-widget-wrap elementor-element-populated\">\n\t\t\t\t\t\t<div class=\"elementor-element elementor-element-809b6c1 elementor-widget elementor-widget-image\" data-id=\"809b6c1\" data-element_type=\"widget\" data-e-type=\"widget\" data-widget_type=\"image.default\">\n\t\t\t\t\t\t\t\t\t\t\t\t<figure class=\"wp-caption\">\n\t\t\t\t\t\t\t\t\t\t\t<a href=\"https:\/\/soymigrante.com\/revista\/benvenuto-marimba-estrella-chapina-oklahoma\/\">\n\t\t\t\t\t\t\t<img loading=\"lazy\" decoding=\"async\" width=\"1024\" height=\"553\" src=\"https:\/\/soymigrante.com\/revista\/wp-content\/uploads\/2024\/04\/benvenuto-barrios-1024x553.webp\" class=\"attachment-large size-large wp-image-6010\" alt=\"Diversos migrantes en evento cultural, mostrando identidad y pertenencia en el contexto de la revista SoyMigrante.com REVISTA.\" srcset=\"https:\/\/soymigrante.com\/revista\/wp-content\/uploads\/2024\/04\/benvenuto-barrios-1024x553.webp 1024w, https:\/\/soymigrante.com\/revista\/wp-content\/uploads\/2024\/04\/benvenuto-barrios-300x162.webp 300w, https:\/\/soymigrante.com\/revista\/wp-content\/uploads\/2024\/04\/benvenuto-barrios-768x415.webp 768w, https:\/\/soymigrante.com\/revista\/wp-content\/uploads\/2024\/04\/benvenuto-barrios-750x405.webp 750w, https:\/\/soymigrante.com\/revista\/wp-content\/uploads\/2024\/04\/benvenuto-barrios.webp 1102w\" sizes=\"(max-width: 1024px) 100vw, 1024px\" title=\"Oscar de Le\u00f3n, m\u00fasico y maestro egresado del Conservatorio Jes\u00fas Castillo de Quetzaltenango trabajaba en jardiner\u00eda y corte de grama cuando se encontr\u00f3 con el maestro marimbista Benvenuto Barrios, fundador de la marimba Estrella Chapina en Oklahoma. Aquello marc\u00f3 el retorno a la m\u00fasica. \u2013 SoyMigrante.com REVISTA\" \/>\t\t\t\t\t\t\t\t<\/a>\n\t\t\t\t\t\t\t\t\t\t\t<figcaption class=\"widget-image-caption wp-caption-text\">Fotograf\u00eda de dos hombres migrantes en celebraci\u00f3n cultural, con vestimenta tradicional y accesorios coloridos, en un ambiente de comunidad y diversidad.<\/figcaption>\n\t\t\t\t\t\t\t\t\t\t<\/figure>\n\t\t\t\t\t\t\t\t\t<\/div>\n\t\t\t\t\t<\/div>\n\t\t<\/div>\n\t\t\t\t\t<\/div>\n\t\t<\/section>\n\t\t\t\t<section data-particle_enable=\"false\" data-particle-mobile-disabled=\"false\" class=\"elementor-section elementor-top-section elementor-element elementor-element-a316232 elementor-section-boxed elementor-section-height-default elementor-section-height-default\" data-id=\"a316232\" data-element_type=\"section\" data-e-type=\"section\">\n\t\t\t\t\t\t<div class=\"elementor-container elementor-column-gap-default\">\n\t\t\t\t\t<div class=\"elementor-column elementor-col-100 elementor-top-column elementor-element elementor-element-1310d51\" data-id=\"1310d51\" data-element_type=\"column\" data-e-type=\"column\">\n\t\t\t<div class=\"elementor-widget-wrap elementor-element-populated\">\n\t\t\t\t\t\t<div class=\"elementor-element elementor-element-0fa3f58 elementor-widget elementor-widget-heading\" data-id=\"0fa3f58\" data-element_type=\"widget\" data-e-type=\"widget\" data-widget_type=\"heading.default\">\n\t\t\t\t\t<h3 class=\"elementor-heading-title elementor-size-default\">Nace la Real Sonora OKC  <\/h3>\t\t\t\t<\/div>\n\t\t\t\t\t<\/div>\n\t\t<\/div>\n\t\t\t\t\t<\/div>\n\t\t<\/section>\n\t\t\t\t<section data-particle_enable=\"false\" data-particle-mobile-disabled=\"false\" class=\"elementor-section elementor-top-section elementor-element elementor-element-f59c487 elementor-section-boxed elementor-section-height-default elementor-section-height-default\" data-id=\"f59c487\" data-element_type=\"section\" data-e-type=\"section\">\n\t\t\t\t\t\t<div class=\"elementor-container elementor-column-gap-default\">\n\t\t\t\t\t<div class=\"elementor-column elementor-col-100 elementor-top-column elementor-element elementor-element-9dcc00a\" data-id=\"9dcc00a\" data-element_type=\"column\" data-e-type=\"column\">\n\t\t\t<div class=\"elementor-widget-wrap elementor-element-populated\">\n\t\t\t\t\t\t<div class=\"elementor-element elementor-element-03516a4 elementor-widget elementor-widget-text-editor\" data-id=\"03516a4\" data-element_type=\"widget\" data-e-type=\"widget\" data-widget_type=\"text-editor.default\">\n\t\t\t\t\t\t\t\t\t<p>&#8220;Cuando estuve en Dulce Banda de Toto, tuve un compa\u00f1ero llamado Julio. \u00c9l es de Zunil, pero \u00e9l migr\u00f3 hace 25 a\u00f1os.\u00a0 Un d\u00eda me llama y me dice:<br \/><span style=\"color: var( --e-global-color-text );\">-Koka, \u00bfc\u00f3mo est\u00e1s?<br \/><\/span><span style=\"color: var( --e-global-color-text );\">-\u00bfQu\u00e9 tal Julio? mucho gusto saludarte.\u00a0<br \/><\/span><span style=\"color: var( --e-global-color-text );\">-\u00bfEst\u00e1s aqu\u00ed en Oklahoma?<br \/><\/span><span style=\"color: var( --e-global-color-text );\">-S\u00ed, \u00bfpor qu\u00e9?<\/span><\/p><p><span style=\"color: var( --e-global-color-text );\">Aquella conversaci\u00f3n llev\u00f3 a que Julio entrara com percusionista a la marimba Estrella Chapina de Oklahoma. Pero \u00e9l mismo anim\u00f3 a Koka: &#8220;Hagamos un grupo, me dijo. Aqu\u00ed en Oklahoma no hay muchos grupos tropicales. Hay norte\u00f1os, banda, pero sonoras de cumbia no hay. Existe una oportunidad&#8221;.\u00a0<\/span><span style=\"color: var( --e-global-color-text );\">Oscar ten\u00eda sus dudas por lo demandante que es dirigir y producir un grupo musical. Mucho del trabajo que exige no se ve, pero es una enorme responsabilidad.<\/span><\/p><p>Lo dem\u00e1s es historia: empezaron a buscar talentos y hoy por hoy, la Real Sonora se compone de artistas de cinco pa\u00edses: Venezuela, M\u00e9xico, Guatemala,\u00a0 El Salvador y tambi\u00e9n dos estadounidenses.\u00a0<\/p><p><span style=\"color: var( --e-global-color-text );\">&#8220;Bendito sea Dios nos ha ido bien ya. Ahora en el mes de abril cumplimos un a\u00f1o de estar tocando&#8221;.\u00a0<\/span><span style=\"color: var( --e-global-color-text );\">Se han presentado en Texas, Kansas, Arkansas. Pr\u00f3ximamente estar\u00e1n en Maryland y Washington, en septiembre pr\u00f3ximo&#8221;\u00a0<\/span><\/p>\t\t\t\t\t\t\t\t<\/div>\n\t\t\t\t\t<\/div>\n\t\t<\/div>\n\t\t\t\t\t<\/div>\n\t\t<\/section>\n\t\t\t\t<section data-particle_enable=\"false\" data-particle-mobile-disabled=\"false\" class=\"elementor-section elementor-top-section elementor-element elementor-element-dfa29f1 elementor-section-boxed elementor-section-height-default elementor-section-height-default\" data-id=\"dfa29f1\" data-element_type=\"section\" data-e-type=\"section\">\n\t\t\t\t\t\t<div class=\"elementor-container elementor-column-gap-default\">\n\t\t\t\t\t<div class=\"elementor-column elementor-col-100 elementor-top-column elementor-element elementor-element-d6d2254\" data-id=\"d6d2254\" data-element_type=\"column\" data-e-type=\"column\">\n\t\t\t<div class=\"elementor-widget-wrap elementor-element-populated\">\n\t\t\t\t\t\t<div class=\"elementor-element elementor-element-73ed96d elementor-widget elementor-widget-heading\" data-id=\"73ed96d\" data-element_type=\"widget\" data-e-type=\"widget\" data-widget_type=\"heading.default\">\n\t\t\t\t\t<h4 class=\"elementor-heading-title elementor-size-default\">Escuche el s\u00faper ritmo OKC ac\u00e1<\/h4>\t\t\t\t<\/div>\n\t\t\t\t\t<\/div>\n\t\t<\/div>\n\t\t\t\t\t<\/div>\n\t\t<\/section>\n\t\t\t\t<section data-particle_enable=\"false\" data-particle-mobile-disabled=\"false\" class=\"elementor-section elementor-top-section elementor-element elementor-element-1c11a18 elementor-section-boxed elementor-section-height-default elementor-section-height-default\" data-id=\"1c11a18\" data-element_type=\"section\" data-e-type=\"section\">\n\t\t\t\t\t\t<div class=\"elementor-container elementor-column-gap-default\">\n\t\t\t\t\t<div class=\"elementor-column elementor-col-100 elementor-top-column elementor-element elementor-element-716b1a4\" data-id=\"716b1a4\" data-element_type=\"column\" data-e-type=\"column\">\n\t\t\t<div class=\"elementor-widget-wrap elementor-element-populated\">\n\t\t\t\t\t\t<div class=\"elementor-element elementor-element-433d0cc elementor-widget elementor-widget-video\" data-id=\"433d0cc\" data-element_type=\"widget\" data-e-type=\"widget\" data-settings=\"{&quot;youtube_url&quot;:&quot;https:\\\/\\\/www.youtube.com\\\/watch?v=_cqJ_7Ibn9c&quot;,&quot;lazy_load&quot;:&quot;yes&quot;,&quot;video_type&quot;:&quot;youtube&quot;,&quot;controls&quot;:&quot;yes&quot;}\" data-widget_type=\"video.default\">\n\t\t\t\t\t\t\t<div class=\"elementor-wrapper elementor-open-inline\">\n\t\t\t<div class=\"elementor-video\"><\/div>\t\t<\/div>\n\t\t\t\t\t\t<\/div>\n\t\t\t\t\t<\/div>\n\t\t<\/div>\n\t\t\t\t\t<\/div>\n\t\t<\/section>\n\t\t\t\t<section data-particle_enable=\"false\" data-particle-mobile-disabled=\"false\" class=\"elementor-section elementor-top-section elementor-element elementor-element-cd75768 elementor-section-boxed elementor-section-height-default elementor-section-height-default\" data-id=\"cd75768\" data-element_type=\"section\" data-e-type=\"section\">\n\t\t\t\t\t\t<div class=\"elementor-container elementor-column-gap-default\">\n\t\t\t\t\t<div class=\"elementor-column elementor-col-100 elementor-top-column elementor-element elementor-element-f85a8d1\" data-id=\"f85a8d1\" data-element_type=\"column\" data-e-type=\"column\">\n\t\t\t<div class=\"elementor-widget-wrap elementor-element-populated\">\n\t\t\t\t\t\t<div class=\"elementor-element elementor-element-be61595 elementor-widget elementor-widget-heading\" data-id=\"be61595\" data-element_type=\"widget\" data-e-type=\"widget\" data-widget_type=\"heading.default\">\n\t\t\t\t\t<h3 class=\"elementor-heading-title elementor-size-default\">Conciertos, emociones y m\u00fasica en el ADN<\/h3>\t\t\t\t<\/div>\n\t\t\t\t\t<\/div>\n\t\t<\/div>\n\t\t\t\t\t<\/div>\n\t\t<\/section>\n\t\t\t\t<section data-particle_enable=\"false\" data-particle-mobile-disabled=\"false\" class=\"elementor-section elementor-top-section elementor-element elementor-element-a74a168 elementor-section-boxed elementor-section-height-default elementor-section-height-default\" data-id=\"a74a168\" data-element_type=\"section\" data-e-type=\"section\">\n\t\t\t\t\t\t<div class=\"elementor-container elementor-column-gap-default\">\n\t\t\t\t\t<div class=\"elementor-column elementor-col-100 elementor-top-column elementor-element elementor-element-623e01c\" data-id=\"623e01c\" data-element_type=\"column\" data-e-type=\"column\">\n\t\t\t<div class=\"elementor-widget-wrap elementor-element-populated\">\n\t\t\t\t\t\t<div class=\"elementor-element elementor-element-f522096 elementor-widget elementor-widget-text-editor\" data-id=\"f522096\" data-element_type=\"widget\" data-e-type=\"widget\" data-widget_type=\"text-editor.default\">\n\t\t\t\t\t\t\t\t\t<p>&#8220;Dos de mis hijos Javier, 24 y Tamara, 22 ya forman parte de OKC. Es un trabajo duro, pero si uno tiene pasi\u00f3n por la m\u00fasica lo disfruta y alegra a los dem\u00e1s&#8221;.<\/p><p>Siempre llega el momento de interpretar su versi\u00f3n de <a href=\"https:\/\/soymigrante.com\/revista\/luna-de-xelaju-dudas-verdades-y-versiones-del-segundo-himno-de-guatemala\/\">Luna de Xelaj\u00fa<\/a>: &#8220;Es nuestro segundo himno Nacional, sepuede decir: Y cuando la tocamos, la gente guatemalteca la canta. Tambi\u00e9n nos gusta finalizar con el Rey Kich\u00e9. He visto a mucha gente llorar, de nostalgia, extr\u00f1ando seimpre a Guatemala, porque la vida del migrante aqu\u00ed es de tanto trabajo y distancia que nos perdemos tantos momentos de la vida de los familiares&#8221;<\/p><p>Oscar de Le\u00f3n lo dice con conocimiento de causa. &#8220;Hay un tema que se llama Tierna despedida, lo tocan dos trompetistas y vea, siempre hay compatriotas llorando. Recordando a sus seres amados. Lo sabemos y por eso nos esforzamos en brindar alegr\u00eda, calidad, talento, arte musical&#8221;.<\/p>\t\t\t\t\t\t\t\t<\/div>\n\t\t\t\t\t<\/div>\n\t\t<\/div>\n\t\t\t\t\t<\/div>\n\t\t<\/section>\n\t\t\t\t<section data-particle_enable=\"false\" data-particle-mobile-disabled=\"false\" class=\"elementor-section elementor-top-section elementor-element elementor-element-0740459 elementor-section-boxed elementor-section-height-default elementor-section-height-default\" data-id=\"0740459\" data-element_type=\"section\" data-e-type=\"section\">\n\t\t\t\t\t\t<div class=\"elementor-container elementor-column-gap-default\">\n\t\t\t\t\t<div class=\"elementor-column elementor-col-100 elementor-top-column elementor-element elementor-element-c466d37\" data-id=\"c466d37\" data-element_type=\"column\" data-e-type=\"column\">\n\t\t\t<div class=\"elementor-widget-wrap elementor-element-populated\">\n\t\t\t\t\t\t<div class=\"elementor-element elementor-element-d348ce3 elementor-widget elementor-widget-testimonial\" data-id=\"d348ce3\" data-element_type=\"widget\" data-e-type=\"widget\" data-widget_type=\"testimonial.default\">\n\t\t\t\t\t\t\t<div class=\"elementor-testimonial-wrapper\">\n\t\t\t\t\t\t\t<div class=\"elementor-testimonial-content\">\"En una gira,  estaba tocando cuando me informan que muri\u00f3 mi abuelita en Guatemala.  Toc\u00e1bamos el Rey Quich\u00e9 y segu\u00ed adelante, derramando l\u00e1grimas, con tantos sentimientos encontrados. Uno ama su patria y estamos lejos por una necesidad, pero la llevamos en el coraz\u00f3n\".<\/div>\n\t\t\t\n\t\t\t\t\t\t<div class=\"elementor-testimonial-meta elementor-has-image elementor-testimonial-image-position-aside\">\n\t\t\t\t<div class=\"elementor-testimonial-meta-inner\">\n\t\t\t\t\t\t\t\t\t\t\t<div class=\"elementor-testimonial-image\">\n\t\t\t\t\t\t\t<img loading=\"lazy\" decoding=\"async\" width=\"441\" height=\"536\" src=\"https:\/\/soymigrante.com\/revista\/wp-content\/uploads\/2024\/04\/Captura-de-pantalla-2024-02-25-231658.webp\" class=\"attachment-full size-full wp-image-6011\" alt=\"SoyMigrante.com REVISTA: Retrato de un joven sonriente con fondo de fotograf\u00edas de lugares emblem\u00e1ticos y culturas migrantes, destacando temas de migraci\u00f3n y comunidad en la revista.\" title=\"Oscar de Le\u00f3n m\u00fasico  guatemalteco radicado en Oklahoma \u2013 SoyMigrante.com REVISTA\" srcset=\"https:\/\/soymigrante.com\/revista\/wp-content\/uploads\/2024\/04\/Captura-de-pantalla-2024-02-25-231658.webp 441w, https:\/\/soymigrante.com\/revista\/wp-content\/uploads\/2024\/04\/Captura-de-pantalla-2024-02-25-231658-247x300.webp 247w\" sizes=\"(max-width: 441px) 100vw, 441px\" \/>\t\t\t\t\t\t<\/div>\n\t\t\t\t\t\n\t\t\t\t\t\t\t\t\t\t<div class=\"elementor-testimonial-details\">\n\t\t\t\t\t\t\t\t\t\t\t\t\t\t<div class=\"elementor-testimonial-name\">Oscar de Le\u00f3n<\/div>\n\t\t\t\t\t\t\t\t\t\t\t\t\t\t\t\t\t\t\t\t\t\t<div class=\"elementor-testimonial-job\">M\u00fasico egresado del Conservatorio \nJes\u00fas Castillo de Quetzaltenango,\narreglista, tecladista, marimbista y\nfundador de la Real Sonora OKC<\/div>\n\t\t\t\t\t\t\t\t\t\t\t\t\t<\/div>\n\t\t\t\t\t\t\t\t\t<\/div>\n\t\t\t<\/div>\n\t\t\t\t\t<\/div>\n\t\t\t\t\t\t<\/div>\n\t\t\t\t\t<\/div>\n\t\t<\/div>\n\t\t\t\t\t<\/div>\n\t\t<\/section>\n\t\t\t\t<section data-particle_enable=\"false\" data-particle-mobile-disabled=\"false\" class=\"elementor-section elementor-top-section elementor-element elementor-element-4d4bc63 elementor-section-boxed elementor-section-height-default elementor-section-height-default\" data-id=\"4d4bc63\" data-element_type=\"section\" data-e-type=\"section\">\n\t\t\t\t\t\t<div class=\"elementor-container elementor-column-gap-default\">\n\t\t\t\t\t<div class=\"elementor-column elementor-col-100 elementor-top-column elementor-element elementor-element-53533d3\" data-id=\"53533d3\" data-element_type=\"column\" data-e-type=\"column\">\n\t\t\t<div class=\"elementor-widget-wrap elementor-element-populated\">\n\t\t\t\t\t\t<div class=\"elementor-element elementor-element-71c14a6 elementor-widget elementor-widget-heading\" data-id=\"71c14a6\" data-element_type=\"widget\" data-e-type=\"widget\" data-widget_type=\"heading.default\">\n\t\t\t\t\t<h2 class=\"elementor-heading-title elementor-size-default\">M\u00e1s talento art\u00edstico migrante <\/h2>\t\t\t\t<\/div>\n\t\t\t\t\t<\/div>\n\t\t<\/div>\n\t\t\t\t\t<\/div>\n\t\t<\/section>\n\t\t\t\t<section data-particle_enable=\"false\" data-particle-mobile-disabled=\"false\" class=\"elementor-section elementor-top-section elementor-element elementor-element-3fae7e2 elementor-section-boxed elementor-section-height-default elementor-section-height-default\" data-id=\"3fae7e2\" data-element_type=\"section\" data-e-type=\"section\">\n\t\t\t\t\t\t<div class=\"elementor-container elementor-column-gap-default\">\n\t\t\t\t\t<div class=\"elementor-column elementor-col-100 elementor-top-column elementor-element elementor-element-55c0d6a\" data-id=\"55c0d6a\" data-element_type=\"column\" data-e-type=\"column\">\n\t\t\t<div class=\"elementor-widget-wrap elementor-element-populated\">\n\t\t\t\t\t\t<div class=\"elementor-element elementor-element-34e4960 elementor-grid-eael-col-4 elementor-grid-tablet-eael-col-2 elementor-grid-mobile-eael-col-1 elementor-widget elementor-widget-eael-post-grid\" data-id=\"34e4960\" data-element_type=\"widget\" data-e-type=\"widget\" data-settings=\"{&quot;eael_post_grid_columns&quot;:&quot;eael-col-4&quot;,&quot;eael_post_grid_columns_tablet&quot;:&quot;eael-col-2&quot;,&quot;eael_post_grid_columns_mobile&quot;:&quot;eael-col-1&quot;}\" data-widget_type=\"eael-post-grid.default\">\n\t\t\t\t\t<div id=\"eael-post-grid-34e4960\" class=\"eael-post-grid-container\">\n            <div class=\"eael-post-grid eael-post-appender eael-post-appender-34e4960 eael-post-grid-style-one\" data-layout-mode=\"masonry\"><article class=\"eael-grid-post  eael-post-grid-column eael-pg-post-3056 category-exitos\" data-id=\"3056\">\n        <div class=\"eael-grid-post-holder\">\n            <div class=\"eael-grid-post-holder-inner\"><div class=\"eael-entry-media\"><div class=\"eael-entry-overlay fade-in\"><i class=\"fas fa-hand-pointer\" aria-hidden=\"true\"><\/i><a href=\"https:\/\/soymigrante.com\/revista\/actriz-migrante-y-defensora-del-talento-de-la-mujer-hispana-sandra-chavarria\/\"><\/a><\/div><div class=\"eael-entry-thumbnail \">\n                <img loading=\"lazy\" decoding=\"async\" width=\"300\" height=\"285\" src=\"https:\/\/soymigrante.com\/revista\/wp-content\/uploads\/2024\/09\/actriz-sandra-chavarria-300x285.webp\" class=\"attachment-medium size-medium wp-image-9813\" alt=\"Medalla de oro en igualdad y migraci\u00f3n, mujer sonriendo con vestido colorido y fondo de ladrillos en revista SoyMigrante.com REVISTA.\" srcset=\"https:\/\/soymigrante.com\/revista\/wp-content\/uploads\/2024\/09\/actriz-sandra-chavarria-300x285.webp 300w, https:\/\/soymigrante.com\/revista\/wp-content\/uploads\/2024\/09\/actriz-sandra-chavarria-768x730.webp 768w, https:\/\/soymigrante.com\/revista\/wp-content\/uploads\/2024\/09\/actriz-sandra-chavarria-750x713.webp 750w, https:\/\/soymigrante.com\/revista\/wp-content\/uploads\/2024\/09\/actriz-sandra-chavarria.webp 900w\" sizes=\"(max-width: 300px) 100vw, 300px\" \/>\n            <\/div>\n        <\/div><div class=\"eael-entry-wrapper\"><header class=\"eael-entry-header\"><h2 class=\"eael-entry-title\"><a class=\"eael-grid-post-link\" href=\"https:\/\/soymigrante.com\/revista\/actriz-migrante-y-defensora-del-talento-de-la-mujer-hispana-sandra-chavarria\/\" title=\"Actriz guatemalteca Sandra Chavarr\u00eda cosecha \u00e9xitos en teatro y cine\">Actriz guatemalteca Sandra Chavarr\u00eda cosecha \u00e9xitos en teatro y cine<\/a><\/h2><\/header><div class=\"eael-entry-content\">\n                        <div class=\"eael-grid-post-excerpt\"><p>Naci\u00f3 en Jutiapa, Guatemala, pero se cri\u00f3 en San Antonio...<\/p><a href=\"https:\/\/soymigrante.com\/revista\/actriz-migrante-y-defensora-del-talento-de-la-mujer-hispana-sandra-chavarria\/\" class=\"eael-post-elements-readmore-btn\">Leer m\u00e1s<\/a><\/div>\n                    <\/div><\/div><\/div>\n        <\/div>\n    <\/article><article class=\"eael-grid-post  eael-post-grid-column eael-pg-post-4671 category-exitos\" data-id=\"4671\">\n        <div class=\"eael-grid-post-holder\">\n            <div class=\"eael-grid-post-holder-inner\"><div class=\"eael-entry-media\"><div class=\"eael-entry-overlay fade-in\"><i class=\"fas fa-hand-pointer\" aria-hidden=\"true\"><\/i><a href=\"https:\/\/soymigrante.com\/revista\/benvenuto-marimba-estrella-chapina-oklahoma\/\"><\/a><\/div><div class=\"eael-entry-thumbnail \">\n                <img loading=\"lazy\" decoding=\"async\" width=\"300\" height=\"200\" src=\"https:\/\/soymigrante.com\/revista\/wp-content\/uploads\/2024\/01\/portada-1-300x200.webp\" class=\"attachment-medium size-medium wp-image-4617\" alt=\"Benvenuto Gir\u00f3n Barrios, oriundo de Las brisas Sibilia Quetzaltenango, Guatemala. Cultiv\u00f3 su amor por la m\u00fasica desde temprana edad, influenciado por su padre y t\u00edos.\" srcset=\"https:\/\/soymigrante.com\/revista\/wp-content\/uploads\/2024\/01\/portada-1-300x200.webp 300w, https:\/\/soymigrante.com\/revista\/wp-content\/uploads\/2024\/01\/portada-1-1024x683.webp 1024w, https:\/\/soymigrante.com\/revista\/wp-content\/uploads\/2024\/01\/portada-1-768x512.webp 768w, https:\/\/soymigrante.com\/revista\/wp-content\/uploads\/2024\/01\/portada-1-750x500.webp 750w, https:\/\/soymigrante.com\/revista\/wp-content\/uploads\/2024\/01\/portada-1-1140x760.webp 1140w, https:\/\/soymigrante.com\/revista\/wp-content\/uploads\/2024\/01\/portada-1-600x400.webp 600w, https:\/\/soymigrante.com\/revista\/wp-content\/uploads\/2024\/01\/portada-1.webp 1200w\" sizes=\"(max-width: 300px) 100vw, 300px\" \/>\n            <\/div>\n        <\/div><div class=\"eael-entry-wrapper\"><header class=\"eael-entry-header\"><h2 class=\"eael-entry-title\"><a class=\"eael-grid-post-link\" href=\"https:\/\/soymigrante.com\/revista\/benvenuto-marimba-estrella-chapina-oklahoma\/\" title=\"Benvenuto Gir\u00f3n y el sonido de una Estrella Chapina migrante\">Benvenuto Gir\u00f3n y el sonido de una Estrella Chapina migrante<\/a><\/h2><\/header><div class=\"eael-entry-content\">\n                        <div class=\"eael-grid-post-excerpt\"><p>De ni\u00f1o, Benvenuto Barrios toc\u00f3 marimba en EE.UU. en 1967...<\/p><a href=\"https:\/\/soymigrante.com\/revista\/benvenuto-marimba-estrella-chapina-oklahoma\/\" class=\"eael-post-elements-readmore-btn\">Leer m\u00e1s<\/a><\/div>\n                    <\/div><\/div><\/div>\n        <\/div>\n    <\/article><article class=\"eael-grid-post  eael-post-grid-column eael-pg-post-3582 category-exitos\" data-id=\"3582\">\n        <div class=\"eael-grid-post-holder\">\n            <div class=\"eael-grid-post-holder-inner\"><div class=\"eael-entry-media\"><div class=\"eael-entry-overlay fade-in\"><i class=\"fas fa-hand-pointer\" aria-hidden=\"true\"><\/i><a href=\"https:\/\/soymigrante.com\/revista\/musico-actor-guatemalteco-migrante-en-nueva-york-domingo-lemus\/\"><\/a><\/div><div class=\"eael-entry-thumbnail \">\n                <img loading=\"lazy\" decoding=\"async\" width=\"300\" height=\"265\" src=\"https:\/\/soymigrante.com\/revista\/wp-content\/uploads\/2023\/12\/minguito-300x265.webp\" class=\"attachment-medium size-medium wp-image-3599\" alt=\"\" srcset=\"https:\/\/soymigrante.com\/revista\/wp-content\/uploads\/2023\/12\/minguito-300x265.webp 300w, https:\/\/soymigrante.com\/revista\/wp-content\/uploads\/2023\/12\/minguito-768x678.webp 768w, https:\/\/soymigrante.com\/revista\/wp-content\/uploads\/2023\/12\/minguito-750x662.jpg 750w, https:\/\/soymigrante.com\/revista\/wp-content\/uploads\/2023\/12\/minguito.webp 855w\" sizes=\"(max-width: 300px) 100vw, 300px\" \/>\n            <\/div>\n        <\/div><div class=\"eael-entry-wrapper\"><header class=\"eael-entry-header\"><h2 class=\"eael-entry-title\"><a class=\"eael-grid-post-link\" href=\"https:\/\/soymigrante.com\/revista\/musico-actor-guatemalteco-migrante-en-nueva-york-domingo-lemus\/\" title=\"\u201cTodos somos migrantes\u201d: Domingo Lemus, cineasta y m\u00fasico en NY\">\u201cTodos somos migrantes\u201d: Domingo Lemus, cineasta y m\u00fasico en NY<\/a><\/h2><\/header><div class=\"eael-entry-content\">\n                        <div class=\"eael-grid-post-excerpt\"><p>\u201cMi vida ha sido migrante casi desde que nac\u00ed\u201d, dice...<\/p><a href=\"https:\/\/soymigrante.com\/revista\/musico-actor-guatemalteco-migrante-en-nueva-york-domingo-lemus\/\" class=\"eael-post-elements-readmore-btn\">Leer m\u00e1s<\/a><\/div>\n                    <\/div><\/div><\/div>\n        <\/div>\n    <\/article><article class=\"eael-grid-post  eael-post-grid-column eael-pg-post-1954 category-exitos tags-oregon\" data-id=\"1954\">\n        <div class=\"eael-grid-post-holder\">\n            <div class=\"eael-grid-post-holder-inner\"><div class=\"eael-entry-media\"><div class=\"eael-entry-overlay fade-in\"><i class=\"fas fa-hand-pointer\" aria-hidden=\"true\"><\/i><a href=\"https:\/\/soymigrante.com\/revista\/julio-alvarado-migrante-contador-musico\/\"><\/a><\/div><div class=\"eael-entry-thumbnail \">\n                <img loading=\"lazy\" decoding=\"async\" width=\"300\" height=\"216\" src=\"https:\/\/soymigrante.com\/revista\/wp-content\/uploads\/2023\/07\/julito-julito-300x216.webp\" class=\"attachment-medium size-medium wp-image-1962\" alt=\"Migrante guatemalteco Julio C\u00e9sar Alvarado\" srcset=\"https:\/\/soymigrante.com\/revista\/wp-content\/uploads\/2023\/07\/julito-julito-300x216.webp 300w, https:\/\/soymigrante.com\/revista\/wp-content\/uploads\/2023\/07\/julito-julito-768x553.webp 768w, https:\/\/soymigrante.com\/revista\/wp-content\/uploads\/2023\/07\/julito-julito-120x86.webp 120w, https:\/\/soymigrante.com\/revista\/wp-content\/uploads\/2023\/07\/julito-julito-750x540.webp 750w, https:\/\/soymigrante.com\/revista\/wp-content\/uploads\/2023\/07\/julito-julito.webp 902w\" sizes=\"(max-width: 300px) 100vw, 300px\" \/>\n            <\/div>\n        <\/div><div class=\"eael-entry-wrapper\"><header class=\"eael-entry-header\"><h2 class=\"eael-entry-title\"><a class=\"eael-grid-post-link\" href=\"https:\/\/soymigrante.com\/revista\/julio-alvarado-migrante-contador-musico\/\" title=\"Julio Alvarado: Migrante, m\u00fasico y altruista guatemalteco\">Julio Alvarado: Migrante, m\u00fasico y altruista guatemalteco<\/a><\/h2><\/header><div class=\"eael-entry-content\">\n                        <div class=\"eael-grid-post-excerpt\"><p>Ten\u00eda listo el boleto para regresar a Guatemala en 2008,...<\/p><a href=\"https:\/\/soymigrante.com\/revista\/julio-alvarado-migrante-contador-musico\/\" class=\"eael-post-elements-readmore-btn\">Leer m\u00e1s<\/a><\/div>\n                    <\/div><\/div><\/div>\n        <\/div>\n    <\/article><\/div>\n            <div class=\"clearfix\"><\/div>\n        <\/div>\t\t\t\t<\/div>\n\t\t\t\t\t<\/div>\n\t\t<\/div>\n\t\t\t\t\t<\/div>\n\t\t<\/section>\n\t\t\t\t<\/div>\n\t\t","protected":false},"excerpt":{"rendered":"<p>M\u00fasico guatemalteco, egresado del Conservatorio Jes\u00fas Castillo de Quetzaltenango, se hizo migrante debido a la pandemia pero en Oklahoma se encontr\u00f3 de nuevo con su gran pasi\u00f3n: la m\u00fasica. Esta es su historia. Desde su ni\u00f1ez \u00d3scar &#8220;Koka&#8221; de Le\u00f3n tuvo el don y el gusto por la m\u00fasica. En las d\u00e9cadas 1990 y 2000 [&hellip;]<\/p>\n","protected":false},"author":7,"featured_media":6012,"comment_status":"open","ping_status":"open","sticky":false,"template":"","format":"standard","meta":{"_acf_changed":false,"_eb_attr":"","footnotes":""},"categories":[50],"tags":[],"class_list":["post-5999","post","type-post","status-publish","format-standard","has-post-thumbnail","hentry","category-exitos"],"acf":[],"aioseo_notices":[],"aioseo_head":"\n\t\t<!-- All in One SEO Pro 4.9.6.2 - aioseo.com -->\n\t<meta name=\"description\" content=\"Conoce a Julio Alvarado, migrante guatemalteco en California, que combina su pasi\u00f3n por la contabilidad y la m\u00fasica para ayudar a su natal Guatemala\" \/>\n\t<meta name=\"robots\" content=\"max-snippet:-1, max-image-preview:large, max-video-preview:-1\" \/>\n\t<meta name=\"author\" content=\"Gustavo Montenegro\"\/>\n\t<link rel=\"canonical\" href=\"https:\/\/soymigrante.com\/revista\/julio-alvarado-migrante-contador-musico\/\" \/>\n\t<meta name=\"generator\" content=\"All in One SEO Pro (AIOSEO) 4.9.6.2\" \/>\n\n\t\t<link rel=\"preconnect\" href=\"https:\/\/fonts.googleapis.com\" crossorigin>\n<link rel=\"preconnect\" href=\"https:\/\/fonts.gstatic.com\" crossorigin>\n\t\t<meta property=\"og:locale\" content=\"es_ES\" \/>\n\t\t<meta property=\"og:site_name\" content=\"SoyMigrante.com REVISTA \u2013 Nuestra misi\u00f3n es reconocer y dignificar al migrante.\" \/>\n\t\t<meta property=\"og:type\" content=\"article\" \/>\n\t\t<meta property=\"og:title\" content=\"Julio Alvarado: Migrante, m\u00fasico y altruista guatemalteco\" \/>\n\t\t<meta property=\"og:description\" content=\"Conoce a Julio Alvarado, migrante guatemalteco en California, que combina su pasi\u00f3n por la contabilidad y la m\u00fasica para ayudar a su natal Guatemala\" \/>\n\t\t<meta property=\"og:url\" content=\"https:\/\/soymigrante.com\/revista\/julio-alvarado-migrante-contador-musico\/\" \/>\n\t\t<meta property=\"og:image\" content=\"https:\/\/soymigrante.com\/revista\/wp-content\/uploads\/2023\/07\/julito-julito.webp\" \/>\n\t\t<meta property=\"og:image:secure_url\" content=\"https:\/\/soymigrante.com\/revista\/wp-content\/uploads\/2023\/07\/julito-julito.webp\" \/>\n\t\t<meta property=\"og:image:width\" content=\"902\" \/>\n\t\t<meta property=\"og:image:height\" content=\"649\" \/>\n\t\t<meta property=\"article:published_time\" content=\"2023-07-26T15:58:23+00:00\" \/>\n\t\t<meta property=\"article:modified_time\" content=\"2026-03-11T22:50:24+00:00\" \/>\n\t\t<meta property=\"article:publisher\" content=\"https:\/\/www.facebook.com\/soymigrantecom\" \/>\n\t\t<meta name=\"twitter:card\" content=\"summary_large_image\" \/>\n\t\t<meta name=\"twitter:site\" content=\"@SoyMigrante_com\" \/>\n\t\t<meta name=\"twitter:title\" content=\"Julio Alvarado: Migrante, m\u00fasico y altruista guatemalteco\" \/>\n\t\t<meta name=\"twitter:description\" content=\"Conoce a Julio Alvarado, migrante guatemalteco en California, que combina su pasi\u00f3n por la contabilidad y la m\u00fasica para ayudar a su natal Guatemala\" \/>\n\t\t<meta name=\"twitter:creator\" content=\"@SoyMigrante_com\" \/>\n\t\t<meta name=\"twitter:image\" content=\"https:\/\/soymigrante.com\/revista\/wp-content\/uploads\/2023\/07\/julito-julito.webp\" \/>\n\t\t<!-- All in One SEO Pro -->\r\n\t\t<title>Julio Alvarado: Migrante, m\u00fasico y altruista guatemalteco<\/title>\n\n","aioseo_head_json":{"title":"Julio Alvarado: Migrante, m\u00fasico y altruista guatemalteco","description":"Conoce a Julio Alvarado, migrante guatemalteco en California, que combina su pasi\u00f3n por la contabilidad y la m\u00fasica para ayudar a su natal Guatemala","canonical_url":"https:\/\/soymigrante.com\/revista\/julio-alvarado-migrante-contador-musico\/","robots":"max-snippet:-1, max-image-preview:large, max-video-preview:-1","keywords":"","webmasterTools":{"miscellaneous":"&lt;link rel=\"preconnect\" href=\"https:\/\/fonts.googleapis.com\" crossorigin&gt;\n&lt;link rel=\"preconnect\" href=\"https:\/\/fonts.gstatic.com\" crossorigin&gt;"},"schema":null,"og:locale":"es_ES","og:site_name":"SoyMigrante.com REVISTA \u2013 Nuestra misi\u00f3n es reconocer y dignificar al migrante.","og:type":"article","og:title":"Julio Alvarado: Migrante, m\u00fasico y altruista guatemalteco","og:description":"Conoce a Julio Alvarado, migrante guatemalteco en California, que combina su pasi\u00f3n por la contabilidad y la m\u00fasica para ayudar a su natal Guatemala","og:url":"https:\/\/soymigrante.com\/revista\/julio-alvarado-migrante-contador-musico\/","og:image":"https:\/\/soymigrante.com\/revista\/wp-content\/uploads\/2023\/07\/julito-julito.webp","og:image:secure_url":"https:\/\/soymigrante.com\/revista\/wp-content\/uploads\/2023\/07\/julito-julito.webp","og:image:width":902,"og:image:height":649,"article:published_time":"2023-07-26T15:58:23+00:00","article:modified_time":"2026-03-11T22:50:24+00:00","article:publisher":"https:\/\/www.facebook.com\/soymigrantecom","twitter:card":"summary_large_image","twitter:site":"@SoyMigrante_com","twitter:title":"Julio Alvarado: Migrante, m\u00fasico y altruista guatemalteco","twitter:description":"Conoce a Julio Alvarado, migrante guatemalteco en California, que combina su pasi\u00f3n por la contabilidad y la m\u00fasica para ayudar a su natal Guatemala","twitter:creator":"@SoyMigrante_com","twitter:image":"https:\/\/soymigrante.com\/revista\/wp-content\/uploads\/2023\/07\/julito-julito.webp"},"aioseo_meta_data":{"post_id":"5999","title":null,"description":null,"keywords":[],"keyphrases":{"focus":{"keyphrase":"Guatemalteco","score":69,"analysis":{"keyphraseInTitle":{"score":9,"maxScore":9,"error":0},"keyphraseInDescription":{"score":9,"maxScore":9,"error":0},"keyphraseLength":{"score":9,"maxScore":9,"error":0,"length":1},"keyphraseInURL":{"score":5,"maxScore":5,"error":0},"keyphraseInIntroduction":{"score":3,"maxScore":9,"error":1},"keyphraseInSubHeadings":{"score":3,"maxScore":9,"error":1},"keyphraseInImageAlt":{"score":9,"maxScore":9,"error":0},"keywordDensity":{"score":0,"type":"low","maxScore":9,"error":1}}},"additional":[]},"primary_term":null,"canonical_url":null,"og_title":null,"og_description":null,"og_object_type":"default","og_image_type":"default","og_image_url":null,"og_image_width":null,"og_image_height":null,"og_image_custom_url":null,"og_image_custom_fields":null,"og_video":"","og_custom_url":null,"og_article_section":null,"og_article_tags":[],"twitter_use_og":false,"twitter_card":"default","twitter_image_type":"default","twitter_image_url":null,"twitter_image_custom_url":null,"twitter_image_custom_fields":null,"twitter_title":null,"twitter_description":null,"schema":{"blockGraphs":[],"customGraphs":[],"default":{"data":{"Article":[],"Course":[],"Dataset":[],"FAQPage":[],"Movie":[],"Person":[],"Product":[],"ProductReview":[],"Car":[],"Recipe":[],"Service":[],"SoftwareApplication":[],"WebPage":[]},"graphName":"BlogPosting","isEnabled":true},"graphs":[]},"schema_type":"default","schema_type_options":null,"pillar_content":false,"robots_default":true,"robots_noindex":false,"robots_noarchive":false,"robots_nosnippet":false,"robots_nofollow":false,"robots_noimageindex":false,"robots_noodp":false,"robots_notranslate":false,"robots_max_snippet":"-1","robots_max_videopreview":"-1","robots_max_imagepreview":"large","priority":null,"frequency":"default","local_seo":null,"seo_analyzer_scan_date":"2025-10-08 21:41:20","breadcrumb_settings":null,"limit_modified_date":false,"reviewed_by":null,"open_ai":null,"ai":null,"created":"2024-04-15 18:08:17","updated":"2026-02-04 11:16:23"},"aioseo_breadcrumb":"<div class=\"aioseo-breadcrumbs\"><span class=\"aioseo-breadcrumb\">\n\t<a href=\"https:\/\/soymigrante.com\/revista\" title=\"Home\">Home<\/a>\n<\/span><span class=\"aioseo-breadcrumb-separator\">\u00bb<\/span><span class=\"aioseo-breadcrumb\">\n\t<a href=\"https:\/\/soymigrante.com\/revista\/category\/exitos\/\" title=\"\u00c9xitos\">\u00c9xitos<\/a>\n<\/span><span class=\"aioseo-breadcrumb-separator\">\u00bb<\/span><span class=\"aioseo-breadcrumb\">\n\tEl guatemalteco Oscar de Le\u00f3n y un sue\u00f1o llamado Real Sonora OKC\n<\/span><\/div>","aioseo_breadcrumb_json":[{"label":"Home","link":"https:\/\/soymigrante.com\/revista"},{"label":"\u00c9xitos","link":"https:\/\/soymigrante.com\/revista\/category\/exitos\/"},{"label":"El guatemalteco Oscar de Le\u00f3n y un sue\u00f1o llamado Real Sonora OKC","link":"https:\/\/soymigrante.com\/revista\/el-guatemalteco-oscar-de-leon-y-un-sueno-llamado-real-sonora-okc\/"}],"_links":{"self":[{"href":"https:\/\/soymigrante.com\/revista\/wp-json\/wp\/v2\/posts\/5999","targetHints":{"allow":["GET"]}}],"collection":[{"href":"https:\/\/soymigrante.com\/revista\/wp-json\/wp\/v2\/posts"}],"about":[{"href":"https:\/\/soymigrante.com\/revista\/wp-json\/wp\/v2\/types\/post"}],"author":[{"embeddable":true,"href":"https:\/\/soymigrante.com\/revista\/wp-json\/wp\/v2\/users\/7"}],"replies":[{"embeddable":true,"href":"https:\/\/soymigrante.com\/revista\/wp-json\/wp\/v2\/comments?post=5999"}],"version-history":[{"count":0,"href":"https:\/\/soymigrante.com\/revista\/wp-json\/wp\/v2\/posts\/5999\/revisions"}],"wp:featuredmedia":[{"embeddable":true,"href":"https:\/\/soymigrante.com\/revista\/wp-json\/wp\/v2\/media\/6012"}],"wp:attachment":[{"href":"https:\/\/soymigrante.com\/revista\/wp-json\/wp\/v2\/media?parent=5999"}],"wp:term":[{"taxonomy":"category","embeddable":true,"href":"https:\/\/soymigrante.com\/revista\/wp-json\/wp\/v2\/categories?post=5999"},{"taxonomy":"post_tag","embeddable":true,"href":"https:\/\/soymigrante.com\/revista\/wp-json\/wp\/v2\/tags?post=5999"}],"curies":[{"name":"wp","href":"https:\/\/api.w.org\/{rel}","templated":true}]}}