{"id":5955,"date":"2024-04-11T13:18:08","date_gmt":"2024-04-11T19:18:08","guid":{"rendered":"https:\/\/soymigrante.com\/revista\/?p=5955"},"modified":"2024-11-01T10:41:02","modified_gmt":"2024-11-01T16:41:02","slug":"chapines-prefieren-california-vivir-trabajo-cuantos-guatemaltecos","status":"publish","type":"post","link":"https:\/\/soymigrante.com\/revista\/chapines-prefieren-california-vivir-trabajo-cuantos-guatemaltecos\/","title":{"rendered":"Por qu\u00e9 tantos migrantes chapines prefieren asentarse en California"},"content":{"rendered":"\t\t<div data-elementor-type=\"wp-post\" data-elementor-id=\"5955\" class=\"elementor elementor-5955\" data-elementor-post-type=\"post\">\n\t\t\t\t\t\t<section data-particle_enable=\"false\" data-particle-mobile-disabled=\"false\" class=\"elementor-section elementor-top-section elementor-element elementor-element-39926608 elementor-section-boxed elementor-section-height-default elementor-section-height-default\" data-id=\"39926608\" data-element_type=\"section\" data-e-type=\"section\">\n\t\t\t\t\t\t<div class=\"elementor-container elementor-column-gap-default\">\n\t\t\t\t\t<div class=\"elementor-column elementor-col-100 elementor-top-column elementor-element elementor-element-16696572\" data-id=\"16696572\" data-element_type=\"column\" data-e-type=\"column\">\n\t\t\t<div class=\"elementor-widget-wrap elementor-element-populated\">\n\t\t\t\t\t\t<div class=\"elementor-element elementor-element-d12af67 elementor-widget elementor-widget-heading\" data-id=\"d12af67\" data-element_type=\"widget\" data-e-type=\"widget\" data-widget_type=\"heading.default\">\n\t\t\t\t\t<h2 class=\"elementor-heading-title elementor-size-default\">California tiene la mayor concentraci\u00f3n de  migrantes guatemaltecos. \u00bfPor qu\u00e9 tantos prefieren radicarse en este Estado? Irene Mu\u00f1oz Smith, migrante guatemalteca y experta en migraci\u00f3n responde estas y otras interrogantes.<\/h2>\t\t\t\t<\/div>\n\t\t\t\t\t<\/div>\n\t\t<\/div>\n\t\t\t\t\t<\/div>\n\t\t<\/section>\n\t\t\t\t<section data-particle_enable=\"false\" data-particle-mobile-disabled=\"false\" class=\"elementor-section elementor-top-section elementor-element elementor-element-1e32ab1 elementor-section-boxed elementor-section-height-default elementor-section-height-default\" data-id=\"1e32ab1\" data-element_type=\"section\" data-e-type=\"section\">\n\t\t\t\t\t\t<div class=\"elementor-container elementor-column-gap-default\">\n\t\t\t\t\t<div class=\"elementor-column elementor-col-100 elementor-top-column elementor-element elementor-element-f0d6f96\" data-id=\"f0d6f96\" data-element_type=\"column\" data-e-type=\"column\">\n\t\t\t<div class=\"elementor-widget-wrap elementor-element-populated\">\n\t\t\t\t\t\t<div class=\"elementor-element elementor-element-8148ed5 elementor-widget elementor-widget-text-editor\" data-id=\"8148ed5\" data-element_type=\"widget\" data-e-type=\"widget\" data-widget_type=\"text-editor.default\">\n\t\t\t\t\t\t\t\t\t<p>Un estudio del Instituto Bush encontr\u00f3 que miles de migrantes en EE.UU., cambian la ciudad de entrada tradicional a otras \u00e1reas del pa\u00eds. \u201cLos migrantes reci\u00e9n llegados eligen de manera desproporcionada las \u00e1reas metropolitanas tradicionales como \u201cpuerta de entrada\u201d, (<a href=\"https:\/\/soymigrante.com\/revista\/consulados-de-guatemala-en-california-ubicacion-y-horarios\/\">California<\/a>, Nueva York, Texas, Carolina del Norte, entre otras ciudades) aunque cada vez m\u00e1s se instalan en \u00e1reas suburbanas en lugar de \u00e1reas centrales.&nbsp;<\/p>\n<p>Los migrantes que se mudan de manera secundaria dentro de Estados Unidos a zonas metropolitanas lo hacen por viviendas relativamente baratas y pol\u00edticas comerciales y fiscales favorables a emprendimientos\u201d, explica la experta en migraci\u00f3n Irene Mu\u00f1oz, quien tambi\u00e9n fue migrante.<\/p>\n<p>Los datos del por qu\u00e9 tantos migrantes guatemaltecos buscan radicar en California forman parte de un estudio que la investigadora Mu\u00f1oz Smith dio a conocer durante un conversatorio organizado por la subdirecci\u00f3n de investigaciones de la Universidad Rafael Land\u00edvar de Quetzaltenango, con el tema. Migraci\u00f3n, din\u00e1micas, aportes y vulnerabilidades: miradas de la experiencia de poblaciones guatemaltecas en el sur de California, EE.UU.<\/p>\t\t\t\t\t\t\t\t<\/div>\n\t\t\t\t\t<\/div>\n\t\t<\/div>\n\t\t\t\t\t<\/div>\n\t\t<\/section>\n\t\t\t\t<section data-particle_enable=\"false\" data-particle-mobile-disabled=\"false\" class=\"elementor-section elementor-top-section elementor-element elementor-element-a672b59 elementor-section-boxed elementor-section-height-default elementor-section-height-default\" data-id=\"a672b59\" data-element_type=\"section\" data-e-type=\"section\">\n\t\t\t\t\t\t<div class=\"elementor-container elementor-column-gap-default\">\n\t\t\t\t\t<div class=\"elementor-column elementor-col-100 elementor-top-column elementor-element elementor-element-66493e5\" data-id=\"66493e5\" data-element_type=\"column\" data-e-type=\"column\">\n\t\t\t<div class=\"elementor-widget-wrap elementor-element-populated\">\n\t\t\t\t\t\t<div class=\"elementor-element elementor-element-ffdae49 elementor-widget elementor-widget-image\" data-id=\"ffdae49\" data-element_type=\"widget\" data-e-type=\"widget\" data-widget_type=\"image.default\">\n\t\t\t\t\t\t\t\t\t\t\t\t\t\t\t<img fetchpriority=\"high\" decoding=\"async\" width=\"768\" height=\"489\" src=\"https:\/\/soymigrante.com\/revista\/wp-content\/uploads\/2024\/04\/Los-guatemaltecos-que-migra-a-EE.UU_.-buscan-ciudades-santuario-para-evitar-a-los-agentes-de-migracion-1024x652.webp\" class=\"attachment-large size-large wp-image-5960\" alt=\"Compra de souvenirs y productos t\u00edpicos de Guatemala en un puesto en un evento cultural.\" srcset=\"https:\/\/soymigrante.com\/revista\/wp-content\/uploads\/2024\/04\/Los-guatemaltecos-que-migra-a-EE.UU_.-buscan-ciudades-santuario-para-evitar-a-los-agentes-de-migracion-1024x652.webp 1024w, https:\/\/soymigrante.com\/revista\/wp-content\/uploads\/2024\/04\/Los-guatemaltecos-que-migra-a-EE.UU_.-buscan-ciudades-santuario-para-evitar-a-los-agentes-de-migracion-300x191.webp 300w, https:\/\/soymigrante.com\/revista\/wp-content\/uploads\/2024\/04\/Los-guatemaltecos-que-migra-a-EE.UU_.-buscan-ciudades-santuario-para-evitar-a-los-agentes-de-migracion-768x489.webp 768w, https:\/\/soymigrante.com\/revista\/wp-content\/uploads\/2024\/04\/Los-guatemaltecos-que-migra-a-EE.UU_.-buscan-ciudades-santuario-para-evitar-a-los-agentes-de-migracion.webp 1920w\" sizes=\"(max-width: 768px) 100vw, 768px\" title=\"Los guatemaltecos que migra a EE.UU. buscan ciudades santuario para evitar a los agentes de migraci\u00f3n \u2013 SoyMigrante.com REVISTA\" \/>\t\t\t\t\t\t\t\t\t\t\t\t\t\t\t<\/div>\n\t\t\t\t\t<\/div>\n\t\t<\/div>\n\t\t\t\t\t<\/div>\n\t\t<\/section>\n\t\t\t\t<section data-particle_enable=\"false\" data-particle-mobile-disabled=\"false\" class=\"elementor-section elementor-top-section elementor-element elementor-element-732c8ba elementor-section-boxed elementor-section-height-default elementor-section-height-default\" data-id=\"732c8ba\" data-element_type=\"section\" data-e-type=\"section\">\n\t\t\t\t\t\t<div class=\"elementor-container elementor-column-gap-default\">\n\t\t\t\t\t<div class=\"elementor-column elementor-col-100 elementor-top-column elementor-element elementor-element-f9900a9\" data-id=\"f9900a9\" data-element_type=\"column\" data-e-type=\"column\">\n\t\t\t<div class=\"elementor-widget-wrap elementor-element-populated\">\n\t\t\t\t\t\t<div class=\"elementor-element elementor-element-ea0fb70 elementor-widget elementor-widget-heading\" data-id=\"ea0fb70\" data-element_type=\"widget\" data-e-type=\"widget\" data-widget_type=\"heading.default\">\n\t\t\t\t\t<h2 class=\"elementor-heading-title elementor-size-default\">Pero, por qu\u00e9 los\u00a0guatemaltecos buscan vivir en California.<\/h2>\t\t\t\t<\/div>\n\t\t\t\t\t<\/div>\n\t\t<\/div>\n\t\t\t\t\t<\/div>\n\t\t<\/section>\n\t\t\t\t<section data-particle_enable=\"false\" data-particle-mobile-disabled=\"false\" class=\"elementor-section elementor-top-section elementor-element elementor-element-2e73c79 elementor-section-boxed elementor-section-height-default elementor-section-height-default\" data-id=\"2e73c79\" data-element_type=\"section\" data-e-type=\"section\">\n\t\t\t\t\t\t<div class=\"elementor-container elementor-column-gap-default\">\n\t\t\t\t\t<div class=\"elementor-column elementor-col-100 elementor-top-column elementor-element elementor-element-3dd4ebc\" data-id=\"3dd4ebc\" data-element_type=\"column\" data-e-type=\"column\">\n\t\t\t<div class=\"elementor-widget-wrap elementor-element-populated\">\n\t\t\t\t\t\t<div class=\"elementor-element elementor-element-3048a73 elementor-widget-divider--view-line elementor-widget elementor-widget-divider\" data-id=\"3048a73\" data-element_type=\"widget\" data-e-type=\"widget\" data-widget_type=\"divider.default\">\n\t\t\t\t\t\t\t<div class=\"elementor-divider\">\n\t\t\t<span class=\"elementor-divider-separator\">\n\t\t\t\t\t\t<\/span>\n\t\t<\/div>\n\t\t\t\t\t\t<\/div>\n\t\t\t\t\t<\/div>\n\t\t<\/div>\n\t\t\t\t\t<\/div>\n\t\t<\/section>\n\t\t\t\t<section data-particle_enable=\"false\" data-particle-mobile-disabled=\"false\" class=\"elementor-section elementor-top-section elementor-element elementor-element-024336b elementor-section-boxed elementor-section-height-default elementor-section-height-default\" data-id=\"024336b\" data-element_type=\"section\" data-e-type=\"section\">\n\t\t\t\t\t\t<div class=\"elementor-container elementor-column-gap-default\">\n\t\t\t\t\t<div class=\"elementor-column elementor-col-100 elementor-top-column elementor-element elementor-element-ccb317b\" data-id=\"ccb317b\" data-element_type=\"column\" data-e-type=\"column\">\n\t\t\t<div class=\"elementor-widget-wrap elementor-element-populated\">\n\t\t\t\t\t\t<div class=\"elementor-element elementor-element-22b8f37 elementor-widget elementor-widget-heading\" data-id=\"22b8f37\" data-element_type=\"widget\" data-e-type=\"widget\" data-widget_type=\"heading.default\">\n\t\t\t\t\t<h3 class=\"elementor-heading-title elementor-size-default\">1. Un clima parecido en parte al de Guatemala<\/h3>\t\t\t\t<\/div>\n\t\t\t\t\t<\/div>\n\t\t<\/div>\n\t\t\t\t\t<\/div>\n\t\t<\/section>\n\t\t\t\t<section data-particle_enable=\"false\" data-particle-mobile-disabled=\"false\" class=\"elementor-section elementor-top-section elementor-element elementor-element-ba45685 elementor-section-boxed elementor-section-height-default elementor-section-height-default\" data-id=\"ba45685\" data-element_type=\"section\" data-e-type=\"section\">\n\t\t\t\t\t\t<div class=\"elementor-container elementor-column-gap-default\">\n\t\t\t\t\t<div class=\"elementor-column elementor-col-100 elementor-top-column elementor-element elementor-element-293a872\" data-id=\"293a872\" data-element_type=\"column\" data-e-type=\"column\">\n\t\t\t<div class=\"elementor-widget-wrap elementor-element-populated\">\n\t\t\t\t\t\t<div class=\"elementor-element elementor-element-1a99903 elementor-widget elementor-widget-text-editor\" data-id=\"1a99903\" data-element_type=\"widget\" data-e-type=\"widget\" data-widget_type=\"text-editor.default\">\n\t\t\t\t\t\t\t\t\t<p>El clima promedio en California es templado y h\u00famedo. Los connacionales sienten el clima de este Estado muy similar al que predomina en Guatemala. Los veranos son c\u00e1lidos y los inviernos h\u00famedos y templados. El mes m\u00e1s c\u00e1lido es julio, con una temperatura m\u00e1xima promedio de <b>30 \u00b0C y m\u00ednima de 22 \u00b0C.<\/b><\/p>\n<p>La temporada fr\u00eda dura 3 meses y una semana, del 2 de diciembre al 6 de marzo, y la temperatura m\u00e1xima diaria es menos de <b>11 \u00b0C. <\/b>De acuerdo con meteor\u00f3logos, California goza de un clima mediterr\u00e1neo, <b>seis meses de verano y seis de invierno.<\/b><\/p>\t\t\t\t\t\t\t\t<\/div>\n\t\t\t\t\t<\/div>\n\t\t<\/div>\n\t\t\t\t\t<\/div>\n\t\t<\/section>\n\t\t\t\t<section data-particle_enable=\"false\" data-particle-mobile-disabled=\"false\" class=\"elementor-section elementor-top-section elementor-element elementor-element-ef45660 elementor-section-boxed elementor-section-height-default elementor-section-height-default\" data-id=\"ef45660\" data-element_type=\"section\" data-e-type=\"section\">\n\t\t\t\t\t\t<div class=\"elementor-container elementor-column-gap-default\">\n\t\t\t\t\t<div class=\"elementor-column elementor-col-100 elementor-top-column elementor-element elementor-element-dead7d6\" data-id=\"dead7d6\" data-element_type=\"column\" data-e-type=\"column\">\n\t\t\t<div class=\"elementor-widget-wrap elementor-element-populated\">\n\t\t\t\t\t\t<div class=\"elementor-element elementor-element-bc1c058 elementor-widget elementor-widget-heading\" data-id=\"bc1c058\" data-element_type=\"widget\" data-e-type=\"widget\" data-widget_type=\"heading.default\">\n\t\t\t\t\t<h3 class=\"elementor-heading-title elementor-size-default\">2. Connacionales buscan el cobijo de familiares o amigos<\/h3>\t\t\t\t<\/div>\n\t\t\t\t\t<\/div>\n\t\t<\/div>\n\t\t\t\t\t<\/div>\n\t\t<\/section>\n\t\t\t\t<section data-particle_enable=\"false\" data-particle-mobile-disabled=\"false\" class=\"elementor-section elementor-top-section elementor-element elementor-element-53af176 elementor-section-boxed elementor-section-height-default elementor-section-height-default\" data-id=\"53af176\" data-element_type=\"section\" data-e-type=\"section\">\n\t\t\t\t\t\t<div class=\"elementor-container elementor-column-gap-default\">\n\t\t\t\t\t<div class=\"elementor-column elementor-col-100 elementor-top-column elementor-element elementor-element-56e5a09\" data-id=\"56e5a09\" data-element_type=\"column\" data-e-type=\"column\">\n\t\t\t<div class=\"elementor-widget-wrap elementor-element-populated\">\n\t\t\t\t\t\t<div class=\"elementor-element elementor-element-af2c375 elementor-widget elementor-widget-text-editor\" data-id=\"af2c375\" data-element_type=\"widget\" data-e-type=\"widget\" data-widget_type=\"text-editor.default\">\n\t\t\t\t\t\t\t\t\t<p>Uno de los primeros duelos que vive el migrante guatemalteco es dejar su familia, padres, hermanos, hijos, esposa y su tierra. Sin embargo, al migrar hacia <a href=\"https:\/\/soymigrante.com\/revista\/consulados-de-guatemala-en-california-ubicacion-y-horarios\/\">California <\/a>les asegura en algunos casos el reencuentro con amigos o familiares quienes son solidarios y ofrecen cobijo, alimento y apoyo econ\u00f3mico durante los primeros d\u00edas o meses en el cambio de vida, es otro desaf\u00edo, del nuevo migrante,<\/p><p>El apoyo al nuevo integrante de la comunidad no ser\u00e1 para siempre porque el connacional se ve obligado a trabajar de inmediato o en los primeros d\u00edas para comenzar a pagar el largo viaje.<\/p><p>Pertenecer a una comunidad migrante reconfortar\u00e1 al connacional, pero para alcanzar el sue\u00f1o americano le faltar\u00e1n a\u00f1os de arduo trabajo y sacrificio. \u00a0<\/p>\t\t\t\t\t\t\t\t<\/div>\n\t\t\t\t\t<\/div>\n\t\t<\/div>\n\t\t\t\t\t<\/div>\n\t\t<\/section>\n\t\t\t\t<section data-particle_enable=\"false\" data-particle-mobile-disabled=\"false\" class=\"elementor-section elementor-top-section elementor-element elementor-element-aa2bbee elementor-section-boxed elementor-section-height-default elementor-section-height-default\" data-id=\"aa2bbee\" data-element_type=\"section\" data-e-type=\"section\">\n\t\t\t\t\t\t<div class=\"elementor-container elementor-column-gap-default\">\n\t\t\t\t\t<div class=\"elementor-column elementor-col-100 elementor-top-column elementor-element elementor-element-8f2d192\" data-id=\"8f2d192\" data-element_type=\"column\" data-e-type=\"column\">\n\t\t\t<div class=\"elementor-widget-wrap elementor-element-populated\">\n\t\t\t\t\t\t<div class=\"elementor-element elementor-element-e3cd1c1 elementor-widget elementor-widget-image\" data-id=\"e3cd1c1\" data-element_type=\"widget\" data-e-type=\"widget\" data-widget_type=\"image.default\">\n\t\t\t\t\t\t\t\t\t\t\t\t\t\t\t<img decoding=\"async\" width=\"768\" height=\"376\" src=\"https:\/\/soymigrante.com\/revista\/wp-content\/uploads\/2024\/04\/Baile-social-en-Columbus-Ohio-de-una-comuniad-migrante-de-guatemaltecos-1024x501.webp\" class=\"attachment-large size-large wp-image-5958\" alt=\"Diversas personas bailando en una fiesta tradicional mexicana con vestimenta folkl\u00f3rica, en un ambiente festivo y cultural lleno de alegr\u00eda y tradiciones mexicanas.\" srcset=\"https:\/\/soymigrante.com\/revista\/wp-content\/uploads\/2024\/04\/Baile-social-en-Columbus-Ohio-de-una-comuniad-migrante-de-guatemaltecos-1024x501.webp 1024w, https:\/\/soymigrante.com\/revista\/wp-content\/uploads\/2024\/04\/Baile-social-en-Columbus-Ohio-de-una-comuniad-migrante-de-guatemaltecos-300x147.webp 300w, https:\/\/soymigrante.com\/revista\/wp-content\/uploads\/2024\/04\/Baile-social-en-Columbus-Ohio-de-una-comuniad-migrante-de-guatemaltecos-768x376.webp 768w, https:\/\/soymigrante.com\/revista\/wp-content\/uploads\/2024\/04\/Baile-social-en-Columbus-Ohio-de-una-comuniad-migrante-de-guatemaltecos-750x367.webp 750w, https:\/\/soymigrante.com\/revista\/wp-content\/uploads\/2024\/04\/Baile-social-en-Columbus-Ohio-de-una-comuniad-migrante-de-guatemaltecos-1140x558.webp 1140w, https:\/\/soymigrante.com\/revista\/wp-content\/uploads\/2024\/04\/Baile-social-en-Columbus-Ohio-de-una-comuniad-migrante-de-guatemaltecos.webp 1273w\" sizes=\"(max-width: 768px) 100vw, 768px\" title=\"Baile social en Columbus, Ohio, de una comuniad migrante de guatemaltecos. \u2013 SoyMigrante.com REVISTA\" \/>\t\t\t\t\t\t\t\t\t\t\t\t\t\t\t<\/div>\n\t\t\t\t\t<\/div>\n\t\t<\/div>\n\t\t\t\t\t<\/div>\n\t\t<\/section>\n\t\t\t\t<section data-particle_enable=\"false\" data-particle-mobile-disabled=\"false\" class=\"elementor-section elementor-top-section elementor-element elementor-element-1c872eb elementor-section-boxed elementor-section-height-default elementor-section-height-default\" data-id=\"1c872eb\" data-element_type=\"section\" data-e-type=\"section\">\n\t\t\t\t\t\t<div class=\"elementor-container elementor-column-gap-default\">\n\t\t\t\t\t<div class=\"elementor-column elementor-col-100 elementor-top-column elementor-element elementor-element-3679f2d\" data-id=\"3679f2d\" data-element_type=\"column\" data-e-type=\"column\">\n\t\t\t<div class=\"elementor-widget-wrap elementor-element-populated\">\n\t\t\t\t\t\t<div class=\"elementor-element elementor-element-f05b03c elementor-widget elementor-widget-heading\" data-id=\"f05b03c\" data-element_type=\"widget\" data-e-type=\"widget\" data-widget_type=\"heading.default\">\n\t\t\t\t\t<h3 class=\"elementor-heading-title elementor-size-default\">3. Cu\u00e1ntos migrante hay en California<\/h3>\t\t\t\t<\/div>\n\t\t\t\t\t<\/div>\n\t\t<\/div>\n\t\t\t\t\t<\/div>\n\t\t<\/section>\n\t\t\t\t<section data-particle_enable=\"false\" data-particle-mobile-disabled=\"false\" class=\"elementor-section elementor-top-section elementor-element elementor-element-2d1fc68 elementor-section-boxed elementor-section-height-default elementor-section-height-default\" data-id=\"2d1fc68\" data-element_type=\"section\" data-e-type=\"section\">\n\t\t\t\t\t\t<div class=\"elementor-container elementor-column-gap-default\">\n\t\t\t\t\t<div class=\"elementor-column elementor-col-100 elementor-top-column elementor-element elementor-element-b52622b\" data-id=\"b52622b\" data-element_type=\"column\" data-e-type=\"column\">\n\t\t\t<div class=\"elementor-widget-wrap elementor-element-populated\">\n\t\t\t\t\t\t<div class=\"elementor-element elementor-element-141a958 elementor-widget elementor-widget-text-editor\" data-id=\"141a958\" data-element_type=\"widget\" data-e-type=\"widget\" data-widget_type=\"text-editor.default\">\n\t\t\t\t\t\t\t\t\t<p>La Oficina del Censo de los Estados Unidos revela que en <a href=\"https:\/\/soymigrante.com\/revista\/consulados-de-guatemala-en-california-ubicacion-y-horarios\/\">California<\/a> residen <strong>454, 917, migrantes guatemaltecos.<\/strong> La Organizaci\u00f3n Internacional para las Migraciones (OIM, en ingl\u00e9s) detalla que la cifra es de<strong> 545,970,<\/strong> hay una diferencia de <strong>91,053<\/strong> personas. Para la experta en migraciones, Irene Mu\u00f1oz, el dato real de cu\u00e1ntos guatemaltecos residen en Estados Unidos es un desaf\u00edo para el gobierno estadounidense y la cancillera de Guatemala.<\/p><p>En Los \u00c1ngeles viven por lo menos <b>364,699<\/b> connacionales; <b>San Francisco, 124,716; San Bernardino, 11,296; Orange Country, 19,283.<\/b><\/p><p>Un dato que respalda la presencia de guatemaltecos en California es el env\u00edo de remesas a Guatemala. El env\u00edo de efectivo desde este Estado representa el 32% del dinero que los migrantes env\u00edan en un a\u00f1o a sus familias en Guatemala.<\/p>\t\t\t\t\t\t\t\t<\/div>\n\t\t\t\t\t<\/div>\n\t\t<\/div>\n\t\t\t\t\t<\/div>\n\t\t<\/section>\n\t\t\t\t<section data-particle_enable=\"false\" data-particle-mobile-disabled=\"false\" class=\"elementor-section elementor-top-section elementor-element elementor-element-6d83405 elementor-section-boxed elementor-section-height-default elementor-section-height-default\" data-id=\"6d83405\" data-element_type=\"section\" data-e-type=\"section\">\n\t\t\t\t\t\t<div class=\"elementor-container elementor-column-gap-default\">\n\t\t\t\t\t<div class=\"elementor-column elementor-col-100 elementor-top-column elementor-element elementor-element-a041c47\" data-id=\"a041c47\" data-element_type=\"column\" data-e-type=\"column\">\n\t\t\t<div class=\"elementor-widget-wrap elementor-element-populated\">\n\t\t\t\t\t\t<div class=\"elementor-element elementor-element-81992b6 elementor-widget elementor-widget-heading\" data-id=\"81992b6\" data-element_type=\"widget\" data-e-type=\"widget\" data-widget_type=\"heading.default\">\n\t\t\t\t\t<h3 class=\"elementor-heading-title elementor-size-default\">4.\tEn qu\u00e9 trabajan los guatemaltecos<\/h3>\t\t\t\t<\/div>\n\t\t\t\t\t<\/div>\n\t\t<\/div>\n\t\t\t\t\t<\/div>\n\t\t<\/section>\n\t\t\t\t<section data-particle_enable=\"false\" data-particle-mobile-disabled=\"false\" class=\"elementor-section elementor-top-section elementor-element elementor-element-fb3a640 elementor-section-boxed elementor-section-height-default elementor-section-height-default\" data-id=\"fb3a640\" data-element_type=\"section\" data-e-type=\"section\">\n\t\t\t\t\t\t<div class=\"elementor-container elementor-column-gap-default\">\n\t\t\t\t\t<div class=\"elementor-column elementor-col-100 elementor-top-column elementor-element elementor-element-b40bc5d\" data-id=\"b40bc5d\" data-element_type=\"column\" data-e-type=\"column\">\n\t\t\t<div class=\"elementor-widget-wrap elementor-element-populated\">\n\t\t\t\t\t\t<div class=\"elementor-element elementor-element-85febf7 elementor-widget elementor-widget-text-editor\" data-id=\"85febf7\" data-element_type=\"widget\" data-e-type=\"widget\" data-widget_type=\"text-editor.default\">\n\t\t\t\t\t\t\t\t\t<p>En la actualidad encontrar un trabajo en Estados Unidos es dif\u00edcil para miles de guatemaltecos. Sin embargo, en California la oferta laboral para la mayor\u00eda de migrantes se centra en la agricultora como recolectores de frutas y verduras. La construcci\u00f3n emplea a cientos de personas en alba\u00f1iler\u00eda, pintura, carpinter\u00eda y plomer\u00eda. \u00a0<\/p><p>En el \u00e1rea de servicios est\u00e1n, meseros, lavaplatos, limpieza, hoteler\u00eda y cuidado de personas de la tercera edad y ni\u00f1os. Todos los migrantes deben pagar impuestos para acceder a oportunidades laborales.<\/p><p>Otras oportunidades son, profesor de educaci\u00f3n primaria, manufactura, traductor jurado, piloto de maquinaria pesada, entre otras labores que requieren una certificaci\u00f3n en EE.UU. y hablar ingl\u00e9s. <a href=\"https:\/\/soymigrante.com\/revista\/mawil-el-migrante-guatemalteco-a-la-pantalla-en-california\/\">Sin embargo, muchos guatemaltecos logran desempe\u00f1ares en \u00e1reas como la comunicaci\u00f3n social.<\/a><\/p><p>El salario m\u00ednimo por hora en <a href=\"https:\/\/soymigrante.com\/revista\/consulados-de-guatemala-en-california-ubicacion-y-horarios\/\">California <\/a>es de <b>15.50 d\u00f3lares (Q124.00).<\/b> En una jornada de ocho horas un migrante gana <b>124 d\u00f3lares (Q992.00)<\/b> al mes el salario ser\u00eda de <b>US$2,500<\/b>. El costo de vida promedio anual en este Estado es de <b>US$53,082.<\/b><\/p>\t\t\t\t\t\t\t\t<\/div>\n\t\t\t\t\t<\/div>\n\t\t<\/div>\n\t\t\t\t\t<\/div>\n\t\t<\/section>\n\t\t\t\t<section data-particle_enable=\"false\" data-particle-mobile-disabled=\"false\" class=\"elementor-section elementor-top-section elementor-element elementor-element-dde0186 elementor-section-boxed elementor-section-height-default elementor-section-height-default\" data-id=\"dde0186\" data-element_type=\"section\" data-e-type=\"section\">\n\t\t\t\t\t\t<div class=\"elementor-container elementor-column-gap-default\">\n\t\t\t\t\t<div class=\"elementor-column elementor-col-100 elementor-top-column elementor-element elementor-element-9f33476\" data-id=\"9f33476\" data-element_type=\"column\" data-e-type=\"column\">\n\t\t\t<div class=\"elementor-widget-wrap elementor-element-populated\">\n\t\t\t\t\t\t<div class=\"elementor-element elementor-element-f05c07f elementor-grid-eael-col-1 elementor-grid-tablet-eael-col-2 elementor-grid-mobile-eael-col-1 elementor-widget elementor-widget-eael-post-grid\" data-id=\"f05c07f\" data-element_type=\"widget\" data-e-type=\"widget\" data-settings=\"{&quot;eael_post_grid_columns&quot;:&quot;eael-col-1&quot;,&quot;eael_post_grid_columns_tablet&quot;:&quot;eael-col-2&quot;,&quot;eael_post_grid_columns_mobile&quot;:&quot;eael-col-1&quot;}\" data-widget_type=\"eael-post-grid.default\">\n\t\t\t\t\t<div id=\"eael-post-grid-f05c07f\" class=\"eael-post-grid-container\">\n            <div class=\"eael-post-grid eael-post-appender eael-post-appender-f05c07f eael-post-grid-style-one\" data-layout-mode=\"masonry\"><article class=\"eael-grid-post  eael-post-grid-column eael-pg-post-774 category-exitos tags-california\" data-id=\"774\">\n        <div class=\"eael-grid-post-holder\">\n            <div class=\"eael-grid-post-holder-inner\"><div class=\"eael-entry-media\"><div class=\"eael-entry-overlay fade-in\"><i class=\"fas fa-hand-pointer\" aria-hidden=\"true\"><\/i><a href=\"https:\/\/soymigrante.com\/revista\/asi-nacio-un-nucleo-de-sabor-guatemalteco-en-el-corazon-de-los-angeles\/\"><\/a><\/div><div class=\"eael-entry-thumbnail \">\n                <img decoding=\"async\" width=\"750\" height=\"1043\" src=\"https:\/\/soymigrante.com\/revista\/wp-content\/uploads\/2023\/03\/1-EXITOS-RESTAURANTE-PUCHICA-LA-FERNANDO-LURSSEN-1.webp\" class=\"attachment-1536x1536 size-1536x1536 wp-image-775\" alt=\"Restaurante guatemalteco P\u00fachica en Los Angeles\" srcset=\"https:\/\/soymigrante.com\/revista\/wp-content\/uploads\/2023\/03\/1-EXITOS-RESTAURANTE-PUCHICA-LA-FERNANDO-LURSSEN-1.webp 750w, https:\/\/soymigrante.com\/revista\/wp-content\/uploads\/2023\/03\/1-EXITOS-RESTAURANTE-PUCHICA-LA-FERNANDO-LURSSEN-1-216x300.webp 216w, https:\/\/soymigrante.com\/revista\/wp-content\/uploads\/2023\/03\/1-EXITOS-RESTAURANTE-PUCHICA-LA-FERNANDO-LURSSEN-1-736x1024.jpg 736w\" sizes=\"(max-width: 750px) 100vw, 750px\" \/>\n            <\/div>\n        <\/div><div class=\"eael-entry-wrapper\"><header class=\"eael-entry-header\"><h2 class=\"eael-entry-title\"><a class=\"eael-grid-post-link\" href=\"https:\/\/soymigrante.com\/revista\/asi-nacio-un-nucleo-de-sabor-guatemalteco-en-el-corazon-de-los-angeles\/\" title=\"As\u00ed naci\u00f3 el restaurante guatemalteco Puchica, un n\u00facleo de sabor chap\u00edn en el coraz\u00f3n de Los Angeles\">As\u00ed naci\u00f3 el restaurante guatemalteco Puchica, un n\u00facleo de sabor chap\u00edn en el coraz\u00f3n de Los Angeles<\/a><\/h2><\/header><\/div><\/div>\n        <\/div>\n    <\/article><\/div>\n            <div class=\"clearfix\"><\/div>\n        <\/div>\t\t\t\t<\/div>\n\t\t\t\t\t<\/div>\n\t\t<\/div>\n\t\t\t\t\t<\/div>\n\t\t<\/section>\n\t\t\t\t<section data-particle_enable=\"false\" data-particle-mobile-disabled=\"false\" class=\"elementor-section elementor-top-section elementor-element elementor-element-26e4e7a elementor-section-boxed elementor-section-height-default elementor-section-height-default\" data-id=\"26e4e7a\" data-element_type=\"section\" data-e-type=\"section\">\n\t\t\t\t\t\t<div class=\"elementor-container elementor-column-gap-default\">\n\t\t\t\t\t<div class=\"elementor-column elementor-col-100 elementor-top-column elementor-element elementor-element-3b67148\" data-id=\"3b67148\" data-element_type=\"column\" data-e-type=\"column\">\n\t\t\t<div class=\"elementor-widget-wrap elementor-element-populated\">\n\t\t\t\t\t\t<div class=\"elementor-element elementor-element-c0b5245 elementor-widget elementor-widget-heading\" data-id=\"c0b5245\" data-element_type=\"widget\" data-e-type=\"widget\" data-widget_type=\"heading.default\">\n\t\t\t\t\t<h3 class=\"elementor-heading-title elementor-size-default\">5.\tCultura y gastronom\u00eda; a\u00f1oranza por Guate<\/h3>\t\t\t\t<\/div>\n\t\t\t\t\t<\/div>\n\t\t<\/div>\n\t\t\t\t\t<\/div>\n\t\t<\/section>\n\t\t\t\t<section data-particle_enable=\"false\" data-particle-mobile-disabled=\"false\" class=\"elementor-section elementor-top-section elementor-element elementor-element-88061f3 elementor-section-boxed elementor-section-height-default elementor-section-height-default\" data-id=\"88061f3\" data-element_type=\"section\" data-e-type=\"section\">\n\t\t\t\t\t\t<div class=\"elementor-container elementor-column-gap-default\">\n\t\t\t\t\t<div class=\"elementor-column elementor-col-100 elementor-top-column elementor-element elementor-element-d27f76f\" data-id=\"d27f76f\" data-element_type=\"column\" data-e-type=\"column\">\n\t\t\t<div class=\"elementor-widget-wrap elementor-element-populated\">\n\t\t\t\t\t\t<div class=\"elementor-element elementor-element-d22cffc elementor-widget elementor-widget-text-editor\" data-id=\"d22cffc\" data-element_type=\"widget\" data-e-type=\"widget\" data-widget_type=\"text-editor.default\">\n\t\t\t\t\t\t\t\t\t<p>Otro dato que atrae el inter\u00e9s a los nuevos migrantes para vivir en alguno de los 58 condados de California son las tradiciones y<a href=\"https:\/\/soymigrante.com\/revista\/asi-nacio-un-nucleo-de-sabor-guatemalteco-en-el-corazon-de-los-angeles\/\"> comidas que buscan preservan los connacionales en este pa\u00eds. <\/a>No existe un dato de cu\u00e1ntos emprendimientos o restaurantes de guatemaltecos hay en Los \u00c1ngeles, pero existe gen variedad.<\/p><p>Aunque el sabor cambia hay ventas de comida donde los chapines pueden degustar de un churrasquito, ceviche, atol de elote, pan, recados, entre otros platillos que a\u00f1oran los connacionales. En promedio un tamal de arroz en USA se cotiza entre los 6 y 8 d\u00f3lares, unos Q62.50.<\/p><p>En varias comunidades de migrantes las mujeres han logrado preservar el uso del traje t\u00edpico el cual las identifica como parte de su pueblo de origen. En varias ciudades de EE.UU. connacionales importan ropa t\u00edpica para hombres y mujeres.<\/p>\t\t\t\t\t\t\t\t<\/div>\n\t\t\t\t\t<\/div>\n\t\t<\/div>\n\t\t\t\t\t<\/div>\n\t\t<\/section>\n\t\t\t\t<section data-particle_enable=\"false\" data-particle-mobile-disabled=\"false\" class=\"elementor-section elementor-top-section elementor-element elementor-element-b6fea6b elementor-section-boxed elementor-section-height-default elementor-section-height-default\" data-id=\"b6fea6b\" data-element_type=\"section\" data-e-type=\"section\">\n\t\t\t\t\t\t<div class=\"elementor-container elementor-column-gap-default\">\n\t\t\t\t\t<div class=\"elementor-column elementor-col-100 elementor-top-column elementor-element elementor-element-eec35c3\" data-id=\"eec35c3\" data-element_type=\"column\" data-e-type=\"column\">\n\t\t\t<div class=\"elementor-widget-wrap elementor-element-populated\">\n\t\t\t\t\t\t<div class=\"elementor-element elementor-element-4b9d248 elementor-widget elementor-widget-heading\" data-id=\"4b9d248\" data-element_type=\"widget\" data-e-type=\"widget\" data-widget_type=\"heading.default\">\n\t\t\t\t\t<h3 class=\"elementor-heading-title elementor-size-default\">6.\t\u00bfCalifornia es un \u201cEstado Santuario\u201d que protege a migrantes?<\/h3>\t\t\t\t<\/div>\n\t\t\t\t\t<\/div>\n\t\t<\/div>\n\t\t\t\t\t<\/div>\n\t\t<\/section>\n\t\t\t\t<section data-particle_enable=\"false\" data-particle-mobile-disabled=\"false\" class=\"elementor-section elementor-top-section elementor-element elementor-element-d9ea351 elementor-section-boxed elementor-section-height-default elementor-section-height-default\" data-id=\"d9ea351\" data-element_type=\"section\" data-e-type=\"section\">\n\t\t\t\t\t\t<div class=\"elementor-container elementor-column-gap-default\">\n\t\t\t\t\t<div class=\"elementor-column elementor-col-100 elementor-top-column elementor-element elementor-element-facf645\" data-id=\"facf645\" data-element_type=\"column\" data-e-type=\"column\">\n\t\t\t<div class=\"elementor-widget-wrap elementor-element-populated\">\n\t\t\t\t\t\t<div class=\"elementor-element elementor-element-e858a6c elementor-widget elementor-widget-text-editor\" data-id=\"e858a6c\" data-element_type=\"widget\" data-e-type=\"widget\" data-widget_type=\"text-editor.default\">\n\t\t\t\t\t\t\t\t\t<p>Un Estado o Ciudad Santuario son localidades donde el gobernador o alcalde proh\u00edben que la Polic\u00eda de ese lugar ofrezca informaci\u00f3n del estado migratorio de una persona a agentes federales de inmigraci\u00f3n (ICE, en ingl\u00e9s). Por esta situaci\u00f3n, los migrantes tambi\u00e9n buscan llegar a este Estado.<\/p>\n<p>En California los polic\u00edas no colaboran con el personal de migraci\u00f3n a detener a un inmigrante debido a su estatus. Sin embargo, ese beneficio no implica que los agentes de migraci\u00f3n lleven a cabo su labor.<\/p>\n<p>En este Estado las personas indocumentadas pueden obtener una licencia de conducir y quedan sujetas a las leyes de tr\u00e1nsito y leyes ordinarias por cualquier inconveniente.<\/p>\n<p>Otro beneficio para los indocumentados es que, desde enero de este a\u00f1o, migrantes de cualquier nacionalidad entre los 26 a 49 a\u00f1os pueden tener cobertura del programa Medicaid de California.<\/p>\t\t\t\t\t\t\t\t<\/div>\n\t\t\t\t\t<\/div>\n\t\t<\/div>\n\t\t\t\t\t<\/div>\n\t\t<\/section>\n\t\t\t\t<section data-particle_enable=\"false\" data-particle-mobile-disabled=\"false\" class=\"elementor-section elementor-top-section elementor-element elementor-element-e09d572 elementor-section-boxed elementor-section-height-default elementor-section-height-default\" data-id=\"e09d572\" data-element_type=\"section\" data-e-type=\"section\">\n\t\t\t\t\t\t<div class=\"elementor-container elementor-column-gap-default\">\n\t\t\t\t\t<div class=\"elementor-column elementor-col-100 elementor-top-column elementor-element elementor-element-b2ea7e4\" data-id=\"b2ea7e4\" data-element_type=\"column\" data-e-type=\"column\">\n\t\t\t<div class=\"elementor-widget-wrap elementor-element-populated\">\n\t\t\t\t\t\t<div class=\"elementor-element elementor-element-4f433ce elementor-widget elementor-widget-image\" data-id=\"4f433ce\" data-element_type=\"widget\" data-e-type=\"widget\" data-widget_type=\"image.default\">\n\t\t\t\t\t\t\t\t\t\t\t\t<figure class=\"wp-caption\">\n\t\t\t\t\t\t\t\t\t\t<img loading=\"lazy\" decoding=\"async\" width=\"768\" height=\"576\" src=\"https:\/\/soymigrante.com\/revista\/wp-content\/uploads\/2024\/04\/Muchos-migrantes-hispanos-prefieren-radicarse-en-California-y-lo-convierten-con-el-Estado-de-mayor-crecimiento-de-poblacion-no-nacida-en-EE.UU_.-3-1-1024x768.webp\" class=\"attachment-large size-large wp-image-5965\" alt=\"Cuidado en la calle con ni\u00f1os y comunidad latina, se\u00f1alizaci\u00f3n vial y entorno urbano en Los \u00c1ngeles, California, en un panorama cotidiano de migrantes y residentes en movimiento en la ciudad.\" srcset=\"https:\/\/soymigrante.com\/revista\/wp-content\/uploads\/2024\/04\/Muchos-migrantes-hispanos-prefieren-radicarse-en-California-y-lo-convierten-con-el-Estado-de-mayor-crecimiento-de-poblacion-no-nacida-en-EE.UU_.-3-1-1024x768.webp 1024w, https:\/\/soymigrante.com\/revista\/wp-content\/uploads\/2024\/04\/Muchos-migrantes-hispanos-prefieren-radicarse-en-California-y-lo-convierten-con-el-Estado-de-mayor-crecimiento-de-poblacion-no-nacida-en-EE.UU_.-3-1-300x225.webp 300w, https:\/\/soymigrante.com\/revista\/wp-content\/uploads\/2024\/04\/Muchos-migrantes-hispanos-prefieren-radicarse-en-California-y-lo-convierten-con-el-Estado-de-mayor-crecimiento-de-poblacion-no-nacida-en-EE.UU_.-3-1-768x576.webp 768w, https:\/\/soymigrante.com\/revista\/wp-content\/uploads\/2024\/04\/Muchos-migrantes-hispanos-prefieren-radicarse-en-California-y-lo-convierten-con-el-Estado-de-mayor-crecimiento-de-poblacion-no-nacida-en-EE.UU_.-3-1-1536x1152.webp 1536w, https:\/\/soymigrante.com\/revista\/wp-content\/uploads\/2024\/04\/Muchos-migrantes-hispanos-prefieren-radicarse-en-California-y-lo-convierten-con-el-Estado-de-mayor-crecimiento-de-poblacion-no-nacida-en-EE.UU_.-3-1-scaled.webp 1920w, https:\/\/soymigrante.com\/revista\/wp-content\/uploads\/2024\/04\/Muchos-migrantes-hispanos-prefieren-radicarse-en-California-y-lo-convierten-con-el-Estado-de-mayor-crecimiento-de-poblacion-no-nacida-en-EE.UU_.-3-1-750x563.webp 750w, https:\/\/soymigrante.com\/revista\/wp-content\/uploads\/2024\/04\/Muchos-migrantes-hispanos-prefieren-radicarse-en-California-y-lo-convierten-con-el-Estado-de-mayor-crecimiento-de-poblacion-no-nacida-en-EE.UU_.-3-1-1140x855.webp 1140w\" sizes=\"(max-width: 768px) 100vw, 768px\" title=\"En ciudades como Los Angeles, es usual encontrar a pobladores hispanos y por lo tanto, guatemaltecos. \u2013 SoyMigrante.com REVISTA\" \/>\t\t\t\t\t\t\t\t\t\t\t<figcaption class=\"widget-image-caption wp-caption-text\">La imagen muestra se\u00f1alizaci\u00f3n de protecci\u00f3n vial y comunidad latina en la ciudad, con ni\u00f1os y adultos caminando por la acera, destacando temas de migraci\u00f3n, integraci\u00f3n y vida cotidiana en las comunidades hispanas.<\/figcaption>\n\t\t\t\t\t\t\t\t\t\t<\/figure>\n\t\t\t\t\t\t\t\t\t<\/div>\n\t\t\t\t\t<\/div>\n\t\t<\/div>\n\t\t\t\t\t<\/div>\n\t\t<\/section>\n\t\t\t\t<section data-particle_enable=\"false\" data-particle-mobile-disabled=\"false\" class=\"elementor-section elementor-top-section elementor-element elementor-element-da90335 elementor-section-boxed elementor-section-height-default elementor-section-height-default\" data-id=\"da90335\" data-element_type=\"section\" data-e-type=\"section\">\n\t\t\t\t\t\t<div class=\"elementor-container elementor-column-gap-default\">\n\t\t\t\t\t<div class=\"elementor-column elementor-col-100 elementor-top-column elementor-element elementor-element-7bf908e\" data-id=\"7bf908e\" data-element_type=\"column\" data-e-type=\"column\">\n\t\t\t<div class=\"elementor-widget-wrap elementor-element-populated\">\n\t\t\t\t\t\t<div class=\"elementor-element elementor-element-e5aac6e elementor-widget elementor-widget-heading\" data-id=\"e5aac6e\" data-element_type=\"widget\" data-e-type=\"widget\" data-widget_type=\"heading.default\">\n\t\t\t\t\t<h3 class=\"elementor-heading-title elementor-size-default\">Ciudades santuario en California:<\/h3>\t\t\t\t<\/div>\n\t\t\t\t\t<\/div>\n\t\t<\/div>\n\t\t\t\t\t<\/div>\n\t\t<\/section>\n\t\t\t\t<section data-particle_enable=\"false\" data-particle-mobile-disabled=\"false\" class=\"elementor-section elementor-top-section elementor-element elementor-element-a944b7b elementor-section-boxed elementor-section-height-default elementor-section-height-default\" data-id=\"a944b7b\" data-element_type=\"section\" data-e-type=\"section\">\n\t\t\t\t\t\t<div class=\"elementor-container elementor-column-gap-default\">\n\t\t\t\t\t<div class=\"elementor-column elementor-col-100 elementor-top-column elementor-element elementor-element-f23dbca\" data-id=\"f23dbca\" data-element_type=\"column\" data-e-type=\"column\">\n\t\t\t<div class=\"elementor-widget-wrap elementor-element-populated\">\n\t\t\t\t\t\t<div class=\"elementor-element elementor-element-b2e60cf elementor-widget elementor-widget-text-editor\" data-id=\"b2e60cf\" data-element_type=\"widget\" data-e-type=\"widget\" data-widget_type=\"text-editor.default\">\n\t\t\t\t\t\t\t\t\t<ul>\n<li>Berkley<\/li>\n<li>Condado de Alameda<\/li>\n<li>Condado de Contra Costa<\/li>\n<li>Condado de Los \u00c1ngeles<\/li>\n<li>Condado de Monterey<\/li>\n<li>Condado de Napa<\/li>\n<li>Condado de Riverside<\/li>\n<li>Condado de Sacramento<\/li>\n<li>Condado de San Bernardino<\/li>\n<li>Condado de San Diego<\/li>\n<li>Condado de San Francisco\/Ciudad<\/li>\n<li>Condado de San Mateo<\/li>\n<li>Condado de Santa Clara<\/li>\n<li>Condado de Santa Cruz<\/li>\n<li>Condado de Sonoma<\/li>\n<li>Fremont, CA<\/li>\n<li>Los \u00c1ngeles<\/li>\n<li>Oakland<\/li>\n<li>Santa Ana<\/li>\n<li>Watsonville<\/li>\n<\/ul>\t\t\t\t\t\t\t\t<\/div>\n\t\t\t\t\t<\/div>\n\t\t<\/div>\n\t\t\t\t\t<\/div>\n\t\t<\/section>\n\t\t\t\t<section data-particle_enable=\"false\" data-particle-mobile-disabled=\"false\" class=\"elementor-section elementor-top-section elementor-element elementor-element-4d7285b elementor-section-boxed elementor-section-height-default elementor-section-height-default\" data-id=\"4d7285b\" data-element_type=\"section\" data-e-type=\"section\">\n\t\t\t\t\t\t<div class=\"elementor-container elementor-column-gap-default\">\n\t\t\t\t\t<div class=\"elementor-column elementor-col-100 elementor-top-column elementor-element elementor-element-a7b2d75\" data-id=\"a7b2d75\" data-element_type=\"column\" data-e-type=\"column\">\n\t\t\t<div class=\"elementor-widget-wrap elementor-element-populated\">\n\t\t\t\t\t\t<div class=\"elementor-element elementor-element-c85e73d elementor-widget-divider--view-line elementor-widget elementor-widget-divider\" data-id=\"c85e73d\" data-element_type=\"widget\" data-e-type=\"widget\" data-widget_type=\"divider.default\">\n\t\t\t\t\t\t\t<div class=\"elementor-divider\">\n\t\t\t<span class=\"elementor-divider-separator\">\n\t\t\t\t\t\t<\/span>\n\t\t<\/div>\n\t\t\t\t\t\t<\/div>\n\t\t\t\t\t<\/div>\n\t\t<\/div>\n\t\t\t\t\t<\/div>\n\t\t<\/section>\n\t\t\t\t<section data-particle_enable=\"false\" data-particle-mobile-disabled=\"false\" class=\"elementor-section elementor-top-section elementor-element elementor-element-d2c6186 elementor-section-boxed elementor-section-height-default elementor-section-height-default\" data-id=\"d2c6186\" data-element_type=\"section\" data-e-type=\"section\">\n\t\t\t\t\t\t<div class=\"elementor-container elementor-column-gap-default\">\n\t\t\t\t\t<div class=\"elementor-column elementor-col-100 elementor-top-column elementor-element elementor-element-fcc0e69\" data-id=\"fcc0e69\" data-element_type=\"column\" data-e-type=\"column\">\n\t\t\t<div class=\"elementor-widget-wrap elementor-element-populated\">\n\t\t\t\t\t\t<div class=\"elementor-element elementor-element-6f11a6b elementor-widget elementor-widget-heading\" data-id=\"6f11a6b\" data-element_type=\"widget\" data-e-type=\"widget\" data-widget_type=\"heading.default\">\n\t\t\t\t\t<h2 class=\"elementor-heading-title elementor-size-default\">Conoce m\u00e1s de tu Guatemala aqu\u00ed:<\/h2>\t\t\t\t<\/div>\n\t\t\t\t\t<\/div>\n\t\t<\/div>\n\t\t\t\t\t<\/div>\n\t\t<\/section>\n\t\t\t\t<section data-particle_enable=\"false\" data-particle-mobile-disabled=\"false\" class=\"elementor-section elementor-top-section elementor-element elementor-element-b102b4d elementor-section-boxed elementor-section-height-default elementor-section-height-default\" data-id=\"b102b4d\" data-element_type=\"section\" data-e-type=\"section\">\n\t\t\t\t\t\t<div class=\"elementor-container elementor-column-gap-default\">\n\t\t\t\t\t<div class=\"elementor-column elementor-col-100 elementor-top-column elementor-element elementor-element-b6782ab\" data-id=\"b6782ab\" data-element_type=\"column\" data-e-type=\"column\">\n\t\t\t<div class=\"elementor-widget-wrap elementor-element-populated\">\n\t\t\t\t\t\t<div class=\"elementor-element elementor-element-4e6667b elementor-widget elementor-widget-blfe-post-grid\" data-id=\"4e6667b\" data-element_type=\"widget\" data-e-type=\"widget\" data-settings=\"{&quot;columns&quot;:&quot;3&quot;,&quot;columns_tablet&quot;:&quot;6&quot;,&quot;columns_mobile&quot;:&quot;12&quot;,&quot;hero1_layout_column_gap&quot;:{&quot;unit&quot;:&quot;px&quot;,&quot;size&quot;:30,&quot;sizes&quot;:[]},&quot;hero1_layout_column_gap_tablet&quot;:{&quot;unit&quot;:&quot;px&quot;,&quot;size&quot;:&quot;&quot;,&quot;sizes&quot;:[]},&quot;hero1_layout_column_gap_mobile&quot;:{&quot;unit&quot;:&quot;px&quot;,&quot;size&quot;:&quot;&quot;,&quot;sizes&quot;:[]},&quot;hero1_layout_row_gap&quot;:{&quot;unit&quot;:&quot;px&quot;,&quot;size&quot;:30,&quot;sizes&quot;:[]},&quot;hero1_layout_row_gap_tablet&quot;:{&quot;unit&quot;:&quot;px&quot;,&quot;size&quot;:&quot;&quot;,&quot;sizes&quot;:[]},&quot;hero1_layout_row_gap_mobile&quot;:{&quot;unit&quot;:&quot;px&quot;,&quot;size&quot;:&quot;&quot;,&quot;sizes&quot;:[]}}\" data-widget_type=\"blfe-post-grid.hero1\">\n\t\t\t\t<div class=\"elementor-widget-container\">\n\t\t\t\t\t\n                        <div class=\"blfe-post-grid-container \">\n            \n                <div data-skin=\"hero1\" class=\"blfe-row blfe-posts-inner blfe-hero1 blfe-posts-inner blfe-col-3 blfe-col-tab-6 blfe-col-mob-12     \">\n                            <div class=\"blfe-post-grid-item\">\n            <div class=\"blfe-post-grid-item-inner blfe-modern-zoom\">\n                        <div class=\"blfe-post-grid-bg-image\">\n            <a class=\"blfe-post-grid-image-inner\" href=\"https:\/\/soymigrante.com\/revista\/para-regalar-a-mama-feliz-dia-de-las-madres-mercado-obsequios\/\" title=\"Algo original, \u00fanico y aut\u00e9ntico para regalar a mam\u00e1 encu\u00e9ntralo en SoyMigrante.com MERCADO\" rel=\"nofollow\" target=\"_blank\"><img decoding=\"async\" src=\"https:\/\/soymigrante.com\/revista\/wp-content\/uploads\/2026\/04\/obsequios-perfectos-para-mama-de-emprendedores-y-artesanos-guatemaltecos-en-MERCADO.png\" alt=\"Algo original, \u00fanico y aut\u00e9ntico para regalar a mam\u00e1 encu\u00e9ntralo en SoyMigrante.com MERCADO\"\/><\/a>        <\/div>\n                        <div class=\"blfe-post-grid-details\">\n                    <div class=\"blfe-post-grid-details-inner\">\n                        <span class=\"blfe-post-category\"><a href=\"https:\/\/soymigrante.com\/revista\/category\/guate-nuestra\/\">Guate Nuestra<\/a><\/span>                        <h3 class=\"blfe-post-grid-title\">\n            <a href=\"https:\/\/soymigrante.com\/revista\/para-regalar-a-mama-feliz-dia-de-las-madres-mercado-obsequios\/\" title=\"Algo original, \u00fanico y aut\u00e9ntico para regalar a mam\u00e1 encu\u00e9ntralo en SoyMigrante.com MERCADO\" rel=\"nofollow\" target=\"_blank\">Algo original, \u00fanico y aut\u00e9ntico para regalar a mam\u00e1 encu\u00e9ntralo en SoyMigrante.com MERCADO<\/a>\n            <\/h3>                                                            <div class=\"blfe-post-grid-meta\">\n                <span class=\"blfe-post-grid-date\"><i class=\"fa fa-calendar-alt far fa-calendar-alt\"><\/i>29\/04\/2026<\/span>                    <div class=\"blfe-post-meta-dot\"><\/div>\n                                <\/div>\n                                                        <\/div>\n                <\/div>\n\n            <\/div>\n        <\/div>\n                <div class=\"blfe-post-grid-item\">\n            <div class=\"blfe-post-grid-item-inner blfe-modern-zoom\">\n                        <div class=\"blfe-post-grid-bg-image\">\n            <a class=\"blfe-post-grid-image-inner\" href=\"https:\/\/soymigrante.com\/revista\/recorrido-virtual-conoce-detalles-de-7-grandes-templos-de-tikal\/\" title=\"Recorrido virtual: conoce detalles de 7 grandes templos de Tikal\" rel=\"nofollow\" target=\"_blank\"><img decoding=\"async\" src=\"https:\/\/soymigrante.com\/revista\/wp-content\/uploads\/2026\/04\/tikal-guatemala-templos-guia.jpg\" alt=\"Recorrido virtual: conoce detalles de 7 grandes templos de Tikal\"\/><\/a>        <\/div>\n                        <div class=\"blfe-post-grid-details\">\n                    <div class=\"blfe-post-grid-details-inner\">\n                        <span class=\"blfe-post-category\"><a href=\"https:\/\/soymigrante.com\/revista\/category\/guate-nuestra\/arte-cultura\/\">Cultura de Guatemala<\/a><\/span>                        <h3 class=\"blfe-post-grid-title\">\n            <a href=\"https:\/\/soymigrante.com\/revista\/recorrido-virtual-conoce-detalles-de-7-grandes-templos-de-tikal\/\" title=\"Recorrido virtual: conoce detalles de 7 grandes templos de Tikal\" rel=\"nofollow\" target=\"_blank\">Recorrido virtual: conoce detalles de 7 grandes templos de Tikal<\/a>\n            <\/h3>                                                            <div class=\"blfe-post-grid-meta\">\n                <span class=\"blfe-post-grid-date\"><i class=\"fa fa-calendar-alt far fa-calendar-alt\"><\/i>28\/04\/2026<\/span>                    <div class=\"blfe-post-meta-dot\"><\/div>\n                                <\/div>\n                                                        <\/div>\n                <\/div>\n\n            <\/div>\n        <\/div>\n                <div class=\"blfe-post-grid-item\">\n            <div class=\"blfe-post-grid-item-inner blfe-modern-zoom\">\n                        <div class=\"blfe-post-grid-bg-image\">\n            <a class=\"blfe-post-grid-image-inner\" href=\"https:\/\/soymigrante.com\/revista\/dia-de-la-tierra-todos-los-dias-productos-guatemaltecos-naturales-y-autenticos-en-mercado\/\" title=\"D\u00eda de la Tierra todos los d\u00edas: productos guatemaltecos naturales y aut\u00e9nticos en MERCADO\" rel=\"nofollow\" target=\"_blank\"><img decoding=\"async\" src=\"https:\/\/soymigrante.com\/revista\/wp-content\/uploads\/2026\/04\/DIA-DE-LA-TIERRA-PRODUCTOS-ECOLOGICOS-GUATEMALA-SOYMIGRANTE-MERCADO.png\" alt=\"D\u00eda de la Tierra todos los d\u00edas: productos guatemaltecos naturales y aut\u00e9nticos en MERCADO\"\/><\/a>        <\/div>\n                        <div class=\"blfe-post-grid-details\">\n                    <div class=\"blfe-post-grid-details-inner\">\n                        <span class=\"blfe-post-category\"><a href=\"https:\/\/soymigrante.com\/revista\/category\/guate-nuestra\/\">Guate Nuestra<\/a><\/span>                        <h3 class=\"blfe-post-grid-title\">\n            <a href=\"https:\/\/soymigrante.com\/revista\/dia-de-la-tierra-todos-los-dias-productos-guatemaltecos-naturales-y-autenticos-en-mercado\/\" title=\"D\u00eda de la Tierra todos los d\u00edas: productos guatemaltecos naturales y aut\u00e9nticos en MERCADO\" rel=\"nofollow\" target=\"_blank\">D\u00eda de la Tierra todos los d\u00edas: productos guatemaltecos naturales y aut\u00e9nticos en MERCADO<\/a>\n            <\/h3>                                                            <div class=\"blfe-post-grid-meta\">\n                <span class=\"blfe-post-grid-date\"><i class=\"fa fa-calendar-alt far fa-calendar-alt\"><\/i>22\/04\/2026<\/span>                    <div class=\"blfe-post-meta-dot\"><\/div>\n                                <\/div>\n                                                        <\/div>\n                <\/div>\n\n            <\/div>\n        <\/div>\n                        <\/div>\n\n                        <\/div>\n            \n                        <div class=\"blfe-post-footer\">\n                        <\/div>\n            \t\t\t\t<\/div>\n\t\t\t\t<\/div>\n\t\t\t\t\t<\/div>\n\t\t<\/div>\n\t\t\t\t\t<\/div>\n\t\t<\/section>\n\t\t\t\t<section data-particle_enable=\"false\" data-particle-mobile-disabled=\"false\" class=\"elementor-section elementor-top-section elementor-element elementor-element-ee78207 elementor-section-boxed elementor-section-height-default elementor-section-height-default\" data-id=\"ee78207\" data-element_type=\"section\" data-e-type=\"section\">\n\t\t\t\t\t\t<div class=\"elementor-container elementor-column-gap-default\">\n\t\t\t\t\t<div class=\"elementor-column elementor-col-100 elementor-top-column elementor-element elementor-element-b81b133\" data-id=\"b81b133\" data-element_type=\"column\" data-e-type=\"column\">\n\t\t\t<div class=\"elementor-widget-wrap\">\n\t\t\t\t\t\t\t<\/div>\n\t\t<\/div>\n\t\t\t\t\t<\/div>\n\t\t<\/section>\n\t\t\t\t<\/div>\n\t\t","protected":false},"excerpt":{"rendered":"<p>California tiene la mayor concentraci\u00f3n de migrantes guatemaltecos. \u00bfPor qu\u00e9 tantos prefieren radicarse en este Estado? Irene Mu\u00f1oz Smith, migrante guatemalteca y experta en migraci\u00f3n responde estas y otras interrogantes. Un estudio del Instituto Bush encontr\u00f3 que miles de migrantes en EE.UU., cambian la ciudad de entrada tradicional a otras \u00e1reas del pa\u00eds. \u201cLos migrantes [&hellip;]<\/p>\n","protected":false},"author":14,"featured_media":5962,"comment_status":"open","ping_status":"open","sticky":false,"template":"","format":"standard","meta":{"_acf_changed":false,"_eb_attr":"","footnotes":""},"categories":[54],"tags":[],"class_list":["post-5955","post","type-post","status-publish","format-standard","has-post-thumbnail","hentry","category-estamos-unidos"],"acf":[],"aioseo_notices":[],"aioseo_head":"\n\t\t<!-- All in One SEO Pro 4.9.6.2 - aioseo.com -->\n\t<meta name=\"description\" content=\"Celebra el D\u00eda de la Tierra todos los d\u00edas, con productos naturales, ecol\u00f3gicos, sostenibles producidos por emprendedores guatemaltecos. Siete sugerencias.\" \/>\n\t<meta name=\"robots\" content=\"max-snippet:-1, max-image-preview:large, max-video-preview:-1\" \/>\n\t<meta name=\"author\" content=\"SoyMigrante.com REVISTA\"\/>\n\t<link rel=\"canonical\" href=\"https:\/\/soymigrante.com\/revista\/dia-de-la-tierra-todos-los-dias-productos-guatemaltecos-naturales-y-autenticos-en-mercado\/\" \/>\n\t<meta name=\"generator\" content=\"All in One SEO Pro (AIOSEO) 4.9.6.2\" \/>\n\n\t\t<link rel=\"preconnect\" href=\"https:\/\/fonts.googleapis.com\" crossorigin>\n<link rel=\"preconnect\" href=\"https:\/\/fonts.gstatic.com\" crossorigin>\n\t\t<meta property=\"og:locale\" content=\"es_ES\" \/>\n\t\t<meta property=\"og:site_name\" content=\"SoyMigrante.com REVISTA \u2013 Nuestra misi\u00f3n es reconocer y dignificar al migrante.\" \/>\n\t\t<meta property=\"og:type\" content=\"article\" \/>\n\t\t<meta property=\"og:title\" content=\"D\u00eda de la Tierra: Prefiere productos naturales guatemaltecos\" \/>\n\t\t<meta property=\"og:description\" content=\"Celebra el D\u00eda de la Tierra todos los d\u00edas, con productos naturales, ecol\u00f3gicos, sostenibles producidos por emprendedores guatemaltecos. Siete sugerencias.\" \/>\n\t\t<meta property=\"og:url\" content=\"https:\/\/soymigrante.com\/revista\/dia-de-la-tierra-todos-los-dias-productos-guatemaltecos-naturales-y-autenticos-en-mercado\/\" \/>\n\t\t<meta property=\"og:image\" content=\"https:\/\/soymigrante.com\/revista\/wp-content\/uploads\/2026\/04\/DIA-DE-LA-TIERRA-PRODUCTOS-ECOLOGICOS-GUATEMALA-SOYMIGRANTE-MERCADO.png\" \/>\n\t\t<meta property=\"og:image:secure_url\" content=\"https:\/\/soymigrante.com\/revista\/wp-content\/uploads\/2026\/04\/DIA-DE-LA-TIERRA-PRODUCTOS-ECOLOGICOS-GUATEMALA-SOYMIGRANTE-MERCADO.png\" \/>\n\t\t<meta property=\"og:image:width\" content=\"1050\" \/>\n\t\t<meta property=\"og:image:height\" content=\"1050\" \/>\n\t\t<meta property=\"article:published_time\" content=\"2026-04-22T15:35:29+00:00\" \/>\n\t\t<meta property=\"article:modified_time\" content=\"2026-04-22T15:42:53+00:00\" \/>\n\t\t<meta property=\"article:publisher\" content=\"https:\/\/www.facebook.com\/soymigrantecom\" \/>\n\t\t<meta name=\"twitter:card\" content=\"summary_large_image\" \/>\n\t\t<meta name=\"twitter:site\" content=\"@SoyMigrante_com\" \/>\n\t\t<meta name=\"twitter:title\" content=\"D\u00eda de la Tierra: Prefiere productos naturales guatemaltecos\" \/>\n\t\t<meta name=\"twitter:description\" content=\"Celebra el D\u00eda de la Tierra todos los d\u00edas, con productos naturales, ecol\u00f3gicos, sostenibles producidos por emprendedores guatemaltecos. Siete sugerencias.\" \/>\n\t\t<meta name=\"twitter:creator\" content=\"@SoyMigrante_com\" \/>\n\t\t<meta name=\"twitter:image\" content=\"https:\/\/soymigrante.com\/revista\/wp-content\/uploads\/2026\/04\/DIA-DE-LA-TIERRA-PRODUCTOS-ECOLOGICOS-GUATEMALA-SOYMIGRANTE-MERCADO.png\" \/>\n\t\t<!-- All in One SEO Pro -->\r\n\t\t<title>D\u00eda de la Tierra: Prefiere productos naturales guatemaltecos<\/title>\n\n","aioseo_head_json":{"title":"D\u00eda de la Tierra: Prefiere productos naturales guatemaltecos","description":"Celebra el D\u00eda de la Tierra todos los d\u00edas, con productos naturales, ecol\u00f3gicos, sostenibles producidos por emprendedores guatemaltecos. Siete sugerencias.","canonical_url":"https:\/\/soymigrante.com\/revista\/dia-de-la-tierra-todos-los-dias-productos-guatemaltecos-naturales-y-autenticos-en-mercado\/","robots":"max-snippet:-1, max-image-preview:large, max-video-preview:-1","keywords":"","webmasterTools":{"miscellaneous":"&lt;link rel=\"preconnect\" href=\"https:\/\/fonts.googleapis.com\" crossorigin&gt;\n&lt;link rel=\"preconnect\" href=\"https:\/\/fonts.gstatic.com\" crossorigin&gt;"},"schema":null,"og:locale":"es_ES","og:site_name":"SoyMigrante.com REVISTA \u2013 Nuestra misi\u00f3n es reconocer y dignificar al migrante.","og:type":"article","og:title":"D\u00eda de la Tierra: Prefiere productos naturales guatemaltecos","og:description":"Celebra el D\u00eda de la Tierra todos los d\u00edas, con productos naturales, ecol\u00f3gicos, sostenibles producidos por emprendedores guatemaltecos. Siete sugerencias.","og:url":"https:\/\/soymigrante.com\/revista\/dia-de-la-tierra-todos-los-dias-productos-guatemaltecos-naturales-y-autenticos-en-mercado\/","og:image":"https:\/\/soymigrante.com\/revista\/wp-content\/uploads\/2026\/04\/DIA-DE-LA-TIERRA-PRODUCTOS-ECOLOGICOS-GUATEMALA-SOYMIGRANTE-MERCADO.png","og:image:secure_url":"https:\/\/soymigrante.com\/revista\/wp-content\/uploads\/2026\/04\/DIA-DE-LA-TIERRA-PRODUCTOS-ECOLOGICOS-GUATEMALA-SOYMIGRANTE-MERCADO.png","og:image:width":1050,"og:image:height":1050,"article:published_time":"2026-04-22T15:35:29+00:00","article:modified_time":"2026-04-22T15:42:53+00:00","article:publisher":"https:\/\/www.facebook.com\/soymigrantecom","twitter:card":"summary_large_image","twitter:site":"@SoyMigrante_com","twitter:title":"D\u00eda de la Tierra: Prefiere productos naturales guatemaltecos","twitter:description":"Celebra el D\u00eda de la Tierra todos los d\u00edas, con productos naturales, ecol\u00f3gicos, sostenibles producidos por emprendedores guatemaltecos. Siete sugerencias.","twitter:creator":"@SoyMigrante_com","twitter:image":"https:\/\/soymigrante.com\/revista\/wp-content\/uploads\/2026\/04\/DIA-DE-LA-TIERRA-PRODUCTOS-ECOLOGICOS-GUATEMALA-SOYMIGRANTE-MERCADO.png"},"aioseo_meta_data":{"post_id":"5955","title":null,"description":null,"keywords":[],"keyphrases":{"focus":{"keyphrase":"Guatemaltecos","score":82,"analysis":{"keyphraseInTitle":{"score":3,"maxScore":9,"error":1},"keyphraseInDescription":{"score":9,"maxScore":9,"error":0},"keyphraseLength":{"score":9,"maxScore":9,"error":0,"length":1},"keyphraseInURL":{"score":5,"maxScore":5,"error":0},"keyphraseInIntroduction":{"score":3,"maxScore":9,"error":1},"keyphraseInSubHeadings":{"score":9,"maxScore":9,"error":0},"keyphraseInImageAlt":{"score":9,"maxScore":9,"error":0},"keywordDensity":{"type":"best","score":9,"maxScore":9,"error":0}}},"additional":[]},"primary_term":null,"canonical_url":null,"og_title":null,"og_description":null,"og_object_type":"default","og_image_type":"default","og_image_url":null,"og_image_width":null,"og_image_height":null,"og_image_custom_url":null,"og_image_custom_fields":null,"og_video":"","og_custom_url":null,"og_article_section":null,"og_article_tags":[],"twitter_use_og":false,"twitter_card":"default","twitter_image_type":"default","twitter_image_url":null,"twitter_image_custom_url":null,"twitter_image_custom_fields":null,"twitter_title":null,"twitter_description":null,"schema":{"blockGraphs":[],"customGraphs":[],"default":{"data":{"Article":[],"Course":[],"Dataset":[],"FAQPage":[],"Movie":[],"Person":[],"Product":[],"ProductReview":[],"Car":[],"Recipe":[],"Service":[],"SoftwareApplication":[],"WebPage":[]},"graphName":"BlogPosting","isEnabled":true},"graphs":[]},"schema_type":"default","schema_type_options":null,"pillar_content":false,"robots_default":true,"robots_noindex":false,"robots_noarchive":false,"robots_nosnippet":false,"robots_nofollow":false,"robots_noimageindex":false,"robots_noodp":false,"robots_notranslate":false,"robots_max_snippet":"-1","robots_max_videopreview":"-1","robots_max_imagepreview":"large","priority":null,"frequency":"default","local_seo":null,"seo_analyzer_scan_date":"2025-10-08 21:39:27","breadcrumb_settings":null,"limit_modified_date":false,"reviewed_by":null,"open_ai":null,"ai":null,"created":"2024-04-11 04:00:03","updated":"2026-02-04 11:16:22"},"aioseo_breadcrumb":"<div class=\"aioseo-breadcrumbs\"><span class=\"aioseo-breadcrumb\">\n\t<a href=\"https:\/\/soymigrante.com\/revista\" title=\"Home\">Home<\/a>\n<\/span><span class=\"aioseo-breadcrumb-separator\">\u00bb<\/span><span class=\"aioseo-breadcrumb\">\n\t<a href=\"https:\/\/soymigrante.com\/revista\/category\/estamos-unidos\/\" title=\"Estamos Unidos\">Estamos Unidos<\/a>\n<\/span><span class=\"aioseo-breadcrumb-separator\">\u00bb<\/span><span class=\"aioseo-breadcrumb\">\n\tPor qu\u00e9 tantos migrantes chapines prefieren asentarse en California\n<\/span><\/div>","aioseo_breadcrumb_json":[{"label":"Home","link":"https:\/\/soymigrante.com\/revista"},{"label":"Estamos Unidos","link":"https:\/\/soymigrante.com\/revista\/category\/estamos-unidos\/"},{"label":"Por qu\u00e9 tantos migrantes chapines prefieren asentarse en California","link":"https:\/\/soymigrante.com\/revista\/chapines-prefieren-california-vivir-trabajo-cuantos-guatemaltecos\/"}],"_links":{"self":[{"href":"https:\/\/soymigrante.com\/revista\/wp-json\/wp\/v2\/posts\/5955","targetHints":{"allow":["GET"]}}],"collection":[{"href":"https:\/\/soymigrante.com\/revista\/wp-json\/wp\/v2\/posts"}],"about":[{"href":"https:\/\/soymigrante.com\/revista\/wp-json\/wp\/v2\/types\/post"}],"author":[{"embeddable":true,"href":"https:\/\/soymigrante.com\/revista\/wp-json\/wp\/v2\/users\/14"}],"replies":[{"embeddable":true,"href":"https:\/\/soymigrante.com\/revista\/wp-json\/wp\/v2\/comments?post=5955"}],"version-history":[{"count":0,"href":"https:\/\/soymigrante.com\/revista\/wp-json\/wp\/v2\/posts\/5955\/revisions"}],"wp:featuredmedia":[{"embeddable":true,"href":"https:\/\/soymigrante.com\/revista\/wp-json\/wp\/v2\/media\/5962"}],"wp:attachment":[{"href":"https:\/\/soymigrante.com\/revista\/wp-json\/wp\/v2\/media?parent=5955"}],"wp:term":[{"taxonomy":"category","embeddable":true,"href":"https:\/\/soymigrante.com\/revista\/wp-json\/wp\/v2\/categories?post=5955"},{"taxonomy":"post_tag","embeddable":true,"href":"https:\/\/soymigrante.com\/revista\/wp-json\/wp\/v2\/tags?post=5955"}],"curies":[{"name":"wp","href":"https:\/\/api.w.org\/{rel}","templated":true}]}}