{"id":5857,"date":"2024-04-07T23:01:17","date_gmt":"2024-04-08T05:01:17","guid":{"rendered":"https:\/\/soymigrante.com\/revista\/?p=5857"},"modified":"2025-11-14T11:44:25","modified_gmt":"2025-11-14T17:44:25","slug":"arquitectura-paisajista-florecio-con-carlos-martinez-en-el-frio-de-canada","status":"publish","type":"post","link":"https:\/\/soymigrante.com\/revista\/arquitectura-paisajista-florecio-con-carlos-martinez-en-el-frio-de-canada\/","title":{"rendered":"Arquitectura paisajista floreci\u00f3 con Carlos Mart\u00ednez en el fr\u00edo de Canad\u00e1"},"content":{"rendered":"\t\t<div data-elementor-type=\"wp-post\" data-elementor-id=\"5857\" class=\"elementor elementor-5857\" data-elementor-post-type=\"post\">\n\t\t\t\t\t\t<section data-particle_enable=\"false\" data-particle-mobile-disabled=\"false\" class=\"elementor-section elementor-top-section elementor-element elementor-element-a8af2db elementor-section-boxed elementor-section-height-default elementor-section-height-default\" data-id=\"a8af2db\" data-element_type=\"section\" data-e-type=\"section\">\n\t\t\t\t\t\t<div class=\"elementor-container elementor-column-gap-default\">\n\t\t\t\t\t<div class=\"elementor-column elementor-col-100 elementor-top-column elementor-element elementor-element-52f4309\" data-id=\"52f4309\" data-element_type=\"column\" data-e-type=\"column\">\n\t\t\t<div class=\"elementor-widget-wrap elementor-element-populated\">\n\t\t\t\t\t\t<div class=\"elementor-element elementor-element-9189d95 elementor-widget elementor-widget-heading\" data-id=\"9189d95\" data-element_type=\"widget\" data-e-type=\"widget\" data-widget_type=\"heading.default\">\n\t\t\t\t\t<h2 class=\"elementor-heading-title elementor-size-default\">Arquitecto, escritor y fot\u00f3grafo migrante nacido en Guatemala y con gran huella creativa. Carlos Mart\u00ednez refleja en su historia el gran poder de los sue\u00f1os y la creatividad.<\/h2>\t\t\t\t<\/div>\n\t\t\t\t<div class=\"elementor-element elementor-element-edf1d64 elementor-widget elementor-widget-html\" data-id=\"edf1d64\" data-element_type=\"widget\" data-e-type=\"widget\" data-widget_type=\"html.default\">\n\t\t\t\t\t<div id=\"buzzsprout-player-18191896\"><\/div><script src=\"https:\/\/www.buzzsprout.com\/2444168\/episodes\/18191896-carlos-martinez-arquitecto-paisajista-guatemalteco-en-canada.js?container_id=buzzsprout-player-18191896&player=small\" type=\"text\/javascript\" charset=\"utf-8\"><\/script>\t\t\t\t<\/div>\n\t\t\t\t\t<\/div>\n\t\t<\/div>\n\t\t\t\t\t<\/div>\n\t\t<\/section>\n\t\t\t\t<section data-particle_enable=\"false\" data-particle-mobile-disabled=\"false\" class=\"elementor-section elementor-top-section elementor-element elementor-element-00f277a elementor-section-boxed elementor-section-height-default elementor-section-height-default\" data-id=\"00f277a\" data-element_type=\"section\" data-e-type=\"section\">\n\t\t\t\t\t\t<div class=\"elementor-container elementor-column-gap-default\">\n\t\t\t\t\t<div class=\"elementor-column elementor-col-100 elementor-top-column elementor-element elementor-element-59c8d38\" data-id=\"59c8d38\" data-element_type=\"column\" data-e-type=\"column\">\n\t\t\t<div class=\"elementor-widget-wrap elementor-element-populated\">\n\t\t\t\t\t\t<div class=\"elementor-element elementor-element-69e1267 elementor-widget elementor-widget-text-editor\" data-id=\"69e1267\" data-element_type=\"widget\" data-e-type=\"widget\" data-widget_type=\"text-editor.default\">\n\t\t\t\t\t\t\t\t\t<p>Carlos Mart\u00ednez estuvo un a\u00f1o en California para intentar finalizar su secundaria pero volvi\u00f3 sin lograrlo, a Guatemala. Despu\u00e9s pudo ir bastante m\u00e1s al norte, a Montreal, <a href=\"https:\/\/soymigrante.com\/revista\/consulados-de-guatemala-en-canada-ubicacion-horario-y-citas\/\">Canad\u00e1<\/a>, donde las barreras eran a\u00fan mayores: idiom\u00e1tica, cultural, econ\u00f3mica, laboral&#8230; suficiente para desanimar a cualquiera. Pero ten\u00eda un gran sue\u00f1o: ser arquitecto.\u00a0<\/p><p>No fue sencillo, ni f\u00e1cil ni breve. <a href=\"https:\/\/soymigrante.com\/revista\/antonio-lopez-migrante-guatemalteco-canada\/\">Los guatemaltecos en Canad\u00e1 no son tantos como en EE.UU., pero su presencia se destaca<\/a>.\u00a0 Por eso la\u00a0<span style=\"color: var( --e-global-color-text );\">huella de Carlos Mart\u00ednez, migrante guatemalteco est\u00e1 literalmente, en edificios y \u00e1reas verdes dise\u00f1ados por \u00e9l en Canad\u00e1. Esta es su historia.<\/span><\/p><div>\u00a0<\/div>\t\t\t\t\t\t\t\t<\/div>\n\t\t\t\t\t<\/div>\n\t\t<\/div>\n\t\t\t\t\t<\/div>\n\t\t<\/section>\n\t\t\t\t<section data-particle_enable=\"false\" data-particle-mobile-disabled=\"false\" class=\"elementor-section elementor-top-section elementor-element elementor-element-5809d9b elementor-section-boxed elementor-section-height-default elementor-section-height-default\" data-id=\"5809d9b\" data-element_type=\"section\" data-e-type=\"section\">\n\t\t\t\t\t\t<div class=\"elementor-container elementor-column-gap-default\">\n\t\t\t\t\t<div class=\"elementor-column elementor-col-100 elementor-top-column elementor-element elementor-element-c4a33bb\" data-id=\"c4a33bb\" data-element_type=\"column\" data-e-type=\"column\">\n\t\t\t<div class=\"elementor-widget-wrap elementor-element-populated\">\n\t\t\t\t\t\t<div class=\"elementor-element elementor-element-eed4167 elementor-widget elementor-widget-heading\" data-id=\"eed4167\" data-element_type=\"widget\" data-e-type=\"widget\" data-widget_type=\"heading.default\">\n\t\t\t\t\t<h3 class=\"elementor-heading-title elementor-size-default\">\u00bfCu\u00e1ndo te convertiste en migrante?<\/h3>\t\t\t\t<\/div>\n\t\t\t\t\t<\/div>\n\t\t<\/div>\n\t\t\t\t\t<\/div>\n\t\t<\/section>\n\t\t\t\t<section data-particle_enable=\"false\" data-particle-mobile-disabled=\"false\" class=\"elementor-section elementor-top-section elementor-element elementor-element-54f632f elementor-section-boxed elementor-section-height-default elementor-section-height-default\" data-id=\"54f632f\" data-element_type=\"section\" data-e-type=\"section\">\n\t\t\t\t\t\t<div class=\"elementor-container elementor-column-gap-default\">\n\t\t\t\t\t<div class=\"elementor-column elementor-col-100 elementor-top-column elementor-element elementor-element-327034c\" data-id=\"327034c\" data-element_type=\"column\" data-e-type=\"column\">\n\t\t\t<div class=\"elementor-widget-wrap elementor-element-populated\">\n\t\t\t\t\t\t<div class=\"elementor-element elementor-element-4623527 elementor-widget elementor-widget-text-editor\" data-id=\"4623527\" data-element_type=\"widget\" data-e-type=\"widget\" data-widget_type=\"text-editor.default\">\n\t\t\t\t\t\t\t\t\t<p><span style=\"color: var( --e-global-color-text );\">Antes de ir a <a href=\"https:\/\/soymigrante.com\/revista\/consulados-de-guatemala-en-canada-ubicacion-horario-y-citas\/\">Canad\u00e1,<\/a> estuve en Los Angeles, <a href=\"https:\/\/soymigrante.com\/revista\/mawil-el-migrante-guatemalteco-a-la-pantalla-en-california\/\">California, <\/a>a los 17 a\u00f1os.\u00a0 Estaba en secundaria, pero vi la oportunidad y trat\u00e9 de llegar a los Estados Unidos para terminar mi escuela secundaria. Pero no se logr\u00f3. No tuve la posibilidad econ\u00f3mica suficiente y no pod\u00eda trabajar con visa de estudiante. Casi al a\u00f1o,\u00a0 regres\u00e9 a Guatemala.<\/span><\/p>\t\t\t\t\t\t\t\t<\/div>\n\t\t\t\t\t<\/div>\n\t\t<\/div>\n\t\t\t\t\t<\/div>\n\t\t<\/section>\n\t\t\t\t<section data-particle_enable=\"false\" data-particle-mobile-disabled=\"false\" class=\"elementor-section elementor-top-section elementor-element elementor-element-2c33c87 elementor-section-boxed elementor-section-height-default elementor-section-height-default\" data-id=\"2c33c87\" data-element_type=\"section\" data-e-type=\"section\">\n\t\t\t\t\t\t<div class=\"elementor-container elementor-column-gap-default\">\n\t\t\t\t\t<div class=\"elementor-column elementor-col-100 elementor-top-column elementor-element elementor-element-06ec857\" data-id=\"06ec857\" data-element_type=\"column\" data-e-type=\"column\">\n\t\t\t<div class=\"elementor-widget-wrap elementor-element-populated\">\n\t\t\t\t\t\t<div class=\"elementor-element elementor-element-c53f51e elementor-widget elementor-widget-image\" data-id=\"c53f51e\" data-element_type=\"widget\" data-e-type=\"widget\" data-widget_type=\"image.default\">\n\t\t\t\t\t\t\t\t\t\t\t\t<figure class=\"wp-caption\">\n\t\t\t\t\t\t\t\t\t\t<img fetchpriority=\"high\" decoding=\"async\" width=\"395\" height=\"521\" src=\"https:\/\/soymigrante.com\/revista\/wp-content\/uploads\/2024\/04\/Captura-de-pantalla-2024-02-25-231259.webp\" class=\"attachment-large size-large wp-image-5860\" alt=\"Experto en migraci\u00f3n sonriendo en un entorno colorido, promoviendo la inclusi\u00f3n y derechos de migrantes, contenido relevante para la revista SoyMigrante.com.\" srcset=\"https:\/\/soymigrante.com\/revista\/wp-content\/uploads\/2024\/04\/Captura-de-pantalla-2024-02-25-231259.webp 395w, https:\/\/soymigrante.com\/revista\/wp-content\/uploads\/2024\/04\/Captura-de-pantalla-2024-02-25-231259-227x300.webp 227w\" sizes=\"(max-width: 395px) 100vw, 395px\" title=\"El arquitecto Carlos Mart\u00ednez recomienda a los j\u00f3venes en Guatemala y migrantes en cualquier pa\u00eds,a perseguir sus sue\u00f1os a pesar de las barreras y las dificultades. \u2013 SoyMigrante.com REVISTA\" \/>\t\t\t\t\t\t\t\t\t\t\t<figcaption class=\"widget-image-caption wp-caption-text\">Hombre mayor sonriendo en un entorno art\u00edstico, representando visibilidad y derechos de migrantes en la revista SoyMigrante.com.<\/figcaption>\n\t\t\t\t\t\t\t\t\t\t<\/figure>\n\t\t\t\t\t\t\t\t\t<\/div>\n\t\t\t\t\t<\/div>\n\t\t<\/div>\n\t\t\t\t\t<\/div>\n\t\t<\/section>\n\t\t\t\t<section data-particle_enable=\"false\" data-particle-mobile-disabled=\"false\" class=\"elementor-section elementor-top-section elementor-element elementor-element-93159f9 elementor-section-boxed elementor-section-height-default elementor-section-height-default\" data-id=\"93159f9\" data-element_type=\"section\" data-e-type=\"section\">\n\t\t\t\t\t\t<div class=\"elementor-container elementor-column-gap-default\">\n\t\t\t\t\t<div class=\"elementor-column elementor-col-100 elementor-top-column elementor-element elementor-element-db018c6\" data-id=\"db018c6\" data-element_type=\"column\" data-e-type=\"column\">\n\t\t\t<div class=\"elementor-widget-wrap elementor-element-populated\">\n\t\t\t\t\t\t<div class=\"elementor-element elementor-element-d982a3d elementor-widget elementor-widget-heading\" data-id=\"d982a3d\" data-element_type=\"widget\" data-e-type=\"widget\" data-widget_type=\"heading.default\">\n\t\t\t\t\t<h3 class=\"elementor-heading-title elementor-size-default\">\u00bfD\u00f3nde viv\u00edas en Guatemala? <\/h3>\t\t\t\t<\/div>\n\t\t\t\t\t<\/div>\n\t\t<\/div>\n\t\t\t\t\t<\/div>\n\t\t<\/section>\n\t\t\t\t<section data-particle_enable=\"false\" data-particle-mobile-disabled=\"false\" class=\"elementor-section elementor-top-section elementor-element elementor-element-cda1423 elementor-section-boxed elementor-section-height-default elementor-section-height-default\" data-id=\"cda1423\" data-element_type=\"section\" data-e-type=\"section\">\n\t\t\t\t\t\t<div class=\"elementor-container elementor-column-gap-default\">\n\t\t\t\t\t<div class=\"elementor-column elementor-col-100 elementor-top-column elementor-element elementor-element-9aa83d5\" data-id=\"9aa83d5\" data-element_type=\"column\" data-e-type=\"column\">\n\t\t\t<div class=\"elementor-widget-wrap elementor-element-populated\">\n\t\t\t\t\t\t<div class=\"elementor-element elementor-element-515d38a elementor-widget elementor-widget-text-editor\" data-id=\"515d38a\" data-element_type=\"widget\" data-e-type=\"widget\" data-widget_type=\"text-editor.default\">\n\t\t\t\t\t\t\t\t\t<p><span style=\"color: var( --e-global-color-text );\">Yo crec\u00ed en el barrio Moderno, en la zona 2, al lado del Cerro del Carmen. Vengo de una familia de artistas. Mis hermanos fundaron el grupo Caoba, que fue muy famoso en los 70s y 80s.\u00a0 Tuvieron mucho \u00e9xito y hoy en d\u00eda tienen Caoba Estudios.<\/span><\/p><p><span style=\"color: var( --e-global-color-text );\">Pero yo no ten\u00eda la madera para la m\u00fasica como ellos. Me gustaba el arte visual. Segu\u00ed estudiando en el colegio Vanguardia Juvenil porque quer\u00eda ir a la Universidad, para estudiar Arquitectura.<\/span><\/p><div>\u00a0<\/div>\t\t\t\t\t\t\t\t<\/div>\n\t\t\t\t\t<\/div>\n\t\t<\/div>\n\t\t\t\t\t<\/div>\n\t\t<\/section>\n\t\t\t\t<section data-particle_enable=\"false\" data-particle-mobile-disabled=\"false\" class=\"elementor-section elementor-top-section elementor-element elementor-element-af9e385 elementor-section-boxed elementor-section-height-default elementor-section-height-default\" data-id=\"af9e385\" data-element_type=\"section\" data-e-type=\"section\">\n\t\t\t\t\t\t<div class=\"elementor-container elementor-column-gap-default\">\n\t\t\t\t\t<div class=\"elementor-column elementor-col-100 elementor-top-column elementor-element elementor-element-f849497\" data-id=\"f849497\" data-element_type=\"column\" data-e-type=\"column\">\n\t\t\t<div class=\"elementor-widget-wrap elementor-element-populated\">\n\t\t\t\t\t\t<div class=\"elementor-element elementor-element-698daf6 elementor-widget elementor-widget-heading\" data-id=\"698daf6\" data-element_type=\"widget\" data-e-type=\"widget\" data-widget_type=\"heading.default\">\n\t\t\t\t\t<h3 class=\"elementor-heading-title elementor-size-default\"><span style=\"font-size: 24.96px\">\u00bfAll\u00ed te graduaste?<\/span><\/h3>\t\t\t\t<\/div>\n\t\t\t\t\t<\/div>\n\t\t<\/div>\n\t\t\t\t\t<\/div>\n\t\t<\/section>\n\t\t\t\t<section data-particle_enable=\"false\" data-particle-mobile-disabled=\"false\" class=\"elementor-section elementor-top-section elementor-element elementor-element-5188115 elementor-section-boxed elementor-section-height-default elementor-section-height-default\" data-id=\"5188115\" data-element_type=\"section\" data-e-type=\"section\">\n\t\t\t\t\t\t<div class=\"elementor-container elementor-column-gap-default\">\n\t\t\t\t\t<div class=\"elementor-column elementor-col-100 elementor-top-column elementor-element elementor-element-442a7b9\" data-id=\"442a7b9\" data-element_type=\"column\" data-e-type=\"column\">\n\t\t\t<div class=\"elementor-widget-wrap elementor-element-populated\">\n\t\t\t\t\t\t<div class=\"elementor-element elementor-element-0a6e5bb elementor-widget elementor-widget-text-editor\" data-id=\"0a6e5bb\" data-element_type=\"widget\" data-e-type=\"widget\" data-widget_type=\"text-editor.default\">\n\t\t\t\t\t\t\t\t\t<p>No fue posible. Eran aquellos tiempos de hasta 200 alumnos en una clase de matem\u00e1tica. Hab\u00eda que tener largavistas, pero iba superando clases. Hasta que en 1972 empezaron serios problemas de represi\u00f3n.\u00a0<\/p><p>No importaba que no estuvieras en ning\u00fan grupo activista: estabas en la Usac y all\u00ed era el n\u00facleo de la vigilancia del Estado. Empezaron a desaparecer a compa\u00f1eros. Los secuestraban y no aparec\u00edan. El Gobierno cerr\u00f3 la Usac y los estudios quedaron en duda.\u00a0<\/p><p>\u00a0<\/p>\t\t\t\t\t\t\t\t<\/div>\n\t\t\t\t\t<\/div>\n\t\t<\/div>\n\t\t\t\t\t<\/div>\n\t\t<\/section>\n\t\t\t\t<section data-particle_enable=\"false\" data-particle-mobile-disabled=\"false\" class=\"elementor-section elementor-top-section elementor-element elementor-element-dd9f4e6 elementor-section-boxed elementor-section-height-default elementor-section-height-default\" data-id=\"dd9f4e6\" data-element_type=\"section\" data-e-type=\"section\">\n\t\t\t\t\t\t<div class=\"elementor-container elementor-column-gap-default\">\n\t\t\t\t\t<div class=\"elementor-column elementor-col-100 elementor-top-column elementor-element elementor-element-ee92229\" data-id=\"ee92229\" data-element_type=\"column\" data-e-type=\"column\">\n\t\t\t<div class=\"elementor-widget-wrap elementor-element-populated\">\n\t\t\t\t\t\t<div class=\"elementor-element elementor-element-4424d3a elementor-widget elementor-widget-heading\" data-id=\"4424d3a\" data-element_type=\"widget\" data-e-type=\"widget\" data-widget_type=\"heading.default\">\n\t\t\t\t\t<h3 class=\"elementor-heading-title elementor-size-default\">\u00bfY c\u00f3mo se da la migraci\u00f3n a Canad\u00e1? <\/h3>\t\t\t\t<\/div>\n\t\t\t\t\t<\/div>\n\t\t<\/div>\n\t\t\t\t\t<\/div>\n\t\t<\/section>\n\t\t\t\t<section data-particle_enable=\"false\" data-particle-mobile-disabled=\"false\" class=\"elementor-section elementor-top-section elementor-element elementor-element-8843b23 elementor-section-boxed elementor-section-height-default elementor-section-height-default\" data-id=\"8843b23\" data-element_type=\"section\" data-e-type=\"section\">\n\t\t\t\t\t\t<div class=\"elementor-container elementor-column-gap-default\">\n\t\t\t\t\t<div class=\"elementor-column elementor-col-100 elementor-top-column elementor-element elementor-element-6f06bc9\" data-id=\"6f06bc9\" data-element_type=\"column\" data-e-type=\"column\">\n\t\t\t<div class=\"elementor-widget-wrap elementor-element-populated\">\n\t\t\t\t\t\t<div class=\"elementor-element elementor-element-5aa0550 elementor-widget elementor-widget-text-editor\" data-id=\"5aa0550\" data-element_type=\"widget\" data-e-type=\"widget\" data-widget_type=\"text-editor.default\">\n\t\t\t\t\t\t\t\t\t<p>Un amigo me dijo que iba a probar suerte a Montreal. &#8220;Voy a ver c\u00f3mo me va y te cuento&#8221;, me dijo. A los seis meses me contact\u00f3. Si quieres venir aqu\u00ed, aqu\u00ed hay trabajo, se puede aprender idiomas y me puso todo muy bonito. Llegu\u00e9 en septiembre de 1972 y al llegar el invierno, este pajarito tropical se le congelaron las plumas.<\/p><div><span style=\"color: var( --e-global-color-text );\">\u00a0<\/span><\/div>\t\t\t\t\t\t\t\t<\/div>\n\t\t\t\t\t<\/div>\n\t\t<\/div>\n\t\t\t\t\t<\/div>\n\t\t<\/section>\n\t\t\t\t<section data-particle_enable=\"false\" data-particle-mobile-disabled=\"false\" class=\"elementor-section elementor-top-section elementor-element elementor-element-40d9907 elementor-section-boxed elementor-section-height-default elementor-section-height-default\" data-id=\"40d9907\" data-element_type=\"section\" data-e-type=\"section\">\n\t\t\t\t\t\t<div class=\"elementor-container elementor-column-gap-default\">\n\t\t\t\t\t<div class=\"elementor-column elementor-col-100 elementor-top-column elementor-element elementor-element-26f9c4d\" data-id=\"26f9c4d\" data-element_type=\"column\" data-e-type=\"column\">\n\t\t\t<div class=\"elementor-widget-wrap elementor-element-populated\">\n\t\t\t\t\t\t<div class=\"elementor-element elementor-element-785c3c2 elementor-widget elementor-widget-image\" data-id=\"785c3c2\" data-element_type=\"widget\" data-e-type=\"widget\" data-widget_type=\"image.default\">\n\t\t\t\t\t\t\t\t\t\t\t\t<figure class=\"wp-caption\">\n\t\t\t\t\t\t\t\t\t\t<img decoding=\"async\" width=\"1024\" height=\"768\" src=\"https:\/\/soymigrante.com\/revista\/wp-content\/uploads\/2024\/04\/img_2026-1.webp\" class=\"attachment-large size-large wp-image-5861\" alt=\"Paisaje urbano durante el atardecer en una ciudad moderna con \u00e1rboles coloridos.\" srcset=\"https:\/\/soymigrante.com\/revista\/wp-content\/uploads\/2024\/04\/img_2026-1.webp 1024w, https:\/\/soymigrante.com\/revista\/wp-content\/uploads\/2024\/04\/img_2026-1-300x225.webp 300w, https:\/\/soymigrante.com\/revista\/wp-content\/uploads\/2024\/04\/img_2026-1-768x576.webp 768w, https:\/\/soymigrante.com\/revista\/wp-content\/uploads\/2024\/04\/img_2026-1-750x563.webp 750w\" sizes=\"(max-width: 1024px) 100vw, 1024px\" title=\"En una publicaci\u00f3n se su blog, Carlos Mart\u00ednez recuerda sus primeros d\u00edas en Montreal: sin trabajo, sin saber ingl\u00e9s ni franc\u00e9s, sin posibilidades de seguir sus estudios de arquitectura, en la ciudad de Montreal, Canad\u00e1. (Fotograf\u00eda Carlos Mart\u00ednez) \u2013 SoyMigrante.com REVISTA\" \/>\t\t\t\t\t\t\t\t\t\t\t<figcaption class=\"widget-image-caption wp-caption-text\">Vista panor\u00e1mica de una ciudad con edificios y \u00e1rboles en un hermoso atardecer, reflejando diversidad urbana y naturaleza en la comunidad.<\/figcaption>\n\t\t\t\t\t\t\t\t\t\t<\/figure>\n\t\t\t\t\t\t\t\t\t<\/div>\n\t\t\t\t\t<\/div>\n\t\t<\/div>\n\t\t\t\t\t<\/div>\n\t\t<\/section>\n\t\t\t\t<section data-particle_enable=\"false\" data-particle-mobile-disabled=\"false\" class=\"elementor-section elementor-top-section elementor-element elementor-element-770d4cb elementor-section-boxed elementor-section-height-default elementor-section-height-default\" data-id=\"770d4cb\" data-element_type=\"section\" data-e-type=\"section\">\n\t\t\t\t\t\t<div class=\"elementor-container elementor-column-gap-default\">\n\t\t\t\t\t<div class=\"elementor-column elementor-col-100 elementor-top-column elementor-element elementor-element-b6f81a4\" data-id=\"b6f81a4\" data-element_type=\"column\" data-e-type=\"column\">\n\t\t\t<div class=\"elementor-widget-wrap elementor-element-populated\">\n\t\t\t\t\t\t<div class=\"elementor-element elementor-element-13adc28 elementor-widget elementor-widget-heading\" data-id=\"13adc28\" data-element_type=\"widget\" data-e-type=\"widget\" data-widget_type=\"heading.default\">\n\t\t\t\t\t<h3 class=\"elementor-heading-title elementor-size-default\">\u00bfQu\u00e9 fue lo m\u00e1s dif\u00edcil?<\/h3>\t\t\t\t<\/div>\n\t\t\t\t\t<\/div>\n\t\t<\/div>\n\t\t\t\t\t<\/div>\n\t\t<\/section>\n\t\t\t\t<section data-particle_enable=\"false\" data-particle-mobile-disabled=\"false\" class=\"elementor-section elementor-top-section elementor-element elementor-element-decaeef elementor-section-boxed elementor-section-height-default elementor-section-height-default\" data-id=\"decaeef\" data-element_type=\"section\" data-e-type=\"section\">\n\t\t\t\t\t\t<div class=\"elementor-container elementor-column-gap-default\">\n\t\t\t\t\t<div class=\"elementor-column elementor-col-100 elementor-top-column elementor-element elementor-element-c9c3090\" data-id=\"c9c3090\" data-element_type=\"column\" data-e-type=\"column\">\n\t\t\t<div class=\"elementor-widget-wrap elementor-element-populated\">\n\t\t\t\t\t\t<div class=\"elementor-element elementor-element-c8f2a5f elementor-widget elementor-widget-text-editor\" data-id=\"c8f2a5f\" data-element_type=\"widget\" data-e-type=\"widget\" data-widget_type=\"text-editor.default\">\n\t\t\t\t\t\t\t\t\t<p>Solo sab\u00eda unas palabras de ingl\u00e9s y nada de franc\u00e9s. All\u00e1 se hablan los dos. No ten\u00eda t\u00edtulo educativo, as\u00ed que empec\u00e9 a trabajar cargando camiones en una f\u00e1brica. Estuve varios meses pensando en seguir mi carrera, pero no pod\u00eda seguir estudios sin traducir mi t\u00edtulo de diversificado.\u00a0<\/p><p>Despu\u00e9s de casi dos a\u00f1os de tr\u00e1mites y trabajando en f\u00e1bricas, apliqu\u00e9 a la Universidad de Montreal. Ya estaba decepcionado, cansado, pero insist\u00ed ujna vez m\u00e1s.\u00a0 Trabajaba en una f\u00e1brica de piezas para sat\u00e9lites y aviones. No ganaba nada mal. Era una compa\u00f1\u00eda alemana y me quer\u00edan enviar a aprender m\u00e1s en Alemania, pero yo quer\u00eda ser arquitecto. Lo intent\u00e9 y por fin me aceptaron.<\/p><div><span style=\"color: var( --e-global-color-text );\">\u00a0<\/span><\/div>\t\t\t\t\t\t\t\t<\/div>\n\t\t\t\t\t<\/div>\n\t\t<\/div>\n\t\t\t\t\t<\/div>\n\t\t<\/section>\n\t\t\t\t<section data-particle_enable=\"false\" data-particle-mobile-disabled=\"false\" class=\"elementor-section elementor-top-section elementor-element elementor-element-753ee54 elementor-section-boxed elementor-section-height-default elementor-section-height-default\" data-id=\"753ee54\" data-element_type=\"section\" data-e-type=\"section\">\n\t\t\t\t\t\t<div class=\"elementor-container elementor-column-gap-default\">\n\t\t\t\t\t<div class=\"elementor-column elementor-col-100 elementor-top-column elementor-element elementor-element-0e6e7f2\" data-id=\"0e6e7f2\" data-element_type=\"column\" data-e-type=\"column\">\n\t\t\t<div class=\"elementor-widget-wrap elementor-element-populated\">\n\t\t\t\t\t\t<div class=\"elementor-element elementor-element-822a615 elementor-widget elementor-widget-testimonial\" data-id=\"822a615\" data-element_type=\"widget\" data-e-type=\"widget\" data-widget_type=\"testimonial.default\">\n\t\t\t\t\t\t\t<div class=\"elementor-testimonial-wrapper\">\n\t\t\t\t\t\t\t<div class=\"elementor-testimonial-content\">\"Mi franc\u00e9s era muy b\u00e1sico cuando entr\u00e9 a la universidad. Pero profesores y estudiantes se sorprend\u00edan de mi voluntad por integrarme a la vida acad\u00e9mica superando las limitaciones\"<\/div>\n\t\t\t\n\t\t\t\t\t\t<div class=\"elementor-testimonial-meta elementor-has-image elementor-testimonial-image-position-aside\">\n\t\t\t\t<div class=\"elementor-testimonial-meta-inner\">\n\t\t\t\t\t\t\t\t\t\t\t<div class=\"elementor-testimonial-image\">\n\t\t\t\t\t\t\t<img decoding=\"async\" width=\"600\" height=\"544\" src=\"https:\/\/soymigrante.com\/revista\/wp-content\/uploads\/2024\/04\/20170219_DSC6171.webp\" class=\"attachment-full size-full wp-image-5910\" alt=\"Hombre hispano de edad avanzada sonriendo en oficina, con fondo de ventanas y decoraciones, promoviendo temas de migraci\u00f3n y comunidad latina en la revista SoyMigrante.com REVISTA.\" title=\"Carlos Mart\u00ednez, arquitecto paisajista radicado en Canad\u00e1 \u2013 SoyMigrante.com REVISTA\" srcset=\"https:\/\/soymigrante.com\/revista\/wp-content\/uploads\/2024\/04\/20170219_DSC6171.webp 600w, https:\/\/soymigrante.com\/revista\/wp-content\/uploads\/2024\/04\/20170219_DSC6171-300x272.webp 300w\" sizes=\"(max-width: 600px) 100vw, 600px\" \/>\t\t\t\t\t\t<\/div>\n\t\t\t\t\t\n\t\t\t\t\t\t\t\t\t\t<div class=\"elementor-testimonial-details\">\n\t\t\t\t\t\t\t\t\t\t\t\t\t\t<div class=\"elementor-testimonial-name\">Carlos Mart\u00ednez<\/div>\n\t\t\t\t\t\t\t\t\t\t\t\t\t\t\t\t\t\t\t\t\t\t<div class=\"elementor-testimonial-job\">Arquitecto paisajista guatemalteco radicado en Montreal, Canad\u00e1<\/div>\n\t\t\t\t\t\t\t\t\t\t\t\t\t<\/div>\n\t\t\t\t\t\t\t\t\t<\/div>\n\t\t\t<\/div>\n\t\t\t\t\t<\/div>\n\t\t\t\t\t\t<\/div>\n\t\t\t\t\t<\/div>\n\t\t<\/div>\n\t\t\t\t\t<\/div>\n\t\t<\/section>\n\t\t\t\t<section data-particle_enable=\"false\" data-particle-mobile-disabled=\"false\" class=\"elementor-section elementor-top-section elementor-element elementor-element-eebe31f elementor-section-boxed elementor-section-height-default elementor-section-height-default\" data-id=\"eebe31f\" data-element_type=\"section\" data-e-type=\"section\">\n\t\t\t\t\t\t<div class=\"elementor-container elementor-column-gap-default\">\n\t\t\t\t\t<div class=\"elementor-column elementor-col-100 elementor-top-column elementor-element elementor-element-dac324b\" data-id=\"dac324b\" data-element_type=\"column\" data-e-type=\"column\">\n\t\t\t<div class=\"elementor-widget-wrap elementor-element-populated\">\n\t\t\t\t\t\t<div class=\"elementor-element elementor-element-118a537 elementor-widget elementor-widget-heading\" data-id=\"118a537\" data-element_type=\"widget\" data-e-type=\"widget\" data-widget_type=\"heading.default\">\n\t\t\t\t\t<h3 class=\"elementor-heading-title elementor-size-default\">\u00a1Por fin! Tu sue\u00f1o hecho realidad <\/h3>\t\t\t\t<\/div>\n\t\t\t\t\t<\/div>\n\t\t<\/div>\n\t\t\t\t\t<\/div>\n\t\t<\/section>\n\t\t\t\t<section data-particle_enable=\"false\" data-particle-mobile-disabled=\"false\" class=\"elementor-section elementor-top-section elementor-element elementor-element-32f0767 elementor-section-boxed elementor-section-height-default elementor-section-height-default\" data-id=\"32f0767\" data-element_type=\"section\" data-e-type=\"section\">\n\t\t\t\t\t\t<div class=\"elementor-container elementor-column-gap-default\">\n\t\t\t\t\t<div class=\"elementor-column elementor-col-100 elementor-top-column elementor-element elementor-element-87b95fe\" data-id=\"87b95fe\" data-element_type=\"column\" data-e-type=\"column\">\n\t\t\t<div class=\"elementor-widget-wrap elementor-element-populated\">\n\t\t\t\t\t\t<div class=\"elementor-element elementor-element-681bcf6 elementor-widget elementor-widget-text-editor\" data-id=\"681bcf6\" data-element_type=\"widget\" data-e-type=\"widget\" data-widget_type=\"text-editor.default\">\n\t\t\t\t\t\t\t\t\t<p>Puedes imaginarte el estr\u00e9s de entrar en una universidad con mi franc\u00e9s elemental.\u00a0 Ten\u00eda tanta motivaci\u00f3n y deseo que lo intent\u00e9. Llegu\u00e9 a la Universidad y ni siquiera pod\u00eda aplicar para una bolsa de estudios porque no era canadiense.\u00a0<\/p><p>Ten\u00eda que seguir trabajando, pero al menos, al conocer a profesores, me dieron trabajo en la universidad.\u00a0\u00a0<span style=\"color: var( --e-global-color-text );\">Se sorprend\u00edan de c\u00f3mo estaba yo all\u00ed sin apenas hablar franc\u00e9s. Pero con muchas ganas de aprender y a cuantos pod\u00eda les solicitaba conversar para practicar el idioma.<\/span><\/p><h3><span style=\"color: var( --e-global-color-text );\">\u00bfQui\u00e9n te ayud\u00f3 m\u00e1s?<\/span><\/h3><p>Tuve un maestro que me apoy\u00f3 para conseguir un trabajo en la bah\u00eda de James, en el norte de Quebec, en un estudio y construcci\u00f3n para recuperar \u00e1reas naturales afectadas por la construcci\u00f3n de diques y represas. All\u00ed conoc\u00ed a bi\u00f3logos, expertos forestales, ecologistas que trabajaban en el rescate de la taiga (bosques del norte). En la Facultad de Arquitectura de Montreal, hab\u00eda el Departamento de Arquitectura, Dise\u00f1o Industrial y Arquitectura Paisaj\u00edstica. Y este proyecto me llev\u00f3 a trabajar en eso.\u00a0<\/p><div>\u00a0<\/div>\t\t\t\t\t\t\t\t<\/div>\n\t\t\t\t\t<\/div>\n\t\t<\/div>\n\t\t\t\t\t<\/div>\n\t\t<\/section>\n\t\t\t\t<section data-particle_enable=\"false\" data-particle-mobile-disabled=\"false\" class=\"elementor-section elementor-top-section elementor-element elementor-element-2360b44 elementor-section-boxed elementor-section-height-default elementor-section-height-default\" data-id=\"2360b44\" data-element_type=\"section\" data-e-type=\"section\">\n\t\t\t\t\t\t<div class=\"elementor-container elementor-column-gap-default\">\n\t\t\t\t\t<div class=\"elementor-column elementor-col-100 elementor-top-column elementor-element elementor-element-8168f19\" data-id=\"8168f19\" data-element_type=\"column\" data-e-type=\"column\">\n\t\t\t<div class=\"elementor-widget-wrap elementor-element-populated\">\n\t\t\t\t\t\t<div class=\"elementor-element elementor-element-d7e9c97 elementor-widget elementor-widget-image\" data-id=\"d7e9c97\" data-element_type=\"widget\" data-e-type=\"widget\" data-widget_type=\"image.default\">\n\t\t\t\t\t\t\t\t\t\t\t\t<figure class=\"wp-caption\">\n\t\t\t\t\t\t\t\t\t\t<img loading=\"lazy\" decoding=\"async\" width=\"1024\" height=\"680\" src=\"https:\/\/soymigrante.com\/revista\/wp-content\/uploads\/2024\/04\/JB-maison-de-larbre_1995-60-1-1024x680.webp\" class=\"attachment-large size-large wp-image-5862\" alt=\"Jard\u00edn con plantas y vista panor\u00e1mica, reflejo de la cultura y diversidad en la revista SoyMigrante.com REVISTA.\" srcset=\"https:\/\/soymigrante.com\/revista\/wp-content\/uploads\/2024\/04\/JB-maison-de-larbre_1995-60-1-1024x680.webp 1024w, https:\/\/soymigrante.com\/revista\/wp-content\/uploads\/2024\/04\/JB-maison-de-larbre_1995-60-1-300x199.webp 300w, https:\/\/soymigrante.com\/revista\/wp-content\/uploads\/2024\/04\/JB-maison-de-larbre_1995-60-1-768x510.webp 768w, https:\/\/soymigrante.com\/revista\/wp-content\/uploads\/2024\/04\/JB-maison-de-larbre_1995-60-1-750x498.webp 750w, https:\/\/soymigrante.com\/revista\/wp-content\/uploads\/2024\/04\/JB-maison-de-larbre_1995-60-1-1140x757.webp 1140w, https:\/\/soymigrante.com\/revista\/wp-content\/uploads\/2024\/04\/JB-maison-de-larbre_1995-60-1.webp 1280w\" sizes=\"(max-width: 1024px) 100vw, 1024px\" title=\"La Casa del \u00c1rbol fue una de las obras que Carlos Mart\u00ednez dise\u00f1o en el Jard\u00edn Bot\u00e1nico de Montreal, en donde trabaj\u00f3 por 22 a\u00f1os. (Fotograf\u00eda Carlos Mart\u00ednez) \u2013 SoyMigrante.com REVISTA\" \/>\t\t\t\t\t\t\t\t\t\t\t<figcaption class=\"widget-image-caption wp-caption-text\">Espacio al aire libre con vegetaci\u00f3n variada, ideal para destacar historias de migraci\u00f3n y cultura en SoyMigrante.com REVISTA.<\/figcaption>\n\t\t\t\t\t\t\t\t\t\t<\/figure>\n\t\t\t\t\t\t\t\t\t<\/div>\n\t\t\t\t\t<\/div>\n\t\t<\/div>\n\t\t\t\t\t<\/div>\n\t\t<\/section>\n\t\t\t\t<section data-particle_enable=\"false\" data-particle-mobile-disabled=\"false\" class=\"elementor-section elementor-top-section elementor-element elementor-element-9cdcdd6 elementor-section-boxed elementor-section-height-default elementor-section-height-default\" data-id=\"9cdcdd6\" data-element_type=\"section\" data-e-type=\"section\">\n\t\t\t\t\t\t<div class=\"elementor-container elementor-column-gap-default\">\n\t\t\t\t\t<div class=\"elementor-column elementor-col-100 elementor-top-column elementor-element elementor-element-3110672\" data-id=\"3110672\" data-element_type=\"column\" data-e-type=\"column\">\n\t\t\t<div class=\"elementor-widget-wrap elementor-element-populated\">\n\t\t\t\t\t\t<div class=\"elementor-element elementor-element-232e89f elementor-widget elementor-widget-heading\" data-id=\"232e89f\" data-element_type=\"widget\" data-e-type=\"widget\" data-widget_type=\"heading.default\">\n\t\t\t\t\t<h3 class=\"elementor-heading-title elementor-size-default\">\u00bfEso decidi\u00f3 la especialidad en arquitectura del paisaje?<\/h3>\t\t\t\t<\/div>\n\t\t\t\t\t<\/div>\n\t\t<\/div>\n\t\t\t\t\t<\/div>\n\t\t<\/section>\n\t\t\t\t<section data-particle_enable=\"false\" data-particle-mobile-disabled=\"false\" class=\"elementor-section elementor-top-section elementor-element elementor-element-42b6d46 elementor-section-boxed elementor-section-height-default elementor-section-height-default\" data-id=\"42b6d46\" data-element_type=\"section\" data-e-type=\"section\">\n\t\t\t\t\t\t<div class=\"elementor-container elementor-column-gap-default\">\n\t\t\t\t\t<div class=\"elementor-column elementor-col-100 elementor-top-column elementor-element elementor-element-66acb0f\" data-id=\"66acb0f\" data-element_type=\"column\" data-e-type=\"column\">\n\t\t\t<div class=\"elementor-widget-wrap elementor-element-populated\">\n\t\t\t\t\t\t<div class=\"elementor-element elementor-element-96a2b04 elementor-widget elementor-widget-text-editor\" data-id=\"96a2b04\" data-element_type=\"widget\" data-e-type=\"widget\" data-widget_type=\"text-editor.default\">\n\t\t\t\t\t\t\t\t\t<p><span style=\"color: var( --e-global-color-text );\">El mentor que me ayud\u00f3 a conseguir el trabajo, era directivo del Jard\u00edn Bot\u00e1nico de Montreal y lleg\u00f3 a ser director. Es uno de los tres\u00a0 jardines bot\u00e1nicos m\u00e1s importantes del mundo. Despu\u00e9s lo eligen Alcalde de Montreal. Pierre Bourque.\u00a0<\/span><\/p><p><span style=\"color: var( --e-global-color-text );\">Mi franc\u00e9s ya era mejor tras cuatro a\u00f1os de estudio y entonces Pierre decide hacer un proyecto interesant\u00edsimo: proponer a Montreal como sede de una exposici\u00f3n internacional de floricultura. Les dicen las Floral\u00edas. Pierre me invit\u00f3 a ser parte de su equipo. Pero ten\u00eda que dejar de lado una maestr\u00eda que estaba estudiando.<\/span><\/p><p>Este proyecto fue un gran \u00e9xito. \u00c9ramos cinco arquitectos paisajistas. Y a m\u00ed, por el hecho de hablar espa\u00f1ol, me asignaron hablar con pa\u00edses y participantes de habla hispana. Viaj\u00e9 a Colombia, a Costa Rica, tambi\u00e9n Guatemala y M\u00e9xico. Hubo 30 pa\u00edses participantes, fue un gran \u00e9xito.\u00a0<\/p><p><span style=\"color: var( --e-global-color-text );\">Lo \u00fanico malo es de que cuando el proyecto se terminara, yo me quedaba sin empleo.<\/span><\/p>\t\t\t\t\t\t\t\t<\/div>\n\t\t\t\t\t<\/div>\n\t\t<\/div>\n\t\t\t\t\t<\/div>\n\t\t<\/section>\n\t\t\t\t<section data-particle_enable=\"false\" data-particle-mobile-disabled=\"false\" class=\"elementor-section elementor-top-section elementor-element elementor-element-72519f1 elementor-section-boxed elementor-section-height-default elementor-section-height-default\" data-id=\"72519f1\" data-element_type=\"section\" data-e-type=\"section\">\n\t\t\t\t\t\t<div class=\"elementor-container elementor-column-gap-default\">\n\t\t\t\t\t<div class=\"elementor-column elementor-col-100 elementor-top-column elementor-element elementor-element-5513134\" data-id=\"5513134\" data-element_type=\"column\" data-e-type=\"column\">\n\t\t\t<div class=\"elementor-widget-wrap elementor-element-populated\">\n\t\t\t\t\t\t<div class=\"elementor-element elementor-element-f2df13e elementor-widget elementor-widget-heading\" data-id=\"f2df13e\" data-element_type=\"widget\" data-e-type=\"widget\" data-widget_type=\"heading.default\">\n\t\t\t\t\t<h3 class=\"elementor-heading-title elementor-size-default\">\u00bfY qu\u00e9 hiciste?<\/h3>\t\t\t\t<\/div>\n\t\t\t\t\t<\/div>\n\t\t<\/div>\n\t\t\t\t\t<\/div>\n\t\t<\/section>\n\t\t\t\t<section data-particle_enable=\"false\" data-particle-mobile-disabled=\"false\" class=\"elementor-section elementor-top-section elementor-element elementor-element-880decc elementor-section-boxed elementor-section-height-default elementor-section-height-default\" data-id=\"880decc\" data-element_type=\"section\" data-e-type=\"section\">\n\t\t\t\t\t\t<div class=\"elementor-container elementor-column-gap-default\">\n\t\t\t\t\t<div class=\"elementor-column elementor-col-100 elementor-top-column elementor-element elementor-element-155322b\" data-id=\"155322b\" data-element_type=\"column\" data-e-type=\"column\">\n\t\t\t<div class=\"elementor-widget-wrap elementor-element-populated\">\n\t\t\t\t\t\t<div class=\"elementor-element elementor-element-92c5c0a elementor-widget elementor-widget-text-editor\" data-id=\"92c5c0a\" data-element_type=\"widget\" data-e-type=\"widget\" data-widget_type=\"text-editor.default\">\n\t\t\t\t\t\t\t\t\t<p><span style=\"color: var( --e-global-color-text );\">Apliqu\u00e9 para un empleo en el servicio de parques de Montreal. Con la experiencia de la Floral\u00eda me aceptaron, entr\u00e9 a trabajar en proyectos inmobiliarios urbanos de la municipalidad de Montreal: parques, \u00e1reas verdes, pistas de bicicleta y todo lo que ayudara a aumentar las \u00e1reas verdes en Montreal y consolidar las que ya exist\u00edan.\u00a0<\/span><\/p><p><span style=\"color: var( --e-global-color-text );\">Luego fui consultor para proyectos en otros pa\u00edses y represent\u00e9 a Canad\u00e1 en exposiciones internacionales de floricultura.<\/span><\/p>\t\t\t\t\t\t\t\t<\/div>\n\t\t\t\t\t<\/div>\n\t\t<\/div>\n\t\t\t\t\t<\/div>\n\t\t<\/section>\n\t\t\t\t<section data-particle_enable=\"false\" data-particle-mobile-disabled=\"false\" class=\"elementor-section elementor-top-section elementor-element elementor-element-54b9abb elementor-section-boxed elementor-section-height-default elementor-section-height-default\" data-id=\"54b9abb\" data-element_type=\"section\" data-e-type=\"section\">\n\t\t\t\t\t\t<div class=\"elementor-container elementor-column-gap-default\">\n\t\t\t\t\t<div class=\"elementor-column elementor-col-100 elementor-top-column elementor-element elementor-element-e7c2f32\" data-id=\"e7c2f32\" data-element_type=\"column\" data-e-type=\"column\">\n\t\t\t<div class=\"elementor-widget-wrap elementor-element-populated\">\n\t\t\t\t\t\t<div class=\"elementor-element elementor-element-91f7414 elementor-arrows-position-inside elementor-pagination-position-outside elementor-widget elementor-widget-image-carousel\" data-id=\"91f7414\" data-element_type=\"widget\" data-e-type=\"widget\" data-settings=\"{&quot;slides_to_show&quot;:&quot;1&quot;,&quot;navigation&quot;:&quot;both&quot;,&quot;autoplay&quot;:&quot;yes&quot;,&quot;pause_on_hover&quot;:&quot;yes&quot;,&quot;pause_on_interaction&quot;:&quot;yes&quot;,&quot;autoplay_speed&quot;:5000,&quot;infinite&quot;:&quot;yes&quot;,&quot;effect&quot;:&quot;slide&quot;,&quot;speed&quot;:500}\" data-widget_type=\"image-carousel.default\">\n\t\t\t\t\t\t\t<div class=\"elementor-image-carousel-wrapper swiper\" role=\"region\" aria-roledescription=\"carousel\" aria-label=\"Carrusel de im\u00e1genes\" dir=\"ltr\">\n\t\t\t<div class=\"elementor-image-carousel swiper-wrapper\" aria-live=\"off\">\n\t\t\t\t\t\t\t\t<div class=\"swiper-slide\" role=\"group\" aria-roledescription=\"slide\" aria-label=\"1 de 4\"><figure class=\"swiper-slide-inner\"><img decoding=\"async\" class=\"swiper-slide-image\" src=\"https:\/\/soymigrante.com\/revista\/wp-content\/uploads\/2024\/04\/La-Exposicion-Floralia-de-Canada-en-1980-fue-el-primer-gran-proyecto-en-el-que-participo-Carlos-Martinez-y-que-le-abrio-el-camino-hacia-la-arquitectura-paisajistica-1.webp\" alt=\"La Exposici\u00f3n Floral\u00eda de Canada en 1980 fue el primer gran proyecto en el que particip\u00f3 Carlos Mart\u00ednez y que le abri\u00f3 el camino hacia la arquitectura paisaj\u00edstica (2)\" \/><figcaption class=\"elementor-image-carousel-caption\">La Exposici\u00f3n Floral\u00eda de Canada en 1980 fue el primer gran proyecto en el que particip\u00f3 Carlos Mart\u00ednez y que le abri\u00f3 el camino hacia la arquitectura paisaj\u00edstica (2)<\/figcaption><\/figure><\/div><div class=\"swiper-slide\" role=\"group\" aria-roledescription=\"slide\" aria-label=\"2 de 4\"><figure class=\"swiper-slide-inner\"><img decoding=\"async\" class=\"swiper-slide-image\" src=\"https:\/\/soymigrante.com\/revista\/wp-content\/uploads\/2024\/04\/La-Exposicion-Floralia-de-Canada-en-1980-fue-el-primer-gran-proyecto-en-el-que-participo-Carlos-Martinez-y-que-le-abrio-el-camino-hacia-la-arquitectura-paisajistica-2.webp\" alt=\"Modern building reflected in water with surrounding greenery and flowers, showcasing urban architecture and landscape design, perfect for articles on city development or urban beautification.\" \/><figcaption class=\"elementor-image-carousel-caption\">Im\u00e1genes de un moderno edificio de oficinas en un entorno urbano junto a un r\u00edo, rodeado de jardines y \u00e1reas verdes, representando un espacio de trabajo y negocios innovador y sostenible.<\/figcaption><\/figure><\/div><div class=\"swiper-slide\" role=\"group\" aria-roledescription=\"slide\" aria-label=\"3 de 4\"><figure class=\"swiper-slide-inner\"><img decoding=\"async\" class=\"swiper-slide-image\" src=\"https:\/\/soymigrante.com\/revista\/wp-content\/uploads\/2024\/04\/La-Exposicion-Floralia-de-Canada-en-1980-fue-el-primer-gran-proyecto-en-el-que-participo-Carlos-Martinez-y-que-le-abrio-el-camino-hacia-la-arquitectura-paisajistica-3.webp\" alt=\"Paisaje urbano de un parque con canales y jardines en ciudad moderna, visto desde el aire, enfoque en espacios verdes y arquitectura contempor\u00e1nea, en la revista SoyMigrante.com REVISTA.\" \/><figcaption class=\"elementor-image-carousel-caption\">Ampliamente ilustrativo de los espacios verdes urbanos y la arquitectura moderna en una ciudad, destacando la integraci\u00f3n de naturaleza y dise\u00f1o en espacios p\u00fablicos, ideal para temas de migraci\u00f3n y desarrollo urbano.<\/figcaption><\/figure><\/div><div class=\"swiper-slide\" role=\"group\" aria-roledescription=\"slide\" aria-label=\"4 de 4\"><figure class=\"swiper-slide-inner\"><img decoding=\"async\" class=\"swiper-slide-image\" src=\"https:\/\/soymigrante.com\/revista\/wp-content\/uploads\/2024\/04\/La-Exposicion-Floralia-de-Canada-en-1980-fue-el-primer-gran-proyecto-en-el-que-participo-Carlos-Martinez-y-que-le-abrio-el-camino-hacia-la-arquitectura-paisajistica-4-1024x654.webp\" alt=\"Jard\u00edn floral en un evento interior con multitud de visitantes, exhibiendo plantas y arreglos florales en un espacio innovador y cultural, promoviendo la participaci\u00f3n y la celebraci\u00f3n de la naturaleza.\" \/><figcaption class=\"elementor-image-carousel-caption\">La Exposici\u00f3n Floral\u00eda de Canada en 1980 fue el primer gran proyecto en el que particip\u00f3 Carlos Mart\u00ednez y que le abri\u00f3 el camino hacia la arquitectura paisaj\u00edstica (2)<\/figcaption><\/figure><\/div>\t\t\t<\/div>\n\t\t\t\t\t\t\t\t\t\t\t\t<div class=\"elementor-swiper-button elementor-swiper-button-prev\" role=\"button\" tabindex=\"0\">\n\t\t\t\t\t\t<i aria-hidden=\"true\" class=\"eicon-chevron-left\"><\/i>\t\t\t\t\t<\/div>\n\t\t\t\t\t<div class=\"elementor-swiper-button elementor-swiper-button-next\" role=\"button\" tabindex=\"0\">\n\t\t\t\t\t\t<i aria-hidden=\"true\" class=\"eicon-chevron-right\"><\/i>\t\t\t\t\t<\/div>\n\t\t\t\t\n\t\t\t\t\t\t\t\t\t<div class=\"swiper-pagination\"><\/div>\n\t\t\t\t\t\t\t\t\t<\/div>\n\t\t\t\t\t\t<\/div>\n\t\t\t\t\t<\/div>\n\t\t<\/div>\n\t\t\t\t\t<\/div>\n\t\t<\/section>\n\t\t\t\t<section data-particle_enable=\"false\" data-particle-mobile-disabled=\"false\" class=\"elementor-section elementor-top-section elementor-element elementor-element-b8910c4 elementor-section-boxed elementor-section-height-default elementor-section-height-default\" data-id=\"b8910c4\" data-element_type=\"section\" data-e-type=\"section\">\n\t\t\t\t\t\t<div class=\"elementor-container elementor-column-gap-default\">\n\t\t\t\t\t<div class=\"elementor-column elementor-col-100 elementor-top-column elementor-element elementor-element-4e3eafe\" data-id=\"4e3eafe\" data-element_type=\"column\" data-e-type=\"column\">\n\t\t\t<div class=\"elementor-widget-wrap elementor-element-populated\">\n\t\t\t\t\t\t<div class=\"elementor-element elementor-element-b0180c5 elementor-widget elementor-widget-heading\" data-id=\"b0180c5\" data-element_type=\"widget\" data-e-type=\"widget\" data-widget_type=\"heading.default\">\n\t\t\t\t\t<h3 class=\"elementor-heading-title elementor-size-default\">\u00a1S\u00faper! Eso quiere decir que ya estabas volando en las alas de tu gran sue\u00f1o<\/h3>\t\t\t\t<\/div>\n\t\t\t\t\t<\/div>\n\t\t<\/div>\n\t\t\t\t\t<\/div>\n\t\t<\/section>\n\t\t\t\t<section data-particle_enable=\"false\" data-particle-mobile-disabled=\"false\" class=\"elementor-section elementor-top-section elementor-element elementor-element-17cf3d9 elementor-section-boxed elementor-section-height-default elementor-section-height-default\" data-id=\"17cf3d9\" data-element_type=\"section\" data-e-type=\"section\">\n\t\t\t\t\t\t<div class=\"elementor-container elementor-column-gap-default\">\n\t\t\t\t\t<div class=\"elementor-column elementor-col-100 elementor-top-column elementor-element elementor-element-9ade360\" data-id=\"9ade360\" data-element_type=\"column\" data-e-type=\"column\">\n\t\t\t<div class=\"elementor-widget-wrap elementor-element-populated\">\n\t\t\t\t\t\t<div class=\"elementor-element elementor-element-02ffa0e elementor-widget elementor-widget-text-editor\" data-id=\"02ffa0e\" data-element_type=\"widget\" data-e-type=\"widget\" data-widget_type=\"text-editor.default\">\n\t\t\t\t\t\t\t\t\t<p><span style=\"color: var( --e-global-color-text );\">As\u00ed es. La creaci\u00f3n de espacios para la naturaleza como un complemento ideal de la ciudad se convirti\u00f3 en una pasi\u00f3n y un espacio de crecimiento.\u00a0 Fueron muchos los proyectos en los que trabaj\u00e9. Y aunque ya me retir\u00e9, sigo adelante en la realizaci\u00f3n y la esperanza. Y por eso le digo a los j\u00f3venes: nunca pierdan sus sue\u00f1os porque son lo que los llevar\u00e1 lejos<\/span><\/p>\t\t\t\t\t\t\t\t<\/div>\n\t\t\t\t\t<\/div>\n\t\t<\/div>\n\t\t\t\t\t<\/div>\n\t\t<\/section>\n\t\t\t\t<section data-particle_enable=\"false\" data-particle-mobile-disabled=\"false\" class=\"elementor-section elementor-top-section elementor-element elementor-element-34208f6 elementor-section-boxed elementor-section-height-default elementor-section-height-default\" data-id=\"34208f6\" data-element_type=\"section\" data-e-type=\"section\">\n\t\t\t\t\t\t<div class=\"elementor-container elementor-column-gap-default\">\n\t\t\t\t\t<div class=\"elementor-column elementor-col-100 elementor-top-column elementor-element elementor-element-34c0cc4\" data-id=\"34c0cc4\" data-element_type=\"column\" data-e-type=\"column\">\n\t\t\t<div class=\"elementor-widget-wrap elementor-element-populated\">\n\t\t\t\t\t\t<div class=\"elementor-element elementor-element-dee4d23 elementor-widget elementor-widget-heading\" data-id=\"dee4d23\" data-element_type=\"widget\" data-e-type=\"widget\" data-widget_type=\"heading.default\">\n\t\t\t\t\t<h3 class=\"elementor-heading-title elementor-size-default\">\u00bfCu\u00e1l consideras tu mejor obra?<\/h3>\t\t\t\t<\/div>\n\t\t\t\t\t<\/div>\n\t\t<\/div>\n\t\t\t\t\t<\/div>\n\t\t<\/section>\n\t\t\t\t<section data-particle_enable=\"false\" data-particle-mobile-disabled=\"false\" class=\"elementor-section elementor-top-section elementor-element elementor-element-3413cae elementor-section-boxed elementor-section-height-default elementor-section-height-default\" data-id=\"3413cae\" data-element_type=\"section\" data-e-type=\"section\">\n\t\t\t\t\t\t<div class=\"elementor-container elementor-column-gap-default\">\n\t\t\t\t\t<div class=\"elementor-column elementor-col-100 elementor-top-column elementor-element elementor-element-04a67bb\" data-id=\"04a67bb\" data-element_type=\"column\" data-e-type=\"column\">\n\t\t\t<div class=\"elementor-widget-wrap elementor-element-populated\">\n\t\t\t\t\t\t<div class=\"elementor-element elementor-element-91bf2f4 elementor-widget elementor-widget-text-editor\" data-id=\"91bf2f4\" data-element_type=\"widget\" data-e-type=\"widget\" data-widget_type=\"text-editor.default\">\n\t\t\t\t\t\t\t\t\t<p><span style=\"color: var( --e-global-color-text );\">Trabajaba en el servicio de parques, pero tambi\u00e9n en el Jard\u00edn Bot\u00e1nico de Montreal. Consolid\u00e9 y reestructur\u00e9 todos los arreglos paisaj\u00edsticos, con la ayuda de un grande y talentoso equipo. Renovamos casi todos los invernaderos y muchas \u00e1reas.\u00a0<\/span><\/p><p><span style=\"color: var( --e-global-color-text );\">El Jard\u00edn tiene 73 hect\u00e1reas, es enorme y debe tener jardines de sombra, jardines de sol, de plantas comerciales, ornamentales. Tambi\u00e9n est\u00e1 la Casa del Arbol, el insectario de montreal, los jardines de rosas y el invernadero de las orqu\u00eddeas. Hasta gan\u00e9 un premio en Canad\u00e1 por ese proyecto.<\/span><\/p>\t\t\t\t\t\t\t\t<\/div>\n\t\t\t\t\t<\/div>\n\t\t<\/div>\n\t\t\t\t\t<\/div>\n\t\t<\/section>\n\t\t\t\t<section data-particle_enable=\"false\" data-particle-mobile-disabled=\"false\" class=\"elementor-section elementor-top-section elementor-element elementor-element-d512010 elementor-section-boxed elementor-section-height-default elementor-section-height-default\" data-id=\"d512010\" data-element_type=\"section\" data-e-type=\"section\">\n\t\t\t\t\t\t<div class=\"elementor-container elementor-column-gap-default\">\n\t\t\t\t\t<div class=\"elementor-column elementor-col-100 elementor-top-column elementor-element elementor-element-9b47ca2\" data-id=\"9b47ca2\" data-element_type=\"column\" data-e-type=\"column\">\n\t\t\t<div class=\"elementor-widget-wrap elementor-element-populated\">\n\t\t\t\t\t\t<div class=\"elementor-element elementor-element-4c60378 elementor-arrows-position-inside elementor-pagination-position-outside elementor-widget elementor-widget-image-carousel\" data-id=\"4c60378\" data-element_type=\"widget\" data-e-type=\"widget\" data-settings=\"{&quot;slides_to_show&quot;:&quot;1&quot;,&quot;navigation&quot;:&quot;both&quot;,&quot;autoplay&quot;:&quot;yes&quot;,&quot;pause_on_hover&quot;:&quot;yes&quot;,&quot;pause_on_interaction&quot;:&quot;yes&quot;,&quot;autoplay_speed&quot;:5000,&quot;infinite&quot;:&quot;yes&quot;,&quot;effect&quot;:&quot;slide&quot;,&quot;speed&quot;:500}\" data-widget_type=\"image-carousel.default\">\n\t\t\t\t\t\t\t<div class=\"elementor-image-carousel-wrapper swiper\" role=\"region\" aria-roledescription=\"carousel\" aria-label=\"Carrusel de im\u00e1genes\" dir=\"ltr\">\n\t\t\t<div class=\"elementor-image-carousel swiper-wrapper\" aria-live=\"off\">\n\t\t\t\t\t\t\t\t<div class=\"swiper-slide\" role=\"group\" aria-roledescription=\"slide\" aria-label=\"1 de 6\"><figure class=\"swiper-slide-inner\"><img decoding=\"async\" class=\"swiper-slide-image\" src=\"https:\/\/soymigrante.com\/revista\/wp-content\/uploads\/2024\/04\/jardin-botanique-de-montreal-157-version-2-1024x680.webp\" alt=\"Jard\u00edn comunitario en ciudad con diversa vegetaci\u00f3n y personas disfrutando del espacio verde en un d\u00eda soleado.\" \/><figcaption class=\"elementor-image-carousel-caption\">Un espacio verde en medio de la ciudad con un jard\u00edn comunitario donde varias personas disfrutan de la naturaleza y el aire libre.<\/figcaption><\/figure><\/div><div class=\"swiper-slide\" role=\"group\" aria-roledescription=\"slide\" aria-label=\"2 de 6\"><figure class=\"swiper-slide-inner\"><img decoding=\"async\" class=\"swiper-slide-image\" src=\"https:\/\/soymigrante.com\/revista\/wp-content\/uploads\/2024\/04\/jardin-botanique-de-montreal-217-1024x710.webp\" alt=\"Jard\u00edn urbano con flores y fuentes en un parque en verano, ideal para inmigrantes y migrantes en contexto cultural y social.\" \/><figcaption class=\"elementor-image-carousel-caption\">Espacio verde en ciudad con flores y fuente en verano, perfecto para inmigrantes y comunidad migrante en ambientes urbanos y culturales.<\/figcaption><\/figure><\/div><div class=\"swiper-slide\" role=\"group\" aria-roledescription=\"slide\" aria-label=\"3 de 6\"><figure class=\"swiper-slide-inner\"><img decoding=\"async\" class=\"swiper-slide-image\" src=\"https:\/\/soymigrante.com\/revista\/wp-content\/uploads\/2024\/04\/jardin-botanique-de-montreal-116-version-2-1024x680.webp\" alt=\"Jard\u00edn bot\u00e1nico con vegetaci\u00f3n exuberante, camino de piedra y ca\u00edda de agua en un entorno tropical. Espacio natural para explorar y disfrutar de la flora diversa y la tranquilidad en un entorno interior.\" \/><figcaption class=\"elementor-image-carousel-caption\">El jard\u00edn cuenta con plantas tropicales, senderos de piedra y una peque\u00f1a cascada, ofreciendo un ambiente relajante y lleno de vida, ideal para amantes de la naturaleza y la biodiversidad.<\/figcaption><\/figure><\/div><div class=\"swiper-slide\" role=\"group\" aria-roledescription=\"slide\" aria-label=\"4 de 6\"><figure class=\"swiper-slide-inner\"><img decoding=\"async\" class=\"swiper-slide-image\" src=\"https:\/\/soymigrante.com\/revista\/wp-content\/uploads\/2024\/04\/Jardin-Botanique-Serres-dexposition-6-1024x680.webp\" alt=\"Jard\u00edn bot\u00e1nico tropical en invernadero con plantas verdes, helechos y caminos de piedra, espacio para la conservaci\u00f3n de especies vegetales y turismo ecol\u00f3gico.\" \/><figcaption class=\"elementor-image-carousel-caption\">Un invernadero tropical con plantas verdes y caminos de piedra, ideal para la conservaci\u00f3n de especies vegetales y actividades ecol\u00f3gicas en un entorno natural protegido.<\/figcaption><\/figure><\/div><div class=\"swiper-slide\" role=\"group\" aria-roledescription=\"slide\" aria-label=\"5 de 6\"><figure class=\"swiper-slide-inner\"><img decoding=\"async\" class=\"swiper-slide-image\" src=\"https:\/\/soymigrante.com\/revista\/wp-content\/uploads\/2024\/04\/JB-serre-des-orchidees-1987_-06-1024x680.webp\" alt=\"Puente de arco de ladrillo en un invernadero lleno de plantas tropicales, ambiente natural, decoraci\u00f3n bot\u00e1nica, espacio verde interior, jardiner\u00eda y naturaleza en atm\u00f3sfera relajante.\" \/><figcaption class=\"elementor-image-carousel-caption\">Imagen de un invernadero con estructuras de ladrillo y muchas plantas tropicales, creando un ambiente natural y tranquilo para el disfrute de la jardiner\u00eda y la conservaci\u00f3n de la naturaleza.<\/figcaption><\/figure><\/div><div class=\"swiper-slide\" role=\"group\" aria-roledescription=\"slide\" aria-label=\"6 de 6\"><figure class=\"swiper-slide-inner\"><img decoding=\"async\" class=\"swiper-slide-image\" src=\"https:\/\/soymigrante.com\/revista\/wp-content\/uploads\/2024\/04\/JB-terrasse-1990_-23-1024x680.webp\" alt=\"Parque con \u00e1reas verdes, fuente y jardines floridos en un entorno urbano, ideal para disfrutar de espacios de descanso y naturaleza en la ciudad.\" \/><figcaption class=\"elementor-image-carousel-caption\">Un hermoso parque urbano con fuentes, \u00e1rboles y flores, perfecto para pasear, relajarse y disfrutar del verde en medio de la ciudad.<\/figcaption><\/figure><\/div>\t\t\t<\/div>\n\t\t\t\t\t\t\t\t\t\t\t\t<div class=\"elementor-swiper-button elementor-swiper-button-prev\" role=\"button\" tabindex=\"0\">\n\t\t\t\t\t\t<i aria-hidden=\"true\" class=\"eicon-chevron-left\"><\/i>\t\t\t\t\t<\/div>\n\t\t\t\t\t<div class=\"elementor-swiper-button elementor-swiper-button-next\" role=\"button\" tabindex=\"0\">\n\t\t\t\t\t\t<i aria-hidden=\"true\" class=\"eicon-chevron-right\"><\/i>\t\t\t\t\t<\/div>\n\t\t\t\t\n\t\t\t\t\t\t\t\t\t<div class=\"swiper-pagination\"><\/div>\n\t\t\t\t\t\t\t\t\t<\/div>\n\t\t\t\t\t\t<\/div>\n\t\t\t\t\t<\/div>\n\t\t<\/div>\n\t\t\t\t\t<\/div>\n\t\t<\/section>\n\t\t\t\t<section data-particle_enable=\"false\" data-particle-mobile-disabled=\"false\" class=\"elementor-section elementor-top-section elementor-element elementor-element-7d500d3 elementor-section-boxed elementor-section-height-default elementor-section-height-default\" data-id=\"7d500d3\" data-element_type=\"section\" data-e-type=\"section\">\n\t\t\t\t\t\t<div class=\"elementor-container elementor-column-gap-default\">\n\t\t\t\t\t<div class=\"elementor-column elementor-col-100 elementor-top-column elementor-element elementor-element-418a959\" data-id=\"418a959\" data-element_type=\"column\" data-e-type=\"column\">\n\t\t\t<div class=\"elementor-widget-wrap elementor-element-populated\">\n\t\t\t\t\t\t<div class=\"elementor-element elementor-element-869b1da elementor-widget elementor-widget-heading\" data-id=\"869b1da\" data-element_type=\"widget\" data-e-type=\"widget\" data-widget_type=\"heading.default\">\n\t\t\t\t\t<h3 class=\"elementor-heading-title elementor-size-default\">\u00bfC\u00f3mo el ser guatemalteco ha sido clave en tu labor?\n<\/h3>\t\t\t\t<\/div>\n\t\t\t\t\t<\/div>\n\t\t<\/div>\n\t\t\t\t\t<\/div>\n\t\t<\/section>\n\t\t\t\t<section data-particle_enable=\"false\" data-particle-mobile-disabled=\"false\" class=\"elementor-section elementor-top-section elementor-element elementor-element-55252ae elementor-section-boxed elementor-section-height-default elementor-section-height-default\" data-id=\"55252ae\" data-element_type=\"section\" data-e-type=\"section\">\n\t\t\t\t\t\t<div class=\"elementor-container elementor-column-gap-default\">\n\t\t\t\t\t<div class=\"elementor-column elementor-col-100 elementor-top-column elementor-element elementor-element-5c8011a\" data-id=\"5c8011a\" data-element_type=\"column\" data-e-type=\"column\">\n\t\t\t<div class=\"elementor-widget-wrap elementor-element-populated\">\n\t\t\t\t\t\t<div class=\"elementor-element elementor-element-c7a1474 elementor-widget elementor-widget-text-editor\" data-id=\"c7a1474\" data-element_type=\"widget\" data-e-type=\"widget\" data-widget_type=\"text-editor.default\">\n\t\t\t\t\t\t\t\t\t<p>Desde el nombre mismo: Guatemala quiere decir lugar de bosques, lugar de \u00e1rboles. Es algo muy simb\u00f3lico. Guatemala es un pa\u00eds extremamente rico en historias, en culturas, en artesan\u00eda. Mi padre fue periodista, trabaj\u00f3 para Guatemala Flash, Carlos Mart\u00ednez Barrios. Entonces con \u00e9l aprend\u00ed el proceso fotogr\u00e1fico de antes&#8230;<\/p>\t\t\t\t\t\t\t\t<\/div>\n\t\t\t\t\t<\/div>\n\t\t<\/div>\n\t\t\t\t\t<\/div>\n\t\t<\/section>\n\t\t\t\t<section data-particle_enable=\"false\" data-particle-mobile-disabled=\"false\" class=\"elementor-section elementor-top-section elementor-element elementor-element-0aa18da elementor-section-boxed elementor-section-height-default elementor-section-height-default\" data-id=\"0aa18da\" data-element_type=\"section\" data-e-type=\"section\">\n\t\t\t\t\t\t<div class=\"elementor-container elementor-column-gap-default\">\n\t\t\t\t\t<div class=\"elementor-column elementor-col-100 elementor-top-column elementor-element elementor-element-2b02507\" data-id=\"2b02507\" data-element_type=\"column\" data-e-type=\"column\">\n\t\t\t<div class=\"elementor-widget-wrap elementor-element-populated\">\n\t\t\t\t\t\t<div class=\"elementor-element elementor-element-d739fc6 elementor-widget elementor-widget-heading\" data-id=\"d739fc6\" data-element_type=\"widget\" data-e-type=\"widget\" data-widget_type=\"heading.default\">\n\t\t\t\t\t<h3 class=\"elementor-heading-title elementor-size-default\">\u00bfY c\u00f3mo surge la creaci\u00f3n fotogr\u00e1fica? <\/h3>\t\t\t\t<\/div>\n\t\t\t\t\t<\/div>\n\t\t<\/div>\n\t\t\t\t\t<\/div>\n\t\t<\/section>\n\t\t\t\t<section data-particle_enable=\"false\" data-particle-mobile-disabled=\"false\" class=\"elementor-section elementor-top-section elementor-element elementor-element-1b8734e elementor-section-boxed elementor-section-height-default elementor-section-height-default\" data-id=\"1b8734e\" data-element_type=\"section\" data-e-type=\"section\">\n\t\t\t\t\t\t<div class=\"elementor-container elementor-column-gap-default\">\n\t\t\t\t\t<div class=\"elementor-column elementor-col-100 elementor-top-column elementor-element elementor-element-41ca44b\" data-id=\"41ca44b\" data-element_type=\"column\" data-e-type=\"column\">\n\t\t\t<div class=\"elementor-widget-wrap elementor-element-populated\">\n\t\t\t\t\t\t<div class=\"elementor-element elementor-element-8e9769f elementor-widget elementor-widget-text-editor\" data-id=\"8e9769f\" data-element_type=\"widget\" data-e-type=\"widget\" data-widget_type=\"text-editor.default\">\n\t\t\t\t\t\t\t\t\t<p>La fotograf\u00eda siempre ha sido parte del trabajo arquitect\u00f3nico. Pero ya creaci\u00f3n surgi\u00f3 m\u00e1s en la pandemia, empec\u00e9 a fotograf\u00edar los detalles de la naturaleza. Y el medio digital permite hacer muchas cosas. Intent\u00e9 hacer contactos entre Montreal y Guatemala, hice un estudio para un nuevo jard\u00edn bot\u00e1nico en Guatemala, pero nunca se logr\u00f3. D\u00ed conferencias, conoc\u00ed gente interesante pero no hubo posibilidad de hacer mucho.<\/p><p><span style=\"color: var( --e-global-color-text );\">Entonces le puse m\u00e1s \u00e9nfasis a escribir, a combinar pintura con fotograf\u00eda y seguir explorandola creatividad.<\/span><\/p><p>E<a href=\"https:\/\/carlosrmartinez.wordpress.com\/\">n mi blog publico mis pensamientos<\/a>.\u00a0 Ser\u00eda pretencioso decir que hago cr\u00f3nicas o narraciones. La verdad que lo que hago es un diario de reflexi\u00f3n. Y un diario que est\u00e1 abierto al p\u00fablico en general y en particular a mis amigos y conocidos.<\/p><p>No tengo ninguna pretensi\u00f3n de hacer cr\u00f3nicas ni de poseer la verdad. Solo trato de compartir pensamientos y reflexiones. Y bueno, enhorabuena si alguien los ve y encuentra algo, enhorabuena.\u00a0<\/p>\t\t\t\t\t\t\t\t<\/div>\n\t\t\t\t\t<\/div>\n\t\t<\/div>\n\t\t\t\t\t<\/div>\n\t\t<\/section>\n\t\t\t\t<section data-particle_enable=\"false\" data-particle-mobile-disabled=\"false\" class=\"elementor-section elementor-top-section elementor-element elementor-element-7acf764 elementor-section-boxed elementor-section-height-default elementor-section-height-default\" data-id=\"7acf764\" data-element_type=\"section\" data-e-type=\"section\">\n\t\t\t\t\t\t<div class=\"elementor-container elementor-column-gap-default\">\n\t\t\t\t\t<div class=\"elementor-column elementor-col-100 elementor-top-column elementor-element elementor-element-ba2f9b2\" data-id=\"ba2f9b2\" data-element_type=\"column\" data-e-type=\"column\">\n\t\t\t<div class=\"elementor-widget-wrap elementor-element-populated\">\n\t\t\t\t\t\t<div class=\"elementor-element elementor-element-db1dd41 elementor-arrows-position-inside elementor-pagination-position-outside elementor-widget elementor-widget-image-carousel\" data-id=\"db1dd41\" data-element_type=\"widget\" data-e-type=\"widget\" data-settings=\"{&quot;slides_to_show&quot;:&quot;1&quot;,&quot;navigation&quot;:&quot;both&quot;,&quot;autoplay&quot;:&quot;yes&quot;,&quot;pause_on_hover&quot;:&quot;yes&quot;,&quot;pause_on_interaction&quot;:&quot;yes&quot;,&quot;autoplay_speed&quot;:5000,&quot;infinite&quot;:&quot;yes&quot;,&quot;effect&quot;:&quot;slide&quot;,&quot;speed&quot;:500}\" data-widget_type=\"image-carousel.default\">\n\t\t\t\t\t\t\t<div class=\"elementor-image-carousel-wrapper swiper\" role=\"region\" aria-roledescription=\"carousel\" aria-label=\"Carrusel de im\u00e1genes\" dir=\"ltr\">\n\t\t\t<div class=\"elementor-image-carousel swiper-wrapper\" aria-live=\"off\">\n\t\t\t\t\t\t\t\t<div class=\"swiper-slide\" role=\"group\" aria-roledescription=\"slide\" aria-label=\"1 de 7\"><figure class=\"swiper-slide-inner\"><img decoding=\"async\" class=\"swiper-slide-image\" src=\"https:\/\/soymigrante.com\/revista\/wp-content\/uploads\/2024\/04\/img_2496.webp\" alt=\"Vistas urbanas y naturales en un atardecer invernal desde un balc\u00f3n, con edificios modernos, r\u00edo y cielo con nubes y colores c\u00e1lidos en el horizonte, en un entorno de migrantes y expatriados.\" \/><figcaption class=\"elementor-image-carousel-caption\">Paisaje urbano y natural con vista a un r\u00edo y edificios modernos en un atardecer invernal, mostrando la vida en migrantes y la comunidad internacional en un entorno cosmopolita.<\/figcaption><\/figure><\/div><div class=\"swiper-slide\" role=\"group\" aria-roledescription=\"slide\" aria-label=\"2 de 7\"><figure class=\"swiper-slide-inner\"><img decoding=\"async\" class=\"swiper-slide-image\" src=\"https:\/\/soymigrante.com\/revista\/wp-content\/uploads\/2024\/04\/img_2489.webp\" alt=\"Atardecer en el r\u00edo con vista de la ciudad en el horizonte, colores c\u00e1lidos y reflejo en el agua, representando la belleza natural y la cultura migrante en el contexto del magazine SoyMigrante.com REVISTA.\" \/><figcaption class=\"elementor-image-carousel-caption\">Belleza del atardecer en la ciudad durante la publicaci\u00f3n de SoyMigrante.com REVISTA, resaltando cultura y migraci\u00f3n en un paisaje urbano y natural.<\/figcaption><\/figure><\/div><div class=\"swiper-slide\" role=\"group\" aria-roledescription=\"slide\" aria-label=\"3 de 7\"><figure class=\"swiper-slide-inner\"><img decoding=\"async\" class=\"swiper-slide-image\" src=\"https:\/\/soymigrante.com\/revista\/wp-content\/uploads\/2024\/04\/img_2414.webp\" alt=\"Resina de hielo con formaciones cristalinas \u00fanicas en un paisaje helado, resaltando la belleza del invierno y la naturaleza congelada.\" \/><figcaption class=\"elementor-image-carousel-caption\">Belleza del hielo y formaciones cristalinas en un paisaje invernal, destacando el arte natural del congelamiento y la serenidad del invierno en la naturaleza.<\/figcaption><\/figure><\/div><div class=\"swiper-slide\" role=\"group\" aria-roledescription=\"slide\" aria-label=\"4 de 7\"><figure class=\"swiper-slide-inner\"><img decoding=\"async\" class=\"swiper-slide-image\" src=\"https:\/\/soymigrante.com\/revista\/wp-content\/uploads\/2024\/04\/big-island-hawaii-48-version-21-1024x683.webp\" alt=\"Ra\u00edces de \u00e1rboles sumergidas en aguas cristalinas de la playa tropical, creando un paisaje \u00fanico y natural en un entorno costero vibrante y sereno, ideal para explorar naturaleza y turismo costero.\" \/><figcaption class=\"elementor-image-carousel-caption\">Fotograf\u00edas de naturaleza y paisaje de Carlos Mart\u00ednez<\/figcaption><\/figure><\/div><div class=\"swiper-slide\" role=\"group\" aria-roledescription=\"slide\" aria-label=\"5 de 7\"><figure class=\"swiper-slide-inner\"><img decoding=\"async\" class=\"swiper-slide-image\" src=\"https:\/\/soymigrante.com\/revista\/wp-content\/uploads\/2024\/04\/img_2170-1.webp\" alt=\"Atardecer sobre el r\u00edo con vista a la ciudad y volc\u00e1n al fondo, reflejando un cielo de tonos c\u00e1lidos y nubes dispersas.\" \/><figcaption class=\"elementor-image-carousel-caption\">Puesta de sol en el r\u00edo con paisaje urbano y volc\u00e1n al fondo, destacando la belleza natural y la cultura migrante en Am\u00e9rica Central.<\/figcaption><\/figure><\/div><div class=\"swiper-slide\" role=\"group\" aria-roledescription=\"slide\" aria-label=\"6 de 7\"><figure class=\"swiper-slide-inner\"><img decoding=\"async\" class=\"swiper-slide-image\" src=\"https:\/\/soymigrante.com\/revista\/wp-content\/uploads\/2024\/04\/img_0749.webp\" alt=\"Vuelos de aves nocturnas sobre el oc\u00e9ano al atardecer, simbolizando libertad y migraci\u00f3n en la cultura hispana.\" \/><figcaption class=\"elementor-image-carousel-caption\">Migraci\u00f3n y libertad de las aves durante el atardecer en el oc\u00e9ano, simbolizando desplazamiento y esperanza en la cultura latinoamericana.<\/figcaption><\/figure><\/div><div class=\"swiper-slide\" role=\"group\" aria-roledescription=\"slide\" aria-label=\"7 de 7\"><figure class=\"swiper-slide-inner\"><img decoding=\"async\" class=\"swiper-slide-image\" src=\"https:\/\/soymigrante.com\/revista\/wp-content\/uploads\/2024\/04\/dji_0106-1.webp\" alt=\"Lago con bosque verde y cielo nublado, vista panor\u00e1mica naturaleza para art\u00edculos sobre migrantes y comunidades sostenibles.\" \/><figcaption class=\"elementor-image-carousel-caption\">Paisaje natural con lago y bosque, ideal para temas de migraci\u00f3n, integraci\u00f3n y medio ambiente en la revista SoyMigrante.com.<\/figcaption><\/figure><\/div>\t\t\t<\/div>\n\t\t\t\t\t\t\t\t\t\t\t\t<div class=\"elementor-swiper-button elementor-swiper-button-prev\" role=\"button\" tabindex=\"0\">\n\t\t\t\t\t\t<i aria-hidden=\"true\" class=\"eicon-chevron-left\"><\/i>\t\t\t\t\t<\/div>\n\t\t\t\t\t<div class=\"elementor-swiper-button elementor-swiper-button-next\" role=\"button\" tabindex=\"0\">\n\t\t\t\t\t\t<i aria-hidden=\"true\" class=\"eicon-chevron-right\"><\/i>\t\t\t\t\t<\/div>\n\t\t\t\t\n\t\t\t\t\t\t\t\t\t<div class=\"swiper-pagination\"><\/div>\n\t\t\t\t\t\t\t\t\t<\/div>\n\t\t\t\t\t\t<\/div>\n\t\t\t\t\t<\/div>\n\t\t<\/div>\n\t\t\t\t\t<\/div>\n\t\t<\/section>\n\t\t\t\t<section data-particle_enable=\"false\" data-particle-mobile-disabled=\"false\" class=\"elementor-section elementor-top-section elementor-element elementor-element-7352af1 elementor-section-boxed elementor-section-height-default elementor-section-height-default\" data-id=\"7352af1\" data-element_type=\"section\" data-e-type=\"section\">\n\t\t\t\t\t\t<div class=\"elementor-container elementor-column-gap-default\">\n\t\t\t\t\t<div class=\"elementor-column elementor-col-100 elementor-top-column elementor-element elementor-element-4acf973\" data-id=\"4acf973\" data-element_type=\"column\" data-e-type=\"column\">\n\t\t\t<div class=\"elementor-widget-wrap elementor-element-populated\">\n\t\t\t\t\t\t<div class=\"elementor-element elementor-element-8230127 elementor-widget elementor-widget-heading\" data-id=\"8230127\" data-element_type=\"widget\" data-e-type=\"widget\" data-widget_type=\"heading.default\">\n\t\t\t\t\t<h2 class=\"elementor-heading-title elementor-size-default\">M\u00e1s historias de triunfo y esfuerzo<\/h2>\t\t\t\t<\/div>\n\t\t\t\t\t<\/div>\n\t\t<\/div>\n\t\t\t\t\t<\/div>\n\t\t<\/section>\n\t\t\t\t<section data-particle_enable=\"false\" data-particle-mobile-disabled=\"false\" class=\"elementor-section elementor-top-section elementor-element elementor-element-a028451 elementor-section-boxed elementor-section-height-default elementor-section-height-default\" data-id=\"a028451\" data-element_type=\"section\" data-e-type=\"section\">\n\t\t\t\t\t\t<div class=\"elementor-container elementor-column-gap-default\">\n\t\t\t\t\t<div class=\"elementor-column elementor-col-100 elementor-top-column elementor-element elementor-element-9a46d3c\" data-id=\"9a46d3c\" data-element_type=\"column\" data-e-type=\"column\">\n\t\t\t<div class=\"elementor-widget-wrap elementor-element-populated\">\n\t\t\t\t\t\t<div class=\"elementor-element elementor-element-3a9f063 elementor-widget elementor-widget-blfe-post-grid\" data-id=\"3a9f063\" data-element_type=\"widget\" data-e-type=\"widget\" data-settings=\"{&quot;columns&quot;:&quot;3&quot;,&quot;columns_tablet&quot;:&quot;6&quot;,&quot;columns_mobile&quot;:&quot;12&quot;,&quot;hero1_layout_column_gap&quot;:{&quot;unit&quot;:&quot;px&quot;,&quot;size&quot;:30,&quot;sizes&quot;:[]},&quot;hero1_layout_column_gap_tablet&quot;:{&quot;unit&quot;:&quot;px&quot;,&quot;size&quot;:&quot;&quot;,&quot;sizes&quot;:[]},&quot;hero1_layout_column_gap_mobile&quot;:{&quot;unit&quot;:&quot;px&quot;,&quot;size&quot;:&quot;&quot;,&quot;sizes&quot;:[]},&quot;hero1_layout_row_gap&quot;:{&quot;unit&quot;:&quot;px&quot;,&quot;size&quot;:30,&quot;sizes&quot;:[]},&quot;hero1_layout_row_gap_tablet&quot;:{&quot;unit&quot;:&quot;px&quot;,&quot;size&quot;:&quot;&quot;,&quot;sizes&quot;:[]},&quot;hero1_layout_row_gap_mobile&quot;:{&quot;unit&quot;:&quot;px&quot;,&quot;size&quot;:&quot;&quot;,&quot;sizes&quot;:[]}}\" data-widget_type=\"blfe-post-grid.hero1\">\n\t\t\t\t<div class=\"elementor-widget-container\">\n\t\t\t\t\t\n                        <div class=\"blfe-post-grid-container \">\n            \n                <div data-skin=\"hero1\" class=\"blfe-row blfe-posts-inner blfe-hero1 blfe-posts-inner blfe-col-3 blfe-col-tab-6 blfe-col-mob-12     \">\n                            <div class=\"blfe-post-grid-item\">\n            <div class=\"blfe-post-grid-item-inner blfe-modern-zoom\">\n                        <div class=\"blfe-post-grid-bg-image\">\n            <a class=\"blfe-post-grid-image-inner\" href=\"https:\/\/soymigrante.com\/revista\/luis-von-ahn-national-geographic-33-guatemalteco-duolingo\/\" title=\"\u00bfC\u00f3mo lleg\u00f3 el  guatemalteco Luis von Ahn a la lista Global 33 de L\u00edderes Innovadores de National Geographic?\" rel=\"nofollow\" target=\"_blank\"><img decoding=\"async\" src=\"https:\/\/soymigrante.com\/revista\/wp-content\/uploads\/2026\/04\/Luis-von-Ahn-33-changemakers-National-Geographic-guatemalteco-migrante-lista.png\" alt=\"\u00bfC\u00f3mo lleg\u00f3 el  guatemalteco Luis von Ahn a la lista Global 33 de L\u00edderes Innovadores de National Geographic?\"\/><\/a>        <\/div>\n                        <div class=\"blfe-post-grid-details\">\n                    <div class=\"blfe-post-grid-details-inner\">\n                        <span class=\"blfe-post-category\"><a href=\"https:\/\/soymigrante.com\/revista\/category\/exitos\/\">\u00c9xitos<\/a><\/span>                        <h3 class=\"blfe-post-grid-title\">\n            <a href=\"https:\/\/soymigrante.com\/revista\/luis-von-ahn-national-geographic-33-guatemalteco-duolingo\/\" title=\"\u00bfC\u00f3mo lleg\u00f3 el  guatemalteco Luis von Ahn a la lista Global 33 de L\u00edderes Innovadores de National Geographic?\" rel=\"nofollow\" target=\"_blank\">\u00bfC\u00f3mo lleg\u00f3 el  guatemalteco Luis von Ahn a la lista Global 33 de L\u00edderes Innovadores de National Geographic?<\/a>\n            <\/h3>                                                            <div class=\"blfe-post-grid-meta\">\n                <span class=\"blfe-post-grid-time\"><i class=\"fas fa-book-reader\"><\/i>5 Min read<\/span>            <\/div>\n                                                        <\/div>\n                <\/div>\n\n            <\/div>\n        <\/div>\n                <div class=\"blfe-post-grid-item\">\n            <div class=\"blfe-post-grid-item-inner blfe-modern-zoom\">\n                        <div class=\"blfe-post-grid-bg-image\">\n            <a class=\"blfe-post-grid-image-inner\" href=\"https:\/\/soymigrante.com\/revista\/migrante-guatemalteco-trabajador-de-la-construccion-adolfo-mejia\/\" title=\"&#8220;Aqu\u00ed se trabaja duro&#8221;: Adolfo Mej\u00eda, migrante y constructor guatemalteco\" rel=\"nofollow\" target=\"_blank\"><img decoding=\"async\" src=\"https:\/\/soymigrante.com\/revista\/wp-content\/uploads\/2023\/06\/adolfo-mejia.webp\" alt=\"&#8220;Aqu\u00ed se trabaja duro&#8221;: Adolfo Mej\u00eda, migrante y constructor guatemalteco\"\/><\/a>        <\/div>\n                        <div class=\"blfe-post-grid-details\">\n                    <div class=\"blfe-post-grid-details-inner\">\n                        <span class=\"blfe-post-category\"><a href=\"https:\/\/soymigrante.com\/revista\/category\/exitos\/\">\u00c9xitos<\/a><\/span>                        <h3 class=\"blfe-post-grid-title\">\n            <a href=\"https:\/\/soymigrante.com\/revista\/migrante-guatemalteco-trabajador-de-la-construccion-adolfo-mejia\/\" title=\"&#8220;Aqu\u00ed se trabaja duro&#8221;: Adolfo Mej\u00eda, migrante y constructor guatemalteco\" rel=\"nofollow\" target=\"_blank\">&#8220;Aqu\u00ed se trabaja duro&#8221;: Adolfo Mej\u00eda, migrante y constructor guatemalteco<\/a>\n            <\/h3>                                                            <div class=\"blfe-post-grid-meta\">\n                <span class=\"blfe-post-grid-time\"><i class=\"fas fa-book-reader\"><\/i>5 Min read<\/span>            <\/div>\n                                                        <\/div>\n                <\/div>\n\n            <\/div>\n        <\/div>\n                <div class=\"blfe-post-grid-item\">\n            <div class=\"blfe-post-grid-item-inner blfe-modern-zoom\">\n                        <div class=\"blfe-post-grid-bg-image\">\n            <a class=\"blfe-post-grid-image-inner\" href=\"https:\/\/soymigrante.com\/revista\/actor-arturo-castro\/\" title=\"&#8220;Cuando uno tiene un sue\u00f1o, no hay plan B&#8221;: actor Arturo Castro\" rel=\"nofollow\" target=\"_blank\"><img decoding=\"async\" src=\"https:\/\/soymigrante.com\/revista\/wp-content\/uploads\/2023\/02\/artennat.webp\" alt=\"&#8220;Cuando uno tiene un sue\u00f1o, no hay plan B&#8221;: actor Arturo Castro\"\/><\/a>        <\/div>\n                        <div class=\"blfe-post-grid-details\">\n                    <div class=\"blfe-post-grid-details-inner\">\n                        <span class=\"blfe-post-category\"><a href=\"https:\/\/soymigrante.com\/revista\/category\/exitos\/\">\u00c9xitos<\/a><\/span>                        <h3 class=\"blfe-post-grid-title\">\n            <a href=\"https:\/\/soymigrante.com\/revista\/actor-arturo-castro\/\" title=\"&#8220;Cuando uno tiene un sue\u00f1o, no hay plan B&#8221;: actor Arturo Castro\" rel=\"nofollow\" target=\"_blank\">&#8220;Cuando uno tiene un sue\u00f1o, no hay plan B&#8221;: actor Arturo Castro<\/a>\n            <\/h3>                                                            <div class=\"blfe-post-grid-meta\">\n                <span class=\"blfe-post-grid-time\"><i class=\"fas fa-book-reader\"><\/i>8 Min read<\/span>            <\/div>\n                                                        <\/div>\n                <\/div>\n\n            <\/div>\n        <\/div>\n                        <\/div>\n\n                        <\/div>\n            \n                        <div class=\"blfe-post-footer\">\n                        <\/div>\n            \t\t\t\t<\/div>\n\t\t\t\t<\/div>\n\t\t\t\t\t<\/div>\n\t\t<\/div>\n\t\t\t\t\t<\/div>\n\t\t<\/section>\n\t\t\t\t<\/div>\n\t\t","protected":false},"excerpt":{"rendered":"<p>Arquitecto, escritor y fot\u00f3grafo migrante nacido en Guatemala y con gran huella creativa. Carlos Mart\u00ednez refleja en su historia el gran poder de los sue\u00f1os y la creatividad. Carlos Mart\u00ednez estuvo un a\u00f1o en California para intentar finalizar su secundaria pero volvi\u00f3 sin lograrlo, a Guatemala. Despu\u00e9s pudo ir bastante m\u00e1s al norte, a Montreal, [&hellip;]<\/p>\n","protected":false},"author":7,"featured_media":5858,"comment_status":"open","ping_status":"open","sticky":false,"template":"","format":"standard","meta":{"_acf_changed":false,"_eb_attr":"","footnotes":""},"categories":[50],"tags":[],"class_list":["post-5857","post","type-post","status-publish","format-standard","has-post-thumbnail","hentry","category-exitos"],"acf":[],"aioseo_notices":[],"aioseo_head":"\n\t\t<!-- All in One SEO Pro 4.9.6.2 - aioseo.com -->\n\t<meta name=\"description\" content=\"Considera el ser guatemalteco un \u201csuperpoder\u201d y ve en los migrantes hispanos radicados de EE.UU. una hermandad sin fronteras. Se r\u00ede de los estereotipos discriminatorios precisamente para desarmarlos a trav\u00e9s de su participaci\u00f3n en la serie Alternatino.\u200b El actor Arturo Castro figura en el reparto de The Menu, una pel\u00edcula elogiada por la cr\u00edtica y\" \/>\n\t<meta name=\"robots\" content=\"max-snippet:-1, max-image-preview:large, max-video-preview:-1\" \/>\n\t<meta name=\"author\" content=\"Gustavo Montenegro\"\/>\n\t<link rel=\"canonical\" href=\"https:\/\/soymigrante.com\/revista\/actor-arturo-castro\/\" \/>\n\t<meta name=\"generator\" content=\"All in One SEO Pro (AIOSEO) 4.9.6.2\" \/>\n\n\t\t<link rel=\"preconnect\" href=\"https:\/\/fonts.googleapis.com\" crossorigin>\n<link rel=\"preconnect\" href=\"https:\/\/fonts.gstatic.com\" crossorigin>\n\t\t<meta property=\"og:locale\" content=\"es_ES\" \/>\n\t\t<meta property=\"og:site_name\" content=\"SoyMigrante.com REVISTA \u2013 Nuestra misi\u00f3n es reconocer y dignificar al migrante.\" \/>\n\t\t<meta property=\"og:type\" content=\"article\" \/>\n\t\t<meta property=\"og:title\" content=\"\u201cCuando uno tiene un sue\u00f1o, no hay plan B\u201d: actor Arturo Castro\" \/>\n\t\t<meta property=\"og:description\" content=\"Considera el ser guatemalteco un \u201csuperpoder\u201d y ve en los migrantes hispanos radicados de EE.UU. una hermandad sin fronteras. Se r\u00ede de los estereotipos discriminatorios precisamente para desarmarlos a trav\u00e9s de su participaci\u00f3n en la serie Alternatino.\u200b El actor Arturo Castro figura en el reparto de The Menu, una pel\u00edcula elogiada por la cr\u00edtica y\" \/>\n\t\t<meta property=\"og:url\" content=\"https:\/\/soymigrante.com\/revista\/actor-arturo-castro\/\" \/>\n\t\t<meta property=\"og:image\" content=\"https:\/\/soymigrante.com\/revista\/wp-content\/uploads\/2023\/02\/artennat.webp\" \/>\n\t\t<meta property=\"og:image:secure_url\" content=\"https:\/\/soymigrante.com\/revista\/wp-content\/uploads\/2023\/02\/artennat.webp\" \/>\n\t\t<meta property=\"og:image:width\" content=\"1280\" \/>\n\t\t<meta property=\"og:image:height\" content=\"720\" \/>\n\t\t<meta property=\"article:published_time\" content=\"2023-05-26T00:12:51+00:00\" \/>\n\t\t<meta property=\"article:modified_time\" content=\"2026-03-11T20:41:43+00:00\" \/>\n\t\t<meta property=\"article:publisher\" content=\"https:\/\/www.facebook.com\/soymigrantecom\" \/>\n\t\t<meta name=\"twitter:card\" content=\"summary_large_image\" \/>\n\t\t<meta name=\"twitter:site\" content=\"@SoyMigrante_com\" \/>\n\t\t<meta name=\"twitter:title\" content=\"\u201cCuando uno tiene un sue\u00f1o, no hay plan B\u201d: actor Arturo Castro\" \/>\n\t\t<meta name=\"twitter:description\" content=\"Considera el ser guatemalteco un \u201csuperpoder\u201d y ve en los migrantes hispanos radicados de EE.UU. una hermandad sin fronteras. Se r\u00ede de los estereotipos discriminatorios precisamente para desarmarlos a trav\u00e9s de su participaci\u00f3n en la serie Alternatino.\u200b El actor Arturo Castro figura en el reparto de The Menu, una pel\u00edcula elogiada por la cr\u00edtica y\" \/>\n\t\t<meta name=\"twitter:creator\" content=\"@SoyMigrante_com\" \/>\n\t\t<meta name=\"twitter:image\" content=\"https:\/\/soymigrante.com\/revista\/wp-content\/uploads\/2023\/02\/artennat.webp\" \/>\n\t\t<!-- All in One SEO Pro -->\r\n\t\t<title>\u201cCuando uno tiene un sue\u00f1o, no hay plan B\u201d: actor Arturo Castro<\/title>\n\n","aioseo_head_json":{"title":"\u201cCuando uno tiene un sue\u00f1o, no hay plan B\u201d: actor Arturo Castro","description":"Considera el ser guatemalteco un \u201csuperpoder\u201d y ve en los migrantes hispanos radicados de EE.UU. una hermandad sin fronteras. Se r\u00ede de los estereotipos discriminatorios precisamente para desarmarlos a trav\u00e9s de su participaci\u00f3n en la serie Alternatino.\u200b El actor Arturo Castro figura en el reparto de The Menu, una pel\u00edcula elogiada por la cr\u00edtica y","canonical_url":"https:\/\/soymigrante.com\/revista\/actor-arturo-castro\/","robots":"max-snippet:-1, max-image-preview:large, max-video-preview:-1","keywords":"","webmasterTools":{"miscellaneous":"&lt;link rel=\"preconnect\" href=\"https:\/\/fonts.googleapis.com\" crossorigin&gt;\n&lt;link rel=\"preconnect\" href=\"https:\/\/fonts.gstatic.com\" crossorigin&gt;"},"schema":null,"og:locale":"es_ES","og:site_name":"SoyMigrante.com REVISTA \u2013 Nuestra misi\u00f3n es reconocer y dignificar al migrante.","og:type":"article","og:title":"\u201cCuando uno tiene un sue\u00f1o, no hay plan B\u201d: actor Arturo Castro","og:description":"Considera el ser guatemalteco un \u201csuperpoder\u201d y ve en los migrantes hispanos radicados de EE.UU. una hermandad sin fronteras. Se r\u00ede de los estereotipos discriminatorios precisamente para desarmarlos a trav\u00e9s de su participaci\u00f3n en la serie Alternatino.\u200b El actor Arturo Castro figura en el reparto de The Menu, una pel\u00edcula elogiada por la cr\u00edtica y","og:url":"https:\/\/soymigrante.com\/revista\/actor-arturo-castro\/","og:image":"https:\/\/soymigrante.com\/revista\/wp-content\/uploads\/2023\/02\/artennat.webp","og:image:secure_url":"https:\/\/soymigrante.com\/revista\/wp-content\/uploads\/2023\/02\/artennat.webp","og:image:width":1280,"og:image:height":720,"article:published_time":"2023-05-26T00:12:51+00:00","article:modified_time":"2026-03-11T20:41:43+00:00","article:publisher":"https:\/\/www.facebook.com\/soymigrantecom","twitter:card":"summary_large_image","twitter:site":"@SoyMigrante_com","twitter:title":"\u201cCuando uno tiene un sue\u00f1o, no hay plan B\u201d: actor Arturo Castro","twitter:description":"Considera el ser guatemalteco un \u201csuperpoder\u201d y ve en los migrantes hispanos radicados de EE.UU. una hermandad sin fronteras. Se r\u00ede de los estereotipos discriminatorios precisamente para desarmarlos a trav\u00e9s de su participaci\u00f3n en la serie Alternatino.\u200b El actor Arturo Castro figura en el reparto de The Menu, una pel\u00edcula elogiada por la cr\u00edtica y","twitter:creator":"@SoyMigrante_com","twitter:image":"https:\/\/soymigrante.com\/revista\/wp-content\/uploads\/2023\/02\/artennat.webp"},"aioseo_meta_data":{"post_id":"5857","title":null,"description":null,"keywords":[],"keyphrases":{"focus":{"keyphrase":"Migrante","score":60,"analysis":{"keyphraseInTitle":{"score":3,"maxScore":9,"error":1},"keyphraseInDescription":{"score":9,"maxScore":9,"error":0},"keyphraseLength":{"score":9,"maxScore":9,"error":0,"length":1},"keyphraseInURL":{"score":5,"maxScore":5,"error":0},"keyphraseInIntroduction":{"score":3,"maxScore":9,"error":1},"keyphraseInSubHeadings":{"score":3,"maxScore":9,"error":1},"keyphraseInImageAlt":{"score":9,"maxScore":9,"error":0},"keywordDensity":{"score":0,"type":"low","maxScore":9,"error":1}}},"additional":[]},"primary_term":null,"canonical_url":null,"og_title":null,"og_description":null,"og_object_type":"default","og_image_type":"default","og_image_url":null,"og_image_width":null,"og_image_height":null,"og_image_custom_url":null,"og_image_custom_fields":null,"og_video":"","og_custom_url":null,"og_article_section":null,"og_article_tags":[],"twitter_use_og":false,"twitter_card":"default","twitter_image_type":"default","twitter_image_url":null,"twitter_image_custom_url":null,"twitter_image_custom_fields":null,"twitter_title":null,"twitter_description":null,"schema":{"blockGraphs":[],"customGraphs":[],"default":{"data":{"Article":[],"Course":[],"Dataset":[],"FAQPage":[],"Movie":[],"Person":[],"Product":[],"ProductReview":[],"Car":[],"Recipe":[],"Service":[],"SoftwareApplication":[],"WebPage":[]},"graphName":"BlogPosting","isEnabled":true},"graphs":[]},"schema_type":"default","schema_type_options":null,"pillar_content":false,"robots_default":true,"robots_noindex":false,"robots_noarchive":false,"robots_nosnippet":false,"robots_nofollow":false,"robots_noimageindex":false,"robots_noodp":false,"robots_notranslate":false,"robots_max_snippet":"-1","robots_max_videopreview":"-1","robots_max_imagepreview":"large","priority":null,"frequency":"default","local_seo":null,"seo_analyzer_scan_date":"2025-11-14 17:45:39","breadcrumb_settings":null,"limit_modified_date":false,"reviewed_by":null,"open_ai":null,"ai":null,"created":"2024-04-08 04:00:55","updated":"2026-02-04 11:13:05"},"aioseo_breadcrumb":"<div class=\"aioseo-breadcrumbs\"><span class=\"aioseo-breadcrumb\">\n\t<a href=\"https:\/\/soymigrante.com\/revista\" title=\"Home\">Home<\/a>\n<\/span><span class=\"aioseo-breadcrumb-separator\">\u00bb<\/span><span class=\"aioseo-breadcrumb\">\n\t<a href=\"https:\/\/soymigrante.com\/revista\/category\/exitos\/\" title=\"\u00c9xitos\">\u00c9xitos<\/a>\n<\/span><span class=\"aioseo-breadcrumb-separator\">\u00bb<\/span><span class=\"aioseo-breadcrumb\">\n\tArquitectura paisajista floreci\u00f3 con Carlos Mart\u00ednez en el fr\u00edo de Canad\u00e1\n<\/span><\/div>","aioseo_breadcrumb_json":[{"label":"Home","link":"https:\/\/soymigrante.com\/revista"},{"label":"\u00c9xitos","link":"https:\/\/soymigrante.com\/revista\/category\/exitos\/"},{"label":"Arquitectura paisajista floreci\u00f3 con Carlos Mart\u00ednez en el fr\u00edo de Canad\u00e1","link":"https:\/\/soymigrante.com\/revista\/arquitectura-paisajista-florecio-con-carlos-martinez-en-el-frio-de-canada\/"}],"_links":{"self":[{"href":"https:\/\/soymigrante.com\/revista\/wp-json\/wp\/v2\/posts\/5857","targetHints":{"allow":["GET"]}}],"collection":[{"href":"https:\/\/soymigrante.com\/revista\/wp-json\/wp\/v2\/posts"}],"about":[{"href":"https:\/\/soymigrante.com\/revista\/wp-json\/wp\/v2\/types\/post"}],"author":[{"embeddable":true,"href":"https:\/\/soymigrante.com\/revista\/wp-json\/wp\/v2\/users\/7"}],"replies":[{"embeddable":true,"href":"https:\/\/soymigrante.com\/revista\/wp-json\/wp\/v2\/comments?post=5857"}],"version-history":[{"count":3,"href":"https:\/\/soymigrante.com\/revista\/wp-json\/wp\/v2\/posts\/5857\/revisions"}],"predecessor-version":[{"id":48603,"href":"https:\/\/soymigrante.com\/revista\/wp-json\/wp\/v2\/posts\/5857\/revisions\/48603"}],"wp:featuredmedia":[{"embeddable":true,"href":"https:\/\/soymigrante.com\/revista\/wp-json\/wp\/v2\/media\/5858"}],"wp:attachment":[{"href":"https:\/\/soymigrante.com\/revista\/wp-json\/wp\/v2\/media?parent=5857"}],"wp:term":[{"taxonomy":"category","embeddable":true,"href":"https:\/\/soymigrante.com\/revista\/wp-json\/wp\/v2\/categories?post=5857"},{"taxonomy":"post_tag","embeddable":true,"href":"https:\/\/soymigrante.com\/revista\/wp-json\/wp\/v2\/tags?post=5857"}],"curies":[{"name":"wp","href":"https:\/\/api.w.org\/{rel}","templated":true}]}}