{"id":5808,"date":"2024-04-04T16:28:32","date_gmt":"2024-04-04T22:28:32","guid":{"rendered":"https:\/\/soymigrante.com\/revista\/?p=5808"},"modified":"2024-04-30T05:01:56","modified_gmt":"2024-04-30T11:01:56","slug":"cantante-guatemalteca-en-american-idol-julia-gagnon-chapina-historia","status":"publish","type":"post","link":"https:\/\/soymigrante.com\/revista\/cantante-guatemalteca-en-american-idol-julia-gagnon-chapina-historia\/","title":{"rendered":"Escucha a Julia, la voz chapina que sorprende en American Idol"},"content":{"rendered":"\t\t<div data-elementor-type=\"wp-post\" data-elementor-id=\"5808\" class=\"elementor elementor-5808\" data-elementor-post-type=\"post\">\n\t\t\t\t\t\t<section data-particle_enable=\"false\" data-particle-mobile-disabled=\"false\" class=\"elementor-section elementor-top-section elementor-element elementor-element-923788e elementor-section-boxed elementor-section-height-default elementor-section-height-default\" data-id=\"923788e\" data-element_type=\"section\" data-e-type=\"section\">\n\t\t\t\t\t\t<div class=\"elementor-container elementor-column-gap-default\">\n\t\t\t\t\t<div class=\"elementor-column elementor-col-100 elementor-top-column elementor-element elementor-element-227cf2b\" data-id=\"227cf2b\" data-element_type=\"column\" data-e-type=\"column\">\n\t\t\t<div class=\"elementor-widget-wrap elementor-element-populated\">\n\t\t\t\t\t\t<div class=\"elementor-element elementor-element-7b2b77d elementor-widget elementor-widget-heading\" data-id=\"7b2b77d\" data-element_type=\"widget\" data-e-type=\"widget\" data-widget_type=\"heading.default\">\n\t\t\t\t\t<h2 class=\"elementor-heading-title elementor-size-default\"><span style=\"font-size: 31.2px\">Naci\u00f3 en Guatemala y estuvo en una casa hogar casi desde que naci\u00f3. A los 2 a\u00f1os fue adoptada por una pareja  de Maine, EE.UU.. Ahora Julia Gagnon concursa con su impresionante talento vocal en American Idol. <\/span><\/h2>\t\t\t\t<\/div>\n\t\t\t\t\t<\/div>\n\t\t<\/div>\n\t\t\t\t\t<\/div>\n\t\t<\/section>\n\t\t\t\t<section data-particle_enable=\"false\" data-particle-mobile-disabled=\"false\" class=\"elementor-section elementor-top-section elementor-element elementor-element-561c823 elementor-section-boxed elementor-section-height-default elementor-section-height-default\" data-id=\"561c823\" data-element_type=\"section\" data-e-type=\"section\">\n\t\t\t\t\t\t<div class=\"elementor-container elementor-column-gap-default\">\n\t\t\t\t\t<div class=\"elementor-column elementor-col-100 elementor-top-column elementor-element elementor-element-dd561e3\" data-id=\"dd561e3\" data-element_type=\"column\" data-e-type=\"column\">\n\t\t\t<div class=\"elementor-widget-wrap elementor-element-populated\">\n\t\t\t\t\t\t<div class=\"elementor-element elementor-element-8c6c5cd elementor-widget elementor-widget-text-editor\" data-id=\"8c6c5cd\" data-element_type=\"widget\" data-e-type=\"widget\" data-widget_type=\"text-editor.default\">\n\t\t\t\t\t\t\t\t\t<p>Julia Gagnon se hizo migrante apenas a los 2 a\u00f1os: sus padres adoptivos la llevaron al estado de Maine tras haber estado viviendo en un orfanato, a donde su mam\u00e1 la llev\u00f3 por la imposibilidad de poder hacerse cargo de ello pues era v\u00edctima de violencia y tambi\u00e9n padec\u00eda de poliomielitis.<\/p><p>20 a\u00f1os despu\u00e9s, la potente voz y presencia de Julia sorprendi\u00f3 a los jurados del concurso televisivo American Idol, al punto que consigui\u00f3 un espacio dentro de los 24 finalistas y adem\u00e1s, gracias a su excelencia, un &#8220;boleto de platino&#8221; que le permite saltarse la primera etapa.<\/p>\t\t\t\t\t\t\t\t<\/div>\n\t\t\t\t\t<\/div>\n\t\t<\/div>\n\t\t\t\t\t<\/div>\n\t\t<\/section>\n\t\t\t\t<section data-particle_enable=\"false\" data-particle-mobile-disabled=\"false\" class=\"elementor-section elementor-top-section elementor-element elementor-element-da55f8e elementor-section-boxed elementor-section-height-default elementor-section-height-default\" data-id=\"da55f8e\" data-element_type=\"section\" data-e-type=\"section\">\n\t\t\t\t\t\t<div class=\"elementor-container elementor-column-gap-default\">\n\t\t\t\t\t<div class=\"elementor-column elementor-col-100 elementor-top-column elementor-element elementor-element-00131a6\" data-id=\"00131a6\" data-element_type=\"column\" data-e-type=\"column\">\n\t\t\t<div class=\"elementor-widget-wrap elementor-element-populated\">\n\t\t\t\t\t\t<div class=\"elementor-element elementor-element-7234c96 elementor-widget elementor-widget-image\" data-id=\"7234c96\" data-element_type=\"widget\" data-e-type=\"widget\" data-widget_type=\"image.default\">\n\t\t\t\t\t\t\t\t\t\t\t\t<figure class=\"wp-caption\">\n\t\t\t\t\t\t\t\t\t\t<img fetchpriority=\"high\" decoding=\"async\" width=\"768\" height=\"438\" src=\"https:\/\/soymigrante.com\/revista\/wp-content\/uploads\/2024\/04\/Captura-de-pantalla-2024-04-04-151314.webp\" class=\"attachment-large size-large wp-image-5814\" alt=\"Discurso mujer migrante en programa de televisi\u00f3n, entrevista sobre experiencias y desaf\u00edos de la migraci\u00f3n en Am\u00e9rica Latina.\" srcset=\"https:\/\/soymigrante.com\/revista\/wp-content\/uploads\/2024\/04\/Captura-de-pantalla-2024-04-04-151314.webp 960w, https:\/\/soymigrante.com\/revista\/wp-content\/uploads\/2024\/04\/Captura-de-pantalla-2024-04-04-151314-300x171.webp 300w, https:\/\/soymigrante.com\/revista\/wp-content\/uploads\/2024\/04\/Captura-de-pantalla-2024-04-04-151314-768x438.webp 768w, https:\/\/soymigrante.com\/revista\/wp-content\/uploads\/2024\/04\/Captura-de-pantalla-2024-04-04-151314-750x427.webp 750w\" sizes=\"(max-width: 768px) 100vw, 768px\" title=\"Julia Gagnon cont\u00f3 su historia poco antes de cantar en su audici\u00f3n; habl\u00f3 de su origen guatemalteco y del orgullo que quer\u00eda transmitir a su mam\u00e1 biol\u00f3gica, para que se sintiera orgullosa de ella, seg\u00fan dijo. \u2013 SoyMigrante.com REVISTA\" \/>\t\t\t\t\t\t\t\t\t\t\t<figcaption class=\"widget-image-caption wp-caption-text\">Explicaci\u00f3n sobre las historias de mujeres migrantes en Am\u00e9rica Latina en un programa de televisi\u00f3n, destacando desaf\u00edos y la importancia de la comunidad migrante, en un contexto de inclusi\u00f3n social y derechos humanos.<\/figcaption>\n\t\t\t\t\t\t\t\t\t\t<\/figure>\n\t\t\t\t\t\t\t\t\t<\/div>\n\t\t\t\t\t<\/div>\n\t\t<\/div>\n\t\t\t\t\t<\/div>\n\t\t<\/section>\n\t\t\t\t<section data-particle_enable=\"false\" data-particle-mobile-disabled=\"false\" class=\"elementor-section elementor-top-section elementor-element elementor-element-a284951 elementor-section-boxed elementor-section-height-default elementor-section-height-default\" data-id=\"a284951\" data-element_type=\"section\" data-e-type=\"section\">\n\t\t\t\t\t\t<div class=\"elementor-container elementor-column-gap-default\">\n\t\t\t\t\t<div class=\"elementor-column elementor-col-100 elementor-top-column elementor-element elementor-element-86aad4f\" data-id=\"86aad4f\" data-element_type=\"column\" data-e-type=\"column\">\n\t\t\t<div class=\"elementor-widget-wrap elementor-element-populated\">\n\t\t\t\t\t\t<div class=\"elementor-element elementor-element-0cf91a0 elementor-widget elementor-widget-heading\" data-id=\"0cf91a0\" data-element_type=\"widget\" data-e-type=\"widget\" data-widget_type=\"heading.default\">\n\t\t\t\t\t<h3 class=\"elementor-heading-title elementor-size-default\">Talento resonante desde su primera participaci\u00f3n<\/h3>\t\t\t\t<\/div>\n\t\t\t\t\t<\/div>\n\t\t<\/div>\n\t\t\t\t\t<\/div>\n\t\t<\/section>\n\t\t\t\t<section data-particle_enable=\"false\" data-particle-mobile-disabled=\"false\" class=\"elementor-section elementor-top-section elementor-element elementor-element-bbd79e6 elementor-section-boxed elementor-section-height-default elementor-section-height-default\" data-id=\"bbd79e6\" data-element_type=\"section\" data-e-type=\"section\">\n\t\t\t\t\t\t<div class=\"elementor-container elementor-column-gap-default\">\n\t\t\t\t\t<div class=\"elementor-column elementor-col-100 elementor-top-column elementor-element elementor-element-811bcd4\" data-id=\"811bcd4\" data-element_type=\"column\" data-e-type=\"column\">\n\t\t\t<div class=\"elementor-widget-wrap elementor-element-populated\">\n\t\t\t\t\t\t<div class=\"elementor-element elementor-element-ba77a1a elementor-widget elementor-widget-text-editor\" data-id=\"ba77a1a\" data-element_type=\"widget\" data-e-type=\"widget\" data-widget_type=\"text-editor.default\">\n\t\t\t\t\t\t\t\t\t<p>Julia fue la \u00faltima en audicionar e interpret\u00f3 una canci\u00f3n de Aretha Franklin, Ain&#8217;t no way (No hay manera) t\u00e9cnicamente muy complicada. La fuerza vocal y la versatilidad de los tonos lograda por Julia Gagnon gener\u00f3 muchos elogios entre seguidores del programa.\u00a0<\/p><p>De hecho dijo a los jueces que viv\u00eda en Cumberland, Maine, pero que su origen era Guatemala;\u00a0 en 2020 logr\u00f3 encontrar a su mam\u00e1 biol\u00f3gica, quien estaba muy agradecida con los pap\u00e1s adoptivos por haberle dado la oportunidad de crecer, salir adelante y de cumplir su sue\u00f1o de ser cantante.<\/p><p>Julia le dedic\u00f3 a su mam\u00e1 guatemalteca aquella primera participaci\u00f3n.<\/p>\t\t\t\t\t\t\t\t<\/div>\n\t\t\t\t\t<\/div>\n\t\t<\/div>\n\t\t\t\t\t<\/div>\n\t\t<\/section>\n\t\t\t\t<section data-particle_enable=\"false\" data-particle-mobile-disabled=\"false\" class=\"elementor-section elementor-top-section elementor-element elementor-element-9ff9e7a elementor-section-boxed elementor-section-height-default elementor-section-height-default\" data-id=\"9ff9e7a\" data-element_type=\"section\" data-e-type=\"section\">\n\t\t\t\t\t\t<div class=\"elementor-container elementor-column-gap-default\">\n\t\t\t\t\t<div class=\"elementor-column elementor-col-100 elementor-top-column elementor-element elementor-element-d88ffeb\" data-id=\"d88ffeb\" data-element_type=\"column\" data-e-type=\"column\">\n\t\t\t<div class=\"elementor-widget-wrap elementor-element-populated\">\n\t\t\t\t\t\t<div class=\"elementor-element elementor-element-7b40d47 elementor-widget elementor-widget-testimonial\" data-id=\"7b40d47\" data-element_type=\"widget\" data-e-type=\"widget\" data-widget_type=\"testimonial.default\">\n\t\t\t\t\t\t\t<div class=\"elementor-testimonial-wrapper\">\n\t\t\t\t\t\t\t<div class=\"elementor-testimonial-content\">\"Nac\u00ed en Guatemala y crec\u00ed en una casa hogar, hasta que mis padres me adoptaron y me trajeron a Maine, Estados Unidos. Les agradezco a ellos todo lo que me han dado pero tambi\u00e9n me siento orgullosa de tener sangre maya\"<\/div>\n\t\t\t\n\t\t\t\t\t\t<div class=\"elementor-testimonial-meta elementor-has-image elementor-testimonial-image-position-aside\">\n\t\t\t\t<div class=\"elementor-testimonial-meta-inner\">\n\t\t\t\t\t\t\t\t\t\t\t<div class=\"elementor-testimonial-image\">\n\t\t\t\t\t\t\t<img decoding=\"async\" width=\"863\" height=\"495\" src=\"https:\/\/soymigrante.com\/revista\/wp-content\/uploads\/2024\/04\/Captura-de-pantalla-2024-04-04-120104.webp\" class=\"attachment-full size-full wp-image-5818\" alt=\"Retrato de una mujer migrante sonriendo, con un fondo de cortinas blancas y azules, representando historias y experiencias de migrantes en la revista SoyMigrante.com.\" title=\"julia gagnon cantante chapina en maine \u2013 SoyMigrante.com REVISTA\" srcset=\"https:\/\/soymigrante.com\/revista\/wp-content\/uploads\/2024\/04\/Captura-de-pantalla-2024-04-04-120104.webp 863w, https:\/\/soymigrante.com\/revista\/wp-content\/uploads\/2024\/04\/Captura-de-pantalla-2024-04-04-120104-300x172.webp 300w, https:\/\/soymigrante.com\/revista\/wp-content\/uploads\/2024\/04\/Captura-de-pantalla-2024-04-04-120104-768x441.webp 768w, https:\/\/soymigrante.com\/revista\/wp-content\/uploads\/2024\/04\/Captura-de-pantalla-2024-04-04-120104-750x430.webp 750w\" sizes=\"(max-width: 863px) 100vw, 863px\" \/>\t\t\t\t\t\t<\/div>\n\t\t\t\t\t\n\t\t\t\t\t\t\t\t\t\t<div class=\"elementor-testimonial-details\">\n\t\t\t\t\t\t\t\t\t\t\t\t\t\t<div class=\"elementor-testimonial-name\">Julia Gagnon<\/div>\n\t\t\t\t\t\t\t\t\t\t\t\t\t\t\t\t\t\t\t\t\t\t<div class=\"elementor-testimonial-job\">Cantante que participa en American Idol, nacida en Guatemala en 2002.<\/div>\n\t\t\t\t\t\t\t\t\t\t\t\t\t<\/div>\n\t\t\t\t\t\t\t\t\t<\/div>\n\t\t\t<\/div>\n\t\t\t\t\t<\/div>\n\t\t\t\t\t\t<\/div>\n\t\t\t\t\t<\/div>\n\t\t<\/div>\n\t\t\t\t\t<\/div>\n\t\t<\/section>\n\t\t\t\t<section data-particle_enable=\"false\" data-particle-mobile-disabled=\"false\" class=\"elementor-section elementor-top-section elementor-element elementor-element-b42e320 elementor-section-boxed elementor-section-height-default elementor-section-height-default\" data-id=\"b42e320\" data-element_type=\"section\" data-e-type=\"section\">\n\t\t\t\t\t\t<div class=\"elementor-container elementor-column-gap-default\">\n\t\t\t\t\t<div class=\"elementor-column elementor-col-100 elementor-top-column elementor-element elementor-element-3f3ae0a\" data-id=\"3f3ae0a\" data-element_type=\"column\" data-e-type=\"column\">\n\t\t\t<div class=\"elementor-widget-wrap elementor-element-populated\">\n\t\t\t\t\t\t<div class=\"elementor-element elementor-element-7f96399 elementor-widget elementor-widget-video\" data-id=\"7f96399\" data-element_type=\"widget\" data-e-type=\"widget\" data-settings=\"{&quot;youtube_url&quot;:&quot;https:\\\/\\\/www.youtube.com\\\/watch?v=i1ZhCvCM6lQ&quot;,&quot;start&quot;:210,&quot;autoplay&quot;:&quot;yes&quot;,&quot;lazy_load&quot;:&quot;yes&quot;,&quot;video_type&quot;:&quot;youtube&quot;,&quot;controls&quot;:&quot;yes&quot;}\" data-widget_type=\"video.default\">\n\t\t\t\t\t\t\t<div class=\"elementor-wrapper elementor-open-inline\">\n\t\t\t<div class=\"elementor-video\"><\/div>\t\t<\/div>\n\t\t\t\t\t\t<\/div>\n\t\t\t\t\t<\/div>\n\t\t<\/div>\n\t\t\t\t\t<\/div>\n\t\t<\/section>\n\t\t\t\t<section data-particle_enable=\"false\" data-particle-mobile-disabled=\"false\" class=\"elementor-section elementor-top-section elementor-element elementor-element-d1bd0e0 elementor-section-boxed elementor-section-height-default elementor-section-height-default\" data-id=\"d1bd0e0\" data-element_type=\"section\" data-e-type=\"section\">\n\t\t\t\t\t\t<div class=\"elementor-container elementor-column-gap-default\">\n\t\t\t\t\t<div class=\"elementor-column elementor-col-100 elementor-top-column elementor-element elementor-element-9519094\" data-id=\"9519094\" data-element_type=\"column\" data-e-type=\"column\">\n\t\t\t<div class=\"elementor-widget-wrap elementor-element-populated\">\n\t\t\t\t\t\t<div class=\"elementor-element elementor-element-bd30062 elementor-widget elementor-widget-heading\" data-id=\"bd30062\" data-element_type=\"widget\" data-e-type=\"widget\" data-widget_type=\"heading.default\">\n\t\t\t\t\t<h3 class=\"elementor-heading-title elementor-size-default\">Jurado se sorprende por su capacidad vocal<\/h3>\t\t\t\t<\/div>\n\t\t\t\t\t<\/div>\n\t\t<\/div>\n\t\t\t\t\t<\/div>\n\t\t<\/section>\n\t\t\t\t<section data-particle_enable=\"false\" data-particle-mobile-disabled=\"false\" class=\"elementor-section elementor-top-section elementor-element elementor-element-f930d5f elementor-section-boxed elementor-section-height-default elementor-section-height-default\" data-id=\"f930d5f\" data-element_type=\"section\" data-e-type=\"section\">\n\t\t\t\t\t\t<div class=\"elementor-container elementor-column-gap-default\">\n\t\t\t\t\t<div class=\"elementor-column elementor-col-100 elementor-top-column elementor-element elementor-element-005f9a4\" data-id=\"005f9a4\" data-element_type=\"column\" data-e-type=\"column\">\n\t\t\t<div class=\"elementor-widget-wrap elementor-element-populated\">\n\t\t\t\t\t\t<div class=\"elementor-element elementor-element-0513864 elementor-widget elementor-widget-text-editor\" data-id=\"0513864\" data-element_type=\"widget\" data-e-type=\"widget\" data-widget_type=\"text-editor.default\">\n\t\t\t\t\t\t\t\t\t<p>En una siguiente interpretaci\u00f3n, del tema Im telling you Im not going, de Dreamgirls, consigui\u00f3 entrar dentro de los 24 finalistas del certamen. Los jueces se pusieron de pie al finalizar la canci\u00f3n y le aplaudieron.\u00a0\u00a0<\/p><p>Dos de los jueces, el cantante Lionel Richie y la superestrella Katy Perry, quedaron admirados por la capacidad vocal de Julia. &#8220;Tienes un gran regalo y debes ser siempre t\u00fa misma. Felicitaciones&#8221;, le dijo Richie.<\/p><p>Este no es el primer concurso donde participa, pues anteriormente estuvo en una fase eliminatoria de Maine, en la cual triunf\u00f3. Tambi\u00e9n ha participado en iniciativas ben\u00e9ficas como Give your voice for giving tuesdah (Da tu voz para el martes de dar), que re\u00fane fondos para obra social.<\/p>\t\t\t\t\t\t\t\t<\/div>\n\t\t\t\t\t<\/div>\n\t\t<\/div>\n\t\t\t\t\t<\/div>\n\t\t<\/section>\n\t\t\t\t<section data-particle_enable=\"false\" data-particle-mobile-disabled=\"false\" class=\"elementor-section elementor-top-section elementor-element elementor-element-ba8094d elementor-section-boxed elementor-section-height-default elementor-section-height-default\" data-id=\"ba8094d\" data-element_type=\"section\" data-e-type=\"section\">\n\t\t\t\t\t\t<div class=\"elementor-container elementor-column-gap-default\">\n\t\t\t\t\t<div class=\"elementor-column elementor-col-100 elementor-top-column elementor-element elementor-element-448a762\" data-id=\"448a762\" data-element_type=\"column\" data-e-type=\"column\">\n\t\t\t<div class=\"elementor-widget-wrap elementor-element-populated\">\n\t\t\t\t\t\t<div class=\"elementor-element elementor-element-66ee99b elementor-widget elementor-widget-video\" data-id=\"66ee99b\" data-element_type=\"widget\" data-e-type=\"widget\" data-settings=\"{&quot;youtube_url&quot;:&quot;https:\\\/\\\/www.youtube.com\\\/watch?v=JgRvNgJGimo&amp;t=2s&quot;,&quot;video_type&quot;:&quot;youtube&quot;,&quot;controls&quot;:&quot;yes&quot;}\" data-widget_type=\"video.default\">\n\t\t\t\t\t\t\t<div class=\"elementor-wrapper elementor-open-inline\">\n\t\t\t<div class=\"elementor-video\"><\/div>\t\t<\/div>\n\t\t\t\t\t\t<\/div>\n\t\t\t\t\t<\/div>\n\t\t<\/div>\n\t\t\t\t\t<\/div>\n\t\t<\/section>\n\t\t\t\t<section data-particle_enable=\"false\" data-particle-mobile-disabled=\"false\" class=\"elementor-section elementor-top-section elementor-element elementor-element-04afea3 elementor-section-boxed elementor-section-height-default elementor-section-height-default\" data-id=\"04afea3\" data-element_type=\"section\" data-e-type=\"section\">\n\t\t\t\t\t\t<div class=\"elementor-container elementor-column-gap-default\">\n\t\t\t\t\t<div class=\"elementor-column elementor-col-100 elementor-top-column elementor-element elementor-element-b796e05\" data-id=\"b796e05\" data-element_type=\"column\" data-e-type=\"column\">\n\t\t\t<div class=\"elementor-widget-wrap elementor-element-populated\">\n\t\t\t\t\t\t<div class=\"elementor-element elementor-element-889b9b1 elementor-widget elementor-widget-heading\" data-id=\"889b9b1\" data-element_type=\"widget\" data-e-type=\"widget\" data-widget_type=\"heading.default\">\n\t\t\t\t\t<h3 class=\"elementor-heading-title elementor-size-default\">Pero el camino no ha sido nada f\u00e1cil, cuenta<\/h3>\t\t\t\t<\/div>\n\t\t\t\t\t<\/div>\n\t\t<\/div>\n\t\t\t\t\t<\/div>\n\t\t<\/section>\n\t\t\t\t<section data-particle_enable=\"false\" data-particle-mobile-disabled=\"false\" class=\"elementor-section elementor-top-section elementor-element elementor-element-76cb1c4 elementor-section-boxed elementor-section-height-default elementor-section-height-default\" data-id=\"76cb1c4\" data-element_type=\"section\" data-e-type=\"section\">\n\t\t\t\t\t\t<div class=\"elementor-container elementor-column-gap-default\">\n\t\t\t\t\t<div class=\"elementor-column elementor-col-100 elementor-top-column elementor-element elementor-element-eb413f8\" data-id=\"eb413f8\" data-element_type=\"column\" data-e-type=\"column\">\n\t\t\t<div class=\"elementor-widget-wrap elementor-element-populated\">\n\t\t\t\t\t\t<div class=\"elementor-element elementor-element-6012507 elementor-widget elementor-widget-text-editor\" data-id=\"6012507\" data-element_type=\"widget\" data-e-type=\"widget\" data-widget_type=\"text-editor.default\">\n\t\t\t\t\t\t\t\t\t<p><span style=\"color: var( --e-global-color-text );\">&#8220;Crecer aqu\u00ed (en Maine, Estados Unidos) fue un sue\u00f1o, todo era perfecto, hab\u00eda nieve en navidad, los veranos eran c\u00e1lidos y todo era fant\u00e1stico&#8221;, relat\u00f3 Julia a los jueces.&nbsp; Pero luego vino otra realidad:<\/span><br><\/p><p>&#8220;Cuando ingres\u00e9 a la escuela todo fue diferente, fui v\u00edctima de bullying, pues no muchas personas luc\u00edan como yo&#8221;, dijo refiri\u00e9ndose a su tono de piel. &#8220;Fue muy dif\u00edcil lidiar con esto, a\u00fan me cuesta hablarlo&#8221;, dijo al borde de las l\u00e1grimas.&nbsp;<\/p><p>&#8220;No encontraba un lugar donde encajar, pero mi soporte fue mi familia, los amo. Pero a la vez crec\u00ed queriendo saber acerca de mis padres biol\u00f3gicos, le dije a mi pap\u00e1: &#8216;esto no tiene nada que ver con ustedes, solo quiero saber lo que ocurri\u00f3 y \u00e9l me entendi\u00f3&#8221;. Durante mucho tiempo solo tuvo una fotograf\u00eda como recuerdo, hasta que a trav\u00e9s de un investigador lograron localizarla.<\/p><p>Fue ese v\u00ednculo con su madre biol\u00f3gica lo que la motiv\u00f3 a cantar: &#8220;Quiero hacer algo por ella, ella quiere verme hacer algo grande. Quiero decirle que me dio el empuj\u00f3n que necesito y todo pasa por algo&#8221;, dijo la artista migrante chapina.&nbsp;<\/p>\t\t\t\t\t\t\t\t<\/div>\n\t\t\t\t\t<\/div>\n\t\t<\/div>\n\t\t\t\t\t<\/div>\n\t\t<\/section>\n\t\t\t\t<section data-particle_enable=\"false\" data-particle-mobile-disabled=\"false\" class=\"elementor-section elementor-top-section elementor-element elementor-element-dd8fb18 elementor-section-boxed elementor-section-height-default elementor-section-height-default\" data-id=\"dd8fb18\" data-element_type=\"section\" data-e-type=\"section\">\n\t\t\t\t\t\t<div class=\"elementor-container elementor-column-gap-default\">\n\t\t\t\t\t<div class=\"elementor-column elementor-col-100 elementor-top-column elementor-element elementor-element-3897172\" data-id=\"3897172\" data-element_type=\"column\" data-e-type=\"column\">\n\t\t\t<div class=\"elementor-widget-wrap elementor-element-populated\">\n\t\t\t\t\t\t<div class=\"elementor-element elementor-element-379afb3 elementor-widget elementor-widget-image\" data-id=\"379afb3\" data-element_type=\"widget\" data-e-type=\"widget\" data-widget_type=\"image.default\">\n\t\t\t\t\t\t\t\t\t\t\t\t<figure class=\"wp-caption\">\n\t\t\t\t\t\t\t\t\t\t<img decoding=\"async\" width=\"768\" height=\"488\" src=\"https:\/\/soymigrante.com\/revista\/wp-content\/uploads\/2024\/04\/Captura-de-pantalla-2024-04-04-115748-1024x650.webp\" class=\"attachment-large size-large wp-image-5817\" alt=\"Celebraci\u00f3n de un reality show con elenco multicultural y diversidad cultural en un escenario moderno.\" srcset=\"https:\/\/soymigrante.com\/revista\/wp-content\/uploads\/2024\/04\/Captura-de-pantalla-2024-04-04-115748-1024x650.webp 1024w, https:\/\/soymigrante.com\/revista\/wp-content\/uploads\/2024\/04\/Captura-de-pantalla-2024-04-04-115748-300x191.webp 300w, https:\/\/soymigrante.com\/revista\/wp-content\/uploads\/2024\/04\/Captura-de-pantalla-2024-04-04-115748-768x488.webp 768w, https:\/\/soymigrante.com\/revista\/wp-content\/uploads\/2024\/04\/Captura-de-pantalla-2024-04-04-115748-750x476.webp 750w, https:\/\/soymigrante.com\/revista\/wp-content\/uploads\/2024\/04\/Captura-de-pantalla-2024-04-04-115748-1140x724.webp 1140w, https:\/\/soymigrante.com\/revista\/wp-content\/uploads\/2024\/04\/Captura-de-pantalla-2024-04-04-115748.webp 1222w\" sizes=\"(max-width: 768px) 100vw, 768px\" title=\"Julia Gagnon recibi\u00f3 uno de los tres tickets de platino, que le permiten saltar la primera eliminatoria y entrar despu\u00e9s de esta, debido a su sobresaliente talento detectado por los jueces. \u2013 SoyMigrante.com REVISTA\" \/>\t\t\t\t\t\t\t\t\t\t\t<figcaption class=\"widget-image-caption wp-caption-text\">Participantes y jueces en un momento emotivo, entregando un premio en un concurso de talentos estilo \"American Idol\".<\/figcaption>\n\t\t\t\t\t\t\t\t\t\t<\/figure>\n\t\t\t\t\t\t\t\t\t<\/div>\n\t\t\t\t\t<\/div>\n\t\t<\/div>\n\t\t\t\t\t<\/div>\n\t\t<\/section>\n\t\t\t\t<section data-particle_enable=\"false\" data-particle-mobile-disabled=\"false\" class=\"elementor-section elementor-top-section elementor-element elementor-element-cf8e3f9 elementor-section-boxed elementor-section-height-default elementor-section-height-default\" data-id=\"cf8e3f9\" data-element_type=\"section\" data-e-type=\"section\">\n\t\t\t\t\t\t<div class=\"elementor-container elementor-column-gap-default\">\n\t\t\t\t\t<div class=\"elementor-column elementor-col-100 elementor-top-column elementor-element elementor-element-817e6fb\" data-id=\"817e6fb\" data-element_type=\"column\" data-e-type=\"column\">\n\t\t\t<div class=\"elementor-widget-wrap elementor-element-populated\">\n\t\t\t\t\t\t<div class=\"elementor-element elementor-element-1785107 elementor-widget elementor-widget-heading\" data-id=\"1785107\" data-element_type=\"widget\" data-e-type=\"widget\" data-widget_type=\"heading.default\">\n\t\t\t\t\t<h3 class=\"elementor-heading-title elementor-size-default\">Reencuentro con sus ra\u00edces <\/h3>\t\t\t\t<\/div>\n\t\t\t\t\t<\/div>\n\t\t<\/div>\n\t\t\t\t\t<\/div>\n\t\t<\/section>\n\t\t\t\t<section data-particle_enable=\"false\" data-particle-mobile-disabled=\"false\" class=\"elementor-section elementor-top-section elementor-element elementor-element-ae608b1 elementor-section-boxed elementor-section-height-default elementor-section-height-default\" data-id=\"ae608b1\" data-element_type=\"section\" data-e-type=\"section\">\n\t\t\t\t\t\t<div class=\"elementor-container elementor-column-gap-default\">\n\t\t\t\t\t<div class=\"elementor-column elementor-col-100 elementor-top-column elementor-element elementor-element-358797c\" data-id=\"358797c\" data-element_type=\"column\" data-e-type=\"column\">\n\t\t\t<div class=\"elementor-widget-wrap elementor-element-populated\">\n\t\t\t\t\t\t<div class=\"elementor-element elementor-element-d75de46 elementor-widget elementor-widget-text-editor\" data-id=\"d75de46\" data-element_type=\"widget\" data-e-type=\"widget\" data-widget_type=\"text-editor.default\">\n\t\t\t\t\t\t\t\t\t<p>&#8220;Cuando los encontr\u00e9, me escribieron una carta describiendo que mi padre fue abusivo, tanto verbal como f\u00edsica y psicol\u00f3gicamente, adem\u00e1s de alcoh\u00f3lico&#8221;, relata en una entrevista con el podcast Lost Quetzales, de la tambi\u00e9n guatemalteca Liv S\u00e1nchez.<\/p><p>Julia relat\u00f3 adem\u00e1s que su padre no quiso hacerse responsable y por eso su mam\u00e1 la entreg\u00f3 al orfanato. &#8220;Estuve en una casa hogar desde que nac\u00ed, solo hay una foto m\u00eda con mi madre, que fue tomada como parte del archivo, solo ella fue a dejarme&#8221;, agreg\u00f3.<\/p>\t\t\t\t\t\t\t\t<\/div>\n\t\t\t\t\t<\/div>\n\t\t<\/div>\n\t\t\t\t\t<\/div>\n\t\t<\/section>\n\t\t\t\t<section data-particle_enable=\"false\" data-particle-mobile-disabled=\"false\" class=\"elementor-section elementor-top-section elementor-element elementor-element-823841e elementor-section-boxed elementor-section-height-default elementor-section-height-default\" data-id=\"823841e\" data-element_type=\"section\" data-e-type=\"section\">\n\t\t\t\t\t\t<div class=\"elementor-container elementor-column-gap-default\">\n\t\t\t\t\t<div class=\"elementor-column elementor-col-100 elementor-top-column elementor-element elementor-element-4ddc3bd\" data-id=\"4ddc3bd\" data-element_type=\"column\" data-e-type=\"column\">\n\t\t\t<div class=\"elementor-widget-wrap elementor-element-populated\">\n\t\t\t\t\t\t<div class=\"elementor-element elementor-element-49f234c elementor-widget elementor-widget-heading\" data-id=\"49f234c\" data-element_type=\"widget\" data-e-type=\"widget\" data-widget_type=\"heading.default\">\n\t\t\t\t\t<h2 class=\"elementor-heading-title elementor-size-default\">A\u00f1ade aqu\u00ed tu texto de cabecera<\/h2>\t\t\t\t<\/div>\n\t\t\t\t\t<\/div>\n\t\t<\/div>\n\t\t\t\t\t<\/div>\n\t\t<\/section>\n\t\t\t\t<section data-particle_enable=\"false\" data-particle-mobile-disabled=\"false\" class=\"elementor-section elementor-top-section elementor-element elementor-element-17c2b19 elementor-section-boxed elementor-section-height-default elementor-section-height-default\" data-id=\"17c2b19\" data-element_type=\"section\" data-e-type=\"section\">\n\t\t\t\t\t\t<div class=\"elementor-container elementor-column-gap-default\">\n\t\t\t\t\t<div class=\"elementor-column elementor-col-100 elementor-top-column elementor-element elementor-element-d91cf69\" data-id=\"d91cf69\" data-element_type=\"column\" data-e-type=\"column\">\n\t\t\t<div class=\"elementor-widget-wrap elementor-element-populated\">\n\t\t\t\t\t\t<div class=\"elementor-element elementor-element-a416194 elementor-widget elementor-widget-video\" data-id=\"a416194\" data-element_type=\"widget\" data-e-type=\"widget\" data-settings=\"{&quot;youtube_url&quot;:&quot;https:\\\/\\\/www.youtube.com\\\/watch?v=bXRTxYEh9eo&quot;,&quot;video_type&quot;:&quot;youtube&quot;,&quot;controls&quot;:&quot;yes&quot;}\" data-widget_type=\"video.default\">\n\t\t\t\t\t\t\t<div class=\"elementor-wrapper elementor-open-inline\">\n\t\t\t<div class=\"elementor-video\"><\/div>\t\t<\/div>\n\t\t\t\t\t\t<\/div>\n\t\t\t\t\t<\/div>\n\t\t<\/div>\n\t\t\t\t\t<\/div>\n\t\t<\/section>\n\t\t\t\t<section data-particle_enable=\"false\" data-particle-mobile-disabled=\"false\" class=\"elementor-section elementor-top-section elementor-element elementor-element-752c23f elementor-section-boxed elementor-section-height-default elementor-section-height-default\" data-id=\"752c23f\" data-element_type=\"section\" data-e-type=\"section\">\n\t\t\t\t\t\t<div class=\"elementor-container elementor-column-gap-default\">\n\t\t\t\t\t<div class=\"elementor-column elementor-col-100 elementor-top-column elementor-element elementor-element-8daae74\" data-id=\"8daae74\" data-element_type=\"column\" data-e-type=\"column\">\n\t\t\t<div class=\"elementor-widget-wrap elementor-element-populated\">\n\t\t\t\t\t\t<div class=\"elementor-element elementor-element-d394fd8 elementor-widget elementor-widget-heading\" data-id=\"d394fd8\" data-element_type=\"widget\" data-e-type=\"widget\" data-widget_type=\"heading.default\">\n\t\t\t\t\t<h3 class=\"elementor-heading-title elementor-size-default\">Una nueva conexi\u00f3n, un nuevo camino<\/h3>\t\t\t\t<\/div>\n\t\t\t\t\t<\/div>\n\t\t<\/div>\n\t\t\t\t\t<\/div>\n\t\t<\/section>\n\t\t\t\t<section data-particle_enable=\"false\" data-particle-mobile-disabled=\"false\" class=\"elementor-section elementor-top-section elementor-element elementor-element-a7964ef elementor-section-boxed elementor-section-height-default elementor-section-height-default\" data-id=\"a7964ef\" data-element_type=\"section\" data-e-type=\"section\">\n\t\t\t\t\t\t<div class=\"elementor-container elementor-column-gap-default\">\n\t\t\t\t\t<div class=\"elementor-column elementor-col-100 elementor-top-column elementor-element elementor-element-065d50b\" data-id=\"065d50b\" data-element_type=\"column\" data-e-type=\"column\">\n\t\t\t<div class=\"elementor-widget-wrap elementor-element-populated\">\n\t\t\t\t\t\t<div class=\"elementor-element elementor-element-771a2df elementor-widget elementor-widget-text-editor\" data-id=\"771a2df\" data-element_type=\"widget\" data-e-type=\"widget\" data-widget_type=\"text-editor.default\">\n\t\t\t\t\t\t\t\t\t<p>&#8220;Solo s\u00e9 que nac\u00ed en la Ciudad de Guatemala y que ellos a\u00fan viven all\u00e1, s\u00e9 que mi padre biol\u00f3gico sigui\u00f3 viviendo con ellos hasta que los encontr\u00e9, fue muy impactante para m\u00ed escuchar esto, conociendo el contexto de su relaci\u00f3n, me pregunt\u00e9 \u00bfpor qu\u00e9 sigue con \u00e9l?, pero al parecer fue por una cuesti\u00f3n econ\u00f3mica&#8221;, relata Julia, quien revela que su nombre original en Guatemala fue Andrea Melissa.<\/p><p>&#8220;Mientras mi sue\u00f1o en hacer m\u00fasica se desarrolla y gano seguidores, sigo indagando en quien soy&#8221;, a\u00f1ada la talentosa chapina americana. &#8220;Me hice una prueba de ADN que mostr\u00f3 que ten\u00eda 67% de maya, algo que me llen\u00f3 de orgullo&#8221;, agrega Julia Gagnon, quien invita a toda persona a abrazar sus ra\u00edces, a conocer su origen para conectarse consigo mismos y seguir adelante.<\/p>\t\t\t\t\t\t\t\t<\/div>\n\t\t\t\t\t<\/div>\n\t\t<\/div>\n\t\t\t\t\t<\/div>\n\t\t<\/section>\n\t\t\t\t<section data-particle_enable=\"false\" data-particle-mobile-disabled=\"false\" class=\"elementor-section elementor-top-section elementor-element elementor-element-123d594 elementor-section-boxed elementor-section-height-default elementor-section-height-default\" data-id=\"123d594\" data-element_type=\"section\" data-e-type=\"section\">\n\t\t\t\t\t\t<div class=\"elementor-container elementor-column-gap-default\">\n\t\t\t\t\t<div class=\"elementor-column elementor-col-100 elementor-top-column elementor-element elementor-element-dd447ab\" data-id=\"dd447ab\" data-element_type=\"column\" data-e-type=\"column\">\n\t\t\t<div class=\"elementor-widget-wrap elementor-element-populated\">\n\t\t\t\t\t\t<div class=\"elementor-element elementor-element-630c40c elementor-widget elementor-widget-video\" data-id=\"630c40c\" data-element_type=\"widget\" data-e-type=\"widget\" data-settings=\"{&quot;youtube_url&quot;:&quot;https:\\\/\\\/www.youtube.com\\\/watch?v=i-gi3NYbciw&quot;,&quot;video_type&quot;:&quot;youtube&quot;,&quot;controls&quot;:&quot;yes&quot;}\" data-widget_type=\"video.default\">\n\t\t\t\t\t\t\t<div class=\"elementor-wrapper elementor-open-inline\">\n\t\t\t<div class=\"elementor-video\"><\/div>\t\t<\/div>\n\t\t\t\t\t\t<\/div>\n\t\t\t\t\t<\/div>\n\t\t<\/div>\n\t\t\t\t\t<\/div>\n\t\t<\/section>\n\t\t\t\t<\/div>\n\t\t","protected":false},"excerpt":{"rendered":"<p>Naci\u00f3 en Guatemala y estuvo en una casa hogar casi desde que naci\u00f3. A los 2 a\u00f1os fue adoptada por una pareja de Maine, EE.UU.. Ahora Julia Gagnon concursa con su impresionante talento vocal en American Idol. Julia Gagnon se hizo migrante apenas a los 2 a\u00f1os: sus padres adoptivos la llevaron al estado de [&hellip;]<\/p>\n","protected":false},"author":1,"featured_media":5810,"comment_status":"open","ping_status":"open","sticky":false,"template":"","format":"standard","meta":{"_acf_changed":false,"_eb_attr":"","footnotes":""},"categories":[54],"tags":[],"class_list":["post-5808","post","type-post","status-publish","format-standard","has-post-thumbnail","hentry","category-estamos-unidos"],"acf":[],"aioseo_notices":[],"aioseo_head":"\n\t\t<!-- All in One SEO Pro 4.9.6.2 - aioseo.com -->\n\t<meta name=\"description\" content=\"Naci\u00f3 en Guatemala y estuvo en una casa hogar casi desde que naci\u00f3. A los 2 a\u00f1os fue adoptada por una pareja de Maine, EE.UU.. Ahora Julia Gagnon concursa con su impresionante talento vocal en American Idol. Julia Gagnon se hizo migrante apenas a los 2 a\u00f1os: sus padres adoptivos la llevaron al estado de\" \/>\n\t<meta name=\"robots\" content=\"max-snippet:-1, max-image-preview:large, max-video-preview:-1\" \/>\n\t<meta name=\"author\" content=\"SoyMigrante.com REVISTA\"\/>\n\t<link rel=\"canonical\" href=\"https:\/\/soymigrante.com\/revista\/cantante-guatemalteca-en-american-idol-julia-gagnon-chapina-historia\/\" \/>\n\t<meta name=\"generator\" content=\"All in One SEO Pro (AIOSEO) 4.9.6.2\" \/>\n\n\t\t<link rel=\"preconnect\" href=\"https:\/\/fonts.googleapis.com\" crossorigin>\n<link rel=\"preconnect\" href=\"https:\/\/fonts.gstatic.com\" crossorigin>\n\t\t<meta property=\"og:locale\" content=\"es_ES\" \/>\n\t\t<meta property=\"og:site_name\" content=\"SoyMigrante.com REVISTA \u2013 Nuestra misi\u00f3n es reconocer y dignificar al migrante.\" \/>\n\t\t<meta property=\"og:type\" content=\"article\" \/>\n\t\t<meta property=\"og:title\" content=\"Escucha a Julia, la voz chapina que sorprende en American Idol\" \/>\n\t\t<meta property=\"og:description\" content=\"Naci\u00f3 en Guatemala y estuvo en una casa hogar casi desde que naci\u00f3. A los 2 a\u00f1os fue adoptada por una pareja de Maine, EE.UU.. Ahora Julia Gagnon concursa con su impresionante talento vocal en American Idol. Julia Gagnon se hizo migrante apenas a los 2 a\u00f1os: sus padres adoptivos la llevaron al estado de\" \/>\n\t\t<meta property=\"og:url\" content=\"https:\/\/soymigrante.com\/revista\/cantante-guatemalteca-en-american-idol-julia-gagnon-chapina-historia\/\" \/>\n\t\t<meta property=\"og:image\" content=\"https:\/\/soymigrante.com\/revista\/wp-content\/uploads\/2024\/04\/Captura-de-pantalla-2024-04-04-115833.webp\" \/>\n\t\t<meta property=\"og:image:secure_url\" content=\"https:\/\/soymigrante.com\/revista\/wp-content\/uploads\/2024\/04\/Captura-de-pantalla-2024-04-04-115833.webp\" \/>\n\t\t<meta property=\"og:image:width\" content=\"835\" \/>\n\t\t<meta property=\"og:image:height\" content=\"718\" \/>\n\t\t<meta property=\"article:published_time\" content=\"2024-04-04T22:28:32+00:00\" \/>\n\t\t<meta property=\"article:modified_time\" content=\"2024-04-30T11:01:56+00:00\" \/>\n\t\t<meta property=\"article:publisher\" content=\"https:\/\/www.facebook.com\/soymigrantecom\" \/>\n\t\t<meta name=\"twitter:card\" content=\"summary_large_image\" \/>\n\t\t<meta name=\"twitter:site\" content=\"@SoyMigrante_com\" \/>\n\t\t<meta name=\"twitter:title\" content=\"Escucha a Julia, la voz chapina que sorprende en American Idol\" \/>\n\t\t<meta name=\"twitter:description\" content=\"Naci\u00f3 en Guatemala y estuvo en una casa hogar casi desde que naci\u00f3. A los 2 a\u00f1os fue adoptada por una pareja de Maine, EE.UU.. Ahora Julia Gagnon concursa con su impresionante talento vocal en American Idol. Julia Gagnon se hizo migrante apenas a los 2 a\u00f1os: sus padres adoptivos la llevaron al estado de\" \/>\n\t\t<meta name=\"twitter:creator\" content=\"@SoyMigrante_com\" \/>\n\t\t<meta name=\"twitter:image\" content=\"https:\/\/soymigrante.com\/revista\/wp-content\/uploads\/2024\/04\/Captura-de-pantalla-2024-04-04-115833.webp\" \/>\n\t\t<!-- All in One SEO Pro -->\r\n\t\t<title>Escucha a Julia, la voz chapina que sorprende en American Idol<\/title>\n\n","aioseo_head_json":{"title":"Escucha a Julia, la voz chapina que sorprende en American Idol","description":"Naci\u00f3 en Guatemala y estuvo en una casa hogar casi desde que naci\u00f3. A los 2 a\u00f1os fue adoptada por una pareja de Maine, EE.UU.. Ahora Julia Gagnon concursa con su impresionante talento vocal en American Idol. Julia Gagnon se hizo migrante apenas a los 2 a\u00f1os: sus padres adoptivos la llevaron al estado de","canonical_url":"https:\/\/soymigrante.com\/revista\/cantante-guatemalteca-en-american-idol-julia-gagnon-chapina-historia\/","robots":"max-snippet:-1, max-image-preview:large, max-video-preview:-1","keywords":"","webmasterTools":{"miscellaneous":"&lt;link rel=\"preconnect\" href=\"https:\/\/fonts.googleapis.com\" crossorigin&gt;\n&lt;link rel=\"preconnect\" href=\"https:\/\/fonts.gstatic.com\" crossorigin&gt;"},"schema":null,"og:locale":"es_ES","og:site_name":"SoyMigrante.com REVISTA \u2013 Nuestra misi\u00f3n es reconocer y dignificar al migrante.","og:type":"article","og:title":"Escucha a Julia, la voz chapina que sorprende en American Idol","og:description":"Naci\u00f3 en Guatemala y estuvo en una casa hogar casi desde que naci\u00f3. A los 2 a\u00f1os fue adoptada por una pareja de Maine, EE.UU.. Ahora Julia Gagnon concursa con su impresionante talento vocal en American Idol. Julia Gagnon se hizo migrante apenas a los 2 a\u00f1os: sus padres adoptivos la llevaron al estado de","og:url":"https:\/\/soymigrante.com\/revista\/cantante-guatemalteca-en-american-idol-julia-gagnon-chapina-historia\/","og:image":"https:\/\/soymigrante.com\/revista\/wp-content\/uploads\/2024\/04\/Captura-de-pantalla-2024-04-04-115833.webp","og:image:secure_url":"https:\/\/soymigrante.com\/revista\/wp-content\/uploads\/2024\/04\/Captura-de-pantalla-2024-04-04-115833.webp","og:image:width":835,"og:image:height":718,"article:published_time":"2024-04-04T22:28:32+00:00","article:modified_time":"2024-04-30T11:01:56+00:00","article:publisher":"https:\/\/www.facebook.com\/soymigrantecom","twitter:card":"summary_large_image","twitter:site":"@SoyMigrante_com","twitter:title":"Escucha a Julia, la voz chapina que sorprende en American Idol","twitter:description":"Naci\u00f3 en Guatemala y estuvo en una casa hogar casi desde que naci\u00f3. A los 2 a\u00f1os fue adoptada por una pareja de Maine, EE.UU.. Ahora Julia Gagnon concursa con su impresionante talento vocal en American Idol. Julia Gagnon se hizo migrante apenas a los 2 a\u00f1os: sus padres adoptivos la llevaron al estado de","twitter:creator":"@SoyMigrante_com","twitter:image":"https:\/\/soymigrante.com\/revista\/wp-content\/uploads\/2024\/04\/Captura-de-pantalla-2024-04-04-115833.webp"},"aioseo_meta_data":{"post_id":"5808","title":null,"description":null,"keywords":[],"keyphrases":{"focus":{"keyphrase":"Cantante chapina","score":46,"analysis":{"keyphraseInTitle":{"score":3,"maxScore":9,"error":1},"keyphraseInDescription":{"score":3,"maxScore":9,"error":1},"keyphraseLength":{"score":9,"maxScore":9,"error":0,"length":2},"keyphraseInURL":{"score":1,"maxScore":5,"error":1},"keyphraseInIntroduction":{"score":3,"maxScore":9,"error":1},"keyphraseInSubHeadings":{"score":3,"maxScore":9,"error":1},"keyphraseInImageAlt":{"score":9,"maxScore":9,"error":0},"keywordDensity":{"score":0,"type":"low","maxScore":9,"error":1}}},"additional":[]},"primary_term":null,"canonical_url":null,"og_title":null,"og_description":null,"og_object_type":"default","og_image_type":"default","og_image_url":null,"og_image_width":null,"og_image_height":null,"og_image_custom_url":null,"og_image_custom_fields":null,"og_video":"","og_custom_url":null,"og_article_section":null,"og_article_tags":[],"twitter_use_og":false,"twitter_card":"default","twitter_image_type":"default","twitter_image_url":null,"twitter_image_custom_url":null,"twitter_image_custom_fields":null,"twitter_title":null,"twitter_description":null,"schema":{"blockGraphs":[],"customGraphs":[],"default":{"data":{"Article":[],"Course":[],"Dataset":[],"FAQPage":[],"Movie":[],"Person":[],"Product":[],"ProductReview":[],"Car":[],"Recipe":[],"Service":[],"SoftwareApplication":[],"WebPage":[]},"graphName":"BlogPosting","isEnabled":true},"graphs":[]},"schema_type":"default","schema_type_options":null,"pillar_content":false,"robots_default":true,"robots_noindex":false,"robots_noarchive":false,"robots_nosnippet":false,"robots_nofollow":false,"robots_noimageindex":false,"robots_noodp":false,"robots_notranslate":false,"robots_max_snippet":"-1","robots_max_videopreview":"-1","robots_max_imagepreview":"large","priority":null,"frequency":"default","local_seo":null,"seo_analyzer_scan_date":"2025-10-08 21:33:32","breadcrumb_settings":null,"limit_modified_date":false,"reviewed_by":null,"open_ai":null,"ai":null,"created":"2024-04-04 21:43:58","updated":"2026-02-04 11:13:04"},"aioseo_breadcrumb":"<div class=\"aioseo-breadcrumbs\"><span class=\"aioseo-breadcrumb\">\n\t<a href=\"https:\/\/soymigrante.com\/revista\" title=\"Home\">Home<\/a>\n<\/span><span class=\"aioseo-breadcrumb-separator\">\u00bb<\/span><span class=\"aioseo-breadcrumb\">\n\t<a href=\"https:\/\/soymigrante.com\/revista\/category\/estamos-unidos\/\" title=\"Estamos Unidos\">Estamos Unidos<\/a>\n<\/span><span class=\"aioseo-breadcrumb-separator\">\u00bb<\/span><span class=\"aioseo-breadcrumb\">\n\tEscucha a Julia, la voz chapina que sorprende en American Idol\n<\/span><\/div>","aioseo_breadcrumb_json":[{"label":"Home","link":"https:\/\/soymigrante.com\/revista"},{"label":"Estamos Unidos","link":"https:\/\/soymigrante.com\/revista\/category\/estamos-unidos\/"},{"label":"Escucha a Julia, la voz chapina que sorprende en American Idol","link":"https:\/\/soymigrante.com\/revista\/cantante-guatemalteca-en-american-idol-julia-gagnon-chapina-historia\/"}],"_links":{"self":[{"href":"https:\/\/soymigrante.com\/revista\/wp-json\/wp\/v2\/posts\/5808","targetHints":{"allow":["GET"]}}],"collection":[{"href":"https:\/\/soymigrante.com\/revista\/wp-json\/wp\/v2\/posts"}],"about":[{"href":"https:\/\/soymigrante.com\/revista\/wp-json\/wp\/v2\/types\/post"}],"author":[{"embeddable":true,"href":"https:\/\/soymigrante.com\/revista\/wp-json\/wp\/v2\/users\/1"}],"replies":[{"embeddable":true,"href":"https:\/\/soymigrante.com\/revista\/wp-json\/wp\/v2\/comments?post=5808"}],"version-history":[{"count":0,"href":"https:\/\/soymigrante.com\/revista\/wp-json\/wp\/v2\/posts\/5808\/revisions"}],"wp:featuredmedia":[{"embeddable":true,"href":"https:\/\/soymigrante.com\/revista\/wp-json\/wp\/v2\/media\/5810"}],"wp:attachment":[{"href":"https:\/\/soymigrante.com\/revista\/wp-json\/wp\/v2\/media?parent=5808"}],"wp:term":[{"taxonomy":"category","embeddable":true,"href":"https:\/\/soymigrante.com\/revista\/wp-json\/wp\/v2\/categories?post=5808"},{"taxonomy":"post_tag","embeddable":true,"href":"https:\/\/soymigrante.com\/revista\/wp-json\/wp\/v2\/tags?post=5808"}],"curies":[{"name":"wp","href":"https:\/\/api.w.org\/{rel}","templated":true}]}}