{"id":5787,"date":"2024-04-04T09:11:06","date_gmt":"2024-04-04T15:11:06","guid":{"rendered":"https:\/\/soymigrante.com\/revista\/?p=5787"},"modified":"2024-08-20T08:20:11","modified_gmt":"2024-08-20T14:20:11","slug":"tps-para-guatemala-que-se-necesita-para-lograr-este-beneficio-para-migrantes-en-ee-uu","status":"publish","type":"post","link":"https:\/\/soymigrante.com\/revista\/tps-para-guatemala-que-se-necesita-para-lograr-este-beneficio-para-migrantes-en-ee-uu\/","title":{"rendered":"TPS para Guatemala: qu\u00e9 se necesita para lograr este beneficio para migrantes en EE.UU."},"content":{"rendered":"\t\t<div data-elementor-type=\"wp-post\" data-elementor-id=\"5787\" class=\"elementor elementor-5787\" data-elementor-post-type=\"post\">\n\t\t\t\t\t\t<section data-particle_enable=\"false\" data-particle-mobile-disabled=\"false\" class=\"elementor-section elementor-top-section elementor-element elementor-element-21da695 elementor-section-boxed elementor-section-height-default elementor-section-height-default\" data-id=\"21da695\" data-element_type=\"section\" data-e-type=\"section\">\n\t\t\t\t\t\t<div class=\"elementor-container elementor-column-gap-default\">\n\t\t\t\t\t<div class=\"elementor-column elementor-col-100 elementor-top-column elementor-element elementor-element-243ca37\" data-id=\"243ca37\" data-element_type=\"column\" data-e-type=\"column\">\n\t\t\t<div class=\"elementor-widget-wrap elementor-element-populated\">\n\t\t\t\t\t\t<div class=\"elementor-element elementor-element-27f488d elementor-widget elementor-widget-heading\" data-id=\"27f488d\" data-element_type=\"widget\" data-e-type=\"widget\" data-widget_type=\"heading.default\">\n\t\t\t\t\t<h2 class=\"elementor-heading-title elementor-size-default\"><span style=\"font-size: 31.2px\">Petici\u00f3n de TPS (siglas en ingl\u00e9s de Status de Protecci\u00f3n Temporal) para Guatemala tambi\u00e9n debe llevar al gobierno guatemalteco a solventar problem\u00e1tica de pasaportes, documentos y citas consulares.<\/span><\/h2>\t\t\t\t<\/div>\n\t\t\t\t\t<\/div>\n\t\t<\/div>\n\t\t\t\t\t<\/div>\n\t\t<\/section>\n\t\t\t\t<section data-particle_enable=\"false\" data-particle-mobile-disabled=\"false\" class=\"elementor-section elementor-top-section elementor-element elementor-element-2546990 elementor-section-boxed elementor-section-height-default elementor-section-height-default\" data-id=\"2546990\" data-element_type=\"section\" data-e-type=\"section\">\n\t\t\t\t\t\t<div class=\"elementor-container elementor-column-gap-default\">\n\t\t\t\t\t<div class=\"elementor-column elementor-col-100 elementor-top-column elementor-element elementor-element-6198b21\" data-id=\"6198b21\" data-element_type=\"column\" data-e-type=\"column\">\n\t\t\t<div class=\"elementor-widget-wrap elementor-element-populated\">\n\t\t\t\t\t\t<div class=\"elementor-element elementor-element-702b58d elementor-widget elementor-widget-text-editor\" data-id=\"702b58d\" data-element_type=\"widget\" data-e-type=\"widget\" data-widget_type=\"text-editor.default\">\n\t\t\t\t\t\t\t\t\t<p><b>Por Fernando Castro Molina, experto en temas migratorios<\/b><\/p>\t\t\t\t\t\t\t\t<\/div>\n\t\t\t\t\t<\/div>\n\t\t<\/div>\n\t\t\t\t\t<\/div>\n\t\t<\/section>\n\t\t\t\t<section data-particle_enable=\"false\" data-particle-mobile-disabled=\"false\" class=\"elementor-section elementor-top-section elementor-element elementor-element-ebf956a elementor-section-boxed elementor-section-height-default elementor-section-height-default\" data-id=\"ebf956a\" data-element_type=\"section\" data-e-type=\"section\">\n\t\t\t\t\t\t<div class=\"elementor-container elementor-column-gap-default\">\n\t\t\t\t\t<div class=\"elementor-column elementor-col-100 elementor-top-column elementor-element elementor-element-8b2457f\" data-id=\"8b2457f\" data-element_type=\"column\" data-e-type=\"column\">\n\t\t\t<div class=\"elementor-widget-wrap elementor-element-populated\">\n\t\t\t\t\t\t<div class=\"elementor-element elementor-element-d63811d elementor-widget elementor-widget-text-editor\" data-id=\"d63811d\" data-element_type=\"widget\" data-e-type=\"widget\" data-widget_type=\"text-editor.default\">\n\t\t\t\t\t\t\t\t\t<p>Las declaraciones por parte del Presidente de Guatemala, Dr. Bernardo Ar\u00e9valo, en relaci\u00f3n a la existencia de conversaciones con el gobierno de Estados Unidos para que sea otorgado el Estatuto de Protecci\u00f3n Temporal TPS para Guatemala, en beneficio de migrantes connacionales que residen en situaci\u00f3n irregular en dicho pa\u00eds, es una esperanza.<br \/><span style=\"color: var( --e-global-color-text );\">Pero debe aclararse desde ya: no a todos los connacionales se podr\u00e1n beneficiar, eso se debe de enfatizar. A la vez, ante tal posibilidad es necesario resolver previamente la seria problem\u00e1tica para documentar con pasaportes a miles de guatemaltecos y solventar la problem\u00e1tica de citas en consulados. Esto no se est\u00e1 considerando a gran escala, lo que podr\u00eda generar complicaciones en caso de un eventual otorgamiento del TPS<\/span><\/p><div><span style=\"color: var( --e-global-color-text );\">\u00a0<\/span><\/div>\t\t\t\t\t\t\t\t<\/div>\n\t\t\t\t\t<\/div>\n\t\t<\/div>\n\t\t\t\t\t<\/div>\n\t\t<\/section>\n\t\t\t\t<section data-particle_enable=\"false\" data-particle-mobile-disabled=\"false\" class=\"elementor-section elementor-top-section elementor-element elementor-element-d6d5650 elementor-section-boxed elementor-section-height-default elementor-section-height-default\" data-id=\"d6d5650\" data-element_type=\"section\" data-e-type=\"section\">\n\t\t\t\t\t\t<div class=\"elementor-container elementor-column-gap-default\">\n\t\t\t\t\t<div class=\"elementor-column elementor-col-100 elementor-top-column elementor-element elementor-element-d15da09\" data-id=\"d15da09\" data-element_type=\"column\" data-e-type=\"column\">\n\t\t\t<div class=\"elementor-widget-wrap elementor-element-populated\">\n\t\t\t\t\t\t<div class=\"elementor-element elementor-element-c60c628 elementor-widget elementor-widget-image\" data-id=\"c60c628\" data-element_type=\"widget\" data-e-type=\"widget\" data-widget_type=\"image.default\">\n\t\t\t\t\t\t\t\t\t\t\t\t<figure class=\"wp-caption\">\n\t\t\t\t\t\t\t\t\t\t<img fetchpriority=\"high\" decoding=\"async\" width=\"740\" height=\"632\" src=\"https:\/\/soymigrante.com\/revista\/wp-content\/uploads\/2024\/04\/casa.webp\" class=\"attachment-large size-large wp-image-5792\" alt=\"Defensora de derechos humanos con bander\u00edn de TPS para Guatemala en manifestaci\u00f3n migrante en Estados Unidos, promoviendo apoyo y protecci\u00f3n a la comunidad inmigrante de Guatemala.\" srcset=\"https:\/\/soymigrante.com\/revista\/wp-content\/uploads\/2024\/04\/casa.webp 740w, https:\/\/soymigrante.com\/revista\/wp-content\/uploads\/2024\/04\/casa-300x256.webp 300w\" sizes=\"(max-width: 740px) 100vw, 740px\" title=\"casa \u2013 SoyMigrante.com REVISTA\" \/>\t\t\t\t\t\t\t\t\t\t\t<figcaption class=\"widget-image-caption wp-caption-text\">Manifestaci\u00f3n migrante en EE.UU. con defensora de derechos que lleva bander\u00edn de TPS para Guatemala, resaltando la lucha por los derechos de los migrantes guatemaltecos.<\/figcaption>\n\t\t\t\t\t\t\t\t\t\t<\/figure>\n\t\t\t\t\t\t\t\t\t<\/div>\n\t\t\t\t\t<\/div>\n\t\t<\/div>\n\t\t\t\t\t<\/div>\n\t\t<\/section>\n\t\t\t\t<section data-particle_enable=\"false\" data-particle-mobile-disabled=\"false\" class=\"elementor-section elementor-top-section elementor-element elementor-element-8c0c84b elementor-section-boxed elementor-section-height-default elementor-section-height-default\" data-id=\"8c0c84b\" data-element_type=\"section\" data-e-type=\"section\">\n\t\t\t\t\t\t<div class=\"elementor-container elementor-column-gap-default\">\n\t\t\t\t\t<div class=\"elementor-column elementor-col-100 elementor-top-column elementor-element elementor-element-c7067ab\" data-id=\"c7067ab\" data-element_type=\"column\" data-e-type=\"column\">\n\t\t\t<div class=\"elementor-widget-wrap elementor-element-populated\">\n\t\t\t\t\t\t<div class=\"elementor-element elementor-element-9a9f34e elementor-widget elementor-widget-heading\" data-id=\"9a9f34e\" data-element_type=\"widget\" data-e-type=\"widget\" data-widget_type=\"heading.default\">\n\t\t\t\t\t<h2 class=\"elementor-heading-title elementor-size-default\">Acceso a pasaporte  es imperativo <\/h2>\t\t\t\t<\/div>\n\t\t\t\t\t<\/div>\n\t\t<\/div>\n\t\t\t\t\t<\/div>\n\t\t<\/section>\n\t\t\t\t<section data-particle_enable=\"false\" data-particle-mobile-disabled=\"false\" class=\"elementor-section elementor-top-section elementor-element elementor-element-72e6019 elementor-section-boxed elementor-section-height-default elementor-section-height-default\" data-id=\"72e6019\" data-element_type=\"section\" data-e-type=\"section\">\n\t\t\t\t\t\t<div class=\"elementor-container elementor-column-gap-default\">\n\t\t\t\t\t<div class=\"elementor-column elementor-col-100 elementor-top-column elementor-element elementor-element-204c877\" data-id=\"204c877\" data-element_type=\"column\" data-e-type=\"column\">\n\t\t\t<div class=\"elementor-widget-wrap elementor-element-populated\">\n\t\t\t\t\t\t<div class=\"elementor-element elementor-element-c96374a elementor-widget elementor-widget-text-editor\" data-id=\"c96374a\" data-element_type=\"widget\" data-e-type=\"widget\" data-widget_type=\"text-editor.default\">\n\t\t\t\t\t\t\t\t\t<p>Un serio desaf\u00edo para el actual gobierno de Guatemala, es el poder documentar con pasaportes, \u00fanico documento de identificaci\u00f3n que es aceptado para realizar la gesti\u00f3n, y el n\u00famero insuficiente de cartillas, debe resolverse previamente, si se diera el TPS por el gobierno de Estados Unidos.<\/p><p><span style=\"color: var( --e-global-color-text );\">La cr\u00edtica situaci\u00f3n existente de la problem\u00e1tica de obtener citas, las cuales son gratuitas, pero que los gestores acaparan y son vendidas entre US$150 a US$ 250 d\u00f3lares a connacionales; son reiteradas las denuncias por inmigrantes, se\u00f1alando una corrupci\u00f3n que debe investigarse. Sobre este tema, el Gobierno guatemalteco deber\u00eda pedir una investigaci\u00f3n de parte de el gobierno de EE.UU, pues tales pr\u00e1cticas se realizan en su territorio.<\/span><\/p><p>Recordemos que para requerir el TPS, hay condiciones, dentro de las cuales est\u00e1n: Que el pa\u00eds solicitante atraviese un conflicto armado, haya sufrido desastre natural y otra coyuntura que impidiera a sus ciudadanos el retornar a sus hogares, cumpliendo los requisitos en las peticiones, como fue en solicitudes de huracanes Stand, Mitch, Ieta, Iota, entre otras, pero no siendo otorgado por anteriores administraciones de gobierno de EEUU, tanto dem\u00f3cratas o republicanas.<\/p><div>\u00a0<\/div>\t\t\t\t\t\t\t\t<\/div>\n\t\t\t\t\t<\/div>\n\t\t<\/div>\n\t\t\t\t\t<\/div>\n\t\t<\/section>\n\t\t\t\t<section data-particle_enable=\"false\" data-particle-mobile-disabled=\"false\" class=\"elementor-section elementor-top-section elementor-element elementor-element-8e91071 elementor-section-boxed elementor-section-height-default elementor-section-height-default\" data-id=\"8e91071\" data-element_type=\"section\" data-e-type=\"section\">\n\t\t\t\t\t\t<div class=\"elementor-container elementor-column-gap-default\">\n\t\t\t\t\t<div class=\"elementor-column elementor-col-100 elementor-top-column elementor-element elementor-element-194d2c1\" data-id=\"194d2c1\" data-element_type=\"column\" data-e-type=\"column\">\n\t\t\t<div class=\"elementor-widget-wrap elementor-element-populated\">\n\t\t\t\t\t\t<div class=\"elementor-element elementor-element-f65bec7 elementor-widget elementor-widget-image\" data-id=\"f65bec7\" data-element_type=\"widget\" data-e-type=\"widget\" data-widget_type=\"image.default\">\n\t\t\t\t\t\t\t\t\t\t\t\t<figure class=\"wp-caption\">\n\t\t\t\t\t\t\t\t\t\t<img decoding=\"async\" width=\"627\" height=\"412\" src=\"https:\/\/soymigrante.com\/revista\/wp-content\/uploads\/2024\/04\/mich.webp\" class=\"attachment-large size-large wp-image-5798\" alt=\"Fuertes vientos y lluvia de un hurac\u00e1n visto desde sat\u00e9lite en el oc\u00e9ano Atl\u00e1ntico, impactando zonas costeras y generando alertas meteorol\u00f3gicas en la regi\u00f3n.\" srcset=\"https:\/\/soymigrante.com\/revista\/wp-content\/uploads\/2024\/04\/mich.webp 627w, https:\/\/soymigrante.com\/revista\/wp-content\/uploads\/2024\/04\/mich-300x197.webp 300w\" sizes=\"(max-width: 627px) 100vw, 627px\" title=\"El impacto del Hurac\u00e1n Mitch en 1998 fue la causa por la cual EE.UU. otorg\u00f3 un TPS a migrantes de Honduras y Nicaragua. El  gobierno guatemalteco de entonces no quiso solicitar el Estatus de Protecci\u00f3n Temporal en aquel momento. \u2013 SoyMigrante.com REVISTA\" \/>\t\t\t\t\t\t\t\t\t\t\t<figcaption class=\"widget-image-caption wp-caption-text\">Cicl\u00f3n tropical en Atl\u00e1ntico con vientos fuertes y lluvias extremas, vista satelital de una tormenta en formaci\u00f3n.<\/figcaption>\n\t\t\t\t\t\t\t\t\t\t<\/figure>\n\t\t\t\t\t\t\t\t\t<\/div>\n\t\t\t\t\t<\/div>\n\t\t<\/div>\n\t\t\t\t\t<\/div>\n\t\t<\/section>\n\t\t\t\t<section data-particle_enable=\"false\" data-particle-mobile-disabled=\"false\" class=\"elementor-section elementor-top-section elementor-element elementor-element-fb5607e elementor-section-boxed elementor-section-height-default elementor-section-height-default\" data-id=\"fb5607e\" data-element_type=\"section\" data-e-type=\"section\">\n\t\t\t\t\t\t<div class=\"elementor-container elementor-column-gap-default\">\n\t\t\t\t\t<div class=\"elementor-column elementor-col-100 elementor-top-column elementor-element elementor-element-362cc47\" data-id=\"362cc47\" data-element_type=\"column\" data-e-type=\"column\">\n\t\t\t<div class=\"elementor-widget-wrap elementor-element-populated\">\n\t\t\t\t\t\t<div class=\"elementor-element elementor-element-a3cfad7 elementor-widget elementor-widget-heading\" data-id=\"a3cfad7\" data-element_type=\"widget\" data-e-type=\"widget\" data-widget_type=\"heading.default\">\n\t\t\t\t\t<h3 class=\"elementor-heading-title elementor-size-default\">No es f\u00e1cil, pero existe mejor posibilidad ahora<\/h3>\t\t\t\t<\/div>\n\t\t\t\t\t<\/div>\n\t\t<\/div>\n\t\t\t\t\t<\/div>\n\t\t<\/section>\n\t\t\t\t<section data-particle_enable=\"false\" data-particle-mobile-disabled=\"false\" class=\"elementor-section elementor-top-section elementor-element elementor-element-22d186e elementor-section-boxed elementor-section-height-default elementor-section-height-default\" data-id=\"22d186e\" data-element_type=\"section\" data-e-type=\"section\">\n\t\t\t\t\t\t<div class=\"elementor-container elementor-column-gap-default\">\n\t\t\t\t\t<div class=\"elementor-column elementor-col-100 elementor-top-column elementor-element elementor-element-ddbffcd\" data-id=\"ddbffcd\" data-element_type=\"column\" data-e-type=\"column\">\n\t\t\t<div class=\"elementor-widget-wrap elementor-element-populated\">\n\t\t\t\t\t\t<div class=\"elementor-element elementor-element-6f92a8c elementor-widget elementor-widget-text-editor\" data-id=\"6f92a8c\" data-element_type=\"widget\" data-e-type=\"widget\" data-widget_type=\"text-editor.default\">\n\t\t\t\t\t\t\t\t\t<p>Seg\u00fan el Ministerio de Relaciones Exteriores de Guatemala, hay alrededor de 2 millones 800 connacionales, concentr\u00e1ndose la gran mayor\u00eda en California, Florida, Texas, Virginia, New Jersey, Maryland, indicando que en dichos estados suman alrededor de 1 mill\u00f3n 800, representando 64.3 % del total de la estimaci\u00f3n de la canciller\u00eda, una cifra en la que difiero, al no acercarse la gran mayor\u00eda de guatemaltecos inmigrantes a consulados, por lo que la cifra puede alcanzar los 4 millones.<\/p><p>A\u00fan cuando es un tema complejo para el otorgamiento del TPS, existe la posibilidad actualmente, con la administraci\u00f3n Biden, al respaldar el que pudiera asumir Ar\u00e9valo la presidencia de Guatemala, por lo que es el momento m\u00e1s oportuno que ha existido de requerir. Incluso se espera que de no ganar Biden, sea otorgado luego de la elecciones a realizarse el 5 de noviembre del presente a\u00f1o en EEUU, lo que ser\u00eda de un gran beneficio para la regularizaci\u00f3n de cientos de miles de guatemalteco, ya que en una hipot\u00e9tica administraci\u00f3n Trump, no suceder\u00e1.<\/p><p><span style=\"color: var( --e-global-color-text );\">Hay trabajo que realizan personas en EEUU, para recopilar firmas de guatemaltecos para respaldar la petici\u00f3n del otorgamiento del TPS para Guatemala, apoyados por movimientos de pa\u00edses que ya lo tienen, pero debe ser un esfuerzo conjunto, tanto del gobierno guatemalteco con organizaciones de connacionales, demostrando la capacidad de trabajo unificado y en beneficio de los inmigrantes y de la captaci\u00f3n de cientos de miles de firmas de apoyo.\u00a0<\/span><\/p><div>\u00a0<\/div>\t\t\t\t\t\t\t\t<\/div>\n\t\t\t\t\t<\/div>\n\t\t<\/div>\n\t\t\t\t\t<\/div>\n\t\t<\/section>\n\t\t\t\t<section data-particle_enable=\"false\" data-particle-mobile-disabled=\"false\" class=\"elementor-section elementor-top-section elementor-element elementor-element-e3b829d elementor-section-boxed elementor-section-height-default elementor-section-height-default\" data-id=\"e3b829d\" data-element_type=\"section\" data-e-type=\"section\">\n\t\t\t\t\t\t<div class=\"elementor-container elementor-column-gap-default\">\n\t\t\t\t\t<div class=\"elementor-column elementor-col-100 elementor-top-column elementor-element elementor-element-22bf250\" data-id=\"22bf250\" data-element_type=\"column\" data-e-type=\"column\">\n\t\t\t<div class=\"elementor-widget-wrap elementor-element-populated\">\n\t\t\t\t\t\t<div class=\"elementor-element elementor-element-bcee012 elementor-widget elementor-widget-video\" data-id=\"bcee012\" data-element_type=\"widget\" data-e-type=\"widget\" data-settings=\"{&quot;youtube_url&quot;:&quot;https:\\\/\\\/www.youtube.com\\\/watch?v=IJM3VgszPPY&quot;,&quot;video_type&quot;:&quot;youtube&quot;,&quot;controls&quot;:&quot;yes&quot;}\" data-widget_type=\"video.default\">\n\t\t\t\t\t\t\t<div class=\"elementor-wrapper elementor-open-inline\">\n\t\t\t<div class=\"elementor-video\"><\/div>\t\t<\/div>\n\t\t\t\t\t\t<\/div>\n\t\t\t\t\t<\/div>\n\t\t<\/div>\n\t\t\t\t\t<\/div>\n\t\t<\/section>\n\t\t\t\t<section data-particle_enable=\"false\" data-particle-mobile-disabled=\"false\" class=\"elementor-section elementor-top-section elementor-element elementor-element-d6de42b elementor-section-boxed elementor-section-height-default elementor-section-height-default\" data-id=\"d6de42b\" data-element_type=\"section\" data-e-type=\"section\">\n\t\t\t\t\t\t<div class=\"elementor-container elementor-column-gap-default\">\n\t\t\t\t\t<div class=\"elementor-column elementor-col-100 elementor-top-column elementor-element elementor-element-5afdd53\" data-id=\"5afdd53\" data-element_type=\"column\" data-e-type=\"column\">\n\t\t\t<div class=\"elementor-widget-wrap elementor-element-populated\">\n\t\t\t\t\t\t<div class=\"elementor-element elementor-element-7185526 elementor-widget elementor-widget-text-editor\" data-id=\"7185526\" data-element_type=\"widget\" data-e-type=\"widget\" data-widget_type=\"text-editor.default\">\n\t\t\t\t\t\t\t\t\t<p>Se han dado algunas iniciativas de solicitud de TPS, como la hecha por la ciudad de Durham, North Carolina, la cual fue rechazada por el Departamento de Estado.<\/p>\t\t\t\t\t\t\t\t<\/div>\n\t\t\t\t\t<\/div>\n\t\t<\/div>\n\t\t\t\t\t<\/div>\n\t\t<\/section>\n\t\t\t\t<section data-particle_enable=\"false\" data-particle-mobile-disabled=\"false\" class=\"elementor-section elementor-top-section elementor-element elementor-element-123e81c elementor-section-boxed elementor-section-height-default elementor-section-height-default\" data-id=\"123e81c\" data-element_type=\"section\" data-e-type=\"section\">\n\t\t\t\t\t\t<div class=\"elementor-container elementor-column-gap-default\">\n\t\t\t\t\t<div class=\"elementor-column elementor-col-100 elementor-top-column elementor-element elementor-element-64f858f\" data-id=\"64f858f\" data-element_type=\"column\" data-e-type=\"column\">\n\t\t\t<div class=\"elementor-widget-wrap elementor-element-populated\">\n\t\t\t\t\t\t<div class=\"elementor-element elementor-element-b002467 elementor-widget-divider--view-line elementor-widget elementor-widget-divider\" data-id=\"b002467\" data-element_type=\"widget\" data-e-type=\"widget\" data-widget_type=\"divider.default\">\n\t\t\t\t\t\t\t<div class=\"elementor-divider\">\n\t\t\t<span class=\"elementor-divider-separator\">\n\t\t\t\t\t\t<\/span>\n\t\t<\/div>\n\t\t\t\t\t\t<\/div>\n\t\t\t\t\t<\/div>\n\t\t<\/div>\n\t\t\t\t\t<\/div>\n\t\t<\/section>\n\t\t\t\t<section data-particle_enable=\"false\" data-particle-mobile-disabled=\"false\" class=\"elementor-section elementor-top-section elementor-element elementor-element-1f24f32 elementor-section-boxed elementor-section-height-default elementor-section-height-default\" data-id=\"1f24f32\" data-element_type=\"section\" data-e-type=\"section\">\n\t\t\t\t\t\t<div class=\"elementor-container elementor-column-gap-default\">\n\t\t\t\t\t<div class=\"elementor-column elementor-col-100 elementor-top-column elementor-element elementor-element-d02072f\" data-id=\"d02072f\" data-element_type=\"column\" data-e-type=\"column\">\n\t\t\t<div class=\"elementor-widget-wrap elementor-element-populated\">\n\t\t\t\t\t\t<div class=\"elementor-element elementor-element-5077a38 elementor-widget elementor-widget-heading\" data-id=\"5077a38\" data-element_type=\"widget\" data-e-type=\"widget\" data-widget_type=\"heading.default\">\n\t\t\t\t\t<h3 class=\"elementor-heading-title elementor-size-default\">Solicitudes de TPS para Guatemala siguen<\/h3>\t\t\t\t<\/div>\n\t\t\t\t\t<\/div>\n\t\t<\/div>\n\t\t\t\t\t<\/div>\n\t\t<\/section>\n\t\t\t\t<section data-particle_enable=\"false\" data-particle-mobile-disabled=\"false\" class=\"elementor-section elementor-top-section elementor-element elementor-element-2490a72 elementor-section-boxed elementor-section-height-default elementor-section-height-default\" data-id=\"2490a72\" data-element_type=\"section\" data-e-type=\"section\">\n\t\t\t\t\t\t<div class=\"elementor-container elementor-column-gap-default\">\n\t\t\t\t\t<div class=\"elementor-column elementor-col-100 elementor-top-column elementor-element elementor-element-9c09dc2\" data-id=\"9c09dc2\" data-element_type=\"column\" data-e-type=\"column\">\n\t\t\t<div class=\"elementor-widget-wrap elementor-element-populated\">\n\t\t\t\t\t\t<div class=\"elementor-element elementor-element-2da1df7 elementor-widget elementor-widget-text-editor\" data-id=\"2da1df7\" data-element_type=\"widget\" data-e-type=\"widget\" data-widget_type=\"text-editor.default\">\n\t\t\t\t\t\t\t\t\t<p>La Red Migrante Guatemalteca y otras organizaciones, han iniciado el trabajo en California y en otros estados de la Uni\u00f3n Americana, con recopilaci\u00f3n de firmas, pero ser\u00eda beneficioso que en los propios consulados guatemaltecos, sean colocadas las listas y personal, para que guatemaltecos que asistan a diferentes tr\u00e1mites, puedan firmar la solicitud, por lo que la Canciller\u00eda guatemalteca debe aprobar propuesta y mostrar respaldo a la iniciativa que promuevo.<\/p><p><span style=\"color: var( --e-global-color-text );\">El haber participado en las propuestas de peticiones de requerimiento del otorgamiento del TPS, por varios a\u00f1os, a trav\u00e9s de instituci\u00f3n vinculada al tema migratorio, a la Canciller\u00eda guatemalteca para que el Presidente de la Rep\u00fablica lo planteara, debe fructificar ahora en la actual administraci\u00f3n.<\/span><\/p><p><span style=\"color: var( --e-global-color-text );\">Pero de nuevo, se debe advertir\u00a0 que debe solventarse el problema de pasaportes y citas, para evitar sea un serio problema para la actual administraci\u00f3n y el desarrollo de campa\u00f1as informativas en castellano e idiomas mayas.<\/span><\/p>\t\t\t\t\t\t\t\t<\/div>\n\t\t\t\t\t<\/div>\n\t\t<\/div>\n\t\t\t\t\t<\/div>\n\t\t<\/section>\n\t\t\t\t<section data-particle_enable=\"false\" data-particle-mobile-disabled=\"false\" class=\"elementor-section elementor-top-section elementor-element elementor-element-315078d elementor-section-boxed elementor-section-height-default elementor-section-height-default\" data-id=\"315078d\" data-element_type=\"section\" data-e-type=\"section\">\n\t\t\t\t\t\t<div class=\"elementor-container elementor-column-gap-default\">\n\t\t\t\t\t<div class=\"elementor-column elementor-col-100 elementor-top-column elementor-element elementor-element-cee9ca6\" data-id=\"cee9ca6\" data-element_type=\"column\" data-e-type=\"column\">\n\t\t\t<div class=\"elementor-widget-wrap elementor-element-populated\">\n\t\t\t\t\t\t<div class=\"elementor-element elementor-element-cc5e01f elementor-widget elementor-widget-heading\" data-id=\"cc5e01f\" data-element_type=\"widget\" data-e-type=\"widget\" data-widget_type=\"heading.default\">\n\t\t\t\t\t<h3 class=\"elementor-heading-title elementor-size-default\">Te podr\u00eda servir: informaci\u00f3n de consulados<\/h3>\t\t\t\t<\/div>\n\t\t\t\t\t<\/div>\n\t\t<\/div>\n\t\t\t\t\t<\/div>\n\t\t<\/section>\n\t\t\t\t<section data-particle_enable=\"false\" data-particle-mobile-disabled=\"false\" class=\"elementor-section elementor-top-section elementor-element elementor-element-f21da59 elementor-section-boxed elementor-section-height-default elementor-section-height-default\" data-id=\"f21da59\" data-element_type=\"section\" data-e-type=\"section\">\n\t\t\t\t\t\t<div class=\"elementor-container elementor-column-gap-default\">\n\t\t\t\t\t<div class=\"elementor-column elementor-col-100 elementor-top-column elementor-element elementor-element-8f9169e\" data-id=\"8f9169e\" data-element_type=\"column\" data-e-type=\"column\">\n\t\t\t<div class=\"elementor-widget-wrap elementor-element-populated\">\n\t\t\t\t\t\t<div class=\"elementor-element elementor-element-3c5c5ea elementor-widget elementor-widget-blfe-post-grid\" data-id=\"3c5c5ea\" data-element_type=\"widget\" data-e-type=\"widget\" data-settings=\"{&quot;columns&quot;:&quot;3&quot;,&quot;columns_tablet&quot;:&quot;6&quot;,&quot;columns_mobile&quot;:&quot;12&quot;,&quot;hero1_layout_column_gap&quot;:{&quot;unit&quot;:&quot;px&quot;,&quot;size&quot;:30,&quot;sizes&quot;:[]},&quot;hero1_layout_column_gap_tablet&quot;:{&quot;unit&quot;:&quot;px&quot;,&quot;size&quot;:&quot;&quot;,&quot;sizes&quot;:[]},&quot;hero1_layout_column_gap_mobile&quot;:{&quot;unit&quot;:&quot;px&quot;,&quot;size&quot;:&quot;&quot;,&quot;sizes&quot;:[]},&quot;hero1_layout_row_gap&quot;:{&quot;unit&quot;:&quot;px&quot;,&quot;size&quot;:30,&quot;sizes&quot;:[]},&quot;hero1_layout_row_gap_tablet&quot;:{&quot;unit&quot;:&quot;px&quot;,&quot;size&quot;:&quot;&quot;,&quot;sizes&quot;:[]},&quot;hero1_layout_row_gap_mobile&quot;:{&quot;unit&quot;:&quot;px&quot;,&quot;size&quot;:&quot;&quot;,&quot;sizes&quot;:[]}}\" data-widget_type=\"blfe-post-grid.hero1\">\n\t\t\t\t<div class=\"elementor-widget-container\">\n\t\t\t\t\t\n                        <div class=\"blfe-post-grid-container \">\n            \n                <div data-skin=\"hero1\" class=\"blfe-row blfe-posts-inner blfe-hero1 blfe-posts-inner blfe-col-3 blfe-col-tab-6 blfe-col-mob-12     \">\n                            <div class=\"blfe-post-grid-item\">\n            <div class=\"blfe-post-grid-item-inner blfe-modern-zoom\">\n                        <div class=\"blfe-post-grid-bg-image\">\n            <a class=\"blfe-post-grid-image-inner\" href=\"https:\/\/soymigrante.com\/revista\/migrante-hispana-se-hace-viral-al-utilizar-una-tarjeta-roja-conoce-tus-derechos-ante-agentes\/\" title=\"Migrante hispana se hace viral al utilizar una tarjeta roja Conoce tus Derechos, ante agentes\" rel=\"nofollow\" target=\"_blank\"><img decoding=\"async\" src=\"https:\/\/soymigrante.com\/revista\/wp-content\/uploads\/2026\/04\/tarjeta-roja.jpg\" alt=\"Migrante hispana se hace viral al utilizar una tarjeta roja Conoce tus Derechos, ante agentes\"\/><\/a>        <\/div>\n                        <div class=\"blfe-post-grid-details\">\n                    <div class=\"blfe-post-grid-details-inner\">\n                        <span class=\"blfe-post-category\"><a href=\"https:\/\/soymigrante.com\/revista\/category\/recursos-migratorios\/\">Recursos Migratorios<\/a><\/span>                        <h3 class=\"blfe-post-grid-title\">\n            <a href=\"https:\/\/soymigrante.com\/revista\/migrante-hispana-se-hace-viral-al-utilizar-una-tarjeta-roja-conoce-tus-derechos-ante-agentes\/\" title=\"Migrante hispana se hace viral al utilizar una tarjeta roja Conoce tus Derechos, ante agentes\" rel=\"nofollow\" target=\"_blank\">Migrante hispana se hace viral al utilizar una tarjeta roja Conoce tus Derechos, ante agentes<\/a>\n            <\/h3>                                                            <div class=\"blfe-post-grid-meta\">\n                <span class=\"blfe-post-grid-time\"><i class=\"fas fa-book-reader\"><\/i>5 Min read<\/span>            <\/div>\n                                                        <\/div>\n                <\/div>\n\n            <\/div>\n        <\/div>\n                <div class=\"blfe-post-grid-item\">\n            <div class=\"blfe-post-grid-item-inner blfe-modern-zoom\">\n                        <div class=\"blfe-post-grid-bg-image\">\n            <a class=\"blfe-post-grid-image-inner\" href=\"https:\/\/soymigrante.com\/revista\/por-que-es-necesario-declarar-hasta-las-infracciones-de-transito-para-tramitar-residencia-o-ciudadania\/\" title=\"\u00bfPor qu\u00e9 es necesario declarar hasta las infracciones de tr\u00e1nsito para tramitar residencia o ciudadan\u00eda?\" rel=\"nofollow\" target=\"_blank\"><img decoding=\"async\" src=\"https:\/\/soymigrante.com\/revista\/wp-content\/uploads\/2026\/04\/a-red-light-on-and-a-traffic-police-ticket-in-a-windshield-at-us-street-1.jpg\" alt=\"\u00bfPor qu\u00e9 es necesario declarar hasta las infracciones de tr\u00e1nsito para tramitar residencia o ciudadan\u00eda?\"\/><\/a>        <\/div>\n                        <div class=\"blfe-post-grid-details\">\n                    <div class=\"blfe-post-grid-details-inner\">\n                        <span class=\"blfe-post-category\"><a href=\"https:\/\/soymigrante.com\/revista\/category\/recursos-migratorios\/\">Recursos Migratorios<\/a><\/span>                        <h3 class=\"blfe-post-grid-title\">\n            <a href=\"https:\/\/soymigrante.com\/revista\/por-que-es-necesario-declarar-hasta-las-infracciones-de-transito-para-tramitar-residencia-o-ciudadania\/\" title=\"\u00bfPor qu\u00e9 es necesario declarar hasta las infracciones de tr\u00e1nsito para tramitar residencia o ciudadan\u00eda?\" rel=\"nofollow\" target=\"_blank\">\u00bfPor qu\u00e9 es necesario declarar hasta las infracciones de tr\u00e1nsito para tramitar residencia o ciudadan\u00eda?<\/a>\n            <\/h3>                                                            <div class=\"blfe-post-grid-meta\">\n                <span class=\"blfe-post-grid-time\"><i class=\"fas fa-book-reader\"><\/i>4 Min read<\/span>            <\/div>\n                                                        <\/div>\n                <\/div>\n\n            <\/div>\n        <\/div>\n                <div class=\"blfe-post-grid-item\">\n            <div class=\"blfe-post-grid-item-inner blfe-modern-zoom\">\n                        <div class=\"blfe-post-grid-bg-image\">\n            <a class=\"blfe-post-grid-image-inner\" href=\"https:\/\/soymigrante.com\/revista\/abogada-guatemalteca-explica-como-migrantes-detenidos-sin-fianza-podrian-beneficiarse-con-fallo-de-jueza\/\" title=\"Abogada guatemalteca explica c\u00f3mo migrantes detenidos sin fianza podr\u00edan beneficiarse con fallo judicial reciente\" rel=\"nofollow\" target=\"_blank\"><img decoding=\"async\" src=\"https:\/\/soymigrante.com\/revista\/wp-content\/uploads\/2026\/03\/abogada-ana-gabriela-urizar-migrante-guatemalteca.jpg\" alt=\"Abogada guatemalteca explica c\u00f3mo migrantes detenidos sin fianza podr\u00edan beneficiarse con fallo judicial reciente\"\/><\/a>        <\/div>\n                        <div class=\"blfe-post-grid-details\">\n                    <div class=\"blfe-post-grid-details-inner\">\n                        <span class=\"blfe-post-category\"><a href=\"https:\/\/soymigrante.com\/revista\/category\/recursos-migratorios\/\">Recursos Migratorios<\/a><\/span>                        <h3 class=\"blfe-post-grid-title\">\n            <a href=\"https:\/\/soymigrante.com\/revista\/abogada-guatemalteca-explica-como-migrantes-detenidos-sin-fianza-podrian-beneficiarse-con-fallo-de-jueza\/\" title=\"Abogada guatemalteca explica c\u00f3mo migrantes detenidos sin fianza podr\u00edan beneficiarse con fallo judicial reciente\" rel=\"nofollow\" target=\"_blank\">Abogada guatemalteca explica c\u00f3mo migrantes detenidos sin fianza podr\u00edan beneficiarse con fallo judicial reciente<\/a>\n            <\/h3>                                                            <div class=\"blfe-post-grid-meta\">\n                <span class=\"blfe-post-grid-time\"><i class=\"fas fa-book-reader\"><\/i>6 Min read<\/span>            <\/div>\n                                                        <\/div>\n                <\/div>\n\n            <\/div>\n        <\/div>\n                        <\/div>\n\n                        <\/div>\n            \n                        <div class=\"blfe-post-footer\">\n                        <\/div>\n            \t\t\t\t<\/div>\n\t\t\t\t<\/div>\n\t\t\t\t\t<\/div>\n\t\t<\/div>\n\t\t\t\t\t<\/div>\n\t\t<\/section>\n\t\t\t\t<\/div>\n\t\t","protected":false},"excerpt":{"rendered":"<p>Petici\u00f3n de TPS (siglas en ingl\u00e9s de Status de Protecci\u00f3n Temporal) para Guatemala tambi\u00e9n debe llevar al gobierno guatemalteco a solventar problem\u00e1tica de pasaportes, documentos y citas consulares. Por Fernando Castro Molina, experto en temas migratorios Las declaraciones por parte del Presidente de Guatemala, Dr. Bernardo Ar\u00e9valo, en relaci\u00f3n a la existencia de conversaciones con [&hellip;]<\/p>\n","protected":false},"author":1,"featured_media":5788,"comment_status":"open","ping_status":"open","sticky":false,"template":"","format":"standard","meta":{"_acf_changed":false,"_eb_attr":"","footnotes":""},"categories":[56],"tags":[],"class_list":["post-5787","post","type-post","status-publish","format-standard","has-post-thumbnail","hentry","category-lugar-de-voces"],"acf":[],"aioseo_notices":[],"aioseo_head":"\n\t\t<!-- All in One SEO Pro 4.9.6.2 - aioseo.com -->\n\t<meta name=\"description\" content=\"Caso Maldonado Bautista abri\u00f3 oportunidad de audiencia ante juez y solicitud de fianza para migrantes detenidos. Abogada guatemalteca Ana Ur\u00edzar explica.\" \/>\n\t<meta name=\"robots\" content=\"max-snippet:-1, max-image-preview:large, max-video-preview:-1\" \/>\n\t<meta name=\"author\" content=\"Gustavo Montenegro\"\/>\n\t<link rel=\"canonical\" href=\"https:\/\/soymigrante.com\/revista\/abogada-guatemalteca-explica-como-migrantes-detenidos-sin-fianza-podrian-beneficiarse-con-fallo-de-jueza\/\" \/>\n\t<meta name=\"generator\" content=\"All in One SEO Pro (AIOSEO) 4.9.6.2\" \/>\n\n\t\t<link rel=\"preconnect\" href=\"https:\/\/fonts.googleapis.com\" crossorigin>\n<link rel=\"preconnect\" href=\"https:\/\/fonts.gstatic.com\" crossorigin>\n\t\t<meta property=\"og:locale\" content=\"es_ES\" \/>\n\t\t<meta property=\"og:site_name\" content=\"SoyMigrante.com REVISTA \u2013 Nuestra misi\u00f3n es reconocer y dignificar al migrante.\" \/>\n\t\t<meta property=\"og:type\" content=\"article\" \/>\n\t\t<meta property=\"og:title\" content=\"Abogada explica fallo a favor de migrantes detenidos sin fianza\" \/>\n\t\t<meta property=\"og:description\" content=\"Caso Maldonado Bautista abri\u00f3 oportunidad de audiencia ante juez y solicitud de fianza para migrantes detenidos. Abogada guatemalteca Ana Ur\u00edzar explica.\" \/>\n\t\t<meta property=\"og:url\" content=\"https:\/\/soymigrante.com\/revista\/abogada-guatemalteca-explica-como-migrantes-detenidos-sin-fianza-podrian-beneficiarse-con-fallo-de-jueza\/\" \/>\n\t\t<meta property=\"og:image\" content=\"https:\/\/soymigrante.com\/revista\/wp-content\/uploads\/2026\/03\/abogada-ana-gabriela-urizar-migrante-guatemalteca.jpg\" \/>\n\t\t<meta property=\"og:image:secure_url\" content=\"https:\/\/soymigrante.com\/revista\/wp-content\/uploads\/2026\/03\/abogada-ana-gabriela-urizar-migrante-guatemalteca.jpg\" \/>\n\t\t<meta property=\"og:image:width\" content=\"670\" \/>\n\t\t<meta property=\"og:image:height\" content=\"670\" \/>\n\t\t<meta property=\"article:published_time\" content=\"2026-03-23T19:32:33+00:00\" \/>\n\t\t<meta property=\"article:modified_time\" content=\"2026-03-23T19:33:24+00:00\" \/>\n\t\t<meta property=\"article:publisher\" content=\"https:\/\/www.facebook.com\/soymigrantecom\" \/>\n\t\t<meta name=\"twitter:card\" content=\"summary_large_image\" \/>\n\t\t<meta name=\"twitter:site\" content=\"@SoyMigrante_com\" \/>\n\t\t<meta name=\"twitter:title\" content=\"Abogada explica fallo a favor de migrantes detenidos sin fianza\" \/>\n\t\t<meta name=\"twitter:description\" content=\"Caso Maldonado Bautista abri\u00f3 oportunidad de audiencia ante juez y solicitud de fianza para migrantes detenidos. Abogada guatemalteca Ana Ur\u00edzar explica.\" \/>\n\t\t<meta name=\"twitter:creator\" content=\"@SoyMigrante_com\" \/>\n\t\t<meta name=\"twitter:image\" content=\"https:\/\/soymigrante.com\/revista\/wp-content\/uploads\/2026\/03\/abogada-ana-gabriela-urizar-migrante-guatemalteca.jpg\" \/>\n\t\t<!-- All in One SEO Pro -->\r\n\t\t<title>Abogada explica fallo a favor de migrantes detenidos sin fianza<\/title>\n\n","aioseo_head_json":{"title":"Abogada explica fallo a favor de migrantes detenidos sin fianza","description":"Caso Maldonado Bautista abri\u00f3 oportunidad de audiencia ante juez y solicitud de fianza para migrantes detenidos. Abogada guatemalteca Ana Ur\u00edzar explica.","canonical_url":"https:\/\/soymigrante.com\/revista\/abogada-guatemalteca-explica-como-migrantes-detenidos-sin-fianza-podrian-beneficiarse-con-fallo-de-jueza\/","robots":"max-snippet:-1, max-image-preview:large, max-video-preview:-1","keywords":"","webmasterTools":{"miscellaneous":"&lt;link rel=\"preconnect\" href=\"https:\/\/fonts.googleapis.com\" crossorigin&gt;\n&lt;link rel=\"preconnect\" href=\"https:\/\/fonts.gstatic.com\" crossorigin&gt;"},"schema":null,"og:locale":"es_ES","og:site_name":"SoyMigrante.com REVISTA \u2013 Nuestra misi\u00f3n es reconocer y dignificar al migrante.","og:type":"article","og:title":"Abogada explica fallo a favor de migrantes detenidos sin fianza","og:description":"Caso Maldonado Bautista abri\u00f3 oportunidad de audiencia ante juez y solicitud de fianza para migrantes detenidos. Abogada guatemalteca Ana Ur\u00edzar explica.","og:url":"https:\/\/soymigrante.com\/revista\/abogada-guatemalteca-explica-como-migrantes-detenidos-sin-fianza-podrian-beneficiarse-con-fallo-de-jueza\/","og:image":"https:\/\/soymigrante.com\/revista\/wp-content\/uploads\/2026\/03\/abogada-ana-gabriela-urizar-migrante-guatemalteca.jpg","og:image:secure_url":"https:\/\/soymigrante.com\/revista\/wp-content\/uploads\/2026\/03\/abogada-ana-gabriela-urizar-migrante-guatemalteca.jpg","og:image:width":670,"og:image:height":670,"article:published_time":"2026-03-23T19:32:33+00:00","article:modified_time":"2026-03-23T19:33:24+00:00","article:publisher":"https:\/\/www.facebook.com\/soymigrantecom","twitter:card":"summary_large_image","twitter:site":"@SoyMigrante_com","twitter:title":"Abogada explica fallo a favor de migrantes detenidos sin fianza","twitter:description":"Caso Maldonado Bautista abri\u00f3 oportunidad de audiencia ante juez y solicitud de fianza para migrantes detenidos. Abogada guatemalteca Ana Ur\u00edzar explica.","twitter:creator":"@SoyMigrante_com","twitter:image":"https:\/\/soymigrante.com\/revista\/wp-content\/uploads\/2026\/03\/abogada-ana-gabriela-urizar-migrante-guatemalteca.jpg"},"aioseo_meta_data":{"post_id":"5787","title":null,"description":null,"keywords":null,"keyphrases":{"focus":{"keyphrase":"TPS","score":82,"analysis":{"keyphraseInTitle":{"score":9,"maxScore":9,"error":0},"keyphraseInDescription":{"score":9,"maxScore":9,"error":0},"keyphraseLength":{"score":9,"maxScore":9,"error":0,"length":1},"keyphraseInURL":{"score":5,"maxScore":5,"error":0},"keyphraseInIntroduction":{"score":3,"maxScore":9,"error":1},"keyphraseInSubHeadings":{"score":3,"maxScore":9,"error":1},"keyphraseInImageAlt":{"score":9,"maxScore":9,"error":0},"keywordDensity":{"type":"best","score":9,"maxScore":9,"error":0}}},"additional":[{"keyphrase":"TPS Guatemalteco","score":53,"analysis":{"keyphraseInDescription":{"score":3,"maxScore":9,"error":1},"keyphraseLength":{"score":9,"maxScore":9,"error":0,"length":2},"keyphraseInIntroduction":{"score":3,"maxScore":9,"error":1},"keyphraseInImageAlt":{"score":9,"maxScore":9,"error":0},"keywordDensity":{"score":0,"type":"low","maxScore":9,"error":1}}},{"keyphrase":"Migrantes","score":87,"analysis":{"keyphraseInDescription":{"score":9,"maxScore":9,"error":0},"keyphraseLength":{"score":9,"maxScore":9,"error":0,"length":1},"keyphraseInIntroduction":{"score":3,"maxScore":9,"error":1},"keyphraseInImageAlt":{"score":9,"maxScore":9,"error":0},"keywordDensity":{"type":"best","score":9,"maxScore":9,"error":0}}}]},"primary_term":null,"canonical_url":null,"og_title":null,"og_description":null,"og_object_type":"default","og_image_type":"default","og_image_url":null,"og_image_width":null,"og_image_height":null,"og_image_custom_url":null,"og_image_custom_fields":null,"og_video":"","og_custom_url":null,"og_article_section":null,"og_article_tags":null,"twitter_use_og":false,"twitter_card":"default","twitter_image_type":"default","twitter_image_url":null,"twitter_image_custom_url":null,"twitter_image_custom_fields":null,"twitter_title":null,"twitter_description":null,"schema":{"blockGraphs":[],"customGraphs":[],"default":{"data":{"Article":[],"Course":[],"Dataset":[],"FAQPage":[],"Movie":[],"Person":[],"Product":[],"ProductReview":[],"Car":[],"Recipe":[],"Service":[],"SoftwareApplication":[],"WebPage":[]},"graphName":"Article","isEnabled":true},"graphs":[]},"schema_type":"default","schema_type_options":null,"pillar_content":false,"robots_default":true,"robots_noindex":false,"robots_noarchive":false,"robots_nosnippet":false,"robots_nofollow":false,"robots_noimageindex":false,"robots_noodp":false,"robots_notranslate":false,"robots_max_snippet":"-1","robots_max_videopreview":"-1","robots_max_imagepreview":"large","priority":null,"frequency":"default","local_seo":null,"seo_analyzer_scan_date":"2025-10-08 21:33:31","breadcrumb_settings":null,"limit_modified_date":false,"reviewed_by":null,"open_ai":"{\"title\":{\"suggestions\":[],\"usage\":0},\"description\":{\"suggestions\":[],\"usage\":0}}","ai":null,"created":"2024-04-03 19:57:17","updated":"2026-02-04 11:13:03"},"aioseo_breadcrumb":"<div class=\"aioseo-breadcrumbs\"><span class=\"aioseo-breadcrumb\">\n\t<a href=\"https:\/\/soymigrante.com\/revista\" title=\"Home\">Home<\/a>\n<\/span><span class=\"aioseo-breadcrumb-separator\">\u00bb<\/span><span class=\"aioseo-breadcrumb\">\n\t<a href=\"https:\/\/soymigrante.com\/revista\/category\/estamos-unidos\/\" title=\"Estamos Unidos\">Estamos Unidos<\/a>\n<\/span><span class=\"aioseo-breadcrumb-separator\">\u00bb<\/span><span class=\"aioseo-breadcrumb\">\n\t<a href=\"https:\/\/soymigrante.com\/revista\/category\/estamos-unidos\/lugar-de-voces\/\" title=\"Lugar de Voces\">Lugar de Voces<\/a>\n<\/span><span class=\"aioseo-breadcrumb-separator\">\u00bb<\/span><span class=\"aioseo-breadcrumb\">\n\tTPS para Guatemala: qu\u00e9 se necesita para lograr este beneficio para migrantes en EE.UU.\n<\/span><\/div>","aioseo_breadcrumb_json":[{"label":"Home","link":"https:\/\/soymigrante.com\/revista"},{"label":"Estamos Unidos","link":"https:\/\/soymigrante.com\/revista\/category\/estamos-unidos\/"},{"label":"Lugar de Voces","link":"https:\/\/soymigrante.com\/revista\/category\/estamos-unidos\/lugar-de-voces\/"},{"label":"TPS para Guatemala: qu\u00e9 se necesita para lograr este beneficio para migrantes en EE.UU.","link":"https:\/\/soymigrante.com\/revista\/tps-para-guatemala-que-se-necesita-para-lograr-este-beneficio-para-migrantes-en-ee-uu\/"}],"_links":{"self":[{"href":"https:\/\/soymigrante.com\/revista\/wp-json\/wp\/v2\/posts\/5787","targetHints":{"allow":["GET"]}}],"collection":[{"href":"https:\/\/soymigrante.com\/revista\/wp-json\/wp\/v2\/posts"}],"about":[{"href":"https:\/\/soymigrante.com\/revista\/wp-json\/wp\/v2\/types\/post"}],"author":[{"embeddable":true,"href":"https:\/\/soymigrante.com\/revista\/wp-json\/wp\/v2\/users\/1"}],"replies":[{"embeddable":true,"href":"https:\/\/soymigrante.com\/revista\/wp-json\/wp\/v2\/comments?post=5787"}],"version-history":[{"count":0,"href":"https:\/\/soymigrante.com\/revista\/wp-json\/wp\/v2\/posts\/5787\/revisions"}],"wp:featuredmedia":[{"embeddable":true,"href":"https:\/\/soymigrante.com\/revista\/wp-json\/wp\/v2\/media\/5788"}],"wp:attachment":[{"href":"https:\/\/soymigrante.com\/revista\/wp-json\/wp\/v2\/media?parent=5787"}],"wp:term":[{"taxonomy":"category","embeddable":true,"href":"https:\/\/soymigrante.com\/revista\/wp-json\/wp\/v2\/categories?post=5787"},{"taxonomy":"post_tag","embeddable":true,"href":"https:\/\/soymigrante.com\/revista\/wp-json\/wp\/v2\/tags?post=5787"}],"curies":[{"name":"wp","href":"https:\/\/api.w.org\/{rel}","templated":true}]}}