{"id":5733,"date":"2024-04-01T14:56:27","date_gmt":"2024-04-01T20:56:27","guid":{"rendered":"https:\/\/soymigrante.com\/revista\/?p=5733"},"modified":"2024-07-30T06:17:58","modified_gmt":"2024-07-30T12:17:58","slug":"musica-tradicional-de-guatemala-tipica-maya-marimba-guatemalteca","status":"publish","type":"post","link":"https:\/\/soymigrante.com\/revista\/musica-tradicional-de-guatemala-tipica-maya-marimba-guatemalteca\/","title":{"rendered":"M\u00fasica maya tradicional de Guatemala resonar\u00e1 este abril en Houston, Texas"},"content":{"rendered":"\t\t<div data-elementor-type=\"wp-post\" data-elementor-id=\"5733\" class=\"elementor elementor-5733\" data-elementor-post-type=\"post\">\n\t\t\t\t\t\t<section data-particle_enable=\"false\" data-particle-mobile-disabled=\"false\" class=\"elementor-section elementor-top-section elementor-element elementor-element-64648a4 elementor-section-boxed elementor-section-height-default elementor-section-height-default\" data-id=\"64648a4\" data-element_type=\"section\" data-e-type=\"section\">\n\t\t\t\t\t\t<div class=\"elementor-container elementor-column-gap-default\">\n\t\t\t\t\t<div class=\"elementor-column elementor-col-100 elementor-top-column elementor-element elementor-element-0062fef\" data-id=\"0062fef\" data-element_type=\"column\" data-e-type=\"column\">\n\t\t\t<div class=\"elementor-widget-wrap elementor-element-populated\">\n\t\t\t\t\t\t<div class=\"elementor-element elementor-element-55f7f84 elementor-widget elementor-widget-heading\" data-id=\"55f7f84\" data-element_type=\"widget\" data-e-type=\"widget\" data-widget_type=\"heading.default\">\n\t\t\t\t\t<h2 class=\"elementor-heading-title elementor-size-default\">Migrantes en EE.UU. est\u00e1n invitados a la Noche Cultural Guatemalteca y tambi\u00e9n al Latin Fest de Houston, en donde se presentar\u00e1n los grupos Maya Aj, Marimba Santo Tom\u00e1s La Original y Chapines de Coraz\u00f3n. <\/h2>\t\t\t\t<\/div>\n\t\t\t\t\t<\/div>\n\t\t<\/div>\n\t\t\t\t\t<\/div>\n\t\t<\/section>\n\t\t\t\t<section data-particle_enable=\"false\" data-particle-mobile-disabled=\"false\" class=\"elementor-section elementor-top-section elementor-element elementor-element-7a660ae elementor-section-boxed elementor-section-height-default elementor-section-height-default\" data-id=\"7a660ae\" data-element_type=\"section\" data-e-type=\"section\">\n\t\t\t\t\t\t<div class=\"elementor-container elementor-column-gap-default\">\n\t\t\t\t\t<div class=\"elementor-column elementor-col-100 elementor-top-column elementor-element elementor-element-dcc5124\" data-id=\"dcc5124\" data-element_type=\"column\" data-e-type=\"column\">\n\t\t\t<div class=\"elementor-widget-wrap elementor-element-populated\">\n\t\t\t\t\t\t<div class=\"elementor-element elementor-element-45c44f0 elementor-widget elementor-widget-text-editor\" data-id=\"45c44f0\" data-element_type=\"widget\" data-e-type=\"widget\" data-widget_type=\"text-editor.default\">\n\t\t\t\t\t\t\t\t\t<p>\u00a0Maya Aj es un grupo de rescate y proyecci\u00f3n de m\u00fasica maya tradicional de Guatemala, surgido hace 24 a\u00f1os en San Juan Comalapa, Chimaltenango y que se ha presentado en Estados Unidos, Europa, M\u00e9xico y Guatemala.\u00a0<\/p><p>Se presentar\u00e1 junto a la Marimba Santo Tom\u00e1s en la Noche Cultural Guatemalteca el pr\u00f3ximo 12 de abril en Houston Texas, <a href=\"https:\/\/soymigrante.com\/revista\/sali-de-guatemala-pero-guatemala-nunca-saldra-de-mi-migrante-y-promotora-cultural-susana-oxlaj\/\">evento organizado por la asociaci\u00f3n Chapines de Coraz\u00f3n, que tambi\u00e9n participar\u00e1 con la presentaci\u00f3n de danzas tradicionales<\/a>. Adem\u00e1s participar\u00e1n en el Latin Fest de Houston, el 13 y 14 de abril, un evento de toda la comunidad hispana.<\/p><div><span style=\"color: var( --e-global-color-text );\">\u00a0<\/span><\/div>\t\t\t\t\t\t\t\t<\/div>\n\t\t\t\t\t<\/div>\n\t\t<\/div>\n\t\t\t\t\t<\/div>\n\t\t<\/section>\n\t\t\t\t<section data-particle_enable=\"false\" data-particle-mobile-disabled=\"false\" class=\"elementor-section elementor-top-section elementor-element elementor-element-220f664 elementor-section-boxed elementor-section-height-default elementor-section-height-default\" data-id=\"220f664\" data-element_type=\"section\" data-e-type=\"section\">\n\t\t\t\t\t\t<div class=\"elementor-container elementor-column-gap-default\">\n\t\t\t\t\t<div class=\"elementor-column elementor-col-100 elementor-top-column elementor-element elementor-element-77f8f24\" data-id=\"77f8f24\" data-element_type=\"column\" data-e-type=\"column\">\n\t\t\t<div class=\"elementor-widget-wrap elementor-element-populated\">\n\t\t\t\t\t\t<div class=\"elementor-element elementor-element-5203678 elementor-widget elementor-widget-image\" data-id=\"5203678\" data-element_type=\"widget\" data-e-type=\"widget\" data-widget_type=\"image.default\">\n\t\t\t\t\t\t\t\t\t\t\t\t\t\t\t<img fetchpriority=\"high\" decoding=\"async\" width=\"702\" height=\"783\" src=\"https:\/\/soymigrante.com\/revista\/wp-content\/uploads\/2024\/04\/dffd.webp\" class=\"attachment-large size-large wp-image-5736\" alt=\"Chapines de coraz\u00f3n Houston presenta noche cultural guatemalteca con grupo folcl\u00f3rico Maya AJ, marimba Orquesta Santo Tom\u00e1s, en evento en Touch of Class Center Houston TX.\" srcset=\"https:\/\/soymigrante.com\/revista\/wp-content\/uploads\/2024\/04\/dffd.webp 702w, https:\/\/soymigrante.com\/revista\/wp-content\/uploads\/2024\/04\/dffd-269x300.webp 269w\" sizes=\"(max-width: 702px) 100vw, 702px\" title=\"dffd \u2013 SoyMigrante.com REVISTA\" \/>\t\t\t\t\t\t\t\t\t\t\t\t\t\t\t<\/div>\n\t\t\t\t\t<\/div>\n\t\t<\/div>\n\t\t\t\t\t<\/div>\n\t\t<\/section>\n\t\t\t\t<section data-particle_enable=\"false\" data-particle-mobile-disabled=\"false\" class=\"elementor-section elementor-top-section elementor-element elementor-element-40fb9d7 elementor-section-boxed elementor-section-height-default elementor-section-height-default\" data-id=\"40fb9d7\" data-element_type=\"section\" data-e-type=\"section\">\n\t\t\t\t\t\t<div class=\"elementor-container elementor-column-gap-default\">\n\t\t\t\t\t<div class=\"elementor-column elementor-col-100 elementor-top-column elementor-element elementor-element-e89a9cd\" data-id=\"e89a9cd\" data-element_type=\"column\" data-e-type=\"column\">\n\t\t\t<div class=\"elementor-widget-wrap elementor-element-populated\">\n\t\t\t\t\t\t<div class=\"elementor-element elementor-element-de29c17 elementor-widget elementor-widget-heading\" data-id=\"de29c17\" data-element_type=\"widget\" data-e-type=\"widget\" data-widget_type=\"heading.default\">\n\t\t\t\t\t<h3 class=\"elementor-heading-title elementor-size-default\">Maya Aj: sonidos ancestrales sin fronteras<\/h3>\t\t\t\t<\/div>\n\t\t\t\t\t<\/div>\n\t\t<\/div>\n\t\t\t\t\t<\/div>\n\t\t<\/section>\n\t\t\t\t<section data-particle_enable=\"false\" data-particle-mobile-disabled=\"false\" class=\"elementor-section elementor-top-section elementor-element elementor-element-610685b elementor-section-boxed elementor-section-height-default elementor-section-height-default\" data-id=\"610685b\" data-element_type=\"section\" data-e-type=\"section\">\n\t\t\t\t\t\t<div class=\"elementor-container elementor-column-gap-default\">\n\t\t\t\t\t<div class=\"elementor-column elementor-col-100 elementor-top-column elementor-element elementor-element-f16ab84\" data-id=\"f16ab84\" data-element_type=\"column\" data-e-type=\"column\">\n\t\t\t<div class=\"elementor-widget-wrap elementor-element-populated\">\n\t\t\t\t\t\t<div class=\"elementor-element elementor-element-8f375a0 elementor-widget elementor-widget-text-editor\" data-id=\"8f375a0\" data-element_type=\"widget\" data-e-type=\"widget\" data-widget_type=\"text-editor.default\">\n\t\t\t\t\t\t\t\t\t<p><span style=\"color: var( --e-global-color-text );\">&#8220;Surgimos en el a\u00f1o 2000 con la intenci\u00f3n de rescatar, exaltar y promover los sonidos ancestrales de Guatemala. Nos hemos presentado en Europa, Asia, Estados Unidos y nos sentimos orgullosos de poder presentarnos pr\u00f3ximamente en Houston, Texas ante nuestros hermanos guatemaltecos&#8221;, dice Luis Eligio Cal\u00ed Cujcuy, director de Maya Aj, que se presentar\u00e1 en Houston el 12, 13 y 14 de abril.<\/span><\/p><p>&#8220;Llevaremos el sonido del tambor, la chirim\u00eda, la flauta y tambi\u00e9n de pitos hechos de barro aqu\u00ed en Guatemala hasta los o\u00eddos de los migrantes guatemaltecos. Ser\u00e1 un gusto y un honor que asistan&#8221;, agreg\u00f3.<\/p><p>&#8220;Llevamos en el coraz\u00f3n momentos en los que ese encuentro con guatemaltecos migrantes desata nostalgia, recuerdos, sonrisas y l\u00e1grimas tambi\u00e9n. Para eso hemos hecho todo este rescate de sonidos que en tiempos tecnol\u00f3gicos, de tanta carrera y prisas no nos detenemos a escuchar, pero que son valiosos&#8221;, dice el m\u00fasico y promotor cultural.<\/p>\t\t\t\t\t\t\t\t<\/div>\n\t\t\t\t\t<\/div>\n\t\t<\/div>\n\t\t\t\t\t<\/div>\n\t\t<\/section>\n\t\t\t\t<section data-particle_enable=\"false\" data-particle-mobile-disabled=\"false\" class=\"elementor-section elementor-top-section elementor-element elementor-element-6a21ef6 elementor-section-boxed elementor-section-height-default elementor-section-height-default\" data-id=\"6a21ef6\" data-element_type=\"section\" data-e-type=\"section\">\n\t\t\t\t\t\t<div class=\"elementor-container elementor-column-gap-default\">\n\t\t\t\t\t<div class=\"elementor-column elementor-col-100 elementor-top-column elementor-element elementor-element-144898d\" data-id=\"144898d\" data-element_type=\"column\" data-e-type=\"column\">\n\t\t\t<div class=\"elementor-widget-wrap elementor-element-populated\">\n\t\t\t\t\t\t<div class=\"elementor-element elementor-element-7a87137 elementor-widget elementor-widget-video\" data-id=\"7a87137\" data-element_type=\"widget\" data-e-type=\"widget\" data-settings=\"{&quot;youtube_url&quot;:&quot;https:\\\/\\\/www.youtube.com\\\/watch?v=I8GO3KPw3V0&amp;t=2091s&quot;,&quot;start&quot;:650,&quot;lazy_load&quot;:&quot;yes&quot;,&quot;video_type&quot;:&quot;youtube&quot;,&quot;controls&quot;:&quot;yes&quot;}\" data-widget_type=\"video.default\">\n\t\t\t\t\t\t\t<div class=\"elementor-wrapper elementor-open-inline\">\n\t\t\t<div class=\"elementor-video\"><\/div>\t\t<\/div>\n\t\t\t\t\t\t<\/div>\n\t\t\t\t\t<\/div>\n\t\t<\/div>\n\t\t\t\t\t<\/div>\n\t\t<\/section>\n\t\t\t\t<section data-particle_enable=\"false\" data-particle-mobile-disabled=\"false\" class=\"elementor-section elementor-top-section elementor-element elementor-element-c6156b6 elementor-section-boxed elementor-section-height-default elementor-section-height-default\" data-id=\"c6156b6\" data-element_type=\"section\" data-e-type=\"section\">\n\t\t\t\t\t\t<div class=\"elementor-container elementor-column-gap-default\">\n\t\t\t\t\t<div class=\"elementor-column elementor-col-100 elementor-top-column elementor-element elementor-element-5a4d934\" data-id=\"5a4d934\" data-element_type=\"column\" data-e-type=\"column\">\n\t\t\t<div class=\"elementor-widget-wrap elementor-element-populated\">\n\t\t\t\t\t\t<div class=\"elementor-element elementor-element-91f611b elementor-widget elementor-widget-heading\" data-id=\"91f611b\" data-element_type=\"widget\" data-e-type=\"widget\" data-widget_type=\"heading.default\">\n\t\t\t\t\t<h3 class=\"elementor-heading-title elementor-size-default\">Marimba de reciente fundaci\u00f3n y profunda ra\u00edz<\/h3>\t\t\t\t<\/div>\n\t\t\t\t\t<\/div>\n\t\t<\/div>\n\t\t\t\t\t<\/div>\n\t\t<\/section>\n\t\t\t\t<section data-particle_enable=\"false\" data-particle-mobile-disabled=\"false\" class=\"elementor-section elementor-top-section elementor-element elementor-element-8602808 elementor-section-boxed elementor-section-height-default elementor-section-height-default\" data-id=\"8602808\" data-element_type=\"section\" data-e-type=\"section\">\n\t\t\t\t\t\t<div class=\"elementor-container elementor-column-gap-default\">\n\t\t\t\t\t<div class=\"elementor-column elementor-col-100 elementor-top-column elementor-element elementor-element-2fea1b2\" data-id=\"2fea1b2\" data-element_type=\"column\" data-e-type=\"column\">\n\t\t\t<div class=\"elementor-widget-wrap elementor-element-populated\">\n\t\t\t\t\t\t<div class=\"elementor-element elementor-element-4b49273 elementor-widget elementor-widget-text-editor\" data-id=\"4b49273\" data-element_type=\"widget\" data-e-type=\"widget\" data-widget_type=\"text-editor.default\">\n\t\t\t\t\t\t\t\t\t<p><span style=\"color: var( --e-global-color-text );\"><a href=\"https:\/\/www.facebook.com\/profile.php?id=100076671275199\">Marimba Santo Tom\u00e1s La Original<\/a> surgi\u00f3 en Houston, en 2019, en las manos de migrantes quichelensees.&nbsp; El sue\u00f1o llevaba varios a\u00f1os en preparaci\u00f3n y por fin pudo concretarse.<\/span><\/p>\n<p><span style=\"color: var( --e-global-color-text );\">&#8220;Conseguimos una marimba ese a\u00f1o, que llevaba varios a\u00f1os en Estados Unidos sin uso. La compr\u00e9 y empez\u00f3 a sonar en tierras lejanas&#8221;, cuenta V\u00edctor Manuel Panjoj, marimbista y fundador. Es originario de Santo Tom\u00e1s Chichicastenango, Quich\u00e9 y de all\u00ed el nombre del grupo. Creci\u00f3 tocando el instrumento nacional junto a su padre y hermanos.<\/span><\/p>\n<p>Al migrar a Estados Unidos para laborar, se llev\u00f3 aquel sentimiento y valores de identidad. Por varios a\u00f1os so\u00f1\u00f3 con hacer sonar las teclas de hormigo y lo consigui\u00f3 en 2019, cuando pudo adquirir el instrumento alrededor del cual se han amenizado fiestas, conciertos y otros eventos.<\/p>\n<div>&nbsp;<\/div>\t\t\t\t\t\t\t\t<\/div>\n\t\t\t\t\t<\/div>\n\t\t<\/div>\n\t\t\t\t\t<\/div>\n\t\t<\/section>\n\t\t\t\t<section data-particle_enable=\"false\" data-particle-mobile-disabled=\"false\" class=\"elementor-section elementor-top-section elementor-element elementor-element-9673b17 elementor-section-boxed elementor-section-height-default elementor-section-height-default\" data-id=\"9673b17\" data-element_type=\"section\" data-e-type=\"section\">\n\t\t\t\t\t\t<div class=\"elementor-container elementor-column-gap-default\">\n\t\t\t\t\t<div class=\"elementor-column elementor-col-100 elementor-top-column elementor-element elementor-element-a9ccfa5\" data-id=\"a9ccfa5\" data-element_type=\"column\" data-e-type=\"column\">\n\t\t\t<div class=\"elementor-widget-wrap elementor-element-populated\">\n\t\t\t\t\t\t<div class=\"elementor-element elementor-element-13994a4 elementor-widget elementor-widget-image\" data-id=\"13994a4\" data-element_type=\"widget\" data-e-type=\"widget\" data-widget_type=\"image.default\">\n\t\t\t\t\t\t\t\t\t\t\t\t<figure class=\"wp-caption\">\n\t\t\t\t\t\t\t\t\t\t<img decoding=\"async\" width=\"768\" height=\"448\" src=\"https:\/\/soymigrante.com\/revista\/wp-content\/uploads\/2024\/04\/Captura-de-pantalla-2024-04-01-142934.webp\" class=\"attachment-large size-large wp-image-5737\" alt=\"Banda musical en un evento cultural, con instrumentos tradicionales y modernos en un escenario, destacando la diversidad musical y cultural de los migrantes en la comunidad.\" srcset=\"https:\/\/soymigrante.com\/revista\/wp-content\/uploads\/2024\/04\/Captura-de-pantalla-2024-04-01-142934.webp 962w, https:\/\/soymigrante.com\/revista\/wp-content\/uploads\/2024\/04\/Captura-de-pantalla-2024-04-01-142934-300x175.webp 300w, https:\/\/soymigrante.com\/revista\/wp-content\/uploads\/2024\/04\/Captura-de-pantalla-2024-04-01-142934-768x448.webp 768w, https:\/\/soymigrante.com\/revista\/wp-content\/uploads\/2024\/04\/Captura-de-pantalla-2024-04-01-142934-750x437.webp 750w\" sizes=\"(max-width: 768px) 100vw, 768px\" title=\"Guatemaltecos integran la marimba Santo Tom\u00e1s La Original, surgida en Houston Texas, en 2019, para alegrar veladas, eventos familiares y sociales de migrantes guatemaltecos en Texas y toda la Uni\u00f3n Americana. \u2013 SoyMigrante.com REVISTA\" \/>\t\t\t\t\t\t\t\t\t\t\t<figcaption class=\"widget-image-caption wp-caption-text\">Grupo musical en escenario, con instrumentos tradicionales y modernos, representando la diversidad cultural de los migrantes en eventos comunitarios y culturales.<\/figcaption>\n\t\t\t\t\t\t\t\t\t\t<\/figure>\n\t\t\t\t\t\t\t\t\t<\/div>\n\t\t\t\t\t<\/div>\n\t\t<\/div>\n\t\t\t\t\t<\/div>\n\t\t<\/section>\n\t\t\t\t<section data-particle_enable=\"false\" data-particle-mobile-disabled=\"false\" class=\"elementor-section elementor-top-section elementor-element elementor-element-ab8fd41 elementor-section-boxed elementor-section-height-default elementor-section-height-default\" data-id=\"ab8fd41\" data-element_type=\"section\" data-e-type=\"section\">\n\t\t\t\t\t\t<div class=\"elementor-container elementor-column-gap-default\">\n\t\t\t\t\t<div class=\"elementor-column elementor-col-100 elementor-top-column elementor-element elementor-element-3aea7a1\" data-id=\"3aea7a1\" data-element_type=\"column\" data-e-type=\"column\">\n\t\t\t<div class=\"elementor-widget-wrap elementor-element-populated\">\n\t\t\t\t\t\t<div class=\"elementor-element elementor-element-e7c2c96 elementor-widget elementor-widget-text-editor\" data-id=\"e7c2c96\" data-element_type=\"widget\" data-e-type=\"widget\" data-widget_type=\"text-editor.default\">\n\t\t\t\t\t\t\t\t\t<p>&#8220;En Houston vamos a presentar temas tradicionales y tambi\u00e9n una composici\u00f3n hecha por m\u00ed que se llama Patrona Santa Helena, tambien el son Ca\u00edda del Sol&#8221;, agrega V\u00edctor Manuel.<\/p><p>&#8220;No ha sido f\u00e1cil impulsar y mantener este grupo, as\u00ed que agradecemos el apoyo con su asistencia a la Noche Cultural. En cada presentaci\u00f3n sabemos que hay sentimientos, emociones, recuerdos&#8221;, agrega el promotor marimb\u00edstico.<\/p><div><br \/><br \/><\/div>\t\t\t\t\t\t\t\t<\/div>\n\t\t\t\t\t<\/div>\n\t\t<\/div>\n\t\t\t\t\t<\/div>\n\t\t<\/section>\n\t\t\t\t<section data-particle_enable=\"false\" data-particle-mobile-disabled=\"false\" class=\"elementor-section elementor-top-section elementor-element elementor-element-c965624 elementor-section-boxed elementor-section-height-default elementor-section-height-default\" data-id=\"c965624\" data-element_type=\"section\" data-e-type=\"section\">\n\t\t\t\t\t\t<div class=\"elementor-container elementor-column-gap-default\">\n\t\t\t\t\t<div class=\"elementor-column elementor-col-100 elementor-top-column elementor-element elementor-element-fe474e9\" data-id=\"fe474e9\" data-element_type=\"column\" data-e-type=\"column\">\n\t\t\t<div class=\"elementor-widget-wrap elementor-element-populated\">\n\t\t\t\t\t\t<div class=\"elementor-element elementor-element-3721e92 elementor-widget elementor-widget-video\" data-id=\"3721e92\" data-element_type=\"widget\" data-e-type=\"widget\" data-settings=\"{&quot;youtube_url&quot;:&quot;https:\\\/\\\/www.youtube.com\\\/watch?v=u4H1ZIcWdrA&quot;,&quot;video_type&quot;:&quot;youtube&quot;,&quot;controls&quot;:&quot;yes&quot;}\" data-widget_type=\"video.default\">\n\t\t\t\t\t\t\t<div class=\"elementor-wrapper elementor-open-inline\">\n\t\t\t<div class=\"elementor-video\"><\/div>\t\t<\/div>\n\t\t\t\t\t\t<\/div>\n\t\t\t\t\t<\/div>\n\t\t<\/div>\n\t\t\t\t\t<\/div>\n\t\t<\/section>\n\t\t\t\t<section data-particle_enable=\"false\" data-particle-mobile-disabled=\"false\" class=\"elementor-section elementor-top-section elementor-element elementor-element-493c531 elementor-section-boxed elementor-section-height-default elementor-section-height-default\" data-id=\"493c531\" data-element_type=\"section\" data-e-type=\"section\">\n\t\t\t\t\t\t<div class=\"elementor-container elementor-column-gap-default\">\n\t\t\t\t\t<div class=\"elementor-column elementor-col-100 elementor-top-column elementor-element elementor-element-91e3822\" data-id=\"91e3822\" data-element_type=\"column\" data-e-type=\"column\">\n\t\t\t<div class=\"elementor-widget-wrap elementor-element-populated\">\n\t\t\t\t\t\t<div class=\"elementor-element elementor-element-97b97eb elementor-widget elementor-widget-heading\" data-id=\"97b97eb\" data-element_type=\"widget\" data-e-type=\"widget\" data-widget_type=\"heading.default\">\n\t\t\t\t\t<h3 class=\"elementor-heading-title elementor-size-default\">Llevan a Guatemala en el coraz\u00f3n <\/h3>\t\t\t\t<\/div>\n\t\t\t\t\t<\/div>\n\t\t<\/div>\n\t\t\t\t\t<\/div>\n\t\t<\/section>\n\t\t\t\t<section data-particle_enable=\"false\" data-particle-mobile-disabled=\"false\" class=\"elementor-section elementor-top-section elementor-element elementor-element-0efc9b6 elementor-section-boxed elementor-section-height-default elementor-section-height-default\" data-id=\"0efc9b6\" data-element_type=\"section\" data-e-type=\"section\">\n\t\t\t\t\t\t<div class=\"elementor-container elementor-column-gap-default\">\n\t\t\t\t\t<div class=\"elementor-column elementor-col-100 elementor-top-column elementor-element elementor-element-e9e61a6\" data-id=\"e9e61a6\" data-element_type=\"column\" data-e-type=\"column\">\n\t\t\t<div class=\"elementor-widget-wrap elementor-element-populated\">\n\t\t\t\t\t\t<div class=\"elementor-element elementor-element-22a29e7 elementor-widget elementor-widget-text-editor\" data-id=\"22a29e7\" data-element_type=\"widget\" data-e-type=\"widget\" data-widget_type=\"text-editor.default\">\n\t\t\t\t\t\t\t\t\t<p><span style=\"color: var( --e-global-color-text );\">El grupo de danzas tradicionales guatemaltecas Chapines de Coraz\u00f3n, fundado y dirigido por la guatemalteca Susana Oxlaj, tambi\u00e9n se presentar\u00e1 en la Noche Cultural de la cual son organizadores.<\/span><\/p><p><span style=\"color: var( --e-global-color-text );\">La Noche Cultural Guatemalteca ser\u00e1 el viernes 12 de abril pr\u00f3ximo, a partir de las 6 de la tarde, en<a href=\"https:\/\/www.google.com\/maps\/dir\/Touch+of+Class,+7171+Hwy+6+N+%23+130,+Houston,+TX+77095,+Estados+Unidos\/Houston,+Texas,+EE.+UU.\/@29.8371062,-95.6719555,11z\/data=!3m1!4b1!4m14!4m13!1m5!1m1!1s0x8640daabb30547b1:0xf3c3fc5253d35bdc!2m2!1d-95.6478603!2d29.8815225!1m5!1m1!1s0x8640b8b4488d8501:0xca0d02def365053b!2m2!1d-95.3698028!2d29.7604267!3e0?entry=ttu\"> Touch Of Class Events Center, 201 Sharpstown Center, Houston, TX 77036.<\/a><\/span><\/p><p><span style=\"color: var( --e-global-color-text );\">Admisi\u00f3n a la velada cultural guatemalteca: 10 d\u00f3lares por persona.\u00a0<\/span><span style=\"color: var( --e-global-color-text );\">Para m\u00e1s informaci\u00f3n se puede comunicar al n\u00famero 832-890-6366 o <a href=\"https:\/\/www.facebook.com\/chapinesdecorazonhouston\">al perfil en Facebook de Chapines de Coraz\u00f3n.<\/a><\/span><\/p><p><span style=\"color: var( --e-global-color-text );\"><a href=\"https:\/\/www.facebook.com\/HoustonLatinFest\">El Latin Fest de Houston se efectuar\u00e1 el s\u00e1bado 13 y domingo 14 de abril, con la participaci\u00f3n de artistas y grupos de comunidades migrantes hispanas. La admisi\u00f3n tambi\u00e9n tiene un costo de 10 d\u00f3lares.<\/a><\/span><\/p><div>\u00a0<\/div>\t\t\t\t\t\t\t\t<\/div>\n\t\t\t\t\t<\/div>\n\t\t<\/div>\n\t\t\t\t\t<\/div>\n\t\t<\/section>\n\t\t\t\t<section data-particle_enable=\"false\" data-particle-mobile-disabled=\"false\" class=\"elementor-section elementor-top-section elementor-element elementor-element-5947803 elementor-section-boxed elementor-section-height-default elementor-section-height-default\" data-id=\"5947803\" data-element_type=\"section\" data-e-type=\"section\">\n\t\t\t\t\t\t<div class=\"elementor-container elementor-column-gap-default\">\n\t\t\t\t\t<div class=\"elementor-column elementor-col-100 elementor-top-column elementor-element elementor-element-52ce83f\" data-id=\"52ce83f\" data-element_type=\"column\" data-e-type=\"column\">\n\t\t\t<div class=\"elementor-widget-wrap elementor-element-populated\">\n\t\t\t\t\t\t<div class=\"elementor-element elementor-element-af05c99 elementor-widget elementor-widget-heading\" data-id=\"af05c99\" data-element_type=\"widget\" data-e-type=\"widget\" data-widget_type=\"heading.default\">\n\t\t\t\t\t<h2 class=\"elementor-heading-title elementor-size-default\">Historia de inspiraci\u00f3n y amor a la patria<\/h2>\t\t\t\t<\/div>\n\t\t\t\t\t<\/div>\n\t\t<\/div>\n\t\t\t\t\t<\/div>\n\t\t<\/section>\n\t\t\t\t<section data-particle_enable=\"false\" data-particle-mobile-disabled=\"false\" class=\"elementor-section elementor-top-section elementor-element elementor-element-1c17c4e elementor-section-boxed elementor-section-height-default elementor-section-height-default\" data-id=\"1c17c4e\" data-element_type=\"section\" data-e-type=\"section\">\n\t\t\t\t\t\t<div class=\"elementor-container elementor-column-gap-default\">\n\t\t\t\t\t<div class=\"elementor-column elementor-col-100 elementor-top-column elementor-element elementor-element-9a6dd96\" data-id=\"9a6dd96\" data-element_type=\"column\" data-e-type=\"column\">\n\t\t\t<div class=\"elementor-widget-wrap elementor-element-populated\">\n\t\t\t\t\t\t<div class=\"elementor-element elementor-element-1703bb7 elementor-grid-eael-col-1 elementor-grid-tablet-eael-col-2 elementor-grid-mobile-eael-col-1 elementor-widget elementor-widget-eael-post-grid\" data-id=\"1703bb7\" data-element_type=\"widget\" data-e-type=\"widget\" data-settings=\"{&quot;eael_post_grid_columns&quot;:&quot;eael-col-1&quot;,&quot;eael_post_grid_columns_tablet&quot;:&quot;eael-col-2&quot;,&quot;eael_post_grid_columns_mobile&quot;:&quot;eael-col-1&quot;}\" data-widget_type=\"eael-post-grid.default\">\n\t\t\t\t\t<div id=\"eael-post-grid-1703bb7\" class=\"eael-post-grid-container\">\n            <div class=\"eael-post-grid eael-post-appender eael-post-appender-1703bb7 eael-post-grid-style-one\" data-layout-mode=\"masonry\"><article class=\"eael-grid-post  eael-post-grid-column eael-pg-post-2734 category-exitos\" data-id=\"2734\">\n        <div class=\"eael-grid-post-holder\">\n            <div class=\"eael-grid-post-holder-inner\"><div class=\"eael-entry-media\"><div class=\"eael-entry-overlay fade-in\"><i class=\"far fa-hand-pointer\" aria-hidden=\"true\"><\/i><a href=\"https:\/\/soymigrante.com\/revista\/sali-de-guatemala-pero-guatemala-nunca-saldra-de-mi-migrante-y-promotora-cultural-susana-oxlaj\/\"><\/a><\/div><div class=\"eael-entry-thumbnail \">\n                <img decoding=\"async\" width=\"300\" height=\"200\" src=\"https:\/\/soymigrante.com\/revista\/wp-content\/uploads\/2023\/09\/susana-xolaj-300x200.webp\" class=\"attachment-medium size-medium wp-image-2736\" alt=\"Susana Oxlaj, migrante guatemalteca en Houston\" srcset=\"https:\/\/soymigrante.com\/revista\/wp-content\/uploads\/2023\/09\/susana-xolaj-300x200.webp 300w, https:\/\/soymigrante.com\/revista\/wp-content\/uploads\/2023\/09\/susana-xolaj-1024x682.webp 1024w, https:\/\/soymigrante.com\/revista\/wp-content\/uploads\/2023\/09\/susana-xolaj-768x512.webp 768w, https:\/\/soymigrante.com\/revista\/wp-content\/uploads\/2023\/09\/susana-xolaj-1536x1023.webp 1536w, https:\/\/soymigrante.com\/revista\/wp-content\/uploads\/2023\/09\/susana-xolaj-750x500.webp 750w, https:\/\/soymigrante.com\/revista\/wp-content\/uploads\/2023\/09\/susana-xolaj-1140x760.webp 1140w, https:\/\/soymigrante.com\/revista\/wp-content\/uploads\/2023\/09\/susana-xolaj-600x400.webp 600w, https:\/\/soymigrante.com\/revista\/wp-content\/uploads\/2023\/09\/susana-xolaj.webp 1600w\" sizes=\"(max-width: 300px) 100vw, 300px\" \/>\n            <\/div>\n        <\/div><div class=\"eael-entry-wrapper\"><header class=\"eael-entry-header\"><h2 class=\"eael-entry-title\"><a class=\"eael-grid-post-link\" href=\"https:\/\/soymigrante.com\/revista\/sali-de-guatemala-pero-guatemala-nunca-saldra-de-mi-migrante-y-promotora-cultural-susana-oxlaj\/\" title=\"&#8220;Sal\u00ed de Guatemala pero Guatemala nunca saldr\u00e1 de m\u00ed&#8221;: migrante y promotora cultural Susana Oxlaj\">&#8220;Sal\u00ed de Guatemala pero Guatemala nunca saldr\u00e1 de m\u00ed&#8221;: migrante y promotora cultural Susana Oxlaj<\/a><\/h2><\/header><div class=\"eael-entry-content\">\n                        <div class=\"eael-grid-post-excerpt\"><p>Chapines de Coraz\u00f3n presenta bailes y escenas tradicionales guatemaltecas en...<\/p><a href=\"https:\/\/soymigrante.com\/revista\/sali-de-guatemala-pero-guatemala-nunca-saldra-de-mi-migrante-y-promotora-cultural-susana-oxlaj\/\" class=\"eael-post-elements-readmore-btn\">Conoce su historia de orgullo y tradici\u00f3n<\/a><\/div>\n                    <\/div><\/div><\/div>\n        <\/div>\n    <\/article><\/div>\n            <div class=\"clearfix\"><\/div>\n        <\/div>\t\t\t\t<\/div>\n\t\t\t\t\t<\/div>\n\t\t<\/div>\n\t\t\t\t\t<\/div>\n\t\t<\/section>\n\t\t\t\t<\/div>\n\t\t","protected":false},"excerpt":{"rendered":"<p>Migrantes en EE.UU. est\u00e1n invitados a la Noche Cultural Guatemalteca y tambi\u00e9n al Latin Fest de Houston, en donde se presentar\u00e1n los grupos Maya Aj, Marimba Santo Tom\u00e1s La Original y Chapines de Coraz\u00f3n. \u00a0Maya Aj es un grupo de rescate y proyecci\u00f3n de m\u00fasica maya tradicional de Guatemala, surgido hace 24 a\u00f1os en San [&hellip;]<\/p>\n","protected":false},"author":7,"featured_media":5734,"comment_status":"open","ping_status":"open","sticky":false,"template":"","format":"standard","meta":{"_acf_changed":false,"_eb_attr":"","footnotes":""},"categories":[54],"tags":[],"class_list":["post-5733","post","type-post","status-publish","format-standard","has-post-thumbnail","hentry","category-estamos-unidos"],"acf":[],"aioseo_notices":[],"aioseo_head":"\n\t\t<!-- All in One SEO Pro 4.9.6.2 - aioseo.com -->\n\t<meta name=\"description\" content=\"Promotora cultural en Houston Texas, impulsa el grupo Chapines de Coraz\u00f3n con el cual presenta danzas y expone valores de la identidad multicultural guatemalteca.\" \/>\n\t<meta name=\"robots\" content=\"max-snippet:-1, max-image-preview:large, max-video-preview:-1\" \/>\n\t<meta name=\"author\" content=\"Gustavo Montenegro\"\/>\n\t<link rel=\"canonical\" href=\"https:\/\/soymigrante.com\/revista\/sali-de-guatemala-pero-guatemala-nunca-saldra-de-mi-migrante-y-promotora-cultural-susana-oxlaj\/\" \/>\n\t<meta name=\"generator\" content=\"All in One SEO Pro (AIOSEO) 4.9.6.2\" \/>\n\n\t\t<link rel=\"preconnect\" href=\"https:\/\/fonts.googleapis.com\" crossorigin>\n<link rel=\"preconnect\" href=\"https:\/\/fonts.gstatic.com\" crossorigin>\n\t\t<meta property=\"og:locale\" content=\"es_ES\" \/>\n\t\t<meta property=\"og:site_name\" content=\"SoyMigrante.com REVISTA \u2013 Nuestra misi\u00f3n es reconocer y dignificar al migrante.\" \/>\n\t\t<meta property=\"og:type\" content=\"article\" \/>\n\t\t<meta property=\"og:title\" content=\"&quot;Guatemala nunca sali\u00f3 de mi coraz\u00f3n&quot;: migrante Susana Oxlaj.\" \/>\n\t\t<meta property=\"og:description\" content=\"Promotora cultural en Houston Texas, impulsa el grupo Chapines de Coraz\u00f3n con el cual presenta danzas y expone valores de la identidad multicultural guatemalteca.\" \/>\n\t\t<meta property=\"og:url\" content=\"https:\/\/soymigrante.com\/revista\/sali-de-guatemala-pero-guatemala-nunca-saldra-de-mi-migrante-y-promotora-cultural-susana-oxlaj\/\" \/>\n\t\t<meta property=\"og:image\" content=\"https:\/\/soymigrante.com\/revista\/wp-content\/uploads\/2023\/09\/susana-xolaj.webp\" \/>\n\t\t<meta property=\"og:image:secure_url\" content=\"https:\/\/soymigrante.com\/revista\/wp-content\/uploads\/2023\/09\/susana-xolaj.webp\" \/>\n\t\t<meta property=\"og:image:width\" content=\"1600\" \/>\n\t\t<meta property=\"og:image:height\" content=\"1066\" \/>\n\t\t<meta property=\"article:published_time\" content=\"2023-09-29T06:18:16+00:00\" \/>\n\t\t<meta property=\"article:modified_time\" content=\"2025-09-13T23:28:53+00:00\" \/>\n\t\t<meta property=\"article:publisher\" content=\"https:\/\/www.facebook.com\/soymigrantecom\" \/>\n\t\t<meta name=\"twitter:card\" content=\"summary_large_image\" \/>\n\t\t<meta name=\"twitter:site\" content=\"@SoyMigrante_com\" \/>\n\t\t<meta name=\"twitter:title\" content=\"&quot;Guatemala nunca sali\u00f3 de mi coraz\u00f3n&quot;: migrante Susana Oxlaj.\" \/>\n\t\t<meta name=\"twitter:description\" content=\"Promotora cultural en Houston Texas, impulsa el grupo Chapines de Coraz\u00f3n con el cual presenta danzas y expone valores de la identidad multicultural guatemalteca.\" \/>\n\t\t<meta name=\"twitter:creator\" content=\"@SoyMigrante_com\" \/>\n\t\t<meta name=\"twitter:image\" content=\"https:\/\/soymigrante.com\/revista\/wp-content\/uploads\/2023\/09\/susana-xolaj.webp\" \/>\n\t\t<!-- All in One SEO Pro -->\r\n\t\t<title>&quot;Guatemala nunca sali\u00f3 de mi coraz\u00f3n&quot;: migrante Susana Oxlaj.<\/title>\n\n","aioseo_head_json":{"title":"\"Guatemala nunca sali\u00f3 de mi coraz\u00f3n\": migrante Susana Oxlaj.","description":"Promotora cultural en Houston Texas, impulsa el grupo Chapines de Coraz\u00f3n con el cual presenta danzas y expone valores de la identidad multicultural guatemalteca.","canonical_url":"https:\/\/soymigrante.com\/revista\/sali-de-guatemala-pero-guatemala-nunca-saldra-de-mi-migrante-y-promotora-cultural-susana-oxlaj\/","robots":"max-snippet:-1, max-image-preview:large, max-video-preview:-1","keywords":"","webmasterTools":{"miscellaneous":"&lt;link rel=\"preconnect\" href=\"https:\/\/fonts.googleapis.com\" crossorigin&gt;\n&lt;link rel=\"preconnect\" href=\"https:\/\/fonts.gstatic.com\" crossorigin&gt;"},"schema":null,"og:locale":"es_ES","og:site_name":"SoyMigrante.com REVISTA \u2013 Nuestra misi\u00f3n es reconocer y dignificar al migrante.","og:type":"article","og:title":"&quot;Guatemala nunca sali\u00f3 de mi coraz\u00f3n&quot;: migrante Susana Oxlaj.","og:description":"Promotora cultural en Houston Texas, impulsa el grupo Chapines de Coraz\u00f3n con el cual presenta danzas y expone valores de la identidad multicultural guatemalteca.","og:url":"https:\/\/soymigrante.com\/revista\/sali-de-guatemala-pero-guatemala-nunca-saldra-de-mi-migrante-y-promotora-cultural-susana-oxlaj\/","og:image":"https:\/\/soymigrante.com\/revista\/wp-content\/uploads\/2023\/09\/susana-xolaj.webp","og:image:secure_url":"https:\/\/soymigrante.com\/revista\/wp-content\/uploads\/2023\/09\/susana-xolaj.webp","og:image:width":1600,"og:image:height":1066,"article:published_time":"2023-09-29T06:18:16+00:00","article:modified_time":"2025-09-13T23:28:53+00:00","article:publisher":"https:\/\/www.facebook.com\/soymigrantecom","twitter:card":"summary_large_image","twitter:site":"@SoyMigrante_com","twitter:title":"&quot;Guatemala nunca sali\u00f3 de mi coraz\u00f3n&quot;: migrante Susana Oxlaj.","twitter:description":"Promotora cultural en Houston Texas, impulsa el grupo Chapines de Coraz\u00f3n con el cual presenta danzas y expone valores de la identidad multicultural guatemalteca.","twitter:creator":"@SoyMigrante_com","twitter:image":"https:\/\/soymigrante.com\/revista\/wp-content\/uploads\/2023\/09\/susana-xolaj.webp"},"aioseo_meta_data":{"post_id":"5733","title":null,"description":null,"keywords":[],"keyphrases":{"focus":{"keyphrase":"Guatemala","score":82,"analysis":{"keyphraseInTitle":{"score":9,"maxScore":9,"error":0},"keyphraseInDescription":{"score":9,"maxScore":9,"error":0},"keyphraseLength":{"score":9,"maxScore":9,"error":0,"length":1},"keyphraseInURL":{"score":5,"maxScore":5,"error":0},"keyphraseInIntroduction":{"score":9,"maxScore":9,"error":0},"keyphraseInSubHeadings":{"score":3,"maxScore":9,"error":1},"keyphraseInImageAlt":{"score":3,"maxScore":9,"error":1},"keywordDensity":{"type":"best","score":9,"maxScore":9,"error":0}}},"additional":[]},"primary_term":null,"canonical_url":null,"og_title":null,"og_description":null,"og_object_type":"default","og_image_type":"default","og_image_url":null,"og_image_width":null,"og_image_height":null,"og_image_custom_url":null,"og_image_custom_fields":null,"og_video":"","og_custom_url":null,"og_article_section":null,"og_article_tags":[],"twitter_use_og":false,"twitter_card":"default","twitter_image_type":"default","twitter_image_url":null,"twitter_image_custom_url":null,"twitter_image_custom_fields":null,"twitter_title":null,"twitter_description":null,"schema":{"blockGraphs":[],"customGraphs":[],"default":{"data":{"Article":[],"Course":[],"Dataset":[],"FAQPage":[],"Movie":[],"Person":[],"Product":[],"ProductReview":[],"Car":[],"Recipe":[],"Service":[],"SoftwareApplication":[],"WebPage":[]},"graphName":"BlogPosting","isEnabled":true},"graphs":[]},"schema_type":"default","schema_type_options":null,"pillar_content":false,"robots_default":true,"robots_noindex":false,"robots_noarchive":false,"robots_nosnippet":false,"robots_nofollow":false,"robots_noimageindex":false,"robots_noodp":false,"robots_notranslate":false,"robots_max_snippet":"-1","robots_max_videopreview":"-1","robots_max_imagepreview":"large","priority":null,"frequency":"default","local_seo":null,"seo_analyzer_scan_date":"2025-10-08 21:31:12","breadcrumb_settings":null,"limit_modified_date":false,"reviewed_by":null,"open_ai":null,"ai":null,"created":"2024-04-01 20:34:11","updated":"2026-02-04 11:09:02"},"aioseo_breadcrumb":"<div class=\"aioseo-breadcrumbs\"><span class=\"aioseo-breadcrumb\">\n\t<a href=\"https:\/\/soymigrante.com\/revista\" title=\"Home\">Home<\/a>\n<\/span><span class=\"aioseo-breadcrumb-separator\">\u00bb<\/span><span class=\"aioseo-breadcrumb\">\n\t<a href=\"https:\/\/soymigrante.com\/revista\/category\/estamos-unidos\/\" title=\"Estamos Unidos\">Estamos Unidos<\/a>\n<\/span><span class=\"aioseo-breadcrumb-separator\">\u00bb<\/span><span class=\"aioseo-breadcrumb\">\n\tM\u00fasica maya tradicional de Guatemala resonar\u00e1 este abril en Houston, Texas\n<\/span><\/div>","aioseo_breadcrumb_json":[{"label":"Home","link":"https:\/\/soymigrante.com\/revista"},{"label":"Estamos Unidos","link":"https:\/\/soymigrante.com\/revista\/category\/estamos-unidos\/"},{"label":"M\u00fasica maya tradicional de Guatemala resonar\u00e1 este abril en Houston, Texas","link":"https:\/\/soymigrante.com\/revista\/musica-tradicional-de-guatemala-tipica-maya-marimba-guatemalteca\/"}],"_links":{"self":[{"href":"https:\/\/soymigrante.com\/revista\/wp-json\/wp\/v2\/posts\/5733","targetHints":{"allow":["GET"]}}],"collection":[{"href":"https:\/\/soymigrante.com\/revista\/wp-json\/wp\/v2\/posts"}],"about":[{"href":"https:\/\/soymigrante.com\/revista\/wp-json\/wp\/v2\/types\/post"}],"author":[{"embeddable":true,"href":"https:\/\/soymigrante.com\/revista\/wp-json\/wp\/v2\/users\/7"}],"replies":[{"embeddable":true,"href":"https:\/\/soymigrante.com\/revista\/wp-json\/wp\/v2\/comments?post=5733"}],"version-history":[{"count":0,"href":"https:\/\/soymigrante.com\/revista\/wp-json\/wp\/v2\/posts\/5733\/revisions"}],"wp:featuredmedia":[{"embeddable":true,"href":"https:\/\/soymigrante.com\/revista\/wp-json\/wp\/v2\/media\/5734"}],"wp:attachment":[{"href":"https:\/\/soymigrante.com\/revista\/wp-json\/wp\/v2\/media?parent=5733"}],"wp:term":[{"taxonomy":"category","embeddable":true,"href":"https:\/\/soymigrante.com\/revista\/wp-json\/wp\/v2\/categories?post=5733"},{"taxonomy":"post_tag","embeddable":true,"href":"https:\/\/soymigrante.com\/revista\/wp-json\/wp\/v2\/tags?post=5733"}],"curies":[{"name":"wp","href":"https:\/\/api.w.org\/{rel}","templated":true}]}}