{"id":5709,"date":"2024-03-30T14:55:50","date_gmt":"2024-03-30T20:55:50","guid":{"rendered":"https:\/\/soymigrante.com\/revista\/?p=5709"},"modified":"2024-11-01T09:52:31","modified_gmt":"2024-11-01T15:52:31","slug":"antigua-guatemala-emprendimiento-juice-bar-frutas-turismo","status":"publish","type":"post","link":"https:\/\/soymigrante.com\/revista\/antigua-guatemala-emprendimiento-juice-bar-frutas-turismo\/","title":{"rendered":"Guatemala es &#8220;la pura fruta&#8221; para el migrante y emprendedor Esteban Chicol"},"content":{"rendered":"\t\t<div data-elementor-type=\"wp-post\" data-elementor-id=\"5709\" class=\"elementor elementor-5709\" data-elementor-post-type=\"post\">\n\t\t\t\t\t\t<section data-particle_enable=\"false\" data-particle-mobile-disabled=\"false\" class=\"elementor-section elementor-top-section elementor-element elementor-element-e21bf71 elementor-section-boxed elementor-section-height-default elementor-section-height-default\" data-id=\"e21bf71\" data-element_type=\"section\" data-e-type=\"section\">\n\t\t\t\t\t\t<div class=\"elementor-container elementor-column-gap-default\">\n\t\t\t\t\t<div class=\"elementor-column elementor-col-100 elementor-top-column elementor-element elementor-element-9bfe10b\" data-id=\"9bfe10b\" data-element_type=\"column\" data-e-type=\"column\">\n\t\t\t<div class=\"elementor-widget-wrap elementor-element-populated\">\n\t\t\t\t\t\t<div class=\"elementor-element elementor-element-7febf50 elementor-widget elementor-widget-heading\" data-id=\"7febf50\" data-element_type=\"widget\" data-e-type=\"widget\" data-widget_type=\"heading.default\">\n\t\t\t\t\t<h2 class=\"elementor-heading-title elementor-size-default\">Esteban Chicol emprendi\u00f3 un negocio de jugos naturales en Antigua Guatemala en 2016; en 2020 migr\u00f3 a Alemania y lleg\u00f3 la pandemia, pero mantuvo con vida <i>Amanecer Juice Bar<\/i>, para seguir generando oportunidades de empleo y negocios. Esta es la historia.<\/h2>\t\t\t\t<\/div>\n\t\t\t\t\t<\/div>\n\t\t<\/div>\n\t\t\t\t\t<\/div>\n\t\t<\/section>\n\t\t\t\t<section data-particle_enable=\"false\" data-particle-mobile-disabled=\"false\" class=\"elementor-section elementor-top-section elementor-element elementor-element-f7d2f3a elementor-section-boxed elementor-section-height-default elementor-section-height-default\" data-id=\"f7d2f3a\" data-element_type=\"section\" data-e-type=\"section\">\n\t\t\t\t\t\t<div class=\"elementor-container elementor-column-gap-default\">\n\t\t\t\t\t<div class=\"elementor-column elementor-col-100 elementor-top-column elementor-element elementor-element-b923645\" data-id=\"b923645\" data-element_type=\"column\" data-e-type=\"column\">\n\t\t\t<div class=\"elementor-widget-wrap elementor-element-populated\">\n\t\t\t\t\t\t<div class=\"elementor-element elementor-element-61ebd99 elementor-widget elementor-widget-text-editor\" data-id=\"61ebd99\" data-element_type=\"widget\" data-e-type=\"widget\" data-widget_type=\"text-editor.default\">\n\t\t\t\t\t\t\t\t\t<p>El a\u00f1o de la pandemia y los dos siguientes fueron duros para Amanecer Juice Bar, el emprendimiento de Esteban Chicol, guatemalteco que lo fund\u00f3 en Antigua Guatemala en 2016. Lo m\u00e1s f\u00e1cil habr\u00eda sido cerrarlo, pero Esteban pens\u00f3 en sus trabajadores y sus familias.\u00a0<\/p><p>En 2020, Esteban reci\u00e9n se hab\u00eda instalado a vivir en Alemania, tras haberse casado con su esposa, originaria de aquel pa\u00eds. Administraba y llevaba cuentas a distancia, pero con la suspensi\u00f3n sanitaria se cort\u00f3 el turismo, se cerraron los negocios&#8230;<\/p><p><span style=\"color: var( --e-global-color-text );\">Esta es la historia de la apuesta reiterada de un migrante por el sabor natural, nutritivo y \u00fanico de Guatemala.<\/span><\/p>\t\t\t\t\t\t\t\t<\/div>\n\t\t\t\t\t<\/div>\n\t\t<\/div>\n\t\t\t\t\t<\/div>\n\t\t<\/section>\n\t\t\t\t<section data-particle_enable=\"false\" data-particle-mobile-disabled=\"false\" class=\"elementor-section elementor-top-section elementor-element elementor-element-225c273 elementor-section-boxed elementor-section-height-default elementor-section-height-default\" data-id=\"225c273\" data-element_type=\"section\" data-e-type=\"section\">\n\t\t\t\t\t\t<div class=\"elementor-container elementor-column-gap-default\">\n\t\t\t\t\t<div class=\"elementor-column elementor-col-100 elementor-top-column elementor-element elementor-element-2a0c619\" data-id=\"2a0c619\" data-element_type=\"column\" data-e-type=\"column\">\n\t\t\t<div class=\"elementor-widget-wrap elementor-element-populated\">\n\t\t\t\t\t\t<div class=\"elementor-element elementor-element-a509d34 elementor-widget elementor-widget-image\" data-id=\"a509d34\" data-element_type=\"widget\" data-e-type=\"widget\" data-widget_type=\"image.default\">\n\t\t\t\t\t\t\t\t\t\t\t\t<figure class=\"wp-caption\">\n\t\t\t\t\t\t\t\t\t\t<img fetchpriority=\"high\" decoding=\"async\" width=\"952\" height=\"881\" src=\"https:\/\/soymigrante.com\/revista\/wp-content\/uploads\/2024\/03\/Captura-de-pantalla-2024-03-30-142404.webp\" class=\"attachment-large size-large wp-image-5712\" alt=\"Juice bar Am\u00e1meos en M\u00e9xico, espacio para disfrutar de bebidas naturales y libros, promoviendo la cultura migrante y la comunidad.\" srcset=\"https:\/\/soymigrante.com\/revista\/wp-content\/uploads\/2024\/03\/Captura-de-pantalla-2024-03-30-142404.webp 952w, https:\/\/soymigrante.com\/revista\/wp-content\/uploads\/2024\/03\/Captura-de-pantalla-2024-03-30-142404-300x278.webp 300w, https:\/\/soymigrante.com\/revista\/wp-content\/uploads\/2024\/03\/Captura-de-pantalla-2024-03-30-142404-768x711.webp 768w, https:\/\/soymigrante.com\/revista\/wp-content\/uploads\/2024\/03\/Captura-de-pantalla-2024-03-30-142404-750x694.webp 750w\" sizes=\"(max-width: 952px) 100vw, 952px\" \/>\t\t\t\t\t\t\t\t\t\t\t<figcaption class=\"widget-image-caption wp-caption-text\">Colorida fachada de juice bar con decoraci\u00f3n vibrante y ambiente acogedor en una calle comunitaria.<\/figcaption>\n\t\t\t\t\t\t\t\t\t\t<\/figure>\n\t\t\t\t\t\t\t\t\t<\/div>\n\t\t\t\t\t<\/div>\n\t\t<\/div>\n\t\t\t\t\t<\/div>\n\t\t<\/section>\n\t\t\t\t<section data-particle_enable=\"false\" data-particle-mobile-disabled=\"false\" class=\"elementor-section elementor-top-section elementor-element elementor-element-d5ff963 elementor-section-boxed elementor-section-height-default elementor-section-height-default\" data-id=\"d5ff963\" data-element_type=\"section\" data-e-type=\"section\">\n\t\t\t\t\t\t<div class=\"elementor-container elementor-column-gap-default\">\n\t\t\t\t\t<div class=\"elementor-column elementor-col-100 elementor-top-column elementor-element elementor-element-469b631\" data-id=\"469b631\" data-element_type=\"column\" data-e-type=\"column\">\n\t\t\t<div class=\"elementor-widget-wrap elementor-element-populated\">\n\t\t\t\t\t\t<div class=\"elementor-element elementor-element-da13034 elementor-widget elementor-widget-heading\" data-id=\"da13034\" data-element_type=\"widget\" data-e-type=\"widget\" data-widget_type=\"heading.default\">\n\t\t\t\t\t<h3 class=\"elementor-heading-title elementor-size-default\">Guatemala es la pura fruta <\/h3>\t\t\t\t<\/div>\n\t\t\t\t\t<\/div>\n\t\t<\/div>\n\t\t\t\t\t<\/div>\n\t\t<\/section>\n\t\t\t\t<section data-particle_enable=\"false\" data-particle-mobile-disabled=\"false\" class=\"elementor-section elementor-top-section elementor-element elementor-element-8f30ff2 elementor-section-boxed elementor-section-height-default elementor-section-height-default\" data-id=\"8f30ff2\" data-element_type=\"section\" data-e-type=\"section\">\n\t\t\t\t\t\t<div class=\"elementor-container elementor-column-gap-default\">\n\t\t\t\t\t<div class=\"elementor-column elementor-col-100 elementor-top-column elementor-element elementor-element-00d35bb\" data-id=\"00d35bb\" data-element_type=\"column\" data-e-type=\"column\">\n\t\t\t<div class=\"elementor-widget-wrap elementor-element-populated\">\n\t\t\t\t\t\t<div class=\"elementor-element elementor-element-769ccfa elementor-widget elementor-widget-text-editor\" data-id=\"769ccfa\" data-element_type=\"widget\" data-e-type=\"widget\" data-widget_type=\"text-editor.default\">\n\t\t\t\t\t\t\t\t\t<p><span style=\"color: var( --e-global-color-text );\">&#8220;Este es un bar de jugos naturales, Amanecer Juice Bar. Creamos bebidas saludables de frutas, en extractor o cold press, tambi\u00e9n smoothies y licuados; luego ampliamos a \u00e1rea de caf\u00e9 y comida. Al volver a Guatemala v\u00ed que aqu\u00ed hay de todo tipo de frutas, todo el a\u00f1o. En cada temporada siempre hay algo delicioso: mangos, pi\u00f1as, manzanas y tambi\u00e9n vegetales. Es una bendici\u00f3n que pude ver con claridad&#8221;.\u00a0<\/span><\/p><p><span style=\"color: var( --e-global-color-text );\">&#8220;A m\u00ed me encantan los jugos naturales y teniendo materia prima, de productores locales, creamos rutas de proveedores, incluyendo los pueblos alrededor de Antigua Guatemala. Nos ayudan y les ayudamos. Y adem\u00e1s viv\u00eda en la mejor ciudad del mundo: la Antigua&#8221;, cuenta Esteban Chicol, durante una de sus visitas a Antigua Guatemala, esta vez para celebrar los 8 a\u00f1os de Amanecer Juice Bar.<\/span><\/p><div>\u00a0<\/div>\t\t\t\t\t\t\t\t<\/div>\n\t\t\t\t\t<\/div>\n\t\t<\/div>\n\t\t\t\t\t<\/div>\n\t\t<\/section>\n\t\t\t\t<section data-particle_enable=\"false\" data-particle-mobile-disabled=\"false\" class=\"elementor-section elementor-top-section elementor-element elementor-element-45e44d5 elementor-section-boxed elementor-section-height-default elementor-section-height-default\" data-id=\"45e44d5\" data-element_type=\"section\" data-e-type=\"section\">\n\t\t\t\t\t\t<div class=\"elementor-container elementor-column-gap-default\">\n\t\t\t\t\t<div class=\"elementor-column elementor-col-100 elementor-top-column elementor-element elementor-element-5313227\" data-id=\"5313227\" data-element_type=\"column\" data-e-type=\"column\">\n\t\t\t<div class=\"elementor-widget-wrap elementor-element-populated\">\n\t\t\t\t\t\t<div class=\"elementor-element elementor-element-7ae6d8e elementor-widget elementor-widget-image\" data-id=\"7ae6d8e\" data-element_type=\"widget\" data-e-type=\"widget\" data-widget_type=\"image.default\">\n\t\t\t\t\t\t\t\t\t\t\t\t<figure class=\"wp-caption\">\n\t\t\t\t\t\t\t\t\t\t<img decoding=\"async\" width=\"819\" height=\"1024\" src=\"https:\/\/soymigrante.com\/revista\/wp-content\/uploads\/2024\/03\/91629279_2584628941751169_2135177059163439104_n-819x1024.webp\" class=\"attachment-large size-large wp-image-5713\" alt=\"Refresco verde de frutas con un bowl de yogurt y fresas en un restaurante con decoraci\u00f3n colorida y mensaje que dice &quot;Everyday is a fresh start&quot;.\" srcset=\"https:\/\/soymigrante.com\/revista\/wp-content\/uploads\/2024\/03\/91629279_2584628941751169_2135177059163439104_n-819x1024.webp 819w, https:\/\/soymigrante.com\/revista\/wp-content\/uploads\/2024\/03\/91629279_2584628941751169_2135177059163439104_n-240x300.webp 240w, https:\/\/soymigrante.com\/revista\/wp-content\/uploads\/2024\/03\/91629279_2584628941751169_2135177059163439104_n-768x960.webp 768w, https:\/\/soymigrante.com\/revista\/wp-content\/uploads\/2024\/03\/91629279_2584628941751169_2135177059163439104_n-750x938.webp 750w, https:\/\/soymigrante.com\/revista\/wp-content\/uploads\/2024\/03\/91629279_2584628941751169_2135177059163439104_n.webp 960w\" sizes=\"(max-width: 819px) 100vw, 819px\" \/>\t\t\t\t\t\t\t\t\t\t\t<figcaption class=\"widget-image-caption wp-caption-text\">Un restaurante con ambiente alegre y fresco, decoraci\u00f3n vibrante, y opciones saludables como smoothies y bowls de frutas, ideal para un estilo de vida saludable.<\/figcaption>\n\t\t\t\t\t\t\t\t\t\t<\/figure>\n\t\t\t\t\t\t\t\t\t<\/div>\n\t\t\t\t\t<\/div>\n\t\t<\/div>\n\t\t\t\t\t<\/div>\n\t\t<\/section>\n\t\t\t\t<section data-particle_enable=\"false\" data-particle-mobile-disabled=\"false\" class=\"elementor-section elementor-top-section elementor-element elementor-element-74aa0d3 elementor-section-boxed elementor-section-height-default elementor-section-height-default\" data-id=\"74aa0d3\" data-element_type=\"section\" data-e-type=\"section\">\n\t\t\t\t\t\t<div class=\"elementor-container elementor-column-gap-default\">\n\t\t\t\t\t<div class=\"elementor-column elementor-col-100 elementor-top-column elementor-element elementor-element-e8c4f81\" data-id=\"e8c4f81\" data-element_type=\"column\" data-e-type=\"column\">\n\t\t\t<div class=\"elementor-widget-wrap elementor-element-populated\">\n\t\t\t\t\t\t<div class=\"elementor-element elementor-element-b123881 elementor-widget elementor-widget-heading\" data-id=\"b123881\" data-element_type=\"widget\" data-e-type=\"widget\" data-widget_type=\"heading.default\">\n\t\t\t\t\t<h3 class=\"elementor-heading-title elementor-size-default\">Cambio de vida y un desaf\u00edo inesperado <\/h3>\t\t\t\t<\/div>\n\t\t\t\t\t<\/div>\n\t\t<\/div>\n\t\t\t\t\t<\/div>\n\t\t<\/section>\n\t\t\t\t<section data-particle_enable=\"false\" data-particle-mobile-disabled=\"false\" class=\"elementor-section elementor-top-section elementor-element elementor-element-24cdc06 elementor-section-boxed elementor-section-height-default elementor-section-height-default\" data-id=\"24cdc06\" data-element_type=\"section\" data-e-type=\"section\">\n\t\t\t\t\t\t<div class=\"elementor-container elementor-column-gap-default\">\n\t\t\t\t\t<div class=\"elementor-column elementor-col-100 elementor-top-column elementor-element elementor-element-f7a0d21\" data-id=\"f7a0d21\" data-element_type=\"column\" data-e-type=\"column\">\n\t\t\t<div class=\"elementor-widget-wrap elementor-element-populated\">\n\t\t\t\t\t\t<div class=\"elementor-element elementor-element-01e033d elementor-widget elementor-widget-text-editor\" data-id=\"01e033d\" data-element_type=\"widget\" data-e-type=\"widget\" data-widget_type=\"text-editor.default\">\n\t\t\t\t\t\t\t\t\t<p><span style=\"color: var( --e-global-color-text );\">Viviendo en Antigua Guatemala, Esteban conoci\u00f3 a su esposa. Ella es maestra y se encontraron cuando le quedaban tres meses de contrato en el colegio Alem\u00e1n. &#8220;Estuvimos un a\u00f1o a distancia en el cual nos visitamos. Fui un par de veces all\u00e1 a Frankfurt y ella tambi\u00e9n estuvo viniendo a Guatemala. Pero hubo que dar un paso, as\u00ed que nos casamos y me mud\u00e9 a Alemania en los primeros d\u00edas de 2020&#8221;.<\/span><\/p><p><span style=\"color: var( --e-global-color-text );\">En marzo de 2020 vino el cierre por el covid-19.\u00a0<\/span><\/p><p>&#8220;La pandemia fue un tiempo bien duro para el negocio y para m\u00ed. Apenas estaba adapt\u00e1ndome a una vida nueva all\u00e1 bajo condiciones distintas, otro idioma y al mismo tiempo ten\u00eda que manejar a distancia el negocio, tuvimos que cerrar. No hab\u00eda visitantes o sea no hab\u00eda clientes. Todo fue un ajuste, con el personal y con proveedores. Tratamos de acomodar los gstos fijos para seguir a flote&#8221;<\/p><p>Esteban pens\u00f3 si no era momento de cerrar, pero valora mucho a su personal. &#8220;Quer\u00eda seguir manteniendo y generando oportunidades. Adem\u00e1s ellos hab\u00edan empezado a manejar buena parte de la operaci\u00f3n&#8221;, relata.<\/p><p><span style=\"color: var( --e-global-color-text );\">\u00a0<\/span><\/p>\t\t\t\t\t\t\t\t<\/div>\n\t\t\t\t\t<\/div>\n\t\t<\/div>\n\t\t\t\t\t<\/div>\n\t\t<\/section>\n\t\t\t\t<section data-particle_enable=\"false\" data-particle-mobile-disabled=\"false\" class=\"elementor-section elementor-top-section elementor-element elementor-element-c18a9a9 elementor-section-boxed elementor-section-height-default elementor-section-height-default\" data-id=\"c18a9a9\" data-element_type=\"section\" data-e-type=\"section\">\n\t\t\t\t\t\t<div class=\"elementor-container elementor-column-gap-default\">\n\t\t\t\t\t<div class=\"elementor-column elementor-col-100 elementor-top-column elementor-element elementor-element-4a43374\" data-id=\"4a43374\" data-element_type=\"column\" data-e-type=\"column\">\n\t\t\t<div class=\"elementor-widget-wrap elementor-element-populated\">\n\t\t\t\t\t\t<div class=\"elementor-element elementor-element-deb2a76 elementor-widget elementor-widget-image\" data-id=\"deb2a76\" data-element_type=\"widget\" data-e-type=\"widget\" data-widget_type=\"image.default\">\n\t\t\t\t\t\t\t\t\t\t\t\t<figure class=\"wp-caption\">\n\t\t\t\t\t\t\t\t\t\t<img decoding=\"async\" width=\"1024\" height=\"837\" src=\"https:\/\/soymigrante.com\/revista\/wp-content\/uploads\/2024\/03\/Captura-de-pantalla-2024-03-30-142328-1024x837.webp\" class=\"attachment-large size-large wp-image-5711\" alt=\"Personaje sonriente en ambiente colorido y tropical con mural que dice &quot;Everyday is a fresh start&quot;, promoviendo bienestar y positivismo para migrantes.\" srcset=\"https:\/\/soymigrante.com\/revista\/wp-content\/uploads\/2024\/03\/Captura-de-pantalla-2024-03-30-142328-1024x837.webp 1024w, https:\/\/soymigrante.com\/revista\/wp-content\/uploads\/2024\/03\/Captura-de-pantalla-2024-03-30-142328-300x245.webp 300w, https:\/\/soymigrante.com\/revista\/wp-content\/uploads\/2024\/03\/Captura-de-pantalla-2024-03-30-142328-768x628.webp 768w, https:\/\/soymigrante.com\/revista\/wp-content\/uploads\/2024\/03\/Captura-de-pantalla-2024-03-30-142328-750x613.webp 750w, https:\/\/soymigrante.com\/revista\/wp-content\/uploads\/2024\/03\/Captura-de-pantalla-2024-03-30-142328.webp 1097w\" sizes=\"(max-width: 1024px) 100vw, 1024px\" \/>\t\t\t\t\t\t\t\t\t\t\t<figcaption class=\"widget-image-caption wp-caption-text\">Persona en mural colorido con mensaje motivador \"Everyday is a fresh start\" en ambiente alegre y con elementos de naturaleza y cultura, promoviendo la integraci\u00f3n y el bienestar de migrantes en la revista SoyMigrante.<\/figcaption>\n\t\t\t\t\t\t\t\t\t\t<\/figure>\n\t\t\t\t\t\t\t\t\t<\/div>\n\t\t\t\t\t<\/div>\n\t\t<\/div>\n\t\t\t\t\t<\/div>\n\t\t<\/section>\n\t\t\t\t<section data-particle_enable=\"false\" data-particle-mobile-disabled=\"false\" class=\"elementor-section elementor-top-section elementor-element elementor-element-c3204a3 elementor-section-boxed elementor-section-height-default elementor-section-height-default\" data-id=\"c3204a3\" data-element_type=\"section\" data-e-type=\"section\">\n\t\t\t\t\t\t<div class=\"elementor-container elementor-column-gap-default\">\n\t\t\t\t\t<div class=\"elementor-column elementor-col-100 elementor-top-column elementor-element elementor-element-fa480dd\" data-id=\"fa480dd\" data-element_type=\"column\" data-e-type=\"column\">\n\t\t\t<div class=\"elementor-widget-wrap elementor-element-populated\">\n\t\t\t\t\t\t<div class=\"elementor-element elementor-element-2df48e9 elementor-widget elementor-widget-text-editor\" data-id=\"2df48e9\" data-element_type=\"widget\" data-e-type=\"widget\" data-widget_type=\"text-editor.default\">\n\t\t\t\t\t\t\t\t\t<p>\u00a0<span style=\"font-family: Roboto, sans-serif; font-size: 16px; font-style: normal; font-variant-ligatures: normal; font-variant-caps: normal; font-weight: 400; color: var( --e-global-color-text );\">&#8220;La raz\u00f3n m\u00e1s fuerte por la que ya continu\u00e9 con el negocio en la pandemia, cuando los n\u00fameros no eran positivos, o incluso nigativos, fue mi conexi\u00f3n con Guatemala. Econ\u00f3micamente no hab\u00eda una raz\u00f3n para continuar, pero al pensar que era mi apoyo a las personas que aqu\u00ed laboran y que yo hab\u00eda creado aquel proyecto, me pon\u00eda metas, plazos para ir recuper\u00e1ndonos. S\u00e9 que perder un empleo puede ser complicado, as\u00ed que quer\u00eda aportar al pa\u00eds conserv\u00e1ndolos&#8221;.<\/span><\/p>\t\t\t\t\t\t\t\t<\/div>\n\t\t\t\t\t<\/div>\n\t\t<\/div>\n\t\t\t\t\t<\/div>\n\t\t<\/section>\n\t\t\t\t<section data-particle_enable=\"false\" data-particle-mobile-disabled=\"false\" class=\"elementor-section elementor-top-section elementor-element elementor-element-f161c13 elementor-section-boxed elementor-section-height-default elementor-section-height-default\" data-id=\"f161c13\" data-element_type=\"section\" data-e-type=\"section\">\n\t\t\t\t\t\t<div class=\"elementor-container elementor-column-gap-default\">\n\t\t\t\t\t<div class=\"elementor-column elementor-col-100 elementor-top-column elementor-element elementor-element-99debc9\" data-id=\"99debc9\" data-element_type=\"column\" data-e-type=\"column\">\n\t\t\t<div class=\"elementor-widget-wrap elementor-element-populated\">\n\t\t\t\t\t\t<div class=\"elementor-element elementor-element-a3d9826 elementor-widget elementor-widget-facebook-embed\" data-id=\"a3d9826\" data-element_type=\"widget\" data-e-type=\"widget\" data-widget_type=\"facebook-embed.default\">\n\t\t\t\t\t<div style=\"min-height: 1px\" class=\"elementor-facebook-widget fb-video\" data-href=\"https:\/\/www.facebook.com\/amanecerjuicebar\/videos\/3518008018255875\" data-show-text=\"true\" data-allowfullscreen=\"false\" data-autoplay=\"false\" data-show-captions=\"false\"><\/div>\t\t\t\t<\/div>\n\t\t\t\t\t<\/div>\n\t\t<\/div>\n\t\t\t\t\t<\/div>\n\t\t<\/section>\n\t\t\t\t<section data-particle_enable=\"false\" data-particle-mobile-disabled=\"false\" class=\"elementor-section elementor-top-section elementor-element elementor-element-c074e6c elementor-section-boxed elementor-section-height-default elementor-section-height-default\" data-id=\"c074e6c\" data-element_type=\"section\" data-e-type=\"section\">\n\t\t\t\t\t\t<div class=\"elementor-container elementor-column-gap-default\">\n\t\t\t\t\t<div class=\"elementor-column elementor-col-100 elementor-top-column elementor-element elementor-element-a674230\" data-id=\"a674230\" data-element_type=\"column\" data-e-type=\"column\">\n\t\t\t<div class=\"elementor-widget-wrap elementor-element-populated\">\n\t\t\t\t\t\t<div class=\"elementor-element elementor-element-077d992 elementor-widget elementor-widget-google_maps\" data-id=\"077d992\" data-element_type=\"widget\" data-e-type=\"widget\" data-widget_type=\"google_maps.default\">\n\t\t\t\t\t\t\t<div class=\"elementor-custom-embed\">\n\t\t\t<iframe loading=\"lazy\"\n\t\t\t\t\tsrc=\"https:\/\/maps.google.com\/maps?q=Amanecer%20Juice%20Bar&#038;t=m&#038;z=10&#038;output=embed&#038;iwloc=near\"\n\t\t\t\t\ttitle=\"Amanecer Juice Bar\"\n\t\t\t\t\taria-label=\"Amanecer Juice Bar\"\n\t\t\t><\/iframe>\n\t\t<\/div>\n\t\t\t\t\t\t<\/div>\n\t\t\t\t\t<\/div>\n\t\t<\/div>\n\t\t\t\t\t<\/div>\n\t\t<\/section>\n\t\t\t\t<section data-particle_enable=\"false\" data-particle-mobile-disabled=\"false\" class=\"elementor-section elementor-top-section elementor-element elementor-element-28f40bd elementor-section-boxed elementor-section-height-default elementor-section-height-default\" data-id=\"28f40bd\" data-element_type=\"section\" data-e-type=\"section\">\n\t\t\t\t\t\t<div class=\"elementor-container elementor-column-gap-default\">\n\t\t\t\t\t<div class=\"elementor-column elementor-col-100 elementor-top-column elementor-element elementor-element-287334d\" data-id=\"287334d\" data-element_type=\"column\" data-e-type=\"column\">\n\t\t\t<div class=\"elementor-widget-wrap elementor-element-populated\">\n\t\t\t\t\t\t<div class=\"elementor-element elementor-element-a614f83 elementor-widget elementor-widget-image\" data-id=\"a614f83\" data-element_type=\"widget\" data-e-type=\"widget\" data-widget_type=\"image.default\">\n\t\t\t\t\t\t\t\t\t\t\t\t<figure class=\"wp-caption\">\n\t\t\t\t\t\t\t\t\t\t<img loading=\"lazy\" decoding=\"async\" width=\"587\" height=\"518\" src=\"https:\/\/soymigrante.com\/revista\/wp-content\/uploads\/2024\/03\/Captura-de-pantalla-2024-03-30-142653.webp\" class=\"attachment-large size-large wp-image-5715\" alt=\"Joven y adulto sonriendo con cartel de celebraci\u00f3n del octavo aniversario del Amanecer Juice Bar, en un fondo rojo.\" srcset=\"https:\/\/soymigrante.com\/revista\/wp-content\/uploads\/2024\/03\/Captura-de-pantalla-2024-03-30-142653.webp 587w, https:\/\/soymigrante.com\/revista\/wp-content\/uploads\/2024\/03\/Captura-de-pantalla-2024-03-30-142653-300x265.webp 300w\" sizes=\"(max-width: 587px) 100vw, 587px\" \/>\t\t\t\t\t\t\t\t\t\t\t<figcaption class=\"widget-image-caption wp-caption-text\">Celebraci\u00f3n del 8\u00ba aniversario del Amanecer Juice Bar con dos personas felices, promocionando jugos naturales, smoothies y coffee shots en un ambiente alegre.<\/figcaption>\n\t\t\t\t\t\t\t\t\t\t<\/figure>\n\t\t\t\t\t\t\t\t\t<\/div>\n\t\t\t\t\t<\/div>\n\t\t<\/div>\n\t\t\t\t\t<\/div>\n\t\t<\/section>\n\t\t\t\t<section data-particle_enable=\"false\" data-particle-mobile-disabled=\"false\" class=\"elementor-section elementor-top-section elementor-element elementor-element-0999628 elementor-section-boxed elementor-section-height-default elementor-section-height-default\" data-id=\"0999628\" data-element_type=\"section\" data-e-type=\"section\">\n\t\t\t\t\t\t<div class=\"elementor-container elementor-column-gap-default\">\n\t\t\t\t\t<div class=\"elementor-column elementor-col-100 elementor-top-column elementor-element elementor-element-8debdd0\" data-id=\"8debdd0\" data-element_type=\"column\" data-e-type=\"column\">\n\t\t\t<div class=\"elementor-widget-wrap elementor-element-populated\">\n\t\t\t\t\t\t<div class=\"elementor-element elementor-element-88b9e36 elementor-widget elementor-widget-heading\" data-id=\"88b9e36\" data-element_type=\"widget\" data-e-type=\"widget\" data-widget_type=\"heading.default\">\n\t\t\t\t\t<h3 class=\"elementor-heading-title elementor-size-default\">Perseverancia, innovaci\u00f3n y originalidad<\/h3>\t\t\t\t<\/div>\n\t\t\t\t\t<\/div>\n\t\t<\/div>\n\t\t\t\t\t<\/div>\n\t\t<\/section>\n\t\t\t\t<section data-particle_enable=\"false\" data-particle-mobile-disabled=\"false\" class=\"elementor-section elementor-top-section elementor-element elementor-element-db2598e elementor-section-boxed elementor-section-height-default elementor-section-height-default\" data-id=\"db2598e\" data-element_type=\"section\" data-e-type=\"section\">\n\t\t\t\t\t\t<div class=\"elementor-container elementor-column-gap-default\">\n\t\t\t\t\t<div class=\"elementor-column elementor-col-100 elementor-top-column elementor-element elementor-element-a34c811\" data-id=\"a34c811\" data-element_type=\"column\" data-e-type=\"column\">\n\t\t\t<div class=\"elementor-widget-wrap elementor-element-populated\">\n\t\t\t\t\t\t<div class=\"elementor-element elementor-element-c725c44 elementor-widget elementor-widget-text-editor\" data-id=\"c725c44\" data-element_type=\"widget\" data-e-type=\"widget\" data-widget_type=\"text-editor.default\">\n\t\t\t\t\t\t\t\t\t<p>El proceso de recuperaci\u00f3n no fue corto, ni f\u00e1cil. Se extendi\u00f3 por casi tres a\u00f1os. En ese tiempo Esteban se ha coordinado para trabajar entre 10 y 12 de la noche para coincidir con el d\u00eda en Guatemala. Es as\u00ed como sigue en comunicaci\u00f3n con productores de frutas y verduras, as\u00ed como con su personal.<\/p><p>En Frankfurt, Alemania, donde reside a Esteban le ha tocado explicar muchas veces d\u00f3nde est\u00e1 Guatemala y las maravillas que existen aqu\u00ed.\u00a0<\/p><p>&#8220;Nos miran f\u00edsicamente muy peque\u00f1os, piensan que estamos en Sudam\u00e9rica o que somos parte de M\u00e9xico. Se sorprenden cuando les explico de nuestras culturas, tesoros riquezas. Y me siento muy orgulloso de hablar de Guatemala: de la geograf\u00eda, los idiomas, la gente, la comida&#8230;&#8221;<\/p><p><span style=\"color: var( --e-global-color-text );\">Por eso mismo Esteban regresa dos o tres veces al a\u00f1o, a visitar a su familia y por supuesto a caminar en Antigua. Esta entrevista se hizo en una de esas estad\u00edas, en Juice Bar, un proyecto que no solo piensa conservar sin tambi\u00e9n expandir, pues esa visi\u00f3n de crecimiento se ha alimentado con los aprendizajes de una cultura nueva como migrante.<\/span><\/p>\t\t\t\t\t\t\t\t<\/div>\n\t\t\t\t\t<\/div>\n\t\t<\/div>\n\t\t\t\t\t<\/div>\n\t\t<\/section>\n\t\t\t\t<section data-particle_enable=\"false\" data-particle-mobile-disabled=\"false\" class=\"elementor-section elementor-top-section elementor-element elementor-element-d02e736 elementor-section-boxed elementor-section-height-default elementor-section-height-default\" data-id=\"d02e736\" data-element_type=\"section\" data-e-type=\"section\">\n\t\t\t\t\t\t<div class=\"elementor-container elementor-column-gap-default\">\n\t\t\t\t\t<div class=\"elementor-column elementor-col-100 elementor-top-column elementor-element elementor-element-1361fbe\" data-id=\"1361fbe\" data-element_type=\"column\" data-e-type=\"column\">\n\t\t\t<div class=\"elementor-widget-wrap elementor-element-populated\">\n\t\t\t\t\t\t<div class=\"elementor-element elementor-element-8f61324 elementor-widget elementor-widget-testimonial\" data-id=\"8f61324\" data-element_type=\"widget\" data-e-type=\"widget\" data-widget_type=\"testimonial.default\">\n\t\t\t\t\t\t\t<div class=\"elementor-testimonial-wrapper\">\n\t\t\t\t\t\t\t<div class=\"elementor-testimonial-content\">\"Fue por amor a Guatemala y para continuar aportando oportunidades de empleos y negocios que decid\u00ed seguir con <i>Amanecer Juice Bar<\/i> a distancia. Hubo momentos en que cerrar parec\u00eda la \u00fanica opci\u00f3n. Pero seguimos adelante\"<\/div>\n\t\t\t\n\t\t\t\t\t\t<div class=\"elementor-testimonial-meta elementor-has-image elementor-testimonial-image-position-aside\">\n\t\t\t\t<div class=\"elementor-testimonial-meta-inner\">\n\t\t\t\t\t\t\t\t\t\t\t<div class=\"elementor-testimonial-image\">\n\t\t\t\t\t\t\t<img loading=\"lazy\" decoding=\"async\" width=\"952\" height=\"880\" src=\"https:\/\/soymigrante.com\/revista\/wp-content\/uploads\/2024\/03\/Captura-de-pantalla-2024-03-30-142244.webp\" class=\"attachment-full size-full wp-image-5714\" alt=\"Pasajero migrante en espacio colorido y alegre, promoviendo integraci\u00f3n y cultura en SoyMigrante.com REVISTA.\" srcset=\"https:\/\/soymigrante.com\/revista\/wp-content\/uploads\/2024\/03\/Captura-de-pantalla-2024-03-30-142244.webp 952w, https:\/\/soymigrante.com\/revista\/wp-content\/uploads\/2024\/03\/Captura-de-pantalla-2024-03-30-142244-300x277.webp 300w, https:\/\/soymigrante.com\/revista\/wp-content\/uploads\/2024\/03\/Captura-de-pantalla-2024-03-30-142244-768x710.webp 768w, https:\/\/soymigrante.com\/revista\/wp-content\/uploads\/2024\/03\/Captura-de-pantalla-2024-03-30-142244-750x693.webp 750w\" sizes=\"(max-width: 952px) 100vw, 952px\" \/>\t\t\t\t\t\t<\/div>\n\t\t\t\t\t\n\t\t\t\t\t\t\t\t\t\t<div class=\"elementor-testimonial-details\">\n\t\t\t\t\t\t\t\t\t\t\t\t\t\t<div class=\"elementor-testimonial-name\">Esteban Chicol<\/div>\n\t\t\t\t\t\t\t\t\t\t\t\t\t\t\t\t\t\t\t\t\t\t<div class=\"elementor-testimonial-job\">Emprendedor migrante guatemalteco<\/div>\n\t\t\t\t\t\t\t\t\t\t\t\t\t<\/div>\n\t\t\t\t\t\t\t\t\t<\/div>\n\t\t\t<\/div>\n\t\t\t\t\t<\/div>\n\t\t\t\t\t\t<\/div>\n\t\t\t\t\t<\/div>\n\t\t<\/div>\n\t\t\t\t\t<\/div>\n\t\t<\/section>\n\t\t\t\t<section data-particle_enable=\"false\" data-particle-mobile-disabled=\"false\" class=\"elementor-section elementor-top-section elementor-element elementor-element-ff79880 elementor-section-boxed elementor-section-height-default elementor-section-height-default\" data-id=\"ff79880\" data-element_type=\"section\" data-e-type=\"section\">\n\t\t\t\t\t\t<div class=\"elementor-container elementor-column-gap-default\">\n\t\t\t\t\t<div class=\"elementor-column elementor-col-100 elementor-top-column elementor-element elementor-element-33cf739\" data-id=\"33cf739\" data-element_type=\"column\" data-e-type=\"column\">\n\t\t\t<div class=\"elementor-widget-wrap elementor-element-populated\">\n\t\t\t\t\t\t<div class=\"elementor-element elementor-element-232820a elementor-widget elementor-widget-heading\" data-id=\"232820a\" data-element_type=\"widget\" data-e-type=\"widget\" data-widget_type=\"heading.default\">\n\t\t\t\t\t<h2 class=\"elementor-heading-title elementor-size-default\">Conoce m\u00e1s historias de migrantes generando oportunidades en Guatemala<\/h2>\t\t\t\t<\/div>\n\t\t\t\t\t<\/div>\n\t\t<\/div>\n\t\t\t\t\t<\/div>\n\t\t<\/section>\n\t\t\t\t<section data-particle_enable=\"false\" data-particle-mobile-disabled=\"false\" class=\"elementor-section elementor-top-section elementor-element elementor-element-db51446 elementor-section-boxed elementor-section-height-default elementor-section-height-default\" data-id=\"db51446\" data-element_type=\"section\" data-e-type=\"section\">\n\t\t\t\t\t\t<div class=\"elementor-container elementor-column-gap-default\">\n\t\t\t\t\t<div class=\"elementor-column elementor-col-100 elementor-top-column elementor-element elementor-element-b828a1e\" data-id=\"b828a1e\" data-element_type=\"column\" data-e-type=\"column\">\n\t\t\t<div class=\"elementor-widget-wrap elementor-element-populated\">\n\t\t\t\t\t\t<div class=\"elementor-element elementor-element-08b1aa8 elementor-grid-eael-col-4 elementor-grid-tablet-eael-col-2 elementor-grid-mobile-eael-col-1 elementor-widget elementor-widget-eael-post-grid\" data-id=\"08b1aa8\" data-element_type=\"widget\" data-e-type=\"widget\" data-settings=\"{&quot;eael_post_grid_columns&quot;:&quot;eael-col-4&quot;,&quot;eael_post_grid_columns_tablet&quot;:&quot;eael-col-2&quot;,&quot;eael_post_grid_columns_mobile&quot;:&quot;eael-col-1&quot;}\" data-widget_type=\"eael-post-grid.default\">\n\t\t\t\t\t<div id=\"eael-post-grid-08b1aa8\" class=\"eael-post-grid-container\">\n            <div class=\"eael-post-grid eael-post-appender eael-post-appender-08b1aa8 eael-post-grid-style-one\" data-layout-mode=\"masonry\"><article class=\"eael-grid-post  eael-post-grid-column eael-pg-post-5160 category-exitos\" data-id=\"5160\">\n        <div class=\"eael-grid-post-holder\">\n            <div class=\"eael-grid-post-holder-inner\"><div class=\"eael-entry-media\"><div class=\"eael-entry-overlay fade-in\"><i class=\"far fa-hand-pointer\" aria-hidden=\"true\"><\/i><a href=\"https:\/\/soymigrante.com\/revista\/willy-barreno-ayuda-migrantes-quetzaltenango-proyecto\/\"><\/a><\/div><div class=\"eael-entry-thumbnail \">\n                <img loading=\"lazy\" decoding=\"async\" width=\"300\" height=\"225\" src=\"https:\/\/soymigrante.com\/revista\/wp-content\/uploads\/2024\/03\/Chef-Willy-Barreno-3-300x225.webp\" class=\"attachment-medium size-medium wp-image-5186\" alt=\"\" srcset=\"https:\/\/soymigrante.com\/revista\/wp-content\/uploads\/2024\/03\/Chef-Willy-Barreno-3-300x225.webp 300w, https:\/\/soymigrante.com\/revista\/wp-content\/uploads\/2024\/03\/Chef-Willy-Barreno-3-1024x768.webp 1024w, https:\/\/soymigrante.com\/revista\/wp-content\/uploads\/2024\/03\/Chef-Willy-Barreno-3-768x576.webp 768w, https:\/\/soymigrante.com\/revista\/wp-content\/uploads\/2024\/03\/Chef-Willy-Barreno-3-750x563.webp 750w, https:\/\/soymigrante.com\/revista\/wp-content\/uploads\/2024\/03\/Chef-Willy-Barreno-3-1140x855.webp 1140w, https:\/\/soymigrante.com\/revista\/wp-content\/uploads\/2024\/03\/Chef-Willy-Barreno-3.webp 1440w\" sizes=\"(max-width: 300px) 100vw, 300px\" \/>\n            <\/div>\n        <\/div><div class=\"eael-entry-wrapper\"><header class=\"eael-entry-header\"><h2 class=\"eael-entry-title\"><a class=\"eael-grid-post-link\" href=\"https:\/\/soymigrante.com\/revista\/willy-barreno-ayuda-migrantes-quetzaltenango-proyecto\/\" title=\"Willy Barreno: chef migrante ayuda a migrantes en su propia tierra\">Willy Barreno: chef migrante ayuda a migrantes en su propia tierra<\/a><\/h2><\/header><div class=\"eael-entry-content\">\n                        <div class=\"eael-grid-post-excerpt\"><a href=\"https:\/\/soymigrante.com\/revista\/willy-barreno-ayuda-migrantes-quetzaltenango-proyecto\/\" class=\"eael-post-elements-readmore-btn\">Conoce su aporte<\/a><\/div>\n                    <\/div><\/div><\/div>\n        <\/div>\n    <\/article><article class=\"eael-grid-post  eael-post-grid-column eael-pg-post-2511 category-exitos\" data-id=\"2511\">\n        <div class=\"eael-grid-post-holder\">\n            <div class=\"eael-grid-post-holder-inner\"><div class=\"eael-entry-media\"><div class=\"eael-entry-overlay fade-in\"><i class=\"far fa-hand-pointer\" aria-hidden=\"true\"><\/i><a href=\"https:\/\/soymigrante.com\/revista\/migrante-guatemalteca-cory-tzul-emprendio-su-negocio-en-alabama-y-crea-empleo-en-toto\/\"><\/a><\/div><div class=\"eael-entry-thumbnail \">\n                <img loading=\"lazy\" decoding=\"async\" width=\"300\" height=\"246\" src=\"https:\/\/soymigrante.com\/revista\/wp-content\/uploads\/2023\/09\/Captura-de-pantalla-2023-09-09-131440-300x246.webp\" class=\"attachment-medium size-medium wp-image-2531\" alt=\"\" srcset=\"https:\/\/soymigrante.com\/revista\/wp-content\/uploads\/2023\/09\/Captura-de-pantalla-2023-09-09-131440-300x246.webp 300w, https:\/\/soymigrante.com\/revista\/wp-content\/uploads\/2023\/09\/Captura-de-pantalla-2023-09-09-131440.webp 508w\" sizes=\"(max-width: 300px) 100vw, 300px\" \/>\n            <\/div>\n        <\/div><div class=\"eael-entry-wrapper\"><header class=\"eael-entry-header\"><h2 class=\"eael-entry-title\"><a class=\"eael-grid-post-link\" href=\"https:\/\/soymigrante.com\/revista\/migrante-guatemalteca-cory-tzul-emprendio-su-negocio-en-alabama-y-crea-empleo-en-toto\/\" title=\"Migrante guatemalteca Cori Tzul emprendi\u00f3  negocio en Alabama y genera empleo en su natal  Totonicap\u00e1n\">Migrante guatemalteca Cori Tzul emprendi\u00f3  negocio en Alabama y genera empleo en su natal  Totonicap\u00e1n<\/a><\/h2><\/header><div class=\"eael-entry-content\">\n                        <div class=\"eael-grid-post-excerpt\"><a href=\"https:\/\/soymigrante.com\/revista\/migrante-guatemalteca-cory-tzul-emprendio-su-negocio-en-alabama-y-crea-empleo-en-toto\/\" class=\"eael-post-elements-readmore-btn\">Conoce su aporte<\/a><\/div>\n                    <\/div><\/div><\/div>\n        <\/div>\n    <\/article><article class=\"eael-grid-post  eael-post-grid-column eael-pg-post-1481 category-exitos\" data-id=\"1481\">\n        <div class=\"eael-grid-post-holder\">\n            <div class=\"eael-grid-post-holder-inner\"><div class=\"eael-entry-media\"><div class=\"eael-entry-overlay fade-in\"><i class=\"far fa-hand-pointer\" aria-hidden=\"true\"><\/i><a href=\"https:\/\/soymigrante.com\/revista\/migrante-guatemalteco-genera-empleo-en-su-taller-textil-de-salcaja\/\"><\/a><\/div><div class=\"eael-entry-thumbnail \">\n                <img loading=\"lazy\" decoding=\"async\" width=\"300\" height=\"225\" src=\"https:\/\/soymigrante.com\/revista\/wp-content\/uploads\/2023\/06\/Carlos-es-fundador-de-la-fabrica-de-textiles-Yancarlo-fue-migrante-guatemalteco-300x225.webp\" class=\"attachment-medium size-medium wp-image-1483\" alt=\"Carlos emprendi\u00f3 una f\u00e1brica de textiles\" srcset=\"https:\/\/soymigrante.com\/revista\/wp-content\/uploads\/2023\/06\/Carlos-es-fundador-de-la-fabrica-de-textiles-Yancarlo-fue-migrante-guatemalteco-300x225.webp 300w, https:\/\/soymigrante.com\/revista\/wp-content\/uploads\/2023\/06\/Carlos-es-fundador-de-la-fabrica-de-textiles-Yancarlo-fue-migrante-guatemalteco-1024x768.webp 1024w, https:\/\/soymigrante.com\/revista\/wp-content\/uploads\/2023\/06\/Carlos-es-fundador-de-la-fabrica-de-textiles-Yancarlo-fue-migrante-guatemalteco-768x576.webp 768w, https:\/\/soymigrante.com\/revista\/wp-content\/uploads\/2023\/06\/Carlos-es-fundador-de-la-fabrica-de-textiles-Yancarlo-fue-migrante-guatemalteco-1536x1152.webp 1536w, https:\/\/soymigrante.com\/revista\/wp-content\/uploads\/2023\/06\/Carlos-es-fundador-de-la-fabrica-de-textiles-Yancarlo-fue-migrante-guatemalteco-scaled.webp 1920w, https:\/\/soymigrante.com\/revista\/wp-content\/uploads\/2023\/06\/Carlos-es-fundador-de-la-fabrica-de-textiles-Yancarlo-fue-migrante-guatemalteco-750x563.webp 750w, https:\/\/soymigrante.com\/revista\/wp-content\/uploads\/2023\/06\/Carlos-es-fundador-de-la-fabrica-de-textiles-Yancarlo-fue-migrante-guatemalteco-1140x855.webp 1140w\" sizes=\"(max-width: 300px) 100vw, 300px\" \/>\n            <\/div>\n        <\/div><div class=\"eael-entry-wrapper\"><header class=\"eael-entry-header\"><h2 class=\"eael-entry-title\"><a class=\"eael-grid-post-link\" href=\"https:\/\/soymigrante.com\/revista\/migrante-guatemalteco-genera-empleo-en-su-taller-textil-de-salcaja\/\" title=\"Migrante guatemalteco genera empleo en su taller textil de Salcaj\u00e1\">Migrante guatemalteco genera empleo en su taller textil de Salcaj\u00e1<\/a><\/h2><\/header><div class=\"eael-entry-content\">\n                        <div class=\"eael-grid-post-excerpt\"><a href=\"https:\/\/soymigrante.com\/revista\/migrante-guatemalteco-genera-empleo-en-su-taller-textil-de-salcaja\/\" class=\"eael-post-elements-readmore-btn\">Conoce su aporte<\/a><\/div>\n                    <\/div><\/div><\/div>\n        <\/div>\n    <\/article><article class=\"eael-grid-post  eael-post-grid-column eael-pg-post-812 category-exitos\" data-id=\"812\">\n        <div class=\"eael-grid-post-holder\">\n            <div class=\"eael-grid-post-holder-inner\"><div class=\"eael-entry-media\"><div class=\"eael-entry-overlay fade-in\"><i class=\"far fa-hand-pointer\" aria-hidden=\"true\"><\/i><a href=\"https:\/\/soymigrante.com\/revista\/angel-ambrocio-realiza-el-gran-sueno-de-volver-a-vivir-en-su-tierra-natal\/\"><\/a><\/div><div class=\"eael-entry-thumbnail \">\n                <img loading=\"lazy\" decoding=\"async\" width=\"300\" height=\"200\" src=\"https:\/\/soymigrante.com\/revista\/wp-content\/uploads\/2023\/03\/ANGEL-AMBROCIO-2016-FUEGO-300x200.webp\" class=\"attachment-medium size-medium wp-image-820\" alt=\"ANGEL AMBROCIO\" srcset=\"https:\/\/soymigrante.com\/revista\/wp-content\/uploads\/2023\/03\/ANGEL-AMBROCIO-2016-FUEGO-300x200.webp 300w, https:\/\/soymigrante.com\/revista\/wp-content\/uploads\/2023\/03\/ANGEL-AMBROCIO-2016-FUEGO-1024x683.jpg 1024w, https:\/\/soymigrante.com\/revista\/wp-content\/uploads\/2023\/03\/ANGEL-AMBROCIO-2016-FUEGO-768x512.jpg 768w, https:\/\/soymigrante.com\/revista\/wp-content\/uploads\/2023\/03\/ANGEL-AMBROCIO-2016-FUEGO-1536x1024.jpg 1536w, https:\/\/soymigrante.com\/revista\/wp-content\/uploads\/2023\/03\/ANGEL-AMBROCIO-2016-FUEGO-750x500.webp 750w, https:\/\/soymigrante.com\/revista\/wp-content\/uploads\/2023\/03\/ANGEL-AMBROCIO-2016-FUEGO-1140x760.jpg 1140w, https:\/\/soymigrante.com\/revista\/wp-content\/uploads\/2023\/03\/ANGEL-AMBROCIO-2016-FUEGO-600x400.jpg 600w, https:\/\/soymigrante.com\/revista\/wp-content\/uploads\/2023\/03\/ANGEL-AMBROCIO-2016-FUEGO.webp 1920w\" sizes=\"(max-width: 300px) 100vw, 300px\" \/>\n            <\/div>\n        <\/div><div class=\"eael-entry-wrapper\"><header class=\"eael-entry-header\"><h2 class=\"eael-entry-title\"><a class=\"eael-grid-post-link\" href=\"https:\/\/soymigrante.com\/revista\/angel-ambrocio-realiza-el-gran-sueno-de-volver-a-vivir-en-su-tierra-natal\/\" title=\"\u00c1ngel Ambrocio realiza el gran sue\u00f1o de volver a vivir en su Guatemala natal\">\u00c1ngel Ambrocio realiza el gran sue\u00f1o de volver a vivir en su Guatemala natal<\/a><\/h2><\/header><div class=\"eael-entry-content\">\n                        <div class=\"eael-grid-post-excerpt\"><a href=\"https:\/\/soymigrante.com\/revista\/angel-ambrocio-realiza-el-gran-sueno-de-volver-a-vivir-en-su-tierra-natal\/\" class=\"eael-post-elements-readmore-btn\">Conoce su aporte<\/a><\/div>\n                    <\/div><\/div><\/div>\n        <\/div>\n    <\/article><\/div>\n            <div class=\"clearfix\"><\/div>\n        <\/div>\t\t\t\t<\/div>\n\t\t\t\t\t<\/div>\n\t\t<\/div>\n\t\t\t\t\t<\/div>\n\t\t<\/section>\n\t\t\t\t<\/div>\n\t\t","protected":false},"excerpt":{"rendered":"<p>Esteban Chicol emprendi\u00f3 un negocio de jugos naturales en Antigua Guatemala en 2016; en 2020 migr\u00f3 a Alemania y lleg\u00f3 la pandemia, pero mantuvo con vida Amanecer Juice Bar, para seguir generando oportunidades de empleo y negocios. Esta es la historia. El a\u00f1o de la pandemia y los dos siguientes fueron duros para Amanecer Juice [&hellip;]<\/p>\n","protected":false},"author":11,"featured_media":5711,"comment_status":"open","ping_status":"open","sticky":false,"template":"","format":"standard","meta":{"_acf_changed":false,"_eb_attr":"","footnotes":""},"categories":[50],"tags":[],"class_list":["post-5709","post","type-post","status-publish","format-standard","has-post-thumbnail","hentry","category-exitos"],"acf":[],"aioseo_notices":[],"aioseo_head":"\n\t\t<!-- All in One SEO Pro 4.9.6.2 - aioseo.com -->\n\t<meta name=\"description\" content=\"Trabajando en la cocina de un restaurante franc\u00e9s de Washington D.C., pudo descubrir, valorar y exaltar el valor de las ra\u00edces artesanales del negocio familiar. Angel Ambrocio Abac est\u00e1 al frente de Momostip\u00e1n, una empresa familiar localizada en Momostenango, Totonicap\u00e1n, su pueblo de origen. Migr\u00f3 a EE.UU. en donde descubri\u00f3 algo que antes no valoraba\" \/>\n\t<meta name=\"robots\" content=\"max-snippet:-1, max-image-preview:large, max-video-preview:-1\" \/>\n\t<meta name=\"author\" content=\"SoyMigrante.com REVISTA\"\/>\n\t<link rel=\"canonical\" href=\"https:\/\/soymigrante.com\/revista\/angel-ambrocio-realiza-el-gran-sueno-de-volver-a-vivir-en-su-tierra-natal\/\" \/>\n\t<meta name=\"generator\" content=\"All in One SEO Pro (AIOSEO) 4.9.6.2\" \/>\n\n\t\t<link rel=\"preconnect\" href=\"https:\/\/fonts.googleapis.com\" crossorigin>\n<link rel=\"preconnect\" href=\"https:\/\/fonts.gstatic.com\" crossorigin>\n\t\t<meta property=\"og:locale\" content=\"es_ES\" \/>\n\t\t<meta property=\"og:site_name\" content=\"SoyMigrante.com REVISTA \u2013 Nuestra misi\u00f3n es reconocer y dignificar al migrante.\" \/>\n\t\t<meta property=\"og:type\" content=\"article\" \/>\n\t\t<meta property=\"og:title\" content=\"\u00c1ngel Ambrocio realiza el gran sue\u00f1o de volver a vivir en su Guatemala natal\" \/>\n\t\t<meta property=\"og:description\" content=\"Trabajando en la cocina de un restaurante franc\u00e9s de Washington D.C., pudo descubrir, valorar y exaltar el valor de las ra\u00edces artesanales del negocio familiar. Angel Ambrocio Abac est\u00e1 al frente de Momostip\u00e1n, una empresa familiar localizada en Momostenango, Totonicap\u00e1n, su pueblo de origen. Migr\u00f3 a EE.UU. en donde descubri\u00f3 algo que antes no valoraba\" \/>\n\t\t<meta property=\"og:url\" content=\"https:\/\/soymigrante.com\/revista\/angel-ambrocio-realiza-el-gran-sueno-de-volver-a-vivir-en-su-tierra-natal\/\" \/>\n\t\t<meta property=\"og:image\" content=\"https:\/\/soymigrante.com\/revista\/wp-content\/uploads\/2023\/03\/ANGEL-AMBROCIO-2016-FUEGO.webp\" \/>\n\t\t<meta property=\"og:image:secure_url\" content=\"https:\/\/soymigrante.com\/revista\/wp-content\/uploads\/2023\/03\/ANGEL-AMBROCIO-2016-FUEGO.webp\" \/>\n\t\t<meta property=\"og:image:width\" content=\"1920\" \/>\n\t\t<meta property=\"og:image:height\" content=\"1280\" \/>\n\t\t<meta property=\"article:published_time\" content=\"2023-05-26T08:13:12+00:00\" \/>\n\t\t<meta property=\"article:modified_time\" content=\"2024-11-01T16:00:58+00:00\" \/>\n\t\t<meta property=\"article:publisher\" content=\"https:\/\/www.facebook.com\/soymigrantecom\" \/>\n\t\t<meta name=\"twitter:card\" content=\"summary_large_image\" \/>\n\t\t<meta name=\"twitter:site\" content=\"@SoyMigrante_com\" \/>\n\t\t<meta name=\"twitter:title\" content=\"\u00c1ngel Ambrocio realiza el gran sue\u00f1o de volver a vivir en su Guatemala natal\" \/>\n\t\t<meta name=\"twitter:description\" content=\"Trabajando en la cocina de un restaurante franc\u00e9s de Washington D.C., pudo descubrir, valorar y exaltar el valor de las ra\u00edces artesanales del negocio familiar. Angel Ambrocio Abac est\u00e1 al frente de Momostip\u00e1n, una empresa familiar localizada en Momostenango, Totonicap\u00e1n, su pueblo de origen. Migr\u00f3 a EE.UU. en donde descubri\u00f3 algo que antes no valoraba\" \/>\n\t\t<meta name=\"twitter:creator\" content=\"@SoyMigrante_com\" \/>\n\t\t<meta name=\"twitter:image\" content=\"https:\/\/soymigrante.com\/revista\/wp-content\/uploads\/2023\/03\/ANGEL-AMBROCIO-2016-FUEGO.webp\" \/>\n\t\t<!-- All in One SEO Pro -->\r\n\t\t<title>\u00c1ngel Ambrocio realiza el gran sue\u00f1o de volver a vivir en su Guatemala natal<\/title>\n\n","aioseo_head_json":{"title":"\u00c1ngel Ambrocio realiza el gran sue\u00f1o de volver a vivir en su Guatemala natal","description":"Trabajando en la cocina de un restaurante franc\u00e9s de Washington D.C., pudo descubrir, valorar y exaltar el valor de las ra\u00edces artesanales del negocio familiar. Angel Ambrocio Abac est\u00e1 al frente de Momostip\u00e1n, una empresa familiar localizada en Momostenango, Totonicap\u00e1n, su pueblo de origen. Migr\u00f3 a EE.UU. en donde descubri\u00f3 algo que antes no valoraba","canonical_url":"https:\/\/soymigrante.com\/revista\/angel-ambrocio-realiza-el-gran-sueno-de-volver-a-vivir-en-su-tierra-natal\/","robots":"max-snippet:-1, max-image-preview:large, max-video-preview:-1","keywords":"","webmasterTools":{"miscellaneous":"&lt;link rel=\"preconnect\" href=\"https:\/\/fonts.googleapis.com\" crossorigin&gt;\n&lt;link rel=\"preconnect\" href=\"https:\/\/fonts.gstatic.com\" crossorigin&gt;"},"schema":null,"og:locale":"es_ES","og:site_name":"SoyMigrante.com REVISTA \u2013 Nuestra misi\u00f3n es reconocer y dignificar al migrante.","og:type":"article","og:title":"\u00c1ngel Ambrocio realiza el gran sue\u00f1o de volver a vivir en su Guatemala natal","og:description":"Trabajando en la cocina de un restaurante franc\u00e9s de Washington D.C., pudo descubrir, valorar y exaltar el valor de las ra\u00edces artesanales del negocio familiar. Angel Ambrocio Abac est\u00e1 al frente de Momostip\u00e1n, una empresa familiar localizada en Momostenango, Totonicap\u00e1n, su pueblo de origen. Migr\u00f3 a EE.UU. en donde descubri\u00f3 algo que antes no valoraba","og:url":"https:\/\/soymigrante.com\/revista\/angel-ambrocio-realiza-el-gran-sueno-de-volver-a-vivir-en-su-tierra-natal\/","og:image":"https:\/\/soymigrante.com\/revista\/wp-content\/uploads\/2023\/03\/ANGEL-AMBROCIO-2016-FUEGO.webp","og:image:secure_url":"https:\/\/soymigrante.com\/revista\/wp-content\/uploads\/2023\/03\/ANGEL-AMBROCIO-2016-FUEGO.webp","og:image:width":1920,"og:image:height":1280,"article:published_time":"2023-05-26T08:13:12+00:00","article:modified_time":"2024-11-01T16:00:58+00:00","article:publisher":"https:\/\/www.facebook.com\/soymigrantecom","twitter:card":"summary_large_image","twitter:site":"@SoyMigrante_com","twitter:title":"\u00c1ngel Ambrocio realiza el gran sue\u00f1o de volver a vivir en su Guatemala natal","twitter:description":"Trabajando en la cocina de un restaurante franc\u00e9s de Washington D.C., pudo descubrir, valorar y exaltar el valor de las ra\u00edces artesanales del negocio familiar. Angel Ambrocio Abac est\u00e1 al frente de Momostip\u00e1n, una empresa familiar localizada en Momostenango, Totonicap\u00e1n, su pueblo de origen. Migr\u00f3 a EE.UU. en donde descubri\u00f3 algo que antes no valoraba","twitter:creator":"@SoyMigrante_com","twitter:image":"https:\/\/soymigrante.com\/revista\/wp-content\/uploads\/2023\/03\/ANGEL-AMBROCIO-2016-FUEGO.webp"},"aioseo_meta_data":{"post_id":"5709","title":null,"description":null,"keywords":[],"keyphrases":{"focus":{"keyphrase":"Antigua Guatemala","score":82,"analysis":{"keyphraseInTitle":{"score":3,"maxScore":9,"error":1},"keyphraseInDescription":{"score":9,"maxScore":9,"error":0},"keyphraseLength":{"score":9,"maxScore":9,"error":0,"length":2},"keyphraseInURL":{"score":5,"maxScore":5,"error":0},"keyphraseInIntroduction":{"score":9,"maxScore":9,"error":0},"keyphraseInSubHeadings":{"score":3,"maxScore":9,"error":1},"keyphraseInImageAlt":{"score":9,"maxScore":9,"error":0},"keywordDensity":{"type":"best","score":9,"maxScore":9,"error":0}}},"additional":[]},"primary_term":null,"canonical_url":null,"og_title":null,"og_description":null,"og_object_type":"default","og_image_type":"default","og_image_url":null,"og_image_width":null,"og_image_height":null,"og_image_custom_url":null,"og_image_custom_fields":null,"og_video":"","og_custom_url":null,"og_article_section":null,"og_article_tags":[],"twitter_use_og":false,"twitter_card":"default","twitter_image_type":"default","twitter_image_url":null,"twitter_image_custom_url":null,"twitter_image_custom_fields":null,"twitter_title":null,"twitter_description":null,"schema":{"blockGraphs":[],"customGraphs":[],"default":{"data":{"Article":[],"Course":[],"Dataset":[],"FAQPage":[],"Movie":[],"Person":[],"Product":[],"ProductReview":[],"Car":[],"Recipe":[],"Service":[],"SoftwareApplication":[],"WebPage":[]},"graphName":"BlogPosting","isEnabled":true},"graphs":[]},"schema_type":"default","schema_type_options":null,"pillar_content":false,"robots_default":true,"robots_noindex":false,"robots_noarchive":false,"robots_nosnippet":false,"robots_nofollow":false,"robots_noimageindex":false,"robots_noodp":false,"robots_notranslate":false,"robots_max_snippet":"-1","robots_max_videopreview":"-1","robots_max_imagepreview":"large","priority":null,"frequency":"default","local_seo":null,"seo_analyzer_scan_date":"2025-10-08 21:31:11","breadcrumb_settings":null,"limit_modified_date":false,"reviewed_by":null,"open_ai":null,"ai":null,"created":"2024-03-30 20:27:17","updated":"2026-02-04 11:09:02"},"aioseo_breadcrumb":"<div class=\"aioseo-breadcrumbs\"><span class=\"aioseo-breadcrumb\">\n\t<a href=\"https:\/\/soymigrante.com\/revista\" title=\"Home\">Home<\/a>\n<\/span><span class=\"aioseo-breadcrumb-separator\">\u00bb<\/span><span class=\"aioseo-breadcrumb\">\n\t<a href=\"https:\/\/soymigrante.com\/revista\/category\/exitos\/\" title=\"\u00c9xitos\">\u00c9xitos<\/a>\n<\/span><span class=\"aioseo-breadcrumb-separator\">\u00bb<\/span><span class=\"aioseo-breadcrumb\">\n\tGuatemala es \u201cla pura fruta\u201d para el migrante y emprendedor Esteban Chicol\n<\/span><\/div>","aioseo_breadcrumb_json":[{"label":"Home","link":"https:\/\/soymigrante.com\/revista"},{"label":"\u00c9xitos","link":"https:\/\/soymigrante.com\/revista\/category\/exitos\/"},{"label":"Guatemala es &#8220;la pura fruta&#8221; para el migrante y emprendedor Esteban Chicol","link":"https:\/\/soymigrante.com\/revista\/antigua-guatemala-emprendimiento-juice-bar-frutas-turismo\/"}],"_links":{"self":[{"href":"https:\/\/soymigrante.com\/revista\/wp-json\/wp\/v2\/posts\/5709","targetHints":{"allow":["GET"]}}],"collection":[{"href":"https:\/\/soymigrante.com\/revista\/wp-json\/wp\/v2\/posts"}],"about":[{"href":"https:\/\/soymigrante.com\/revista\/wp-json\/wp\/v2\/types\/post"}],"author":[{"embeddable":true,"href":"https:\/\/soymigrante.com\/revista\/wp-json\/wp\/v2\/users\/11"}],"replies":[{"embeddable":true,"href":"https:\/\/soymigrante.com\/revista\/wp-json\/wp\/v2\/comments?post=5709"}],"version-history":[{"count":0,"href":"https:\/\/soymigrante.com\/revista\/wp-json\/wp\/v2\/posts\/5709\/revisions"}],"wp:featuredmedia":[{"embeddable":true,"href":"https:\/\/soymigrante.com\/revista\/wp-json\/wp\/v2\/media\/5711"}],"wp:attachment":[{"href":"https:\/\/soymigrante.com\/revista\/wp-json\/wp\/v2\/media?parent=5709"}],"wp:term":[{"taxonomy":"category","embeddable":true,"href":"https:\/\/soymigrante.com\/revista\/wp-json\/wp\/v2\/categories?post=5709"},{"taxonomy":"post_tag","embeddable":true,"href":"https:\/\/soymigrante.com\/revista\/wp-json\/wp\/v2\/tags?post=5709"}],"curies":[{"name":"wp","href":"https:\/\/api.w.org\/{rel}","templated":true}]}}