{"id":5664,"date":"2024-11-17T14:13:38","date_gmt":"2024-11-17T20:13:38","guid":{"rendered":"https:\/\/soymigrante.com\/revista\/?p=5664"},"modified":"2026-02-11T16:36:49","modified_gmt":"2026-02-11T22:36:49","slug":"joyas-de-antigua-guatemala-7-datos-de-las-ruinas-de-santa-clara","status":"publish","type":"post","link":"https:\/\/soymigrante.com\/revista\/joyas-de-antigua-guatemala-7-datos-de-las-ruinas-de-santa-clara\/","title":{"rendered":"Joyas de Antigua Guatemala: 7 datos de las ruinas del convento de Santa Clara"},"content":{"rendered":"\t\t<div data-elementor-type=\"wp-post\" data-elementor-id=\"5664\" class=\"elementor elementor-5664\" data-elementor-post-type=\"post\">\n\t\t\t\t\t\t<section data-particle_enable=\"false\" data-particle-mobile-disabled=\"false\" class=\"elementor-section elementor-top-section elementor-element elementor-element-47face7b elementor-section-boxed elementor-section-height-default elementor-section-height-default\" data-id=\"47face7b\" data-element_type=\"section\" data-e-type=\"section\">\n\t\t\t\t\t\t<div class=\"elementor-container elementor-column-gap-default\">\n\t\t\t\t\t<div class=\"elementor-column elementor-col-100 elementor-top-column elementor-element elementor-element-488e715d\" data-id=\"488e715d\" data-element_type=\"column\" data-e-type=\"column\">\n\t\t\t<div class=\"elementor-widget-wrap elementor-element-populated\">\n\t\t\t\t\t\t<div class=\"elementor-element elementor-element-741cb374 elementor-widget elementor-widget-heading\" data-id=\"741cb374\" data-element_type=\"widget\" data-e-type=\"widget\" data-widget_type=\"heading.default\">\n\t\t\t\t\t<h2 class=\"elementor-heading-title elementor-size-default\">Maravilla colonial de Guatemala, la ruina del convento de Santa Clara desaf\u00eda a los siglos, sorprende la mirada del visitante y le invita a viajar en el tiempo. Estos son siete datos que quiz\u00e1 ya conoc\u00edas o tal vez no...<\/h2>\t\t\t\t<\/div>\n\t\t\t\t\t<\/div>\n\t\t<\/div>\n\t\t\t\t\t<\/div>\n\t\t<\/section>\n\t\t\t\t<section data-particle_enable=\"false\" data-particle-mobile-disabled=\"false\" class=\"elementor-section elementor-top-section elementor-element elementor-element-10ffda49 elementor-section-boxed elementor-section-height-default elementor-section-height-default\" data-id=\"10ffda49\" data-element_type=\"section\" data-e-type=\"section\">\n\t\t\t\t\t\t<div class=\"elementor-container elementor-column-gap-default\">\n\t\t\t\t\t<div class=\"elementor-column elementor-col-100 elementor-top-column elementor-element elementor-element-4a4edfe3\" data-id=\"4a4edfe3\" data-element_type=\"column\" data-e-type=\"column\">\n\t\t\t<div class=\"elementor-widget-wrap elementor-element-populated\">\n\t\t\t\t\t\t<div class=\"elementor-element elementor-element-31f44f55 elementor-widget elementor-widget-text-editor\" data-id=\"31f44f55\" data-element_type=\"widget\" data-e-type=\"widget\" data-widget_type=\"text-editor.default\">\n\t\t\t\t\t\t\t\t\t<p><span style=\"color: var( --e-global-color-text );\">Es una belleza, es una joya, es un lugar donde el tiempo se qued\u00f3 congelado. \u00bfSab\u00edas que e<\/span>l convento de Santa Clara en Antigua Guatemala era uno de los m\u00e1s &#8220;nuevos&#8221; en Santiago de los Caballeros?\u00a0<\/p><p>Decimos eso porque su construcci\u00f3n llev\u00f3 casi 15 a\u00f1os. Fue terminado en 1715 y apenas ten\u00eda dos a\u00f1os en funcionamiento cuando el primer terremoto puso a prueba su estructura.\u00a0 A solo 60 a\u00f1os de haber sido finalizado,\u00a0 los terremotos de Santa Marta arrasaron con la ciudad.<\/p><p>Hoy es un monumental conjunto, al cuidado del Consejo Nacional para la Protecci\u00f3n de Antigua Guatemala, admirado por visitantes guatemaltecos y extranjeros.\u00a0<span style=\"color: var( --e-global-color-text );\">Estos son algunos datos que quiz\u00e1 ya sab\u00edas (o tral vez no) de esta joya de Antigua Guatemala.<\/span><\/p>\t\t\t\t\t\t\t\t<\/div>\n\t\t\t\t\t<\/div>\n\t\t<\/div>\n\t\t\t\t\t<\/div>\n\t\t<\/section>\n\t\t\t\t<section data-particle_enable=\"false\" data-particle-mobile-disabled=\"false\" class=\"elementor-section elementor-top-section elementor-element elementor-element-6b070e5f elementor-section-boxed elementor-section-height-default elementor-section-height-default\" data-id=\"6b070e5f\" data-element_type=\"section\" data-e-type=\"section\">\n\t\t\t\t\t\t<div class=\"elementor-container elementor-column-gap-default\">\n\t\t\t\t\t<div class=\"elementor-column elementor-col-100 elementor-top-column elementor-element elementor-element-275772bf\" data-id=\"275772bf\" data-element_type=\"column\" data-e-type=\"column\">\n\t\t\t<div class=\"elementor-widget-wrap elementor-element-populated\">\n\t\t\t\t\t\t<div class=\"elementor-element elementor-element-2d229329 elementor-widget elementor-widget-image\" data-id=\"2d229329\" data-element_type=\"widget\" data-e-type=\"widget\" data-widget_type=\"image.default\">\n\t\t\t\t\t\t\t\t\t\t\t\t<figure class=\"wp-caption\">\n\t\t\t\t\t\t\t\t\t\t<img fetchpriority=\"high\" decoding=\"async\" width=\"583\" height=\"777\" src=\"https:\/\/soymigrante.com\/revista\/wp-content\/uploads\/2024\/03\/Captura-de-pantalla-2024-03-28-192013.webp\" class=\"attachment-large size-large wp-image-5667\" alt=\"Puerta lateral de las ruinas del convento de Santa Clara, en Antigua Guatemala. Foto Gustavo Montenegro\" srcset=\"https:\/\/soymigrante.com\/revista\/wp-content\/uploads\/2024\/03\/Captura-de-pantalla-2024-03-28-192013.webp 583w, https:\/\/soymigrante.com\/revista\/wp-content\/uploads\/2024\/03\/Captura-de-pantalla-2024-03-28-192013-225x300.webp 225w\" sizes=\"(max-width: 583px) 100vw, 583px\" title=\"Puerta lateral de las ruinas del convento de Santa Clara, en Antigua Guatemala. Foto Gustavo Montenegro \u2013 SoyMigrante.com REVISTA\" \/>\t\t\t\t\t\t\t\t\t\t\t<figcaption class=\"widget-image-caption wp-caption-text\">Puerta lateral de las ruinas del convento de Santa Clara, en Antigua Guatemala. Foto Gustavo Montenegro<\/figcaption>\n\t\t\t\t\t\t\t\t\t\t<\/figure>\n\t\t\t\t\t\t\t\t\t<\/div>\n\t\t\t\t\t<\/div>\n\t\t<\/div>\n\t\t\t\t\t<\/div>\n\t\t<\/section>\n\t\t\t\t<section data-particle_enable=\"false\" data-particle-mobile-disabled=\"false\" class=\"elementor-section elementor-top-section elementor-element elementor-element-74815a32 elementor-section-boxed elementor-section-height-default elementor-section-height-default\" data-id=\"74815a32\" data-element_type=\"section\" data-e-type=\"section\">\n\t\t\t\t\t\t<div class=\"elementor-container elementor-column-gap-default\">\n\t\t\t\t\t<div class=\"elementor-column elementor-col-100 elementor-top-column elementor-element elementor-element-7d95413a\" data-id=\"7d95413a\" data-element_type=\"column\" data-e-type=\"column\">\n\t\t\t<div class=\"elementor-widget-wrap elementor-element-populated\">\n\t\t\t\t\t\t<div class=\"elementor-element elementor-element-7775a764 elementor-widget elementor-widget-heading\" data-id=\"7775a764\" data-element_type=\"widget\" data-e-type=\"widget\" data-widget_type=\"heading.default\">\n\t\t\t\t\t<h3 class=\"elementor-heading-title elementor-size-default\">1. Una sede para las monjas clarisas <\/h3>\t\t\t\t<\/div>\n\t\t\t\t\t<\/div>\n\t\t<\/div>\n\t\t\t\t\t<\/div>\n\t\t<\/section>\n\t\t\t\t<section data-particle_enable=\"false\" data-particle-mobile-disabled=\"false\" class=\"elementor-section elementor-top-section elementor-element elementor-element-3e19f1c1 elementor-section-boxed elementor-section-height-default elementor-section-height-default\" data-id=\"3e19f1c1\" data-element_type=\"section\" data-e-type=\"section\">\n\t\t\t\t\t\t<div class=\"elementor-container elementor-column-gap-default\">\n\t\t\t\t\t<div class=\"elementor-column elementor-col-100 elementor-top-column elementor-element elementor-element-4b02a219\" data-id=\"4b02a219\" data-element_type=\"column\" data-e-type=\"column\">\n\t\t\t<div class=\"elementor-widget-wrap elementor-element-populated\">\n\t\t\t\t\t\t<div class=\"elementor-element elementor-element-1012e98c elementor-widget elementor-widget-text-editor\" data-id=\"1012e98c\" data-element_type=\"widget\" data-e-type=\"widget\" data-widget_type=\"text-editor.default\">\n\t\t\t\t\t\t\t\t\t<p><span style=\"color: var( --e-global-color-text );\">En 1699, es decir, hace 325 a\u00f1os llegaron a Santiago de los Caballeros de Guatemala, hoy Antigua Guatemala, un grupo de monjas de la orden de Las Hermanas Pobres de Santa Clara, m\u00e1s conocidas como &#8220;clarisas&#8221;.<\/span><\/p><p><span style=\"color: var( --e-global-color-text );\">Dicha orden fue fundada por San Francisco de As\u00eds y Santa Clara de As\u00eds en 1212. El grupo de monjas lleg\u00f3 a Guatemala desde Puebla de Los Angeles, M\u00e9xico. La fundaci\u00f3n de su convento fue apoyada econ\u00f3micamente por do\u00f1a Mar\u00eda Ventura de Arrivillaga y Coronado. Quedaron oficialmente instaladas en la entonces Capital de la Capitan\u00eda General de Guatemala, en 1700.<\/span><span style=\"color: var( --e-global-color-text );\">\u00a0<\/span><\/p>\t\t\t\t\t\t\t\t<\/div>\n\t\t\t\t\t<\/div>\n\t\t<\/div>\n\t\t\t\t\t<\/div>\n\t\t<\/section>\n\t\t\t\t<section data-particle_enable=\"false\" data-particle-mobile-disabled=\"false\" class=\"elementor-section elementor-top-section elementor-element elementor-element-349160f elementor-section-boxed elementor-section-height-default elementor-section-height-default\" data-id=\"349160f\" data-element_type=\"section\" data-e-type=\"section\">\n\t\t\t\t\t\t<div class=\"elementor-container elementor-column-gap-default\">\n\t\t\t\t\t<div class=\"elementor-column elementor-col-100 elementor-top-column elementor-element elementor-element-a6a6f53\" data-id=\"a6a6f53\" data-element_type=\"column\" data-e-type=\"column\">\n\t\t\t<div class=\"elementor-widget-wrap elementor-element-populated\">\n\t\t\t\t\t\t<div class=\"elementor-element elementor-element-65f4327 elementor-widget elementor-widget-image\" data-id=\"65f4327\" data-element_type=\"widget\" data-e-type=\"widget\" data-widget_type=\"image.default\">\n\t\t\t\t\t\t\t\t\t\t\t\t<figure class=\"wp-caption\">\n\t\t\t\t\t\t\t\t\t\t<img decoding=\"async\" width=\"566\" height=\"627\" src=\"https:\/\/soymigrante.com\/revista\/wp-content\/uploads\/2024\/03\/Captura-de-pantalla-2024-03-28-143329.webp\" class=\"attachment-large size-large wp-image-5666\" alt=\"Retablo en relieve con monjas clarisas, rescatado en Antigua Guatemala. Fotograf\u00eda Unesco.\" srcset=\"https:\/\/soymigrante.com\/revista\/wp-content\/uploads\/2024\/03\/Captura-de-pantalla-2024-03-28-143329.webp 566w, https:\/\/soymigrante.com\/revista\/wp-content\/uploads\/2024\/03\/Captura-de-pantalla-2024-03-28-143329-271x300.webp 271w\" sizes=\"(max-width: 566px) 100vw, 566px\" title=\"Retablo en relieve con monjas clarisas, rescatado en Antigua Guatemala. Fotograf\u00eda Unesco. \u2013 SoyMigrante.com REVISTA\" \/>\t\t\t\t\t\t\t\t\t\t\t<figcaption class=\"widget-image-caption wp-caption-text\">Retablo en relieve con monjas clarisas, rescatado en Antigua Guatemala. Fotograf\u00eda Unesco.<\/figcaption>\n\t\t\t\t\t\t\t\t\t\t<\/figure>\n\t\t\t\t\t\t\t\t\t<\/div>\n\t\t\t\t\t<\/div>\n\t\t<\/div>\n\t\t\t\t\t<\/div>\n\t\t<\/section>\n\t\t\t\t<section data-particle_enable=\"false\" data-particle-mobile-disabled=\"false\" class=\"elementor-section elementor-top-section elementor-element elementor-element-5a843dc0 elementor-section-boxed elementor-section-height-default elementor-section-height-default\" data-id=\"5a843dc0\" data-element_type=\"section\" data-e-type=\"section\">\n\t\t\t\t\t\t<div class=\"elementor-container elementor-column-gap-default\">\n\t\t\t\t\t<div class=\"elementor-column elementor-col-100 elementor-top-column elementor-element elementor-element-44c8807d\" data-id=\"44c8807d\" data-element_type=\"column\" data-e-type=\"column\">\n\t\t\t<div class=\"elementor-widget-wrap elementor-element-populated\">\n\t\t\t\t\t\t<div class=\"elementor-element elementor-element-421d7d70 elementor-widget elementor-widget-heading\" data-id=\"421d7d70\" data-element_type=\"widget\" data-e-type=\"widget\" data-widget_type=\"heading.default\">\n\t\t\t\t\t<h3 class=\"elementor-heading-title elementor-size-default\">Construcci\u00f3n llev\u00f3 15 a\u00f1os  <\/h3>\t\t\t\t<\/div>\n\t\t\t\t\t<\/div>\n\t\t<\/div>\n\t\t\t\t\t<\/div>\n\t\t<\/section>\n\t\t\t\t<section data-particle_enable=\"false\" data-particle-mobile-disabled=\"false\" class=\"elementor-section elementor-top-section elementor-element elementor-element-62aa78d5 elementor-section-boxed elementor-section-height-default elementor-section-height-default\" data-id=\"62aa78d5\" data-element_type=\"section\" data-e-type=\"section\">\n\t\t\t\t\t\t<div class=\"elementor-container elementor-column-gap-default\">\n\t\t\t\t\t<div class=\"elementor-column elementor-col-100 elementor-top-column elementor-element elementor-element-7580d514\" data-id=\"7580d514\" data-element_type=\"column\" data-e-type=\"column\">\n\t\t\t<div class=\"elementor-widget-wrap elementor-element-populated\">\n\t\t\t\t\t\t<div class=\"elementor-element elementor-element-7b1ea35 elementor-widget elementor-widget-text-editor\" data-id=\"7b1ea35\" data-element_type=\"widget\" data-e-type=\"widget\" data-widget_type=\"text-editor.default\">\n\t\t\t\t\t\t\t\t\t<p><span style=\"color: var( --e-global-color-text );\">Las instalaciones que alojaron a las clarisas fueron ampliadas,\u00a0 gracias al apyo de\u00a0 fray Juan Bautista \u00c1lvarez de Toledo (1655-1725) quien fue el primer guatemalteco que lleg\u00f3 a ser ordenado obispo. Antes de \u00e9l, todos hab\u00edan sido espa\u00f1oles.<\/span><\/p><p>El convento y el templo de Santa Clara fueron terminado en 1715, pero el terremoto de san miguel, del 29 de septiebre de 1717 caus\u00f3 graves da\u00f1os en la Iglesia. Ello oblig\u00f3 a erigir una nueva, con dise\u00f1o del arquitecto Diego de Porres, que fue estrenada el 11 de agosto de 1734 y la cual a\u00fan puede admirarse.<\/p><div>\u00a0<\/div>\t\t\t\t\t\t\t\t<\/div>\n\t\t\t\t\t<\/div>\n\t\t<\/div>\n\t\t\t\t\t<\/div>\n\t\t<\/section>\n\t\t\t\t<section data-particle_enable=\"false\" data-particle-mobile-disabled=\"false\" class=\"elementor-section elementor-top-section elementor-element elementor-element-720ef678 elementor-section-boxed elementor-section-height-default elementor-section-height-default\" data-id=\"720ef678\" data-element_type=\"section\" data-e-type=\"section\">\n\t\t\t\t\t\t<div class=\"elementor-container elementor-column-gap-default\">\n\t\t\t\t\t<div class=\"elementor-column elementor-col-100 elementor-top-column elementor-element elementor-element-40333abe\" data-id=\"40333abe\" data-element_type=\"column\" data-e-type=\"column\">\n\t\t\t<div class=\"elementor-widget-wrap elementor-element-populated\">\n\t\t\t\t\t\t<div class=\"elementor-element elementor-element-2084dee2 elementor-widget elementor-widget-image\" data-id=\"2084dee2\" data-element_type=\"widget\" data-e-type=\"widget\" data-widget_type=\"image.default\">\n\t\t\t\t\t\t\t\t\t\t\t\t<figure class=\"wp-caption\">\n\t\t\t\t\t\t\t\t\t\t<img decoding=\"async\" width=\"1024\" height=\"505\" src=\"https:\/\/soymigrante.com\/revista\/wp-content\/uploads\/2024\/03\/Captura-de-pantalla-2024-03-28-190932-1024x505.webp\" class=\"attachment-large size-large wp-image-5668\" alt=\"Los arcos del convento de Santa Clara resisten a los a\u00f1os, las d\u00e9cadas y los siglos. Es un lugar muy frecuentado por los visitantes, ideal para las fotos del recuerdo y tambi\u00e9n para valorar el tesoro colonial de Antigua Guatemala.\" srcset=\"https:\/\/soymigrante.com\/revista\/wp-content\/uploads\/2024\/03\/Captura-de-pantalla-2024-03-28-190932-1024x505.webp 1024w, https:\/\/soymigrante.com\/revista\/wp-content\/uploads\/2024\/03\/Captura-de-pantalla-2024-03-28-190932-300x148.webp 300w, https:\/\/soymigrante.com\/revista\/wp-content\/uploads\/2024\/03\/Captura-de-pantalla-2024-03-28-190932-768x379.webp 768w, https:\/\/soymigrante.com\/revista\/wp-content\/uploads\/2024\/03\/Captura-de-pantalla-2024-03-28-190932-1536x757.webp 1536w, https:\/\/soymigrante.com\/revista\/wp-content\/uploads\/2024\/03\/Captura-de-pantalla-2024-03-28-190932-750x370.webp 750w, https:\/\/soymigrante.com\/revista\/wp-content\/uploads\/2024\/03\/Captura-de-pantalla-2024-03-28-190932-1140x562.webp 1140w, https:\/\/soymigrante.com\/revista\/wp-content\/uploads\/2024\/03\/Captura-de-pantalla-2024-03-28-190932.webp 1807w\" sizes=\"(max-width: 1024px) 100vw, 1024px\" title=\"Los arcos del convento de Santa Clara resisten a los a\u00f1os, las d\u00e9cadas y los siglos. Es un lugar muy frecuentado por los visitantes, ideal para las fotos del recuerdo y tambi\u00e9n para valorar el tesoro colonial de Antigua Guatemala. \u2013 SoyMigrante.com REVISTA\" \/>\t\t\t\t\t\t\t\t\t\t\t<figcaption class=\"widget-image-caption wp-caption-text\">Los arcos del convento de Santa Clara resisten a los a\u00f1os, las d\u00e9cadas y los siglos. Es un lugar muy frecuentado por los visitantes, ideal para las fotos del recuerdo y tambi\u00e9n para valorar el tesoro colonial de Antigua Guatemala. <\/figcaption>\n\t\t\t\t\t\t\t\t\t\t<\/figure>\n\t\t\t\t\t\t\t\t\t<\/div>\n\t\t\t\t\t<\/div>\n\t\t<\/div>\n\t\t\t\t\t<\/div>\n\t\t<\/section>\n\t\t\t\t<section data-particle_enable=\"false\" data-particle-mobile-disabled=\"false\" class=\"elementor-section elementor-top-section elementor-element elementor-element-3e4eaa59 elementor-section-boxed elementor-section-height-default elementor-section-height-default\" data-id=\"3e4eaa59\" data-element_type=\"section\" data-e-type=\"section\">\n\t\t\t\t\t\t<div class=\"elementor-container elementor-column-gap-default\">\n\t\t\t\t\t<div class=\"elementor-column elementor-col-100 elementor-top-column elementor-element elementor-element-655d78d9\" data-id=\"655d78d9\" data-element_type=\"column\" data-e-type=\"column\">\n\t\t\t<div class=\"elementor-widget-wrap elementor-element-populated\">\n\t\t\t\t\t\t<div class=\"elementor-element elementor-element-67a9a91 elementor-widget elementor-widget-heading\" data-id=\"67a9a91\" data-element_type=\"widget\" data-e-type=\"widget\" data-widget_type=\"heading.default\">\n\t\t\t\t\t<h3 class=\"elementor-heading-title elementor-size-default\">3. Una fuente de gran belleza <\/h3>\t\t\t\t<\/div>\n\t\t\t\t\t<\/div>\n\t\t<\/div>\n\t\t\t\t\t<\/div>\n\t\t<\/section>\n\t\t\t\t<section data-particle_enable=\"false\" data-particle-mobile-disabled=\"false\" class=\"elementor-section elementor-top-section elementor-element elementor-element-60db046c elementor-section-boxed elementor-section-height-default elementor-section-height-default\" data-id=\"60db046c\" data-element_type=\"section\" data-e-type=\"section\">\n\t\t\t\t\t\t<div class=\"elementor-container elementor-column-gap-default\">\n\t\t\t\t\t<div class=\"elementor-column elementor-col-100 elementor-top-column elementor-element elementor-element-91270a7\" data-id=\"91270a7\" data-element_type=\"column\" data-e-type=\"column\">\n\t\t\t<div class=\"elementor-widget-wrap elementor-element-populated\">\n\t\t\t\t\t\t<div class=\"elementor-element elementor-element-647ab71b elementor-widget elementor-widget-text-editor\" data-id=\"647ab71b\" data-element_type=\"widget\" data-e-type=\"widget\" data-widget_type=\"text-editor.default\">\n\t\t\t\t\t\t\t\t\t<p><span style=\"color: var( --e-global-color-text );\">Seg\u00fan datos del historiador Luis Luj\u00e1n Mu\u00f1oz, gran protector de la Antigua Guatemala, ya fallecido, el convento de las clarisas fue uno de los primeros en tener una fuente en su patio principal. <br \/>Dicha fuente poses\u00eda hermosos surtidores de agua, pero ese sistema fue destruido por los terremotos de 1773. A\u00fan as\u00ed, la fuente de Santa Clara es uno de los puntos predilectos para las fotos que se toman los visitantes, con el marco de la arcada majestuosa que tambi\u00e9n se conserva.<\/span><\/p><p>\u00a0<\/p>\t\t\t\t\t\t\t\t<\/div>\n\t\t\t\t\t<\/div>\n\t\t<\/div>\n\t\t\t\t\t<\/div>\n\t\t<\/section>\n\t\t\t\t<section data-particle_enable=\"false\" data-particle-mobile-disabled=\"false\" class=\"elementor-section elementor-top-section elementor-element elementor-element-7d03d91f elementor-section-boxed elementor-section-height-default elementor-section-height-default\" data-id=\"7d03d91f\" data-element_type=\"section\" data-e-type=\"section\">\n\t\t\t\t\t\t<div class=\"elementor-container elementor-column-gap-default\">\n\t\t\t\t\t<div class=\"elementor-column elementor-col-100 elementor-top-column elementor-element elementor-element-4108f37c\" data-id=\"4108f37c\" data-element_type=\"column\" data-e-type=\"column\">\n\t\t\t<div class=\"elementor-widget-wrap elementor-element-populated\">\n\t\t\t\t\t\t<div class=\"elementor-element elementor-element-148085a5 elementor-widget elementor-widget-image\" data-id=\"148085a5\" data-element_type=\"widget\" data-e-type=\"widget\" data-widget_type=\"image.default\">\n\t\t\t\t\t\t\t\t\t\t\t\t<figure class=\"wp-caption\">\n\t\t\t\t\t\t\t\t\t\t<img loading=\"lazy\" decoding=\"async\" width=\"1024\" height=\"423\" src=\"https:\/\/soymigrante.com\/revista\/wp-content\/uploads\/2024\/03\/Captura-de-pantalla-2024-03-28-190020-e1753833667769-1024x423.webp\" class=\"attachment-large size-large wp-image-5669\" alt=\"La fuente del convento de Santa Clara ten\u00eda a\u00fan mayor complejidad, pero a\u00fan se puede adivinar la belleza que tuvo el conjunto monumental hace tres siglos.\" srcset=\"https:\/\/soymigrante.com\/revista\/wp-content\/uploads\/2024\/03\/Captura-de-pantalla-2024-03-28-190020-e1753833667769-1024x423.webp 1024w, https:\/\/soymigrante.com\/revista\/wp-content\/uploads\/2024\/03\/Captura-de-pantalla-2024-03-28-190020-e1753833667769-300x124.webp 300w, https:\/\/soymigrante.com\/revista\/wp-content\/uploads\/2024\/03\/Captura-de-pantalla-2024-03-28-190020-e1753833667769-768x317.webp 768w, https:\/\/soymigrante.com\/revista\/wp-content\/uploads\/2024\/03\/Captura-de-pantalla-2024-03-28-190020-e1753833667769-750x310.webp 750w, https:\/\/soymigrante.com\/revista\/wp-content\/uploads\/2024\/03\/Captura-de-pantalla-2024-03-28-190020-e1753833667769-1140x471.webp 1140w, https:\/\/soymigrante.com\/revista\/wp-content\/uploads\/2024\/03\/Captura-de-pantalla-2024-03-28-190020-e1753833667769.webp 1336w\" sizes=\"(max-width: 1024px) 100vw, 1024px\" title=\"La fuente del convento de Santa Clara ten\u00eda a\u00fan mayor complejidad, pero a\u00fan se puede adivinar la belleza que tuvo el conjunto monumental hace tres siglos. \u2013 SoyMigrante.com REVISTA\" \/>\t\t\t\t\t\t\t\t\t\t\t<figcaption class=\"widget-image-caption wp-caption-text\">La fuente del convento de Santa Clara ten\u00eda a\u00fan mayor complejidad, pero a\u00fan se puede adivinar la belleza que tuvo el conjunto monumental hace tres siglos.<\/figcaption>\n\t\t\t\t\t\t\t\t\t\t<\/figure>\n\t\t\t\t\t\t\t\t\t<\/div>\n\t\t\t\t\t<\/div>\n\t\t<\/div>\n\t\t\t\t\t<\/div>\n\t\t<\/section>\n\t\t\t\t<section data-particle_enable=\"false\" data-particle-mobile-disabled=\"false\" class=\"elementor-section elementor-top-section elementor-element elementor-element-4bd4ea98 elementor-section-boxed elementor-section-height-default elementor-section-height-default\" data-id=\"4bd4ea98\" data-element_type=\"section\" data-e-type=\"section\">\n\t\t\t\t\t\t<div class=\"elementor-container elementor-column-gap-default\">\n\t\t\t\t\t<div class=\"elementor-column elementor-col-100 elementor-top-column elementor-element elementor-element-151c50a2\" data-id=\"151c50a2\" data-element_type=\"column\" data-e-type=\"column\">\n\t\t\t<div class=\"elementor-widget-wrap elementor-element-populated\">\n\t\t\t\t\t\t<div class=\"elementor-element elementor-element-5674c80b elementor-widget elementor-widget-heading\" data-id=\"5674c80b\" data-element_type=\"widget\" data-e-type=\"widget\" data-widget_type=\"heading.default\">\n\t\t\t\t\t<h3 class=\"elementor-heading-title elementor-size-default\">4. Un templo y frontispicio interno<\/h3>\t\t\t\t<\/div>\n\t\t\t\t\t<\/div>\n\t\t<\/div>\n\t\t\t\t\t<\/div>\n\t\t<\/section>\n\t\t\t\t<section data-particle_enable=\"false\" data-particle-mobile-disabled=\"false\" class=\"elementor-section elementor-top-section elementor-element elementor-element-5d82b91c elementor-section-boxed elementor-section-height-default elementor-section-height-default\" data-id=\"5d82b91c\" data-element_type=\"section\" data-e-type=\"section\">\n\t\t\t\t\t\t<div class=\"elementor-container elementor-column-gap-default\">\n\t\t\t\t\t<div class=\"elementor-column elementor-col-100 elementor-top-column elementor-element elementor-element-442b84dd\" data-id=\"442b84dd\" data-element_type=\"column\" data-e-type=\"column\">\n\t\t\t<div class=\"elementor-widget-wrap elementor-element-populated\">\n\t\t\t\t\t\t<div class=\"elementor-element elementor-element-1a01e081 elementor-widget elementor-widget-text-editor\" data-id=\"1a01e081\" data-element_type=\"widget\" data-e-type=\"widget\" data-widget_type=\"text-editor.default\">\n\t\t\t\t\t\t\t\t\t<p><span style=\"color: var( --e-global-color-text );\">El templo de Santa Clara no tiene fachada hacia la calle, sino interior, debido a que su uso era dedicado a las monjas de clausura. Su fachada tiene vistosas columnas, llamadas &#8220;serlianas&#8221; as\u00ed como efigies de \u00e1ngeles, que se pueden admirar actualmente.\u00a0<\/span><\/p><p><span style=\"color: var( --e-global-color-text );\">Desde el exterior se puede ver el muro y una puerta de ingreso lateral, la cual actualmente est\u00e1 tapiada con piedra, pero que tiene hermosas efigies de santos.<\/span><\/p>\t\t\t\t\t\t\t\t<\/div>\n\t\t\t\t\t<\/div>\n\t\t<\/div>\n\t\t\t\t\t<\/div>\n\t\t<\/section>\n\t\t\t\t<section data-particle_enable=\"false\" data-particle-mobile-disabled=\"false\" class=\"elementor-section elementor-top-section elementor-element elementor-element-731467f elementor-section-boxed elementor-section-height-default elementor-section-height-default\" data-id=\"731467f\" data-element_type=\"section\" data-e-type=\"section\">\n\t\t\t\t\t\t<div class=\"elementor-container elementor-column-gap-default\">\n\t\t\t\t\t<div class=\"elementor-column elementor-col-100 elementor-top-column elementor-element elementor-element-80bf9af\" data-id=\"80bf9af\" data-element_type=\"column\" data-e-type=\"column\">\n\t\t\t<div class=\"elementor-widget-wrap elementor-element-populated\">\n\t\t\t\t\t\t<div class=\"elementor-element elementor-element-37f41b0 elementor-arrows-position-inside elementor-pagination-position-outside elementor-widget elementor-widget-image-carousel\" data-id=\"37f41b0\" data-element_type=\"widget\" data-e-type=\"widget\" data-settings=\"{&quot;slides_to_show&quot;:&quot;1&quot;,&quot;autoplay_speed&quot;:1000,&quot;effect&quot;:&quot;fade&quot;,&quot;speed&quot;:200,&quot;navigation&quot;:&quot;both&quot;,&quot;autoplay&quot;:&quot;yes&quot;,&quot;pause_on_hover&quot;:&quot;yes&quot;,&quot;pause_on_interaction&quot;:&quot;yes&quot;,&quot;infinite&quot;:&quot;yes&quot;}\" data-widget_type=\"image-carousel.default\">\n\t\t\t\t\t\t\t<div class=\"elementor-image-carousel-wrapper swiper\" role=\"region\" aria-roledescription=\"carousel\" aria-label=\"Image Carousel\" dir=\"ltr\">\n\t\t\t<div class=\"elementor-image-carousel swiper-wrapper swiper-image-stretch\" aria-live=\"off\">\n\t\t\t\t\t\t\t\t<div class=\"swiper-slide\" role=\"group\" aria-roledescription=\"slide\" aria-label=\"1 de 2\"><figure class=\"swiper-slide-inner\"><img decoding=\"async\" class=\"swiper-slide-image\" src=\"https:\/\/soymigrante.com\/revista\/wp-content\/uploads\/2024\/03\/Captura-de-pantalla-2024-03-28-144955-1.webp\" alt=\"\u00c1ngeles flanquean los lados del atrio interior de Santa Clara. N\u00f3tese el estilo de las columnas a los lados, de tipo serliano. Por eso este frontispicio es una de las mejores muestras del barroco guatemalteco.\" \/><figcaption class=\"elementor-image-carousel-caption\">\u00c1ngeles flanquean los lados del atrio interior de Santa Clara. N\u00f3tese el estilo de las columnas a los lados, de tipo serliano. Por eso este frontispicio es una de las mejores muestras del barroco guatemalteco.<\/figcaption><\/figure><\/div><div class=\"swiper-slide\" role=\"group\" aria-roledescription=\"slide\" aria-label=\"2 de 2\"><figure class=\"swiper-slide-inner\"><img decoding=\"async\" class=\"swiper-slide-image\" src=\"https:\/\/soymigrante.com\/revista\/wp-content\/uploads\/2024\/03\/Captura-de-pantalla-2024-03-28-144931.webp\" alt=\"\u00c1ngeles flanquean los lados del atrio interior de Santa Clara. N\u00f3tese el estilo de las columnas a los lados, de tipo serliano. Por eso este frontispicio es una de las mejores muestras del barroco guatemalteco.\" \/><figcaption class=\"elementor-image-carousel-caption\">\u00c1ngeles flanquean los lados del atrio interior de Santa Clara. N\u00f3tese el estilo de las columnas a los lados, de tipo serliano. Por eso este frontispicio es una de las mejores muestras del barroco guatemalteco.<\/figcaption><\/figure><\/div>\t\t\t<\/div>\n\t\t\t\t\t\t\t\t\t\t\t\t<div class=\"elementor-swiper-button elementor-swiper-button-prev\" role=\"button\" tabindex=\"0\">\n\t\t\t\t\t\t<i aria-hidden=\"true\" class=\"eicon-chevron-left\"><\/i>\t\t\t\t\t<\/div>\n\t\t\t\t\t<div class=\"elementor-swiper-button elementor-swiper-button-next\" role=\"button\" tabindex=\"0\">\n\t\t\t\t\t\t<i aria-hidden=\"true\" class=\"eicon-chevron-right\"><\/i>\t\t\t\t\t<\/div>\n\t\t\t\t\n\t\t\t\t\t\t\t\t\t<div class=\"swiper-pagination\"><\/div>\n\t\t\t\t\t\t\t\t\t<\/div>\n\t\t\t\t\t\t<\/div>\n\t\t\t\t\t<\/div>\n\t\t<\/div>\n\t\t\t\t\t<\/div>\n\t\t<\/section>\n\t\t\t\t<section data-particle_enable=\"false\" data-particle-mobile-disabled=\"false\" class=\"elementor-section elementor-top-section elementor-element elementor-element-47efe1c5 elementor-section-boxed elementor-section-height-default elementor-section-height-default\" data-id=\"47efe1c5\" data-element_type=\"section\" data-e-type=\"section\">\n\t\t\t\t\t\t<div class=\"elementor-container elementor-column-gap-default\">\n\t\t\t\t\t<div class=\"elementor-column elementor-col-100 elementor-top-column elementor-element elementor-element-3727b1c5\" data-id=\"3727b1c5\" data-element_type=\"column\" data-e-type=\"column\">\n\t\t\t<div class=\"elementor-widget-wrap elementor-element-populated\">\n\t\t\t\t\t\t<div class=\"elementor-element elementor-element-73f58b1d elementor-widget elementor-widget-heading\" data-id=\"73f58b1d\" data-element_type=\"widget\" data-e-type=\"widget\" data-widget_type=\"heading.default\">\n\t\t\t\t\t<h3 class=\"elementor-heading-title elementor-size-default\">5. Silencio y misterio en las criptas <\/h3>\t\t\t\t<\/div>\n\t\t\t\t\t<\/div>\n\t\t<\/div>\n\t\t\t\t\t<\/div>\n\t\t<\/section>\n\t\t\t\t<section data-particle_enable=\"false\" data-particle-mobile-disabled=\"false\" class=\"elementor-section elementor-top-section elementor-element elementor-element-21edd219 elementor-section-boxed elementor-section-height-default elementor-section-height-default\" data-id=\"21edd219\" data-element_type=\"section\" data-e-type=\"section\">\n\t\t\t\t\t\t<div class=\"elementor-container elementor-column-gap-default\">\n\t\t\t\t\t<div class=\"elementor-column elementor-col-100 elementor-top-column elementor-element elementor-element-c65c8ea\" data-id=\"c65c8ea\" data-element_type=\"column\" data-e-type=\"column\">\n\t\t\t<div class=\"elementor-widget-wrap elementor-element-populated\">\n\t\t\t\t\t\t<div class=\"elementor-element elementor-element-5c49c957 elementor-widget elementor-widget-text-editor\" data-id=\"5c49c957\" data-element_type=\"widget\" data-e-type=\"widget\" data-widget_type=\"text-editor.default\">\n\t\t\t\t\t\t\t\t\t<p><span style=\"color: var( --e-global-color-text );\">Otro de los elementos caracter\u00edsticos son las criptas de enterramiento, debajo del Templo y otras que eran utilizadas como bodegas. Al entrar en ellas se produce una impresi\u00f3n m\u00edstica de otra \u00e9poca, sobre todo al ver como el sol entra por ventanas.<\/span><\/p><p><span style=\"color: var( --e-global-color-text );\">En el terremoto de 1976, dos siglos despu\u00e9s de los sismos que devastaron la ciudad, estas criptas estuvieron en riesgo pero fueron reforzadas con pilotes y concreto para que pudieran seguir resistiendo al tiempo y a los elementos.<\/span><\/p>\t\t\t\t\t\t\t\t<\/div>\n\t\t\t\t\t<\/div>\n\t\t<\/div>\n\t\t\t\t\t<\/div>\n\t\t<\/section>\n\t\t\t\t<section data-particle_enable=\"false\" data-particle-mobile-disabled=\"false\" class=\"elementor-section elementor-top-section elementor-element elementor-element-c4571e9 elementor-section-boxed elementor-section-height-default elementor-section-height-default\" data-id=\"c4571e9\" data-element_type=\"section\" data-e-type=\"section\">\n\t\t\t\t\t\t<div class=\"elementor-container elementor-column-gap-default\">\n\t\t\t\t\t<div class=\"elementor-column elementor-col-100 elementor-top-column elementor-element elementor-element-2016e02f\" data-id=\"2016e02f\" data-element_type=\"column\" data-e-type=\"column\">\n\t\t\t<div class=\"elementor-widget-wrap elementor-element-populated\">\n\t\t\t\t\t\t<div class=\"elementor-element elementor-element-22f6aa82 elementor-widget elementor-widget-image\" data-id=\"22f6aa82\" data-element_type=\"widget\" data-e-type=\"widget\" data-widget_type=\"image.default\">\n\t\t\t\t\t\t\t\t\t\t\t\t<figure class=\"wp-caption\">\n\t\t\t\t\t\t\t\t\t\t<img loading=\"lazy\" decoding=\"async\" width=\"586\" height=\"800\" src=\"https:\/\/soymigrante.com\/revista\/wp-content\/uploads\/2024\/03\/Captura-de-pantalla-2024-03-28-184751.webp\" class=\"attachment-large size-large wp-image-5673\" alt=\"Vista de la entrada de luz de una de las criptas del convento Santa Clara. Se percibe una frescura subterr\u00e1nea que contrasta con el calor del mediod\u00eda. Puerta lateral de las ruinas del convento de Santa Clara, en Antigua Guatemala. Foto Gustavo Montenegro\" srcset=\"https:\/\/soymigrante.com\/revista\/wp-content\/uploads\/2024\/03\/Captura-de-pantalla-2024-03-28-184751.webp 586w, https:\/\/soymigrante.com\/revista\/wp-content\/uploads\/2024\/03\/Captura-de-pantalla-2024-03-28-184751-220x300.webp 220w\" sizes=\"(max-width: 586px) 100vw, 586px\" title=\"Vista de la entrada de luz de una de las criptas del convento Santa Clara. Se percibe una frescura subterr\u00e1nea que contrasta con el calor del mediod\u00eda. Puerta lateral de las ruinas del convento de Santa Clara, en Antigua Guatemala. Foto Gustavo Montenegro \u2013 SoyMigrante.com REVISTA\" \/>\t\t\t\t\t\t\t\t\t\t\t<figcaption class=\"widget-image-caption wp-caption-text\">Vista de la entrada de luz de una de las criptas del convento Santa Clara. Se percibe una frescura subterr\u00e1nea que contrasta con el calor del mediod\u00eda. Puerta lateral de las ruinas del convento de Santa Clara, en Antigua Guatemala. Foto Gustavo Montenegro<\/figcaption>\n\t\t\t\t\t\t\t\t\t\t<\/figure>\n\t\t\t\t\t\t\t\t\t<\/div>\n\t\t\t\t\t<\/div>\n\t\t<\/div>\n\t\t\t\t\t<\/div>\n\t\t<\/section>\n\t\t\t\t<section data-particle_enable=\"false\" data-particle-mobile-disabled=\"false\" class=\"elementor-section elementor-top-section elementor-element elementor-element-4f265a3e elementor-section-boxed elementor-section-height-default elementor-section-height-default\" data-id=\"4f265a3e\" data-element_type=\"section\" data-e-type=\"section\">\n\t\t\t\t\t\t<div class=\"elementor-container elementor-column-gap-default\">\n\t\t\t\t\t<div class=\"elementor-column elementor-col-100 elementor-top-column elementor-element elementor-element-6b4a3f9d\" data-id=\"6b4a3f9d\" data-element_type=\"column\" data-e-type=\"column\">\n\t\t\t<div class=\"elementor-widget-wrap elementor-element-populated\">\n\t\t\t\t\t\t<div class=\"elementor-element elementor-element-354e9cf6 elementor-widget elementor-widget-heading\" data-id=\"354e9cf6\" data-element_type=\"widget\" data-e-type=\"widget\" data-widget_type=\"heading.default\">\n\t\t\t\t\t<h3 class=\"elementor-heading-title elementor-size-default\">Sigue trabajo de recuperaci\u00f3n constante  <\/h3>\t\t\t\t<\/div>\n\t\t\t\t\t<\/div>\n\t\t<\/div>\n\t\t\t\t\t<\/div>\n\t\t<\/section>\n\t\t\t\t<section data-particle_enable=\"false\" data-particle-mobile-disabled=\"false\" class=\"elementor-section elementor-top-section elementor-element elementor-element-41c1ed8d elementor-section-boxed elementor-section-height-default elementor-section-height-default\" data-id=\"41c1ed8d\" data-element_type=\"section\" data-e-type=\"section\">\n\t\t\t\t\t\t<div class=\"elementor-container elementor-column-gap-default\">\n\t\t\t\t\t<div class=\"elementor-column elementor-col-100 elementor-top-column elementor-element elementor-element-6c4c0f16\" data-id=\"6c4c0f16\" data-element_type=\"column\" data-e-type=\"column\">\n\t\t\t<div class=\"elementor-widget-wrap elementor-element-populated\">\n\t\t\t\t\t\t<div class=\"elementor-element elementor-element-630a6321 elementor-widget elementor-widget-text-editor\" data-id=\"630a6321\" data-element_type=\"widget\" data-e-type=\"widget\" data-widget_type=\"text-editor.default\">\n\t\t\t\t\t\t\t\t\t<p><span style=\"color: var( --e-global-color-text );\">En diversas \u00e1reas \u00e1reas del convento de Santa Clara, en Antigua Guatemala es posible observar peque\u00f1as plaquetas e inscripciones que registran los procesos de restauraci\u00f3n y reforzamiento de muros, a cargo del Consejo Nacional de Protecci\u00f3n de la Antigua Guatemala. Debido al enorme trabajo y a la limitaci\u00f3n de recursos, las reparaciones se efect\u00faan de forma paulatina.<\/span><\/p><p><span style=\"color: var( --e-global-color-text );\">Lamentablemente, en los muros de esta ruina es posible ver la incultura, irresponsabilidad y vandalismo\u00a0<\/span><span style=\"color: var( --e-global-color-text );\">de personas irresponsables, ignorantes e inescrupulosas que efect\u00faan graffitis en los muros coloniales. Por dejar un supuesto recuerdo, ocasionan da\u00f1o a la integridad del monumento. Este tipo de acciones se debe evitar, porque son penadas por la ley.<\/span><\/p>\t\t\t\t\t\t\t\t<\/div>\n\t\t\t\t\t<\/div>\n\t\t<\/div>\n\t\t\t\t\t<\/div>\n\t\t<\/section>\n\t\t\t\t<section data-particle_enable=\"false\" data-particle-mobile-disabled=\"false\" class=\"elementor-section elementor-top-section elementor-element elementor-element-97a3deb elementor-section-boxed elementor-section-height-default elementor-section-height-default\" data-id=\"97a3deb\" data-element_type=\"section\" data-e-type=\"section\">\n\t\t\t\t\t\t<div class=\"elementor-container elementor-column-gap-default\">\n\t\t\t\t\t<div class=\"elementor-column elementor-col-100 elementor-top-column elementor-element elementor-element-1574e70\" data-id=\"1574e70\" data-element_type=\"column\" data-e-type=\"column\">\n\t\t\t<div class=\"elementor-widget-wrap elementor-element-populated\">\n\t\t\t\t\t\t<div class=\"elementor-element elementor-element-74ce197 elementor-arrows-position-inside elementor-pagination-position-outside elementor-widget elementor-widget-image-carousel\" data-id=\"74ce197\" data-element_type=\"widget\" data-e-type=\"widget\" data-settings=\"{&quot;slides_to_show&quot;:&quot;1&quot;,&quot;navigation&quot;:&quot;both&quot;,&quot;autoplay&quot;:&quot;yes&quot;,&quot;pause_on_hover&quot;:&quot;yes&quot;,&quot;pause_on_interaction&quot;:&quot;yes&quot;,&quot;autoplay_speed&quot;:5000,&quot;infinite&quot;:&quot;yes&quot;,&quot;effect&quot;:&quot;slide&quot;,&quot;speed&quot;:500}\" data-widget_type=\"image-carousel.default\">\n\t\t\t\t\t\t\t<div class=\"elementor-image-carousel-wrapper swiper\" role=\"region\" aria-roledescription=\"carousel\" aria-label=\"Image Carousel\" dir=\"ltr\">\n\t\t\t<div class=\"elementor-image-carousel swiper-wrapper\" aria-live=\"off\">\n\t\t\t\t\t\t\t\t<div class=\"swiper-slide\" role=\"group\" aria-roledescription=\"slide\" aria-label=\"1 de 11\"><figure class=\"swiper-slide-inner\"><img decoding=\"async\" class=\"swiper-slide-image\" src=\"https:\/\/soymigrante.com\/revista\/wp-content\/uploads\/2024\/03\/Captura-de-pantalla-2024-03-28-190514.webp\" alt=\"Vista de la entrada de luz de una de las criptas del convento Santa Clara. Se percibe una frescura subterr\u00e1nea que contrasta con el calor del mediod\u00eda. Puerta lateral de las ruinas del convento de Santa Clara, en Antigua Guatemala. Foto Gustavo Montenegro\" \/><figcaption class=\"elementor-image-carousel-caption\">Vista de la entrada de luz de una de las criptas del convento Santa Clara. Se percibe una frescura subterr\u00e1nea que contrasta con el calor del mediod\u00eda. Puerta lateral de las ruinas del convento de Santa Clara, en Antigua Guatemala. Foto Gustavo Montenegro<\/figcaption><\/figure><\/div><div class=\"swiper-slide\" role=\"group\" aria-roledescription=\"slide\" aria-label=\"2 de 11\"><figure class=\"swiper-slide-inner\"><img decoding=\"async\" class=\"swiper-slide-image\" src=\"https:\/\/soymigrante.com\/revista\/wp-content\/uploads\/2024\/03\/Captura-de-pantalla-2024-03-28-190341-1024x688.webp\" alt=\"Vista de la entrada de luz de una de las criptas del convento Santa Clara. Se percibe una frescura subterr\u00e1nea que contrasta con el calor del mediod\u00eda. Puerta lateral de las ruinas del convento de Santa Clara, en Antigua Guatemala. Foto Gustavo Montenegro\" \/><figcaption class=\"elementor-image-carousel-caption\">Vista de la entrada de luz de una de las criptas del convento Santa Clara. Se percibe una frescura subterr\u00e1nea que contrasta con el calor del mediod\u00eda. Puerta lateral de las ruinas del convento de Santa Clara, en Antigua Guatemala. Foto Gustavo Montenegro<\/figcaption><\/figure><\/div><div class=\"swiper-slide\" role=\"group\" aria-roledescription=\"slide\" aria-label=\"3 de 11\"><figure class=\"swiper-slide-inner\"><img decoding=\"async\" class=\"swiper-slide-image\" src=\"https:\/\/soymigrante.com\/revista\/wp-content\/uploads\/2024\/03\/Captura-de-pantalla-2024-03-28-190251-1024x680.webp\" alt=\"Ruinas de Santa Clara, en Antigua Guatemala\" \/><figcaption class=\"elementor-image-carousel-caption\">La labor del Consejo Nacional de Protecci\u00f3n de la Antigua Guatemala, CNPAG es crucial para la preservaci\u00f3n de este patrimonio.<\/figcaption><\/figure><\/div><div class=\"swiper-slide\" role=\"group\" aria-roledescription=\"slide\" aria-label=\"4 de 11\"><figure class=\"swiper-slide-inner\"><img decoding=\"async\" class=\"swiper-slide-image\" src=\"https:\/\/soymigrante.com\/revista\/wp-content\/uploads\/2024\/03\/Captura-de-pantalla-2024-03-28-190125-1024x682.webp\" alt=\"Vista de la entrada de luz de una de las criptas del convento Santa Clara. Se percibe una frescura subterr\u00e1nea que contrasta con el calor del mediod\u00eda. Puerta lateral de las ruinas del convento de Santa Clara, en Antigua Guatemala. Foto Gustavo Montenegro\" \/><figcaption class=\"elementor-image-carousel-caption\">Vista de la entrada de luz de una de las criptas del convento Santa Clara. Se percibe una frescura subterr\u00e1nea que contrasta con el calor del mediod\u00eda. Puerta lateral de las ruinas del convento de Santa Clara, en Antigua Guatemala. Foto Gustavo Montenegro<\/figcaption><\/figure><\/div><div class=\"swiper-slide\" role=\"group\" aria-roledescription=\"slide\" aria-label=\"5 de 11\"><figure class=\"swiper-slide-inner\"><img decoding=\"async\" class=\"swiper-slide-image\" src=\"https:\/\/soymigrante.com\/revista\/wp-content\/uploads\/2024\/03\/Captura-de-pantalla-2024-03-28-184854-1024x732.webp\" alt=\"Vista de la entrada de luz de una de las criptas del convento Santa Clara. Se percibe una frescura subterr\u00e1nea que contrasta con el calor del mediod\u00eda. Puerta lateral de las ruinas del convento de Santa Clara, en Antigua Guatemala. Foto Gustavo Montenegro\" \/><figcaption class=\"elementor-image-carousel-caption\">Vista de la entrada de luz de una de las criptas del convento Santa Clara. Se percibe una frescura subterr\u00e1nea que contrasta con el calor del mediod\u00eda. Puerta lateral de las ruinas del convento de Santa Clara, en Antigua Guatemala. Foto Gustavo Montenegro<\/figcaption><\/figure><\/div><div class=\"swiper-slide\" role=\"group\" aria-roledescription=\"slide\" aria-label=\"6 de 11\"><figure class=\"swiper-slide-inner\"><img decoding=\"async\" class=\"swiper-slide-image\" src=\"https:\/\/soymigrante.com\/revista\/wp-content\/uploads\/2024\/03\/Captura-de-pantalla-2024-03-28-184811-1024x666.webp\" alt=\"Vista de la entrada de luz de una de las criptas del convento Santa Clara. Se percibe una frescura subterr\u00e1nea que contrasta con el calor del mediod\u00eda. Puerta lateral de las ruinas del convento de Santa Clara, en Antigua Guatemala. Foto Gustavo Montenegro\" \/><figcaption class=\"elementor-image-carousel-caption\">Vista de la entrada de luz de una de las criptas del convento Santa Clara. Se percibe una frescura subterr\u00e1nea que contrasta con el calor del mediod\u00eda. Puerta lateral de las ruinas del convento de Santa Clara, en Antigua Guatemala. Foto Gustavo Montenegro<\/figcaption><\/figure><\/div><div class=\"swiper-slide\" role=\"group\" aria-roledescription=\"slide\" aria-label=\"7 de 11\"><figure class=\"swiper-slide-inner\"><img decoding=\"async\" class=\"swiper-slide-image\" src=\"https:\/\/soymigrante.com\/revista\/wp-content\/uploads\/2024\/03\/Captura-de-pantalla-2024-03-28-192133-1024x645.webp\" alt=\"Vista de la entrada de luz de una de las criptas del convento Santa Clara. Se percibe una frescura subterr\u00e1nea que contrasta con el calor del mediod\u00eda. Puerta lateral de las ruinas del convento de Santa Clara, en Antigua Guatemala. Foto Gustavo Montenegro\" \/><figcaption class=\"elementor-image-carousel-caption\">Vista de la entrada de luz de una de las criptas del convento Santa Clara. Se percibe una frescura subterr\u00e1nea que contrasta con el calor del mediod\u00eda. Puerta lateral de las ruinas del convento de Santa Clara, en Antigua Guatemala. Foto Gustavo Montenegro<\/figcaption><\/figure><\/div><div class=\"swiper-slide\" role=\"group\" aria-roledescription=\"slide\" aria-label=\"8 de 11\"><figure class=\"swiper-slide-inner\"><img decoding=\"async\" class=\"swiper-slide-image\" src=\"https:\/\/soymigrante.com\/revista\/wp-content\/uploads\/2024\/03\/Captura-de-pantalla-2024-03-28-191902-1024x651.webp\" alt=\"Vista de la entrada de luz de una de las criptas del convento Santa Clara. Se percibe una frescura subterr\u00e1nea que contrasta con el calor del mediod\u00eda. Puerta lateral de las ruinas del convento de Santa Clara, en Antigua Guatemala. Foto Gustavo Montenegro\" \/><figcaption class=\"elementor-image-carousel-caption\">Vista de la entrada de luz de una de las criptas del convento Santa Clara. Se percibe una frescura subterr\u00e1nea que contrasta con el calor del mediod\u00eda. Puerta lateral de las ruinas del convento de Santa Clara, en Antigua Guatemala. Foto Gustavo Montenegro<\/figcaption><\/figure><\/div><div class=\"swiper-slide\" role=\"group\" aria-roledescription=\"slide\" aria-label=\"9 de 11\"><figure class=\"swiper-slide-inner\"><img decoding=\"async\" class=\"swiper-slide-image\" src=\"https:\/\/soymigrante.com\/revista\/wp-content\/uploads\/2024\/03\/Captura-de-pantalla-2024-03-28-191820-1024x684.webp\" alt=\"Vista de la entrada de luz de una de las criptas del convento Santa Clara. Se percibe una frescura subterr\u00e1nea que contrasta con el calor del mediod\u00eda. Puerta lateral de las ruinas del convento de Santa Clara, en Antigua Guatemala. Foto Gustavo Montenegro\" \/><figcaption class=\"elementor-image-carousel-caption\">Vista de la entrada de luz de una de las criptas del convento Santa Clara. Se percibe una frescura subterr\u00e1nea que contrasta con el calor del mediod\u00eda. Puerta lateral de las ruinas del convento de Santa Clara, en Antigua Guatemala. Foto Gustavo Montenegro<\/figcaption><\/figure><\/div><div class=\"swiper-slide\" role=\"group\" aria-roledescription=\"slide\" aria-label=\"10 de 11\"><figure class=\"swiper-slide-inner\"><img decoding=\"async\" class=\"swiper-slide-image\" src=\"https:\/\/soymigrante.com\/revista\/wp-content\/uploads\/2024\/03\/Captura-de-pantalla-2024-03-28-191721-1024x688.webp\" alt=\"Vista de la entrada de luz de una de las criptas del convento Santa Clara. Se percibe una frescura subterr\u00e1nea que contrasta con el calor del mediod\u00eda. Puerta lateral de las ruinas del convento de Santa Clara, en Antigua Guatemala. Foto Gustavo Montenegro\" \/><figcaption class=\"elementor-image-carousel-caption\">Vista de la entrada de luz de una de las criptas del convento Santa Clara. Se percibe una frescura subterr\u00e1nea que contrasta con el calor del mediod\u00eda. Puerta lateral de las ruinas del convento de Santa Clara, en Antigua Guatemala. Foto Gustavo Montenegro<\/figcaption><\/figure><\/div><div class=\"swiper-slide\" role=\"group\" aria-roledescription=\"slide\" aria-label=\"11 de 11\"><figure class=\"swiper-slide-inner\"><img decoding=\"async\" class=\"swiper-slide-image\" src=\"https:\/\/soymigrante.com\/revista\/wp-content\/uploads\/2024\/03\/Captura-de-pantalla-2024-03-28-145059-1024x715.webp\" alt=\"Vista de la entrada de luz de una de las criptas del convento Santa Clara. Se percibe una frescura subterr\u00e1nea que contrasta con el calor del mediod\u00eda. Puerta lateral de las ruinas del convento de Santa Clara, en Antigua Guatemala. Foto Gustavo Montenegro\" \/><figcaption class=\"elementor-image-carousel-caption\">Vista de la entrada de luz de una de las criptas del convento Santa Clara. Se percibe una frescura subterr\u00e1nea que contrasta con el calor del mediod\u00eda. Puerta lateral de las ruinas del convento de Santa Clara, en Antigua Guatemala. Foto Gustavo Montenegro<\/figcaption><\/figure><\/div>\t\t\t<\/div>\n\t\t\t\t\t\t\t\t\t\t\t\t<div class=\"elementor-swiper-button elementor-swiper-button-prev\" role=\"button\" tabindex=\"0\">\n\t\t\t\t\t\t<i aria-hidden=\"true\" class=\"eicon-chevron-left\"><\/i>\t\t\t\t\t<\/div>\n\t\t\t\t\t<div class=\"elementor-swiper-button elementor-swiper-button-next\" role=\"button\" tabindex=\"0\">\n\t\t\t\t\t\t<i aria-hidden=\"true\" class=\"eicon-chevron-right\"><\/i>\t\t\t\t\t<\/div>\n\t\t\t\t\n\t\t\t\t\t\t\t\t\t<div class=\"swiper-pagination\"><\/div>\n\t\t\t\t\t\t\t\t\t<\/div>\n\t\t\t\t\t\t<\/div>\n\t\t\t\t\t<\/div>\n\t\t<\/div>\n\t\t\t\t\t<\/div>\n\t\t<\/section>\n\t\t\t\t<section data-particle_enable=\"false\" data-particle-mobile-disabled=\"false\" class=\"elementor-section elementor-top-section elementor-element elementor-element-1993341 elementor-section-boxed elementor-section-height-default elementor-section-height-default\" data-id=\"1993341\" data-element_type=\"section\" data-e-type=\"section\">\n\t\t\t\t\t\t<div class=\"elementor-container elementor-column-gap-default\">\n\t\t\t\t\t<div class=\"elementor-column elementor-col-100 elementor-top-column elementor-element elementor-element-178df5c\" data-id=\"178df5c\" data-element_type=\"column\" data-e-type=\"column\">\n\t\t\t<div class=\"elementor-widget-wrap elementor-element-populated\">\n\t\t\t\t\t\t<div class=\"elementor-element elementor-element-71f0669 elementor-widget elementor-widget-heading\" data-id=\"71f0669\" data-element_type=\"widget\" data-e-type=\"widget\" data-widget_type=\"heading.default\">\n\t\t\t\t\t<h3 class=\"elementor-heading-title elementor-size-default\">7. Costo y normas de acceso a<\/h3>\t\t\t\t<\/div>\n\t\t\t\t\t<\/div>\n\t\t<\/div>\n\t\t\t\t\t<\/div>\n\t\t<\/section>\n\t\t\t\t<section data-particle_enable=\"false\" data-particle-mobile-disabled=\"false\" class=\"elementor-section elementor-top-section elementor-element elementor-element-cd03458 elementor-section-boxed elementor-section-height-default elementor-section-height-default\" data-id=\"cd03458\" data-element_type=\"section\" data-e-type=\"section\">\n\t\t\t\t\t\t<div class=\"elementor-container elementor-column-gap-default\">\n\t\t\t\t\t<div class=\"elementor-column elementor-col-100 elementor-top-column elementor-element elementor-element-ace6e77\" data-id=\"ace6e77\" data-element_type=\"column\" data-e-type=\"column\">\n\t\t\t<div class=\"elementor-widget-wrap elementor-element-populated\">\n\t\t\t\t\t\t<div class=\"elementor-element elementor-element-ecf90df elementor-widget elementor-widget-text-editor\" data-id=\"ecf90df\" data-element_type=\"widget\" data-e-type=\"widget\" data-widget_type=\"text-editor.default\">\n\t\t\t\t\t\t\t\t\t<p>Para ingresar, el <a href=\"https:\/\/cnpag.com\/servicios\/\">Consejo Nacional de Protecci\u00f3n de Antigua Guatemala<\/a>\u00a0 cobra una tarifa que sirve para sufragar gastos. Estas var\u00edan de la siguiente forma.<\/p><ul><li><span style=\"color: var( --e-global-color-text );\">Turista Nacional Q5 (Si es un guatemalteco migrante que visita su pa\u00eds puede presentar su DPI para poder tener derecho a esta tarifa nacional)<\/span><\/li><li><span style=\"color: var( --e-global-color-text );\">Turista centroamericano Q15<\/span><\/li><li><span style=\"color: var( --e-global-color-text );\">Estudiante extranjero Q20<\/span><\/li><li><span style=\"color: var( --e-global-color-text );\">Turista extranjero Q40.\u00a0<\/span><\/li><\/ul><p><span style=\"color: var( --e-global-color-text );\">Dentro del conjunto monumental se pueden llevar alimentos pero est\u00e1 prohibido el consumo de bebidas alcoh\u00f3licas; la basura se la debe llevar el visitante; est\u00e1 prohibido el ingreso de mascotas, y armas; se debe tener una conducta correcta en este espacio.\u00a0<\/span><\/p><p><span style=\"color: var( --e-global-color-text );\"><b>Normas para fotograf\u00edas:<\/b><br \/><\/span><span style=\"color: var( --e-global-color-text );\">Se pueden tomar fotograf\u00edas personales o familiares en el interior. Pero si se desea efectuar fotograf\u00edas profesionalese para eventos como 15 a\u00f1os, casamientos o sesiones de modelaje, el permiso tiene un costo de Q1 mil.<\/span><\/p><p><span style=\"color: var( --e-global-color-text );\">El horario de visitas es de 9 a 17 horas, de lunes a domingo. S\u00f3lo se cierra en 1 de enero, 1 de noviembre, 24, 25 y 31 de diciembre.\u00a0<\/span><\/p><p>\u00a0<\/p>\t\t\t\t\t\t\t\t<\/div>\n\t\t\t\t\t<\/div>\n\t\t<\/div>\n\t\t\t\t\t<\/div>\n\t\t<\/section>\n\t\t\t\t<section data-particle_enable=\"false\" data-particle-mobile-disabled=\"false\" class=\"elementor-section elementor-top-section elementor-element elementor-element-f208b34 elementor-section-boxed elementor-section-height-default elementor-section-height-default\" data-id=\"f208b34\" data-element_type=\"section\" data-e-type=\"section\">\n\t\t\t\t\t\t<div class=\"elementor-container elementor-column-gap-default\">\n\t\t\t\t\t<div class=\"elementor-column elementor-col-100 elementor-top-column elementor-element elementor-element-6e32aad\" data-id=\"6e32aad\" data-element_type=\"column\" data-e-type=\"column\">\n\t\t\t<div class=\"elementor-widget-wrap elementor-element-populated\">\n\t\t\t\t\t\t<div class=\"elementor-element elementor-element-8c35855 elementor-widget elementor-widget-video\" data-id=\"8c35855\" data-element_type=\"widget\" data-e-type=\"widget\" data-settings=\"{&quot;youtube_url&quot;:&quot;https:\\\/\\\/www.youtube.com\\\/watch?v=ppaa9360_g4&quot;,&quot;video_type&quot;:&quot;youtube&quot;,&quot;controls&quot;:&quot;yes&quot;}\" data-widget_type=\"video.default\">\n\t\t\t\t\t\t\t<div class=\"elementor-wrapper elementor-open-inline\">\n\t\t\t<div class=\"elementor-video\"><\/div>\t\t<\/div>\n\t\t\t\t\t\t<\/div>\n\t\t\t\t\t<\/div>\n\t\t<\/div>\n\t\t\t\t\t<\/div>\n\t\t<\/section>\n\t\t\t\t<section data-particle_enable=\"false\" data-particle-mobile-disabled=\"false\" class=\"elementor-section elementor-top-section elementor-element elementor-element-e1f16cf elementor-section-boxed elementor-section-height-default elementor-section-height-default\" data-id=\"e1f16cf\" data-element_type=\"section\" data-e-type=\"section\">\n\t\t\t\t\t\t<div class=\"elementor-container elementor-column-gap-default\">\n\t\t\t\t\t<div class=\"elementor-column elementor-col-100 elementor-top-column elementor-element elementor-element-8c2b77b\" data-id=\"8c2b77b\" data-element_type=\"column\" data-e-type=\"column\">\n\t\t\t<div class=\"elementor-widget-wrap elementor-element-populated\">\n\t\t\t\t\t\t<div class=\"elementor-element elementor-element-c830405 elementor-widget-divider--view-line elementor-widget elementor-widget-divider\" data-id=\"c830405\" data-element_type=\"widget\" data-e-type=\"widget\" data-widget_type=\"divider.default\">\n\t\t\t\t\t\t\t<div class=\"elementor-divider\">\n\t\t\t<span class=\"elementor-divider-separator\">\n\t\t\t\t\t\t<\/span>\n\t\t<\/div>\n\t\t\t\t\t\t<\/div>\n\t\t\t\t\t<\/div>\n\t\t<\/div>\n\t\t\t\t\t<\/div>\n\t\t<\/section>\n\t\t\t\t<section data-particle_enable=\"false\" data-particle-mobile-disabled=\"false\" class=\"elementor-section elementor-top-section elementor-element elementor-element-7057f85e elementor-section-boxed elementor-section-height-default elementor-section-height-default\" data-id=\"7057f85e\" data-element_type=\"section\" data-e-type=\"section\">\n\t\t\t\t\t\t<div class=\"elementor-container elementor-column-gap-default\">\n\t\t\t\t\t<div class=\"elementor-column elementor-col-100 elementor-top-column elementor-element elementor-element-11aae07f\" data-id=\"11aae07f\" data-element_type=\"column\" data-e-type=\"column\">\n\t\t\t<div class=\"elementor-widget-wrap elementor-element-populated\">\n\t\t\t\t\t\t<div class=\"elementor-element elementor-element-948a7ac elementor-widget elementor-widget-heading\" data-id=\"948a7ac\" data-element_type=\"widget\" data-e-type=\"widget\" data-widget_type=\"heading.default\">\n\t\t\t\t\t<h2 class=\"elementor-heading-title elementor-size-default\">Guatemala se lleva a todas partes en el coraz\u00f3n y la memoria<\/h2>\t\t\t\t<\/div>\n\t\t\t\t\t<\/div>\n\t\t<\/div>\n\t\t\t\t\t<\/div>\n\t\t<\/section>\n\t\t\t\t<section data-particle_enable=\"false\" data-particle-mobile-disabled=\"false\" class=\"elementor-section elementor-top-section elementor-element elementor-element-6cf3cb01 elementor-section-boxed elementor-section-height-default elementor-section-height-default\" data-id=\"6cf3cb01\" data-element_type=\"section\" data-e-type=\"section\">\n\t\t\t\t\t\t<div class=\"elementor-container elementor-column-gap-default\">\n\t\t\t\t\t<div class=\"elementor-column elementor-col-100 elementor-top-column elementor-element elementor-element-75b88643\" data-id=\"75b88643\" data-element_type=\"column\" data-e-type=\"column\">\n\t\t\t<div class=\"elementor-widget-wrap elementor-element-populated\">\n\t\t\t\t\t\t<div class=\"elementor-element elementor-element-5d92ee57 elementor-widget elementor-widget-blfe-post-grid\" data-id=\"5d92ee57\" data-element_type=\"widget\" data-e-type=\"widget\" data-settings=\"{&quot;columns&quot;:&quot;3&quot;,&quot;columns_tablet&quot;:&quot;6&quot;,&quot;columns_mobile&quot;:&quot;12&quot;,&quot;hero1_layout_column_gap&quot;:{&quot;unit&quot;:&quot;px&quot;,&quot;size&quot;:30,&quot;sizes&quot;:[]},&quot;hero1_layout_column_gap_tablet&quot;:{&quot;unit&quot;:&quot;px&quot;,&quot;size&quot;:&quot;&quot;,&quot;sizes&quot;:[]},&quot;hero1_layout_column_gap_mobile&quot;:{&quot;unit&quot;:&quot;px&quot;,&quot;size&quot;:&quot;&quot;,&quot;sizes&quot;:[]},&quot;hero1_layout_row_gap&quot;:{&quot;unit&quot;:&quot;px&quot;,&quot;size&quot;:30,&quot;sizes&quot;:[]},&quot;hero1_layout_row_gap_tablet&quot;:{&quot;unit&quot;:&quot;px&quot;,&quot;size&quot;:&quot;&quot;,&quot;sizes&quot;:[]},&quot;hero1_layout_row_gap_mobile&quot;:{&quot;unit&quot;:&quot;px&quot;,&quot;size&quot;:&quot;&quot;,&quot;sizes&quot;:[]}}\" data-widget_type=\"blfe-post-grid.hero1\">\n\t\t\t\t<div class=\"elementor-widget-container\">\n\t\t\t\t\t\n                        <div class=\"blfe-post-grid-container \">\n            \n                <div data-skin=\"hero1\" class=\"blfe-row blfe-posts-inner blfe-hero1 blfe-posts-inner blfe-col-3 blfe-col-tab-6 blfe-col-mob-12     \">\n                            <div class=\"blfe-post-grid-item\">\n            <div class=\"blfe-post-grid-item-inner blfe-modern-zoom\">\n                        <div class=\"blfe-post-grid-bg-image\">\n            <a class=\"blfe-post-grid-image-inner\" href=\"https:\/\/soymigrante.com\/revista\/lee-y-escucha-el-mas-famoso-poema-a-la-marimba-guatemalteca\/\" title=\"Lee y escucha el m\u00e1s famoso poema a la Marimba, Instrumento Nacional de Guatemala\" rel=\"nofollow\" target=\"_blank\"><img decoding=\"async\" src=\"https:\/\/soymigrante.com\/revista\/wp-content\/uploads\/2025\/02\/marimba-dia-de-la-marimba.webp\" alt=\"Lee y escucha el m\u00e1s famoso poema a la Marimba, Instrumento Nacional de Guatemala\"\/><\/a>        <\/div>\n                        <div class=\"blfe-post-grid-details\">\n                    <div class=\"blfe-post-grid-details-inner\">\n                        <span class=\"blfe-post-category\"><a href=\"https:\/\/soymigrante.com\/revista\/category\/guate-nuestra\/arte-cultura\/\">Cultura de Guatemala<\/a><\/span>                        <h3 class=\"blfe-post-grid-title\">\n            <a href=\"https:\/\/soymigrante.com\/revista\/lee-y-escucha-el-mas-famoso-poema-a-la-marimba-guatemalteca\/\" title=\"Lee y escucha el m\u00e1s famoso poema a la Marimba, Instrumento Nacional de Guatemala\" rel=\"nofollow\" target=\"_blank\">Lee y escucha el m\u00e1s famoso poema a la Marimba, Instrumento Nacional de Guatemala<\/a>\n            <\/h3>                                                            <div class=\"blfe-post-grid-meta\">\n                <span class=\"blfe-post-grid-time\"><i class=\"fas fa-book-reader\"><\/i>2 Min read<\/span>            <\/div>\n                                                        <\/div>\n                <\/div>\n\n            <\/div>\n        <\/div>\n                <div class=\"blfe-post-grid-item\">\n            <div class=\"blfe-post-grid-item-inner blfe-modern-zoom\">\n                        <div class=\"blfe-post-grid-bg-image\">\n            <a class=\"blfe-post-grid-image-inner\" href=\"https:\/\/soymigrante.com\/revista\/monja-blanca-simbolo-patrio-guatemala-smithsonian-washington-exposicion\/\" title=\"La Monja Blanca, s\u00edmbolo de Guatemala, puede ser admirada en Washington D.C.\" rel=\"nofollow\" target=\"_blank\"><img decoding=\"async\" src=\"https:\/\/soymigrante.com\/revista\/wp-content\/uploads\/2024\/01\/Captura-de-pantalla-2024-01-29-164708.webp\" alt=\"La Monja Blanca, s\u00edmbolo de Guatemala, puede ser admirada en Washington D.C.\"\/><\/a>        <\/div>\n                        <div class=\"blfe-post-grid-details\">\n                    <div class=\"blfe-post-grid-details-inner\">\n                        <span class=\"blfe-post-category\"><a href=\"https:\/\/soymigrante.com\/revista\/category\/guate-nuestra\/\">Guate Nuestra<\/a><\/span>                        <h3 class=\"blfe-post-grid-title\">\n            <a href=\"https:\/\/soymigrante.com\/revista\/monja-blanca-simbolo-patrio-guatemala-smithsonian-washington-exposicion\/\" title=\"La Monja Blanca, s\u00edmbolo de Guatemala, puede ser admirada en Washington D.C.\" rel=\"nofollow\" target=\"_blank\">La Monja Blanca, s\u00edmbolo de Guatemala, puede ser admirada en Washington D.C.<\/a>\n            <\/h3>                                                            <div class=\"blfe-post-grid-meta\">\n                <span class=\"blfe-post-grid-time\"><i class=\"fas fa-book-reader\"><\/i>4 Min read<\/span>            <\/div>\n                                                        <\/div>\n                <\/div>\n\n            <\/div>\n        <\/div>\n                <div class=\"blfe-post-grid-item\">\n            <div class=\"blfe-post-grid-item-inner blfe-modern-zoom\">\n                        <div class=\"blfe-post-grid-bg-image\">\n            <a class=\"blfe-post-grid-image-inner\" href=\"https:\/\/soymigrante.com\/revista\/simbolos-patrios-de-guatemala-bandera-nacional\/\" title=\"La bandera Nacional de Guatemala: colores azul y blanco tambi\u00e9n son bicentenarios\" rel=\"nofollow\" target=\"_blank\"><img decoding=\"async\" src=\"https:\/\/soymigrante.com\/revista\/wp-content\/uploads\/2023\/10\/guatemaltecos-houston-1.webp\" alt=\"La bandera Nacional de Guatemala: colores azul y blanco tambi\u00e9n son bicentenarios\"\/><\/a>        <\/div>\n                        <div class=\"blfe-post-grid-details\">\n                    <div class=\"blfe-post-grid-details-inner\">\n                        <span class=\"blfe-post-category\"><a href=\"https:\/\/soymigrante.com\/revista\/category\/guate-nuestra\/\">Guate Nuestra<\/a><\/span>                        <h3 class=\"blfe-post-grid-title\">\n            <a href=\"https:\/\/soymigrante.com\/revista\/simbolos-patrios-de-guatemala-bandera-nacional\/\" title=\"La bandera Nacional de Guatemala: colores azul y blanco tambi\u00e9n son bicentenarios\" rel=\"nofollow\" target=\"_blank\">La bandera Nacional de Guatemala: colores azul y blanco tambi\u00e9n son bicentenarios<\/a>\n            <\/h3>                                                            <div class=\"blfe-post-grid-meta\">\n                <span class=\"blfe-post-grid-time\"><i class=\"fas fa-book-reader\"><\/i>7 Min read<\/span>            <\/div>\n                                                        <\/div>\n                <\/div>\n\n            <\/div>\n        <\/div>\n                        <\/div>\n\n                        <\/div>\n            \n                        <div class=\"blfe-post-footer\">\n                        <\/div>\n            \t\t\t\t<\/div>\n\t\t\t\t<\/div>\n\t\t\t\t\t<\/div>\n\t\t<\/div>\n\t\t\t\t\t<\/div>\n\t\t<\/section>\n\t\t\t\t<\/div>\n\t\t","protected":false},"excerpt":{"rendered":"<p>Maravilla colonial de Guatemala, la ruina del convento de Santa Clara desaf\u00eda a los siglos, sorprende la mirada del visitante y le invita a viajar en el tiempo. Estos son siete datos que quiz\u00e1 ya conoc\u00edas o tal vez no&#8230; Es una belleza, es una joya, es un lugar donde el tiempo se qued\u00f3 congelado. [&hellip;]<\/p>\n","protected":false},"author":7,"featured_media":5672,"comment_status":"open","ping_status":"open","sticky":false,"template":"","format":"standard","meta":{"_acf_changed":false,"_eb_attr":"","footnotes":""},"categories":[91,58],"tags":[288],"class_list":["post-5664","post","type-post","status-publish","format-standard","has-post-thumbnail","hentry","category-arte-cultura","category-guate-nuestra","tag-joyas-de-antigua-guatemala"],"acf":[],"aioseo_notices":[],"aioseo_head":"\n\t\t<!-- All in One SEO Pro 4.9.6.2 - aioseo.com -->\n\t<meta name=\"description\" content=\"S\u00edmbolo patrio de los guatemaltecos, dentro y fuera del pa\u00eds: la azul y blanco se luce con orgullo, con dignidad, con respeto y a menudo con nostalgia por la distancia, el tiempo y los ideales. Estos son algunos datos hist\u00f3ricos de la Bandera Nacional de Guatemala. Desde la declaraci\u00f3n de Independencia, en 1821, Guatemala ha\" \/>\n\t<meta name=\"robots\" content=\"max-snippet:-1, max-image-preview:large, max-video-preview:-1\" \/>\n\t<meta name=\"author\" content=\"Gustavo Montenegro\"\/>\n\t<link rel=\"canonical\" href=\"https:\/\/soymigrante.com\/revista\/joyas-de-antigua-guatemala-7-datos-de-las-ruinas-de-santa-clara\/\" \/>\n\t<meta name=\"generator\" content=\"All in One SEO Pro (AIOSEO) 4.9.6.2\" \/>\n\n\t\t<link rel=\"preconnect\" href=\"https:\/\/fonts.googleapis.com\" crossorigin>\n<link rel=\"preconnect\" href=\"https:\/\/fonts.gstatic.com\" crossorigin>\n\t\t<meta property=\"og:locale\" content=\"es_ES\" \/>\n\t\t<meta property=\"og:site_name\" content=\"SoyMigrante.com REVISTA \u2013 Nuestra misi\u00f3n es reconocer y dignificar al migrante.\" \/>\n\t\t<meta property=\"og:type\" content=\"article\" \/>\n\t\t<meta property=\"og:title\" content=\"Joyas de Antigua Guatemala: 7 datos de las ruinas del convento de Santa Clara\" \/>\n\t\t<meta property=\"og:description\" content=\"Maravilla colonial de Guatemala, la ruina del convento de Santa Clara desaf\u00eda a los siglos, sorprende la mirada del visitante y le invita a viajar en el tiempo. Estos son siete datos que quiz\u00e1 ya conoc\u00edas o tal vez no... Es una belleza, es una joya, es un lugar donde el tiempo se qued\u00f3 congelado.\" \/>\n\t\t<meta property=\"og:url\" content=\"https:\/\/soymigrante.com\/revista\/joyas-de-antigua-guatemala-7-datos-de-las-ruinas-de-santa-clara\/\" \/>\n\t\t<meta property=\"og:image\" content=\"https:\/\/soymigrante.com\/revista\/wp-content\/uploads\/2024\/03\/Captura-de-pantalla-2024-03-28-144931.webp\" \/>\n\t\t<meta property=\"og:image:secure_url\" content=\"https:\/\/soymigrante.com\/revista\/wp-content\/uploads\/2024\/03\/Captura-de-pantalla-2024-03-28-144931.webp\" \/>\n\t\t<meta property=\"og:image:width\" content=\"888\" \/>\n\t\t<meta property=\"og:image:height\" content=\"660\" \/>\n\t\t<meta property=\"article:published_time\" content=\"2024-11-17T20:13:38+00:00\" \/>\n\t\t<meta property=\"article:modified_time\" content=\"2026-02-11T22:36:49+00:00\" \/>\n\t\t<meta property=\"article:publisher\" content=\"https:\/\/www.facebook.com\/soymigrantecom\" \/>\n\t\t<meta name=\"twitter:card\" content=\"summary_large_image\" \/>\n\t\t<meta name=\"twitter:site\" content=\"@SoyMigrante_com\" \/>\n\t\t<meta name=\"twitter:title\" content=\"Joyas de Antigua Guatemala: 7 datos de las ruinas del convento de Santa Clara\" \/>\n\t\t<meta name=\"twitter:description\" content=\"Maravilla colonial de Guatemala, la ruina del convento de Santa Clara desaf\u00eda a los siglos, sorprende la mirada del visitante y le invita a viajar en el tiempo. Estos son siete datos que quiz\u00e1 ya conoc\u00edas o tal vez no... Es una belleza, es una joya, es un lugar donde el tiempo se qued\u00f3 congelado.\" \/>\n\t\t<meta name=\"twitter:creator\" content=\"@SoyMigrante_com\" \/>\n\t\t<meta name=\"twitter:image\" content=\"https:\/\/soymigrante.com\/revista\/wp-content\/uploads\/2024\/03\/Captura-de-pantalla-2024-03-28-144931.webp\" \/>\n\t\t<!-- All in One SEO Pro -->\r\n\t\t<title>Joyas de Antigua Guatemala: 7 datos de las ruinas del convento de Santa Clara<\/title>\n\n","aioseo_head_json":{"title":"Joyas de Antigua Guatemala: 7 datos de las ruinas del convento de Santa Clara","description":"Maravilla colonial de Guatemala, la ruina del convento de Santa Clara desaf\u00eda a los siglos, sorprende la mirada del visitante y le invita a viajar en el tiempo. Estos son siete datos que quiz\u00e1 ya conoc\u00edas o tal vez no... Es una belleza, es una joya, es un lugar donde el tiempo se qued\u00f3 congelado.","canonical_url":"https:\/\/soymigrante.com\/revista\/joyas-de-antigua-guatemala-7-datos-de-las-ruinas-de-santa-clara\/","robots":"max-snippet:-1, max-image-preview:large, max-video-preview:-1","keywords":"","webmasterTools":{"miscellaneous":"&lt;link rel=\"preconnect\" href=\"https:\/\/fonts.googleapis.com\" crossorigin&gt;\n&lt;link rel=\"preconnect\" href=\"https:\/\/fonts.gstatic.com\" crossorigin&gt;"},"schema":null,"og:locale":"es_ES","og:site_name":"SoyMigrante.com REVISTA \u2013 Nuestra misi\u00f3n es reconocer y dignificar al migrante.","og:type":"article","og:title":"Joyas de Antigua Guatemala: 7 datos de las ruinas del convento de Santa Clara","og:description":"Maravilla colonial de Guatemala, la ruina del convento de Santa Clara desaf\u00eda a los siglos, sorprende la mirada del visitante y le invita a viajar en el tiempo. Estos son siete datos que quiz\u00e1 ya conoc\u00edas o tal vez no... Es una belleza, es una joya, es un lugar donde el tiempo se qued\u00f3 congelado.","og:url":"https:\/\/soymigrante.com\/revista\/joyas-de-antigua-guatemala-7-datos-de-las-ruinas-de-santa-clara\/","og:image":"https:\/\/soymigrante.com\/revista\/wp-content\/uploads\/2024\/03\/Captura-de-pantalla-2024-03-28-144931.webp","og:image:secure_url":"https:\/\/soymigrante.com\/revista\/wp-content\/uploads\/2024\/03\/Captura-de-pantalla-2024-03-28-144931.webp","og:image:width":888,"og:image:height":660,"article:published_time":"2024-11-17T20:13:38+00:00","article:modified_time":"2026-02-11T22:36:49+00:00","article:publisher":"https:\/\/www.facebook.com\/soymigrantecom","twitter:card":"summary_large_image","twitter:site":"@SoyMigrante_com","twitter:title":"Joyas de Antigua Guatemala: 7 datos de las ruinas del convento de Santa Clara","twitter:description":"Maravilla colonial de Guatemala, la ruina del convento de Santa Clara desaf\u00eda a los siglos, sorprende la mirada del visitante y le invita a viajar en el tiempo. Estos son siete datos que quiz\u00e1 ya conoc\u00edas o tal vez no... Es una belleza, es una joya, es un lugar donde el tiempo se qued\u00f3 congelado.","twitter:creator":"@SoyMigrante_com","twitter:image":"https:\/\/soymigrante.com\/revista\/wp-content\/uploads\/2024\/03\/Captura-de-pantalla-2024-03-28-144931.webp"},"aioseo_meta_data":{"post_id":"5664","title":"#post_title","description":"#post_excerpt","keywords":null,"keyphrases":{"focus":{"keyphrase":"Antigua Guatemala","score":91,"analysis":{"keyphraseInTitle":{"score":9,"maxScore":9,"error":0},"keyphraseInDescription":{"score":9,"maxScore":9,"error":0},"keyphraseLength":{"score":9,"maxScore":9,"error":0,"length":2},"keyphraseInURL":{"score":5,"maxScore":5,"error":0},"keyphraseInIntroduction":{"score":9,"maxScore":9,"error":0},"keyphraseInSubHeadings":{"score":3,"maxScore":9,"error":1},"keyphraseInImageAlt":{"score":9,"maxScore":9,"error":0},"keywordDensity":{"type":"best","score":9,"maxScore":9,"error":0}}},"additional":[]},"primary_term":null,"canonical_url":null,"og_title":null,"og_description":null,"og_object_type":"default","og_image_type":"default","og_image_url":null,"og_image_width":null,"og_image_height":null,"og_image_custom_url":null,"og_image_custom_fields":null,"og_video":"","og_custom_url":null,"og_article_section":null,"og_article_tags":null,"twitter_use_og":false,"twitter_card":"default","twitter_image_type":"default","twitter_image_url":null,"twitter_image_custom_url":null,"twitter_image_custom_fields":null,"twitter_title":null,"twitter_description":null,"schema":{"blockGraphs":[],"customGraphs":[],"default":{"data":{"Article":[],"Course":[],"Dataset":[],"FAQPage":[],"Movie":[],"Person":[],"Product":[],"ProductReview":[],"Car":[],"Recipe":[],"Service":[],"SoftwareApplication":[],"WebPage":[]},"graphName":"none","isEnabled":true},"graphs":[]},"schema_type":"default","schema_type_options":null,"pillar_content":false,"robots_default":true,"robots_noindex":false,"robots_noarchive":false,"robots_nosnippet":false,"robots_nofollow":false,"robots_noimageindex":false,"robots_noodp":false,"robots_notranslate":false,"robots_max_snippet":"-1","robots_max_videopreview":"-1","robots_max_imagepreview":"large","priority":null,"frequency":"default","local_seo":null,"seo_analyzer_scan_date":"2026-02-13 17:07:49","breadcrumb_settings":null,"limit_modified_date":false,"reviewed_by":"0","open_ai":"{\"title\":{\"suggestions\":[],\"usage\":0},\"description\":{\"suggestions\":[],\"usage\":0}}","ai":{"faqs":[],"keyPoints":[],"titles":[],"descriptions":[],"socialPosts":{"email":[],"linkedin":[],"twitter":[],"facebook":[],"instagram":[]}},"created":"2024-03-28 20:22:26","updated":"2026-03-06 15:45:34"},"aioseo_breadcrumb":"<div class=\"aioseo-breadcrumbs\"><span class=\"aioseo-breadcrumb\">\n\t<a href=\"https:\/\/soymigrante.com\/revista\" title=\"Home\">Home<\/a>\n<\/span><span class=\"aioseo-breadcrumb-separator\">\u00bb<\/span><span class=\"aioseo-breadcrumb\">\n\t<a href=\"https:\/\/soymigrante.com\/revista\/category\/guate-nuestra\/\" title=\"Guate Nuestra\">Guate Nuestra<\/a>\n<\/span><span class=\"aioseo-breadcrumb-separator\">\u00bb<\/span><span class=\"aioseo-breadcrumb\">\n\t<a href=\"https:\/\/soymigrante.com\/revista\/category\/guate-nuestra\/arte-cultura\/\" title=\"Cultura de Guatemala\">Cultura de Guatemala<\/a>\n<\/span><span class=\"aioseo-breadcrumb-separator\">\u00bb<\/span><span class=\"aioseo-breadcrumb\">\n\tJoyas de Antigua Guatemala: 7 datos de las ruinas del convento de Santa Clara\n<\/span><\/div>","aioseo_breadcrumb_json":[{"label":"Home","link":"https:\/\/soymigrante.com\/revista"},{"label":"Guate Nuestra","link":"https:\/\/soymigrante.com\/revista\/category\/guate-nuestra\/"},{"label":"Cultura de Guatemala","link":"https:\/\/soymigrante.com\/revista\/category\/guate-nuestra\/arte-cultura\/"},{"label":"Joyas de Antigua Guatemala: 7 datos de las ruinas del convento de Santa Clara","link":"https:\/\/soymigrante.com\/revista\/joyas-de-antigua-guatemala-7-datos-de-las-ruinas-de-santa-clara\/"}],"_links":{"self":[{"href":"https:\/\/soymigrante.com\/revista\/wp-json\/wp\/v2\/posts\/5664","targetHints":{"allow":["GET"]}}],"collection":[{"href":"https:\/\/soymigrante.com\/revista\/wp-json\/wp\/v2\/posts"}],"about":[{"href":"https:\/\/soymigrante.com\/revista\/wp-json\/wp\/v2\/types\/post"}],"author":[{"embeddable":true,"href":"https:\/\/soymigrante.com\/revista\/wp-json\/wp\/v2\/users\/7"}],"replies":[{"embeddable":true,"href":"https:\/\/soymigrante.com\/revista\/wp-json\/wp\/v2\/comments?post=5664"}],"version-history":[{"count":7,"href":"https:\/\/soymigrante.com\/revista\/wp-json\/wp\/v2\/posts\/5664\/revisions"}],"predecessor-version":[{"id":45079,"href":"https:\/\/soymigrante.com\/revista\/wp-json\/wp\/v2\/posts\/5664\/revisions\/45079"}],"wp:featuredmedia":[{"embeddable":true,"href":"https:\/\/soymigrante.com\/revista\/wp-json\/wp\/v2\/media\/5672"}],"wp:attachment":[{"href":"https:\/\/soymigrante.com\/revista\/wp-json\/wp\/v2\/media?parent=5664"}],"wp:term":[{"taxonomy":"category","embeddable":true,"href":"https:\/\/soymigrante.com\/revista\/wp-json\/wp\/v2\/categories?post=5664"},{"taxonomy":"post_tag","embeddable":true,"href":"https:\/\/soymigrante.com\/revista\/wp-json\/wp\/v2\/tags?post=5664"}],"curies":[{"name":"wp","href":"https:\/\/api.w.org\/{rel}","templated":true}]}}