{"id":5589,"date":"2024-03-23T11:04:28","date_gmt":"2024-03-23T17:04:28","guid":{"rendered":"https:\/\/soymigrante.com\/revista\/?p=5589"},"modified":"2024-03-23T11:25:24","modified_gmt":"2024-03-23T17:25:24","slug":"semana-santa-guatemalteca-sin-fronteras-cruza-el-mar","status":"publish","type":"post","link":"https:\/\/soymigrante.com\/revista\/semana-santa-guatemalteca-sin-fronteras-cruza-el-mar\/","title":{"rendered":"Semana Santa guatemalteca sobrepasa fronteras"},"content":{"rendered":"\t\t<div data-elementor-type=\"wp-post\" data-elementor-id=\"5589\" class=\"elementor elementor-5589\" data-elementor-post-type=\"post\">\n\t\t\t\t\t\t<section data-particle_enable=\"false\" data-particle-mobile-disabled=\"false\" class=\"elementor-section elementor-top-section elementor-element elementor-element-d740c0a elementor-section-boxed elementor-section-height-default elementor-section-height-default\" data-id=\"d740c0a\" data-element_type=\"section\" data-e-type=\"section\">\n\t\t\t\t\t\t<div class=\"elementor-container elementor-column-gap-default\">\n\t\t\t\t\t<div class=\"elementor-column elementor-col-100 elementor-top-column elementor-element elementor-element-ead83f8\" data-id=\"ead83f8\" data-element_type=\"column\" data-e-type=\"column\">\n\t\t\t<div class=\"elementor-widget-wrap elementor-element-populated\">\n\t\t\t\t\t\t<div class=\"elementor-element elementor-element-8d53bcb elementor-widget elementor-widget-heading\" data-id=\"8d53bcb\" data-element_type=\"widget\" data-e-type=\"widget\" data-widget_type=\"heading.default\">\n\t\t\t\t\t<h2 class=\"elementor-heading-title elementor-size-default\">Devoci\u00f3n, piedad popular y tradici\u00f3n de la Semana Santa en Guatemala es reflejada en las fotograf\u00edas de Danny Gamboa, quien expuso su trabajo en Casa de Am\u00e9rica, Sevilla, Espa\u00f1a junto a otros guatemaltecos.<\/h2>\t\t\t\t<\/div>\n\t\t\t\t\t<\/div>\n\t\t<\/div>\n\t\t\t\t\t<\/div>\n\t\t<\/section>\n\t\t\t\t<section data-particle_enable=\"false\" data-particle-mobile-disabled=\"false\" class=\"elementor-section elementor-top-section elementor-element elementor-element-35137a7 elementor-section-boxed elementor-section-height-default elementor-section-height-default\" data-id=\"35137a7\" data-element_type=\"section\" data-e-type=\"section\">\n\t\t\t\t\t\t<div class=\"elementor-container elementor-column-gap-default\">\n\t\t\t\t\t<div class=\"elementor-column elementor-col-100 elementor-top-column elementor-element elementor-element-8d70b08\" data-id=\"8d70b08\" data-element_type=\"column\" data-e-type=\"column\">\n\t\t\t<div class=\"elementor-widget-wrap elementor-element-populated\">\n\t\t\t\t\t\t<div class=\"elementor-element elementor-element-b808993 elementor-widget elementor-widget-text-editor\" data-id=\"b808993\" data-element_type=\"widget\" data-e-type=\"widget\" data-widget_type=\"text-editor.default\">\n\t\t\t\t\t\t\t\t\t<p><b>Cr\u00e9dito de todas las fotograf\u00edas: Danny Gamboa, fot\u00f3grafo guatemalteco<\/b><\/p>\t\t\t\t\t\t\t\t<\/div>\n\t\t\t\t\t<\/div>\n\t\t<\/div>\n\t\t\t\t\t<\/div>\n\t\t<\/section>\n\t\t\t\t<section data-particle_enable=\"false\" data-particle-mobile-disabled=\"false\" class=\"elementor-section elementor-top-section elementor-element elementor-element-d76750a elementor-section-boxed elementor-section-height-default elementor-section-height-default\" data-id=\"d76750a\" data-element_type=\"section\" data-e-type=\"section\">\n\t\t\t\t\t\t<div class=\"elementor-container elementor-column-gap-default\">\n\t\t\t\t\t<div class=\"elementor-column elementor-col-100 elementor-top-column elementor-element elementor-element-0595b00\" data-id=\"0595b00\" data-element_type=\"column\" data-e-type=\"column\">\n\t\t\t<div class=\"elementor-widget-wrap elementor-element-populated\">\n\t\t\t\t\t\t<div class=\"elementor-element elementor-element-ab5f43f elementor-widget elementor-widget-text-editor\" data-id=\"ab5f43f\" data-element_type=\"widget\" data-e-type=\"widget\" data-widget_type=\"text-editor.default\">\n\t\t\t\t\t\t\t\t\t<p>A menudo no hay palabras para expresar las dimensiones que alcanca la piedad popular en la Semana Santa guatemalteca, Patrimonio Mundial de la Humanidad y es entonces cuando entran en juego las fotograf\u00edas de decenas de devotos y fot\u00f3grafos guatemaltecos.\u00a0<\/p><p>Uno de ellos es Danny Gamboa, quien con su lente captura momentos, rostros, im\u00e1genes de devoci\u00f3n, cortejos procesionales, de d\u00eda o de noche. Este arte lo llev\u00f3 a ser invitado a la Casa de Am\u00e9rica en Sevilla, Espa\u00f1a, para una exposici\u00f3n fotogr\u00e1fica sobre la Semana Santa Guatemalteca, junto con el tambi\u00e9n fot\u00f3grafo Sergio Cruz y el historiador Miguel \u00c1lvarez Ar\u00e9valo.<\/p><p>&#8220;En Guatemala la epoca de Cuaresma y Semana Santa se vive a nvel pa\u00eds. Esto significa que en los 340 municipios hay procesiones y actividades liturgicas relacionadas con la Semana Santa, la cual est\u00e1 muy arraigada en los guatemaltecos.\u00a0 Las redes sociales hay ayudado a que por medio de fotograf\u00edas y videos, la manifestacion de piedad popuar mas grande que se vive en el pa\u00eds, sea conoocida en otras partes del mundo y debido a las enormes andas, las coloridas alfombras y el misticismo com que se viven estos d\u00edas, tascienda fronteras&#8221;, explica Gamboa.<span style=\"color: var( --e-global-color-text );\">\u00a0<\/span><\/p><p>\u00a0<\/p>\t\t\t\t\t\t\t\t<\/div>\n\t\t\t\t\t<\/div>\n\t\t<\/div>\n\t\t\t\t\t<\/div>\n\t\t<\/section>\n\t\t\t\t<section data-particle_enable=\"false\" data-particle-mobile-disabled=\"false\" class=\"elementor-section elementor-top-section elementor-element elementor-element-c5f0c75 elementor-section-boxed elementor-section-height-default elementor-section-height-default\" data-id=\"c5f0c75\" data-element_type=\"section\" data-e-type=\"section\">\n\t\t\t\t\t\t<div class=\"elementor-container elementor-column-gap-default\">\n\t\t\t\t\t<div class=\"elementor-column elementor-col-100 elementor-top-column elementor-element elementor-element-d749fc6\" data-id=\"d749fc6\" data-element_type=\"column\" data-e-type=\"column\">\n\t\t\t<div class=\"elementor-widget-wrap elementor-element-populated\">\n\t\t\t\t\t\t<div class=\"elementor-element elementor-element-5ee30b7 elementor-widget elementor-widget-image\" data-id=\"5ee30b7\" data-element_type=\"widget\" data-e-type=\"widget\" data-widget_type=\"image.default\">\n\t\t\t\t\t\t\t\t\t\t\t\t<figure class=\"wp-caption\">\n\t\t\t\t\t\t\t\t\t\t<img fetchpriority=\"high\" decoding=\"async\" width=\"612\" height=\"795\" src=\"https:\/\/soymigrante.com\/revista\/wp-content\/uploads\/2024\/03\/Captura-de-pantalla-2024-03-23-104043.webp\" class=\"attachment-large size-large wp-image-5592\" alt=\"Vista de dron del paso de un cortejo procesional por el Arco de Correos, en la 12 calle y 7a. avenida de la zona 1. (Fotograf\u00eda cortes\u00eda de Danny Gamboa)\" srcset=\"https:\/\/soymigrante.com\/revista\/wp-content\/uploads\/2024\/03\/Captura-de-pantalla-2024-03-23-104043.webp 612w, https:\/\/soymigrante.com\/revista\/wp-content\/uploads\/2024\/03\/Captura-de-pantalla-2024-03-23-104043-231x300.webp 231w\" sizes=\"(max-width: 612px) 100vw, 612px\" title=\"Vista de dron del paso de un cortejo procesional por el Arco de Correos, en la 12 calle y 7a. avenida de la zona 1. (Fotograf\u00eda cortes\u00eda de Danny Gamboa) \u2013 SoyMigrante.com REVISTA\" \/>\t\t\t\t\t\t\t\t\t\t\t<figcaption class=\"widget-image-caption wp-caption-text\">Vista de dron del paso de un cortejo procesional por el Arco de Correos, en la 12 calle y 7a. avenida de la zona 1. (Fotograf\u00eda cortes\u00eda de Danny Gamboa)<\/figcaption>\n\t\t\t\t\t\t\t\t\t\t<\/figure>\n\t\t\t\t\t\t\t\t\t<\/div>\n\t\t\t\t\t<\/div>\n\t\t<\/div>\n\t\t\t\t\t<\/div>\n\t\t<\/section>\n\t\t\t\t<section data-particle_enable=\"false\" data-particle-mobile-disabled=\"false\" class=\"elementor-section elementor-top-section elementor-element elementor-element-d471da5 elementor-section-boxed elementor-section-height-default elementor-section-height-default\" data-id=\"d471da5\" data-element_type=\"section\" data-e-type=\"section\">\n\t\t\t\t\t\t<div class=\"elementor-container elementor-column-gap-default\">\n\t\t\t\t\t<div class=\"elementor-column elementor-col-100 elementor-top-column elementor-element elementor-element-b26c14a\" data-id=\"b26c14a\" data-element_type=\"column\" data-e-type=\"column\">\n\t\t\t<div class=\"elementor-widget-wrap elementor-element-populated\">\n\t\t\t\t\t\t<div class=\"elementor-element elementor-element-111768a elementor-widget elementor-widget-heading\" data-id=\"111768a\" data-element_type=\"widget\" data-e-type=\"widget\" data-widget_type=\"heading.default\">\n\t\t\t\t\t<h3 class=\"elementor-heading-title elementor-size-default\">Un objetivo siempre claro <\/h3>\t\t\t\t<\/div>\n\t\t\t\t\t<\/div>\n\t\t<\/div>\n\t\t\t\t\t<\/div>\n\t\t<\/section>\n\t\t\t\t<section data-particle_enable=\"false\" data-particle-mobile-disabled=\"false\" class=\"elementor-section elementor-top-section elementor-element elementor-element-3966606 elementor-section-boxed elementor-section-height-default elementor-section-height-default\" data-id=\"3966606\" data-element_type=\"section\" data-e-type=\"section\">\n\t\t\t\t\t\t<div class=\"elementor-container elementor-column-gap-default\">\n\t\t\t\t\t<div class=\"elementor-column elementor-col-100 elementor-top-column elementor-element elementor-element-7f52a09\" data-id=\"7f52a09\" data-element_type=\"column\" data-e-type=\"column\">\n\t\t\t<div class=\"elementor-widget-wrap elementor-element-populated\">\n\t\t\t\t\t\t<div class=\"elementor-element elementor-element-38ada3d elementor-widget elementor-widget-text-editor\" data-id=\"38ada3d\" data-element_type=\"widget\" data-e-type=\"widget\" data-widget_type=\"text-editor.default\">\n\t\t\t\t\t\t\t\t\t<p>&#8220;Como fotografo busco documentar la fe.\u00a0 Es algo intangible, pero que por medio de los solemnes cortejos, expresiones y momentos, busco transmitirlo por medio de mis fotograf\u00edas&#8221;, expone Gamboa, para quien la devoci\u00f3n de la cuaresma y Semana Santa guatemalteca tiene componentes para los cinco sentidos, pero sobre todo para el alma de los devotos.<\/p><p>A lo largo de su experiencia fotogr\u00e1fica, Gamboa se ha enfocado tambi\u00e9n en captar instantes de fe, rostros de la devoci\u00f3n y texturas que elevan el coraz\u00f3n.<\/p><div>\u00a0<\/div>\t\t\t\t\t\t\t\t<\/div>\n\t\t\t\t\t<\/div>\n\t\t<\/div>\n\t\t\t\t\t<\/div>\n\t\t<\/section>\n\t\t\t\t<section data-particle_enable=\"false\" data-particle-mobile-disabled=\"false\" class=\"elementor-section elementor-top-section elementor-element elementor-element-4cbf86b elementor-section-boxed elementor-section-height-default elementor-section-height-default\" data-id=\"4cbf86b\" data-element_type=\"section\" data-e-type=\"section\">\n\t\t\t\t\t\t<div class=\"elementor-container elementor-column-gap-default\">\n\t\t\t\t\t<div class=\"elementor-column elementor-col-100 elementor-top-column elementor-element elementor-element-c7ff881\" data-id=\"c7ff881\" data-element_type=\"column\" data-e-type=\"column\">\n\t\t\t<div class=\"elementor-widget-wrap elementor-element-populated\">\n\t\t\t\t\t\t<div class=\"elementor-element elementor-element-1aefcb4 elementor-widget elementor-widget-image\" data-id=\"1aefcb4\" data-element_type=\"widget\" data-e-type=\"widget\" data-widget_type=\"image.default\">\n\t\t\t\t\t\t\t\t\t\t\t\t<figure class=\"wp-caption\">\n\t\t\t\t\t\t\t\t\t\t<img decoding=\"async\" width=\"1024\" height=\"673\" src=\"https:\/\/soymigrante.com\/revista\/wp-content\/uploads\/2024\/03\/Captura-de-pantalla-2024-03-22-124936-1024x673.webp\" class=\"attachment-large size-large wp-image-5593\" alt=\"No solo en los grandes cortejos, sino tambi\u00e9n en las expresiones de piedad de los pueblos hay gran riqueza de matices y momentos de inspiraci\u00f3n espiritual. Cortejo de San Antonio Aguascalientes, Sacatep\u00e9quez (Fotograf\u00eda Danny Gamboa)\" srcset=\"https:\/\/soymigrante.com\/revista\/wp-content\/uploads\/2024\/03\/Captura-de-pantalla-2024-03-22-124936-1024x673.webp 1024w, https:\/\/soymigrante.com\/revista\/wp-content\/uploads\/2024\/03\/Captura-de-pantalla-2024-03-22-124936-300x197.webp 300w, https:\/\/soymigrante.com\/revista\/wp-content\/uploads\/2024\/03\/Captura-de-pantalla-2024-03-22-124936-768x505.webp 768w, https:\/\/soymigrante.com\/revista\/wp-content\/uploads\/2024\/03\/Captura-de-pantalla-2024-03-22-124936-750x493.webp 750w, https:\/\/soymigrante.com\/revista\/wp-content\/uploads\/2024\/03\/Captura-de-pantalla-2024-03-22-124936-1140x749.webp 1140w, https:\/\/soymigrante.com\/revista\/wp-content\/uploads\/2024\/03\/Captura-de-pantalla-2024-03-22-124936.webp 1205w\" sizes=\"(max-width: 1024px) 100vw, 1024px\" title=\"No solo en los grandes cortejos, sino tambi\u00e9n en las expresiones de piedad de los pueblos hay gran riqueza de matices y momentos de inspiraci\u00f3n espiritual. Cortejo de San Antonio Aguascalientes, Sacatep\u00e9quez (Fotograf\u00eda Danny Gamboa) \u2013 SoyMigrante.com REVISTA\" \/>\t\t\t\t\t\t\t\t\t\t\t<figcaption class=\"widget-image-caption wp-caption-text\">No solo en los grandes cortejos, sino tambi\u00e9n en las expresiones de piedad de los pueblos hay gran riqueza de matices y momentos de inspiraci\u00f3n espiritual. Cortejo de San Antonio Aguascalientes, Sacatep\u00e9quez (Fotograf\u00eda Danny Gamboa)<\/figcaption>\n\t\t\t\t\t\t\t\t\t\t<\/figure>\n\t\t\t\t\t\t\t\t\t<\/div>\n\t\t\t\t\t<\/div>\n\t\t<\/div>\n\t\t\t\t\t<\/div>\n\t\t<\/section>\n\t\t\t\t<section data-particle_enable=\"false\" data-particle-mobile-disabled=\"false\" class=\"elementor-section elementor-top-section elementor-element elementor-element-c4183a6 elementor-section-boxed elementor-section-height-default elementor-section-height-default\" data-id=\"c4183a6\" data-element_type=\"section\" data-e-type=\"section\">\n\t\t\t\t\t\t<div class=\"elementor-container elementor-column-gap-default\">\n\t\t\t\t\t<div class=\"elementor-column elementor-col-100 elementor-top-column elementor-element elementor-element-8078aa9\" data-id=\"8078aa9\" data-element_type=\"column\" data-e-type=\"column\">\n\t\t\t<div class=\"elementor-widget-wrap elementor-element-populated\">\n\t\t\t\t\t\t<div class=\"elementor-element elementor-element-7ff1518 elementor-widget elementor-widget-heading\" data-id=\"7ff1518\" data-element_type=\"widget\" data-e-type=\"widget\" data-widget_type=\"heading.default\">\n\t\t\t\t\t<h3 class=\"elementor-heading-title elementor-size-default\">Espiritualidad es la inspiraci\u00f3n<\/h3>\t\t\t\t<\/div>\n\t\t\t\t\t<\/div>\n\t\t<\/div>\n\t\t\t\t\t<\/div>\n\t\t<\/section>\n\t\t\t\t<section data-particle_enable=\"false\" data-particle-mobile-disabled=\"false\" class=\"elementor-section elementor-top-section elementor-element elementor-element-80b1535 elementor-section-boxed elementor-section-height-default elementor-section-height-default\" data-id=\"80b1535\" data-element_type=\"section\" data-e-type=\"section\">\n\t\t\t\t\t\t<div class=\"elementor-container elementor-column-gap-default\">\n\t\t\t\t\t<div class=\"elementor-column elementor-col-100 elementor-top-column elementor-element elementor-element-ca90c19\" data-id=\"ca90c19\" data-element_type=\"column\" data-e-type=\"column\">\n\t\t\t<div class=\"elementor-widget-wrap elementor-element-populated\">\n\t\t\t\t\t\t<div class=\"elementor-element elementor-element-36eaf21 elementor-widget elementor-widget-text-editor\" data-id=\"36eaf21\" data-element_type=\"widget\" data-e-type=\"widget\" data-widget_type=\"text-editor.default\">\n\t\t\t\t\t\t\t\t\t<p>&#8220;La devoci\u00f3n de la Cuaresma guatemalteca est\u00e1 hecha por el sentir de cada devoto, que por medio oraci\u00f3n y penitencia, busca trascender en su fe.\u00a0 \u00a0La suma de cada uno, genera masas, las cuales se ven reflejadas en los cortejos procesionales, ya sean grandes o peque\u00f1os, porque el fin es uno solo&#8230; Abrir nuestra vida a un Cristo vivo para que more en notros&#8221;, agrega el fot\u00f3grafo, quien el 20 de marzo de 2024 present\u00f3 una conferencia sobre la Semana Santa Guatemala, ilustrada con algunas de sus fotograf\u00edas, que tambi\u00e9n se encuentran expuestas en la Casa de Am\u00e9rica de Sevilla.\u00a0<\/p><p>Los aspectos reflejados son de ese encuentro de humanidad y espiritualidad, que incluye el colorido de la indumentaria pero tambi\u00e9n de<a href=\"https:\/\/soymigrante.com\/revista\/antigua-guatemala-alfombras-serrin-semana-santa-fe-tradicion\/\"> las alfombras que se elaboran en las calles.<\/a><\/p>\t\t\t\t\t\t\t\t<\/div>\n\t\t\t\t\t<\/div>\n\t\t<\/div>\n\t\t\t\t\t<\/div>\n\t\t<\/section>\n\t\t\t\t<section data-particle_enable=\"false\" data-particle-mobile-disabled=\"false\" class=\"elementor-section elementor-top-section elementor-element elementor-element-de91ef9 elementor-section-boxed elementor-section-height-default elementor-section-height-default\" data-id=\"de91ef9\" data-element_type=\"section\" data-e-type=\"section\">\n\t\t\t\t\t\t<div class=\"elementor-container elementor-column-gap-default\">\n\t\t\t\t\t<div class=\"elementor-column elementor-col-100 elementor-top-column elementor-element elementor-element-e0f2925\" data-id=\"e0f2925\" data-element_type=\"column\" data-e-type=\"column\">\n\t\t\t<div class=\"elementor-widget-wrap elementor-element-populated\">\n\t\t\t\t\t\t<div class=\"elementor-element elementor-element-2b83f84 elementor-widget elementor-widget-image\" data-id=\"2b83f84\" data-element_type=\"widget\" data-e-type=\"widget\" data-widget_type=\"image.default\">\n\t\t\t\t\t\t\t\t\t\t\t\t<figure class=\"wp-caption\">\n\t\t\t\t\t\t\t\t\t\t<img decoding=\"async\" width=\"532\" height=\"790\" src=\"https:\/\/soymigrante.com\/revista\/wp-content\/uploads\/2024\/03\/Captura-de-pantalla-2024-03-23-104144.webp\" class=\"attachment-large size-large wp-image-5594\" alt=\"Cada momento esconde un instante de oraci\u00f3n, devoci\u00f3n e inocencia. (Fotograf\u00eda Danny Gamboa)\" srcset=\"https:\/\/soymigrante.com\/revista\/wp-content\/uploads\/2024\/03\/Captura-de-pantalla-2024-03-23-104144.webp 532w, https:\/\/soymigrante.com\/revista\/wp-content\/uploads\/2024\/03\/Captura-de-pantalla-2024-03-23-104144-202x300.webp 202w\" sizes=\"(max-width: 532px) 100vw, 532px\" title=\"Cada momento esconde un instante de oraci\u00f3n, devoci\u00f3n e inocencia. (Fotograf\u00eda Danny Gamboa) \u2013 SoyMigrante.com REVISTA\" \/>\t\t\t\t\t\t\t\t\t\t\t<figcaption class=\"widget-image-caption wp-caption-text\">Cada momento esconde un instante de oraci\u00f3n, devoci\u00f3n e inocencia. (Fotograf\u00eda Danny Gamboa)<\/figcaption>\n\t\t\t\t\t\t\t\t\t\t<\/figure>\n\t\t\t\t\t\t\t\t\t<\/div>\n\t\t\t\t\t<\/div>\n\t\t<\/div>\n\t\t\t\t\t<\/div>\n\t\t<\/section>\n\t\t\t\t<section data-particle_enable=\"false\" data-particle-mobile-disabled=\"false\" class=\"elementor-section elementor-top-section elementor-element elementor-element-f7a537b elementor-section-boxed elementor-section-height-default elementor-section-height-default\" data-id=\"f7a537b\" data-element_type=\"section\" data-e-type=\"section\">\n\t\t\t\t\t\t<div class=\"elementor-container elementor-column-gap-default\">\n\t\t\t\t\t<div class=\"elementor-column elementor-col-100 elementor-top-column elementor-element elementor-element-176054e\" data-id=\"176054e\" data-element_type=\"column\" data-e-type=\"column\">\n\t\t\t<div class=\"elementor-widget-wrap elementor-element-populated\">\n\t\t\t\t\t\t<div class=\"elementor-element elementor-element-0dff5e1 elementor-widget elementor-widget-heading\" data-id=\"0dff5e1\" data-element_type=\"widget\" data-e-type=\"widget\" data-widget_type=\"heading.default\">\n\t\t\t\t\t<h3 class=\"elementor-heading-title elementor-size-default\">Semana Santa guatemalteca sobrepasa fronteras<\/h3>\t\t\t\t<\/div>\n\t\t\t\t\t<\/div>\n\t\t<\/div>\n\t\t\t\t\t<\/div>\n\t\t<\/section>\n\t\t\t\t<section data-particle_enable=\"false\" data-particle-mobile-disabled=\"false\" class=\"elementor-section elementor-top-section elementor-element elementor-element-f32c9ad elementor-section-boxed elementor-section-height-default elementor-section-height-default\" data-id=\"f32c9ad\" data-element_type=\"section\" data-e-type=\"section\">\n\t\t\t\t\t\t<div class=\"elementor-container elementor-column-gap-default\">\n\t\t\t\t\t<div class=\"elementor-column elementor-col-100 elementor-top-column elementor-element elementor-element-b30873b\" data-id=\"b30873b\" data-element_type=\"column\" data-e-type=\"column\">\n\t\t\t<div class=\"elementor-widget-wrap elementor-element-populated\">\n\t\t\t\t\t\t<div class=\"elementor-element elementor-element-e20be4c elementor-widget elementor-widget-text-editor\" data-id=\"e20be4c\" data-element_type=\"widget\" data-e-type=\"widget\" data-widget_type=\"text-editor.default\">\n\t\t\t\t\t\t\t\t\t<p>&#8220;Estar exponiendo mis fotograf\u00edas\u00a0 en Sevilla ha sido un enorme reto y un gran logro no solo para nosotros como fot\u00f3grafos, sino tambi\u00e9n para Guatemala.\u00a0 \u00a0La Semana Santa en nuestro pa\u00eds ha dejado de ser un tema puramente religioso y se ha ido transformando tambi\u00e9n en algo cultural, as\u00ed que presentar al mundo &#8220;M\u00edstica Semana Santa guatemalteca&#8221; muestra c\u00f3mo vivimos nosotros una Semana Santa que nos hace grandes, que muestra el misticisimo, la solemnidad y la ideosincracia propias de un pa\u00eds con influencia espa\u00f1ola, pero raices propias&#8221;, explica el fot\u00f3grafo.\u00a0\u00a0<\/p><p>Es asi como la Semana Santa Guatemalteca tiene muchas dimensiones: social, cultural, religiosa e incluso a<a href=\"https:\/\/soymigrante.com\/revista\/chapines-food-comida-guatemalteca-antojitos\/\"> trav\u00e9s de sabores de comidas y bebidas de la \u00e9p\u00f3ca.<\/a><\/p><p>&#8220;La idea es que\u00a0 conozcan y sepan que Guatemala ofrece una conmemoraci\u00f3n digna de ser visitada.\u00a0 Tanto rgio como yo estamos orgullosos de lo que estamos logrando, ya que el Archivo General de Indias recibe en d\u00edas normales, al rededor de 2,000 visitas, pero en Semana Santa esta cantidad se triplica, seg\u00fan nos comenta la Directora del Archivo., por lo que estamos seguros que estaremos ante los ojos de miles de personas de todas partes del mundo&#8221;, agrega.<\/p>\t\t\t\t\t\t\t\t<\/div>\n\t\t\t\t\t<\/div>\n\t\t<\/div>\n\t\t\t\t\t<\/div>\n\t\t<\/section>\n\t\t\t\t<section data-particle_enable=\"false\" data-particle-mobile-disabled=\"false\" class=\"elementor-section elementor-top-section elementor-element elementor-element-96ca76a elementor-section-boxed elementor-section-height-default elementor-section-height-default\" data-id=\"96ca76a\" data-element_type=\"section\" data-e-type=\"section\">\n\t\t\t\t\t\t<div class=\"elementor-container elementor-column-gap-default\">\n\t\t\t\t\t<div class=\"elementor-column elementor-col-100 elementor-top-column elementor-element elementor-element-8c94eae\" data-id=\"8c94eae\" data-element_type=\"column\" data-e-type=\"column\">\n\t\t\t<div class=\"elementor-widget-wrap elementor-element-populated\">\n\t\t\t\t\t\t<div class=\"elementor-element elementor-element-8aa7491 elementor-widget elementor-widget-image\" data-id=\"8aa7491\" data-element_type=\"widget\" data-e-type=\"widget\" data-widget_type=\"image.default\">\n\t\t\t\t\t\t\t\t\t\t\t\t<figure class=\"wp-caption\">\n\t\t\t\t\t\t\t\t\t\t<img loading=\"lazy\" decoding=\"async\" width=\"542\" height=\"512\" src=\"https:\/\/soymigrante.com\/revista\/wp-content\/uploads\/2024\/03\/Captura-de-pantalla-2024-03-23-101102.webp\" class=\"attachment-large size-large wp-image-5595\" alt=\"El fot\u00f3grafo guatemalteco Danny Gamboa, en Sevilla, Espa\u00f1a, junto al afiche de la exposici\u00f3n que se encuentra abierta en la Casa de Am\u00e9rica hasta el 30 de marzo. (Fotograf\u00eda FB Danny Gamboa)\" srcset=\"https:\/\/soymigrante.com\/revista\/wp-content\/uploads\/2024\/03\/Captura-de-pantalla-2024-03-23-101102.webp 542w, https:\/\/soymigrante.com\/revista\/wp-content\/uploads\/2024\/03\/Captura-de-pantalla-2024-03-23-101102-300x283.webp 300w\" sizes=\"(max-width: 542px) 100vw, 542px\" title=\"El fot\u00f3grafo guatemalteco Danny Gamboa, en Sevilla, Espa\u00f1a, junto al afiche de la exposici\u00f3n que se encuentra abierta en la Casa de Am\u00e9rica hasta el 30 de marzo. (Fotograf\u00eda FB Danny Gamboa) \u2013 SoyMigrante.com REVISTA\" \/>\t\t\t\t\t\t\t\t\t\t\t<figcaption class=\"widget-image-caption wp-caption-text\">El fot\u00f3grafo guatemalteco Danny Gamboa, en Sevilla, Espa\u00f1a, junto al afiche de la exposici\u00f3n que se encuentra abierta en la Casa de Am\u00e9rica hasta el 30 de marzo. (Fotograf\u00eda FB Danny Gamboa)<\/figcaption>\n\t\t\t\t\t\t\t\t\t\t<\/figure>\n\t\t\t\t\t\t\t\t\t<\/div>\n\t\t\t\t\t<\/div>\n\t\t<\/div>\n\t\t\t\t\t<\/div>\n\t\t<\/section>\n\t\t\t\t<section data-particle_enable=\"false\" data-particle-mobile-disabled=\"false\" class=\"elementor-section elementor-top-section elementor-element elementor-element-eef0cf1 elementor-section-boxed elementor-section-height-default elementor-section-height-default\" data-id=\"eef0cf1\" data-element_type=\"section\" data-e-type=\"section\">\n\t\t\t\t\t\t<div class=\"elementor-container elementor-column-gap-default\">\n\t\t\t\t\t<div class=\"elementor-column elementor-col-100 elementor-top-column elementor-element elementor-element-eb89e2e\" data-id=\"eb89e2e\" data-element_type=\"column\" data-e-type=\"column\">\n\t\t\t<div class=\"elementor-widget-wrap elementor-element-populated\">\n\t\t\t\t\t\t<div class=\"elementor-element elementor-element-dcd053b elementor-widget elementor-widget-facebook-page\" data-id=\"dcd053b\" data-element_type=\"widget\" data-e-type=\"widget\" data-widget_type=\"facebook-page.default\">\n\t\t\t\t\t<div class=\"elementor-facebook-widget fb-page\" data-href=\"https:\/\/www.facebook.com\/profile.php?id=100092280083427&amp;sk=photos_by\" data-tabs=\"timeline\" data-height=\"500px\" data-width=\"500px\" data-small-header=\"false\" data-hide-cover=\"false\" data-show-facepile=\"true\" data-hide-cta=\"false\" style=\"min-height: 1px;height:500px\"><\/div>\t\t\t\t<\/div>\n\t\t\t\t\t<\/div>\n\t\t<\/div>\n\t\t\t\t\t<\/div>\n\t\t<\/section>\n\t\t\t\t<section data-particle_enable=\"false\" data-particle-mobile-disabled=\"false\" class=\"elementor-section elementor-top-section elementor-element elementor-element-4009cf5 elementor-section-boxed elementor-section-height-default elementor-section-height-default\" data-id=\"4009cf5\" data-element_type=\"section\" data-e-type=\"section\">\n\t\t\t\t\t\t<div class=\"elementor-container elementor-column-gap-default\">\n\t\t\t\t\t<div class=\"elementor-column elementor-col-100 elementor-top-column elementor-element elementor-element-2aa75d2\" data-id=\"2aa75d2\" data-element_type=\"column\" data-e-type=\"column\">\n\t\t\t<div class=\"elementor-widget-wrap elementor-element-populated\">\n\t\t\t\t\t\t<div class=\"elementor-element elementor-element-02c9a00 elementor-widget elementor-widget-text-editor\" data-id=\"02c9a00\" data-element_type=\"widget\" data-e-type=\"widget\" data-widget_type=\"text-editor.default\">\n\t\t\t\t\t\t\t\t\t<p>Danny Gamboa es un fot\u00f3grafo guatemalteco con dos d\u00e9cadas de trayectoria. Ha trabajado de todo tipo de fotograf\u00eda: publicitaria, arquitect\u00f3nica, paisaj\u00edstica pero sin duda alguna retratar la Semana Santa Guatemalteca es una de sus grandes pasiones.\u00a0 <a href=\"https:\/\/soymigrante.com\/revista\/porque-nos-dicen-chapines-a-los-guatemaltecos\/\">Reflejar ese ser de los chapines <\/a>marca un importante tono en su obra.<\/p><p>Ha recibido m\u00faltiples reconocimientos y premios. La exposici\u00f3n en Sevilla, Espa\u00f1a es para \u00e9l un hito con el que busca presentar este conjunto de tradiciones \u00fanico en el mundo precisament en el lugar de donde surgieron algunas de sus ra\u00edces, hoy transformadas y ampliadas de una manera inigualable-<\/p>\t\t\t\t\t\t\t\t<\/div>\n\t\t\t\t\t<\/div>\n\t\t<\/div>\n\t\t\t\t\t<\/div>\n\t\t<\/section>\n\t\t\t\t<section data-particle_enable=\"false\" data-particle-mobile-disabled=\"false\" class=\"elementor-section elementor-top-section elementor-element elementor-element-8558811 elementor-section-boxed elementor-section-height-default elementor-section-height-default\" data-id=\"8558811\" data-element_type=\"section\" data-e-type=\"section\">\n\t\t\t\t\t\t<div class=\"elementor-container elementor-column-gap-default\">\n\t\t\t\t\t<div class=\"elementor-column elementor-col-100 elementor-top-column elementor-element elementor-element-4a1ee83\" data-id=\"4a1ee83\" data-element_type=\"column\" data-e-type=\"column\">\n\t\t\t<div class=\"elementor-widget-wrap elementor-element-populated\">\n\t\t\t\t\t\t<div class=\"elementor-element elementor-element-36e79a4 elementor-widget elementor-widget-heading\" data-id=\"36e79a4\" data-element_type=\"widget\" data-e-type=\"widget\" data-widget_type=\"heading.default\">\n\t\t\t\t\t<h3 class=\"elementor-heading-title elementor-size-default\">Este es el video de la exposici\u00f3n de M\u00edstica Semana Santa Guatemalteca <\/h3>\t\t\t\t<\/div>\n\t\t\t\t\t<\/div>\n\t\t<\/div>\n\t\t\t\t\t<\/div>\n\t\t<\/section>\n\t\t\t\t<section data-particle_enable=\"false\" data-particle-mobile-disabled=\"false\" class=\"elementor-section elementor-top-section elementor-element elementor-element-2a38eee elementor-section-boxed elementor-section-height-default elementor-section-height-default\" data-id=\"2a38eee\" data-element_type=\"section\" data-e-type=\"section\">\n\t\t\t\t\t\t<div class=\"elementor-container elementor-column-gap-default\">\n\t\t\t\t\t<div class=\"elementor-column elementor-col-100 elementor-top-column elementor-element elementor-element-83a5425\" data-id=\"83a5425\" data-element_type=\"column\" data-e-type=\"column\">\n\t\t\t<div class=\"elementor-widget-wrap elementor-element-populated\">\n\t\t\t\t\t\t<div class=\"elementor-element elementor-element-150a52b elementor-widget elementor-widget-facebook-embed\" data-id=\"150a52b\" data-element_type=\"widget\" data-e-type=\"widget\" data-widget_type=\"facebook-embed.default\">\n\t\t\t\t\t<div style=\"min-height: 1px\" class=\"elementor-facebook-widget fb-video\" data-href=\"https:\/\/www.facebook.com\/100092280083427\/videos\/321373750945235\" data-show-text=\"false\" data-allowfullscreen=\"false\" data-autoplay=\"false\" data-show-captions=\"false\"><\/div>\t\t\t\t<\/div>\n\t\t\t\t\t<\/div>\n\t\t<\/div>\n\t\t\t\t\t<\/div>\n\t\t<\/section>\n\t\t\t\t<section data-particle_enable=\"false\" data-particle-mobile-disabled=\"false\" class=\"elementor-section elementor-top-section elementor-element elementor-element-428ca72 elementor-section-boxed elementor-section-height-default elementor-section-height-default\" data-id=\"428ca72\" data-element_type=\"section\" data-e-type=\"section\">\n\t\t\t\t\t\t<div class=\"elementor-container elementor-column-gap-default\">\n\t\t\t\t\t<div class=\"elementor-column elementor-col-100 elementor-top-column elementor-element elementor-element-2d9386a\" data-id=\"2d9386a\" data-element_type=\"column\" data-e-type=\"column\">\n\t\t\t<div class=\"elementor-widget-wrap elementor-element-populated\">\n\t\t\t\t\t\t<div class=\"elementor-element elementor-element-b9c2e4c elementor-widget elementor-widget-blfe-post-grid\" data-id=\"b9c2e4c\" data-element_type=\"widget\" data-e-type=\"widget\" data-settings=\"{&quot;columns&quot;:&quot;3&quot;,&quot;columns_tablet&quot;:&quot;6&quot;,&quot;columns_mobile&quot;:&quot;12&quot;,&quot;hero1_layout_column_gap&quot;:{&quot;unit&quot;:&quot;px&quot;,&quot;size&quot;:30,&quot;sizes&quot;:[]},&quot;hero1_layout_column_gap_tablet&quot;:{&quot;unit&quot;:&quot;px&quot;,&quot;size&quot;:&quot;&quot;,&quot;sizes&quot;:[]},&quot;hero1_layout_column_gap_mobile&quot;:{&quot;unit&quot;:&quot;px&quot;,&quot;size&quot;:&quot;&quot;,&quot;sizes&quot;:[]},&quot;hero1_layout_row_gap&quot;:{&quot;unit&quot;:&quot;px&quot;,&quot;size&quot;:30,&quot;sizes&quot;:[]},&quot;hero1_layout_row_gap_tablet&quot;:{&quot;unit&quot;:&quot;px&quot;,&quot;size&quot;:&quot;&quot;,&quot;sizes&quot;:[]},&quot;hero1_layout_row_gap_mobile&quot;:{&quot;unit&quot;:&quot;px&quot;,&quot;size&quot;:&quot;&quot;,&quot;sizes&quot;:[]}}\" data-widget_type=\"blfe-post-grid.hero1\">\n\t\t\t\t<div class=\"elementor-widget-container\">\n\t\t\t\t\t\n                        <div class=\"blfe-post-grid-container \">\n            \n                <div data-skin=\"hero1\" class=\"blfe-row blfe-posts-inner blfe-hero1 blfe-posts-inner blfe-col-3 blfe-col-tab-6 blfe-col-mob-12     \">\n                            <div class=\"blfe-post-grid-item\">\n            <div class=\"blfe-post-grid-item-inner blfe-modern-zoom\">\n                        <div class=\"blfe-post-grid-bg-image\">\n            <a class=\"blfe-post-grid-image-inner\" href=\"https:\/\/soymigrante.com\/revista\/el-popol-vuh-es-migrante-esta-en-chicago-y-8-datos-que-quiza-no-sabias\/\" title=\"\u00bfEn donde est\u00e1  el manuscrito original del Popol Vuh, libro del pueblo maya k&#8217;iche&#8217; y Patrimonio Cultural de Guatemala?\" rel=\"nofollow\" target=\"_blank\"><img decoding=\"async\" src=\"https:\/\/soymigrante.com\/revista\/wp-content\/uploads\/2025\/05\/popol-vuh-feature-image.webp\" alt=\"\u00bfEn donde est\u00e1  el manuscrito original del Popol Vuh, libro del pueblo maya k&#8217;iche&#8217; y Patrimonio Cultural de Guatemala?\"\/><\/a>        <\/div>\n                        <div class=\"blfe-post-grid-details\">\n                    <div class=\"blfe-post-grid-details-inner\">\n                        <span class=\"blfe-post-category\"><a href=\"https:\/\/soymigrante.com\/revista\/category\/guate-nuestra\/\">Guate Nuestra<\/a><\/span>                        <h3 class=\"blfe-post-grid-title\">\n            <a href=\"https:\/\/soymigrante.com\/revista\/el-popol-vuh-es-migrante-esta-en-chicago-y-8-datos-que-quiza-no-sabias\/\" title=\"\u00bfEn donde est\u00e1  el manuscrito original del Popol Vuh, libro del pueblo maya k&#8217;iche&#8217; y Patrimonio Cultural de Guatemala?\" rel=\"nofollow\" target=\"_blank\">\u00bfEn donde est\u00e1  el manuscrito original del Popol Vuh, libro del pueblo maya k&#8217;iche&#8217; y Patrimonio Cultural de Guatemala?<\/a>\n            <\/h3>                                                            <div class=\"blfe-post-grid-meta\">\n                <span class=\"blfe-post-grid-author\"><i class=\"fa fa-user far fa-user\"><\/i>by <a href=\"https:\/\/soymigrante.com\/revista\/author\/gustavo\/\">Gustavo Montenegro<\/a><\/span>                    <div class=\"blfe-post-meta-dot\"><\/div>\n                    <span class=\"blfe-post-grid-date\"><i class=\"fa fa-calendar-alt far fa-calendar-alt\"><\/i>30\/05\/2025<\/span>                    <div class=\"blfe-post-meta-dot\"><\/div>\n                                <\/div>\n                                                        <\/div>\n                <\/div>\n\n            <\/div>\n        <\/div>\n                <div class=\"blfe-post-grid-item\">\n            <div class=\"blfe-post-grid-item-inner blfe-modern-zoom\">\n                        <div class=\"blfe-post-grid-bg-image\">\n            <a class=\"blfe-post-grid-image-inner\" href=\"https:\/\/soymigrante.com\/revista\/tejedoras-mayas-preservan-su-herencia-plasmada-de-cosmovision\/\" title=\"Tejedoras mayas impulsan una herencia ancestral de cara al futuro\" rel=\"nofollow\" target=\"_blank\"><img decoding=\"async\" src=\"https:\/\/soymigrante.com\/revista\/wp-content\/uploads\/2024\/11\/tejedoras-mayas-1.webp\" alt=\"Tejedoras mayas impulsan una herencia ancestral de cara al futuro\"\/><\/a>        <\/div>\n                        <div class=\"blfe-post-grid-details\">\n                    <div class=\"blfe-post-grid-details-inner\">\n                        <span class=\"blfe-post-category\"><a href=\"https:\/\/soymigrante.com\/revista\/category\/guate-nuestra\/\">Guate Nuestra<\/a><\/span>                        <h3 class=\"blfe-post-grid-title\">\n            <a href=\"https:\/\/soymigrante.com\/revista\/tejedoras-mayas-preservan-su-herencia-plasmada-de-cosmovision\/\" title=\"Tejedoras mayas impulsan una herencia ancestral de cara al futuro\" rel=\"nofollow\" target=\"_blank\">Tejedoras mayas impulsan una herencia ancestral de cara al futuro<\/a>\n            <\/h3>                                                            <div class=\"blfe-post-grid-meta\">\n                <span class=\"blfe-post-grid-author\"><i class=\"fa fa-user far fa-user\"><\/i>by <a href=\"https:\/\/soymigrante.com\/revista\/author\/beatriz-tercero\/\">Beatriz Tercero<\/a><\/span>                    <div class=\"blfe-post-meta-dot\"><\/div>\n                    <span class=\"blfe-post-grid-date\"><i class=\"fa fa-calendar-alt far fa-calendar-alt\"><\/i>28\/11\/2024<\/span>                    <div class=\"blfe-post-meta-dot\"><\/div>\n                                <\/div>\n                                                        <\/div>\n                <\/div>\n\n            <\/div>\n        <\/div>\n                <div class=\"blfe-post-grid-item\">\n            <div class=\"blfe-post-grid-item-inner blfe-modern-zoom\">\n                        <div class=\"blfe-post-grid-bg-image\">\n            <a class=\"blfe-post-grid-image-inner\" href=\"https:\/\/soymigrante.com\/revista\/fiestas-patronales-en-guatemala-durante-agosto\/\" title=\"Ferias patronales en Guatemala durante agosto\" rel=\"nofollow\" target=\"_blank\"><img decoding=\"async\" src=\"https:\/\/soymigrante.com\/revista\/wp-content\/uploads\/2025\/06\/Fiestas-patronales-agosto-e1749237604591.webp\" alt=\"Ferias patronales en Guatemala durante agosto\"\/><\/a>        <\/div>\n                        <div class=\"blfe-post-grid-details\">\n                    <div class=\"blfe-post-grid-details-inner\">\n                        <span class=\"blfe-post-category\"><a href=\"https:\/\/soymigrante.com\/revista\/category\/guate-nuestra\/\">Guate Nuestra<\/a><\/span>                        <h3 class=\"blfe-post-grid-title\">\n            <a href=\"https:\/\/soymigrante.com\/revista\/fiestas-patronales-en-guatemala-durante-agosto\/\" title=\"Ferias patronales en Guatemala durante agosto\" rel=\"nofollow\" target=\"_blank\">Ferias patronales en Guatemala durante agosto<\/a>\n            <\/h3>                                                            <div class=\"blfe-post-grid-meta\">\n                <span class=\"blfe-post-grid-author\"><i class=\"fa fa-user far fa-user\"><\/i>by <a href=\"https:\/\/soymigrante.com\/revista\/author\/marysabel-aldana\/\">Marysabel Aldana<\/a><\/span>                    <div class=\"blfe-post-meta-dot\"><\/div>\n                    <span class=\"blfe-post-grid-date\"><i class=\"fa fa-calendar-alt far fa-calendar-alt\"><\/i>07\/06\/2025<\/span>                    <div class=\"blfe-post-meta-dot\"><\/div>\n                                <\/div>\n                                                        <\/div>\n                <\/div>\n\n            <\/div>\n        <\/div>\n                        <\/div>\n\n                        <\/div>\n            \n                        <div class=\"blfe-post-footer\">\n                        <\/div>\n            \t\t\t\t<\/div>\n\t\t\t\t<\/div>\n\t\t\t\t\t<\/div>\n\t\t<\/div>\n\t\t\t\t\t<\/div>\n\t\t<\/section>\n\t\t\t\t<\/div>\n\t\t","protected":false},"excerpt":{"rendered":"<p>Devoci\u00f3n, piedad popular y tradici\u00f3n de la Semana Santa en Guatemala es reflejada en las fotograf\u00edas de Danny Gamboa, quien expuso su trabajo en Casa de Am\u00e9rica, Sevilla, Espa\u00f1a junto a otros guatemaltecos. Cr\u00e9dito de todas las fotograf\u00edas: Danny Gamboa, fot\u00f3grafo guatemalteco A menudo no hay palabras para expresar las dimensiones que alcanca la piedad [&hellip;]<\/p>\n","protected":false},"author":7,"featured_media":5601,"comment_status":"open","ping_status":"open","sticky":false,"template":"","format":"standard","meta":{"_acf_changed":false,"_eb_attr":"","footnotes":""},"categories":[58],"tags":[],"class_list":["post-5589","post","type-post","status-publish","format-standard","has-post-thumbnail","hentry","category-guate-nuestra"],"acf":[],"aioseo_notices":[],"aioseo_head":"\n\t\t<!-- All in One SEO Pro 4.9.6.2 - aioseo.com -->\n\t<meta name=\"description\" content=\"Las fiestas patronales en Guatemala son motivo de alegr\u00eda, para hacer algo distinto y divertido.\" \/>\n\t<meta name=\"robots\" content=\"max-snippet:-1, max-image-preview:large, max-video-preview:-1\" \/>\n\t<meta name=\"author\" content=\"Marysabel Aldana\"\/>\n\t<link rel=\"canonical\" href=\"https:\/\/soymigrante.com\/revista\/fiestas-patronales-en-guatemala-durante-agosto\/\" \/>\n\t<meta name=\"generator\" content=\"All in One SEO Pro (AIOSEO) 4.9.6.2\" \/>\n\n\t\t<link rel=\"preconnect\" href=\"https:\/\/fonts.googleapis.com\" crossorigin>\n<link rel=\"preconnect\" href=\"https:\/\/fonts.gstatic.com\" crossorigin>\n\t\t<meta property=\"og:locale\" content=\"es_ES\" \/>\n\t\t<meta property=\"og:site_name\" content=\"SoyMigrante.com REVISTA \u2013 Nuestra misi\u00f3n es reconocer y dignificar al migrante.\" \/>\n\t\t<meta property=\"og:type\" content=\"article\" \/>\n\t\t<meta property=\"og:title\" content=\"Ferias patronales en Guatemala durante agosto\" \/>\n\t\t<meta property=\"og:description\" content=\"Las fiestas patronales en Guatemala son motivo de alegr\u00eda, para hacer algo distinto y divertido.\" \/>\n\t\t<meta property=\"og:url\" content=\"https:\/\/soymigrante.com\/revista\/fiestas-patronales-en-guatemala-durante-agosto\/\" \/>\n\t\t<meta property=\"og:image\" content=\"https:\/\/soymigrante.com\/revista\/wp-content\/uploads\/2025\/06\/Fiestas-patronales-agosto-e1749237604591.webp\" \/>\n\t\t<meta property=\"og:image:secure_url\" content=\"https:\/\/soymigrante.com\/revista\/wp-content\/uploads\/2025\/06\/Fiestas-patronales-agosto-e1749237604591.webp\" \/>\n\t\t<meta property=\"og:image:width\" content=\"474\" \/>\n\t\t<meta property=\"og:image:height\" content=\"237\" \/>\n\t\t<meta property=\"article:published_time\" content=\"2025-06-07T20:37:02+00:00\" \/>\n\t\t<meta property=\"article:modified_time\" content=\"2025-08-28T04:56:11+00:00\" \/>\n\t\t<meta property=\"article:publisher\" content=\"https:\/\/www.facebook.com\/soymigrantecom\" \/>\n\t\t<meta name=\"twitter:card\" content=\"summary_large_image\" \/>\n\t\t<meta name=\"twitter:site\" content=\"@SoyMigrante_com\" \/>\n\t\t<meta name=\"twitter:title\" content=\"Ferias patronales en Guatemala durante agosto\" \/>\n\t\t<meta name=\"twitter:description\" content=\"Las fiestas patronales en Guatemala son motivo de alegr\u00eda, para hacer algo distinto y divertido.\" \/>\n\t\t<meta name=\"twitter:creator\" content=\"@SoyMigrante_com\" \/>\n\t\t<meta name=\"twitter:image\" content=\"https:\/\/soymigrante.com\/revista\/wp-content\/uploads\/2025\/06\/Fiestas-patronales-agosto-e1749237604591.webp\" \/>\n\t\t<!-- All in One SEO Pro -->\r\n\t\t<title>Ferias patronales en Guatemala durante agosto<\/title>\n\n","aioseo_head_json":{"title":"Ferias patronales en Guatemala durante agosto","description":"Las fiestas patronales en Guatemala son motivo de alegr\u00eda, para hacer algo distinto y divertido.","canonical_url":"https:\/\/soymigrante.com\/revista\/fiestas-patronales-en-guatemala-durante-agosto\/","robots":"max-snippet:-1, max-image-preview:large, max-video-preview:-1","keywords":"","webmasterTools":{"miscellaneous":"&lt;link rel=\"preconnect\" href=\"https:\/\/fonts.googleapis.com\" crossorigin&gt;\n&lt;link rel=\"preconnect\" href=\"https:\/\/fonts.gstatic.com\" crossorigin&gt;"},"schema":null,"og:locale":"es_ES","og:site_name":"SoyMigrante.com REVISTA \u2013 Nuestra misi\u00f3n es reconocer y dignificar al migrante.","og:type":"article","og:title":"Ferias patronales en Guatemala durante agosto","og:description":"Las fiestas patronales en Guatemala son motivo de alegr\u00eda, para hacer algo distinto y divertido.","og:url":"https:\/\/soymigrante.com\/revista\/fiestas-patronales-en-guatemala-durante-agosto\/","og:image":"https:\/\/soymigrante.com\/revista\/wp-content\/uploads\/2025\/06\/Fiestas-patronales-agosto-e1749237604591.webp","og:image:secure_url":"https:\/\/soymigrante.com\/revista\/wp-content\/uploads\/2025\/06\/Fiestas-patronales-agosto-e1749237604591.webp","og:image:width":474,"og:image:height":237,"article:published_time":"2025-06-07T20:37:02+00:00","article:modified_time":"2025-08-28T04:56:11+00:00","article:publisher":"https:\/\/www.facebook.com\/soymigrantecom","twitter:card":"summary_large_image","twitter:site":"@SoyMigrante_com","twitter:title":"Ferias patronales en Guatemala durante agosto","twitter:description":"Las fiestas patronales en Guatemala son motivo de alegr\u00eda, para hacer algo distinto y divertido.","twitter:creator":"@SoyMigrante_com","twitter:image":"https:\/\/soymigrante.com\/revista\/wp-content\/uploads\/2025\/06\/Fiestas-patronales-agosto-e1749237604591.webp"},"aioseo_meta_data":{"post_id":"5589","title":null,"description":null,"keywords":[],"keyphrases":{"focus":{"keyphrase":"Semana Santa guatemalteca","score":82,"analysis":{"keyphraseInTitle":{"score":9,"maxScore":9,"error":0},"keyphraseInDescription":{"score":9,"maxScore":9,"error":0},"keyphraseLength":{"score":9,"maxScore":9,"error":0,"length":3},"keyphraseInURL":{"score":5,"maxScore":5,"error":0},"keyphraseInIntroduction":{"score":3,"maxScore":9,"error":1},"keyphraseInSubHeadings":{"score":9,"maxScore":9,"error":0},"keyphraseInImageAlt":{"score":3,"maxScore":9,"error":1},"keywordDensity":{"type":"best","score":9,"maxScore":9,"error":0}}},"additional":[]},"primary_term":null,"canonical_url":null,"og_title":null,"og_description":null,"og_object_type":"default","og_image_type":"default","og_image_url":null,"og_image_width":null,"og_image_height":null,"og_image_custom_url":null,"og_image_custom_fields":null,"og_video":"","og_custom_url":null,"og_article_section":null,"og_article_tags":[],"twitter_use_og":false,"twitter_card":"default","twitter_image_type":"default","twitter_image_url":null,"twitter_image_custom_url":null,"twitter_image_custom_fields":null,"twitter_title":null,"twitter_description":null,"schema":{"blockGraphs":[],"customGraphs":[],"default":{"data":{"Article":[],"Course":[],"Dataset":[],"FAQPage":[],"Movie":[],"Person":[],"Product":[],"ProductReview":[],"Car":[],"Recipe":[],"Service":[],"SoftwareApplication":[],"WebPage":[]},"graphName":"BlogPosting","isEnabled":true},"graphs":[]},"schema_type":"default","schema_type_options":null,"pillar_content":false,"robots_default":true,"robots_noindex":false,"robots_noarchive":false,"robots_nosnippet":false,"robots_nofollow":false,"robots_noimageindex":false,"robots_noodp":false,"robots_notranslate":false,"robots_max_snippet":"-1","robots_max_videopreview":"-1","robots_max_imagepreview":"large","priority":null,"frequency":"default","local_seo":null,"seo_analyzer_scan_date":"2025-10-08 21:28:10","breadcrumb_settings":null,"limit_modified_date":false,"reviewed_by":null,"open_ai":null,"ai":null,"created":"2024-03-23 16:38:44","updated":"2026-02-04 11:05:00"},"aioseo_breadcrumb":"<div class=\"aioseo-breadcrumbs\"><span class=\"aioseo-breadcrumb\">\n\t<a href=\"https:\/\/soymigrante.com\/revista\" title=\"Home\">Home<\/a>\n<\/span><span class=\"aioseo-breadcrumb-separator\">\u00bb<\/span><span class=\"aioseo-breadcrumb\">\n\t<a href=\"https:\/\/soymigrante.com\/revista\/category\/guate-nuestra\/\" title=\"Guate Nuestra\">Guate Nuestra<\/a>\n<\/span><span class=\"aioseo-breadcrumb-separator\">\u00bb<\/span><span class=\"aioseo-breadcrumb\">\n\tSemana Santa guatemalteca sobrepasa fronteras\n<\/span><\/div>","aioseo_breadcrumb_json":[{"label":"Home","link":"https:\/\/soymigrante.com\/revista"},{"label":"Guate Nuestra","link":"https:\/\/soymigrante.com\/revista\/category\/guate-nuestra\/"},{"label":"Semana Santa guatemalteca sobrepasa fronteras","link":"https:\/\/soymigrante.com\/revista\/semana-santa-guatemalteca-sin-fronteras-cruza-el-mar\/"}],"_links":{"self":[{"href":"https:\/\/soymigrante.com\/revista\/wp-json\/wp\/v2\/posts\/5589","targetHints":{"allow":["GET"]}}],"collection":[{"href":"https:\/\/soymigrante.com\/revista\/wp-json\/wp\/v2\/posts"}],"about":[{"href":"https:\/\/soymigrante.com\/revista\/wp-json\/wp\/v2\/types\/post"}],"author":[{"embeddable":true,"href":"https:\/\/soymigrante.com\/revista\/wp-json\/wp\/v2\/users\/7"}],"replies":[{"embeddable":true,"href":"https:\/\/soymigrante.com\/revista\/wp-json\/wp\/v2\/comments?post=5589"}],"version-history":[{"count":0,"href":"https:\/\/soymigrante.com\/revista\/wp-json\/wp\/v2\/posts\/5589\/revisions"}],"wp:featuredmedia":[{"embeddable":true,"href":"https:\/\/soymigrante.com\/revista\/wp-json\/wp\/v2\/media\/5601"}],"wp:attachment":[{"href":"https:\/\/soymigrante.com\/revista\/wp-json\/wp\/v2\/media?parent=5589"}],"wp:term":[{"taxonomy":"category","embeddable":true,"href":"https:\/\/soymigrante.com\/revista\/wp-json\/wp\/v2\/categories?post=5589"},{"taxonomy":"post_tag","embeddable":true,"href":"https:\/\/soymigrante.com\/revista\/wp-json\/wp\/v2\/tags?post=5589"}],"curies":[{"name":"wp","href":"https:\/\/api.w.org\/{rel}","templated":true}]}}