{"id":55733,"date":"2026-04-30T12:15:04","date_gmt":"2026-04-30T18:15:04","guid":{"rendered":"https:\/\/soymigrante.com\/revista\/?p=55733"},"modified":"2026-04-30T14:19:24","modified_gmt":"2026-04-30T20:19:24","slug":"vengo-de-una-cultura-de-tejedores-artista-kaqchiqel-angelica-serech-expone-obras-en-sydney-y-en-suiza","status":"publish","type":"post","link":"https:\/\/soymigrante.com\/revista\/vengo-de-una-cultura-de-tejedores-artista-kaqchiqel-angelica-serech-expone-obras-en-sydney-y-en-suiza\/","title":{"rendered":"&#8220;Vengo de una cultura de tejedores&#8221;: artista k&#8217;aqchiq&#8217;el Ang\u00e9lica Serech expone obras en Sydney y en Suiza"},"content":{"rendered":"\t\t<div data-elementor-type=\"wp-post\" data-elementor-id=\"55733\" class=\"elementor elementor-55733\" data-elementor-post-type=\"post\">\n\t\t\t\t<div data-particle_enable=\"false\" data-particle-mobile-disabled=\"false\" class=\"elementor-element elementor-element-3a33308 e-flex e-con-boxed e-con e-parent\" data-id=\"3a33308\" data-element_type=\"container\" data-e-type=\"container\">\n\t\t\t\t\t<div class=\"e-con-inner\">\n\t\t\t\t<div class=\"elementor-element elementor-element-c5ac763 elementor-widget elementor-widget-heading\" data-id=\"c5ac763\" data-element_type=\"widget\" data-e-type=\"widget\" data-widget_type=\"heading.default\">\n\t\t\t\t\t<h3 class=\"elementor-heading-title elementor-size-default\">\"Por muchos a\u00f1os estuve trabajando en soledad donde absolutamente nadie ve\u00eda mi obra\", expresa Ang\u00e9lica Serech (1982) tejedora kaqchiq'el, cuyo trabajo se expone en la 25 Bienal de Sydney, Australia y en el Museo de la Cruz Roja en Suiza<\/h3>\t\t\t\t<\/div>\n\t\t\t\t<div class=\"elementor-element elementor-element-140ae8c elementor-widget elementor-widget-html\" data-id=\"140ae8c\" data-element_type=\"widget\" data-e-type=\"widget\" data-widget_type=\"html.default\">\n\t\t\t\t\t<div id=\"buzzsprout-player-19105275\"><\/div><script src=\"https:\/\/www.buzzsprout.com\/2444168\/episodes\/19105275-de-comalapa-para-el-mundo-arte-textil-de-angelica-serech.js?container_id=buzzsprout-player-19105275&player=small\" type=\"text\/javascript\" charset=\"utf-8\"><\/script>\t\t\t\t<\/div>\n\t\t\t\t\t<\/div>\n\t\t\t\t<\/div>\n\t\t<div data-particle_enable=\"false\" data-particle-mobile-disabled=\"false\" class=\"elementor-element elementor-element-d2eee87 e-flex e-con-boxed e-con e-parent\" data-id=\"d2eee87\" data-element_type=\"container\" data-e-type=\"container\">\n\t\t\t\t\t<div class=\"e-con-inner\">\n\t\t\t\t<div class=\"elementor-element elementor-element-e9c7df7 elementor-widget elementor-widget-text-editor\" data-id=\"e9c7df7\" data-element_type=\"widget\" data-e-type=\"widget\" data-widget_type=\"text-editor.default\">\n\t\t\t\t\t\t\t\t\t<p>Mientras se efect\u00faa esta entrevista, la artista maya kaqchiq&#8217;el Ang\u00e9lica Serech est\u00e1 tejiendo una nueva obra, elaborada con lana de chivo proveniente de Huehuetenango. &#8220;He experimentado con toda clase de materiales:\u00a0<span style=\"font-family: Roboto, sans-serif; font-size: 22px; font-style: normal; font-variant-ligatures: normal; font-variant-caps: normal; font-weight: 400;\">con pl\u00e1stic, con gusano de seda, con maguey, con mimbre, con semillas, con hilos de algod\u00f3n natural\u201d.<\/span><\/p><p><span style=\"font-family: Roboto, sans-serif; font-size: 22px; font-style: normal; font-variant-ligatures: normal; font-variant-caps: normal; font-weight: 400;\">Pero su innovaci\u00f3n tiene una ra\u00edz.<a href=\"https:\/\/soymigrante.com\/revista\/arte-kat-aretes-y-accesorios-originales-elaborados-con-hilos-semillas-pero-sobre-todo-con-amor\/\">\u00a0<\/a><\/span><a href=\"https:\/\/soymigrante.com\/revista\/arte-kat-aretes-y-accesorios-originales-elaborados-con-hilos-semillas-pero-sobre-todo-con-amor\/\">\u00c1ngelica Serech<\/a>, de <a href=\"https:\/\/soymigrante.com\/revista\/san-juan-comalapa-la-cuna-del-arte-popular-en-guatemala\/\">San Juan Comalapa<\/a>, Chimaltenango, subrayaque su historia no empieza en una galer\u00eda ni en una bienal, sino en su casa, de una tradici\u00f3n familiar. \u201cNo vengo solo de una cultura de tejedoras, sino de tejedores tambi\u00e9n. Principalmente tejedores\u201d, dice, situando el origen de su obra en una genealog\u00eda profunda: su padre, Toribio Serech; su abuelo Juli\u00e1n Serech era tejedor;\u00a0 y tambi\u00e9n el abuelo de su abuelo.\u00a0<\/p><p>\u201cEs gracias a ellos que estoy donde estoy. No destaco por m\u00e9rito propio, sino por un c\u00famulo de conocimientos adquiridos\u201d.<\/p><p>Ese c\u00famulo hoy se despliega en escenarios internacionales: expone obras de arte textil en la 25 Bienal de S\u00eddney, en <a href=\"https:\/\/es.wikipedia.org\/wiki\/Australia\" target=\"_blank\" rel=\"noopener\">Australia<\/a>, y\u00a0 tambi\u00e9n el <a href=\"https:\/\/es.wikipedia.org\/wiki\/Museo_Internacional_de_la_Cruz_Roja_y_de_la_Media_Luna_Roja\" target=\"_blank\" rel=\"noopener\">Museo Internacional de la Cruz Roja<\/a>\u00a0en <a href=\"https:\/\/es.wikipedia.org\/wiki\/Suiza\" target=\"_blank\" rel=\"noopener\">Suiza<\/a>:\u00a0es la primera mujer ind\u00edgena guatemalteca en presentar una muestra individual. Pero su relato, tradici\u00f3n y expresi\u00f3n es colectiva, ancestral.<\/p>\t\t\t\t\t\t\t\t<\/div>\n\t\t\t\t\t<\/div>\n\t\t\t\t<\/div>\n\t\t<div data-particle_enable=\"false\" data-particle-mobile-disabled=\"false\" class=\"elementor-element elementor-element-df0db51 e-flex e-con-boxed e-con e-parent\" data-id=\"df0db51\" data-element_type=\"container\" data-e-type=\"container\">\n\t\t\t\t\t<div class=\"e-con-inner\">\n\t\t\t\t<div class=\"elementor-element elementor-element-4c772fd elementor-widget elementor-widget-image\" data-id=\"4c772fd\" data-element_type=\"widget\" data-e-type=\"widget\" data-widget_type=\"image.default\">\n\t\t\t\t\t\t\t\t\t\t\t\t<figure class=\"wp-caption\">\n\t\t\t\t\t\t\t\t\t\t<img fetchpriority=\"high\" decoding=\"async\" width=\"398\" height=\"600\" src=\"https:\/\/soymigrante.com\/revista\/wp-content\/uploads\/2026\/04\/Artista-maya-kaqchiqel-Angelica-Serech-expone-tejidos-en-Sydney-y-Suiza-Guatemalteca-de-Comalapa-1-1.webp\" class=\"attachment-large size-large wp-image-55739\" alt=\"Esta es una de las piezas textiles de arte presentadas por la tejedora kaqchiq&#039;el Ang\u00e9lica Serech, originaria de San Juan Comalapa, Chimaltenango: una creaci\u00f3n que llev\u00f3 casi dos a\u00f1os de trabajo.\" srcset=\"https:\/\/soymigrante.com\/revista\/wp-content\/uploads\/2026\/04\/Artista-maya-kaqchiqel-Angelica-Serech-expone-tejidos-en-Sydney-y-Suiza-Guatemalteca-de-Comalapa-1-1.webp 398w, https:\/\/soymigrante.com\/revista\/wp-content\/uploads\/2026\/04\/Artista-maya-kaqchiqel-Angelica-Serech-expone-tejidos-en-Sydney-y-Suiza-Guatemalteca-de-Comalapa-1-1-199x300.webp 199w\" sizes=\"(max-width: 398px) 100vw, 398px\" \/>\t\t\t\t\t\t\t\t\t\t\t<figcaption class=\"widget-image-caption wp-caption-text\">Esta es una de las piezas textiles de arte presentadas por la tejedora kaqchiq'el Ang\u00e9lica Serech, originaria de San Juan Comalapa, Chimaltenango: una creaci\u00f3n que llev\u00f3 casi dos a\u00f1os de trabajo. (Fotograf\u00eda del sitio web de la Bienal de Arte de Sydney Australia)<\/figcaption>\n\t\t\t\t\t\t\t\t\t\t<\/figure>\n\t\t\t\t\t\t\t\t\t<\/div>\n\t\t\t\t\t<\/div>\n\t\t\t\t<\/div>\n\t\t<div data-particle_enable=\"false\" data-particle-mobile-disabled=\"false\" class=\"elementor-element elementor-element-540fc63 e-flex e-con-boxed e-con e-parent\" data-id=\"540fc63\" data-element_type=\"container\" data-e-type=\"container\">\n\t\t\t\t\t<div class=\"e-con-inner\">\n\t\t\t\t<div class=\"elementor-element elementor-element-ecb9ae2 elementor-widget elementor-widget-text-editor\" data-id=\"ecb9ae2\" data-element_type=\"widget\" data-e-type=\"widget\" data-widget_type=\"text-editor.default\">\n\t\t\t\t\t\t\t\t\t<p><span style=\"color: #000000; font-family: Mulish, sans-serif; font-size: 29px; font-weight: bold;\">Aprender sin imposici\u00f3n, crear sin molde<\/span><\/p><p>En su infancia, el tejido no fue una imposici\u00f3n, sino una presencia constante. \u201cSi mi <a href=\"https:\/\/soymigrante.com\/revista\/acuerdos-entre-padres-e-hijos-son-lo-mas-inteligente-para-fortalecer-la-familia\/\">pap\u00e1 <\/a>es carpintero, pues por ende alguien se va a dedicar a la carpinter\u00eda\u2026 es de forma natural que somos introducidos\u201d, explica. Pero hay un matiz clave: su madre no era tejedora. \u201cMi mam\u00e1 no sab\u00eda tejer\u2026 pero siempre nos inculc\u00f3 que el tejido era importante y que ten\u00edamos que hacerlo independientemente de lo que fu\u00e9ramos cuando creci\u00e9ramos\u201d.<\/p><p>Quien finalmente le ense\u00f1\u00f3 fue su t\u00eda. A partir de ah\u00ed, la diferencia con otros aprendizajes fue inmediata. \u201cDe los tejidos de mi hermana se esperaba mucho porque ella segu\u00eda las reglas; de los m\u00edos no se esperaba nada porque yo siempre romp\u00eda esas reglas\u201d. Esa ruptura temprana no fue accidental, sino el inicio de una b\u00fasqueda personal que se mantiene hasta hoy.<\/p>\t\t\t\t\t\t\t\t<\/div>\n\t\t\t\t\t<\/div>\n\t\t\t\t<\/div>\n\t\t<div data-particle_enable=\"false\" data-particle-mobile-disabled=\"false\" class=\"elementor-element elementor-element-26945b4 e-flex e-con-boxed e-con e-parent\" data-id=\"26945b4\" data-element_type=\"container\" data-e-type=\"container\">\n\t\t\t\t\t<div class=\"e-con-inner\">\n\t\t\t\t<div class=\"elementor-element elementor-element-ee852e8 elementor-widget elementor-widget-html\" data-id=\"ee852e8\" data-element_type=\"widget\" data-e-type=\"widget\" data-widget_type=\"html.default\">\n\t\t\t\t\t<iframe width=\"560\" height=\"415\" src=\"https:\/\/www.youtube.com\/embed\/oUeENYbljm8?si=N3nb3_fXu_Qaca3G\" title=\"YouTube video player\" frameborder=\"0\" allow=\"accelerometer; autoplay; clipboard-write; encrypted-media; gyroscope; picture-in-picture; web-share\" referrerpolicy=\"strict-origin-when-cross-origin\" allowfullscreen><\/iframe>\t\t\t\t<\/div>\n\t\t\t\t\t<\/div>\n\t\t\t\t<\/div>\n\t\t<div data-particle_enable=\"false\" data-particle-mobile-disabled=\"false\" class=\"elementor-element elementor-element-a4a46ab e-flex e-con-boxed e-con e-parent\" data-id=\"a4a46ab\" data-element_type=\"container\" data-e-type=\"container\">\n\t\t\t\t\t<div class=\"e-con-inner\">\n\t\t\t\t<div class=\"elementor-element elementor-element-a2a71f4 elementor-widget elementor-widget-text-editor\" data-id=\"a2a71f4\" data-element_type=\"widget\" data-e-type=\"widget\" data-widget_type=\"text-editor.default\">\n\t\t\t\t\t\t\t\t\t<p><span style=\"color: #000000; font-family: Mulish, sans-serif; font-size: 29px; font-weight: bold;\">Romper reglas desde ni\u00f1a<\/span><\/p><p>Esa necesidad de crear bajo sus propios c\u00f3digos apareci\u00f3 desde sus primeros <a href=\"https:\/\/soymigrante.com\/revista\/el-lenguaje-sagrado-de-los-textiles-mayas-y-sus-significados\/\">tejidos<\/a>. \u201cFue casi que en el tercer tejidito desde ni\u00f1a\u2026 mis huipiles fueron totalmente distintos. Ten\u00edan una estructura que no era la habitual ni la tradicional\u201d. La consecuencia fue ir contra corriente, incluso dentro de su propio entorno. \u201cPara mi mam\u00e1 nunca estuvo bien lo que yo hice, pero luego me daba la raz\u00f3n\u2026 porque cuando terminaba mis huipiles tambi\u00e9n eran una belleza\u201d.<\/p><p>Serech reconoce que ese impulso no ven\u00eda de una formaci\u00f3n acad\u00e9mica. \u201cYo no tengo ning\u00fan canon art\u00edstico, no soy de academia\u2026 pero aprend\u00ed de la vida\u201d. Desde ah\u00ed cuestion\u00f3 una clasificaci\u00f3n que la incomodaba: \u201c\u00bfPor qu\u00e9 artesan\u00eda? \u00bfPor qu\u00e9 encasillar?\u2026 cada obra tiene su originalidad, su arte. Incluso yo trabaj\u00e9 <a href=\"https:\/\/soymigrante.com\/revista\/arte-kat-aretes-y-accesorios-originales-elaborados-con-hilos-semillas-pero-sobre-todo-con-amor\/\">peque\u00f1as piezas de arte micro,<\/a> que han servido como base para las obras mayores\u201d.<\/p>\t\t\t\t\t\t\t\t<\/div>\n\t\t\t\t\t<\/div>\n\t\t\t\t<\/div>\n\t\t<div data-particle_enable=\"false\" data-particle-mobile-disabled=\"false\" class=\"elementor-element elementor-element-70c93ee e-flex e-con-boxed e-con e-parent\" data-id=\"70c93ee\" data-element_type=\"container\" data-e-type=\"container\">\n\t\t\t\t\t<div class=\"e-con-inner\">\n\t\t\t\t<div class=\"elementor-element elementor-element-dc99854 elementor-widget elementor-widget-image\" data-id=\"dc99854\" data-element_type=\"widget\" data-e-type=\"widget\" data-widget_type=\"image.default\">\n\t\t\t\t\t\t\t\t\t\t\t\t<figure class=\"wp-caption\">\n\t\t\t\t\t\t\t\t\t\t<img decoding=\"async\" width=\"1140\" height=\"912\" src=\"https:\/\/soymigrante.com\/revista\/wp-content\/uploads\/2026\/04\/Artista-maya-kaqchiqel-Angelica-Serech-expone-tejidos-en-Sydney-y-Suiza-Guatemalteca-de-Comalapa-4-1140x912.jpg\" class=\"attachment-large size-large wp-image-55740\" alt=\"&quot;Siempre quise hacer algo diferente porque ve\u00eda mis t\u00edas, que tej\u00edan y hac\u00edan arte. Eran innovadoras y establecieron sus propios c\u00f3digos textiles. Yo aprend\u00ed a tejer desde chiquita pero quer\u00eda tambien innovar, expresar&quot;: Ang\u00e9lica Serech, artista visual textil de San Juan Comalapa, Chimaltenango. (Fotograf\u00eda redes sociales Ang\u00e9lica Serech)\" srcset=\"https:\/\/soymigrante.com\/revista\/wp-content\/uploads\/2026\/04\/Artista-maya-kaqchiqel-Angelica-Serech-expone-tejidos-en-Sydney-y-Suiza-Guatemalteca-de-Comalapa-4-1140x912.jpg 1140w, https:\/\/soymigrante.com\/revista\/wp-content\/uploads\/2026\/04\/Artista-maya-kaqchiqel-Angelica-Serech-expone-tejidos-en-Sydney-y-Suiza-Guatemalteca-de-Comalapa-4-300x240.jpg 300w, https:\/\/soymigrante.com\/revista\/wp-content\/uploads\/2026\/04\/Artista-maya-kaqchiqel-Angelica-Serech-expone-tejidos-en-Sydney-y-Suiza-Guatemalteca-de-Comalapa-4-768x614.jpg 768w, https:\/\/soymigrante.com\/revista\/wp-content\/uploads\/2026\/04\/Artista-maya-kaqchiqel-Angelica-Serech-expone-tejidos-en-Sydney-y-Suiza-Guatemalteca-de-Comalapa-4-1536x1229.jpg 1536w, https:\/\/soymigrante.com\/revista\/wp-content\/uploads\/2026\/04\/Artista-maya-kaqchiqel-Angelica-Serech-expone-tejidos-en-Sydney-y-Suiza-Guatemalteca-de-Comalapa-4-750x600.jpg 750w, https:\/\/soymigrante.com\/revista\/wp-content\/uploads\/2026\/04\/Artista-maya-kaqchiqel-Angelica-Serech-expone-tejidos-en-Sydney-y-Suiza-Guatemalteca-de-Comalapa-4.jpg 2048w\" sizes=\"(max-width: 1140px) 100vw, 1140px\" \/>\t\t\t\t\t\t\t\t\t\t\t<figcaption class=\"widget-image-caption wp-caption-text\">\"Siempre quise hacer algo diferente porque ve\u00eda mis t\u00edas, que tej\u00edan y hac\u00edan arte. Eran innovadoras  y establecieron sus propios c\u00f3digos textiles. Yo aprend\u00ed a tejer desde chiquita pero quer\u00eda tambien  innovar, expresar\": Ang\u00e9lica Serech, artista visual textil de San Juan Comalapa, Chimaltenango. (Fotograf\u00eda @SheJose compartida en redes sociales Ang\u00e9lica Serech)<\/figcaption>\n\t\t\t\t\t\t\t\t\t\t<\/figure>\n\t\t\t\t\t\t\t\t\t<\/div>\n\t\t\t\t\t<\/div>\n\t\t\t\t<\/div>\n\t\t<div data-particle_enable=\"false\" data-particle-mobile-disabled=\"false\" class=\"elementor-element elementor-element-98e9f35 e-flex e-con-boxed e-con e-parent\" data-id=\"98e9f35\" data-element_type=\"container\" data-e-type=\"container\">\n\t\t\t\t\t<div class=\"e-con-inner\">\n\t\t\t\t<div class=\"elementor-element elementor-element-8e484ed elementor-widget elementor-widget-text-editor\" data-id=\"8e484ed\" data-element_type=\"widget\" data-e-type=\"widget\" data-widget_type=\"text-editor.default\">\n\t\t\t\t\t\t\t\t\t<p><span style=\"color: #000000; font-family: Mulish, sans-serif; font-size: 29px; font-weight: bold;\">Materiales que cuentan historias<\/span><\/p><p>Su pr\u00e1ctica, lejos de limitarse al hilo tradicional, se ha expandido hacia una exploraci\u00f3n constante de materiales. \u201cHe experimentado con pl\u00e1stico\u2026 con gusano de seda, con maguey, con mimbre, con past\u00e9, con semillas\u201d, enumera, como si cada elemento fuera un cap\u00edtulo distinto de su investigaci\u00f3n.<\/p><p>Al momento de la entrevista, trabaja en una pieza que marca un nuevo punto en ese camino: \u201cActualmente voy a presentar una obra\u2026 mi primera obra en lana de oveja\u201d. El proceso no fue inmediato. \u201cLo inici\u00e9 hace como dos a\u00f1os junto a mi esposo y mi hijo\u2026 la investigaci\u00f3n con las <a href=\"https:\/\/soymigrante.com\/mercado\/llavero-de-oveja-tejido-de-lana-color-blanco-y-azul?srsltid=AfmBOopQ7ZXCYwIifouj7Vz7oI7zSu_b2LS0Reyf0PjwIHena5FAb7Hy\">ovejas<\/a>, c\u00f3mo se obtiene la lana, los procesos\u201d. El origen del material, como suele ocurrir en su pr\u00e1ctica, surgi\u00f3 del encuentro: \u201cVen\u00edamos regresando de <a href=\"https:\/\/es.wikipedia.org\/wiki\/Huehuetenango\" target=\"_blank\" rel=\"noopener\">Huehuetenango<\/a> y en el camino vimos a los pastores con las ovejas\u2026 de ah\u00ed nace y surge la investigaci\u00f3n\u201d.<\/p>\t\t\t\t\t\t\t\t<\/div>\n\t\t\t\t\t<\/div>\n\t\t\t\t<\/div>\n\t\t<div data-particle_enable=\"false\" data-particle-mobile-disabled=\"false\" class=\"elementor-element elementor-element-b11851e e-flex e-con-boxed e-con e-parent\" data-id=\"b11851e\" data-element_type=\"container\" data-e-type=\"container\">\n\t\t\t\t\t<div class=\"e-con-inner\">\n\t\t\t\t<div class=\"elementor-element elementor-element-d65850c elementor-widget elementor-widget-html\" data-id=\"d65850c\" data-element_type=\"widget\" data-e-type=\"widget\" data-widget_type=\"html.default\">\n\t\t\t\t\t<iframe width=\"560\" height=\"415\" src=\"https:\/\/www.youtube.com\/embed\/l43pxWqupTI?si=lNtM_FsR37blTrFo&amp;start=204\" title=\"YouTube video player\" frameborder=\"0\" allow=\"accelerometer; autoplay; clipboard-write; encrypted-media; gyroscope; picture-in-picture; web-share\" referrerpolicy=\"strict-origin-when-cross-origin\" allowfullscreen><\/iframe>\t\t\t\t<\/div>\n\t\t\t\t\t<\/div>\n\t\t\t\t<\/div>\n\t\t<div data-particle_enable=\"false\" data-particle-mobile-disabled=\"false\" class=\"elementor-element elementor-element-942651d e-flex e-con-boxed e-con e-parent\" data-id=\"942651d\" data-element_type=\"container\" data-e-type=\"container\">\n\t\t\t\t\t<div class=\"e-con-inner\">\n\t\t\t\t<div class=\"elementor-element elementor-element-d608dc1 elementor-widget elementor-widget-text-editor\" data-id=\"d608dc1\" data-element_type=\"widget\" data-e-type=\"widget\" data-widget_type=\"text-editor.default\">\n\t\t\t\t\t\t\t\t\t<p><span style=\"color: #000000; font-family: Mulish, sans-serif; font-size: 29px; font-weight: bold;\">Del tejido local al escenario global<\/span><\/p><p>Ese mismo enfoque \u2014tradici\u00f3n en di\u00e1logo con descubrimiento\u2014 es el que llev\u00f3 su trabajo a escenarios internacionales. Sobre la Bienal de S\u00eddney, explica que las obras fueron comisionadas y responden a narrativas espec\u00edficas. Aunque evita conclusiones apresuradas, comparte una sensaci\u00f3n: \u201cDe manera personal me siento muy satisfecha con lo que he presentado\u201d.<\/p><p>En paralelo, su presencia en el <a href=\"https:\/\/es.wikipedia.org\/wiki\/Museo_Internacional_de_la_Cruz_Roja_y_de_la_Media_Luna_Roja\" target=\"_blank\" rel=\"noopener\">Museo Internacional de la Cruz Roja y de la Media Luna Roja<\/a> en <a href=\"https:\/\/es.wikipedia.org\/wiki\/Ginebra\" target=\"_blank\" rel=\"noopener\">Ginebra<\/a> representa un hito m\u00e1s prolongado. \u201cEstoy desde el a\u00f1o pasado\u2026 con m\u00e1s de ocho obras in\u00e9ditas\u201d, cuenta. Y subraya lo que significa: \u201cPara m\u00ed fue una gran oportunidad\u2026 soy la primera mujer ind\u00edgena que presenta una exposici\u00f3n individual en el museo\u201d. <b>Esta exposici\u00f3n en Suiza, estar\u00e1 abierta hasta agosto 2026.<\/b><\/p>\t\t\t\t\t\t\t\t<\/div>\n\t\t\t\t\t<\/div>\n\t\t\t\t<\/div>\n\t\t<div data-particle_enable=\"false\" data-particle-mobile-disabled=\"false\" class=\"elementor-element elementor-element-fb2ae3c e-flex e-con-boxed e-con e-parent\" data-id=\"fb2ae3c\" data-element_type=\"container\" data-e-type=\"container\">\n\t\t\t\t\t<div class=\"e-con-inner\">\n\t\t\t\t<div class=\"elementor-element elementor-element-701ac93 elementor-widget elementor-widget-image\" data-id=\"701ac93\" data-element_type=\"widget\" data-e-type=\"widget\" data-widget_type=\"image.default\">\n\t\t\t\t\t\t\t\t\t\t\t\t<figure class=\"wp-caption\">\n\t\t\t\t\t\t\t\t\t\t<img decoding=\"async\" width=\"684\" height=\"1024\" src=\"https:\/\/soymigrante.com\/revista\/wp-content\/uploads\/2026\/04\/Artista-maya-kaqchiqel-Angelica-Serech-expone-tejidos-en-Sydney-y-Suiza-Guatemalteca-de-Comalapa-2-684x1024.jpg\" class=\"attachment-large size-large wp-image-55741\" alt=\"La exposici\u00f3n de las obras textiles de Ang\u00e9lica Serech en la Bienal de Sydney Australia estar\u00e1 abierta hasta el 16 de junio de 2026. En esta obra se entrelaza la memoria, el homenaje a los ancestros y la expresi\u00f3n de un presente que se teje d\u00eda a d\u00eda.\" srcset=\"https:\/\/soymigrante.com\/revista\/wp-content\/uploads\/2026\/04\/Artista-maya-kaqchiqel-Angelica-Serech-expone-tejidos-en-Sydney-y-Suiza-Guatemalteca-de-Comalapa-2-684x1024.jpg 684w, https:\/\/soymigrante.com\/revista\/wp-content\/uploads\/2026\/04\/Artista-maya-kaqchiqel-Angelica-Serech-expone-tejidos-en-Sydney-y-Suiza-Guatemalteca-de-Comalapa-2-200x300.jpg 200w, https:\/\/soymigrante.com\/revista\/wp-content\/uploads\/2026\/04\/Artista-maya-kaqchiqel-Angelica-Serech-expone-tejidos-en-Sydney-y-Suiza-Guatemalteca-de-Comalapa-2-768x1151.jpg 768w, https:\/\/soymigrante.com\/revista\/wp-content\/uploads\/2026\/04\/Artista-maya-kaqchiqel-Angelica-Serech-expone-tejidos-en-Sydney-y-Suiza-Guatemalteca-de-Comalapa-2-1025x1536.jpg 1025w, https:\/\/soymigrante.com\/revista\/wp-content\/uploads\/2026\/04\/Artista-maya-kaqchiqel-Angelica-Serech-expone-tejidos-en-Sydney-y-Suiza-Guatemalteca-de-Comalapa-2-750x1124.jpg 750w, https:\/\/soymigrante.com\/revista\/wp-content\/uploads\/2026\/04\/Artista-maya-kaqchiqel-Angelica-Serech-expone-tejidos-en-Sydney-y-Suiza-Guatemalteca-de-Comalapa-2-1140x1708.jpg 1140w, https:\/\/soymigrante.com\/revista\/wp-content\/uploads\/2026\/04\/Artista-maya-kaqchiqel-Angelica-Serech-expone-tejidos-en-Sydney-y-Suiza-Guatemalteca-de-Comalapa-2.jpg 1367w\" sizes=\"(max-width: 684px) 100vw, 684px\" \/>\t\t\t\t\t\t\t\t\t\t\t<figcaption class=\"widget-image-caption wp-caption-text\">La exposici\u00f3n de las obras textiles de Ang\u00e9lica Serech en la Bienal de Sydney Australia estar\u00e1 abierta hasta el 16 de junio de 2026.  En esta obra se entrelaza la memoria, el homenaje a los ancestros y la expresi\u00f3n de un presente que se teje d\u00eda a d\u00eda. (Fotograf\u00eda  Zoe Aubry, exposici\u00f3n en la Galer\u00eda de la Cruz Roja Internacional en Ginebra, Suiza)<\/figcaption>\n\t\t\t\t\t\t\t\t\t\t<\/figure>\n\t\t\t\t\t\t\t\t\t<\/div>\n\t\t\t\t\t<\/div>\n\t\t\t\t<\/div>\n\t\t<div data-particle_enable=\"false\" data-particle-mobile-disabled=\"false\" class=\"elementor-element elementor-element-7912a05 e-flex e-con-boxed e-con e-parent\" data-id=\"7912a05\" data-element_type=\"container\" data-e-type=\"container\">\n\t\t\t\t\t<div class=\"e-con-inner\">\n\t\t\t\t<div class=\"elementor-element elementor-element-936b9bc elementor-widget elementor-widget-text-editor\" data-id=\"936b9bc\" data-element_type=\"widget\" data-e-type=\"widget\" data-widget_type=\"text-editor.default\">\n\t\t\t\t\t\t\t\t\t<p><span style=\"color: #000000; font-family: Mulish, sans-serif; font-size: 29px; font-weight: bold;\">Crear desde adentro<\/span><\/p>\n<p>A pesar de esa visibilidad, su relato no se construye desde el reconocimiento externo, sino desde un proceso interno. \u201cMuchos a\u00f1os estuve trabajando en soledad donde absolutamente nadie ve\u00eda mi obra\u2026 fue desde adentro donde empez\u00f3 a germinar lo que yo hac\u00eda\u201d, dice. Ah\u00ed, en ese espacio \u00edntimo, sus ra\u00edces se fortalecieron.<\/p>\n<p>Hoy, mientras teje una nueva pieza con lana de oveja, esa l\u00f3gica sigue intacta: mirar hacia atr\u00e1s para avanzar. \u201cCreo que cuando uno encuentra lo que le apasiona, uno fluye m\u00e1s\u201d, afirma. Y en ese flujo, que une abuelos, padres, materiales y decisiones propias, \u00c1ngelica Serech contin\u00faa haciendo lo mismo que empez\u00f3 de ni\u00f1a: crear bajo sus propias reglas.<\/p>\n<p>Nos despedimos. Ang\u00e9lica Serech sigue tejiendo en la serenidad de su casa en <a href=\"https:\/\/soymigrante.com\/revista\/san-juan-comalapa-la-cuna-del-arte-popular-en-guatemala\/\">San Juan Comalapa<\/a>. La obra que est\u00e1 preparando se presentar\u00e1 pr\u00f3ximamente en la apertura de un espacio art\u00edstico en la ciudad de Guatemala. Y la vida se sigue tejiendo.<\/p>\t\t\t\t\t\t\t\t<\/div>\n\t\t\t\t\t<\/div>\n\t\t\t\t<\/div>\n\t\t<div data-particle_enable=\"false\" data-particle-mobile-disabled=\"false\" class=\"elementor-element elementor-element-a539515 e-flex e-con-boxed e-con e-parent\" data-id=\"a539515\" data-element_type=\"container\" data-e-type=\"container\">\n\t\t\t\t\t<div class=\"e-con-inner\">\n\t\t\t\t<div class=\"elementor-element elementor-element-6de0790 elementor-widget elementor-widget-html\" data-id=\"6de0790\" data-element_type=\"widget\" data-e-type=\"widget\" data-widget_type=\"html.default\">\n\t\t\t\t\t<iframe src=\"https:\/\/www.facebook.com\/plugins\/post.php?href=https%3A%2F%2Fwww.facebook.com%2Fphoto.php%3Ffbid%3D26699435173057913%26set%3Da.1976192165808890%26type%3D3&show_text=true&width=500\" width=\"500\" height=\"723\" style=\"border:none;overflow:hidden\" scrolling=\"no\" frameborder=\"0\" allowfullscreen=\"true\" allow=\"autoplay; clipboard-write; encrypted-media; picture-in-picture; web-share\"><\/iframe>\t\t\t\t<\/div>\n\t\t\t\t\t<\/div>\n\t\t\t\t<\/div>\n\t\t<div data-particle_enable=\"false\" data-particle-mobile-disabled=\"false\" class=\"elementor-element elementor-element-78cfbf1 e-flex e-con-boxed e-con e-parent\" data-id=\"78cfbf1\" data-element_type=\"container\" data-e-type=\"container\">\n\t\t\t\t\t<div class=\"e-con-inner\">\n\t\t\t\t<div class=\"elementor-element elementor-element-d8045ac elementor-widget elementor-widget-global elementor-global-52097 elementor-widget-heading\" data-id=\"d8045ac\" data-element_type=\"widget\" data-e-type=\"widget\" data-widget_type=\"heading.default\">\n\t\t\t\t\t<h2 class=\"elementor-heading-title elementor-size-default\">Quiz\u00e1 tambi\u00e9n te podr\u00eda interesar<\/h2>\t\t\t\t<\/div>\n\t\t\t\t\t<\/div>\n\t\t\t\t<\/div>\n\t\t<div data-particle_enable=\"false\" data-particle-mobile-disabled=\"false\" class=\"elementor-element elementor-element-5d78632 e-flex e-con-boxed e-con e-parent\" data-id=\"5d78632\" data-element_type=\"container\" data-e-type=\"container\">\n\t\t\t\t\t<div class=\"e-con-inner\">\n\t\t\t\t<div class=\"elementor-element elementor-element-bf31b8c elementor-grid-eael-col-3 elementor-grid-tablet-eael-col-2 elementor-grid-mobile-eael-col-1 elementor-widget elementor-widget-eael-post-grid\" data-id=\"bf31b8c\" data-element_type=\"widget\" data-e-type=\"widget\" data-settings=\"{&quot;eael_post_grid_columns&quot;:&quot;eael-col-3&quot;,&quot;eael_post_grid_columns_tablet&quot;:&quot;eael-col-2&quot;,&quot;eael_post_grid_columns_mobile&quot;:&quot;eael-col-1&quot;}\" data-widget_type=\"eael-post-grid.default\">\n\t\t\t\t\t<div id=\"eael-post-grid-bf31b8c\" class=\"eael-post-grid-container\">\n            <div class=\"eael-post-grid eael-post-appender eael-post-appender-bf31b8c eael-post-grid-style-one\" data-layout-mode=\"masonry\"><article class=\"eael-grid-post  eael-post-grid-column eael-pg-post-43829 category-arte-cultura-guate-nuestra\" data-id=\"43829\">\n        <div class=\"eael-grid-post-holder\">\n            <div class=\"eael-grid-post-holder-inner\"><div class=\"eael-entry-media\"><div class=\"eael-entry-overlay fade-in\"><i class=\"far fa-hand-pointer\" aria-hidden=\"true\"><\/i><a href=\"https:\/\/soymigrante.com\/revista\/juan-sisay-arte-guatemalteco-maya-tzutujil-atitlan\/\"><\/a><\/div><div class=\"eael-entry-thumbnail eael-image-ratio\">\n                <img loading=\"lazy\" decoding=\"async\" width=\"485\" height=\"485\" src=\"https:\/\/soymigrante.com\/revista\/wp-content\/uploads\/2025\/09\/Juan-Sisay1-e1757021856514.jpeg\" class=\"attachment-large size-large wp-image-43830\" alt=\"Juan Sisay: el artista guatemalteco que retrat\u00f3 la identidad tz&#039;utuj&#039;il desde dentro. El artista fue asesinado en abril de 1989 despu\u00e9s de haber pintado acerca de una masacre cometida en Santiago Atitl\u00e1n durante el conflicto armado interno. (Retrato por Miguel Ch\u00e1vez)\" srcset=\"https:\/\/soymigrante.com\/revista\/wp-content\/uploads\/2025\/09\/Juan-Sisay1-e1757021856514.jpeg 485w, https:\/\/soymigrante.com\/revista\/wp-content\/uploads\/2025\/09\/Juan-Sisay1-e1757021856514-300x300.jpeg 300w, https:\/\/soymigrante.com\/revista\/wp-content\/uploads\/2025\/09\/Juan-Sisay1-e1757021856514-150x150.jpeg 150w, https:\/\/soymigrante.com\/revista\/wp-content\/uploads\/2025\/09\/Juan-Sisay1-e1757021856514-75x75.jpeg 75w\" sizes=\"(max-width: 485px) 100vw, 485px\" \/>\n            <\/div>\n        <\/div><div class=\"eael-entry-wrapper\"><header class=\"eael-entry-header\"><h2 class=\"eael-entry-title\"><a class=\"eael-grid-post-link\" href=\"https:\/\/soymigrante.com\/revista\/juan-sisay-arte-guatemalteco-maya-tzutujil-atitlan\/\" title=\"Mira arte guatemalteco: Pintor tz&#8217;utuj&#8217;il Juan Sisay origin\u00f3 la pintura popular de Atitl\u00e1n\">Mira arte guatemalteco: Pintor tz&#8217;utuj&#8217;il Juan Sisay origin\u00f3 la pintura popular de Atitl\u00e1n<\/a><\/h2><\/header><div class=\"eael-entry-content\">\n                        <div class=\"eael-grid-post-excerpt\"><a href=\"https:\/\/soymigrante.com\/revista\/juan-sisay-arte-guatemalteco-maya-tzutujil-atitlan\/\" class=\"eael-post-elements-readmore-btn\">CONOCE SU HISTORIA <\/a><\/div>\n                    <\/div><\/div><\/div>\n        <\/div>\n    <\/article><article class=\"eael-grid-post  eael-post-grid-column eael-pg-post-43891 category-arte-cultura-guate-nuestra\" data-id=\"43891\">\n        <div class=\"eael-grid-post-holder\">\n            <div class=\"eael-grid-post-holder-inner\"><div class=\"eael-entry-media\"><div class=\"eael-entry-overlay fade-in\"><i class=\"far fa-hand-pointer\" aria-hidden=\"true\"><\/i><a href=\"https:\/\/soymigrante.com\/revista\/mira-arte-guatemalteco-la-mirada-magica-de-rina-lazo\/\"><\/a><\/div><div class=\"eael-entry-thumbnail eael-image-ratio\">\n                <img loading=\"lazy\" decoding=\"async\" width=\"500\" height=\"500\" src=\"https:\/\/soymigrante.com\/revista\/wp-content\/uploads\/2025\/09\/Rina-lazo-2.jpg\" class=\"attachment-large size-large wp-image-43892\" alt=\"Rina Lazo: El trazo de una identidad mesoamericana\" srcset=\"https:\/\/soymigrante.com\/revista\/wp-content\/uploads\/2025\/09\/Rina-lazo-2.jpg 500w, https:\/\/soymigrante.com\/revista\/wp-content\/uploads\/2025\/09\/Rina-lazo-2-300x300.jpg 300w, https:\/\/soymigrante.com\/revista\/wp-content\/uploads\/2025\/09\/Rina-lazo-2-150x150.jpg 150w, https:\/\/soymigrante.com\/revista\/wp-content\/uploads\/2025\/09\/Rina-lazo-2-75x75.jpg 75w\" sizes=\"(max-width: 500px) 100vw, 500px\" \/>\n            <\/div>\n        <\/div><div class=\"eael-entry-wrapper\"><header class=\"eael-entry-header\"><h2 class=\"eael-entry-title\"><a class=\"eael-grid-post-link\" href=\"https:\/\/soymigrante.com\/revista\/mira-arte-guatemalteco-la-mirada-magica-de-rina-lazo\/\" title=\"Mira arte guatemalteco: La mirada m\u00e1gica de Rina Lazo\">Mira arte guatemalteco: La mirada m\u00e1gica de Rina Lazo<\/a><\/h2><\/header><div class=\"eael-entry-content\">\n                        <div class=\"eael-grid-post-excerpt\"><a href=\"https:\/\/soymigrante.com\/revista\/mira-arte-guatemalteco-la-mirada-magica-de-rina-lazo\/\" class=\"eael-post-elements-readmore-btn\">CONOCE SU HISTORIA <\/a><\/div>\n                    <\/div><\/div><\/div>\n        <\/div>\n    <\/article><article class=\"eael-grid-post  eael-post-grid-column eael-pg-post-43400 category-arte-cultura\" data-id=\"43400\">\n        <div class=\"eael-grid-post-holder\">\n            <div class=\"eael-grid-post-holder-inner\"><div class=\"eael-entry-media\"><div class=\"eael-entry-overlay fade-in\"><i class=\"far fa-hand-pointer\" aria-hidden=\"true\"><\/i><a href=\"https:\/\/soymigrante.com\/revista\/efrain-recinos-un-genio-del-arte-guatemalteco-que-vivira-siempre\/\"><\/a><\/div><div class=\"eael-entry-thumbnail eael-image-ratio\">\n                <img loading=\"lazy\" decoding=\"async\" width=\"421\" height=\"416\" src=\"https:\/\/soymigrante.com\/revista\/wp-content\/uploads\/2025\/09\/Guatemalita-de-Efrain-Recinos.png\" class=\"attachment-large size-large wp-image-43608\" alt=\"Guatemalita de Efra\u00edn Recinos\" srcset=\"https:\/\/soymigrante.com\/revista\/wp-content\/uploads\/2025\/09\/Guatemalita-de-Efrain-Recinos.png 421w, https:\/\/soymigrante.com\/revista\/wp-content\/uploads\/2025\/09\/Guatemalita-de-Efrain-Recinos-300x296.png 300w, https:\/\/soymigrante.com\/revista\/wp-content\/uploads\/2025\/09\/Guatemalita-de-Efrain-Recinos-75x75.png 75w\" sizes=\"(max-width: 421px) 100vw, 421px\" \/>\n            <\/div>\n        <\/div><div class=\"eael-entry-wrapper\"><header class=\"eael-entry-header\"><h2 class=\"eael-entry-title\"><a class=\"eael-grid-post-link\" href=\"https:\/\/soymigrante.com\/revista\/efrain-recinos-un-genio-del-arte-guatemalteco-que-vivira-siempre\/\" title=\"Mira arte guatemalteco: Efra\u00edn Recinos, un genio que sigue a la vista de todos\">Mira arte guatemalteco: Efra\u00edn Recinos, un genio que sigue a la vista de todos<\/a><\/h2><\/header><div class=\"eael-entry-content\">\n                        <div class=\"eael-grid-post-excerpt\"><a href=\"https:\/\/soymigrante.com\/revista\/efrain-recinos-un-genio-del-arte-guatemalteco-que-vivira-siempre\/\" class=\"eael-post-elements-readmore-btn\">CONOCE SU HISTORIA <\/a><\/div>\n                    <\/div><\/div><\/div>\n        <\/div>\n    <\/article><\/div>\n            <div class=\"clearfix\"><\/div>\n        <\/div>\t\t\t\t<\/div>\n\t\t\t\t\t<\/div>\n\t\t\t\t<\/div>\n\t\t\t\t<\/div>\n\t\t","protected":false},"excerpt":{"rendered":"<p>&#8220;Por muchos a\u00f1os estuve trabajando en soledad donde absolutamente nadie ve\u00eda mi obra&#8221;, expresa Ang\u00e9lica Serech (1982) tejedora kaqchiq&#8217;el, cuyo trabajo se expone en la 25 Bienal de Sydney, Australia y en el Museo de la Cruz Roja en Suiza Mientras se efect\u00faa esta entrevista, la artista maya kaqchiq&#8217;el Ang\u00e9lica Serech est\u00e1 tejiendo una nueva [&hellip;]<\/p>\n","protected":false},"author":7,"featured_media":55734,"comment_status":"open","ping_status":"open","sticky":false,"template":"","format":"standard","meta":{"_acf_changed":false,"_eb_attr":"","footnotes":""},"categories":[58],"tags":[],"class_list":["post-55733","post","type-post","status-publish","format-standard","has-post-thumbnail","hentry","category-guate-nuestra"],"acf":[],"aioseo_notices":[],"aioseo_head":"\n\t\t<!-- All in One SEO Pro 4.9.6.2 - aioseo.com -->\n\t<meta name=\"description\" content=\"El arte de Efra\u00edn Recinos (1928-2011) est\u00e1 por todas partes pero sin duda su mayor obra es el Gran Teatro Nacional. Due\u00f1o de un estilo \u00fanico e irrepetible, imagin\u00f3 y cre\u00f3.\" \/>\n\t<meta name=\"robots\" content=\"max-snippet:-1, max-image-preview:large, max-video-preview:-1\" \/>\n\t<meta name=\"author\" content=\"Marysabel Aldana\"\/>\n\t<link rel=\"canonical\" href=\"https:\/\/soymigrante.com\/revista\/efrain-recinos-un-genio-del-arte-guatemalteco-que-vivira-siempre\/\" \/>\n\t<meta name=\"generator\" content=\"All in One SEO Pro (AIOSEO) 4.9.6.2\" \/>\n\n\t\t<link rel=\"preconnect\" href=\"https:\/\/fonts.googleapis.com\" crossorigin>\n<link rel=\"preconnect\" href=\"https:\/\/fonts.gstatic.com\" crossorigin>\n\t\t<meta property=\"og:locale\" content=\"es_ES\" \/>\n\t\t<meta property=\"og:site_name\" content=\"SoyMigrante.com REVISTA \u2013 Nuestra misi\u00f3n es reconocer y dignificar al migrante.\" \/>\n\t\t<meta property=\"og:type\" content=\"article\" \/>\n\t\t<meta property=\"og:title\" content=\"Efra\u00edn Recinos y su genio monumental vive por siempre\" \/>\n\t\t<meta property=\"og:description\" content=\"El arte de Efra\u00edn Recinos (1928-2011) est\u00e1 por todas partes pero sin duda su mayor obra es el Gran Teatro Nacional. Due\u00f1o de un estilo \u00fanico e irrepetible, imagin\u00f3 y cre\u00f3.\" \/>\n\t\t<meta property=\"og:url\" content=\"https:\/\/soymigrante.com\/revista\/efrain-recinos-un-genio-del-arte-guatemalteco-que-vivira-siempre\/\" \/>\n\t\t<meta property=\"og:image\" content=\"https:\/\/soymigrante.com\/revista\/wp-content\/uploads\/2025\/09\/Guatemalita-de-Efrain-Recinos.png\" \/>\n\t\t<meta property=\"og:image:secure_url\" content=\"https:\/\/soymigrante.com\/revista\/wp-content\/uploads\/2025\/09\/Guatemalita-de-Efrain-Recinos.png\" \/>\n\t\t<meta property=\"og:image:width\" content=\"421\" \/>\n\t\t<meta property=\"og:image:height\" content=\"416\" \/>\n\t\t<meta property=\"article:published_time\" content=\"2025-09-03T14:00:00+00:00\" \/>\n\t\t<meta property=\"article:modified_time\" content=\"2025-10-30T15:27:12+00:00\" \/>\n\t\t<meta property=\"article:publisher\" content=\"https:\/\/www.facebook.com\/soymigrantecom\" \/>\n\t\t<meta name=\"twitter:card\" content=\"summary_large_image\" \/>\n\t\t<meta name=\"twitter:site\" content=\"@SoyMigrante_com\" \/>\n\t\t<meta name=\"twitter:title\" content=\"Efra\u00edn Recinos y su genio monumental vive por siempre\" \/>\n\t\t<meta name=\"twitter:description\" content=\"El arte de Efra\u00edn Recinos (1928-2011) est\u00e1 por todas partes pero sin duda su mayor obra es el Gran Teatro Nacional. Due\u00f1o de un estilo \u00fanico e irrepetible, imagin\u00f3 y cre\u00f3.\" \/>\n\t\t<meta name=\"twitter:creator\" content=\"@SoyMigrante_com\" \/>\n\t\t<meta name=\"twitter:image\" content=\"https:\/\/soymigrante.com\/revista\/wp-content\/uploads\/2025\/09\/Guatemalita-de-Efrain-Recinos.png\" \/>\n\t\t<!-- All in One SEO Pro -->\r\n\t\t<title>Efra\u00edn Recinos y su genio monumental vive por siempre<\/title>\n\n","aioseo_head_json":{"title":"Efra\u00edn Recinos y su genio monumental vive por siempre","description":"El arte de Efra\u00edn Recinos (1928-2011) est\u00e1 por todas partes pero sin duda su mayor obra es el Gran Teatro Nacional. Due\u00f1o de un estilo \u00fanico e irrepetible, imagin\u00f3 y cre\u00f3.","canonical_url":"https:\/\/soymigrante.com\/revista\/efrain-recinos-un-genio-del-arte-guatemalteco-que-vivira-siempre\/","robots":"max-snippet:-1, max-image-preview:large, max-video-preview:-1","keywords":"","webmasterTools":{"miscellaneous":"&lt;link rel=\"preconnect\" href=\"https:\/\/fonts.googleapis.com\" crossorigin&gt;\n&lt;link rel=\"preconnect\" href=\"https:\/\/fonts.gstatic.com\" crossorigin&gt;"},"schema":null,"og:locale":"es_ES","og:site_name":"SoyMigrante.com REVISTA \u2013 Nuestra misi\u00f3n es reconocer y dignificar al migrante.","og:type":"article","og:title":"Efra\u00edn Recinos y su genio monumental vive por siempre","og:description":"El arte de Efra\u00edn Recinos (1928-2011) est\u00e1 por todas partes pero sin duda su mayor obra es el Gran Teatro Nacional. Due\u00f1o de un estilo \u00fanico e irrepetible, imagin\u00f3 y cre\u00f3.","og:url":"https:\/\/soymigrante.com\/revista\/efrain-recinos-un-genio-del-arte-guatemalteco-que-vivira-siempre\/","og:image":"https:\/\/soymigrante.com\/revista\/wp-content\/uploads\/2025\/09\/Guatemalita-de-Efrain-Recinos.png","og:image:secure_url":"https:\/\/soymigrante.com\/revista\/wp-content\/uploads\/2025\/09\/Guatemalita-de-Efrain-Recinos.png","og:image:width":421,"og:image:height":416,"article:published_time":"2025-09-03T14:00:00+00:00","article:modified_time":"2025-10-30T15:27:12+00:00","article:publisher":"https:\/\/www.facebook.com\/soymigrantecom","twitter:card":"summary_large_image","twitter:site":"@SoyMigrante_com","twitter:title":"Efra\u00edn Recinos y su genio monumental vive por siempre","twitter:description":"El arte de Efra\u00edn Recinos (1928-2011) est\u00e1 por todas partes pero sin duda su mayor obra es el Gran Teatro Nacional. Due\u00f1o de un estilo \u00fanico e irrepetible, imagin\u00f3 y cre\u00f3.","twitter:creator":"@SoyMigrante_com","twitter:image":"https:\/\/soymigrante.com\/revista\/wp-content\/uploads\/2025\/09\/Guatemalita-de-Efrain-Recinos.png"},"aioseo_meta_data":{"post_id":"55733","title":"Tejedora maya Ang\u00e9lica Serech expone obra en Sydney y Suiza","description":"\"Vengo de familia de tejedores\": entrevista con la artista kaqchiq'el Ang\u00e9lica Serech, de San Juan Comalapa. Primera guatemalteca en el Museo Cruz Roja en Suiza","keywords":null,"keyphrases":{"focus":{"keyphrase":"Sydney","score":60,"analysis":{"keyphraseInTitle":{"score":9,"maxScore":9,"error":0},"keyphraseInDescription":{"score":3,"maxScore":9,"error":1},"keyphraseLength":{"score":9,"maxScore":9,"error":0,"length":1},"keyphraseInURL":{"score":5,"maxScore":5,"error":0},"keyphraseInIntroduction":{"score":3,"maxScore":9,"error":1},"keyphraseInSubHeadings":{"score":3,"maxScore":9,"error":1},"keyphraseInImageAlt":{"score":9,"maxScore":9,"error":0},"keywordDensity":{"score":0,"type":"low","maxScore":9,"error":1}}},"additional":[{"keyphrase":"Maya","score":53,"analysis":{"keyphraseInDescription":{"score":3,"maxScore":9,"error":1},"keyphraseLength":{"score":9,"maxScore":9,"error":0,"length":1},"keyphraseInIntroduction":{"score":9,"maxScore":9,"error":0},"keyphraseInImageAlt":{"score":3,"maxScore":9,"error":1},"keywordDensity":{"score":0,"type":"low","maxScore":9,"error":1}}},{"keyphrase":"artista","score":80,"analysis":{"keyphraseInDescription":{"score":9,"maxScore":9,"error":0},"keyphraseLength":{"score":9,"maxScore":9,"error":0,"length":1},"keyphraseInIntroduction":{"score":9,"maxScore":9,"error":0},"keyphraseInImageAlt":{"score":9,"maxScore":9,"error":0},"keywordDensity":{"score":0,"type":"low","maxScore":9,"error":1}}},{"keyphrase":"Serech","score":100,"analysis":{"keyphraseInDescription":{"score":9,"maxScore":9,"error":0},"keyphraseLength":{"score":9,"maxScore":9,"error":0,"length":1},"keyphraseInIntroduction":{"score":9,"maxScore":9,"error":0},"keyphraseInImageAlt":{"score":9,"maxScore":9,"error":0},"keywordDensity":{"type":"best","score":9,"maxScore":9,"error":0}}},{"keyphrase":"Suiza","score":53,"analysis":{"keyphraseInDescription":{"score":9,"maxScore":9,"error":0},"keyphraseLength":{"score":9,"maxScore":9,"error":0,"length":1},"keyphraseInIntroduction":{"score":3,"maxScore":9,"error":1},"keyphraseInImageAlt":{"score":3,"maxScore":9,"error":1},"keywordDensity":{"score":0,"type":"low","maxScore":9,"error":1}}},{"keyphrase":"Guatemalteca","score":53,"analysis":{"keyphraseInDescription":{"score":9,"maxScore":9,"error":0},"keyphraseLength":{"score":9,"maxScore":9,"error":0,"length":1},"keyphraseInIntroduction":{"score":3,"maxScore":9,"error":1},"keyphraseInImageAlt":{"score":3,"maxScore":9,"error":1},"keywordDensity":{"score":0,"type":"low","maxScore":9,"error":1}}}]},"primary_term":null,"canonical_url":null,"og_title":null,"og_description":null,"og_object_type":"default","og_image_type":"default","og_image_url":null,"og_image_width":null,"og_image_height":null,"og_image_custom_url":null,"og_image_custom_fields":null,"og_video":"","og_custom_url":null,"og_article_section":null,"og_article_tags":null,"twitter_use_og":false,"twitter_card":"default","twitter_image_type":"default","twitter_image_url":null,"twitter_image_custom_url":null,"twitter_image_custom_fields":null,"twitter_title":null,"twitter_description":null,"schema":{"blockGraphs":[],"customGraphs":[],"default":{"data":{"Article":[],"Course":[],"Dataset":[],"FAQPage":[],"Movie":[],"Person":[],"Product":[],"ProductReview":[],"Car":[],"Recipe":[],"Service":[],"SoftwareApplication":[],"WebPage":[]},"graphName":"NewsArticle","isEnabled":true},"graphs":[]},"schema_type":"default","schema_type_options":null,"pillar_content":false,"robots_default":true,"robots_noindex":false,"robots_noarchive":false,"robots_nosnippet":false,"robots_nofollow":false,"robots_noimageindex":false,"robots_noodp":false,"robots_notranslate":false,"robots_max_snippet":"-1","robots_max_videopreview":"-1","robots_max_imagepreview":"large","priority":null,"frequency":"default","local_seo":null,"seo_analyzer_scan_date":null,"breadcrumb_settings":null,"limit_modified_date":false,"reviewed_by":"0","open_ai":null,"ai":{"faqs":[],"keyPoints":[],"schemas":[],"titles":[],"descriptions":[],"socialPosts":{"email":[],"linkedin":[],"twitter":[],"facebook":[],"instagram":[]}},"created":"2026-04-30 17:05:40","updated":"2026-04-30 20:51:02"},"aioseo_breadcrumb":"<div class=\"aioseo-breadcrumbs\"><span class=\"aioseo-breadcrumb\">\n\t<a href=\"https:\/\/soymigrante.com\/revista\" title=\"Home\">Home<\/a>\n<\/span><span class=\"aioseo-breadcrumb-separator\">\u00bb<\/span><span class=\"aioseo-breadcrumb\">\n\t<a href=\"https:\/\/soymigrante.com\/revista\/category\/guate-nuestra\/\" title=\"Guate Nuestra\">Guate Nuestra<\/a>\n<\/span><span class=\"aioseo-breadcrumb-separator\">\u00bb<\/span><span class=\"aioseo-breadcrumb\">\n\t\u201cVengo de una cultura de tejedores\u201d: artista k\u2019aqchiq\u2019el Ang\u00e9lica Serech expone obras en Sydney y en Suiza\n<\/span><\/div>","aioseo_breadcrumb_json":[{"label":"Home","link":"https:\/\/soymigrante.com\/revista"},{"label":"Guate Nuestra","link":"https:\/\/soymigrante.com\/revista\/category\/guate-nuestra\/"},{"label":"&#8220;Vengo de una cultura de tejedores&#8221;: artista k&#8217;aqchiq&#8217;el Ang\u00e9lica Serech expone obras en Sydney y en Suiza","link":"https:\/\/soymigrante.com\/revista\/vengo-de-una-cultura-de-tejedores-artista-kaqchiqel-angelica-serech-expone-obras-en-sydney-y-en-suiza\/"}],"_links":{"self":[{"href":"https:\/\/soymigrante.com\/revista\/wp-json\/wp\/v2\/posts\/55733","targetHints":{"allow":["GET"]}}],"collection":[{"href":"https:\/\/soymigrante.com\/revista\/wp-json\/wp\/v2\/posts"}],"about":[{"href":"https:\/\/soymigrante.com\/revista\/wp-json\/wp\/v2\/types\/post"}],"author":[{"embeddable":true,"href":"https:\/\/soymigrante.com\/revista\/wp-json\/wp\/v2\/users\/7"}],"replies":[{"embeddable":true,"href":"https:\/\/soymigrante.com\/revista\/wp-json\/wp\/v2\/comments?post=55733"}],"version-history":[{"count":20,"href":"https:\/\/soymigrante.com\/revista\/wp-json\/wp\/v2\/posts\/55733\/revisions"}],"predecessor-version":[{"id":55760,"href":"https:\/\/soymigrante.com\/revista\/wp-json\/wp\/v2\/posts\/55733\/revisions\/55760"}],"wp:featuredmedia":[{"embeddable":true,"href":"https:\/\/soymigrante.com\/revista\/wp-json\/wp\/v2\/media\/55734"}],"wp:attachment":[{"href":"https:\/\/soymigrante.com\/revista\/wp-json\/wp\/v2\/media?parent=55733"}],"wp:term":[{"taxonomy":"category","embeddable":true,"href":"https:\/\/soymigrante.com\/revista\/wp-json\/wp\/v2\/categories?post=55733"},{"taxonomy":"post_tag","embeddable":true,"href":"https:\/\/soymigrante.com\/revista\/wp-json\/wp\/v2\/tags?post=55733"}],"curies":[{"name":"wp","href":"https:\/\/api.w.org\/{rel}","templated":true}]}}