{"id":55707,"date":"2026-04-30T07:01:07","date_gmt":"2026-04-30T13:01:07","guid":{"rendered":"https:\/\/soymigrante.com\/revista\/?p=55707"},"modified":"2026-04-30T07:01:18","modified_gmt":"2026-04-30T13:01:18","slug":"que-profundidad-tiene-el-hoyo-del-cimarron-en-nenton-huehuetenango-y-como-se-origino","status":"publish","type":"post","link":"https:\/\/soymigrante.com\/revista\/que-profundidad-tiene-el-hoyo-del-cimarron-en-nenton-huehuetenango-y-como-se-origino\/","title":{"rendered":"\u00bfQu\u00e9 profundidad tiene el Hoyo del Cimarr\u00f3n, en Nent\u00f3n, Huehuetenango y c\u00f3mo se origin\u00f3?"},"content":{"rendered":"\t\t<div data-elementor-type=\"wp-post\" data-elementor-id=\"55707\" class=\"elementor elementor-55707\" data-elementor-post-type=\"post\">\n\t\t\t\t<div data-particle_enable=\"false\" data-particle-mobile-disabled=\"false\" class=\"elementor-element elementor-element-2f1991b e-flex e-con-boxed e-con e-parent\" data-id=\"2f1991b\" data-element_type=\"container\" data-e-type=\"container\">\n\t\t\t\t\t<div class=\"e-con-inner\">\n\t\t\t\t<div class=\"elementor-element elementor-element-83279c9 elementor-widget elementor-widget-heading\" data-id=\"83279c9\" data-element_type=\"widget\" data-e-type=\"widget\" data-widget_type=\"heading.default\">\n\t\t\t\t\t<h3 class=\"elementor-heading-title elementor-size-default\">\u00bfEs verdad que se abri\u00f3 un camino veh\u00edcular para llegar muy cerca del agujero El Cimarr\u00f3n? Esta impresionante depresi\u00f3n rocosa enmedio de la llanura de Nent\u00f3n, Huehuetenango, es un fascinante atractivo tur\u00edstico.<\/h3>\t\t\t\t<\/div>\n\t\t\t\t\t<\/div>\n\t\t\t\t<\/div>\n\t\t<div data-particle_enable=\"false\" data-particle-mobile-disabled=\"false\" class=\"elementor-element elementor-element-0c0092b e-flex e-con-boxed e-con e-parent\" data-id=\"0c0092b\" data-element_type=\"container\" data-e-type=\"container\">\n\t\t\t\t\t<div class=\"e-con-inner\">\n\t\t\t\t<div class=\"elementor-element elementor-element-1bb3708 elementor-widget elementor-widget-text-editor\" data-id=\"1bb3708\" data-element_type=\"widget\" data-e-type=\"widget\" data-widget_type=\"text-editor.default\">\n\t\t\t\t\t\t\t\t\t<p>En lo m\u00e1s profundo del noroccidente de <a href=\"https:\/\/soymigrante.com\/revista\/departamentos-de-guatemala-huehuetenango-la-tierra-de-kaibil-balam-tesoro-cultural-y-natural\/\">Huehuetenango,<\/a> donde el paisaje \u00e1rido de los Cuchumatanes contrasta con misterios naturales a\u00fan no del todo explicados, se abre una de las maravillas geol\u00f3gicas m\u00e1s impactantes y por ende uno de los lugares tur\u00edsticos m\u00e1s \u00fanicos de <a href=\"https:\/\/soymigrante.com\/revista\/22-departamentos-de-guatemala-un-corazon-multicultural-compartido\/\">Guatemala<\/a>: el gigantesco agujero conocido como El Cimarr\u00f3n, tambi\u00e9n llamado Hoyo del Cimarr\u00f3n.\u00a0<\/p><p>Ubicado en el municipio de Nent\u00f3n, este destino mezcla ciencia, aventura y leyenda en una experiencia que deja sin aliento a cualquier visitante.<\/p><h3>\u00bfQu\u00e9 es El Cimarr\u00f3n y por qu\u00e9 impresiona tanto?<\/h3><p>El Cimarr\u00f3n es una formaci\u00f3n geol\u00f3gica monumental que sorprende por su forma redonda casi perfecta y su impresionante tama\u00f1o. Desde el borde del precipicio, la vista revela un cilindro profundo que alberga en su interior un <strong><a href=\"https:\/\/soymigrante.com\/revista\/ecoturismo-en-guatemala\/\">bosque <\/a>verde y denso<\/strong>, creando un microecosistema \u00fanico en contraste con el paisaje seco de la superficie.<\/p>\t\t\t\t\t\t\t\t<\/div>\n\t\t\t\t\t<\/div>\n\t\t\t\t<\/div>\n\t\t<div data-particle_enable=\"false\" data-particle-mobile-disabled=\"false\" class=\"elementor-element elementor-element-bc98203 e-flex e-con-boxed e-con e-parent\" data-id=\"bc98203\" data-element_type=\"container\" data-e-type=\"container\">\n\t\t\t\t\t<div class=\"e-con-inner\">\n\t\t\t\t<div class=\"elementor-element elementor-element-5fa8f7c elementor-widget elementor-widget-image\" data-id=\"5fa8f7c\" data-element_type=\"widget\" data-e-type=\"widget\" data-widget_type=\"image.default\">\n\t\t\t\t\t\t\t\t\t\t\t\t<figure class=\"wp-caption\">\n\t\t\t\t\t\t\t\t\t\t<img fetchpriority=\"high\" decoding=\"async\" width=\"974\" height=\"675\" src=\"https:\/\/soymigrante.com\/revista\/wp-content\/uploads\/2026\/04\/Hoyo-del-Cimarron-Huehuetenango-Nenton-Lugares-turisticos-de-Guatemala.png\" class=\"attachment-large size-large wp-image-55713\" alt=\"Hoyo del Cimarron Huehuetenango Nent\u00f3n Lugares turisticos de Guatemala\" srcset=\"https:\/\/soymigrante.com\/revista\/wp-content\/uploads\/2026\/04\/Hoyo-del-Cimarron-Huehuetenango-Nenton-Lugares-turisticos-de-Guatemala.png 974w, https:\/\/soymigrante.com\/revista\/wp-content\/uploads\/2026\/04\/Hoyo-del-Cimarron-Huehuetenango-Nenton-Lugares-turisticos-de-Guatemala-300x208.png 300w, https:\/\/soymigrante.com\/revista\/wp-content\/uploads\/2026\/04\/Hoyo-del-Cimarron-Huehuetenango-Nenton-Lugares-turisticos-de-Guatemala-768x532.png 768w, https:\/\/soymigrante.com\/revista\/wp-content\/uploads\/2026\/04\/Hoyo-del-Cimarron-Huehuetenango-Nenton-Lugares-turisticos-de-Guatemala-750x520.png 750w\" sizes=\"(max-width: 974px) 100vw, 974px\" \/>\t\t\t\t\t\t\t\t\t\t\t<figcaption class=\"widget-image-caption wp-caption-text\">El Hoyo del Cimarr\u00f3n se encuentra enmedio de la meseta de Nent\u00f3n, Huehuetenango. Fotograf\u00eda Abel Ju\u00e1rez<\/figcaption>\n\t\t\t\t\t\t\t\t\t\t<\/figure>\n\t\t\t\t\t\t\t\t\t<\/div>\n\t\t\t\t\t<\/div>\n\t\t\t\t<\/div>\n\t\t<div data-particle_enable=\"false\" data-particle-mobile-disabled=\"false\" class=\"elementor-element elementor-element-1287260 e-flex e-con-boxed e-con e-parent\" data-id=\"1287260\" data-element_type=\"container\" data-e-type=\"container\">\n\t\t\t\t\t<div class=\"e-con-inner\">\n\t\t\t\t<div class=\"elementor-element elementor-element-c744405 elementor-widget elementor-widget-text-editor\" data-id=\"c744405\" data-element_type=\"widget\" data-e-type=\"widget\" data-widget_type=\"text-editor.default\">\n\t\t\t\t\t\t\t\t\t<p><span style=\"color: #000000; font-family: Mulish, sans-serif; font-size: 29px; font-weight: bold;\">\u00bfQu\u00e9 profundidad tiene?<\/span><\/p>\n<p>El Cimarr\u00f3n alcanza aproximadamente <strong>200 metros de profundidad<\/strong> y cerca de <strong>170 metros de di\u00e1metro<\/strong>. Esta magnitud lo convierte en uno de los accidentes geogr\u00e1ficos m\u00e1s impresionantes de Guatemala, capaz de generar v\u00e9rtigo y asombro con solo observarlo desde su borde.<\/p>\n<h3>\u00bfC\u00f3mo se form\u00f3?<\/h3>\n<p>Aunque no existen estudios concluyentes, la teor\u00eda m\u00e1s aceptada indica que El Cimarr\u00f3n se origin\u00f3 en un terreno de <strong>tipo k\u00e1rstico, compuesto principalmente por roca caliza<\/strong>, similar al del fondo de los cenotes como la <a href=\"https:\/\/soymigrante.com\/revista\/yolnabaj-es-su-nombre-original-pero-tambien-le-llaman-laguna-brava\/\">Laguna de Candelaria<\/a>. En este tipo de suelo, el agua subterr\u00e1nea disuelve lentamente la roca, formando cavidades internas.<\/p>\n<p>Con el paso del tiempo, la acci\u00f3n de un <strong>r\u00edo subterr\u00e1neo<\/strong> habr\u00eda debilitado la estructura hasta provocar el colapso de la superficie, dando lugar al enorme socav\u00f3n que hoy se observa, con un ecosistema propio en su interior.<\/p>\n<p><b>Mira esta fotograf\u00eda 360 y an\u00edmate a visitarlo<\/b><\/p>\t\t\t\t\t\t\t\t<\/div>\n\t\t\t\t\t<\/div>\n\t\t\t\t<\/div>\n\t\t<div data-particle_enable=\"false\" data-particle-mobile-disabled=\"false\" class=\"elementor-element elementor-element-0abd2fc e-flex e-con-boxed e-con e-parent\" data-id=\"0abd2fc\" data-element_type=\"container\" data-e-type=\"container\">\n\t\t\t\t\t<div class=\"e-con-inner\">\n\t\t\t\t<div class=\"elementor-element elementor-element-8b80806 elementor-widget elementor-widget-html\" data-id=\"8b80806\" data-element_type=\"widget\" data-e-type=\"widget\" data-widget_type=\"html.default\">\n\t\t\t\t\t<iframe src=\"https:\/\/www.google.com\/maps\/embed?pb=!4v1777553293572!6m8!1m7!1sCAoSF0NJSE0wb2dLRUlDQWdJRDRtOGZiLWdF!2m2!1d16.00432005822662!2d-91.70962257651357!3f205.22773841374902!4f-19.541580953717116!5f0.4000000000000002\" width=\"600\" height=\"450\" style=\"border:0;\" allowfullscreen=\"\" loading=\"lazy\" referrerpolicy=\"no-referrer-when-downgrade\"><\/iframe>\t\t\t\t<\/div>\n\t\t\t\t\t<\/div>\n\t\t\t\t<\/div>\n\t\t<div data-particle_enable=\"false\" data-particle-mobile-disabled=\"false\" class=\"elementor-element elementor-element-36d490c e-flex e-con-boxed e-con e-parent\" data-id=\"36d490c\" data-element_type=\"container\" data-e-type=\"container\">\n\t\t\t\t\t<div class=\"e-con-inner\">\n\t\t\t\t<div class=\"elementor-element elementor-element-222944e elementor-widget elementor-widget-text-editor\" data-id=\"222944e\" data-element_type=\"widget\" data-e-type=\"widget\" data-widget_type=\"text-editor.default\">\n\t\t\t\t\t\t\t\t\t<p><span style=\"color: #000000; font-family: Mulish, sans-serif; font-size: 29px; font-weight: bold;\">\u00bfQu\u00e9 historias y misterios rodean este lugar?<\/span><\/p><p>La falta de investigaci\u00f3n profunda ha alimentado relatos que forman parte del atractivo. En las comunidades cercanas se habla de <strong>tesoros perdidos, desapariciones e incluso fen\u00f3menos inexplicables<\/strong>. Uno de tales relatos es acerca de un hombre codicioso, que tem\u00eda perder sus joyas y riquezas. As\u00ed, que desesperado por la avaricia y sin ning\u00fan af\u00e1n por compartir lo que ten\u00eda, lanz\u00f3 todo al Hoyo del Cimarr\u00f3n. Se supone que en alg\u00fan lugar del fondo est\u00e1n las joyas. (Pero es una leyenda)<\/p><h3>\u00bfC\u00f3mo se llega a El Cimarr\u00f3n?<\/h3><ul><li>Desde <a href=\"https:\/\/soymigrante.com\/revista\/departamentos-de-guatemala-huehuetenango-la-tierra-de-kaibil-balam-tesoro-cultural-y-natural\/\">la cabecera de Huehuetenango,<\/a> dir\u00edgete hacia el municipio de Nent\u00f3n. Para viajar desde la capital de <a href=\"https:\/\/soymigrante.com\/revista\/22-departamentos-de-guatemala-un-corazon-multicultural-compartido\/\">Guatemala<\/a>, es necesario contemplar al menos dos d\u00edas para ir y regresar.<\/li><li>El acceso final se realiza por la comunidad <strong>La Trinidad<\/strong>.<\/li><li>Debes dejar el veh\u00edculo y continuar con una <strong>caminata de unos 3 km (45\u201350 minutos)<\/strong> por sendero rocoso.<\/li><\/ul><p>El trayecto ya es parte de la experiencia: monta\u00f1as, paisajes rurales y vistas abiertas del altiplano guatemalteco.<\/p>\t\t\t\t\t\t\t\t<\/div>\n\t\t\t\t\t<\/div>\n\t\t\t\t<\/div>\n\t\t<div data-particle_enable=\"false\" data-particle-mobile-disabled=\"false\" class=\"elementor-element elementor-element-8147f71 e-flex e-con-boxed e-con e-parent\" data-id=\"8147f71\" data-element_type=\"container\" data-e-type=\"container\">\n\t\t\t\t\t<div class=\"e-con-inner\">\n\t\t\t\t<div class=\"elementor-element elementor-element-46f20c9 elementor-widget elementor-widget-html\" data-id=\"46f20c9\" data-element_type=\"widget\" data-e-type=\"widget\" data-widget_type=\"html.default\">\n\t\t\t\t\t<iframe src=\"https:\/\/www.google.com\/maps\/embed?pb=!1m28!1m12!1m3!1d1266503.9152149!2d-92.99121364235754!3d15.022641568242918!2m3!1f0!2f0!3f0!3m2!1i1024!2i768!4f13.1!4m13!3e0!4m5!1s0x8589a180655c3345%3A0x4a72c7815b867b25!2sGuatemala%20City%2C%20Guatemala!3m2!1d14.6349149!2d-90.5068824!4m5!1s0x858ce5043c62827d%3A0x18086e6bf6f2dd58!2sEl%20Cimarr%C3%B3n%2C%20273R%2BF8R!3m2!1d16.0037451!2d-91.709222!5e1!3m2!1ses!2sgt!4v1777553448393!5m2!1ses!2sgt\" width=\"600\" height=\"450\" style=\"border:0;\" allowfullscreen=\"\" loading=\"lazy\" referrerpolicy=\"no-referrer-when-downgrade\"><\/iframe>\t\t\t\t<\/div>\n\t\t\t\t\t<\/div>\n\t\t\t\t<\/div>\n\t\t<div data-particle_enable=\"false\" data-particle-mobile-disabled=\"false\" class=\"elementor-element elementor-element-73275a2 e-flex e-con-boxed e-con e-parent\" data-id=\"73275a2\" data-element_type=\"container\" data-e-type=\"container\">\n\t\t\t\t\t<div class=\"e-con-inner\">\n\t\t\t\t<div class=\"elementor-element elementor-element-0e2be6d elementor-widget elementor-widget-text-editor\" data-id=\"0e2be6d\" data-element_type=\"widget\" data-e-type=\"widget\" data-widget_type=\"text-editor.default\">\n\t\t\t\t\t\t\t\t\t<p><span style=\"color: #000000; font-family: Mulish, sans-serif; font-size: 29px; font-weight: bold;\">\u00bfQu\u00e9 deben tomar en cuenta los turistas antes de visitarlo?<\/span><\/p><ul><li><strong>Seguridad ante todo:<\/strong> No te acerques demasiado al borde, ya que no hay barandas ni protecci\u00f3n. El descenso no es turismo convencional y requiere equipo t\u00e9cnico profesional.<\/li><li><strong>Contrata gu\u00eda local:<\/strong> Es recomendable para orientarte mejor y apoyar la econom\u00eda comunitaria.<\/li><li><strong>Prep\u00e1rate f\u00edsicamente:<\/strong> Lleva suficiente agua y alimentos, ya que no hay servicios en el \u00e1rea. Usa calzado adecuado para terreno irregular.<\/li><li><strong>Precauci\u00f3n:<\/strong> Puede haber presencia de abejas, serpientes y otros animales. Mant\u00e9n distancia y evita alterar el entorno.<\/li><li><strong>Respeto ambiental:<\/strong> No dejes basura y evita da\u00f1ar la flora y fauna del lugar.<\/li><\/ul>\t\t\t\t\t\t\t\t<\/div>\n\t\t\t\t\t<\/div>\n\t\t\t\t<\/div>\n\t\t<div data-particle_enable=\"false\" data-particle-mobile-disabled=\"false\" class=\"elementor-element elementor-element-86336e0 e-flex e-con-boxed e-con e-parent\" data-id=\"86336e0\" data-element_type=\"container\" data-e-type=\"container\">\n\t\t\t\t\t<div class=\"e-con-inner\">\n\t\t\t\t<div class=\"elementor-element elementor-element-9c59040 elementor-widget elementor-widget-html\" data-id=\"9c59040\" data-element_type=\"widget\" data-e-type=\"widget\" data-widget_type=\"html.default\">\n\t\t\t\t\t<iframe width=\"560\" height=\"415\" src=\"https:\/\/www.youtube.com\/embed\/yw2RrXZmdHs?si=2A7UzRZCS7MNJERH\" title=\"YouTube video player\" frameborder=\"0\" allow=\"accelerometer; autoplay; clipboard-write; encrypted-media; gyroscope; picture-in-picture; web-share\" referrerpolicy=\"strict-origin-when-cross-origin\" allowfullscreen><\/iframe>\t\t\t\t<\/div>\n\t\t\t\t\t<\/div>\n\t\t\t\t<\/div>\n\t\t<div data-particle_enable=\"false\" data-particle-mobile-disabled=\"false\" class=\"elementor-element elementor-element-5c6593f e-flex e-con-boxed e-con e-parent\" data-id=\"5c6593f\" data-element_type=\"container\" data-e-type=\"container\">\n\t\t\t\t\t<div class=\"e-con-inner\">\n\t\t\t\t<div class=\"elementor-element elementor-element-7627486 elementor-widget elementor-widget-text-editor\" data-id=\"7627486\" data-element_type=\"widget\" data-e-type=\"widget\" data-widget_type=\"text-editor.default\">\n\t\t\t\t\t\t\t\t\t<h3>\u00bfEs verdad que se abri\u00f3 un camino vehicular hasta El Cimarr\u00f3n?<\/h3><p>S\u00ed. Autoridades locales abrieron un camino de terracer\u00eda\u00a0<strong>que permite el acceso vehicular<\/strong> hasta las cercan\u00edas del borde de El Cimarr\u00f3n. Esto marca un cambio significativo respecto a la experiencia tradicional, que implicaba una caminata de aproximadamente 45 minutos (unos 2.3 kil\u00f3metros) a trav\u00e9s de senderos naturales.<\/p><p>Es posible llegar en <strong>motocicleta, pick-up o tuc-tuc<\/strong>, lo que facilita el acceso a m\u00e1s visitantes, incluyendo personas con limitaciones f\u00edsicas o poco tiempo disponible.\u00a0 Sin embargo, esta transformaci\u00f3n tambi\u00e9n implica un cambio en el entorno: el silencio y la conexi\u00f3n con la naturaleza que caracterizaban el recorrido ahora tendr\u00e1n\u00a0<strong>ruido de motores y un mayor flujo de visitantes<\/strong>.\u00a0<\/p>\t\t\t\t\t\t\t\t<\/div>\n\t\t\t\t\t<\/div>\n\t\t\t\t<\/div>\n\t\t<div data-particle_enable=\"false\" data-particle-mobile-disabled=\"false\" class=\"elementor-element elementor-element-aba7592 e-flex e-con-boxed e-con e-parent\" data-id=\"aba7592\" data-element_type=\"container\" data-e-type=\"container\">\n\t\t\t\t\t<div class=\"e-con-inner\">\n\t\t\t\t<div class=\"elementor-element elementor-element-45de2e1 elementor-widget elementor-widget-image\" data-id=\"45de2e1\" data-element_type=\"widget\" data-e-type=\"widget\" data-widget_type=\"image.default\">\n\t\t\t\t\t\t\t\t\t\t\t\t<figure class=\"wp-caption\">\n\t\t\t\t\t\t\t\t\t\t\t<a href=\"https:\/\/www.facebook.com\/share\/p\/1B1mWTWgb4\/\">\n\t\t\t\t\t\t\t<img decoding=\"async\" width=\"1140\" height=\"855\" src=\"https:\/\/soymigrante.com\/revista\/wp-content\/uploads\/2026\/04\/carretera-a-El-Cimarron-en-Nenton-Huehuetenango-1140x855.jpg\" class=\"attachment-large size-large wp-image-55714\" alt=\"Recientemente se abri\u00f3 un camino de terracer\u00eda que permite la llegada de veh\u00edculos hasta muy cerca de el hoyo del Cimarr\u00f3n. Para algunos pobladores esto romper\u00e1 con el tradicional silencio del \u00e1rea, pero para otros ser\u00e1 un impulso al turismo local. (Foto FB Reyes Qui\u00f1\u00f3nez 22 de abril 2026)\" srcset=\"https:\/\/soymigrante.com\/revista\/wp-content\/uploads\/2026\/04\/carretera-a-El-Cimarron-en-Nenton-Huehuetenango-1140x855.jpg 1140w, https:\/\/soymigrante.com\/revista\/wp-content\/uploads\/2026\/04\/carretera-a-El-Cimarron-en-Nenton-Huehuetenango-300x225.jpg 300w, https:\/\/soymigrante.com\/revista\/wp-content\/uploads\/2026\/04\/carretera-a-El-Cimarron-en-Nenton-Huehuetenango-768x576.jpg 768w, https:\/\/soymigrante.com\/revista\/wp-content\/uploads\/2026\/04\/carretera-a-El-Cimarron-en-Nenton-Huehuetenango-1536x1152.jpg 1536w, https:\/\/soymigrante.com\/revista\/wp-content\/uploads\/2026\/04\/carretera-a-El-Cimarron-en-Nenton-Huehuetenango-750x563.jpg 750w, https:\/\/soymigrante.com\/revista\/wp-content\/uploads\/2026\/04\/carretera-a-El-Cimarron-en-Nenton-Huehuetenango.jpg 2048w\" sizes=\"(max-width: 1140px) 100vw, 1140px\" \/>\t\t\t\t\t\t\t\t<\/a>\n\t\t\t\t\t\t\t\t\t\t\t<figcaption class=\"widget-image-caption wp-caption-text\">Recientemente se abri\u00f3 un camino de terracer\u00eda que permite la llegada de  veh\u00edculos hasta muy cerca de el hoyo del Cimarr\u00f3n. Para algunos pobladores esto romper\u00e1 con el tradicional silencio del \u00e1rea, pero para otros ser\u00e1 un impulso al turismo local. (Foto FB Reyes Qui\u00f1\u00f3nez 22 de abril 2026)<\/figcaption>\n\t\t\t\t\t\t\t\t\t\t<\/figure>\n\t\t\t\t\t\t\t\t\t<\/div>\n\t\t\t\t\t<\/div>\n\t\t\t\t<\/div>\n\t\t<div data-particle_enable=\"false\" data-particle-mobile-disabled=\"false\" class=\"elementor-element elementor-element-3aecbc6 e-flex e-con-boxed e-con e-parent\" data-id=\"3aecbc6\" data-element_type=\"container\" data-e-type=\"container\">\n\t\t\t\t\t<div class=\"e-con-inner\">\n\t\t\t\t<div class=\"elementor-element elementor-element-00a936a elementor-widget elementor-widget-heading\" data-id=\"00a936a\" data-element_type=\"widget\" data-e-type=\"widget\" data-widget_type=\"heading.default\">\n\t\t\t\t\t<h2 class=\"elementor-heading-title elementor-size-default\">Quiz\u00e1 tambi\u00e9n te podr\u00eda interesar<\/h2>\t\t\t\t<\/div>\n\t\t\t\t\t<\/div>\n\t\t\t\t<\/div>\n\t\t<div data-particle_enable=\"false\" data-particle-mobile-disabled=\"false\" class=\"elementor-element elementor-element-ed27461 e-flex e-con-boxed e-con e-parent\" data-id=\"ed27461\" data-element_type=\"container\" data-e-type=\"container\">\n\t\t\t\t\t<div class=\"e-con-inner\">\n\t\t\t\t<div class=\"elementor-element elementor-element-e5b03aa elementor-grid-eael-col-3 elementor-grid-tablet-eael-col-2 elementor-grid-mobile-eael-col-1 elementor-widget elementor-widget-eael-post-grid\" data-id=\"e5b03aa\" data-element_type=\"widget\" data-e-type=\"widget\" data-settings=\"{&quot;eael_post_grid_columns&quot;:&quot;eael-col-3&quot;,&quot;eael_post_grid_columns_tablet&quot;:&quot;eael-col-2&quot;,&quot;eael_post_grid_columns_mobile&quot;:&quot;eael-col-1&quot;}\" data-widget_type=\"eael-post-grid.default\">\n\t\t\t\t\t<div id=\"eael-post-grid-e5b03aa\" class=\"eael-post-grid-container\">\n            <div class=\"eael-post-grid eael-post-appender eael-post-appender-e5b03aa eael-post-grid-style-one\" data-layout-mode=\"masonry\"><article class=\"eael-grid-post  eael-post-grid-column eael-pg-post-53936 category-nombres-de-guatemala tags-abc-de-nombres-de-lugares-de-guatemala\" data-id=\"53936\">\n        <div class=\"eael-grid-post-holder\">\n            <div class=\"eael-grid-post-holder-inner\"><div class=\"eael-entry-media\"><div class=\"eael-entry-overlay fade-in\"><i class=\"far fa-hand-pointer\" aria-hidden=\"true\"><\/i><a href=\"https:\/\/soymigrante.com\/revista\/que-significan-nombres-de-lugares-de-guatemala-letra-p\/\"><\/a><\/div><div class=\"eael-entry-thumbnail eael-image-ratio\">\n                <img decoding=\"async\" width=\"1024\" height=\"1024\" src=\"https:\/\/soymigrante.com\/revista\/wp-content\/uploads\/2026\/03\/significados-nombres-guatemala-letra-P-1024x1024.png\" class=\"attachment-large size-large wp-image-53937\" alt=\"significados nombres guatemala letra P\" srcset=\"https:\/\/soymigrante.com\/revista\/wp-content\/uploads\/2026\/03\/significados-nombres-guatemala-letra-P-1024x1024.png 1024w, https:\/\/soymigrante.com\/revista\/wp-content\/uploads\/2026\/03\/significados-nombres-guatemala-letra-P-300x300.png 300w, https:\/\/soymigrante.com\/revista\/wp-content\/uploads\/2026\/03\/significados-nombres-guatemala-letra-P-150x150.png 150w, https:\/\/soymigrante.com\/revista\/wp-content\/uploads\/2026\/03\/significados-nombres-guatemala-letra-P-768x768.png 768w, https:\/\/soymigrante.com\/revista\/wp-content\/uploads\/2026\/03\/significados-nombres-guatemala-letra-P-1536x1536.png 1536w, https:\/\/soymigrante.com\/revista\/wp-content\/uploads\/2026\/03\/significados-nombres-guatemala-letra-P-2048x2048.png 2048w, https:\/\/soymigrante.com\/revista\/wp-content\/uploads\/2026\/03\/significados-nombres-guatemala-letra-P-75x75.png 75w, https:\/\/soymigrante.com\/revista\/wp-content\/uploads\/2026\/03\/significados-nombres-guatemala-letra-P-750x750.png 750w, https:\/\/soymigrante.com\/revista\/wp-content\/uploads\/2026\/03\/significados-nombres-guatemala-letra-P-1140x1140.png 1140w\" sizes=\"(max-width: 1024px) 100vw, 1024px\" \/>\n            <\/div>\n        <\/div><div class=\"eael-entry-wrapper\"><header class=\"eael-entry-header\"><h2 class=\"eael-entry-title\"><a class=\"eael-grid-post-link\" href=\"https:\/\/soymigrante.com\/revista\/que-significan-nombres-de-lugares-de-guatemala-letra-p\/\" title=\"\u00bfQu\u00e9 significan  nombres de lugares de Guatemala? Letra P\">\u00bfQu\u00e9 significan  nombres de lugares de Guatemala? Letra P<\/a><\/h2><\/header><div class=\"eael-entry-content\">\n                        <div class=\"eael-grid-post-excerpt\"><a href=\"https:\/\/soymigrante.com\/revista\/que-significan-nombres-de-lugares-de-guatemala-letra-p\/\" class=\"eael-post-elements-readmore-btn\">CONOCE SU HISTORIA <\/a><\/div>\n                    <\/div><\/div><\/div>\n        <\/div>\n    <\/article><article class=\"eael-grid-post  eael-post-grid-column eael-pg-post-36513 category-guate-nuestra\" data-id=\"36513\">\n        <div class=\"eael-grid-post-holder\">\n            <div class=\"eael-grid-post-holder-inner\"><div class=\"eael-entry-media\"><div class=\"eael-entry-overlay fade-in\"><i class=\"far fa-hand-pointer\" aria-hidden=\"true\"><\/i><a href=\"https:\/\/soymigrante.com\/revista\/visita-camina-y-respira-por-los-pulmones-verdes-de-la-ciudad-de-guatemala\/\"><\/a><\/div><div class=\"eael-entry-thumbnail eael-image-ratio\">\n                <img loading=\"lazy\" decoding=\"async\" width=\"819\" height=\"1024\" src=\"https:\/\/soymigrante.com\/revista\/wp-content\/uploads\/2025\/06\/Parque-ecologico-819x1024.jpg\" class=\"attachment-large size-large wp-image-36514\" alt=\"Personas disfrutando de un paseo por la naturaleza en un mirador de madera con vista a \u00e1rboles y paisaje forestal. Familia con perros y ni\u00f1os en un entorno al aire libre, promoviendo el turismo y la vida saludable.\" srcset=\"https:\/\/soymigrante.com\/revista\/wp-content\/uploads\/2025\/06\/Parque-ecologico-819x1024.jpg 819w, https:\/\/soymigrante.com\/revista\/wp-content\/uploads\/2025\/06\/Parque-ecologico-240x300.jpg 240w, https:\/\/soymigrante.com\/revista\/wp-content\/uploads\/2025\/06\/Parque-ecologico-768x960.jpg 768w, https:\/\/soymigrante.com\/revista\/wp-content\/uploads\/2025\/06\/Parque-ecologico-750x938.webp 750w, https:\/\/soymigrante.com\/revista\/wp-content\/uploads\/2025\/06\/Parque-ecologico.webp 1080w\" sizes=\"(max-width: 819px) 100vw, 819px\" \/>\n            <\/div>\n        <\/div><div class=\"eael-entry-wrapper\"><header class=\"eael-entry-header\"><h2 class=\"eael-entry-title\"><a class=\"eael-grid-post-link\" href=\"https:\/\/soymigrante.com\/revista\/visita-camina-y-respira-por-los-pulmones-verdes-de-la-ciudad-de-guatemala\/\" title=\"Visita, camina y respira por los pulmones verdes de la ciudad de Guatemala\">Visita, camina y respira por los pulmones verdes de la ciudad de Guatemala<\/a><\/h2><\/header><div class=\"eael-entry-content\">\n                        <div class=\"eael-grid-post-excerpt\"><a href=\"https:\/\/soymigrante.com\/revista\/visita-camina-y-respira-por-los-pulmones-verdes-de-la-ciudad-de-guatemala\/\" class=\"eael-post-elements-readmore-btn\">CONOCE SU HISTORIA <\/a><\/div>\n                    <\/div><\/div><\/div>\n        <\/div>\n    <\/article><article class=\"eael-grid-post  eael-post-grid-column eael-pg-post-9789 category-guate-nuestra\" data-id=\"9789\">\n        <div class=\"eael-grid-post-holder\">\n            <div class=\"eael-grid-post-holder-inner\"><div class=\"eael-entry-media\"><div class=\"eael-entry-overlay fade-in\"><i class=\"far fa-hand-pointer\" aria-hidden=\"true\"><\/i><a href=\"https:\/\/soymigrante.com\/revista\/migrantes-pueden-vivir-las-fiestas-de-fin-de-ano-en-usa-sin-perder-identidad-claves-para-lograrlo\/\"><\/a><\/div><div class=\"eael-entry-thumbnail eael-image-ratio\">\n                <img loading=\"lazy\" decoding=\"async\" width=\"744\" height=\"744\" src=\"https:\/\/soymigrante.com\/revista\/wp-content\/uploads\/2024\/09\/Los-migrantes-guatemaltecos-pueden-vivir-las-festividades-asi-5-e1727459503711.webp\" class=\"attachment-large size-large wp-image-9790\" alt=\"\u00c1rbol de Navidad decorado con luces, adornos plateados y cinta decorativa, en sal\u00f3n familiar con decoraciones navide\u00f1as tradicionales para crear ambiente festivo y acogedor.\" srcset=\"https:\/\/soymigrante.com\/revista\/wp-content\/uploads\/2024\/09\/Los-migrantes-guatemaltecos-pueden-vivir-las-festividades-asi-5-e1727459503711.webp 744w, https:\/\/soymigrante.com\/revista\/wp-content\/uploads\/2024\/09\/Los-migrantes-guatemaltecos-pueden-vivir-las-festividades-asi-5-e1727459503711-300x300.webp 300w, https:\/\/soymigrante.com\/revista\/wp-content\/uploads\/2024\/09\/Los-migrantes-guatemaltecos-pueden-vivir-las-festividades-asi-5-e1727459503711-150x150.webp 150w, https:\/\/soymigrante.com\/revista\/wp-content\/uploads\/2024\/09\/Los-migrantes-guatemaltecos-pueden-vivir-las-festividades-asi-5-e1727459503711-75x75.webp 75w\" sizes=\"(max-width: 744px) 100vw, 744px\" \/>\n            <\/div>\n        <\/div><div class=\"eael-entry-wrapper\"><header class=\"eael-entry-header\"><h2 class=\"eael-entry-title\"><a class=\"eael-grid-post-link\" href=\"https:\/\/soymigrante.com\/revista\/migrantes-pueden-vivir-las-fiestas-de-fin-de-ano-en-usa-sin-perder-identidad-claves-para-lograrlo\/\" title=\"Migrantes pueden vivir las fiestas de fin de a\u00f1o en USA sin perder identidad: claves para lograrlo\">Migrantes pueden vivir las fiestas de fin de a\u00f1o en USA sin perder identidad: claves para lograrlo<\/a><\/h2><\/header><div class=\"eael-entry-content\">\n                        <div class=\"eael-grid-post-excerpt\"><a href=\"https:\/\/soymigrante.com\/revista\/migrantes-pueden-vivir-las-fiestas-de-fin-de-ano-en-usa-sin-perder-identidad-claves-para-lograrlo\/\" class=\"eael-post-elements-readmore-btn\">CONOCE SU HISTORIA <\/a><\/div>\n                    <\/div><\/div><\/div>\n        <\/div>\n    <\/article><\/div>\n            <div class=\"clearfix\"><\/div>\n        <\/div>            <div class=\"eael-load-more-button-wrap eael-force-hide\">\n                <button class=\"eael-load-more-button\" id=\"eael-load-more-btn-e5b03aa\" data-widget-id=\"e5b03aa\" data-widget=\"e5b03aa\" data-page-id=\"55707\" data-template=\"{&quot;dir&quot;:&quot;lite&quot;,&quot;file_name&quot;:&quot;one.php&quot;,&quot;name&quot;:&quot;Post-Grid&quot;}\" data-class=\"Essential_Addons_Elementor\\Elements\\Post_Grid\" data-layout=\"masonry\" data-page=\"1\" data-args=\"orderby=rand&amp;order=desc&amp;ignore_sticky_posts=1&amp;post_status=publish&amp;posts_per_page=3&amp;offset=0&amp;post_type=post&amp;tax_query%5B0%5D%5Btaxonomy%5D=category&amp;tax_query%5B0%5D%5Bfield%5D=term_id&amp;tax_query%5B0%5D%5Bterms%5D%5B0%5D=58&amp;tax_query%5Brelation%5D=AND\" data-max-page=\"289\">\n                    <span class=\"eael-btn-loader button__loader\"><\/span>\n                    <span class=\"eael_load_more_text\">Load More<\/span>\n                <\/button>\n            <\/div>\n            \t\t\t\t<\/div>\n\t\t\t\t\t<\/div>\n\t\t\t\t<\/div>\n\t\t\t\t<\/div>\n\t\t","protected":false},"excerpt":{"rendered":"<p>\u00bfEs verdad que se abri\u00f3 un camino veh\u00edcular para llegar muy cerca del agujero El Cimarr\u00f3n? Esta impresionante depresi\u00f3n rocosa enmedio de la llanura de Nent\u00f3n, Huehuetenango, es un fascinante atractivo tur\u00edstico. En lo m\u00e1s profundo del noroccidente de Huehuetenango, donde el paisaje \u00e1rido de los Cuchumatanes contrasta con misterios naturales a\u00fan no del todo [&hellip;]<\/p>\n","protected":false},"author":1,"featured_media":55708,"comment_status":"open","ping_status":"open","sticky":false,"template":"","format":"standard","meta":{"_acf_changed":false,"_eb_attr":"","footnotes":""},"categories":[58,289],"tags":[],"class_list":["post-55707","post","type-post","status-publish","format-standard","has-post-thumbnail","hentry","category-guate-nuestra","category-riqueza-natural"],"acf":[],"aioseo_notices":[],"aioseo_head":"\n\t\t<!-- All in One SEO Pro 4.9.6.2 - aioseo.com -->\n\t<meta name=\"description\" content=\"Las fiestas en Guatemala son emblem\u00e1ticas, llenas de sabor, tradici\u00f3n y muy extra\u00f1adas en el extranjero, as\u00ed puede vivirlas.\" \/>\n\t<meta name=\"robots\" content=\"max-snippet:-1, max-image-preview:large, max-video-preview:-1\" \/>\n\t<meta name=\"author\" content=\"Marysabel Aldana\"\/>\n\t<link rel=\"canonical\" href=\"https:\/\/soymigrante.com\/revista\/migrantes-pueden-vivir-las-fiestas-de-fin-de-ano-en-usa-sin-perder-identidad-claves-para-lograrlo\/\" \/>\n\t<meta name=\"generator\" content=\"All in One SEO Pro (AIOSEO) 4.9.6.2\" \/>\n\n\t\t<link rel=\"preconnect\" href=\"https:\/\/fonts.googleapis.com\" crossorigin>\n<link rel=\"preconnect\" href=\"https:\/\/fonts.gstatic.com\" crossorigin>\n\t\t<meta property=\"og:locale\" content=\"es_ES\" \/>\n\t\t<meta property=\"og:site_name\" content=\"SoyMigrante.com REVISTA \u2013 Nuestra misi\u00f3n es reconocer y dignificar al migrante.\" \/>\n\t\t<meta property=\"og:type\" content=\"article\" \/>\n\t\t<meta property=\"og:title\" content=\"Migrantes pueden vivir las fiestas de fin de a\u00f1o en USA sin perder identidad: claves para lograrlo\" \/>\n\t\t<meta property=\"og:description\" content=\"Las fiestas en Guatemala son emblem\u00e1ticas, llenas de sabor, tradici\u00f3n y muy extra\u00f1adas en el extranjero, as\u00ed puede vivirlas.\" \/>\n\t\t<meta property=\"og:url\" content=\"https:\/\/soymigrante.com\/revista\/migrantes-pueden-vivir-las-fiestas-de-fin-de-ano-en-usa-sin-perder-identidad-claves-para-lograrlo\/\" \/>\n\t\t<meta property=\"og:image\" content=\"https:\/\/soymigrante.com\/revista\/wp-content\/uploads\/2024\/09\/Los-migrantes-guatemaltecos-pueden-vivir-las-festividades-asi-5-e1727459503711.webp\" \/>\n\t\t<meta property=\"og:image:secure_url\" content=\"https:\/\/soymigrante.com\/revista\/wp-content\/uploads\/2024\/09\/Los-migrantes-guatemaltecos-pueden-vivir-las-festividades-asi-5-e1727459503711.webp\" \/>\n\t\t<meta property=\"og:image:width\" content=\"744\" \/>\n\t\t<meta property=\"og:image:height\" content=\"744\" \/>\n\t\t<meta property=\"article:published_time\" content=\"2024-11-26T18:00:00+00:00\" \/>\n\t\t<meta property=\"article:modified_time\" content=\"2024-11-26T13:36:35+00:00\" \/>\n\t\t<meta property=\"article:publisher\" content=\"https:\/\/www.facebook.com\/soymigrantecom\" \/>\n\t\t<meta name=\"twitter:card\" content=\"summary_large_image\" \/>\n\t\t<meta name=\"twitter:site\" content=\"@SoyMigrante_com\" \/>\n\t\t<meta name=\"twitter:title\" content=\"Migrantes pueden vivir las fiestas de fin de a\u00f1o en USA sin perder identidad: claves para lograrlo\" \/>\n\t\t<meta name=\"twitter:description\" content=\"Las fiestas en Guatemala son emblem\u00e1ticas, llenas de sabor, tradici\u00f3n y muy extra\u00f1adas en el extranjero, as\u00ed puede vivirlas.\" \/>\n\t\t<meta name=\"twitter:creator\" content=\"@SoyMigrante_com\" \/>\n\t\t<meta name=\"twitter:image\" content=\"https:\/\/soymigrante.com\/revista\/wp-content\/uploads\/2024\/09\/Los-migrantes-guatemaltecos-pueden-vivir-las-festividades-asi-5-e1727459503711.webp\" \/>\n\t\t<!-- All in One SEO Pro -->\r\n\t\t<title>Migrantes pueden vivir las fiestas de fin de a\u00f1o en USA sin perder identidad: claves para lograrlo<\/title>\n\n","aioseo_head_json":{"title":"Migrantes pueden vivir las fiestas de fin de a\u00f1o en USA sin perder identidad: claves para lograrlo","description":"Las fiestas en Guatemala son emblem\u00e1ticas, llenas de sabor, tradici\u00f3n y muy extra\u00f1adas en el extranjero, as\u00ed puede vivirlas.","canonical_url":"https:\/\/soymigrante.com\/revista\/migrantes-pueden-vivir-las-fiestas-de-fin-de-ano-en-usa-sin-perder-identidad-claves-para-lograrlo\/","robots":"max-snippet:-1, max-image-preview:large, max-video-preview:-1","keywords":"","webmasterTools":{"miscellaneous":"&lt;link rel=\"preconnect\" href=\"https:\/\/fonts.googleapis.com\" crossorigin&gt;\n&lt;link rel=\"preconnect\" href=\"https:\/\/fonts.gstatic.com\" crossorigin&gt;"},"schema":null,"og:locale":"es_ES","og:site_name":"SoyMigrante.com REVISTA \u2013 Nuestra misi\u00f3n es reconocer y dignificar al migrante.","og:type":"article","og:title":"Migrantes pueden vivir las fiestas de fin de a\u00f1o en USA sin perder identidad: claves para lograrlo","og:description":"Las fiestas en Guatemala son emblem\u00e1ticas, llenas de sabor, tradici\u00f3n y muy extra\u00f1adas en el extranjero, as\u00ed puede vivirlas.","og:url":"https:\/\/soymigrante.com\/revista\/migrantes-pueden-vivir-las-fiestas-de-fin-de-ano-en-usa-sin-perder-identidad-claves-para-lograrlo\/","og:image":"https:\/\/soymigrante.com\/revista\/wp-content\/uploads\/2024\/09\/Los-migrantes-guatemaltecos-pueden-vivir-las-festividades-asi-5-e1727459503711.webp","og:image:secure_url":"https:\/\/soymigrante.com\/revista\/wp-content\/uploads\/2024\/09\/Los-migrantes-guatemaltecos-pueden-vivir-las-festividades-asi-5-e1727459503711.webp","og:image:width":744,"og:image:height":744,"article:published_time":"2024-11-26T18:00:00+00:00","article:modified_time":"2024-11-26T13:36:35+00:00","article:publisher":"https:\/\/www.facebook.com\/soymigrantecom","twitter:card":"summary_large_image","twitter:site":"@SoyMigrante_com","twitter:title":"Migrantes pueden vivir las fiestas de fin de a\u00f1o en USA sin perder identidad: claves para lograrlo","twitter:description":"Las fiestas en Guatemala son emblem\u00e1ticas, llenas de sabor, tradici\u00f3n y muy extra\u00f1adas en el extranjero, as\u00ed puede vivirlas.","twitter:creator":"@SoyMigrante_com","twitter:image":"https:\/\/soymigrante.com\/revista\/wp-content\/uploads\/2024\/09\/Los-migrantes-guatemaltecos-pueden-vivir-las-festividades-asi-5-e1727459503711.webp"},"aioseo_meta_data":{"post_id":"55707","title":"\u00bfSe puede ir en carro hasta el Hoyo del Cimarr\u00f3n en Nent\u00f3n?","description":"\u00bfQu\u00e9 profundidad tiene el Hoyo del Cimarr\u00f3n en Huehuetenango? \u00bfC\u00f3mo se origin\u00f3? \u00bfEs cierto que ya se puede llegar en veh\u00edculo hasta \u00e9l? Te lo decimos aqu\u00ed.","keywords":null,"keyphrases":{"focus":{"keyphrase":"Cimarr\u00f3n","score":100,"analysis":{"keyphraseInTitle":{"score":9,"maxScore":9,"error":0},"keyphraseInDescription":{"score":9,"maxScore":9,"error":0},"keyphraseLength":{"score":9,"maxScore":9,"error":0,"length":2},"keyphraseInURL":{"score":5,"maxScore":5,"error":0},"keyphraseInIntroduction":{"score":9,"maxScore":9,"error":0},"keyphraseInSubHeadings":{"score":9,"maxScore":9,"error":0},"keyphraseInImageAlt":{"score":9,"maxScore":9,"error":0},"keywordDensity":{"type":"best","score":9,"maxScore":9,"error":0}}},"additional":[{"keyphrase":"Huehuetenango","score":80,"analysis":{"keyphraseInDescription":{"score":9,"maxScore":9,"error":0},"keyphraseLength":{"score":9,"maxScore":9,"error":0,"length":1},"keyphraseInIntroduction":{"score":9,"maxScore":9,"error":0},"keyphraseInImageAlt":{"score":9,"maxScore":9,"error":0},"keywordDensity":{"score":0,"type":"low","maxScore":9,"error":1}}}]},"primary_term":null,"canonical_url":null,"og_title":null,"og_description":null,"og_object_type":"default","og_image_type":"default","og_image_url":null,"og_image_width":null,"og_image_height":null,"og_image_custom_url":null,"og_image_custom_fields":null,"og_video":"","og_custom_url":null,"og_article_section":null,"og_article_tags":null,"twitter_use_og":false,"twitter_card":"default","twitter_image_type":"default","twitter_image_url":null,"twitter_image_custom_url":null,"twitter_image_custom_fields":null,"twitter_title":null,"twitter_description":null,"schema":{"blockGraphs":[],"customGraphs":[],"default":{"data":{"Article":[],"Course":[],"Dataset":[],"FAQPage":[],"Movie":[],"Person":[],"Product":[],"ProductReview":[],"Car":[],"Recipe":[],"Service":[],"SoftwareApplication":[],"WebPage":[]},"graphName":"NewsArticle","isEnabled":true},"graphs":[]},"schema_type":"default","schema_type_options":null,"pillar_content":false,"robots_default":true,"robots_noindex":false,"robots_noarchive":false,"robots_nosnippet":false,"robots_nofollow":false,"robots_noimageindex":false,"robots_noodp":false,"robots_notranslate":false,"robots_max_snippet":"-1","robots_max_videopreview":"-1","robots_max_imagepreview":"large","priority":null,"frequency":"default","local_seo":null,"seo_analyzer_scan_date":null,"breadcrumb_settings":null,"limit_modified_date":false,"reviewed_by":"0","open_ai":null,"ai":{"faqs":[],"keyPoints":[],"schemas":[],"titles":[],"descriptions":[],"socialPosts":{"email":[],"linkedin":[],"twitter":[],"facebook":[],"instagram":[]}},"created":"2026-04-30 12:02:38","updated":"2026-04-30 13:26:23"},"aioseo_breadcrumb":"<div class=\"aioseo-breadcrumbs\"><span class=\"aioseo-breadcrumb\">\n\t<a href=\"https:\/\/soymigrante.com\/revista\" title=\"Home\">Home<\/a>\n<\/span><span class=\"aioseo-breadcrumb-separator\">\u00bb<\/span><span class=\"aioseo-breadcrumb\">\n\t<a href=\"https:\/\/soymigrante.com\/revista\/category\/guate-nuestra\/\" title=\"Guate Nuestra\">Guate Nuestra<\/a>\n<\/span><span class=\"aioseo-breadcrumb-separator\">\u00bb<\/span><span class=\"aioseo-breadcrumb\">\n\t<a href=\"https:\/\/soymigrante.com\/revista\/category\/guate-nuestra\/riqueza-natural\/\" title=\"Riqueza natural\">Riqueza natural<\/a>\n<\/span><span class=\"aioseo-breadcrumb-separator\">\u00bb<\/span><span class=\"aioseo-breadcrumb\">\n\t\u00bfQu\u00e9 profundidad tiene el Hoyo del Cimarr\u00f3n, en Nent\u00f3n, Huehuetenango y c\u00f3mo se origin\u00f3?\n<\/span><\/div>","aioseo_breadcrumb_json":[{"label":"Home","link":"https:\/\/soymigrante.com\/revista"},{"label":"Guate Nuestra","link":"https:\/\/soymigrante.com\/revista\/category\/guate-nuestra\/"},{"label":"Riqueza natural","link":"https:\/\/soymigrante.com\/revista\/category\/guate-nuestra\/riqueza-natural\/"},{"label":"\u00bfQu\u00e9 profundidad tiene el Hoyo del Cimarr\u00f3n, en Nent\u00f3n, Huehuetenango y c\u00f3mo se origin\u00f3?","link":"https:\/\/soymigrante.com\/revista\/que-profundidad-tiene-el-hoyo-del-cimarron-en-nenton-huehuetenango-y-como-se-origino\/"}],"_links":{"self":[{"href":"https:\/\/soymigrante.com\/revista\/wp-json\/wp\/v2\/posts\/55707","targetHints":{"allow":["GET"]}}],"collection":[{"href":"https:\/\/soymigrante.com\/revista\/wp-json\/wp\/v2\/posts"}],"about":[{"href":"https:\/\/soymigrante.com\/revista\/wp-json\/wp\/v2\/types\/post"}],"author":[{"embeddable":true,"href":"https:\/\/soymigrante.com\/revista\/wp-json\/wp\/v2\/users\/1"}],"replies":[{"embeddable":true,"href":"https:\/\/soymigrante.com\/revista\/wp-json\/wp\/v2\/comments?post=55707"}],"version-history":[{"count":8,"href":"https:\/\/soymigrante.com\/revista\/wp-json\/wp\/v2\/posts\/55707\/revisions"}],"predecessor-version":[{"id":55721,"href":"https:\/\/soymigrante.com\/revista\/wp-json\/wp\/v2\/posts\/55707\/revisions\/55721"}],"wp:featuredmedia":[{"embeddable":true,"href":"https:\/\/soymigrante.com\/revista\/wp-json\/wp\/v2\/media\/55708"}],"wp:attachment":[{"href":"https:\/\/soymigrante.com\/revista\/wp-json\/wp\/v2\/media?parent=55707"}],"wp:term":[{"taxonomy":"category","embeddable":true,"href":"https:\/\/soymigrante.com\/revista\/wp-json\/wp\/v2\/categories?post=55707"},{"taxonomy":"post_tag","embeddable":true,"href":"https:\/\/soymigrante.com\/revista\/wp-json\/wp\/v2\/tags?post=55707"}],"curies":[{"name":"wp","href":"https:\/\/api.w.org\/{rel}","templated":true}]}}