{"id":55637,"date":"2026-04-29T15:09:18","date_gmt":"2026-04-29T21:09:18","guid":{"rendered":"https:\/\/soymigrante.com\/revista\/?p=55637"},"modified":"2026-04-29T15:09:49","modified_gmt":"2026-04-29T21:09:49","slug":"artista-maya-migrante-ubaldo-sanchez-plasma-mural-en-consulado-de-guatemala-en-maryland","status":"publish","type":"post","link":"https:\/\/soymigrante.com\/revista\/artista-maya-migrante-ubaldo-sanchez-plasma-mural-en-consulado-de-guatemala-en-maryland\/","title":{"rendered":"Artista maya migrante Ubaldo S\u00e1nchez plasma mural en Consulado de Guatemala en Maryland"},"content":{"rendered":"\t\t<div data-elementor-type=\"wp-post\" data-elementor-id=\"55637\" class=\"elementor elementor-55637\" data-elementor-post-type=\"post\">\n\t\t\t\t<div data-particle_enable=\"false\" data-particle-mobile-disabled=\"false\" class=\"elementor-element elementor-element-a3ef91b e-flex e-con-boxed e-con e-parent\" data-id=\"a3ef91b\" data-element_type=\"container\" data-e-type=\"container\">\n\t\t\t\t\t<div class=\"e-con-inner\">\n\t\t\t\t<div class=\"elementor-element elementor-element-e30de75 elementor-widget elementor-widget-heading\" data-id=\"e30de75\" data-element_type=\"widget\" data-e-type=\"widget\" data-widget_type=\"heading.default\">\n\t\t\t\t\t<h3 class=\"elementor-heading-title elementor-size-default\">El Viaje del Tiempo se titula el mural plasmado por el artista migrante quetzalteco Ubaldo S\u00e1nchez en la sede consular de Guatemala en Maryland. Guatemaltecos en Estados Unidos podr\u00e1n admirar su simbolismo<\/h3>\t\t\t\t<\/div>\n\t\t\t\t\t<\/div>\n\t\t\t\t<\/div>\n\t\t<div data-particle_enable=\"false\" data-particle-mobile-disabled=\"false\" class=\"elementor-element elementor-element-963b172 e-flex e-con-boxed e-con e-parent\" data-id=\"963b172\" data-element_type=\"container\" data-e-type=\"container\">\n\t\t\t\t\t<div class=\"e-con-inner\">\n\t\t\t\t<div class=\"elementor-element elementor-element-370af16 elementor-widget elementor-widget-text-editor\" data-id=\"370af16\" data-element_type=\"widget\" data-e-type=\"widget\" data-widget_type=\"text-editor.default\">\n\t\t\t\t\t\t\t\t\t<p>El pintor migrante guatemalteco <a href=\"https:\/\/es.wikipedia.org\/wiki\/Ubaldo_S%C3%A1nchez\" target=\"_blank\" rel=\"noopener\">Ubaldo S\u00e1nchez<\/a> contin\u00faa fortaleciendo su papel como referente cultural de la di\u00e1spora con la develaci\u00f3n del mural <em>\u201cToj tb\u2019e qchman \u2013 El Viaje del Tiempo Maya\u201d<\/em> en el Consulado General de Guatemala en el estado de <a href=\"https:\/\/es.wikipedia.org\/wiki\/Maryland\" target=\"_blank\" rel=\"noopener\">Maryland<\/a>, una obra que sintetiza su trayectoria art\u00edstica y su compromiso con la identidad ind\u00edgena en el extranjero.<\/p><p>La inauguraci\u00f3n reuni\u00f3 a autoridades locales, organizaciones comunitarias y representantes de la comunidad guatemalteca migrante, en un acto que destac\u00f3 los lazos de cooperaci\u00f3n y el valor del arte como herramienta de cohesi\u00f3n social. Colectivos como el Centro de Apoyo para la Superaci\u00f3n del Migrante (CAPSI) subrayaron que la obra \u201ces m\u00e1s que un mural: es un puente entre nuestra historia ancestral y nuestra realidad migratoria\u201d, resaltando la importancia de reconocer las ra\u00edces culturales como parte del proceso de superaci\u00f3n en el exterior.<\/p>\t\t\t\t\t\t\t\t<\/div>\n\t\t\t\t\t<\/div>\n\t\t\t\t<\/div>\n\t\t<div data-particle_enable=\"false\" data-particle-mobile-disabled=\"false\" class=\"elementor-element elementor-element-ef18e93 e-flex e-con-boxed e-con e-parent\" data-id=\"ef18e93\" data-element_type=\"container\" data-e-type=\"container\">\n\t\t\t\t\t<div class=\"e-con-inner\">\n\t\t\t\t<div class=\"elementor-element elementor-element-ed92b78 elementor-widget elementor-widget-image\" data-id=\"ed92b78\" data-element_type=\"widget\" data-e-type=\"widget\" data-widget_type=\"image.default\">\n\t\t\t\t\t\t\t\t\t\t\t\t<figure class=\"wp-caption\">\n\t\t\t\t\t\t\t\t\t\t<img fetchpriority=\"high\" decoding=\"async\" width=\"768\" height=\"576\" src=\"https:\/\/soymigrante.com\/revista\/wp-content\/uploads\/2026\/04\/guatemaltecos-en-Estados-Unidos-mural-artista-maya-ubaldo-sanchez-consulado-de-guatemala-en-maryland-1140x855.jpg\" class=\"attachment-large size-large wp-image-55644\" alt=\"El mural inicia con la figura de la tortuga s\u00edmbolo de la creaci\u00f3n de cuyo caparaz\u00f3n emerge el Dios del Ma\u00edz. Las mazorcas aluden a los cuatro puntos cardinales Tambien aparece, simb\u00f3licamente el retrato de Rigoberta Mench\u00fa, Premio Nobel de la Paz 1992, como s\u00edmbolo de di\u00e1logo, derechos humanos y orgullo maya guatemalteco. En el centro se representan tres ancestros mayas vinculados al ciclo de la Tierra, el Sol y la Luna. (Fotograf\u00eda Consulado de Guatemala en Maryland)\" srcset=\"https:\/\/soymigrante.com\/revista\/wp-content\/uploads\/2026\/04\/guatemaltecos-en-Estados-Unidos-mural-artista-maya-ubaldo-sanchez-consulado-de-guatemala-en-maryland-1140x855.jpg 1140w, https:\/\/soymigrante.com\/revista\/wp-content\/uploads\/2026\/04\/guatemaltecos-en-Estados-Unidos-mural-artista-maya-ubaldo-sanchez-consulado-de-guatemala-en-maryland-300x225.jpg 300w, https:\/\/soymigrante.com\/revista\/wp-content\/uploads\/2026\/04\/guatemaltecos-en-Estados-Unidos-mural-artista-maya-ubaldo-sanchez-consulado-de-guatemala-en-maryland-768x576.jpg 768w, https:\/\/soymigrante.com\/revista\/wp-content\/uploads\/2026\/04\/guatemaltecos-en-Estados-Unidos-mural-artista-maya-ubaldo-sanchez-consulado-de-guatemala-en-maryland-1536x1152.jpg 1536w, https:\/\/soymigrante.com\/revista\/wp-content\/uploads\/2026\/04\/guatemaltecos-en-Estados-Unidos-mural-artista-maya-ubaldo-sanchez-consulado-de-guatemala-en-maryland-750x563.jpg 750w, https:\/\/soymigrante.com\/revista\/wp-content\/uploads\/2026\/04\/guatemaltecos-en-Estados-Unidos-mural-artista-maya-ubaldo-sanchez-consulado-de-guatemala-en-maryland.jpg 2000w\" sizes=\"(max-width: 768px) 100vw, 768px\" title=\"El mural inicia con la figura de la tortuga s\u00edmbolo de la creaci\u00f3n de cuyo caparaz\u00f3n emerge el Dios del Ma\u00edz. Las mazorcas aluden a los cuatro puntos cardinales Tambien aparece, simb\u00f3licamente el retrato de Rigoberta Mench\u00fa, Premio Nobel de la Paz 1992,   como s\u00edmbolo de di\u00e1logo, derechos humanos y orgullo maya guatemalteco. En el centro se representan tres ancestros mayas vinculados al ciclo de la Tierra, el Sol y la Luna. (Fotograf\u00eda Consulado de Guatemala en Maryland) \u2013 SoyMigrante.com REVISTA\" \/>\t\t\t\t\t\t\t\t\t\t\t<figcaption class=\"widget-image-caption wp-caption-text\">El mural inicia con la figura de la tortuga s\u00edmbolo de la creaci\u00f3n de cuyo caparaz\u00f3n emerge el Dios del Ma\u00edz. Las mazorcas aluden a los cuatro puntos cardinales Tambien aparece, simb\u00f3licamente el retrato de Rigoberta Mench\u00fa, Premio Nobel de la Paz 1992,   como s\u00edmbolo de di\u00e1logo, derechos humanos y orgullo maya guatemalteco. En el centro se representan tres ancestros mayas vinculados al ciclo de la Tierra, el Sol y la Luna. (Fotograf\u00eda Consulado de Guatemala en Maryland)<\/figcaption>\n\t\t\t\t\t\t\t\t\t\t<\/figure>\n\t\t\t\t\t\t\t\t\t<\/div>\n\t\t\t\t\t<\/div>\n\t\t\t\t<\/div>\n\t\t<div data-particle_enable=\"false\" data-particle-mobile-disabled=\"false\" class=\"elementor-element elementor-element-28e8016 e-flex e-con-boxed e-con e-parent\" data-id=\"28e8016\" data-element_type=\"container\" data-e-type=\"container\">\n\t\t\t\t\t<div class=\"e-con-inner\">\n\t\t\t\t<div class=\"elementor-element elementor-element-e6611d7 elementor-widget elementor-widget-global elementor-global-55651 elementor-widget-eael-creative-button\" data-id=\"e6611d7\" data-element_type=\"widget\" data-e-type=\"widget\" data-widget_type=\"eael-creative-button.default\">\n\t\t\t\t\t        <div class=\"eael-creative-button-wrapper\">\n\n            <a class=\"eael-creative-button eael-creative-button--winona eael-cb-icon-position-left\" href=\"https:\/\/soymigrante.com\/mercado\/\" data-text=\"Encuentra, compra y apoya lo nuestro!\">\n            \t    \n                <div class=\"creative-button-inner\">\n\n                                            <span class=\"eael-creative-button-icon-left\"><i aria-hidden=\"true\" class=\"fas fa-shopping-cart\"><\/i><\/span>                    \n                    <span class=\"cretive-button-text\">Desde Estados Unidos t\u00fa puedes comprarle a emprendedores y artesanos guatemaltecos, para entrega a domicilio a tus familiares en Guatemala: en SoyMigrante.com MERCADO<\/span>\n\n                                    <\/div>\n\t                        <\/a>\n        <\/div>\n        \t\t\t\t<\/div>\n\t\t\t\t\t<\/div>\n\t\t\t\t<\/div>\n\t\t<div data-particle_enable=\"false\" data-particle-mobile-disabled=\"false\" class=\"elementor-element elementor-element-83e72bd e-flex e-con-boxed e-con e-parent\" data-id=\"83e72bd\" data-element_type=\"container\" data-e-type=\"container\">\n\t\t\t\t\t<div class=\"e-con-inner\">\n\t\t\t\t<div class=\"elementor-element elementor-element-49f76ae elementor-widget elementor-widget-text-editor\" data-id=\"49f76ae\" data-element_type=\"widget\" data-e-type=\"widget\" data-widget_type=\"text-editor.default\">\n\t\t\t\t\t\t\t\t\t<p><span style=\"color: #000000; font-family: Mulish, sans-serif; font-size: 29px; font-weight: bold;\">Cosmovisi\u00f3n maya a la vista de todos<\/span><\/p><p>El mural elaborado por Ubaldo S\u00e1nchez propone una lectura visual del tiempo desde la cosmovisi\u00f3n maya. A trav\u00e9s de s\u00edmbolos ancestrales, el mural recorre la evoluci\u00f3n humana vinculada al sol, la luna, las estrellas y los ciclos naturales.<\/p><ul><li>La figura inicial asociada a la creaci\u00f3n relatada en el <a href=\"https:\/\/soymigrante.com\/revista\/el-popol-vuh-es-migrante-esta-en-chicago-y-8-datos-que-quiza-no-sabias\/\">Popol Vuh<\/a> de la cual emerge una deidad vinculada al ma\u00edz, eje fundamental de la vida mesoamericana.<\/li><li>Representaciones de ancestros mayas conectados con los ciclos del sol y la luna, unidos por una banda celeste que simboliza la relaci\u00f3n entre el mundo terrenal y el cosmos.<\/li><li>Elementos como el <a href=\"https:\/\/es.wikipedia.org\/wiki\/Juego_de_pelota_mesoamericano\" target=\"_blank\" rel=\"noopener\">juego de pelota mesoamericano<\/a> y estructuras que evocan sitios arqueol\u00f3gicos, conectando historia, territorio y espiritualidad.<\/li><li><a href=\"https:\/\/soymigrante.com\/revista\/joyas-mayas-migrantes-jugador-de-pelota-en-accion-tallado-en-piedra-conservado-en-manhattan\/\">Figuras simb\u00f3licas <\/a>que rinden homenaje a los antepasados y refuerzan ideas de equilibrio, identidad y continuidad cultural.<\/li><\/ul><p>El mural se convierte as\u00ed en una narrativa visual que traslada al espectador a una<a href=\"https:\/\/soymigrante.com\/revista\/departamentos-de-guatemala-quiche-tierra-de-rios-arboles-montanas-y-el-popol-vuh\/\"> concepci\u00f3n del tiempo no lineal, <\/a>profundamente arraigada en las tradiciones ind\u00edgenas de Guatemala.<\/p>\t\t\t\t\t\t\t\t<\/div>\n\t\t\t\t\t<\/div>\n\t\t\t\t<\/div>\n\t\t<div data-particle_enable=\"false\" data-particle-mobile-disabled=\"false\" class=\"elementor-element elementor-element-7790840 e-flex e-con-boxed e-con e-parent\" data-id=\"7790840\" data-element_type=\"container\" data-e-type=\"container\">\n\t\t\t\t\t<div class=\"e-con-inner\">\n\t\t\t\t<div class=\"elementor-element elementor-element-b5ce9b3 elementor-widget elementor-widget-image\" data-id=\"b5ce9b3\" data-element_type=\"widget\" data-e-type=\"widget\" data-widget_type=\"image.default\">\n\t\t\t\t\t\t\t\t\t\t\t\t<figure class=\"wp-caption\">\n\t\t\t\t\t\t\t\t\t\t<img decoding=\"async\" width=\"768\" height=\"576\" src=\"https:\/\/soymigrante.com\/revista\/wp-content\/uploads\/2026\/04\/ubaldo-sanchez-artista-maya-consulado-maryland-guatemala-migrante-1140x855.jpg\" class=\"attachment-large size-large wp-image-55646\" alt=\"Formal ceremony in an office with flags (U.S. and another country) and a speaker at a lectern.\" srcset=\"https:\/\/soymigrante.com\/revista\/wp-content\/uploads\/2026\/04\/ubaldo-sanchez-artista-maya-consulado-maryland-guatemala-migrante-1140x855.jpg 1140w, https:\/\/soymigrante.com\/revista\/wp-content\/uploads\/2026\/04\/ubaldo-sanchez-artista-maya-consulado-maryland-guatemala-migrante-300x225.jpg 300w, https:\/\/soymigrante.com\/revista\/wp-content\/uploads\/2026\/04\/ubaldo-sanchez-artista-maya-consulado-maryland-guatemala-migrante-768x576.jpg 768w, https:\/\/soymigrante.com\/revista\/wp-content\/uploads\/2026\/04\/ubaldo-sanchez-artista-maya-consulado-maryland-guatemala-migrante-1536x1152.jpg 1536w, https:\/\/soymigrante.com\/revista\/wp-content\/uploads\/2026\/04\/ubaldo-sanchez-artista-maya-consulado-maryland-guatemala-migrante-750x563.jpg 750w, https:\/\/soymigrante.com\/revista\/wp-content\/uploads\/2026\/04\/ubaldo-sanchez-artista-maya-consulado-maryland-guatemala-migrante.jpg 2048w\" sizes=\"(max-width: 768px) 100vw, 768px\" title=\"El artista maya guatemalteco Ubaldo S\u00e1nchez explic\u00f3 el proceso y significado de su obra durante el acto de inauguraci\u00f3n en el Consulado de Guatemala en Nueva York. Su objetivo es promover la identidad multicultural maya y evocar orgullo por las ra\u00edces de todos los connacionales que acuden a dicha sede. \u2013 SoyMigrante.com REVISTA\" \/>\t\t\t\t\t\t\t\t\t\t\t<figcaption class=\"widget-image-caption wp-caption-text\">El artista maya guatemalteco Ubaldo S\u00e1nchez explic\u00f3 el proceso y significado de su obra durante el acto de inauguraci\u00f3n en el Consulado de Guatemala en Nueva York. Su objetivo es promover la identidad multicultural maya y evocar orgullo por las ra\u00edces de todos los connacionales que acuden a dicha sede.<\/figcaption>\n\t\t\t\t\t\t\t\t\t\t<\/figure>\n\t\t\t\t\t\t\t\t\t<\/div>\n\t\t\t\t\t<\/div>\n\t\t\t\t<\/div>\n\t\t<div data-particle_enable=\"false\" data-particle-mobile-disabled=\"false\" class=\"elementor-element elementor-element-b3e3711 e-flex e-con-boxed e-con e-parent\" data-id=\"b3e3711\" data-element_type=\"container\" data-e-type=\"container\">\n\t\t\t\t\t<div class=\"e-con-inner\">\n\t\t\t\t<div class=\"elementor-element elementor-element-b92319a elementor-widget elementor-widget-text-editor\" data-id=\"b92319a\" data-element_type=\"widget\" data-e-type=\"widget\" data-widget_type=\"text-editor.default\">\n\t\t\t\t\t\t\t\t\t<p><span style=\"color: #000000; font-family: Mulish, sans-serif; font-size: 29px; font-weight: bold;\">Trayectoria de un artista migrante<\/span><\/p><p>Originario del municipio de Concepci\u00f3n Quiquirichapa, <a href=\"https:\/\/soymigrante.com\/revista\/el-lugar-donde-murio-el-guerrero-kiche-tecun-uman-y-el-sitio-de-su-tumba-en-quetzaltenango-segun-la-tradicion\/\">Quetzaltenango <\/a>y con ra\u00edces en comunidades mayas, S\u00e1nchez emigr\u00f3 a Estados Unidos a los 16 a\u00f1os. Su talento fue reconocido desde joven, lo que le permiti\u00f3 desarrollar una carrera que abarca pintura, muralismo, escultura y arte comunitario.<\/p><p>Su obra ha alcanzado espacios de alto nivel en Estados Unidos. En 2009, su pintura <em>\u201cNew Dawn\u201d<\/em> fue seleccionada y entregada al entonces presidente <a href=\"https:\/\/es.wikipedia.org\/wiki\/Barack_Obama\" target=\"_blank\" rel=\"noopener\">Barack Obama<\/a>, pasando a formar parte de la colecci\u00f3n de la Casa Blanca.<\/p><p>Adem\u00e1s, estudi\u00f3 arte en la <a href=\"https:\/\/www.gmu.edu\/\" target=\"_blank\" rel=\"noopener\">George Mason University<\/a>, consolidando su formaci\u00f3n acad\u00e9mica tras haber llegado como joven migrante beneficiario del programa <a href=\"https:\/\/soymigrante.com\/revista\/tener-daca-no-basta-por-si-solo-para-frenar-orden-de-deportacion-alerta-abogada-guatemalteca\/\">DACA.<\/a><\/p><p>Su trabajo tambi\u00e9n ha sido reconocido por el gobierno guatemalteco con la <a href=\"https:\/\/es.wikipedia.org\/wiki\/Orden_del_Quetzal\" target=\"_blank\" rel=\"noopener\">Orden del Quetzal<\/a>, la m\u00e1xima condecoraci\u00f3n del pa\u00eds, en reconocimiento a su aporte art\u00edstico y comunitario.<\/p>\t\t\t\t\t\t\t\t<\/div>\n\t\t\t\t\t<\/div>\n\t\t\t\t<\/div>\n\t\t<div data-particle_enable=\"false\" data-particle-mobile-disabled=\"false\" class=\"elementor-element elementor-element-1ef4426 e-flex e-con-boxed e-con e-parent\" data-id=\"1ef4426\" data-element_type=\"container\" data-e-type=\"container\">\n\t\t\t\t\t<div class=\"e-con-inner\">\n\t\t\t\t<div class=\"elementor-element elementor-element-9667fac elementor-widget elementor-widget-html\" data-id=\"9667fac\" data-element_type=\"widget\" data-e-type=\"widget\" data-widget_type=\"html.default\">\n\t\t\t\t\t<iframe width=\"560\" height=\"415\" src=\"https:\/\/www.youtube.com\/embed\/OR9Go07P3NE?si=0nAWkMs9xhwGhy2K&amp;start=60\" title=\"YouTube video player\" frameborder=\"0\" allow=\"accelerometer; autoplay; clipboard-write; encrypted-media; gyroscope; picture-in-picture; web-share\" referrerpolicy=\"strict-origin-when-cross-origin\" allowfullscreen><\/iframe>\t\t\t\t<\/div>\n\t\t\t\t\t<\/div>\n\t\t\t\t<\/div>\n\t\t<div data-particle_enable=\"false\" data-particle-mobile-disabled=\"false\" class=\"elementor-element elementor-element-b67983a e-flex e-con-boxed e-con e-parent\" data-id=\"b67983a\" data-element_type=\"container\" data-e-type=\"container\">\n\t\t\t\t\t<div class=\"e-con-inner\">\n\t\t\t\t<div class=\"elementor-element elementor-element-d902d9b elementor-widget elementor-widget-text-editor\" data-id=\"d902d9b\" data-element_type=\"widget\" data-e-type=\"widget\" data-widget_type=\"text-editor.default\">\n\t\t\t\t\t\t\t\t\t<p><span style=\"color: #000000; font-family: Mulish, sans-serif; font-size: 29px; font-weight: bold;\">Arte, comunidad y memoria viva<\/span><\/p><p>M\u00e1s all\u00e1 del mural en Maryland, S\u00e1nchez ha desarrollado una obra profundamente ligada a las tradiciones guatemaltecas. En 2023 particip\u00f3 nuevamente en el <a href=\"https:\/\/festival.si.edu\/\" target=\"_blank\" rel=\"noopener\">Smithsonian Folklife Festival<\/a>, donde elabor\u00f3 alfombras de aserr\u00edn, una pr\u00e1ctica ef\u00edmera de gran carga espiritual que combina ra\u00edces mayas y tradiciones cat\u00f3licas. <a href=\"https:\/\/soymigrante.com\/revista\/joyas-mayas-migrantes-el-misterioso-trozo-de-dintel-de-tikal-en-washington\/\">Dicha instituci\u00f3n ha promovido el conocimiento de la cultura maya en Estados Unidos.<\/a><\/p><p>En 2024 tambi\u00e9n destac\u00f3 en ese mismo festival con la creaci\u00f3n de un barrilete gigante inspirado en las voces ind\u00edgenas, reafirmando su inter\u00e9s por preservar y reinterpretar las expresiones culturales de su pa\u00eds.<\/p><p>A trav\u00e9s de estas iniciativas, el artista no solo produce obra visual, sino que impulsa procesos comunitarios, educa a nuevas generaciones y mantiene viva la conexi\u00f3n con Guatemala, incluso desde la distancia.<\/p><p>El mural <em>\u201cEl Viaje del Tiempo Maya\u201d<\/em> se suma as\u00ed a una trayectoria que trasciende lo est\u00e9tico: es testimonio de identidad, migraci\u00f3n y resistencia cultural, y posiciona a Ubaldo S\u00e1nchez como uno de los principales exponentes del arte guatemalteco contempor\u00e1neo en Estados Unidos.<\/p>\t\t\t\t\t\t\t\t<\/div>\n\t\t\t\t\t<\/div>\n\t\t\t\t<\/div>\n\t\t<div data-particle_enable=\"false\" data-particle-mobile-disabled=\"false\" class=\"elementor-element elementor-element-ab3eafd e-flex e-con-boxed e-con e-parent\" data-id=\"ab3eafd\" data-element_type=\"container\" data-e-type=\"container\">\n\t\t\t\t\t<div class=\"e-con-inner\">\n\t\t\t\t<div class=\"elementor-element elementor-element-622cea3 elementor-widget elementor-widget-image\" data-id=\"622cea3\" data-element_type=\"widget\" data-e-type=\"widget\" data-widget_type=\"image.default\">\n\t\t\t\t\t\t\t\t\t\t\t\t<figure class=\"wp-caption\">\n\t\t\t\t\t\t\t\t\t\t<img decoding=\"async\" width=\"768\" height=\"609\" src=\"https:\/\/soymigrante.com\/revista\/wp-content\/uploads\/2026\/04\/ubaldo-sanchez-pintor-maya-guatemalteco-en-estados-unidos-migrantes-1140x904.jpg\" class=\"attachment-large size-large wp-image-55647\" alt=\"El artista maya guatemalteco Ubaldo S\u00e1nchez ha participado en festivales culturales a trav\u00e9s del arte, la elaboraci\u00f3n de barriletes o de alfombras de Semana Santa. Hace una d\u00e9cada, una de sus obras fue adquirida para la colecci\u00f3n de la Casa Blanca.\" srcset=\"https:\/\/soymigrante.com\/revista\/wp-content\/uploads\/2026\/04\/ubaldo-sanchez-pintor-maya-guatemalteco-en-estados-unidos-migrantes-1140x904.jpg 1140w, https:\/\/soymigrante.com\/revista\/wp-content\/uploads\/2026\/04\/ubaldo-sanchez-pintor-maya-guatemalteco-en-estados-unidos-migrantes-300x238.jpg 300w, https:\/\/soymigrante.com\/revista\/wp-content\/uploads\/2026\/04\/ubaldo-sanchez-pintor-maya-guatemalteco-en-estados-unidos-migrantes-768x609.jpg 768w, https:\/\/soymigrante.com\/revista\/wp-content\/uploads\/2026\/04\/ubaldo-sanchez-pintor-maya-guatemalteco-en-estados-unidos-migrantes-1536x1218.jpg 1536w, https:\/\/soymigrante.com\/revista\/wp-content\/uploads\/2026\/04\/ubaldo-sanchez-pintor-maya-guatemalteco-en-estados-unidos-migrantes-750x595.jpg 750w, https:\/\/soymigrante.com\/revista\/wp-content\/uploads\/2026\/04\/ubaldo-sanchez-pintor-maya-guatemalteco-en-estados-unidos-migrantes.jpg 2048w\" sizes=\"(max-width: 768px) 100vw, 768px\" title=\"El artista maya guatemalteco Ubaldo S\u00e1nchez ha participado en festivales culturales a trav\u00e9s del arte, la elaboraci\u00f3n de barriletes o de alfombras de Semana Santa. Hace una d\u00e9cada, una de sus obras fue adquirida para la colecci\u00f3n de la Casa Blanca. \u2013 SoyMigrante.com REVISTA\" \/>\t\t\t\t\t\t\t\t\t\t\t<figcaption class=\"widget-image-caption wp-caption-text\">El artista maya guatemalteco Ubaldo S\u00e1nchez ha participado en festivales culturales a trav\u00e9s del arte, la elaboraci\u00f3n de barriletes o de alfombras de Semana Santa. Hace una d\u00e9cada, una de sus obras fue adquirida para la colecci\u00f3n de la Casa Blanca.<\/figcaption>\n\t\t\t\t\t\t\t\t\t\t<\/figure>\n\t\t\t\t\t\t\t\t\t<\/div>\n\t\t\t\t\t<\/div>\n\t\t\t\t<\/div>\n\t\t<div data-particle_enable=\"false\" data-particle-mobile-disabled=\"false\" class=\"elementor-element elementor-element-4583c74 e-flex e-con-boxed e-con e-parent\" data-id=\"4583c74\" data-element_type=\"container\" data-e-type=\"container\">\n\t\t\t\t\t<div class=\"e-con-inner\">\n\t\t\t\t<div class=\"elementor-element elementor-element-38a14a0 elementor-widget elementor-widget-global elementor-global-52097 elementor-widget-heading\" data-id=\"38a14a0\" data-element_type=\"widget\" data-e-type=\"widget\" data-widget_type=\"heading.default\">\n\t\t\t\t\t<h2 class=\"elementor-heading-title elementor-size-default\">Quiz\u00e1 tambi\u00e9n te podr\u00eda interesar<\/h2>\t\t\t\t<\/div>\n\t\t\t\t\t<\/div>\n\t\t\t\t<\/div>\n\t\t<div data-particle_enable=\"false\" data-particle-mobile-disabled=\"false\" class=\"elementor-element elementor-element-5f6c353 e-flex e-con-boxed e-con e-parent\" data-id=\"5f6c353\" data-element_type=\"container\" data-e-type=\"container\">\n\t\t\t\t\t<div class=\"e-con-inner\">\n\t\t\t\t<div class=\"elementor-element elementor-element-ebbd099 elementor-grid-eael-col-3 elementor-grid-tablet-eael-col-2 elementor-grid-mobile-eael-col-1 elementor-widget elementor-widget-eael-post-grid\" data-id=\"ebbd099\" data-element_type=\"widget\" data-e-type=\"widget\" data-settings=\"{&quot;eael_post_grid_columns&quot;:&quot;eael-col-3&quot;,&quot;eael_post_grid_columns_tablet&quot;:&quot;eael-col-2&quot;,&quot;eael_post_grid_columns_mobile&quot;:&quot;eael-col-1&quot;}\" data-widget_type=\"eael-post-grid.default\">\n\t\t\t\t\t<div id=\"eael-post-grid-ebbd099\" class=\"eael-post-grid-container\">\n            <div class=\"eael-post-grid eael-post-appender eael-post-appender-ebbd099 eael-post-grid-style-one\" data-layout-mode=\"masonry\"><article class=\"eael-grid-post  eael-post-grid-column eael-pg-post-43829 category-arte-cultura-guate-nuestra\" data-id=\"43829\">\n        <div class=\"eael-grid-post-holder\">\n            <div class=\"eael-grid-post-holder-inner\"><div class=\"eael-entry-media\"><div class=\"eael-entry-overlay fade-in\"><i class=\"far fa-hand-pointer\" aria-hidden=\"true\"><\/i><a href=\"https:\/\/soymigrante.com\/revista\/juan-sisay-arte-guatemalteco-maya-tzutujil-atitlan\/\"><\/a><\/div><div class=\"eael-entry-thumbnail eael-image-ratio\">\n                <img loading=\"lazy\" decoding=\"async\" width=\"485\" height=\"485\" src=\"https:\/\/soymigrante.com\/revista\/wp-content\/uploads\/2025\/09\/Juan-Sisay1-e1757021856514.jpeg\" class=\"attachment-large size-large wp-image-43830\" alt=\"Juan Sisay: el artista guatemalteco que retrat\u00f3 la identidad tz&#039;utuj&#039;il desde dentro. El artista fue asesinado en abril de 1989 despu\u00e9s de haber pintado acerca de una masacre cometida en Santiago Atitl\u00e1n durante el conflicto armado interno. (Retrato por Miguel Ch\u00e1vez)\" srcset=\"https:\/\/soymigrante.com\/revista\/wp-content\/uploads\/2025\/09\/Juan-Sisay1-e1757021856514.jpeg 485w, https:\/\/soymigrante.com\/revista\/wp-content\/uploads\/2025\/09\/Juan-Sisay1-e1757021856514-300x300.jpeg 300w, https:\/\/soymigrante.com\/revista\/wp-content\/uploads\/2025\/09\/Juan-Sisay1-e1757021856514-150x150.jpeg 150w, https:\/\/soymigrante.com\/revista\/wp-content\/uploads\/2025\/09\/Juan-Sisay1-e1757021856514-75x75.jpeg 75w\" sizes=\"(max-width: 485px) 100vw, 485px\" \/>\n            <\/div>\n        <\/div><div class=\"eael-entry-wrapper\"><header class=\"eael-entry-header\"><h2 class=\"eael-entry-title\"><a class=\"eael-grid-post-link\" href=\"https:\/\/soymigrante.com\/revista\/juan-sisay-arte-guatemalteco-maya-tzutujil-atitlan\/\" title=\"Mira arte guatemalteco: Pintor tz&#8217;utuj&#8217;il Juan Sisay origin\u00f3 la pintura popular de Atitl\u00e1n\">Mira arte guatemalteco: Pintor tz&#8217;utuj&#8217;il Juan Sisay origin\u00f3 la pintura popular de Atitl\u00e1n<\/a><\/h2><\/header><div class=\"eael-entry-content\">\n                        <div class=\"eael-grid-post-excerpt\"><a href=\"https:\/\/soymigrante.com\/revista\/juan-sisay-arte-guatemalteco-maya-tzutujil-atitlan\/\" class=\"eael-post-elements-readmore-btn\">CONOCE SU HISTORIA <\/a><\/div>\n                    <\/div><\/div><\/div>\n        <\/div>\n    <\/article><article class=\"eael-grid-post  eael-post-grid-column eael-pg-post-46119 category-arte-cultura-guate-nuestra\" data-id=\"46119\">\n        <div class=\"eael-grid-post-holder\">\n            <div class=\"eael-grid-post-holder-inner\"><div class=\"eael-entry-media\"><div class=\"eael-entry-overlay fade-in\"><i class=\"far fa-hand-pointer\" aria-hidden=\"true\"><\/i><a href=\"https:\/\/soymigrante.com\/revista\/tomas-de-merlo-el-primer-gran-pintor-colonial-guatemalteco\/\"><\/a><\/div><div class=\"eael-entry-thumbnail eael-image-ratio\">\n                <img loading=\"lazy\" decoding=\"async\" width=\"1005\" height=\"1005\" src=\"https:\/\/soymigrante.com\/revista\/wp-content\/uploads\/2025\/09\/tomas-de-merlo.jpg\" class=\"attachment-large size-large wp-image-46360\" alt=\"arte guatemalteco tom\u00e1s de merlo\" srcset=\"https:\/\/soymigrante.com\/revista\/wp-content\/uploads\/2025\/09\/tomas-de-merlo.jpg 1005w, https:\/\/soymigrante.com\/revista\/wp-content\/uploads\/2025\/09\/tomas-de-merlo-300x300.jpg 300w, https:\/\/soymigrante.com\/revista\/wp-content\/uploads\/2025\/09\/tomas-de-merlo-150x150.jpg 150w, https:\/\/soymigrante.com\/revista\/wp-content\/uploads\/2025\/09\/tomas-de-merlo-768x768.jpg 768w, https:\/\/soymigrante.com\/revista\/wp-content\/uploads\/2025\/09\/tomas-de-merlo-75x75.jpg 75w, https:\/\/soymigrante.com\/revista\/wp-content\/uploads\/2025\/09\/tomas-de-merlo-750x750.jpg 750w\" sizes=\"(max-width: 1005px) 100vw, 1005px\" \/>\n            <\/div>\n        <\/div><div class=\"eael-entry-wrapper\"><header class=\"eael-entry-header\"><h2 class=\"eael-entry-title\"><a class=\"eael-grid-post-link\" href=\"https:\/\/soymigrante.com\/revista\/tomas-de-merlo-el-primer-gran-pintor-colonial-guatemalteco\/\" title=\"Tom\u00e1s de Merlo: el  primer gran pintor colonial guatemalteco\">Tom\u00e1s de Merlo: el  primer gran pintor colonial guatemalteco<\/a><\/h2><\/header><div class=\"eael-entry-content\">\n                        <div class=\"eael-grid-post-excerpt\"><a href=\"https:\/\/soymigrante.com\/revista\/tomas-de-merlo-el-primer-gran-pintor-colonial-guatemalteco\/\" class=\"eael-post-elements-readmore-btn\">CONOCE SU HISTORIA <\/a><\/div>\n                    <\/div><\/div><\/div>\n        <\/div>\n    <\/article><article class=\"eael-grid-post  eael-post-grid-column eael-pg-post-43122 category-arte-cultura\" data-id=\"43122\">\n        <div class=\"eael-grid-post-holder\">\n            <div class=\"eael-grid-post-holder-inner\"><div class=\"eael-entry-media\"><div class=\"eael-entry-overlay fade-in\"><i class=\"far fa-hand-pointer\" aria-hidden=\"true\"><\/i><a href=\"https:\/\/soymigrante.com\/revista\/mira-arte-guatemalteco-andres-curruchich-gran-iniciador-de-la-pintura-popular\/\"><\/a><\/div><div class=\"eael-entry-thumbnail eael-image-ratio\">\n                <img loading=\"lazy\" decoding=\"async\" width=\"853\" height=\"853\" src=\"https:\/\/soymigrante.com\/revista\/wp-content\/uploads\/2025\/08\/andres-curruchich-pintura-arte-guatemala.png\" class=\"attachment-large size-large wp-image-43225\" alt=\"Colores vibrantes y trajes tradicionales en una danza folcl\u00f3rica mexicana, celebrando cultura y patrimonio en SoyMigrante.com REVISTA.\" srcset=\"https:\/\/soymigrante.com\/revista\/wp-content\/uploads\/2025\/08\/andres-curruchich-pintura-arte-guatemala.png 853w, https:\/\/soymigrante.com\/revista\/wp-content\/uploads\/2025\/08\/andres-curruchich-pintura-arte-guatemala-300x300.png 300w, https:\/\/soymigrante.com\/revista\/wp-content\/uploads\/2025\/08\/andres-curruchich-pintura-arte-guatemala-150x150.png 150w, https:\/\/soymigrante.com\/revista\/wp-content\/uploads\/2025\/08\/andres-curruchich-pintura-arte-guatemala-768x768.png 768w, https:\/\/soymigrante.com\/revista\/wp-content\/uploads\/2025\/08\/andres-curruchich-pintura-arte-guatemala-75x75.png 75w, https:\/\/soymigrante.com\/revista\/wp-content\/uploads\/2025\/08\/andres-curruchich-pintura-arte-guatemala-750x750.png 750w\" sizes=\"(max-width: 853px) 100vw, 853px\" \/>\n            <\/div>\n        <\/div><div class=\"eael-entry-wrapper\"><header class=\"eael-entry-header\"><h2 class=\"eael-entry-title\"><a class=\"eael-grid-post-link\" href=\"https:\/\/soymigrante.com\/revista\/mira-arte-guatemalteco-andres-curruchich-gran-iniciador-de-la-pintura-popular\/\" title=\"Mira arte guatemalteco: Andr\u00e9s Curruchich, gran iniciador de la pintura popular\">Mira arte guatemalteco: Andr\u00e9s Curruchich, gran iniciador de la pintura popular<\/a><\/h2><\/header><div class=\"eael-entry-content\">\n                        <div class=\"eael-grid-post-excerpt\"><a href=\"https:\/\/soymigrante.com\/revista\/mira-arte-guatemalteco-andres-curruchich-gran-iniciador-de-la-pintura-popular\/\" class=\"eael-post-elements-readmore-btn\">CONOCE SU HISTORIA <\/a><\/div>\n                    <\/div><\/div><\/div>\n        <\/div>\n    <\/article><\/div>\n            <div class=\"clearfix\"><\/div>\n        <\/div>\t\t\t\t<\/div>\n\t\t\t\t\t<\/div>\n\t\t\t\t<\/div>\n\t\t\t\t<\/div>\n\t\t","protected":false},"excerpt":{"rendered":"<p>El Viaje del Tiempo se titula el mural plasmado por el artista migrante quetzalteco Ubaldo S\u00e1nchez en la sede consular de Guatemala en Maryland. Guatemaltecos en Estados Unidos podr\u00e1n admirar su simbolismo El pintor migrante guatemalteco Ubaldo S\u00e1nchez contin\u00faa fortaleciendo su papel como referente cultural de la di\u00e1spora con la develaci\u00f3n del mural \u201cToj tb\u2019e [&hellip;]<\/p>\n","protected":false},"author":7,"featured_media":55638,"comment_status":"open","ping_status":"open","sticky":false,"template":"","format":"standard","meta":{"_acf_changed":false,"_eb_attr":"","footnotes":""},"categories":[54],"tags":[],"class_list":["post-55637","post","type-post","status-publish","format-standard","has-post-thumbnail","hentry","category-estamos-unidos"],"acf":[],"aioseo_notices":[],"aioseo_head":"\n\t\t<!-- All in One SEO Pro 4.9.6.2 - aioseo.com -->\n\t<meta name=\"description\" content=\"Andr\u00e9s Curruchich (1891-1969) empez\u00f3 a pintar en la d\u00e9cada 1920 las tradiciones de su pueblo San Juan Comalapa y cre\u00f3 un tipo de arte que a\u00fan sigue floreciendo.\" \/>\n\t<meta name=\"robots\" content=\"max-snippet:-1, max-image-preview:large, max-video-preview:-1\" \/>\n\t<meta name=\"author\" content=\"Marysabel Aldana\"\/>\n\t<link rel=\"canonical\" href=\"https:\/\/soymigrante.com\/revista\/mira-arte-guatemalteco-andres-curruchich-gran-iniciador-de-la-pintura-popular\/\" \/>\n\t<meta name=\"generator\" content=\"All in One SEO Pro (AIOSEO) 4.9.6.2\" \/>\n\n\t\t<link rel=\"preconnect\" href=\"https:\/\/fonts.googleapis.com\" crossorigin>\n<link rel=\"preconnect\" href=\"https:\/\/fonts.gstatic.com\" crossorigin>\n\t\t<meta property=\"og:locale\" content=\"es_ES\" \/>\n\t\t<meta property=\"og:site_name\" content=\"SoyMigrante.com REVISTA \u2013 Nuestra misi\u00f3n es reconocer y dignificar al migrante.\" \/>\n\t\t<meta property=\"og:type\" content=\"article\" \/>\n\t\t<meta property=\"og:title\" content=\"Arte de Guatemala: Andr\u00e9s Curruchich inici\u00f3 pintura popular\" \/>\n\t\t<meta property=\"og:description\" content=\"Andr\u00e9s Curruchich (1891-1969) empez\u00f3 a pintar en la d\u00e9cada 1920 las tradiciones de su pueblo San Juan Comalapa y cre\u00f3 un tipo de arte que a\u00fan sigue floreciendo.\" \/>\n\t\t<meta property=\"og:url\" content=\"https:\/\/soymigrante.com\/revista\/mira-arte-guatemalteco-andres-curruchich-gran-iniciador-de-la-pintura-popular\/\" \/>\n\t\t<meta property=\"og:image\" content=\"https:\/\/soymigrante.com\/revista\/wp-content\/uploads\/2025\/08\/andres-curruchich-pintura-arte-guatemala.png\" \/>\n\t\t<meta property=\"og:image:secure_url\" content=\"https:\/\/soymigrante.com\/revista\/wp-content\/uploads\/2025\/08\/andres-curruchich-pintura-arte-guatemala.png\" \/>\n\t\t<meta property=\"og:image:width\" content=\"853\" \/>\n\t\t<meta property=\"og:image:height\" content=\"853\" \/>\n\t\t<meta property=\"article:published_time\" content=\"2025-09-01T11:00:00+00:00\" \/>\n\t\t<meta property=\"article:modified_time\" content=\"2025-09-01T17:35:40+00:00\" \/>\n\t\t<meta property=\"article:publisher\" content=\"https:\/\/www.facebook.com\/soymigrantecom\" \/>\n\t\t<meta name=\"twitter:card\" content=\"summary_large_image\" \/>\n\t\t<meta name=\"twitter:site\" content=\"@SoyMigrante_com\" \/>\n\t\t<meta name=\"twitter:title\" content=\"Arte de Guatemala: Andr\u00e9s Curruchich inici\u00f3 pintura popular\" \/>\n\t\t<meta name=\"twitter:description\" content=\"Andr\u00e9s Curruchich (1891-1969) empez\u00f3 a pintar en la d\u00e9cada 1920 las tradiciones de su pueblo San Juan Comalapa y cre\u00f3 un tipo de arte que a\u00fan sigue floreciendo.\" \/>\n\t\t<meta name=\"twitter:creator\" content=\"@SoyMigrante_com\" \/>\n\t\t<meta name=\"twitter:image\" content=\"https:\/\/soymigrante.com\/revista\/wp-content\/uploads\/2025\/08\/andres-curruchich-pintura-arte-guatemala.png\" \/>\n\t\t<!-- All in One SEO Pro -->\r\n\t\t<title>Arte de Guatemala: Andr\u00e9s Curruchich inici\u00f3 pintura popular<\/title>\n\n","aioseo_head_json":{"title":"Arte de Guatemala: Andr\u00e9s Curruchich inici\u00f3 pintura popular","description":"Andr\u00e9s Curruchich (1891-1969) empez\u00f3 a pintar en la d\u00e9cada 1920 las tradiciones de su pueblo San Juan Comalapa y cre\u00f3 un tipo de arte que a\u00fan sigue floreciendo.","canonical_url":"https:\/\/soymigrante.com\/revista\/mira-arte-guatemalteco-andres-curruchich-gran-iniciador-de-la-pintura-popular\/","robots":"max-snippet:-1, max-image-preview:large, max-video-preview:-1","keywords":"","webmasterTools":{"miscellaneous":"&lt;link rel=\"preconnect\" href=\"https:\/\/fonts.googleapis.com\" crossorigin&gt;\n&lt;link rel=\"preconnect\" href=\"https:\/\/fonts.gstatic.com\" crossorigin&gt;"},"schema":null,"og:locale":"es_ES","og:site_name":"SoyMigrante.com REVISTA \u2013 Nuestra misi\u00f3n es reconocer y dignificar al migrante.","og:type":"article","og:title":"Arte de Guatemala: Andr\u00e9s Curruchich inici\u00f3 pintura popular","og:description":"Andr\u00e9s Curruchich (1891-1969) empez\u00f3 a pintar en la d\u00e9cada 1920 las tradiciones de su pueblo San Juan Comalapa y cre\u00f3 un tipo de arte que a\u00fan sigue floreciendo.","og:url":"https:\/\/soymigrante.com\/revista\/mira-arte-guatemalteco-andres-curruchich-gran-iniciador-de-la-pintura-popular\/","og:image":"https:\/\/soymigrante.com\/revista\/wp-content\/uploads\/2025\/08\/andres-curruchich-pintura-arte-guatemala.png","og:image:secure_url":"https:\/\/soymigrante.com\/revista\/wp-content\/uploads\/2025\/08\/andres-curruchich-pintura-arte-guatemala.png","og:image:width":853,"og:image:height":853,"article:published_time":"2025-09-01T11:00:00+00:00","article:modified_time":"2025-09-01T17:35:40+00:00","article:publisher":"https:\/\/www.facebook.com\/soymigrantecom","twitter:card":"summary_large_image","twitter:site":"@SoyMigrante_com","twitter:title":"Arte de Guatemala: Andr\u00e9s Curruchich inici\u00f3 pintura popular","twitter:description":"Andr\u00e9s Curruchich (1891-1969) empez\u00f3 a pintar en la d\u00e9cada 1920 las tradiciones de su pueblo San Juan Comalapa y cre\u00f3 un tipo de arte que a\u00fan sigue floreciendo.","twitter:creator":"@SoyMigrante_com","twitter:image":"https:\/\/soymigrante.com\/revista\/wp-content\/uploads\/2025\/08\/andres-curruchich-pintura-arte-guatemala.png"},"aioseo_meta_data":{"post_id":"55637","title":"Artista maya migrante pinta mural en consulado de Guatemala","description":"Pintor migrante maya guatemalteco Ubaldo S\u00e1nchez plasma mural sobre la cultura maya en el Consulado de Guatemala en Maryland. Adm\u00edralo","keywords":null,"keyphrases":{"focus":{"keyphrase":"Migrante","score":100,"analysis":{"keyphraseInTitle":{"score":9,"maxScore":9,"error":0},"keyphraseInDescription":{"score":9,"maxScore":9,"error":0},"keyphraseLength":{"score":9,"maxScore":9,"error":0,"length":1},"keyphraseInURL":{"score":5,"maxScore":5,"error":0}}},"additional":[{"keyphrase":"mural","score":100,"analysis":{"keyphraseInDescription":{"score":9,"maxScore":9,"error":0},"keyphraseLength":{"score":9,"maxScore":9,"error":0,"length":1}}},{"keyphrase":"Maryland","score":100,"analysis":{"keyphraseInDescription":{"score":9,"maxScore":9,"error":0},"keyphraseLength":{"score":9,"maxScore":9,"error":0,"length":1}}},{"keyphrase":"Guatemala","score":100,"analysis":{"keyphraseInDescription":{"score":9,"maxScore":9,"error":0},"keyphraseLength":{"score":9,"maxScore":9,"error":0,"length":1}}}]},"primary_term":null,"canonical_url":null,"og_title":null,"og_description":null,"og_object_type":"default","og_image_type":"default","og_image_url":null,"og_image_width":null,"og_image_height":null,"og_image_custom_url":null,"og_image_custom_fields":null,"og_video":"","og_custom_url":null,"og_article_section":null,"og_article_tags":null,"twitter_use_og":false,"twitter_card":"default","twitter_image_type":"default","twitter_image_url":null,"twitter_image_custom_url":null,"twitter_image_custom_fields":null,"twitter_title":null,"twitter_description":null,"schema":{"blockGraphs":[],"customGraphs":[],"default":{"data":{"Article":[],"Course":[],"Dataset":[],"FAQPage":[],"Movie":[],"Person":[],"Product":[],"ProductReview":[],"Car":[],"Recipe":[],"Service":[],"SoftwareApplication":[],"WebPage":[]},"graphName":"NewsArticle","isEnabled":true},"graphs":[]},"schema_type":"default","schema_type_options":null,"pillar_content":false,"robots_default":true,"robots_noindex":false,"robots_noarchive":false,"robots_nosnippet":false,"robots_nofollow":false,"robots_noimageindex":false,"robots_noodp":false,"robots_notranslate":false,"robots_max_snippet":"-1","robots_max_videopreview":"-1","robots_max_imagepreview":"large","priority":null,"frequency":"default","local_seo":null,"seo_analyzer_scan_date":null,"breadcrumb_settings":null,"limit_modified_date":false,"reviewed_by":"0","open_ai":null,"ai":{"faqs":[],"keyPoints":[],"schemas":[],"titles":[],"descriptions":[],"socialPosts":{"email":[],"linkedin":[],"twitter":[],"facebook":[],"instagram":[]}},"created":"2026-04-29 20:11:30","updated":"2026-04-29 22:03:44"},"aioseo_breadcrumb":"<div class=\"aioseo-breadcrumbs\"><span class=\"aioseo-breadcrumb\">\n\t<a href=\"https:\/\/soymigrante.com\/revista\" title=\"Home\">Home<\/a>\n<\/span><span class=\"aioseo-breadcrumb-separator\">\u00bb<\/span><span class=\"aioseo-breadcrumb\">\n\t<a href=\"https:\/\/soymigrante.com\/revista\/category\/estamos-unidos\/\" title=\"Estamos Unidos\">Estamos Unidos<\/a>\n<\/span><span class=\"aioseo-breadcrumb-separator\">\u00bb<\/span><span class=\"aioseo-breadcrumb\">\n\tArtista maya migrante Ubaldo S\u00e1nchez plasma mural en Consulado de Guatemala en Maryland\n<\/span><\/div>","aioseo_breadcrumb_json":[{"label":"Home","link":"https:\/\/soymigrante.com\/revista"},{"label":"Estamos Unidos","link":"https:\/\/soymigrante.com\/revista\/category\/estamos-unidos\/"},{"label":"Artista maya migrante Ubaldo S\u00e1nchez plasma mural en Consulado de Guatemala en Maryland","link":"https:\/\/soymigrante.com\/revista\/artista-maya-migrante-ubaldo-sanchez-plasma-mural-en-consulado-de-guatemala-en-maryland\/"}],"_links":{"self":[{"href":"https:\/\/soymigrante.com\/revista\/wp-json\/wp\/v2\/posts\/55637","targetHints":{"allow":["GET"]}}],"collection":[{"href":"https:\/\/soymigrante.com\/revista\/wp-json\/wp\/v2\/posts"}],"about":[{"href":"https:\/\/soymigrante.com\/revista\/wp-json\/wp\/v2\/types\/post"}],"author":[{"embeddable":true,"href":"https:\/\/soymigrante.com\/revista\/wp-json\/wp\/v2\/users\/7"}],"replies":[{"embeddable":true,"href":"https:\/\/soymigrante.com\/revista\/wp-json\/wp\/v2\/comments?post=55637"}],"version-history":[{"count":8,"href":"https:\/\/soymigrante.com\/revista\/wp-json\/wp\/v2\/posts\/55637\/revisions"}],"predecessor-version":[{"id":55656,"href":"https:\/\/soymigrante.com\/revista\/wp-json\/wp\/v2\/posts\/55637\/revisions\/55656"}],"wp:featuredmedia":[{"embeddable":true,"href":"https:\/\/soymigrante.com\/revista\/wp-json\/wp\/v2\/media\/55638"}],"wp:attachment":[{"href":"https:\/\/soymigrante.com\/revista\/wp-json\/wp\/v2\/media?parent=55637"}],"wp:term":[{"taxonomy":"category","embeddable":true,"href":"https:\/\/soymigrante.com\/revista\/wp-json\/wp\/v2\/categories?post=55637"},{"taxonomy":"post_tag","embeddable":true,"href":"https:\/\/soymigrante.com\/revista\/wp-json\/wp\/v2\/tags?post=55637"}],"curies":[{"name":"wp","href":"https:\/\/api.w.org\/{rel}","templated":true}]}}