{"id":55619,"date":"2026-04-29T08:20:56","date_gmt":"2026-04-29T14:20:56","guid":{"rendered":"https:\/\/soymigrante.com\/revista\/?p=55619"},"modified":"2026-04-29T08:21:06","modified_gmt":"2026-04-29T14:21:06","slug":"migrantes-pagan-mas-impuestos-que-el-promedio-en-estados-unidos-afirma-estudio-de-cato-institute","status":"publish","type":"post","link":"https:\/\/soymigrante.com\/revista\/migrantes-pagan-mas-impuestos-que-el-promedio-en-estados-unidos-afirma-estudio-de-cato-institute\/","title":{"rendered":"Migrantes pagan m\u00e1s impuestos que el promedio en Estados Unidos, afirma estudio de CATO Institute"},"content":{"rendered":"\t\t<div data-elementor-type=\"wp-post\" data-elementor-id=\"55619\" class=\"elementor elementor-55619\" data-elementor-post-type=\"post\">\n\t\t\t\t<div data-particle_enable=\"false\" data-particle-mobile-disabled=\"false\" class=\"elementor-element elementor-element-39f234d e-flex e-con-boxed e-con e-parent\" data-id=\"39f234d\" data-element_type=\"container\" data-e-type=\"container\">\n\t\t\t\t\t<div class=\"e-con-inner\">\n\t\t\t\t<div class=\"elementor-element elementor-element-a809bc5 elementor-widget elementor-widget-heading\" data-id=\"a809bc5\" data-element_type=\"widget\" data-e-type=\"widget\" data-widget_type=\"heading.default\">\n\t\t\t\t\t<h3 class=\"elementor-heading-title elementor-size-default\">Discursos intolerantes han se\u00f1alado a migrantes de no pagar impuestos y consumir recursos: sin embargo, an\u00e1lisis hist\u00f3rico del CATO Institute demuestra que no solo pagan, sino que pagan m\u00e1s que el promedio de habitantes en USA.<\/h3>\t\t\t\t<\/div>\n\t\t\t\t\t<\/div>\n\t\t\t\t<\/div>\n\t\t<div data-particle_enable=\"false\" data-particle-mobile-disabled=\"false\" class=\"elementor-element elementor-element-784f81c e-flex e-con-boxed e-con e-parent\" data-id=\"784f81c\" data-element_type=\"container\" data-e-type=\"container\">\n\t\t\t\t\t<div class=\"e-con-inner\">\n\t\t\t\t<div class=\"elementor-element elementor-element-0cd72cd elementor-widget elementor-widget-text-editor\" data-id=\"0cd72cd\" data-element_type=\"widget\" data-e-type=\"widget\" data-widget_type=\"text-editor.default\">\n\t\t\t\t\t\t\t\t\t<p>Un an\u00e1lisis reciente del <a href=\"https:\/\/en.wikipedia.org\/wiki\/Cato_Institute\" target=\"_blank\" rel=\"noopener\">Cato Institute<\/a>\u00a0afirma que los inmigrantes en Estados Unidos no solo contribuyen al sistema fiscal, sino que en promedio pagan m\u00e1s <a href=\"https:\/\/soymigrante.com\/revista\/consejos-migrantes-gente-positiva-informarse-declarar-impuestos-correctamente\/\">impuestos <\/a>que las personas nacidas en el pa\u00eds. El estudio, publicado en el blog oficial del instituto, examina casi tres d\u00e9cadas de datos fiscales y laborales.<\/p><p>Esta investigaci\u00f3n es muy importante porque contradice a narrativas y discursos que se\u00f1alan a los migrantes de, supuestamente, no aportar a la econom\u00eda estadounidense o incluso de solo consumir recursos. Si deseas ver el art\u00edculo original en ingl\u00e9s, est\u00e1 aqu\u00ed:\u00a0<a href=\"https:\/\/www.cato.org\/blog\/immigrants-pay-more-taxes-average-person\" target=\"_blank\" rel=\"noopener\">Immigrants Pay More Taxes Than the Average Person<\/a>.<\/p><h3>Los inmigrantes aportan m\u00e1s al fisco<\/h3><p>Entre 1994 y 2023, los inmigrantes generaron aproximadamente 100,000 d\u00f3lares m\u00e1s en impuestos per c\u00e1pita que el promedio de los ciudadanos nacidos en Estados Unidos, lo que equivale a cerca de un 17 % adicional en ese per\u00edodo.<\/p><p>Solo en 2023, los inmigrantes pagaron alrededor de 1.3 billones de d\u00f3lares en impuestos, mientras que recibieron aproximadamente 761 mil millones en beneficios p\u00fablicos, lo que deja un super\u00e1vit fiscal significativo.<\/p>\t\t\t\t\t\t\t\t<\/div>\n\t\t\t\t\t<\/div>\n\t\t\t\t<\/div>\n\t\t<div data-particle_enable=\"false\" data-particle-mobile-disabled=\"false\" class=\"elementor-element elementor-element-7578c40 e-flex e-con-boxed e-con e-parent\" data-id=\"7578c40\" data-element_type=\"container\" data-e-type=\"container\">\n\t\t\t\t\t<div class=\"e-con-inner\">\n\t\t\t\t<div class=\"elementor-element elementor-element-79b962b elementor-widget elementor-widget-image\" data-id=\"79b962b\" data-element_type=\"widget\" data-e-type=\"widget\" data-widget_type=\"image.default\">\n\t\t\t\t\t\t\t\t\t\t\t\t<figure class=\"wp-caption\">\n\t\t\t\t\t\t\t\t\t\t<img fetchpriority=\"high\" decoding=\"async\" width=\"1140\" height=\"712\" src=\"https:\/\/soymigrante.com\/revista\/wp-content\/uploads\/2026\/04\/immigrants-generate-more-income-and-taxes-than-the-average-person-1140x712.png\" class=\"attachment-large size-large wp-image-55623\" alt=\"En este gr\u00e1fico elaborado por el CATO Institute se expone en la l\u00ednea azul, la proporci\u00f3n de plazas laborales o empleos ocupados por migrantes; la l\u00ednea naranja es la proporci\u00f3n de impuestos pagados por esa misma poblaci\u00f3n. La l\u00ednea gris es la proporci\u00f3n de ingreso: es decir, que a pesar de tener un ingreso menor, aportan m\u00e1s al fisco. (Gr\u00e1fico del Estudio de Cato Institute)\" srcset=\"https:\/\/soymigrante.com\/revista\/wp-content\/uploads\/2026\/04\/immigrants-generate-more-income-and-taxes-than-the-average-person-1140x712.png 1140w, https:\/\/soymigrante.com\/revista\/wp-content\/uploads\/2026\/04\/immigrants-generate-more-income-and-taxes-than-the-average-person-300x187.png 300w, https:\/\/soymigrante.com\/revista\/wp-content\/uploads\/2026\/04\/immigrants-generate-more-income-and-taxes-than-the-average-person-768x480.png 768w, https:\/\/soymigrante.com\/revista\/wp-content\/uploads\/2026\/04\/immigrants-generate-more-income-and-taxes-than-the-average-person-1536x959.png 1536w, https:\/\/soymigrante.com\/revista\/wp-content\/uploads\/2026\/04\/immigrants-generate-more-income-and-taxes-than-the-average-person-750x468.png 750w, https:\/\/soymigrante.com\/revista\/wp-content\/uploads\/2026\/04\/immigrants-generate-more-income-and-taxes-than-the-average-person.png 1997w\" sizes=\"(max-width: 1140px) 100vw, 1140px\" \/>\t\t\t\t\t\t\t\t\t\t\t<figcaption class=\"widget-image-caption wp-caption-text\">En este gr\u00e1fico elaborado por el CATO Institute se expone en la l\u00ednea azul, la proporci\u00f3n de plazas laborales o empleos ocupados por migrantes; la l\u00ednea naranja es la proporci\u00f3n de impuestos pagados por esa misma poblaci\u00f3n. La l\u00ednea gris es la proporci\u00f3n de ingreso: es decir, que a pesar de tener  un ingreso menor, aportan m\u00e1s al fisco. (Gr\u00e1fico del Estudio de Cato Institute)<\/figcaption>\n\t\t\t\t\t\t\t\t\t\t<\/figure>\n\t\t\t\t\t\t\t\t\t<\/div>\n\t\t\t\t\t<\/div>\n\t\t\t\t<\/div>\n\t\t<div data-particle_enable=\"false\" data-particle-mobile-disabled=\"false\" class=\"elementor-element elementor-element-83f7858 e-flex e-con-boxed e-con e-parent\" data-id=\"83f7858\" data-element_type=\"container\" data-e-type=\"container\">\n\t\t\t\t\t<div class=\"e-con-inner\">\n\t\t\t\t<div class=\"elementor-element elementor-element-16e6203 elementor-widget elementor-widget-text-editor\" data-id=\"16e6203\" data-element_type=\"widget\" data-e-type=\"widget\" data-widget_type=\"text-editor.default\">\n\t\t\t\t\t\t\t\t\t<p><span style=\"color: #000000; font-family: Mulish, sans-serif; font-size: 29px; font-weight: bold;\">Mayor participaci\u00f3n laboral explica el fen\u00f3meno<\/span><\/p><p>Una de las razones principales de este aporte superior es la alta participaci\u00f3n de los inmigrantes en la fuerza laboral. Tienen mayor probabilidad de estar empleados y, aunque en promedio ganan menos por hora, trabajan m\u00e1s horas en total.<\/p><p>Este patr\u00f3n se traduce <a href=\"https:\/\/soymigrante.com\/revista\/migrantes-indocumentados-aportan-us100-mil-millones-en-impuestos-a-estados-unidos\/\">en una contribuci\u00f3n desproporcionadamente alta en t\u00e9rminos de ingresos fiscales. <\/a>Su participaci\u00f3n en el mercado laboral supera su proporci\u00f3n dentro de la poblaci\u00f3n general. A esto se suma que muchos migrantes, por ser indocumentados, no tienen derecho a solicitar una devoluci\u00f3n de impuestos, con lo cual el Estado se queda con el excedente.<\/p><h3>Diferencias en los tipos de impuestos<\/h3><p>El an\u00e1lisis muestra que, a lo largo de 30 a\u00f1os, los inmigrantes generaron m\u00e1s ingresos fiscales en casi todos los tipos de impuestos. Las \u00fanicas excepciones se encuentran en algunos ingresos no tributarios y pagos relacionados con programas como <a href=\"https:\/\/en.wikipedia.org\/wiki\/Medicare_(United_States)\" target=\"_blank\" rel=\"noopener\">Medicare<\/a>, que utilizan en menor medida.<\/p><p>Adem\u00e1s, el estudio destaca que cerca del 75 % de los ingresos fiscales no proviene directamente del impuesto sobre la renta, sino de otros mecanismos como contribuciones laborales y pagos indirectos. Dichos impuestos son retenidos por el empleador y entregados al Estado.<\/p>\t\t\t\t\t\t\t\t<\/div>\n\t\t\t\t\t<\/div>\n\t\t\t\t<\/div>\n\t\t<div data-particle_enable=\"false\" data-particle-mobile-disabled=\"false\" class=\"elementor-element elementor-element-2fc3e61 e-flex e-con-boxed e-con e-parent\" data-id=\"2fc3e61\" data-element_type=\"container\" data-e-type=\"container\">\n\t\t\t\t\t<div class=\"e-con-inner\">\n\t\t\t\t<div class=\"elementor-element elementor-element-5325390 elementor-widget elementor-widget-image\" data-id=\"5325390\" data-element_type=\"widget\" data-e-type=\"widget\" data-widget_type=\"image.default\">\n\t\t\t\t\t\t\t\t\t\t\t\t<figure class=\"wp-caption\">\n\t\t\t\t\t\t\t\t\t\t<img decoding=\"async\" width=\"1140\" height=\"912\" src=\"https:\/\/soymigrante.com\/revista\/wp-content\/uploads\/2026\/04\/empleadores-en-estados-unidos-retienen-impuestos-migrantes-1140x912.png\" class=\"attachment-large size-large wp-image-55627\" alt=\"Por ley, todo empleador en Estados Unidos debe retener un porcentaje del salario a cuenta de impuestos. Cada a\u00f1o, los residentes legales pueden solicitar una devoluci\u00f3n del excedente, sin embargo los migrantes indocumentados no pueden acceder a este retorno, con lo cual pagan todo lo retenido al Estado, con lo cual su aporte fiscal es mayor que el promedio de residentes legales.\" srcset=\"https:\/\/soymigrante.com\/revista\/wp-content\/uploads\/2026\/04\/empleadores-en-estados-unidos-retienen-impuestos-migrantes-1140x912.png 1140w, https:\/\/soymigrante.com\/revista\/wp-content\/uploads\/2026\/04\/empleadores-en-estados-unidos-retienen-impuestos-migrantes-300x240.png 300w, https:\/\/soymigrante.com\/revista\/wp-content\/uploads\/2026\/04\/empleadores-en-estados-unidos-retienen-impuestos-migrantes-768x615.png 768w, https:\/\/soymigrante.com\/revista\/wp-content\/uploads\/2026\/04\/empleadores-en-estados-unidos-retienen-impuestos-migrantes-750x600.png 750w, https:\/\/soymigrante.com\/revista\/wp-content\/uploads\/2026\/04\/empleadores-en-estados-unidos-retienen-impuestos-migrantes.png 1402w\" sizes=\"(max-width: 1140px) 100vw, 1140px\" \/>\t\t\t\t\t\t\t\t\t\t\t<figcaption class=\"widget-image-caption wp-caption-text\">Por ley, todo empleador en Estados Unidos debe retener un porcentaje del salario a cuenta de impuestos. Cada a\u00f1o, los residentes legales pueden solicitar una devoluci\u00f3n del excedente, sin embargo los migrantes indocumentados no pueden acceder a este retorno, con lo cual pagan todo lo retenido al Estado, con lo cual su aporte fiscal es mayor que el promedio de residentes legales.<\/figcaption>\n\t\t\t\t\t\t\t\t\t\t<\/figure>\n\t\t\t\t\t\t\t\t\t<\/div>\n\t\t\t\t\t<\/div>\n\t\t\t\t<\/div>\n\t\t<div data-particle_enable=\"false\" data-particle-mobile-disabled=\"false\" class=\"elementor-element elementor-element-131d4eb e-flex e-con-boxed e-con e-parent\" data-id=\"131d4eb\" data-element_type=\"container\" data-e-type=\"container\">\n\t\t\t\t\t<div class=\"e-con-inner\">\n\t\t\t\t<div class=\"elementor-element elementor-element-1328be7 elementor-widget elementor-widget-text-editor\" data-id=\"1328be7\" data-element_type=\"widget\" data-e-type=\"widget\" data-widget_type=\"text-editor.default\">\n\t\t\t\t\t\t\t\t\t<p><span style=\"color: #000000; font-family: Mulish, sans-serif; font-size: 29px; font-weight: bold;\">El papel de los inmigrantes indocumentados<\/span><\/p><p>El informe tambi\u00e9n aborda la <a href=\"https:\/\/soymigrante.com\/revista\/migrantes-ocupan-trabajos-que-estadounidenses-no-desean-afirma-estudio-del-pew-center\/\">situaci\u00f3n de los inmigrantes indocumentados trabajadores<\/a>. A pesar de su estatus, muchos pagan impuestos, ya sea de forma directa o indirecta. Antes de recientes pol\u00edticas migratorias, se estima que cumpl\u00edan con el pago del impuesto sobre la renta en aproximadamente el 75 % del nivel de la persona promedio.<\/p><p>Esto ocurre porque muchos trabajan con n\u00fameros de identificaci\u00f3n fiscal o incluso identidades prestadas, lo que implica retenciones autom\u00e1ticas por parte de los empleadores. En total, se estima que han contribuido con cerca de 3 billones de d\u00f3lares en impuestos en las \u00faltimas tres d\u00e9cadas.<\/p><h3>Impacto econ\u00f3mico m\u00e1s amplio<\/h3><p>El estudio se\u00f1ala que estas cifras son conservadoras, ya que no incluyen efectos indirectos como el aumento de la productividad de los trabajadores estadounidenses. Seg\u00fan la <a href=\"https:\/\/en.wikipedia.org\/wiki\/Congressional_Budget_Office\" target=\"_blank\" rel=\"noopener\">Oficina de Presupuesto del Congreso (CBO)<\/a>, estos efectos representan una parte importante del impacto fiscal positivo.<\/p><p>De hecho, cambios en las pol\u00edticas migratorias podr\u00edan aumentar el d\u00e9ficit federal en hasta 500 mil millones de d\u00f3lares en una d\u00e9cada, en gran medida por la reducci\u00f3n en la recaudaci\u00f3n.<\/p><h3>Conclusi\u00f3n: un balance positivo<\/h3><p>En t\u00e9rminos generales, el estudio concluye que los inmigrantes han contribuido a reducir la deuda p\u00fablica en aproximadamente 14.5 billones de d\u00f3lares, incluso considerando a la segunda generaci\u00f3n.<\/p><p>M\u00e1s all\u00e1 de los n\u00fameros fiscales, el impacto positivo se explica tambi\u00e9n por su contribuci\u00f3n a la econom\u00eda en forma de innovaci\u00f3n, emprendimiento y generaci\u00f3n de bienes y servicios. Seg\u00fan el autor, en lugar de restringir la inmigraci\u00f3n, las pol\u00edticas p\u00fablicas deber\u00edan enfocarse en maximizar estos beneficios.<\/p>\t\t\t\t\t\t\t\t<\/div>\n\t\t\t\t\t<\/div>\n\t\t\t\t<\/div>\n\t\t<div data-particle_enable=\"false\" data-particle-mobile-disabled=\"false\" class=\"elementor-element elementor-element-1a3ad87 e-flex e-con-boxed e-con e-parent\" data-id=\"1a3ad87\" data-element_type=\"container\" data-e-type=\"container\">\n\t\t\t\t\t<div class=\"e-con-inner\">\n\t\t\t\t<div class=\"elementor-element elementor-element-2d43c8a elementor-widget elementor-widget-image\" data-id=\"2d43c8a\" data-element_type=\"widget\" data-e-type=\"widget\" data-widget_type=\"image.default\">\n\t\t\t\t\t\t\t\t\t\t\t\t<figure class=\"wp-caption\">\n\t\t\t\t\t\t\t\t\t\t<img decoding=\"async\" width=\"837\" height=\"802\" src=\"https:\/\/soymigrante.com\/revista\/wp-content\/uploads\/2026\/04\/diferencia-de-ingresos.jpg\" class=\"attachment-large size-large wp-image-55628\" alt=\"El estudio de Cato Institute toma datos fiscales de entre 1994 y 2023, para efectuar un c\u00e1lculo de la proporci\u00f3n de impuestos promedio de personas de Estados Unidos y migrantes. Se presenta un total, por persona, de ese per\u00edodo y la diferencia es de unos US$97 mil d\u00f3lares m\u00e1s pagados en taxes por los migrantes.\" srcset=\"https:\/\/soymigrante.com\/revista\/wp-content\/uploads\/2026\/04\/diferencia-de-ingresos.jpg 837w, https:\/\/soymigrante.com\/revista\/wp-content\/uploads\/2026\/04\/diferencia-de-ingresos-300x287.jpg 300w, https:\/\/soymigrante.com\/revista\/wp-content\/uploads\/2026\/04\/diferencia-de-ingresos-768x736.jpg 768w, https:\/\/soymigrante.com\/revista\/wp-content\/uploads\/2026\/04\/diferencia-de-ingresos-750x719.jpg 750w\" sizes=\"(max-width: 837px) 100vw, 837px\" \/>\t\t\t\t\t\t\t\t\t\t\t<figcaption class=\"widget-image-caption wp-caption-text\">El estudio de Cato Institute toma datos fiscales de entre 1994 y 2023, para efectuar un c\u00e1lculo de la proporci\u00f3n de impuestos promedio de personas de Estados Unidos y migrantes. Se presenta un total, por persona, de ese per\u00edodo y la diferencia es de unos US$97 mil d\u00f3lares m\u00e1s pagados en taxes por los migrantes.<\/figcaption>\n\t\t\t\t\t\t\t\t\t\t<\/figure>\n\t\t\t\t\t\t\t\t\t<\/div>\n\t\t\t\t\t<\/div>\n\t\t\t\t<\/div>\n\t\t<div data-particle_enable=\"false\" data-particle-mobile-disabled=\"false\" class=\"elementor-element elementor-element-0f7ee3c e-flex e-con-boxed e-con e-parent\" data-id=\"0f7ee3c\" data-element_type=\"container\" data-e-type=\"container\">\n\t\t\t\t\t<div class=\"e-con-inner\">\n\t\t\t\t<div class=\"elementor-element elementor-element-11edd78 elementor-widget elementor-widget-heading\" data-id=\"11edd78\" data-element_type=\"widget\" data-e-type=\"widget\" data-widget_type=\"heading.default\">\n\t\t\t\t\t<h2 class=\"elementor-heading-title elementor-size-default\">Quiz\u00e1 tambi\u00e9n te podr\u00eda interesar<\/h2>\t\t\t\t<\/div>\n\t\t\t\t\t<\/div>\n\t\t\t\t<\/div>\n\t\t<div data-particle_enable=\"false\" data-particle-mobile-disabled=\"false\" class=\"elementor-element elementor-element-1e987b0 e-flex e-con-boxed e-con e-parent\" data-id=\"1e987b0\" data-element_type=\"container\" data-e-type=\"container\">\n\t\t\t\t\t<div class=\"e-con-inner\">\n\t\t\t\t<div class=\"elementor-element elementor-element-d33eb44 elementor-grid-eael-col-3 elementor-grid-tablet-eael-col-2 elementor-grid-mobile-eael-col-1 elementor-widget elementor-widget-eael-post-grid\" data-id=\"d33eb44\" data-element_type=\"widget\" data-e-type=\"widget\" data-settings=\"{&quot;eael_post_grid_columns&quot;:&quot;eael-col-3&quot;,&quot;eael_post_grid_columns_tablet&quot;:&quot;eael-col-2&quot;,&quot;eael_post_grid_columns_mobile&quot;:&quot;eael-col-1&quot;}\" data-widget_type=\"eael-post-grid.default\">\n\t\t\t\t\t<div id=\"eael-post-grid-d33eb44\" class=\"eael-post-grid-container\">\n            <div class=\"eael-post-grid eael-post-appender eael-post-appender-d33eb44 eael-post-grid-style-one\" data-layout-mode=\"masonry\"><article class=\"eael-grid-post  eael-post-grid-column eael-pg-post-12781 category-estamos-unidos\" data-id=\"12781\">\n        <div class=\"eael-grid-post-holder\">\n            <div class=\"eael-grid-post-holder-inner\"><div class=\"eael-entry-media\"><div class=\"eael-entry-overlay fade-in\"><i class=\"far fa-hand-pointer\" aria-hidden=\"true\"><\/i><a href=\"https:\/\/soymigrante.com\/revista\/premiaran-liderazgo-de-la-comunidad-guatemalteca-en-oklahoma\/\"><\/a><\/div><div class=\"eael-entry-thumbnail eael-image-ratio\">\n                <img loading=\"lazy\" decoding=\"async\" width=\"1024\" height=\"768\" src=\"https:\/\/soymigrante.com\/revista\/wp-content\/uploads\/2024\/11\/PREMIARA\u0301N-A-GUATEMALTECOS--1024x768.jpeg\" class=\"attachment-large size-large wp-image-12783\" alt=\"Premiar\u00e1n liderazgo de la comunidad guatemalteca en Oklahoma\" srcset=\"https:\/\/soymigrante.com\/revista\/wp-content\/uploads\/2024\/11\/PREMIARA\u0301N-A-GUATEMALTECOS--1024x768.jpeg 1024w, https:\/\/soymigrante.com\/revista\/wp-content\/uploads\/2024\/11\/PREMIARA\u0301N-A-GUATEMALTECOS--300x225.webp 300w, https:\/\/soymigrante.com\/revista\/wp-content\/uploads\/2024\/11\/PREMIARA\u0301N-A-GUATEMALTECOS--768x576.jpeg 768w, https:\/\/soymigrante.com\/revista\/wp-content\/uploads\/2024\/11\/PREMIARA\u0301N-A-GUATEMALTECOS--1536x1152.jpeg 1536w, https:\/\/soymigrante.com\/revista\/wp-content\/uploads\/2024\/11\/PREMIARA\u0301N-A-GUATEMALTECOS--750x563.webp 750w, https:\/\/soymigrante.com\/revista\/wp-content\/uploads\/2024\/11\/PREMIARA\u0301N-A-GUATEMALTECOS--1140x855.jpeg 1140w, https:\/\/soymigrante.com\/revista\/wp-content\/uploads\/2024\/11\/PREMIARA\u0301N-A-GUATEMALTECOS-.webp 1920w\" sizes=\"(max-width: 1024px) 100vw, 1024px\" \/>\n            <\/div>\n        <\/div><div class=\"eael-entry-wrapper\"><header class=\"eael-entry-header\"><h2 class=\"eael-entry-title\"><a class=\"eael-grid-post-link\" href=\"https:\/\/soymigrante.com\/revista\/premiaran-liderazgo-de-la-comunidad-guatemalteca-en-oklahoma\/\" title=\"Comunidad guatemalteca en Oklahoma premia liderazgo y aportes hispanos en USA\">Comunidad guatemalteca en Oklahoma premia liderazgo y aportes hispanos en USA<\/a><\/h2><\/header><div class=\"eael-entry-content\">\n                        <div class=\"eael-grid-post-excerpt\"><a href=\"https:\/\/soymigrante.com\/revista\/premiaran-liderazgo-de-la-comunidad-guatemalteca-en-oklahoma\/\" class=\"eael-post-elements-readmore-btn\">CONOCE SU HISTORIA <\/a><\/div>\n                    <\/div><\/div><\/div>\n        <\/div>\n    <\/article><article class=\"eael-grid-post  eael-post-grid-column eael-pg-post-22222 category-estamos-unidos\" data-id=\"22222\">\n        <div class=\"eael-grid-post-holder\">\n            <div class=\"eael-grid-post-holder-inner\"><div class=\"eael-entry-media\"><div class=\"eael-entry-overlay fade-in\"><i class=\"far fa-hand-pointer\" aria-hidden=\"true\"><\/i><a href=\"https:\/\/soymigrante.com\/revista\/migrantes-ocupan-trabajos-que-estadounidenses-no-desean-afirma-estudio-del-pew-center\/\"><\/a><\/div><div class=\"eael-entry-thumbnail eael-image-ratio\">\n                <img loading=\"lazy\" decoding=\"async\" width=\"1024\" height=\"1024\" src=\"https:\/\/soymigrante.com\/revista\/wp-content\/uploads\/2025\/01\/trabajo-de-limpieza-usa-copia-1024x1024.jpg\" class=\"attachment-large size-large wp-image-22259\" alt=\"Trabajador de restauraci\u00f3n limpiando en cocina profesional, ambiente de gastronom\u00eda moderna, enfoque en higiene y trabajo en equipo para la excelencia culinaria.\" srcset=\"https:\/\/soymigrante.com\/revista\/wp-content\/uploads\/2025\/01\/trabajo-de-limpieza-usa-copia-1024x1024.jpg 1024w, https:\/\/soymigrante.com\/revista\/wp-content\/uploads\/2025\/01\/trabajo-de-limpieza-usa-copia-300x300.jpg 300w, https:\/\/soymigrante.com\/revista\/wp-content\/uploads\/2025\/01\/trabajo-de-limpieza-usa-copia-150x150.jpg 150w, https:\/\/soymigrante.com\/revista\/wp-content\/uploads\/2025\/01\/trabajo-de-limpieza-usa-copia-768x768.jpg 768w, https:\/\/soymigrante.com\/revista\/wp-content\/uploads\/2025\/01\/trabajo-de-limpieza-usa-copia-1536x1536.jpg 1536w, https:\/\/soymigrante.com\/revista\/wp-content\/uploads\/2025\/01\/trabajo-de-limpieza-usa-copia-2048x2048.jpg 2048w, https:\/\/soymigrante.com\/revista\/wp-content\/uploads\/2025\/01\/trabajo-de-limpieza-usa-copia-75x75.webp 75w, https:\/\/soymigrante.com\/revista\/wp-content\/uploads\/2025\/01\/trabajo-de-limpieza-usa-copia-750x750.webp 750w, https:\/\/soymigrante.com\/revista\/wp-content\/uploads\/2025\/01\/trabajo-de-limpieza-usa-copia-1140x1140.webp 1140w, https:\/\/soymigrante.com\/revista\/wp-content\/uploads\/2025\/01\/trabajo-de-limpieza-usa-copia-scaled.webp 1920w\" sizes=\"(max-width: 1024px) 100vw, 1024px\" \/>\n            <\/div>\n        <\/div><div class=\"eael-entry-wrapper\"><header class=\"eael-entry-header\"><h2 class=\"eael-entry-title\"><a class=\"eael-grid-post-link\" href=\"https:\/\/soymigrante.com\/revista\/migrantes-ocupan-trabajos-que-estadounidenses-no-desean-afirma-estudio-del-pew-center\/\" title=\"Migrantes desempe\u00f1an trabajos que ciudadanos no desean, afirma estudio del Pew Center\">Migrantes desempe\u00f1an trabajos que ciudadanos no desean, afirma estudio del Pew Center<\/a><\/h2><\/header><div class=\"eael-entry-content\">\n                        <div class=\"eael-grid-post-excerpt\"><a href=\"https:\/\/soymigrante.com\/revista\/migrantes-ocupan-trabajos-que-estadounidenses-no-desean-afirma-estudio-del-pew-center\/\" class=\"eael-post-elements-readmore-btn\">CONOCE SU HISTORIA <\/a><\/div>\n                    <\/div><\/div><\/div>\n        <\/div>\n    <\/article><article class=\"eael-grid-post  eael-post-grid-column eael-pg-post-7408 category-exitos\" data-id=\"7408\">\n        <div class=\"eael-grid-post-holder\">\n            <div class=\"eael-grid-post-holder-inner\"><div class=\"eael-entry-media\"><div class=\"eael-entry-overlay fade-in\"><i class=\"far fa-hand-pointer\" aria-hidden=\"true\"><\/i><a href=\"https:\/\/soymigrante.com\/revista\/guatemalteco-lidera-a-miles-de-trabajadores-de-entrega-a-domicilio-en-ny\/\"><\/a><\/div><div class=\"eael-entry-thumbnail eael-image-ratio\">\n                <img loading=\"lazy\" decoding=\"async\" width=\"333\" height=\"333\" src=\"https:\/\/soymigrante.com\/revista\/wp-content\/uploads\/2024\/07\/gustavo-ajche-2-1.webp\" class=\"attachment-large size-large wp-image-7461\" alt=\"Hombre joven con casco de bicicleta en calle urbana, mostrando actitud positiva y segura, promoviendo la movilidad y el activismo social en comunidades urbanas en Am\u00e9rica Latina.\" srcset=\"https:\/\/soymigrante.com\/revista\/wp-content\/uploads\/2024\/07\/gustavo-ajche-2-1.webp 333w, https:\/\/soymigrante.com\/revista\/wp-content\/uploads\/2024\/07\/gustavo-ajche-2-1-300x300.webp 300w, https:\/\/soymigrante.com\/revista\/wp-content\/uploads\/2024\/07\/gustavo-ajche-2-1-150x150.webp 150w, https:\/\/soymigrante.com\/revista\/wp-content\/uploads\/2024\/07\/gustavo-ajche-2-1-75x75.webp 75w\" sizes=\"(max-width: 333px) 100vw, 333px\" \/>\n            <\/div>\n        <\/div><div class=\"eael-entry-wrapper\"><header class=\"eael-entry-header\"><h2 class=\"eael-entry-title\"><a class=\"eael-grid-post-link\" href=\"https:\/\/soymigrante.com\/revista\/guatemalteco-lidera-a-miles-de-trabajadores-de-entrega-a-domicilio-en-ny\/\" title=\"Guatemalteco Gustavo Ajch\u00e9 lidera a miles de trabajadores de entrega a domicilio en New York\">Guatemalteco Gustavo Ajch\u00e9 lidera a miles de trabajadores de entrega a domicilio en New York<\/a><\/h2><\/header><div class=\"eael-entry-content\">\n                        <div class=\"eael-grid-post-excerpt\"><a href=\"https:\/\/soymigrante.com\/revista\/guatemalteco-lidera-a-miles-de-trabajadores-de-entrega-a-domicilio-en-ny\/\" class=\"eael-post-elements-readmore-btn\">CONOCE SU HISTORIA <\/a><\/div>\n                    <\/div><\/div><\/div>\n        <\/div>\n    <\/article><\/div>\n            <div class=\"clearfix\"><\/div>\n        <\/div>\t\t\t\t<\/div>\n\t\t\t\t\t<\/div>\n\t\t\t\t<\/div>\n\t\t\t\t<\/div>\n\t\t","protected":false},"excerpt":{"rendered":"<p>Discursos intolerantes han se\u00f1alado a migrantes de no pagar impuestos y consumir recursos: sin embargo, an\u00e1lisis hist\u00f3rico del CATO Institute demuestra que no solo pagan, sino que pagan m\u00e1s que el promedio de habitantes en USA. Un an\u00e1lisis reciente del Cato Institute\u00a0afirma que los inmigrantes en Estados Unidos no solo contribuyen al sistema fiscal, sino [&hellip;]<\/p>\n","protected":false},"author":1,"featured_media":55620,"comment_status":"open","ping_status":"open","sticky":false,"template":"","format":"standard","meta":{"_acf_changed":false,"_eb_attr":"","footnotes":""},"categories":[280],"tags":[],"class_list":["post-55619","post","type-post","status-publish","format-standard","has-post-thumbnail","hentry","category-noticias"],"acf":[],"aioseo_notices":[],"aioseo_head":"\n\t\t<!-- All in One SEO Pro 4.9.6.2 - aioseo.com -->\n\t<meta name=\"description\" content=\"El migrante Gustavo Ajch\u00e9 comenz\u00f3 a repartir comida a domicilio en Nueva York en 2004. Ha logrado mejoras para este sector a trav\u00e9s de Deliveristas Unidos, organizaci\u00f3n con 5 mil miembros.\" \/>\n\t<meta name=\"robots\" content=\"max-snippet:-1, max-image-preview:large, max-video-preview:-1\" \/>\n\t<meta name=\"author\" content=\"Gustavo Montenegro\"\/>\n\t<link rel=\"canonical\" href=\"https:\/\/soymigrante.com\/revista\/guatemalteco-lidera-a-miles-de-trabajadores-de-entrega-a-domicilio-en-ny\/\" \/>\n\t<meta name=\"generator\" content=\"All in One SEO Pro (AIOSEO) 4.9.6.2\" \/>\n\n\t\t<link rel=\"preconnect\" href=\"https:\/\/fonts.googleapis.com\" crossorigin>\n<link rel=\"preconnect\" href=\"https:\/\/fonts.gstatic.com\" crossorigin>\n\t\t<meta property=\"og:locale\" content=\"es_ES\" \/>\n\t\t<meta property=\"og:site_name\" content=\"SoyMigrante.com REVISTA \u2013 Nuestra misi\u00f3n es reconocer y dignificar al migrante.\" \/>\n\t\t<meta property=\"og:type\" content=\"article\" \/>\n\t\t<meta property=\"og:title\" content=\"Guatemalteco lidera a miles de deliveristas organizados en NY\" \/>\n\t\t<meta property=\"og:description\" content=\"El migrante Gustavo Ajch\u00e9 comenz\u00f3 a repartir comida a domicilio en Nueva York en 2004. Ha logrado mejoras para este sector a trav\u00e9s de Deliveristas Unidos, organizaci\u00f3n con 5 mil miembros.\" \/>\n\t\t<meta property=\"og:url\" content=\"https:\/\/soymigrante.com\/revista\/guatemalteco-lidera-a-miles-de-trabajadores-de-entrega-a-domicilio-en-ny\/\" \/>\n\t\t<meta property=\"og:image\" content=\"https:\/\/soymigrante.com\/revista\/wp-content\/uploads\/2024\/07\/gustavo-ajche-2-1.webp\" \/>\n\t\t<meta property=\"og:image:secure_url\" content=\"https:\/\/soymigrante.com\/revista\/wp-content\/uploads\/2024\/07\/gustavo-ajche-2-1.webp\" \/>\n\t\t<meta property=\"og:image:width\" content=\"333\" \/>\n\t\t<meta property=\"og:image:height\" content=\"333\" \/>\n\t\t<meta property=\"article:published_time\" content=\"2024-07-12T00:52:29+00:00\" \/>\n\t\t<meta property=\"article:modified_time\" content=\"2025-05-20T18:43:15+00:00\" \/>\n\t\t<meta property=\"article:publisher\" content=\"https:\/\/www.facebook.com\/soymigrantecom\" \/>\n\t\t<meta name=\"twitter:card\" content=\"summary_large_image\" \/>\n\t\t<meta name=\"twitter:site\" content=\"@SoyMigrante_com\" \/>\n\t\t<meta name=\"twitter:title\" content=\"Guatemalteco lidera a miles de deliveristas organizados en NY\" \/>\n\t\t<meta name=\"twitter:description\" content=\"El migrante Gustavo Ajch\u00e9 comenz\u00f3 a repartir comida a domicilio en Nueva York en 2004. Ha logrado mejoras para este sector a trav\u00e9s de Deliveristas Unidos, organizaci\u00f3n con 5 mil miembros.\" \/>\n\t\t<meta name=\"twitter:creator\" content=\"@SoyMigrante_com\" \/>\n\t\t<meta name=\"twitter:image\" content=\"https:\/\/soymigrante.com\/revista\/wp-content\/uploads\/2024\/07\/gustavo-ajche-2-1.webp\" \/>\n\t\t<!-- All in One SEO Pro -->\r\n\t\t<title>Guatemalteco lidera a miles de deliveristas organizados en NY<\/title>\n\n","aioseo_head_json":{"title":"Guatemalteco lidera a miles de deliveristas organizados en NY","description":"El migrante Gustavo Ajch\u00e9 comenz\u00f3 a repartir comida a domicilio en Nueva York en 2004. Ha logrado mejoras para este sector a trav\u00e9s de Deliveristas Unidos, organizaci\u00f3n con 5 mil miembros.","canonical_url":"https:\/\/soymigrante.com\/revista\/guatemalteco-lidera-a-miles-de-trabajadores-de-entrega-a-domicilio-en-ny\/","robots":"max-snippet:-1, max-image-preview:large, max-video-preview:-1","keywords":"","webmasterTools":{"miscellaneous":"&lt;link rel=\"preconnect\" href=\"https:\/\/fonts.googleapis.com\" crossorigin&gt;\n&lt;link rel=\"preconnect\" href=\"https:\/\/fonts.gstatic.com\" crossorigin&gt;"},"schema":null,"og:locale":"es_ES","og:site_name":"SoyMigrante.com REVISTA \u2013 Nuestra misi\u00f3n es reconocer y dignificar al migrante.","og:type":"article","og:title":"Guatemalteco lidera a miles de deliveristas organizados en NY","og:description":"El migrante Gustavo Ajch\u00e9 comenz\u00f3 a repartir comida a domicilio en Nueva York en 2004. Ha logrado mejoras para este sector a trav\u00e9s de Deliveristas Unidos, organizaci\u00f3n con 5 mil miembros.","og:url":"https:\/\/soymigrante.com\/revista\/guatemalteco-lidera-a-miles-de-trabajadores-de-entrega-a-domicilio-en-ny\/","og:image":"https:\/\/soymigrante.com\/revista\/wp-content\/uploads\/2024\/07\/gustavo-ajche-2-1.webp","og:image:secure_url":"https:\/\/soymigrante.com\/revista\/wp-content\/uploads\/2024\/07\/gustavo-ajche-2-1.webp","og:image:width":333,"og:image:height":333,"article:published_time":"2024-07-12T00:52:29+00:00","article:modified_time":"2025-05-20T18:43:15+00:00","article:publisher":"https:\/\/www.facebook.com\/soymigrantecom","twitter:card":"summary_large_image","twitter:site":"@SoyMigrante_com","twitter:title":"Guatemalteco lidera a miles de deliveristas organizados en NY","twitter:description":"El migrante Gustavo Ajch\u00e9 comenz\u00f3 a repartir comida a domicilio en Nueva York en 2004. Ha logrado mejoras para este sector a trav\u00e9s de Deliveristas Unidos, organizaci\u00f3n con 5 mil miembros.","twitter:creator":"@SoyMigrante_com","twitter:image":"https:\/\/soymigrante.com\/revista\/wp-content\/uploads\/2024\/07\/gustavo-ajche-2-1.webp"},"aioseo_meta_data":{"post_id":"55619","title":"Migrantes pagan m\u00e1s impuestos que la persona promedio en USA","description":"Ante afirmaciones que se\u00f1alan a migrantes de no pagar impuestos o solo consumir recursos, estudio del CATO Institute se\u00f1ala que pagan m\u00e1s del promedio. Conoce m\u00e1s","keywords":null,"keyphrases":{"focus":{"keyphrase":"Impuestos","score":91,"analysis":{"keyphraseInTitle":{"score":9,"maxScore":9,"error":0},"keyphraseInDescription":{"score":9,"maxScore":9,"error":0},"keyphraseLength":{"score":9,"maxScore":9,"error":0,"length":1},"keyphraseInURL":{"score":5,"maxScore":5,"error":0},"keyphraseInIntroduction":{"score":9,"maxScore":9,"error":0},"keyphraseInSubHeadings":{"score":3,"maxScore":9,"error":1},"keyphraseInImageAlt":{"score":9,"maxScore":9,"error":0},"keywordDensity":{"type":"best","score":9,"maxScore":9,"error":0}}},"additional":[{"keyphrase":"Migrantes","score":87,"analysis":{"keyphraseInDescription":{"score":9,"maxScore":9,"error":0},"keyphraseLength":{"score":9,"maxScore":9,"error":0,"length":1},"keyphraseInIntroduction":{"score":3,"maxScore":9,"error":1},"keyphraseInImageAlt":{"score":9,"maxScore":9,"error":0},"keywordDensity":{"type":"best","score":9,"maxScore":9,"error":0}}},{"keyphrase":"CATO","score":100,"analysis":{"keyphraseInDescription":{"score":9,"maxScore":9,"error":0},"keyphraseLength":{"score":9,"maxScore":9,"error":0,"length":1},"keyphraseInIntroduction":{"score":9,"maxScore":9,"error":0},"keyphraseInImageAlt":{"score":9,"maxScore":9,"error":0},"keywordDensity":{"type":"best","score":9,"maxScore":9,"error":0}}}]},"primary_term":null,"canonical_url":null,"og_title":null,"og_description":null,"og_object_type":"default","og_image_type":"default","og_image_url":null,"og_image_width":null,"og_image_height":null,"og_image_custom_url":null,"og_image_custom_fields":null,"og_video":"","og_custom_url":null,"og_article_section":null,"og_article_tags":null,"twitter_use_og":false,"twitter_card":"default","twitter_image_type":"default","twitter_image_url":null,"twitter_image_custom_url":null,"twitter_image_custom_fields":null,"twitter_title":null,"twitter_description":null,"schema":{"blockGraphs":[],"customGraphs":[],"default":{"data":{"Article":[],"Course":[],"Dataset":[],"FAQPage":[],"Movie":[],"Person":[],"Product":[],"ProductReview":[],"Car":[],"Recipe":[],"Service":[],"SoftwareApplication":[],"WebPage":[]},"graphName":"NewsArticle","isEnabled":true},"graphs":[]},"schema_type":"default","schema_type_options":null,"pillar_content":false,"robots_default":true,"robots_noindex":false,"robots_noarchive":false,"robots_nosnippet":false,"robots_nofollow":false,"robots_noimageindex":false,"robots_noodp":false,"robots_notranslate":false,"robots_max_snippet":"-1","robots_max_videopreview":"-1","robots_max_imagepreview":"large","priority":null,"frequency":"default","local_seo":null,"seo_analyzer_scan_date":null,"breadcrumb_settings":null,"limit_modified_date":false,"reviewed_by":"0","open_ai":null,"ai":{"faqs":[],"keyPoints":[],"schemas":[],"titles":[],"descriptions":[],"socialPosts":{"email":[],"linkedin":[],"twitter":[],"facebook":[],"instagram":[]}},"created":"2026-04-29 13:40:48","updated":"2026-04-29 15:13:25"},"aioseo_breadcrumb":"<div class=\"aioseo-breadcrumbs\"><span class=\"aioseo-breadcrumb\">\n\t<a href=\"https:\/\/soymigrante.com\/revista\" title=\"Home\">Home<\/a>\n<\/span><span class=\"aioseo-breadcrumb-separator\">\u00bb<\/span><span class=\"aioseo-breadcrumb\">\n\t<a href=\"https:\/\/soymigrante.com\/revista\/category\/noticias\/\" title=\"Noticias\">Noticias<\/a>\n<\/span><span class=\"aioseo-breadcrumb-separator\">\u00bb<\/span><span class=\"aioseo-breadcrumb\">\n\tMigrantes pagan m\u00e1s impuestos que el promedio en Estados Unidos, afirma estudio de CATO Institute\n<\/span><\/div>","aioseo_breadcrumb_json":[{"label":"Home","link":"https:\/\/soymigrante.com\/revista"},{"label":"Noticias","link":"https:\/\/soymigrante.com\/revista\/category\/noticias\/"},{"label":"Migrantes pagan m\u00e1s impuestos que el promedio en Estados Unidos, afirma estudio de CATO Institute","link":"https:\/\/soymigrante.com\/revista\/migrantes-pagan-mas-impuestos-que-el-promedio-en-estados-unidos-afirma-estudio-de-cato-institute\/"}],"_links":{"self":[{"href":"https:\/\/soymigrante.com\/revista\/wp-json\/wp\/v2\/posts\/55619","targetHints":{"allow":["GET"]}}],"collection":[{"href":"https:\/\/soymigrante.com\/revista\/wp-json\/wp\/v2\/posts"}],"about":[{"href":"https:\/\/soymigrante.com\/revista\/wp-json\/wp\/v2\/types\/post"}],"author":[{"embeddable":true,"href":"https:\/\/soymigrante.com\/revista\/wp-json\/wp\/v2\/users\/1"}],"replies":[{"embeddable":true,"href":"https:\/\/soymigrante.com\/revista\/wp-json\/wp\/v2\/comments?post=55619"}],"version-history":[{"count":8,"href":"https:\/\/soymigrante.com\/revista\/wp-json\/wp\/v2\/posts\/55619\/revisions"}],"predecessor-version":[{"id":55632,"href":"https:\/\/soymigrante.com\/revista\/wp-json\/wp\/v2\/posts\/55619\/revisions\/55632"}],"wp:featuredmedia":[{"embeddable":true,"href":"https:\/\/soymigrante.com\/revista\/wp-json\/wp\/v2\/media\/55620"}],"wp:attachment":[{"href":"https:\/\/soymigrante.com\/revista\/wp-json\/wp\/v2\/media?parent=55619"}],"wp:term":[{"taxonomy":"category","embeddable":true,"href":"https:\/\/soymigrante.com\/revista\/wp-json\/wp\/v2\/categories?post=55619"},{"taxonomy":"post_tag","embeddable":true,"href":"https:\/\/soymigrante.com\/revista\/wp-json\/wp\/v2\/tags?post=55619"}],"curies":[{"name":"wp","href":"https:\/\/api.w.org\/{rel}","templated":true}]}}