{"id":55583,"date":"2026-04-28T14:16:39","date_gmt":"2026-04-28T20:16:39","guid":{"rendered":"https:\/\/soymigrante.com\/revista\/?p=55583"},"modified":"2026-04-28T14:50:12","modified_gmt":"2026-04-28T20:50:12","slug":"recorrido-virtual-conoce-detalles-de-7-grandes-templos-de-tikal","status":"publish","type":"post","link":"https:\/\/soymigrante.com\/revista\/recorrido-virtual-conoce-detalles-de-7-grandes-templos-de-tikal\/","title":{"rendered":"Recorrido virtual: conoce detalles de 7 grandes templos de Tikal"},"content":{"rendered":"\t\t<div data-elementor-type=\"wp-post\" data-elementor-id=\"55583\" class=\"elementor elementor-55583\" data-elementor-post-type=\"post\">\n\t\t\t\t<div data-particle_enable=\"false\" data-particle-mobile-disabled=\"false\" class=\"elementor-element elementor-element-542dee1 e-flex e-con-boxed e-con e-parent\" data-id=\"542dee1\" data-element_type=\"container\" data-e-type=\"container\">\n\t\t\t\t\t<div class=\"e-con-inner\">\n\t\t\t\t<div class=\"elementor-element elementor-element-d616d63 elementor-widget elementor-widget-text-editor\" data-id=\"d616d63\" data-element_type=\"widget\" data-e-type=\"widget\" data-widget_type=\"text-editor.default\">\n\t\t\t\t\t\t\t\t\t<p>En el coraz\u00f3n de la selva del norte de Guatemala se alza una de las ciudades m\u00e1s impresionantes de la civilizaci\u00f3n maya: <a href=\"https:\/\/soymigrante.com\/revista\/cuando-se-descubrio-tikal-y-cual-era-su-nombre-prehispanico\/\">Tikal. Declarado Patrimonio de la Humanidad por la UNESCO,<\/a> este sitio arqueol\u00f3gico combina historia, arquitectura monumental y biodiversidad.<\/p><p>Sus templos principales no solo fueron centros ceremoniales, sino tambi\u00e9n s\u00edmbolos de poder pol\u00edtico y religioso. Esta gu\u00eda te lleva por los siete m\u00e1s importantes, con claves hist\u00f3ricas y consejos pr\u00e1cticos para explorarlos, incluso de forma virtual.<\/p>\t\t\t\t\t\t\t\t<\/div>\n\t\t\t\t\t<\/div>\n\t\t\t\t<\/div>\n\t\t<div data-particle_enable=\"false\" data-particle-mobile-disabled=\"false\" class=\"elementor-element elementor-element-906e127 e-flex e-con-boxed e-con e-parent\" data-id=\"906e127\" data-element_type=\"container\" data-e-type=\"container\">\n\t\t\t\t\t<div class=\"e-con-inner\">\n\t\t\t\t<div class=\"elementor-element elementor-element-96c77a6 elementor-grid-eael-col-1 elementor-grid-tablet-eael-col-2 elementor-grid-mobile-eael-col-1 elementor-widget elementor-widget-eael-post-grid\" data-id=\"96c77a6\" data-element_type=\"widget\" data-e-type=\"widget\" data-settings=\"{&quot;eael_post_grid_columns&quot;:&quot;eael-col-1&quot;,&quot;eael_post_grid_columns_tablet&quot;:&quot;eael-col-2&quot;,&quot;eael_post_grid_columns_mobile&quot;:&quot;eael-col-1&quot;}\" data-widget_type=\"eael-post-grid.default\">\n\t\t\t\t\t<div id=\"eael-post-grid-96c77a6\" class=\"eael-post-grid-container\">\n            <div class=\"eael-post-grid eael-post-appender eael-post-appender-96c77a6 eael-post-grid-style-one\" data-layout-mode=\"masonry\"><article class=\"eael-grid-post  eael-post-grid-column eael-pg-post-1536 category-guate-nuestra\" data-id=\"1536\">\n        <div class=\"eael-grid-post-holder\">\n            <div class=\"eael-grid-post-holder-inner\"><div class=\"eael-entry-media\"><div class=\"eael-entry-overlay fade-in\"><i class=\"far fa-hand-pointer\" aria-hidden=\"true\"><\/i><a href=\"https:\/\/soymigrante.com\/revista\/7-datos-que-ya-sabias-o-quiza-no-sobre-el-gran-jaguar-y-tikal\/\"><\/a><\/div><div class=\"eael-entry-thumbnail eael-image-ratio\">\n                <img fetchpriority=\"high\" decoding=\"async\" width=\"1024\" height=\"475\" src=\"https:\/\/soymigrante.com\/revista\/wp-content\/uploads\/2023\/06\/Captura-de-pantalla-2023-06-21-143338-1024x475.webp\" class=\"attachment-large size-large wp-image-1538\" alt=\"Tikal: 7 datos que ya sab\u00edas (o quiz\u00e1 no) sobre el Templo I o Gran Jaguar\" srcset=\"https:\/\/soymigrante.com\/revista\/wp-content\/uploads\/2023\/06\/Captura-de-pantalla-2023-06-21-143338-1024x475.webp 1024w, https:\/\/soymigrante.com\/revista\/wp-content\/uploads\/2023\/06\/Captura-de-pantalla-2023-06-21-143338-300x139.webp 300w, https:\/\/soymigrante.com\/revista\/wp-content\/uploads\/2023\/06\/Captura-de-pantalla-2023-06-21-143338-768x356.webp 768w, https:\/\/soymigrante.com\/revista\/wp-content\/uploads\/2023\/06\/Captura-de-pantalla-2023-06-21-143338-750x348.webp 750w, https:\/\/soymigrante.com\/revista\/wp-content\/uploads\/2023\/06\/Captura-de-pantalla-2023-06-21-143338-1140x529.webp 1140w, https:\/\/soymigrante.com\/revista\/wp-content\/uploads\/2023\/06\/Captura-de-pantalla-2023-06-21-143338.webp 1427w\" sizes=\"(max-width: 1024px) 100vw, 1024px\" \/>\n            <\/div>\n        <\/div><div class=\"eael-entry-wrapper\"><header class=\"eael-entry-header\"><h2 class=\"eael-entry-title\"><a class=\"eael-grid-post-link\" href=\"https:\/\/soymigrante.com\/revista\/7-datos-que-ya-sabias-o-quiza-no-sobre-el-gran-jaguar-y-tikal\/\" title=\"Tikal: 7 datos que ya sab\u00edas (o quiz\u00e1 no) sobre el Templo I o Gran Jaguar\">Tikal: 7 datos que ya sab\u00edas (o quiz\u00e1 no) sobre el Templo I o Gran Jaguar<\/a><\/h2><\/header><div class=\"eael-entry-content\">\n                        <div class=\"eael-grid-post-excerpt\"><a href=\"https:\/\/soymigrante.com\/revista\/7-datos-que-ya-sabias-o-quiza-no-sobre-el-gran-jaguar-y-tikal\/\" class=\"eael-post-elements-readmore-btn\">CONOCE SU HISTORIA <\/a><\/div>\n                    <\/div><\/div><\/div>\n        <\/div>\n    <\/article><\/div>\n            <div class=\"clearfix\"><\/div>\n        <\/div>\t\t\t\t<\/div>\n\t\t\t\t\t<\/div>\n\t\t\t\t<\/div>\n\t\t<div data-particle_enable=\"false\" data-particle-mobile-disabled=\"false\" class=\"elementor-element elementor-element-273d491 e-flex e-con-boxed e-con e-parent\" data-id=\"273d491\" data-element_type=\"container\" data-e-type=\"container\">\n\t\t\t\t\t<div class=\"e-con-inner\">\n\t\t\t\t<div class=\"elementor-element elementor-element-3ca5f96 elementor-widget elementor-widget-text-editor\" data-id=\"3ca5f96\" data-element_type=\"widget\" data-e-type=\"widget\" data-widget_type=\"text-editor.default\">\n\t\t\t\t\t\t\t\t\t<p><span style=\"color: #000000; font-family: Mulish, sans-serif; font-size: 29px; font-weight: bold;\">Templo I \u2013 El Gran Jaguar<\/span><\/p><p>El majestuoso <a href=\"https:\/\/soymigrante.com\/revista\/joyas-mayas-migrantes-el-misterioso-trozo-de-dintel-de-tikal-en-washington\/\">Templo I de Tikal tambi\u00e9n llamado Gran Jaguar <\/a>es probablemente la imagen m\u00e1s ic\u00f3nica del sitio y de toda Guatemala. Se eleva unos 47 metros sobre la Gran Plaza y fue construido alrededor del a\u00f1o 732 d.C. Este templo funerario honra al gobernante Jasaw Chan K&#8217;awiil I, cuyo entierro fue hallado en su interior junto a ricos objetos de jade y cer\u00e1mica.<\/p><p><strong>Qu\u00e9 observar:<\/strong> su empinada escalinata frontal, la crester\u00eda finamente decorada y su alineaci\u00f3n con el Templo II.<\/p><p><strong>Tip:<\/strong> Desde la plaza, notar\u00e1s c\u00f3mo este templo domina el paisaje: era una clara declaraci\u00f3n de poder din\u00e1stico.<\/p>\t\t\t\t\t\t\t\t<\/div>\n\t\t\t\t\t<\/div>\n\t\t\t\t<\/div>\n\t\t<div data-particle_enable=\"false\" data-particle-mobile-disabled=\"false\" class=\"elementor-element elementor-element-4a31b32 e-flex e-con-boxed e-con e-parent\" data-id=\"4a31b32\" data-element_type=\"container\" data-e-type=\"container\">\n\t\t\t\t\t<div class=\"e-con-inner\">\n\t\t\t\t<div class=\"elementor-element elementor-element-575c20b elementor-widget elementor-widget-html\" data-id=\"575c20b\" data-element_type=\"widget\" data-e-type=\"widget\" data-widget_type=\"html.default\">\n\t\t\t\t\t<iframe src=\"https:\/\/www.google.com\/maps\/embed?pb=!4v1777407819012!6m8!1m7!1sCAoSF0NJSE0wb2dLRUlDQWdJRDQyN3lINVFF!2m2!1d17.22213447143101!2d-89.62374696686598!3f287.73257306460374!4f11.783602965980506!5f0.7820865974627469\" width=\"600\" height=\"450\" style=\"border:0;\" allowfullscreen=\"\" loading=\"lazy\" referrerpolicy=\"no-referrer-when-downgrade\"><\/iframe>\t\t\t\t<\/div>\n\t\t\t\t\t<\/div>\n\t\t\t\t<\/div>\n\t\t<div data-particle_enable=\"false\" data-particle-mobile-disabled=\"false\" class=\"elementor-element elementor-element-375b938 e-flex e-con-boxed e-con e-parent\" data-id=\"375b938\" data-element_type=\"container\" data-e-type=\"container\">\n\t\t\t\t\t<div class=\"e-con-inner\">\n\t\t\t\t<div class=\"elementor-element elementor-element-fe0d54e elementor-widget elementor-widget-text-editor\" data-id=\"fe0d54e\" data-element_type=\"widget\" data-e-type=\"widget\" data-widget_type=\"text-editor.default\">\n\t\t\t\t\t\t\t\t\t<p><span style=\"color: #000000; font-family: Mulish, sans-serif; font-size: 29px; font-weight: bold;\">Templo II \u2013 Templo de las M\u00e1scaras<\/span><\/p><p>Frente al T<a href=\"https:\/\/soymigrante.com\/revista\/7-datos-que-ya-sabias-o-quiza-no-sobre-el-gran-jaguar-y-tikal\/\">emplo I<\/a> se encuentra el Templo II de Tikal, construido en el siglo VIII durante el mandato del gobernante Jasaw Chan K&#8217;awiil I, tambi\u00e9n conocido como Ah Cacao.<\/p><p>Este templo fue erigido en honor a su esposa Kalajuun Une&#8217; Mo&#8217;, cuyo nombre significa \u201cDoce colas de guacamaya\u201d. Adem\u00e1s de su relevancia simb\u00f3lica como consorte real, ella fue la madre del heredero al trono, lo que refuerza la importancia din\u00e1stica del monumento. Su hijo, Yik&#8217;in Chan K&#8217;awiil, supervis\u00f3 la finalizaci\u00f3n del templo tras asumir el poder.<\/p><p>El edificio tambi\u00e9n cumpli\u00f3 funciones ceremoniales y rituales dentro de la vida pol\u00edtica y religiosa de Tikal. A diferencia de otros templos, no se ha encontrado en su interior una tumba o enterramiento asociado.<\/p><p>Se le conoce como \u201cTemplo de las M\u00e1scaras\u201d debido a las dos grandes m\u00e1scaras que flanquean la escalinata central. En la parte superior exist\u00eda un dintel con el retrato de la reina, el cual actualmente se conserva en el Museo de Historia Natural de Nueva York.<\/p><p><strong>Qu\u00e9 observar:<\/strong> las m\u00e1scaras a ambos lados de la escalinata, su ubicaci\u00f3n frente al Templo I y su funci\u00f3n como monumento conmemorativo.<\/p><p><strong>Tip:<\/strong> Este es uno de los pocos templos que puedes subir cuando est\u00e1 habilitado, ideal para obtener vistas privilegiadas de la Gran Plaza.<\/p>\t\t\t\t\t\t\t\t<\/div>\n\t\t\t\t\t<\/div>\n\t\t\t\t<\/div>\n\t\t<div data-particle_enable=\"false\" data-particle-mobile-disabled=\"false\" class=\"elementor-element elementor-element-db27098 e-flex e-con-boxed e-con e-parent\" data-id=\"db27098\" data-element_type=\"container\" data-e-type=\"container\">\n\t\t\t\t\t<div class=\"e-con-inner\">\n\t\t\t\t<div class=\"elementor-element elementor-element-2c24db1 elementor-widget elementor-widget-html\" data-id=\"2c24db1\" data-element_type=\"widget\" data-e-type=\"widget\" data-widget_type=\"html.default\">\n\t\t\t\t\t<iframe src=\"https:\/\/www.google.com\/maps\/embed?pb=!4v1777408021242!6m8!1m7!1szizMsAcxOu8iML2UTNNBPQ!2m2!1d17.22193912323992!2d-89.62562825152051!3f300.22754414735016!4f16.926734601897763!5f0.7820865974627469\" width=\"600\" height=\"450\" style=\"border:0;\" allowfullscreen=\"\" loading=\"lazy\" referrerpolicy=\"no-referrer-when-downgrade\"><\/iframe>\t\t\t\t<\/div>\n\t\t\t\t\t<\/div>\n\t\t\t\t<\/div>\n\t\t<div data-particle_enable=\"false\" data-particle-mobile-disabled=\"false\" class=\"elementor-element elementor-element-ed44b56 e-flex e-con-boxed e-con e-parent\" data-id=\"ed44b56\" data-element_type=\"container\" data-e-type=\"container\">\n\t\t\t\t\t<div class=\"e-con-inner\">\n\t\t\t\t<div class=\"elementor-element elementor-element-d64afe1 elementor-widget elementor-widget-text-editor\" data-id=\"d64afe1\" data-element_type=\"widget\" data-e-type=\"widget\" data-widget_type=\"text-editor.default\">\n\t\t\t\t\t\t\t\t\t<p><span style=\"color: #000000; font-family: Mulish, sans-serif; font-size: 29px; font-weight: bold;\">Templo III \u2013 Templo del Sacerdote Jaguar<\/span><\/p><p>El Templo III de Tikal alcanza unos 55 metros y data del siglo IX. Es uno de los \u00faltimos grandes templos construidos en Tikal, lo que lo convierte en evidencia del ocaso de la ciudad. No est\u00e1 restaurado y se encuentra cubierto por vegetaci\u00f3n.<\/p><p>Uno de sus elementos m\u00e1s valiosos son los dinteles de madera que decoraban las entradas del templo, piezas \u00fanicas del arte prehisp\u00e1nico mesoamericano. Estas estructuras, talladas en madera de chicozapote \u2014\u00e1rbol del cual se obtiene el chicle\u2014, med\u00edan aproximadamente 3 metros de largo por 25 cent\u00edmetros de ancho.<\/p><p>El llamado Dintel 2 representa al gobernante Nu Bak Chak II, conocido como \u201cSol Oscuro\u201d, quien tambi\u00e9n ostent\u00f3 el t\u00edtulo de \u201cGran Sacerdote Jaguar\u201d. En la escena aparece vestido con pieles de jaguar y acompa\u00f1ado por asistentes, lo que refuerza el car\u00e1cter ritual y pol\u00edtico del templo.<\/p>\t\t\t\t\t\t\t\t<\/div>\n\t\t\t\t\t<\/div>\n\t\t\t\t<\/div>\n\t\t<div data-particle_enable=\"false\" data-particle-mobile-disabled=\"false\" class=\"elementor-element elementor-element-f490bc5 e-flex e-con-boxed e-con e-parent\" data-id=\"f490bc5\" data-element_type=\"container\" data-e-type=\"container\">\n\t\t\t\t\t<div class=\"e-con-inner\">\n\t\t\t\t<div class=\"elementor-element elementor-element-be14a0a elementor-widget elementor-widget-html\" data-id=\"be14a0a\" data-element_type=\"widget\" data-e-type=\"widget\" data-widget_type=\"html.default\">\n\t\t\t\t\t<iframe src=\"https:\/\/www.google.com\/maps\/embed?pb=!4v1777408218162!6m8!1m7!1sCAoSFkNJSE0wb2dLRUlDQWdJRHEtWjN4WUE.!2m2!1d17.22388719060602!2d-89.62996649381209!3f210.50196793832262!4f0.4269285393938844!5f0.4000000000000002\" width=\"600\" height=\"450\" style=\"border:0;\" allowfullscreen=\"\" loading=\"lazy\" referrerpolicy=\"no-referrer-when-downgrade\"><\/iframe>\t\t\t\t<\/div>\n\t\t\t\t\t<\/div>\n\t\t\t\t<\/div>\n\t\t<div data-particle_enable=\"false\" data-particle-mobile-disabled=\"false\" class=\"elementor-element elementor-element-96ad2bf e-flex e-con-boxed e-con e-parent\" data-id=\"96ad2bf\" data-element_type=\"container\" data-e-type=\"container\">\n\t\t\t\t\t<div class=\"e-con-inner\">\n\t\t\t\t<div class=\"elementor-element elementor-element-b34e979 elementor-widget elementor-widget-text-editor\" data-id=\"b34e979\" data-element_type=\"widget\" data-e-type=\"widget\" data-widget_type=\"text-editor.default\">\n\t\t\t\t\t\t\t\t\t<p><span style=\"color: #000000; font-family: Mulish, sans-serif; font-size: 29px; font-weight: bold;\">Templo IV \u2013 M\u00e1s alto que el Gran Jaguar<\/span><\/p><p>El Templo de la Serpiente Bic\u00e9fala, tambi\u00e9n conocido como Templo IV, es la estructura m\u00e1s alta de Tikal y supera ampliamente en altura al Templo I o Gran Jaguar.<\/p><p>Fue construido en el a\u00f1o 741 d.C. durante el periodo cl\u00e1sico tard\u00edo y est\u00e1 asociado al gobernante Yik&#8217;in Chan K&#8217;awiil, hijo de Jasaw Chan K&#8217;awiil I. Este templo funerario y ceremonial alcanza aproximadamente 70 metros desde su base hasta la crester\u00eda, lo que lo convierte en una de las estructuras precolombinas m\u00e1s altas de Am\u00e9rica.<\/p><p>Adem\u00e1s de su altura, destaca por su enorme volumen, estimado en m\u00e1s de 190 mil metros c\u00fabicos, lo que lo posiciona como una de las construcciones m\u00e1s monumentales del mundo antiguo. Se ubica hacia el oeste con vista hacia la Plaza Mayor, dominando el horizonte de la selva del Pet\u00e9n.<\/p><p>Su nombre proviene de la representaci\u00f3n de una serpiente de dos cabezas, s\u00edmbolo de poder y divinidad en la cosmovisi\u00f3n maya. Algunas interpretaciones sugieren que estas dos cabezas podr\u00edan representar al propio Yik&#8217;in Chan K&#8217;awiil y a su padre, reforzando la continuidad din\u00e1stica.<\/p><p>En su crester\u00eda exist\u00eda un dintel de madera de chicozapote tallado, en el que se representaba al gobernante sentado en su trono, reafirmando su autoridad pol\u00edtica y religiosa. El templo fue utilizado para ceremonias rituales de gran importancia dentro de la ciudad.<\/p><p><strong>Qu\u00e9 observar:<\/strong> la vista panor\u00e1mica sobre la selva, la alineaci\u00f3n con otros templos y su imponente escala.<\/p><p><strong>Tip:<\/strong> Es el mejor punto para observar el amanecer en Tikal, cuando la neblina cubre la selva y solo las cimas de los templos emergen como islas en el horizonte.<\/p>\t\t\t\t\t\t\t\t<\/div>\n\t\t\t\t\t<\/div>\n\t\t\t\t<\/div>\n\t\t<div data-particle_enable=\"false\" data-particle-mobile-disabled=\"false\" class=\"elementor-element elementor-element-b07c5a0 e-flex e-con-boxed e-con e-parent\" data-id=\"b07c5a0\" data-element_type=\"container\" data-e-type=\"container\">\n\t\t\t\t\t<div class=\"e-con-inner\">\n\t\t\t\t<div class=\"elementor-element elementor-element-24998bd elementor-widget elementor-widget-html\" data-id=\"24998bd\" data-element_type=\"widget\" data-e-type=\"widget\" data-widget_type=\"html.default\">\n\t\t\t\t\t<iframe src=\"https:\/\/www.google.com\/maps\/embed?pb=!4v1777408541558!6m8!1m7!1sHPmPA3-RrD2S_pa392Rzeg!2m2!1d17.2200016231333!2d-89.62385724437077!3f151.90669291909578!4f19.882637630936912!5f0.4000000000000002\" width=\"600\" height=\"450\" style=\"border:0;\" allowfullscreen=\"\" loading=\"lazy\" referrerpolicy=\"no-referrer-when-downgrade\"><\/iframe>\t\t\t\t<\/div>\n\t\t\t\t\t<\/div>\n\t\t\t\t<\/div>\n\t\t<div data-particle_enable=\"false\" data-particle-mobile-disabled=\"false\" class=\"elementor-element elementor-element-c0f908c e-flex e-con-boxed e-con e-parent\" data-id=\"c0f908c\" data-element_type=\"container\" data-e-type=\"container\">\n\t\t\t\t\t<div class=\"e-con-inner\">\n\t\t\t\t<div class=\"elementor-element elementor-element-0657e14 elementor-widget elementor-widget-text-editor\" data-id=\"0657e14\" data-element_type=\"widget\" data-e-type=\"widget\" data-widget_type=\"text-editor.default\">\n\t\t\t\t\t\t\t\t\t<p><span style=\"color: #000000; font-family: Mulish, sans-serif; font-size: 29px; font-weight: bold;\">Templo V \u2013 El primero en ser descubierto en 1848<\/span><\/p><p>El Templo V de Tikal alcanza unos 57 metros de altura. Quiz\u00e1 no es tan conocido como otros, pero <a href=\"https:\/\/soymigrante.com\/revista\/cuando-se-descubrio-tikal-y-cual-era-su-nombre-prehispanico\/\">fue el primero en ser descubierto por Modesto M\u00e9ndez, gobernador de Pet\u00e9n, en la primera expedici\u00f3n a las ruinas en 1848.<\/a> Tras un nuevo an\u00e1lisis del relato de M\u00e9ndez, parece que ascendi\u00f3 a la pir\u00e1mide el 26 de febrero de 1848 y pudo distinguir los dem\u00e1s templos principales desde su cima.\u00a0<\/p><p>Es un monumento funerario en el cual se han encontrado dos enterramientos, Posee una imponente crester\u00eda y s\u00f3lido aspecto.\u00a0 \u00a0<\/p><p><strong>Qu\u00e9 observar:<\/strong> su escalinata extremadamente empinada y su orientaci\u00f3n poco com\u00fan dentro del complejo. Se encuentra al sur de la Acr\u00f3polis Central y es la pir\u00e1mide funeraria de un gobernante a\u00fan no identificado de la otrora gran ciudad. El templo tiene 57 metros (187 pies) de altura, lo que lo convierte en la segunda estructura m\u00e1s alta de Tikal; solo el Templo IV es m\u00e1s alto.\u00a0<\/p><p><strong>Tip:<\/strong> Es menos visitado, lo que lo convierte en un lugar ideal para una experiencia m\u00e1s tranquila.<\/p>\t\t\t\t\t\t\t\t<\/div>\n\t\t\t\t\t<\/div>\n\t\t\t\t<\/div>\n\t\t<div data-particle_enable=\"false\" data-particle-mobile-disabled=\"false\" class=\"elementor-element elementor-element-b8d126c e-flex e-con-boxed e-con e-parent\" data-id=\"b8d126c\" data-element_type=\"container\" data-e-type=\"container\">\n\t\t\t\t\t<div class=\"e-con-inner\">\n\t\t\t\t<div class=\"elementor-element elementor-element-95646be elementor-widget elementor-widget-html\" data-id=\"95646be\" data-element_type=\"widget\" data-e-type=\"widget\" data-widget_type=\"html.default\">\n\t\t\t\t\t<iframe width=\"560\" height=\"415\" src=\"https:\/\/www.youtube.com\/embed\/d0A49Rtyx5o?si=lURW9a08hO3Wj0cb\" title=\"YouTube video player\" frameborder=\"0\" allow=\"accelerometer; autoplay; clipboard-write; encrypted-media; gyroscope; picture-in-picture; web-share\" referrerpolicy=\"strict-origin-when-cross-origin\" allowfullscreen><\/iframe>\t\t\t\t<\/div>\n\t\t\t\t\t<\/div>\n\t\t\t\t<\/div>\n\t\t<div data-particle_enable=\"false\" data-particle-mobile-disabled=\"false\" class=\"elementor-element elementor-element-2b9c3b8 e-flex e-con-boxed e-con e-parent\" data-id=\"2b9c3b8\" data-element_type=\"container\" data-e-type=\"container\">\n\t\t\t\t\t<div class=\"e-con-inner\">\n\t\t\t\t<div class=\"elementor-element elementor-element-b02753b elementor-widget elementor-widget-text-editor\" data-id=\"b02753b\" data-element_type=\"widget\" data-e-type=\"widget\" data-widget_type=\"text-editor.default\">\n\t\t\t\t\t\t\t\t\t<p><span style=\"color: #000000; font-family: Mulish, sans-serif; font-size: 29px; font-weight: bold;\">Mundo Perdido \u2013 La pir\u00e1mide ancestral<\/span><\/p><p>El complejo de Mundo Perdido alberga una de las estructuras m\u00e1s antiguas del sitio: la Gran Pir\u00e1mide.\u00a0El Mundo Perdido es el complejo ceremonial m\u00e1s grande que data del per\u00edodo Precl\u00e1sico en la antigua ciudad maya de Tikal , en el departamento de Pet\u00e9n, al norte de Guatemala .\u00a0 El complejo estaba organizado como un gran complejo astron\u00f3mico del Grupo E que consist\u00eda en una pir\u00e1mide alineada con una plataforma al este qu<\/p><p>Este conjunto tiene ra\u00edces que se remontan a siglos anteriores al auge cl\u00e1sico de Tikal. De ah\u00ed su nombre.<\/p><p><strong>Qu\u00e9 observar:<\/strong> su estructura masiva y su posible uso en observaciones astron\u00f3micas.<\/p><p><strong>Tip:<\/strong> Desde aqu\u00ed puedes imaginar c\u00f3mo evolucion\u00f3 la ciudad a lo largo de los siglos.<\/p>\t\t\t\t\t\t\t\t<\/div>\n\t\t\t\t\t<\/div>\n\t\t\t\t<\/div>\n\t\t<div data-particle_enable=\"false\" data-particle-mobile-disabled=\"false\" class=\"elementor-element elementor-element-ee61184 e-flex e-con-boxed e-con e-parent\" data-id=\"ee61184\" data-element_type=\"container\" data-e-type=\"container\">\n\t\t\t\t\t<div class=\"e-con-inner\">\n\t\t\t\t<div class=\"elementor-element elementor-element-7608026 elementor-widget elementor-widget-html\" data-id=\"7608026\" data-element_type=\"widget\" data-e-type=\"widget\" data-widget_type=\"html.default\">\n\t\t\t\t\t<iframe src=\"https:\/\/www.google.com\/maps\/embed?pb=!4v1777408771834!6m8!1m7!1s4WqQLSluKazZ1GWbTrp1lw!2m2!1d17.21987967777227!2d-89.6275991682253!3f79.21636152555143!4f14.092178484310793!5f0.7820865974627469\" width=\"600\" height=\"450\" style=\"border:0;\" allowfullscreen=\"\" loading=\"lazy\" referrerpolicy=\"no-referrer-when-downgrade\"><\/iframe>\t\t\t\t<\/div>\n\t\t\t\t\t<\/div>\n\t\t\t\t<\/div>\n\t\t<div data-particle_enable=\"false\" data-particle-mobile-disabled=\"false\" class=\"elementor-element elementor-element-9f176e0 e-flex e-con-boxed e-con e-parent\" data-id=\"9f176e0\" data-element_type=\"container\" data-e-type=\"container\">\n\t\t\t\t\t<div class=\"e-con-inner\">\n\t\t\t\t<div class=\"elementor-element elementor-element-704313c elementor-widget elementor-widget-text-editor\" data-id=\"704313c\" data-element_type=\"widget\" data-e-type=\"widget\" data-widget_type=\"text-editor.default\">\n\t\t\t\t\t\t\t\t\t<p><span style=\"color: #000000; font-family: Mulish, sans-serif; font-size: 29px; font-weight: bold;\">Consejos para visitantes<\/span><\/p><p><strong>Si viajas a Tikal:<\/strong> llega temprano para evitar el calor y las multitudes, lleva agua, repelente y calzado adecuado, y respeta las \u00e1reas restringidas.\u00a0<\/p><p>Contrata un gu\u00eda, porque los senderos pueden volverse confusos, incluso para visitantes guatemaltecos. Se han dado casos de personas extraviadas: llevar un telefono celular cargado y no apartarse solo del camino.<\/p><p><strong>Si lo exploras virtualmente:<\/strong> utiliza recorridos en 360\u00b0, consulta mapas del sitio y analiza la relaci\u00f3n entre templos dentro del conjunto ceremonial.<\/p><h3>Una ciudad que sigue hablando<\/h3><p><a href=\"https:\/\/soymigrante.com\/revista\/cuando-se-descubrio-tikal-y-cual-era-su-nombre-prehispanico\/\">Tikal <\/a>no es solo un destino tur\u00edstico; es un testimonio del conocimiento astron\u00f3mico, la ingenier\u00eda y la organizaci\u00f3n pol\u00edtica de los mayas.<\/p><p>Recorrerlo, ya sea caminando bajo la selva o desde una pantalla, es acercarse a una de las civilizaciones m\u00e1s fascinantes de Am\u00e9rica.<\/p>\t\t\t\t\t\t\t\t<\/div>\n\t\t\t\t\t<\/div>\n\t\t\t\t<\/div>\n\t\t<div data-particle_enable=\"false\" data-particle-mobile-disabled=\"false\" class=\"elementor-element elementor-element-b50744a e-flex e-con-boxed e-con e-parent\" data-id=\"b50744a\" data-element_type=\"container\" data-e-type=\"container\">\n\t\t\t\t\t<div class=\"e-con-inner\">\n\t\t\t\t<div class=\"elementor-element elementor-element-feace00 elementor-widget elementor-widget-global elementor-global-52097 elementor-widget-heading\" data-id=\"feace00\" data-element_type=\"widget\" data-e-type=\"widget\" data-widget_type=\"heading.default\">\n\t\t\t\t\t<h2 class=\"elementor-heading-title elementor-size-default\">Quiz\u00e1 tambi\u00e9n te podr\u00eda interesar<\/h2>\t\t\t\t<\/div>\n\t\t\t\t\t<\/div>\n\t\t\t\t<\/div>\n\t\t<div data-particle_enable=\"false\" data-particle-mobile-disabled=\"false\" class=\"elementor-element elementor-element-743b52d e-flex e-con-boxed e-con e-parent\" data-id=\"743b52d\" data-element_type=\"container\" data-e-type=\"container\">\n\t\t\t\t\t<div class=\"e-con-inner\">\n\t\t\t\t<div class=\"elementor-element elementor-element-04957e5 elementor-grid-eael-col-3 elementor-grid-tablet-eael-col-2 elementor-grid-mobile-eael-col-1 elementor-widget elementor-widget-eael-post-grid\" data-id=\"04957e5\" data-element_type=\"widget\" data-e-type=\"widget\" data-settings=\"{&quot;eael_post_grid_columns&quot;:&quot;eael-col-3&quot;,&quot;eael_post_grid_columns_tablet&quot;:&quot;eael-col-2&quot;,&quot;eael_post_grid_columns_mobile&quot;:&quot;eael-col-1&quot;}\" data-widget_type=\"eael-post-grid.default\">\n\t\t\t\t\t<div id=\"eael-post-grid-04957e5\" class=\"eael-post-grid-container\">\n            <div class=\"eael-post-grid eael-post-appender eael-post-appender-04957e5 eael-post-grid-style-one\" data-layout-mode=\"masonry\"><article class=\"eael-grid-post  eael-post-grid-column eael-pg-post-7795 category-guate-nuestra tags-joyas-mayas-migrantes\" data-id=\"7795\">\n        <div class=\"eael-grid-post-holder\">\n            <div class=\"eael-grid-post-holder-inner\"><div class=\"eael-entry-media\"><div class=\"eael-entry-overlay fade-in\"><i class=\"far fa-hand-pointer\" aria-hidden=\"true\"><\/i><a href=\"https:\/\/soymigrante.com\/revista\/joyas-mayas-migrantes-el-misterioso-trozo-de-dintel-de-tikal-en-washington\/\"><\/a><\/div><div class=\"eael-entry-thumbnail eael-image-ratio\">\n                <img decoding=\"async\" width=\"605\" height=\"605\" src=\"https:\/\/soymigrante.com\/revista\/wp-content\/uploads\/2024\/08\/dintel-maya-tikal.webp\" class=\"attachment-large size-large wp-image-7797\" alt=\"Rostro de piedra y dibujo esquem\u00e1tico, representaci\u00f3n art\u00edstica en la revista SoyMigrante.com sobre cultura y patrimonio.\" srcset=\"https:\/\/soymigrante.com\/revista\/wp-content\/uploads\/2024\/08\/dintel-maya-tikal.webp 605w, https:\/\/soymigrante.com\/revista\/wp-content\/uploads\/2024\/08\/dintel-maya-tikal-300x300.webp 300w, https:\/\/soymigrante.com\/revista\/wp-content\/uploads\/2024\/08\/dintel-maya-tikal-150x150.webp 150w, https:\/\/soymigrante.com\/revista\/wp-content\/uploads\/2024\/08\/dintel-maya-tikal-75x75.webp 75w\" sizes=\"(max-width: 605px) 100vw, 605px\" \/>\n            <\/div>\n        <\/div><div class=\"eael-entry-wrapper\"><header class=\"eael-entry-header\"><h2 class=\"eael-entry-title\"><a class=\"eael-grid-post-link\" href=\"https:\/\/soymigrante.com\/revista\/joyas-mayas-migrantes-el-misterioso-trozo-de-dintel-de-tikal-en-washington\/\" title=\"Joyas mayas migrantes: El misterioso trozo de dintel de Tikal en Washington\">Joyas mayas migrantes: El misterioso trozo de dintel de Tikal en Washington<\/a><\/h2><\/header><div class=\"eael-entry-content\">\n                        <div class=\"eael-grid-post-excerpt\"><a href=\"https:\/\/soymigrante.com\/revista\/joyas-mayas-migrantes-el-misterioso-trozo-de-dintel-de-tikal-en-washington\/\" class=\"eael-post-elements-readmore-btn\">CONOCE SU HISTORIA <\/a><\/div>\n                    <\/div><\/div><\/div>\n        <\/div>\n    <\/article><article class=\"eael-grid-post  eael-post-grid-column eael-pg-post-26472 category-guate-nuestra\" data-id=\"26472\">\n        <div class=\"eael-grid-post-holder\">\n            <div class=\"eael-grid-post-holder-inner\"><div class=\"eael-entry-media\"><div class=\"eael-entry-overlay fade-in\"><i class=\"far fa-hand-pointer\" aria-hidden=\"true\"><\/i><a href=\"https:\/\/soymigrante.com\/revista\/cuando-se-descubrio-tikal-y-cual-era-su-nombre-prehispanico\/\"><\/a><\/div><div class=\"eael-entry-thumbnail eael-image-ratio\">\n                <img decoding=\"async\" width=\"766\" height=\"766\" src=\"https:\/\/soymigrante.com\/revista\/wp-content\/uploads\/2025\/02\/Boda-tikal--e1740608132635.webp\" class=\"attachment-large size-large wp-image-24930\" alt=\"Gran pir\u00e1mide maya en ruinas en un entorno selv\u00e1tico, s\u00edmbolo de la cultura ancestral y el turismo en M\u00e9xico.\" srcset=\"https:\/\/soymigrante.com\/revista\/wp-content\/uploads\/2025\/02\/Boda-tikal--e1740608132635.webp 766w, https:\/\/soymigrante.com\/revista\/wp-content\/uploads\/2025\/02\/Boda-tikal--e1740608132635-300x300.jpeg 300w, https:\/\/soymigrante.com\/revista\/wp-content\/uploads\/2025\/02\/Boda-tikal--e1740608132635-150x150.jpeg 150w, https:\/\/soymigrante.com\/revista\/wp-content\/uploads\/2025\/02\/Boda-tikal--e1740608132635-75x75.webp 75w, https:\/\/soymigrante.com\/revista\/wp-content\/uploads\/2025\/02\/Boda-tikal--e1740608132635-750x750.webp 750w\" sizes=\"(max-width: 766px) 100vw, 766px\" \/>\n            <\/div>\n        <\/div><div class=\"eael-entry-wrapper\"><header class=\"eael-entry-header\"><h2 class=\"eael-entry-title\"><a class=\"eael-grid-post-link\" href=\"https:\/\/soymigrante.com\/revista\/cuando-se-descubrio-tikal-y-cual-era-su-nombre-prehispanico\/\" title=\"\u00bfCu\u00e1ndo se descubri\u00f3 Tikal y cu\u00e1l era su nombre prehisp\u00e1nico?\">\u00bfCu\u00e1ndo se descubri\u00f3 Tikal y cu\u00e1l era su nombre prehisp\u00e1nico?<\/a><\/h2><\/header><div class=\"eael-entry-content\">\n                        <div class=\"eael-grid-post-excerpt\"><a href=\"https:\/\/soymigrante.com\/revista\/cuando-se-descubrio-tikal-y-cual-era-su-nombre-prehispanico\/\" class=\"eael-post-elements-readmore-btn\">CONOCE SU HISTORIA <\/a><\/div>\n                    <\/div><\/div><\/div>\n        <\/div>\n    <\/article><article class=\"eael-grid-post  eael-post-grid-column eael-pg-post-16274 category-guate-nuestra\" data-id=\"16274\">\n        <div class=\"eael-grid-post-holder\">\n            <div class=\"eael-grid-post-holder-inner\"><div class=\"eael-entry-media\"><div class=\"eael-entry-overlay fade-in\"><i class=\"far fa-hand-pointer\" aria-hidden=\"true\"><\/i><a href=\"https:\/\/soymigrante.com\/revista\/uaxactun-el-legado-astronomico-y-cultural-de-los-mayas-en-el-corazon-del-peten\/\"><\/a><\/div><div class=\"eael-entry-thumbnail eael-image-ratio\">\n                <img loading=\"lazy\" decoding=\"async\" width=\"334\" height=\"334\" src=\"https:\/\/soymigrante.com\/revista\/wp-content\/uploads\/2024\/12\/uaxactun-4-1.webp\" class=\"attachment-large size-large wp-image-16306\" alt=\"Restos arqueol\u00f3gicos de una antigua ciudad en las ruinas de un sitio prehisp\u00e1nico en M\u00e9xico, muestra vestigios hist\u00f3ricos y culturales en un entorno natural verde y selv\u00e1tico.\" srcset=\"https:\/\/soymigrante.com\/revista\/wp-content\/uploads\/2024\/12\/uaxactun-4-1.webp 334w, https:\/\/soymigrante.com\/revista\/wp-content\/uploads\/2024\/12\/uaxactun-4-1-300x300.jpg 300w, https:\/\/soymigrante.com\/revista\/wp-content\/uploads\/2024\/12\/uaxactun-4-1-150x150.jpg 150w, https:\/\/soymigrante.com\/revista\/wp-content\/uploads\/2024\/12\/uaxactun-4-1-75x75.webp 75w\" sizes=\"(max-width: 334px) 100vw, 334px\" \/>\n            <\/div>\n        <\/div><div class=\"eael-entry-wrapper\"><header class=\"eael-entry-header\"><h2 class=\"eael-entry-title\"><a class=\"eael-grid-post-link\" href=\"https:\/\/soymigrante.com\/revista\/uaxactun-el-legado-astronomico-y-cultural-de-los-mayas-en-el-corazon-del-peten\/\" title=\"Comunidad y sitio maya Uaxact\u00fan, en Pet\u00e9n figura en la lista Best Tourism Villages de la ONU\">Comunidad y sitio maya Uaxact\u00fan, en Pet\u00e9n figura en la lista Best Tourism Villages de la ONU<\/a><\/h2><\/header><div class=\"eael-entry-content\">\n                        <div class=\"eael-grid-post-excerpt\"><a href=\"https:\/\/soymigrante.com\/revista\/uaxactun-el-legado-astronomico-y-cultural-de-los-mayas-en-el-corazon-del-peten\/\" class=\"eael-post-elements-readmore-btn\">CONOCE SU HISTORIA <\/a><\/div>\n                    <\/div><\/div><\/div>\n        <\/div>\n    <\/article><\/div>\n            <div class=\"clearfix\"><\/div>\n        <\/div>\t\t\t\t<\/div>\n\t\t\t\t\t<\/div>\n\t\t\t\t<\/div>\n\t\t\t\t<\/div>\n\t\t","protected":false},"excerpt":{"rendered":"<p>En el coraz\u00f3n de la selva del norte de Guatemala se alza una de las ciudades m\u00e1s impresionantes de la civilizaci\u00f3n maya: Tikal. Declarado Patrimonio de la Humanidad por la UNESCO, este sitio arqueol\u00f3gico combina historia, arquitectura monumental y biodiversidad. Sus templos principales no solo fueron centros ceremoniales, sino tambi\u00e9n s\u00edmbolos de poder pol\u00edtico y [&hellip;]<\/p>\n","protected":false},"author":7,"featured_media":55584,"comment_status":"open","ping_status":"open","sticky":false,"template":"","format":"standard","meta":{"_acf_changed":false,"_eb_attr":"","footnotes":""},"categories":[91,58],"tags":[],"class_list":["post-55583","post","type-post","status-publish","format-standard","has-post-thumbnail","hentry","category-arte-cultura","category-guate-nuestra"],"acf":[],"aioseo_notices":[],"aioseo_head":"\n\t\t<!-- All in One SEO Pro 4.9.6.2 - aioseo.com -->\n\t<meta name=\"description\" content=\"Uaxact\u00fan, ubicado en el coraz\u00f3n de Pet\u00e9n, Guatemala, fue reconocido como uno de los Best Tourism Villages 2024 por la Organizaci\u00f3n Mundial del Turismo (OMT).\" \/>\n\t<meta name=\"robots\" content=\"max-snippet:-1, max-image-preview:large, max-video-preview:-1\" \/>\n\t<meta name=\"author\" content=\"Beatriz Tercero\"\/>\n\t<link rel=\"canonical\" href=\"https:\/\/soymigrante.com\/revista\/uaxactun-el-legado-astronomico-y-cultural-de-los-mayas-en-el-corazon-del-peten\/\" \/>\n\t<meta name=\"generator\" content=\"All in One SEO Pro (AIOSEO) 4.9.6.2\" \/>\n\n\t\t<link rel=\"preconnect\" href=\"https:\/\/fonts.googleapis.com\" crossorigin>\n<link rel=\"preconnect\" href=\"https:\/\/fonts.gstatic.com\" crossorigin>\n\t\t<meta property=\"og:locale\" content=\"es_ES\" \/>\n\t\t<meta property=\"og:site_name\" content=\"SoyMigrante.com REVISTA \u2013 Nuestra misi\u00f3n es reconocer y dignificar al migrante.\" \/>\n\t\t<meta property=\"og:type\" content=\"article\" \/>\n\t\t<meta property=\"og:title\" content=\"Sitio maya Uaxact\u00fan es destino tur\u00edstico de talla mundial\" \/>\n\t\t<meta property=\"og:description\" content=\"Uaxact\u00fan, ubicado en el coraz\u00f3n de Pet\u00e9n, Guatemala, fue reconocido como uno de los Best Tourism Villages 2024 por la Organizaci\u00f3n Mundial del Turismo (OMT).\" \/>\n\t\t<meta property=\"og:url\" content=\"https:\/\/soymigrante.com\/revista\/uaxactun-el-legado-astronomico-y-cultural-de-los-mayas-en-el-corazon-del-peten\/\" \/>\n\t\t<meta property=\"og:image\" content=\"https:\/\/soymigrante.com\/revista\/wp-content\/uploads\/2024\/12\/uaxactun-4-1.webp\" \/>\n\t\t<meta property=\"og:image:secure_url\" content=\"https:\/\/soymigrante.com\/revista\/wp-content\/uploads\/2024\/12\/uaxactun-4-1.webp\" \/>\n\t\t<meta property=\"og:image:width\" content=\"334\" \/>\n\t\t<meta property=\"og:image:height\" content=\"334\" \/>\n\t\t<meta property=\"article:published_time\" content=\"2025-06-21T21:32:16+00:00\" \/>\n\t\t<meta property=\"article:modified_time\" content=\"2025-06-21T21:32:19+00:00\" \/>\n\t\t<meta property=\"article:publisher\" content=\"https:\/\/www.facebook.com\/soymigrantecom\" \/>\n\t\t<meta name=\"twitter:card\" content=\"summary_large_image\" \/>\n\t\t<meta name=\"twitter:site\" content=\"@SoyMigrante_com\" \/>\n\t\t<meta name=\"twitter:title\" content=\"Sitio maya Uaxact\u00fan es destino tur\u00edstico de talla mundial\" \/>\n\t\t<meta name=\"twitter:description\" content=\"Uaxact\u00fan, ubicado en el coraz\u00f3n de Pet\u00e9n, Guatemala, fue reconocido como uno de los Best Tourism Villages 2024 por la Organizaci\u00f3n Mundial del Turismo (OMT).\" \/>\n\t\t<meta name=\"twitter:creator\" content=\"@SoyMigrante_com\" \/>\n\t\t<meta name=\"twitter:image\" content=\"https:\/\/soymigrante.com\/revista\/wp-content\/uploads\/2024\/12\/uaxactun-4-1.webp\" \/>\n\t\t<!-- All in One SEO Pro -->\r\n\t\t<title>Sitio maya Uaxact\u00fan es destino tur\u00edstico de talla mundial<\/title>\n\n","aioseo_head_json":{"title":"Sitio maya Uaxact\u00fan es destino tur\u00edstico de talla mundial","description":"Uaxact\u00fan, ubicado en el coraz\u00f3n de Pet\u00e9n, Guatemala, fue reconocido como uno de los Best Tourism Villages 2024 por la Organizaci\u00f3n Mundial del Turismo (OMT).","canonical_url":"https:\/\/soymigrante.com\/revista\/uaxactun-el-legado-astronomico-y-cultural-de-los-mayas-en-el-corazon-del-peten\/","robots":"max-snippet:-1, max-image-preview:large, max-video-preview:-1","keywords":"","webmasterTools":{"miscellaneous":"&lt;link rel=\"preconnect\" href=\"https:\/\/fonts.googleapis.com\" crossorigin&gt;\n&lt;link rel=\"preconnect\" href=\"https:\/\/fonts.gstatic.com\" crossorigin&gt;"},"schema":null,"og:locale":"es_ES","og:site_name":"SoyMigrante.com REVISTA \u2013 Nuestra misi\u00f3n es reconocer y dignificar al migrante.","og:type":"article","og:title":"Sitio maya Uaxact\u00fan es destino tur\u00edstico de talla mundial","og:description":"Uaxact\u00fan, ubicado en el coraz\u00f3n de Pet\u00e9n, Guatemala, fue reconocido como uno de los Best Tourism Villages 2024 por la Organizaci\u00f3n Mundial del Turismo (OMT).","og:url":"https:\/\/soymigrante.com\/revista\/uaxactun-el-legado-astronomico-y-cultural-de-los-mayas-en-el-corazon-del-peten\/","og:image":"https:\/\/soymigrante.com\/revista\/wp-content\/uploads\/2024\/12\/uaxactun-4-1.webp","og:image:secure_url":"https:\/\/soymigrante.com\/revista\/wp-content\/uploads\/2024\/12\/uaxactun-4-1.webp","og:image:width":334,"og:image:height":334,"article:published_time":"2025-06-21T21:32:16+00:00","article:modified_time":"2025-06-21T21:32:19+00:00","article:publisher":"https:\/\/www.facebook.com\/soymigrantecom","twitter:card":"summary_large_image","twitter:site":"@SoyMigrante_com","twitter:title":"Sitio maya Uaxact\u00fan es destino tur\u00edstico de talla mundial","twitter:description":"Uaxact\u00fan, ubicado en el coraz\u00f3n de Pet\u00e9n, Guatemala, fue reconocido como uno de los Best Tourism Villages 2024 por la Organizaci\u00f3n Mundial del Turismo (OMT).","twitter:creator":"@SoyMigrante_com","twitter:image":"https:\/\/soymigrante.com\/revista\/wp-content\/uploads\/2024\/12\/uaxactun-4-1.webp"},"aioseo_meta_data":{"post_id":"55583","title":"Recorrido virtual en Tikal: conoce detalles de 7 templos","description":"Detalles, fechas, significados y vistas 360 grados de siete grandes templos de Tikal: algunos tienen acceso al p\u00fablico, otros no. Su magnificencia es elocuente.","keywords":null,"keyphrases":{"focus":{"keyphrase":"Tikal","score":100,"analysis":{"keyphraseInTitle":{"score":9,"maxScore":9,"error":0},"keyphraseInDescription":{"score":9,"maxScore":9,"error":0},"keyphraseLength":{"score":9,"maxScore":9,"error":0,"length":1},"keyphraseInURL":{"score":5,"maxScore":5,"error":0}}},"additional":[{"keyphrase":"Templos","score":100,"analysis":{"keyphraseInDescription":{"score":9,"maxScore":9,"error":0},"keyphraseLength":{"score":9,"maxScore":9,"error":0,"length":1}}}]},"primary_term":null,"canonical_url":null,"og_title":null,"og_description":null,"og_object_type":"default","og_image_type":"default","og_image_url":null,"og_image_width":null,"og_image_height":null,"og_image_custom_url":null,"og_image_custom_fields":null,"og_video":"","og_custom_url":null,"og_article_section":null,"og_article_tags":null,"twitter_use_og":false,"twitter_card":"default","twitter_image_type":"default","twitter_image_url":null,"twitter_image_custom_url":null,"twitter_image_custom_fields":null,"twitter_title":null,"twitter_description":null,"schema":{"blockGraphs":[],"customGraphs":[],"default":{"data":{"Article":[],"Course":[],"Dataset":[],"FAQPage":[],"Movie":[],"Person":[],"Product":[],"ProductReview":[],"Car":[],"Recipe":[],"Service":[],"SoftwareApplication":[],"WebPage":[]},"graphName":"NewsArticle","isEnabled":true},"graphs":[]},"schema_type":"default","schema_type_options":null,"pillar_content":false,"robots_default":true,"robots_noindex":false,"robots_noarchive":false,"robots_nosnippet":false,"robots_nofollow":false,"robots_noimageindex":false,"robots_noodp":false,"robots_notranslate":false,"robots_max_snippet":"-1","robots_max_videopreview":"-1","robots_max_imagepreview":"large","priority":null,"frequency":"default","local_seo":null,"seo_analyzer_scan_date":null,"breadcrumb_settings":null,"limit_modified_date":false,"reviewed_by":"0","open_ai":null,"ai":{"faqs":[],"keyPoints":[],"schemas":[],"titles":[],"descriptions":[],"socialPosts":{"email":[],"linkedin":[],"twitter":[],"facebook":[],"instagram":[]}},"created":"2026-04-28 20:03:49","updated":"2026-04-28 21:36:49"},"aioseo_breadcrumb":"<div class=\"aioseo-breadcrumbs\"><span class=\"aioseo-breadcrumb\">\n\t<a href=\"https:\/\/soymigrante.com\/revista\" title=\"Home\">Home<\/a>\n<\/span><span class=\"aioseo-breadcrumb-separator\">\u00bb<\/span><span class=\"aioseo-breadcrumb\">\n\t<a href=\"https:\/\/soymigrante.com\/revista\/category\/guate-nuestra\/\" title=\"Guate Nuestra\">Guate Nuestra<\/a>\n<\/span><span class=\"aioseo-breadcrumb-separator\">\u00bb<\/span><span class=\"aioseo-breadcrumb\">\n\t<a href=\"https:\/\/soymigrante.com\/revista\/category\/guate-nuestra\/arte-cultura\/\" title=\"Cultura de Guatemala\">Cultura de Guatemala<\/a>\n<\/span><span class=\"aioseo-breadcrumb-separator\">\u00bb<\/span><span class=\"aioseo-breadcrumb\">\n\tRecorrido virtual: conoce detalles de 7 grandes templos de Tikal\n<\/span><\/div>","aioseo_breadcrumb_json":[{"label":"Home","link":"https:\/\/soymigrante.com\/revista"},{"label":"Guate Nuestra","link":"https:\/\/soymigrante.com\/revista\/category\/guate-nuestra\/"},{"label":"Cultura de Guatemala","link":"https:\/\/soymigrante.com\/revista\/category\/guate-nuestra\/arte-cultura\/"},{"label":"Recorrido virtual: conoce detalles de 7 grandes templos de Tikal","link":"https:\/\/soymigrante.com\/revista\/recorrido-virtual-conoce-detalles-de-7-grandes-templos-de-tikal\/"}],"_links":{"self":[{"href":"https:\/\/soymigrante.com\/revista\/wp-json\/wp\/v2\/posts\/55583","targetHints":{"allow":["GET"]}}],"collection":[{"href":"https:\/\/soymigrante.com\/revista\/wp-json\/wp\/v2\/posts"}],"about":[{"href":"https:\/\/soymigrante.com\/revista\/wp-json\/wp\/v2\/types\/post"}],"author":[{"embeddable":true,"href":"https:\/\/soymigrante.com\/revista\/wp-json\/wp\/v2\/users\/7"}],"replies":[{"embeddable":true,"href":"https:\/\/soymigrante.com\/revista\/wp-json\/wp\/v2\/comments?post=55583"}],"version-history":[{"count":18,"href":"https:\/\/soymigrante.com\/revista\/wp-json\/wp\/v2\/posts\/55583\/revisions"}],"predecessor-version":[{"id":55606,"href":"https:\/\/soymigrante.com\/revista\/wp-json\/wp\/v2\/posts\/55583\/revisions\/55606"}],"wp:featuredmedia":[{"embeddable":true,"href":"https:\/\/soymigrante.com\/revista\/wp-json\/wp\/v2\/media\/55584"}],"wp:attachment":[{"href":"https:\/\/soymigrante.com\/revista\/wp-json\/wp\/v2\/media?parent=55583"}],"wp:term":[{"taxonomy":"category","embeddable":true,"href":"https:\/\/soymigrante.com\/revista\/wp-json\/wp\/v2\/categories?post=55583"},{"taxonomy":"post_tag","embeddable":true,"href":"https:\/\/soymigrante.com\/revista\/wp-json\/wp\/v2\/tags?post=55583"}],"curies":[{"name":"wp","href":"https:\/\/api.w.org\/{rel}","templated":true}]}}