{"id":55566,"date":"2026-04-28T11:32:30","date_gmt":"2026-04-28T17:32:30","guid":{"rendered":"https:\/\/soymigrante.com\/revista\/?p=55566"},"modified":"2026-04-28T14:03:27","modified_gmt":"2026-04-28T20:03:27","slug":"tener-daca-no-basta-por-si-solo-para-frenar-orden-de-deportacion-alerta-abogada-guatemalteca","status":"publish","type":"post","link":"https:\/\/soymigrante.com\/revista\/tener-daca-no-basta-por-si-solo-para-frenar-orden-de-deportacion-alerta-abogada-guatemalteca\/","title":{"rendered":"Tener DACA no basta por s\u00ed solo para frenar orden de deportaci\u00f3n, alerta abogada guatemalteca"},"content":{"rendered":"\t\t<div data-elementor-type=\"wp-post\" data-elementor-id=\"55566\" class=\"elementor elementor-55566\" data-elementor-post-type=\"post\">\n\t\t\t\t<div data-particle_enable=\"false\" data-particle-mobile-disabled=\"false\" class=\"elementor-element elementor-element-9727eea e-flex e-con-boxed e-con e-parent\" data-id=\"9727eea\" data-element_type=\"container\" data-e-type=\"container\">\n\t\t\t\t\t<div class=\"e-con-inner\">\n\t\t\t\t<div class=\"elementor-element elementor-element-14ed3e4 elementor-widget elementor-widget-heading\" data-id=\"14ed3e4\" data-element_type=\"widget\" data-e-type=\"widget\" data-widget_type=\"heading.default\">\n\t\t\t\t\t<h3 class=\"elementor-heading-title elementor-size-default\">La acci\u00f3n diferida para llegadas en la infancia (DACA) es una protecci\u00f3n temporal para muchos migrantes. Pero las nuevas pol\u00edticas cuestionan su validez o aplicaci\u00f3n, al punto que para muchas personas ya no basta tenerlo y necesitan otras constancias para poder evitar una deportaci\u00f3n.<\/h3>\t\t\t\t<\/div>\n\t\t\t\t\t<\/div>\n\t\t\t\t<\/div>\n\t\t<div data-particle_enable=\"false\" data-particle-mobile-disabled=\"false\" class=\"elementor-element elementor-element-601744b e-flex e-con-boxed e-con e-parent\" data-id=\"601744b\" data-element_type=\"container\" data-e-type=\"container\">\n\t\t\t\t\t<div class=\"e-con-inner\">\n\t\t\t\t<div class=\"elementor-element elementor-element-0d74df5 elementor-widget elementor-widget-text-editor\" data-id=\"0d74df5\" data-element_type=\"widget\" data-e-type=\"widget\" data-widget_type=\"text-editor.default\">\n\t\t\t\t\t\t\t\t\t<p><em>\u201cSi tienes <a href=\"https:\/\/www.uscis.gov\/es\/DACA\">DACA <\/a>y est\u00e1s en un proceso de deportaci\u00f3n, no asumas que tu caso se va a cerrar autom\u00e1ticamente. Necesitas una estrategia legal fuerte y personalizada\u201d<\/em>, advierte la abogada migratoria guatemalteca Ana Gabriela Ur\u00edzar, tras una reciente decisi\u00f3n del m\u00e1ximo tribunal administrativo migratorio de Estados Unidos.<\/p><p>El fallo, emitido por la <a href=\"https:\/\/en.wikipedia.org\/wiki\/Board_of_Immigration_Appeals\" target=\"_blank\" rel=\"noopener\">Board of Immigration Appeals (BIA)<\/a>, establece que el programa <a href=\"https:\/\/en.wikipedia.org\/wiki\/Deferred_Action_for_Childhood_Arrivals\" target=\"_blank\" rel=\"noopener\">Deferred Action for Childhood Arrivals (DACA)<\/a> (Acci\u00f3n Diferida para los Llegados en la Infancia) no basta por s\u00ed solo para cerrar un proceso de deportaci\u00f3n.<\/p><p>El caso \u2014identificado legalmente como 29 I&amp;N Dec. 589 (BIA 2026)\u2014 surge cuando <a href=\"https:\/\/www.uscis.gov\/es\/DACA\">una persona migrante con DACA<\/a> solicit\u00f3 que se suspendiera su proceso de deportaci\u00f3n, argumentando adem\u00e1s que podr\u00eda optar a la residencia permanente por matrimonio con un ciudadano estadounidense.\u00a0<\/p><p>Inicialmente, un juez de inmigraci\u00f3n acept\u00f3 cerrar el caso. Sin embargo, el <a href=\"https:\/\/en.wikipedia.org\/wiki\/United_States_Department_of_Homeland_Security\" target=\"_blank\" rel=\"noopener\">Department of Homeland Security (DHS)<\/a> apel\u00f3 la decisi\u00f3n, y la BIA le dio la raz\u00f3n. \u201cLa respuesta de la BIA fue clara: no se puede cerrar un caso \u00fanicamente porque la persona tenga <a href=\"https:\/\/www.uscis.gov\/es\/DACA\">DACA<\/a>\u201d, explica Ur\u00edzar.<\/p>\t\t\t\t\t\t\t\t<\/div>\n\t\t\t\t\t<\/div>\n\t\t\t\t<\/div>\n\t\t<div data-particle_enable=\"false\" data-particle-mobile-disabled=\"false\" class=\"elementor-element elementor-element-3aea732 e-flex e-con-boxed e-con e-parent\" data-id=\"3aea732\" data-element_type=\"container\" data-e-type=\"container\">\n\t\t\t\t\t<div class=\"e-con-inner\">\n\t\t\t\t<div class=\"elementor-element elementor-element-e5f5ae5 elementor-widget elementor-widget-html\" data-id=\"e5f5ae5\" data-element_type=\"widget\" data-e-type=\"widget\" data-widget_type=\"html.default\">\n\t\t\t\t\t<blockquote class=\"tiktok-embed\" cite=\"https:\/\/www.tiktok.com\/@anagabrielaurizaresq\/video\/7633787715527494943\" data-video-id=\"7633787715527494943\" style=\"max-width: 605px;min-width: 325px;\" > <section> <a target=\"_blank\" title=\"@anagabrielaurizaresq\" href=\"https:\/\/www.tiktok.com\/@anagabrielaurizaresq?refer=embed\">@anagabrielaurizaresq<\/a> \ud83d\udea8 ACTUALIZACI\u00d3N IMPORTANTE PARA DACA \ud83d\udea8 Una nueva decisi\u00f3n puede cambiar la forma en que los jueces manejan casos en corte de inmigraci\u00f3n. En Matter of Santiago-Santiago, la BIA dej\u00f3 claro que tener DACA no es suficiente por s\u00ed solo para que un juez cierre un proceso de deportaci\u00f3n. \u2696\ufe0f \u00bfQu\u00e9 dijo la corte? Un juez no puede basarse \u00fanicamente en DACA. Tambi\u00e9n debe analizar: \u2714\ufe0f La raz\u00f3n por la cual se pide terminar el caso \u2714\ufe0f La oposici\u00f3n del gobierno (DHS) \u2714\ufe0f El inter\u00e9s p\u00fablico en continuar el proceso \u2714\ufe0f Todos los factores positivos y negativos \ud83d\udccc \u00bfPor qu\u00e9 importa esto? Porque muchas personas pensaban que DACA pod\u00eda detener autom\u00e1ticamente un caso en corte\u2026 y esta decisi\u00f3n confirma que no es as\u00ed. \ud83d\udccc Mensaje clave: DACA es una protecci\u00f3n importante, pero no es estatus legal permanente ni garantiza el cierre de tu caso. \ud83d\udca1 Si est\u00e1s en corte con DACA: Podr\u00edas tener otras opciones legales, pero necesitas una estrategia clara y bien fundamentada. \ud83d\udd17 Lee la decisi\u00f3n completa aqu\u00ed:  https:&#47;&#47;www.justice.gov&#47;eoir&#47;media&#47;1437801&#47;dl?inline <a title=\"daca\" target=\"_blank\" href=\"https:\/\/www.tiktok.com\/tag\/daca?refer=embed\">#daca<\/a> <a title=\"matterofsantiago\" target=\"_blank\" href=\"https:\/\/www.tiktok.com\/tag\/matterofsantiago?refer=embed\">#matterofsantiago<\/a> <a title=\"bia\" target=\"_blank\" href=\"https:\/\/www.tiktok.com\/tag\/bia?refer=embed\">#bia<\/a> <a title=\"dacaholder\" target=\"_blank\" href=\"https:\/\/www.tiktok.com\/tag\/dacaholder?refer=embed\">#dacaholder<\/a> <a title=\"dreamers\" target=\"_blank\" href=\"https:\/\/www.tiktok.com\/tag\/dreamers?refer=embed\">#dreamers<\/a> <a target=\"_blank\" title=\"\u266c original sound - Ana Gabriela Urizar, Esq\" href=\"https:\/\/www.tiktok.com\/music\/original-sound-7633787827121048351?refer=embed\">\u266c original sound - Ana Gabriela Urizar, Esq<\/a> <\/section> <\/blockquote> <script async src=\"https:\/\/www.tiktok.com\/embed.js\"><\/script>\t\t\t\t<\/div>\n\t\t\t\t\t<\/div>\n\t\t\t\t<\/div>\n\t\t<div data-particle_enable=\"false\" data-particle-mobile-disabled=\"false\" class=\"elementor-element elementor-element-a4eed02 e-flex e-con-boxed e-con e-parent\" data-id=\"a4eed02\" data-element_type=\"container\" data-e-type=\"container\">\n\t\t\t\t\t<div class=\"e-con-inner\">\n\t\t\t\t<div class=\"elementor-element elementor-element-845e87c elementor-widget elementor-widget-text-editor\" data-id=\"845e87c\" data-element_type=\"widget\" data-e-type=\"widget\" data-widget_type=\"text-editor.default\">\n\t\t\t\t\t\t\t\t\t<p><span style=\"color: #000000; font-family: Mulish, sans-serif; font-size: 29px; font-weight: bold;\">El &#8220;error&#8221; del juez, seg\u00fan el tribunal<\/span><\/p><p>El bur\u00f3 de apelaciones migratorias favoreci\u00f3 al gobiero, al afirmar que el juez de inmigraci\u00f3n cometi\u00f3 un error al basar su decisi\u00f3n \u00fanicamente en la existencia del DACA. Seg\u00fan el tribunal, la ley permite cerrar casos de manera discrecional, pero exige que el juez eval\u00fae tanto los argumentos del migrante como los del gobierno, analice factores positivos y negativos, y justifique su decisi\u00f3n de forma completa.<\/p><p>\u201cEl juez tambi\u00e9n tiene que analizar por qu\u00e9 la persona pide la terminaci\u00f3n del caso y por qu\u00e9 el gobierno se opone. No es autom\u00e1tico\u201d, se\u00f1ala la abogada.<\/p><p>El tribunal revoc\u00f3 la decisi\u00f3n y devolvi\u00f3 el caso para que sea evaluado nuevamente, esta vez por otro juez, con el fin de garantizar imparcialidad. <a href=\"https:\/\/soymigrante.com\/revista\/informacion-que-quiza-no-sabias-o-querias-compartir-sobre-el-daca\/\">DACA son las siglas en ingl\u00e9s de un programa estatal de Acci\u00f3n Diferida para arribos en la ni\u00f1ez,<\/a> que fue instituido en el gobierno de Barack Obama como una soluci\u00f3n temporal para evitar deportaciones de menores a pa\u00edses donde ya no ten\u00edan familiares.<\/p><p>\u00a0<\/p><h3>\u00bfQu\u00e9 DACA ayuda, pero no garantiza protecci\u00f3n<\/h3><p>Para Ur\u00edzar, el fallo confirma algo que muchos migrantes desconocen:\u00a0<em>\u201cDACA puede ayudar, pero no garantiza que un caso en la Corte de Inmigraci\u00f3n sea cerrado.\u201d<\/em><\/p><p>Esto implica que las personas bajo este programa deben explorar otras v\u00edas legales, como la residencia por matrimonio, solicitudes de asilo, cancelaci\u00f3n de deportaci\u00f3n o visas de trabajo.<\/p>\t\t\t\t\t\t\t\t<\/div>\n\t\t\t\t\t<\/div>\n\t\t\t\t<\/div>\n\t\t<div data-particle_enable=\"false\" data-particle-mobile-disabled=\"false\" class=\"elementor-element elementor-element-5440e0f e-flex e-con-boxed e-con e-parent\" data-id=\"5440e0f\" data-element_type=\"container\" data-e-type=\"container\">\n\t\t\t\t\t<div class=\"e-con-inner\">\n\t\t\t\t<div class=\"elementor-element elementor-element-4206957 elementor-grid-eael-col-1 elementor-grid-tablet-eael-col-2 elementor-grid-mobile-eael-col-1 elementor-widget elementor-widget-eael-post-grid\" data-id=\"4206957\" data-element_type=\"widget\" data-e-type=\"widget\" data-settings=\"{&quot;eael_post_grid_columns&quot;:&quot;eael-col-1&quot;,&quot;eael_post_grid_columns_tablet&quot;:&quot;eael-col-2&quot;,&quot;eael_post_grid_columns_mobile&quot;:&quot;eael-col-1&quot;}\" data-widget_type=\"eael-post-grid.default\">\n\t\t\t\t\t<div id=\"eael-post-grid-4206957\" class=\"eael-post-grid-container\">\n            <div class=\"eael-post-grid eael-post-appender eael-post-appender-4206957 eael-post-grid-style-one\" data-layout-mode=\"masonry\"><article class=\"eael-grid-post  eael-post-grid-column eael-pg-post-9664 category-recursos-migratorios\" data-id=\"9664\">\n        <div class=\"eael-grid-post-holder\">\n            <div class=\"eael-grid-post-holder-inner\"><div class=\"eael-entry-media\"><div class=\"eael-entry-overlay fade-in\"><i class=\"far fa-hand-pointer\" aria-hidden=\"true\"><\/i><a href=\"https:\/\/soymigrante.com\/revista\/informacion-que-quiza-no-sabias-o-querias-compartir-sobre-el-daca\/\"><\/a><\/div><div class=\"eael-entry-thumbnail eael-image-ratio\">\n                <img fetchpriority=\"high\" decoding=\"async\" width=\"1024\" height=\"1024\" src=\"https:\/\/soymigrante.com\/revista\/wp-content\/uploads\/2024\/09\/daca-soy-migrante-scaled-e1727361660403-1024x1024.webp\" class=\"attachment-large size-large wp-image-9682\" alt=\"Estudiante universitario en toga y birrete se\u00f1alando con la mano, s\u00edmbolo de logro y \u00e9xito acad\u00e9mico en el contexto de migrantes y sue\u00f1os educativos.\" srcset=\"https:\/\/soymigrante.com\/revista\/wp-content\/uploads\/2024\/09\/daca-soy-migrante-scaled-e1727361660403-1024x1024.webp 1024w, https:\/\/soymigrante.com\/revista\/wp-content\/uploads\/2024\/09\/daca-soy-migrante-scaled-e1727361660403-300x300.webp 300w, https:\/\/soymigrante.com\/revista\/wp-content\/uploads\/2024\/09\/daca-soy-migrante-scaled-e1727361660403-150x150.webp 150w, https:\/\/soymigrante.com\/revista\/wp-content\/uploads\/2024\/09\/daca-soy-migrante-scaled-e1727361660403-768x768.webp 768w, https:\/\/soymigrante.com\/revista\/wp-content\/uploads\/2024\/09\/daca-soy-migrante-scaled-e1727361660403-75x75.webp 75w, https:\/\/soymigrante.com\/revista\/wp-content\/uploads\/2024\/09\/daca-soy-migrante-scaled-e1727361660403-750x750.webp 750w, https:\/\/soymigrante.com\/revista\/wp-content\/uploads\/2024\/09\/daca-soy-migrante-scaled-e1727361660403-1140x1140.webp 1140w, https:\/\/soymigrante.com\/revista\/wp-content\/uploads\/2024\/09\/daca-soy-migrante-scaled-e1727361660403.webp 1280w\" sizes=\"(max-width: 1024px) 100vw, 1024px\" \/>\n            <\/div>\n        <\/div><div class=\"eael-entry-wrapper\"><header class=\"eael-entry-header\"><h2 class=\"eael-entry-title\"><a class=\"eael-grid-post-link\" href=\"https:\/\/soymigrante.com\/revista\/informacion-que-quiza-no-sabias-o-querias-compartir-sobre-el-daca\/\" title=\"Informaci\u00f3n que quiz\u00e1 no sab\u00edas (o quer\u00edas compartir) sobre el DACA\">Informaci\u00f3n que quiz\u00e1 no sab\u00edas (o quer\u00edas compartir) sobre el DACA<\/a><\/h2><\/header><div class=\"eael-entry-content\">\n                        <div class=\"eael-grid-post-excerpt\"><a href=\"https:\/\/soymigrante.com\/revista\/informacion-que-quiza-no-sabias-o-querias-compartir-sobre-el-daca\/\" class=\"eael-post-elements-readmore-btn\">CONOCE SU HISTORIA <\/a><\/div>\n                    <\/div><\/div><\/div>\n        <\/div>\n    <\/article><\/div>\n            <div class=\"clearfix\"><\/div>\n        <\/div>\t\t\t\t<\/div>\n\t\t\t\t\t<\/div>\n\t\t\t\t<\/div>\n\t\t<div data-particle_enable=\"false\" data-particle-mobile-disabled=\"false\" class=\"elementor-element elementor-element-49e6bc7 e-flex e-con-boxed e-con e-parent\" data-id=\"49e6bc7\" data-element_type=\"container\" data-e-type=\"container\">\n\t\t\t\t\t<div class=\"e-con-inner\">\n\t\t\t\t<div class=\"elementor-element elementor-element-6d9019f elementor-widget elementor-widget-text-editor\" data-id=\"6d9019f\" data-element_type=\"widget\" data-e-type=\"widget\" data-widget_type=\"text-editor.default\">\n\t\t\t\t\t\t\t\t\t<p><span style=\"color: #000000; font-family: Mulish, sans-serif; font-size: 29px; font-weight: bold;\">Un caso real: cuando DACA por s\u00ed solo no fue suficiente<\/span><\/p>\n<p>La abogada Ana Gabriela Ur\u00edzar, de origen guatemalteco, tambi\u00e9n comparti\u00f3 la experiencia de un joven migrante que ilustra el impacto de esta realidad. \u201cMe busc\u00f3 un chico que hab\u00eda entrado con visa de turista cuando ten\u00eda cinco a\u00f1os, ten\u00eda DACA activa, un MBA de una universidad importante y trabajaba en un banco reconocido. Aun as\u00ed, lo pusieron en proceso de deportaci\u00f3n\u201d, relata.<\/p>\n<p>Durante su audiencia, el joven argument\u00f3 que hab\u00eda llegado siendo ni\u00f1o, pero el juez fue tajante:&nbsp;<em>\u201cLe dijo: \u2018ahora ya no eres un ni\u00f1o, ahora eres un hombre y tienes que encontrar una soluci\u00f3n\u2019\u201d, cuenta la abogada.<\/em><\/p>\n<p>Ante esto, la estrategia legal incluy\u00f3 buscar cartas de apoyo de representantes estatales, gestiones con su empleador e intentar acceder a una visa de trabajo como la H-1B. Ur\u00edzar insiste siempre en que <a href=\"https:\/\/soymigrante.com\/revista\/daca-beneficiaria-deportada-ilegalmente-maria-estrada-regresa-a-estados-unidos-orden-judicial\/\">cada caso es \u00fanico y por lo tanto no se puede generalizar, ya que existen casos en los que DACA ha sido clave incluso para regresar a personas ya deportadas.<\/a><\/p>\n<h3>Un mensaje claro para la comunidad migrante<\/h3>\n<p>El fallo de la BIA refuerza una idea clave en el sistema migratorio estadounidense: tener DACA no detiene autom\u00e1ticamente un proceso de deportaci\u00f3n.<\/p>\n<p>\u201cLas personas deben prepararse, buscar asesor\u00eda legal y no confiar \u00fanicamente en el DACA. Es una protecci\u00f3n temporal, no una soluci\u00f3n definitiva\u201d, concluye Ur\u00edzar,<a href=\"https:\/\/soymigrante.com\/revista\/como-hallar-un-abogado-experto-en-migracion-aila-puede-ser-de-utilidad\/\"> quien aconseja asesorarse con un abogado migratorio para poder plantear una defensa adecuada<\/a>.<\/p>\t\t\t\t\t\t\t\t<\/div>\n\t\t\t\t\t<\/div>\n\t\t\t\t<\/div>\n\t\t<div data-particle_enable=\"false\" data-particle-mobile-disabled=\"false\" class=\"elementor-element elementor-element-02d28bf e-flex e-con-boxed e-con e-parent\" data-id=\"02d28bf\" data-element_type=\"container\" data-e-type=\"container\">\n\t\t\t\t\t<div class=\"e-con-inner\">\n\t\t\t\t<div class=\"elementor-element elementor-element-2020773 elementor-grid-eael-col-1 elementor-grid-tablet-eael-col-2 elementor-grid-mobile-eael-col-1 elementor-widget elementor-widget-eael-post-grid\" data-id=\"2020773\" data-element_type=\"widget\" data-e-type=\"widget\" data-settings=\"{&quot;eael_post_grid_columns&quot;:&quot;eael-col-1&quot;,&quot;eael_post_grid_columns_tablet&quot;:&quot;eael-col-2&quot;,&quot;eael_post_grid_columns_mobile&quot;:&quot;eael-col-1&quot;}\" data-widget_type=\"eael-post-grid.default\">\n\t\t\t\t\t<div id=\"eael-post-grid-2020773\" class=\"eael-post-grid-container\">\n            <div class=\"eael-post-grid eael-post-appender eael-post-appender-2020773 eael-post-grid-style-one\" data-layout-mode=\"masonry\"><article class=\"eael-grid-post  eael-post-grid-column eael-pg-post-54354 category-noticias\" data-id=\"54354\">\n        <div class=\"eael-grid-post-holder\">\n            <div class=\"eael-grid-post-holder-inner\"><div class=\"eael-entry-media\"><div class=\"eael-entry-overlay fade-in\"><i class=\"far fa-hand-pointer\" aria-hidden=\"true\"><\/i><a href=\"https:\/\/soymigrante.com\/revista\/daca-beneficiaria-deportada-ilegalmente-maria-estrada-regresa-a-estados-unidos-orden-judicial\/\"><\/a><\/div><div class=\"eael-entry-thumbnail eael-image-ratio\">\n                <img decoding=\"async\" width=\"583\" height=\"583\" src=\"https:\/\/soymigrante.com\/revista\/wp-content\/uploads\/2026\/03\/daca-retornada-deportada-ilegalmente.png\" class=\"attachment-large size-large wp-image-54355\" alt=\"daca retornada deportada ilegalmente\" srcset=\"https:\/\/soymigrante.com\/revista\/wp-content\/uploads\/2026\/03\/daca-retornada-deportada-ilegalmente.png 583w, https:\/\/soymigrante.com\/revista\/wp-content\/uploads\/2026\/03\/daca-retornada-deportada-ilegalmente-300x300.png 300w, https:\/\/soymigrante.com\/revista\/wp-content\/uploads\/2026\/03\/daca-retornada-deportada-ilegalmente-150x150.png 150w, https:\/\/soymigrante.com\/revista\/wp-content\/uploads\/2026\/03\/daca-retornada-deportada-ilegalmente-75x75.png 75w\" sizes=\"(max-width: 583px) 100vw, 583px\" \/>\n            <\/div>\n        <\/div><div class=\"eael-entry-wrapper\"><header class=\"eael-entry-header\"><h2 class=\"eael-entry-title\"><a class=\"eael-grid-post-link\" href=\"https:\/\/soymigrante.com\/revista\/daca-beneficiaria-deportada-ilegalmente-maria-estrada-regresa-a-estados-unidos-orden-judicial\/\" title=\"Mar\u00eda Estrada, beneficiaria de DACA que fue deportada ilegalmente, regresa a USA tras 40 d\u00edas, por orden de juez\">Mar\u00eda Estrada, beneficiaria de DACA que fue deportada ilegalmente, regresa a USA tras 40 d\u00edas, por orden de juez<\/a><\/h2><\/header><div class=\"eael-entry-content\">\n                        <div class=\"eael-grid-post-excerpt\"><a href=\"https:\/\/soymigrante.com\/revista\/daca-beneficiaria-deportada-ilegalmente-maria-estrada-regresa-a-estados-unidos-orden-judicial\/\" class=\"eael-post-elements-readmore-btn\">CONOCE SU HISTORIA <\/a><\/div>\n                    <\/div><\/div><\/div>\n        <\/div>\n    <\/article><\/div>\n            <div class=\"clearfix\"><\/div>\n        <\/div>\t\t\t\t<\/div>\n\t\t\t\t\t<\/div>\n\t\t\t\t<\/div>\n\t\t<div data-particle_enable=\"false\" data-particle-mobile-disabled=\"false\" class=\"elementor-element elementor-element-2ba05db e-flex e-con-boxed e-con e-parent\" data-id=\"2ba05db\" data-element_type=\"container\" data-e-type=\"container\">\n\t\t\t\t\t<div class=\"e-con-inner\">\n\t\t\t\t<div class=\"elementor-element elementor-element-a51d9e3 elementor-widget elementor-widget-global elementor-global-52097 elementor-widget-heading\" data-id=\"a51d9e3\" data-element_type=\"widget\" data-e-type=\"widget\" data-widget_type=\"heading.default\">\n\t\t\t\t\t<h2 class=\"elementor-heading-title elementor-size-default\">Quiz\u00e1 tambi\u00e9n te podr\u00eda interesar<\/h2>\t\t\t\t<\/div>\n\t\t\t\t\t<\/div>\n\t\t\t\t<\/div>\n\t\t<div data-particle_enable=\"false\" data-particle-mobile-disabled=\"false\" class=\"elementor-element elementor-element-688bc17 e-flex e-con-boxed e-con e-parent\" data-id=\"688bc17\" data-element_type=\"container\" data-e-type=\"container\">\n\t\t\t\t\t<div class=\"e-con-inner\">\n\t\t\t\t<div class=\"elementor-element elementor-element-ecef686 elementor-grid-eael-col-3 elementor-grid-tablet-eael-col-2 elementor-grid-mobile-eael-col-1 elementor-widget elementor-widget-eael-post-grid\" data-id=\"ecef686\" data-element_type=\"widget\" data-e-type=\"widget\" data-settings=\"{&quot;eael_post_grid_columns&quot;:&quot;eael-col-3&quot;,&quot;eael_post_grid_columns_tablet&quot;:&quot;eael-col-2&quot;,&quot;eael_post_grid_columns_mobile&quot;:&quot;eael-col-1&quot;}\" data-widget_type=\"eael-post-grid.default\">\n\t\t\t\t\t<div id=\"eael-post-grid-ecef686\" class=\"eael-post-grid-container\">\n            <div class=\"eael-post-grid eael-post-appender eael-post-appender-ecef686 eael-post-grid-style-one\" data-layout-mode=\"masonry\"><article class=\"eael-grid-post  eael-post-grid-column eael-pg-post-38842 category-guate-nuestra\" data-id=\"38842\">\n        <div class=\"eael-grid-post-holder\">\n            <div class=\"eael-grid-post-holder-inner\"><div class=\"eael-entry-media\"><div class=\"eael-entry-overlay fade-in\"><i class=\"far fa-hand-pointer\" aria-hidden=\"true\"><\/i><a href=\"https:\/\/soymigrante.com\/revista\/por-que-tiembla-tanto-en-guatemala-una-explicacion-tecnica-y-comprensible\/\"><\/a><\/div><div class=\"eael-entry-thumbnail eael-image-ratio\">\n                <img decoding=\"async\" width=\"1024\" height=\"582\" src=\"https:\/\/soymigrante.com\/revista\/wp-content\/uploads\/2025\/07\/Por-que-tiembla-tanto-en-Guatemala-Una-explicacion-tecnica-y-comprensible-1-1024x582.jpeg\" class=\"attachment-large size-large wp-image-38843\" alt=\"Por qu\u00e9 tiembla tanto en Guatemala Una explicaci\u00f3n t\u00e9cnica y comprensible 1\" \/>\n            <\/div>\n        <\/div><div class=\"eael-entry-wrapper\"><header class=\"eael-entry-header\"><h2 class=\"eael-entry-title\"><a class=\"eael-grid-post-link\" href=\"https:\/\/soymigrante.com\/revista\/por-que-tiembla-tanto-en-guatemala-una-explicacion-tecnica-y-comprensible\/\" title=\"\u00bfPor qu\u00e9 hay tantos sismos en Guatemala? Una explicaci\u00f3n t\u00e9cnica y comprensible\">\u00bfPor qu\u00e9 hay tantos sismos en Guatemala? Una explicaci\u00f3n t\u00e9cnica y comprensible<\/a><\/h2><\/header><div class=\"eael-entry-content\">\n                        <div class=\"eael-grid-post-excerpt\"><a href=\"https:\/\/soymigrante.com\/revista\/por-que-tiembla-tanto-en-guatemala-una-explicacion-tecnica-y-comprensible\/\" class=\"eael-post-elements-readmore-btn\">CONOCE SU HISTORIA <\/a><\/div>\n                    <\/div><\/div><\/div>\n        <\/div>\n    <\/article><article class=\"eael-grid-post  eael-post-grid-column eael-pg-post-38193 category-guate-nuestra\" data-id=\"38193\">\n        <div class=\"eael-grid-post-holder\">\n            <div class=\"eael-grid-post-holder-inner\"><div class=\"eael-entry-media\"><div class=\"eael-entry-overlay fade-in\"><i class=\"far fa-hand-pointer\" aria-hidden=\"true\"><\/i><a href=\"https:\/\/soymigrante.com\/revista\/dona-luz-cuando-la-solidaridad-ilumina-el-emprendimiento\/\"><\/a><\/div><div class=\"eael-entry-thumbnail eael-image-ratio\">\n                <img loading=\"lazy\" decoding=\"async\" width=\"1024\" height=\"740\" src=\"https:\/\/soymigrante.com\/revista\/wp-content\/uploads\/2025\/07\/Captura-de-pantalla-2025-07-01-142314-1024x740.png\" class=\"attachment-large size-large wp-image-38194\" alt=\"Seguridad laboral para migrantes, mujer en tienda de comestibles en mercado local, apoyo a justicia social, derechos laborales migrantes, comunidad inmigrante en M\u00e9xico.\" \/>\n            <\/div>\n        <\/div><div class=\"eael-entry-wrapper\"><header class=\"eael-entry-header\"><h2 class=\"eael-entry-title\"><a class=\"eael-grid-post-link\" href=\"https:\/\/soymigrante.com\/revista\/dona-luz-cuando-la-solidaridad-ilumina-el-emprendimiento\/\" title=\"Do\u00f1a Luz: cuando la solidaridad ilumina el emprendimiento\">Do\u00f1a Luz: cuando la solidaridad ilumina el emprendimiento<\/a><\/h2><\/header><div class=\"eael-entry-content\">\n                        <div class=\"eael-grid-post-excerpt\"><a href=\"https:\/\/soymigrante.com\/revista\/dona-luz-cuando-la-solidaridad-ilumina-el-emprendimiento\/\" class=\"eael-post-elements-readmore-btn\">CONOCE SU HISTORIA <\/a><\/div>\n                    <\/div><\/div><\/div>\n        <\/div>\n    <\/article><article class=\"eael-grid-post  eael-post-grid-column eael-pg-post-16850 category-guate-nuestra tags-18-diciembre-dia-del-migrante\" data-id=\"16850\">\n        <div class=\"eael-grid-post-holder\">\n            <div class=\"eael-grid-post-holder-inner\"><div class=\"eael-entry-media\"><div class=\"eael-entry-overlay fade-in\"><i class=\"far fa-hand-pointer\" aria-hidden=\"true\"><\/i><a href=\"https:\/\/soymigrante.com\/revista\/paseo-por-un-mercadito-navideno-guatemalteco-una-galeria-de-colores-alegrias-y-recuerdos\/\"><\/a><\/div><div class=\"eael-entry-thumbnail eael-image-ratio\">\n                <img loading=\"lazy\" decoding=\"async\" width=\"1024\" height=\"683\" src=\"https:\/\/soymigrante.com\/revista\/wp-content\/uploads\/2024\/12\/mercado-navideno-fotos-muniguate-15-1024x683.jpg\" class=\"attachment-large size-large wp-image-16855\" alt=\"Puesto de venta de figuritas navide\u00f1as y decoraciones tradicionales en un mercado mexicano, con ni\u00f1o sonriendo en primer plano y colores festivos.\" \/>\n            <\/div>\n        <\/div><div class=\"eael-entry-wrapper\"><header class=\"eael-entry-header\"><h2 class=\"eael-entry-title\"><a class=\"eael-grid-post-link\" href=\"https:\/\/soymigrante.com\/revista\/paseo-por-un-mercadito-navideno-guatemalteco-una-galeria-de-colores-alegrias-y-recuerdos\/\" title=\"Paseo por un mercadito navide\u00f1o guatemalteco: una galer\u00eda de colores, alegr\u00edas y recuerdos\">Paseo por un mercadito navide\u00f1o guatemalteco: una galer\u00eda de colores, alegr\u00edas y recuerdos<\/a><\/h2><\/header><div class=\"eael-entry-content\">\n                        <div class=\"eael-grid-post-excerpt\"><a href=\"https:\/\/soymigrante.com\/revista\/paseo-por-un-mercadito-navideno-guatemalteco-una-galeria-de-colores-alegrias-y-recuerdos\/\" class=\"eael-post-elements-readmore-btn\">CONOCE SU HISTORIA <\/a><\/div>\n                    <\/div><\/div><\/div>\n        <\/div>\n    <\/article><\/div>\n            <div class=\"clearfix\"><\/div>\n        <\/div>            <div class=\"eael-load-more-button-wrap eael-force-hide\">\n                <button class=\"eael-load-more-button\" id=\"eael-load-more-btn-ecef686\" data-widget-id=\"ecef686\" data-widget=\"ecef686\" data-page-id=\"55566\" data-template=\"{&quot;dir&quot;:&quot;lite&quot;,&quot;file_name&quot;:&quot;one.php&quot;,&quot;name&quot;:&quot;Post-Grid&quot;}\" data-class=\"Essential_Addons_Elementor\\Elements\\Post_Grid\" data-layout=\"masonry\" data-page=\"1\" data-args=\"orderby=rand&amp;order=desc&amp;ignore_sticky_posts=1&amp;post_status=publish&amp;posts_per_page=3&amp;offset=0&amp;post_type=post&amp;tax_query%5B0%5D%5Btaxonomy%5D=category&amp;tax_query%5B0%5D%5Bfield%5D=term_id&amp;tax_query%5B0%5D%5Bterms%5D%5B0%5D=58&amp;tax_query%5Brelation%5D=AND\" data-max-page=\"289\">\n                    <span class=\"eael-btn-loader button__loader\"><\/span>\n                    <span class=\"eael_load_more_text\">Load More<\/span>\n                <\/button>\n            <\/div>\n            \t\t\t\t<\/div>\n\t\t\t\t\t<\/div>\n\t\t\t\t<\/div>\n\t\t\t\t<\/div>\n\t\t","protected":false},"excerpt":{"rendered":"<p>La acci\u00f3n diferida para llegadas en la infancia (DACA) es una protecci\u00f3n temporal para muchos migrantes. Pero las nuevas pol\u00edticas cuestionan su validez o aplicaci\u00f3n, al punto que para muchas personas ya no basta tenerlo y necesitan otras constancias para poder evitar una deportaci\u00f3n. \u201cSi tienes DACA y est\u00e1s en un proceso de deportaci\u00f3n, no [&hellip;]<\/p>\n","protected":false},"author":1,"featured_media":55567,"comment_status":"open","ping_status":"open","sticky":false,"template":"","format":"standard","meta":{"_acf_changed":false,"_eb_attr":"","footnotes":""},"categories":[59],"tags":[],"class_list":["post-55566","post","type-post","status-publish","format-standard","has-post-thumbnail","hentry","category-recursos-migratorios"],"acf":[],"aioseo_notices":[],"aioseo_head":"\n\t\t<!-- All in One SEO Pro 4.9.6.2 - aioseo.com -->\n\t<meta name=\"description\" content=\"Nos vamos al mercadito navide\u00f1o guatemalteco, cerca del Mercado Centro. Se venden figuras de nacimiento, decoraciones, luces y m\u00e1s. Solo la nostalgia es gratis.\" \/>\n\t<meta name=\"robots\" content=\"max-snippet:-1, max-image-preview:large, max-video-preview:-1\" \/>\n\t<meta name=\"author\" content=\"Gustavo Montenegro\"\/>\n\t<link rel=\"canonical\" href=\"https:\/\/soymigrante.com\/revista\/paseo-por-un-mercadito-navideno-guatemalteco-una-galeria-de-colores-alegrias-y-recuerdos\/\" \/>\n\t<meta name=\"generator\" content=\"All in One SEO Pro (AIOSEO) 4.9.6.2\" \/>\n\n\t\t<link rel=\"preconnect\" href=\"https:\/\/fonts.googleapis.com\" crossorigin>\n<link rel=\"preconnect\" href=\"https:\/\/fonts.gstatic.com\" crossorigin>\n\t\t<meta property=\"og:locale\" content=\"es_ES\" \/>\n\t\t<meta property=\"og:site_name\" content=\"SoyMigrante.com REVISTA \u2013 Nuestra misi\u00f3n es reconocer y dignificar al migrante.\" \/>\n\t\t<meta property=\"og:type\" content=\"article\" \/>\n\t\t<meta property=\"og:title\" content=\"Paseo por un mercadito navide\u00f1o guatemalteco en im\u00e1genes\" \/>\n\t\t<meta property=\"og:description\" content=\"Nos vamos al mercadito navide\u00f1o guatemalteco, cerca del Mercado Centro. Se venden figuras de nacimiento, decoraciones, luces y m\u00e1s. Solo la nostalgia es gratis.\" \/>\n\t\t<meta property=\"og:url\" content=\"https:\/\/soymigrante.com\/revista\/paseo-por-un-mercadito-navideno-guatemalteco-una-galeria-de-colores-alegrias-y-recuerdos\/\" \/>\n\t\t<meta property=\"og:image\" content=\"https:\/\/soymigrante.com\/revista\/wp-content\/uploads\/2024\/12\/mercado-navideno-fotos-muniguate-15-e1734390405364.webp\" \/>\n\t\t<meta property=\"og:image:secure_url\" content=\"https:\/\/soymigrante.com\/revista\/wp-content\/uploads\/2024\/12\/mercado-navideno-fotos-muniguate-15-e1734390405364.webp\" \/>\n\t\t<meta property=\"og:image:width\" content=\"952\" \/>\n\t\t<meta property=\"og:image:height\" content=\"952\" \/>\n\t\t<meta property=\"article:published_time\" content=\"2024-12-17T00:01:15+00:00\" \/>\n\t\t<meta property=\"article:modified_time\" content=\"2024-12-22T04:00:52+00:00\" \/>\n\t\t<meta property=\"article:publisher\" content=\"https:\/\/www.facebook.com\/soymigrantecom\" \/>\n\t\t<meta name=\"twitter:card\" content=\"summary_large_image\" \/>\n\t\t<meta name=\"twitter:site\" content=\"@SoyMigrante_com\" \/>\n\t\t<meta name=\"twitter:title\" content=\"Paseo por un mercadito navide\u00f1o guatemalteco en im\u00e1genes\" \/>\n\t\t<meta name=\"twitter:description\" content=\"Nos vamos al mercadito navide\u00f1o guatemalteco, cerca del Mercado Centro. Se venden figuras de nacimiento, decoraciones, luces y m\u00e1s. Solo la nostalgia es gratis.\" \/>\n\t\t<meta name=\"twitter:creator\" content=\"@SoyMigrante_com\" \/>\n\t\t<meta name=\"twitter:image\" content=\"https:\/\/soymigrante.com\/revista\/wp-content\/uploads\/2024\/12\/mercado-navideno-fotos-muniguate-15-e1734390405364.webp\" \/>\n\t\t<!-- All in One SEO Pro -->\r\n\t\t<title>Paseo por un mercadito navide\u00f1o guatemalteco en im\u00e1genes<\/title>\n\n","aioseo_head_json":{"title":"Paseo por un mercadito navide\u00f1o guatemalteco en im\u00e1genes","description":"Nos vamos al mercadito navide\u00f1o guatemalteco, cerca del Mercado Centro. Se venden figuras de nacimiento, decoraciones, luces y m\u00e1s. Solo la nostalgia es gratis.","canonical_url":"https:\/\/soymigrante.com\/revista\/paseo-por-un-mercadito-navideno-guatemalteco-una-galeria-de-colores-alegrias-y-recuerdos\/","robots":"max-snippet:-1, max-image-preview:large, max-video-preview:-1","keywords":"","webmasterTools":{"miscellaneous":"&lt;link rel=\"preconnect\" href=\"https:\/\/fonts.googleapis.com\" crossorigin&gt;\n&lt;link rel=\"preconnect\" href=\"https:\/\/fonts.gstatic.com\" crossorigin&gt;"},"schema":null,"og:locale":"es_ES","og:site_name":"SoyMigrante.com REVISTA \u2013 Nuestra misi\u00f3n es reconocer y dignificar al migrante.","og:type":"article","og:title":"Paseo por un mercadito navide\u00f1o guatemalteco en im\u00e1genes","og:description":"Nos vamos al mercadito navide\u00f1o guatemalteco, cerca del Mercado Centro. Se venden figuras de nacimiento, decoraciones, luces y m\u00e1s. Solo la nostalgia es gratis.","og:url":"https:\/\/soymigrante.com\/revista\/paseo-por-un-mercadito-navideno-guatemalteco-una-galeria-de-colores-alegrias-y-recuerdos\/","og:image":"https:\/\/soymigrante.com\/revista\/wp-content\/uploads\/2024\/12\/mercado-navideno-fotos-muniguate-15-e1734390405364.webp","og:image:secure_url":"https:\/\/soymigrante.com\/revista\/wp-content\/uploads\/2024\/12\/mercado-navideno-fotos-muniguate-15-e1734390405364.webp","og:image:width":952,"og:image:height":952,"article:published_time":"2024-12-17T00:01:15+00:00","article:modified_time":"2024-12-22T04:00:52+00:00","article:publisher":"https:\/\/www.facebook.com\/soymigrantecom","twitter:card":"summary_large_image","twitter:site":"@SoyMigrante_com","twitter:title":"Paseo por un mercadito navide\u00f1o guatemalteco en im\u00e1genes","twitter:description":"Nos vamos al mercadito navide\u00f1o guatemalteco, cerca del Mercado Centro. Se venden figuras de nacimiento, decoraciones, luces y m\u00e1s. Solo la nostalgia es gratis.","twitter:creator":"@SoyMigrante_com","twitter:image":"https:\/\/soymigrante.com\/revista\/wp-content\/uploads\/2024\/12\/mercado-navideno-fotos-muniguate-15-e1734390405364.webp"},"aioseo_meta_data":{"post_id":"55566","title":"DACA solo no basta para frenar deportaci\u00f3n, alerta abogada","description":"Fallo judicial permite deportaci\u00f3n de una beneficiaria de DACA. \u00bfQu\u00e9 implica? \u00bfQu\u00e9 se puede hacer? Abogada migratoria guatemalteca Ana Gabriela Ur\u00edzar da claves","keywords":null,"keyphrases":{"focus":{"keyphrase":"DACA","score":100,"analysis":{"keyphraseInTitle":{"score":9,"maxScore":9,"error":0},"keyphraseInDescription":{"score":9,"maxScore":9,"error":0},"keyphraseLength":{"score":9,"maxScore":9,"error":0,"length":1},"keyphraseInURL":{"score":5,"maxScore":5,"error":0}}},"additional":[{"keyphrase":"abogada","score":100,"analysis":{"keyphraseInDescription":{"score":9,"maxScore":9,"error":0},"keyphraseLength":{"score":9,"maxScore":9,"error":0,"length":1}}},{"keyphrase":"guatemalteca","score":100,"analysis":{"keyphraseInDescription":{"score":9,"maxScore":9,"error":0},"keyphraseLength":{"score":9,"maxScore":9,"error":0,"length":1}}}]},"primary_term":null,"canonical_url":null,"og_title":null,"og_description":null,"og_object_type":"default","og_image_type":"default","og_image_url":null,"og_image_width":null,"og_image_height":null,"og_image_custom_url":null,"og_image_custom_fields":null,"og_video":"","og_custom_url":null,"og_article_section":null,"og_article_tags":null,"twitter_use_og":false,"twitter_card":"default","twitter_image_type":"default","twitter_image_url":null,"twitter_image_custom_url":null,"twitter_image_custom_fields":null,"twitter_title":null,"twitter_description":null,"schema":{"blockGraphs":[],"customGraphs":[],"default":{"data":{"Article":[],"Course":[],"Dataset":[],"FAQPage":[],"Movie":[],"Person":[],"Product":[],"ProductReview":[],"Car":[],"Recipe":[],"Service":[],"SoftwareApplication":[],"WebPage":[]},"graphName":"NewsArticle","isEnabled":true},"graphs":[]},"schema_type":"default","schema_type_options":null,"pillar_content":false,"robots_default":true,"robots_noindex":false,"robots_noarchive":false,"robots_nosnippet":false,"robots_nofollow":false,"robots_noimageindex":false,"robots_noodp":false,"robots_notranslate":false,"robots_max_snippet":"-1","robots_max_videopreview":"-1","robots_max_imagepreview":"large","priority":null,"frequency":"default","local_seo":null,"seo_analyzer_scan_date":null,"breadcrumb_settings":null,"limit_modified_date":false,"reviewed_by":"0","open_ai":null,"ai":{"faqs":[],"keyPoints":[],"schemas":[],"titles":[],"descriptions":[],"socialPosts":{"email":[],"linkedin":[],"twitter":[],"facebook":[],"instagram":[]}},"created":"2026-04-28 16:57:51","updated":"2026-04-28 20:34:26"},"aioseo_breadcrumb":"<div class=\"aioseo-breadcrumbs\"><span class=\"aioseo-breadcrumb\">\n\t<a href=\"https:\/\/soymigrante.com\/revista\" title=\"Home\">Home<\/a>\n<\/span><span class=\"aioseo-breadcrumb-separator\">\u00bb<\/span><span class=\"aioseo-breadcrumb\">\n\t<a href=\"https:\/\/soymigrante.com\/revista\/category\/recursos-migratorios\/\" title=\"Recursos Migratorios\">Recursos Migratorios<\/a>\n<\/span><span class=\"aioseo-breadcrumb-separator\">\u00bb<\/span><span class=\"aioseo-breadcrumb\">\n\tTener DACA no basta por s\u00ed solo para frenar orden de deportaci\u00f3n, alerta abogada guatemalteca\n<\/span><\/div>","aioseo_breadcrumb_json":[{"label":"Home","link":"https:\/\/soymigrante.com\/revista"},{"label":"Recursos Migratorios","link":"https:\/\/soymigrante.com\/revista\/category\/recursos-migratorios\/"},{"label":"Tener DACA no basta por s\u00ed solo para frenar orden de deportaci\u00f3n, alerta abogada guatemalteca","link":"https:\/\/soymigrante.com\/revista\/tener-daca-no-basta-por-si-solo-para-frenar-orden-de-deportacion-alerta-abogada-guatemalteca\/"}],"_links":{"self":[{"href":"https:\/\/soymigrante.com\/revista\/wp-json\/wp\/v2\/posts\/55566","targetHints":{"allow":["GET"]}}],"collection":[{"href":"https:\/\/soymigrante.com\/revista\/wp-json\/wp\/v2\/posts"}],"about":[{"href":"https:\/\/soymigrante.com\/revista\/wp-json\/wp\/v2\/types\/post"}],"author":[{"embeddable":true,"href":"https:\/\/soymigrante.com\/revista\/wp-json\/wp\/v2\/users\/1"}],"replies":[{"embeddable":true,"href":"https:\/\/soymigrante.com\/revista\/wp-json\/wp\/v2\/comments?post=55566"}],"version-history":[{"count":11,"href":"https:\/\/soymigrante.com\/revista\/wp-json\/wp\/v2\/posts\/55566\/revisions"}],"predecessor-version":[{"id":55580,"href":"https:\/\/soymigrante.com\/revista\/wp-json\/wp\/v2\/posts\/55566\/revisions\/55580"}],"wp:featuredmedia":[{"embeddable":true,"href":"https:\/\/soymigrante.com\/revista\/wp-json\/wp\/v2\/media\/55567"}],"wp:attachment":[{"href":"https:\/\/soymigrante.com\/revista\/wp-json\/wp\/v2\/media?parent=55566"}],"wp:term":[{"taxonomy":"category","embeddable":true,"href":"https:\/\/soymigrante.com\/revista\/wp-json\/wp\/v2\/categories?post=55566"},{"taxonomy":"post_tag","embeddable":true,"href":"https:\/\/soymigrante.com\/revista\/wp-json\/wp\/v2\/tags?post=55566"}],"curies":[{"name":"wp","href":"https:\/\/api.w.org\/{rel}","templated":true}]}}