{"id":55545,"date":"2026-04-28T09:30:49","date_gmt":"2026-04-28T15:30:49","guid":{"rendered":"https:\/\/soymigrante.com\/revista\/?p=55545"},"modified":"2026-04-28T09:58:39","modified_gmt":"2026-04-28T15:58:39","slug":"migrante-hondureno-al-lopez-regreso-a-su-tierra-para-reinventar-el-negocio-del-cafe","status":"publish","type":"post","link":"https:\/\/soymigrante.com\/revista\/migrante-hondureno-al-lopez-regreso-a-su-tierra-para-reinventar-el-negocio-del-cafe\/","title":{"rendered":"Migrante hondure\u00f1o Al L\u00f3pez regres\u00f3 a su tierra para reinventar el negocio del caf\u00e9"},"content":{"rendered":"\t\t<div data-elementor-type=\"wp-post\" data-elementor-id=\"55545\" class=\"elementor elementor-55545\" data-elementor-post-type=\"post\">\n\t\t\t\t<div data-particle_enable=\"false\" data-particle-mobile-disabled=\"false\" class=\"elementor-element elementor-element-9fb183c e-flex e-con-boxed e-con e-parent\" data-id=\"9fb183c\" data-element_type=\"container\" data-e-type=\"container\">\n\t\t\t\t\t<div class=\"e-con-inner\">\n\t\t\t\t<div class=\"elementor-element elementor-element-1dd4922 elementor-widget elementor-widget-heading\" data-id=\"1dd4922\" data-element_type=\"widget\" data-e-type=\"widget\" data-widget_type=\"heading.default\">\n\t\t\t\t\t<h3 class=\"elementor-heading-title elementor-size-default\">Al L\u00f3pez es un migrante hondure\u00f1o, que estuvo en el Ej\u00e9rcito de Estados Unidos y se gradu\u00f3 de la Universidad de Chicago y despu\u00e9s de la de Vanderbilt: pero decidi\u00f3 regresar a su pa\u00eds para rescatar el negocio del caf\u00e9. <\/h3>\t\t\t\t<\/div>\n\t\t\t\t\t<\/div>\n\t\t\t\t<\/div>\n\t\t<div data-particle_enable=\"false\" data-particle-mobile-disabled=\"false\" class=\"elementor-element elementor-element-de977a7 e-flex e-con-boxed e-con e-parent\" data-id=\"de977a7\" data-element_type=\"container\" data-e-type=\"container\">\n\t\t\t\t\t<div class=\"e-con-inner\">\n\t\t\t\t<div class=\"elementor-element elementor-element-bb78c61 elementor-widget elementor-widget-text-editor\" data-id=\"bb78c61\" data-element_type=\"widget\" data-e-type=\"widget\" data-widget_type=\"text-editor.default\">\n\t\t\t\t\t\t\t\t\t<p>Al L\u00f3pez migr\u00f3 a Estados Unidos siendo ni\u00f1o, en 1977, dejando atr\u00e1s una aldea remota en Honduras con pocas oportunidades. D\u00e9cadas despu\u00e9s, convertido en ex ejecutivo de alto nivel en corporaciones globales y ex CEO de una empresa multimillonaria, tom\u00f3 una decisi\u00f3n poco com\u00fan: regresar a su pa\u00eds de origen para cambiar las reglas de una industria que conoc\u00eda desde su infancia y de un producto centroamericano por excelencia: <a href=\"https:\/\/soymigrante.com\/revista\/cafe-de-guatemala-preguntas-y-respuestas\/\">el caf\u00e9.<\/a><\/p><p>Nacido en una familia de cuarta generaci\u00f3n de caficultores, L\u00f3pez creci\u00f3 en el occidente de <a href=\"https:\/\/es.wikipedia.org\/wiki\/Honduras\" target=\"_blank\" rel=\"noopener\">Honduras<\/a> antes de migrar al sur de <a href=\"https:\/\/es.wikipedia.org\/wiki\/Chicago\" target=\"_blank\" rel=\"noopener\">Chicago<\/a>, en <a href=\"https:\/\/es.wikipedia.org\/wiki\/Estados_Unidos\" target=\"_blank\" rel=\"noopener\">Estados Unidos<\/a>, en donde estaban sus padres. La historia de este <a href=\"https:\/\/soymigrante.com\/revista\/category\/exitos\/honduras\/\">migrante hondure\u00f1o<\/a> que volvi\u00f3 a su tierra combina migraci\u00f3n, disciplina militar, ascenso corporativo y un retorno marcado por prop\u00f3sito.\u00a0<\/p>\t\t\t\t\t\t\t\t<\/div>\n\t\t\t\t\t<\/div>\n\t\t\t\t<\/div>\n\t\t<div data-particle_enable=\"false\" data-particle-mobile-disabled=\"false\" class=\"elementor-element elementor-element-c966828 e-flex e-con-boxed e-con e-parent\" data-id=\"c966828\" data-element_type=\"container\" data-e-type=\"container\">\n\t\t\t\t\t<div class=\"e-con-inner\">\n\t\t\t\t<div class=\"elementor-element elementor-element-2b273ed elementor-widget elementor-widget-image\" data-id=\"2b273ed\" data-element_type=\"widget\" data-e-type=\"widget\" data-widget_type=\"image.default\">\n\t\t\t\t\t\t\t\t\t\t\t\t<figure class=\"wp-caption\">\n\t\t\t\t\t\t\t\t\t\t<img fetchpriority=\"high\" decoding=\"async\" width=\"1024\" height=\"1024\" src=\"https:\/\/soymigrante.com\/revista\/wp-content\/uploads\/2026\/04\/al-lopez-migrante-caficultor-y-graduado-en-Estados-Unidos-originario-de-honduras-centroamericanos-migrantes-3-1024x1024.jpg\" class=\"attachment-large size-large wp-image-55549\" alt=\"Smiling man in a white cowboy shirt and hat standing in a warehouse with industrial equipment in the background.\" srcset=\"https:\/\/soymigrante.com\/revista\/wp-content\/uploads\/2026\/04\/al-lopez-migrante-caficultor-y-graduado-en-Estados-Unidos-originario-de-honduras-centroamericanos-migrantes-3-1024x1024.jpg 1024w, https:\/\/soymigrante.com\/revista\/wp-content\/uploads\/2026\/04\/al-lopez-migrante-caficultor-y-graduado-en-Estados-Unidos-originario-de-honduras-centroamericanos-migrantes-3-300x300.jpg 300w, https:\/\/soymigrante.com\/revista\/wp-content\/uploads\/2026\/04\/al-lopez-migrante-caficultor-y-graduado-en-Estados-Unidos-originario-de-honduras-centroamericanos-migrantes-3-150x150.jpg 150w, https:\/\/soymigrante.com\/revista\/wp-content\/uploads\/2026\/04\/al-lopez-migrante-caficultor-y-graduado-en-Estados-Unidos-originario-de-honduras-centroamericanos-migrantes-3-768x768.jpg 768w, https:\/\/soymigrante.com\/revista\/wp-content\/uploads\/2026\/04\/al-lopez-migrante-caficultor-y-graduado-en-Estados-Unidos-originario-de-honduras-centroamericanos-migrantes-3-75x75.jpg 75w, https:\/\/soymigrante.com\/revista\/wp-content\/uploads\/2026\/04\/al-lopez-migrante-caficultor-y-graduado-en-Estados-Unidos-originario-de-honduras-centroamericanos-migrantes-3-750x750.jpg 750w, https:\/\/soymigrante.com\/revista\/wp-content\/uploads\/2026\/04\/al-lopez-migrante-caficultor-y-graduado-en-Estados-Unidos-originario-de-honduras-centroamericanos-migrantes-3-1140x1140.jpg 1140w, https:\/\/soymigrante.com\/revista\/wp-content\/uploads\/2026\/04\/al-lopez-migrante-caficultor-y-graduado-en-Estados-Unidos-originario-de-honduras-centroamericanos-migrantes-3.jpg 1148w\" sizes=\"(max-width: 1024px) 100vw, 1024px\" \/>\t\t\t\t\t\t\t\t\t\t\t<figcaption class=\"widget-image-caption wp-caption-text\">Al L\u00f3pez dirige actualmente el proyecto de caf\u00e9 Terrerito, con el cual busca sostenibilidad ambiental y econ\u00f3mica, a la vez que un grano de calidad.<\/figcaption>\n\t\t\t\t\t\t\t\t\t\t<\/figure>\n\t\t\t\t\t\t\t\t\t<\/div>\n\t\t\t\t\t<\/div>\n\t\t\t\t<\/div>\n\t\t<div data-particle_enable=\"false\" data-particle-mobile-disabled=\"false\" class=\"elementor-element elementor-element-c58d6e6 e-flex e-con-boxed e-con e-parent\" data-id=\"c58d6e6\" data-element_type=\"container\" data-e-type=\"container\">\n\t\t\t\t\t<div class=\"e-con-inner\">\n\t\t\t\t<div class=\"elementor-element elementor-element-38d4678 elementor-widget elementor-widget-text-editor\" data-id=\"38d4678\" data-element_type=\"widget\" data-e-type=\"widget\" data-widget_type=\"text-editor.default\">\n\t\t\t\t\t\t\t\t\t<p><span style=\"color: #000000; font-family: Mulish, sans-serif; font-size: 29px; font-weight: bold;\">Se enlist\u00f3 en el Ej\u00e9rcito de Estados Unidos<\/span><\/p><p>La adaptaci\u00f3n en Chicago no fue sencilla. L\u00f3pez recuerda una infancia dif\u00edcil: \u201cregularmente me golpeaban\u201d, dice sobre sus primeros a\u00f1os en la escuela. En ese entorno, encontr\u00f3 una salida en el <a href=\"https:\/\/es.wikipedia.org\/wiki\/Ej%C3%A9rcito_de_los_Estados_Unidos\" target=\"_blank\" rel=\"noopener\">Ej\u00e9rcito de los Estados Unidos<\/a>, donde se enlist\u00f3 como paracaidista.<\/p><p>\u201c<a href=\"https:\/\/soymigrante.com\/revista\/guatemalteca-ejercito-estados-unidos-garifuna-prueba\/\">El Ej\u00e9rcito<\/a> simplemente hizo clic conmigo. Me dio prop\u00f3sito, disciplina y sentido de pertenencia\u201d, ha contado. Sin embargo, una lesi\u00f3n durante entrenamiento trunc\u00f3 su carrera militar, oblig\u00e1ndolo a regresar a la vida civil.<\/p><p>De vuelta en Chicago, trabaj\u00f3 en f\u00e1bricas hasta que una advertencia lo hizo replantear su futuro. Su supervisor le mostr\u00f3 a un trabajador que llevaba d\u00e9cadas en el mismo puesto y le pregunt\u00f3: \u201c\u00bfEso es lo que quieres ser cuando tengas su edad?\u201d. Esa pregunta marc\u00f3 un punto de quiebre. Ten\u00eda que transformarse.<\/p>\t\t\t\t\t\t\t\t<\/div>\n\t\t\t\t\t<\/div>\n\t\t\t\t<\/div>\n\t\t<div data-particle_enable=\"false\" data-particle-mobile-disabled=\"false\" class=\"elementor-element elementor-element-548a222 e-flex e-con-boxed e-con e-parent\" data-id=\"548a222\" data-element_type=\"container\" data-e-type=\"container\">\n\t\t\t\t\t<div class=\"e-con-inner\">\n\t\t\t\t<div class=\"elementor-element elementor-element-aeff124 elementor-widget elementor-widget-html\" data-id=\"aeff124\" data-element_type=\"widget\" data-e-type=\"widget\" data-widget_type=\"html.default\">\n\t\t\t\t\t<iframe width=\"560\" height=\"415\" src=\"https:\/\/www.youtube.com\/embed\/Q-VqebynQzU?si=zFAFOkH6RK1WyCUv\" title=\"YouTube video player\" frameborder=\"0\" allow=\"accelerometer; autoplay; clipboard-write; encrypted-media; gyroscope; picture-in-picture; web-share\" referrerpolicy=\"strict-origin-when-cross-origin\" allowfullscreen><\/iframe>\t\t\t\t<\/div>\n\t\t\t\t\t<\/div>\n\t\t\t\t<\/div>\n\t\t<div data-particle_enable=\"false\" data-particle-mobile-disabled=\"false\" class=\"elementor-element elementor-element-31ad17c e-flex e-con-boxed e-con e-parent\" data-id=\"31ad17c\" data-element_type=\"container\" data-e-type=\"container\">\n\t\t\t\t\t<div class=\"e-con-inner\">\n\t\t\t\t<div class=\"elementor-element elementor-element-66ac6d3 elementor-widget elementor-widget-eael-creative-button\" data-id=\"66ac6d3\" data-element_type=\"widget\" data-e-type=\"widget\" data-widget_type=\"eael-creative-button.default\">\n\t\t\t\t\t        <div class=\"eael-creative-button-wrapper\">\n\n            <a class=\"eael-creative-button eael-creative-button--default eael-cb-icon-position-left\" href=\"https:\/\/soymigrante.com\/mercado\/caf-orgnico-y-de-comercio-justo\" data-text=\"CLIC\">\n            \t    \n                <div class=\"creative-button-inner\">\n\n                                            <span class=\"eael-creative-button-icon-left\"><i aria-hidden=\"true\" class=\"fas fa-coffee\"><\/i><\/span>                    \n                    <span class=\"cretive-button-text\">\u00bfCON GANAS DE  BUEN CAF\u00c9? ADQUI\u00c9RELO EN SOYMIGRANTE.COM MERCADO Y APOYA A PRODUCTORES ARTESANALES<\/span>\n\n                                    <\/div>\n\t                        <\/a>\n        <\/div>\n        \t\t\t\t<\/div>\n\t\t\t\t\t<\/div>\n\t\t\t\t<\/div>\n\t\t<div data-particle_enable=\"false\" data-particle-mobile-disabled=\"false\" class=\"elementor-element elementor-element-0f30881 e-flex e-con-boxed e-con e-parent\" data-id=\"0f30881\" data-element_type=\"container\" data-e-type=\"container\">\n\t\t\t\t\t<div class=\"e-con-inner\">\n\t\t\t\t<div class=\"elementor-element elementor-element-4fc49da elementor-widget elementor-widget-text-editor\" data-id=\"4fc49da\" data-element_type=\"widget\" data-e-type=\"widget\" data-widget_type=\"text-editor.default\">\n\t\t\t\t\t\t\t\t\t<p><span style=\"color: #000000; font-family: Mulish, sans-serif; font-size: 29px; font-weight: bold;\">El salto acad\u00e9mico y el ascenso corporativo<\/span><\/p><p>L\u00f3pez decidi\u00f3 ingresar a la universidad, gradu\u00e1ndose con honores en contabilidad en la <a href=\"https:\/\/es.wikipedia.org\/wiki\/Universidad_de_Illinois_en_Chicago\" target=\"_blank\" rel=\"noopener\">Universidad de Illinois en Chicago<\/a> en 1988. A partir de ah\u00ed, construy\u00f3 una carrera ascendente en el mundo empresarial.<\/p><p>Trabaj\u00f3 en firmas como <a href=\"https:\/\/es.wikipedia.org\/wiki\/PricewaterhouseCoopers\" target=\"_blank\" rel=\"noopener\">PricewaterhouseCoopers<\/a> (antes Coopers &amp; Lybrand), y luego en multinacionales como <a href=\"https:\/\/es.wikipedia.org\/wiki\/Sara_Lee_Corporation\" target=\"_blank\" rel=\"noopener\">Sara Lee<\/a>, <a href=\"https:\/\/es.wikipedia.org\/wiki\/Dole_Food_Company\" target=\"_blank\" rel=\"noopener\">Dole Food Company<\/a> y <a href=\"https:\/\/es.wikipedia.org\/wiki\/Frito-Lay\" target=\"_blank\" rel=\"noopener\">Frito-Lay<\/a>. Lleg\u00f3 a ocupar cargos de alta direcci\u00f3n, incluyendo CFO y vicepresidente, hasta convertirse en presidente y CEO de <a href=\"https:\/\/en.wikipedia.org\/wiki\/Blair_Corporation\" target=\"_blank\" rel=\"noopener\">Blair Corporation<\/a>.<\/p><p>En paralelo, fortaleci\u00f3 su formaci\u00f3n con un MBA en la <a href=\"https:\/\/en.wikipedia.org\/wiki\/Vanderbilt_University_Owen_Graduate_School_of_Management\" target=\"_blank\" rel=\"noopener\">Vanderbilt University<\/a>. \u201cPens\u00e9 que me hab\u00eda ganado la loter\u00eda, porque estaba viajando por el mundo comprando empresas\u201d, recuerda sobre esa etapa.<\/p>\t\t\t\t\t\t\t\t<\/div>\n\t\t\t\t\t<\/div>\n\t\t\t\t<\/div>\n\t\t<div data-particle_enable=\"false\" data-particle-mobile-disabled=\"false\" class=\"elementor-element elementor-element-5844dfa e-flex e-con-boxed e-con e-parent\" data-id=\"5844dfa\" data-element_type=\"container\" data-e-type=\"container\">\n\t\t\t\t\t<div class=\"e-con-inner\">\n\t\t\t\t<div class=\"elementor-element elementor-element-519bfc0 elementor-widget elementor-widget-image\" data-id=\"519bfc0\" data-element_type=\"widget\" data-e-type=\"widget\" data-widget_type=\"image.default\">\n\t\t\t\t\t\t\t\t\t\t\t\t<figure class=\"wp-caption\">\n\t\t\t\t\t\t\t\t\t\t<img decoding=\"async\" width=\"1024\" height=\"1024\" src=\"https:\/\/soymigrante.com\/revista\/wp-content\/uploads\/2026\/04\/al-lopez-migrante-caficultor-y-graduado-en-Estados-Unidos-originario-de-honduras-centroamericanos-migrantes-7-1024x1024.jpg\" class=\"attachment-large size-large wp-image-55551\" alt=\"Uno de los objetivos de Al L\u00f3pez es apoyar a las comunidades que trabajan en caficultura. Tiene una visi\u00f3n de servicio social y mejora en el desarrollo humano.\" srcset=\"https:\/\/soymigrante.com\/revista\/wp-content\/uploads\/2026\/04\/al-lopez-migrante-caficultor-y-graduado-en-Estados-Unidos-originario-de-honduras-centroamericanos-migrantes-7-1024x1024.jpg 1024w, https:\/\/soymigrante.com\/revista\/wp-content\/uploads\/2026\/04\/al-lopez-migrante-caficultor-y-graduado-en-Estados-Unidos-originario-de-honduras-centroamericanos-migrantes-7-300x300.jpg 300w, https:\/\/soymigrante.com\/revista\/wp-content\/uploads\/2026\/04\/al-lopez-migrante-caficultor-y-graduado-en-Estados-Unidos-originario-de-honduras-centroamericanos-migrantes-7-150x150.jpg 150w, https:\/\/soymigrante.com\/revista\/wp-content\/uploads\/2026\/04\/al-lopez-migrante-caficultor-y-graduado-en-Estados-Unidos-originario-de-honduras-centroamericanos-migrantes-7-768x768.jpg 768w, https:\/\/soymigrante.com\/revista\/wp-content\/uploads\/2026\/04\/al-lopez-migrante-caficultor-y-graduado-en-Estados-Unidos-originario-de-honduras-centroamericanos-migrantes-7-75x75.jpg 75w, https:\/\/soymigrante.com\/revista\/wp-content\/uploads\/2026\/04\/al-lopez-migrante-caficultor-y-graduado-en-Estados-Unidos-originario-de-honduras-centroamericanos-migrantes-7-750x750.jpg 750w, https:\/\/soymigrante.com\/revista\/wp-content\/uploads\/2026\/04\/al-lopez-migrante-caficultor-y-graduado-en-Estados-Unidos-originario-de-honduras-centroamericanos-migrantes-7.jpg 1080w\" sizes=\"(max-width: 1024px) 100vw, 1024px\" \/>\t\t\t\t\t\t\t\t\t\t\t<figcaption class=\"widget-image-caption wp-caption-text\">Uno de los objetivos de Al L\u00f3pez es apoyar a las comunidades que trabajan en caficultura. Tiene una visi\u00f3n de servicio social y mejora en el desarrollo humano.<\/figcaption>\n\t\t\t\t\t\t\t\t\t\t<\/figure>\n\t\t\t\t\t\t\t\t\t<\/div>\n\t\t\t\t\t<\/div>\n\t\t\t\t<\/div>\n\t\t<div data-particle_enable=\"false\" data-particle-mobile-disabled=\"false\" class=\"elementor-element elementor-element-bd7c533 e-flex e-con-boxed e-con e-parent\" data-id=\"bd7c533\" data-element_type=\"container\" data-e-type=\"container\">\n\t\t\t\t\t<div class=\"e-con-inner\">\n\t\t\t\t<div class=\"elementor-element elementor-element-e869594 elementor-widget elementor-widget-text-editor\" data-id=\"e869594\" data-element_type=\"widget\" data-e-type=\"widget\" data-widget_type=\"text-editor.default\">\n\t\t\t\t\t\t\t\t\t<p><span style=\"color: #000000; font-family: Mulish, sans-serif; font-size: 29px; font-weight: bold;\">El regreso a Honduras y la transformaci\u00f3n del caf\u00e9<\/span><\/p><p>Pese al \u00e9xito, su v\u00ednculo con Honduras se mantuvo. En 2001, ante la posibilidad de que su madre vendiera la tierra familiar en <a href=\"https:\/\/es.wikipedia.org\/wiki\/Cop%C3%A1n\" target=\"_blank\" rel=\"noopener\">Cop\u00e1n<\/a>, decidi\u00f3 comprarla. A\u00f1os despu\u00e9s, en 2008, dej\u00f3 el mundo corporativo para fundar su proyecto cafetalero: Finca Terrerito. \u201c<a href=\"https:\/\/soymigrante.com\/revista\/migrante-regresa-a-guatemala-despues-de-14-anos-saco-adelante-hermanos\/\">Regres\u00e9 <\/a>queriendo generar un impacto positivo. \u00bfQu\u00e9 mejor manera que hacerlo en la industria de la que vive tanta gente en Honduras?\u201d, explica.<\/p><p>Su diagn\u00f3stico era contundente: la cadena del <a href=\"https:\/\/es.wikipedia.org\/wiki\/Caf%C3%A9\" target=\"_blank\" rel=\"noopener\">caf\u00e9<\/a> est\u00e1 marcada por profundas desigualdades. \u201cEn Estados Unidos pagamos m\u00e1s de 4 d\u00f3lares por una taza, y aqu\u00ed los productores reciben 80 centavos por una libra que puede rendir 25 tazas. Sent\u00ed que era una injusticia\u201d.<\/p><p>Para enfrentar ese problema, cre\u00f3 un modelo directo de comercializaci\u00f3n que elimina intermediarios. \u201cEntre el productor y el tostador puede haber hasta nueve manos llev\u00e1ndose margen sin agregar valor\u201d, se\u00f1ala. Su propuesta consiste en producir, procesar y vender directamente a tostadores.<\/p><p>Desde 2016, ese modelo ha permitido mejorar ingresos y condiciones para trabajadores en su finca, donde adem\u00e1s se impulsan iniciativas como vivienda, servicios b\u00e1sicos y proyectos comunitarios.<\/p><p>\u201cCuando ves que muchos ganan lo que nosotros gastamos en un almuerzo, entiendes el impacto que puedes tener\u201d, afirma.<\/p>\t\t\t\t\t\t\t\t<\/div>\n\t\t\t\t\t<\/div>\n\t\t\t\t<\/div>\n\t\t<div data-particle_enable=\"false\" data-particle-mobile-disabled=\"false\" class=\"elementor-element elementor-element-03cd85c e-flex e-con-boxed e-con e-parent\" data-id=\"03cd85c\" data-element_type=\"container\" data-e-type=\"container\">\n\t\t\t\t\t<div class=\"e-con-inner\">\n\t\t\t\t<div class=\"elementor-element elementor-element-3af1c96 elementor-widget elementor-widget-html\" data-id=\"3af1c96\" data-element_type=\"widget\" data-e-type=\"widget\" data-widget_type=\"html.default\">\n\t\t\t\t\t<iframe width=\"560\" height=\"415\" src=\"https:\/\/www.youtube.com\/embed\/gi_A8O8QRqY?si=bopU1V7b2yEOPx7y\" title=\"YouTube video player\" frameborder=\"0\" allow=\"accelerometer; autoplay; clipboard-write; encrypted-media; gyroscope; picture-in-picture; web-share\" referrerpolicy=\"strict-origin-when-cross-origin\" allowfullscreen><\/iframe>\t\t\t\t<\/div>\n\t\t\t\t\t<\/div>\n\t\t\t\t<\/div>\n\t\t<div data-particle_enable=\"false\" data-particle-mobile-disabled=\"false\" class=\"elementor-element elementor-element-020daf1 e-flex e-con-boxed e-con e-parent\" data-id=\"020daf1\" data-element_type=\"container\" data-e-type=\"container\">\n\t\t\t\t\t<div class=\"e-con-inner\">\n\t\t\t\t<div class=\"elementor-element elementor-element-ed7bdf2 elementor-widget elementor-widget-text-editor\" data-id=\"ed7bdf2\" data-element_type=\"widget\" data-e-type=\"widget\" data-widget_type=\"text-editor.default\">\n\t\t\t\t\t\t\t\t\t<p><span style=\"color: #000000; font-family: Mulish, sans-serif; font-size: 29px; font-weight: bold;\">M\u00e1s all\u00e1 del negocio: una visi\u00f3n con impacto<\/span><\/p><p>Hoy, su empresa conecta la producci\u00f3n cafetalera en Honduras con el mercado estadounidense, incluso a trav\u00e9s de emprendimientos familiares. Pero m\u00e1s all\u00e1 del modelo de negocio, L\u00f3pez sostiene una idea central:<\/p><p>\u201c<a href=\"https:\/\/soymigrante.com\/revista\/migrante-retornado-cafe-de-guatemala-campesinos-momostenango\/\">Si puedes mejorar la vida de alguien, \u00bfpor qu\u00e9 no ganar dos centavos menos por una taza de caf\u00e9?<\/a> Para nosotros no es nada, pero para otros lo es todo\u201d.<\/p><p>Su historia resume el recorrido de un migrante que alcanz\u00f3 el \u00e9xito en Estados Unidos y decidi\u00f3 regresar para transformar la realidad de otros desde su pa\u00eds de origen.<\/p>\t\t\t\t\t\t\t\t<\/div>\n\t\t\t\t\t<\/div>\n\t\t\t\t<\/div>\n\t\t<div data-particle_enable=\"false\" data-particle-mobile-disabled=\"false\" class=\"elementor-element elementor-element-e5bfd9b e-flex e-con-boxed e-con e-parent\" data-id=\"e5bfd9b\" data-element_type=\"container\" data-e-type=\"container\">\n\t\t\t\t\t<div class=\"e-con-inner\">\n\t\t\t\t<div class=\"elementor-element elementor-element-a7af979 elementor-widget elementor-widget-image\" data-id=\"a7af979\" data-element_type=\"widget\" data-e-type=\"widget\" data-widget_type=\"image.default\">\n\t\t\t\t\t\t\t\t\t\t\t\t<figure class=\"wp-caption\">\n\t\t\t\t\t\t\t\t\t\t<img decoding=\"async\" width=\"1140\" height=\"856\" src=\"https:\/\/soymigrante.com\/revista\/wp-content\/uploads\/2026\/04\/al-lopez-migrante-caficultor-y-graduado-en-Estados-Unidos-originario-de-honduras-centroamericanos-migrantes-5-1140x856.jpg\" class=\"attachment-large size-large wp-image-55550\" alt=\"El caficultor hondure\u00f1o Al L\u00f3pez, fue migrante, estudiante y empresario en Estados Unidos pero volvi\u00f3 a su tierra para impulsar el negocio del caf\u00e9. Participa en eventos internacionales de caficultura y subastas internacionales de caf\u00e9 de alta gama.\" srcset=\"https:\/\/soymigrante.com\/revista\/wp-content\/uploads\/2026\/04\/al-lopez-migrante-caficultor-y-graduado-en-Estados-Unidos-originario-de-honduras-centroamericanos-migrantes-5-1140x856.jpg 1140w, https:\/\/soymigrante.com\/revista\/wp-content\/uploads\/2026\/04\/al-lopez-migrante-caficultor-y-graduado-en-Estados-Unidos-originario-de-honduras-centroamericanos-migrantes-5-300x225.jpg 300w, https:\/\/soymigrante.com\/revista\/wp-content\/uploads\/2026\/04\/al-lopez-migrante-caficultor-y-graduado-en-Estados-Unidos-originario-de-honduras-centroamericanos-migrantes-5-768x577.jpg 768w, https:\/\/soymigrante.com\/revista\/wp-content\/uploads\/2026\/04\/al-lopez-migrante-caficultor-y-graduado-en-Estados-Unidos-originario-de-honduras-centroamericanos-migrantes-5-750x563.jpg 750w, https:\/\/soymigrante.com\/revista\/wp-content\/uploads\/2026\/04\/al-lopez-migrante-caficultor-y-graduado-en-Estados-Unidos-originario-de-honduras-centroamericanos-migrantes-5.jpg 1197w\" sizes=\"(max-width: 1140px) 100vw, 1140px\" \/>\t\t\t\t\t\t\t\t\t\t\t<figcaption class=\"widget-image-caption wp-caption-text\">El caficultor hondure\u00f1o Al L\u00f3pez, fue migrante, estudiante y empresario en Estados Unidos pero volvi\u00f3 a su tierra para impulsar el negocio del caf\u00e9. Participa en eventos internacionales de caficultura y subastas internacionales de caf\u00e9 de alta gama.<\/figcaption>\n\t\t\t\t\t\t\t\t\t\t<\/figure>\n\t\t\t\t\t\t\t\t\t<\/div>\n\t\t\t\t\t<\/div>\n\t\t\t\t<\/div>\n\t\t<div data-particle_enable=\"false\" data-particle-mobile-disabled=\"false\" class=\"elementor-element elementor-element-a9aa9aa e-flex e-con-boxed e-con e-parent\" data-id=\"a9aa9aa\" data-element_type=\"container\" data-e-type=\"container\">\n\t\t\t\t\t<div class=\"e-con-inner\">\n\t\t\t\t<div class=\"elementor-element elementor-element-db4b833 elementor-widget elementor-widget-global elementor-global-52097 elementor-widget-heading\" data-id=\"db4b833\" data-element_type=\"widget\" data-e-type=\"widget\" data-widget_type=\"heading.default\">\n\t\t\t\t\t<h2 class=\"elementor-heading-title elementor-size-default\">Quiz\u00e1 tambi\u00e9n te podr\u00eda interesar<\/h2>\t\t\t\t<\/div>\n\t\t\t\t\t<\/div>\n\t\t\t\t<\/div>\n\t\t<div data-particle_enable=\"false\" data-particle-mobile-disabled=\"false\" class=\"elementor-element elementor-element-a2c085b e-flex e-con-boxed e-con e-parent\" data-id=\"a2c085b\" data-element_type=\"container\" data-e-type=\"container\">\n\t\t\t\t\t<div class=\"e-con-inner\">\n\t\t\t\t<div class=\"elementor-element elementor-element-f079c77 elementor-grid-eael-col-3 elementor-grid-tablet-eael-col-2 elementor-grid-mobile-eael-col-1 elementor-widget elementor-widget-eael-post-grid\" data-id=\"f079c77\" data-element_type=\"widget\" data-e-type=\"widget\" data-settings=\"{&quot;eael_post_grid_columns&quot;:&quot;eael-col-3&quot;,&quot;eael_post_grid_columns_tablet&quot;:&quot;eael-col-2&quot;,&quot;eael_post_grid_columns_mobile&quot;:&quot;eael-col-1&quot;}\" data-widget_type=\"eael-post-grid.default\">\n\t\t\t\t\t<div id=\"eael-post-grid-f079c77\" class=\"eael-post-grid-container\">\n            <div class=\"eael-post-grid eael-post-appender eael-post-appender-f079c77 eael-post-grid-style-one\" data-layout-mode=\"masonry\"><article class=\"eael-grid-post  eael-post-grid-column eael-pg-post-42412 category-guate-nuestra tags-mercado-emprendedores\" data-id=\"42412\">\n        <div class=\"eael-grid-post-holder\">\n            <div class=\"eael-grid-post-holder-inner\"><div class=\"eael-entry-media\"><div class=\"eael-entry-overlay fade-in\"><i class=\"far fa-hand-pointer\" aria-hidden=\"true\"><\/i><a href=\"https:\/\/soymigrante.com\/revista\/cafe-pineda-cultivado-en-las-montanas-de-santa-rosa-por-4-generaciones\/\"><\/a><\/div><div class=\"eael-entry-thumbnail eael-image-ratio\">\n                <img loading=\"lazy\" decoding=\"async\" width=\"1024\" height=\"1024\" src=\"https:\/\/soymigrante.com\/revista\/wp-content\/uploads\/2025\/08\/cafe-pineda-1024x1024.png\" class=\"attachment-large size-large wp-image-42413\" alt=\"Artesanos con productos de caf\u00e9 en una feria, promoviendo la cultura migrante y el comercio justo en la revista SoyMigrante.com REVISTA.\" srcset=\"https:\/\/soymigrante.com\/revista\/wp-content\/uploads\/2025\/08\/cafe-pineda-1024x1024.png 1024w, https:\/\/soymigrante.com\/revista\/wp-content\/uploads\/2025\/08\/cafe-pineda-300x300.png 300w, https:\/\/soymigrante.com\/revista\/wp-content\/uploads\/2025\/08\/cafe-pineda-150x150.png 150w, https:\/\/soymigrante.com\/revista\/wp-content\/uploads\/2025\/08\/cafe-pineda-768x768.png 768w, https:\/\/soymigrante.com\/revista\/wp-content\/uploads\/2025\/08\/cafe-pineda-75x75.webp 75w, https:\/\/soymigrante.com\/revista\/wp-content\/uploads\/2025\/08\/cafe-pineda-750x750.webp 750w, https:\/\/soymigrante.com\/revista\/wp-content\/uploads\/2025\/08\/cafe-pineda.webp 1075w\" sizes=\"(max-width: 1024px) 100vw, 1024px\" \/>\n            <\/div>\n        <\/div><div class=\"eael-entry-wrapper\"><header class=\"eael-entry-header\"><h2 class=\"eael-entry-title\"><a class=\"eael-grid-post-link\" href=\"https:\/\/soymigrante.com\/revista\/cafe-pineda-cultivado-en-las-montanas-de-santa-rosa-por-4-generaciones\/\" title=\"Caf\u00e9 Pineda, cultivado en las monta\u00f1as de Santa Rosa por 4 generaciones, est\u00e1 en MERCADO\">Caf\u00e9 Pineda, cultivado en las monta\u00f1as de Santa Rosa por 4 generaciones, est\u00e1 en MERCADO<\/a><\/h2><\/header><div class=\"eael-entry-content\">\n                        <div class=\"eael-grid-post-excerpt\"><a href=\"https:\/\/soymigrante.com\/revista\/cafe-pineda-cultivado-en-las-montanas-de-santa-rosa-por-4-generaciones\/\" class=\"eael-post-elements-readmore-btn\">CONOCE SU HISTORIA <\/a><\/div>\n                    <\/div><\/div><\/div>\n        <\/div>\n    <\/article><article class=\"eael-grid-post  eael-post-grid-column eael-pg-post-5499 category-estamos-unidos\" data-id=\"5499\">\n        <div class=\"eael-grid-post-holder\">\n            <div class=\"eael-grid-post-holder-inner\"><div class=\"eael-entry-media\"><div class=\"eael-entry-overlay fade-in\"><i class=\"far fa-hand-pointer\" aria-hidden=\"true\"><\/i><a href=\"https:\/\/soymigrante.com\/revista\/migrante-retornado-cafe-de-guatemala-campesinos-momostenango\/\"><\/a><\/div><div class=\"eael-entry-thumbnail eael-image-ratio\">\n                <img loading=\"lazy\" decoding=\"async\" width=\"1024\" height=\"668\" src=\"https:\/\/soymigrante.com\/revista\/wp-content\/uploads\/2024\/03\/Captura-de-pantalla-2024-03-19-093618-1024x668.webp\" class=\"attachment-large size-large wp-image-5500\" alt=\"Campesinos de Momostenango, Totonicap\u00e1n cultivan y cosechan el grano que llega a convertirse en la marca El alma del caf\u00e9 de Momostenango, distribuida por Momostipan, proyecto del migrante retornado Angel Ambrocio.\" srcset=\"https:\/\/soymigrante.com\/revista\/wp-content\/uploads\/2024\/03\/Captura-de-pantalla-2024-03-19-093618-1024x668.webp 1024w, https:\/\/soymigrante.com\/revista\/wp-content\/uploads\/2024\/03\/Captura-de-pantalla-2024-03-19-093618-300x196.webp 300w, https:\/\/soymigrante.com\/revista\/wp-content\/uploads\/2024\/03\/Captura-de-pantalla-2024-03-19-093618-768x501.webp 768w, https:\/\/soymigrante.com\/revista\/wp-content\/uploads\/2024\/03\/Captura-de-pantalla-2024-03-19-093618-750x489.webp 750w, https:\/\/soymigrante.com\/revista\/wp-content\/uploads\/2024\/03\/Captura-de-pantalla-2024-03-19-093618-1140x743.webp 1140w, https:\/\/soymigrante.com\/revista\/wp-content\/uploads\/2024\/03\/Captura-de-pantalla-2024-03-19-093618.webp 1353w\" sizes=\"(max-width: 1024px) 100vw, 1024px\" \/>\n            <\/div>\n        <\/div><div class=\"eael-entry-wrapper\"><header class=\"eael-entry-header\"><h2 class=\"eael-entry-title\"><a class=\"eael-grid-post-link\" href=\"https:\/\/soymigrante.com\/revista\/migrante-retornado-cafe-de-guatemala-campesinos-momostenango\/\" title=\"Caf\u00e9 de Guatemala: Migrante retornado impulsa a caficultores de Momostenango\">Caf\u00e9 de Guatemala: Migrante retornado impulsa a caficultores de Momostenango<\/a><\/h2><\/header><div class=\"eael-entry-content\">\n                        <div class=\"eael-grid-post-excerpt\"><a href=\"https:\/\/soymigrante.com\/revista\/migrante-retornado-cafe-de-guatemala-campesinos-momostenango\/\" class=\"eael-post-elements-readmore-btn\">CONOCE SU HISTORIA <\/a><\/div>\n                    <\/div><\/div><\/div>\n        <\/div>\n    <\/article><article class=\"eael-grid-post  eael-post-grid-column eael-pg-post-6083 category-exitos\" data-id=\"6083\">\n        <div class=\"eael-grid-post-holder\">\n            <div class=\"eael-grid-post-holder-inner\"><div class=\"eael-entry-media\"><div class=\"eael-entry-overlay fade-in\"><i class=\"far fa-hand-pointer\" aria-hidden=\"true\"><\/i><a href=\"https:\/\/soymigrante.com\/revista\/cafe-zamora-florece-en-oregon-con-grano-migrante-de-santa-rosa-guatemala\/\"><\/a><\/div><div class=\"eael-entry-thumbnail eael-image-ratio\">\n                <img loading=\"lazy\" decoding=\"async\" width=\"748\" height=\"736\" src=\"https:\/\/soymigrante.com\/revista\/wp-content\/uploads\/2024\/04\/hector-zamora.webp\" class=\"attachment-large size-large wp-image-6114\" alt=\"Retrato de un joven y una mujer en un parque con \u00e1rboles en flor, celebrando la cultura y comunidad migrante en una sensaci\u00f3n de uni\u00f3n y alegr\u00eda.\" srcset=\"https:\/\/soymigrante.com\/revista\/wp-content\/uploads\/2024\/04\/hector-zamora.webp 748w, https:\/\/soymigrante.com\/revista\/wp-content\/uploads\/2024\/04\/hector-zamora-300x295.webp 300w, https:\/\/soymigrante.com\/revista\/wp-content\/uploads\/2024\/04\/hector-zamora-75x75.webp 75w\" sizes=\"(max-width: 748px) 100vw, 748px\" \/>\n            <\/div>\n        <\/div><div class=\"eael-entry-wrapper\"><header class=\"eael-entry-header\"><h2 class=\"eael-entry-title\"><a class=\"eael-grid-post-link\" href=\"https:\/\/soymigrante.com\/revista\/cafe-zamora-florece-en-oregon-con-grano-migrante-de-santa-rosa-guatemala\/\" title=\"Hector Mej\u00eda y caf\u00e9 Zamora llevan el sabor de Santa Rosa a \u00d3regon y m\u00e1s all\u00e1\">Hector Mej\u00eda y caf\u00e9 Zamora llevan el sabor de Santa Rosa a \u00d3regon y m\u00e1s all\u00e1<\/a><\/h2><\/header><div class=\"eael-entry-content\">\n                        <div class=\"eael-grid-post-excerpt\"><a href=\"https:\/\/soymigrante.com\/revista\/cafe-zamora-florece-en-oregon-con-grano-migrante-de-santa-rosa-guatemala\/\" class=\"eael-post-elements-readmore-btn\">CONOCE SU HISTORIA <\/a><\/div>\n                    <\/div><\/div><\/div>\n        <\/div>\n    <\/article><\/div>\n            <div class=\"clearfix\"><\/div>\n        <\/div>\t\t\t\t<\/div>\n\t\t\t\t\t<\/div>\n\t\t\t\t<\/div>\n\t\t\t\t<\/div>\n\t\t","protected":false},"excerpt":{"rendered":"<p>Al L\u00f3pez es un migrante hondure\u00f1o, que estuvo en el Ej\u00e9rcito de Estados Unidos y se gradu\u00f3 de la Universidad de Chicago y despu\u00e9s de la de Vanderbilt: pero decidi\u00f3 regresar a su pa\u00eds para rescatar el negocio del caf\u00e9. Al L\u00f3pez migr\u00f3 a Estados Unidos siendo ni\u00f1o, en 1977, dejando atr\u00e1s una aldea remota [&hellip;]<\/p>\n","protected":false},"author":1,"featured_media":55546,"comment_status":"open","ping_status":"open","sticky":false,"template":"","format":"standard","meta":{"_acf_changed":false,"_eb_attr":"","footnotes":""},"categories":[276],"tags":[],"class_list":["post-55545","post","type-post","status-publish","format-standard","has-post-thumbnail","hentry","category-honduras"],"acf":[],"aioseo_notices":[],"aioseo_head":"\n\t\t<!-- All in One SEO Pro 4.9.6.2 - aioseo.com -->\n\t<meta name=\"description\" content=\"A H\u00e9ctor Mej\u00eda Zamora le iba bien en su negocio cuando migr\u00f3 a Estados Unidos. Tard\u00f3 varios a\u00f1os en emprender su actual proyecto: un coffee shop en Portland, Oregon. Dificultades, sue\u00f1os y avances se mezclan en su historia de \u00e9xito. El emprendedor santarrose\u00f1o H\u00e9ctor Mej\u00eda Zamora fund\u00f3 Zamora coffee shop en Portland, Oreg\u00f3n en 2019.\" \/>\n\t<meta name=\"robots\" content=\"max-snippet:-1, max-image-preview:large, max-video-preview:-1\" \/>\n\t<meta name=\"author\" content=\"SoyMigrante.com REVISTA\"\/>\n\t<link rel=\"canonical\" href=\"https:\/\/soymigrante.com\/revista\/migrante-hondureno-al-lopez-regreso-a-su-tierra-para-reinventar-el-negocio-del-cafe\/\" \/>\n\t<meta name=\"generator\" content=\"All in One SEO Pro (AIOSEO) 4.9.6.2\" \/>\n\n\t\t<link rel=\"preconnect\" href=\"https:\/\/fonts.googleapis.com\" crossorigin>\n<link rel=\"preconnect\" href=\"https:\/\/fonts.gstatic.com\" crossorigin>\n\t\t<meta property=\"og:locale\" content=\"es_ES\" \/>\n\t\t<meta property=\"og:site_name\" content=\"SoyMigrante.com REVISTA \u2013 Nuestra misi\u00f3n es reconocer y dignificar al migrante.\" \/>\n\t\t<meta property=\"og:type\" content=\"article\" \/>\n\t\t<meta property=\"og:title\" content=\"Migrante hondure\u00f1o Al L\u00f3pez transforma caficultura en su pais\" \/>\n\t\t<meta property=\"og:description\" content=\"Sus padres migraron y \u00e9l con ellos. Pudo estudiar y graduarse en Estados Unidos. Pero decidi\u00f3 volver a Honduras para encargarse de la finca familiar de caf\u00e9.\" \/>\n\t\t<meta property=\"og:url\" content=\"https:\/\/soymigrante.com\/revista\/migrante-hondureno-al-lopez-regreso-a-su-tierra-para-reinventar-el-negocio-del-cafe\/\" \/>\n\t\t<meta property=\"og:image\" content=\"https:\/\/soymigrante.com\/revista\/wp-content\/uploads\/2026\/04\/al-lopez-migrante-caficultor-y-graduado-en-Estados-Unidos-originario-de-honduras-centroamericanos-migrantes-1d.jpg\" \/>\n\t\t<meta property=\"og:image:secure_url\" content=\"https:\/\/soymigrante.com\/revista\/wp-content\/uploads\/2026\/04\/al-lopez-migrante-caficultor-y-graduado-en-Estados-Unidos-originario-de-honduras-centroamericanos-migrantes-1d.jpg\" \/>\n\t\t<meta property=\"og:image:width\" content=\"1153\" \/>\n\t\t<meta property=\"og:image:height\" content=\"1153\" \/>\n\t\t<meta property=\"article:published_time\" content=\"2026-04-28T15:30:49+00:00\" \/>\n\t\t<meta property=\"article:modified_time\" content=\"2026-04-28T15:58:39+00:00\" \/>\n\t\t<meta property=\"article:publisher\" content=\"https:\/\/www.facebook.com\/soymigrantecom\" \/>\n\t\t<meta name=\"twitter:card\" content=\"summary_large_image\" \/>\n\t\t<meta name=\"twitter:site\" content=\"@SoyMigrante_com\" \/>\n\t\t<meta name=\"twitter:title\" content=\"Migrante hondure\u00f1o Al L\u00f3pez transforma caficultura en su pais\" \/>\n\t\t<meta name=\"twitter:description\" content=\"Sus padres migraron y \u00e9l con ellos. Pudo estudiar y graduarse en Estados Unidos. Pero decidi\u00f3 volver a Honduras para encargarse de la finca familiar de caf\u00e9.\" \/>\n\t\t<meta name=\"twitter:creator\" content=\"@SoyMigrante_com\" \/>\n\t\t<meta name=\"twitter:image\" content=\"https:\/\/soymigrante.com\/revista\/wp-content\/uploads\/2026\/04\/al-lopez-migrante-caficultor-y-graduado-en-Estados-Unidos-originario-de-honduras-centroamericanos-migrantes-1d.jpg\" \/>\n\t\t<!-- All in One SEO Pro -->\r\n\t\t<title>Migrante hondure\u00f1o Al L\u00f3pez transforma caficultura en su pais<\/title>\n\n","aioseo_head_json":{"title":"Migrante hondure\u00f1o Al L\u00f3pez transforma caficultura en su pais","description":"Sus padres migraron y \u00e9l con ellos. Pudo estudiar y graduarse en Estados Unidos. Pero decidi\u00f3 volver a Honduras para encargarse de la finca familiar de caf\u00e9.","canonical_url":"https:\/\/soymigrante.com\/revista\/migrante-hondureno-al-lopez-regreso-a-su-tierra-para-reinventar-el-negocio-del-cafe\/","robots":"max-snippet:-1, max-image-preview:large, max-video-preview:-1","keywords":"","webmasterTools":{"miscellaneous":"&lt;link rel=\"preconnect\" href=\"https:\/\/fonts.googleapis.com\" crossorigin&gt;\n&lt;link rel=\"preconnect\" href=\"https:\/\/fonts.gstatic.com\" crossorigin&gt;"},"schema":null,"og:locale":"es_ES","og:site_name":"SoyMigrante.com REVISTA \u2013 Nuestra misi\u00f3n es reconocer y dignificar al migrante.","og:type":"article","og:title":"Migrante hondure\u00f1o Al L\u00f3pez transforma caficultura en su pais","og:description":"Sus padres migraron y \u00e9l con ellos. Pudo estudiar y graduarse en Estados Unidos. Pero decidi\u00f3 volver a Honduras para encargarse de la finca familiar de caf\u00e9.","og:url":"https:\/\/soymigrante.com\/revista\/migrante-hondureno-al-lopez-regreso-a-su-tierra-para-reinventar-el-negocio-del-cafe\/","og:image":"https:\/\/soymigrante.com\/revista\/wp-content\/uploads\/2026\/04\/al-lopez-migrante-caficultor-y-graduado-en-Estados-Unidos-originario-de-honduras-centroamericanos-migrantes-1d.jpg","og:image:secure_url":"https:\/\/soymigrante.com\/revista\/wp-content\/uploads\/2026\/04\/al-lopez-migrante-caficultor-y-graduado-en-Estados-Unidos-originario-de-honduras-centroamericanos-migrantes-1d.jpg","og:image:width":1153,"og:image:height":1153,"article:published_time":"2026-04-28T15:30:49+00:00","article:modified_time":"2026-04-28T15:58:39+00:00","article:publisher":"https:\/\/www.facebook.com\/soymigrantecom","twitter:card":"summary_large_image","twitter:site":"@SoyMigrante_com","twitter:title":"Migrante hondure\u00f1o Al L\u00f3pez transforma caficultura en su pais","twitter:description":"Sus padres migraron y \u00e9l con ellos. Pudo estudiar y graduarse en Estados Unidos. Pero decidi\u00f3 volver a Honduras para encargarse de la finca familiar de caf\u00e9.","twitter:creator":"@SoyMigrante_com","twitter:image":"https:\/\/soymigrante.com\/revista\/wp-content\/uploads\/2026\/04\/al-lopez-migrante-caficultor-y-graduado-en-Estados-Unidos-originario-de-honduras-centroamericanos-migrantes-1d.jpg"},"aioseo_meta_data":{"post_id":"55545","title":"Migrante hondure\u00f1o Al L\u00f3pez transforma caficultura en su pais","description":"Sus padres migraron y \u00e9l con ellos. Pudo estudiar y graduarse en Estados Unidos. Pero decidi\u00f3 volver a Honduras para encargarse de la finca familiar de caf\u00e9.","keywords":null,"keyphrases":{"focus":{"keyphrase":"Migrante","score":82,"analysis":{"keyphraseInTitle":{"score":9,"maxScore":9,"error":0},"keyphraseInDescription":{"score":3,"maxScore":9,"error":1},"keyphraseLength":{"score":9,"maxScore":9,"error":0,"length":1},"keyphraseInURL":{"score":5,"maxScore":5,"error":0},"keyphraseInIntroduction":{"score":3,"maxScore":9,"error":1},"keyphraseInSubHeadings":{"score":9,"maxScore":9,"error":0},"keyphraseInImageAlt":{"score":9,"maxScore":9,"error":0},"keywordDensity":{"type":"best","score":9,"maxScore":9,"error":0}}},"additional":[{"keyphrase":"Hondure\u00f1o","score":53,"analysis":{"keyphraseInDescription":{"score":3,"maxScore":9,"error":1},"keyphraseLength":{"score":9,"maxScore":9,"error":0,"length":2},"keyphraseInIntroduction":{"score":3,"maxScore":9,"error":1},"keyphraseInImageAlt":{"score":9,"maxScore":9,"error":0},"keywordDensity":{"score":0,"type":"low","maxScore":9,"error":1}}},{"keyphrase":"caf\u00e9","score":100,"analysis":{"keyphraseInDescription":{"score":9,"maxScore":9,"error":0},"keyphraseLength":{"score":9,"maxScore":9,"error":0,"length":1},"keyphraseInIntroduction":{"score":9,"maxScore":9,"error":0},"keyphraseInImageAlt":{"score":9,"maxScore":9,"error":0},"keywordDensity":{"type":"best","score":9,"maxScore":9,"error":0}}}]},"primary_term":null,"canonical_url":null,"og_title":null,"og_description":null,"og_object_type":"default","og_image_type":"default","og_image_url":null,"og_image_width":null,"og_image_height":null,"og_image_custom_url":null,"og_image_custom_fields":null,"og_video":"","og_custom_url":null,"og_article_section":null,"og_article_tags":null,"twitter_use_og":false,"twitter_card":"default","twitter_image_type":"default","twitter_image_url":null,"twitter_image_custom_url":null,"twitter_image_custom_fields":null,"twitter_title":null,"twitter_description":null,"schema":{"blockGraphs":[],"customGraphs":[],"default":{"data":{"Article":[],"Course":[],"Dataset":[],"FAQPage":[],"Movie":[],"Person":[],"Product":[],"ProductReview":[],"Car":[],"Recipe":[],"Service":[],"SoftwareApplication":[],"WebPage":[]},"graphName":"NewsArticle","isEnabled":true},"graphs":[]},"schema_type":"default","schema_type_options":null,"pillar_content":false,"robots_default":true,"robots_noindex":false,"robots_noarchive":false,"robots_nosnippet":false,"robots_nofollow":false,"robots_noimageindex":false,"robots_noodp":false,"robots_notranslate":false,"robots_max_snippet":"-1","robots_max_videopreview":"-1","robots_max_imagepreview":"large","priority":null,"frequency":"default","local_seo":null,"seo_analyzer_scan_date":null,"breadcrumb_settings":null,"limit_modified_date":false,"reviewed_by":"0","open_ai":null,"ai":{"faqs":[],"keyPoints":[],"schemas":[],"titles":[],"descriptions":[],"socialPosts":{"email":[],"linkedin":[],"twitter":[],"facebook":[],"instagram":[]}},"created":"2026-04-28 14:39:10","updated":"2026-04-28 16:24:43"},"aioseo_breadcrumb":"<div class=\"aioseo-breadcrumbs\"><span class=\"aioseo-breadcrumb\">\n\t<a href=\"https:\/\/soymigrante.com\/revista\" title=\"Home\">Home<\/a>\n<\/span><span class=\"aioseo-breadcrumb-separator\">\u00bb<\/span><span class=\"aioseo-breadcrumb\">\n\t<a href=\"https:\/\/soymigrante.com\/revista\/category\/exitos\/\" title=\"\u00c9xitos\">\u00c9xitos<\/a>\n<\/span><span class=\"aioseo-breadcrumb-separator\">\u00bb<\/span><span class=\"aioseo-breadcrumb\">\n\t<a href=\"https:\/\/soymigrante.com\/revista\/category\/exitos\/honduras\/\" title=\"Honduras\">Honduras<\/a>\n<\/span><span class=\"aioseo-breadcrumb-separator\">\u00bb<\/span><span class=\"aioseo-breadcrumb\">\n\tMigrante hondure\u00f1o Al L\u00f3pez regres\u00f3 a su tierra para reinventar el negocio del caf\u00e9\n<\/span><\/div>","aioseo_breadcrumb_json":[{"label":"Home","link":"https:\/\/soymigrante.com\/revista"},{"label":"\u00c9xitos","link":"https:\/\/soymigrante.com\/revista\/category\/exitos\/"},{"label":"Honduras","link":"https:\/\/soymigrante.com\/revista\/category\/exitos\/honduras\/"},{"label":"Migrante hondure\u00f1o Al L\u00f3pez regres\u00f3 a su tierra para reinventar el negocio del caf\u00e9","link":"https:\/\/soymigrante.com\/revista\/migrante-hondureno-al-lopez-regreso-a-su-tierra-para-reinventar-el-negocio-del-cafe\/"}],"_links":{"self":[{"href":"https:\/\/soymigrante.com\/revista\/wp-json\/wp\/v2\/posts\/55545","targetHints":{"allow":["GET"]}}],"collection":[{"href":"https:\/\/soymigrante.com\/revista\/wp-json\/wp\/v2\/posts"}],"about":[{"href":"https:\/\/soymigrante.com\/revista\/wp-json\/wp\/v2\/types\/post"}],"author":[{"embeddable":true,"href":"https:\/\/soymigrante.com\/revista\/wp-json\/wp\/v2\/users\/1"}],"replies":[{"embeddable":true,"href":"https:\/\/soymigrante.com\/revista\/wp-json\/wp\/v2\/comments?post=55545"}],"version-history":[{"count":12,"href":"https:\/\/soymigrante.com\/revista\/wp-json\/wp\/v2\/posts\/55545\/revisions"}],"predecessor-version":[{"id":55565,"href":"https:\/\/soymigrante.com\/revista\/wp-json\/wp\/v2\/posts\/55545\/revisions\/55565"}],"wp:featuredmedia":[{"embeddable":true,"href":"https:\/\/soymigrante.com\/revista\/wp-json\/wp\/v2\/media\/55546"}],"wp:attachment":[{"href":"https:\/\/soymigrante.com\/revista\/wp-json\/wp\/v2\/media?parent=55545"}],"wp:term":[{"taxonomy":"category","embeddable":true,"href":"https:\/\/soymigrante.com\/revista\/wp-json\/wp\/v2\/categories?post=55545"},{"taxonomy":"post_tag","embeddable":true,"href":"https:\/\/soymigrante.com\/revista\/wp-json\/wp\/v2\/tags?post=55545"}],"curies":[{"name":"wp","href":"https:\/\/api.w.org\/{rel}","templated":true}]}}