{"id":55528,"date":"2026-04-27T14:19:28","date_gmt":"2026-04-27T20:19:28","guid":{"rendered":"https:\/\/soymigrante.com\/revista\/?p=55528"},"modified":"2026-04-27T14:19:37","modified_gmt":"2026-04-27T20:19:37","slug":"corte-reactiva-ley-antimigrante-sb4-de-texas-policia-estatal-podria-capturar-a-indocumentados","status":"publish","type":"post","link":"https:\/\/soymigrante.com\/revista\/corte-reactiva-ley-antimigrante-sb4-de-texas-policia-estatal-podria-capturar-a-indocumentados\/","title":{"rendered":"Corte reactiva ley antimigrante SB4 de Texas: polic\u00eda estatal podr\u00eda capturar a indocumentados"},"content":{"rendered":"\t\t<div data-elementor-type=\"wp-post\" data-elementor-id=\"55528\" class=\"elementor elementor-55528\" data-elementor-post-type=\"post\">\n\t\t\t\t<div data-particle_enable=\"false\" data-particle-mobile-disabled=\"false\" class=\"elementor-element elementor-element-cc5cf87 e-flex e-con-boxed e-con e-parent\" data-id=\"cc5cf87\" data-element_type=\"container\" data-e-type=\"container\">\n\t\t\t\t\t<div class=\"e-con-inner\">\n\t\t\t\t<div class=\"elementor-element elementor-element-54c0850 elementor-widget elementor-widget-heading\" data-id=\"54c0850\" data-element_type=\"widget\" data-e-type=\"widget\" data-widget_type=\"heading.default\">\n\t\t\t\t\t<h3 class=\"elementor-heading-title elementor-size-default\">Ley estatal antimigrante SB4 hab\u00eda estado en suspenso pero corte federal decidi\u00f3 excluir a querellantes con lo cual de alguna manera reactiva la normativa y con ello la posibilidad de detenci\u00f3n de migrantes por parte de polic\u00edas del Estado de Texas.<\/h3>\t\t\t\t<\/div>\n\t\t\t\t\t<\/div>\n\t\t\t\t<\/div>\n\t\t<div data-particle_enable=\"false\" data-particle-mobile-disabled=\"false\" class=\"elementor-element elementor-element-e343bb1 e-flex e-con-boxed e-con e-parent\" data-id=\"e343bb1\" data-element_type=\"container\" data-e-type=\"container\">\n\t\t\t\t\t<div class=\"e-con-inner\">\n\t\t\t\t<div class=\"elementor-element elementor-element-eaaf1f5 elementor-widget elementor-widget-text-editor\" data-id=\"eaaf1f5\" data-element_type=\"widget\" data-e-type=\"widget\" data-widget_type=\"text-editor.default\">\n\t\t\t\t\t\t\t\t\t<p>Un fallo reciente de la justicia federal en Estados Unidos ha reactivado una de <a href=\"https:\/\/soymigrante.com\/revista\/operativos-antimaras-en-usa-se-utilizan-para-detener-migrantes-sin-antecedentes-cuestiona-insight-crime\/\">las leyes migratorias <\/a>m\u00e1s pol\u00e9micas de <a href=\"https:\/\/es.wikipedia.org\/wiki\/Texas\" target=\"_blank\" rel=\"noopener\">Texas<\/a>, al permitir que autoridades estatales participen directamente en la detenci\u00f3n de personas sospechosas de haber ingresado ilegalmente al pa\u00eds.<\/p>\n<p>La decisi\u00f3n fue emitida por la <a href=\"https:\/\/es.wikipedia.org\/wiki\/Tribunales_de_apelaciones_de_los_Estados_Unidos\" target=\"_blank\" rel=\"noopener\">Corte de Apelaciones del Quinto Circuito de Estados Unidos<\/a>, que el viernes levant\u00f3 una orden judicial previa que hab\u00eda bloqueado durante a\u00f1os la aplicaci\u00f3n de <a href=\"https:\/\/capitol.texas.gov\/tlodocs\/884\/billtext\/pdf\/SB00004F.pdf\">la ley conocida como <strong>Senate Bill 4 (SB 4)<\/strong>, aprobada en 2023<\/a> y que autoriza a polic\u00edas estatales y locales a arrestar a personas bajo sospecha de cruce ilegal de la frontera.<\/p>\n<h3>Qu\u00e9 cambia con la ley<\/h3>\n<p>De entrar plenamente en vigor, la SB 4 convertir\u00eda el cruce irregular hacia <a href=\"https:\/\/soymigrante.com\/revista\/dia-juana-son-houston-reconocimiento\/\">Texas <\/a>en un delito estatal. Adem\u00e1s, permitir\u00eda que jueces ordenen, en ciertos casos, el retorno de las personas detenidas a M\u00e9xico, ya sea en lugar de enfrentar un proceso penal o tras una condena.<\/p>\n<p>Este enfoque representa un desaf\u00edo directo a la pr\u00e1ctica hist\u00f3rica en Estados Unidos, donde la aplicaci\u00f3n de las leyes migratorias ha sido responsabilidad exclusiva del gobierno federal. Sin embargo, desde 2025 se han endurecido <a href=\"https:\/\/soymigrante.com\/revista\/primer-ano-segundo-periodo-trump-agresivo-giro-politicas-antimigrantes-migration-policy-institute-analisis-2025\/\">las pol\u00edticas para detener y deportar.<\/a><\/p>\t\t\t\t\t\t\t\t<\/div>\n\t\t\t\t\t<\/div>\n\t\t\t\t<\/div>\n\t\t<div data-particle_enable=\"false\" data-particle-mobile-disabled=\"false\" class=\"elementor-element elementor-element-a993588 e-flex e-con-boxed e-con e-parent\" data-id=\"a993588\" data-element_type=\"container\" data-e-type=\"container\">\n\t\t\t\t\t<div class=\"e-con-inner\">\n\t\t\t\t<div class=\"elementor-element elementor-element-d8b44ff elementor-grid-eael-col-1 elementor-grid-tablet-eael-col-2 elementor-grid-mobile-eael-col-1 elementor-widget elementor-widget-eael-post-grid\" data-id=\"d8b44ff\" data-element_type=\"widget\" data-e-type=\"widget\" data-settings=\"{&quot;eael_post_grid_columns&quot;:&quot;eael-col-1&quot;,&quot;eael_post_grid_columns_tablet&quot;:&quot;eael-col-2&quot;,&quot;eael_post_grid_columns_mobile&quot;:&quot;eael-col-1&quot;}\" data-widget_type=\"eael-post-grid.default\">\n\t\t\t\t\t<div id=\"eael-post-grid-d8b44ff\" class=\"eael-post-grid-container\">\n            <div class=\"eael-post-grid eael-post-appender eael-post-appender-d8b44ff eael-post-grid-style-one\" data-layout-mode=\"masonry\"><article class=\"eael-grid-post  eael-post-grid-column eael-pg-post-6611 category-estamos-unidos\" data-id=\"6611\">\n        <div class=\"eael-grid-post-holder\">\n            <div class=\"eael-grid-post-holder-inner\"><div class=\"eael-entry-media\"><div class=\"eael-entry-overlay fade-in\"><i class=\"far fa-hand-pointer\" aria-hidden=\"true\"><\/i><a href=\"https:\/\/soymigrante.com\/revista\/al-menos-en-9-estados-de-ee-uu-hay-alguna-ley-contra-migrantes\/\"><\/a><\/div><div class=\"eael-entry-thumbnail eael-image-ratio\">\n                <img fetchpriority=\"high\" decoding=\"async\" width=\"500\" height=\"492\" src=\"https:\/\/soymigrante.com\/revista\/wp-content\/uploads\/2024\/05\/Captura-de-pantalla-2024-05-23-220449.webp\" class=\"attachment-large size-large wp-image-6612\" alt=\"Inmigrantes con cartel &quot;Immigrants make America great&quot;, protestando en una marcha en EE.UU. manifestando apoyo a la inmigraci\u00f3n y el impacto positivo de los migrantes en Am\u00e9rica.\" srcset=\"https:\/\/soymigrante.com\/revista\/wp-content\/uploads\/2024\/05\/Captura-de-pantalla-2024-05-23-220449.webp 500w, https:\/\/soymigrante.com\/revista\/wp-content\/uploads\/2024\/05\/Captura-de-pantalla-2024-05-23-220449-300x295.webp 300w, https:\/\/soymigrante.com\/revista\/wp-content\/uploads\/2024\/05\/Captura-de-pantalla-2024-05-23-220449-75x75.webp 75w\" sizes=\"(max-width: 500px) 100vw, 500px\" \/>\n            <\/div>\n        <\/div><div class=\"eael-entry-wrapper\"><header class=\"eael-entry-header\"><h2 class=\"eael-entry-title\"><a class=\"eael-grid-post-link\" href=\"https:\/\/soymigrante.com\/revista\/al-menos-en-9-estados-de-ee-uu-hay-alguna-ley-contra-migrantes\/\" title=\"Al menos en 9 estados de EE.UU. hay alguna medida o ley contra migrantes\">Al menos en 9 estados de EE.UU. hay alguna medida o ley contra migrantes<\/a><\/h2><\/header><div class=\"eael-entry-content\">\n                        <div class=\"eael-grid-post-excerpt\"><a href=\"https:\/\/soymigrante.com\/revista\/al-menos-en-9-estados-de-ee-uu-hay-alguna-ley-contra-migrantes\/\" class=\"eael-post-elements-readmore-btn\">CONOCE SU HISTORIA <\/a><\/div>\n                    <\/div><\/div><\/div>\n        <\/div>\n    <\/article><\/div>\n            <div class=\"clearfix\"><\/div>\n        <\/div>\t\t\t\t<\/div>\n\t\t\t\t\t<\/div>\n\t\t\t\t<\/div>\n\t\t<div data-particle_enable=\"false\" data-particle-mobile-disabled=\"false\" class=\"elementor-element elementor-element-1348af8 e-flex e-con-boxed e-con e-parent\" data-id=\"1348af8\" data-element_type=\"container\" data-e-type=\"container\">\n\t\t\t\t\t<div class=\"e-con-inner\">\n\t\t\t\t<div class=\"elementor-element elementor-element-b4ade74 elementor-widget elementor-widget-text-editor\" data-id=\"b4ade74\" data-element_type=\"widget\" data-e-type=\"widget\" data-widget_type=\"text-editor.default\">\n\t\t\t\t\t\t\t\t\t<p><span style=\"color: #000000; font-family: Mulish, sans-serif; font-size: 29px; font-weight: bold;\">Por qu\u00e9 el tribunal federal permiti\u00f3 su avance<\/span><\/p><p>El tribunal no resolvi\u00f3 si la ley es constitucional o no, que era el reclamo por el cual fue suspendida. Sin embargo\u00a0 determin\u00f3 que los demandantes \u2014entre ellos <a href=\"https:\/\/las-americas.org\/\" target=\"_blank\" rel=\"noopener\">Las Americas Immigrant Advocacy Center<\/a>, <a href=\"https:\/\/www.americangateways.org\/\" target=\"_blank\" rel=\"noopener\">American Gateways<\/a> y el <a href=\"https:\/\/es.wikipedia.org\/wiki\/Condado_de_El_Paso_(Texas)\" target=\"_blank\" rel=\"noopener\">Condado de El Paso<\/a>\u2014 no ten\u00edan \u201clegitimaci\u00f3n activa\u201d (standing) para continuar con la demanda.<\/p><p>Seg\u00fan la corte, estas organizaciones asumieron voluntariamente costos para apoyar a migrantes, lo cual no es suficiente, bajo precedentes recientes, para sostener el caso en tribunales. Por ello, se anul\u00f3 la medida cautelar que imped\u00eda la aplicaci\u00f3n de la ley.<\/p><p>La vigencia de esta ley puede<a href=\"https:\/\/soymigrante.com\/revista\/menor-llegada-de-migrantes-reduce-crecimiento-de-empleo-senala-estudio-de-reserva-federal\/\"> impactar a migrantes guatemaltecos en Texas que no cuenten con un status legal.<\/a>\u00a0<\/p>\t\t\t\t\t\t\t\t<\/div>\n\t\t\t\t\t<\/div>\n\t\t\t\t<\/div>\n\t\t<div data-particle_enable=\"false\" data-particle-mobile-disabled=\"false\" class=\"elementor-element elementor-element-572ba8a e-flex e-con-boxed e-con e-parent\" data-id=\"572ba8a\" data-element_type=\"container\" data-e-type=\"container\">\n\t\t\t\t\t<div class=\"e-con-inner\">\n\t\t\t\t<div class=\"elementor-element elementor-element-62b4d61 elementor-grid-eael-col-1 elementor-grid-tablet-eael-col-2 elementor-grid-mobile-eael-col-1 elementor-widget elementor-widget-eael-post-grid\" data-id=\"62b4d61\" data-element_type=\"widget\" data-e-type=\"widget\" data-settings=\"{&quot;eael_post_grid_columns&quot;:&quot;eael-col-1&quot;,&quot;eael_post_grid_columns_tablet&quot;:&quot;eael-col-2&quot;,&quot;eael_post_grid_columns_mobile&quot;:&quot;eael-col-1&quot;}\" data-widget_type=\"eael-post-grid.default\">\n\t\t\t\t\t<div id=\"eael-post-grid-62b4d61\" class=\"eael-post-grid-container\">\n            <div class=\"eael-post-grid eael-post-appender eael-post-appender-62b4d61 eael-post-grid-style-one\" data-layout-mode=\"masonry\"><article class=\"eael-grid-post  eael-post-grid-column eael-pg-post-16944 category-recursos-migratorios\" data-id=\"16944\">\n        <div class=\"eael-grid-post-holder\">\n            <div class=\"eael-grid-post-holder-inner\"><div class=\"eael-entry-media\"><div class=\"eael-entry-overlay fade-in\"><i class=\"far fa-hand-pointer\" aria-hidden=\"true\"><\/i><a href=\"https:\/\/soymigrante.com\/revista\/todo-migrante-tiene-derechos-la-union-americana-de-libertades-civiles-recomienda\/\"><\/a><\/div><div class=\"eael-entry-thumbnail eael-image-ratio\">\n                <img decoding=\"async\" width=\"1024\" height=\"1024\" src=\"https:\/\/soymigrante.com\/revista\/wp-content\/uploads\/2024\/12\/migrantes-ruta-1-1024x1024.jpg\" class=\"attachment-large size-large wp-image-17020\" alt=\"Camino con peatones en carretera lluviosa, se\u00f1al de obra vial y l\u00edmite de velocidad de 30 km\/h, en un entorno natural y monta\u00f1oso, en la publicaci\u00f3n de SoyMigrante.com REVISTA.\" srcset=\"https:\/\/soymigrante.com\/revista\/wp-content\/uploads\/2024\/12\/migrantes-ruta-1-1024x1024.jpg 1024w, https:\/\/soymigrante.com\/revista\/wp-content\/uploads\/2024\/12\/migrantes-ruta-1-300x300.jpg 300w, https:\/\/soymigrante.com\/revista\/wp-content\/uploads\/2024\/12\/migrantes-ruta-1-150x150.jpg 150w, https:\/\/soymigrante.com\/revista\/wp-content\/uploads\/2024\/12\/migrantes-ruta-1-768x768.jpg 768w, https:\/\/soymigrante.com\/revista\/wp-content\/uploads\/2024\/12\/migrantes-ruta-1-1536x1536.jpg 1536w, https:\/\/soymigrante.com\/revista\/wp-content\/uploads\/2024\/12\/migrantes-ruta-1-2048x2048.jpg 2048w, https:\/\/soymigrante.com\/revista\/wp-content\/uploads\/2024\/12\/migrantes-ruta-1-75x75.webp 75w, https:\/\/soymigrante.com\/revista\/wp-content\/uploads\/2024\/12\/migrantes-ruta-1-750x750.webp 750w, https:\/\/soymigrante.com\/revista\/wp-content\/uploads\/2024\/12\/migrantes-ruta-1-1140x1140.webp 1140w, https:\/\/soymigrante.com\/revista\/wp-content\/uploads\/2024\/12\/migrantes-ruta-1-scaled.webp 1920w\" sizes=\"(max-width: 1024px) 100vw, 1024px\" \/>\n            <\/div>\n        <\/div><div class=\"eael-entry-wrapper\"><header class=\"eael-entry-header\"><h2 class=\"eael-entry-title\"><a class=\"eael-grid-post-link\" href=\"https:\/\/soymigrante.com\/revista\/todo-migrante-tiene-derechos-la-union-americana-de-libertades-civiles-recomienda\/\" title=\"Todo migrante tiene derechos: la Uni\u00f3n Americana de Libertades Civiles recomienda&#8230;\">Todo migrante tiene derechos: la Uni\u00f3n Americana de Libertades Civiles recomienda&#8230;<\/a><\/h2><\/header><div class=\"eael-entry-content\">\n                        <div class=\"eael-grid-post-excerpt\"><a href=\"https:\/\/soymigrante.com\/revista\/todo-migrante-tiene-derechos-la-union-americana-de-libertades-civiles-recomienda\/\" class=\"eael-post-elements-readmore-btn\">CONOCE SU HISTORIA <\/a><\/div>\n                    <\/div><\/div><\/div>\n        <\/div>\n    <\/article><\/div>\n            <div class=\"clearfix\"><\/div>\n        <\/div>\t\t\t\t<\/div>\n\t\t\t\t\t<\/div>\n\t\t\t\t<\/div>\n\t\t<div data-particle_enable=\"false\" data-particle-mobile-disabled=\"false\" class=\"elementor-element elementor-element-872224b e-flex e-con-boxed e-con e-parent\" data-id=\"872224b\" data-element_type=\"container\" data-e-type=\"container\">\n\t\t\t\t\t<div class=\"e-con-inner\">\n\t\t\t\t<div class=\"elementor-element elementor-element-ed8ea0c elementor-widget elementor-widget-text-editor\" data-id=\"ed8ea0c\" data-element_type=\"widget\" data-e-type=\"widget\" data-widget_type=\"text-editor.default\">\n\t\t\t\t\t\t\t\t\t<p><span style=\"color: #000000; font-family: Mulish, sans-serif; font-size: 29px; font-weight: bold;\">Reacciones encontradas<\/span><\/p><p>La decisi\u00f3n ha generado posturas opuestas. El fiscal general de Texas, <a href=\"https:\/\/es.wikipedia.org\/wiki\/Ken_Paxton\" target=\"_blank\" rel=\"noopener\">Ken Paxton<\/a>, celebr\u00f3 el fallo al considerarlo una victoria para la seguridad p\u00fablica y el orden legal, defendiendo el derecho del estado a actuar frente a la migraci\u00f3n irregular.<\/p><p>En contraste, organizaciones defensoras de derechos civiles como <a href=\"https:\/\/www.fwd.us\/\" target=\"_blank\" rel=\"noopener\">FWD.us<\/a> expresaron profunda preocupaci\u00f3n, al advertir que la ley podr\u00eda propiciar perfiles raciales y detenciones basadas en la \u201cpercepci\u00f3n\u201d del estatus migratorio, afectando incluso a ciudadanos y residentes legales. Tambi\u00e9n alertaron sobre un posible impacto econ\u00f3mico negativo, dado que los inmigrantes representan cerca de una cuarta parte de la fuerza laboral en Texas y contribuyen significativamente a sectores clave como la agricultura, la construcci\u00f3n, la salud y los servicios.<\/p>\t\t\t\t\t\t\t\t<\/div>\n\t\t\t\t\t<\/div>\n\t\t\t\t<\/div>\n\t\t<div data-particle_enable=\"false\" data-particle-mobile-disabled=\"false\" class=\"elementor-element elementor-element-f78dd34 e-flex e-con-boxed e-con e-parent\" data-id=\"f78dd34\" data-element_type=\"container\" data-e-type=\"container\">\n\t\t\t\t\t<div class=\"e-con-inner\">\n\t\t\t\t<div class=\"elementor-element elementor-element-97c7c7c elementor-grid-eael-col-1 elementor-grid-tablet-eael-col-2 elementor-grid-mobile-eael-col-1 elementor-widget elementor-widget-eael-post-grid\" data-id=\"97c7c7c\" data-element_type=\"widget\" data-e-type=\"widget\" data-settings=\"{&quot;eael_post_grid_columns&quot;:&quot;eael-col-1&quot;,&quot;eael_post_grid_columns_tablet&quot;:&quot;eael-col-2&quot;,&quot;eael_post_grid_columns_mobile&quot;:&quot;eael-col-1&quot;}\" data-widget_type=\"eael-post-grid.default\">\n\t\t\t\t\t<div id=\"eael-post-grid-97c7c7c\" class=\"eael-post-grid-container\">\n            <div class=\"eael-post-grid eael-post-appender eael-post-appender-97c7c7c eael-post-grid-style-one\" data-layout-mode=\"masonry\"><article class=\"eael-grid-post  eael-post-grid-column eael-pg-post-23501 category-recursos-migratorios\" data-id=\"23501\">\n        <div class=\"eael-grid-post-holder\">\n            <div class=\"eael-grid-post-holder-inner\"><div class=\"eael-entry-media\"><div class=\"eael-entry-overlay fade-in\"><i class=\"far fa-hand-pointer\" aria-hidden=\"true\"><\/i><a href=\"https:\/\/soymigrante.com\/revista\/donde-encontrar-ayuda-legal-para-tu-caso-de-migracion-en-usa\/\"><\/a><\/div><div class=\"eael-entry-thumbnail eael-image-ratio\">\n                <img decoding=\"async\" width=\"1024\" height=\"1024\" src=\"https:\/\/soymigrante.com\/revista\/wp-content\/uploads\/2025\/02\/Designer.webp\" class=\"attachment-large size-large wp-image-23669\" alt=\"Asesor\u00eda legal para inmigrantes en Espa\u00f1a, asesoramiento migratorio, expertos en derechos de inmigrantes, atenci\u00f3n personalizada, servicios jur\u00eddicos para migrantes.\" srcset=\"https:\/\/soymigrante.com\/revista\/wp-content\/uploads\/2025\/02\/Designer.webp 1024w, https:\/\/soymigrante.com\/revista\/wp-content\/uploads\/2025\/02\/Designer-300x300.jpeg 300w, https:\/\/soymigrante.com\/revista\/wp-content\/uploads\/2025\/02\/Designer-150x150.jpeg 150w, https:\/\/soymigrante.com\/revista\/wp-content\/uploads\/2025\/02\/Designer-768x768.jpeg 768w, https:\/\/soymigrante.com\/revista\/wp-content\/uploads\/2025\/02\/Designer-75x75.webp 75w, https:\/\/soymigrante.com\/revista\/wp-content\/uploads\/2025\/02\/Designer-750x750.webp 750w\" sizes=\"(max-width: 1024px) 100vw, 1024px\" \/>\n            <\/div>\n        <\/div><div class=\"eael-entry-wrapper\"><header class=\"eael-entry-header\"><h2 class=\"eael-entry-title\"><a class=\"eael-grid-post-link\" href=\"https:\/\/soymigrante.com\/revista\/donde-encontrar-ayuda-legal-para-tu-caso-de-migracion-en-usa\/\" title=\"\u00bfD\u00f3nde consigo un abogado que me brinde ayuda legal para mi caso de migraci\u00f3n en USA?\">\u00bfD\u00f3nde consigo un abogado que me brinde ayuda legal para mi caso de migraci\u00f3n en USA?<\/a><\/h2><\/header><div class=\"eael-entry-content\">\n                        <div class=\"eael-grid-post-excerpt\"><a href=\"https:\/\/soymigrante.com\/revista\/donde-encontrar-ayuda-legal-para-tu-caso-de-migracion-en-usa\/\" class=\"eael-post-elements-readmore-btn\">CONOCE SU HISTORIA <\/a><\/div>\n                    <\/div><\/div><\/div>\n        <\/div>\n    <\/article><\/div>\n            <div class=\"clearfix\"><\/div>\n        <\/div>\t\t\t\t<\/div>\n\t\t\t\t\t<\/div>\n\t\t\t\t<\/div>\n\t\t<div data-particle_enable=\"false\" data-particle-mobile-disabled=\"false\" class=\"elementor-element elementor-element-72df850 e-flex e-con-boxed e-con e-parent\" data-id=\"72df850\" data-element_type=\"container\" data-e-type=\"container\">\n\t\t\t\t\t<div class=\"e-con-inner\">\n\t\t\t\t<div class=\"elementor-element elementor-element-d209e50 elementor-widget elementor-widget-text-editor\" data-id=\"d209e50\" data-element_type=\"widget\" data-e-type=\"widget\" data-widget_type=\"text-editor.default\">\n\t\t\t\t\t\t\t\t\t<p><span style=\"color: #000000; font-family: Mulish, sans-serif; font-size: 29px; font-weight: bold;\">Un debate legal a\u00fan abierto<\/span><\/p><p>Aunque el fallo permite avanzar con la ley, la batalla judicial no ha terminado. El tribunal evit\u00f3 pronunciarse sobre la constitucionalidad de la SB 4, por lo que se anticipan nuevos litigios.<\/p><p>Administraciones federales recientes han tenido posturas distintas sobre el tema. Mientras el gobierno de <a href=\"https:\/\/es.wikipedia.org\/wiki\/Joe_Biden\" target=\"_blank\" rel=\"noopener\">Joe Biden<\/a> consider\u00f3 la ley inconstitucional, durante la administraci\u00f3n de <a href=\"https:\/\/es.wikipedia.org\/wiki\/Donald_Trump\" target=\"_blank\" rel=\"noopener\">Donald Trump<\/a> el Departamento de Justicia no intervino en el caso.<\/p><p>Por ahora, no est\u00e1 claro cu\u00e1ndo \u2014o si\u2014 la ley se aplicar\u00e1 completamente, pero el fallo marca un paso significativo en el intento de Texas por asumir un rol m\u00e1s activo en el control migratorio, un terreno hist\u00f3ricamente reservado al gobierno federal.<\/p>\t\t\t\t\t\t\t\t<\/div>\n\t\t\t\t\t<\/div>\n\t\t\t\t<\/div>\n\t\t<div data-particle_enable=\"false\" data-particle-mobile-disabled=\"false\" class=\"elementor-element elementor-element-bcd1416 e-flex e-con-boxed e-con e-parent\" data-id=\"bcd1416\" data-element_type=\"container\" data-e-type=\"container\">\n\t\t\t\t\t<div class=\"e-con-inner\">\n\t\t\t\t<div class=\"elementor-element elementor-element-2159646 elementor-widget elementor-widget-heading\" data-id=\"2159646\" data-element_type=\"widget\" data-e-type=\"widget\" data-widget_type=\"heading.default\">\n\t\t\t\t\t<h2 class=\"elementor-heading-title elementor-size-default\">Quiz\u00e1 tambi\u00e9n te podr\u00eda interesar<\/h2>\t\t\t\t<\/div>\n\t\t\t\t\t<\/div>\n\t\t\t\t<\/div>\n\t\t<div data-particle_enable=\"false\" data-particle-mobile-disabled=\"false\" class=\"elementor-element elementor-element-43798ed e-flex e-con-boxed e-con e-parent\" data-id=\"43798ed\" data-element_type=\"container\" data-e-type=\"container\">\n\t\t\t\t\t<div class=\"e-con-inner\">\n\t\t\t\t<div class=\"elementor-element elementor-element-0187e41 elementor-grid-eael-col-3 elementor-grid-tablet-eael-col-2 elementor-grid-mobile-eael-col-1 elementor-widget elementor-widget-eael-post-grid\" data-id=\"0187e41\" data-element_type=\"widget\" data-e-type=\"widget\" data-settings=\"{&quot;eael_post_grid_columns&quot;:&quot;eael-col-3&quot;,&quot;eael_post_grid_columns_tablet&quot;:&quot;eael-col-2&quot;,&quot;eael_post_grid_columns_mobile&quot;:&quot;eael-col-1&quot;}\" data-widget_type=\"eael-post-grid.default\">\n\t\t\t\t\t<div id=\"eael-post-grid-0187e41\" class=\"eael-post-grid-container\">\n            <div class=\"eael-post-grid eael-post-appender eael-post-appender-0187e41 eael-post-grid-style-one\" data-layout-mode=\"masonry\"><article class=\"eael-grid-post  eael-post-grid-column eael-pg-post-8529 category-pueblos-de-guatemala\" data-id=\"8529\">\n        <div class=\"eael-grid-post-holder\">\n            <div class=\"eael-grid-post-holder-inner\"><div class=\"eael-entry-media\"><div class=\"eael-entry-overlay fade-in\"><i class=\"far fa-hand-pointer\" aria-hidden=\"true\"><\/i><a href=\"https:\/\/soymigrante.com\/revista\/etnias-de-guatemala-los-achi\/\"><\/a><\/div><div class=\"eael-entry-thumbnail eael-image-ratio\">\n                <img loading=\"lazy\" decoding=\"async\" width=\"1024\" height=\"1024\" src=\"https:\/\/soymigrante.com\/revista\/wp-content\/uploads\/2024\/08\/Achi-14-La-Conquista-e1724976866589-1024x1024.webp\" class=\"attachment-large size-large wp-image-8530\" alt=\"La danza de la Conquista de Rabina Baja Verapaz es una de las expresiones tradicionales del pueblo maya Achi\" srcset=\"https:\/\/soymigrante.com\/revista\/wp-content\/uploads\/2024\/08\/Achi-14-La-Conquista-e1724976866589-1024x1024.webp 1024w, https:\/\/soymigrante.com\/revista\/wp-content\/uploads\/2024\/08\/Achi-14-La-Conquista-e1724976866589-300x300.webp 300w, https:\/\/soymigrante.com\/revista\/wp-content\/uploads\/2024\/08\/Achi-14-La-Conquista-e1724976866589-150x150.webp 150w, https:\/\/soymigrante.com\/revista\/wp-content\/uploads\/2024\/08\/Achi-14-La-Conquista-e1724976866589-768x768.webp 768w, https:\/\/soymigrante.com\/revista\/wp-content\/uploads\/2024\/08\/Achi-14-La-Conquista-e1724976866589-75x75.webp 75w, https:\/\/soymigrante.com\/revista\/wp-content\/uploads\/2024\/08\/Achi-14-La-Conquista-e1724976866589-750x750.webp 750w, https:\/\/soymigrante.com\/revista\/wp-content\/uploads\/2024\/08\/Achi-14-La-Conquista-e1724976866589-1140x1140.webp 1140w, https:\/\/soymigrante.com\/revista\/wp-content\/uploads\/2024\/08\/Achi-14-La-Conquista-e1724976866589.webp 1280w\" sizes=\"(max-width: 1024px) 100vw, 1024px\" \/>\n            <\/div>\n        <\/div><div class=\"eael-entry-wrapper\"><header class=\"eael-entry-header\"><h2 class=\"eael-entry-title\"><a class=\"eael-grid-post-link\" href=\"https:\/\/soymigrante.com\/revista\/etnias-de-guatemala-los-achi\/\" title=\"El pueblo Achi&#8217; es descendiente de los se\u00f1ores Rabinaleb\">El pueblo Achi&#8217; es descendiente de los se\u00f1ores Rabinaleb<\/a><\/h2><\/header><div class=\"eael-entry-content\">\n                        <div class=\"eael-grid-post-excerpt\"><a href=\"https:\/\/soymigrante.com\/revista\/etnias-de-guatemala-los-achi\/\" class=\"eael-post-elements-readmore-btn\">CONOCE SU HISTORIA <\/a><\/div>\n                    <\/div><\/div><\/div>\n        <\/div>\n    <\/article><article class=\"eael-grid-post  eael-post-grid-column eael-pg-post-29296 category-guate-nuestra\" data-id=\"29296\">\n        <div class=\"eael-grid-post-holder\">\n            <div class=\"eael-grid-post-holder-inner\"><div class=\"eael-entry-media\"><div class=\"eael-entry-overlay fade-in\"><i class=\"far fa-hand-pointer\" aria-hidden=\"true\"><\/i><a href=\"https:\/\/soymigrante.com\/revista\/el-corozo-es-el-aroma-simbolo-de-la-cuaresma-y-semana-santa-guatemalteca\/\"><\/a><\/div><div class=\"eael-entry-thumbnail eael-image-ratio\">\n                <img loading=\"lazy\" decoding=\"async\" width=\"1024\" height=\"768\" src=\"https:\/\/soymigrante.com\/revista\/wp-content\/uploads\/2025\/03\/Corozo-2-1024x768.jpeg\" class=\"attachment-large size-large wp-image-29297\" alt=\"Flores de pl\u00e1tano maduras en mercado tradicional, destacando el producto agr\u00edcola y su importancia en la gastronom\u00eda y cultura local.\" srcset=\"https:\/\/soymigrante.com\/revista\/wp-content\/uploads\/2025\/03\/Corozo-2-1024x768.jpeg 1024w, https:\/\/soymigrante.com\/revista\/wp-content\/uploads\/2025\/03\/Corozo-2-300x225.jpeg 300w, https:\/\/soymigrante.com\/revista\/wp-content\/uploads\/2025\/03\/Corozo-2-768x576.jpeg 768w, https:\/\/soymigrante.com\/revista\/wp-content\/uploads\/2025\/03\/Corozo-2-750x563.webp 750w, https:\/\/soymigrante.com\/revista\/wp-content\/uploads\/2025\/03\/Corozo-2-1140x855.webp 1140w, https:\/\/soymigrante.com\/revista\/wp-content\/uploads\/2025\/03\/Corozo-2.webp 1440w\" sizes=\"(max-width: 1024px) 100vw, 1024px\" \/>\n            <\/div>\n        <\/div><div class=\"eael-entry-wrapper\"><header class=\"eael-entry-header\"><h2 class=\"eael-entry-title\"><a class=\"eael-grid-post-link\" href=\"https:\/\/soymigrante.com\/revista\/el-corozo-es-el-aroma-simbolo-de-la-cuaresma-y-semana-santa-guatemalteca\/\" title=\"El corozo es el aroma s\u00edmbolo de la Cuaresma y Semana Santa Guatemalteca\">El corozo es el aroma s\u00edmbolo de la Cuaresma y Semana Santa Guatemalteca<\/a><\/h2><\/header><div class=\"eael-entry-content\">\n                        <div class=\"eael-grid-post-excerpt\"><a href=\"https:\/\/soymigrante.com\/revista\/el-corozo-es-el-aroma-simbolo-de-la-cuaresma-y-semana-santa-guatemalteca\/\" class=\"eael-post-elements-readmore-btn\">CONOCE SU HISTORIA <\/a><\/div>\n                    <\/div><\/div><\/div>\n        <\/div>\n    <\/article><article class=\"eael-grid-post  eael-post-grid-column eael-pg-post-6774 category-arte-cultura-guate-nuestra\" data-id=\"6774\">\n        <div class=\"eael-grid-post-holder\">\n            <div class=\"eael-grid-post-holder-inner\"><div class=\"eael-entry-media\"><div class=\"eael-entry-overlay fade-in\"><i class=\"far fa-hand-pointer\" aria-hidden=\"true\"><\/i><a href=\"https:\/\/soymigrante.com\/revista\/cuando-llego-la-primera-marimba-guatemalteca-migrante-a-usa\/\"><\/a><\/div><div class=\"eael-entry-thumbnail eael-image-ratio\">\n                <img loading=\"lazy\" decoding=\"async\" width=\"622\" height=\"617\" src=\"https:\/\/soymigrante.com\/revista\/wp-content\/uploads\/2024\/05\/Captura-de-pantalla-2024-05-31-173324.webp\" class=\"attachment-large size-large wp-image-6775\" alt=\"Retrato de m\u00fasicos mexicanos en uniforme formal tocando instrumentos tradicionales en un evento hist\u00f3rico, representando la cultura y el talento art\u00edstico en M\u00e9xico.\" srcset=\"https:\/\/soymigrante.com\/revista\/wp-content\/uploads\/2024\/05\/Captura-de-pantalla-2024-05-31-173324.webp 622w, https:\/\/soymigrante.com\/revista\/wp-content\/uploads\/2024\/05\/Captura-de-pantalla-2024-05-31-173324-300x298.webp 300w, https:\/\/soymigrante.com\/revista\/wp-content\/uploads\/2024\/05\/Captura-de-pantalla-2024-05-31-173324-150x150.webp 150w, https:\/\/soymigrante.com\/revista\/wp-content\/uploads\/2024\/05\/Captura-de-pantalla-2024-05-31-173324-75x75.webp 75w\" sizes=\"(max-width: 622px) 100vw, 622px\" \/>\n            <\/div>\n        <\/div><div class=\"eael-entry-wrapper\"><header class=\"eael-entry-header\"><h2 class=\"eael-entry-title\"><a class=\"eael-grid-post-link\" href=\"https:\/\/soymigrante.com\/revista\/cuando-llego-la-primera-marimba-guatemalteca-migrante-a-usa\/\" title=\"\u00bfCu\u00e1ndo lleg\u00f3 la primera marimba guatemalteca migrante a Estados Unidos?\">\u00bfCu\u00e1ndo lleg\u00f3 la primera marimba guatemalteca migrante a Estados Unidos?<\/a><\/h2><\/header><div class=\"eael-entry-content\">\n                        <div class=\"eael-grid-post-excerpt\"><a href=\"https:\/\/soymigrante.com\/revista\/cuando-llego-la-primera-marimba-guatemalteca-migrante-a-usa\/\" class=\"eael-post-elements-readmore-btn\">CONOCE SU HISTORIA <\/a><\/div>\n                    <\/div><\/div><\/div>\n        <\/div>\n    <\/article><\/div>\n            <div class=\"clearfix\"><\/div>\n        <\/div>            <div class=\"eael-load-more-button-wrap eael-force-hide\">\n                <button class=\"eael-load-more-button\" id=\"eael-load-more-btn-0187e41\" data-widget-id=\"0187e41\" data-widget=\"0187e41\" data-page-id=\"55528\" data-template=\"{&quot;dir&quot;:&quot;lite&quot;,&quot;file_name&quot;:&quot;one.php&quot;,&quot;name&quot;:&quot;Post-Grid&quot;}\" data-class=\"Essential_Addons_Elementor\\Elements\\Post_Grid\" data-layout=\"masonry\" data-page=\"1\" data-args=\"orderby=rand&amp;order=desc&amp;ignore_sticky_posts=1&amp;post_status=publish&amp;posts_per_page=3&amp;offset=0&amp;post_type=post&amp;tax_query%5B0%5D%5Btaxonomy%5D=category&amp;tax_query%5B0%5D%5Bfield%5D=term_id&amp;tax_query%5B0%5D%5Bterms%5D%5B0%5D=58&amp;tax_query%5Brelation%5D=AND\" data-max-page=\"288\">\n                    <span class=\"eael-btn-loader button__loader\"><\/span>\n                    <span class=\"eael_load_more_text\">Load More<\/span>\n                <\/button>\n            <\/div>\n            \t\t\t\t<\/div>\n\t\t\t\t\t<\/div>\n\t\t\t\t<\/div>\n\t\t\t\t<\/div>\n\t\t","protected":false},"excerpt":{"rendered":"<p>Ley estatal antimigrante SB4 hab\u00eda estado en suspenso pero corte federal decidi\u00f3 excluir a querellantes con lo cual de alguna manera reactiva la normativa y con ello la posibilidad de detenci\u00f3n de migrantes por parte de polic\u00edas del Estado de Texas. Un fallo reciente de la justicia federal en Estados Unidos ha reactivado una de [&hellip;]<\/p>\n","protected":false},"author":1,"featured_media":55529,"comment_status":"open","ping_status":"open","sticky":false,"template":"","format":"standard","meta":{"_acf_changed":false,"_eb_attr":"","footnotes":""},"categories":[280],"tags":[],"class_list":["post-55528","post","type-post","status-publish","format-standard","has-post-thumbnail","hentry","category-noticias"],"acf":[],"aioseo_notices":[],"aioseo_head":"\n\t\t<!-- All in One SEO Pro 4.9.6.2 - aioseo.com -->\n\t<meta name=\"description\" content=\"La marimba Hurtado llega a Estados Unidos en 1909 y 1915 para efectuar giras; pero ya antes de ellos hab\u00edan llegado otras marimbas guatemaltecas. \u00bfLo sab\u00edas?\" \/>\n\t<meta name=\"robots\" content=\"max-snippet:-1, max-image-preview:large, max-video-preview:-1\" \/>\n\t<meta name=\"author\" content=\"Gustavo Montenegro\"\/>\n\t<link rel=\"canonical\" href=\"https:\/\/soymigrante.com\/revista\/cuando-llego-la-primera-marimba-guatemalteca-migrante-a-usa\/\" \/>\n\t<meta name=\"generator\" content=\"All in One SEO Pro (AIOSEO) 4.9.6.2\" \/>\n\n\t\t<link rel=\"preconnect\" href=\"https:\/\/fonts.googleapis.com\" crossorigin>\n<link rel=\"preconnect\" href=\"https:\/\/fonts.gstatic.com\" crossorigin>\n\t\t<meta property=\"og:locale\" content=\"es_ES\" \/>\n\t\t<meta property=\"og:site_name\" content=\"SoyMigrante.com REVISTA \u2013 Nuestra misi\u00f3n es reconocer y dignificar al migrante.\" \/>\n\t\t<meta property=\"og:type\" content=\"article\" \/>\n\t\t<meta property=\"og:title\" content=\"\u00bfCu\u00e1ndo lleg\u00f3 la primera marimba guatemalteca migrante a Estados Unidos?\" \/>\n\t\t<meta property=\"og:description\" content=\"La marimba Hurtado llega a Estados Unidos en 1909 y 1915 para efectuar giras; pero ya antes de ellos hab\u00edan llegado otras marimbas guatemaltecas. \u00bfLo sab\u00edas?\" \/>\n\t\t<meta property=\"og:url\" content=\"https:\/\/soymigrante.com\/revista\/cuando-llego-la-primera-marimba-guatemalteca-migrante-a-usa\/\" \/>\n\t\t<meta property=\"og:image\" content=\"https:\/\/soymigrante.com\/revista\/wp-content\/uploads\/2024\/05\/Captura-de-pantalla-2024-05-31-173324.webp\" \/>\n\t\t<meta property=\"og:image:secure_url\" content=\"https:\/\/soymigrante.com\/revista\/wp-content\/uploads\/2024\/05\/Captura-de-pantalla-2024-05-31-173324.webp\" \/>\n\t\t<meta property=\"og:image:width\" content=\"622\" \/>\n\t\t<meta property=\"og:image:height\" content=\"617\" \/>\n\t\t<meta property=\"article:published_time\" content=\"2026-02-14T00:53:04+00:00\" \/>\n\t\t<meta property=\"article:modified_time\" content=\"2026-02-14T00:53:11+00:00\" \/>\n\t\t<meta property=\"article:publisher\" content=\"https:\/\/www.facebook.com\/soymigrantecom\" \/>\n\t\t<meta name=\"twitter:card\" content=\"summary_large_image\" \/>\n\t\t<meta name=\"twitter:site\" content=\"@SoyMigrante_com\" \/>\n\t\t<meta name=\"twitter:title\" content=\"\u00bfCu\u00e1ndo lleg\u00f3 la primera marimba guatemalteca migrante a Estados Unidos?\" \/>\n\t\t<meta name=\"twitter:description\" content=\"La marimba Hurtado llega a Estados Unidos en 1909 y 1915 para efectuar giras; pero ya antes de ellos hab\u00edan llegado otras marimbas guatemaltecas. \u00bfLo sab\u00edas?\" \/>\n\t\t<meta name=\"twitter:creator\" content=\"@SoyMigrante_com\" \/>\n\t\t<meta name=\"twitter:image\" content=\"https:\/\/soymigrante.com\/revista\/wp-content\/uploads\/2024\/05\/Captura-de-pantalla-2024-05-31-173324.webp\" \/>\n\t\t<!-- All in One SEO Pro -->\r\n\t\t<title>\u00bfCu\u00e1ndo lleg\u00f3 la primera marimba guatemalteca migrante a Estados Unidos?<\/title>\n\n","aioseo_head_json":{"title":"\u00bfCu\u00e1ndo lleg\u00f3 la primera marimba guatemalteca migrante a Estados Unidos?","description":"La marimba Hurtado llega a Estados Unidos en 1909 y 1915 para efectuar giras; pero ya antes de ellos hab\u00edan llegado otras marimbas guatemaltecas. \u00bfLo sab\u00edas?","canonical_url":"https:\/\/soymigrante.com\/revista\/cuando-llego-la-primera-marimba-guatemalteca-migrante-a-usa\/","robots":"max-snippet:-1, max-image-preview:large, max-video-preview:-1","keywords":"","webmasterTools":{"miscellaneous":"&lt;link rel=\"preconnect\" href=\"https:\/\/fonts.googleapis.com\" crossorigin&gt;\n&lt;link rel=\"preconnect\" href=\"https:\/\/fonts.gstatic.com\" crossorigin&gt;"},"schema":null,"og:locale":"es_ES","og:site_name":"SoyMigrante.com REVISTA \u2013 Nuestra misi\u00f3n es reconocer y dignificar al migrante.","og:type":"article","og:title":"\u00bfCu\u00e1ndo lleg\u00f3 la primera marimba guatemalteca migrante a Estados Unidos?","og:description":"La marimba Hurtado llega a Estados Unidos en 1909 y 1915 para efectuar giras; pero ya antes de ellos hab\u00edan llegado otras marimbas guatemaltecas. \u00bfLo sab\u00edas?","og:url":"https:\/\/soymigrante.com\/revista\/cuando-llego-la-primera-marimba-guatemalteca-migrante-a-usa\/","og:image":"https:\/\/soymigrante.com\/revista\/wp-content\/uploads\/2024\/05\/Captura-de-pantalla-2024-05-31-173324.webp","og:image:secure_url":"https:\/\/soymigrante.com\/revista\/wp-content\/uploads\/2024\/05\/Captura-de-pantalla-2024-05-31-173324.webp","og:image:width":622,"og:image:height":617,"article:published_time":"2026-02-14T00:53:04+00:00","article:modified_time":"2026-02-14T00:53:11+00:00","article:publisher":"https:\/\/www.facebook.com\/soymigrantecom","twitter:card":"summary_large_image","twitter:site":"@SoyMigrante_com","twitter:title":"\u00bfCu\u00e1ndo lleg\u00f3 la primera marimba guatemalteca migrante a Estados Unidos?","twitter:description":"La marimba Hurtado llega a Estados Unidos en 1909 y 1915 para efectuar giras; pero ya antes de ellos hab\u00edan llegado otras marimbas guatemaltecas. \u00bfLo sab\u00edas?","twitter:creator":"@SoyMigrante_com","twitter:image":"https:\/\/soymigrante.com\/revista\/wp-content\/uploads\/2024\/05\/Captura-de-pantalla-2024-05-31-173324.webp"},"aioseo_meta_data":{"post_id":"55528","title":"Polic\u00eda estatal de Texas puede detener a indocumentados","description":"Corte federal deja vigente ley SB4 de Texas, que autoriza a polic\u00edas estatales para poder detener a migrantes indocumentados. Conoce m\u00e1s sobre sus efectos.","keywords":null,"keyphrases":{"focus":{"keyphrase":"Texas","score":82,"analysis":{"keyphraseInTitle":{"score":9,"maxScore":9,"error":0},"keyphraseInDescription":{"score":9,"maxScore":9,"error":0},"keyphraseLength":{"score":9,"maxScore":9,"error":0,"length":1},"keyphraseInURL":{"score":5,"maxScore":5,"error":0},"keyphraseInIntroduction":{"score":9,"maxScore":9,"error":0},"keyphraseInSubHeadings":{"score":3,"maxScore":9,"error":1},"keyphraseInImageAlt":{"score":3,"maxScore":9,"error":1},"keywordDensity":{"type":"best","score":9,"maxScore":9,"error":0}}},"additional":[{"keyphrase":"Migrantes","score":87,"analysis":{"keyphraseInDescription":{"score":9,"maxScore":9,"error":0},"keyphraseLength":{"score":9,"maxScore":9,"error":0,"length":1},"keyphraseInIntroduction":{"score":3,"maxScore":9,"error":1},"keyphraseInImageAlt":{"score":9,"maxScore":9,"error":0},"keywordDensity":{"type":"best","score":9,"maxScore":9,"error":0}}}]},"primary_term":null,"canonical_url":null,"og_title":null,"og_description":null,"og_object_type":"default","og_image_type":"default","og_image_url":null,"og_image_width":null,"og_image_height":null,"og_image_custom_url":null,"og_image_custom_fields":null,"og_video":"","og_custom_url":null,"og_article_section":null,"og_article_tags":null,"twitter_use_og":false,"twitter_card":"default","twitter_image_type":"default","twitter_image_url":null,"twitter_image_custom_url":null,"twitter_image_custom_fields":null,"twitter_title":null,"twitter_description":null,"schema":{"blockGraphs":[],"customGraphs":[],"default":{"data":{"Article":[],"Course":[],"Dataset":[],"FAQPage":[],"Movie":[],"Person":[],"Product":[],"ProductReview":[],"Car":[],"Recipe":[],"Service":[],"SoftwareApplication":[],"WebPage":[]},"graphName":"NewsArticle","isEnabled":true},"graphs":[]},"schema_type":"default","schema_type_options":null,"pillar_content":false,"robots_default":true,"robots_noindex":false,"robots_noarchive":false,"robots_nosnippet":false,"robots_nofollow":false,"robots_noimageindex":false,"robots_noodp":false,"robots_notranslate":false,"robots_max_snippet":"-1","robots_max_videopreview":"-1","robots_max_imagepreview":"large","priority":null,"frequency":"default","local_seo":null,"seo_analyzer_scan_date":null,"breadcrumb_settings":null,"limit_modified_date":false,"reviewed_by":"0","open_ai":null,"ai":{"faqs":[],"keyPoints":[],"schemas":[],"titles":[],"descriptions":[],"socialPosts":{"email":[],"linkedin":[],"twitter":[],"facebook":[],"instagram":[]}},"created":"2026-04-27 20:02:01","updated":"2026-04-27 20:58:12"},"aioseo_breadcrumb":"<div class=\"aioseo-breadcrumbs\"><span class=\"aioseo-breadcrumb\">\n\t<a href=\"https:\/\/soymigrante.com\/revista\" title=\"Home\">Home<\/a>\n<\/span><span class=\"aioseo-breadcrumb-separator\">\u00bb<\/span><span class=\"aioseo-breadcrumb\">\n\t<a href=\"https:\/\/soymigrante.com\/revista\/category\/noticias\/\" title=\"Noticias\">Noticias<\/a>\n<\/span><span class=\"aioseo-breadcrumb-separator\">\u00bb<\/span><span class=\"aioseo-breadcrumb\">\n\tCorte reactiva ley antimigrante SB4 de Texas: polic\u00eda estatal podr\u00eda capturar a indocumentados\n<\/span><\/div>","aioseo_breadcrumb_json":[{"label":"Home","link":"https:\/\/soymigrante.com\/revista"},{"label":"Noticias","link":"https:\/\/soymigrante.com\/revista\/category\/noticias\/"},{"label":"Corte reactiva ley antimigrante SB4 de Texas: polic\u00eda estatal podr\u00eda capturar a indocumentados","link":"https:\/\/soymigrante.com\/revista\/corte-reactiva-ley-antimigrante-sb4-de-texas-policia-estatal-podria-capturar-a-indocumentados\/"}],"_links":{"self":[{"href":"https:\/\/soymigrante.com\/revista\/wp-json\/wp\/v2\/posts\/55528","targetHints":{"allow":["GET"]}}],"collection":[{"href":"https:\/\/soymigrante.com\/revista\/wp-json\/wp\/v2\/posts"}],"about":[{"href":"https:\/\/soymigrante.com\/revista\/wp-json\/wp\/v2\/types\/post"}],"author":[{"embeddable":true,"href":"https:\/\/soymigrante.com\/revista\/wp-json\/wp\/v2\/users\/1"}],"replies":[{"embeddable":true,"href":"https:\/\/soymigrante.com\/revista\/wp-json\/wp\/v2\/comments?post=55528"}],"version-history":[{"count":11,"href":"https:\/\/soymigrante.com\/revista\/wp-json\/wp\/v2\/posts\/55528\/revisions"}],"predecessor-version":[{"id":55541,"href":"https:\/\/soymigrante.com\/revista\/wp-json\/wp\/v2\/posts\/55528\/revisions\/55541"}],"wp:featuredmedia":[{"embeddable":true,"href":"https:\/\/soymigrante.com\/revista\/wp-json\/wp\/v2\/media\/55529"}],"wp:attachment":[{"href":"https:\/\/soymigrante.com\/revista\/wp-json\/wp\/v2\/media?parent=55528"}],"wp:term":[{"taxonomy":"category","embeddable":true,"href":"https:\/\/soymigrante.com\/revista\/wp-json\/wp\/v2\/categories?post=55528"},{"taxonomy":"post_tag","embeddable":true,"href":"https:\/\/soymigrante.com\/revista\/wp-json\/wp\/v2\/tags?post=55528"}],"curies":[{"name":"wp","href":"https:\/\/api.w.org\/{rel}","templated":true}]}}