{"id":55507,"date":"2026-04-27T12:59:46","date_gmt":"2026-04-27T18:59:46","guid":{"rendered":"https:\/\/soymigrante.com\/revista\/?p=55507"},"modified":"2026-04-27T13:00:05","modified_gmt":"2026-04-27T19:00:05","slug":"miss-gualan-usa-coronacion-imprevisto-guatemaltecos-en-estados-unidos-union-abril-2026","status":"publish","type":"post","link":"https:\/\/soymigrante.com\/revista\/miss-gualan-usa-coronacion-imprevisto-guatemaltecos-en-estados-unidos-union-abril-2026\/","title":{"rendered":"Un imprevisto en la coronaci\u00f3n de Miss Gualan U.S.A. 2026 en Los Angeles hizo brillar la uni\u00f3n guatemalteca"},"content":{"rendered":"\t\t<div data-elementor-type=\"wp-post\" data-elementor-id=\"55507\" class=\"elementor elementor-55507\" data-elementor-post-type=\"post\">\n\t\t\t\t<div data-particle_enable=\"false\" data-particle-mobile-disabled=\"false\" class=\"elementor-element elementor-element-8061a56 e-flex e-con-boxed e-con e-parent\" data-id=\"8061a56\" data-element_type=\"container\" data-e-type=\"container\">\n\t\t\t\t\t<div class=\"e-con-inner\">\n\t\t\t\t<div class=\"elementor-element elementor-element-6cd5eb5 elementor-widget elementor-widget-heading\" data-id=\"6cd5eb5\" data-element_type=\"widget\" data-e-type=\"widget\" data-widget_type=\"heading.default\">\n\t\t\t\t\t<h3 class=\"elementor-heading-title elementor-size-default\">A poco de haber comenzado la esperada coronaci\u00f3n de Christal Ivette Cabrera, Miss Gual\u00e1n U.S.A. 2026-2027, el s\u00e1bado 25 de abril en Los Angeles, algo imprevisto ocurri\u00f3. Parec\u00eda que el evento quedaba inconcluso. Pero pudo seguir a 20 kil\u00f3metros de distancia. As\u00ed ocurri\u00f3.<\/h3>\t\t\t\t<\/div>\n\t\t\t\t\t<\/div>\n\t\t\t\t<\/div>\n\t\t<div data-particle_enable=\"false\" data-particle-mobile-disabled=\"false\" class=\"elementor-element elementor-element-014afec e-flex e-con-boxed e-con e-parent\" data-id=\"014afec\" data-element_type=\"container\" data-e-type=\"container\">\n\t\t\t\t\t<div class=\"e-con-inner\">\n\t\t\t\t<div class=\"elementor-element elementor-element-f6492a0 elementor-widget elementor-widget-text-editor\" data-id=\"f6492a0\" data-element_type=\"widget\" data-e-type=\"widget\" data-widget_type=\"text-editor.default\">\n\t\t\t\t\t\t\t\t\t<p>El s\u00e1bado 25 de abril estaba previsto el acto de coronaci\u00f3n de Miss Gual\u00e1n U.S.A. 2026-2027 en el 5930 de Franklin Avenue, Los Angeles.\u00a0 La agenda inclu\u00eda presentaciones, invitados y la participaci\u00f3n de exreinas.\u00a0 Christal Ivette Cabrera recibi\u00f3 con alegr\u00eda y dignidad la corona y la banda, que le convierten en embajadora de iniciativas de apoyo nutricional y educativo en Gual\u00e1n, Zacapa, impulsadas por la comunidad migrante.\u00a0<\/p><p>El certamen alcanz\u00f3 a iniciar y se efectu\u00f3 la coronaci\u00f3n. Pero de pronto lleg\u00f3 el aviso para desalojar el recinto. En \u00e1reas adyacentes al recinto se hab\u00eda producido un incidente, totalmente ajeno a la coronaci\u00f3n, pero que oblig\u00f3 a evacuar todo el complejo. De hecho, muy cerca otra organizaci\u00f3n migrante centroamericana tambi\u00e9n ten\u00eda otro evento que se vio suspendido.<\/p><p><a href=\"http:\/\/facebook.com\/reel\/2071098823467700\/?s=single_unit\">La coronaci\u00f3n de Christal Ivette se realiz\u00f3<\/a> pero el resto del programa no pudo desarrollarse. Invitados y exreinas no lograron ingresar. \u201cSe pintaba para dar algo excelente, pero lamentablemente no se pudo\u201d, relata <a href=\"https:\/\/soymigrante.com\/revista\/migrante-guatemalteco-fredy-lopez-los-angeles-gualan-accion-con-amor\/\">Fredy Aroldo L\u00f3pez<\/a>, organizador de este evento, que tiene finalidad altruista y nacionalista.\u00a0<\/p><p>Hasta entonces, <a href=\"https:\/\/soymigrante.com\/revista\/como-mantener-serenidad-en-la-adversidad-estrategias-clave\/\">parec\u00eda que all\u00ed terminaba<\/a> la corta velada.<\/p>\t\t\t\t\t\t\t\t<\/div>\n\t\t\t\t\t<\/div>\n\t\t\t\t<\/div>\n\t\t<div data-particle_enable=\"false\" data-particle-mobile-disabled=\"false\" class=\"elementor-element elementor-element-6ec05c6 e-flex e-con-boxed e-con e-parent\" data-id=\"6ec05c6\" data-element_type=\"container\" data-e-type=\"container\">\n\t\t\t\t\t<div class=\"e-con-inner\">\n\t\t\t\t<div class=\"elementor-element elementor-element-7f02550 elementor-widget elementor-widget-image\" data-id=\"7f02550\" data-element_type=\"widget\" data-e-type=\"widget\" data-widget_type=\"image.default\">\n\t\t\t\t\t\t\t\t\t\t\t\t<figure class=\"wp-caption\">\n\t\t\t\t\t\t\t\t\t\t\t<a href=\"http:\/\/facebook.com\/reel\/2071098823467700\/?s=single_unit\">\n\t\t\t\t\t\t\t<img fetchpriority=\"high\" decoding=\"async\" width=\"1140\" height=\"872\" src=\"https:\/\/soymigrante.com\/revista\/wp-content\/uploads\/2026\/04\/guatemaltecos-en-Estados-Unidos-miss-gualan-USA-coronacion-2-1140x872.jpg\" class=\"attachment-large size-large wp-image-55511\" alt=\"guatemaltecos en Estados Unidos miss gualan USA coronacion 2\" srcset=\"https:\/\/soymigrante.com\/revista\/wp-content\/uploads\/2026\/04\/guatemaltecos-en-Estados-Unidos-miss-gualan-USA-coronacion-2-1140x872.jpg 1140w, https:\/\/soymigrante.com\/revista\/wp-content\/uploads\/2026\/04\/guatemaltecos-en-Estados-Unidos-miss-gualan-USA-coronacion-2-300x230.jpg 300w, https:\/\/soymigrante.com\/revista\/wp-content\/uploads\/2026\/04\/guatemaltecos-en-Estados-Unidos-miss-gualan-USA-coronacion-2-768x588.jpg 768w, https:\/\/soymigrante.com\/revista\/wp-content\/uploads\/2026\/04\/guatemaltecos-en-Estados-Unidos-miss-gualan-USA-coronacion-2-1536x1175.jpg 1536w, https:\/\/soymigrante.com\/revista\/wp-content\/uploads\/2026\/04\/guatemaltecos-en-Estados-Unidos-miss-gualan-USA-coronacion-2-750x574.jpg 750w, https:\/\/soymigrante.com\/revista\/wp-content\/uploads\/2026\/04\/guatemaltecos-en-Estados-Unidos-miss-gualan-USA-coronacion-2.jpg 1538w\" sizes=\"(max-width: 1140px) 100vw, 1140px\" \/>\t\t\t\t\t\t\t\t<\/a>\n\t\t\t\t\t\t\t\t\t\t\t<figcaption class=\"widget-image-caption wp-caption-text\">Fredy L\u00f3pez y su esposa, impulsores de varias iniciativas de beneficio para el municipio de Gual\u00e1n, Zacapa, junto a la reci\u00e9n coronada Miss Gual\u00e1n U.S.A., Christal Ivette Cabrera. Pocos momentos despu\u00e9s, hubo una evacuaci\u00f3ni por un incidente en otra \u00e1rea del complejo donde se realizaba la velada. (Foto cortes\u00eda Fredy L\u00f3pez)  PARA VER EL VIDEO DE LA CORONACI\u00d3N, CLIC EN LA IMAGEN\n<\/figcaption>\n\t\t\t\t\t\t\t\t\t\t<\/figure>\n\t\t\t\t\t\t\t\t\t<\/div>\n\t\t\t\t\t<\/div>\n\t\t\t\t<\/div>\n\t\t<div data-particle_enable=\"false\" data-particle-mobile-disabled=\"false\" class=\"elementor-element elementor-element-7ef4c02 e-flex e-con-boxed e-con e-parent\" data-id=\"7ef4c02\" data-element_type=\"container\" data-e-type=\"container\">\n\t\t\t\t\t<div class=\"e-con-inner\">\n\t\t\t\t<div class=\"elementor-element elementor-element-3ce2e6c elementor-widget elementor-widget-heading\" data-id=\"3ce2e6c\" data-element_type=\"widget\" data-e-type=\"widget\" data-widget_type=\"heading.default\">\n\t\t\t\t\t<h3 class=\"elementor-heading-title elementor-size-default\">Ante la adversidad, uni\u00f3n y creatividad<\/h3>\t\t\t\t<\/div>\n\t\t\t\t\t<\/div>\n\t\t\t\t<\/div>\n\t\t<div data-particle_enable=\"false\" data-particle-mobile-disabled=\"false\" class=\"elementor-element elementor-element-00e2720 e-flex e-con-boxed e-con e-parent\" data-id=\"00e2720\" data-element_type=\"container\" data-e-type=\"container\">\n\t\t\t\t\t<div class=\"e-con-inner\">\n\t\t\t\t<div class=\"elementor-element elementor-element-d384b70 elementor-widget elementor-widget-text-editor\" data-id=\"d384b70\" data-element_type=\"widget\" data-e-type=\"widget\" data-widget_type=\"text-editor.default\">\n\t\t\t\t\t\t\t\t\t<p>La decisi\u00f3n siguiente no estaba en el plan. Fue <a href=\"https:\/\/soymigrante.com\/revista\/como-mantener-serenidad-en-la-adversidad-estrategias-clave\/\">rescatar lo positivo en el momento justo.<\/a> A propuesta de la migrante guatemalteca Monica Champney Acevedo, el grupo decidi\u00f3 desplazarse a otro sitio, <a href=\"http:\/\/soymigrante.com\/revista\/asi-nacio-un-nucleo-de-sabor-guatemalteco-en-el-corazon-de-los-angeles\/\">el restaurante guatemalteco P\u00fachica,<\/a> a unos 20 kil\u00f3metros, seg\u00fan la ruta. \u201cLa idea fue v\u00e1monos y a ver qu\u00e9 pasa. Pensamos que era algo de unos pocos, pero se convirti\u00f3 en un rumor un\u00e1nime de uni\u00f3n\u201d, recuerda <a href=\"https:\/\/soymigrante.com\/revista\/migrante-guatemalteco-fredy-lopez-los-angeles-gualan-accion-con-amor\/\">Fredy<\/a>.<\/p><p>Entre los asistentes no solo hab\u00eda guatemaltecos de Los Angeles, sino de otros Estados. &#8220;Hab\u00eda gente de Las Vegas y tambi\u00e9n de Texas, pues la familia de la nueva Miss Gual\u00e1n reside all\u00ed&#8221;, explica Fredy. La idea de irse al restaurante sonaba bien para cerrar la noche.<\/p><p>Pero el cambio de local fue lo que hizo inolvidablemente hermosa la velada: \u201cLa gente nos sigui\u00f3. Todos se movilizaron. Ya no hab\u00eda ning\u00fan programa, pero se convivi\u00f3 en alegr\u00eda, en hermandad espont\u00e1nea y natural, todos guatemaltecos\u201d, explica L\u00f3pez.\u00a0<\/p>\t\t\t\t\t\t\t\t<\/div>\n\t\t\t\t\t<\/div>\n\t\t\t\t<\/div>\n\t\t<div data-particle_enable=\"false\" data-particle-mobile-disabled=\"false\" class=\"elementor-element elementor-element-3fdc0aa e-flex e-con-boxed e-con e-parent\" data-id=\"3fdc0aa\" data-element_type=\"container\" data-e-type=\"container\">\n\t\t\t\t\t<div class=\"e-con-inner\">\n\t\t\t\t<div class=\"elementor-element elementor-element-35bb93d elementor-widget elementor-widget-image\" data-id=\"35bb93d\" data-element_type=\"widget\" data-e-type=\"widget\" data-widget_type=\"image.default\">\n\t\t\t\t\t\t\t\t\t\t\t\t<figure class=\"wp-caption\">\n\t\t\t\t\t\t\t\t\t\t<img decoding=\"async\" width=\"871\" height=\"506\" src=\"https:\/\/soymigrante.com\/revista\/wp-content\/uploads\/2026\/04\/miss-gualan-usa-cambio-de-lugar.png\" class=\"attachment-large size-large wp-image-55512\" alt=\"Al producirse la evacuaci\u00f3n de la sede del evento, una guatemalteca propuso que quienes quisieran se reunieran en el restaurante guatemalteco Puchica, a unos 20 kil\u00f3metros de distancia. Hasta all\u00ed llevaron a la nueva Miss Gual\u00e1n USA quien recibi\u00f3 una c\u00e1lida bienvenida, pues el lugar estaba repleto de asistentes.\" srcset=\"https:\/\/soymigrante.com\/revista\/wp-content\/uploads\/2026\/04\/miss-gualan-usa-cambio-de-lugar.png 871w, https:\/\/soymigrante.com\/revista\/wp-content\/uploads\/2026\/04\/miss-gualan-usa-cambio-de-lugar-300x174.png 300w, https:\/\/soymigrante.com\/revista\/wp-content\/uploads\/2026\/04\/miss-gualan-usa-cambio-de-lugar-768x446.png 768w, https:\/\/soymigrante.com\/revista\/wp-content\/uploads\/2026\/04\/miss-gualan-usa-cambio-de-lugar-750x436.png 750w\" sizes=\"(max-width: 871px) 100vw, 871px\" \/>\t\t\t\t\t\t\t\t\t\t\t<figcaption class=\"widget-image-caption wp-caption-text\">Al producirse la evacuaci\u00f3n de la sede del evento, una  guatemalteca propuso que quienes quisieran se reunieran en el restaurante guatemalteco Puchica, a unos 20 kil\u00f3metros de distancia. Hasta all\u00ed llevaron a la nueva Miss Gual\u00e1n USA quien recibi\u00f3 una c\u00e1lida bienvenida, pues el lugar estaba repleto de asistentes.<\/figcaption>\n\t\t\t\t\t\t\t\t\t\t<\/figure>\n\t\t\t\t\t\t\t\t\t<\/div>\n\t\t\t\t\t<\/div>\n\t\t\t\t<\/div>\n\t\t<div data-particle_enable=\"false\" data-particle-mobile-disabled=\"false\" class=\"elementor-element elementor-element-47908c9 e-flex e-con-boxed e-con e-parent\" data-id=\"47908c9\" data-element_type=\"container\" data-e-type=\"container\">\n\t\t\t\t\t<div class=\"e-con-inner\">\n\t\t\t\t<div class=\"elementor-element elementor-element-2755078 elementor-widget elementor-widget-heading\" data-id=\"2755078\" data-element_type=\"widget\" data-e-type=\"widget\" data-widget_type=\"heading.default\">\n\t\t\t\t\t<h3 class=\"elementor-heading-title elementor-size-default\">\u00a1P\u00fachica! All\u00ed todo dio un giro sorprendente<\/h3>\t\t\t\t<\/div>\n\t\t\t\t\t<\/div>\n\t\t\t\t<\/div>\n\t\t<div data-particle_enable=\"false\" data-particle-mobile-disabled=\"false\" class=\"elementor-element elementor-element-07136f9 e-flex e-con-boxed e-con e-parent\" data-id=\"07136f9\" data-element_type=\"container\" data-e-type=\"container\">\n\t\t\t\t\t<div class=\"e-con-inner\">\n\t\t\t\t<div class=\"elementor-element elementor-element-71eeb82 elementor-widget elementor-widget-text-editor\" data-id=\"71eeb82\" data-element_type=\"widget\" data-e-type=\"widget\" data-widget_type=\"text-editor.default\">\n\t\t\t\t\t\t\t\t\t<p>Por supuesto, llevaron a la reci\u00e9n coronada Miss Gual\u00e1n U.S.A., Christal Ivette. Pero cuando llegaron a<a href=\"http:\/\/soymigrante.com\/revista\/asi-nacio-un-nucleo-de-sabor-guatemalteco-en-el-corazon-de-los-angeles\/\"> Puchica Guatemalan Restaurant Bar &amp; Grill<\/a> la sorpresa fue que\u00a0 el lugar ya estaba repleto: muchos de los asistentes que ya no hab\u00edan logrado entrar a la primera sede, se adelantaron. Y a ellos se sumaron los dem\u00e1s.<\/p><p>&#8220;Fue emocionante, alegre la llegada de Ivette&#8221;, cuenta Fredy L\u00f3pez.\u00a0<\/p><p>La entrada de la nueva reina de los gualantecos ausentes marc\u00f3 el momento central de la noche. Cuando entr\u00f3 Miss Gual\u00e1n, el recibimiento se volvi\u00f3 sonoro, largo, emocionante: la gente se puso de pie, los aplausos se extendieron m\u00e1s de lo habitual y el murmullo se transform\u00f3 en celebraci\u00f3n. \u201cEl aplauso fue tan bonito que se pod\u00eda sentir el cari\u00f1o de todos hasta en la piel\u201d, resume <a href=\"https:\/\/soymigrante.com\/revista\/migrante-guatemalteco-fredy-lopez-los-angeles-gualan-accion-con-amor\/\">Fredy Aroldo L\u00f3pez.\u00a0<\/a><\/p><p>La escena, sin escenario formal, acerc\u00f3 a la reina con quienes hab\u00edan seguido la jornada hasta ese punto. Aquel imprevisto que amenazaba con echar abajo semanas de preparaci\u00f3n, se convirti\u00f3 en un acto de hermandad.<\/p>\t\t\t\t\t\t\t\t<\/div>\n\t\t\t\t\t<\/div>\n\t\t\t\t<\/div>\n\t\t<div data-particle_enable=\"false\" data-particle-mobile-disabled=\"false\" class=\"elementor-element elementor-element-441abce e-flex e-con-boxed e-con e-parent\" data-id=\"441abce\" data-element_type=\"container\" data-e-type=\"container\">\n\t\t\t\t\t<div class=\"e-con-inner\">\n\t\t\t\t<div class=\"elementor-element elementor-element-34d5481 elementor-widget elementor-widget-image\" data-id=\"34d5481\" data-element_type=\"widget\" data-e-type=\"widget\" data-widget_type=\"image.default\">\n\t\t\t\t\t\t\t\t\t\t\t\t<figure class=\"wp-caption\">\n\t\t\t\t\t\t\t\t\t\t<img decoding=\"async\" width=\"1140\" height=\"856\" src=\"https:\/\/soymigrante.com\/revista\/wp-content\/uploads\/2026\/04\/miss-gualan-usa-en-los-angelees-1140x856.jpg\" class=\"attachment-large size-large wp-image-55513\" alt=\"Despu\u00e9s del emocionante recibimiento en el restaurante de comida guatemalteca P\u00fachica, de Los Angeles, todos quer\u00edan su respectiva foto con Chrystal Ivette Cabrera, Miss Gualan USA 2026-2027.\" srcset=\"https:\/\/soymigrante.com\/revista\/wp-content\/uploads\/2026\/04\/miss-gualan-usa-en-los-angelees-1140x856.jpg 1140w, https:\/\/soymigrante.com\/revista\/wp-content\/uploads\/2026\/04\/miss-gualan-usa-en-los-angelees-300x225.jpg 300w, https:\/\/soymigrante.com\/revista\/wp-content\/uploads\/2026\/04\/miss-gualan-usa-en-los-angelees-768x577.jpg 768w, https:\/\/soymigrante.com\/revista\/wp-content\/uploads\/2026\/04\/miss-gualan-usa-en-los-angelees-1536x1154.jpg 1536w, https:\/\/soymigrante.com\/revista\/wp-content\/uploads\/2026\/04\/miss-gualan-usa-en-los-angelees-750x563.jpg 750w, https:\/\/soymigrante.com\/revista\/wp-content\/uploads\/2026\/04\/miss-gualan-usa-en-los-angelees.jpg 2048w\" sizes=\"(max-width: 1140px) 100vw, 1140px\" \/>\t\t\t\t\t\t\t\t\t\t\t<figcaption class=\"widget-image-caption wp-caption-text\">Despu\u00e9s del emocionante recibimiento en el restaurante de comida guatemalteca P\u00fachica, de Los Angeles, todos quer\u00edan su respectiva foto con Chrystal Ivette Cabrera, Miss Gualan USA 2026-2027.<\/figcaption>\n\t\t\t\t\t\t\t\t\t\t<\/figure>\n\t\t\t\t\t\t\t\t\t<\/div>\n\t\t\t\t\t<\/div>\n\t\t\t\t<\/div>\n\t\t<div data-particle_enable=\"false\" data-particle-mobile-disabled=\"false\" class=\"elementor-element elementor-element-1bd4de9 e-flex e-con-boxed e-con e-parent\" data-id=\"1bd4de9\" data-element_type=\"container\" data-e-type=\"container\">\n\t\t\t\t\t<div class=\"e-con-inner\">\n\t\t\t\t<div class=\"elementor-element elementor-element-02f6614 elementor-widget elementor-widget-heading\" data-id=\"02f6614\" data-element_type=\"widget\" data-e-type=\"widget\" data-widget_type=\"heading.default\">\n\t\t\t\t\t<h3 class=\"elementor-heading-title elementor-size-default\">\"Le di\u00f3 a\u00fan m\u00e1s brillo a la corona de Ivette\"<\/h3>\t\t\t\t<\/div>\n\t\t\t\t\t<\/div>\n\t\t\t\t<\/div>\n\t\t<div data-particle_enable=\"false\" data-particle-mobile-disabled=\"false\" class=\"elementor-element elementor-element-10035f8 e-flex e-con-boxed e-con e-parent\" data-id=\"10035f8\" data-element_type=\"container\" data-e-type=\"container\">\n\t\t\t\t\t<div class=\"e-con-inner\">\n\t\t\t\t<div class=\"elementor-element elementor-element-8a4b2a7 elementor-widget elementor-widget-text-editor\" data-id=\"8a4b2a7\" data-element_type=\"widget\" data-e-type=\"widget\" data-widget_type=\"text-editor.default\">\n\t\t\t\t\t\t\t\t\t<p>\u201cLo que pudo haber sido un lamento se transform\u00f3 en alegr\u00eda y una convivencia\u201d, afirma L\u00f3pez. La experiencia, a\u00f1ade, quedar\u00e1 como referencia para la propia coronada.<\/p><p>\u201cYo le dije a Christal Ivette: Ninguna reina de belleza va a tener una aventura as\u00ed, de encontrarse ante una situaci\u00f3n que parec\u00eda apagar la noche, pero que de pronto, le dio m\u00e1s brilla a la corona que luces con tanto honor y orgullo, porque en ella brilla la hermandad guatemalteca\u201d.<\/p><p>La noche cerr\u00f3 sin el programa original, pero con una participaci\u00f3n que se reorganiz\u00f3 sobre la marcha. La coronaci\u00f3n se sostuvo; el resto cambi\u00f3 de forma. En ese traslado, la comunidad mantuvo el encuentro.<\/p>\t\t\t\t\t\t\t\t<\/div>\n\t\t\t\t\t<\/div>\n\t\t\t\t<\/div>\n\t\t<div data-particle_enable=\"false\" data-particle-mobile-disabled=\"false\" class=\"elementor-element elementor-element-267f317 e-flex e-con-boxed e-con e-parent\" data-id=\"267f317\" data-element_type=\"container\" data-e-type=\"container\">\n\t\t\t\t\t<div class=\"e-con-inner\">\n\t\t\t\t<div class=\"elementor-element elementor-element-339c67c elementor-widget elementor-widget-image\" data-id=\"339c67c\" data-element_type=\"widget\" data-e-type=\"widget\" data-widget_type=\"image.default\">\n\t\t\t\t\t\t\t\t\t\t\t\t<figure class=\"wp-caption\">\n\t\t\t\t\t\t\t\t\t\t\t<a href=\"https:\/\/www.facebook.com\/100053614700539\/videos\/pcb.1649860223477785\/969801158964737\">\n\t\t\t\t\t\t\t<img loading=\"lazy\" decoding=\"async\" width=\"682\" height=\"1024\" src=\"https:\/\/soymigrante.com\/revista\/wp-content\/uploads\/2026\/04\/guatemaltecos-en-estados-unidos-miss-gualan-2026-682x1024.jpg\" class=\"attachment-large size-large wp-image-55514\" alt=\"Pageant winner wearing a jeweled crown and a light green sequined gown, sash reading &#039;Guadalain USA&#039; and a smile.\" srcset=\"https:\/\/soymigrante.com\/revista\/wp-content\/uploads\/2026\/04\/guatemaltecos-en-estados-unidos-miss-gualan-2026-682x1024.jpg 682w, https:\/\/soymigrante.com\/revista\/wp-content\/uploads\/2026\/04\/guatemaltecos-en-estados-unidos-miss-gualan-2026-200x300.jpg 200w, https:\/\/soymigrante.com\/revista\/wp-content\/uploads\/2026\/04\/guatemaltecos-en-estados-unidos-miss-gualan-2026-768x1153.jpg 768w, https:\/\/soymigrante.com\/revista\/wp-content\/uploads\/2026\/04\/guatemaltecos-en-estados-unidos-miss-gualan-2026-1023x1536.jpg 1023w, https:\/\/soymigrante.com\/revista\/wp-content\/uploads\/2026\/04\/guatemaltecos-en-estados-unidos-miss-gualan-2026-750x1126.jpg 750w, https:\/\/soymigrante.com\/revista\/wp-content\/uploads\/2026\/04\/guatemaltecos-en-estados-unidos-miss-gualan-2026.jpg 1066w\" sizes=\"(max-width: 682px) 100vw, 682px\" \/>\t\t\t\t\t\t\t\t<\/a>\n\t\t\t\t\t\t\t\t\t\t\t<figcaption class=\"widget-image-caption wp-caption-text\">Miss Gual\u00e1n U.S.A. 2026 Crystal Ivette Cabrera estudia Psicolog\u00eda y reside en San Antonio Texas. Mira la breve entrevista que le hicieron el restaurante guatemalteco P\u00fachica de Los Angeles<\/figcaption>\n\t\t\t\t\t\t\t\t\t\t<\/figure>\n\t\t\t\t\t\t\t\t\t<\/div>\n\t\t\t\t\t<\/div>\n\t\t\t\t<\/div>\n\t\t<div data-particle_enable=\"false\" data-particle-mobile-disabled=\"false\" class=\"elementor-element elementor-element-37a21dd e-flex e-con-boxed e-con e-parent\" data-id=\"37a21dd\" data-element_type=\"container\" data-e-type=\"container\">\n\t\t\t\t\t<div class=\"e-con-inner\">\n\t\t\t\t<div class=\"elementor-element elementor-element-e39cb91 elementor-widget elementor-widget-heading\" data-id=\"e39cb91\" data-element_type=\"widget\" data-e-type=\"widget\" data-widget_type=\"heading.default\">\n\t\t\t\t\t<h2 class=\"elementor-heading-title elementor-size-default\">Quiz\u00e1 tambi\u00e9n te podr\u00eda interesar<\/h2>\t\t\t\t<\/div>\n\t\t\t\t\t<\/div>\n\t\t\t\t<\/div>\n\t\t<div data-particle_enable=\"false\" data-particle-mobile-disabled=\"false\" class=\"elementor-element elementor-element-6290b37 e-flex e-con-boxed e-con e-parent\" data-id=\"6290b37\" data-element_type=\"container\" data-e-type=\"container\">\n\t\t\t\t\t<div class=\"e-con-inner\">\n\t\t\t\t<div class=\"elementor-element elementor-element-3a62454 elementor-grid-eael-col-3 elementor-grid-tablet-eael-col-2 elementor-grid-mobile-eael-col-1 elementor-widget elementor-widget-eael-post-grid\" data-id=\"3a62454\" data-element_type=\"widget\" data-e-type=\"widget\" data-settings=\"{&quot;eael_post_grid_columns&quot;:&quot;eael-col-3&quot;,&quot;eael_post_grid_columns_tablet&quot;:&quot;eael-col-2&quot;,&quot;eael_post_grid_columns_mobile&quot;:&quot;eael-col-1&quot;}\" data-widget_type=\"eael-post-grid.default\">\n\t\t\t\t\t<div id=\"eael-post-grid-3a62454\" class=\"eael-post-grid-container\">\n            <div class=\"eael-post-grid eael-post-appender eael-post-appender-3a62454 eael-post-grid-style-one\" data-layout-mode=\"masonry\"><article class=\"eael-grid-post  eael-post-grid-column eael-pg-post-774 category-exitos tags-california\" data-id=\"774\">\n        <div class=\"eael-grid-post-holder\">\n            <div class=\"eael-grid-post-holder-inner\"><div class=\"eael-entry-media\"><div class=\"eael-entry-overlay fade-in\"><i class=\"far fa-hand-pointer\" aria-hidden=\"true\"><\/i><a href=\"https:\/\/soymigrante.com\/revista\/asi-nacio-un-nucleo-de-sabor-guatemalteco-en-el-corazon-de-los-angeles\/\"><\/a><\/div><div class=\"eael-entry-thumbnail eael-image-ratio\">\n                <img loading=\"lazy\" decoding=\"async\" width=\"736\" height=\"1024\" src=\"https:\/\/soymigrante.com\/revista\/wp-content\/uploads\/2023\/03\/1-EXITOS-RESTAURANTE-PUCHICA-LA-FERNANDO-LURSSEN-1-736x1024.jpg\" class=\"attachment-large size-large wp-image-775\" alt=\"Restaurante guatemalteco P\u00fachica en Los Angeles\" srcset=\"https:\/\/soymigrante.com\/revista\/wp-content\/uploads\/2023\/03\/1-EXITOS-RESTAURANTE-PUCHICA-LA-FERNANDO-LURSSEN-1-736x1024.jpg 736w, https:\/\/soymigrante.com\/revista\/wp-content\/uploads\/2023\/03\/1-EXITOS-RESTAURANTE-PUCHICA-LA-FERNANDO-LURSSEN-1-216x300.webp 216w, https:\/\/soymigrante.com\/revista\/wp-content\/uploads\/2023\/03\/1-EXITOS-RESTAURANTE-PUCHICA-LA-FERNANDO-LURSSEN-1.webp 750w\" sizes=\"(max-width: 736px) 100vw, 736px\" \/>\n            <\/div>\n        <\/div><div class=\"eael-entry-wrapper\"><header class=\"eael-entry-header\"><h2 class=\"eael-entry-title\"><a class=\"eael-grid-post-link\" href=\"https:\/\/soymigrante.com\/revista\/asi-nacio-un-nucleo-de-sabor-guatemalteco-en-el-corazon-de-los-angeles\/\" title=\"As\u00ed naci\u00f3 el restaurante guatemalteco Puchica, un n\u00facleo de sabor chap\u00edn en el coraz\u00f3n de Los Angeles\">As\u00ed naci\u00f3 el restaurante guatemalteco Puchica, un n\u00facleo de sabor chap\u00edn en el coraz\u00f3n de Los Angeles<\/a><\/h2><\/header><div class=\"eael-entry-content\">\n                        <div class=\"eael-grid-post-excerpt\"><a href=\"https:\/\/soymigrante.com\/revista\/asi-nacio-un-nucleo-de-sabor-guatemalteco-en-el-corazon-de-los-angeles\/\" class=\"eael-post-elements-readmore-btn\">CONOCE SU HISTORIA <\/a><\/div>\n                    <\/div><\/div><\/div>\n        <\/div>\n    <\/article><article class=\"eael-grid-post  eael-post-grid-column eael-pg-post-38577 category-exitos-guatemala\" data-id=\"38577\">\n        <div class=\"eael-grid-post-holder\">\n            <div class=\"eael-grid-post-holder-inner\"><div class=\"eael-entry-media\"><div class=\"eael-entry-overlay fade-in\"><i class=\"far fa-hand-pointer\" aria-hidden=\"true\"><\/i><a href=\"https:\/\/soymigrante.com\/revista\/migrante-guatemalteco-fredy-lopez-los-angeles-gualan-accion-con-amor\/\"><\/a><\/div><div class=\"eael-entry-thumbnail eael-image-ratio\">\n                <img loading=\"lazy\" decoding=\"async\" width=\"819\" height=\"819\" src=\"https:\/\/soymigrante.com\/revista\/wp-content\/uploads\/2025\/07\/fredy-lopez-caballo.webp\" class=\"attachment-large size-large wp-image-38600\" alt=\"Caballo de montar con jinete en establo cubierto, cultura mexicana, tradici\u00f3n, fotografia de caballo, equitaci\u00f3n, ranchero, vida rural, im\u00e1genes de campo, turismo rural, fotograf\u00eda rural.\" srcset=\"https:\/\/soymigrante.com\/revista\/wp-content\/uploads\/2025\/07\/fredy-lopez-caballo.webp 819w, https:\/\/soymigrante.com\/revista\/wp-content\/uploads\/2025\/07\/fredy-lopez-caballo-300x300.jpg 300w, https:\/\/soymigrante.com\/revista\/wp-content\/uploads\/2025\/07\/fredy-lopez-caballo-150x150.jpg 150w, https:\/\/soymigrante.com\/revista\/wp-content\/uploads\/2025\/07\/fredy-lopez-caballo-768x768.jpg 768w, https:\/\/soymigrante.com\/revista\/wp-content\/uploads\/2025\/07\/fredy-lopez-caballo-75x75.webp 75w, https:\/\/soymigrante.com\/revista\/wp-content\/uploads\/2025\/07\/fredy-lopez-caballo-750x750.webp 750w\" sizes=\"(max-width: 819px) 100vw, 819px\" \/>\n            <\/div>\n        <\/div><div class=\"eael-entry-wrapper\"><header class=\"eael-entry-header\"><h2 class=\"eael-entry-title\"><a class=\"eael-grid-post-link\" href=\"https:\/\/soymigrante.com\/revista\/migrante-guatemalteco-fredy-lopez-los-angeles-gualan-accion-con-amor\/\" title=\"El coraz\u00f3n del migrante Fredy Aroldo L\u00f3pez late por Gual\u00e1n desde Los Angeles\">El coraz\u00f3n del migrante Fredy Aroldo L\u00f3pez late por Gual\u00e1n desde Los Angeles<\/a><\/h2><\/header><div class=\"eael-entry-content\">\n                        <div class=\"eael-grid-post-excerpt\"><a href=\"https:\/\/soymigrante.com\/revista\/migrante-guatemalteco-fredy-lopez-los-angeles-gualan-accion-con-amor\/\" class=\"eael-post-elements-readmore-btn\">CONOCE SU HISTORIA <\/a><\/div>\n                    <\/div><\/div><\/div>\n        <\/div>\n    <\/article><article class=\"eael-grid-post  eael-post-grid-column eael-pg-post-8085 category-recetas-guatemaltecas\" data-id=\"8085\">\n        <div class=\"eael-grid-post-holder\">\n            <div class=\"eael-grid-post-holder-inner\"><div class=\"eael-entry-media\"><div class=\"eael-entry-overlay fade-in\"><i class=\"far fa-hand-pointer\" aria-hidden=\"true\"><\/i><a href=\"https:\/\/soymigrante.com\/revista\/entre-las-recetas-guatemaltecas-el-jocon-es-una-de-las-estrellas\/\"><\/a><\/div><div class=\"eael-entry-thumbnail eael-image-ratio\">\n                <img loading=\"lazy\" decoding=\"async\" width=\"1024\" height=\"612\" src=\"https:\/\/soymigrante.com\/revista\/wp-content\/uploads\/2024\/08\/Receta-guatemalteca-del-jocon-un-delicioso-platillo-del-hogar-2-1024x612.webp\" class=\"attachment-large size-large wp-image-8086\" alt=\"FileName: plato-tradicional-de-pollo-y-yuca-con-salsa-verde.jpg.\" srcset=\"https:\/\/soymigrante.com\/revista\/wp-content\/uploads\/2024\/08\/Receta-guatemalteca-del-jocon-un-delicioso-platillo-del-hogar-2-1024x612.webp 1024w, https:\/\/soymigrante.com\/revista\/wp-content\/uploads\/2024\/08\/Receta-guatemalteca-del-jocon-un-delicioso-platillo-del-hogar-2-300x179.webp 300w, https:\/\/soymigrante.com\/revista\/wp-content\/uploads\/2024\/08\/Receta-guatemalteca-del-jocon-un-delicioso-platillo-del-hogar-2-768x459.webp 768w, https:\/\/soymigrante.com\/revista\/wp-content\/uploads\/2024\/08\/Receta-guatemalteca-del-jocon-un-delicioso-platillo-del-hogar-2-750x448.webp 750w, https:\/\/soymigrante.com\/revista\/wp-content\/uploads\/2024\/08\/Receta-guatemalteca-del-jocon-un-delicioso-platillo-del-hogar-2-1140x681.webp 1140w, https:\/\/soymigrante.com\/revista\/wp-content\/uploads\/2024\/08\/Receta-guatemalteca-del-jocon-un-delicioso-platillo-del-hogar-2.webp 1200w\" sizes=\"(max-width: 1024px) 100vw, 1024px\" \/>\n            <\/div>\n        <\/div><div class=\"eael-entry-wrapper\"><header class=\"eael-entry-header\"><h2 class=\"eael-entry-title\"><a class=\"eael-grid-post-link\" href=\"https:\/\/soymigrante.com\/revista\/entre-las-recetas-guatemaltecas-el-jocon-es-una-de-las-estrellas\/\" title=\"El Joc\u00f3n es una de las estrellas m\u00e1s famosas de la comida chapina\">El Joc\u00f3n es una de las estrellas m\u00e1s famosas de la comida chapina<\/a><\/h2><\/header><div class=\"eael-entry-content\">\n                        <div class=\"eael-grid-post-excerpt\"><a href=\"https:\/\/soymigrante.com\/revista\/entre-las-recetas-guatemaltecas-el-jocon-es-una-de-las-estrellas\/\" class=\"eael-post-elements-readmore-btn\">CONOCE SU HISTORIA <\/a><\/div>\n                    <\/div><\/div><\/div>\n        <\/div>\n    <\/article><\/div>\n            <div class=\"clearfix\"><\/div>\n        <\/div>\t\t\t\t<\/div>\n\t\t\t\t\t<\/div>\n\t\t\t\t<\/div>\n\t\t\t\t<\/div>\n\t\t","protected":false},"excerpt":{"rendered":"<p>A poco de haber comenzado la esperada coronaci\u00f3n de Christal Ivette Cabrera, Miss Gual\u00e1n U.S.A. 2026-2027, el s\u00e1bado 25 de abril en Los Angeles, algo imprevisto ocurri\u00f3. Parec\u00eda que el evento quedaba inconcluso. Pero pudo seguir a 20 kil\u00f3metros de distancia. As\u00ed ocurri\u00f3. El s\u00e1bado 25 de abril estaba previsto el acto de coronaci\u00f3n de [&hellip;]<\/p>\n","protected":false},"author":1,"featured_media":55508,"comment_status":"open","ping_status":"open","sticky":false,"template":"","format":"standard","meta":{"_acf_changed":false,"_eb_attr":"","footnotes":""},"categories":[54],"tags":[],"class_list":["post-55507","post","type-post","status-publish","format-standard","has-post-thumbnail","hentry","category-estamos-unidos"],"acf":[],"aioseo_notices":[],"aioseo_head":"\n\t\t<!-- All in One SEO Pro 4.9.6.2 - aioseo.com -->\n\t<meta name=\"description\" content=\"La receta guatemalteca del joc\u00f3n es \u00fanica y constituye un aut\u00e9ntico patrimonio gastron\u00f3mico chap\u00edn. Prepararlo no es tan dif\u00edcil pero requiere tiempo.\" \/>\n\t<meta name=\"robots\" content=\"max-snippet:-1, max-image-preview:large, max-video-preview:-1\" \/>\n\t<meta name=\"author\" content=\"Marysabel Aldana\"\/>\n\t<link rel=\"canonical\" href=\"https:\/\/soymigrante.com\/revista\/entre-las-recetas-guatemaltecas-el-jocon-es-una-de-las-estrellas\/\" \/>\n\t<meta name=\"generator\" content=\"All in One SEO Pro (AIOSEO) 4.9.6.2\" \/>\n\n\t\t<link rel=\"preconnect\" href=\"https:\/\/fonts.googleapis.com\" crossorigin>\n<link rel=\"preconnect\" href=\"https:\/\/fonts.gstatic.com\" crossorigin>\n\t\t<meta property=\"og:locale\" content=\"es_ES\" \/>\n\t\t<meta property=\"og:site_name\" content=\"SoyMigrante.com REVISTA \u2013 Nuestra misi\u00f3n es reconocer y dignificar al migrante.\" \/>\n\t\t<meta property=\"og:type\" content=\"article\" \/>\n\t\t<meta property=\"og:title\" content=\"El Joc\u00f3n es una de las estrellas m\u00e1s famosas de la comida chapina\" \/>\n\t\t<meta property=\"og:description\" content=\"La receta guatemalteca del joc\u00f3n es \u00fanica y constituye un aut\u00e9ntico patrimonio gastron\u00f3mico chap\u00edn. Prepararlo no es tan dif\u00edcil pero requiere tiempo.\" \/>\n\t\t<meta property=\"og:url\" content=\"https:\/\/soymigrante.com\/revista\/entre-las-recetas-guatemaltecas-el-jocon-es-una-de-las-estrellas\/\" \/>\n\t\t<meta property=\"og:image\" content=\"https:\/\/soymigrante.com\/revista\/wp-content\/uploads\/2024\/08\/Receta-guatemalteca-del-jocon-un-delicioso-platillo-del-hogar-2.webp\" \/>\n\t\t<meta property=\"og:image:secure_url\" content=\"https:\/\/soymigrante.com\/revista\/wp-content\/uploads\/2024\/08\/Receta-guatemalteca-del-jocon-un-delicioso-platillo-del-hogar-2.webp\" \/>\n\t\t<meta property=\"og:image:width\" content=\"1200\" \/>\n\t\t<meta property=\"og:image:height\" content=\"717\" \/>\n\t\t<meta property=\"article:published_time\" content=\"2024-09-04T21:22:40+00:00\" \/>\n\t\t<meta property=\"article:modified_time\" content=\"2025-06-20T21:51:31+00:00\" \/>\n\t\t<meta property=\"article:publisher\" content=\"https:\/\/www.facebook.com\/soymigrantecom\" \/>\n\t\t<meta name=\"twitter:card\" content=\"summary_large_image\" \/>\n\t\t<meta name=\"twitter:site\" content=\"@SoyMigrante_com\" \/>\n\t\t<meta name=\"twitter:title\" content=\"El Joc\u00f3n es una de las estrellas m\u00e1s famosas de la comida chapina\" \/>\n\t\t<meta name=\"twitter:description\" content=\"La receta guatemalteca del joc\u00f3n es \u00fanica y constituye un aut\u00e9ntico patrimonio gastron\u00f3mico chap\u00edn. Prepararlo no es tan dif\u00edcil pero requiere tiempo.\" \/>\n\t\t<meta name=\"twitter:creator\" content=\"@SoyMigrante_com\" \/>\n\t\t<meta name=\"twitter:image\" content=\"https:\/\/soymigrante.com\/revista\/wp-content\/uploads\/2024\/08\/Receta-guatemalteca-del-jocon-un-delicioso-platillo-del-hogar-2.webp\" \/>\n\t\t<!-- All in One SEO Pro -->\r\n\t\t<title>El Joc\u00f3n es una de las estrellas m\u00e1s famosas de la comida chapina<\/title>\n\n","aioseo_head_json":{"title":"El Joc\u00f3n es una de las estrellas m\u00e1s famosas de la comida chapina","description":"La receta guatemalteca del joc\u00f3n es \u00fanica y constituye un aut\u00e9ntico patrimonio gastron\u00f3mico chap\u00edn. Prepararlo no es tan dif\u00edcil pero requiere tiempo.","canonical_url":"https:\/\/soymigrante.com\/revista\/entre-las-recetas-guatemaltecas-el-jocon-es-una-de-las-estrellas\/","robots":"max-snippet:-1, max-image-preview:large, max-video-preview:-1","keywords":"","webmasterTools":{"miscellaneous":"&lt;link rel=\"preconnect\" href=\"https:\/\/fonts.googleapis.com\" crossorigin&gt;\n&lt;link rel=\"preconnect\" href=\"https:\/\/fonts.gstatic.com\" crossorigin&gt;"},"schema":null,"og:locale":"es_ES","og:site_name":"SoyMigrante.com REVISTA \u2013 Nuestra misi\u00f3n es reconocer y dignificar al migrante.","og:type":"article","og:title":"El Joc\u00f3n es una de las estrellas m\u00e1s famosas de la comida chapina","og:description":"La receta guatemalteca del joc\u00f3n es \u00fanica y constituye un aut\u00e9ntico patrimonio gastron\u00f3mico chap\u00edn. Prepararlo no es tan dif\u00edcil pero requiere tiempo.","og:url":"https:\/\/soymigrante.com\/revista\/entre-las-recetas-guatemaltecas-el-jocon-es-una-de-las-estrellas\/","og:image":"https:\/\/soymigrante.com\/revista\/wp-content\/uploads\/2024\/08\/Receta-guatemalteca-del-jocon-un-delicioso-platillo-del-hogar-2.webp","og:image:secure_url":"https:\/\/soymigrante.com\/revista\/wp-content\/uploads\/2024\/08\/Receta-guatemalteca-del-jocon-un-delicioso-platillo-del-hogar-2.webp","og:image:width":1200,"og:image:height":717,"article:published_time":"2024-09-04T21:22:40+00:00","article:modified_time":"2025-06-20T21:51:31+00:00","article:publisher":"https:\/\/www.facebook.com\/soymigrantecom","twitter:card":"summary_large_image","twitter:site":"@SoyMigrante_com","twitter:title":"El Joc\u00f3n es una de las estrellas m\u00e1s famosas de la comida chapina","twitter:description":"La receta guatemalteca del joc\u00f3n es \u00fanica y constituye un aut\u00e9ntico patrimonio gastron\u00f3mico chap\u00edn. Prepararlo no es tan dif\u00edcil pero requiere tiempo.","twitter:creator":"@SoyMigrante_com","twitter:image":"https:\/\/soymigrante.com\/revista\/wp-content\/uploads\/2024\/08\/Receta-guatemalteca-del-jocon-un-delicioso-platillo-del-hogar-2.webp"},"aioseo_meta_data":{"post_id":"55507","title":"El imprevisto que hizo brillar m\u00e1s la corona Miss Gual\u00e1n USA","description":"Evento Miss Gual\u00e1n U.S.A. 2026 en Los Angeles se vio interrumpido por un incidente ajeno. Sigui\u00f3 a 40 km de distancia gracias a la uni\u00f3n guatemalteca. As\u00ed ocurri\u00f3","keywords":null,"keyphrases":{"focus":{"keyphrase":"Guatemalteca","score":54,"analysis":{"keyphraseInTitle":{"score":3,"maxScore":9,"error":1},"keyphraseInDescription":{"score":9,"maxScore":9,"error":0},"keyphraseLength":{"score":9,"maxScore":9,"error":0,"length":1},"keyphraseInURL":{"score":1,"maxScore":5,"error":1},"keyphraseInIntroduction":{"score":3,"maxScore":9,"error":1},"keyphraseInSubHeadings":{"score":3,"maxScore":9,"error":1},"keyphraseInImageAlt":{"score":9,"maxScore":9,"error":0},"keywordDensity":{"score":0,"type":"low","maxScore":9,"error":1}}},"additional":[{"keyphrase":"Gual\u00e1n","score":100,"analysis":{"keyphraseInDescription":{"score":9,"maxScore":9,"error":0},"keyphraseLength":{"score":9,"maxScore":9,"error":0,"length":2},"keyphraseInIntroduction":{"score":9,"maxScore":9,"error":0},"keyphraseInImageAlt":{"score":9,"maxScore":9,"error":0},"keywordDensity":{"type":"best","score":9,"maxScore":9,"error":0}}},{"keyphrase":"Miss","score":100,"analysis":{"keyphraseInDescription":{"score":9,"maxScore":9,"error":0},"keyphraseLength":{"score":9,"maxScore":9,"error":0,"length":1},"keyphraseInIntroduction":{"score":9,"maxScore":9,"error":0},"keyphraseInImageAlt":{"score":9,"maxScore":9,"error":0},"keywordDensity":{"type":"best","score":9,"maxScore":9,"error":0}}}]},"primary_term":null,"canonical_url":null,"og_title":null,"og_description":null,"og_object_type":"default","og_image_type":"default","og_image_url":null,"og_image_width":null,"og_image_height":null,"og_image_custom_url":null,"og_image_custom_fields":null,"og_video":"","og_custom_url":null,"og_article_section":null,"og_article_tags":null,"twitter_use_og":false,"twitter_card":"default","twitter_image_type":"default","twitter_image_url":null,"twitter_image_custom_url":null,"twitter_image_custom_fields":null,"twitter_title":null,"twitter_description":null,"schema":{"blockGraphs":[],"customGraphs":[],"default":{"data":{"Article":[],"Course":[],"Dataset":[],"FAQPage":[],"Movie":[],"Person":[],"Product":[],"ProductReview":[],"Car":[],"Recipe":[],"Service":[],"SoftwareApplication":[],"WebPage":[]},"graphName":"NewsArticle","isEnabled":true},"graphs":[]},"schema_type":"default","schema_type_options":null,"pillar_content":false,"robots_default":true,"robots_noindex":false,"robots_noarchive":false,"robots_nosnippet":false,"robots_nofollow":false,"robots_noimageindex":false,"robots_noodp":false,"robots_notranslate":false,"robots_max_snippet":"-1","robots_max_videopreview":"-1","robots_max_imagepreview":"large","priority":null,"frequency":"default","local_seo":null,"seo_analyzer_scan_date":null,"breadcrumb_settings":null,"limit_modified_date":false,"reviewed_by":"0","open_ai":null,"ai":{"faqs":[],"keyPoints":[],"schemas":[],"titles":[],"descriptions":[],"socialPosts":{"email":[],"linkedin":[],"twitter":[],"facebook":[],"instagram":[]}},"created":"2026-04-27 17:51:49","updated":"2026-04-27 19:56:09"},"aioseo_breadcrumb":"<div class=\"aioseo-breadcrumbs\"><span class=\"aioseo-breadcrumb\">\n\t<a href=\"https:\/\/soymigrante.com\/revista\" title=\"Home\">Home<\/a>\n<\/span><span class=\"aioseo-breadcrumb-separator\">\u00bb<\/span><span class=\"aioseo-breadcrumb\">\n\t<a href=\"https:\/\/soymigrante.com\/revista\/category\/estamos-unidos\/\" title=\"Estamos Unidos\">Estamos Unidos<\/a>\n<\/span><span class=\"aioseo-breadcrumb-separator\">\u00bb<\/span><span class=\"aioseo-breadcrumb\">\n\tUn imprevisto en la coronaci\u00f3n de Miss Gualan U.S.A. 2026 en Los Angeles hizo brillar la uni\u00f3n guatemalteca\n<\/span><\/div>","aioseo_breadcrumb_json":[{"label":"Home","link":"https:\/\/soymigrante.com\/revista"},{"label":"Estamos Unidos","link":"https:\/\/soymigrante.com\/revista\/category\/estamos-unidos\/"},{"label":"Un imprevisto en la coronaci\u00f3n de Miss Gualan U.S.A. 2026 en Los Angeles hizo brillar la uni\u00f3n guatemalteca","link":"https:\/\/soymigrante.com\/revista\/miss-gualan-usa-coronacion-imprevisto-guatemaltecos-en-estados-unidos-union-abril-2026\/"}],"_links":{"self":[{"href":"https:\/\/soymigrante.com\/revista\/wp-json\/wp\/v2\/posts\/55507","targetHints":{"allow":["GET"]}}],"collection":[{"href":"https:\/\/soymigrante.com\/revista\/wp-json\/wp\/v2\/posts"}],"about":[{"href":"https:\/\/soymigrante.com\/revista\/wp-json\/wp\/v2\/types\/post"}],"author":[{"embeddable":true,"href":"https:\/\/soymigrante.com\/revista\/wp-json\/wp\/v2\/users\/1"}],"replies":[{"embeddable":true,"href":"https:\/\/soymigrante.com\/revista\/wp-json\/wp\/v2\/comments?post=55507"}],"version-history":[{"count":8,"href":"https:\/\/soymigrante.com\/revista\/wp-json\/wp\/v2\/posts\/55507\/revisions"}],"predecessor-version":[{"id":55521,"href":"https:\/\/soymigrante.com\/revista\/wp-json\/wp\/v2\/posts\/55507\/revisions\/55521"}],"wp:featuredmedia":[{"embeddable":true,"href":"https:\/\/soymigrante.com\/revista\/wp-json\/wp\/v2\/media\/55508"}],"wp:attachment":[{"href":"https:\/\/soymigrante.com\/revista\/wp-json\/wp\/v2\/media?parent=55507"}],"wp:term":[{"taxonomy":"category","embeddable":true,"href":"https:\/\/soymigrante.com\/revista\/wp-json\/wp\/v2\/categories?post=55507"},{"taxonomy":"post_tag","embeddable":true,"href":"https:\/\/soymigrante.com\/revista\/wp-json\/wp\/v2\/tags?post=55507"}],"curies":[{"name":"wp","href":"https:\/\/api.w.org\/{rel}","templated":true}]}}