{"id":55444,"date":"2026-04-24T16:06:30","date_gmt":"2026-04-24T22:06:30","guid":{"rendered":"https:\/\/soymigrante.com\/revista\/?p=55444"},"modified":"2026-04-24T16:14:53","modified_gmt":"2026-04-24T22:14:53","slug":"cantautora-migrante-guatemalteca-wendy-dgi-crea-cancion-desafiante-la-envidia","status":"publish","type":"post","link":"https:\/\/soymigrante.com\/revista\/cantautora-migrante-guatemalteca-wendy-dgi-crea-cancion-desafiante-la-envidia\/","title":{"rendered":"&#8220;La Envidia&#8221;: cantautora migrante guatemalteca Wendy DGi crea una canci\u00f3n desafiante"},"content":{"rendered":"\t\t<div data-elementor-type=\"wp-post\" data-elementor-id=\"55444\" class=\"elementor elementor-55444\" data-elementor-post-type=\"post\">\n\t\t\t\t<div data-particle_enable=\"false\" data-particle-mobile-disabled=\"false\" class=\"elementor-element elementor-element-90c010f e-flex e-con-boxed e-con e-parent\" data-id=\"90c010f\" data-element_type=\"container\" data-e-type=\"container\">\n\t\t\t\t\t<div class=\"e-con-inner\">\n\t\t\t\t<div class=\"elementor-element elementor-element-b3c9b6f elementor-widget elementor-widget-heading\" data-id=\"b3c9b6f\" data-element_type=\"widget\" data-e-type=\"widget\" data-widget_type=\"heading.default\">\n\t\t\t\t\t<h3 class=\"elementor-heading-title elementor-size-default\">Cantautora migrante guatemalteca Wendy DGi  cuenta el origen de su m\u00e1s reciente canci\u00f3n La Envidia. Radicada en Nueva York, posee una historia de viaje y sue\u00f1o simplemente impresionante.<\/h3>\t\t\t\t<\/div>\n\t\t\t\t\t<\/div>\n\t\t\t\t<\/div>\n\t\t<div data-particle_enable=\"false\" data-particle-mobile-disabled=\"false\" class=\"elementor-element elementor-element-b4e5aa7 e-flex e-con-boxed e-con e-parent\" data-id=\"b4e5aa7\" data-element_type=\"container\" data-e-type=\"container\">\n\t\t\t\t\t<div class=\"e-con-inner\">\n\t\t\t\t<div class=\"elementor-element elementor-element-2e0ba4c elementor-widget elementor-widget-text-editor\" data-id=\"2e0ba4c\" data-element_type=\"widget\" data-e-type=\"widget\" data-widget_type=\"text-editor.default\">\n\t\t\t\t\t\t\t\t\t<p><b>Por Wendy DGi, especial para SoyMigrante.com<\/b><\/p>\t\t\t\t\t\t\t\t<\/div>\n\t\t\t\t\t<\/div>\n\t\t\t\t<\/div>\n\t\t<div data-particle_enable=\"false\" data-particle-mobile-disabled=\"false\" class=\"elementor-element elementor-element-fd89220 e-flex e-con-boxed e-con e-parent\" data-id=\"fd89220\" data-element_type=\"container\" data-e-type=\"container\">\n\t\t\t\t\t<div class=\"e-con-inner\">\n\t\t\t\t<div class=\"elementor-element elementor-element-c0ff195 elementor-widget elementor-widget-text-editor\" data-id=\"c0ff195\" data-element_type=\"widget\" data-e-type=\"widget\" data-widget_type=\"text-editor.default\">\n\t\t\t\t\t\t\t\t\t<p>Yo soy Wendy DGi, y \u201cLa Envidia\u201d naci\u00f3 de una necesidad muy personal: soltar el peso de compararme, de mirar a los lados, de sentir que alguien m\u00e1s iba m\u00e1s r\u00e1pido o m\u00e1s lejos que yo.\u00a0<\/p><p>Viviendo en Nueva York, donde todo se mueve a un ritmo intenso y donde la competencia parece estar en cada esquina, entend\u00ed que si no encontraba paz dentro de m\u00ed, no iba a disfrutar nada de lo que estaba construyendo.<\/p><p>Por eso esta canci\u00f3n no es solo m\u00fasica; es una declaraci\u00f3n.\u00a0<\/p><p>\u00a0<\/p>\t\t\t\t\t\t\t\t<\/div>\n\t\t\t\t\t<\/div>\n\t\t\t\t<\/div>\n\t\t<div data-particle_enable=\"false\" data-particle-mobile-disabled=\"false\" class=\"elementor-element elementor-element-9b83b96 e-flex e-con-boxed e-con e-parent\" data-id=\"9b83b96\" data-element_type=\"container\" data-e-type=\"container\">\n\t\t\t\t\t<div class=\"e-con-inner\">\n\t\t\t\t<div class=\"elementor-element elementor-element-3a90f59 elementor-widget elementor-widget-html\" data-id=\"3a90f59\" data-element_type=\"widget\" data-e-type=\"widget\" data-widget_type=\"html.default\">\n\t\t\t\t\t<iframe width=\"560\" height=\"315\" src=\"https:\/\/www.youtube.com\/embed\/10WhM0mFjZk?si=MzfG1cZNnTl0LxMB\" title=\"YouTube video player\" frameborder=\"0\" allow=\"accelerometer; autoplay; clipboard-write; encrypted-media; gyroscope; picture-in-picture; web-share\" referrerpolicy=\"strict-origin-when-cross-origin\" allowfullscreen><\/iframe>\t\t\t\t<\/div>\n\t\t\t\t\t<\/div>\n\t\t\t\t<\/div>\n\t\t<div data-particle_enable=\"false\" data-particle-mobile-disabled=\"false\" class=\"elementor-element elementor-element-7d4449f e-flex e-con-boxed e-con e-parent\" data-id=\"7d4449f\" data-element_type=\"container\" data-e-type=\"container\">\n\t\t\t\t\t<div class=\"e-con-inner\">\n\t\t\t\t<div class=\"elementor-element elementor-element-0474449 elementor-widget elementor-widget-text-editor\" data-id=\"0474449\" data-element_type=\"widget\" data-e-type=\"widget\" data-widget_type=\"text-editor.default\">\n\t\t\t\t\t\t\t\t\t<p>Para m\u00ed, no hay competencia real entre nosotros los migrantes, los artistas, los hispanos. Cada quien tiene su camino, su tiempo, su historia. \u201cTodo es para adelante, la vida hay que vivir\u201d no es solo una frase de la canci\u00f3n, es la forma en la que decid\u00ed pararme frente al mundo. Dejar de ver el \u00e9xito como una carrera contra otros y empezar a verlo como un proceso propio.<\/p>\n<p>Tambi\u00e9n quise hablar de la libertad. De no vivir atada a lo que otros digan, a las cr\u00edticas o a los conflictos innecesarios.&nbsp;<\/p>\n<p>En \u201cLa Envidia\u201d invito a quien la escucha a soltarse, a actuar sin miedo, a confiar en su esencia. Porque cuando uno deja de reaccionar desde el ego o desde la comparaci\u00f3n, empieza a vivir con m\u00e1s ligereza.<\/p>\t\t\t\t\t\t\t\t<\/div>\n\t\t\t\t\t<\/div>\n\t\t\t\t<\/div>\n\t\t<div data-particle_enable=\"false\" data-particle-mobile-disabled=\"false\" class=\"elementor-element elementor-element-e6a7018 e-flex e-con-boxed e-con e-parent\" data-id=\"e6a7018\" data-element_type=\"container\" data-e-type=\"container\">\n\t\t\t\t\t<div class=\"e-con-inner\">\n\t\t\t\t<div class=\"elementor-element elementor-element-8f9a317 elementor-grid-eael-col-1 elementor-grid-tablet-eael-col-2 elementor-grid-mobile-eael-col-1 elementor-widget elementor-widget-eael-post-grid\" data-id=\"8f9a317\" data-element_type=\"widget\" data-e-type=\"widget\" data-settings=\"{&quot;eael_post_grid_columns&quot;:&quot;eael-col-1&quot;,&quot;eael_post_grid_columns_tablet&quot;:&quot;eael-col-2&quot;,&quot;eael_post_grid_columns_mobile&quot;:&quot;eael-col-1&quot;}\" data-widget_type=\"eael-post-grid.default\">\n\t\t\t\t\t<div id=\"eael-post-grid-8f9a317\" class=\"eael-post-grid-container\">\n            <div class=\"eael-post-grid eael-post-appender eael-post-appender-8f9a317 eael-post-grid-style-one\" data-layout-mode=\"masonry\"><article class=\"eael-grid-post  eael-post-grid-column eael-pg-post-52255 category-exitos-guatemala\" data-id=\"52255\">\n        <div class=\"eael-grid-post-holder\">\n            <div class=\"eael-grid-post-holder-inner\"><div class=\"eael-entry-media\"><div class=\"eael-entry-overlay fade-in\"><i class=\"far fa-hand-pointer\" aria-hidden=\"true\"><\/i><a href=\"https:\/\/soymigrante.com\/revista\/wendy-dgi-cantautora-migrante-guatemalteca-en-nueva-york-sueno-que-mis-letras-emocionen-y-compartan-historias\/\"><\/a><\/div><div class=\"eael-entry-thumbnail eael-image-ratio\">\n                <img fetchpriority=\"high\" decoding=\"async\" width=\"842\" height=\"832\" src=\"https:\/\/soymigrante.com\/revista\/wp-content\/uploads\/2026\/02\/wendy-polanco-o-wendy-dgi-cantautora-migrante-guatemaleca-en-nueva-york.png\" class=\"attachment-large size-large wp-image-52256\" alt=\"wendy polanco o wendy dgi cantautora migrante guatemaleca en nueva york\" srcset=\"https:\/\/soymigrante.com\/revista\/wp-content\/uploads\/2026\/02\/wendy-polanco-o-wendy-dgi-cantautora-migrante-guatemaleca-en-nueva-york.png 842w, https:\/\/soymigrante.com\/revista\/wp-content\/uploads\/2026\/02\/wendy-polanco-o-wendy-dgi-cantautora-migrante-guatemaleca-en-nueva-york-300x296.png 300w, https:\/\/soymigrante.com\/revista\/wp-content\/uploads\/2026\/02\/wendy-polanco-o-wendy-dgi-cantautora-migrante-guatemaleca-en-nueva-york-768x759.png 768w, https:\/\/soymigrante.com\/revista\/wp-content\/uploads\/2026\/02\/wendy-polanco-o-wendy-dgi-cantautora-migrante-guatemaleca-en-nueva-york-75x75.png 75w, https:\/\/soymigrante.com\/revista\/wp-content\/uploads\/2026\/02\/wendy-polanco-o-wendy-dgi-cantautora-migrante-guatemaleca-en-nueva-york-750x741.png 750w\" sizes=\"(max-width: 842px) 100vw, 842px\" \/>\n            <\/div>\n        <\/div><div class=\"eael-entry-wrapper\"><header class=\"eael-entry-header\"><h2 class=\"eael-entry-title\"><a class=\"eael-grid-post-link\" href=\"https:\/\/soymigrante.com\/revista\/wendy-dgi-cantautora-migrante-guatemalteca-en-nueva-york-sueno-que-mis-letras-emocionen-y-compartan-historias\/\" title=\"Wendy DGi, cantautora migrante guatemalteca en Nueva York:  &#8220;Sue\u00f1o que mis letras emocionen y compartan historias&#8221;\">Wendy DGi, cantautora migrante guatemalteca en Nueva York:  &#8220;Sue\u00f1o que mis letras emocionen y compartan historias&#8221;<\/a><\/h2><\/header><div class=\"eael-entry-content\">\n                        <div class=\"eael-grid-post-excerpt\"><a href=\"https:\/\/soymigrante.com\/revista\/wendy-dgi-cantautora-migrante-guatemalteca-en-nueva-york-sueno-que-mis-letras-emocionen-y-compartan-historias\/\" class=\"eael-post-elements-readmore-btn\">CONOCE AQU\u00cd M\u00c1S DE SU IMPACTANTE HISTORIA EN BUSCA DE UN GRAN SUE\u00d1O \u00a1NADA ES IMPOSIBLE!<\/a><\/div>\n                    <\/div><\/div><\/div>\n        <\/div>\n    <\/article><\/div>\n            <div class=\"clearfix\"><\/div>\n        <\/div>\t\t\t\t<\/div>\n\t\t\t\t\t<\/div>\n\t\t\t\t<\/div>\n\t\t<div data-particle_enable=\"false\" data-particle-mobile-disabled=\"false\" class=\"elementor-element elementor-element-19febc7 e-flex e-con-boxed e-con e-parent\" data-id=\"19febc7\" data-element_type=\"container\" data-e-type=\"container\">\n\t\t\t\t\t<div class=\"e-con-inner\">\n\t\t\t\t<div class=\"elementor-element elementor-element-9fe6a0e elementor-widget elementor-widget-text-editor\" data-id=\"9fe6a0e\" data-element_type=\"widget\" data-e-type=\"widget\" data-widget_type=\"text-editor.default\">\n\t\t\t\t\t\t\t\t\t<p>Otra parte importante de esta canci\u00f3n es el bienestar emocional. Yo creo profundamente en elegir la paz, incluso cuando alrededor hay ruido o tensi\u00f3n. No todo merece nuestra energ\u00eda. Por eso hablo de estar relajados, de enfocarnos en los buenos momentos, de avanzar sin cargar sentimientos negativos.\u00a0<\/p><p>La paz mental tambi\u00e9n es una forma de \u00e9xito.<\/p><p>Y al final, el mensaje m\u00e1s importante para m\u00ed: la felicidad no es algo que se compite, es algo que se comparte. Si t\u00fa eres feliz, eso no me quita nada; al contrario, suma. Hay espacio para todos. Hay sue\u00f1os suficientes para todos. Y cuando entendemos eso, dejamos de envidiar y empezamos a celebrar.<\/p>\t\t\t\t\t\t\t\t<\/div>\n\t\t\t\t\t<\/div>\n\t\t\t\t<\/div>\n\t\t<div data-particle_enable=\"false\" data-particle-mobile-disabled=\"false\" class=\"elementor-element elementor-element-4cd0190 e-flex e-con-boxed e-con e-parent\" data-id=\"4cd0190\" data-element_type=\"container\" data-e-type=\"container\">\n\t\t\t\t\t<div class=\"e-con-inner\">\n\t\t\t\t<div class=\"elementor-element elementor-element-a813908 elementor-widget elementor-widget-image\" data-id=\"a813908\" data-element_type=\"widget\" data-e-type=\"widget\" data-widget_type=\"image.default\">\n\t\t\t\t\t\t\t\t\t\t\t\t<figure class=\"wp-caption\">\n\t\t\t\t\t\t\t\t\t\t<img decoding=\"async\" width=\"1140\" height=\"760\" src=\"https:\/\/soymigrante.com\/revista\/wp-content\/uploads\/2026\/04\/WENDY-DGi-1140x760.jpg\" class=\"attachment-large size-large wp-image-55450\" alt=\"Wendy DGi, originaria de Jutiapa, Guatemala, es una cantautora de estilo fresco y vers\u00e1til. Radicada en Nueva York canta en resaurantes y tambi\u00e9n en eventos, adem\u00e1s de presentar sus canciones en canales digitales.\" srcset=\"https:\/\/soymigrante.com\/revista\/wp-content\/uploads\/2026\/04\/WENDY-DGi-1140x760.jpg 1140w, https:\/\/soymigrante.com\/revista\/wp-content\/uploads\/2026\/04\/WENDY-DGi-300x200.jpg 300w, https:\/\/soymigrante.com\/revista\/wp-content\/uploads\/2026\/04\/WENDY-DGi-768x512.jpg 768w, https:\/\/soymigrante.com\/revista\/wp-content\/uploads\/2026\/04\/WENDY-DGi-750x500.jpg 750w, https:\/\/soymigrante.com\/revista\/wp-content\/uploads\/2026\/04\/WENDY-DGi.jpg 1536w\" sizes=\"(max-width: 1140px) 100vw, 1140px\" \/>\t\t\t\t\t\t\t\t\t\t\t<figcaption class=\"widget-image-caption wp-caption-text\">Wendy DGi, originaria de Jutiapa, Guatemala, es una cantautora de estilo fresco y vers\u00e1til. Radicada en Nueva York canta en resaurantes y tambi\u00e9n en eventos, adem\u00e1s de presentar sus canciones en canales digitales.<\/figcaption>\n\t\t\t\t\t\t\t\t\t\t<\/figure>\n\t\t\t\t\t\t\t\t\t<\/div>\n\t\t\t\t\t<\/div>\n\t\t\t\t<\/div>\n\t\t<div data-particle_enable=\"false\" data-particle-mobile-disabled=\"false\" class=\"elementor-element elementor-element-a7d710c e-flex e-con-boxed e-con e-parent\" data-id=\"a7d710c\" data-element_type=\"container\" data-e-type=\"container\">\n\t\t\t\t\t<div class=\"e-con-inner\">\n\t\t\t\t<div class=\"elementor-element elementor-element-c9e6e9a elementor-widget elementor-widget-text-editor\" data-id=\"c9e6e9a\" data-element_type=\"widget\" data-e-type=\"widget\" data-widget_type=\"text-editor.default\">\n\t\t\t\t\t\t\t\t\t<p><i><b>Letra \u2013 \u201cLa Envidia\u201d<\/b><\/i><\/p><p><i>Aqu\u00ed no hay envidias ni nadie pa competir<br \/>Todos pa de lante La vida hay que vivir<br \/>Si quieres obtener no temas mi reacci\u00f3n. <br \/>Conmigo es libertad dale sin temor<\/i><\/p><p><i>Si me quieres tirar, venga dale con confianza<br \/>Aqu\u00ed nada va a pasar. No hay ninguna tardanza<br \/>Pero si tu eres feliz.<br \/>As\u00ed que tu tranquilo y siempre relajado<br \/>No hay malos sentimientos ni ganas de pelear<br \/>Solo buenos momentos y ganas de avanzar<br \/>Si tienes algo que decir, no lo vayas a guardar<br \/>Aqu\u00ed todo es paz y amor puedes confiar<\/i><\/p>\t\t\t\t\t\t\t\t<\/div>\n\t\t\t\t\t<\/div>\n\t\t\t\t<\/div>\n\t\t\t\t<\/div>\n\t\t","protected":false},"excerpt":{"rendered":"<p>Cantautora migrante guatemalteca Wendy DGi cuenta el origen de su m\u00e1s reciente canci\u00f3n La Envidia. Radicada en Nueva York, posee una historia de viaje y sue\u00f1o simplemente impresionante. Por Wendy DGi, especial para SoyMigrante.com Yo soy Wendy DGi, y \u201cLa Envidia\u201d naci\u00f3 de una necesidad muy personal: soltar el peso de compararme, de mirar a [&hellip;]<\/p>\n","protected":false},"author":1,"featured_media":55447,"comment_status":"open","ping_status":"open","sticky":false,"template":"","format":"standard","meta":{"_acf_changed":false,"_eb_attr":"","footnotes":""},"categories":[56],"tags":[],"class_list":["post-55444","post","type-post","status-publish","format-standard","has-post-thumbnail","hentry","category-lugar-de-voces"],"acf":[],"aioseo_notices":[],"aioseo_head":"\n\t\t<!-- All in One SEO Pro 4.9.6.2 - aioseo.com -->\n\t<meta name=\"description\" content=\"En una c\u00e1rcel migratoria empezaron a nacer canciones: la voz de la cantautora guatemalteca Wendy Polanco, originaria de Jutiapa, se abre paso en NY\" \/>\n\t<meta name=\"robots\" content=\"max-snippet:-1, max-image-preview:large, max-video-preview:-1\" \/>\n\t<meta name=\"author\" content=\"Gustavo Montenegro\"\/>\n\t<link rel=\"canonical\" href=\"https:\/\/soymigrante.com\/revista\/wendy-dgi-cantautora-migrante-guatemalteca-en-nueva-york-sueno-que-mis-letras-emocionen-y-compartan-historias\/\" \/>\n\t<meta name=\"generator\" content=\"All in One SEO Pro (AIOSEO) 4.9.6.2\" \/>\n\n\t\t<link rel=\"preconnect\" href=\"https:\/\/fonts.googleapis.com\" crossorigin>\n<link rel=\"preconnect\" href=\"https:\/\/fonts.gstatic.com\" crossorigin>\n\t\t<meta property=\"og:locale\" content=\"es_ES\" \/>\n\t\t<meta property=\"og:site_name\" content=\"SoyMigrante.com REVISTA \u2013 Nuestra misi\u00f3n es reconocer y dignificar al migrante.\" \/>\n\t\t<meta property=\"og:type\" content=\"article\" \/>\n\t\t<meta property=\"og:title\" content=\"Wendy DGi, una voz guatemalteca inspiradora en Nueva York\" \/>\n\t\t<meta property=\"og:description\" content=\"En una c\u00e1rcel migratoria empezaron a nacer canciones: la voz de la cantautora guatemalteca Wendy Polanco, originaria de Jutiapa, se abre paso en NY\" \/>\n\t\t<meta property=\"og:url\" content=\"https:\/\/soymigrante.com\/revista\/wendy-dgi-cantautora-migrante-guatemalteca-en-nueva-york-sueno-que-mis-letras-emocionen-y-compartan-historias\/\" \/>\n\t\t<meta property=\"og:image\" content=\"https:\/\/soymigrante.com\/revista\/wp-content\/uploads\/2026\/02\/wendy-polanco-o-wendy-dgi-cantautora-migrante-guatemaleca-en-nueva-york.png\" \/>\n\t\t<meta property=\"og:image:secure_url\" content=\"https:\/\/soymigrante.com\/revista\/wp-content\/uploads\/2026\/02\/wendy-polanco-o-wendy-dgi-cantautora-migrante-guatemaleca-en-nueva-york.png\" \/>\n\t\t<meta property=\"og:image:width\" content=\"842\" \/>\n\t\t<meta property=\"og:image:height\" content=\"832\" \/>\n\t\t<meta property=\"article:published_time\" content=\"2026-02-07T18:20:04+00:00\" \/>\n\t\t<meta property=\"article:modified_time\" content=\"2026-02-07T19:27:21+00:00\" \/>\n\t\t<meta property=\"article:publisher\" content=\"https:\/\/www.facebook.com\/soymigrantecom\" \/>\n\t\t<meta name=\"twitter:card\" content=\"summary_large_image\" \/>\n\t\t<meta name=\"twitter:site\" content=\"@SoyMigrante_com\" \/>\n\t\t<meta name=\"twitter:title\" content=\"Wendy DGi, una voz guatemalteca inspiradora en Nueva York\" \/>\n\t\t<meta name=\"twitter:description\" content=\"En una c\u00e1rcel migratoria empezaron a nacer canciones: la voz de la cantautora guatemalteca Wendy Polanco, originaria de Jutiapa, se abre paso en NY\" \/>\n\t\t<meta name=\"twitter:creator\" content=\"@SoyMigrante_com\" \/>\n\t\t<meta name=\"twitter:image\" content=\"https:\/\/soymigrante.com\/revista\/wp-content\/uploads\/2026\/02\/wendy-polanco-o-wendy-dgi-cantautora-migrante-guatemaleca-en-nueva-york.png\" \/>\n\t\t<!-- All in One SEO Pro -->\r\n\t\t<title>Wendy DGi, una voz guatemalteca inspiradora en Nueva York<\/title>\n\n","aioseo_head_json":{"title":"Wendy DGi, una voz guatemalteca inspiradora en Nueva York","description":"En una c\u00e1rcel migratoria empezaron a nacer canciones: la voz de la cantautora guatemalteca Wendy Polanco, originaria de Jutiapa, se abre paso en NY","canonical_url":"https:\/\/soymigrante.com\/revista\/wendy-dgi-cantautora-migrante-guatemalteca-en-nueva-york-sueno-que-mis-letras-emocionen-y-compartan-historias\/","robots":"max-snippet:-1, max-image-preview:large, max-video-preview:-1","keywords":"","webmasterTools":{"miscellaneous":"&lt;link rel=\"preconnect\" href=\"https:\/\/fonts.googleapis.com\" crossorigin&gt;\n&lt;link rel=\"preconnect\" href=\"https:\/\/fonts.gstatic.com\" crossorigin&gt;"},"schema":null,"og:locale":"es_ES","og:site_name":"SoyMigrante.com REVISTA \u2013 Nuestra misi\u00f3n es reconocer y dignificar al migrante.","og:type":"article","og:title":"Wendy DGi, una voz guatemalteca inspiradora en Nueva York","og:description":"En una c\u00e1rcel migratoria empezaron a nacer canciones: la voz de la cantautora guatemalteca Wendy Polanco, originaria de Jutiapa, se abre paso en NY","og:url":"https:\/\/soymigrante.com\/revista\/wendy-dgi-cantautora-migrante-guatemalteca-en-nueva-york-sueno-que-mis-letras-emocionen-y-compartan-historias\/","og:image":"https:\/\/soymigrante.com\/revista\/wp-content\/uploads\/2026\/02\/wendy-polanco-o-wendy-dgi-cantautora-migrante-guatemaleca-en-nueva-york.png","og:image:secure_url":"https:\/\/soymigrante.com\/revista\/wp-content\/uploads\/2026\/02\/wendy-polanco-o-wendy-dgi-cantautora-migrante-guatemaleca-en-nueva-york.png","og:image:width":842,"og:image:height":832,"article:published_time":"2026-02-07T18:20:04+00:00","article:modified_time":"2026-02-07T19:27:21+00:00","article:publisher":"https:\/\/www.facebook.com\/soymigrantecom","twitter:card":"summary_large_image","twitter:site":"@SoyMigrante_com","twitter:title":"Wendy DGi, una voz guatemalteca inspiradora en Nueva York","twitter:description":"En una c\u00e1rcel migratoria empezaron a nacer canciones: la voz de la cantautora guatemalteca Wendy Polanco, originaria de Jutiapa, se abre paso en NY","twitter:creator":"@SoyMigrante_com","twitter:image":"https:\/\/soymigrante.com\/revista\/wp-content\/uploads\/2026\/02\/wendy-polanco-o-wendy-dgi-cantautora-migrante-guatemaleca-en-nueva-york.png"},"aioseo_meta_data":{"post_id":"55444","title":"Wendy DGi, cantautora guatemalteca en NY lanza La Envidia","description":"Un tema desafiante, con letra que exhibe valent\u00eda: la cantautora migrante guatemalteca Wendy DGi presenta su m\u00e1s reciente composici\u00f3n. Escucha y analiza","keywords":null,"keyphrases":{"focus":{"keyphrase":"Migrante","score":74,"analysis":{"keyphraseInTitle":{"score":3,"maxScore":9,"error":1},"keyphraseInDescription":{"score":9,"maxScore":9,"error":0},"keyphraseLength":{"score":9,"maxScore":9,"error":0,"length":1},"keyphraseInURL":{"score":5,"maxScore":5,"error":0},"keyphraseInIntroduction":{"score":3,"maxScore":9,"error":1},"keyphraseInSubHeadings":{"score":3,"maxScore":9,"error":1},"keyphraseInImageAlt":{"score":9,"maxScore":9,"error":0},"keywordDensity":{"type":"best","score":9,"maxScore":9,"error":0}}},"additional":[{"keyphrase":"Guatemalteca","score":53,"analysis":{"keyphraseInDescription":{"score":9,"maxScore":9,"error":0},"keyphraseLength":{"score":9,"maxScore":9,"error":0,"length":1},"keyphraseInIntroduction":{"score":3,"maxScore":9,"error":1},"keyphraseInImageAlt":{"score":3,"maxScore":9,"error":1},"keywordDensity":{"score":0,"type":"low","maxScore":9,"error":1}}}]},"primary_term":null,"canonical_url":null,"og_title":null,"og_description":null,"og_object_type":"default","og_image_type":"default","og_image_url":null,"og_image_width":null,"og_image_height":null,"og_image_custom_url":null,"og_image_custom_fields":null,"og_video":"","og_custom_url":null,"og_article_section":null,"og_article_tags":null,"twitter_use_og":false,"twitter_card":"default","twitter_image_type":"default","twitter_image_url":null,"twitter_image_custom_url":null,"twitter_image_custom_fields":null,"twitter_title":null,"twitter_description":null,"schema":{"blockGraphs":[],"customGraphs":[],"default":{"data":{"Article":[],"Course":[],"Dataset":[],"FAQPage":[],"Movie":[],"Person":[],"Product":[],"ProductReview":[],"Car":[],"Recipe":[],"Service":[],"SoftwareApplication":[],"WebPage":[]},"graphName":"NewsArticle","isEnabled":true},"graphs":[]},"schema_type":"default","schema_type_options":null,"pillar_content":false,"robots_default":true,"robots_noindex":false,"robots_noarchive":false,"robots_nosnippet":false,"robots_nofollow":false,"robots_noimageindex":false,"robots_noodp":false,"robots_notranslate":false,"robots_max_snippet":"-1","robots_max_videopreview":"-1","robots_max_imagepreview":"large","priority":null,"frequency":"default","local_seo":null,"seo_analyzer_scan_date":null,"breadcrumb_settings":null,"limit_modified_date":false,"reviewed_by":"0","open_ai":null,"ai":{"faqs":[],"keyPoints":[],"schemas":[],"titles":[],"descriptions":[],"socialPosts":{"email":[],"linkedin":[],"twitter":[],"facebook":[],"instagram":[]}},"created":"2026-04-24 21:46:35","updated":"2026-04-24 23:07:03"},"aioseo_breadcrumb":"<div class=\"aioseo-breadcrumbs\"><span class=\"aioseo-breadcrumb\">\n\t<a href=\"https:\/\/soymigrante.com\/revista\" title=\"Home\">Home<\/a>\n<\/span><span class=\"aioseo-breadcrumb-separator\">\u00bb<\/span><span class=\"aioseo-breadcrumb\">\n\t<a href=\"https:\/\/soymigrante.com\/revista\/category\/estamos-unidos\/\" title=\"Estamos Unidos\">Estamos Unidos<\/a>\n<\/span><span class=\"aioseo-breadcrumb-separator\">\u00bb<\/span><span class=\"aioseo-breadcrumb\">\n\t<a href=\"https:\/\/soymigrante.com\/revista\/category\/estamos-unidos\/lugar-de-voces\/\" title=\"Lugar de Voces\">Lugar de Voces<\/a>\n<\/span><span class=\"aioseo-breadcrumb-separator\">\u00bb<\/span><span class=\"aioseo-breadcrumb\">\n\t\u201cLa Envidia\u201d: cantautora migrante guatemalteca Wendy DGi crea una canci\u00f3n desafiante\n<\/span><\/div>","aioseo_breadcrumb_json":[{"label":"Home","link":"https:\/\/soymigrante.com\/revista"},{"label":"Estamos Unidos","link":"https:\/\/soymigrante.com\/revista\/category\/estamos-unidos\/"},{"label":"Lugar de Voces","link":"https:\/\/soymigrante.com\/revista\/category\/estamos-unidos\/lugar-de-voces\/"},{"label":"&#8220;La Envidia&#8221;: cantautora migrante guatemalteca Wendy DGi crea una canci\u00f3n desafiante","link":"https:\/\/soymigrante.com\/revista\/cantautora-migrante-guatemalteca-wendy-dgi-crea-cancion-desafiante-la-envidia\/"}],"_links":{"self":[{"href":"https:\/\/soymigrante.com\/revista\/wp-json\/wp\/v2\/posts\/55444","targetHints":{"allow":["GET"]}}],"collection":[{"href":"https:\/\/soymigrante.com\/revista\/wp-json\/wp\/v2\/posts"}],"about":[{"href":"https:\/\/soymigrante.com\/revista\/wp-json\/wp\/v2\/types\/post"}],"author":[{"embeddable":true,"href":"https:\/\/soymigrante.com\/revista\/wp-json\/wp\/v2\/users\/1"}],"replies":[{"embeddable":true,"href":"https:\/\/soymigrante.com\/revista\/wp-json\/wp\/v2\/comments?post=55444"}],"version-history":[{"count":8,"href":"https:\/\/soymigrante.com\/revista\/wp-json\/wp\/v2\/posts\/55444\/revisions"}],"predecessor-version":[{"id":55457,"href":"https:\/\/soymigrante.com\/revista\/wp-json\/wp\/v2\/posts\/55444\/revisions\/55457"}],"wp:featuredmedia":[{"embeddable":true,"href":"https:\/\/soymigrante.com\/revista\/wp-json\/wp\/v2\/media\/55447"}],"wp:attachment":[{"href":"https:\/\/soymigrante.com\/revista\/wp-json\/wp\/v2\/media?parent=55444"}],"wp:term":[{"taxonomy":"category","embeddable":true,"href":"https:\/\/soymigrante.com\/revista\/wp-json\/wp\/v2\/categories?post=55444"},{"taxonomy":"post_tag","embeddable":true,"href":"https:\/\/soymigrante.com\/revista\/wp-json\/wp\/v2\/tags?post=55444"}],"curies":[{"name":"wp","href":"https:\/\/api.w.org\/{rel}","templated":true}]}}