{"id":55431,"date":"2026-04-24T11:18:24","date_gmt":"2026-04-24T17:18:24","guid":{"rendered":"https:\/\/soymigrante.com\/revista\/?p=55431"},"modified":"2026-04-24T11:18:34","modified_gmt":"2026-04-24T17:18:34","slug":"familias-migrantes-enfrentan-incierto-debate-de-ciudadania-por-nacimiento-en-ee-uu","status":"publish","type":"post","link":"https:\/\/soymigrante.com\/revista\/familias-migrantes-enfrentan-incierto-debate-de-ciudadania-por-nacimiento-en-ee-uu\/","title":{"rendered":"Familias migrantes enfrentan incierto debate de ciudadan\u00eda por nacimiento en EE.UU."},"content":{"rendered":"\t\t<div data-elementor-type=\"wp-post\" data-elementor-id=\"55431\" class=\"elementor elementor-55431\" data-elementor-post-type=\"post\">\n\t\t\t\t<div data-particle_enable=\"false\" data-particle-mobile-disabled=\"false\" class=\"elementor-element elementor-element-32e1413 e-flex e-con-boxed e-con e-parent\" data-id=\"32e1413\" data-element_type=\"container\" data-e-type=\"container\">\n\t\t\t\t\t<div class=\"e-con-inner\">\n\t\t\t\t<div class=\"elementor-element elementor-element-ce082e9 elementor-widget elementor-widget-heading\" data-id=\"ce082e9\" data-element_type=\"widget\" data-e-type=\"widget\" data-widget_type=\"heading.default\">\n\t\t\t\t\t<h3 class=\"elementor-heading-title elementor-size-default\">Familias migrantes viven en constante zozobra el proceso judicial impulsado por el mandatario Donald Trump para eliminar la ciudadan\u00eda por nacimiento. Uni\u00f3n Americana de Libertades Civiles lo expone as\u00ed:<\/h3>\t\t\t\t<\/div>\n\t\t\t\t\t<\/div>\n\t\t\t\t<\/div>\n\t\t<div data-particle_enable=\"false\" data-particle-mobile-disabled=\"false\" class=\"elementor-element elementor-element-1415ead e-flex e-con-boxed e-con e-parent\" data-id=\"1415ead\" data-element_type=\"container\" data-e-type=\"container\">\n\t\t\t\t\t<div class=\"e-con-inner\">\n\t\t\t\t<div class=\"elementor-element elementor-element-9bad7e3 elementor-widget elementor-widget-text-editor\" data-id=\"9bad7e3\" data-element_type=\"widget\" data-e-type=\"widget\" data-widget_type=\"text-editor.default\">\n\t\t\t\t\t\t\t\t\t<p>Lo que deber\u00eda ser un momento de alegr\u00eda \u2014el nacimiento de un hijo\u2014 se ha convertido en una fuente de ansiedad para muchas familias migrantes en Estados Unidos.<br \/>As\u00ed lo evidencia un reportaje de la\u00a0<a href=\"https:\/\/www.aclu.org\">American Civil Liberties Union (ACLU)<\/a>,<br \/>que documenta c\u00f3mo las propuestas para restringir <a href=\"https:\/\/soymigrante.com\/revista\/preguntas-y-respuestas-que-es-el-derecho-a-la-ciudadania-por-nacimiento-en-ee-uu\/\">la ciudadan\u00eda por nacimiento<\/a> han transformado decisiones \u00edntimas en dilemas pol\u00edticos.<\/p><p>El art\u00edculo original, titulado\u00a0<a href=\"https:\/\/www.aclu.org\/news\/immigrants-rights\/my-child-is-now-a-political-debate-immigrant-families-battle-trumps-birthright-citizenship-threats\">\u201cMy Child Is Now a Political Debate: Immigrant Families Battle Trump\u2019s Birthright Citizenship Threats\u201d\u00a0<\/a>,<br \/>describe el impacto humano de una posible reinterpretaci\u00f3n de la\u00a0<a href=\"https:\/\/es.wikipedia.org\/wiki\/Decimocuarta_Enmienda_a_la_Constituci%C3%B3n_de_los_Estados_Unidos\"><br \/>Enmienda 14 de la Constituci\u00f3n de Estados Unidos\u00a0<\/a>,\u00a0que hist\u00f3ricamente ha garantizado la ciudadan\u00eda autom\u00e1tica a quienes nacen en el pa\u00eds.<\/p>\t\t\t\t\t\t\t\t<\/div>\n\t\t\t\t\t<\/div>\n\t\t\t\t<\/div>\n\t\t<div data-particle_enable=\"false\" data-particle-mobile-disabled=\"false\" class=\"elementor-element elementor-element-72749fa e-flex e-con-boxed e-con e-parent\" data-id=\"72749fa\" data-element_type=\"container\" data-e-type=\"container\">\n\t\t\t\t\t<div class=\"e-con-inner\">\n\t\t\t\t<div class=\"elementor-element elementor-element-d0579dd elementor-widget elementor-widget-image\" data-id=\"d0579dd\" data-element_type=\"widget\" data-e-type=\"widget\" data-widget_type=\"image.default\">\n\t\t\t\t\t\t\t\t\t\t\t\t<figure class=\"wp-caption\">\n\t\t\t\t\t\t\t\t\t\t\t<a href=\"https:\/\/www.aclu.org\/news\/immigrants-rights\/my-child-is-now-a-political-debate-immigrant-families-battle-trumps-birthright-citizenship-threats\">\n\t\t\t\t\t\t\t<img fetchpriority=\"high\" decoding=\"async\" width=\"1140\" height=\"432\" src=\"https:\/\/soymigrante.com\/revista\/wp-content\/uploads\/2026\/04\/ciudadania-por-nacimiento-1140x432.png\" class=\"attachment-large size-large wp-image-55434\" alt=\"El art\u00edculo de la Uni\u00f3n Americana de Libertades Civiles advierte sobre las consecuencias de un eventual condicionamiento de la ciudadan\u00eda por nacimiento, caso que a\u00fan est\u00e1 en manos de una corte federal.\" srcset=\"https:\/\/soymigrante.com\/revista\/wp-content\/uploads\/2026\/04\/ciudadania-por-nacimiento-1140x432.png 1140w, https:\/\/soymigrante.com\/revista\/wp-content\/uploads\/2026\/04\/ciudadania-por-nacimiento-300x114.png 300w, https:\/\/soymigrante.com\/revista\/wp-content\/uploads\/2026\/04\/ciudadania-por-nacimiento-768x291.png 768w, https:\/\/soymigrante.com\/revista\/wp-content\/uploads\/2026\/04\/ciudadania-por-nacimiento-750x285.png 750w, https:\/\/soymigrante.com\/revista\/wp-content\/uploads\/2026\/04\/ciudadania-por-nacimiento.png 1500w\" sizes=\"(max-width: 1140px) 100vw, 1140px\" \/>\t\t\t\t\t\t\t\t<\/a>\n\t\t\t\t\t\t\t\t\t\t\t<figcaption class=\"widget-image-caption wp-caption-text\">El art\u00edculo de la Uni\u00f3n Americana de Libertades Civiles advierte sobre las consecuencias de un eventual condicionamiento de la ciudadan\u00eda por nacimiento, caso que a\u00fan est\u00e1 en manos de una corte federal.<\/figcaption>\n\t\t\t\t\t\t\t\t\t\t<\/figure>\n\t\t\t\t\t\t\t\t\t<\/div>\n\t\t\t\t\t<\/div>\n\t\t\t\t<\/div>\n\t\t<div data-particle_enable=\"false\" data-particle-mobile-disabled=\"false\" class=\"elementor-element elementor-element-29809e7 e-flex e-con-boxed e-con e-parent\" data-id=\"29809e7\" data-element_type=\"container\" data-e-type=\"container\">\n\t\t\t\t\t<div class=\"e-con-inner\">\n\t\t\t\t<div class=\"elementor-element elementor-element-498e1cc elementor-widget elementor-widget-text-editor\" data-id=\"498e1cc\" data-element_type=\"widget\" data-e-type=\"widget\" data-widget_type=\"text-editor.default\">\n\t\t\t\t\t\t\t\t\t<h1><span style=\"font-family: Mulish, sans-serif; font-size: 29px; font-weight: bold;\">Decisiones extremas ante la incertidumbre<\/span><\/h1>\n<p>Una de las historias m\u00e1s impactantes es la de \u201cJane\u201d, una mujer embarazada cuyo hijo deb\u00eda nacer apenas d\u00edas despu\u00e9s de la posible entrada en vigor de una&nbsp;<a href=\"https:\/\/es.wikipedia.org\/wiki\/Orden_ejecutiva\">orden ejecutiva<\/a>&nbsp;impulsada durante la administraci\u00f3n de&nbsp;<a href=\"https:\/\/es.wikipedia.org\/wiki\/Donald_Trump\">Donald Trump<\/a>.<\/p>\n<p>Ante la incertidumbre, Jane consider\u00f3 inducir el parto antes de tiempo para asegurar la ciudadan\u00eda de su beb\u00e9.&nbsp;Su testimonio revela hasta qu\u00e9 punto las pol\u00edticas migratorias pueden <a href=\"https:\/\/soymigrante.com\/revista\/temor-a-redadas-aleja-a-pacientes-de-clinicas-y-servicios-de-salud-en-minesota-y-otros-estados\/\">interferir en decisiones m\u00e9dicas<\/a> y familiares profundamente personales.<\/p>\n<p>Como ella, otras familias han contemplado medidas dr\u00e1sticas: adelantar partos, mudarse de estado o incluso abandonar el pa\u00eds para evitar que sus hijos queden en un limbo legal.<\/p>\n<h3>El temor a un futuro incierto<\/h3>\n<p>M\u00e1s all\u00e1 de los procedimientos legales, el reportaje recoge un sentimiento com\u00fan entre padres migrantes: el miedo de que sus hijos no tengan un lugar claro en la sociedad donde nacen.<\/p>\n<p>Una <a href=\"https:\/\/soymigrante.com\/revista\/temor-a-redadas-en-usa-puede-poner-en-riesgo-a-madres-y-bebes\/\">madre <\/a>expresa su angustia al imaginar el futuro de su beb\u00e9 sin garant\u00edas plenas de ciudadan\u00eda: crecer en un pa\u00eds que podr\u00eda no reconocerle completamente sus derechos.<\/p>\t\t\t\t\t\t\t\t<\/div>\n\t\t\t\t\t<\/div>\n\t\t\t\t<\/div>\n\t\t<div data-particle_enable=\"false\" data-particle-mobile-disabled=\"false\" class=\"elementor-element elementor-element-55b58ea e-flex e-con-boxed e-con e-parent\" data-id=\"55b58ea\" data-element_type=\"container\" data-e-type=\"container\">\n\t\t\t\t\t<div class=\"e-con-inner\">\n\t\t\t\t<div class=\"elementor-element elementor-element-bf30eda elementor-widget elementor-widget-html\" data-id=\"bf30eda\" data-element_type=\"widget\" data-e-type=\"widget\" data-widget_type=\"html.default\">\n\t\t\t\t\t<iframe width=\"560\" height=\"415\" src=\"https:\/\/www.youtube.com\/embed\/D27LgNiDiHk?si=M6VVK911TtL1or-n\" title=\"YouTube video player\" frameborder=\"0\" allow=\"accelerometer; autoplay; clipboard-write; encrypted-media; gyroscope; picture-in-picture; web-share\" referrerpolicy=\"strict-origin-when-cross-origin\" allowfullscreen><\/iframe>\t\t\t\t<\/div>\n\t\t\t\t\t<\/div>\n\t\t\t\t<\/div>\n\t\t<div data-particle_enable=\"false\" data-particle-mobile-disabled=\"false\" class=\"elementor-element elementor-element-387f12f e-flex e-con-boxed e-con e-parent\" data-id=\"387f12f\" data-element_type=\"container\" data-e-type=\"container\">\n\t\t\t\t\t<div class=\"e-con-inner\">\n\t\t\t\t<div class=\"elementor-element elementor-element-5abe368 elementor-widget elementor-widget-text-editor\" data-id=\"5abe368\" data-element_type=\"widget\" data-e-type=\"widget\" data-widget_type=\"text-editor.default\">\n\t\t\t\t\t\t\t\t\t<h1><span style=\"font-family: Mulish, sans-serif; font-size: 29px; font-weight: bold;\">Una batalla legal con consecuencias reales<\/span><\/h1><p>La propuesta de restringir la ciudadan\u00eda por nacimiento ha generado una intensa batalla judicial. Organizaciones como la ACLU sostienen que cualquier intento de modificar este derecho contradice la interpretaci\u00f3n hist\u00f3rica de la Enmienda 14.<\/p><p>Mientras tribunales federales eval\u00faan estos intentos, el debate podr\u00eda escalar hasta la Corte Suprema de Estados Unidos, prolongando la incertidumbre para miles de familias.<\/p><h3>M\u00e1s que un debate pol\u00edtico<\/h3><p>Este caso demuestra que la discusi\u00f3n sobre la ciudadan\u00eda por nacimiento no es solo un tema legal o pol\u00edtico, sino profundamente humano. Cada historia refleja la tensi\u00f3n entre pol\u00edticas p\u00fablicas y la vida cotidiana de quienes buscan estabilidad para sus hijos.<\/p><p>Para muchas familias migrantes, el impacto es inmediato: ansiedad, decisiones imposibles y la sensaci\u00f3n de que el futuro de sus hijos depende de una resoluci\u00f3n a\u00fan incierta.<\/p><p>Lo que est\u00e1 en juego no es solo una interpretaci\u00f3n constitucional, sino el derecho de miles de ni\u00f1os a pertenecer plenamente al pa\u00eds donde nacen.<\/p>\t\t\t\t\t\t\t\t<\/div>\n\t\t\t\t\t<\/div>\n\t\t\t\t<\/div>\n\t\t<div data-particle_enable=\"false\" data-particle-mobile-disabled=\"false\" class=\"elementor-element elementor-element-3c7c92d e-flex e-con-boxed e-con e-parent\" data-id=\"3c7c92d\" data-element_type=\"container\" data-e-type=\"container\">\n\t\t\t\t\t<div class=\"e-con-inner\">\n\t\t\t\t<div class=\"elementor-element elementor-element-4d1c7d7 elementor-widget elementor-widget-heading\" data-id=\"4d1c7d7\" data-element_type=\"widget\" data-e-type=\"widget\" data-widget_type=\"heading.default\">\n\t\t\t\t\t<h2 class=\"elementor-heading-title elementor-size-default\">Quiz\u00e1 tambi\u00e9n te podr\u00eda interesar<\/h2>\t\t\t\t<\/div>\n\t\t\t\t\t<\/div>\n\t\t\t\t<\/div>\n\t\t<div data-particle_enable=\"false\" data-particle-mobile-disabled=\"false\" class=\"elementor-element elementor-element-ec3d75e e-flex e-con-boxed e-con e-parent\" data-id=\"ec3d75e\" data-element_type=\"container\" data-e-type=\"container\">\n\t\t\t\t\t<div class=\"e-con-inner\">\n\t\t\t\t<div class=\"elementor-element elementor-element-0b0e334 elementor-grid-eael-col-3 elementor-grid-tablet-eael-col-2 elementor-grid-mobile-eael-col-1 elementor-widget elementor-widget-eael-post-grid\" data-id=\"0b0e334\" data-element_type=\"widget\" data-e-type=\"widget\" data-settings=\"{&quot;eael_post_grid_columns&quot;:&quot;eael-col-3&quot;,&quot;eael_post_grid_columns_tablet&quot;:&quot;eael-col-2&quot;,&quot;eael_post_grid_columns_mobile&quot;:&quot;eael-col-1&quot;}\" data-widget_type=\"eael-post-grid.default\">\n\t\t\t\t\t<div id=\"eael-post-grid-0b0e334\" class=\"eael-post-grid-container\">\n            <div class=\"eael-post-grid eael-post-appender eael-post-appender-0b0e334 eael-post-grid-style-one\" data-layout-mode=\"masonry\"><article class=\"eael-grid-post  eael-post-grid-column eael-pg-post-43503 category-guate-nuestra\" data-id=\"43503\">\n        <div class=\"eael-grid-post-holder\">\n            <div class=\"eael-grid-post-holder-inner\"><div class=\"eael-entry-media\"><div class=\"eael-entry-overlay fade-in\"><i class=\"far fa-hand-pointer\" aria-hidden=\"true\"><\/i><a href=\"https:\/\/soymigrante.com\/revista\/dia-del-futbol-guatemala-inicios-septiembre-historia\/\"><\/a><\/div><div class=\"eael-entry-thumbnail eael-image-ratio\">\n                <img decoding=\"async\" width=\"576\" height=\"576\" src=\"https:\/\/soymigrante.com\/revista\/wp-content\/uploads\/2025\/09\/dia-del-futbol-guatemala.png\" class=\"attachment-large size-large wp-image-43575\" alt=\"dia del futbol guatemala\" srcset=\"https:\/\/soymigrante.com\/revista\/wp-content\/uploads\/2025\/09\/dia-del-futbol-guatemala.png 576w, https:\/\/soymigrante.com\/revista\/wp-content\/uploads\/2025\/09\/dia-del-futbol-guatemala-300x300.png 300w, https:\/\/soymigrante.com\/revista\/wp-content\/uploads\/2025\/09\/dia-del-futbol-guatemala-150x150.png 150w, https:\/\/soymigrante.com\/revista\/wp-content\/uploads\/2025\/09\/dia-del-futbol-guatemala-75x75.png 75w\" sizes=\"(max-width: 576px) 100vw, 576px\" \/>\n            <\/div>\n        <\/div><div class=\"eael-entry-wrapper\"><header class=\"eael-entry-header\"><h2 class=\"eael-entry-title\"><a class=\"eael-grid-post-link\" href=\"https:\/\/soymigrante.com\/revista\/dia-del-futbol-guatemala-inicios-septiembre-historia\/\" title=\"\u00bfCu\u00e1ndo y c\u00f3mo fueron los comienzos del futbol en Guatemala?\">\u00bfCu\u00e1ndo y c\u00f3mo fueron los comienzos del futbol en Guatemala?<\/a><\/h2><\/header><div class=\"eael-entry-content\">\n                        <div class=\"eael-grid-post-excerpt\"><a href=\"https:\/\/soymigrante.com\/revista\/dia-del-futbol-guatemala-inicios-septiembre-historia\/\" class=\"eael-post-elements-readmore-btn\">CONOCE SU HISTORIA <\/a><\/div>\n                    <\/div><\/div><\/div>\n        <\/div>\n    <\/article><article class=\"eael-grid-post  eael-post-grid-column eael-pg-post-24919 category-guate-nuestra\" data-id=\"24919\">\n        <div class=\"eael-grid-post-holder\">\n            <div class=\"eael-grid-post-holder-inner\"><div class=\"eael-entry-media\"><div class=\"eael-entry-overlay fade-in\"><i class=\"far fa-hand-pointer\" aria-hidden=\"true\"><\/i><a href=\"https:\/\/soymigrante.com\/revista\/siete-lugares-perfectos-para-una-boda-en-guatemala\/\"><\/a><\/div><div class=\"eael-entry-thumbnail eael-image-ratio\">\n                <img decoding=\"async\" width=\"525\" height=\"521\" src=\"https:\/\/soymigrante.com\/revista\/wp-content\/uploads\/2025\/02\/foto-boda-jorge-ortiz.webp\" class=\"attachment-large size-large wp-image-25103\" alt=\"Familia en la playa al atardecer, silueta de un padre y su hija, momentos emotivos y cercanos, relaci\u00f3n familiar, amor y cari\u00f1o en la naturaleza, imagen rom\u00e1ntica y tierna en la playa en sunset.\" srcset=\"https:\/\/soymigrante.com\/revista\/wp-content\/uploads\/2025\/02\/foto-boda-jorge-ortiz.webp 525w, https:\/\/soymigrante.com\/revista\/wp-content\/uploads\/2025\/02\/foto-boda-jorge-ortiz-300x298.png 300w, https:\/\/soymigrante.com\/revista\/wp-content\/uploads\/2025\/02\/foto-boda-jorge-ortiz-150x150.png 150w, https:\/\/soymigrante.com\/revista\/wp-content\/uploads\/2025\/02\/foto-boda-jorge-ortiz-75x75.webp 75w\" sizes=\"(max-width: 525px) 100vw, 525px\" \/>\n            <\/div>\n        <\/div><div class=\"eael-entry-wrapper\"><header class=\"eael-entry-header\"><h2 class=\"eael-entry-title\"><a class=\"eael-grid-post-link\" href=\"https:\/\/soymigrante.com\/revista\/siete-lugares-perfectos-para-una-boda-en-guatemala\/\" title=\"Siete lugares perfectos para una boda en Guatemala\">Siete lugares perfectos para una boda en Guatemala<\/a><\/h2><\/header><div class=\"eael-entry-content\">\n                        <div class=\"eael-grid-post-excerpt\"><a href=\"https:\/\/soymigrante.com\/revista\/siete-lugares-perfectos-para-una-boda-en-guatemala\/\" class=\"eael-post-elements-readmore-btn\">CONOCE SU HISTORIA <\/a><\/div>\n                    <\/div><\/div><\/div>\n        <\/div>\n    <\/article><article class=\"eael-grid-post  eael-post-grid-column eael-pg-post-50027 category-guate-nuestra tags-volcanes-de-guatemala\" data-id=\"50027\">\n        <div class=\"eael-grid-post-holder\">\n            <div class=\"eael-grid-post-holder-inner\"><div class=\"eael-entry-media\"><div class=\"eael-entry-overlay fade-in\"><i class=\"far fa-hand-pointer\" aria-hidden=\"true\"><\/i><a href=\"https:\/\/soymigrante.com\/revista\/impresionante-erupcion-nocturna-del-volcan-santiaguito-captura-el-fotografo-marcos-zarate\/\"><\/a><\/div><div class=\"eael-entry-thumbnail eael-image-ratio\">\n                <img loading=\"lazy\" decoding=\"async\" width=\"465\" height=\"465\" src=\"https:\/\/soymigrante.com\/revista\/wp-content\/uploads\/2025\/12\/volcanes-de-Guatemala-volcan-santiaguito-erupcion-2025-1.jpeg\" class=\"attachment-large size-large wp-image-50028\" alt=\"volcanes de Guatemala volcan santiaguito erupci\u00f3n 2025 1\" srcset=\"https:\/\/soymigrante.com\/revista\/wp-content\/uploads\/2025\/12\/volcanes-de-Guatemala-volcan-santiaguito-erupcion-2025-1.jpeg 465w, https:\/\/soymigrante.com\/revista\/wp-content\/uploads\/2025\/12\/volcanes-de-Guatemala-volcan-santiaguito-erupcion-2025-1-300x300.jpeg 300w, https:\/\/soymigrante.com\/revista\/wp-content\/uploads\/2025\/12\/volcanes-de-Guatemala-volcan-santiaguito-erupcion-2025-1-150x150.jpeg 150w, https:\/\/soymigrante.com\/revista\/wp-content\/uploads\/2025\/12\/volcanes-de-Guatemala-volcan-santiaguito-erupcion-2025-1-75x75.jpeg 75w\" sizes=\"(max-width: 465px) 100vw, 465px\" \/>\n            <\/div>\n        <\/div><div class=\"eael-entry-wrapper\"><header class=\"eael-entry-header\"><h2 class=\"eael-entry-title\"><a class=\"eael-grid-post-link\" href=\"https:\/\/soymigrante.com\/revista\/impresionante-erupcion-nocturna-del-volcan-santiaguito-captura-el-fotografo-marcos-zarate\/\" title=\"Impresionante erupci\u00f3n nocturna del volc\u00e1n Santiaguito captura el fot\u00f3grafo Marcos Z\u00e1rate\">Impresionante erupci\u00f3n nocturna del volc\u00e1n Santiaguito captura el fot\u00f3grafo Marcos Z\u00e1rate<\/a><\/h2><\/header><div class=\"eael-entry-content\">\n                        <div class=\"eael-grid-post-excerpt\"><a href=\"https:\/\/soymigrante.com\/revista\/impresionante-erupcion-nocturna-del-volcan-santiaguito-captura-el-fotografo-marcos-zarate\/\" class=\"eael-post-elements-readmore-btn\">CONOCE SU HISTORIA <\/a><\/div>\n                    <\/div><\/div><\/div>\n        <\/div>\n    <\/article><\/div>\n            <div class=\"clearfix\"><\/div>\n        <\/div>            <div class=\"eael-load-more-button-wrap eael-force-hide\">\n                <button class=\"eael-load-more-button\" id=\"eael-load-more-btn-0b0e334\" data-widget-id=\"0b0e334\" data-widget=\"0b0e334\" data-page-id=\"55431\" data-template=\"{&quot;dir&quot;:&quot;lite&quot;,&quot;file_name&quot;:&quot;one.php&quot;,&quot;name&quot;:&quot;Post-Grid&quot;}\" data-class=\"Essential_Addons_Elementor\\Elements\\Post_Grid\" data-layout=\"masonry\" data-page=\"1\" data-args=\"orderby=rand&amp;order=desc&amp;ignore_sticky_posts=1&amp;post_status=publish&amp;posts_per_page=3&amp;offset=0&amp;post_type=post&amp;tax_query%5B0%5D%5Btaxonomy%5D=category&amp;tax_query%5B0%5D%5Bfield%5D=term_id&amp;tax_query%5B0%5D%5Bterms%5D%5B0%5D=58&amp;tax_query%5Brelation%5D=AND\" data-max-page=\"288\">\n                    <span class=\"eael-btn-loader button__loader\"><\/span>\n                    <span class=\"eael_load_more_text\">Load More<\/span>\n                <\/button>\n            <\/div>\n            \t\t\t\t<\/div>\n\t\t\t\t\t<\/div>\n\t\t\t\t<\/div>\n\t\t\t\t<\/div>\n\t\t","protected":false},"excerpt":{"rendered":"<p>Familias migrantes viven en constante zozobra el proceso judicial impulsado por el mandatario Donald Trump para eliminar la ciudadan\u00eda por nacimiento. Uni\u00f3n Americana de Libertades Civiles lo expone as\u00ed: Lo que deber\u00eda ser un momento de alegr\u00eda \u2014el nacimiento de un hijo\u2014 se ha convertido en una fuente de ansiedad para muchas familias migrantes en [&hellip;]<\/p>\n","protected":false},"author":1,"featured_media":55432,"comment_status":"open","ping_status":"open","sticky":false,"template":"","format":"standard","meta":{"_acf_changed":false,"_eb_attr":"","footnotes":""},"categories":[280],"tags":[],"class_list":["post-55431","post","type-post","status-publish","format-standard","has-post-thumbnail","hentry","category-noticias"],"acf":[],"aioseo_notices":[],"aioseo_head":"\n\t\t<!-- All in One SEO Pro 4.9.6.2 - aioseo.com -->\n\t<meta name=\"description\" content=\"La furia del peque\u00f1o pero intenso volc\u00e1n Santiaguito queda plasmada en im\u00e1genes del experimentado fot\u00f3grafo momosteco Marcos Zarate, quien cuenta detalles.\" \/>\n\t<meta name=\"robots\" content=\"max-snippet:-1, max-image-preview:large, max-video-preview:-1\" \/>\n\t<meta name=\"author\" content=\"Gustavo Montenegro\"\/>\n\t<link rel=\"canonical\" href=\"https:\/\/soymigrante.com\/revista\/impresionante-erupcion-nocturna-del-volcan-santiaguito-captura-el-fotografo-marcos-zarate\/\" \/>\n\t<meta name=\"generator\" content=\"All in One SEO Pro (AIOSEO) 4.9.6.2\" \/>\n\n\t\t<link rel=\"preconnect\" href=\"https:\/\/fonts.googleapis.com\" crossorigin>\n<link rel=\"preconnect\" href=\"https:\/\/fonts.gstatic.com\" crossorigin>\n\t\t<meta property=\"og:locale\" content=\"es_ES\" \/>\n\t\t<meta property=\"og:site_name\" content=\"SoyMigrante.com REVISTA \u2013 Nuestra misi\u00f3n es reconocer y dignificar al migrante.\" \/>\n\t\t<meta property=\"og:type\" content=\"article\" \/>\n\t\t<meta property=\"og:title\" content=\"En fotos: erupci\u00f3n nocturna del Santiaguito por Marcos Z\u00e1rate\" \/>\n\t\t<meta property=\"og:description\" content=\"La furia del peque\u00f1o pero intenso volc\u00e1n Santiaguito queda plasmada en im\u00e1genes del experimentado fot\u00f3grafo momosteco Marcos Zarate, quien cuenta detalles.\" \/>\n\t\t<meta property=\"og:url\" content=\"https:\/\/soymigrante.com\/revista\/impresionante-erupcion-nocturna-del-volcan-santiaguito-captura-el-fotografo-marcos-zarate\/\" \/>\n\t\t<meta property=\"og:image\" content=\"https:\/\/soymigrante.com\/revista\/wp-content\/uploads\/2025\/12\/volcanes-de-Guatemala-volcan-santiaguito-erupcion-2025-1.jpeg\" \/>\n\t\t<meta property=\"og:image:secure_url\" content=\"https:\/\/soymigrante.com\/revista\/wp-content\/uploads\/2025\/12\/volcanes-de-Guatemala-volcan-santiaguito-erupcion-2025-1.jpeg\" \/>\n\t\t<meta property=\"og:image:width\" content=\"465\" \/>\n\t\t<meta property=\"og:image:height\" content=\"465\" \/>\n\t\t<meta property=\"article:published_time\" content=\"2025-12-22T09:00:00+00:00\" \/>\n\t\t<meta property=\"article:modified_time\" content=\"2025-12-22T02:54:27+00:00\" \/>\n\t\t<meta property=\"article:publisher\" content=\"https:\/\/www.facebook.com\/soymigrantecom\" \/>\n\t\t<meta name=\"twitter:card\" content=\"summary_large_image\" \/>\n\t\t<meta name=\"twitter:site\" content=\"@SoyMigrante_com\" \/>\n\t\t<meta name=\"twitter:title\" content=\"En fotos: erupci\u00f3n nocturna del Santiaguito por Marcos Z\u00e1rate\" \/>\n\t\t<meta name=\"twitter:description\" content=\"La furia del peque\u00f1o pero intenso volc\u00e1n Santiaguito queda plasmada en im\u00e1genes del experimentado fot\u00f3grafo momosteco Marcos Zarate, quien cuenta detalles.\" \/>\n\t\t<meta name=\"twitter:creator\" content=\"@SoyMigrante_com\" \/>\n\t\t<meta name=\"twitter:image\" content=\"https:\/\/soymigrante.com\/revista\/wp-content\/uploads\/2025\/12\/volcanes-de-Guatemala-volcan-santiaguito-erupcion-2025-1.jpeg\" \/>\n\t\t<!-- All in One SEO Pro -->\r\n\t\t<title>En fotos: erupci\u00f3n nocturna del Santiaguito por Marcos Z\u00e1rate<\/title>\n\n","aioseo_head_json":{"title":"En fotos: erupci\u00f3n nocturna del Santiaguito por Marcos Z\u00e1rate","description":"La furia del peque\u00f1o pero intenso volc\u00e1n Santiaguito queda plasmada en im\u00e1genes del experimentado fot\u00f3grafo momosteco Marcos Zarate, quien cuenta detalles.","canonical_url":"https:\/\/soymigrante.com\/revista\/impresionante-erupcion-nocturna-del-volcan-santiaguito-captura-el-fotografo-marcos-zarate\/","robots":"max-snippet:-1, max-image-preview:large, max-video-preview:-1","keywords":"","webmasterTools":{"miscellaneous":"&lt;link rel=\"preconnect\" href=\"https:\/\/fonts.googleapis.com\" crossorigin&gt;\n&lt;link rel=\"preconnect\" href=\"https:\/\/fonts.gstatic.com\" crossorigin&gt;"},"schema":null,"og:locale":"es_ES","og:site_name":"SoyMigrante.com REVISTA \u2013 Nuestra misi\u00f3n es reconocer y dignificar al migrante.","og:type":"article","og:title":"En fotos: erupci\u00f3n nocturna del Santiaguito por Marcos Z\u00e1rate","og:description":"La furia del peque\u00f1o pero intenso volc\u00e1n Santiaguito queda plasmada en im\u00e1genes del experimentado fot\u00f3grafo momosteco Marcos Zarate, quien cuenta detalles.","og:url":"https:\/\/soymigrante.com\/revista\/impresionante-erupcion-nocturna-del-volcan-santiaguito-captura-el-fotografo-marcos-zarate\/","og:image":"https:\/\/soymigrante.com\/revista\/wp-content\/uploads\/2025\/12\/volcanes-de-Guatemala-volcan-santiaguito-erupcion-2025-1.jpeg","og:image:secure_url":"https:\/\/soymigrante.com\/revista\/wp-content\/uploads\/2025\/12\/volcanes-de-Guatemala-volcan-santiaguito-erupcion-2025-1.jpeg","og:image:width":465,"og:image:height":465,"article:published_time":"2025-12-22T09:00:00+00:00","article:modified_time":"2025-12-22T02:54:27+00:00","article:publisher":"https:\/\/www.facebook.com\/soymigrantecom","twitter:card":"summary_large_image","twitter:site":"@SoyMigrante_com","twitter:title":"En fotos: erupci\u00f3n nocturna del Santiaguito por Marcos Z\u00e1rate","twitter:description":"La furia del peque\u00f1o pero intenso volc\u00e1n Santiaguito queda plasmada en im\u00e1genes del experimentado fot\u00f3grafo momosteco Marcos Zarate, quien cuenta detalles.","twitter:creator":"@SoyMigrante_com","twitter:image":"https:\/\/soymigrante.com\/revista\/wp-content\/uploads\/2025\/12\/volcanes-de-Guatemala-volcan-santiaguito-erupcion-2025-1.jpeg"},"aioseo_meta_data":{"post_id":"55431","title":"Ciudadania por nacimiento: debate e incertidumbre contin\u00faan","description":"Uni\u00f3n Americana de Libertades Civiles expone angustia de familias y madres migrantes ante el debate a\u00fan sin resolver de la ciudadan\u00eda por nacimiento en USA","keywords":null,"keyphrases":{"focus":{"keyphrase":"Ciudadan\u00eda","score":91,"analysis":{"keyphraseInTitle":{"score":9,"maxScore":9,"error":0},"keyphraseInDescription":{"score":9,"maxScore":9,"error":0},"keyphraseLength":{"score":9,"maxScore":9,"error":0,"length":2},"keyphraseInURL":{"score":5,"maxScore":5,"error":0},"keyphraseInIntroduction":{"score":9,"maxScore":9,"error":0},"keyphraseInSubHeadings":{"score":3,"maxScore":9,"error":1},"keyphraseInImageAlt":{"score":9,"maxScore":9,"error":0},"keywordDensity":{"type":"best","score":9,"maxScore":9,"error":0}}},"additional":[{"keyphrase":"Nacimiento","score":100,"analysis":{"keyphraseInDescription":{"score":9,"maxScore":9,"error":0},"keyphraseLength":{"score":9,"maxScore":9,"error":0,"length":1},"keyphraseInIntroduction":{"score":9,"maxScore":9,"error":0},"keyphraseInImageAlt":{"score":9,"maxScore":9,"error":0},"keywordDensity":{"type":"best","score":9,"maxScore":9,"error":0}}}]},"primary_term":null,"canonical_url":null,"og_title":null,"og_description":null,"og_object_type":"default","og_image_type":"default","og_image_url":null,"og_image_width":null,"og_image_height":null,"og_image_custom_url":null,"og_image_custom_fields":null,"og_video":"","og_custom_url":null,"og_article_section":null,"og_article_tags":null,"twitter_use_og":false,"twitter_card":"default","twitter_image_type":"default","twitter_image_url":null,"twitter_image_custom_url":null,"twitter_image_custom_fields":null,"twitter_title":null,"twitter_description":null,"schema":{"blockGraphs":[],"customGraphs":[],"default":{"data":{"Article":[],"Course":[],"Dataset":[],"FAQPage":[],"Movie":[],"Person":[],"Product":[],"ProductReview":[],"Car":[],"Recipe":[],"Service":[],"SoftwareApplication":[],"WebPage":[]},"graphName":"NewsArticle","isEnabled":true},"graphs":[]},"schema_type":"default","schema_type_options":null,"pillar_content":false,"robots_default":true,"robots_noindex":false,"robots_noarchive":false,"robots_nosnippet":false,"robots_nofollow":false,"robots_noimageindex":false,"robots_noodp":false,"robots_notranslate":false,"robots_max_snippet":"-1","robots_max_videopreview":"-1","robots_max_imagepreview":"large","priority":null,"frequency":"default","local_seo":null,"seo_analyzer_scan_date":null,"breadcrumb_settings":null,"limit_modified_date":false,"reviewed_by":"0","open_ai":null,"ai":{"faqs":[],"keyPoints":[],"schemas":[],"titles":[],"descriptions":[],"socialPosts":{"email":[],"linkedin":[],"twitter":[],"facebook":[],"instagram":[]}},"created":"2026-04-24 16:57:04","updated":"2026-04-24 17:35:01"},"aioseo_breadcrumb":"<div class=\"aioseo-breadcrumbs\"><span class=\"aioseo-breadcrumb\">\n\t<a href=\"https:\/\/soymigrante.com\/revista\" title=\"Home\">Home<\/a>\n<\/span><span class=\"aioseo-breadcrumb-separator\">\u00bb<\/span><span class=\"aioseo-breadcrumb\">\n\t<a href=\"https:\/\/soymigrante.com\/revista\/category\/noticias\/\" title=\"Noticias\">Noticias<\/a>\n<\/span><span class=\"aioseo-breadcrumb-separator\">\u00bb<\/span><span class=\"aioseo-breadcrumb\">\n\tFamilias migrantes enfrentan incierto debate de ciudadan\u00eda por nacimiento en EE.UU.\n<\/span><\/div>","aioseo_breadcrumb_json":[{"label":"Home","link":"https:\/\/soymigrante.com\/revista"},{"label":"Noticias","link":"https:\/\/soymigrante.com\/revista\/category\/noticias\/"},{"label":"Familias migrantes enfrentan incierto debate de ciudadan\u00eda por nacimiento en EE.UU.","link":"https:\/\/soymigrante.com\/revista\/familias-migrantes-enfrentan-incierto-debate-de-ciudadania-por-nacimiento-en-ee-uu\/"}],"_links":{"self":[{"href":"https:\/\/soymigrante.com\/revista\/wp-json\/wp\/v2\/posts\/55431","targetHints":{"allow":["GET"]}}],"collection":[{"href":"https:\/\/soymigrante.com\/revista\/wp-json\/wp\/v2\/posts"}],"about":[{"href":"https:\/\/soymigrante.com\/revista\/wp-json\/wp\/v2\/types\/post"}],"author":[{"embeddable":true,"href":"https:\/\/soymigrante.com\/revista\/wp-json\/wp\/v2\/users\/1"}],"replies":[{"embeddable":true,"href":"https:\/\/soymigrante.com\/revista\/wp-json\/wp\/v2\/comments?post=55431"}],"version-history":[{"count":5,"href":"https:\/\/soymigrante.com\/revista\/wp-json\/wp\/v2\/posts\/55431\/revisions"}],"predecessor-version":[{"id":55438,"href":"https:\/\/soymigrante.com\/revista\/wp-json\/wp\/v2\/posts\/55431\/revisions\/55438"}],"wp:featuredmedia":[{"embeddable":true,"href":"https:\/\/soymigrante.com\/revista\/wp-json\/wp\/v2\/media\/55432"}],"wp:attachment":[{"href":"https:\/\/soymigrante.com\/revista\/wp-json\/wp\/v2\/media?parent=55431"}],"wp:term":[{"taxonomy":"category","embeddable":true,"href":"https:\/\/soymigrante.com\/revista\/wp-json\/wp\/v2\/categories?post=55431"},{"taxonomy":"post_tag","embeddable":true,"href":"https:\/\/soymigrante.com\/revista\/wp-json\/wp\/v2\/tags?post=55431"}],"curies":[{"name":"wp","href":"https:\/\/api.w.org\/{rel}","templated":true}]}}