{"id":55406,"date":"2026-04-24T07:37:40","date_gmt":"2026-04-24T13:37:40","guid":{"rendered":"https:\/\/soymigrante.com\/revista\/?p=55406"},"modified":"2026-04-24T11:50:23","modified_gmt":"2026-04-24T17:50:23","slug":"donacion-migrante-de-equipo-y-capacitacion-desde-nueva-york-fortalece-a-bomberos-de-quetzaltenango","status":"publish","type":"post","link":"https:\/\/soymigrante.com\/revista\/donacion-migrante-de-equipo-y-capacitacion-desde-nueva-york-fortalece-a-bomberos-de-quetzaltenango\/","title":{"rendered":"Donaci\u00f3n migrante de equipo y capacitaci\u00f3n desde Nueva York fortalece a bomberos de Quetzaltenango"},"content":{"rendered":"\t\t<div data-elementor-type=\"wp-post\" data-elementor-id=\"55406\" class=\"elementor elementor-55406\" data-elementor-post-type=\"post\">\n\t\t\t\t<div data-particle_enable=\"false\" data-particle-mobile-disabled=\"false\" class=\"elementor-element elementor-element-9af8ed0 e-flex e-con-boxed e-con e-parent\" data-id=\"9af8ed0\" data-element_type=\"container\" data-e-type=\"container\">\n\t\t\t\t\t<div class=\"e-con-inner\">\n\t\t\t\t<div class=\"elementor-element elementor-element-c90ca07 elementor-widget elementor-widget-heading\" data-id=\"c90ca07\" data-element_type=\"widget\" data-e-type=\"widget\" data-widget_type=\"heading.default\">\n\t\t\t\t\t<h3 class=\"elementor-heading-title elementor-size-default\">La emprendedora migrante Ana Prince, residente en Nueva York impulsa el apoyo t\u00e9cnico y equipamiento de bomberos departamentales de su natal Quetzaltenango, gracias al apoyo de 911 Foundation y la C\u00e1mara de Comercio Guatemala-NY<\/h3>\t\t\t\t<\/div>\n\t\t\t\t\t<\/div>\n\t\t\t\t<\/div>\n\t\t<div data-particle_enable=\"false\" data-particle-mobile-disabled=\"false\" class=\"elementor-element elementor-element-0fc7237 e-flex e-con-boxed e-con e-parent\" data-id=\"0fc7237\" data-element_type=\"container\" data-e-type=\"container\">\n\t\t\t\t\t<div class=\"e-con-inner\">\n\t\t\t\t<div class=\"elementor-element elementor-element-8b59e20 elementor-widget elementor-widget-text-editor\" data-id=\"8b59e20\" data-element_type=\"widget\" data-e-type=\"widget\" data-widget_type=\"text-editor.default\">\n\t\t\t\t\t\t\t\t\t<p>\u201cLa salud no es un privilegio, es un derecho, especialmente en las \u00e1reas m\u00e1s vulnerables\u201d. Con esa convicci\u00f3n, <a href=\"https:\/\/soymigrante.com\/revista\/hermanas-migrantes-brenda-y-ana-triunfan-con-la-fuerza-del-jaguar-en-ny\/\">la empresaria migrante guatemalteca Ana Prince<\/a> impuls\u00f3 una iniciativa que hoy ya est\u00e1 teniendo impacto directo en el pa\u00eds, con equipos m\u00e9dicos, bomberiles y de asistencia en pleno funcionamiento en distintas comunidades de Guatemala.<\/p>\n<p>El proyecto, respaldado por la C\u00e1mara de Comercio Guatemala\u2013Nueva York y con el apoyo clave de la <a href=\"https:\/\/www.americas911foundation.org\/\" target=\"_blank\" rel=\"noopener\">Americas 911 Foundation<\/a>, ha efectuado entregas en marzo de 2025 y 2026. Equipo de rescate, uniformes, sillas de ruedas y andadores han sido entregados a estaciones de bomberos de siete municipios de&nbsp;<a href=\"https:\/\/soymigrante.com\/revista\/quetzaltenango-500-15-datos-que-quiza-ya-sabias-o-tal-vez-no\/\" target=\"_blank\">Quetzaltenango<\/a>, as\u00ed como a la <a href=\"https:\/\/es.wikipedia.org\/wiki\/Polic%C3%ADa_Nacional_Civil_de_Guatemala\" target=\"_blank\" rel=\"noopener\">Polic\u00eda Nacional Civil<\/a> local y diversas entidades ben\u00e9ficas.&nbsp;<\/p>\n<p>La&nbsp; iniciativa surgi\u00f3 con un partido entre el equipo de Xelaj\u00fa M.C. que visit\u00f3 Nueva York y jug\u00f3 contra un equipo de bomberos local; despu\u00e9s hubo un encuentro de vuelta. De la hermandad reflejada en aquellos momentos naci\u00f3 en Ana Prince la intenci\u00f3n de gestionar la donaci\u00f3n. Y la fundaci\u00f3n 911 acept\u00f3, con la condici\u00f3n de brindar tambi\u00e9n una capacitaci\u00f3n.<\/p>\t\t\t\t\t\t\t\t<\/div>\n\t\t\t\t\t<\/div>\n\t\t\t\t<\/div>\n\t\t<div data-particle_enable=\"false\" data-particle-mobile-disabled=\"false\" class=\"elementor-element elementor-element-08dd1f5 e-flex e-con-boxed e-con e-parent\" data-id=\"08dd1f5\" data-element_type=\"container\" data-e-type=\"container\">\n\t\t\t\t\t<div class=\"e-con-inner\">\n\t\t\t\t<div class=\"elementor-element elementor-element-987ac74 elementor-widget elementor-widget-image\" data-id=\"987ac74\" data-element_type=\"widget\" data-e-type=\"widget\" data-widget_type=\"image.default\">\n\t\t\t\t\t\t\t\t\t\t\t\t<figure class=\"wp-caption\">\n\t\t\t\t\t\t\t\t\t\t<img fetchpriority=\"high\" decoding=\"async\" width=\"768\" height=\"432\" src=\"https:\/\/soymigrante.com\/revista\/wp-content\/uploads\/2026\/04\/guatemaltecos-en-estados-unidos-migrantes-donacion-a-bomberos-quezaltenango-fundacion-911-12.jpeg\" class=\"attachment-large size-large wp-image-55424\" alt=\"Entre 2025 y 2026, ocho estaciones de Bomberos Departamentales Municipales han recibido donativos de equipo y tambi\u00e9n capacitaci\u00f3n para su m\u00e1ximo aprovechamiento, gracias a las gestiones de la migrante guatemalteca Ana Prince, al apoyo de la Fundaci\u00f3n 911 de Estados Unidos y al respaldo de la C\u00e1mara de Comercio Guatemala Nueva York. Esta fue una de las entregas en marzo de 2026.\" srcset=\"https:\/\/soymigrante.com\/revista\/wp-content\/uploads\/2026\/04\/guatemaltecos-en-estados-unidos-migrantes-donacion-a-bomberos-quezaltenango-fundacion-911-12.jpeg 1024w, https:\/\/soymigrante.com\/revista\/wp-content\/uploads\/2026\/04\/guatemaltecos-en-estados-unidos-migrantes-donacion-a-bomberos-quezaltenango-fundacion-911-12-300x169.jpeg 300w, https:\/\/soymigrante.com\/revista\/wp-content\/uploads\/2026\/04\/guatemaltecos-en-estados-unidos-migrantes-donacion-a-bomberos-quezaltenango-fundacion-911-12-768x432.jpeg 768w, https:\/\/soymigrante.com\/revista\/wp-content\/uploads\/2026\/04\/guatemaltecos-en-estados-unidos-migrantes-donacion-a-bomberos-quezaltenango-fundacion-911-12-750x422.jpeg 750w\" sizes=\"(max-width: 768px) 100vw, 768px\" title=\"Entre 2025 y 2026, ocho estaciones de Bomberos Departamentales Municipales han recibido donativos de equipo y tambi\u00e9n capacitaci\u00f3n para su m\u00e1ximo aprovechamiento, gracias a las gestiones de la migrante guatemalteca Ana Prince, al apoyo de la Fundaci\u00f3n 911 de Estados Unidos y al respaldo de la C\u00e1mara de Comercio Guatemala Nueva York. Esta fue una de las entregas en marzo de 2026. \u2013 SoyMigrante.com REVISTA\" \/>\t\t\t\t\t\t\t\t\t\t\t<figcaption class=\"widget-image-caption wp-caption-text\">Entre 2025 y 2026, ocho estaciones de Bomberos Departamentales Municipales han recibido donativos de equipo y tambi\u00e9n capacitaci\u00f3n para su m\u00e1ximo aprovechamiento, gracias a las gestiones de la migrante guatemalteca Ana Prince, al apoyo de la Fundaci\u00f3n 911 de Estados Unidos y al respaldo de la C\u00e1mara de Comercio Guatemala Nueva York. Esta fue una de las entregas en marzo de 2026.<\/figcaption>\n\t\t\t\t\t\t\t\t\t\t<\/figure>\n\t\t\t\t\t\t\t\t\t<\/div>\n\t\t\t\t\t<\/div>\n\t\t\t\t<\/div>\n\t\t<div data-particle_enable=\"false\" data-particle-mobile-disabled=\"false\" class=\"elementor-element elementor-element-2c98b6d e-flex e-con-boxed e-con e-parent\" data-id=\"2c98b6d\" data-element_type=\"container\" data-e-type=\"container\">\n\t\t\t\t\t<div class=\"e-con-inner\">\n\t\t\t\t<div class=\"elementor-element elementor-element-e47245d elementor-widget elementor-widget-text-editor\" data-id=\"e47245d\" data-element_type=\"widget\" data-e-type=\"widget\" data-widget_type=\"text-editor.default\">\n\t\t\t\t\t\t\t\t\t<p><span style=\"color: #000000; font-family: Mulish, sans-serif; font-size: 31px; font-weight: bold;\">Una alianza de solidaridad y conocimiento<\/span><\/p><p>El v\u00ednculo con la <a href=\"https:\/\/www.americas911foundation.org\/\" target=\"_blank\" rel=\"noopener\">Americas 911 Foundation<\/a> \u2014integrada por bomberos de Nueva York y Nueva Jersey\u2014 permiti\u00f3 crear un modelo de ayuda que combina donaci\u00f3n de equipo con capacitaci\u00f3n t\u00e9cnica. &#8220;Ellos aceptaron donar equipo, pero la condici\u00f3n era poder efectuar una capacitaci\u00f3n para\u00a0 su uso y tambi\u00e9n en entrenamiento de t\u00e9cnicas de rescate&#8221;, cuenta Ana, <a href=\"https:\/\/soymigrante.com\/revista\/nueva-york-proclamara-el-dia-de-guatemala-para-honrar-aporte-de-la-comunidad-migrante\/\">cuyos aportes fueron reconocidos junto a su hermana, Brenda Castellanos, en el D\u00eda de Guatemala en Nueva York, en diciembre de 2025.\u00a0<\/a><\/p><p>Hasta hora se han efectuado dos visitas de donacion. La m\u00e1s reciente fue en marzo pasado. &#8220;La C\u00e1mara de Comercio Guatemala Nueva York apoy\u00f3 con pasajes en la primera visita y tambien con el acompa\u00f1amiento institucional&#8221;. Sin embargo, se trata de un voluntariado. \u201cDonamos tiempo, vacaciones, incluso tiempo laboral. No cobramos, solo queremos capacitar en el equipo que se entrega y las jornadas m\u00e9dicas\u201d, explica Prince.<\/p><p>Este esfuerzo tambi\u00e9n refleja el compromiso de los guatemaltecos en Estados Unidos, que m\u00e1s all\u00e1 de las remesas, aportan conocimiento, redes y gesti\u00f3n para impulsar proyectos de alto impacto social en sus comunidades de origen.<\/p><p>En marzo de 2025, durante el primer viaje, se capacit\u00f3 a bomberos en Palestina de Los Altos y se realiz\u00f3 una jornada m\u00e9dica que atendi\u00f3 gratuitamente a m\u00e1s de mil personas en solo dos d\u00edas. &#8220;Se fueron con su medicina para tres y seis meses, sin costo alguno. Algunos de los asistentes nunca hab\u00edan tenido cita con un m\u00e9dico en su vida&#8221;, relata Ana.<\/p>\t\t\t\t\t\t\t\t<\/div>\n\t\t\t\t\t<\/div>\n\t\t\t\t<\/div>\n\t\t<div data-particle_enable=\"false\" data-particle-mobile-disabled=\"false\" class=\"elementor-element elementor-element-8156352 e-flex e-con-boxed e-con e-parent\" data-id=\"8156352\" data-element_type=\"container\" data-e-type=\"container\">\n\t\t\t\t\t<div class=\"e-con-inner\">\n\t\t\t\t<div class=\"elementor-element elementor-element-738af8d elementor-widget elementor-widget-image\" data-id=\"738af8d\" data-element_type=\"widget\" data-e-type=\"widget\" data-widget_type=\"image.default\">\n\t\t\t\t\t\t\t\t\t\t\t\t<figure class=\"wp-caption\">\n\t\t\t\t\t\t\t\t\t\t<img decoding=\"async\" width=\"768\" height=\"432\" src=\"https:\/\/soymigrante.com\/revista\/wp-content\/uploads\/2026\/04\/guatemaltecos-en-estados-unidos-migrantes-donacion-a-bomberos-quezaltenango-fundacion-911-8.jpeg\" class=\"attachment-large size-large wp-image-55425\" alt=\"La migrante y empresaria guatemalteca Ana Prince junto a representantes de 911 Foundation, que don\u00f3 el equipo para estaciones de bomberos en Quetzaltenango y San Marcos. Hasta ahora han sido dos contenedores llenos los que han llegado y beneficiado la labor de los socorristas.\" srcset=\"https:\/\/soymigrante.com\/revista\/wp-content\/uploads\/2026\/04\/guatemaltecos-en-estados-unidos-migrantes-donacion-a-bomberos-quezaltenango-fundacion-911-8.jpeg 1024w, https:\/\/soymigrante.com\/revista\/wp-content\/uploads\/2026\/04\/guatemaltecos-en-estados-unidos-migrantes-donacion-a-bomberos-quezaltenango-fundacion-911-8-300x169.jpeg 300w, https:\/\/soymigrante.com\/revista\/wp-content\/uploads\/2026\/04\/guatemaltecos-en-estados-unidos-migrantes-donacion-a-bomberos-quezaltenango-fundacion-911-8-768x432.jpeg 768w, https:\/\/soymigrante.com\/revista\/wp-content\/uploads\/2026\/04\/guatemaltecos-en-estados-unidos-migrantes-donacion-a-bomberos-quezaltenango-fundacion-911-8-750x422.jpeg 750w\" sizes=\"(max-width: 768px) 100vw, 768px\" title=\"La migrante y empresaria guatemalteca Ana Prince junto a representantes de 911 Foundation, que don\u00f3 el equipo para estaciones de bomberos en Quetzaltenango y San Marcos. Hasta ahora han sido dos contenedores llenos  los que han llegado y beneficiado la labor de los socorristas. \u2013 SoyMigrante.com REVISTA\" \/>\t\t\t\t\t\t\t\t\t\t\t<figcaption class=\"widget-image-caption wp-caption-text\">La migrante y empresaria guatemalteca Ana Prince junto a bomberos guatemaltecos y  representantes de 911 Foundation, que don\u00f3 el equipo para estaciones de bomberos en Quetzaltenango y San Marcos. Hasta ahora han sido dos contenedores llenos  los que han llegado y beneficiado la labor de los socorristas.<\/figcaption>\n\t\t\t\t\t\t\t\t\t\t<\/figure>\n\t\t\t\t\t\t\t\t\t<\/div>\n\t\t\t\t\t<\/div>\n\t\t\t\t<\/div>\n\t\t<div data-particle_enable=\"false\" data-particle-mobile-disabled=\"false\" class=\"elementor-element elementor-element-90df7e4 e-flex e-con-boxed e-con e-parent\" data-id=\"90df7e4\" data-element_type=\"container\" data-e-type=\"container\">\n\t\t\t\t\t<div class=\"e-con-inner\">\n\t\t\t\t<div class=\"elementor-element elementor-element-5d72f86 elementor-widget elementor-widget-text-editor\" data-id=\"5d72f86\" data-element_type=\"widget\" data-e-type=\"widget\" data-widget_type=\"text-editor.default\">\n\t\t\t\t\t\t\t\t\t<p><span style=\"color: #000000; font-family: Mulish, sans-serif; font-size: 31px; font-weight: bold;\">Equipo que ya est\u00e1 en servicio<\/span><\/p><p>Tras identificar las carencias en otras estaciones de bomberos voluntarios, se organiz\u00f3 el env\u00edo de un contenedor de 40 pies con equipo esencial: botas, cascos, chaquetas, guantes, camillas y camas hospitalarias. Fueron siete estaciones de bomberos departamentales m\u00e1s las beneficiadas: &#8220;Entre ellas las de San Juan Ostuncalco, La Esperanza y\u00a0 Cantel, en Quetzaltenango; tambi\u00e9n una en San Marcos. Todas con el mismo problema, carencias de equipo y necesidad de m\u00e1s entrenamiento&#8221;, agrega.<\/p><div>Con apoyo en los tr\u00e1mites de ingreso al pa\u00eds por parte de organizaciones ben\u00e9ficas,\u00a0\u00a0el contenedor lleg\u00f3 a Guatemala en diciembre de 2025. Actualmente, el equipo ya est\u00e1 siendo utilizado,fortaleciendo la capacidad de respuesta ante emergencias, cuenta Prince.<\/div><div>\u00a0<\/div><p>&#8220;La donaci\u00f3n tambi\u00e9n benefici\u00f3 a la Polic\u00eda Nacional Civil, que recibi\u00f3 sillas de ruedas y andadores para agentes con enfermedades, discapacidad o en retiro, as\u00ed como a entidades ben\u00e9ficas que atienden a adultos mayores&#8221;, agreg\u00f3.<\/p><p>El alcance del proyecto contin\u00faa creciendo hacia otras regiones, incluyendo iniciativas comunitarias y programas de formaci\u00f3n en primeros auxilios.<\/p>\t\t\t\t\t\t\t\t<\/div>\n\t\t\t\t\t<\/div>\n\t\t\t\t<\/div>\n\t\t<div data-particle_enable=\"false\" data-particle-mobile-disabled=\"false\" class=\"elementor-element elementor-element-8557f84 e-flex e-con-boxed e-con e-parent\" data-id=\"8557f84\" data-element_type=\"container\" data-e-type=\"container\">\n\t\t\t\t\t<div class=\"e-con-inner\">\n\t\t\t\t<div class=\"elementor-element elementor-element-2e6e915 elementor-widget elementor-widget-image\" data-id=\"2e6e915\" data-element_type=\"widget\" data-e-type=\"widget\" data-widget_type=\"image.default\">\n\t\t\t\t\t\t\t\t\t\t\t\t<figure class=\"wp-caption\">\n\t\t\t\t\t\t\t\t\t\t<img decoding=\"async\" width=\"768\" height=\"432\" src=\"https:\/\/soymigrante.com\/revista\/wp-content\/uploads\/2026\/04\/guatemaltecos-en-estados-unidos-migrantes-donacion-a-bomberos-quezaltenango-fundacion-911-5-1.jpeg\" class=\"attachment-large size-large wp-image-55426\" alt=\"Las jornada m\u00e9dicas y los donativos de andadores o sillas de ruedas a la Polic\u00eda Nacional Civil y entidades ben\u00e9ficas como hogares de ancianos tambi\u00e9n han sido parte del aporte gestionado por la migrante guatemalteca Ana Prince, originaria de Quetzaltenango.\" srcset=\"https:\/\/soymigrante.com\/revista\/wp-content\/uploads\/2026\/04\/guatemaltecos-en-estados-unidos-migrantes-donacion-a-bomberos-quezaltenango-fundacion-911-5-1.jpeg 1024w, https:\/\/soymigrante.com\/revista\/wp-content\/uploads\/2026\/04\/guatemaltecos-en-estados-unidos-migrantes-donacion-a-bomberos-quezaltenango-fundacion-911-5-1-300x169.jpeg 300w, https:\/\/soymigrante.com\/revista\/wp-content\/uploads\/2026\/04\/guatemaltecos-en-estados-unidos-migrantes-donacion-a-bomberos-quezaltenango-fundacion-911-5-1-768x432.jpeg 768w, https:\/\/soymigrante.com\/revista\/wp-content\/uploads\/2026\/04\/guatemaltecos-en-estados-unidos-migrantes-donacion-a-bomberos-quezaltenango-fundacion-911-5-1-750x422.jpeg 750w\" sizes=\"(max-width: 768px) 100vw, 768px\" title=\"Las jornada m\u00e9dicas y los donativos de andadores o sillas de ruedas a la Polic\u00eda Nacional Civil y entidades ben\u00e9ficas como hogares de ancianos tambi\u00e9n han sido parte del aporte gestionado por la migrante guatemalteca Ana Prince, originaria de Quetzaltenango. \u2013 SoyMigrante.com REVISTA\" \/>\t\t\t\t\t\t\t\t\t\t\t<figcaption class=\"widget-image-caption wp-caption-text\">Las jornada m\u00e9dicas y los donativos de andadores o sillas de ruedas a la Polic\u00eda Nacional Civil y entidades ben\u00e9ficas como hogares de ancianos tambi\u00e9n han sido parte del aporte gestionado por la migrante guatemalteca Ana Prince, originaria de Quetzaltenango.<\/figcaption>\n\t\t\t\t\t\t\t\t\t\t<\/figure>\n\t\t\t\t\t\t\t\t\t<\/div>\n\t\t\t\t\t<\/div>\n\t\t\t\t<\/div>\n\t\t<div data-particle_enable=\"false\" data-particle-mobile-disabled=\"false\" class=\"elementor-element elementor-element-a02d064 e-flex e-con-boxed e-con e-parent\" data-id=\"a02d064\" data-element_type=\"container\" data-e-type=\"container\">\n\t\t\t\t\t<div class=\"e-con-inner\">\n\t\t\t\t<div class=\"elementor-element elementor-element-8441363 elementor-widget elementor-widget-text-editor\" data-id=\"8441363\" data-element_type=\"widget\" data-e-type=\"widget\" data-widget_type=\"text-editor.default\">\n\t\t\t\t\t\t\t\t\t<p><span style=\"color: #000000; font-family: Mulish, sans-serif; font-size: 31px; font-weight: bold;\">Impacto humano y visi\u00f3n a futuro<\/span><\/p>\n<p>M\u00e1s all\u00e1 del equipo entregado, el impacto humano ha sido profundo. \u201cUna ni\u00f1a se me acerc\u00f3 durante una de las jornadas m\u00e9dicas que hicimos. Yo estaba tomando fotos y me regal\u00f3 un globito. \u2018Para ti\u2019, me dijo, y me dio un abrazo. No pude aguantar las l\u00e1grimas\u201d, recuerda Prince.<\/p>\n<p>El trabajo conjunto con la <a href=\"https:\/\/www.americas911foundation.org\/\" target=\"_blank\" rel=\"noopener\">Americas 911 Foundation<\/a> contin\u00faa, con nuevos env\u00edos en preparaci\u00f3n y m\u00e1s jornadas m\u00e9dicas y de capacitaci\u00f3n previstas. A largo plazo, el gran sue\u00f1o de Ana Prince es establecer una academia de formaci\u00f3n para bomberos en el occidente de Guatemala.<\/p>\n<p>Lo que comenz\u00f3 como una iniciativa individual se ha convertido en un esfuerzo colectivo que hoy, con resultados concretos, est\u00e1 salvando vidas en Guatemala. Ana Prince destaca que todo ello es posible gracias a la uni\u00f3n de esfuerzos en Estados Unidos y Guatemala, de las entidades y marcas siguientes: <br><ul><li>Guatemalan Chamber of Commerce<\/li><li>Incaparina <\/li><li>Xelaju M.C Super Chivos<\/li><li>World vision <\/li><li>Intercop<\/li><li>Polic\u00eda Nacional Civil<\/li><li>Bomberos voluntarios<\/li><li>Disetur <\/li><li>C\u00e1ritas de Guatemala <\/li><li>9\/11 Foundation<\/li><li>Detalles cer\u00e1micos<\/li><li>HD printer <\/li><li>Ej\u00e9rcito de Guatemala<\/li><li>Intecap<\/li><\/ul><\/p>\t\t\t\t\t\t\t\t<\/div>\n\t\t\t\t\t<\/div>\n\t\t\t\t<\/div>\n\t\t<div data-particle_enable=\"false\" data-particle-mobile-disabled=\"false\" class=\"elementor-element elementor-element-05d1908 e-flex e-con-boxed e-con e-parent\" data-id=\"05d1908\" data-element_type=\"container\" data-e-type=\"container\">\n\t\t\t\t\t<div class=\"e-con-inner\">\n\t\t\t\t<div class=\"elementor-element elementor-element-54a18e5 elementor-widget elementor-widget-image\" data-id=\"54a18e5\" data-element_type=\"widget\" data-e-type=\"widget\" data-widget_type=\"image.default\">\n\t\t\t\t\t\t\t\t\t\t\t\t<figure class=\"wp-caption\">\n\t\t\t\t\t\t\t\t\t\t<img loading=\"lazy\" decoding=\"async\" width=\"768\" height=\"432\" src=\"https:\/\/soymigrante.com\/revista\/wp-content\/uploads\/2026\/04\/guatemaltecos-en-estados-unidos-migrantes-donacion-a-bomberos-quezaltenango-fundacion-911-25.jpeg\" class=\"attachment-large size-large wp-image-55427\" alt=\"Group of people standing on a lit football field at night, each holding a red plaque or award after a ceremony.\" srcset=\"https:\/\/soymigrante.com\/revista\/wp-content\/uploads\/2026\/04\/guatemaltecos-en-estados-unidos-migrantes-donacion-a-bomberos-quezaltenango-fundacion-911-25.jpeg 1024w, https:\/\/soymigrante.com\/revista\/wp-content\/uploads\/2026\/04\/guatemaltecos-en-estados-unidos-migrantes-donacion-a-bomberos-quezaltenango-fundacion-911-25-300x169.jpeg 300w, https:\/\/soymigrante.com\/revista\/wp-content\/uploads\/2026\/04\/guatemaltecos-en-estados-unidos-migrantes-donacion-a-bomberos-quezaltenango-fundacion-911-25-768x432.jpeg 768w, https:\/\/soymigrante.com\/revista\/wp-content\/uploads\/2026\/04\/guatemaltecos-en-estados-unidos-migrantes-donacion-a-bomberos-quezaltenango-fundacion-911-25-750x422.jpeg 750w\" sizes=\"(max-width: 768px) 100vw, 768px\" title=\"El proyecto ben\u00e9fico inici\u00f3 en 2024 con un partido en Estados Unidos  entre el equipo Xelaj\u00fa M.C. y un equipo de bomberos de Nueva York; despu\u00e9s hubo un juego de vuelta en Quetzaltenango. Por eso mismo, los donantes fueron reconocidos en dicha instalaci\u00f3n deportiva en marzo de 2026, por su aporte desinteresado a la comunidad y a los bomberos departamentales. \u2013 SoyMigrante.com REVISTA\" \/>\t\t\t\t\t\t\t\t\t\t\t<figcaption class=\"widget-image-caption wp-caption-text\">El proyecto ben\u00e9fico inici\u00f3 en 2024 con un partido en Estados Unidos  entre el equipo Xelaj\u00fa M.C. y un equipo de bomberos de Nueva York; despu\u00e9s hubo un juego de vuelta en Quetzaltenango. Por eso mismo, los donantes fueron reconocidos en dicha instalaci\u00f3n deportiva en marzo de 2026, por su aporte desinteresado a la comunidad y a los bomberos departamentales.<\/figcaption>\n\t\t\t\t\t\t\t\t\t\t<\/figure>\n\t\t\t\t\t\t\t\t\t<\/div>\n\t\t\t\t\t<\/div>\n\t\t\t\t<\/div>\n\t\t\t\t<\/div>\n\t\t","protected":false},"excerpt":{"rendered":"<p>La emprendedora migrante Ana Prince, residente en Nueva York impulsa el apoyo t\u00e9cnico y equipamiento de bomberos departamentales de su natal Quetzaltenango, gracias al apoyo de 911 Foundation y la C\u00e1mara de Comercio Guatemala-NY \u201cLa salud no es un privilegio, es un derecho, especialmente en las \u00e1reas m\u00e1s vulnerables\u201d. Con esa convicci\u00f3n, la empresaria migrante [&hellip;]<\/p>\n","protected":false},"author":7,"featured_media":55410,"comment_status":"open","ping_status":"open","sticky":false,"template":"","format":"standard","meta":{"_acf_changed":false,"_eb_attr":"","footnotes":""},"categories":[54],"tags":[],"class_list":["post-55406","post","type-post","status-publish","format-standard","has-post-thumbnail","hentry","category-estamos-unidos"],"acf":[],"aioseo_notices":[],"aioseo_head":"\n\t\t<!-- All in One SEO Pro 4.9.6.2 - aioseo.com -->\n\t<meta name=\"description\" content=\"Botas, capas, guantes, camillas y m\u00e1s equipo llega a bomberos de Quetzaltenango gracias a la gesti\u00f3n de la migrante Ana Prince, con apoyo de Fundaci\u00f3n 911\" \/>\n\t<meta name=\"robots\" content=\"max-snippet:-1, max-image-preview:large, max-video-preview:-1\" \/>\n\t<meta name=\"author\" content=\"Gustavo Montenegro\"\/>\n\t<link rel=\"canonical\" href=\"https:\/\/soymigrante.com\/revista\/donacion-migrante-de-equipo-y-capacitacion-desde-nueva-york-fortalece-a-bomberos-de-quetzaltenango\/\" \/>\n\t<meta name=\"generator\" content=\"All in One SEO Pro (AIOSEO) 4.9.6.2\" \/>\n\n\t\t<link rel=\"preconnect\" href=\"https:\/\/fonts.googleapis.com\" crossorigin>\n<link rel=\"preconnect\" href=\"https:\/\/fonts.gstatic.com\" crossorigin>\n\t\t<meta property=\"og:locale\" content=\"es_ES\" \/>\n\t\t<meta property=\"og:site_name\" content=\"SoyMigrante.com REVISTA \u2013 Nuestra misi\u00f3n es reconocer y dignificar al migrante.\" \/>\n\t\t<meta property=\"og:type\" content=\"article\" \/>\n\t\t<meta property=\"og:title\" content=\"Donaci\u00f3n migrante de equipo fortalece a bomberos en Xela\" \/>\n\t\t<meta property=\"og:description\" content=\"Botas, capas, guantes, camillas y m\u00e1s equipo llega a bomberos de Quetzaltenango gracias a la gesti\u00f3n de la migrante Ana Prince, con apoyo de Fundaci\u00f3n 911\" \/>\n\t\t<meta property=\"og:url\" content=\"https:\/\/soymigrante.com\/revista\/donacion-migrante-de-equipo-y-capacitacion-desde-nueva-york-fortalece-a-bomberos-de-quetzaltenango\/\" \/>\n\t\t<meta property=\"og:image\" content=\"https:\/\/soymigrante.com\/revista\/wp-content\/uploads\/2026\/04\/guatemaltecos-en-estados-unidos-migrantes-donacion-a-bomberos-quezaltenango-fundacion-911-ddf.png\" \/>\n\t\t<meta property=\"og:image:secure_url\" content=\"https:\/\/soymigrante.com\/revista\/wp-content\/uploads\/2026\/04\/guatemaltecos-en-estados-unidos-migrantes-donacion-a-bomberos-quezaltenango-fundacion-911-ddf.png\" \/>\n\t\t<meta property=\"og:image:width\" content=\"1200\" \/>\n\t\t<meta property=\"og:image:height\" content=\"1200\" \/>\n\t\t<meta property=\"article:published_time\" content=\"2026-04-24T13:37:40+00:00\" \/>\n\t\t<meta property=\"article:modified_time\" content=\"2026-04-24T17:50:23+00:00\" \/>\n\t\t<meta property=\"article:publisher\" content=\"https:\/\/www.facebook.com\/soymigrantecom\" \/>\n\t\t<meta name=\"twitter:card\" content=\"summary_large_image\" \/>\n\t\t<meta name=\"twitter:site\" content=\"@SoyMigrante_com\" \/>\n\t\t<meta name=\"twitter:title\" content=\"Donaci\u00f3n migrante de equipo fortalece a bomberos en Xela\" \/>\n\t\t<meta name=\"twitter:description\" content=\"Botas, capas, guantes, camillas y m\u00e1s equipo llega a bomberos de Quetzaltenango gracias a la gesti\u00f3n de la migrante Ana Prince, con apoyo de Fundaci\u00f3n 911\" \/>\n\t\t<meta name=\"twitter:creator\" content=\"@SoyMigrante_com\" \/>\n\t\t<meta name=\"twitter:image\" content=\"https:\/\/soymigrante.com\/revista\/wp-content\/uploads\/2026\/04\/guatemaltecos-en-estados-unidos-migrantes-donacion-a-bomberos-quezaltenango-fundacion-911-ddf.png\" \/>\n\t\t<!-- All in One SEO Pro -->\r\n\t\t<title>Donaci\u00f3n migrante de equipo fortalece a bomberos en Xela<\/title>\n\n","aioseo_head_json":{"title":"Donaci\u00f3n migrante de equipo fortalece a bomberos en Xela","description":"Botas, capas, guantes, camillas y m\u00e1s equipo llega a bomberos de Quetzaltenango gracias a la gesti\u00f3n de la migrante Ana Prince, con apoyo de Fundaci\u00f3n 911","canonical_url":"https:\/\/soymigrante.com\/revista\/donacion-migrante-de-equipo-y-capacitacion-desde-nueva-york-fortalece-a-bomberos-de-quetzaltenango\/","robots":"max-snippet:-1, max-image-preview:large, max-video-preview:-1","keywords":"","webmasterTools":{"miscellaneous":"&lt;link rel=\"preconnect\" href=\"https:\/\/fonts.googleapis.com\" crossorigin&gt;\n&lt;link rel=\"preconnect\" href=\"https:\/\/fonts.gstatic.com\" crossorigin&gt;"},"schema":null,"og:locale":"es_ES","og:site_name":"SoyMigrante.com REVISTA \u2013 Nuestra misi\u00f3n es reconocer y dignificar al migrante.","og:type":"article","og:title":"Donaci\u00f3n migrante de equipo fortalece a bomberos en Xela","og:description":"Botas, capas, guantes, camillas y m\u00e1s equipo llega a bomberos de Quetzaltenango gracias a la gesti\u00f3n de la migrante Ana Prince, con apoyo de Fundaci\u00f3n 911","og:url":"https:\/\/soymigrante.com\/revista\/donacion-migrante-de-equipo-y-capacitacion-desde-nueva-york-fortalece-a-bomberos-de-quetzaltenango\/","og:image":"https:\/\/soymigrante.com\/revista\/wp-content\/uploads\/2026\/04\/guatemaltecos-en-estados-unidos-migrantes-donacion-a-bomberos-quezaltenango-fundacion-911-ddf.png","og:image:secure_url":"https:\/\/soymigrante.com\/revista\/wp-content\/uploads\/2026\/04\/guatemaltecos-en-estados-unidos-migrantes-donacion-a-bomberos-quezaltenango-fundacion-911-ddf.png","og:image:width":1200,"og:image:height":1200,"article:published_time":"2026-04-24T13:37:40+00:00","article:modified_time":"2026-04-24T17:50:23+00:00","article:publisher":"https:\/\/www.facebook.com\/soymigrantecom","twitter:card":"summary_large_image","twitter:site":"@SoyMigrante_com","twitter:title":"Donaci\u00f3n migrante de equipo fortalece a bomberos en Xela","twitter:description":"Botas, capas, guantes, camillas y m\u00e1s equipo llega a bomberos de Quetzaltenango gracias a la gesti\u00f3n de la migrante Ana Prince, con apoyo de Fundaci\u00f3n 911","twitter:creator":"@SoyMigrante_com","twitter:image":"https:\/\/soymigrante.com\/revista\/wp-content\/uploads\/2026\/04\/guatemaltecos-en-estados-unidos-migrantes-donacion-a-bomberos-quezaltenango-fundacion-911-ddf.png"},"aioseo_meta_data":{"post_id":"55406","title":"Donaci\u00f3n migrante de equipo fortalece a bomberos en Xela","description":"Botas, capas, guantes, camillas y m\u00e1s equipo llega a bomberos de Quetzaltenango gracias a la gesti\u00f3n de la migrante Ana Prince, con apoyo de Fundaci\u00f3n 911","keywords":null,"keyphrases":{"focus":{"keyphrase":"Migrante","score":100,"analysis":{"keyphraseInTitle":{"score":9,"maxScore":9,"error":0},"keyphraseInDescription":{"score":9,"maxScore":9,"error":0},"keyphraseLength":{"score":9,"maxScore":9,"error":0,"length":1},"keyphraseInURL":{"score":5,"maxScore":5,"error":0}}},"additional":[{"keyphrase":"Bomberos","score":100,"analysis":{"keyphraseInDescription":{"score":9,"maxScore":9,"error":0},"keyphraseLength":{"score":9,"maxScore":9,"error":0,"length":1}}},{"keyphrase":"Quetzaltenango","score":100,"analysis":{"keyphraseInDescription":{"score":9,"maxScore":9,"error":0},"keyphraseLength":{"score":9,"maxScore":9,"error":0,"length":1}}},{"keyphrase":"Donaci\u00f3n","score":67,"analysis":{"keyphraseInDescription":{"score":3,"maxScore":9,"error":1},"keyphraseLength":{"score":9,"maxScore":9,"error":0,"length":2}}}]},"primary_term":null,"canonical_url":null,"og_title":null,"og_description":null,"og_object_type":"default","og_image_type":"default","og_image_url":null,"og_image_width":null,"og_image_height":null,"og_image_custom_url":null,"og_image_custom_fields":null,"og_video":"","og_custom_url":null,"og_article_section":null,"og_article_tags":null,"twitter_use_og":false,"twitter_card":"default","twitter_image_type":"default","twitter_image_url":null,"twitter_image_custom_url":null,"twitter_image_custom_fields":null,"twitter_title":null,"twitter_description":null,"schema":{"blockGraphs":[],"customGraphs":[],"default":{"data":{"Article":[],"Course":[],"Dataset":[],"FAQPage":[],"Movie":[],"Person":[],"Product":[],"ProductReview":[],"Car":[],"Recipe":[],"Service":[],"SoftwareApplication":[],"WebPage":[]},"graphName":"NewsArticle","isEnabled":true},"graphs":[]},"schema_type":"default","schema_type_options":null,"pillar_content":false,"robots_default":true,"robots_noindex":false,"robots_noarchive":false,"robots_nosnippet":false,"robots_nofollow":false,"robots_noimageindex":false,"robots_noodp":false,"robots_notranslate":false,"robots_max_snippet":"-1","robots_max_videopreview":"-1","robots_max_imagepreview":"large","priority":null,"frequency":"default","local_seo":null,"seo_analyzer_scan_date":null,"breadcrumb_settings":null,"limit_modified_date":false,"reviewed_by":"0","open_ai":null,"ai":{"faqs":[],"keyPoints":[],"schemas":[],"titles":[],"descriptions":[],"socialPosts":{"email":[],"linkedin":[],"twitter":[],"facebook":[],"instagram":[]}},"created":"2026-04-23 22:17:05","updated":"2026-04-24 18:41:07"},"aioseo_breadcrumb":"<div class=\"aioseo-breadcrumbs\"><span class=\"aioseo-breadcrumb\">\n\t<a href=\"https:\/\/soymigrante.com\/revista\" title=\"Home\">Home<\/a>\n<\/span><span class=\"aioseo-breadcrumb-separator\">\u00bb<\/span><span class=\"aioseo-breadcrumb\">\n\t<a href=\"https:\/\/soymigrante.com\/revista\/category\/estamos-unidos\/\" title=\"Estamos Unidos\">Estamos Unidos<\/a>\n<\/span><span class=\"aioseo-breadcrumb-separator\">\u00bb<\/span><span class=\"aioseo-breadcrumb\">\n\tDonaci\u00f3n migrante de equipo y capacitaci\u00f3n desde Nueva York fortalece a bomberos de Quetzaltenango\n<\/span><\/div>","aioseo_breadcrumb_json":[{"label":"Home","link":"https:\/\/soymigrante.com\/revista"},{"label":"Estamos Unidos","link":"https:\/\/soymigrante.com\/revista\/category\/estamos-unidos\/"},{"label":"Donaci\u00f3n migrante de equipo y capacitaci\u00f3n desde Nueva York fortalece a bomberos de Quetzaltenango","link":"https:\/\/soymigrante.com\/revista\/donacion-migrante-de-equipo-y-capacitacion-desde-nueva-york-fortalece-a-bomberos-de-quetzaltenango\/"}],"_links":{"self":[{"href":"https:\/\/soymigrante.com\/revista\/wp-json\/wp\/v2\/posts\/55406","targetHints":{"allow":["GET"]}}],"collection":[{"href":"https:\/\/soymigrante.com\/revista\/wp-json\/wp\/v2\/posts"}],"about":[{"href":"https:\/\/soymigrante.com\/revista\/wp-json\/wp\/v2\/types\/post"}],"author":[{"embeddable":true,"href":"https:\/\/soymigrante.com\/revista\/wp-json\/wp\/v2\/users\/7"}],"replies":[{"embeddable":true,"href":"https:\/\/soymigrante.com\/revista\/wp-json\/wp\/v2\/comments?post=55406"}],"version-history":[{"count":13,"href":"https:\/\/soymigrante.com\/revista\/wp-json\/wp\/v2\/posts\/55406\/revisions"}],"predecessor-version":[{"id":55443,"href":"https:\/\/soymigrante.com\/revista\/wp-json\/wp\/v2\/posts\/55406\/revisions\/55443"}],"wp:featuredmedia":[{"embeddable":true,"href":"https:\/\/soymigrante.com\/revista\/wp-json\/wp\/v2\/media\/55410"}],"wp:attachment":[{"href":"https:\/\/soymigrante.com\/revista\/wp-json\/wp\/v2\/media?parent=55406"}],"wp:term":[{"taxonomy":"category","embeddable":true,"href":"https:\/\/soymigrante.com\/revista\/wp-json\/wp\/v2\/categories?post=55406"},{"taxonomy":"post_tag","embeddable":true,"href":"https:\/\/soymigrante.com\/revista\/wp-json\/wp\/v2\/tags?post=55406"}],"curies":[{"name":"wp","href":"https:\/\/api.w.org\/{rel}","templated":true}]}}