{"id":55394,"date":"2026-04-23T10:18:43","date_gmt":"2026-04-23T16:18:43","guid":{"rendered":"https:\/\/soymigrante.com\/revista\/?p=55394"},"modified":"2026-04-23T10:18:59","modified_gmt":"2026-04-23T16:18:59","slug":"migrantes-guatemaltecos-en-estados-unidos-libros-historias-dia-del-libro","status":"publish","type":"post","link":"https:\/\/soymigrante.com\/revista\/migrantes-guatemaltecos-en-estados-unidos-libros-historias-dia-del-libro\/","title":{"rendered":"D\u00eda del Libro &#8211; Creatividad de escritores migrantes guatemaltecos vuela sin fronteras"},"content":{"rendered":"\t\t<div data-elementor-type=\"wp-post\" data-elementor-id=\"55394\" class=\"elementor elementor-55394\" data-elementor-post-type=\"post\">\n\t\t\t\t<div data-particle_enable=\"false\" data-particle-mobile-disabled=\"false\" class=\"elementor-element elementor-element-9e111e4 e-flex e-con-boxed e-con e-parent\" data-id=\"9e111e4\" data-element_type=\"container\" data-e-type=\"container\">\n\t\t\t\t\t<div class=\"e-con-inner\">\n\t\t\t\t<div class=\"elementor-element elementor-element-45c94b5 elementor-widget elementor-widget-heading\" data-id=\"45c94b5\" data-element_type=\"widget\" data-e-type=\"widget\" data-widget_type=\"heading.default\">\n\t\t\t\t\t<h3 class=\"elementor-heading-title elementor-size-default\">Relatos reales que superan la ficci\u00f3n. O ficci\u00f3n que a su vez se basa en duras realidades. Autores migrantes guatemaltecos escriben y publican libros con creatividad sin fronteras En el D\u00eda del Libro presentamos 7 historias detr\u00e1s de las historias.<\/h3>\t\t\t\t<\/div>\n\t\t\t\t\t<\/div>\n\t\t\t\t<\/div>\n\t\t<div data-particle_enable=\"false\" data-particle-mobile-disabled=\"false\" class=\"elementor-element elementor-element-21555ef e-flex e-con-boxed e-con e-parent\" data-id=\"21555ef\" data-element_type=\"container\" data-e-type=\"container\">\n\t\t\t\t\t<div class=\"e-con-inner\">\n\t\t\t\t<div class=\"elementor-element elementor-element-670aca4 elementor-widget elementor-widget-text-editor\" data-id=\"670aca4\" data-element_type=\"widget\" data-e-type=\"widget\" data-widget_type=\"text-editor.default\">\n\t\t\t\t\t\t\t\t\t<p>El 23 de abril es el <a href=\"https:\/\/soymigrante.com\/revista\/libros-guatemaltecos-dia-internacional-del-libro-festeja-inspirate-mercado\/\">D\u00eda Internacional del Libro y se celebra<\/a> en honor a la simb\u00f3lica fecha en la cual murieron, en 1616, tres grandes de la literatura: Miguel de Cervantes, William Shakespeare y Garcilaso de la Vega, el Inca. Esta fecha es ocasi\u00f3n y motivaci\u00f3n para leer,<a href=\"https:\/\/soymigrante.com\/revista\/escritor-migrante-guatemalteco-radicado-en-chiapas-publica-novela-una-barca-en-llamas-en-xela\/\"> conocer nuevos libros y autores.<\/a><\/p><p>A la rica y proverbial producci\u00f3n hist\u00f3rica de tantos poetas y narradores guatemaltecos, se siguen sumando libros de gran inspiraci\u00f3n y creatividad fuera de las fronteras, pero con <a href=\"https:\/\/soymigrante.com\/revista\/a-guatemala-poema-del-nobel-de-literatura-miguel-angel-asturias\/\">ra\u00edz en la Tierra del Quetzal.<\/a><\/p><p>Y estas son historias detr\u00e1s, debajo, encima y alrededor de las <a href=\"https:\/\/soymigrante.com\/revista\/historias-exitos-migrantes\/\">historias<\/a>.<\/p>\t\t\t\t\t\t\t\t<\/div>\n\t\t\t\t\t<\/div>\n\t\t\t\t<\/div>\n\t\t<div data-particle_enable=\"false\" data-particle-mobile-disabled=\"false\" class=\"elementor-element elementor-element-3667c61 e-flex e-con-boxed e-con e-parent\" data-id=\"3667c61\" data-element_type=\"container\" data-e-type=\"container\">\n\t\t\t\t\t<div class=\"e-con-inner\">\n\t\t\t\t<div class=\"elementor-element elementor-element-62aa99a elementor-grid-eael-col-1 elementor-grid-tablet-eael-col-2 elementor-grid-mobile-eael-col-1 elementor-widget elementor-widget-eael-post-grid\" data-id=\"62aa99a\" data-element_type=\"widget\" data-e-type=\"widget\" data-settings=\"{&quot;eael_post_grid_columns&quot;:&quot;eael-col-1&quot;,&quot;eael_post_grid_columns_tablet&quot;:&quot;eael-col-2&quot;,&quot;eael_post_grid_columns_mobile&quot;:&quot;eael-col-1&quot;}\" data-widget_type=\"eael-post-grid.default\">\n\t\t\t\t\t<div id=\"eael-post-grid-62aa99a\" class=\"eael-post-grid-container\">\n            <div class=\"eael-post-grid eael-post-appender eael-post-appender-62aa99a eael-post-grid-style-one\" data-layout-mode=\"masonry\"><article class=\"eael-grid-post  eael-post-grid-column eael-pg-post-53814 category-exitos-guatemala\" data-id=\"53814\">\n        <div class=\"eael-grid-post-holder\">\n            <div class=\"eael-grid-post-holder-inner\"><div class=\"eael-entry-media\"><div class=\"eael-entry-overlay fade-in\"><i class=\"far fa-hand-pointer\" aria-hidden=\"true\"><\/i><a href=\"https:\/\/soymigrante.com\/revista\/guatemalteca-migrante-emily-francis-maestra-autora-de-libros-en-carolina-del-norte\/\"><\/a><\/div><div class=\"eael-entry-thumbnail eael-image-ratio\">\n                <img fetchpriority=\"high\" decoding=\"async\" width=\"1024\" height=\"1024\" src=\"https:\/\/soymigrante.com\/revista\/wp-content\/uploads\/2026\/03\/emily-francis-migrante-guatemalteca-carolina-del-norte-maestra-autora-libros-1024x1024.jpg\" class=\"attachment-large size-large wp-image-53817\" alt=\"emily francis migrante guatemalteca carolina del norte maestra autora libros\" srcset=\"https:\/\/soymigrante.com\/revista\/wp-content\/uploads\/2026\/03\/emily-francis-migrante-guatemalteca-carolina-del-norte-maestra-autora-libros-1024x1024.jpg 1024w, https:\/\/soymigrante.com\/revista\/wp-content\/uploads\/2026\/03\/emily-francis-migrante-guatemalteca-carolina-del-norte-maestra-autora-libros-300x300.jpg 300w, https:\/\/soymigrante.com\/revista\/wp-content\/uploads\/2026\/03\/emily-francis-migrante-guatemalteca-carolina-del-norte-maestra-autora-libros-150x150.jpg 150w, https:\/\/soymigrante.com\/revista\/wp-content\/uploads\/2026\/03\/emily-francis-migrante-guatemalteca-carolina-del-norte-maestra-autora-libros-768x768.jpg 768w, https:\/\/soymigrante.com\/revista\/wp-content\/uploads\/2026\/03\/emily-francis-migrante-guatemalteca-carolina-del-norte-maestra-autora-libros-75x75.jpg 75w, https:\/\/soymigrante.com\/revista\/wp-content\/uploads\/2026\/03\/emily-francis-migrante-guatemalteca-carolina-del-norte-maestra-autora-libros-750x750.jpg 750w, https:\/\/soymigrante.com\/revista\/wp-content\/uploads\/2026\/03\/emily-francis-migrante-guatemalteca-carolina-del-norte-maestra-autora-libros-1140x1140.jpg 1140w, https:\/\/soymigrante.com\/revista\/wp-content\/uploads\/2026\/03\/emily-francis-migrante-guatemalteca-carolina-del-norte-maestra-autora-libros.jpg 1234w\" sizes=\"(max-width: 1024px) 100vw, 1024px\" \/>\n            <\/div>\n        <\/div><div class=\"eael-entry-wrapper\"><header class=\"eael-entry-header\"><h2 class=\"eael-entry-title\"><a class=\"eael-grid-post-link\" href=\"https:\/\/soymigrante.com\/revista\/guatemalteca-migrante-emily-francis-maestra-autora-de-libros-en-carolina-del-norte\/\" title=\"Si tan solo supieras c\u00f3mo la guatemalteca Emily Francis lleg\u00f3 a Carolina del Norte, se convirti\u00f3 en maestra y exitosa autora&#8230;.\">Si tan solo supieras c\u00f3mo la guatemalteca Emily Francis lleg\u00f3 a Carolina del Norte, se convirti\u00f3 en maestra y exitosa autora&#8230;.<\/a><\/h2><\/header><div class=\"eael-entry-content\">\n                        <div class=\"eael-grid-post-excerpt\"><p>Maestra migrante guatemalteca Emily Francis ense\u00f1a ingl\u00e9s en escuela de Carolina del Norte e inspira positivamente a alumnos y profesores, a trav\u00e9s de sus libros Si tan solo supieras o El Trayecto de Milly, en ingl\u00e9s o espa\u00f1ol. Esta es su historia. Astrid Emily Francis es maestra de ingl\u00e9s en una escuela de Concord, Carolina [&hellip;]<\/p><a href=\"https:\/\/soymigrante.com\/revista\/guatemalteca-migrante-emily-francis-maestra-autora-de-libros-en-carolina-del-norte\/\" class=\"eael-post-elements-readmore-btn\">CONOCE LA HISTORIA DETR\u00c1S DE LAS HISTORIAS - CLIC AQU\u00cd<\/a><\/div>\n                    <\/div><\/div><\/div>\n        <\/div>\n    <\/article><article class=\"eael-grid-post  eael-post-grid-column eael-pg-post-47523 category-exitos-guatemala\" data-id=\"47523\">\n        <div class=\"eael-grid-post-holder\">\n            <div class=\"eael-grid-post-holder-inner\"><div class=\"eael-entry-media\"><div class=\"eael-entry-overlay fade-in\"><i class=\"far fa-hand-pointer\" aria-hidden=\"true\"><\/i><a href=\"https:\/\/soymigrante.com\/revista\/eugenia-zacarias-relata-su-vivencia-de-madre-migrante-en-el-libro-cuando-el-corazon-no-emigra\/\"><\/a><\/div><div class=\"eael-entry-thumbnail eael-image-ratio\">\n                <img decoding=\"async\" width=\"666\" height=\"666\" src=\"https:\/\/soymigrante.com\/revista\/wp-content\/uploads\/2025\/10\/eugenia-zacarias-libro-new-york.jpg\" class=\"attachment-large size-large wp-image-47524\" alt=\"eugenia zacar\u00edas libro new york\" srcset=\"https:\/\/soymigrante.com\/revista\/wp-content\/uploads\/2025\/10\/eugenia-zacarias-libro-new-york.jpg 666w, https:\/\/soymigrante.com\/revista\/wp-content\/uploads\/2025\/10\/eugenia-zacarias-libro-new-york-300x300.jpg 300w, https:\/\/soymigrante.com\/revista\/wp-content\/uploads\/2025\/10\/eugenia-zacarias-libro-new-york-150x150.jpg 150w, https:\/\/soymigrante.com\/revista\/wp-content\/uploads\/2025\/10\/eugenia-zacarias-libro-new-york-75x75.jpg 75w\" sizes=\"(max-width: 666px) 100vw, 666px\" \/>\n            <\/div>\n        <\/div><div class=\"eael-entry-wrapper\"><header class=\"eael-entry-header\"><h2 class=\"eael-entry-title\"><a class=\"eael-grid-post-link\" href=\"https:\/\/soymigrante.com\/revista\/eugenia-zacarias-relata-su-vivencia-de-madre-migrante-en-el-libro-cuando-el-corazon-no-emigra\/\" title=\"Eugenia Zacar\u00edas relata su vivencia de madre migrante en el libro &#8220;Cuando el coraz\u00f3n no emigra&#8221;\">Eugenia Zacar\u00edas relata su vivencia de madre migrante en el libro &#8220;Cuando el coraz\u00f3n no emigra&#8221;<\/a><\/h2><\/header><div class=\"eael-entry-content\">\n                        <div class=\"eael-grid-post-excerpt\"><p>Empresaria y madre migrante guatemalteca en Nueva York transforma el dolor de la distancia en un libro de sanaci\u00f3n y esperanza: Cuando el coraz\u00f3n no emigra. \u201cEste libro no era para publicarse\u201d, confiesa Eugenia Zacar\u00edas, madre, migrante, emprendedora guatemalteca radicada en Nueva York desde hace trece a\u00f1os. \u201cMi idea inicial era hacer tres libros, como [&hellip;]<\/p><a href=\"https:\/\/soymigrante.com\/revista\/eugenia-zacarias-relata-su-vivencia-de-madre-migrante-en-el-libro-cuando-el-corazon-no-emigra\/\" class=\"eael-post-elements-readmore-btn\">CONOCE LA HISTORIA DETR\u00c1S DE LAS HISTORIAS - CLIC AQU\u00cd<\/a><\/div>\n                    <\/div><\/div><\/div>\n        <\/div>\n    <\/article><article class=\"eael-grid-post  eael-post-grid-column eael-pg-post-53033 category-exitos-guatemala\" data-id=\"53033\">\n        <div class=\"eael-grid-post-holder\">\n            <div class=\"eael-grid-post-holder-inner\"><div class=\"eael-entry-media\"><div class=\"eael-entry-overlay fade-in\"><i class=\"far fa-hand-pointer\" aria-hidden=\"true\"><\/i><a href=\"https:\/\/soymigrante.com\/revista\/escritor-migrante-guatemalteco-radicado-en-chiapas-publica-novela-una-barca-en-llamas-en-xela\/\"><\/a><\/div><div class=\"eael-entry-thumbnail eael-image-ratio\">\n                <img decoding=\"async\" width=\"421\" height=\"416\" src=\"https:\/\/soymigrante.com\/revista\/wp-content\/uploads\/2026\/03\/bonifaz-d-aldana-escritor-migrante-guatemalteco-en-chiapas.png\" class=\"attachment-large size-large wp-image-53045\" alt=\"bonifaz d aldana escritor migrante guatemalteco en chiapas\" srcset=\"https:\/\/soymigrante.com\/revista\/wp-content\/uploads\/2026\/03\/bonifaz-d-aldana-escritor-migrante-guatemalteco-en-chiapas.png 421w, https:\/\/soymigrante.com\/revista\/wp-content\/uploads\/2026\/03\/bonifaz-d-aldana-escritor-migrante-guatemalteco-en-chiapas-300x296.png 300w, https:\/\/soymigrante.com\/revista\/wp-content\/uploads\/2026\/03\/bonifaz-d-aldana-escritor-migrante-guatemalteco-en-chiapas-75x75.png 75w\" sizes=\"(max-width: 421px) 100vw, 421px\" \/>\n            <\/div>\n        <\/div><div class=\"eael-entry-wrapper\"><header class=\"eael-entry-header\"><h2 class=\"eael-entry-title\"><a class=\"eael-grid-post-link\" href=\"https:\/\/soymigrante.com\/revista\/escritor-migrante-guatemalteco-radicado-en-chiapas-publica-novela-una-barca-en-llamas-en-xela\/\" title=\"Escritor migrante guatemalteco radicado en Chiapas publica novela Una Barca en Llamas, en Xela\">Escritor migrante guatemalteco radicado en Chiapas publica novela Una Barca en Llamas, en Xela<\/a><\/h2><\/header><div class=\"eael-entry-content\">\n                        <div class=\"eael-grid-post-excerpt\"><p>Bonifaz D. Aldana es de Chiquimula pero creci\u00f3 en Quetzaltenango. Vive en Chiapas donde escribi\u00f3 su novela Una barca en llamas: una amiga suya en Oklahoma se comunica con SoyMigrante.com y henos aqu\u00ed conversando con el autor. Bonifaz ha recorrido Centro Am\u00e9rica en bicicleta, pero a bordo del teatro recorri\u00f3 la ruta migrante desde Chiapas [&hellip;]<\/p><a href=\"https:\/\/soymigrante.com\/revista\/escritor-migrante-guatemalteco-radicado-en-chiapas-publica-novela-una-barca-en-llamas-en-xela\/\" class=\"eael-post-elements-readmore-btn\">CONOCE LA HISTORIA DETR\u00c1S DE LAS HISTORIAS - CLIC AQU\u00cd<\/a><\/div>\n                    <\/div><\/div><\/div>\n        <\/div>\n    <\/article><article class=\"eael-grid-post  eael-post-grid-column eael-pg-post-19798 category-estamos-unidos\" data-id=\"19798\">\n        <div class=\"eael-grid-post-holder\">\n            <div class=\"eael-grid-post-holder-inner\"><div class=\"eael-entry-media\"><div class=\"eael-entry-overlay fade-in\"><i class=\"far fa-hand-pointer\" aria-hidden=\"true\"><\/i><a href=\"https:\/\/soymigrante.com\/revista\/viajero-guatemalteco-leonel-ponce-presentara-su-libro-el-camino-de-las-estrellas-en-rhode-island\/\"><\/a><\/div><div class=\"eael-entry-thumbnail eael-image-ratio\">\n                <img loading=\"lazy\" decoding=\"async\" width=\"823\" height=\"823\" src=\"https:\/\/soymigrante.com\/revista\/wp-content\/uploads\/2025\/01\/leonel-ponce.webp\" class=\"attachment-large size-large wp-image-19799\" alt=\"Bicicleta de monta\u00f1a levantada en el aire frente a una iglesia hist\u00f3rica, ciclista sonriente con gafas deportivas y bandera, grupo de ciclistas en la plaza, deporte y aventura en espacios urbanos y culturales.\" srcset=\"https:\/\/soymigrante.com\/revista\/wp-content\/uploads\/2025\/01\/leonel-ponce.webp 823w, https:\/\/soymigrante.com\/revista\/wp-content\/uploads\/2025\/01\/leonel-ponce-300x300.jpg 300w, https:\/\/soymigrante.com\/revista\/wp-content\/uploads\/2025\/01\/leonel-ponce-150x150.jpg 150w, https:\/\/soymigrante.com\/revista\/wp-content\/uploads\/2025\/01\/leonel-ponce-768x768.jpg 768w, https:\/\/soymigrante.com\/revista\/wp-content\/uploads\/2025\/01\/leonel-ponce-75x75.webp 75w, https:\/\/soymigrante.com\/revista\/wp-content\/uploads\/2025\/01\/leonel-ponce-750x750.webp 750w\" sizes=\"(max-width: 823px) 100vw, 823px\" \/>\n            <\/div>\n        <\/div><div class=\"eael-entry-wrapper\"><header class=\"eael-entry-header\"><h2 class=\"eael-entry-title\"><a class=\"eael-grid-post-link\" href=\"https:\/\/soymigrante.com\/revista\/viajero-guatemalteco-leonel-ponce-presentara-su-libro-el-camino-de-las-estrellas-en-rhode-island\/\" title=\"Escritor guatemalteco Leonel Ponce presenta su libro El Camino de las Estrellas en Rhode Island\">Escritor guatemalteco Leonel Ponce presenta su libro El Camino de las Estrellas en Rhode Island<\/a><\/h2><\/header><div class=\"eael-entry-content\">\n                        <div class=\"eael-grid-post-excerpt\"><p>Leonel Ponce sobrevivi\u00f3 en 2021 a una grave situaci\u00f3n de salud y esto lo impuls\u00f3 a cumplir un gran sue\u00f1o: una peregrinaci\u00f3n en bicicleta que dio vida a su libro Camino de Estrellas, que fue presentado en el Centro Guatemalteco de New England, Rhode Island. El libro Camino de Estrellas es el relato de experiencias [&hellip;]<\/p><a href=\"https:\/\/soymigrante.com\/revista\/viajero-guatemalteco-leonel-ponce-presentara-su-libro-el-camino-de-las-estrellas-en-rhode-island\/\" class=\"eael-post-elements-readmore-btn\">CONOCE LA HISTORIA DETR\u00c1S DE LAS HISTORIAS - CLIC AQU\u00cd<\/a><\/div>\n                    <\/div><\/div><\/div>\n        <\/div>\n    <\/article><article class=\"eael-grid-post  eael-post-grid-column eael-pg-post-47826 category-exitos-guatemala\" data-id=\"47826\">\n        <div class=\"eael-grid-post-holder\">\n            <div class=\"eael-grid-post-holder-inner\"><div class=\"eael-entry-media\"><div class=\"eael-entry-overlay fade-in\"><i class=\"far fa-hand-pointer\" aria-hidden=\"true\"><\/i><a href=\"https:\/\/soymigrante.com\/revista\/disenador-guatemalteco-pablo-leon-crea-comics-historia-y-esperanza-en-l-a\/\"><\/a><\/div><div class=\"eael-entry-thumbnail eael-image-ratio\">\n                <img loading=\"lazy\" decoding=\"async\" width=\"684\" height=\"676\" src=\"https:\/\/soymigrante.com\/revista\/wp-content\/uploads\/2025\/10\/pablo-leon-ilustrador-guatemalteco-los-angeles.png\" class=\"attachment-large size-large wp-image-47827\" alt=\"pablo leon ilustrador guatemalteco los angeles\" srcset=\"https:\/\/soymigrante.com\/revista\/wp-content\/uploads\/2025\/10\/pablo-leon-ilustrador-guatemalteco-los-angeles.png 684w, https:\/\/soymigrante.com\/revista\/wp-content\/uploads\/2025\/10\/pablo-leon-ilustrador-guatemalteco-los-angeles-300x296.png 300w, https:\/\/soymigrante.com\/revista\/wp-content\/uploads\/2025\/10\/pablo-leon-ilustrador-guatemalteco-los-angeles-75x75.png 75w\" sizes=\"(max-width: 684px) 100vw, 684px\" \/>\n            <\/div>\n        <\/div><div class=\"eael-entry-wrapper\"><header class=\"eael-entry-header\"><h2 class=\"eael-entry-title\"><a class=\"eael-grid-post-link\" href=\"https:\/\/soymigrante.com\/revista\/disenador-guatemalteco-pablo-leon-crea-comics-historia-y-esperanza-en-l-a\/\" title=\"Dise\u00f1ador guatemalteco Pablo Le\u00f3n crea comics, historia y esperanza en Los Angeles\">Dise\u00f1ador guatemalteco Pablo Le\u00f3n crea comics, historia y esperanza en Los Angeles<\/a><\/h2><\/header><div class=\"eael-entry-content\">\n                        <div class=\"eael-grid-post-excerpt\"><p>El guatemalteco Pablo Le\u00f3n es un migrante entre universos ilustrativos de realidad hist\u00f3rica, superh\u00e9roes y tambi\u00e9n cosmovisi\u00f3n maya. Desde Los Angeles ha producido cortometrajes y esta es su historia. En Los \u00c1ngeles, donde la industria del entretenimiento se mezcla con los sue\u00f1os, un guatemalteco dibuja con gran habilidad escenarios de fantas\u00eda, personajes con superpoderes y [&hellip;]<\/p><a href=\"https:\/\/soymigrante.com\/revista\/disenador-guatemalteco-pablo-leon-crea-comics-historia-y-esperanza-en-l-a\/\" class=\"eael-post-elements-readmore-btn\">CONOCE LA HISTORIA DETR\u00c1S DE LAS HISTORIAS - CLIC AQU\u00cd<\/a><\/div>\n                    <\/div><\/div><\/div>\n        <\/div>\n    <\/article><article class=\"eael-grid-post  eael-post-grid-column eael-pg-post-48876 category-bienestar\" data-id=\"48876\">\n        <div class=\"eael-grid-post-holder\">\n            <div class=\"eael-grid-post-holder-inner\"><div class=\"eael-entry-media\"><div class=\"eael-entry-overlay fade-in\"><i class=\"far fa-hand-pointer\" aria-hidden=\"true\"><\/i><a href=\"https:\/\/soymigrante.com\/revista\/ana-urizar-madre-y-abogada-migrante-guatemalteca-publica-libro-infantil-para-su-hija-autista\/\"><\/a><\/div><div class=\"eael-entry-thumbnail eael-image-ratio\">\n                <img loading=\"lazy\" decoding=\"async\" width=\"670\" height=\"724\" src=\"https:\/\/soymigrante.com\/revista\/wp-content\/uploads\/2025\/11\/ana-urizar-abogada-guatemalteca-ny-libro-hija-autista-3.png\" class=\"attachment-large size-large wp-image-48877\" alt=\"ana urizar abogada guatemalteca ny libro hija autista 3\" srcset=\"https:\/\/soymigrante.com\/revista\/wp-content\/uploads\/2025\/11\/ana-urizar-abogada-guatemalteca-ny-libro-hija-autista-3.png 670w, https:\/\/soymigrante.com\/revista\/wp-content\/uploads\/2025\/11\/ana-urizar-abogada-guatemalteca-ny-libro-hija-autista-3-278x300.png 278w\" sizes=\"(max-width: 670px) 100vw, 670px\" \/>\n            <\/div>\n        <\/div><div class=\"eael-entry-wrapper\"><header class=\"eael-entry-header\"><h2 class=\"eael-entry-title\"><a class=\"eael-grid-post-link\" href=\"https:\/\/soymigrante.com\/revista\/ana-urizar-madre-y-abogada-migrante-guatemalteca-publica-libro-infantil-para-su-hija-autista\/\" title=\"Ana Ur\u00edzar, madre y abogada migrante guatemalteca, publica libro infantil para su hija autista\">Ana Ur\u00edzar, madre y abogada migrante guatemalteca, publica libro infantil para su hija autista<\/a><\/h2><\/header><div class=\"eael-entry-content\">\n                        <div class=\"eael-grid-post-excerpt\"><p>&#8220;Si esta historia ayuda a un ni\u00f1o autista a sentirse orgulloso de ser quien es y a un padre o madre de familia a perder el miedo de buscar ayuda todo ha valido la pena&#8221;: Ana Gabriela Ur\u00edzar, abogada migratoria guatemalteca y madre de Paulina, de 6 a\u00f1os. \u201cEste libro nace del amor de una [&hellip;]<\/p><a href=\"https:\/\/soymigrante.com\/revista\/ana-urizar-madre-y-abogada-migrante-guatemalteca-publica-libro-infantil-para-su-hija-autista\/\" class=\"eael-post-elements-readmore-btn\">CONOCE LA HISTORIA DETR\u00c1S DE LAS HISTORIAS - CLIC AQU\u00cd<\/a><\/div>\n                    <\/div><\/div><\/div>\n        <\/div>\n    <\/article><article class=\"eael-grid-post  eael-post-grid-column eael-pg-post-21088 category-estamos-unidos\" data-id=\"21088\">\n        <div class=\"eael-grid-post-holder\">\n            <div class=\"eael-grid-post-holder-inner\"><div class=\"eael-entry-media\"><div class=\"eael-entry-overlay fade-in\"><i class=\"far fa-hand-pointer\" aria-hidden=\"true\"><\/i><a href=\"https:\/\/soymigrante.com\/revista\/como-ha-cambiado-la-vida-del-biologo-migrante-rene-corado-a-10-anos-de-su-libro-el-lustrador\/\"><\/a><\/div><div class=\"eael-entry-thumbnail eael-image-ratio\">\n                <img loading=\"lazy\" decoding=\"async\" width=\"1024\" height=\"1024\" src=\"https:\/\/soymigrante.com\/revista\/wp-content\/uploads\/2025\/01\/rene-corado-el-lustrador-1024x1024.jpg\" class=\"attachment-large size-large wp-image-21108\" alt=\"Campos de girasoles en M\u00e9xico, cultura migrante y trabajo agr\u00edcola en Am\u00e9rica Latina.\" srcset=\"https:\/\/soymigrante.com\/revista\/wp-content\/uploads\/2025\/01\/rene-corado-el-lustrador-1024x1024.jpg 1024w, https:\/\/soymigrante.com\/revista\/wp-content\/uploads\/2025\/01\/rene-corado-el-lustrador-300x300.jpg 300w, https:\/\/soymigrante.com\/revista\/wp-content\/uploads\/2025\/01\/rene-corado-el-lustrador-150x150.jpg 150w, https:\/\/soymigrante.com\/revista\/wp-content\/uploads\/2025\/01\/rene-corado-el-lustrador-768x768.jpg 768w, https:\/\/soymigrante.com\/revista\/wp-content\/uploads\/2025\/01\/rene-corado-el-lustrador-75x75.webp 75w, https:\/\/soymigrante.com\/revista\/wp-content\/uploads\/2025\/01\/rene-corado-el-lustrador-750x750.webp 750w, https:\/\/soymigrante.com\/revista\/wp-content\/uploads\/2025\/01\/rene-corado-el-lustrador-1140x1140.webp 1140w, https:\/\/soymigrante.com\/revista\/wp-content\/uploads\/2025\/01\/rene-corado-el-lustrador.webp 1305w\" sizes=\"(max-width: 1024px) 100vw, 1024px\" \/>\n            <\/div>\n        <\/div><div class=\"eael-entry-wrapper\"><header class=\"eael-entry-header\"><h2 class=\"eael-entry-title\"><a class=\"eael-grid-post-link\" href=\"https:\/\/soymigrante.com\/revista\/como-ha-cambiado-la-vida-del-biologo-migrante-rene-corado-a-10-anos-de-su-libro-el-lustrador\/\" title=\"\u00bfC\u00f3mo ha cambiado la vida del bi\u00f3logo migrante Ren\u00e9 Corado a 10 a\u00f1os de su libro El Lustrador?\">\u00bfC\u00f3mo ha cambiado la vida del bi\u00f3logo migrante Ren\u00e9 Corado a 10 a\u00f1os de su libro El Lustrador?<\/a><\/h2><\/header><div class=\"eael-entry-content\">\n                        <div class=\"eael-grid-post-excerpt\"><p>Relato de una infancia llena de retos y limitaciones, la migraci\u00f3n y sus logros como bi\u00f3logo y director del Museo de Aves de Camarillo, California est\u00e1n en El Lustrador, libro biogr\u00e1fico de Ren\u00e9 Corado cuya edici\u00f3n de 10 a\u00f1os se lanzar\u00e1 en Guatemala el 25 de enero Ren\u00e9 Corado est\u00e1 muy emocionado. Cuenta que nunca [&hellip;]<\/p><a href=\"https:\/\/soymigrante.com\/revista\/como-ha-cambiado-la-vida-del-biologo-migrante-rene-corado-a-10-anos-de-su-libro-el-lustrador\/\" class=\"eael-post-elements-readmore-btn\">CONOCE LA HISTORIA DETR\u00c1S DE LAS HISTORIAS - CLIC AQU\u00cd<\/a><\/div>\n                    <\/div><\/div><\/div>\n        <\/div>\n    <\/article><\/div>\n            <div class=\"clearfix\"><\/div>\n        <\/div>\t\t\t\t<\/div>\n\t\t\t\t\t<\/div>\n\t\t\t\t<\/div>\n\t\t<div data-particle_enable=\"false\" data-particle-mobile-disabled=\"false\" class=\"elementor-element elementor-element-52d38b3 e-flex e-con-boxed e-con e-parent\" data-id=\"52d38b3\" data-element_type=\"container\" data-e-type=\"container\">\n\t\t\t\t\t<div class=\"e-con-inner\">\n\t\t\t\t<div class=\"elementor-element elementor-element-372451e elementor-widget elementor-widget-heading\" data-id=\"372451e\" data-element_type=\"widget\" data-e-type=\"widget\" data-widget_type=\"heading.default\">\n\t\t\t\t\t<h2 class=\"elementor-heading-title elementor-size-default\">Quiz\u00e1 tambi\u00e9n te podr\u00eda interesar<\/h2>\t\t\t\t<\/div>\n\t\t\t\t\t<\/div>\n\t\t\t\t<\/div>\n\t\t<div data-particle_enable=\"false\" data-particle-mobile-disabled=\"false\" class=\"elementor-element elementor-element-d9de0e4 e-flex e-con-boxed e-con e-parent\" data-id=\"d9de0e4\" data-element_type=\"container\" data-e-type=\"container\">\n\t\t\t\t\t<div class=\"e-con-inner\">\n\t\t\t\t<div class=\"elementor-element elementor-element-49c58b5 elementor-grid-eael-col-1 elementor-grid-tablet-eael-col-2 elementor-grid-mobile-eael-col-1 elementor-widget elementor-widget-eael-post-grid\" data-id=\"49c58b5\" data-element_type=\"widget\" data-e-type=\"widget\" data-settings=\"{&quot;eael_post_grid_columns&quot;:&quot;eael-col-1&quot;,&quot;eael_post_grid_columns_tablet&quot;:&quot;eael-col-2&quot;,&quot;eael_post_grid_columns_mobile&quot;:&quot;eael-col-1&quot;}\" data-widget_type=\"eael-post-grid.default\">\n\t\t\t\t\t<div id=\"eael-post-grid-49c58b5\" class=\"eael-post-grid-container\">\n            <div class=\"eael-post-grid eael-post-appender eael-post-appender-49c58b5 eael-post-grid-style-one\" data-layout-mode=\"masonry\"><article class=\"eael-grid-post  eael-post-grid-column eael-pg-post-55228 category-guate-nuestra tags-mercado-emprendedores\" data-id=\"55228\">\n        <div class=\"eael-grid-post-holder\">\n            <div class=\"eael-grid-post-holder-inner\"><div class=\"eael-entry-media\"><div class=\"eael-entry-overlay fade-in\"><i class=\"far fa-hand-pointer\" aria-hidden=\"true\"><\/i><a href=\"https:\/\/soymigrante.com\/revista\/libros-guatemaltecos-dia-internacional-del-libro-festeja-inspirate-mercado\/\"><\/a><\/div><div class=\"eael-entry-thumbnail eael-image-ratio\">\n                <img loading=\"lazy\" decoding=\"async\" width=\"1024\" height=\"1024\" src=\"https:\/\/soymigrante.com\/revista\/wp-content\/uploads\/2026\/04\/DIA-DEL-LIBRO-SOYMIGRANTE-MERCADO-1024x1024.png\" class=\"attachment-large size-large wp-image-55229\" alt=\"DIA DEL LIBRO SOYMIGRANTE MERCADO\" srcset=\"https:\/\/soymigrante.com\/revista\/wp-content\/uploads\/2026\/04\/DIA-DEL-LIBRO-SOYMIGRANTE-MERCADO-1024x1024.png 1024w, https:\/\/soymigrante.com\/revista\/wp-content\/uploads\/2026\/04\/DIA-DEL-LIBRO-SOYMIGRANTE-MERCADO-300x300.png 300w, https:\/\/soymigrante.com\/revista\/wp-content\/uploads\/2026\/04\/DIA-DEL-LIBRO-SOYMIGRANTE-MERCADO-150x150.png 150w, https:\/\/soymigrante.com\/revista\/wp-content\/uploads\/2026\/04\/DIA-DEL-LIBRO-SOYMIGRANTE-MERCADO-768x768.png 768w, https:\/\/soymigrante.com\/revista\/wp-content\/uploads\/2026\/04\/DIA-DEL-LIBRO-SOYMIGRANTE-MERCADO-75x75.png 75w, https:\/\/soymigrante.com\/revista\/wp-content\/uploads\/2026\/04\/DIA-DEL-LIBRO-SOYMIGRANTE-MERCADO-750x750.png 750w, https:\/\/soymigrante.com\/revista\/wp-content\/uploads\/2026\/04\/DIA-DEL-LIBRO-SOYMIGRANTE-MERCADO-1140x1140.png 1140w, https:\/\/soymigrante.com\/revista\/wp-content\/uploads\/2026\/04\/DIA-DEL-LIBRO-SOYMIGRANTE-MERCADO.png 1200w\" sizes=\"(max-width: 1024px) 100vw, 1024px\" \/>\n            <\/div>\n        <\/div><div class=\"eael-entry-wrapper\"><header class=\"eael-entry-header\"><h2 class=\"eael-entry-title\"><a class=\"eael-grid-post-link\" href=\"https:\/\/soymigrante.com\/revista\/libros-guatemaltecos-dia-internacional-del-libro-festeja-inspirate-mercado\/\" title=\"Celebra el D\u00eda del Libro con inspiraci\u00f3n 100% guatemalteca: adquiere, disfruta u obsequia en MERCADO\">Celebra el D\u00eda del Libro con inspiraci\u00f3n 100% guatemalteca: adquiere, disfruta u obsequia en MERCADO<\/a><\/h2><\/header><div class=\"eael-entry-content\">\n                        <div class=\"eael-grid-post-excerpt\"><a href=\"https:\/\/soymigrante.com\/revista\/libros-guatemaltecos-dia-internacional-del-libro-festeja-inspirate-mercado\/\" class=\"eael-post-elements-readmore-btn\">CONOCE SU HISTORIA <\/a><\/div>\n                    <\/div><\/div><\/div>\n        <\/div>\n    <\/article><\/div>\n            <div class=\"clearfix\"><\/div>\n        <\/div>\t\t\t\t<\/div>\n\t\t\t\t\t<\/div>\n\t\t\t\t<\/div>\n\t\t\t\t<\/div>\n\t\t","protected":false},"excerpt":{"rendered":"<p>Relatos reales que superan la ficci\u00f3n. O ficci\u00f3n que a su vez se basa en duras realidades. Autores migrantes guatemaltecos escriben y publican libros con creatividad sin fronteras En el D\u00eda del Libro presentamos 7 historias detr\u00e1s de las historias. El 23 de abril es el D\u00eda Internacional del Libro y se celebra en honor [&hellip;]<\/p>\n","protected":false},"author":1,"featured_media":55402,"comment_status":"open","ping_status":"open","sticky":false,"template":"","format":"standard","meta":{"_acf_changed":false,"_eb_attr":"","footnotes":""},"categories":[274],"tags":[],"class_list":["post-55394","post","type-post","status-publish","format-standard","has-post-thumbnail","hentry","category-guatemala"],"acf":[],"aioseo_notices":[],"aioseo_head":"\n\t\t<!-- All in One SEO Pro 4.9.6.2 - aioseo.com -->\n\t<meta name=\"description\" content=\"Libros guatemaltecos est\u00e1n listos para elevar su vuelo y llegar hasta t\u00ed a trav\u00e9s de SoyMigrante.com MERCADO. En este D\u00eda del Libro adquiere y apoya el talento.\" \/>\n\t<meta name=\"robots\" content=\"max-snippet:-1, max-image-preview:large, max-video-preview:-1\" \/>\n\t<meta name=\"author\" content=\"SoyMigrante.com REVISTA\"\/>\n\t<link rel=\"canonical\" href=\"https:\/\/soymigrante.com\/revista\/libros-guatemaltecos-dia-internacional-del-libro-festeja-inspirate-mercado\/\" \/>\n\t<meta name=\"generator\" content=\"All in One SEO Pro (AIOSEO) 4.9.6.2\" \/>\n\n\t\t<link rel=\"preconnect\" href=\"https:\/\/fonts.googleapis.com\" crossorigin>\n<link rel=\"preconnect\" href=\"https:\/\/fonts.gstatic.com\" crossorigin>\n\t\t<meta property=\"og:locale\" content=\"es_ES\" \/>\n\t\t<meta property=\"og:site_name\" content=\"SoyMigrante.com REVISTA \u2013 Nuestra misi\u00f3n es reconocer y dignificar al migrante.\" \/>\n\t\t<meta property=\"og:type\" content=\"article\" \/>\n\t\t<meta property=\"og:title\" content=\"Celebra el D\u00eda del Libro con inspiraci\u00f3n 100% guatemalteca\" \/>\n\t\t<meta property=\"og:description\" content=\"Libros guatemaltecos est\u00e1n listos para elevar su vuelo y llegar hasta t\u00ed a trav\u00e9s de SoyMigrante.com MERCADO. En este D\u00eda del Libro adquiere y apoya el talento.\" \/>\n\t\t<meta property=\"og:url\" content=\"https:\/\/soymigrante.com\/revista\/libros-guatemaltecos-dia-internacional-del-libro-festeja-inspirate-mercado\/\" \/>\n\t\t<meta property=\"og:image\" content=\"https:\/\/soymigrante.com\/revista\/wp-content\/uploads\/2026\/04\/DIA-DEL-LIBRO-SOYMIGRANTE-MERCADO.png\" \/>\n\t\t<meta property=\"og:image:secure_url\" content=\"https:\/\/soymigrante.com\/revista\/wp-content\/uploads\/2026\/04\/DIA-DEL-LIBRO-SOYMIGRANTE-MERCADO.png\" \/>\n\t\t<meta property=\"og:image:width\" content=\"1200\" \/>\n\t\t<meta property=\"og:image:height\" content=\"1200\" \/>\n\t\t<meta property=\"article:published_time\" content=\"2026-04-20T15:39:23+00:00\" \/>\n\t\t<meta property=\"article:modified_time\" content=\"2026-04-20T15:47:41+00:00\" \/>\n\t\t<meta property=\"article:publisher\" content=\"https:\/\/www.facebook.com\/soymigrantecom\" \/>\n\t\t<meta name=\"twitter:card\" content=\"summary_large_image\" \/>\n\t\t<meta name=\"twitter:site\" content=\"@SoyMigrante_com\" \/>\n\t\t<meta name=\"twitter:title\" content=\"Celebra el D\u00eda del Libro con inspiraci\u00f3n 100% guatemalteca\" \/>\n\t\t<meta name=\"twitter:description\" content=\"Libros guatemaltecos est\u00e1n listos para elevar su vuelo y llegar hasta t\u00ed a trav\u00e9s de SoyMigrante.com MERCADO. En este D\u00eda del Libro adquiere y apoya el talento.\" \/>\n\t\t<meta name=\"twitter:creator\" content=\"@SoyMigrante_com\" \/>\n\t\t<meta name=\"twitter:image\" content=\"https:\/\/soymigrante.com\/revista\/wp-content\/uploads\/2026\/04\/DIA-DEL-LIBRO-SOYMIGRANTE-MERCADO.png\" \/>\n\t\t<!-- All in One SEO Pro -->\r\n\t\t<title>Celebra el D\u00eda del Libro con inspiraci\u00f3n 100% guatemalteca<\/title>\n\n","aioseo_head_json":{"title":"Celebra el D\u00eda del Libro con inspiraci\u00f3n 100% guatemalteca","description":"Libros guatemaltecos est\u00e1n listos para elevar su vuelo y llegar hasta t\u00ed a trav\u00e9s de SoyMigrante.com MERCADO. En este D\u00eda del Libro adquiere y apoya el talento.","canonical_url":"https:\/\/soymigrante.com\/revista\/libros-guatemaltecos-dia-internacional-del-libro-festeja-inspirate-mercado\/","robots":"max-snippet:-1, max-image-preview:large, max-video-preview:-1","keywords":"","webmasterTools":{"miscellaneous":"&lt;link rel=\"preconnect\" href=\"https:\/\/fonts.googleapis.com\" crossorigin&gt;\n&lt;link rel=\"preconnect\" href=\"https:\/\/fonts.gstatic.com\" crossorigin&gt;"},"schema":null,"og:locale":"es_ES","og:site_name":"SoyMigrante.com REVISTA \u2013 Nuestra misi\u00f3n es reconocer y dignificar al migrante.","og:type":"article","og:title":"Celebra el D\u00eda del Libro con inspiraci\u00f3n 100% guatemalteca","og:description":"Libros guatemaltecos est\u00e1n listos para elevar su vuelo y llegar hasta t\u00ed a trav\u00e9s de SoyMigrante.com MERCADO. En este D\u00eda del Libro adquiere y apoya el talento.","og:url":"https:\/\/soymigrante.com\/revista\/libros-guatemaltecos-dia-internacional-del-libro-festeja-inspirate-mercado\/","og:image":"https:\/\/soymigrante.com\/revista\/wp-content\/uploads\/2026\/04\/DIA-DEL-LIBRO-SOYMIGRANTE-MERCADO.png","og:image:secure_url":"https:\/\/soymigrante.com\/revista\/wp-content\/uploads\/2026\/04\/DIA-DEL-LIBRO-SOYMIGRANTE-MERCADO.png","og:image:width":1200,"og:image:height":1200,"article:published_time":"2026-04-20T15:39:23+00:00","article:modified_time":"2026-04-20T15:47:41+00:00","article:publisher":"https:\/\/www.facebook.com\/soymigrantecom","twitter:card":"summary_large_image","twitter:site":"@SoyMigrante_com","twitter:title":"Celebra el D\u00eda del Libro con inspiraci\u00f3n 100% guatemalteca","twitter:description":"Libros guatemaltecos est\u00e1n listos para elevar su vuelo y llegar hasta t\u00ed a trav\u00e9s de SoyMigrante.com MERCADO. En este D\u00eda del Libro adquiere y apoya el talento.","twitter:creator":"@SoyMigrante_com","twitter:image":"https:\/\/soymigrante.com\/revista\/wp-content\/uploads\/2026\/04\/DIA-DEL-LIBRO-SOYMIGRANTE-MERCADO.png"},"aioseo_meta_data":{"post_id":"55394","title":"Migrantes guatemaltecos en Estados Unidos publican libros","description":"Historias sin fronteras de guatemaltecos en Estados Unidos plasmadas en libros publicados: novelas, relatos gr\u00e1ficos, autobiograf\u00edas. Todos tienen historia","keywords":null,"keyphrases":{"focus":{"keyphrase":"Libro","score":82,"analysis":{"keyphraseInTitle":{"score":3,"maxScore":9,"error":1},"keyphraseInDescription":{"score":3,"maxScore":9,"error":1},"keyphraseLength":{"score":9,"maxScore":9,"error":0,"length":1},"keyphraseInURL":{"score":5,"maxScore":5,"error":0},"keyphraseInIntroduction":{"score":9,"maxScore":9,"error":0},"keyphraseInSubHeadings":{"score":9,"maxScore":9,"error":0},"keyphraseInImageAlt":{"score":9,"maxScore":9,"error":0},"keywordDensity":{"type":"best","score":9,"maxScore":9,"error":0}}},"additional":[{"keyphrase":"Guatemaltecos","score":53,"analysis":{"keyphraseInDescription":{"score":9,"maxScore":9,"error":0},"keyphraseLength":{"score":9,"maxScore":9,"error":0,"length":1},"keyphraseInIntroduction":{"score":3,"maxScore":9,"error":1},"keyphraseInImageAlt":{"score":3,"maxScore":9,"error":1},"keywordDensity":{"score":0,"type":"low","maxScore":9,"error":1}}}]},"primary_term":null,"canonical_url":null,"og_title":null,"og_description":null,"og_object_type":"default","og_image_type":"default","og_image_url":null,"og_image_width":null,"og_image_height":null,"og_image_custom_url":null,"og_image_custom_fields":null,"og_video":"","og_custom_url":null,"og_article_section":null,"og_article_tags":null,"twitter_use_og":false,"twitter_card":"default","twitter_image_type":"default","twitter_image_url":null,"twitter_image_custom_url":null,"twitter_image_custom_fields":null,"twitter_title":null,"twitter_description":null,"schema":{"blockGraphs":[],"customGraphs":[],"default":{"data":{"Article":[],"Course":[],"Dataset":[],"FAQPage":[],"Movie":[],"Person":[],"Product":[],"ProductReview":[],"Car":[],"Recipe":[],"Service":[],"SoftwareApplication":[],"WebPage":[]},"graphName":"NewsArticle","isEnabled":true},"graphs":[]},"schema_type":"default","schema_type_options":null,"pillar_content":false,"robots_default":true,"robots_noindex":false,"robots_noarchive":false,"robots_nosnippet":false,"robots_nofollow":false,"robots_noimageindex":false,"robots_noodp":false,"robots_notranslate":false,"robots_max_snippet":"-1","robots_max_videopreview":"-1","robots_max_imagepreview":"large","priority":null,"frequency":"default","local_seo":null,"seo_analyzer_scan_date":null,"breadcrumb_settings":null,"limit_modified_date":false,"reviewed_by":"0","open_ai":null,"ai":{"faqs":[],"keyPoints":[],"schemas":[],"titles":[],"descriptions":[],"socialPosts":{"email":[],"linkedin":[],"twitter":[],"facebook":[],"instagram":[]}},"created":"2026-04-23 15:03:51","updated":"2026-04-23 16:56:40"},"aioseo_breadcrumb":"<div class=\"aioseo-breadcrumbs\"><span class=\"aioseo-breadcrumb\">\n\t<a href=\"https:\/\/soymigrante.com\/revista\" title=\"Home\">Home<\/a>\n<\/span><span class=\"aioseo-breadcrumb-separator\">\u00bb<\/span><span class=\"aioseo-breadcrumb\">\n\t<a href=\"https:\/\/soymigrante.com\/revista\/category\/exitos\/\" title=\"\u00c9xitos\">\u00c9xitos<\/a>\n<\/span><span class=\"aioseo-breadcrumb-separator\">\u00bb<\/span><span class=\"aioseo-breadcrumb\">\n\t<a href=\"https:\/\/soymigrante.com\/revista\/category\/exitos\/guatemala\/\" title=\"Guatemala\">Guatemala<\/a>\n<\/span><span class=\"aioseo-breadcrumb-separator\">\u00bb<\/span><span class=\"aioseo-breadcrumb\">\n\tD\u00eda del Libro \u2013 Creatividad de escritores migrantes guatemaltecos vuela sin fronteras\n<\/span><\/div>","aioseo_breadcrumb_json":[{"label":"Home","link":"https:\/\/soymigrante.com\/revista"},{"label":"\u00c9xitos","link":"https:\/\/soymigrante.com\/revista\/category\/exitos\/"},{"label":"Guatemala","link":"https:\/\/soymigrante.com\/revista\/category\/exitos\/guatemala\/"},{"label":"D\u00eda del Libro &#8211; Creatividad de escritores migrantes guatemaltecos vuela sin fronteras","link":"https:\/\/soymigrante.com\/revista\/migrantes-guatemaltecos-en-estados-unidos-libros-historias-dia-del-libro\/"}],"_links":{"self":[{"href":"https:\/\/soymigrante.com\/revista\/wp-json\/wp\/v2\/posts\/55394","targetHints":{"allow":["GET"]}}],"collection":[{"href":"https:\/\/soymigrante.com\/revista\/wp-json\/wp\/v2\/posts"}],"about":[{"href":"https:\/\/soymigrante.com\/revista\/wp-json\/wp\/v2\/types\/post"}],"author":[{"embeddable":true,"href":"https:\/\/soymigrante.com\/revista\/wp-json\/wp\/v2\/users\/1"}],"replies":[{"embeddable":true,"href":"https:\/\/soymigrante.com\/revista\/wp-json\/wp\/v2\/comments?post=55394"}],"version-history":[{"count":6,"href":"https:\/\/soymigrante.com\/revista\/wp-json\/wp\/v2\/posts\/55394\/revisions"}],"predecessor-version":[{"id":55404,"href":"https:\/\/soymigrante.com\/revista\/wp-json\/wp\/v2\/posts\/55394\/revisions\/55404"}],"wp:featuredmedia":[{"embeddable":true,"href":"https:\/\/soymigrante.com\/revista\/wp-json\/wp\/v2\/media\/55402"}],"wp:attachment":[{"href":"https:\/\/soymigrante.com\/revista\/wp-json\/wp\/v2\/media?parent=55394"}],"wp:term":[{"taxonomy":"category","embeddable":true,"href":"https:\/\/soymigrante.com\/revista\/wp-json\/wp\/v2\/categories?post=55394"},{"taxonomy":"post_tag","embeddable":true,"href":"https:\/\/soymigrante.com\/revista\/wp-json\/wp\/v2\/tags?post=55394"}],"curies":[{"name":"wp","href":"https:\/\/api.w.org\/{rel}","templated":true}]}}