{"id":55368,"date":"2026-04-23T08:55:32","date_gmt":"2026-04-23T14:55:32","guid":{"rendered":"https:\/\/soymigrante.com\/revista\/?p=55368"},"modified":"2026-04-23T08:58:06","modified_gmt":"2026-04-23T14:58:06","slug":"luis-von-ahn-national-geographic-33-guatemalteco-duolingo","status":"publish","type":"post","link":"https:\/\/soymigrante.com\/revista\/luis-von-ahn-national-geographic-33-guatemalteco-duolingo\/","title":{"rendered":"\u00bfC\u00f3mo lleg\u00f3 el  guatemalteco Luis von Ahn a la lista Global 33 de L\u00edderes Innovadores de National Geographic?"},"content":{"rendered":"\t\t<div data-elementor-type=\"wp-post\" data-elementor-id=\"55368\" class=\"elementor elementor-55368\" data-elementor-post-type=\"post\">\n\t\t\t\t<div data-particle_enable=\"false\" data-particle-mobile-disabled=\"false\" class=\"elementor-element elementor-element-b3aab6b e-flex e-con-boxed e-con e-parent\" data-id=\"b3aab6b\" data-element_type=\"container\" data-e-type=\"container\">\n\t\t\t\t\t<div class=\"e-con-inner\">\n\t\t\t\t<div class=\"elementor-element elementor-element-18b06ca elementor-widget elementor-widget-heading\" data-id=\"18b06ca\" data-element_type=\"widget\" data-e-type=\"widget\" data-widget_type=\"heading.default\">\n\t\t\t\t\t<h3 class=\"elementor-heading-title elementor-size-default\">Empresario digital guatemalteco y fundador de la plataforma D\u00faolingo, as\u00ed como creador de los conceptos de captcha y recaptcha, Luis von Ahn figura en lista 33 Global Changemakers de National Geographic, por sus aportes e innovaci\u00f3n.<\/h3>\t\t\t\t<\/div>\n\t\t\t\t\t<\/div>\n\t\t\t\t<\/div>\n\t\t<div data-particle_enable=\"false\" data-particle-mobile-disabled=\"false\" class=\"elementor-element elementor-element-d4a0734 e-flex e-con-boxed e-con e-parent\" data-id=\"d4a0734\" data-element_type=\"container\" data-e-type=\"container\">\n\t\t\t\t\t<div class=\"e-con-inner\">\n\t\t\t\t<div class=\"elementor-element elementor-element-41734be elementor-widget elementor-widget-text-editor\" data-id=\"41734be\" data-element_type=\"widget\" data-e-type=\"widget\" data-widget_type=\"text-editor.default\">\n\t\t\t\t\t\t\t\t\t<p>El guatemalteco <a href=\"https:\/\/es.wikipedia.org\/wiki\/Luis_von_Ahn\" target=\"_blank\" rel=\"noopener\">Luis von Ahn<\/a>, empresario digital creador de <a href=\"https:\/\/www.duolingo.com\" target=\"_blank\" rel=\"noopener\">Duolingo<\/a>, fue incluido en la lista \u201cNational Geographic 33\u201d, que reconoce a las personas que est\u00e1n cambiando el mundo con soluciones innovadoras. Su impacto ha ido m\u00e1s all\u00e1 de la tecnolog\u00eda: hoy su plataforma es clave para que miles de migrantes y refugiados accedan a educaci\u00f3n y nuevas oportunidades.<\/p><p>Nacido en Guatemala y emigrado a Estados Unidos para estudiar, Von Ahn convirti\u00f3 una idea digital en una herramienta global. Al descubrir que Duolingo era utilizado en campamentos de refugiados, elimin\u00f3 costos para m\u00e1s de 135,000 estudiantes en su examen de ingl\u00e9s \u2014requisito para universidades en Estados Unidos y Europa\u2014 y promovi\u00f3 alianzas con la <a href=\"https:\/\/www.unhcr.org\/\" target=\"_blank\" rel=\"noopener\">Agencia de la ONU para los Refugiados (UNHCR)<\/a>. As\u00ed, su innovaci\u00f3n tecnol\u00f3gica se sigue convirtiendo en un puente real para la migraci\u00f3n, la educaci\u00f3n y el desarrollo.<\/p>\t\t\t\t\t\t\t\t<\/div>\n\t\t\t\t\t<\/div>\n\t\t\t\t<\/div>\n\t\t<div data-particle_enable=\"false\" data-particle-mobile-disabled=\"false\" class=\"elementor-element elementor-element-eb01f6d e-flex e-con-boxed e-con e-parent\" data-id=\"eb01f6d\" data-element_type=\"container\" data-e-type=\"container\">\n\t\t\t\t\t<div class=\"e-con-inner\">\n\t\t\t\t<div class=\"elementor-element elementor-element-b02d6fd elementor-widget elementor-widget-image\" data-id=\"b02d6fd\" data-element_type=\"widget\" data-e-type=\"widget\" data-widget_type=\"image.default\">\n\t\t\t\t\t\t\t\t\t\t\t\t<figure class=\"wp-caption\">\n\t\t\t\t\t\t\t\t\t\t\t<a href=\"https:\/\/www.nationalgeographic.com\/culture\/nat-geo-33\/graphics\/2026\">\n\t\t\t\t\t\t\t<img fetchpriority=\"high\" decoding=\"async\" width=\"635\" height=\"781\" src=\"https:\/\/soymigrante.com\/revista\/wp-content\/uploads\/2026\/04\/luis-von-ahn-33-lideres-de-innovacion-national-geographic.png\" class=\"attachment-large size-large wp-image-55387\" alt=\"El guatemalteco Luis von Ahn, empresario digital guatemalteco fundador de la plataforma de aprendizaje de idiomas Duolingo figura en la lista 33 Global de National Geographic, de l\u00edderes de innovaci\u00f3n alrededor del mundo. Para ir al sitio de NatGeo clic en la imagen.\" srcset=\"https:\/\/soymigrante.com\/revista\/wp-content\/uploads\/2026\/04\/luis-von-ahn-33-lideres-de-innovacion-national-geographic.png 635w, https:\/\/soymigrante.com\/revista\/wp-content\/uploads\/2026\/04\/luis-von-ahn-33-lideres-de-innovacion-national-geographic-244x300.png 244w\" sizes=\"(max-width: 635px) 100vw, 635px\" \/>\t\t\t\t\t\t\t\t<\/a>\n\t\t\t\t\t\t\t\t\t\t\t<figcaption class=\"widget-image-caption wp-caption-text\">El guatemalteco Luis von Ahn, empresario digital guatemalteco fundador de la plataforma de aprendizaje de idiomas Duolingo figura en la lista 33 Global de National Geographic, de l\u00edderes de innovaci\u00f3n  alrededor del mundo. Para ir al sitio de NatGeo clic en la imagen.<\/figcaption>\n\t\t\t\t\t\t\t\t\t\t<\/figure>\n\t\t\t\t\t\t\t\t\t<\/div>\n\t\t\t\t\t<\/div>\n\t\t\t\t<\/div>\n\t\t<div data-particle_enable=\"false\" data-particle-mobile-disabled=\"false\" class=\"elementor-element elementor-element-4e3dd30 e-flex e-con-boxed e-con e-parent\" data-id=\"4e3dd30\" data-element_type=\"container\" data-e-type=\"container\">\n\t\t\t\t\t<div class=\"e-con-inner\">\n\t\t\t\t<div class=\"elementor-element elementor-element-9e99a13 elementor-widget elementor-widget-text-editor\" data-id=\"9e99a13\" data-element_type=\"widget\" data-e-type=\"widget\" data-widget_type=\"text-editor.default\">\n\t\t\t\t\t\t\t\t\t<p><span style=\"color: #000000; font-family: Mulish, sans-serif; font-size: 29px; font-weight: bold;\">1978 \u2013 Nace en Guatemala<\/span><\/p><p>Luis von Ahn nace en Ciudad de Guatemala. Estudia en el Colegio Americano de Guatemala, y en 2005 emigra a Estados Unidos para continuar su educaci\u00f3n y desarrollar su carrera en tecnolog\u00eda. En 2005 se<\/p><h3>2000 \u2013 Migraci\u00f3n a Estados Unidos<\/h3><p>En 2000 recibe un Baccalaureatus in Science en Matem\u00e1ticas de la Universidad de Duke y en 2005 un doctorado en Ciencias de la Computaci\u00f3n de la\u00a0<a href=\"https:\/\/www.cmu.edu\/\" target=\"_blank\" rel=\"noopener\">Carnegie Mellon University<\/a>, donde desarrolla investigaciones que conducen a\u00a0 herramientas denominadas como CAPTCHA y reCAPTCHA, mediante las cuales el usuario reconoce textos en im\u00e1genes, que hoy son utilizadas globalmente para la seguridad digital y posteriormente adquiridas por <a href=\"https:\/\/www.google.com\" target=\"_blank\" rel=\"noopener\">Google<\/a>.<\/p>\t\t\t\t\t\t\t\t<\/div>\n\t\t\t\t\t<\/div>\n\t\t\t\t<\/div>\n\t\t<div data-particle_enable=\"false\" data-particle-mobile-disabled=\"false\" class=\"elementor-element elementor-element-fbf18a1 e-flex e-con-boxed e-con e-parent\" data-id=\"fbf18a1\" data-element_type=\"container\" data-e-type=\"container\">\n\t\t\t\t\t<div class=\"e-con-inner\">\n\t\t\t\t<div class=\"elementor-element elementor-element-dc0197f elementor-widget elementor-widget-html\" data-id=\"dc0197f\" data-element_type=\"widget\" data-e-type=\"widget\" data-widget_type=\"html.default\">\n\t\t\t\t\t<iframe width=\"560\" height=\"415\" src=\"https:\/\/www.youtube.com\/embed\/lt7yZB92McM?si=gABcek0deaHY-eCk\" title=\"YouTube video player\" frameborder=\"0\" allow=\"accelerometer; autoplay; clipboard-write; encrypted-media; gyroscope; picture-in-picture; web-share\" referrerpolicy=\"strict-origin-when-cross-origin\" allowfullscreen><\/iframe>\t\t\t\t<\/div>\n\t\t\t\t\t<\/div>\n\t\t\t\t<\/div>\n\t\t<div data-particle_enable=\"false\" data-particle-mobile-disabled=\"false\" class=\"elementor-element elementor-element-997b76e e-flex e-con-boxed e-con e-parent\" data-id=\"997b76e\" data-element_type=\"container\" data-e-type=\"container\">\n\t\t\t\t\t<div class=\"e-con-inner\">\n\t\t\t\t<div class=\"elementor-element elementor-element-5c5edf4 elementor-widget elementor-widget-text-editor\" data-id=\"5c5edf4\" data-element_type=\"widget\" data-e-type=\"widget\" data-widget_type=\"text-editor.default\">\n\t\t\t\t\t\t\t\t\t<p><span style=\"color: #000000; font-family: Mulish, sans-serif; font-size: 29px; font-weight: bold;\">2011 \u2013 Funda la plataforma Duolingo<\/span><\/p>\n<p>Cofunda la plataforma Duolingo con el objetivo de ofrecer aprendizaje de idiomas, inicialmente en ingl\u00e9s, de formam gratuita y accesible. Su modelo gamificado revoluciona el aprendizaje de idiomas.&nbsp;<\/p>\t\t\t\t\t\t\t\t<\/div>\n\t\t\t\t\t<\/div>\n\t\t\t\t<\/div>\n\t\t<div data-particle_enable=\"false\" data-particle-mobile-disabled=\"false\" class=\"elementor-element elementor-element-a310902 e-flex e-con-boxed e-con e-parent\" data-id=\"a310902\" data-element_type=\"container\" data-e-type=\"container\">\n\t\t\t\t\t<div class=\"e-con-inner\">\n\t\t\t\t<div class=\"elementor-element elementor-element-048f4c1 elementor-arrows-position-inside elementor-pagination-position-outside elementor-widget elementor-widget-image-carousel\" data-id=\"048f4c1\" data-element_type=\"widget\" data-e-type=\"widget\" data-settings=\"{&quot;slides_to_show&quot;:&quot;1&quot;,&quot;navigation&quot;:&quot;both&quot;,&quot;autoplay&quot;:&quot;yes&quot;,&quot;pause_on_hover&quot;:&quot;yes&quot;,&quot;pause_on_interaction&quot;:&quot;yes&quot;,&quot;autoplay_speed&quot;:5000,&quot;infinite&quot;:&quot;yes&quot;,&quot;effect&quot;:&quot;slide&quot;,&quot;speed&quot;:500}\" data-widget_type=\"image-carousel.default\">\n\t\t\t\t\t\t\t<div class=\"elementor-image-carousel-wrapper swiper\" role=\"region\" aria-roledescription=\"carousel\" aria-label=\"Carrusel de im\u00e1genes\" dir=\"ltr\">\n\t\t\t<div class=\"elementor-image-carousel swiper-wrapper\" aria-live=\"off\">\n\t\t\t\t\t\t\t\t<div class=\"swiper-slide\" role=\"group\" aria-roledescription=\"slide\" aria-label=\"1 de 9\"><figure class=\"swiper-slide-inner\"><img decoding=\"async\" class=\"swiper-slide-image\" src=\"https:\/\/soymigrante.com\/revista\/wp-content\/uploads\/2026\/04\/La-plataforma-Duolingo-lanzada-en-2010-se-ha-expandido-mucho-mas-alla-del-ingles-a-mas-de-30-idiomas-con-cursos-interactivos-que-tienen-millones-de-alumnos-4.png\" alt=\"La plataforma Duolingo lanzada en 2010 se ha expandido mucho m\u00e1s all\u00e1 del ingl\u00e9s a m\u00e1s de 30 idiomas con cursos interactivos que tienen millones de alumnos\" \/><figcaption class=\"elementor-image-carousel-caption\">La plataforma Duolingo lanzada en 2010 se ha expandido mucho m\u00e1s all\u00e1 del ingl\u00e9s a m\u00e1s de 30 idiomas con cursos interactivos que tienen millones de alumnos <\/figcaption><\/figure><\/div><div class=\"swiper-slide\" role=\"group\" aria-roledescription=\"slide\" aria-label=\"2 de 9\"><figure class=\"swiper-slide-inner\"><img decoding=\"async\" class=\"swiper-slide-image\" src=\"https:\/\/soymigrante.com\/revista\/wp-content\/uploads\/2026\/04\/La-plataforma-Duolingo-lanzada-en-2010-se-ha-expandido-mucho-mas-alla-del-ingles-a-mas-de-30-idiomas-con-cursos-interactivos-que-tienen-millones-de-alumnos-5.png\" alt=\"La plataforma Duolingo lanzada en 2010 se ha expandido mucho m\u00e1s all\u00e1 del ingl\u00e9s a m\u00e1s de 30 idiomas con cursos interactivos que tienen millones de alumnos\" \/><figcaption class=\"elementor-image-carousel-caption\">La plataforma Duolingo lanzada en 2010 se ha expandido mucho m\u00e1s all\u00e1 del ingl\u00e9s a m\u00e1s de 30 idiomas con cursos interactivos que tienen millones de alumnos <\/figcaption><\/figure><\/div><div class=\"swiper-slide\" role=\"group\" aria-roledescription=\"slide\" aria-label=\"3 de 9\"><figure class=\"swiper-slide-inner\"><img decoding=\"async\" class=\"swiper-slide-image\" src=\"https:\/\/soymigrante.com\/revista\/wp-content\/uploads\/2026\/04\/La-plataforma-Duolingo-lanzada-en-2010-se-ha-expandido-mucho-mas-alla-del-ingles-a-mas-de-30-idiomas-con-cursos-interactivos-que-tienen-millones-de-alumnos-6.png\" alt=\"La plataforma Duolingo lanzada en 2010 se ha expandido mucho m\u00e1s all\u00e1 del ingl\u00e9s a m\u00e1s de 30 idiomas con cursos interactivos que tienen millones de alumnos\" \/><figcaption class=\"elementor-image-carousel-caption\">La plataforma Duolingo lanzada en 2010 se ha expandido mucho m\u00e1s all\u00e1 del ingl\u00e9s a m\u00e1s de 30 idiomas con cursos interactivos que tienen millones de alumnos <\/figcaption><\/figure><\/div><div class=\"swiper-slide\" role=\"group\" aria-roledescription=\"slide\" aria-label=\"4 de 9\"><figure class=\"swiper-slide-inner\"><img decoding=\"async\" class=\"swiper-slide-image\" src=\"https:\/\/soymigrante.com\/revista\/wp-content\/uploads\/2026\/04\/La-plataforma-Duolingo-lanzada-en-2010-se-ha-expandido-mucho-mas-alla-del-ingles-a-mas-de-30-idiomas-con-cursos-interactivos-que-tienen-millones-de-alumnos-7.png\" alt=\"La plataforma Duolingo lanzada en 2010 se ha expandido mucho m\u00e1s all\u00e1 del ingl\u00e9s a m\u00e1s de 30 idiomas con cursos interactivos que tienen millones de alumnos\" \/><figcaption class=\"elementor-image-carousel-caption\">La plataforma Duolingo lanzada en 2010 se ha expandido mucho m\u00e1s all\u00e1 del ingl\u00e9s a m\u00e1s de 30 idiomas con cursos interactivos que tienen millones de alumnos <\/figcaption><\/figure><\/div><div class=\"swiper-slide\" role=\"group\" aria-roledescription=\"slide\" aria-label=\"5 de 9\"><figure class=\"swiper-slide-inner\"><img decoding=\"async\" class=\"swiper-slide-image\" src=\"https:\/\/soymigrante.com\/revista\/wp-content\/uploads\/2026\/04\/La-plataforma-Duolingo-lanzada-en-2010-se-ha-expandido-mucho-mas-alla-del-ingles-a-mas-de-30-idiomas-con-cursos-interactivos-que-tienen-millones-de-alumnos-8.png\" alt=\"La plataforma Duolingo lanzada en 2010 se ha expandido mucho m\u00e1s all\u00e1 del ingl\u00e9s a m\u00e1s de 30 idiomas con cursos interactivos que tienen millones de alumnos\" \/><figcaption class=\"elementor-image-carousel-caption\">La plataforma Duolingo lanzada en 2010 se ha expandido mucho m\u00e1s all\u00e1 del ingl\u00e9s a m\u00e1s de 30 idiomas con cursos interactivos que tienen millones de alumnos <\/figcaption><\/figure><\/div><div class=\"swiper-slide\" role=\"group\" aria-roledescription=\"slide\" aria-label=\"6 de 9\"><figure class=\"swiper-slide-inner\"><img decoding=\"async\" class=\"swiper-slide-image\" src=\"https:\/\/soymigrante.com\/revista\/wp-content\/uploads\/2026\/04\/La-plataforma-Duolingo-lanzada-en-2010-se-ha-expandido-mucho-mas-alla-del-ingles-a-mas-de-30-idiomas-con-cursos-interactivos-que-tienen-millones-de-alumnos-9.png\" alt=\"La plataforma Duolingo lanzada en 2010 se ha expandido mucho m\u00e1s all\u00e1 del ingl\u00e9s a m\u00e1s de 30 idiomas con cursos interactivos que tienen millones de alumnos\" \/><figcaption class=\"elementor-image-carousel-caption\">La plataforma Duolingo lanzada en 2010 se ha expandido mucho m\u00e1s all\u00e1 del ingl\u00e9s a m\u00e1s de 30 idiomas con cursos interactivos que tienen millones de alumnos <\/figcaption><\/figure><\/div><div class=\"swiper-slide\" role=\"group\" aria-roledescription=\"slide\" aria-label=\"7 de 9\"><figure class=\"swiper-slide-inner\"><img decoding=\"async\" class=\"swiper-slide-image\" src=\"https:\/\/soymigrante.com\/revista\/wp-content\/uploads\/2026\/04\/La-plataforma-Duolingo-lanzada-en-2010-se-ha-expandido-mucho-mas-alla-del-ingles-a-mas-de-30-idiomas-con-cursos-interactivos-que-tienen-millones-de-alumnos-1.png\" alt=\"La plataforma Duolingo lanzada en 2010 se ha expandido mucho m\u00e1s all\u00e1 del ingl\u00e9s a m\u00e1s de 30 idiomas con cursos interactivos que tienen millones de alumnos\" \/><figcaption class=\"elementor-image-carousel-caption\">La plataforma Duolingo lanzada en 2010 se ha expandido mucho m\u00e1s all\u00e1 del ingl\u00e9s a m\u00e1s de 30 idiomas con cursos interactivos que tienen millones de alumnos <\/figcaption><\/figure><\/div><div class=\"swiper-slide\" role=\"group\" aria-roledescription=\"slide\" aria-label=\"8 de 9\"><figure class=\"swiper-slide-inner\"><img decoding=\"async\" class=\"swiper-slide-image\" src=\"https:\/\/soymigrante.com\/revista\/wp-content\/uploads\/2026\/04\/La-plataforma-Duolingo-lanzada-en-2010-se-ha-expandido-mucho-mas-alla-del-ingles-a-mas-de-30-idiomas-con-cursos-interactivos-que-tienen-millones-de-alumnos-2.png\" alt=\"La plataforma Duolingo lanzada en 2010 se ha expandido mucho m\u00e1s all\u00e1 del ingl\u00e9s a m\u00e1s de 30 idiomas con cursos interactivos que tienen millones de alumnos\" \/><figcaption class=\"elementor-image-carousel-caption\">La plataforma Duolingo lanzada en 2010 se ha expandido mucho m\u00e1s all\u00e1 del ingl\u00e9s a m\u00e1s de 30 idiomas con cursos interactivos que tienen millones de alumnos <\/figcaption><\/figure><\/div><div class=\"swiper-slide\" role=\"group\" aria-roledescription=\"slide\" aria-label=\"9 de 9\"><figure class=\"swiper-slide-inner\"><img decoding=\"async\" class=\"swiper-slide-image\" src=\"https:\/\/soymigrante.com\/revista\/wp-content\/uploads\/2026\/04\/La-plataforma-Duolingo-lanzada-en-2010-se-ha-expandido-mucho-mas-alla-del-ingles-a-mas-de-30-idiomas-con-cursos-interactivos-que-tienen-millones-de-alumnos-3.png\" alt=\"La plataforma Duolingo lanzada en 2010 se ha expandido mucho m\u00e1s all\u00e1 del ingl\u00e9s a m\u00e1s de 30 idiomas con cursos interactivos que tienen millones de alumnos\" \/><figcaption class=\"elementor-image-carousel-caption\">La plataforma Duolingo lanzada en 2010 se ha expandido mucho m\u00e1s all\u00e1 del ingl\u00e9s a m\u00e1s de 30 idiomas con cursos interactivos que tienen millones de alumnos <\/figcaption><\/figure><\/div>\t\t\t<\/div>\n\t\t\t\t\t\t\t\t\t\t\t\t<div class=\"elementor-swiper-button elementor-swiper-button-prev\" role=\"button\" tabindex=\"0\">\n\t\t\t\t\t\t<i aria-hidden=\"true\" class=\"eicon-chevron-left\"><\/i>\t\t\t\t\t<\/div>\n\t\t\t\t\t<div class=\"elementor-swiper-button elementor-swiper-button-next\" role=\"button\" tabindex=\"0\">\n\t\t\t\t\t\t<i aria-hidden=\"true\" class=\"eicon-chevron-right\"><\/i>\t\t\t\t\t<\/div>\n\t\t\t\t\n\t\t\t\t\t\t\t\t\t<div class=\"swiper-pagination\"><\/div>\n\t\t\t\t\t\t\t\t\t<\/div>\n\t\t\t\t\t\t<\/div>\n\t\t\t\t\t<\/div>\n\t\t\t\t<\/div>\n\t\t<div data-particle_enable=\"false\" data-particle-mobile-disabled=\"false\" class=\"elementor-element elementor-element-aec3600 e-flex e-con-boxed e-con e-parent\" data-id=\"aec3600\" data-element_type=\"container\" data-e-type=\"container\">\n\t\t\t\t\t<div class=\"e-con-inner\">\n\t\t\t\t<div class=\"elementor-element elementor-element-957fc85 elementor-widget elementor-widget-text-editor\" data-id=\"957fc85\" data-element_type=\"widget\" data-e-type=\"widget\" data-widget_type=\"text-editor.default\">\n\t\t\t\t\t\t\t\t\t<p>Duolingo se convierte en una de las plataformas educativas m\u00e1s utilizadas del mundo, con millones de usuarios y cursos en m\u00faltiples idiomas como <a href=\"https:\/\/es.wikipedia.org\/wiki\/Idioma_ingl%C3%A9s\" target=\"_blank\" rel=\"noopener\">ingl\u00e9s<\/a>, <a href=\"https:\/\/es.wikipedia.org\/wiki\/Idioma_franc%C3%A9s\" target=\"_blank\" rel=\"noopener\">franc\u00e9s<\/a>, <a href=\"https:\/\/es.wikipedia.org\/wiki\/Idioma_alem%C3%A1n\" target=\"_blank\" rel=\"noopener\">alem\u00e1n<\/a>, <a href=\"https:\/\/es.wikipedia.org\/wiki\/Idioma_portugu%C3%A9s\" target=\"_blank\" rel=\"noopener\">portugu\u00e9s<\/a>, <a href=\"https:\/\/es.wikipedia.org\/wiki\/Idioma_italiano\" target=\"_blank\" rel=\"noopener\">italiano<\/a>, <a href=\"https:\/\/es.wikipedia.org\/wiki\/Idioma_catal%C3%A1n\" target=\"_blank\" rel=\"noopener\">catal\u00e1n<\/a>, <a href=\"https:\/\/es.wikipedia.org\/wiki\/Idioma_sueco\" target=\"_blank\" rel=\"noopener\">sueco<\/a>, <a href=\"https:\/\/es.wikipedia.org\/wiki\/Idioma_ruso\" target=\"_blank\" rel=\"noopener\">ruso<\/a>, <a href=\"https:\/\/es.wikipedia.org\/wiki\/Idioma_chino\" target=\"_blank\" rel=\"noopener\">chino<\/a>, <a href=\"https:\/\/es.wikipedia.org\/wiki\/Idioma_japon%C3%A9s\" target=\"_blank\" rel=\"noopener\">japon\u00e9s<\/a> y <a href=\"https:\/\/es.wikipedia.org\/wiki\/Idioma_coreano\" target=\"_blank\" rel=\"noopener\">coreano<\/a>. Existen m\u00e1s cursos para hablantes del ingl\u00e9s como <a href=\"https:\/\/es.wikipedia.org\/wiki\/Idioma_chino\" target=\"_blank\" rel=\"noopener\">chino<\/a>, <a href=\"https:\/\/es.wikipedia.org\/wiki\/Idioma_japon%C3%A9s\" target=\"_blank\" rel=\"noopener\">japon\u00e9s<\/a>, <a href=\"https:\/\/es.wikipedia.org\/wiki\/Idioma_neerland%C3%A9s\" target=\"_blank\" rel=\"noopener\">neerland\u00e9s<\/a>, <a href=\"https:\/\/es.wikipedia.org\/wiki\/Idioma_coreano\" target=\"_blank\" rel=\"noopener\">coreano<\/a>, <a href=\"https:\/\/es.wikipedia.org\/wiki\/Idioma_dan%C3%A9s\" target=\"_blank\" rel=\"noopener\">dan\u00e9s<\/a>, <a href=\"https:\/\/es.wikipedia.org\/wiki\/Idioma_noruego\" target=\"_blank\" rel=\"noopener\">noruego<\/a>, <a href=\"https:\/\/es.wikipedia.org\/wiki\/Idioma_turco\" target=\"_blank\" rel=\"noopener\">turco<\/a>, <a href=\"https:\/\/es.wikipedia.org\/wiki\/Idioma_hebreo\" target=\"_blank\" rel=\"noopener\">hebreo<\/a>, <a href=\"https:\/\/es.wikipedia.org\/wiki\/Idioma_irland%C3%A9s\" target=\"_blank\" rel=\"noopener\">irland\u00e9s<\/a>, <a href=\"https:\/\/es.wikipedia.org\/wiki\/Idioma_ucraniano\" target=\"_blank\" rel=\"noopener\">ucraniano<\/a>, <a href=\"https:\/\/es.wikipedia.org\/wiki\/Klingon\" target=\"_blank\" rel=\"noopener\">klingon<\/a>, <a href=\"https:\/\/es.wikipedia.org\/wiki\/Idioma_navajo\" target=\"_blank\" rel=\"noopener\">navajo<\/a>, <a href=\"https:\/\/es.wikipedia.org\/wiki\/Idioma_tailand%C3%A9s\" target=\"_blank\" rel=\"noopener\">tailand\u00e9s<\/a>, <a href=\"https:\/\/es.wikipedia.org\/wiki\/Idioma_hawaiano\" target=\"_blank\" rel=\"noopener\">hawaiano<\/a>, <a href=\"https:\/\/es.wikipedia.org\/wiki\/Idioma_hindi\" target=\"_blank\" rel=\"noopener\">hindi<\/a>, <a href=\"https:\/\/es.wikipedia.org\/wiki\/Idioma_checo\" target=\"_blank\" rel=\"noopener\">checo<\/a>, <a href=\"https:\/\/es.wikipedia.org\/wiki\/Idioma_griego\" target=\"_blank\" rel=\"noopener\">griego<\/a>, <a href=\"https:\/\/es.wikipedia.org\/wiki\/Idioma_polaco\" target=\"_blank\" rel=\"noopener\">polaco<\/a>, <a href=\"https:\/\/es.wikipedia.org\/wiki\/Idioma_indonesio\" target=\"_blank\" rel=\"noopener\">indonesio<\/a>, <a href=\"https:\/\/es.wikipedia.org\/wiki\/Idioma_h%C3%BAngaro\" target=\"_blank\" rel=\"noopener\">h\u00fangaro<\/a>, <a href=\"https:\/\/es.wikipedia.org\/wiki\/Idioma_rumano\" target=\"_blank\" rel=\"noopener\">rumano<\/a>, <a href=\"https:\/\/es.wikipedia.org\/wiki\/Lat%C3%ADn\" target=\"_blank\" rel=\"noopener\">lat\u00edn<\/a>, <a href=\"https:\/\/es.wikipedia.org\/wiki\/Idioma_gal%C3%A9s\" target=\"_blank\" rel=\"noopener\">gal\u00e9s<\/a>, <a href=\"https:\/\/es.wikipedia.org\/wiki\/Idioma_ga%C3%A9lico_escoc%C3%A9s\" target=\"_blank\" rel=\"noopener\">ga\u00e9lico escoc\u00e9s<\/a>, <a href=\"https:\/\/es.wikipedia.org\/wiki\/Criollo_haitiano\" target=\"_blank\" rel=\"noopener\">criollo haitiano<\/a>, <a href=\"https:\/\/es.wikipedia.org\/wiki\/Idioma_suajili\" target=\"_blank\" rel=\"noopener\">suajili<\/a>, <a href=\"https:\/\/es.wikipedia.org\/wiki\/Idioma_fin%C3%A9s\" target=\"_blank\" rel=\"noopener\">fin\u00e9s<\/a> y <a href=\"https:\/\/es.wikipedia.org\/wiki\/Yidis\" target=\"_blank\" rel=\"noopener\">yidis<\/a>.<\/p>\n\n<h3>2020s \u2013 Impacto en migrantes y refugiados<\/h3>\n<p>La plataforma adquiere un papel clave en contextos de migraci\u00f3n. Von Ahn impulsa acceso gratuito a certificaciones de ingl\u00e9s y colabora con la UNHCR, ampliando oportunidades educativas para poblaciones desplazadas.<\/p>\n\n<h3>2025-2026 \u2013 Innovaci\u00f3n con inteligencia artificial<\/h3>\n<p>La incorporaci\u00f3n de inteligencia artificial permite expandir significativamente los cursos gratuitos, llegando a m\u00e1s personas en contextos vulnerables.<\/p>\n\n<h3>Abril de 2026 \u2013 Reconocimiento internacional<\/h3>\n<p>Es incluido en los \u201cNational Geographic 33\u201d, consolid\u00e1ndose como uno de los guatemaltecos m\u00e1s influyentes en el mundo por su impacto en educaci\u00f3n, tecnolog\u00eda y migraci\u00f3n.<\/p>\n\n<p>La historia de Luis von Ahn refleja c\u00f3mo una idea tecnol\u00f3gica puede trascender su prop\u00f3sito inicial y convertirse en una herramienta clave para reducir brechas educativas, especialmente para migrantes que buscan nuevas oportunidades a trav\u00e9s del aprendizaje.<\/p>\t\t\t\t\t\t\t\t<\/div>\n\t\t\t\t\t<\/div>\n\t\t\t\t<\/div>\n\t\t<div data-particle_enable=\"false\" data-particle-mobile-disabled=\"false\" class=\"elementor-element elementor-element-ec45e51 e-flex e-con-boxed e-con e-parent\" data-id=\"ec45e51\" data-element_type=\"container\" data-e-type=\"container\">\n\t\t\t\t\t<div class=\"e-con-inner\">\n\t\t\t\t<div class=\"elementor-element elementor-element-1afc668 elementor-widget elementor-widget-text-editor\" data-id=\"1afc668\" data-element_type=\"widget\" data-e-type=\"widget\" data-widget_type=\"text-editor.default\">\n\t\t\t\t\t\t\t\t\t<iframe width=\"560\" height=\"315\" src=\"https:\/\/www.youtube.com\/embed\/WYc57XMM6Ik?si=F9OtrQy0_fLVo0Wu\" title=\"YouTube video player\" frameborder=\"0\" allow=\"accelerometer; autoplay; clipboard-write; encrypted-media; gyroscope; picture-in-picture; web-share\" referrerpolicy=\"strict-origin-when-cross-origin\" allowfullscreen><\/iframe>\t\t\t\t\t\t\t\t<\/div>\n\t\t\t\t\t<\/div>\n\t\t\t\t<\/div>\n\t\t<div data-particle_enable=\"false\" data-particle-mobile-disabled=\"false\" class=\"elementor-element elementor-element-817d864 e-flex e-con-boxed e-con e-parent\" data-id=\"817d864\" data-element_type=\"container\" data-e-type=\"container\">\n\t\t\t\t\t<div class=\"e-con-inner\">\n\t\t\t\t<div class=\"elementor-element elementor-element-98f13bd elementor-widget elementor-widget-heading\" data-id=\"98f13bd\" data-element_type=\"widget\" data-e-type=\"widget\" data-widget_type=\"heading.default\">\n\t\t\t\t\t<h2 class=\"elementor-heading-title elementor-size-default\">Quiz\u00e1 tambi\u00e9n te podr\u00eda interesar<\/h2>\t\t\t\t<\/div>\n\t\t\t\t\t<\/div>\n\t\t\t\t<\/div>\n\t\t<div data-particle_enable=\"false\" data-particle-mobile-disabled=\"false\" class=\"elementor-element elementor-element-28d9d66 e-flex e-con-boxed e-con e-parent\" data-id=\"28d9d66\" data-element_type=\"container\" data-e-type=\"container\">\n\t\t\t\t\t<div class=\"e-con-inner\">\n\t\t\t\t<div class=\"elementor-element elementor-element-a4e3f38 elementor-grid-eael-col-3 elementor-grid-tablet-eael-col-2 elementor-grid-mobile-eael-col-1 elementor-widget elementor-widget-eael-post-grid\" data-id=\"a4e3f38\" data-element_type=\"widget\" data-e-type=\"widget\" data-settings=\"{&quot;eael_post_grid_columns&quot;:&quot;eael-col-3&quot;,&quot;eael_post_grid_columns_tablet&quot;:&quot;eael-col-2&quot;,&quot;eael_post_grid_columns_mobile&quot;:&quot;eael-col-1&quot;}\" data-widget_type=\"eael-post-grid.default\">\n\t\t\t\t\t<div id=\"eael-post-grid-a4e3f38\" class=\"eael-post-grid-container\">\n            <div class=\"eael-post-grid eael-post-appender eael-post-appender-a4e3f38 eael-post-grid-style-one\" data-layout-mode=\"masonry\"><article class=\"eael-grid-post  eael-post-grid-column eael-pg-post-38855 category-guate-nuestra\" data-id=\"38855\">\n        <div class=\"eael-grid-post-holder\">\n            <div class=\"eael-grid-post-holder-inner\"><div class=\"eael-entry-media\"><div class=\"eael-entry-overlay fade-in\"><i class=\"far fa-hand-pointer\" aria-hidden=\"true\"><\/i><a href=\"https:\/\/soymigrante.com\/revista\/santa-maria-de-jesus-al-pie-del-volcan-de-agua-o-hunahpu\/\"><\/a><\/div><div class=\"eael-entry-thumbnail eael-image-ratio\">\n                <img decoding=\"async\" width=\"459\" height=\"459\" src=\"https:\/\/soymigrante.com\/revista\/wp-content\/uploads\/2025\/07\/Santa-maria-de-jesus-4-e1752080652762.webp\" class=\"attachment-large size-large wp-image-38856\" alt=\"Paisaje urbano y monta\u00f1as en una vista a\u00e9rea del pueblo en un entorno rural y natural en M\u00e9xico.\" srcset=\"https:\/\/soymigrante.com\/revista\/wp-content\/uploads\/2025\/07\/Santa-maria-de-jesus-4-e1752080652762.webp 459w, https:\/\/soymigrante.com\/revista\/wp-content\/uploads\/2025\/07\/Santa-maria-de-jesus-4-e1752080652762-300x300.jpg 300w, https:\/\/soymigrante.com\/revista\/wp-content\/uploads\/2025\/07\/Santa-maria-de-jesus-4-e1752080652762-150x150.jpg 150w, https:\/\/soymigrante.com\/revista\/wp-content\/uploads\/2025\/07\/Santa-maria-de-jesus-4-e1752080652762-75x75.webp 75w\" sizes=\"(max-width: 459px) 100vw, 459px\" \/>\n            <\/div>\n        <\/div><div class=\"eael-entry-wrapper\"><header class=\"eael-entry-header\"><h2 class=\"eael-entry-title\"><a class=\"eael-grid-post-link\" href=\"https:\/\/soymigrante.com\/revista\/santa-maria-de-jesus-al-pie-del-volcan-de-agua-o-hunahpu\/\" title=\"Santa Mar\u00eda de Jes\u00fas, al pie del Volc\u00e1n de Agua o Hunahp\u00fa\">Santa Mar\u00eda de Jes\u00fas, al pie del Volc\u00e1n de Agua o Hunahp\u00fa<\/a><\/h2><\/header><div class=\"eael-entry-content\">\n                        <div class=\"eael-grid-post-excerpt\"><a href=\"https:\/\/soymigrante.com\/revista\/santa-maria-de-jesus-al-pie-del-volcan-de-agua-o-hunahpu\/\" class=\"eael-post-elements-readmore-btn\">CONOCE SU HISTORIA <\/a><\/div>\n                    <\/div><\/div><\/div>\n        <\/div>\n    <\/article><article class=\"eael-grid-post  eael-post-grid-column eael-pg-post-10958 category-guate-nuestra\" data-id=\"10958\">\n        <div class=\"eael-grid-post-holder\">\n            <div class=\"eael-grid-post-holder-inner\"><div class=\"eael-entry-media\"><div class=\"eael-entry-overlay fade-in\"><i class=\"far fa-hand-pointer\" aria-hidden=\"true\"><\/i><a href=\"https:\/\/soymigrante.com\/revista\/fiambre-guatemalteco-gigante-se-preparara-en-los-angeles\/\"><\/a><\/div><div class=\"eael-entry-thumbnail eael-image-ratio\">\n                <img decoding=\"async\" width=\"760\" height=\"760\" src=\"https:\/\/soymigrante.com\/revista\/wp-content\/uploads\/2024\/11\/fiambre-gigante-los-angeles-2.webp\" class=\"attachment-large size-large wp-image-11799\" alt=\"Verduras y ingredientes frescos en una feria gastron\u00f3mica mexicana celebrada por la comunidad migrante.\" srcset=\"https:\/\/soymigrante.com\/revista\/wp-content\/uploads\/2024\/11\/fiambre-gigante-los-angeles-2.webp 760w, https:\/\/soymigrante.com\/revista\/wp-content\/uploads\/2024\/11\/fiambre-gigante-los-angeles-2-300x300.webp 300w, https:\/\/soymigrante.com\/revista\/wp-content\/uploads\/2024\/11\/fiambre-gigante-los-angeles-2-150x150.webp 150w, https:\/\/soymigrante.com\/revista\/wp-content\/uploads\/2024\/11\/fiambre-gigante-los-angeles-2-75x75.webp 75w, https:\/\/soymigrante.com\/revista\/wp-content\/uploads\/2024\/11\/fiambre-gigante-los-angeles-2-750x750.webp 750w\" sizes=\"(max-width: 760px) 100vw, 760px\" \/>\n            <\/div>\n        <\/div><div class=\"eael-entry-wrapper\"><header class=\"eael-entry-header\"><h2 class=\"eael-entry-title\"><a class=\"eael-grid-post-link\" href=\"https:\/\/soymigrante.com\/revista\/fiambre-guatemalteco-gigante-se-preparara-en-los-angeles\/\" title=\"As\u00ed se disfrut\u00f3 el Fiambre Gigante Guatemalteco 2024 en Los Angeles\">As\u00ed se disfrut\u00f3 el Fiambre Gigante Guatemalteco 2024 en Los Angeles<\/a><\/h2><\/header><div class=\"eael-entry-content\">\n                        <div class=\"eael-grid-post-excerpt\"><a href=\"https:\/\/soymigrante.com\/revista\/fiambre-guatemalteco-gigante-se-preparara-en-los-angeles\/\" class=\"eael-post-elements-readmore-btn\">CONOCE SU HISTORIA <\/a><\/div>\n                    <\/div><\/div><\/div>\n        <\/div>\n    <\/article><article class=\"eael-grid-post  eael-post-grid-column eael-pg-post-8938 category-pueblos-de-guatemala\" data-id=\"8938\">\n        <div class=\"eael-grid-post-holder\">\n            <div class=\"eael-grid-post-holder-inner\"><div class=\"eael-entry-media\"><div class=\"eael-entry-overlay fade-in\"><i class=\"far fa-hand-pointer\" aria-hidden=\"true\"><\/i><a href=\"https:\/\/soymigrante.com\/revista\/el-pueblo-mam-brilla-crece-y-se-expresa-fiel-a-sus-raices-de-identidad\/\"><\/a><\/div><div class=\"eael-entry-thumbnail eael-image-ratio\">\n                <img loading=\"lazy\" decoding=\"async\" width=\"1024\" height=\"1024\" src=\"https:\/\/soymigrante.com\/revista\/wp-content\/uploads\/2024\/09\/mam-1-1024x1024.webp\" class=\"attachment-large size-large wp-image-8942\" alt=\"Colorida mujer ind\u00edgena con traje tradicional en la monta\u00f1a, resaltando la cultura migrante y la diversidad en Am\u00e9rica Latina.\" srcset=\"https:\/\/soymigrante.com\/revista\/wp-content\/uploads\/2024\/09\/mam-1-1024x1024.webp 1024w, https:\/\/soymigrante.com\/revista\/wp-content\/uploads\/2024\/09\/mam-1-300x300.webp 300w, https:\/\/soymigrante.com\/revista\/wp-content\/uploads\/2024\/09\/mam-1-150x150.webp 150w, https:\/\/soymigrante.com\/revista\/wp-content\/uploads\/2024\/09\/mam-1-768x768.webp 768w, https:\/\/soymigrante.com\/revista\/wp-content\/uploads\/2024\/09\/mam-1-1536x1536.webp 1536w, https:\/\/soymigrante.com\/revista\/wp-content\/uploads\/2024\/09\/mam-1-scaled.webp 1920w, https:\/\/soymigrante.com\/revista\/wp-content\/uploads\/2024\/09\/mam-1-75x75.webp 75w, https:\/\/soymigrante.com\/revista\/wp-content\/uploads\/2024\/09\/mam-1-750x750.webp 750w, https:\/\/soymigrante.com\/revista\/wp-content\/uploads\/2024\/09\/mam-1-1140x1140.webp 1140w\" sizes=\"(max-width: 1024px) 100vw, 1024px\" \/>\n            <\/div>\n        <\/div><div class=\"eael-entry-wrapper\"><header class=\"eael-entry-header\"><h2 class=\"eael-entry-title\"><a class=\"eael-grid-post-link\" href=\"https:\/\/soymigrante.com\/revista\/el-pueblo-mam-brilla-crece-y-se-expresa-fiel-a-sus-raices-de-identidad\/\" title=\"El pueblo Mam trabaja, crece y vive fiel a sus ra\u00edces de identidad\">El pueblo Mam trabaja, crece y vive fiel a sus ra\u00edces de identidad<\/a><\/h2><\/header><div class=\"eael-entry-content\">\n                        <div class=\"eael-grid-post-excerpt\"><a href=\"https:\/\/soymigrante.com\/revista\/el-pueblo-mam-brilla-crece-y-se-expresa-fiel-a-sus-raices-de-identidad\/\" class=\"eael-post-elements-readmore-btn\">CONOCE SU HISTORIA <\/a><\/div>\n                    <\/div><\/div><\/div>\n        <\/div>\n    <\/article><\/div>\n            <div class=\"clearfix\"><\/div>\n        <\/div>            <div class=\"eael-load-more-button-wrap eael-force-hide\">\n                <button class=\"eael-load-more-button\" id=\"eael-load-more-btn-a4e3f38\" data-widget-id=\"a4e3f38\" data-widget=\"a4e3f38\" data-page-id=\"55368\" data-template=\"{&quot;dir&quot;:&quot;lite&quot;,&quot;file_name&quot;:&quot;one.php&quot;,&quot;name&quot;:&quot;Post-Grid&quot;}\" data-class=\"Essential_Addons_Elementor\\Elements\\Post_Grid\" data-layout=\"masonry\" data-page=\"1\" data-args=\"orderby=rand&amp;order=desc&amp;ignore_sticky_posts=1&amp;post_status=publish&amp;posts_per_page=3&amp;offset=0&amp;post_type=post&amp;tax_query%5B0%5D%5Btaxonomy%5D=category&amp;tax_query%5B0%5D%5Bfield%5D=term_id&amp;tax_query%5B0%5D%5Bterms%5D%5B0%5D=58&amp;tax_query%5Brelation%5D=AND\" data-max-page=\"288\">\n                    <span class=\"eael-btn-loader button__loader\"><\/span>\n                    <span class=\"eael_load_more_text\">Load More<\/span>\n                <\/button>\n            <\/div>\n            \t\t\t\t<\/div>\n\t\t\t\t\t<\/div>\n\t\t\t\t<\/div>\n\t\t\t\t<\/div>\n\t\t","protected":false},"excerpt":{"rendered":"<p>Empresario digital guatemalteco y fundador de la plataforma D\u00faolingo, as\u00ed como creador de los conceptos de captcha y recaptcha, Luis von Ahn figura en lista 33 Global Changemakers de National Geographic, por sus aportes e innovaci\u00f3n. El guatemalteco Luis von Ahn, empresario digital creador de Duolingo, fue incluido en la lista \u201cNational Geographic 33\u201d, que [&hellip;]<\/p>\n","protected":false},"author":1,"featured_media":55369,"comment_status":"open","ping_status":"open","sticky":false,"template":"","format":"standard","meta":{"_acf_changed":false,"_eb_attr":"","footnotes":""},"categories":[50,274],"tags":[],"class_list":["post-55368","post","type-post","status-publish","format-standard","has-post-thumbnail","hentry","category-exitos","category-guatemala"],"acf":[],"aioseo_notices":[],"aioseo_head":"\n\t\t<!-- All in One SEO Pro 4.9.6.2 - aioseo.com -->\n\t<meta name=\"description\" content=\"Su capital prehisp\u00e1nica fue Xinabajul y lo sigue siendo. El se\u00f1or\u00edo Mam se extiende por municipios de tres departamentos y m\u00e1s all\u00e1 de las fronteras guatemaltecas.\" \/>\n\t<meta name=\"robots\" content=\"max-snippet:-1, max-image-preview:large, max-video-preview:-1\" \/>\n\t<meta name=\"author\" content=\"Edwin Castro\"\/>\n\t<link rel=\"canonical\" href=\"https:\/\/soymigrante.com\/revista\/el-pueblo-mam-brilla-crece-y-se-expresa-fiel-a-sus-raices-de-identidad\/\" \/>\n\t<meta name=\"generator\" content=\"All in One SEO Pro (AIOSEO) 4.9.6.2\" \/>\n\n\t\t<link rel=\"preconnect\" href=\"https:\/\/fonts.googleapis.com\" crossorigin>\n<link rel=\"preconnect\" href=\"https:\/\/fonts.gstatic.com\" crossorigin>\n\t\t<meta property=\"og:locale\" content=\"es_ES\" \/>\n\t\t<meta property=\"og:site_name\" content=\"SoyMigrante.com REVISTA \u2013 Nuestra misi\u00f3n es reconocer y dignificar al migrante.\" \/>\n\t\t<meta property=\"og:type\" content=\"article\" \/>\n\t\t<meta property=\"og:title\" content=\"El pueblo Mam se mantiene fiel a sus ra\u00edces de identidad\" \/>\n\t\t<meta property=\"og:description\" content=\"Su capital prehisp\u00e1nica fue Xinabajul y lo sigue siendo. El se\u00f1or\u00edo Mam se extiende por municipios de tres departamentos y m\u00e1s all\u00e1 de las fronteras guatemaltecas.\" \/>\n\t\t<meta property=\"og:url\" content=\"https:\/\/soymigrante.com\/revista\/el-pueblo-mam-brilla-crece-y-se-expresa-fiel-a-sus-raices-de-identidad\/\" \/>\n\t\t<meta property=\"og:image\" content=\"https:\/\/soymigrante.com\/revista\/wp-content\/uploads\/2024\/09\/mam-1-scaled.webp\" \/>\n\t\t<meta property=\"og:image:secure_url\" content=\"https:\/\/soymigrante.com\/revista\/wp-content\/uploads\/2024\/09\/mam-1-scaled.webp\" \/>\n\t\t<meta property=\"og:image:width\" content=\"1920\" \/>\n\t\t<meta property=\"og:image:height\" content=\"1920\" \/>\n\t\t<meta property=\"article:published_time\" content=\"2024-09-20T17:16:41+00:00\" \/>\n\t\t<meta property=\"article:modified_time\" content=\"2024-10-02T20:38:27+00:00\" \/>\n\t\t<meta property=\"article:publisher\" content=\"https:\/\/www.facebook.com\/soymigrantecom\" \/>\n\t\t<meta name=\"twitter:card\" content=\"summary_large_image\" \/>\n\t\t<meta name=\"twitter:site\" content=\"@SoyMigrante_com\" \/>\n\t\t<meta name=\"twitter:title\" content=\"El pueblo Mam se mantiene fiel a sus ra\u00edces de identidad\" \/>\n\t\t<meta name=\"twitter:description\" content=\"Su capital prehisp\u00e1nica fue Xinabajul y lo sigue siendo. El se\u00f1or\u00edo Mam se extiende por municipios de tres departamentos y m\u00e1s all\u00e1 de las fronteras guatemaltecas.\" \/>\n\t\t<meta name=\"twitter:creator\" content=\"@SoyMigrante_com\" \/>\n\t\t<meta name=\"twitter:image\" content=\"https:\/\/soymigrante.com\/revista\/wp-content\/uploads\/2024\/09\/mam-1-scaled.webp\" \/>\n\t\t<!-- All in One SEO Pro -->\r\n\t\t<title>El pueblo Mam se mantiene fiel a sus ra\u00edces de identidad<\/title>\n\n","aioseo_head_json":{"title":"El pueblo Mam se mantiene fiel a sus ra\u00edces de identidad","description":"Su capital prehisp\u00e1nica fue Xinabajul y lo sigue siendo. El se\u00f1or\u00edo Mam se extiende por municipios de tres departamentos y m\u00e1s all\u00e1 de las fronteras guatemaltecas.","canonical_url":"https:\/\/soymigrante.com\/revista\/el-pueblo-mam-brilla-crece-y-se-expresa-fiel-a-sus-raices-de-identidad\/","robots":"max-snippet:-1, max-image-preview:large, max-video-preview:-1","keywords":"","webmasterTools":{"miscellaneous":"&lt;link rel=\"preconnect\" href=\"https:\/\/fonts.googleapis.com\" crossorigin&gt;\n&lt;link rel=\"preconnect\" href=\"https:\/\/fonts.gstatic.com\" crossorigin&gt;"},"schema":null,"og:locale":"es_ES","og:site_name":"SoyMigrante.com REVISTA \u2013 Nuestra misi\u00f3n es reconocer y dignificar al migrante.","og:type":"article","og:title":"El pueblo Mam se mantiene fiel a sus ra\u00edces de identidad","og:description":"Su capital prehisp\u00e1nica fue Xinabajul y lo sigue siendo. El se\u00f1or\u00edo Mam se extiende por municipios de tres departamentos y m\u00e1s all\u00e1 de las fronteras guatemaltecas.","og:url":"https:\/\/soymigrante.com\/revista\/el-pueblo-mam-brilla-crece-y-se-expresa-fiel-a-sus-raices-de-identidad\/","og:image":"https:\/\/soymigrante.com\/revista\/wp-content\/uploads\/2024\/09\/mam-1-scaled.webp","og:image:secure_url":"https:\/\/soymigrante.com\/revista\/wp-content\/uploads\/2024\/09\/mam-1-scaled.webp","og:image:width":1920,"og:image:height":1920,"article:published_time":"2024-09-20T17:16:41+00:00","article:modified_time":"2024-10-02T20:38:27+00:00","article:publisher":"https:\/\/www.facebook.com\/soymigrantecom","twitter:card":"summary_large_image","twitter:site":"@SoyMigrante_com","twitter:title":"El pueblo Mam se mantiene fiel a sus ra\u00edces de identidad","twitter:description":"Su capital prehisp\u00e1nica fue Xinabajul y lo sigue siendo. El se\u00f1or\u00edo Mam se extiende por municipios de tres departamentos y m\u00e1s all\u00e1 de las fronteras guatemaltecas.","twitter:creator":"@SoyMigrante_com","twitter:image":"https:\/\/soymigrante.com\/revista\/wp-content\/uploads\/2024\/09\/mam-1-scaled.webp"},"aioseo_meta_data":{"post_id":"55368","title":"\u00bfC\u00f3mo lleg\u00f3 Luis von Ahn a la lista 33 de National Geographic?","description":"Luis von Ahn, creador de Duolingo, fue incluido en National Geographic 33 por su impacto global en la educaci\u00f3n de migrantes y refugiados. Conoce su historia.","keywords":null,"keyphrases":{"focus":{"keyphrase":"National Geographic","score":78,"analysis":{"keyphraseInTitle":{"score":9,"maxScore":9,"error":0},"keyphraseInDescription":{"score":9,"maxScore":9,"error":0},"keyphraseLength":{"score":9,"maxScore":9,"error":0,"length":2},"keyphraseInURL":{"score":5,"maxScore":5,"error":0},"keyphraseInIntroduction":{"score":9,"maxScore":9,"error":0},"keyphraseInSubHeadings":{"score":3,"maxScore":9,"error":1},"keyphraseInImageAlt":{"score":9,"maxScore":9,"error":0},"keywordDensity":{"score":0,"type":"low","maxScore":9,"error":1}}},"additional":[{"keyphrase":"Guatemalteco","score":87,"analysis":{"keyphraseInDescription":{"score":3,"maxScore":9,"error":1},"keyphraseLength":{"score":9,"maxScore":9,"error":0,"length":1},"keyphraseInIntroduction":{"score":9,"maxScore":9,"error":0},"keyphraseInImageAlt":{"score":9,"maxScore":9,"error":0},"keywordDensity":{"type":"best","score":9,"maxScore":9,"error":0}}},{"keyphrase":"Luis Von Ahn","score":100,"analysis":{"keyphraseInDescription":{"score":9,"maxScore":9,"error":0},"keyphraseLength":{"score":9,"maxScore":9,"error":0,"length":3},"keyphraseInIntroduction":{"score":9,"maxScore":9,"error":0},"keyphraseInImageAlt":{"score":9,"maxScore":9,"error":0},"keywordDensity":{"type":"best","score":9,"maxScore":9,"error":0}}}]},"primary_term":null,"canonical_url":null,"og_title":null,"og_description":null,"og_object_type":"default","og_image_type":"default","og_image_url":null,"og_image_width":null,"og_image_height":null,"og_image_custom_url":null,"og_image_custom_fields":null,"og_video":"","og_custom_url":null,"og_article_section":null,"og_article_tags":null,"twitter_use_og":false,"twitter_card":"default","twitter_image_type":"default","twitter_image_url":null,"twitter_image_custom_url":null,"twitter_image_custom_fields":null,"twitter_title":null,"twitter_description":null,"schema":{"blockGraphs":[],"customGraphs":[],"default":{"data":{"Article":[],"Course":[],"Dataset":[],"FAQPage":[],"Movie":[],"Person":[],"Product":[],"ProductReview":[],"Car":[],"Recipe":[],"Service":[],"SoftwareApplication":[],"WebPage":[]},"graphName":"NewsArticle","isEnabled":true},"graphs":[]},"schema_type":"default","schema_type_options":null,"pillar_content":false,"robots_default":true,"robots_noindex":false,"robots_noarchive":false,"robots_nosnippet":false,"robots_nofollow":false,"robots_noimageindex":false,"robots_noodp":false,"robots_notranslate":false,"robots_max_snippet":"-1","robots_max_videopreview":"-1","robots_max_imagepreview":"large","priority":null,"frequency":"default","local_seo":null,"seo_analyzer_scan_date":null,"breadcrumb_settings":null,"limit_modified_date":false,"reviewed_by":"0","open_ai":null,"ai":{"faqs":[],"keyPoints":[],"schemas":[],"titles":[],"descriptions":[],"socialPosts":{"email":[],"linkedin":[],"twitter":[],"facebook":[],"instagram":[]}},"created":"2026-04-23 14:10:43","updated":"2026-04-23 15:51:08"},"aioseo_breadcrumb":"<div class=\"aioseo-breadcrumbs\"><span class=\"aioseo-breadcrumb\">\n\t<a href=\"https:\/\/soymigrante.com\/revista\" title=\"Home\">Home<\/a>\n<\/span><span class=\"aioseo-breadcrumb-separator\">\u00bb<\/span><span class=\"aioseo-breadcrumb\">\n\t<a href=\"https:\/\/soymigrante.com\/revista\/category\/exitos\/\" title=\"\u00c9xitos\">\u00c9xitos<\/a>\n<\/span><span class=\"aioseo-breadcrumb-separator\">\u00bb<\/span><span class=\"aioseo-breadcrumb\">\n\t<a href=\"https:\/\/soymigrante.com\/revista\/category\/exitos\/guatemala\/\" title=\"Guatemala\">Guatemala<\/a>\n<\/span><span class=\"aioseo-breadcrumb-separator\">\u00bb<\/span><span class=\"aioseo-breadcrumb\">\n\t\u00bfC\u00f3mo lleg\u00f3 el  guatemalteco Luis von Ahn a la lista Global 33 de L\u00edderes Innovadores de National Geographic?\n<\/span><\/div>","aioseo_breadcrumb_json":[{"label":"Home","link":"https:\/\/soymigrante.com\/revista"},{"label":"\u00c9xitos","link":"https:\/\/soymigrante.com\/revista\/category\/exitos\/"},{"label":"Guatemala","link":"https:\/\/soymigrante.com\/revista\/category\/exitos\/guatemala\/"},{"label":"\u00bfC\u00f3mo lleg\u00f3 el  guatemalteco Luis von Ahn a la lista Global 33 de L\u00edderes Innovadores de National Geographic?","link":"https:\/\/soymigrante.com\/revista\/luis-von-ahn-national-geographic-33-guatemalteco-duolingo\/"}],"_links":{"self":[{"href":"https:\/\/soymigrante.com\/revista\/wp-json\/wp\/v2\/posts\/55368","targetHints":{"allow":["GET"]}}],"collection":[{"href":"https:\/\/soymigrante.com\/revista\/wp-json\/wp\/v2\/posts"}],"about":[{"href":"https:\/\/soymigrante.com\/revista\/wp-json\/wp\/v2\/types\/post"}],"author":[{"embeddable":true,"href":"https:\/\/soymigrante.com\/revista\/wp-json\/wp\/v2\/users\/1"}],"replies":[{"embeddable":true,"href":"https:\/\/soymigrante.com\/revista\/wp-json\/wp\/v2\/comments?post=55368"}],"version-history":[{"count":13,"href":"https:\/\/soymigrante.com\/revista\/wp-json\/wp\/v2\/posts\/55368\/revisions"}],"predecessor-version":[{"id":55393,"href":"https:\/\/soymigrante.com\/revista\/wp-json\/wp\/v2\/posts\/55368\/revisions\/55393"}],"wp:featuredmedia":[{"embeddable":true,"href":"https:\/\/soymigrante.com\/revista\/wp-json\/wp\/v2\/media\/55369"}],"wp:attachment":[{"href":"https:\/\/soymigrante.com\/revista\/wp-json\/wp\/v2\/media?parent=55368"}],"wp:term":[{"taxonomy":"category","embeddable":true,"href":"https:\/\/soymigrante.com\/revista\/wp-json\/wp\/v2\/categories?post=55368"},{"taxonomy":"post_tag","embeddable":true,"href":"https:\/\/soymigrante.com\/revista\/wp-json\/wp\/v2\/tags?post=55368"}],"curies":[{"name":"wp","href":"https:\/\/api.w.org\/{rel}","templated":true}]}}