{"id":55356,"date":"2026-04-22T16:25:40","date_gmt":"2026-04-22T22:25:40","guid":{"rendered":"https:\/\/soymigrante.com\/revista\/?p=55356"},"modified":"2026-04-22T16:30:06","modified_gmt":"2026-04-22T22:30:06","slug":"migrante-salvadorena-claudia-meneses-empresaria-las-vegas-salvadorenos-en-estados-unidos","status":"publish","type":"post","link":"https:\/\/soymigrante.com\/revista\/migrante-salvadorena-claudia-meneses-empresaria-las-vegas-salvadorenos-en-estados-unidos\/","title":{"rendered":"La migrante salvadore\u00f1a Claudia Meneses convirti\u00f3 la limpieza de casas en apuesta ganadora en Las Vegas"},"content":{"rendered":"\t\t<div data-elementor-type=\"wp-post\" data-elementor-id=\"55356\" class=\"elementor elementor-55356\" data-elementor-post-type=\"post\">\n\t\t\t\t<div data-particle_enable=\"false\" data-particle-mobile-disabled=\"false\" class=\"elementor-element elementor-element-a45cc69 e-flex e-con-boxed e-con e-parent\" data-id=\"a45cc69\" data-element_type=\"container\" data-e-type=\"container\">\n\t\t\t\t\t<div class=\"e-con-inner\">\n\t\t\t\t<div class=\"elementor-element elementor-element-778f952 elementor-widget elementor-widget-heading\" data-id=\"778f952\" data-element_type=\"widget\" data-e-type=\"widget\" data-widget_type=\"heading.default\">\n\t\t\t\t\t<h3 class=\"elementor-heading-title elementor-size-default\">La compa\u00f1\u00eda de limpieza fundada por la migrante salvadore\u00f1a Claudia Meneses forma parte de la C\u00e1mara de Comercio de Las Vegas y ha recibido varios reconocimientos por su excelencia: una prueba m\u00e1s del aporte de los migrantes en USA.<\/h3>\t\t\t\t<\/div>\n\t\t\t\t\t<\/div>\n\t\t\t\t<\/div>\n\t\t<div data-particle_enable=\"false\" data-particle-mobile-disabled=\"false\" class=\"elementor-element elementor-element-ee2fa1d e-flex e-con-boxed e-con e-parent\" data-id=\"ee2fa1d\" data-element_type=\"container\" data-e-type=\"container\">\n\t\t\t\t\t<div class=\"e-con-inner\">\n\t\t\t\t<div class=\"elementor-element elementor-element-ffcb596 elementor-widget elementor-widget-text-editor\" data-id=\"ffcb596\" data-element_type=\"widget\" data-e-type=\"widget\" data-widget_type=\"text-editor.default\">\n\t\t\t\t\t\t\t\t\t<p>La historia de Claudia Meneses comienza con una decisi\u00f3n que comparten millones de personas: migrar en busca de oportunidades. Originaria de <a href=\"https:\/\/soymigrante.com\/revista\/category\/exitos\/el-salvador\/\">El Salvador,<\/a> lleg\u00f3 a Estados Unidos en 2004 con una meta clara: aprender ingl\u00e9s, mejorar sus habilidades y construir un futuro m\u00e1s estable.<\/p><p>Su primer empleo fue como ni\u00f1era en <a href=\"https:\/\/es.wikipedia.org\/wiki\/Las_Vegas\" target=\"_blank\" rel=\"noopener\">Las Vegas<\/a><span style=\"color: #7a7a7a;\">, donde encontr\u00f3 una oportunidad inesperada<a href=\"https:\/\/soymigrante.com\/revista\/migrante-idioma-ingles-aprendizaje-claves-reto-oportunidad\/\"> para aprender el idioma<\/a>\u00a0ingl\u00e9s. Fueron los propios ni\u00f1os a su cuidado quienes la ayudaron a desarrollar sus habilidades en ingl\u00e9s, mientras ella observaba y comenzaba a imaginar un camino propio.<\/span><\/p><p>Como <a href=\"https:\/\/soymigrante.com\/revista\/historia-de-migrante-arminda-housecleaning-exito-california\/\">muchas mujeres migrantes en Estados Unidos, incursion\u00f3 en el sector de la limpieza<\/a>, un rubro exigente y muchas veces precarizado. Sin embargo, Meneses no se limit\u00f3 a trabajar en \u00e9l: decidi\u00f3 transformarlo.<\/p>\t\t\t\t\t\t\t\t<\/div>\n\t\t\t\t\t<\/div>\n\t\t\t\t<\/div>\n\t\t<div data-particle_enable=\"false\" data-particle-mobile-disabled=\"false\" class=\"elementor-element elementor-element-4ecb448 e-flex e-con-boxed e-con e-parent\" data-id=\"4ecb448\" data-element_type=\"container\" data-e-type=\"container\">\n\t\t\t\t\t<div class=\"e-con-inner\">\n\t\t\t\t<div class=\"elementor-element elementor-element-7bbfbcd elementor-widget elementor-widget-image\" data-id=\"7bbfbcd\" data-element_type=\"widget\" data-e-type=\"widget\" data-widget_type=\"image.default\">\n\t\t\t\t\t\t\t\t\t\t\t\t<figure class=\"wp-caption\">\n\t\t\t\t\t\t\t\t\t\t<img fetchpriority=\"high\" decoding=\"async\" width=\"768\" height=\"768\" src=\"https:\/\/soymigrante.com\/revista\/wp-content\/uploads\/2026\/04\/claudia-meneses-1024x1024.jpg\" class=\"attachment-large size-large wp-image-55363\" alt=\"A trav\u00e9s de una visi\u00f3n de servicio y sostenibilidad, Claudia Meneses, migrante y emprendedora salvadore\u00f1a, ha convertido su compa\u00f1\u00eda en un modelo de \u00e9xito.\" srcset=\"https:\/\/soymigrante.com\/revista\/wp-content\/uploads\/2026\/04\/claudia-meneses-1024x1024.jpg 1024w, https:\/\/soymigrante.com\/revista\/wp-content\/uploads\/2026\/04\/claudia-meneses-300x300.jpg 300w, https:\/\/soymigrante.com\/revista\/wp-content\/uploads\/2026\/04\/claudia-meneses-150x150.jpg 150w, https:\/\/soymigrante.com\/revista\/wp-content\/uploads\/2026\/04\/claudia-meneses-768x768.jpg 768w, https:\/\/soymigrante.com\/revista\/wp-content\/uploads\/2026\/04\/claudia-meneses-75x75.jpg 75w, https:\/\/soymigrante.com\/revista\/wp-content\/uploads\/2026\/04\/claudia-meneses-750x750.jpg 750w, https:\/\/soymigrante.com\/revista\/wp-content\/uploads\/2026\/04\/claudia-meneses.jpg 1080w\" sizes=\"(max-width: 768px) 100vw, 768px\" title=\"A trav\u00e9s de una visi\u00f3n de servicio y sostenibilidad, Claudia Meneses, migrante y emprendedora salvadore\u00f1a, ha convertido su compa\u00f1\u00eda en un modelo de \u00e9xito. \u2013 SoyMigrante.com REVISTA\" \/>\t\t\t\t\t\t\t\t\t\t\t<figcaption class=\"widget-image-caption wp-caption-text\">A trav\u00e9s de una visi\u00f3n de servicio y sostenibilidad, Claudia Meneses, migrante y emprendedora salvadore\u00f1a, ha convertido su compa\u00f1\u00eda en un modelo de \u00e9xito.<\/figcaption>\n\t\t\t\t\t\t\t\t\t\t<\/figure>\n\t\t\t\t\t\t\t\t\t<\/div>\n\t\t\t\t\t<\/div>\n\t\t\t\t<\/div>\n\t\t<div data-particle_enable=\"false\" data-particle-mobile-disabled=\"false\" class=\"elementor-element elementor-element-07fbcbc e-flex e-con-boxed e-con e-parent\" data-id=\"07fbcbc\" data-element_type=\"container\" data-e-type=\"container\">\n\t\t\t\t\t<div class=\"e-con-inner\">\n\t\t\t\t<div class=\"elementor-element elementor-element-8cb7266 elementor-widget elementor-widget-text-editor\" data-id=\"8cb7266\" data-element_type=\"widget\" data-e-type=\"widget\" data-widget_type=\"text-editor.default\">\n\t\t\t\t\t\t\t\t\t<p><span style=\"color: #000000; font-family: Mulish, sans-serif; font-size: 29px; font-weight: bold;\">El nacimiento de Avanti Green Eco Cleaning<\/span><\/p><p>En 2011 fund\u00f3 <strong>Avanti Green Eco Cleaning<\/strong>, una empresa que desde sus inicios apost\u00f3 por diferenciarse mediante servicios personalizados y un enfoque ecol\u00f3gico. La compa\u00f1\u00eda opera en Las Vegas y <a href=\"https:\/\/es.wikipedia.org\/wiki\/Henderson_(Nevada)\" target=\"_blank\" rel=\"noopener\">Henderson, Nevada<\/a>, ofreciendo limpieza residencial, comercial y servicios especializados como alfombras, ventanas, lavado a presi\u00f3n y mantenimiento de superficies.<\/p><p>El uso de productos sostenibles y pr\u00e1cticas responsables con el medio ambiente se convirti\u00f3 en uno de los pilares de su propuesta de valor, en una industria donde este enfoque a\u00fan no es la norma.<\/p>\t\t\t\t\t\t\t\t<\/div>\n\t\t\t\t\t<\/div>\n\t\t\t\t<\/div>\n\t\t<div data-particle_enable=\"false\" data-particle-mobile-disabled=\"false\" class=\"elementor-element elementor-element-ad6ec49 e-flex e-con-boxed e-con e-parent\" data-id=\"ad6ec49\" data-element_type=\"container\" data-e-type=\"container\">\n\t\t\t\t\t<div class=\"e-con-inner\">\n\t\t\t\t<div class=\"elementor-element elementor-element-ddb43b2 elementor-widget elementor-widget-html\" data-id=\"ddb43b2\" data-element_type=\"widget\" data-e-type=\"widget\" data-widget_type=\"html.default\">\n\t\t\t\t\t<iframe width=\"560\" height=\"415\" src=\"https:\/\/www.youtube.com\/embed\/d5YTz8WWXSU?si=duEojpg0pgjfSPjN\" title=\"YouTube video player\" frameborder=\"0\" allow=\"accelerometer; autoplay; clipboard-write; encrypted-media; gyroscope; picture-in-picture; web-share\" referrerpolicy=\"strict-origin-when-cross-origin\" allowfullscreen><\/iframe>\t\t\t\t<\/div>\n\t\t\t\t\t<\/div>\n\t\t\t\t<\/div>\n\t\t<div data-particle_enable=\"false\" data-particle-mobile-disabled=\"false\" class=\"elementor-element elementor-element-d9da19d e-flex e-con-boxed e-con e-parent\" data-id=\"d9da19d\" data-element_type=\"container\" data-e-type=\"container\">\n\t\t\t\t\t<div class=\"e-con-inner\">\n\t\t\t\t<div class=\"elementor-element elementor-element-607e658 elementor-widget elementor-widget-text-editor\" data-id=\"607e658\" data-element_type=\"widget\" data-e-type=\"widget\" data-widget_type=\"text-editor.default\">\n\t\t\t\t\t\t\t\t\t<p><span style=\"color: #000000; font-family: Mulish, sans-serif; font-size: 29px; font-weight: bold;\">Crecimiento empresarial con impacto humano<\/span><\/p><p>Lo que comenz\u00f3 como un peque\u00f1o emprendimiento hoy, junto a su socia, es una empresa que genera empleo para cerca de 50 personas y proyecta ingresos superiores a los 2.6 millones de d\u00f3lares. Pero para Meneses, el \u00e9xito no se mide solo en cifras.<\/p><p>Su empresa ha servido como plataforma de <a href=\"https:\/\/soymigrante.com\/revista\/carla-esquivel-guatemalteca-defiende-la-dignidad-de-las-trabajadoras-de-casa-en-connecticut\/\">crecimiento <\/a>para otras mujeres migrantes que llegan sin hablar ingl\u00e9s o sin recursos b\u00e1sicos, brind\u00e1ndoles oportunidades reales de desarrollo econ\u00f3mico y personal. \u201cPara m\u00ed, ese es el \u00e9xito\u201d, ha afirmado.<\/p><h3>Innovaci\u00f3n y tecnolog\u00eda en un sector tradicional<\/h3><p>Avanti Green Eco Cleaning tambi\u00e9n ha destacado por su capacidad de <a href=\"https:\/\/soymigrante.com\/revista\/un-tejido-de-una-abuela-maya-es-tan-valioso-como-un-software-de-silicon-valley-marcos-antil-en-foro-de-industria-creativa\/\">innovaci\u00f3n<\/a>. En 2025 gan\u00f3 el primer lugar en el <a href=\"https:\/\/aws.amazon.com\/\" target=\"_blank\" rel=\"noopener\">AWS AI Pitch<\/a>, obteniendo $35,000 para desarrollar un sistema de programaci\u00f3n y optimizaci\u00f3n de rutas impulsado por inteligencia artificial.<\/p><p>Este avance permite mejorar la eficiencia operativa, ofrecer disponibilidad en tiempo real y generar nuevas oportunidades de negocio, posicionando a la empresa a la vanguardia dentro de la industria de servicios para el hogar.<\/p>\t\t\t\t\t\t\t\t<\/div>\n\t\t\t\t\t<\/div>\n\t\t\t\t<\/div>\n\t\t<div data-particle_enable=\"false\" data-particle-mobile-disabled=\"false\" class=\"elementor-element elementor-element-c54731b e-flex e-con-boxed e-con e-parent\" data-id=\"c54731b\" data-element_type=\"container\" data-e-type=\"container\">\n\t\t\t\t\t<div class=\"e-con-inner\">\n\t\t\t\t<div class=\"elementor-element elementor-element-e51d073 elementor-widget elementor-widget-image\" data-id=\"e51d073\" data-element_type=\"widget\" data-e-type=\"widget\" data-widget_type=\"image.default\">\n\t\t\t\t\t\t\t\t\t\t\t\t<figure class=\"wp-caption\">\n\t\t\t\t\t\t\t\t\t\t<img decoding=\"async\" width=\"768\" height=\"768\" src=\"https:\/\/soymigrante.com\/revista\/wp-content\/uploads\/2026\/04\/claudia-meneses-migrante-salvadorena-limpieza-las-vegas-1024x1024.jpg\" class=\"attachment-large size-large wp-image-55364\" alt=\"La visi\u00f3n de excelencia y atenci\u00f3n al detalle forma parte de la filosof\u00eda de servicio de Avanti Green y se convirti\u00f3 en clave del \u00e9xito de Claudia Meneses, migrante salvadore\u00f1a quien en sus inicios trabaj\u00f3 como ni\u00f1era.\" srcset=\"https:\/\/soymigrante.com\/revista\/wp-content\/uploads\/2026\/04\/claudia-meneses-migrante-salvadorena-limpieza-las-vegas-1024x1024.jpg 1024w, https:\/\/soymigrante.com\/revista\/wp-content\/uploads\/2026\/04\/claudia-meneses-migrante-salvadorena-limpieza-las-vegas-300x300.jpg 300w, https:\/\/soymigrante.com\/revista\/wp-content\/uploads\/2026\/04\/claudia-meneses-migrante-salvadorena-limpieza-las-vegas-150x150.jpg 150w, https:\/\/soymigrante.com\/revista\/wp-content\/uploads\/2026\/04\/claudia-meneses-migrante-salvadorena-limpieza-las-vegas-768x768.jpg 768w, https:\/\/soymigrante.com\/revista\/wp-content\/uploads\/2026\/04\/claudia-meneses-migrante-salvadorena-limpieza-las-vegas-1536x1536.jpg 1536w, https:\/\/soymigrante.com\/revista\/wp-content\/uploads\/2026\/04\/claudia-meneses-migrante-salvadorena-limpieza-las-vegas-75x75.jpg 75w, https:\/\/soymigrante.com\/revista\/wp-content\/uploads\/2026\/04\/claudia-meneses-migrante-salvadorena-limpieza-las-vegas-750x750.jpg 750w, https:\/\/soymigrante.com\/revista\/wp-content\/uploads\/2026\/04\/claudia-meneses-migrante-salvadorena-limpieza-las-vegas-1140x1140.jpg 1140w, https:\/\/soymigrante.com\/revista\/wp-content\/uploads\/2026\/04\/claudia-meneses-migrante-salvadorena-limpieza-las-vegas.jpg 2048w\" sizes=\"(max-width: 768px) 100vw, 768px\" title=\"La visi\u00f3n de excelencia y atenci\u00f3n al detalle forma parte de la filosof\u00eda de servicio de Avanti Green y se convirti\u00f3 en clave del \u00e9xito de Claudia Meneses, migrante salvadore\u00f1a quien en sus inicios trabaj\u00f3 como ni\u00f1era. \u2013 SoyMigrante.com REVISTA\" \/>\t\t\t\t\t\t\t\t\t\t\t<figcaption class=\"widget-image-caption wp-caption-text\">La visi\u00f3n de excelencia y atenci\u00f3n al detalle forma parte de la filosof\u00eda de servicio de Avanti Green y se convirti\u00f3 en clave del \u00e9xito de Claudia Meneses, migrante salvadore\u00f1a quien en sus inicios trabaj\u00f3 como ni\u00f1era.<\/figcaption>\n\t\t\t\t\t\t\t\t\t\t<\/figure>\n\t\t\t\t\t\t\t\t\t<\/div>\n\t\t\t\t\t<\/div>\n\t\t\t\t<\/div>\n\t\t<div data-particle_enable=\"false\" data-particle-mobile-disabled=\"false\" class=\"elementor-element elementor-element-afc1455 e-flex e-con-boxed e-con e-parent\" data-id=\"afc1455\" data-element_type=\"container\" data-e-type=\"container\">\n\t\t\t\t\t<div class=\"e-con-inner\">\n\t\t\t\t<div class=\"elementor-element elementor-element-26e5800 elementor-widget elementor-widget-text-editor\" data-id=\"26e5800\" data-element_type=\"widget\" data-e-type=\"widget\" data-widget_type=\"text-editor.default\">\n\t\t\t\t\t\t\t\t\t<p><span style=\"color: #000000; font-family: Mulish, sans-serif; font-size: 29px; font-weight: bold;\">Reconocimientos y liderazgo empresarial<\/span><\/p><p>El liderazgo de Meneses ha sido reconocido a nivel nacional. Fue nombrada una de las \u201cMujeres Emprendedoras de Impacto 2025\u201d por la <a href=\"https:\/\/en.wikipedia.org\/wiki\/Women_Presidents_Organization\" target=\"_blank\" rel=\"noopener\">Women Presidents Organization (WPO)<\/a>, en alianza con Women Elevating Women, destacando su capacidad para combinar crecimiento empresarial con impacto social.<\/p><p>Adem\u00e1s, su empresa fue reconocida como Negocio del A\u00f1o 2024 por el <a href=\"https:\/\/en.wikipedia.org\/wiki\/Small_Business_Development_Center\" target=\"_blank\" rel=\"noopener\">Small Business Development Center (SBDC)<\/a>, y ha figurado entre las principales startups en la Startup World Cup Nevada.<\/p><h3>Formaci\u00f3n y visi\u00f3n de futuro<\/h3><p>En su proceso de crecimiento, Meneses tambi\u00e9n ha apostado por la formaci\u00f3n. Fue seleccionada para el programa del <a href=\"https:\/\/lban.us\/\" target=\"_blank\" rel=\"noopener\">Latino Business Action Network (LBAN)<\/a> en <a href=\"https:\/\/es.wikipedia.org\/wiki\/Universidad_de_Stanford\" target=\"_blank\" rel=\"noopener\">Stanford University<\/a>, una iniciativa que impulsa a empresarios latinos con alto potencial de crecimiento.<\/p><p>Esta experiencia le permiti\u00f3 acceder a mentor\u00edas, redes estrat\u00e9gicas y herramientas clave para escalar su negocio, consolidando a\u00fan m\u00e1s su visi\u00f3n empresarial. El perfil de Claudia Meneses es el de una empresaria que ha logrado integrar crecimiento econ\u00f3mico, innovaci\u00f3n tecnol\u00f3gica y compromiso social. En un mercado altamente competitivo como el de Las Vegas, ha demostrado que es posible construir una empresa rentable sin dejar de lado valores como la sostenibilidad y la dignidad laboral.<\/p><p>Una gran muestra de lo que logran los centroamericanos en Estados Unidos.<\/p>\t\t\t\t\t\t\t\t<\/div>\n\t\t\t\t\t<\/div>\n\t\t\t\t<\/div>\n\t\t<div data-particle_enable=\"false\" data-particle-mobile-disabled=\"false\" class=\"elementor-element elementor-element-a433356 e-flex e-con-boxed e-con e-parent\" data-id=\"a433356\" data-element_type=\"container\" data-e-type=\"container\">\n\t\t\t\t\t<div class=\"e-con-inner\">\n\t\t\t\t<div class=\"elementor-element elementor-element-6c62e54 elementor-widget elementor-widget-html\" data-id=\"6c62e54\" data-element_type=\"widget\" data-e-type=\"widget\" data-widget_type=\"html.default\">\n\t\t\t\t\t<iframe width=\"560\" height=\"415\" src=\"https:\/\/www.youtube.com\/embed\/6RI2CD6D3KI?si=W6_UtW-N6obXH75-\" title=\"YouTube video player\" frameborder=\"0\" allow=\"accelerometer; autoplay; clipboard-write; encrypted-media; gyroscope; picture-in-picture; web-share\" referrerpolicy=\"strict-origin-when-cross-origin\" allowfullscreen><\/iframe>\t\t\t\t<\/div>\n\t\t\t\t\t<\/div>\n\t\t\t\t<\/div>\n\t\t<div data-particle_enable=\"false\" data-particle-mobile-disabled=\"false\" class=\"elementor-element elementor-element-5fb867d e-flex e-con-boxed e-con e-parent\" data-id=\"5fb867d\" data-element_type=\"container\" data-e-type=\"container\">\n\t\t\t\t\t<div class=\"e-con-inner\">\n\t\t\t\t<div class=\"elementor-element elementor-element-7f2e56e elementor-widget elementor-widget-global elementor-global-52097 elementor-widget-heading\" data-id=\"7f2e56e\" data-element_type=\"widget\" data-e-type=\"widget\" data-widget_type=\"heading.default\">\n\t\t\t\t\t<h2 class=\"elementor-heading-title elementor-size-default\">Quiz\u00e1 tambi\u00e9n te podr\u00eda interesar<\/h2>\t\t\t\t<\/div>\n\t\t\t\t\t<\/div>\n\t\t\t\t<\/div>\n\t\t<div data-particle_enable=\"false\" data-particle-mobile-disabled=\"false\" class=\"elementor-element elementor-element-7e7e085 e-flex e-con-boxed e-con e-parent\" data-id=\"7e7e085\" data-element_type=\"container\" data-e-type=\"container\">\n\t\t\t\t\t<div class=\"e-con-inner\">\n\t\t\t\t<div class=\"elementor-element elementor-element-728939c elementor-grid-eael-col-3 elementor-grid-tablet-eael-col-2 elementor-grid-mobile-eael-col-1 elementor-widget elementor-widget-eael-post-grid\" data-id=\"728939c\" data-element_type=\"widget\" data-e-type=\"widget\" data-settings=\"{&quot;eael_post_grid_columns&quot;:&quot;eael-col-3&quot;,&quot;eael_post_grid_columns_tablet&quot;:&quot;eael-col-2&quot;,&quot;eael_post_grid_columns_mobile&quot;:&quot;eael-col-1&quot;}\" data-widget_type=\"eael-post-grid.default\">\n\t\t\t\t\t<div id=\"eael-post-grid-728939c\" class=\"eael-post-grid-container\">\n            <div class=\"eael-post-grid eael-post-appender eael-post-appender-728939c eael-post-grid-style-one\" data-layout-mode=\"masonry\"><article class=\"eael-grid-post  eael-post-grid-column eael-pg-post-48343 category-guate-nuestra tags-mercado-emprendedores\" data-id=\"48343\">\n        <div class=\"eael-grid-post-holder\">\n            <div class=\"eael-grid-post-holder-inner\"><div class=\"eael-entry-media\"><div class=\"eael-entry-overlay fade-in\"><i class=\"far fa-hand-pointer\" aria-hidden=\"true\"><\/i><a href=\"https:\/\/soymigrante.com\/revista\/sueno-de-guate-la-pulsera-wakami-que-anima-a-la-seleccion-e-impulsa-el-desarrollo\/\"><\/a><\/div><div class=\"eael-entry-thumbnail eael-image-ratio\">\n                <img decoding=\"async\" width=\"1024\" height=\"1024\" src=\"https:\/\/soymigrante.com\/revista\/wp-content\/uploads\/2025\/11\/\ud83d\udc99\u26bd-El-Sueno-de-nicosam95-es-el-de-todos-y-ahora-tu-puedes-llevar-el-azul-y-blanco-siempre-con-1024x1024.jpg\" class=\"attachment-large size-large wp-image-48344\" alt=\"Pulsera Wakami Sue\u00f1o de Guate\" srcset=\"https:\/\/soymigrante.com\/revista\/wp-content\/uploads\/2025\/11\/\ud83d\udc99\u26bd-El-Sueno-de-nicosam95-es-el-de-todos-y-ahora-tu-puedes-llevar-el-azul-y-blanco-siempre-con-1024x1024.jpg 1024w, https:\/\/soymigrante.com\/revista\/wp-content\/uploads\/2025\/11\/\ud83d\udc99\u26bd-El-Sueno-de-nicosam95-es-el-de-todos-y-ahora-tu-puedes-llevar-el-azul-y-blanco-siempre-con-300x300.jpg 300w, https:\/\/soymigrante.com\/revista\/wp-content\/uploads\/2025\/11\/\ud83d\udc99\u26bd-El-Sueno-de-nicosam95-es-el-de-todos-y-ahora-tu-puedes-llevar-el-azul-y-blanco-siempre-con-150x150.jpg 150w, https:\/\/soymigrante.com\/revista\/wp-content\/uploads\/2025\/11\/\ud83d\udc99\u26bd-El-Sueno-de-nicosam95-es-el-de-todos-y-ahora-tu-puedes-llevar-el-azul-y-blanco-siempre-con-768x768.jpg 768w, https:\/\/soymigrante.com\/revista\/wp-content\/uploads\/2025\/11\/\ud83d\udc99\u26bd-El-Sueno-de-nicosam95-es-el-de-todos-y-ahora-tu-puedes-llevar-el-azul-y-blanco-siempre-con-75x75.jpg 75w, https:\/\/soymigrante.com\/revista\/wp-content\/uploads\/2025\/11\/\ud83d\udc99\u26bd-El-Sueno-de-nicosam95-es-el-de-todos-y-ahora-tu-puedes-llevar-el-azul-y-blanco-siempre-con-750x750.jpg 750w, https:\/\/soymigrante.com\/revista\/wp-content\/uploads\/2025\/11\/\ud83d\udc99\u26bd-El-Sueno-de-nicosam95-es-el-de-todos-y-ahora-tu-puedes-llevar-el-azul-y-blanco-siempre-con.jpg 1059w\" sizes=\"(max-width: 1024px) 100vw, 1024px\" \/>\n            <\/div>\n        <\/div><div class=\"eael-entry-wrapper\"><header class=\"eael-entry-header\"><h2 class=\"eael-entry-title\"><a class=\"eael-grid-post-link\" href=\"https:\/\/soymigrante.com\/revista\/sueno-de-guate-la-pulsera-wakami-que-anima-a-la-seleccion-e-impulsa-el-desarrollo\/\" title=\"Ya est\u00e1 en MERCADO Sue\u00f1o de Guate,  la pulsera Wakami que anima a la Selecci\u00f3n Nacional\">Ya est\u00e1 en MERCADO Sue\u00f1o de Guate,  la pulsera Wakami que anima a la Selecci\u00f3n Nacional<\/a><\/h2><\/header><div class=\"eael-entry-content\">\n                        <div class=\"eael-grid-post-excerpt\"><a href=\"https:\/\/soymigrante.com\/revista\/sueno-de-guate-la-pulsera-wakami-que-anima-a-la-seleccion-e-impulsa-el-desarrollo\/\" class=\"eael-post-elements-readmore-btn\">CONOCE SU HISTORIA <\/a><\/div>\n                    <\/div><\/div><\/div>\n        <\/div>\n    <\/article><article class=\"eael-grid-post  eael-post-grid-column eael-pg-post-48797 category-guate-nuestra tags-mercado-emprendedores\" data-id=\"48797\">\n        <div class=\"eael-grid-post-holder\">\n            <div class=\"eael-grid-post-holder-inner\"><div class=\"eael-entry-media\"><div class=\"eael-entry-overlay fade-in\"><i class=\"far fa-hand-pointer\" aria-hidden=\"true\"><\/i><a href=\"https:\/\/soymigrante.com\/revista\/miss-universo-2025-raschel-paz-traje-quetzalteca-emprendedora-janet-guerra-mercado\/\"><\/a><\/div><div class=\"eael-entry-thumbnail eael-image-ratio\">\n                <img loading=\"lazy\" decoding=\"async\" width=\"675\" height=\"675\" src=\"https:\/\/soymigrante.com\/revista\/wp-content\/uploads\/2025\/11\/raschel-paz-miss-universo-2025-traje-tradicional-8.jpg\" class=\"attachment-large size-large wp-image-48799\" alt=\"raschel paz miss universo 2025 traje tradicional 8\" srcset=\"https:\/\/soymigrante.com\/revista\/wp-content\/uploads\/2025\/11\/raschel-paz-miss-universo-2025-traje-tradicional-8.jpg 675w, https:\/\/soymigrante.com\/revista\/wp-content\/uploads\/2025\/11\/raschel-paz-miss-universo-2025-traje-tradicional-8-300x300.jpg 300w, https:\/\/soymigrante.com\/revista\/wp-content\/uploads\/2025\/11\/raschel-paz-miss-universo-2025-traje-tradicional-8-150x150.jpg 150w, https:\/\/soymigrante.com\/revista\/wp-content\/uploads\/2025\/11\/raschel-paz-miss-universo-2025-traje-tradicional-8-75x75.jpg 75w\" sizes=\"(max-width: 675px) 100vw, 675px\" \/>\n            <\/div>\n        <\/div><div class=\"eael-entry-wrapper\"><header class=\"eael-entry-header\"><h2 class=\"eael-entry-title\"><a class=\"eael-grid-post-link\" href=\"https:\/\/soymigrante.com\/revista\/miss-universo-2025-raschel-paz-traje-quetzalteca-emprendedora-janet-guerra-mercado\/\" title=\"Raschel Paz deslumbra en Miss Universo 2025 con traje dise\u00f1ado por emprendedora quetzalteca\">Raschel Paz deslumbra en Miss Universo 2025 con traje dise\u00f1ado por emprendedora quetzalteca<\/a><\/h2><\/header><div class=\"eael-entry-content\">\n                        <div class=\"eael-grid-post-excerpt\"><a href=\"https:\/\/soymigrante.com\/revista\/miss-universo-2025-raschel-paz-traje-quetzalteca-emprendedora-janet-guerra-mercado\/\" class=\"eael-post-elements-readmore-btn\">CONOCE SU HISTORIA <\/a><\/div>\n                    <\/div><\/div><\/div>\n        <\/div>\n    <\/article><article class=\"eael-grid-post  eael-post-grid-column eael-pg-post-39523 category-guate-nuestra tags-mercado-emprendedores\" data-id=\"39523\">\n        <div class=\"eael-grid-post-holder\">\n            <div class=\"eael-grid-post-holder-inner\"><div class=\"eael-entry-media\"><div class=\"eael-entry-overlay fade-in\"><i class=\"far fa-hand-pointer\" aria-hidden=\"true\"><\/i><a href=\"https:\/\/soymigrante.com\/revista\/el-camino-de-yoselyn-y-su-tienda-yox-brand-que-ya-abrio-en-mercado\/\"><\/a><\/div><div class=\"eael-entry-thumbnail eael-image-ratio\">\n                <img loading=\"lazy\" decoding=\"async\" width=\"868\" height=\"868\" src=\"https:\/\/soymigrante.com\/revista\/wp-content\/uploads\/2025\/07\/Yox-Brand-emprendedora-Yoselin-Xpantzay-en-Tecpan-1.webp\" class=\"attachment-large size-large wp-image-39524\" alt=\"Soy-migrante-mujer-aut\u00e9ntica-vestido-colorido-vestimenta-tradicional, revistaporte, fotograf\u00eda de una mujer con ropa tradicional mexicana, tomada en un espejo, reflejada en fondo oscuro.\" srcset=\"https:\/\/soymigrante.com\/revista\/wp-content\/uploads\/2025\/07\/Yox-Brand-emprendedora-Yoselin-Xpantzay-en-Tecpan-1.webp 868w, https:\/\/soymigrante.com\/revista\/wp-content\/uploads\/2025\/07\/Yox-Brand-emprendedora-Yoselin-Xpantzay-en-Tecpan-1-300x300.jpg 300w, https:\/\/soymigrante.com\/revista\/wp-content\/uploads\/2025\/07\/Yox-Brand-emprendedora-Yoselin-Xpantzay-en-Tecpan-1-150x150.jpg 150w, https:\/\/soymigrante.com\/revista\/wp-content\/uploads\/2025\/07\/Yox-Brand-emprendedora-Yoselin-Xpantzay-en-Tecpan-1-768x768.jpg 768w, https:\/\/soymigrante.com\/revista\/wp-content\/uploads\/2025\/07\/Yox-Brand-emprendedora-Yoselin-Xpantzay-en-Tecpan-1-75x75.webp 75w, https:\/\/soymigrante.com\/revista\/wp-content\/uploads\/2025\/07\/Yox-Brand-emprendedora-Yoselin-Xpantzay-en-Tecpan-1-750x750.webp 750w\" sizes=\"(max-width: 868px) 100vw, 868px\" \/>\n            <\/div>\n        <\/div><div class=\"eael-entry-wrapper\"><header class=\"eael-entry-header\"><h2 class=\"eael-entry-title\"><a class=\"eael-grid-post-link\" href=\"https:\/\/soymigrante.com\/revista\/el-camino-de-yoselyn-y-su-tienda-yox-brand-que-ya-abrio-en-mercado\/\" title=\"El camino de Yoselyn y su tienda Yox Brand, que ya abri\u00f3 en MERCADO\">El camino de Yoselyn y su tienda Yox Brand, que ya abri\u00f3 en MERCADO<\/a><\/h2><\/header><div class=\"eael-entry-content\">\n                        <div class=\"eael-grid-post-excerpt\"><a href=\"https:\/\/soymigrante.com\/revista\/el-camino-de-yoselyn-y-su-tienda-yox-brand-que-ya-abrio-en-mercado\/\" class=\"eael-post-elements-readmore-btn\">CONOCE SU HISTORIA <\/a><\/div>\n                    <\/div><\/div><\/div>\n        <\/div>\n    <\/article><\/div>\n            <div class=\"clearfix\"><\/div>\n        <\/div>            <div class=\"eael-load-more-button-wrap eael-force-hide\">\n                <button class=\"eael-load-more-button\" id=\"eael-load-more-btn-728939c\" data-widget-id=\"728939c\" data-widget=\"728939c\" data-page-id=\"55356\" data-template=\"{&quot;dir&quot;:&quot;lite&quot;,&quot;file_name&quot;:&quot;one.php&quot;,&quot;name&quot;:&quot;Post-Grid&quot;}\" data-class=\"Essential_Addons_Elementor\\Elements\\Post_Grid\" data-layout=\"masonry\" data-page=\"1\" data-args=\"orderby=rand&amp;order=desc&amp;ignore_sticky_posts=1&amp;post_status=publish&amp;posts_per_page=3&amp;offset=0&amp;post_type=post&amp;tax_query%5B0%5D%5Btaxonomy%5D=post_tag&amp;tax_query%5B0%5D%5Bfield%5D=term_id&amp;tax_query%5B0%5D%5Bterms%5D%5B0%5D=130&amp;tax_query%5Brelation%5D=AND\" data-max-page=\"35\">\n                    <span class=\"eael-btn-loader button__loader\"><\/span>\n                    <span class=\"eael_load_more_text\">Load More<\/span>\n                <\/button>\n            <\/div>\n            \t\t\t\t<\/div>\n\t\t\t\t\t<\/div>\n\t\t\t\t<\/div>\n\t\t\t\t<\/div>\n\t\t","protected":false},"excerpt":{"rendered":"<p>La compa\u00f1\u00eda de limpieza fundada por la migrante salvadore\u00f1a Claudia Meneses forma parte de la C\u00e1mara de Comercio de Las Vegas y ha recibido varios reconocimientos por su excelencia: una prueba m\u00e1s del aporte de los migrantes en USA. La historia de Claudia Meneses comienza con una decisi\u00f3n que comparten millones de personas: migrar en [&hellip;]<\/p>\n","protected":false},"author":1,"featured_media":55358,"comment_status":"open","ping_status":"open","sticky":false,"template":"","format":"standard","meta":{"_acf_changed":false,"_eb_attr":"","footnotes":""},"categories":[275],"tags":[],"class_list":["post-55356","post","type-post","status-publish","format-standard","has-post-thumbnail","hentry","category-el-salvador"],"acf":[],"aioseo_notices":[],"aioseo_head":"\n\t\t<!-- All in One SEO Pro 4.9.6.2 - aioseo.com -->\n\t<meta name=\"description\" content=\"El esfuerzo y la creatividad emprendedora le vienen de familia a Yoselyn Xpantzay, de Tecp\u00e1n Guatemala, Chimaltenango. Su tienda digital Yox Brand ya abri\u00f3 MERCADO\" \/>\n\t<meta name=\"robots\" content=\"max-snippet:-1, max-image-preview:large, max-video-preview:-1\" \/>\n\t<meta name=\"author\" content=\"Gustavo Montenegro\"\/>\n\t<link rel=\"canonical\" href=\"https:\/\/soymigrante.com\/revista\/el-camino-de-yoselyn-y-su-tienda-yox-brand-que-ya-abrio-en-mercado\/\" \/>\n\t<meta name=\"generator\" content=\"All in One SEO Pro (AIOSEO) 4.9.6.2\" \/>\n\n\t\t<link rel=\"preconnect\" href=\"https:\/\/fonts.googleapis.com\" crossorigin>\n<link rel=\"preconnect\" href=\"https:\/\/fonts.gstatic.com\" crossorigin>\n\t\t<meta property=\"og:locale\" content=\"es_ES\" \/>\n\t\t<meta property=\"og:site_name\" content=\"SoyMigrante.com REVISTA \u2013 Nuestra misi\u00f3n es reconocer y dignificar al migrante.\" \/>\n\t\t<meta property=\"og:type\" content=\"article\" \/>\n\t\t<meta property=\"og:title\" content=\"Yox Brand ya abri\u00f3 su tienda digital en MERCADO\" \/>\n\t\t<meta property=\"og:description\" content=\"El esfuerzo y la creatividad emprendedora le vienen de familia a Yoselyn Xpantzay, de Tecp\u00e1n Guatemala, Chimaltenango. Su tienda digital Yox Brand ya abri\u00f3 MERCADO\" \/>\n\t\t<meta property=\"og:url\" content=\"https:\/\/soymigrante.com\/revista\/el-camino-de-yoselyn-y-su-tienda-yox-brand-que-ya-abrio-en-mercado\/\" \/>\n\t\t<meta property=\"og:image\" content=\"https:\/\/soymigrante.com\/revista\/wp-content\/uploads\/2025\/07\/Yox-Brand-emprendedora-Yoselin-Xpantzay-en-Tecpan-1.webp\" \/>\n\t\t<meta property=\"og:image:secure_url\" content=\"https:\/\/soymigrante.com\/revista\/wp-content\/uploads\/2025\/07\/Yox-Brand-emprendedora-Yoselin-Xpantzay-en-Tecpan-1.webp\" \/>\n\t\t<meta property=\"og:image:width\" content=\"868\" \/>\n\t\t<meta property=\"og:image:height\" content=\"868\" \/>\n\t\t<meta property=\"article:published_time\" content=\"2025-07-16T20:22:25+00:00\" \/>\n\t\t<meta property=\"article:modified_time\" content=\"2025-08-03T20:41:58+00:00\" \/>\n\t\t<meta property=\"article:publisher\" content=\"https:\/\/www.facebook.com\/soymigrantecom\" \/>\n\t\t<meta name=\"twitter:card\" content=\"summary_large_image\" \/>\n\t\t<meta name=\"twitter:site\" content=\"@SoyMigrante_com\" \/>\n\t\t<meta name=\"twitter:title\" content=\"Yox Brand ya abri\u00f3 su tienda digital en MERCADO\" \/>\n\t\t<meta name=\"twitter:description\" content=\"El esfuerzo y la creatividad emprendedora le vienen de familia a Yoselyn Xpantzay, de Tecp\u00e1n Guatemala, Chimaltenango. Su tienda digital Yox Brand ya abri\u00f3 MERCADO\" \/>\n\t\t<meta name=\"twitter:creator\" content=\"@SoyMigrante_com\" \/>\n\t\t<meta name=\"twitter:image\" content=\"https:\/\/soymigrante.com\/revista\/wp-content\/uploads\/2025\/07\/Yox-Brand-emprendedora-Yoselin-Xpantzay-en-Tecpan-1.webp\" \/>\n\t\t<!-- All in One SEO Pro -->\r\n\t\t<title>Yox Brand ya abri\u00f3 su tienda digital en MERCADO<\/title>\n\n","aioseo_head_json":{"title":"Yox Brand ya abri\u00f3 su tienda digital en MERCADO","description":"El esfuerzo y la creatividad emprendedora le vienen de familia a Yoselyn Xpantzay, de Tecp\u00e1n Guatemala, Chimaltenango. Su tienda digital Yox Brand ya abri\u00f3 MERCADO","canonical_url":"https:\/\/soymigrante.com\/revista\/el-camino-de-yoselyn-y-su-tienda-yox-brand-que-ya-abrio-en-mercado\/","robots":"max-snippet:-1, max-image-preview:large, max-video-preview:-1","keywords":"","webmasterTools":{"miscellaneous":"&lt;link rel=\"preconnect\" href=\"https:\/\/fonts.googleapis.com\" crossorigin&gt;\n&lt;link rel=\"preconnect\" href=\"https:\/\/fonts.gstatic.com\" crossorigin&gt;"},"schema":null,"og:locale":"es_ES","og:site_name":"SoyMigrante.com REVISTA \u2013 Nuestra misi\u00f3n es reconocer y dignificar al migrante.","og:type":"article","og:title":"Yox Brand ya abri\u00f3 su tienda digital en MERCADO","og:description":"El esfuerzo y la creatividad emprendedora le vienen de familia a Yoselyn Xpantzay, de Tecp\u00e1n Guatemala, Chimaltenango. Su tienda digital Yox Brand ya abri\u00f3 MERCADO","og:url":"https:\/\/soymigrante.com\/revista\/el-camino-de-yoselyn-y-su-tienda-yox-brand-que-ya-abrio-en-mercado\/","og:image":"https:\/\/soymigrante.com\/revista\/wp-content\/uploads\/2025\/07\/Yox-Brand-emprendedora-Yoselin-Xpantzay-en-Tecpan-1.webp","og:image:secure_url":"https:\/\/soymigrante.com\/revista\/wp-content\/uploads\/2025\/07\/Yox-Brand-emprendedora-Yoselin-Xpantzay-en-Tecpan-1.webp","og:image:width":868,"og:image:height":868,"article:published_time":"2025-07-16T20:22:25+00:00","article:modified_time":"2025-08-03T20:41:58+00:00","article:publisher":"https:\/\/www.facebook.com\/soymigrantecom","twitter:card":"summary_large_image","twitter:site":"@SoyMigrante_com","twitter:title":"Yox Brand ya abri\u00f3 su tienda digital en MERCADO","twitter:description":"El esfuerzo y la creatividad emprendedora le vienen de familia a Yoselyn Xpantzay, de Tecp\u00e1n Guatemala, Chimaltenango. Su tienda digital Yox Brand ya abri\u00f3 MERCADO","twitter:creator":"@SoyMigrante_com","twitter:image":"https:\/\/soymigrante.com\/revista\/wp-content\/uploads\/2025\/07\/Yox-Brand-emprendedora-Yoselin-Xpantzay-en-Tecpan-1.webp"},"aioseo_meta_data":{"post_id":"55356","title":"Claudia Meneses empresaria migrante salvadore\u00f1a en Las Vegas","description":"De ni\u00f1era a emprendedora: la limpieza de casas se convirti\u00f3 en una exitosa apuesta para la migrante salvadore\u00f1a Claudia Meneses en Las Vegas, Nevada.","keywords":null,"keyphrases":{"focus":{"keyphrase":"migrante","score":100,"analysis":{"keyphraseInTitle":{"score":9,"maxScore":9,"error":0},"keyphraseInDescription":{"score":9,"maxScore":9,"error":0},"keyphraseLength":{"score":9,"maxScore":9,"error":0,"length":1},"keyphraseInURL":{"score":5,"maxScore":5,"error":0}}},"additional":[{"keyphrase":"salvadore\u00f1a","score":100,"analysis":{"keyphraseInDescription":{"score":9,"maxScore":9,"error":0},"keyphraseLength":{"score":9,"maxScore":9,"error":0,"length":2}}},{"keyphrase":"Las Vegas","score":100,"analysis":{"keyphraseInDescription":{"score":9,"maxScore":9,"error":0},"keyphraseLength":{"score":9,"maxScore":9,"error":0,"length":2}}}]},"primary_term":null,"canonical_url":null,"og_title":null,"og_description":null,"og_object_type":"default","og_image_type":"default","og_image_url":null,"og_image_width":null,"og_image_height":null,"og_image_custom_url":null,"og_image_custom_fields":null,"og_video":"","og_custom_url":null,"og_article_section":null,"og_article_tags":null,"twitter_use_og":false,"twitter_card":"default","twitter_image_type":"default","twitter_image_url":null,"twitter_image_custom_url":null,"twitter_image_custom_fields":null,"twitter_title":null,"twitter_description":null,"schema":{"blockGraphs":[],"customGraphs":[],"default":{"data":{"Article":[],"Course":[],"Dataset":[],"FAQPage":[],"Movie":[],"Person":[],"Product":[],"ProductReview":[],"Car":[],"Recipe":[],"Service":[],"SoftwareApplication":[],"WebPage":[]},"graphName":"NewsArticle","isEnabled":true},"graphs":[]},"schema_type":"default","schema_type_options":null,"pillar_content":false,"robots_default":true,"robots_noindex":false,"robots_noarchive":false,"robots_nosnippet":false,"robots_nofollow":false,"robots_noimageindex":false,"robots_noodp":false,"robots_notranslate":false,"robots_max_snippet":"-1","robots_max_videopreview":"-1","robots_max_imagepreview":"large","priority":null,"frequency":"default","local_seo":null,"seo_analyzer_scan_date":null,"breadcrumb_settings":null,"limit_modified_date":false,"reviewed_by":"0","open_ai":null,"ai":{"faqs":[],"keyPoints":[],"schemas":[],"titles":[],"descriptions":[],"socialPosts":{"email":[],"linkedin":[],"twitter":[],"facebook":[],"instagram":[]}},"created":"2026-04-22 21:27:55","updated":"2026-04-22 22:52:52"},"aioseo_breadcrumb":"<div class=\"aioseo-breadcrumbs\"><span class=\"aioseo-breadcrumb\">\n\t<a href=\"https:\/\/soymigrante.com\/revista\" title=\"Home\">Home<\/a>\n<\/span><span class=\"aioseo-breadcrumb-separator\">\u00bb<\/span><span class=\"aioseo-breadcrumb\">\n\t<a href=\"https:\/\/soymigrante.com\/revista\/category\/exitos\/\" title=\"\u00c9xitos\">\u00c9xitos<\/a>\n<\/span><span class=\"aioseo-breadcrumb-separator\">\u00bb<\/span><span class=\"aioseo-breadcrumb\">\n\t<a href=\"https:\/\/soymigrante.com\/revista\/category\/exitos\/el-salvador\/\" title=\"El Salvador\">El Salvador<\/a>\n<\/span><span class=\"aioseo-breadcrumb-separator\">\u00bb<\/span><span class=\"aioseo-breadcrumb\">\n\tLa migrante salvadore\u00f1a Claudia Meneses convirti\u00f3 la limpieza de casas en apuesta ganadora en Las Vegas\n<\/span><\/div>","aioseo_breadcrumb_json":[{"label":"Home","link":"https:\/\/soymigrante.com\/revista"},{"label":"\u00c9xitos","link":"https:\/\/soymigrante.com\/revista\/category\/exitos\/"},{"label":"El Salvador","link":"https:\/\/soymigrante.com\/revista\/category\/exitos\/el-salvador\/"},{"label":"La migrante salvadore\u00f1a Claudia Meneses convirti\u00f3 la limpieza de casas en apuesta ganadora en Las Vegas","link":"https:\/\/soymigrante.com\/revista\/migrante-salvadorena-claudia-meneses-empresaria-las-vegas-salvadorenos-en-estados-unidos\/"}],"_links":{"self":[{"href":"https:\/\/soymigrante.com\/revista\/wp-json\/wp\/v2\/posts\/55356","targetHints":{"allow":["GET"]}}],"collection":[{"href":"https:\/\/soymigrante.com\/revista\/wp-json\/wp\/v2\/posts"}],"about":[{"href":"https:\/\/soymigrante.com\/revista\/wp-json\/wp\/v2\/types\/post"}],"author":[{"embeddable":true,"href":"https:\/\/soymigrante.com\/revista\/wp-json\/wp\/v2\/users\/1"}],"replies":[{"embeddable":true,"href":"https:\/\/soymigrante.com\/revista\/wp-json\/wp\/v2\/comments?post=55356"}],"version-history":[{"count":5,"href":"https:\/\/soymigrante.com\/revista\/wp-json\/wp\/v2\/posts\/55356\/revisions"}],"predecessor-version":[{"id":55367,"href":"https:\/\/soymigrante.com\/revista\/wp-json\/wp\/v2\/posts\/55356\/revisions\/55367"}],"wp:featuredmedia":[{"embeddable":true,"href":"https:\/\/soymigrante.com\/revista\/wp-json\/wp\/v2\/media\/55358"}],"wp:attachment":[{"href":"https:\/\/soymigrante.com\/revista\/wp-json\/wp\/v2\/media?parent=55356"}],"wp:term":[{"taxonomy":"category","embeddable":true,"href":"https:\/\/soymigrante.com\/revista\/wp-json\/wp\/v2\/categories?post=55356"},{"taxonomy":"post_tag","embeddable":true,"href":"https:\/\/soymigrante.com\/revista\/wp-json\/wp\/v2\/tags?post=55356"}],"curies":[{"name":"wp","href":"https:\/\/api.w.org\/{rel}","templated":true}]}}