{"id":55324,"date":"2026-04-22T09:35:29","date_gmt":"2026-04-22T15:35:29","guid":{"rendered":"https:\/\/soymigrante.com\/revista\/?p=55324"},"modified":"2026-04-22T09:42:53","modified_gmt":"2026-04-22T15:42:53","slug":"dia-de-la-tierra-todos-los-dias-productos-guatemaltecos-naturales-y-autenticos-en-mercado","status":"publish","type":"post","link":"https:\/\/soymigrante.com\/revista\/dia-de-la-tierra-todos-los-dias-productos-guatemaltecos-naturales-y-autenticos-en-mercado\/","title":{"rendered":"D\u00eda de la Tierra todos los d\u00edas: productos guatemaltecos naturales y aut\u00e9nticos en MERCADO"},"content":{"rendered":"\t\t<div data-elementor-type=\"wp-post\" data-elementor-id=\"55324\" class=\"elementor elementor-55324\" data-elementor-post-type=\"post\">\n\t\t\t\t<div data-particle_enable=\"false\" data-particle-mobile-disabled=\"false\" class=\"elementor-element elementor-element-13073c4 e-flex e-con-boxed e-con e-parent\" data-id=\"13073c4\" data-element_type=\"container\" data-e-type=\"container\">\n\t\t\t\t\t<div class=\"e-con-inner\">\n\t\t\t\t<div class=\"elementor-element elementor-element-e1e50f7 elementor-widget elementor-widget-heading\" data-id=\"e1e50f7\" data-element_type=\"widget\" data-e-type=\"widget\" data-widget_type=\"heading.default\">\n\t\t\t\t\t<h3 class=\"elementor-heading-title elementor-size-default\">Productos sostenibles, ecol\u00f3gicos, elaborados por manos guatemaltecas a partir de ingredientes naturales: apoya su ingenio y disfruta experiencias positivas.<\/h3>\t\t\t\t<\/div>\n\t\t\t\t\t<\/div>\n\t\t\t\t<\/div>\n\t\t<div data-particle_enable=\"false\" data-particle-mobile-disabled=\"false\" class=\"elementor-element elementor-element-52dc549 e-flex e-con-boxed e-con e-parent\" data-id=\"52dc549\" data-element_type=\"container\" data-e-type=\"container\">\n\t\t\t\t\t<div class=\"e-con-inner\">\n\t\t\t\t<div class=\"elementor-element elementor-element-c625574 elementor-widget elementor-widget-text-editor\" data-id=\"c625574\" data-element_type=\"widget\" data-e-type=\"widget\" data-widget_type=\"text-editor.default\">\n\t\t\t\t\t\t\t\t\t<p>En el <a href=\"https:\/\/soymigrante.com\/revista\/dia-de-la-tierra-10-joyas-naturales-de-guatemala-que-se-necesita-proteger-y-conservar\/\">D\u00eda de la Tierra <\/a>\u2014que en realidad es todos los d\u00edas\u2014 elegir productos naturales guatemaltecos es una forma concreta de cuidar el entorno y fortalecer econom\u00edas locales. Detr\u00e1s de cada art\u00edculo hay manos que respetan los ciclos de la naturaleza, saberes ancestrales y una apuesta por lo aut\u00e9ntico frente a lo industrial.<\/p><p>Desde jabones artesanales y textiles con tintes naturales hasta miel, caf\u00e9 y cosm\u00e9tica bot\u00e1nica, estos productos priorizan procesos sostenibles y comercio justo. <a href=\"https:\/\/soymigrante.com\/mercado\/?srsltid=AfmBOoovsBCZbWCyHDo6YAPsXlPv5_quiee51RiSMb8OWxFjd90mPyfx\">SoyMigrante.com MERCADO<\/a>\u00a0conecta a emprendedores con compradores de toda Guatemala. Y desde Estados Unidos tambi\u00e9n puedes hacer pedidos que ser\u00e1n entregados en casa de tu familia en Guatemala.\u00a0<\/p><p>Elegir estos productos es un peque\u00f1o gesto pero con gran significado: compra consciente, impacto real, apoya lo guatemalteco y lo sostenible. Estas son algunas sugerencias al alcance de un clic.<\/p>\t\t\t\t\t\t\t\t<\/div>\n\t\t\t\t\t<\/div>\n\t\t\t\t<\/div>\n\t\t<div data-particle_enable=\"false\" data-particle-mobile-disabled=\"false\" class=\"elementor-element elementor-element-1e3d137 e-flex e-con-boxed e-con e-parent\" data-id=\"1e3d137\" data-element_type=\"container\" data-e-type=\"container\">\n\t\t\t\t\t<div class=\"e-con-inner\">\n\t\t\t\t<div class=\"elementor-element elementor-element-0c17586 elementor-widget elementor-widget-heading\" data-id=\"0c17586\" data-element_type=\"widget\" data-e-type=\"widget\" data-widget_type=\"heading.default\">\n\t\t\t\t\t<h3 class=\"elementor-heading-title elementor-size-default\">Caf\u00e9 para todos los gustos<\/h3>\t\t\t\t<\/div>\n\t\t\t\t\t<\/div>\n\t\t\t\t<\/div>\n\t\t<div data-particle_enable=\"false\" data-particle-mobile-disabled=\"false\" class=\"elementor-element elementor-element-f90c979 e-flex e-con-boxed e-con e-parent\" data-id=\"f90c979\" data-element_type=\"container\" data-e-type=\"container\">\n\t\t\t\t\t<div class=\"e-con-inner\">\n\t\t\t\t<div class=\"elementor-element elementor-element-a81fa57 elementor-widget elementor-widget-text-editor\" data-id=\"a81fa57\" data-element_type=\"widget\" data-e-type=\"widget\" data-widget_type=\"text-editor.default\">\n\t\t\t\t\t\t\t\t\t<p>Caf\u00e9 de diversas variedades y regiones del pa\u00eds, con sabor natural o bien en interesantes mezclas que te sorprender\u00e1n. Seg\u00fan su procedencia hay sabores frutales y florales. Para disfrutar o invitar a disfrutar. Clic en la imagen y elige.<\/p>\t\t\t\t\t\t\t\t<\/div>\n\t\t\t\t\t<\/div>\n\t\t\t\t<\/div>\n\t\t<div data-particle_enable=\"false\" data-particle-mobile-disabled=\"false\" class=\"elementor-element elementor-element-a7538f1 e-flex e-con-boxed e-con e-parent\" data-id=\"a7538f1\" data-element_type=\"container\" data-e-type=\"container\">\n\t\t\t\t\t<div class=\"e-con-inner\">\n\t\t\t\t<div class=\"elementor-element elementor-element-fdf3d88 elementor-widget elementor-widget-image\" data-id=\"fdf3d88\" data-element_type=\"widget\" data-e-type=\"widget\" data-widget_type=\"image.default\">\n\t\t\t\t\t\t\t\t\t\t\t\t<figure class=\"wp-caption\">\n\t\t\t\t\t\t\t\t\t\t\t<a href=\"https:\/\/soymigrante.com\/mercado\/cafe\">\n\t\t\t\t\t\t\t<img fetchpriority=\"high\" decoding=\"async\" width=\"487\" height=\"349\" src=\"https:\/\/soymigrante.com\/revista\/wp-content\/uploads\/2026\/04\/emprendedores-guatemaltecos-productos-ecologicos-sostenibles-naturales-en-mercado-6.png\" class=\"attachment-large size-large wp-image-55335\" alt=\"Love &amp; Tea detox peach products: a small jar, a larger tin, and a white box with orange label and logo displayed together.\" srcset=\"https:\/\/soymigrante.com\/revista\/wp-content\/uploads\/2026\/04\/emprendedores-guatemaltecos-productos-ecologicos-sostenibles-naturales-en-mercado-6.png 487w, https:\/\/soymigrante.com\/revista\/wp-content\/uploads\/2026\/04\/emprendedores-guatemaltecos-productos-ecologicos-sostenibles-naturales-en-mercado-6-300x215.png 300w, https:\/\/soymigrante.com\/revista\/wp-content\/uploads\/2026\/04\/emprendedores-guatemaltecos-productos-ecologicos-sostenibles-naturales-en-mercado-6-120x86.png 120w, https:\/\/soymigrante.com\/revista\/wp-content\/uploads\/2026\/04\/emprendedores-guatemaltecos-productos-ecologicos-sostenibles-naturales-en-mercado-6-350x250.png 350w\" sizes=\"(max-width: 487px) 100vw, 487px\" title=\"emprendedores guatemaltecos productos ecologicos sostenibles naturales en mercado 6 \u2013 SoyMigrante.com REVISTA\" \/>\t\t\t\t\t\t\t\t<\/a>\n\t\t\t\t\t\t\t\t\t\t\t<figcaption class=\"widget-image-caption wp-caption-text\">Preparadas por manos de mujeres mayas, las infusiones Love and Tea te fascinar\u00e1n. CLIC EN LA IMAGEN PARA IR A MERCADO.<\/figcaption>\n\t\t\t\t\t\t\t\t\t\t<\/figure>\n\t\t\t\t\t\t\t\t\t<\/div>\n\t\t\t\t\t<\/div>\n\t\t\t\t<\/div>\n\t\t<div data-particle_enable=\"false\" data-particle-mobile-disabled=\"false\" class=\"elementor-element elementor-element-527d02c e-flex e-con-boxed e-con e-parent\" data-id=\"527d02c\" data-element_type=\"container\" data-e-type=\"container\">\n\t\t\t\t\t<div class=\"e-con-inner\">\n\t\t\t\t<div class=\"elementor-element elementor-element-25efc7d elementor-widget elementor-widget-heading\" data-id=\"25efc7d\" data-element_type=\"widget\" data-e-type=\"widget\" data-widget_type=\"heading.default\">\n\t\t\t\t\t<h3 class=\"elementor-heading-title elementor-size-default\">Desde el panal hasta tu paladar<\/h3>\t\t\t\t<\/div>\n\t\t\t\t\t<\/div>\n\t\t\t\t<\/div>\n\t\t<div data-particle_enable=\"false\" data-particle-mobile-disabled=\"false\" class=\"elementor-element elementor-element-28b28fd e-flex e-con-boxed e-con e-parent\" data-id=\"28b28fd\" data-element_type=\"container\" data-e-type=\"container\">\n\t\t\t\t\t<div class=\"e-con-inner\">\n\t\t\t\t<div class=\"elementor-element elementor-element-600971a elementor-widget elementor-widget-text-editor\" data-id=\"600971a\" data-element_type=\"widget\" data-e-type=\"widget\" data-widget_type=\"text-editor.default\">\n\t\t\t\t\t\t\t\t\t<p>La miel tiene m\u00faltiples propiedades ben\u00e9ficas para el organismo. Proveniente de las monta\u00f1as guatemaltecas de la regi\u00f3n Ixil, tienes que disfrutarla. O si la obsequias a alguien especial, no quedar\u00e1s mal nunca. Un dulce detalle.<\/p>\t\t\t\t\t\t\t\t<\/div>\n\t\t\t\t\t<\/div>\n\t\t\t\t<\/div>\n\t\t<div data-particle_enable=\"false\" data-particle-mobile-disabled=\"false\" class=\"elementor-element elementor-element-93f99b0 e-flex e-con-boxed e-con e-parent\" data-id=\"93f99b0\" data-element_type=\"container\" data-e-type=\"container\">\n\t\t\t\t\t<div class=\"e-con-inner\">\n\t\t\t\t<div class=\"elementor-element elementor-element-a12ca30 elementor-widget elementor-widget-image\" data-id=\"a12ca30\" data-element_type=\"widget\" data-e-type=\"widget\" data-widget_type=\"image.default\">\n\t\t\t\t\t\t\t\t\t\t\t\t<figure class=\"wp-caption\">\n\t\t\t\t\t\t\t\t\t\t\t<a href=\"https:\/\/soymigrante.com\/mercado\/miel-orgnica-de-375ml\">\n\t\t\t\t\t\t\t<img decoding=\"async\" width=\"768\" height=\"422\" src=\"https:\/\/soymigrante.com\/revista\/wp-content\/uploads\/2026\/04\/emprendedores-guatemaltecos-productos-ecologicos-sostenibles-naturales-en-mercado-2.png\" class=\"attachment-large size-large wp-image-55339\" alt=\"emprendedores guatemaltecos productos ecologicos sostenibles naturales en mercado 7\" srcset=\"https:\/\/soymigrante.com\/revista\/wp-content\/uploads\/2026\/04\/emprendedores-guatemaltecos-productos-ecologicos-sostenibles-naturales-en-mercado-2.png 966w, https:\/\/soymigrante.com\/revista\/wp-content\/uploads\/2026\/04\/emprendedores-guatemaltecos-productos-ecologicos-sostenibles-naturales-en-mercado-2-300x165.png 300w, https:\/\/soymigrante.com\/revista\/wp-content\/uploads\/2026\/04\/emprendedores-guatemaltecos-productos-ecologicos-sostenibles-naturales-en-mercado-2-768x422.png 768w, https:\/\/soymigrante.com\/revista\/wp-content\/uploads\/2026\/04\/emprendedores-guatemaltecos-productos-ecologicos-sostenibles-naturales-en-mercado-2-750x412.png 750w\" sizes=\"(max-width: 768px) 100vw, 768px\" title=\"emprendedores guatemaltecos productos ecologicos sostenibles naturales en mercado 7 \u2013 SoyMigrante.com REVISTA\" \/>\t\t\t\t\t\t\t\t<\/a>\n\t\t\t\t\t\t\t\t\t\t\t<figcaption class=\"widget-image-caption wp-caption-text\">Desde la regi\u00f3n Ixil hasta la mesa del desayuno o ese momento de la refacci\u00f3n.  CLIC EN LA IMAGEN PARA IR A MERCADO.<\/figcaption>\n\t\t\t\t\t\t\t\t\t\t<\/figure>\n\t\t\t\t\t\t\t\t\t<\/div>\n\t\t\t\t\t<\/div>\n\t\t\t\t<\/div>\n\t\t<div data-particle_enable=\"false\" data-particle-mobile-disabled=\"false\" class=\"elementor-element elementor-element-54c436e e-flex e-con-boxed e-con e-parent\" data-id=\"54c436e\" data-element_type=\"container\" data-e-type=\"container\">\n\t\t\t\t\t<div class=\"e-con-inner\">\n\t\t\t\t<div class=\"elementor-element elementor-element-06d4387 elementor-widget elementor-widget-heading\" data-id=\"06d4387\" data-element_type=\"widget\" data-e-type=\"widget\" data-widget_type=\"heading.default\">\n\t\t\t\t\t<h3 class=\"elementor-heading-title elementor-size-default\">Un champ\u00fa sin envase pl\u00e1stico<\/h3>\t\t\t\t<\/div>\n\t\t\t\t\t<\/div>\n\t\t\t\t<\/div>\n\t\t<div data-particle_enable=\"false\" data-particle-mobile-disabled=\"false\" class=\"elementor-element elementor-element-63e650d e-flex e-con-boxed e-con e-parent\" data-id=\"63e650d\" data-element_type=\"container\" data-e-type=\"container\">\n\t\t\t\t\t<div class=\"e-con-inner\">\n\t\t\t\t<div class=\"elementor-element elementor-element-f37d7fd elementor-widget elementor-widget-text-editor\" data-id=\"f37d7fd\" data-element_type=\"widget\" data-e-type=\"widget\" data-widget_type=\"text-editor.default\">\n\t\t\t\t\t\t\t\t\t<p>Un producto galardonado por su sostenibilidad ambiental y su concepto novedoso: un champ\u00fa en barra, que no implica un gran envase. Es biodegradable y dejar\u00e1 tu cabello sedoso. Producto de Naara.<\/p>\t\t\t\t\t\t\t\t<\/div>\n\t\t\t\t\t<\/div>\n\t\t\t\t<\/div>\n\t\t<div data-particle_enable=\"false\" data-particle-mobile-disabled=\"false\" class=\"elementor-element elementor-element-09bd9f9 e-flex e-con-boxed e-con e-parent\" data-id=\"09bd9f9\" data-element_type=\"container\" data-e-type=\"container\">\n\t\t\t\t\t<div class=\"e-con-inner\">\n\t\t\t\t<div class=\"elementor-element elementor-element-4a04c1e elementor-widget elementor-widget-image\" data-id=\"4a04c1e\" data-element_type=\"widget\" data-e-type=\"widget\" data-widget_type=\"image.default\">\n\t\t\t\t\t\t\t\t\t\t\t\t<figure class=\"wp-caption\">\n\t\t\t\t\t\t\t\t\t\t\t<a href=\"https:\/\/soymigrante.com\/mercado\/shampoo-solido-azahara\">\n\t\t\t\t\t\t\t<img decoding=\"async\" width=\"768\" height=\"369\" src=\"https:\/\/soymigrante.com\/revista\/wp-content\/uploads\/2026\/04\/emprendedores-guatemaltecos-productos-ecologicos-sostenibles-naturales-en-mercado-4.png\" class=\"attachment-large size-large wp-image-55341\" alt=\"Product page: Solid shampoo Azahara with price Q125.00 and action buttons to add to cart or buy now, on a right-side panel.\" srcset=\"https:\/\/soymigrante.com\/revista\/wp-content\/uploads\/2026\/04\/emprendedores-guatemaltecos-productos-ecologicos-sostenibles-naturales-en-mercado-4.png 951w, https:\/\/soymigrante.com\/revista\/wp-content\/uploads\/2026\/04\/emprendedores-guatemaltecos-productos-ecologicos-sostenibles-naturales-en-mercado-4-300x144.png 300w, https:\/\/soymigrante.com\/revista\/wp-content\/uploads\/2026\/04\/emprendedores-guatemaltecos-productos-ecologicos-sostenibles-naturales-en-mercado-4-768x369.png 768w, https:\/\/soymigrante.com\/revista\/wp-content\/uploads\/2026\/04\/emprendedores-guatemaltecos-productos-ecologicos-sostenibles-naturales-en-mercado-4-750x360.png 750w\" sizes=\"(max-width: 768px) 100vw, 768px\" title=\"emprendedores guatemaltecos productos ecologicos sostenibles naturales en mercado 7 \u2013 SoyMigrante.com REVISTA\" \/>\t\t\t\t\t\t\t\t<\/a>\n\t\t\t\t\t\t\t\t\t\t\t<figcaption class=\"widget-image-caption wp-caption-text\">El jab\u00f3n Azaara es una creaci\u00f3n guatemalteca con galardones de sostenibilidad. CLIC EN LA IMAGEN PARA IR A MERCADO.<\/figcaption>\n\t\t\t\t\t\t\t\t\t\t<\/figure>\n\t\t\t\t\t\t\t\t\t<\/div>\n\t\t\t\t\t<\/div>\n\t\t\t\t<\/div>\n\t\t<div data-particle_enable=\"false\" data-particle-mobile-disabled=\"false\" class=\"elementor-element elementor-element-aac7122 e-flex e-con-boxed e-con e-parent\" data-id=\"aac7122\" data-element_type=\"container\" data-e-type=\"container\">\n\t\t\t\t\t<div class=\"e-con-inner\">\n\t\t\t\t<div class=\"elementor-element elementor-element-9942e87 elementor-widget elementor-widget-heading\" data-id=\"9942e87\" data-element_type=\"widget\" data-e-type=\"widget\" data-widget_type=\"heading.default\">\n\t\t\t\t\t<h3 class=\"elementor-heading-title elementor-size-default\">Reciclaje de pl\u00e1sticos limpia el ambiente<\/h3>\t\t\t\t<\/div>\n\t\t\t\t\t<\/div>\n\t\t\t\t<\/div>\n\t\t<div data-particle_enable=\"false\" data-particle-mobile-disabled=\"false\" class=\"elementor-element elementor-element-1cb3c8b e-flex e-con-boxed e-con e-parent\" data-id=\"1cb3c8b\" data-element_type=\"container\" data-e-type=\"container\">\n\t\t\t\t\t<div class=\"e-con-inner\">\n\t\t\t\t<div class=\"elementor-element elementor-element-6e42dfe elementor-widget elementor-widget-text-editor\" data-id=\"6e42dfe\" data-element_type=\"widget\" data-e-type=\"widget\" data-widget_type=\"text-editor.default\">\n\t\t\t\t\t\t\t\t\t<p>Yax Recicla es un emprendimiento de Jacaltenango, Huehuetenango, que est\u00e1 contribuyendo a limpiar de desechos pl\u00e1sticos la regi\u00f3n occidente: los compran a los recolectores y los transforman en objetos \u00fatiles como mesas, topes de parqueo, machiembre o postes.<\/p>\t\t\t\t\t\t\t\t<\/div>\n\t\t\t\t\t<\/div>\n\t\t\t\t<\/div>\n\t\t<div data-particle_enable=\"false\" data-particle-mobile-disabled=\"false\" class=\"elementor-element elementor-element-0901b0b e-flex e-con-boxed e-con e-parent\" data-id=\"0901b0b\" data-element_type=\"container\" data-e-type=\"container\">\n\t\t\t\t\t<div class=\"e-con-inner\">\n\t\t\t\t<div class=\"elementor-element elementor-element-5533f85 elementor-widget elementor-widget-image\" data-id=\"5533f85\" data-element_type=\"widget\" data-e-type=\"widget\" data-widget_type=\"image.default\">\n\t\t\t\t\t\t\t\t\t\t\t\t<figure class=\"wp-caption\">\n\t\t\t\t\t\t\t\t\t\t\t<a href=\"https:\/\/soymigrante.com\/mercado\/marketplace\/Yaxtransforma\">\n\t\t\t\t\t\t\t<img loading=\"lazy\" decoding=\"async\" width=\"768\" height=\"652\" src=\"https:\/\/soymigrante.com\/revista\/wp-content\/uploads\/2026\/04\/emprendedores-guatemaltecos-productos-ecologicos-sostenibles-naturales-en-mercado-7.png\" class=\"attachment-large size-large wp-image-55336\" alt=\"emprendedores guatemaltecos productos ecologicos sostenibles naturales en mercado 7\" srcset=\"https:\/\/soymigrante.com\/revista\/wp-content\/uploads\/2026\/04\/emprendedores-guatemaltecos-productos-ecologicos-sostenibles-naturales-en-mercado-7.png 863w, https:\/\/soymigrante.com\/revista\/wp-content\/uploads\/2026\/04\/emprendedores-guatemaltecos-productos-ecologicos-sostenibles-naturales-en-mercado-7-300x255.png 300w, https:\/\/soymigrante.com\/revista\/wp-content\/uploads\/2026\/04\/emprendedores-guatemaltecos-productos-ecologicos-sostenibles-naturales-en-mercado-7-768x652.png 768w, https:\/\/soymigrante.com\/revista\/wp-content\/uploads\/2026\/04\/emprendedores-guatemaltecos-productos-ecologicos-sostenibles-naturales-en-mercado-7-750x637.png 750w\" sizes=\"(max-width: 768px) 100vw, 768px\" title=\"emprendedores guatemaltecos productos ecologicos sostenibles naturales en mercado 7 \u2013 SoyMigrante.com REVISTA\" \/>\t\t\t\t\t\t\t\t<\/a>\n\t\t\t\t\t\t\t\t\t\t\t<figcaption class=\"widget-image-caption wp-caption-text\">Estos postes frenan la contaminaci\u00f3n a trav\u00e9s de la recolecci\u00f3n y reciclaje de pl\u00e1sticos. CLIC EN LA IMAGEN PARA IR A MERCADO.<\/figcaption>\n\t\t\t\t\t\t\t\t\t\t<\/figure>\n\t\t\t\t\t\t\t\t\t<\/div>\n\t\t\t\t\t<\/div>\n\t\t\t\t<\/div>\n\t\t<div data-particle_enable=\"false\" data-particle-mobile-disabled=\"false\" class=\"elementor-element elementor-element-3b3cc23 e-flex e-con-boxed e-con e-parent\" data-id=\"3b3cc23\" data-element_type=\"container\" data-e-type=\"container\">\n\t\t\t\t\t<div class=\"e-con-inner\">\n\t\t\t\t<div class=\"elementor-element elementor-element-fec8464 elementor-widget elementor-widget-heading\" data-id=\"fec8464\" data-element_type=\"widget\" data-e-type=\"widget\" data-widget_type=\"heading.default\">\n\t\t\t\t\t<h3 class=\"elementor-heading-title elementor-size-default\">Manos guatemaltecas cosechan hojas y frutos<\/h3>\t\t\t\t<\/div>\n\t\t\t\t\t<\/div>\n\t\t\t\t<\/div>\n\t\t<div data-particle_enable=\"false\" data-particle-mobile-disabled=\"false\" class=\"elementor-element elementor-element-e3cbc5c e-flex e-con-boxed e-con e-parent\" data-id=\"e3cbc5c\" data-element_type=\"container\" data-e-type=\"container\">\n\t\t\t\t\t<div class=\"e-con-inner\">\n\t\t\t\t<div class=\"elementor-element elementor-element-2eb634e elementor-widget elementor-widget-text-editor\" data-id=\"2eb634e\" data-element_type=\"widget\" data-e-type=\"widget\" data-widget_type=\"text-editor.default\">\n\t\t\t\t\t\t\t\t\t<p>Love and Tea es la comunidad de mujeres mayas que cultiva hierbas medicinales y las combina con frutas para crear sabores y experiencias \u00fanicas. Adquiere su producto en su tienda de MERCADO.<\/p>\t\t\t\t\t\t\t\t<\/div>\n\t\t\t\t\t<\/div>\n\t\t\t\t<\/div>\n\t\t<div data-particle_enable=\"false\" data-particle-mobile-disabled=\"false\" class=\"elementor-element elementor-element-091a327 e-flex e-con-boxed e-con e-parent\" data-id=\"091a327\" data-element_type=\"container\" data-e-type=\"container\">\n\t\t\t\t\t<div class=\"e-con-inner\">\n\t\t\t\t<div class=\"elementor-element elementor-element-91ec4ca elementor-widget elementor-widget-image\" data-id=\"91ec4ca\" data-element_type=\"widget\" data-e-type=\"widget\" data-widget_type=\"image.default\">\n\t\t\t\t\t\t\t\t\t\t\t\t<figure class=\"wp-caption\">\n\t\t\t\t\t\t\t\t\t\t\t<a href=\"https:\/\/soymigrante.com\/mercado\/te-infusion-28-gramos-durazno-detox\">\n\t\t\t\t\t\t\t<img fetchpriority=\"high\" decoding=\"async\" width=\"487\" height=\"349\" src=\"https:\/\/soymigrante.com\/revista\/wp-content\/uploads\/2026\/04\/emprendedores-guatemaltecos-productos-ecologicos-sostenibles-naturales-en-mercado-6.png\" class=\"attachment-large size-large wp-image-55335\" alt=\"Love &amp; Tea detox peach products: a small jar, a larger tin, and a white box with orange label and logo displayed together.\" srcset=\"https:\/\/soymigrante.com\/revista\/wp-content\/uploads\/2026\/04\/emprendedores-guatemaltecos-productos-ecologicos-sostenibles-naturales-en-mercado-6.png 487w, https:\/\/soymigrante.com\/revista\/wp-content\/uploads\/2026\/04\/emprendedores-guatemaltecos-productos-ecologicos-sostenibles-naturales-en-mercado-6-300x215.png 300w, https:\/\/soymigrante.com\/revista\/wp-content\/uploads\/2026\/04\/emprendedores-guatemaltecos-productos-ecologicos-sostenibles-naturales-en-mercado-6-120x86.png 120w, https:\/\/soymigrante.com\/revista\/wp-content\/uploads\/2026\/04\/emprendedores-guatemaltecos-productos-ecologicos-sostenibles-naturales-en-mercado-6-350x250.png 350w\" sizes=\"(max-width: 487px) 100vw, 487px\" title=\"emprendedores guatemaltecos productos ecologicos sostenibles naturales en mercado 6 \u2013 SoyMigrante.com REVISTA\" \/>\t\t\t\t\t\t\t\t<\/a>\n\t\t\t\t\t\t\t\t\t\t\t<figcaption class=\"widget-image-caption wp-caption-text\">Preparadas por manos de mujeres mayas, las infusiones Love and Tea te fascinar\u00e1n. CLIC EN LA IMAGEN PARA IR A MERCADO.<\/figcaption>\n\t\t\t\t\t\t\t\t\t\t<\/figure>\n\t\t\t\t\t\t\t\t\t<\/div>\n\t\t\t\t\t<\/div>\n\t\t\t\t<\/div>\n\t\t<div data-particle_enable=\"false\" data-particle-mobile-disabled=\"false\" class=\"elementor-element elementor-element-a32d2ae e-flex e-con-boxed e-con e-parent\" data-id=\"a32d2ae\" data-element_type=\"container\" data-e-type=\"container\">\n\t\t\t\t\t<div class=\"e-con-inner\">\n\t\t\t\t<div class=\"elementor-element elementor-element-069ab7b elementor-widget elementor-widget-heading\" data-id=\"069ab7b\" data-element_type=\"widget\" data-e-type=\"widget\" data-widget_type=\"heading.default\">\n\t\t\t\t\t<h3 class=\"elementor-heading-title elementor-size-default\">Con ingredientes 100 por ciento naturales<\/h3>\t\t\t\t<\/div>\n\t\t\t\t\t<\/div>\n\t\t\t\t<\/div>\n\t\t<div data-particle_enable=\"false\" data-particle-mobile-disabled=\"false\" class=\"elementor-element elementor-element-add8568 e-flex e-con-boxed e-con e-parent\" data-id=\"add8568\" data-element_type=\"container\" data-e-type=\"container\">\n\t\t\t\t\t<div class=\"e-con-inner\">\n\t\t\t\t<div class=\"elementor-element elementor-element-cb21b65 elementor-widget elementor-widget-text-editor\" data-id=\"cb21b65\" data-element_type=\"widget\" data-e-type=\"widget\" data-widget_type=\"text-editor.default\">\n\t\t\t\t\t\t\t\t\t<p>Con una f\u00f3rmula de la abuela comadrona, emprendedora quetzalteca ofrece alivio y bienestar con este ung\u00fcento preparado a base de hojas del bosque. Lo natural siempre es mejor.<\/p>\t\t\t\t\t\t\t\t<\/div>\n\t\t\t\t\t<\/div>\n\t\t\t\t<\/div>\n\t\t<div data-particle_enable=\"false\" data-particle-mobile-disabled=\"false\" class=\"elementor-element elementor-element-b7ec0d5 e-flex e-con-boxed e-con e-parent\" data-id=\"b7ec0d5\" data-element_type=\"container\" data-e-type=\"container\">\n\t\t\t\t\t<div class=\"e-con-inner\">\n\t\t\t\t<div class=\"elementor-element elementor-element-790d7b5 elementor-widget elementor-widget-image\" data-id=\"790d7b5\" data-element_type=\"widget\" data-e-type=\"widget\" data-widget_type=\"image.default\">\n\t\t\t\t\t\t\t\t\t\t\t\t<figure class=\"wp-caption\">\n\t\t\t\t\t\t\t\t\t\t\t<a href=\"https:\/\/soymigrante.com\/mercado\/pomada-de-las-abuelas?srsltid=AfmBOoq0Wu8nKEDBOrpnb6FoVUdTYL89lgzQRg3eh1CcHZCOdOsrAY6I\">\n\t\t\t\t\t\t\t<img loading=\"lazy\" decoding=\"async\" width=\"768\" height=\"331\" src=\"https:\/\/soymigrante.com\/revista\/wp-content\/uploads\/2026\/04\/emprendedores-guatemaltecos-productos-ecologicos-sostenibles-naturales-en-mercado-3-1140x492.png\" class=\"attachment-large size-large wp-image-55340\" alt=\"Jar of Pomada de las abuelas herbal salve with white lid among green leaves (product shot)\" srcset=\"https:\/\/soymigrante.com\/revista\/wp-content\/uploads\/2026\/04\/emprendedores-guatemaltecos-productos-ecologicos-sostenibles-naturales-en-mercado-3-1140x492.png 1140w, https:\/\/soymigrante.com\/revista\/wp-content\/uploads\/2026\/04\/emprendedores-guatemaltecos-productos-ecologicos-sostenibles-naturales-en-mercado-3-300x129.png 300w, https:\/\/soymigrante.com\/revista\/wp-content\/uploads\/2026\/04\/emprendedores-guatemaltecos-productos-ecologicos-sostenibles-naturales-en-mercado-3-768x331.png 768w, https:\/\/soymigrante.com\/revista\/wp-content\/uploads\/2026\/04\/emprendedores-guatemaltecos-productos-ecologicos-sostenibles-naturales-en-mercado-3-750x323.png 750w, https:\/\/soymigrante.com\/revista\/wp-content\/uploads\/2026\/04\/emprendedores-guatemaltecos-productos-ecologicos-sostenibles-naturales-en-mercado-3.png 1171w\" sizes=\"(max-width: 768px) 100vw, 768px\" title=\"emprendedores guatemaltecos productos ecologicos sostenibles naturales en mercado 7 \u2013 SoyMigrante.com REVISTA\" \/>\t\t\t\t\t\t\t\t<\/a>\n\t\t\t\t\t\t\t\t\t\t\t<figcaption class=\"widget-image-caption wp-caption-text\">Alivio, bienestar y sostenibilidad en la Pomada de las Abuelas. CLIC EN LA IMAGEN PARA IR A MERCADO.<\/figcaption>\n\t\t\t\t\t\t\t\t\t\t<\/figure>\n\t\t\t\t\t\t\t\t\t<\/div>\n\t\t\t\t\t<\/div>\n\t\t\t\t<\/div>\n\t\t<div data-particle_enable=\"false\" data-particle-mobile-disabled=\"false\" class=\"elementor-element elementor-element-9fdb05b e-flex e-con-boxed e-con e-parent\" data-id=\"9fdb05b\" data-element_type=\"container\" data-e-type=\"container\">\n\t\t\t\t\t<div class=\"e-con-inner\">\n\t\t\t\t<div class=\"elementor-element elementor-element-1562499 elementor-widget elementor-widget-heading\" data-id=\"1562499\" data-element_type=\"widget\" data-e-type=\"widget\" data-widget_type=\"heading.default\">\n\t\t\t\t\t<h3 class=\"elementor-heading-title elementor-size-default\">El sabor de nuestra tierra<\/h3>\t\t\t\t<\/div>\n\t\t\t\t\t<\/div>\n\t\t\t\t<\/div>\n\t\t<div data-particle_enable=\"false\" data-particle-mobile-disabled=\"false\" class=\"elementor-element elementor-element-b739247 e-flex e-con-boxed e-con e-parent\" data-id=\"b739247\" data-element_type=\"container\" data-e-type=\"container\">\n\t\t\t\t\t<div class=\"e-con-inner\">\n\t\t\t\t<div class=\"elementor-element elementor-element-157f56c elementor-widget elementor-widget-text-editor\" data-id=\"157f56c\" data-element_type=\"widget\" data-e-type=\"widget\" data-widget_type=\"text-editor.default\">\n\t\t\t\t\t\t\t\t\t<p>Extra\u00edda de las entra\u00f1as de la tierra en San Mateo Ixtat\u00e1n, Huehuetenango, la Sal Negra es un ingrediente fascinante que tambi\u00e9n puede ser un regalo muy original lleno de saz\u00f3n. P\u00eddelo ac\u00e1.<\/p>\t\t\t\t\t\t\t\t<\/div>\n\t\t\t\t\t<\/div>\n\t\t\t\t<\/div>\n\t\t<div data-particle_enable=\"false\" data-particle-mobile-disabled=\"false\" class=\"elementor-element elementor-element-eb80cbb e-flex e-con-boxed e-con e-parent\" data-id=\"eb80cbb\" data-element_type=\"container\" data-e-type=\"container\">\n\t\t\t\t\t<div class=\"e-con-inner\">\n\t\t\t\t<div class=\"elementor-element elementor-element-81e566c elementor-widget elementor-widget-image\" data-id=\"81e566c\" data-element_type=\"widget\" data-e-type=\"widget\" data-widget_type=\"image.default\">\n\t\t\t\t\t\t\t\t\t\t\t\t<figure class=\"wp-caption\">\n\t\t\t\t\t\t\t\t\t\t\t<a href=\"https:\/\/soymigrante.com\/mercado\/sal-negra-artesanal-de-san-mateo-ixtatan-molida-sabor-y-tradicion-ancestral-1-lb\">\n\t\t\t\t\t\t\t<img loading=\"lazy\" decoding=\"async\" width=\"768\" height=\"419\" src=\"https:\/\/soymigrante.com\/revista\/wp-content\/uploads\/2026\/04\/emprendedores-guatemaltecos-productos-ecologicos-sostenibles-naturales-en-mercado-9.png\" class=\"attachment-large size-large wp-image-55343\" alt=\"Sal Negra artesanal de San Mateo Ixtat\u00e1n (1 lb) con precio Q40.00 y opciones para agregar al carrito o comprar ahora.\" srcset=\"https:\/\/soymigrante.com\/revista\/wp-content\/uploads\/2026\/04\/emprendedores-guatemaltecos-productos-ecologicos-sostenibles-naturales-en-mercado-9.png 1022w, https:\/\/soymigrante.com\/revista\/wp-content\/uploads\/2026\/04\/emprendedores-guatemaltecos-productos-ecologicos-sostenibles-naturales-en-mercado-9-300x164.png 300w, https:\/\/soymigrante.com\/revista\/wp-content\/uploads\/2026\/04\/emprendedores-guatemaltecos-productos-ecologicos-sostenibles-naturales-en-mercado-9-768x419.png 768w, https:\/\/soymigrante.com\/revista\/wp-content\/uploads\/2026\/04\/emprendedores-guatemaltecos-productos-ecologicos-sostenibles-naturales-en-mercado-9-750x409.png 750w\" sizes=\"(max-width: 768px) 100vw, 768px\" title=\"emprendedores guatemaltecos productos ecologicos sostenibles naturales en mercado (3) \u2013 SoyMigrante.com REVISTA\" \/>\t\t\t\t\t\t\t\t<\/a>\n\t\t\t\t\t\t\t\t\t\t\t<figcaption class=\"widget-image-caption wp-caption-text\">emprendedores guatemaltecos productos ecologicos sostenibles naturales en mercado (3)<\/figcaption>\n\t\t\t\t\t\t\t\t\t\t<\/figure>\n\t\t\t\t\t\t\t\t\t<\/div>\n\t\t\t\t\t<\/div>\n\t\t\t\t<\/div>\n\t\t<div data-particle_enable=\"false\" data-particle-mobile-disabled=\"false\" class=\"elementor-element elementor-element-cc3db36 e-flex e-con-boxed e-con e-parent\" data-id=\"cc3db36\" data-element_type=\"container\" data-e-type=\"container\">\n\t\t\t\t\t<div class=\"e-con-inner\">\n\t\t\t\t<div class=\"elementor-element elementor-element-360d551 elementor-widget elementor-widget-heading\" data-id=\"360d551\" data-element_type=\"widget\" data-e-type=\"widget\" data-widget_type=\"heading.default\">\n\t\t\t\t\t<h3 class=\"elementor-heading-title elementor-size-default\">Detr\u00e1s de cada emprendimiento guatemalteco siempre hay una historia de inspiraci\u00f3n<\/h3>\t\t\t\t<\/div>\n\t\t\t\t\t<\/div>\n\t\t\t\t<\/div>\n\t\t<div data-particle_enable=\"false\" data-particle-mobile-disabled=\"false\" class=\"elementor-element elementor-element-ac6ce7e e-flex e-con-boxed e-con e-parent\" data-id=\"ac6ce7e\" data-element_type=\"container\" data-e-type=\"container\">\n\t\t\t\t\t<div class=\"e-con-inner\">\n\t\t\t\t<div class=\"elementor-element elementor-element-9290cd6 elementor-grid-eael-col-3 elementor-grid-tablet-eael-col-2 elementor-grid-mobile-eael-col-1 elementor-widget elementor-widget-eael-post-grid\" data-id=\"9290cd6\" data-element_type=\"widget\" data-e-type=\"widget\" data-settings=\"{&quot;eael_post_grid_columns&quot;:&quot;eael-col-3&quot;,&quot;eael_post_grid_columns_tablet&quot;:&quot;eael-col-2&quot;,&quot;eael_post_grid_columns_mobile&quot;:&quot;eael-col-1&quot;}\" data-widget_type=\"eael-post-grid.default\">\n\t\t\t\t\t<div id=\"eael-post-grid-9290cd6\" class=\"eael-post-grid-container\">\n            <div class=\"eael-post-grid eael-post-appender eael-post-appender-9290cd6 eael-post-grid-style-one\" data-layout-mode=\"masonry\"><article class=\"eael-grid-post  eael-post-grid-column eael-pg-post-15372 category-guate-nuestra tags-mercado-emprendedores\" data-id=\"15372\">\n        <div class=\"eael-grid-post-holder\">\n            <div class=\"eael-grid-post-holder-inner\"><div class=\"eael-entry-media\"><div class=\"eael-entry-overlay fade-in\"><i class=\"far fa-hand-pointer\" aria-hidden=\"true\"><\/i><a href=\"https:\/\/soymigrante.com\/revista\/regina-ruiz-borda-con-amor-y-dedicacion-en-yumei\/\"><\/a><\/div><div class=\"eael-entry-thumbnail eael-image-ratio\">\n                <img loading=\"lazy\" decoding=\"async\" width=\"774\" height=\"1024\" src=\"https:\/\/soymigrante.com\/revista\/wp-content\/uploads\/2024\/12\/Regina-Ruiz-es-una-emprendedora-que-hila-con-amor-2-774x1024.jpeg\" class=\"attachment-large size-large wp-image-15374\" alt=\"A mujer cosiendo bordado en bastidor, proyecto de arte y manualidades, t\u00e9cnica de costura creativa y habilidades tradicionales, en un ambiente de trabajo artesanal.\" \/>\n            <\/div>\n        <\/div><div class=\"eael-entry-wrapper\"><header class=\"eael-entry-header\"><h2 class=\"eael-entry-title\"><a class=\"eael-grid-post-link\" href=\"https:\/\/soymigrante.com\/revista\/regina-ruiz-borda-con-amor-y-dedicacion-en-yumei\/\" title=\"Regina Ruiz ofrece art\u00edculos bordados con dedicaci\u00f3n y amor en Yumei\">Regina Ruiz ofrece art\u00edculos bordados con dedicaci\u00f3n y amor en Yumei<\/a><\/h2><\/header><div class=\"eael-entry-content\">\n                        <div class=\"eael-grid-post-excerpt\"><a href=\"https:\/\/soymigrante.com\/revista\/regina-ruiz-borda-con-amor-y-dedicacion-en-yumei\/\" class=\"eael-post-elements-readmore-btn\">CONOCE SU HISTORIA <\/a><\/div>\n                    <\/div><\/div><\/div>\n        <\/div>\n    <\/article><article class=\"eael-grid-post  eael-post-grid-column eael-pg-post-10385 category-guate-nuestra tags-mercado-emprendedores\" data-id=\"10385\">\n        <div class=\"eael-grid-post-holder\">\n            <div class=\"eael-grid-post-holder-inner\"><div class=\"eael-entry-media\"><div class=\"eael-entry-overlay fade-in\"><i class=\"far fa-hand-pointer\" aria-hidden=\"true\"><\/i><a href=\"https:\/\/soymigrante.com\/revista\/cooperativa-yax-transforma-una-planta-recicladora-en-huehuetenango-que-crea-y-genera-empleo\/\"><\/a><\/div><div class=\"eael-entry-thumbnail eael-image-ratio\">\n                <img loading=\"lazy\" decoding=\"async\" width=\"1024\" height=\"1024\" src=\"https:\/\/soymigrante.com\/revista\/wp-content\/uploads\/2024\/10\/yax-transforma-1024x1024.webp\" class=\"attachment-large size-large wp-image-10489\" alt=\"Transformaci\u00f3n social en eventos de SoyMigrante.com REVISTA, promoviendo inclusi\u00f3n y derechos de migrantes en Am\u00e9rica Latina.\" srcset=\"https:\/\/soymigrante.com\/revista\/wp-content\/uploads\/2024\/10\/yax-transforma-1024x1024.webp 1024w, https:\/\/soymigrante.com\/revista\/wp-content\/uploads\/2024\/10\/yax-transforma-300x300.webp 300w, https:\/\/soymigrante.com\/revista\/wp-content\/uploads\/2024\/10\/yax-transforma-150x150.webp 150w, https:\/\/soymigrante.com\/revista\/wp-content\/uploads\/2024\/10\/yax-transforma-768x768.webp 768w, https:\/\/soymigrante.com\/revista\/wp-content\/uploads\/2024\/10\/yax-transforma-75x75.webp 75w, https:\/\/soymigrante.com\/revista\/wp-content\/uploads\/2024\/10\/yax-transforma-750x750.webp 750w, https:\/\/soymigrante.com\/revista\/wp-content\/uploads\/2024\/10\/yax-transforma.webp 1049w\" sizes=\"(max-width: 1024px) 100vw, 1024px\" \/>\n            <\/div>\n        <\/div><div class=\"eael-entry-wrapper\"><header class=\"eael-entry-header\"><h2 class=\"eael-entry-title\"><a class=\"eael-grid-post-link\" href=\"https:\/\/soymigrante.com\/revista\/cooperativa-yax-transforma-una-planta-recicladora-en-huehuetenango-que-crea-y-genera-empleo\/\" title=\"Yax Transforma recolecta pl\u00e1stico y lo convierte en tablas, mesas, postes y&#8230; empleos\">Yax Transforma recolecta pl\u00e1stico y lo convierte en tablas, mesas, postes y&#8230; empleos<\/a><\/h2><\/header><div class=\"eael-entry-content\">\n                        <div class=\"eael-grid-post-excerpt\"><a href=\"https:\/\/soymigrante.com\/revista\/cooperativa-yax-transforma-una-planta-recicladora-en-huehuetenango-que-crea-y-genera-empleo\/\" class=\"eael-post-elements-readmore-btn\">CONOCE SU HISTORIA <\/a><\/div>\n                    <\/div><\/div><\/div>\n        <\/div>\n    <\/article><article class=\"eael-grid-post  eael-post-grid-column eael-pg-post-20419 category-guate-nuestra tags-mercado-emprendedores\" data-id=\"20419\">\n        <div class=\"eael-grid-post-holder\">\n            <div class=\"eael-grid-post-holder-inner\"><div class=\"eael-entry-media\"><div class=\"eael-entry-overlay fade-in\"><i class=\"far fa-hand-pointer\" aria-hidden=\"true\"><\/i><a href=\"https:\/\/soymigrante.com\/revista\/calzado-ninnke-nacio-del-amor-de-una-mama-y-la-pasion-por-crear-un-estilo-unico\/\"><\/a><\/div><div class=\"eael-entry-thumbnail eael-image-ratio\">\n                <img loading=\"lazy\" decoding=\"async\" width=\"960\" height=\"960\" src=\"https:\/\/soymigrante.com\/revista\/wp-content\/uploads\/2025\/01\/ninnke-zapatos.webp\" class=\"attachment-large size-large wp-image-20421\" alt=\"Zapatos de tac\u00f3n dorados y pantalones blancos casuales con blusa azul claro, sentada en una silla en una tienda de zapatos con exhibici\u00f3n de sandalias y gafas en el fondo.\" srcset=\"https:\/\/soymigrante.com\/revista\/wp-content\/uploads\/2025\/01\/ninnke-zapatos.webp 960w, https:\/\/soymigrante.com\/revista\/wp-content\/uploads\/2025\/01\/ninnke-zapatos-300x300.jpg 300w, https:\/\/soymigrante.com\/revista\/wp-content\/uploads\/2025\/01\/ninnke-zapatos-150x150.jpg 150w, https:\/\/soymigrante.com\/revista\/wp-content\/uploads\/2025\/01\/ninnke-zapatos-768x768.jpg 768w, https:\/\/soymigrante.com\/revista\/wp-content\/uploads\/2025\/01\/ninnke-zapatos-75x75.webp 75w, https:\/\/soymigrante.com\/revista\/wp-content\/uploads\/2025\/01\/ninnke-zapatos-750x750.webp 750w\" sizes=\"(max-width: 960px) 100vw, 960px\" \/>\n            <\/div>\n        <\/div><div class=\"eael-entry-wrapper\"><header class=\"eael-entry-header\"><h2 class=\"eael-entry-title\"><a class=\"eael-grid-post-link\" href=\"https:\/\/soymigrante.com\/revista\/calzado-ninnke-nacio-del-amor-de-una-mama-y-la-pasion-por-crear-un-estilo-unico\/\" title=\"Calzado Ninnke naci\u00f3 del amor de una mam\u00e1 y la pasi\u00f3n por crear un estilo \u00fanico: ahora est\u00e1 en MERCADO\">Calzado Ninnke naci\u00f3 del amor de una mam\u00e1 y la pasi\u00f3n por crear un estilo \u00fanico: ahora est\u00e1 en MERCADO<\/a><\/h2><\/header><div class=\"eael-entry-content\">\n                        <div class=\"eael-grid-post-excerpt\"><a href=\"https:\/\/soymigrante.com\/revista\/calzado-ninnke-nacio-del-amor-de-una-mama-y-la-pasion-por-crear-un-estilo-unico\/\" class=\"eael-post-elements-readmore-btn\">CONOCE SU HISTORIA <\/a><\/div>\n                    <\/div><\/div><\/div>\n        <\/div>\n    <\/article><\/div>\n            <div class=\"clearfix\"><\/div>\n        <\/div>            <div class=\"eael-load-more-button-wrap eael-force-hide\">\n                <button class=\"eael-load-more-button\" id=\"eael-load-more-btn-9290cd6\" data-widget-id=\"9290cd6\" data-widget=\"9290cd6\" data-page-id=\"55324\" data-template=\"{&quot;dir&quot;:&quot;lite&quot;,&quot;file_name&quot;:&quot;one.php&quot;,&quot;name&quot;:&quot;Post-Grid&quot;}\" data-class=\"Essential_Addons_Elementor\\Elements\\Post_Grid\" data-layout=\"masonry\" data-page=\"1\" data-args=\"orderby=meta_value_num&amp;order=desc&amp;ignore_sticky_posts=1&amp;post_status=publish&amp;posts_per_page=3&amp;offset=0&amp;post_type=post&amp;tax_query%5B0%5D%5Btaxonomy%5D=post_tag&amp;tax_query%5B0%5D%5Bfield%5D=term_id&amp;tax_query%5B0%5D%5Bterms%5D%5B0%5D=130&amp;tax_query%5Brelation%5D=AND&amp;meta_key=_eael_post_view_count\" data-max-page=\"35\">\n                    <span class=\"eael-btn-loader button__loader\"><\/span>\n                    <span class=\"eael_load_more_text\">Load More<\/span>\n                <\/button>\n            <\/div>\n            \t\t\t\t<\/div>\n\t\t\t\t\t<\/div>\n\t\t\t\t<\/div>\n\t\t\t\t<\/div>\n\t\t","protected":false},"excerpt":{"rendered":"<p>Productos sostenibles, ecol\u00f3gicos, elaborados por manos guatemaltecas a partir de ingredientes naturales: apoya su ingenio y disfruta experiencias positivas. En el D\u00eda de la Tierra \u2014que en realidad es todos los d\u00edas\u2014 elegir productos naturales guatemaltecos es una forma concreta de cuidar el entorno y fortalecer econom\u00edas locales. Detr\u00e1s de cada art\u00edculo hay manos que [&hellip;]<\/p>\n","protected":false},"author":1,"featured_media":55331,"comment_status":"open","ping_status":"open","sticky":false,"template":"","format":"standard","meta":{"_acf_changed":false,"_eb_attr":"","footnotes":""},"categories":[58],"tags":[],"class_list":["post-55324","post","type-post","status-publish","format-standard","has-post-thumbnail","hentry","category-guate-nuestra"],"acf":[],"aioseo_notices":[],"aioseo_head":"\n\t\t<!-- All in One SEO Pro 4.9.6.2 - aioseo.com -->\n\t<meta name=\"description\" content=\"Mar\u00eda Jer\u00f3nimo dise\u00f1a por las noches los zapatos que fabricar\u00e1 ma\u00f1ana. Estilos novedosos, calidad y comodidad se conjugan en su marca Ninnke, ahora en MERCADO\" \/>\n\t<meta name=\"robots\" content=\"max-snippet:-1, max-image-preview:large, max-video-preview:-1\" \/>\n\t<meta name=\"author\" content=\"Gustavo Montenegro\"\/>\n\t<link rel=\"canonical\" href=\"https:\/\/soymigrante.com\/revista\/calzado-ninnke-nacio-del-amor-de-una-mama-y-la-pasion-por-crear-un-estilo-unico\/\" \/>\n\t<meta name=\"generator\" content=\"All in One SEO Pro (AIOSEO) 4.9.6.2\" \/>\n\n\t\t<link rel=\"preconnect\" href=\"https:\/\/fonts.googleapis.com\" crossorigin>\n<link rel=\"preconnect\" href=\"https:\/\/fonts.gstatic.com\" crossorigin>\n\t\t<meta property=\"og:locale\" content=\"es_ES\" \/>\n\t\t<meta property=\"og:site_name\" content=\"SoyMigrante.com REVISTA \u2013 Nuestra misi\u00f3n es reconocer y dignificar al migrante.\" \/>\n\t\t<meta property=\"og:type\" content=\"article\" \/>\n\t\t<meta property=\"og:title\" content=\"Calzado Ninnke naci\u00f3 del amor de una mam\u00e1 muy creativa\" \/>\n\t\t<meta property=\"og:description\" content=\"Mar\u00eda Jer\u00f3nimo dise\u00f1a por las noches los zapatos que fabricar\u00e1 ma\u00f1ana. Estilos novedosos, calidad y comodidad se conjugan en su marca Ninnke, ahora en MERCADO\" \/>\n\t\t<meta property=\"og:url\" content=\"https:\/\/soymigrante.com\/revista\/calzado-ninnke-nacio-del-amor-de-una-mama-y-la-pasion-por-crear-un-estilo-unico\/\" \/>\n\t\t<meta property=\"og:image\" content=\"https:\/\/soymigrante.com\/revista\/wp-content\/uploads\/2025\/01\/ninnke-zapatos.webp\" \/>\n\t\t<meta property=\"og:image:secure_url\" content=\"https:\/\/soymigrante.com\/revista\/wp-content\/uploads\/2025\/01\/ninnke-zapatos.webp\" \/>\n\t\t<meta property=\"og:image:width\" content=\"960\" \/>\n\t\t<meta property=\"og:image:height\" content=\"960\" \/>\n\t\t<meta property=\"article:published_time\" content=\"2025-01-13T13:00:00+00:00\" \/>\n\t\t<meta property=\"article:modified_time\" content=\"2025-01-20T20:33:23+00:00\" \/>\n\t\t<meta property=\"article:publisher\" content=\"https:\/\/www.facebook.com\/soymigrantecom\" \/>\n\t\t<meta name=\"twitter:card\" content=\"summary_large_image\" \/>\n\t\t<meta name=\"twitter:site\" content=\"@SoyMigrante_com\" \/>\n\t\t<meta name=\"twitter:title\" content=\"Calzado Ninnke naci\u00f3 del amor de una mam\u00e1 muy creativa\" \/>\n\t\t<meta name=\"twitter:description\" content=\"Mar\u00eda Jer\u00f3nimo dise\u00f1a por las noches los zapatos que fabricar\u00e1 ma\u00f1ana. Estilos novedosos, calidad y comodidad se conjugan en su marca Ninnke, ahora en MERCADO\" \/>\n\t\t<meta name=\"twitter:creator\" content=\"@SoyMigrante_com\" \/>\n\t\t<meta name=\"twitter:image\" content=\"https:\/\/soymigrante.com\/revista\/wp-content\/uploads\/2025\/01\/ninnke-zapatos.webp\" \/>\n\t\t<!-- All in One SEO Pro -->\r\n\t\t<title>Calzado Ninnke naci\u00f3 del amor de una mam\u00e1 muy creativa<\/title>\n\n","aioseo_head_json":{"title":"Calzado Ninnke naci\u00f3 del amor de una mam\u00e1 muy creativa","description":"Mar\u00eda Jer\u00f3nimo dise\u00f1a por las noches los zapatos que fabricar\u00e1 ma\u00f1ana. Estilos novedosos, calidad y comodidad se conjugan en su marca Ninnke, ahora en MERCADO","canonical_url":"https:\/\/soymigrante.com\/revista\/calzado-ninnke-nacio-del-amor-de-una-mama-y-la-pasion-por-crear-un-estilo-unico\/","robots":"max-snippet:-1, max-image-preview:large, max-video-preview:-1","keywords":"","webmasterTools":{"miscellaneous":"&lt;link rel=\"preconnect\" href=\"https:\/\/fonts.googleapis.com\" crossorigin&gt;\n&lt;link rel=\"preconnect\" href=\"https:\/\/fonts.gstatic.com\" crossorigin&gt;"},"schema":null,"og:locale":"es_ES","og:site_name":"SoyMigrante.com REVISTA \u2013 Nuestra misi\u00f3n es reconocer y dignificar al migrante.","og:type":"article","og:title":"Calzado Ninnke naci\u00f3 del amor de una mam\u00e1 muy creativa","og:description":"Mar\u00eda Jer\u00f3nimo dise\u00f1a por las noches los zapatos que fabricar\u00e1 ma\u00f1ana. Estilos novedosos, calidad y comodidad se conjugan en su marca Ninnke, ahora en MERCADO","og:url":"https:\/\/soymigrante.com\/revista\/calzado-ninnke-nacio-del-amor-de-una-mama-y-la-pasion-por-crear-un-estilo-unico\/","og:image":"https:\/\/soymigrante.com\/revista\/wp-content\/uploads\/2025\/01\/ninnke-zapatos.webp","og:image:secure_url":"https:\/\/soymigrante.com\/revista\/wp-content\/uploads\/2025\/01\/ninnke-zapatos.webp","og:image:width":960,"og:image:height":960,"article:published_time":"2025-01-13T13:00:00+00:00","article:modified_time":"2025-01-20T20:33:23+00:00","article:publisher":"https:\/\/www.facebook.com\/soymigrantecom","twitter:card":"summary_large_image","twitter:site":"@SoyMigrante_com","twitter:title":"Calzado Ninnke naci\u00f3 del amor de una mam\u00e1 muy creativa","twitter:description":"Mar\u00eda Jer\u00f3nimo dise\u00f1a por las noches los zapatos que fabricar\u00e1 ma\u00f1ana. Estilos novedosos, calidad y comodidad se conjugan en su marca Ninnke, ahora en MERCADO","twitter:creator":"@SoyMigrante_com","twitter:image":"https:\/\/soymigrante.com\/revista\/wp-content\/uploads\/2025\/01\/ninnke-zapatos.webp"},"aioseo_meta_data":{"post_id":"55324","title":"D\u00eda de la Tierra: Prefiere productos naturales guatemaltecos","description":"Celebra el D\u00eda de la Tierra todos los d\u00edas, con productos naturales, ecol\u00f3gicos, sostenibles producidos por emprendedores guatemaltecos. Siete sugerencias.","keywords":null,"keyphrases":{"focus":{"keyphrase":"D\u00eda de la Tierra","score":91,"analysis":{"keyphraseInTitle":{"score":9,"maxScore":9,"error":0},"keyphraseInDescription":{"score":9,"maxScore":9,"error":0},"keyphraseLength":{"score":6,"maxScore":9,"error":1,"length":5},"keyphraseInURL":{"score":5,"maxScore":5,"error":0}}},"additional":[{"keyphrase":"Emprendedores","score":100,"analysis":{"keyphraseInDescription":{"score":9,"maxScore":9,"error":0},"keyphraseLength":{"score":9,"maxScore":9,"error":0,"length":1}}},{"keyphrase":"Guatemaltecos","score":100,"analysis":{"keyphraseInDescription":{"score":9,"maxScore":9,"error":0},"keyphraseLength":{"score":9,"maxScore":9,"error":0,"length":1}}}]},"primary_term":null,"canonical_url":null,"og_title":null,"og_description":null,"og_object_type":"default","og_image_type":"default","og_image_url":null,"og_image_width":null,"og_image_height":null,"og_image_custom_url":null,"og_image_custom_fields":null,"og_video":"","og_custom_url":null,"og_article_section":null,"og_article_tags":null,"twitter_use_og":false,"twitter_card":"default","twitter_image_type":"default","twitter_image_url":null,"twitter_image_custom_url":null,"twitter_image_custom_fields":null,"twitter_title":null,"twitter_description":null,"schema":{"blockGraphs":[],"customGraphs":[],"default":{"data":{"Article":[],"Course":[],"Dataset":[],"FAQPage":[],"Movie":[],"Person":[],"Product":[],"ProductReview":[],"Car":[],"Recipe":[],"Service":[],"SoftwareApplication":[],"WebPage":[]},"graphName":"NewsArticle","isEnabled":true},"graphs":[]},"schema_type":"default","schema_type_options":null,"pillar_content":false,"robots_default":true,"robots_noindex":false,"robots_noarchive":false,"robots_nosnippet":false,"robots_nofollow":false,"robots_noimageindex":false,"robots_noodp":false,"robots_notranslate":false,"robots_max_snippet":"-1","robots_max_videopreview":"-1","robots_max_imagepreview":"large","priority":null,"frequency":"default","local_seo":null,"seo_analyzer_scan_date":null,"breadcrumb_settings":null,"limit_modified_date":false,"reviewed_by":"0","open_ai":null,"ai":{"faqs":[],"keyPoints":[],"schemas":[],"titles":[],"descriptions":[],"socialPosts":{"email":[],"linkedin":[],"twitter":[],"facebook":[],"instagram":[]}},"created":"2026-04-22 14:16:52","updated":"2026-04-22 16:25:35"},"aioseo_breadcrumb":"<div class=\"aioseo-breadcrumbs\"><span class=\"aioseo-breadcrumb\">\n\t<a href=\"https:\/\/soymigrante.com\/revista\" title=\"Home\">Home<\/a>\n<\/span><span class=\"aioseo-breadcrumb-separator\">\u00bb<\/span><span class=\"aioseo-breadcrumb\">\n\t<a href=\"https:\/\/soymigrante.com\/revista\/category\/guate-nuestra\/\" title=\"Guate Nuestra\">Guate Nuestra<\/a>\n<\/span><span class=\"aioseo-breadcrumb-separator\">\u00bb<\/span><span class=\"aioseo-breadcrumb\">\n\tD\u00eda de la Tierra todos los d\u00edas: productos guatemaltecos naturales y aut\u00e9nticos en MERCADO\n<\/span><\/div>","aioseo_breadcrumb_json":[{"label":"Home","link":"https:\/\/soymigrante.com\/revista"},{"label":"Guate Nuestra","link":"https:\/\/soymigrante.com\/revista\/category\/guate-nuestra\/"},{"label":"D\u00eda de la Tierra todos los d\u00edas: productos guatemaltecos naturales y aut\u00e9nticos en MERCADO","link":"https:\/\/soymigrante.com\/revista\/dia-de-la-tierra-todos-los-dias-productos-guatemaltecos-naturales-y-autenticos-en-mercado\/"}],"_links":{"self":[{"href":"https:\/\/soymigrante.com\/revista\/wp-json\/wp\/v2\/posts\/55324","targetHints":{"allow":["GET"]}}],"collection":[{"href":"https:\/\/soymigrante.com\/revista\/wp-json\/wp\/v2\/posts"}],"about":[{"href":"https:\/\/soymigrante.com\/revista\/wp-json\/wp\/v2\/types\/post"}],"author":[{"embeddable":true,"href":"https:\/\/soymigrante.com\/revista\/wp-json\/wp\/v2\/users\/1"}],"replies":[{"embeddable":true,"href":"https:\/\/soymigrante.com\/revista\/wp-json\/wp\/v2\/comments?post=55324"}],"version-history":[{"count":13,"href":"https:\/\/soymigrante.com\/revista\/wp-json\/wp\/v2\/posts\/55324\/revisions"}],"predecessor-version":[{"id":55355,"href":"https:\/\/soymigrante.com\/revista\/wp-json\/wp\/v2\/posts\/55324\/revisions\/55355"}],"wp:featuredmedia":[{"embeddable":true,"href":"https:\/\/soymigrante.com\/revista\/wp-json\/wp\/v2\/media\/55331"}],"wp:attachment":[{"href":"https:\/\/soymigrante.com\/revista\/wp-json\/wp\/v2\/media?parent=55324"}],"wp:term":[{"taxonomy":"category","embeddable":true,"href":"https:\/\/soymigrante.com\/revista\/wp-json\/wp\/v2\/categories?post=55324"},{"taxonomy":"post_tag","embeddable":true,"href":"https:\/\/soymigrante.com\/revista\/wp-json\/wp\/v2\/tags?post=55324"}],"curies":[{"name":"wp","href":"https:\/\/api.w.org\/{rel}","templated":true}]}}