{"id":55310,"date":"2026-04-22T07:33:02","date_gmt":"2026-04-22T13:33:02","guid":{"rendered":"https:\/\/soymigrante.com\/revista\/?p=55310"},"modified":"2026-04-22T07:36:04","modified_gmt":"2026-04-22T13:36:04","slug":"refugio-natural-cerca-de-la-capital-la-reserva-ecologica-senderos-de-alux-en-sacatepequez","status":"publish","type":"post","link":"https:\/\/soymigrante.com\/revista\/refugio-natural-cerca-de-la-capital-la-reserva-ecologica-senderos-de-alux-en-sacatepequez\/","title":{"rendered":"Refugio natural cerca de la capital: La reserva ecol\u00f3gica Senderos de Alux en Sacatep\u00e9quez"},"content":{"rendered":"\t\t<div data-elementor-type=\"wp-post\" data-elementor-id=\"55310\" class=\"elementor elementor-55310\" data-elementor-post-type=\"post\">\n\t\t\t\t<div data-particle_enable=\"false\" data-particle-mobile-disabled=\"false\" class=\"elementor-element elementor-element-e8d8bc9 e-flex e-con-boxed e-con e-parent\" data-id=\"e8d8bc9\" data-element_type=\"container\" data-e-type=\"container\">\n\t\t\t\t\t<div class=\"e-con-inner\">\n\t\t\t\t<div class=\"elementor-element elementor-element-12cfab0 elementor-widget elementor-widget-heading\" data-id=\"12cfab0\" data-element_type=\"widget\" data-e-type=\"widget\" data-widget_type=\"heading.default\">\n\t\t\t\t\t<h3 class=\"elementor-heading-title elementor-size-default\">\u00bfCon poco tiempo para viajar pero muchas ganas de relajarte y disfrutar del bosque guatemalteco? La reserva natural Senderos de Alux est\u00e1 entre Guatemala y Sacatep\u00e9quez. Aqu\u00ed todos los d\u00edas se vive el D\u00eda de la Tierra. Conoce m\u00e1s.<\/h3>\t\t\t\t<\/div>\n\t\t\t\t\t<\/div>\n\t\t\t\t<\/div>\n\t\t<div data-particle_enable=\"false\" data-particle-mobile-disabled=\"false\" class=\"elementor-element elementor-element-2112f9a e-flex e-con-boxed e-con e-parent\" data-id=\"2112f9a\" data-element_type=\"container\" data-e-type=\"container\">\n\t\t\t\t\t<div class=\"e-con-inner\">\n\t\t\t\t<div class=\"elementor-element elementor-element-8bc2ea9 elementor-widget elementor-widget-text-editor\" data-id=\"8bc2ea9\" data-element_type=\"widget\" data-e-type=\"widget\" data-widget_type=\"text-editor.default\">\n\t\t\t\t\t\t\t\t\t<p>Hay lugares que, al visitarlos, se sienten m\u00e1s all\u00e1 del coraz\u00f3n. Entre la ciudad de <a href=\"https:\/\/soymigrante.com\/revista\/capital-de-guatemala-ha-tenido-cuatro-ubicaciones-en-500-anos-cuando-como-historia\/\">Guatemala <\/a>y <a href=\"https:\/\/soymigrante.com\/revista\/departamentos-de-guatemala-sacatepequez-surgio-en-1839-y-alguna-vez-tuvo-hasta-24-municipios\/\">Sacatep\u00e9quez <\/a>existe un espacio donde todos los d\u00edas son <a href=\"https:\/\/soymigrante.com\/revista\/dia-de-la-tierra-10-joyas-naturales-de-guatemala-que-se-necesita-proteger-y-conservar\/\">D\u00eda de la Tierra<\/a>: la naturaleza parece hacer magia y el tiempo se detiene; los pendientes dejan de existir y el mundo, de pronto, avanza m\u00e1s lento: el parque Senderos de Alux, en San Lucas Sacatep\u00e9quez.\u00a0<\/p><p>Ubicado entre los municipios de Mixco, San Lucas Sacatep\u00e9quez (kil\u00f3metro 26.2 de la ruta Interamericana ) y San Juan Sacatep\u00e9quez, este pulm\u00f3n verde se extiende como un refugio natural que protege no solo especies, sino tambi\u00e9n experiencias. El Cerro Alux no es \u00fanicamente un parque: es una de las <a href=\"https:\/\/soymigrante.com\/revista\/tag\/guatemala-pais-megadiverso\/\">reservas<\/a> m\u00e1s importantes para el equilibrio ambiental de la ciudad y aprovisionamiento de agua.<\/p><p><b><a href=\"https:\/\/maps.app.goo.gl\/G4PaDX6dmRyQH6WJ9\">Vista 360 de Google Maps: para que te animes a ir:<\/a><\/b><\/p>\t\t\t\t\t\t\t\t<\/div>\n\t\t\t\t\t<\/div>\n\t\t\t\t<\/div>\n\t\t<div data-particle_enable=\"false\" data-particle-mobile-disabled=\"false\" class=\"elementor-element elementor-element-455902a e-flex e-con-boxed e-con e-parent\" data-id=\"455902a\" data-element_type=\"container\" data-e-type=\"container\">\n\t\t\t\t\t<div class=\"e-con-inner\">\n\t\t\t\t<div class=\"elementor-element elementor-element-ebb4268 elementor-widget elementor-widget-html\" data-id=\"ebb4268\" data-element_type=\"widget\" data-e-type=\"widget\" data-widget_type=\"html.default\">\n\t\t\t\t\t<iframe src=\"https:\/\/www.google.com\/maps\/embed?pb=!4v1776863899808!6m8!1m7!1sCAoSF0NJSE0wb2dLRUlDQWdJRDRyTy1KcEFF!2m2!1d14.60702418704422!2d-90.63657838373278!3f193.4307402893053!4f2.619168550057438!5f0.7820865974627469\" width=\"600\" height=\"450\" style=\"border:0;\" allowfullscreen=\"\" loading=\"lazy\" referrerpolicy=\"no-referrer-when-downgrade\"><\/iframe>\t\t\t\t<\/div>\n\t\t\t\t\t<\/div>\n\t\t\t\t<\/div>\n\t\t<div data-particle_enable=\"false\" data-particle-mobile-disabled=\"false\" class=\"elementor-element elementor-element-e94dff9 e-flex e-con-boxed e-con e-parent\" data-id=\"e94dff9\" data-element_type=\"container\" data-e-type=\"container\">\n\t\t\t\t\t<div class=\"e-con-inner\">\n\t\t\t\t<div class=\"elementor-element elementor-element-cfd5bb3 elementor-widget elementor-widget-heading\" data-id=\"cfd5bb3\" data-element_type=\"widget\" data-e-type=\"widget\" data-widget_type=\"heading.default\">\n\t\t\t\t\t<h3 class=\"elementor-heading-title elementor-size-default\">Un escape natural perfecto<\/h3>\t\t\t\t<\/div>\n\t\t\t\t\t<\/div>\n\t\t\t\t<\/div>\n\t\t<div data-particle_enable=\"false\" data-particle-mobile-disabled=\"false\" class=\"elementor-element elementor-element-0935578 e-flex e-con-boxed e-con e-parent\" data-id=\"0935578\" data-element_type=\"container\" data-e-type=\"container\">\n\t\t\t\t\t<div class=\"e-con-inner\">\n\t\t\t\t<div class=\"elementor-element elementor-element-c0782ef elementor-widget elementor-widget-text-editor\" data-id=\"c0782ef\" data-element_type=\"widget\" data-e-type=\"widget\" data-widget_type=\"text-editor.default\">\n\t\t\t\t\t\t\t\t\t<p>Desde el primer paso, el ambiente cambia por completo. El ruido cotidiano disminuye poco a poco, reemplazado por el crujido de las hojas durante las caminatas,<a href=\"https:\/\/soymigrante.com\/revista\/lee-imagina-y-siente-el-canto-de-pajaros-en-un-bosque-de-guatemala\/\"> el canto de las aves <\/a>y el susurro constante del viento entre los \u00e1rboles.<\/p>\n<p>El bosque que cubre el cerro est\u00e1 compuesto principalmente por pinos, encinos y cipreses, formando un ecosistema que no solo embellece el paisaje, sino que cumple funciones vitales como la producci\u00f3n de ox\u00edgeno, la regulaci\u00f3n del clima y la conservaci\u00f3n del suelo.<\/p>\n<p>Este parque fue creado en 2001 y se encuentra bajo el cuidado de la Municipalidad de San Lucas Sacatep\u00e9quez. Adem\u00e1s de los senderos y las visitas guiadas, existe una opci\u00f3n de hospedaje bastante accesible, en b\u00fangalos. En ocasiones tambi\u00e9n convocan a visitas nocturnas que son simplemente fascinantes.<\/p>\t\t\t\t\t\t\t\t<\/div>\n\t\t\t\t\t<\/div>\n\t\t\t\t<\/div>\n\t\t<div data-particle_enable=\"false\" data-particle-mobile-disabled=\"false\" class=\"elementor-element elementor-element-d7efa48 e-flex e-con-boxed e-con e-parent\" data-id=\"d7efa48\" data-element_type=\"container\" data-e-type=\"container\">\n\t\t\t\t\t<div class=\"e-con-inner\">\n\t\t\t\t<div class=\"elementor-element elementor-element-fe48332 elementor-widget elementor-widget-html\" data-id=\"fe48332\" data-element_type=\"widget\" data-e-type=\"widget\" data-widget_type=\"html.default\">\n\t\t\t\t\t<iframe width=\"560\" height=\"415\" src=\"https:\/\/www.youtube.com\/embed\/KiIPcwDBu7I?si=WlXbUw_wZtzVAPxY\" title=\"YouTube video player\" frameborder=\"0\" allow=\"accelerometer; autoplay; clipboard-write; encrypted-media; gyroscope; picture-in-picture; web-share\" referrerpolicy=\"strict-origin-when-cross-origin\" allowfullscreen><\/iframe>\t\t\t\t<\/div>\n\t\t\t\t\t<\/div>\n\t\t\t\t<\/div>\n\t\t<div data-particle_enable=\"false\" data-particle-mobile-disabled=\"false\" class=\"elementor-element elementor-element-5d14570 e-flex e-con-boxed e-con e-parent\" data-id=\"5d14570\" data-element_type=\"container\" data-e-type=\"container\">\n\t\t\t\t\t<div class=\"e-con-inner\">\n\t\t\t\t<div class=\"elementor-element elementor-element-9716798 elementor-widget elementor-widget-heading\" data-id=\"9716798\" data-element_type=\"widget\" data-e-type=\"widget\" data-widget_type=\"heading.default\">\n\t\t\t\t\t<h3 class=\"elementor-heading-title elementor-size-default\">Para recorrer en familia o con amigos<\/h3>\t\t\t\t<\/div>\n\t\t\t\t\t<\/div>\n\t\t\t\t<\/div>\n\t\t<div data-particle_enable=\"false\" data-particle-mobile-disabled=\"false\" class=\"elementor-element elementor-element-8ca78f2 e-flex e-con-boxed e-con e-parent\" data-id=\"8ca78f2\" data-element_type=\"container\" data-e-type=\"container\">\n\t\t\t\t\t<div class=\"e-con-inner\">\n\t\t\t\t<div class=\"elementor-element elementor-element-69f66ce elementor-widget elementor-widget-text-editor\" data-id=\"69f66ce\" data-element_type=\"widget\" data-e-type=\"widget\" data-widget_type=\"text-editor.default\">\n\t\t\t\t\t\t\t\t\t<p>Sus senderos invitan a recorrerlos con calma. Algunos son suaves y accesibles, ideales para caminatas tranquilas o salidas familiares; otros presentan un mayor nivel de dificultad, pensados para quienes buscan un reto. Sin importar cu\u00e1l elijas, cada recorrido se convierte en una oportunidad para desconectarse de la rutina y reconectar con aquello que muchas veces olvidamos.<\/p><p>A lo largo del camino, aparecen miradores naturales que ofrecen vistas amplias del entorno. Desde estos puntos es posible contemplar volcanes como el Volc\u00e1n de Agua y, a lo lejos se percibe la ciudad.<\/p><p>Adem\u00e1s de las caminatas, el parque permite realizar actividades como ciclismo de monta\u00f1a, picnics y momentos de contemplaci\u00f3n. Familias, grupos de amigos y visitantes solitarios encuentran aqu\u00ed una forma distinta de habitar el tiempo. Incluso existe la opci\u00f3n de hospedarse para vivir la experiencia de manera m\u00e1s profunda.<\/p>\t\t\t\t\t\t\t\t<\/div>\n\t\t\t\t\t<\/div>\n\t\t\t\t<\/div>\n\t\t<div data-particle_enable=\"false\" data-particle-mobile-disabled=\"false\" class=\"elementor-element elementor-element-49eda5a e-flex e-con-boxed e-con e-parent\" data-id=\"49eda5a\" data-element_type=\"container\" data-e-type=\"container\">\n\t\t\t\t\t<div class=\"e-con-inner\">\n\t\t\t\t<div class=\"elementor-element elementor-element-dc8b7fd elementor-widget elementor-widget-facebook-page\" data-id=\"dc8b7fd\" data-element_type=\"widget\" data-e-type=\"widget\" data-widget_type=\"facebook-page.default\">\n\t\t\t\t\t<div class=\"elementor-facebook-widget fb-page\" data-href=\"https:\/\/www.facebook.com\/parquecologicosenderosdealux\" data-tabs=\"timeline\" data-height=\"500px\" data-width=\"500px\" data-small-header=\"false\" data-hide-cover=\"false\" data-show-facepile=\"true\" data-hide-cta=\"false\" style=\"min-height: 1px;height:500px\"><\/div>\t\t\t\t<\/div>\n\t\t\t\t\t<\/div>\n\t\t\t\t<\/div>\n\t\t<div data-particle_enable=\"false\" data-particle-mobile-disabled=\"false\" class=\"elementor-element elementor-element-01533d2 e-flex e-con-boxed e-con e-parent\" data-id=\"01533d2\" data-element_type=\"container\" data-e-type=\"container\">\n\t\t\t\t\t<div class=\"e-con-inner\">\n\t\t\t\t<div class=\"elementor-element elementor-element-e0d7ee7 elementor-widget elementor-widget-heading\" data-id=\"e0d7ee7\" data-element_type=\"widget\" data-e-type=\"widget\" data-widget_type=\"heading.default\">\n\t\t\t\t\t<h3 class=\"elementor-heading-title elementor-size-default\">Para\u00edso bajo presi\u00f3n<\/h3>\t\t\t\t<\/div>\n\t\t\t\t\t<\/div>\n\t\t\t\t<\/div>\n\t\t<div data-particle_enable=\"false\" data-particle-mobile-disabled=\"false\" class=\"elementor-element elementor-element-e8dbba8 e-flex e-con-boxed e-con e-parent\" data-id=\"e8dbba8\" data-element_type=\"container\" data-e-type=\"container\">\n\t\t\t\t\t<div class=\"e-con-inner\">\n\t\t\t\t<div class=\"elementor-element elementor-element-40d89f4 elementor-widget elementor-widget-text-editor\" data-id=\"40d89f4\" data-element_type=\"widget\" data-e-type=\"widget\" data-widget_type=\"text-editor.default\">\n\t\t\t\t\t\t\t\t\t<p>A pesar de su belleza y valor ambiental, la reserva del Cerro Alux enfrenta desaf\u00edos importantes. La expansi\u00f3n urbana, la deforestaci\u00f3n y el uso inadecuado del espacio representan amenazas constantes. Su conservaci\u00f3n no depende \u00fanicamente de las autoridades, sino tambi\u00e9n de quienes lo visitan.\u00a0<\/p><p>Cada paso dentro del bosque implica un compromiso y como siempre<a href=\"https:\/\/soymigrante.com\/revista\/dia-de-la-tierra-reduce-huella-de-carbono-acciones-en-casa\/\"> te pedimos no dejar basura, respetar los senderos y no alterar el entorno son acciones peque\u00f1as, pero fundamentales <\/a>que ayudan a los grandes cambios.<\/p><p>Visitar el Cerro Alux es permitir que la naturaleza hable por s\u00ed sola. En un mundo acostumbrado a la prisa, detenerse, observar y cuidar los peque\u00f1os detalles puede llenarnos mucho m\u00e1s de lo que imaginamos.<\/p><p>Este espacio est\u00e1 abierto de lunes a domingo, de 8:00 a 16:00 horas. El ingreso tiene un costo de Q10.00 para menores de 12 a\u00f1os y Q20.00 para mayores.\u00a0<\/p>\t\t\t\t\t\t\t\t<\/div>\n\t\t\t\t\t<\/div>\n\t\t\t\t<\/div>\n\t\t<div data-particle_enable=\"false\" data-particle-mobile-disabled=\"false\" class=\"elementor-element elementor-element-79e4206 e-flex e-con-boxed e-con e-parent\" data-id=\"79e4206\" data-element_type=\"container\" data-e-type=\"container\">\n\t\t\t\t\t<div class=\"e-con-inner\">\n\t\t\t\t<div class=\"elementor-element elementor-element-656c97c elementor-widget elementor-widget-html\" data-id=\"656c97c\" data-element_type=\"widget\" data-e-type=\"widget\" data-widget_type=\"html.default\">\n\t\t\t\t\t<iframe src=\"https:\/\/www.google.com\/maps\/embed?pb=!1m18!1m12!1m3!1d3307.813975312303!2d-90.64289429009739!3d14.610921885817746!2m3!1f0!2f0!3f0!3m2!1i1024!2i768!4f13.1!3m3!1m2!1s0x85890aff9e9fa2ed%3A0xd965cc90c63d30c6!2sParque%20Ecol%C3%B3gico%20Municipal%20Senderos%20de%20Alux!5e1!3m2!1ses!2sgt!4v1776864231467!5m2!1ses!2sgt\" width=\"600\" height=\"450\" style=\"border:0;\" allowfullscreen=\"\" loading=\"lazy\" referrerpolicy=\"no-referrer-when-downgrade\"><\/iframe>\t\t\t\t<\/div>\n\t\t\t\t\t<\/div>\n\t\t\t\t<\/div>\n\t\t<div data-particle_enable=\"false\" data-particle-mobile-disabled=\"false\" class=\"elementor-element elementor-element-fc6c030 e-flex e-con-boxed e-con e-parent\" data-id=\"fc6c030\" data-element_type=\"container\" data-e-type=\"container\">\n\t\t\t\t\t<div class=\"e-con-inner\">\n\t\t\t\t<div class=\"elementor-element elementor-element-3e5f2a4 elementor-widget elementor-widget-heading\" data-id=\"3e5f2a4\" data-element_type=\"widget\" data-e-type=\"widget\" data-widget_type=\"heading.default\">\n\t\t\t\t\t<h2 class=\"elementor-heading-title elementor-size-default\">Quiz\u00e1 tambi\u00e9n te podr\u00eda interesar<\/h2>\t\t\t\t<\/div>\n\t\t\t\t\t<\/div>\n\t\t\t\t<\/div>\n\t\t<div data-particle_enable=\"false\" data-particle-mobile-disabled=\"false\" class=\"elementor-element elementor-element-710a923 e-flex e-con-boxed e-con e-parent\" data-id=\"710a923\" data-element_type=\"container\" data-e-type=\"container\">\n\t\t\t\t\t<div class=\"e-con-inner\">\n\t\t\t\t<div class=\"elementor-element elementor-element-4e898c2 elementor-grid-eael-col-3 elementor-grid-tablet-eael-col-2 elementor-grid-mobile-eael-col-1 elementor-widget elementor-widget-eael-post-grid\" data-id=\"4e898c2\" data-element_type=\"widget\" data-e-type=\"widget\" data-settings=\"{&quot;eael_post_grid_columns&quot;:&quot;eael-col-3&quot;,&quot;eael_post_grid_columns_tablet&quot;:&quot;eael-col-2&quot;,&quot;eael_post_grid_columns_mobile&quot;:&quot;eael-col-1&quot;}\" data-widget_type=\"eael-post-grid.default\">\n\t\t\t\t\t<div id=\"eael-post-grid-4e898c2\" class=\"eael-post-grid-container\">\n            <div class=\"eael-post-grid eael-post-appender eael-post-appender-4e898c2 eael-post-grid-style-one\" data-layout-mode=\"masonry\"><article class=\"eael-grid-post  eael-post-grid-column eael-pg-post-30271 category-guate-nuestra\" data-id=\"30271\">\n        <div class=\"eael-grid-post-holder\">\n            <div class=\"eael-grid-post-holder-inner\"><div class=\"eael-entry-media\"><div class=\"eael-entry-overlay fade-in\"><i class=\"far fa-hand-pointer\" aria-hidden=\"true\"><\/i><a href=\"https:\/\/soymigrante.com\/revista\/reserva-biosfera-trifinio-fraternidad-esto-debes-saber\/\"><\/a><\/div><div class=\"eael-entry-thumbnail eael-image-ratio\">\n                <img fetchpriority=\"high\" decoding=\"async\" width=\"474\" height=\"355\" src=\"https:\/\/soymigrante.com\/revista\/wp-content\/uploads\/2025\/04\/Biosfera-Trifinio-Fraternidad-2.webp\" class=\"attachment-large size-large wp-image-30272\" alt=\"Paisaje de monta\u00f1as verdes con niebla y cielo nublado en un entorno natural en Am\u00e9rica Latina.\" srcset=\"https:\/\/soymigrante.com\/revista\/wp-content\/uploads\/2025\/04\/Biosfera-Trifinio-Fraternidad-2.webp 474w, https:\/\/soymigrante.com\/revista\/wp-content\/uploads\/2025\/04\/Biosfera-Trifinio-Fraternidad-2-300x225.jpg 300w\" sizes=\"(max-width: 474px) 100vw, 474px\" \/>\n            <\/div>\n        <\/div><div class=\"eael-entry-wrapper\"><header class=\"eael-entry-header\"><h2 class=\"eael-entry-title\"><a class=\"eael-grid-post-link\" href=\"https:\/\/soymigrante.com\/revista\/reserva-biosfera-trifinio-fraternidad-esto-debes-saber\/\" title=\"Reserva Biosfera Trifinio-Fraternidad: bosque compartido por Guatemala, El Salvador y Honduras\">Reserva Biosfera Trifinio-Fraternidad: bosque compartido por Guatemala, El Salvador y Honduras<\/a><\/h2><\/header><div class=\"eael-entry-content\">\n                        <div class=\"eael-grid-post-excerpt\"><a href=\"https:\/\/soymigrante.com\/revista\/reserva-biosfera-trifinio-fraternidad-esto-debes-saber\/\" class=\"eael-post-elements-readmore-btn\">CONOCE SU HISTORIA <\/a><\/div>\n                    <\/div><\/div><\/div>\n        <\/div>\n    <\/article><article class=\"eael-grid-post  eael-post-grid-column eael-pg-post-6834 category-guate-nuestra\" data-id=\"6834\">\n        <div class=\"eael-grid-post-holder\">\n            <div class=\"eael-grid-post-holder-inner\"><div class=\"eael-entry-media\"><div class=\"eael-entry-overlay fade-in\"><i class=\"far fa-hand-pointer\" aria-hidden=\"true\"><\/i><a href=\"https:\/\/soymigrante.com\/revista\/lee-imagina-y-siente-el-canto-de-pajaros-en-un-bosque-de-guatemala\/\"><\/a><\/div><div class=\"eael-entry-thumbnail eael-image-ratio\">\n                <img decoding=\"async\" width=\"663\" height=\"663\" src=\"https:\/\/soymigrante.com\/revista\/wp-content\/uploads\/2024\/06\/Captura-de-pantalla-2024-06-05-110452.webp\" class=\"attachment-large size-large wp-image-6835\" alt=\"P\u00e1jaro colorido posado en \u00e1rbol, s\u00edmbolo de naturaleza y biodiversidad en refugios para aves y ecosistemas.\" srcset=\"https:\/\/soymigrante.com\/revista\/wp-content\/uploads\/2024\/06\/Captura-de-pantalla-2024-06-05-110452.webp 663w, https:\/\/soymigrante.com\/revista\/wp-content\/uploads\/2024\/06\/Captura-de-pantalla-2024-06-05-110452-300x300.webp 300w, https:\/\/soymigrante.com\/revista\/wp-content\/uploads\/2024\/06\/Captura-de-pantalla-2024-06-05-110452-150x150.webp 150w, https:\/\/soymigrante.com\/revista\/wp-content\/uploads\/2024\/06\/Captura-de-pantalla-2024-06-05-110452-75x75.webp 75w\" sizes=\"(max-width: 663px) 100vw, 663px\" \/>\n            <\/div>\n        <\/div><div class=\"eael-entry-wrapper\"><header class=\"eael-entry-header\"><h2 class=\"eael-entry-title\"><a class=\"eael-grid-post-link\" href=\"https:\/\/soymigrante.com\/revista\/lee-imagina-y-siente-el-canto-de-pajaros-en-un-bosque-de-guatemala\/\" title=\"Lee, imagina y siente el canto de p\u00e1jaros en un bosque de Guatemala\">Lee, imagina y siente el canto de p\u00e1jaros en un bosque de Guatemala<\/a><\/h2><\/header><div class=\"eael-entry-content\">\n                        <div class=\"eael-grid-post-excerpt\"><a href=\"https:\/\/soymigrante.com\/revista\/lee-imagina-y-siente-el-canto-de-pajaros-en-un-bosque-de-guatemala\/\" class=\"eael-post-elements-readmore-btn\">CONOCE SU HISTORIA <\/a><\/div>\n                    <\/div><\/div><\/div>\n        <\/div>\n    <\/article><article class=\"eael-grid-post  eael-post-grid-column eael-pg-post-36076 category-guate-nuestra tags-volcanes-de-guatemala\" data-id=\"36076\">\n        <div class=\"eael-grid-post-holder\">\n            <div class=\"eael-grid-post-holder-inner\"><div class=\"eael-entry-media\"><div class=\"eael-entry-overlay fade-in\"><i class=\"far fa-hand-pointer\" aria-hidden=\"true\"><\/i><a href=\"https:\/\/soymigrante.com\/revista\/volcan-cerro-quemado-guardian-sagrado-de-quetzaltenango\/\"><\/a><\/div><div class=\"eael-entry-thumbnail eael-image-ratio\">\n                <img decoding=\"async\" width=\"236\" height=\"236\" src=\"https:\/\/soymigrante.com\/revista\/wp-content\/uploads\/2025\/06\/volcan-cerro-quemado-e1749682175628.jpg\" class=\"attachment-large size-large wp-image-36077\" alt=\"Hongo volc\u00e1nico negro en un paisaje de monta\u00f1a, formaci\u00f3n geol\u00f3gica \u00fanica, turismo de naturaleza, aventura, geolog\u00eda volc\u00e1nica, gu\u00eda de viaje para turismo activo en destinos volc\u00e1nicos.\" srcset=\"https:\/\/soymigrante.com\/revista\/wp-content\/uploads\/2025\/06\/volcan-cerro-quemado-e1749682175628.jpg 236w, https:\/\/soymigrante.com\/revista\/wp-content\/uploads\/2025\/06\/volcan-cerro-quemado-e1749682175628-150x150.jpg 150w, https:\/\/soymigrante.com\/revista\/wp-content\/uploads\/2025\/06\/volcan-cerro-quemado-e1749682175628-75x75.jpg 75w\" sizes=\"(max-width: 236px) 100vw, 236px\" \/>\n            <\/div>\n        <\/div><div class=\"eael-entry-wrapper\"><header class=\"eael-entry-header\"><h2 class=\"eael-entry-title\"><a class=\"eael-grid-post-link\" href=\"https:\/\/soymigrante.com\/revista\/volcan-cerro-quemado-guardian-sagrado-de-quetzaltenango\/\" title=\"Volc\u00e1n Cerro\u202fQuemado: guardi\u00e1n sagrado de Quetzaltenango\">Volc\u00e1n Cerro\u202fQuemado: guardi\u00e1n sagrado de Quetzaltenango<\/a><\/h2><\/header><div class=\"eael-entry-content\">\n                        <div class=\"eael-grid-post-excerpt\"><a href=\"https:\/\/soymigrante.com\/revista\/volcan-cerro-quemado-guardian-sagrado-de-quetzaltenango\/\" class=\"eael-post-elements-readmore-btn\">CONOCE SU HISTORIA <\/a><\/div>\n                    <\/div><\/div><\/div>\n        <\/div>\n    <\/article><\/div>\n            <div class=\"clearfix\"><\/div>\n        <\/div>\t\t\t\t<\/div>\n\t\t\t\t\t<\/div>\n\t\t\t\t<\/div>\n\t\t\t\t<\/div>\n\t\t","protected":false},"excerpt":{"rendered":"<p>\u00bfCon poco tiempo para viajar pero muchas ganas de relajarte y disfrutar del bosque guatemalteco? La reserva natural Senderos de Alux est\u00e1 entre Guatemala y Sacatep\u00e9quez. Aqu\u00ed todos los d\u00edas se vive el D\u00eda de la Tierra. Conoce m\u00e1s. Hay lugares que, al visitarlos, se sienten m\u00e1s all\u00e1 del coraz\u00f3n. Entre la ciudad de Guatemala [&hellip;]<\/p>\n","protected":false},"author":27,"featured_media":55311,"comment_status":"open","ping_status":"open","sticky":false,"template":"","format":"standard","meta":{"_acf_changed":false,"_eb_attr":"","footnotes":""},"categories":[58],"tags":[],"class_list":["post-55310","post","type-post","status-publish","format-standard","has-post-thumbnail","hentry","category-guate-nuestra"],"acf":[],"aioseo_notices":[],"aioseo_head":"\n\t\t<!-- All in One SEO Pro 4.9.6.2 - aioseo.com -->\n\t<meta name=\"description\" content=\"El volc\u00e1n Cerro Quemado en Quetzaltenango tiene su leyenda, surgida a partir de una antigua erupci\u00f3n. Es un centro ceremonial y una escalada de dificultad media.\" \/>\n\t<meta name=\"robots\" content=\"max-snippet:-1, max-image-preview:large, max-video-preview:-1\" \/>\n\t<meta name=\"author\" content=\"Marysabel Aldana\"\/>\n\t<link rel=\"canonical\" href=\"https:\/\/soymigrante.com\/revista\/volcan-cerro-quemado-guardian-sagrado-de-quetzaltenango\/\" \/>\n\t<meta name=\"generator\" content=\"All in One SEO Pro (AIOSEO) 4.9.6.2\" \/>\n\n\t\t<link rel=\"preconnect\" href=\"https:\/\/fonts.googleapis.com\" crossorigin>\n<link rel=\"preconnect\" href=\"https:\/\/fonts.gstatic.com\" crossorigin>\n\t\t<meta property=\"og:locale\" content=\"es_ES\" \/>\n\t\t<meta property=\"og:site_name\" content=\"SoyMigrante.com REVISTA \u2013 Nuestra misi\u00f3n es reconocer y dignificar al migrante.\" \/>\n\t\t<meta property=\"og:type\" content=\"article\" \/>\n\t\t<meta property=\"og:title\" content=\"Volc\u00e1n Cerro Quemado: guardi\u00e1n sagrado de Quetzaltenango\" \/>\n\t\t<meta property=\"og:description\" content=\"El volc\u00e1n Cerro Quemado en Quetzaltenango tiene su leyenda, surgida a partir de una antigua erupci\u00f3n. Es un centro ceremonial y una escalada de dificultad media.\" \/>\n\t\t<meta property=\"og:url\" content=\"https:\/\/soymigrante.com\/revista\/volcan-cerro-quemado-guardian-sagrado-de-quetzaltenango\/\" \/>\n\t\t<meta property=\"og:image\" content=\"https:\/\/soymigrante.com\/revista\/wp-content\/uploads\/2025\/06\/volcan-cerro-quemado-e1749682175628.jpg\" \/>\n\t\t<meta property=\"og:image:secure_url\" content=\"https:\/\/soymigrante.com\/revista\/wp-content\/uploads\/2025\/06\/volcan-cerro-quemado-e1749682175628.jpg\" \/>\n\t\t<meta property=\"og:image:width\" content=\"236\" \/>\n\t\t<meta property=\"og:image:height\" content=\"236\" \/>\n\t\t<meta property=\"article:published_time\" content=\"2025-06-16T11:00:00+00:00\" \/>\n\t\t<meta property=\"article:modified_time\" content=\"2025-06-20T06:23:10+00:00\" \/>\n\t\t<meta property=\"article:publisher\" content=\"https:\/\/www.facebook.com\/soymigrantecom\" \/>\n\t\t<meta name=\"twitter:card\" content=\"summary_large_image\" \/>\n\t\t<meta name=\"twitter:site\" content=\"@SoyMigrante_com\" \/>\n\t\t<meta name=\"twitter:title\" content=\"Volc\u00e1n Cerro Quemado: guardi\u00e1n sagrado de Quetzaltenango\" \/>\n\t\t<meta name=\"twitter:description\" content=\"El volc\u00e1n Cerro Quemado en Quetzaltenango tiene su leyenda, surgida a partir de una antigua erupci\u00f3n. Es un centro ceremonial y una escalada de dificultad media.\" \/>\n\t\t<meta name=\"twitter:creator\" content=\"@SoyMigrante_com\" \/>\n\t\t<meta name=\"twitter:image\" content=\"https:\/\/soymigrante.com\/revista\/wp-content\/uploads\/2025\/06\/volcan-cerro-quemado-e1749682175628.jpg\" \/>\n\t\t<!-- All in One SEO Pro -->\r\n\t\t<title>Volc\u00e1n Cerro Quemado: guardi\u00e1n sagrado de Quetzaltenango<\/title>\n\n","aioseo_head_json":{"title":"Volc\u00e1n Cerro Quemado: guardi\u00e1n sagrado de Quetzaltenango","description":"El volc\u00e1n Cerro Quemado en Quetzaltenango tiene su leyenda, surgida a partir de una antigua erupci\u00f3n. Es un centro ceremonial y una escalada de dificultad media.","canonical_url":"https:\/\/soymigrante.com\/revista\/volcan-cerro-quemado-guardian-sagrado-de-quetzaltenango\/","robots":"max-snippet:-1, max-image-preview:large, max-video-preview:-1","keywords":"","webmasterTools":{"miscellaneous":"&lt;link rel=\"preconnect\" href=\"https:\/\/fonts.googleapis.com\" crossorigin&gt;\n&lt;link rel=\"preconnect\" href=\"https:\/\/fonts.gstatic.com\" crossorigin&gt;"},"schema":null,"og:locale":"es_ES","og:site_name":"SoyMigrante.com REVISTA \u2013 Nuestra misi\u00f3n es reconocer y dignificar al migrante.","og:type":"article","og:title":"Volc\u00e1n Cerro Quemado: guardi\u00e1n sagrado de Quetzaltenango","og:description":"El volc\u00e1n Cerro Quemado en Quetzaltenango tiene su leyenda, surgida a partir de una antigua erupci\u00f3n. Es un centro ceremonial y una escalada de dificultad media.","og:url":"https:\/\/soymigrante.com\/revista\/volcan-cerro-quemado-guardian-sagrado-de-quetzaltenango\/","og:image":"https:\/\/soymigrante.com\/revista\/wp-content\/uploads\/2025\/06\/volcan-cerro-quemado-e1749682175628.jpg","og:image:secure_url":"https:\/\/soymigrante.com\/revista\/wp-content\/uploads\/2025\/06\/volcan-cerro-quemado-e1749682175628.jpg","og:image:width":236,"og:image:height":236,"article:published_time":"2025-06-16T11:00:00+00:00","article:modified_time":"2025-06-20T06:23:10+00:00","article:publisher":"https:\/\/www.facebook.com\/soymigrantecom","twitter:card":"summary_large_image","twitter:site":"@SoyMigrante_com","twitter:title":"Volc\u00e1n Cerro Quemado: guardi\u00e1n sagrado de Quetzaltenango","twitter:description":"El volc\u00e1n Cerro Quemado en Quetzaltenango tiene su leyenda, surgida a partir de una antigua erupci\u00f3n. Es un centro ceremonial y una escalada de dificultad media.","twitter:creator":"@SoyMigrante_com","twitter:image":"https:\/\/soymigrante.com\/revista\/wp-content\/uploads\/2025\/06\/volcan-cerro-quemado-e1749682175628.jpg"},"aioseo_meta_data":{"post_id":"55310","title":"Senderos de Alux: un refugio natural cerca de la capital","description":"Reserva natural en San Lucas Sacatepequez fue creada en 2001 protege el bosque y fuentes de agua: puede ser visitado todos los d\u00edas y tiene opci\u00f3n de hotel","keywords":null,"keyphrases":{"focus":{"keyphrase":"Natural","score":82,"analysis":{"keyphraseInTitle":{"score":9,"maxScore":9,"error":0},"keyphraseInDescription":{"score":9,"maxScore":9,"error":0},"keyphraseLength":{"score":9,"maxScore":9,"error":0,"length":1},"keyphraseInURL":{"score":5,"maxScore":5,"error":0},"keyphraseInIntroduction":{"score":3,"maxScore":9,"error":1},"keyphraseInSubHeadings":{"score":3,"maxScore":9,"error":1},"keyphraseInImageAlt":{"score":9,"maxScore":9,"error":0},"keywordDensity":{"type":"best","score":9,"maxScore":9,"error":0}}},"additional":[{"keyphrase":"Alux","score":73,"analysis":{"keyphraseInDescription":{"score":3,"maxScore":9,"error":1},"keyphraseLength":{"score":9,"maxScore":9,"error":0,"length":1},"keyphraseInIntroduction":{"score":9,"maxScore":9,"error":0},"keyphraseInImageAlt":{"score":3,"maxScore":9,"error":1},"keywordDensity":{"type":"best","score":9,"maxScore":9,"error":0}}}]},"primary_term":null,"canonical_url":null,"og_title":null,"og_description":null,"og_object_type":"default","og_image_type":"default","og_image_url":null,"og_image_width":null,"og_image_height":null,"og_image_custom_url":null,"og_image_custom_fields":null,"og_video":"","og_custom_url":null,"og_article_section":null,"og_article_tags":null,"twitter_use_og":false,"twitter_card":"default","twitter_image_type":"default","twitter_image_url":null,"twitter_image_custom_url":null,"twitter_image_custom_fields":null,"twitter_title":null,"twitter_description":null,"schema":{"blockGraphs":[],"customGraphs":[],"default":{"data":{"Article":[],"Course":[],"Dataset":[],"FAQPage":[],"Movie":[],"Person":[],"Product":[],"ProductReview":[],"Car":[],"Recipe":[],"Service":[],"SoftwareApplication":[],"WebPage":[]},"graphName":"NewsArticle","isEnabled":true},"graphs":[]},"schema_type":"default","schema_type_options":null,"pillar_content":false,"robots_default":true,"robots_noindex":false,"robots_noarchive":false,"robots_nosnippet":false,"robots_nofollow":false,"robots_noimageindex":false,"robots_noodp":false,"robots_notranslate":false,"robots_max_snippet":"-1","robots_max_videopreview":"-1","robots_max_imagepreview":"large","priority":null,"frequency":"default","local_seo":null,"seo_analyzer_scan_date":null,"breadcrumb_settings":null,"limit_modified_date":false,"reviewed_by":"0","open_ai":null,"ai":{"faqs":[],"keyPoints":[],"schemas":[],"titles":[],"descriptions":[],"socialPosts":{"email":[],"linkedin":[],"twitter":[],"facebook":[],"instagram":[]}},"created":"2026-04-22 12:56:07","updated":"2026-04-22 14:16:52"},"aioseo_breadcrumb":"<div class=\"aioseo-breadcrumbs\"><span class=\"aioseo-breadcrumb\">\n\t<a href=\"https:\/\/soymigrante.com\/revista\" title=\"Home\">Home<\/a>\n<\/span><span class=\"aioseo-breadcrumb-separator\">\u00bb<\/span><span class=\"aioseo-breadcrumb\">\n\t<a href=\"https:\/\/soymigrante.com\/revista\/category\/guate-nuestra\/\" title=\"Guate Nuestra\">Guate Nuestra<\/a>\n<\/span><span class=\"aioseo-breadcrumb-separator\">\u00bb<\/span><span class=\"aioseo-breadcrumb\">\n\tRefugio natural cerca de la capital: La reserva ecol\u00f3gica Senderos de Alux en Sacatep\u00e9quez\n<\/span><\/div>","aioseo_breadcrumb_json":[{"label":"Home","link":"https:\/\/soymigrante.com\/revista"},{"label":"Guate Nuestra","link":"https:\/\/soymigrante.com\/revista\/category\/guate-nuestra\/"},{"label":"Refugio natural cerca de la capital: La reserva ecol\u00f3gica Senderos de Alux en Sacatep\u00e9quez","link":"https:\/\/soymigrante.com\/revista\/refugio-natural-cerca-de-la-capital-la-reserva-ecologica-senderos-de-alux-en-sacatepequez\/"}],"_links":{"self":[{"href":"https:\/\/soymigrante.com\/revista\/wp-json\/wp\/v2\/posts\/55310","targetHints":{"allow":["GET"]}}],"collection":[{"href":"https:\/\/soymigrante.com\/revista\/wp-json\/wp\/v2\/posts"}],"about":[{"href":"https:\/\/soymigrante.com\/revista\/wp-json\/wp\/v2\/types\/post"}],"author":[{"embeddable":true,"href":"https:\/\/soymigrante.com\/revista\/wp-json\/wp\/v2\/users\/27"}],"replies":[{"embeddable":true,"href":"https:\/\/soymigrante.com\/revista\/wp-json\/wp\/v2\/comments?post=55310"}],"version-history":[{"count":8,"href":"https:\/\/soymigrante.com\/revista\/wp-json\/wp\/v2\/posts\/55310\/revisions"}],"predecessor-version":[{"id":55325,"href":"https:\/\/soymigrante.com\/revista\/wp-json\/wp\/v2\/posts\/55310\/revisions\/55325"}],"wp:featuredmedia":[{"embeddable":true,"href":"https:\/\/soymigrante.com\/revista\/wp-json\/wp\/v2\/media\/55311"}],"wp:attachment":[{"href":"https:\/\/soymigrante.com\/revista\/wp-json\/wp\/v2\/media?parent=55310"}],"wp:term":[{"taxonomy":"category","embeddable":true,"href":"https:\/\/soymigrante.com\/revista\/wp-json\/wp\/v2\/categories?post=55310"},{"taxonomy":"post_tag","embeddable":true,"href":"https:\/\/soymigrante.com\/revista\/wp-json\/wp\/v2\/tags?post=55310"}],"curies":[{"name":"wp","href":"https:\/\/api.w.org\/{rel}","templated":true}]}}