{"id":55299,"date":"2026-04-21T14:57:42","date_gmt":"2026-04-21T20:57:42","guid":{"rendered":"https:\/\/soymigrante.com\/revista\/?p=55299"},"modified":"2026-04-21T14:58:42","modified_gmt":"2026-04-21T20:58:42","slug":"mas-exigencias-dificultan-tramites-de-visa-de-residencia-en-estados-unidos-para-migrantes-victimas-de-violencia","status":"publish","type":"post","link":"https:\/\/soymigrante.com\/revista\/mas-exigencias-dificultan-tramites-de-visa-de-residencia-en-estados-unidos-para-migrantes-victimas-de-violencia\/","title":{"rendered":"M\u00e1s exigencias dificultan tr\u00e1mites de visa de residencia o VAWA para migrantes v\u00edctimas de violencia en USA"},"content":{"rendered":"\t\t<div data-elementor-type=\"wp-post\" data-elementor-id=\"55299\" class=\"elementor elementor-55299\" data-elementor-post-type=\"post\">\n\t\t\t\t<div data-particle_enable=\"false\" data-particle-mobile-disabled=\"false\" class=\"elementor-element elementor-element-8ed931f e-flex e-con-boxed e-con e-parent\" data-id=\"8ed931f\" data-element_type=\"container\" data-e-type=\"container\">\n\t\t\t\t\t<div class=\"e-con-inner\">\n\t\t\t\t<div class=\"elementor-element elementor-element-8bdd417 elementor-widget elementor-widget-heading\" data-id=\"8bdd417\" data-element_type=\"widget\" data-e-type=\"widget\" data-widget_type=\"heading.default\">\n\t\t\t\t\t<h3 class=\"elementor-heading-title elementor-size-default\">Cambios en la solicitud y tr\u00e1mite de visas VAWA, para sobrevivientes de violencia, se han endurecido para \"evitar fraudes\". Sin embargo, para las v\u00edctimas esto puede ser un camino cuesta arriba y por eso deben saber documentar su caso. <\/h3>\t\t\t\t<\/div>\n\t\t\t\t\t<\/div>\n\t\t\t\t<\/div>\n\t\t<div data-particle_enable=\"false\" data-particle-mobile-disabled=\"false\" class=\"elementor-element elementor-element-913c456 e-flex e-con-boxed e-con e-parent\" data-id=\"913c456\" data-element_type=\"container\" data-e-type=\"container\">\n\t\t\t\t\t<div class=\"e-con-inner\">\n\t\t\t\t<div class=\"elementor-element elementor-element-72bc22d elementor-widget elementor-widget-text-editor\" data-id=\"72bc22d\" data-element_type=\"widget\" data-e-type=\"widget\" data-widget_type=\"text-editor.default\">\n\t\t\t\t\t\t\t\t\t<p>Seg\u00fan una investigaci\u00f3n publicada por <a href=\"https:\/\/documentedny.com\/2026\/04\/20\/uscis-trump-vawa-changes-abuse-survivors-visas\/\" target=\"_blank\" rel=\"noopener noreferrer\">Documented NY<\/a>, recientes cambios en las pol\u00edticas del <a href=\"https:\/\/es.wikipedia.org\/wiki\/Servicio_de_Ciudadan%C3%ADa_e_Inmigraci%C3%B3n_de_los_Estados_Unidos\" target=\"_blank\" rel=\"noopener noreferrer\">Servicio de Ciudadan\u00eda e Inmigraci\u00f3n de Estados Unidos (USCIS)<\/a> est\u00e1n endureciendo los requisitos para migrantes que <a href=\"https:\/\/www.uscis.gov\/es\/residencia-permanente-tarjeta-verde\/categorias-de-elegibilidad-a-la-residencia-permanente\/residencia-permanente-para-autopeticionario-vawa\">solicitan protecci\u00f3n bajo la Violence Against Women Act (VAWA), <\/a>una ley que permite a v\u00edctimas de violencia dom\u00e9stica acceder a beneficios migratorios sin depender de su agresor.\u00a0<\/p><p>La medida genera preocupaci\u00f3n entre organizaciones defensoras de derechos de migrantes, especialmente por su impacto en comunidades hispanas.<\/p><h3>Requisitos m\u00e1s estrictos\u00a0<\/h3><p>El reportaje destaca que uno de los cambios m\u00e1s significativos es la exigencia de demostrar que la v\u00edctima conviv\u00eda con su agresor en el momento del abuso, un criterio que ahora se aplica de forma m\u00e1s r\u00edgida.<\/p><p>Este ajuste eleva la carga de prueba para los <a href=\"https:\/\/www.uscis.gov\/es\/residencia-permanente-tarjeta-verde\/categorias-de-elegibilidad-a-la-residencia-permanente\/residencia-permanente-para-autopeticionario-vawa\">solicitantes<\/a>, quienes adem\u00e1s deben presentar evidencia m\u00e1s detallada y formal, lo cual puede resultar dif\u00edcil en contextos donde el abuso ocurre sin registros documentales claros.<\/p><p>Especialistas en inmigraci\u00f3n advierten que estas modificaciones responden a una revisi\u00f3n m\u00e1s amplia de pol\u00edticas impulsadas en a\u00f1os recientes, bajo el argumento de prevenir fraude en el sistema. Sin embargo, organizaciones como <a href=\"https:\/\/www.uscis.gov\/\" target=\"_blank\" rel=\"noopener noreferrer\">USCIS<\/a> y grupos de apoyo han reconocido que el proceso ya era complejo, y que endurecerlo podr\u00eda excluir a v\u00edctimas leg\u00edtimas.<\/p>\t\t\t\t\t\t\t\t<\/div>\n\t\t\t\t\t<\/div>\n\t\t\t\t<\/div>\n\t\t<div data-particle_enable=\"false\" data-particle-mobile-disabled=\"false\" class=\"elementor-element elementor-element-80791f8 e-flex e-con-boxed e-con e-parent\" data-id=\"80791f8\" data-element_type=\"container\" data-e-type=\"container\">\n\t\t\t\t\t<div class=\"e-con-inner\">\n\t\t\t\t<div class=\"elementor-element elementor-element-ac14bfd elementor-widget elementor-widget-html\" data-id=\"ac14bfd\" data-element_type=\"widget\" data-e-type=\"widget\" data-widget_type=\"html.default\">\n\t\t\t\t\t<iframe width=\"560\" height=\"415\" src=\"https:\/\/www.youtube.com\/embed\/6cTZAYLCIHM?si=eqzABEAgS_rjIkF7\" title=\"YouTube video player\" frameborder=\"0\" allow=\"accelerometer; autoplay; clipboard-write; encrypted-media; gyroscope; picture-in-picture; web-share\" referrerpolicy=\"strict-origin-when-cross-origin\" allowfullscreen><\/iframe>\t\t\t\t<\/div>\n\t\t\t\t\t<\/div>\n\t\t\t\t<\/div>\n\t\t<div data-particle_enable=\"false\" data-particle-mobile-disabled=\"false\" class=\"elementor-element elementor-element-b5038f0 e-flex e-con-boxed e-con e-parent\" data-id=\"b5038f0\" data-element_type=\"container\" data-e-type=\"container\">\n\t\t\t\t\t<div class=\"e-con-inner\">\n\t\t\t\t<div class=\"elementor-element elementor-element-7b2bd7c elementor-widget elementor-widget-text-editor\" data-id=\"7b2bd7c\" data-element_type=\"widget\" data-e-type=\"widget\" data-widget_type=\"text-editor.default\">\n\t\t\t\t\t\t\t\t\t<p><span style=\"color: #000000; font-family: Mulish, sans-serif; font-size: 29px; font-weight: bold;\">Una herramienta clave para migrantes vulnerables<\/span><\/p><p>La <a href=\"https:\/\/es.wikipedia.org\/wiki\/Violence_Against_Women_Act\" target=\"_blank\" rel=\"noopener noreferrer\">VAWA<\/a> ha sido hist\u00f3ricamente una v\u00eda crucial para que c\u00f3nyuges, hijos o padres de ciudadanos estadounidenses o residentes permanentes puedan solicitar estatus migratorio sin el conocimiento de su agresor. Esto ha permitido a miles de personas salir de relaciones abusivas sin temor a la deportaci\u00f3n o represalias.<\/p><p>Para muchas mujeres latinoamericanas, este mecanismo representa una de las pocas alternativas seguras dentro del sistema migratorio estadounidense, particularmente en situaciones donde existe dependencia econ\u00f3mica o emocional.<\/p><h3>Impacto en migrantes hispanos<\/h3><p>De acuerdo con el an\u00e1lisis de <a href=\"https:\/\/documentedny.com\/\" target=\"_blank\" rel=\"noopener noreferrer\">Documented NY<\/a>, los cambios podr\u00edan afectar de manera desproporcionada a migrantes hispanos, quienes enfrentan barreras adicionales como el idioma, el acceso limitado a asesor\u00eda legal y el temor a interactuar con autoridades. El aumento en los requisitos podr\u00eda traducirse en m\u00e1s rechazos o retrasos en casos leg\u00edtimos.<\/p><p>Organizaciones comunitarias tambi\u00e9n advierten que muchas v\u00edctimas no denuncian el abuso formalmente, lo que complica a\u00fan m\u00e1s la recopilaci\u00f3n de pruebas bajo los nuevos est\u00e1ndares.<\/p>\t\t\t\t\t\t\t\t<\/div>\n\t\t\t\t\t<\/div>\n\t\t\t\t<\/div>\n\t\t<div data-particle_enable=\"false\" data-particle-mobile-disabled=\"false\" class=\"elementor-element elementor-element-5b57e29 e-flex e-con-boxed e-con e-parent\" data-id=\"5b57e29\" data-element_type=\"container\" data-e-type=\"container\">\n\t\t\t\t\t<div class=\"e-con-inner\">\n\t\t\t\t<div class=\"elementor-element elementor-element-104edeb elementor-grid-eael-col-1 elementor-grid-tablet-eael-col-2 elementor-grid-mobile-eael-col-1 elementor-widget elementor-widget-eael-post-grid\" data-id=\"104edeb\" data-element_type=\"widget\" data-e-type=\"widget\" data-settings=\"{&quot;eael_post_grid_columns&quot;:&quot;eael-col-1&quot;,&quot;eael_post_grid_columns_tablet&quot;:&quot;eael-col-2&quot;,&quot;eael_post_grid_columns_mobile&quot;:&quot;eael-col-1&quot;}\" data-widget_type=\"eael-post-grid.default\">\n\t\t\t\t\t<div id=\"eael-post-grid-104edeb\" class=\"eael-post-grid-container\">\n            <div class=\"eael-post-grid eael-post-appender eael-post-appender-104edeb eael-post-grid-style-one\" data-layout-mode=\"masonry\"><article class=\"eael-grid-post  eael-post-grid-column eael-pg-post-54894 category-en-familia\" data-id=\"54894\">\n        <div class=\"eael-grid-post-holder\">\n            <div class=\"eael-grid-post-holder-inner\"><div class=\"eael-entry-media\"><div class=\"eael-entry-overlay fade-in\"><i class=\"far fa-hand-pointer\" aria-hidden=\"true\"><\/i><a href=\"https:\/\/soymigrante.com\/revista\/violencia-intrafamiliar-domestica-se-debe-reconocer-y-denunciar-donde-obtener-ayuda-en-estados-unidos\/\"><\/a><\/div><div class=\"eael-entry-thumbnail eael-image-ratio\">\n                <img fetchpriority=\"high\" decoding=\"async\" width=\"608\" height=\"608\" src=\"https:\/\/soymigrante.com\/revista\/wp-content\/uploads\/2026\/04\/frenar-violencia-domestica-estados-unidos.png\" class=\"attachment-large size-large wp-image-54895\" alt=\"alto a la violencia dom\u00e9stica contra la mujer en estados unidos freno a violencia intrafamiliar\" srcset=\"https:\/\/soymigrante.com\/revista\/wp-content\/uploads\/2026\/04\/frenar-violencia-domestica-estados-unidos.png 608w, https:\/\/soymigrante.com\/revista\/wp-content\/uploads\/2026\/04\/frenar-violencia-domestica-estados-unidos-300x300.png 300w, https:\/\/soymigrante.com\/revista\/wp-content\/uploads\/2026\/04\/frenar-violencia-domestica-estados-unidos-150x150.png 150w, https:\/\/soymigrante.com\/revista\/wp-content\/uploads\/2026\/04\/frenar-violencia-domestica-estados-unidos-75x75.png 75w\" sizes=\"(max-width: 608px) 100vw, 608px\" \/>\n            <\/div>\n        <\/div><div class=\"eael-entry-wrapper\"><header class=\"eael-entry-header\"><h2 class=\"eael-entry-title\"><a class=\"eael-grid-post-link\" href=\"https:\/\/soymigrante.com\/revista\/violencia-intrafamiliar-domestica-se-debe-reconocer-y-denunciar-donde-obtener-ayuda-en-estados-unidos\/\" title=\"Violencia intrafamiliar se debe reconocer,  denunciar y frenar \u00bfD\u00f3nde obtener ayuda en Estados Unidos?\">Violencia intrafamiliar se debe reconocer,  denunciar y frenar \u00bfD\u00f3nde obtener ayuda en Estados Unidos?<\/a><\/h2><\/header><div class=\"eael-entry-content\">\n                        <div class=\"eael-grid-post-excerpt\"><a href=\"https:\/\/soymigrante.com\/revista\/violencia-intrafamiliar-domestica-se-debe-reconocer-y-denunciar-donde-obtener-ayuda-en-estados-unidos\/\" class=\"eael-post-elements-readmore-btn\">CONOCE SU HISTORIA <\/a><\/div>\n                    <\/div><\/div><\/div>\n        <\/div>\n    <\/article><\/div>\n            <div class=\"clearfix\"><\/div>\n        <\/div>\t\t\t\t<\/div>\n\t\t\t\t\t<\/div>\n\t\t\t\t<\/div>\n\t\t<div data-particle_enable=\"false\" data-particle-mobile-disabled=\"false\" class=\"elementor-element elementor-element-e472cb4 e-flex e-con-boxed e-con e-parent\" data-id=\"e472cb4\" data-element_type=\"container\" data-e-type=\"container\">\n\t\t\t\t\t<div class=\"e-con-inner\">\n\t\t\t\t<div class=\"elementor-element elementor-element-b542a07 elementor-widget elementor-widget-text-editor\" data-id=\"b542a07\" data-element_type=\"widget\" data-e-type=\"widget\" data-widget_type=\"text-editor.default\">\n\t\t\t\t\t\t\t\t\t<h3>Aspectos clave que deben considerar los migrantes<\/h3><ul><li>Documentar la convivencia con el agresor mediante contratos de alquiler, recibos, correspondencia o testimonios.<\/li><li>Reunir evidencia del abuso como reportes m\u00e9dicos, denuncias, mensajes, fotograf\u00edas o declaraciones de testigos.<\/li><li>Buscar asesor\u00eda legal especializada en inmigraci\u00f3n para preparar adecuadamente el caso.<\/li><li>Entender que el proceso bajo <a href=\"https:\/\/es.wikipedia.org\/wiki\/Violence_Against_Women_Act\" target=\"_blank\" rel=\"noopener noreferrer\">VAWA<\/a> puede ser largo y requiere paciencia.<\/li><li>Recordar que el programa sigue vigente, aunque con mayores exigencias en la evaluaci\u00f3n de solicitudes.<\/li><\/ul>\t\t\t\t\t\t\t\t<\/div>\n\t\t\t\t\t<\/div>\n\t\t\t\t<\/div>\n\t\t<div data-particle_enable=\"false\" data-particle-mobile-disabled=\"false\" class=\"elementor-element elementor-element-290c8bd e-flex e-con-boxed e-con e-parent\" data-id=\"290c8bd\" data-element_type=\"container\" data-e-type=\"container\">\n\t\t\t\t\t<div class=\"e-con-inner\">\n\t\t\t\t<div class=\"elementor-element elementor-element-968f6c0 elementor-grid-eael-col-1 elementor-grid-tablet-eael-col-2 elementor-grid-mobile-eael-col-1 elementor-widget elementor-widget-eael-post-grid\" data-id=\"968f6c0\" data-element_type=\"widget\" data-e-type=\"widget\" data-settings=\"{&quot;eael_post_grid_columns&quot;:&quot;eael-col-1&quot;,&quot;eael_post_grid_columns_tablet&quot;:&quot;eael-col-2&quot;,&quot;eael_post_grid_columns_mobile&quot;:&quot;eael-col-1&quot;}\" data-widget_type=\"eael-post-grid.default\">\n\t\t\t\t\t<div id=\"eael-post-grid-968f6c0\" class=\"eael-post-grid-container\">\n            <div class=\"eael-post-grid eael-post-appender eael-post-appender-968f6c0 eael-post-grid-style-one\" data-layout-mode=\"masonry\"><article class=\"eael-grid-post  eael-post-grid-column eael-pg-post-25952 category-recursos-migratorios\" data-id=\"25952\">\n        <div class=\"eael-grid-post-holder\">\n            <div class=\"eael-grid-post-holder-inner\"><div class=\"eael-entry-media\"><div class=\"eael-entry-overlay fade-in\"><i class=\"far fa-hand-pointer\" aria-hidden=\"true\"><\/i><a href=\"https:\/\/soymigrante.com\/revista\/como-hallar-un-abogado-experto-en-migracion-aila-puede-ser-de-utilidad\/\"><\/a><\/div><div class=\"eael-entry-thumbnail eael-image-ratio\">\n                <img decoding=\"async\" width=\"1024\" height=\"1024\" src=\"https:\/\/soymigrante.com\/revista\/wp-content\/uploads\/2025\/02\/envato-labs-ai-60370ae9-72ee-41ea-8b19-12573c5ba9e3.webp\" class=\"attachment-large size-large wp-image-25953\" alt=\"Atractivo de un hombre profesional en una oficina moderna, vestido con traje y mostrando confianza.\" srcset=\"https:\/\/soymigrante.com\/revista\/wp-content\/uploads\/2025\/02\/envato-labs-ai-60370ae9-72ee-41ea-8b19-12573c5ba9e3.webp 1024w, https:\/\/soymigrante.com\/revista\/wp-content\/uploads\/2025\/02\/envato-labs-ai-60370ae9-72ee-41ea-8b19-12573c5ba9e3-300x300.png 300w, https:\/\/soymigrante.com\/revista\/wp-content\/uploads\/2025\/02\/envato-labs-ai-60370ae9-72ee-41ea-8b19-12573c5ba9e3-150x150.png 150w, https:\/\/soymigrante.com\/revista\/wp-content\/uploads\/2025\/02\/envato-labs-ai-60370ae9-72ee-41ea-8b19-12573c5ba9e3-768x768.png 768w, https:\/\/soymigrante.com\/revista\/wp-content\/uploads\/2025\/02\/envato-labs-ai-60370ae9-72ee-41ea-8b19-12573c5ba9e3-75x75.webp 75w, https:\/\/soymigrante.com\/revista\/wp-content\/uploads\/2025\/02\/envato-labs-ai-60370ae9-72ee-41ea-8b19-12573c5ba9e3-750x750.webp 750w\" sizes=\"(max-width: 1024px) 100vw, 1024px\" \/>\n            <\/div>\n        <\/div><div class=\"eael-entry-wrapper\"><header class=\"eael-entry-header\"><h2 class=\"eael-entry-title\"><a class=\"eael-grid-post-link\" href=\"https:\/\/soymigrante.com\/revista\/como-hallar-un-abogado-experto-en-migracion-aila-puede-ser-de-utilidad\/\" title=\"\u00bfC\u00f3mo hallar un abogado experto en migraci\u00f3n? AILA puede ser de utilidad\">\u00bfC\u00f3mo hallar un abogado experto en migraci\u00f3n? AILA puede ser de utilidad<\/a><\/h2><\/header><div class=\"eael-entry-content\">\n                        <div class=\"eael-grid-post-excerpt\"><a href=\"https:\/\/soymigrante.com\/revista\/como-hallar-un-abogado-experto-en-migracion-aila-puede-ser-de-utilidad\/\" class=\"eael-post-elements-readmore-btn\">CONOCE SU HISTORIA <\/a><\/div>\n                    <\/div><\/div><\/div>\n        <\/div>\n    <\/article><\/div>\n            <div class=\"clearfix\"><\/div>\n        <\/div>\t\t\t\t<\/div>\n\t\t\t\t\t<\/div>\n\t\t\t\t<\/div>\n\t\t<div data-particle_enable=\"false\" data-particle-mobile-disabled=\"false\" class=\"elementor-element elementor-element-f3c4cc9 e-flex e-con-boxed e-con e-parent\" data-id=\"f3c4cc9\" data-element_type=\"container\" data-e-type=\"container\">\n\t\t\t\t\t<div class=\"e-con-inner\">\n\t\t\t\t<div class=\"elementor-element elementor-element-fae3667 elementor-widget elementor-widget-text-editor\" data-id=\"fae3667\" data-element_type=\"widget\" data-e-type=\"widget\" data-widget_type=\"text-editor.default\">\n\t\t\t\t\t\t\t\t\t<p><span style=\"color: #000000; font-family: Mulish, sans-serif; font-size: 29px; font-weight: bold;\">Un sistema m\u00e1s exigente en medio de la vulnerabilidad<\/span><\/p><p>Mientras el <a href=\"https:\/\/es.wikipedia.org\/wiki\/Servicio_de_Ciudadan%C3%ADa_e_Inmigraci%C3%B3n_de_los_Estados_Unidos\" target=\"_blank\" rel=\"noopener noreferrer\">USCIS<\/a> sostiene que los ajustes buscan reforzar la integridad del sistema, defensores de derechos migratorios alertan que estas medidas podr\u00edan terminar afectando a quienes m\u00e1s necesitan protecci\u00f3n: sobrevivientes de violencia dom\u00e9stica que ya enfrentan condiciones de alta vulnerabilidad.<\/p><p>El debate contin\u00faa, pero el impacto de estas pol\u00edticas ya comienza a sentirse entre comunidades migrantes que dependen de estos mecanismos para reconstruir sus vidas en Estados Unidos.<\/p>\t\t\t\t\t\t\t\t<\/div>\n\t\t\t\t\t<\/div>\n\t\t\t\t<\/div>\n\t\t<div data-particle_enable=\"false\" data-particle-mobile-disabled=\"false\" class=\"elementor-element elementor-element-1ae08a6 e-flex e-con-boxed e-con e-parent\" data-id=\"1ae08a6\" data-element_type=\"container\" data-e-type=\"container\">\n\t\t\t\t\t<div class=\"e-con-inner\">\n\t\t\t\t<div class=\"elementor-element elementor-element-b6cb001 elementor-widget elementor-widget-heading\" data-id=\"b6cb001\" data-element_type=\"widget\" data-e-type=\"widget\" data-widget_type=\"heading.default\">\n\t\t\t\t\t<h2 class=\"elementor-heading-title elementor-size-default\">Quiz\u00e1 tambi\u00e9n te podr\u00eda interesar<\/h2>\t\t\t\t<\/div>\n\t\t\t\t\t<\/div>\n\t\t\t\t<\/div>\n\t\t<div data-particle_enable=\"false\" data-particle-mobile-disabled=\"false\" class=\"elementor-element elementor-element-82ed777 e-flex e-con-boxed e-con e-parent\" data-id=\"82ed777\" data-element_type=\"container\" data-e-type=\"container\">\n\t\t\t\t\t<div class=\"e-con-inner\">\n\t\t\t\t<div class=\"elementor-element elementor-element-99ec960 elementor-grid-eael-col-3 elementor-grid-tablet-eael-col-2 elementor-grid-mobile-eael-col-1 elementor-widget elementor-widget-eael-post-grid\" data-id=\"99ec960\" data-element_type=\"widget\" data-e-type=\"widget\" data-settings=\"{&quot;eael_post_grid_columns&quot;:&quot;eael-col-3&quot;,&quot;eael_post_grid_columns_tablet&quot;:&quot;eael-col-2&quot;,&quot;eael_post_grid_columns_mobile&quot;:&quot;eael-col-1&quot;}\" data-widget_type=\"eael-post-grid.default\">\n\t\t\t\t\t<div id=\"eael-post-grid-99ec960\" class=\"eael-post-grid-container\">\n            <div class=\"eael-post-grid eael-post-appender eael-post-appender-99ec960 eael-post-grid-style-one\" data-layout-mode=\"masonry\"><article class=\"eael-grid-post  eael-post-grid-column eael-pg-post-43912 category-guate-nuestra\" data-id=\"43912\">\n        <div class=\"eael-grid-post-holder\">\n            <div class=\"eael-grid-post-holder-inner\"><div class=\"eael-entry-media\"><div class=\"eael-entry-overlay fade-in\"><i class=\"far fa-hand-pointer\" aria-hidden=\"true\"><\/i><a href=\"https:\/\/soymigrante.com\/revista\/memoria-escrita-guatemalteca-la-biblioteca-y-la-hemeroteca-nacional\/\"><\/a><\/div><div class=\"eael-entry-thumbnail eael-image-ratio\">\n                <img decoding=\"async\" width=\"1024\" height=\"632\" src=\"https:\/\/soymigrante.com\/revista\/wp-content\/uploads\/2025\/09\/Biblioteca-nacional-4-1024x632.jpg\" class=\"attachment-large size-large wp-image-43913\" alt=\"Memoria en papel: Biblioteca y Hemeroteca Nacional de Guatemala\" srcset=\"https:\/\/soymigrante.com\/revista\/wp-content\/uploads\/2025\/09\/Biblioteca-nacional-4-1024x632.jpg 1024w, https:\/\/soymigrante.com\/revista\/wp-content\/uploads\/2025\/09\/Biblioteca-nacional-4-300x185.jpg 300w, https:\/\/soymigrante.com\/revista\/wp-content\/uploads\/2025\/09\/Biblioteca-nacional-4-768x474.jpg 768w, https:\/\/soymigrante.com\/revista\/wp-content\/uploads\/2025\/09\/Biblioteca-nacional-4-750x463.jpg 750w, https:\/\/soymigrante.com\/revista\/wp-content\/uploads\/2025\/09\/Biblioteca-nacional-4-1140x704.jpg 1140w, https:\/\/soymigrante.com\/revista\/wp-content\/uploads\/2025\/09\/Biblioteca-nacional-4.jpg 1226w\" sizes=\"(max-width: 1024px) 100vw, 1024px\" \/>\n            <\/div>\n        <\/div><div class=\"eael-entry-wrapper\"><header class=\"eael-entry-header\"><h2 class=\"eael-entry-title\"><a class=\"eael-grid-post-link\" href=\"https:\/\/soymigrante.com\/revista\/memoria-escrita-guatemalteca-la-biblioteca-y-la-hemeroteca-nacional\/\" title=\"Memoria escrita guatemalteca: La Biblioteca y la Hemeroteca Nacional\">Memoria escrita guatemalteca: La Biblioteca y la Hemeroteca Nacional<\/a><\/h2><\/header><div class=\"eael-entry-content\">\n                        <div class=\"eael-grid-post-excerpt\"><a href=\"https:\/\/soymigrante.com\/revista\/memoria-escrita-guatemalteca-la-biblioteca-y-la-hemeroteca-nacional\/\" class=\"eael-post-elements-readmore-btn\">CONOCE SU HISTORIA <\/a><\/div>\n                    <\/div><\/div><\/div>\n        <\/div>\n    <\/article><article class=\"eael-grid-post  eael-post-grid-column eael-pg-post-38875 category-guate-nuestra\" data-id=\"38875\">\n        <div class=\"eael-grid-post-holder\">\n            <div class=\"eael-grid-post-holder-inner\"><div class=\"eael-entry-media\"><div class=\"eael-entry-overlay fade-in\"><i class=\"far fa-hand-pointer\" aria-hidden=\"true\"><\/i><a href=\"https:\/\/soymigrante.com\/revista\/asi-era-por-dentro-el-calvario-de-santa-maria-de-jesus-y-un-plan-de-restauracion-que-no-ocurrio\/\"><\/a><\/div><div class=\"eael-entry-thumbnail eael-image-ratio\">\n                <img loading=\"lazy\" decoding=\"async\" width=\"1024\" height=\"1024\" src=\"https:\/\/soymigrante.com\/revista\/wp-content\/uploads\/2025\/07\/calvario-santa-maria-de-jesus-sismos-1024x1024.png\" class=\"attachment-large size-large wp-image-39019\" alt=\"Cargando una iglesia antigua da\u00f1ada y una casa destruida por un terremoto en una zona vulnerable, mostrando la vulnerabilidad de las construcciones tradicionales frente a desastres naturales en contextos migratorios y de resiliencia.\" srcset=\"https:\/\/soymigrante.com\/revista\/wp-content\/uploads\/2025\/07\/calvario-santa-maria-de-jesus-sismos-1024x1024.png 1024w, https:\/\/soymigrante.com\/revista\/wp-content\/uploads\/2025\/07\/calvario-santa-maria-de-jesus-sismos-300x300.png 300w, https:\/\/soymigrante.com\/revista\/wp-content\/uploads\/2025\/07\/calvario-santa-maria-de-jesus-sismos-150x150.png 150w, https:\/\/soymigrante.com\/revista\/wp-content\/uploads\/2025\/07\/calvario-santa-maria-de-jesus-sismos-768x768.png 768w, https:\/\/soymigrante.com\/revista\/wp-content\/uploads\/2025\/07\/calvario-santa-maria-de-jesus-sismos-75x75.webp 75w, https:\/\/soymigrante.com\/revista\/wp-content\/uploads\/2025\/07\/calvario-santa-maria-de-jesus-sismos-750x750.webp 750w, https:\/\/soymigrante.com\/revista\/wp-content\/uploads\/2025\/07\/calvario-santa-maria-de-jesus-sismos.webp 1080w\" sizes=\"(max-width: 1024px) 100vw, 1024px\" \/>\n            <\/div>\n        <\/div><div class=\"eael-entry-wrapper\"><header class=\"eael-entry-header\"><h2 class=\"eael-entry-title\"><a class=\"eael-grid-post-link\" href=\"https:\/\/soymigrante.com\/revista\/asi-era-por-dentro-el-calvario-de-santa-maria-de-jesus-y-un-plan-de-restauracion-que-no-ocurrio\/\" title=\"As\u00ed era por dentro El Calvario de Santa Mar\u00eda de Jes\u00fas y un plan de restauraci\u00f3n que no ocurri\u00f3\">As\u00ed era por dentro El Calvario de Santa Mar\u00eda de Jes\u00fas y un plan de restauraci\u00f3n que no ocurri\u00f3<\/a><\/h2><\/header><div class=\"eael-entry-content\">\n                        <div class=\"eael-grid-post-excerpt\"><a href=\"https:\/\/soymigrante.com\/revista\/asi-era-por-dentro-el-calvario-de-santa-maria-de-jesus-y-un-plan-de-restauracion-que-no-ocurrio\/\" class=\"eael-post-elements-readmore-btn\">CONOCE SU HISTORIA <\/a><\/div>\n                    <\/div><\/div><\/div>\n        <\/div>\n    <\/article><article class=\"eael-grid-post  eael-post-grid-column eael-pg-post-41265 category-arte-cultura-guate-nuestra\" data-id=\"41265\">\n        <div class=\"eael-grid-post-holder\">\n            <div class=\"eael-grid-post-holder-inner\"><div class=\"eael-entry-media\"><div class=\"eael-entry-overlay fade-in\"><i class=\"far fa-hand-pointer\" aria-hidden=\"true\"><\/i><a href=\"https:\/\/soymigrante.com\/revista\/mira-arte-guatemalteco-carlos-merida-un-genio-que-sigue-siendo-aun-poco-conocido\/\"><\/a><\/div><div class=\"eael-entry-thumbnail eael-image-ratio\">\n                <img loading=\"lazy\" decoding=\"async\" width=\"421\" height=\"416\" src=\"https:\/\/soymigrante.com\/revista\/wp-content\/uploads\/2025\/08\/carlos-merida-en-el-mural-de-la-municipalidad-de-guatemala.png\" class=\"attachment-large size-large wp-image-44788\" alt=\"carlos m\u00e9rida en el mural de la municipalidad de guatemala\" srcset=\"https:\/\/soymigrante.com\/revista\/wp-content\/uploads\/2025\/08\/carlos-merida-en-el-mural-de-la-municipalidad-de-guatemala.png 421w, https:\/\/soymigrante.com\/revista\/wp-content\/uploads\/2025\/08\/carlos-merida-en-el-mural-de-la-municipalidad-de-guatemala-300x296.png 300w, https:\/\/soymigrante.com\/revista\/wp-content\/uploads\/2025\/08\/carlos-merida-en-el-mural-de-la-municipalidad-de-guatemala-75x75.png 75w\" sizes=\"(max-width: 421px) 100vw, 421px\" \/>\n            <\/div>\n        <\/div><div class=\"eael-entry-wrapper\"><header class=\"eael-entry-header\"><h2 class=\"eael-entry-title\"><a class=\"eael-grid-post-link\" href=\"https:\/\/soymigrante.com\/revista\/mira-arte-guatemalteco-carlos-merida-un-genio-que-sigue-siendo-aun-poco-conocido\/\" title=\"Mira arte guatemalteco: Carlos M\u00e9rida, un genio que sigue siendo a\u00fan poco conocido\">Mira arte guatemalteco: Carlos M\u00e9rida, un genio que sigue siendo a\u00fan poco conocido<\/a><\/h2><\/header><div class=\"eael-entry-content\">\n                        <div class=\"eael-grid-post-excerpt\"><a href=\"https:\/\/soymigrante.com\/revista\/mira-arte-guatemalteco-carlos-merida-un-genio-que-sigue-siendo-aun-poco-conocido\/\" class=\"eael-post-elements-readmore-btn\">CONOCE SU HISTORIA <\/a><\/div>\n                    <\/div><\/div><\/div>\n        <\/div>\n    <\/article><\/div>\n            <div class=\"clearfix\"><\/div>\n        <\/div>            <div class=\"eael-load-more-button-wrap eael-force-hide\">\n                <button class=\"eael-load-more-button\" id=\"eael-load-more-btn-99ec960\" data-widget-id=\"99ec960\" data-widget=\"99ec960\" data-page-id=\"55299\" data-template=\"{&quot;dir&quot;:&quot;lite&quot;,&quot;file_name&quot;:&quot;one.php&quot;,&quot;name&quot;:&quot;Post-Grid&quot;}\" data-class=\"Essential_Addons_Elementor\\Elements\\Post_Grid\" data-layout=\"masonry\" data-page=\"1\" data-args=\"orderby=rand&amp;order=desc&amp;ignore_sticky_posts=1&amp;post_status=publish&amp;posts_per_page=3&amp;offset=0&amp;post_type=post&amp;tax_query%5B0%5D%5Btaxonomy%5D=category&amp;tax_query%5B0%5D%5Bfield%5D=term_id&amp;tax_query%5B0%5D%5Bterms%5D%5B0%5D=58&amp;tax_query%5Brelation%5D=AND\" data-max-page=\"288\">\n                    <span class=\"eael-btn-loader button__loader\"><\/span>\n                    <span class=\"eael_load_more_text\">Load More<\/span>\n                <\/button>\n            <\/div>\n            \t\t\t\t<\/div>\n\t\t\t\t\t<\/div>\n\t\t\t\t<\/div>\n\t\t\t\t<\/div>\n\t\t","protected":false},"excerpt":{"rendered":"<p>Cambios en la solicitud y tr\u00e1mite de visas VAWA, para sobrevivientes de violencia, se han endurecido para &#8220;evitar fraudes&#8221;. Sin embargo, para las v\u00edctimas esto puede ser un camino cuesta arriba y por eso deben saber documentar su caso. Seg\u00fan una investigaci\u00f3n publicada por Documented NY, recientes cambios en las pol\u00edticas del Servicio de Ciudadan\u00eda [&hellip;]<\/p>\n","protected":false},"author":1,"featured_media":55301,"comment_status":"open","ping_status":"open","sticky":false,"template":"","format":"standard","meta":{"_acf_changed":false,"_eb_attr":"","footnotes":""},"categories":[280],"tags":[],"class_list":["post-55299","post","type-post","status-publish","format-standard","has-post-thumbnail","hentry","category-noticias"],"acf":[],"aioseo_notices":[],"aioseo_head":"\n\t\t<!-- All in One SEO Pro 4.9.6.2 - aioseo.com -->\n\t<meta name=\"description\" content=\"Carlos M\u00e9rida (1891-1984) conoci\u00f3 las vanguardias art\u00edsticas en Par\u00eds y las trajo a Guatemala, donde las combin\u00f3 con la cosmovisi\u00f3n maya: una fusi\u00f3n fascinante.\" \/>\n\t<meta name=\"robots\" content=\"max-snippet:-1, max-image-preview:large, max-video-preview:-1\" \/>\n\t<meta name=\"author\" content=\"Marysabel Aldana\"\/>\n\t<link rel=\"canonical\" href=\"https:\/\/soymigrante.com\/revista\/mira-arte-guatemalteco-carlos-merida-un-genio-que-sigue-siendo-aun-poco-conocido\/\" \/>\n\t<meta name=\"generator\" content=\"All in One SEO Pro (AIOSEO) 4.9.6.2\" \/>\n\n\t\t<link rel=\"preconnect\" href=\"https:\/\/fonts.googleapis.com\" crossorigin>\n<link rel=\"preconnect\" href=\"https:\/\/fonts.gstatic.com\" crossorigin>\n\t\t<meta property=\"og:locale\" content=\"es_ES\" \/>\n\t\t<meta property=\"og:site_name\" content=\"SoyMigrante.com REVISTA \u2013 Nuestra misi\u00f3n es reconocer y dignificar al migrante.\" \/>\n\t\t<meta property=\"og:type\" content=\"article\" \/>\n\t\t<meta property=\"og:title\" content=\"Carlos M\u00e9rida, genio fundador del arte moderno guatemalteco\" \/>\n\t\t<meta property=\"og:description\" content=\"Carlos M\u00e9rida (1891-1984) conoci\u00f3 las vanguardias art\u00edsticas en Par\u00eds y las trajo a Guatemala, donde las combin\u00f3 con la cosmovisi\u00f3n maya: una fusi\u00f3n fascinante.\" \/>\n\t\t<meta property=\"og:url\" content=\"https:\/\/soymigrante.com\/revista\/mira-arte-guatemalteco-carlos-merida-un-genio-que-sigue-siendo-aun-poco-conocido\/\" \/>\n\t\t<meta property=\"og:image\" content=\"https:\/\/soymigrante.com\/revista\/wp-content\/uploads\/2025\/08\/carlos-merida-en-el-mural-de-la-municipalidad-de-guatemala.png\" \/>\n\t\t<meta property=\"og:image:secure_url\" content=\"https:\/\/soymigrante.com\/revista\/wp-content\/uploads\/2025\/08\/carlos-merida-en-el-mural-de-la-municipalidad-de-guatemala.png\" \/>\n\t\t<meta property=\"og:image:width\" content=\"421\" \/>\n\t\t<meta property=\"og:image:height\" content=\"416\" \/>\n\t\t<meta property=\"article:published_time\" content=\"2025-09-16T10:00:00+00:00\" \/>\n\t\t<meta property=\"article:modified_time\" content=\"2025-09-22T04:25:18+00:00\" \/>\n\t\t<meta property=\"article:publisher\" content=\"https:\/\/www.facebook.com\/soymigrantecom\" \/>\n\t\t<meta name=\"twitter:card\" content=\"summary_large_image\" \/>\n\t\t<meta name=\"twitter:site\" content=\"@SoyMigrante_com\" \/>\n\t\t<meta name=\"twitter:title\" content=\"Carlos M\u00e9rida, genio fundador del arte moderno guatemalteco\" \/>\n\t\t<meta name=\"twitter:description\" content=\"Carlos M\u00e9rida (1891-1984) conoci\u00f3 las vanguardias art\u00edsticas en Par\u00eds y las trajo a Guatemala, donde las combin\u00f3 con la cosmovisi\u00f3n maya: una fusi\u00f3n fascinante.\" \/>\n\t\t<meta name=\"twitter:creator\" content=\"@SoyMigrante_com\" \/>\n\t\t<meta name=\"twitter:image\" content=\"https:\/\/soymigrante.com\/revista\/wp-content\/uploads\/2025\/08\/carlos-merida-en-el-mural-de-la-municipalidad-de-guatemala.png\" \/>\n\t\t<!-- All in One SEO Pro -->\r\n\t\t<title>Carlos M\u00e9rida, genio fundador del arte moderno guatemalteco<\/title>\n\n","aioseo_head_json":{"title":"Carlos M\u00e9rida, genio fundador del arte moderno guatemalteco","description":"Carlos M\u00e9rida (1891-1984) conoci\u00f3 las vanguardias art\u00edsticas en Par\u00eds y las trajo a Guatemala, donde las combin\u00f3 con la cosmovisi\u00f3n maya: una fusi\u00f3n fascinante.","canonical_url":"https:\/\/soymigrante.com\/revista\/mira-arte-guatemalteco-carlos-merida-un-genio-que-sigue-siendo-aun-poco-conocido\/","robots":"max-snippet:-1, max-image-preview:large, max-video-preview:-1","keywords":"","webmasterTools":{"miscellaneous":"&lt;link rel=\"preconnect\" href=\"https:\/\/fonts.googleapis.com\" crossorigin&gt;\n&lt;link rel=\"preconnect\" href=\"https:\/\/fonts.gstatic.com\" crossorigin&gt;"},"schema":null,"og:locale":"es_ES","og:site_name":"SoyMigrante.com REVISTA \u2013 Nuestra misi\u00f3n es reconocer y dignificar al migrante.","og:type":"article","og:title":"Carlos M\u00e9rida, genio fundador del arte moderno guatemalteco","og:description":"Carlos M\u00e9rida (1891-1984) conoci\u00f3 las vanguardias art\u00edsticas en Par\u00eds y las trajo a Guatemala, donde las combin\u00f3 con la cosmovisi\u00f3n maya: una fusi\u00f3n fascinante.","og:url":"https:\/\/soymigrante.com\/revista\/mira-arte-guatemalteco-carlos-merida-un-genio-que-sigue-siendo-aun-poco-conocido\/","og:image":"https:\/\/soymigrante.com\/revista\/wp-content\/uploads\/2025\/08\/carlos-merida-en-el-mural-de-la-municipalidad-de-guatemala.png","og:image:secure_url":"https:\/\/soymigrante.com\/revista\/wp-content\/uploads\/2025\/08\/carlos-merida-en-el-mural-de-la-municipalidad-de-guatemala.png","og:image:width":421,"og:image:height":416,"article:published_time":"2025-09-16T10:00:00+00:00","article:modified_time":"2025-09-22T04:25:18+00:00","article:publisher":"https:\/\/www.facebook.com\/soymigrantecom","twitter:card":"summary_large_image","twitter:site":"@SoyMigrante_com","twitter:title":"Carlos M\u00e9rida, genio fundador del arte moderno guatemalteco","twitter:description":"Carlos M\u00e9rida (1891-1984) conoci\u00f3 las vanguardias art\u00edsticas en Par\u00eds y las trajo a Guatemala, donde las combin\u00f3 con la cosmovisi\u00f3n maya: una fusi\u00f3n fascinante.","twitter:creator":"@SoyMigrante_com","twitter:image":"https:\/\/soymigrante.com\/revista\/wp-content\/uploads\/2025\/08\/carlos-merida-en-el-mural-de-la-municipalidad-de-guatemala.png"},"aioseo_meta_data":{"post_id":"55299","title":"Mayores exigencias en visas para v\u00edctimas de violencia","description":"Reportaje del medio Documented reporta barreras adicionales para v\u00edctimas solicitantes de visa para sobrevivientes de violencia: claves para un mejor expediente.","keywords":null,"keyphrases":{"focus":{"keyphrase":"Visas","score":46,"analysis":{"keyphraseInTitle":{"score":9,"maxScore":9,"error":0},"keyphraseInDescription":{"score":3,"maxScore":9,"error":1},"keyphraseLength":{"score":9,"maxScore":9,"error":0,"length":1},"keyphraseInURL":{"score":1,"maxScore":5,"error":1},"keyphraseInIntroduction":{"score":3,"maxScore":9,"error":1},"keyphraseInSubHeadings":{"score":3,"maxScore":9,"error":1},"keyphraseInImageAlt":{"score":3,"maxScore":9,"error":1},"keywordDensity":{"score":0,"type":"low","maxScore":9,"error":1}}},"additional":[{"keyphrase":"Violencia","score":100,"analysis":{"keyphraseInDescription":{"score":9,"maxScore":9,"error":0},"keyphraseLength":{"score":9,"maxScore":9,"error":0,"length":1},"keyphraseInIntroduction":{"score":9,"maxScore":9,"error":0},"keyphraseInImageAlt":{"score":9,"maxScore":9,"error":0},"keywordDensity":{"type":"best","score":9,"maxScore":9,"error":0}}},{"keyphrase":"Victimas","score":40,"analysis":{"keyphraseInDescription":{"score":3,"maxScore":9,"error":1},"keyphraseLength":{"score":9,"maxScore":9,"error":0,"length":1},"keyphraseInIntroduction":{"score":3,"maxScore":9,"error":1},"keyphraseInImageAlt":{"score":3,"maxScore":9,"error":1},"keywordDensity":{"score":0,"type":"low","maxScore":9,"error":1}}},{"keyphrase":"Visa","score":53,"analysis":{"keyphraseInDescription":{"score":9,"maxScore":9,"error":0},"keyphraseLength":{"score":9,"maxScore":9,"error":0,"length":1},"keyphraseInIntroduction":{"score":3,"maxScore":9,"error":1},"keyphraseInImageAlt":{"score":3,"maxScore":9,"error":1},"keywordDensity":{"score":0,"type":"low","maxScore":9,"error":1}}},{"keyphrase":"Residencia","score":40,"analysis":{"keyphraseInDescription":{"score":3,"maxScore":9,"error":1},"keyphraseLength":{"score":9,"maxScore":9,"error":0,"length":1},"keyphraseInIntroduction":{"score":3,"maxScore":9,"error":1},"keyphraseInImageAlt":{"score":3,"maxScore":9,"error":1},"keywordDensity":{"score":0,"type":"low","maxScore":9,"error":1}}}]},"primary_term":null,"canonical_url":null,"og_title":null,"og_description":null,"og_object_type":"default","og_image_type":"default","og_image_url":null,"og_image_width":null,"og_image_height":null,"og_image_custom_url":null,"og_image_custom_fields":null,"og_video":"","og_custom_url":null,"og_article_section":null,"og_article_tags":null,"twitter_use_og":false,"twitter_card":"default","twitter_image_type":"default","twitter_image_url":null,"twitter_image_custom_url":null,"twitter_image_custom_fields":null,"twitter_title":null,"twitter_description":null,"schema":{"blockGraphs":[],"customGraphs":[],"default":{"data":{"Article":[],"Course":[],"Dataset":[],"FAQPage":[],"Movie":[],"Person":[],"Product":[],"ProductReview":[],"Car":[],"Recipe":[],"Service":[],"SoftwareApplication":[],"WebPage":[]},"graphName":"NewsArticle","isEnabled":true},"graphs":[]},"schema_type":"default","schema_type_options":null,"pillar_content":false,"robots_default":true,"robots_noindex":false,"robots_noarchive":false,"robots_nosnippet":false,"robots_nofollow":false,"robots_noimageindex":false,"robots_noodp":false,"robots_notranslate":false,"robots_max_snippet":"-1","robots_max_videopreview":"-1","robots_max_imagepreview":"large","priority":null,"frequency":"default","local_seo":null,"seo_analyzer_scan_date":null,"breadcrumb_settings":null,"limit_modified_date":false,"reviewed_by":"0","open_ai":null,"ai":{"faqs":[],"keyPoints":[],"schemas":[],"titles":[],"descriptions":[],"socialPosts":{"email":[],"linkedin":[],"twitter":[],"facebook":[],"instagram":[]}},"created":"2026-04-21 20:41:25","updated":"2026-04-21 21:02:09"},"aioseo_breadcrumb":"<div class=\"aioseo-breadcrumbs\"><span class=\"aioseo-breadcrumb\">\n\t<a href=\"https:\/\/soymigrante.com\/revista\" title=\"Home\">Home<\/a>\n<\/span><span class=\"aioseo-breadcrumb-separator\">\u00bb<\/span><span class=\"aioseo-breadcrumb\">\n\t<a href=\"https:\/\/soymigrante.com\/revista\/category\/noticias\/\" title=\"Noticias\">Noticias<\/a>\n<\/span><span class=\"aioseo-breadcrumb-separator\">\u00bb<\/span><span class=\"aioseo-breadcrumb\">\n\tM\u00e1s exigencias dificultan tr\u00e1mites de visa de residencia o VAWA para migrantes v\u00edctimas de violencia en USA\n<\/span><\/div>","aioseo_breadcrumb_json":[{"label":"Home","link":"https:\/\/soymigrante.com\/revista"},{"label":"Noticias","link":"https:\/\/soymigrante.com\/revista\/category\/noticias\/"},{"label":"M\u00e1s exigencias dificultan tr\u00e1mites de visa de residencia o VAWA para migrantes v\u00edctimas de violencia en USA","link":"https:\/\/soymigrante.com\/revista\/mas-exigencias-dificultan-tramites-de-visa-de-residencia-en-estados-unidos-para-migrantes-victimas-de-violencia\/"}],"_links":{"self":[{"href":"https:\/\/soymigrante.com\/revista\/wp-json\/wp\/v2\/posts\/55299","targetHints":{"allow":["GET"]}}],"collection":[{"href":"https:\/\/soymigrante.com\/revista\/wp-json\/wp\/v2\/posts"}],"about":[{"href":"https:\/\/soymigrante.com\/revista\/wp-json\/wp\/v2\/types\/post"}],"author":[{"embeddable":true,"href":"https:\/\/soymigrante.com\/revista\/wp-json\/wp\/v2\/users\/1"}],"replies":[{"embeddable":true,"href":"https:\/\/soymigrante.com\/revista\/wp-json\/wp\/v2\/comments?post=55299"}],"version-history":[{"count":6,"href":"https:\/\/soymigrante.com\/revista\/wp-json\/wp\/v2\/posts\/55299\/revisions"}],"predecessor-version":[{"id":55309,"href":"https:\/\/soymigrante.com\/revista\/wp-json\/wp\/v2\/posts\/55299\/revisions\/55309"}],"wp:featuredmedia":[{"embeddable":true,"href":"https:\/\/soymigrante.com\/revista\/wp-json\/wp\/v2\/media\/55301"}],"wp:attachment":[{"href":"https:\/\/soymigrante.com\/revista\/wp-json\/wp\/v2\/media?parent=55299"}],"wp:term":[{"taxonomy":"category","embeddable":true,"href":"https:\/\/soymigrante.com\/revista\/wp-json\/wp\/v2\/categories?post=55299"},{"taxonomy":"post_tag","embeddable":true,"href":"https:\/\/soymigrante.com\/revista\/wp-json\/wp\/v2\/tags?post=55299"}],"curies":[{"name":"wp","href":"https:\/\/api.w.org\/{rel}","templated":true}]}}