{"id":55272,"date":"2026-04-21T08:10:31","date_gmt":"2026-04-21T14:10:31","guid":{"rendered":"https:\/\/soymigrante.com\/revista\/?p=55272"},"modified":"2026-04-21T08:57:56","modified_gmt":"2026-04-21T14:57:56","slug":"pastor-y-cantautor-migrante-guatemalteco-danny-martinez-proyecta-los-colores-de-la-fe-desde-chicago","status":"publish","type":"post","link":"https:\/\/soymigrante.com\/revista\/pastor-y-cantautor-migrante-guatemalteco-danny-martinez-proyecta-los-colores-de-la-fe-desde-chicago\/","title":{"rendered":"Pastor y cantautor migrante guatemalteco Danny Mart\u00ednez proyecta los colores de la fe desde Chicago"},"content":{"rendered":"\t\t<div data-elementor-type=\"wp-post\" data-elementor-id=\"55272\" class=\"elementor elementor-55272\" data-elementor-post-type=\"post\">\n\t\t\t\t<div data-particle_enable=\"false\" data-particle-mobile-disabled=\"false\" class=\"elementor-element elementor-element-c4b7fe0 e-flex e-con-boxed e-con e-parent\" data-id=\"c4b7fe0\" data-element_type=\"container\" data-e-type=\"container\">\n\t\t\t\t\t<div class=\"e-con-inner\">\n\t\t\t\t<div class=\"elementor-element elementor-element-1900cea elementor-widget elementor-widget-heading\" data-id=\"1900cea\" data-element_type=\"widget\" data-e-type=\"widget\" data-widget_type=\"heading.default\">\n\t\t\t\t\t<h3 class=\"elementor-heading-title elementor-size-default\">El pastor y cantautor Danny Mart\u00ednez naci\u00f3 en la Florida, zona 19. A los 13 a\u00f1os lleg\u00f3 a Chicago, en donde empez\u00f3 a florecer su vocaci\u00f3n musical espiritual. Adem\u00e1s apoya a proyecto Casa Guatemala en Izabal, que brinda educaci\u00f3n y nutrici\u00f3n a ni\u00f1os de R\u00edo Dulce, Izabal. <\/h3>\t\t\t\t<\/div>\n\t\t\t\t<div class=\"elementor-element elementor-element-233cbf2 elementor-widget elementor-widget-html\" data-id=\"233cbf2\" data-element_type=\"widget\" data-e-type=\"widget\" data-widget_type=\"html.default\">\n\t\t\t\t\t<div id=\"buzzsprout-player-19053079\"><\/div><script src=\"https:\/\/www.buzzsprout.com\/2444168\/episodes\/19053079-la-mision-de-amor-del-pastor-y-cantautor-danny-martinez-es-amor.js?container_id=buzzsprout-player-19053079&player=small\" type=\"text\/javascript\" charset=\"utf-8\"><\/script>\t\t\t\t<\/div>\n\t\t\t\t\t<\/div>\n\t\t\t\t<\/div>\n\t\t<div data-particle_enable=\"false\" data-particle-mobile-disabled=\"false\" class=\"elementor-element elementor-element-7f45f17 e-flex e-con-boxed e-con e-parent\" data-id=\"7f45f17\" data-element_type=\"container\" data-e-type=\"container\">\n\t\t\t\t\t<div class=\"e-con-inner\">\n\t\t\t\t<div class=\"elementor-element elementor-element-0347123 elementor-widget elementor-widget-text-editor\" data-id=\"0347123\" data-element_type=\"widget\" data-e-type=\"widget\" data-widget_type=\"text-editor.default\">\n\t\t\t\t\t\t\t\t\t<p>&#8220;Gracias Pastor Danny&#8221; se lee en una manta del proyecto Casa Guatemala, que provee nutrici\u00f3n y educaci\u00f3n a ni\u00f1os de una comunidad en R\u00edo Dulce, Izabal.\u00a0 Danny Mart\u00ednez es migrante guatemalteco, cantante, compositor y pastor. Su trayectoria combina m\u00e1s de tres d\u00e9cadas de ministerio, formaci\u00f3n acad\u00e9mica\u2014incluyendo un doctorado en <a href=\"https:\/\/en.wikipedia.org\/wiki\/Fuller_Theological_Seminary\" target=\"_blank\" rel=\"noopener\">Fuller Theological Seminary<\/a>\u2014 y liderazgo: desde Chicago, Illinois, es superintendente de m\u00e1s de cien comunidades de la Iglesia del Pacto Evang\u00e9lico en Estados Unidos.\u00a0<\/p><p>Su trabajo ha estado marcado por la ense\u00f1anza, la formaci\u00f3n pastoral y una vocaci\u00f3n constante de servicio. Desde joven empez\u00f3 a componer e interpretar m\u00fasica cristiana. Lo sigue haciendo. Uno de sus primeros \u00e9xitos fue <a href=\"https:\/\/www.youtube.com\/results?search_query=colores+danny+martinez\">Colores<\/a>, un tema que ha iluminado muchas vidas con los colores de la fe y la acci\u00f3n solidaria.<\/p><p>Durante 35 a\u00f1os, Danny Mart\u00ednez ha apoyado a <a href=\"https:\/\/casa-guatemala.org\/\">Casa Guatemala,<\/a> en <a href=\"https:\/\/en.wikipedia.org\/wiki\/R%C3%ADo_Dulce,_Izabal\" target=\"_blank\" rel=\"noopener\">R\u00edo Dulce, <\/a><a href=\"https:\/\/soymigrante.com\/revista\/departamentos-de-guatemala-izabal-es-la-puerta-del-caribe\/\">Izabal,<\/a>\u00a0 a trav\u00e9s de su m\u00fasica.\u00a0 \u201cCrec\u00ed en un entorno muy pobre pero Dios siempre te apoya. Se lo agradezco siempre por medio de mi m\u00fasica, pero tambi\u00e9n al apoyar este hogar para ni\u00f1os guatemaltecos\u201d. Esta es su historia, llena de esfuerzo, visi\u00f3n y servicio como la de tantos guatemaltecos en<a href=\"https:\/\/soymigrante.com\/revista\/guatemaltecos-en-estados-unidos-cifra-baja-en-2026-segun-cifras-oficiales\/\"> Estados Unidos<\/a>.<\/p>\t\t\t\t\t\t\t\t<\/div>\n\t\t\t\t\t<\/div>\n\t\t\t\t<\/div>\n\t\t<div data-particle_enable=\"false\" data-particle-mobile-disabled=\"false\" class=\"elementor-element elementor-element-633d724 e-flex e-con-boxed e-con e-parent\" data-id=\"633d724\" data-element_type=\"container\" data-e-type=\"container\">\n\t\t\t\t\t<div class=\"e-con-inner\">\n\t\t\t\t<div class=\"elementor-element elementor-element-f7e2961 elementor-widget elementor-widget-html\" data-id=\"f7e2961\" data-element_type=\"widget\" data-e-type=\"widget\" data-widget_type=\"html.default\">\n\t\t\t\t\t<iframe width=\"560\" height=\"415\" src=\"https:\/\/www.youtube.com\/embed\/lM7JZD5D9o4?si=7_9hbd8wNYvpBhKs\" title=\"YouTube video player\" frameborder=\"0\" allow=\"accelerometer; autoplay; clipboard-write; encrypted-media; gyroscope; picture-in-picture; web-share\" referrerpolicy=\"strict-origin-when-cross-origin\" allowfullscreen><\/iframe>\t\t\t\t<\/div>\n\t\t\t\t\t<\/div>\n\t\t\t\t<\/div>\n\t\t<div data-particle_enable=\"false\" data-particle-mobile-disabled=\"false\" class=\"elementor-element elementor-element-d46843c e-flex e-con-boxed e-con e-parent\" data-id=\"d46843c\" data-element_type=\"container\" data-e-type=\"container\">\n\t\t\t\t\t<div class=\"e-con-inner\">\n\t\t\t\t<div class=\"elementor-element elementor-element-1cf98e9 elementor-widget elementor-widget-text-editor\" data-id=\"1cf98e9\" data-element_type=\"widget\" data-e-type=\"widget\" data-widget_type=\"text-editor.default\">\n\t\t\t\t\t\t\t\t\t<p><span style=\"color: #000000; font-family: Mulish, sans-serif; font-size: 29px; font-weight: bold;\">Su mam\u00e1 migr\u00f3 primero<\/span><\/p><p>\u201cYo nac\u00ed en el IGSS, en la zona 1 de Guatemala, pero crec\u00ed en La Florida,\u00a0 zona 19. Mi familia es de San Juan Sacatep\u00e9quez, de una aldea que se llama Mont\u00fafar\u201d. La infancia de Danny estuvo marcada por la migraci\u00f3n temprana de su <a href=\"https:\/\/soymigrante.com\/revista\/madres-migrantes-guatemaltecas-responden-que-tradiciones-valores-y-elementos-de-identidad-inculca-a-sus-hijos\/\">mam\u00e1<\/a>, una experiencia que define como dif\u00edcil pero formativa.\u00a0<\/p><p>\u201cMi pap\u00e1 nos dej\u00f3 desde muy peque\u00f1os y mi mam\u00e1 tuvo que viajar a los Estados Unidos, sin nosotros para ahorrar dinero y regresar a traernos. Fue una etapa muy dif\u00edcil\u2026 estar ella. Crec\u00ed en la casa de mi abuelita, con mis t\u00edos.\u00a0 Y bueno, eso llev\u00f3 a desarrollar mi talento para que me dieran un poquito de atenci\u00f3n\u201d.<\/p><p>El primer contacto con la m\u00fasica fue familiar. \u201cMis t\u00edos eran m\u00fasicos\u2026 y la <a href=\"https:\/\/soymigrante.com\/revista\/el-guatemalteco-estuardo-adhemar-es-exitoso-productor-musical-fotografo-y-videografo-en-chicago\/\">m\u00fasica <\/a>con la que comenc\u00e9 a cantar era ranchera\u201d. Con el tiempo, esa inclinaci\u00f3n evolucion\u00f3 hacia el rock y m\u00e1s adelante hacia la m\u00fasica cristiana. A los 13 a\u00f1os, Danny por fin se reuni\u00f3 con su mam\u00e1 en Chicago.<\/p>\t\t\t\t\t\t\t\t<\/div>\n\t\t\t\t\t<\/div>\n\t\t\t\t<\/div>\n\t\t<div data-particle_enable=\"false\" data-particle-mobile-disabled=\"false\" class=\"elementor-element elementor-element-a991478 e-flex e-con-boxed e-con e-parent\" data-id=\"a991478\" data-element_type=\"container\" data-e-type=\"container\">\n\t\t\t\t\t<div class=\"e-con-inner\">\n\t\t\t\t<div class=\"elementor-element elementor-element-831efef elementor-widget elementor-widget-image\" data-id=\"831efef\" data-element_type=\"widget\" data-e-type=\"widget\" data-widget_type=\"image.default\">\n\t\t\t\t\t\t\t\t\t\t\t\t<figure class=\"wp-caption\">\n\t\t\t\t\t\t\t\t\t\t<img fetchpriority=\"high\" decoding=\"async\" width=\"1140\" height=\"805\" src=\"https:\/\/soymigrante.com\/revista\/wp-content\/uploads\/2026\/04\/Guatemaltecos-en-Estados-Unidos-pastor-migrante-guatemalteco-Danny-Martinez-Chicago-crecio-en-La-Florida-1-1140x805.jpg\" class=\"attachment-large size-large wp-image-55278\" alt=\"Durante uno de sus mensajes, el pastor Danny Mart\u00ednez present\u00f3 una foto suya de ni\u00f1o para expresar su gratitud a Dios por tanto amor recibido. (Foto redes sociales Danny Mart\u00ednez)\" srcset=\"https:\/\/soymigrante.com\/revista\/wp-content\/uploads\/2026\/04\/Guatemaltecos-en-Estados-Unidos-pastor-migrante-guatemalteco-Danny-Martinez-Chicago-crecio-en-La-Florida-1-1140x805.jpg 1140w, https:\/\/soymigrante.com\/revista\/wp-content\/uploads\/2026\/04\/Guatemaltecos-en-Estados-Unidos-pastor-migrante-guatemalteco-Danny-Martinez-Chicago-crecio-en-La-Florida-1-300x212.jpg 300w, https:\/\/soymigrante.com\/revista\/wp-content\/uploads\/2026\/04\/Guatemaltecos-en-Estados-Unidos-pastor-migrante-guatemalteco-Danny-Martinez-Chicago-crecio-en-La-Florida-1-768x542.jpg 768w, https:\/\/soymigrante.com\/revista\/wp-content\/uploads\/2026\/04\/Guatemaltecos-en-Estados-Unidos-pastor-migrante-guatemalteco-Danny-Martinez-Chicago-crecio-en-La-Florida-1-1536x1085.jpg 1536w, https:\/\/soymigrante.com\/revista\/wp-content\/uploads\/2026\/04\/Guatemaltecos-en-Estados-Unidos-pastor-migrante-guatemalteco-Danny-Martinez-Chicago-crecio-en-La-Florida-1-120x86.jpg 120w, https:\/\/soymigrante.com\/revista\/wp-content\/uploads\/2026\/04\/Guatemaltecos-en-Estados-Unidos-pastor-migrante-guatemalteco-Danny-Martinez-Chicago-crecio-en-La-Florida-1-750x530.jpg 750w, https:\/\/soymigrante.com\/revista\/wp-content\/uploads\/2026\/04\/Guatemaltecos-en-Estados-Unidos-pastor-migrante-guatemalteco-Danny-Martinez-Chicago-crecio-en-La-Florida-1.jpg 2048w\" sizes=\"(max-width: 1140px) 100vw, 1140px\" title=\"Durante uno de sus mensajes, el pastor Danny Mart\u00ednez present\u00f3 una foto suya de ni\u00f1o para expresar su gratitud a Dios por tanto amor recibido. (Foto redes sociales Danny Mart\u00ednez) \u2013 SoyMigrante.com REVISTA\" \/>\t\t\t\t\t\t\t\t\t\t\t<figcaption class=\"widget-image-caption wp-caption-text\">Durante uno de sus mensajes, el pastor Danny Mart\u00ednez present\u00f3 una foto suya de ni\u00f1o, en Guatemala, para expresar su gratitud a Dios por tanto amor recibido. (Foto redes sociales Danny Mart\u00ednez)<\/figcaption>\n\t\t\t\t\t\t\t\t\t\t<\/figure>\n\t\t\t\t\t\t\t\t\t<\/div>\n\t\t\t\t\t<\/div>\n\t\t\t\t<\/div>\n\t\t<div data-particle_enable=\"false\" data-particle-mobile-disabled=\"false\" class=\"elementor-element elementor-element-a2990b6 e-flex e-con-boxed e-con e-parent\" data-id=\"a2990b6\" data-element_type=\"container\" data-e-type=\"container\">\n\t\t\t\t\t<div class=\"e-con-inner\">\n\t\t\t\t<div class=\"elementor-element elementor-element-686b8d1 elementor-widget elementor-widget-text-editor\" data-id=\"686b8d1\" data-element_type=\"widget\" data-e-type=\"widget\" data-widget_type=\"text-editor.default\">\n\t\t\t\t\t\t\t\t\t<p>\u201cLlegando a los Estados Unidos comenc\u00e9 a cantar\u2026 hice un grupo de rock cristiano en espa\u00f1ol que dio bastante vuelta en Latinoam\u00e9rica. Se llamaba Alegor\u00eda\u201d. Su enfoque, sin embargo, es de reflexi\u00f3n personal: \u201cGracias a Dios tengo el don de componer, m\u00fasica y letras: es un regalo y hay que devolverlo entreg\u00e1ndolo a m\u00e1s personas\u201d.<\/p><p>Su propuesta musical ha tenido m\u00faltiples ritmos, incluyendo tropical, para llegar a nuevos p\u00fablicos sin perder el mensaje de inspiraci\u00f3n. Uno de los primeros \u00e9xitos es una canci\u00f3n llamada\u00a0<em>Colores.<\/em>\u00a0\u201cHabla de la sabidur\u00eda que debemos <a href=\"https:\/\/soymigrante.com\/revista\/acuerdos-entre-padres-e-hijos-son-lo-mas-inteligente-para-fortalecer-la-familia\/\">impartirle a nuestros hijos<\/a>\u2026 cuando la gente te ense\u00f1e sus colores, cr\u00e9ele\u2026 guarda su coraz\u00f3n\u201d.<\/p>\t\t\t\t\t\t\t\t<\/div>\n\t\t\t\t\t<\/div>\n\t\t\t\t<\/div>\n\t\t<div data-particle_enable=\"false\" data-particle-mobile-disabled=\"false\" class=\"elementor-element elementor-element-9dc68ca e-flex e-con-boxed e-con e-parent\" data-id=\"9dc68ca\" data-element_type=\"container\" data-e-type=\"container\">\n\t\t\t\t\t<div class=\"e-con-inner\">\n\t\t\t\t<div class=\"elementor-element elementor-element-d735808 elementor-widget elementor-widget-html\" data-id=\"d735808\" data-element_type=\"widget\" data-e-type=\"widget\" data-widget_type=\"html.default\">\n\t\t\t\t\t<iframe width=\"560\" height=\"415\" src=\"https:\/\/www.youtube.com\/embed\/162xvPtszcQ?si=GPZsgudQDFb7VQlI\" title=\"YouTube video player\" frameborder=\"0\" allow=\"accelerometer; autoplay; clipboard-write; encrypted-media; gyroscope; picture-in-picture; web-share\" referrerpolicy=\"strict-origin-when-cross-origin\" allowfullscreen><\/iframe>\t\t\t\t<\/div>\n\t\t\t\t\t<\/div>\n\t\t\t\t<\/div>\n\t\t<div data-particle_enable=\"false\" data-particle-mobile-disabled=\"false\" class=\"elementor-element elementor-element-ddfc41c e-flex e-con-boxed e-con e-parent\" data-id=\"ddfc41c\" data-element_type=\"container\" data-e-type=\"container\">\n\t\t\t\t\t<div class=\"e-con-inner\">\n\t\t\t\t<div class=\"elementor-element elementor-element-561824a elementor-widget elementor-widget-text-editor\" data-id=\"561824a\" data-element_type=\"widget\" data-e-type=\"widget\" data-widget_type=\"text-editor.default\">\n\t\t\t\t\t\t\t\t\t<p><span style=\"color: #000000; font-family: Mulish, sans-serif; font-size: 29px; font-weight: bold;\">Formaci\u00f3n, liderazgo y ense\u00f1anza<\/span><\/p><p>Su vocaci\u00f3n espiritual comenz\u00f3 desde la ni\u00f1ez. \u201cA los ocho a\u00f1os\u2026 acept\u00e9 a Cristo\u201d, cuenta Danny, quien m\u00e1s adelante decidi\u00f3 fortalecerla con formaci\u00f3n acad\u00e9mica y experiencia pastoral. Estudi\u00f3 teolog\u00eda formalmente y hoy cuenta con un doctorado, adem\u00e1s de una trayectoria como profesor en instituciones como el Center for Hispanic Theological Studies y <a href=\"https:\/\/en.wikipedia.org\/wiki\/North_Park_Theological_Seminary\" target=\"_blank\" rel=\"noopener\">North Park Theological Seminary<\/a>.<\/p><p>\u201cUna persona que estudie tanto tiempo no es autom\u00e1ticamente un pastor, pero una persona llamada al servicio sin conocimiento puede hacer mucho da\u00f1o\u201d, reflexiona. &#8220;Es un compromiso muy serio: hay que prepararse&#8221;.<\/p><p>Su rol actual lo coloca como una figura clave en la organizaci\u00f3n eclesial dentro de la <a href=\"https:\/\/en.wikipedia.org\/wiki\/Evangelical_Covenant_Church\" target=\"_blank\" rel=\"noopener\">Evangelical Covenant Church<\/a>: \u201cYo no soy pastor de una iglesia\u2026 yo superviso 110 iglesias aqu\u00ed en la regi\u00f3n de Chicago\u201d. Durante una etapa de su vida estuvo en California, donde tambi\u00e9n fund\u00f3 varias iglesias.<\/p><p>Su responsabilidad actual es acompa\u00f1ar comunidades diversas en estados como Illinois, Indiana, Wisconsin, Missouri y Michigan, combinando visi\u00f3n estrat\u00e9gica, formaci\u00f3n y acompa\u00f1amiento espiritual.<\/p><p>\u201cSi yo no entiendo d\u00f3nde el Esp\u00edritu de Dios est\u00e1 moviendo, es muy dif\u00edcil dirigir a estas iglesias\u2026 eso requiere mucha introspecci\u00f3n\u2026 revisar el coraz\u00f3n, las intenciones, el ego y seguir lo que El Se\u00f1or desea\u201d.<\/p>\t\t\t\t\t\t\t\t<\/div>\n\t\t\t\t\t<\/div>\n\t\t\t\t<\/div>\n\t\t<div data-particle_enable=\"false\" data-particle-mobile-disabled=\"false\" class=\"elementor-element elementor-element-df8af51 e-flex e-con-boxed e-con e-parent\" data-id=\"df8af51\" data-element_type=\"container\" data-e-type=\"container\">\n\t\t\t\t\t<div class=\"e-con-inner\">\n\t\t\t\t<div class=\"elementor-element elementor-element-0b3ee9b elementor-widget elementor-widget-image\" data-id=\"0b3ee9b\" data-element_type=\"widget\" data-e-type=\"widget\" data-widget_type=\"image.default\">\n\t\t\t\t\t\t\t\t\t\t\t\t<figure class=\"wp-caption\">\n\t\t\t\t\t\t\t\t\t\t<img decoding=\"async\" width=\"768\" height=\"1024\" src=\"https:\/\/soymigrante.com\/revista\/wp-content\/uploads\/2026\/04\/Guatemaltecos-en-Estados-Unidos-pastor-migrante-guatemalteco-Danny-Martinez-Chicago-crecio-en-La-Florida-9-768x1024.jpg\" class=\"attachment-large size-large wp-image-55279\" alt=\"En cada diciembre, el pastor y cantautor migrante guatemalteco Danny Mart\u00ednez visita el proyecto Casa Guatemala, del cual es benefactor. Realiza conciertos ben\u00e9ficos en Estados Unidos y dona lo recaudado, pero tambi\u00e9n trae a amigos de Estados Unidos que se convierten tambi\u00e9n en donantes.\" srcset=\"https:\/\/soymigrante.com\/revista\/wp-content\/uploads\/2026\/04\/Guatemaltecos-en-Estados-Unidos-pastor-migrante-guatemalteco-Danny-Martinez-Chicago-crecio-en-La-Florida-9-768x1024.jpg 768w, https:\/\/soymigrante.com\/revista\/wp-content\/uploads\/2026\/04\/Guatemaltecos-en-Estados-Unidos-pastor-migrante-guatemalteco-Danny-Martinez-Chicago-crecio-en-La-Florida-9-225x300.jpg 225w, https:\/\/soymigrante.com\/revista\/wp-content\/uploads\/2026\/04\/Guatemaltecos-en-Estados-Unidos-pastor-migrante-guatemalteco-Danny-Martinez-Chicago-crecio-en-La-Florida-9-1152x1536.jpg 1152w, https:\/\/soymigrante.com\/revista\/wp-content\/uploads\/2026\/04\/Guatemaltecos-en-Estados-Unidos-pastor-migrante-guatemalteco-Danny-Martinez-Chicago-crecio-en-La-Florida-9-750x1000.jpg 750w, https:\/\/soymigrante.com\/revista\/wp-content\/uploads\/2026\/04\/Guatemaltecos-en-Estados-Unidos-pastor-migrante-guatemalteco-Danny-Martinez-Chicago-crecio-en-La-Florida-9-1140x1520.jpg 1140w, https:\/\/soymigrante.com\/revista\/wp-content\/uploads\/2026\/04\/Guatemaltecos-en-Estados-Unidos-pastor-migrante-guatemalteco-Danny-Martinez-Chicago-crecio-en-La-Florida-9.jpg 1440w\" sizes=\"(max-width: 768px) 100vw, 768px\" title=\"En cada diciembre, el pastor y cantautor migrante guatemalteco Danny Mart\u00ednez visita el proyecto Casa Guatemala, del cual es benefactor. Realiza conciertos ben\u00e9ficos en Estados Unidos y dona lo recaudado, pero tambi\u00e9n trae a amigos de Estados Unidos que se convierten tambi\u00e9n en donantes. \u2013 SoyMigrante.com REVISTA\" \/>\t\t\t\t\t\t\t\t\t\t\t<figcaption class=\"widget-image-caption wp-caption-text\">En cada diciembre, el pastor y cantautor migrante guatemalteco Danny Mart\u00ednez visita el proyecto Casa Guatemala, del cual es benefactor. Realiza conciertos ben\u00e9ficos en Estados Unidos y dona lo recaudado, pero tambi\u00e9n trae a amigos de Estados Unidos que se convierten tambi\u00e9n en donantes.<\/figcaption>\n\t\t\t\t\t\t\t\t\t\t<\/figure>\n\t\t\t\t\t\t\t\t\t<\/div>\n\t\t\t\t\t<\/div>\n\t\t\t\t<\/div>\n\t\t<div data-particle_enable=\"false\" data-particle-mobile-disabled=\"false\" class=\"elementor-element elementor-element-a974da7 e-flex e-con-boxed e-con e-parent\" data-id=\"a974da7\" data-element_type=\"container\" data-e-type=\"container\">\n\t\t\t\t\t<div class=\"e-con-inner\">\n\t\t\t\t<div class=\"elementor-element elementor-element-3d167dc elementor-widget elementor-widget-text-editor\" data-id=\"3d167dc\" data-element_type=\"widget\" data-e-type=\"widget\" data-widget_type=\"text-editor.default\">\n\t\t\t\t\t\t\t\t\t<p><span style=\"color: #000000; font-family: Mulish, sans-serif; font-size: 29px; font-weight: bold;\">Casa Guatemala: el puente que nunca se rompe<\/span><\/p><p>A pesar de su vida en Estados Unidos, <a href=\"https:\/\/casa-guatemala.org\/\">su v\u00ednculo con Guatemala se mantiene activo y tangible a trav\u00e9s de Casa Guatemala<\/a>, en <a href=\"https:\/\/en.wikipedia.org\/wiki\/Izabal_Department\" target=\"_blank\" rel=\"noopener\">Izabal<\/a>. Cada a\u00f1o organiza visitas, conciertos y actividades que buscan involucrar a m\u00e1s personas en el proyecto.<\/p><p>\u201cLa sede m\u00e1s grande la tienen en Izabal, en R\u00edo Dulce\u2026 y all\u00e1 es donde vamos y llevamos a todos nuestros hermanos, pastores, amigos para que se vayan a enamorar de los ni\u00f1os\u201d. La experiencia es tambi\u00e9n familiar y comunitaria: \u201cMi familia hace el peregrinaje conmigo todos los diciembre pero la raz\u00f3n de que vamos es para que se enamoren de los ni\u00f1os y empiecen a apoyar\u201d.<\/p><p>Artistas y l\u00edderes que lo acompa\u00f1an suelen volver: \u201cVan a regresar conmigo el pr\u00f3ximo diciembre para hacer un evento especial\u2026 d\u00e1ndole servicio a la gente m\u00e1s necesitada, y entre ellos, la ni\u00f1ez, para que tengan oportunidades de educaci\u00f3n y crecimiento\u201d.<\/p>\t\t\t\t\t\t\t\t<\/div>\n\t\t\t\t\t<\/div>\n\t\t\t\t<\/div>\n\t\t<div data-particle_enable=\"false\" data-particle-mobile-disabled=\"false\" class=\"elementor-element elementor-element-a8ac534 e-flex e-con-boxed e-con e-parent\" data-id=\"a8ac534\" data-element_type=\"container\" data-e-type=\"container\">\n\t\t\t\t\t<div class=\"e-con-inner\">\n\t\t\t\t<div class=\"elementor-element elementor-element-849d5c4 elementor-widget elementor-widget-html\" data-id=\"849d5c4\" data-element_type=\"widget\" data-e-type=\"widget\" data-widget_type=\"html.default\">\n\t\t\t\t\t<iframe width=\"560\" height=\"315\" src=\"https:\/\/www.youtube.com\/embed\/eTqJZsptSM8?si=tvb6RC1jNJXdrxci\" title=\"YouTube video player\" frameborder=\"0\" allow=\"accelerometer; autoplay; clipboard-write; encrypted-media; gyroscope; picture-in-picture; web-share\" referrerpolicy=\"strict-origin-when-cross-origin\" allowfullscreen><\/iframe>\t\t\t\t<\/div>\n\t\t\t\t\t<\/div>\n\t\t\t\t<\/div>\n\t\t<div data-particle_enable=\"false\" data-particle-mobile-disabled=\"false\" class=\"elementor-element elementor-element-0cabfdd e-flex e-con-boxed e-con e-parent\" data-id=\"0cabfdd\" data-element_type=\"container\" data-e-type=\"container\">\n\t\t\t\t\t<div class=\"e-con-inner\">\n\t\t\t\t<div class=\"elementor-element elementor-element-7ba520b elementor-widget elementor-widget-text-editor\" data-id=\"7ba520b\" data-element_type=\"widget\" data-e-type=\"widget\" data-widget_type=\"text-editor.default\">\n\t\t\t\t\t\t\t\t\t<p><span style=\"color: #000000; font-family: Mulish, sans-serif; font-size: 29px; font-weight: bold;\">Una visi\u00f3n: transformar desde la fe y la cercan\u00eda<\/span><\/p><p>M\u00e1s all\u00e1 del reconocimiento o la trayectoria, Danny Mart\u00ednez define su prop\u00f3sito con claridad. Su aspiraci\u00f3n no es solo predicar, sino acompa\u00f1ar. \u201cA m\u00ed me encantar\u00eda poder volver a viajar\u2026 ministrar por medio de la m\u00fasica, por medio de la palabra\u2026 que gente venga a Cristo. Pero yo no me miro tanto como un evangelista, sino como un pastor que pueda inspirar a las audiencias a trav\u00e9s de la m\u00fasica\u201d.<\/p><p>Su conclusi\u00f3n es directa y coherente con su historia: \u201cUn cristiano sin transformaci\u00f3n no sirve. Necesitamos ser renovados\u201d. Y el mejor testimonio de renovaci\u00f3n es la <a href=\"https:\/\/www.youtube.com\/channel\/UC_4vm2npVSf13kIU0nzfFlA\">alabanza<\/a> y el servicio constante a los dem\u00e1s.\u00a0<\/p>\t\t\t\t\t\t\t\t<\/div>\n\t\t\t\t\t<\/div>\n\t\t\t\t<\/div>\n\t\t<div data-particle_enable=\"false\" data-particle-mobile-disabled=\"false\" class=\"elementor-element elementor-element-69bb6c6 e-flex e-con-boxed e-con e-parent\" data-id=\"69bb6c6\" data-element_type=\"container\" data-e-type=\"container\">\n\t\t\t\t\t<div class=\"e-con-inner\">\n\t\t\t\t<div class=\"elementor-element elementor-element-67b1843 elementor-widget elementor-widget-html\" data-id=\"67b1843\" data-element_type=\"widget\" data-e-type=\"widget\" data-widget_type=\"html.default\">\n\t\t\t\t\t<iframe width=\"560\" height=\"415\" src=\"https:\/\/www.youtube.com\/embed\/DlHmRODtlNo?si=Ze0PNe2Im_Zk_Lvo\" title=\"YouTube video player\" frameborder=\"0\" allow=\"accelerometer; autoplay; clipboard-write; encrypted-media; gyroscope; picture-in-picture; web-share\" referrerpolicy=\"strict-origin-when-cross-origin\" allowfullscreen><\/iframe>\t\t\t\t<\/div>\n\t\t\t\t\t<\/div>\n\t\t\t\t<\/div>\n\t\t<div data-particle_enable=\"false\" data-particle-mobile-disabled=\"false\" class=\"elementor-element elementor-element-24409ec e-flex e-con-boxed e-con e-parent\" data-id=\"24409ec\" data-element_type=\"container\" data-e-type=\"container\">\n\t\t\t\t\t<div class=\"e-con-inner\">\n\t\t\t\t<div class=\"elementor-element elementor-element-e168b01 elementor-widget elementor-widget-heading\" data-id=\"e168b01\" data-element_type=\"widget\" data-e-type=\"widget\" data-widget_type=\"heading.default\">\n\t\t\t\t\t<h3 class=\"elementor-heading-title elementor-size-default\">M\u00e1s rutas de vida, \u00e9xito y servicio de Guatemaltecos en Estados Unidos<\/h3>\t\t\t\t<\/div>\n\t\t\t\t\t<\/div>\n\t\t\t\t<\/div>\n\t\t<div data-particle_enable=\"false\" data-particle-mobile-disabled=\"false\" class=\"elementor-element elementor-element-36260eb e-flex e-con-boxed e-con e-parent\" data-id=\"36260eb\" data-element_type=\"container\" data-e-type=\"container\">\n\t\t\t\t\t<div class=\"e-con-inner\">\n\t\t\t\t<div class=\"elementor-element elementor-element-dbea51c elementor-grid-eael-col-3 elementor-grid-tablet-eael-col-2 elementor-grid-mobile-eael-col-1 elementor-widget elementor-widget-eael-post-grid\" data-id=\"dbea51c\" data-element_type=\"widget\" data-e-type=\"widget\" data-settings=\"{&quot;eael_post_grid_columns&quot;:&quot;eael-col-3&quot;,&quot;eael_post_grid_columns_tablet&quot;:&quot;eael-col-2&quot;,&quot;eael_post_grid_columns_mobile&quot;:&quot;eael-col-1&quot;}\" data-widget_type=\"eael-post-grid.default\">\n\t\t\t\t\t<div id=\"eael-post-grid-dbea51c\" class=\"eael-post-grid-container\">\n            <div class=\"eael-post-grid eael-post-appender eael-post-appender-dbea51c eael-post-grid-style-one\" data-layout-mode=\"masonry\"><article class=\"eael-grid-post  eael-post-grid-column eael-pg-post-2623 category-exitos\" data-id=\"2623\">\n        <div class=\"eael-grid-post-holder\">\n            <div class=\"eael-grid-post-holder-inner\"><div class=\"eael-entry-media\"><div class=\"eael-entry-overlay fade-in\"><i class=\"far fa-hand-pointer\" aria-hidden=\"true\"><\/i><a href=\"https:\/\/soymigrante.com\/revista\/maestra-guatemalteca-orienta-a-migrantes-en-oklahoma-e-e-u-u\/\"><\/a><\/div><div class=\"eael-entry-thumbnail eael-image-ratio\">\n                <img decoding=\"async\" width=\"960\" height=\"953\" src=\"https:\/\/soymigrante.com\/revista\/wp-content\/uploads\/2023\/09\/Saidy-fue-electa-como-senora-Guatemala-en-Oklahoma-cargo-que-obtuvo-por-su-proyeccion-social-con-la-comunidad.webp\" class=\"attachment-large size-large wp-image-2631\" alt=\"Saidy fue electa como se\u00f1ora Guatemala en Oklahoma cargo que obtuvo por su proyecci\u00f3n social con la comunidad\" srcset=\"https:\/\/soymigrante.com\/revista\/wp-content\/uploads\/2023\/09\/Saidy-fue-electa-como-senora-Guatemala-en-Oklahoma-cargo-que-obtuvo-por-su-proyeccion-social-con-la-comunidad.webp 960w, https:\/\/soymigrante.com\/revista\/wp-content\/uploads\/2023\/09\/Saidy-fue-electa-como-senora-Guatemala-en-Oklahoma-cargo-que-obtuvo-por-su-proyeccion-social-con-la-comunidad-300x298.webp 300w, https:\/\/soymigrante.com\/revista\/wp-content\/uploads\/2023\/09\/Saidy-fue-electa-como-senora-Guatemala-en-Oklahoma-cargo-que-obtuvo-por-su-proyeccion-social-con-la-comunidad-150x150.webp 150w, https:\/\/soymigrante.com\/revista\/wp-content\/uploads\/2023\/09\/Saidy-fue-electa-como-senora-Guatemala-en-Oklahoma-cargo-que-obtuvo-por-su-proyeccion-social-con-la-comunidad-768x762.webp 768w, https:\/\/soymigrante.com\/revista\/wp-content\/uploads\/2023\/09\/Saidy-fue-electa-como-senora-Guatemala-en-Oklahoma-cargo-que-obtuvo-por-su-proyeccion-social-con-la-comunidad-75x75.webp 75w, https:\/\/soymigrante.com\/revista\/wp-content\/uploads\/2023\/09\/Saidy-fue-electa-como-senora-Guatemala-en-Oklahoma-cargo-que-obtuvo-por-su-proyeccion-social-con-la-comunidad-750x745.webp 750w\" sizes=\"(max-width: 960px) 100vw, 960px\" \/>\n            <\/div>\n        <\/div><div class=\"eael-entry-wrapper\"><header class=\"eael-entry-header\"><h2 class=\"eael-entry-title\"><a class=\"eael-grid-post-link\" href=\"https:\/\/soymigrante.com\/revista\/maestra-guatemalteca-orienta-a-migrantes-en-oklahoma-e-e-u-u\/\" title=\"Maestra y migrante guatemalteca Saidy Orellana orienta a compatriotas en Oklahoma, E.E.U.U.\">Maestra y migrante guatemalteca Saidy Orellana orienta a compatriotas en Oklahoma, E.E.U.U.<\/a><\/h2><\/header><div class=\"eael-entry-content\">\n                        <div class=\"eael-grid-post-excerpt\"><a href=\"https:\/\/soymigrante.com\/revista\/maestra-guatemalteca-orienta-a-migrantes-en-oklahoma-e-e-u-u\/\" class=\"eael-post-elements-readmore-btn\">CONOCE SU HISTORIA <\/a><\/div>\n                    <\/div><\/div><\/div>\n        <\/div>\n    <\/article><article class=\"eael-grid-post  eael-post-grid-column eael-pg-post-23843 category-exitos\" data-id=\"23843\">\n        <div class=\"eael-grid-post-holder\">\n            <div class=\"eael-grid-post-holder-inner\"><div class=\"eael-entry-media\"><div class=\"eael-entry-overlay fade-in\"><i class=\"far fa-hand-pointer\" aria-hidden=\"true\"><\/i><a href=\"https:\/\/soymigrante.com\/revista\/gian-villatoro-pastor-consejero-doctor-guatemalteco-en-texas\/\"><\/a><\/div><div class=\"eael-entry-thumbnail eael-image-ratio\">\n                <img loading=\"lazy\" decoding=\"async\" width=\"960\" height=\"958\" src=\"https:\/\/soymigrante.com\/revista\/wp-content\/uploads\/2025\/02\/PASTOR-GIAN-VILLATORO-copia.webp\" class=\"attachment-large size-large wp-image-23844\" alt=\"Hombre sonriendo con su\u00e9ter gris claro en un entorno al aire libre.\" srcset=\"https:\/\/soymigrante.com\/revista\/wp-content\/uploads\/2025\/02\/PASTOR-GIAN-VILLATORO-copia.webp 960w, https:\/\/soymigrante.com\/revista\/wp-content\/uploads\/2025\/02\/PASTOR-GIAN-VILLATORO-copia-300x300.jpg 300w, https:\/\/soymigrante.com\/revista\/wp-content\/uploads\/2025\/02\/PASTOR-GIAN-VILLATORO-copia-150x150.jpg 150w, https:\/\/soymigrante.com\/revista\/wp-content\/uploads\/2025\/02\/PASTOR-GIAN-VILLATORO-copia-768x766.jpg 768w, https:\/\/soymigrante.com\/revista\/wp-content\/uploads\/2025\/02\/PASTOR-GIAN-VILLATORO-copia-75x75.webp 75w, https:\/\/soymigrante.com\/revista\/wp-content\/uploads\/2025\/02\/PASTOR-GIAN-VILLATORO-copia-750x748.webp 750w\" sizes=\"(max-width: 960px) 100vw, 960px\" \/>\n            <\/div>\n        <\/div><div class=\"eael-entry-wrapper\"><header class=\"eael-entry-header\"><h2 class=\"eael-entry-title\"><a class=\"eael-grid-post-link\" href=\"https:\/\/soymigrante.com\/revista\/gian-villatoro-pastor-consejero-doctor-guatemalteco-en-texas\/\" title=\"&#8220;Guatemala puede cambiar&#8221;: Gian Carlo Villatoro, ingeniero, pastor, cantante y consejero familiar, en Texas\">&#8220;Guatemala puede cambiar&#8221;: Gian Carlo Villatoro, ingeniero, pastor, cantante y consejero familiar, en Texas<\/a><\/h2><\/header><div class=\"eael-entry-content\">\n                        <div class=\"eael-grid-post-excerpt\"><a href=\"https:\/\/soymigrante.com\/revista\/gian-villatoro-pastor-consejero-doctor-guatemalteco-en-texas\/\" class=\"eael-post-elements-readmore-btn\">CONOCE SU HISTORIA <\/a><\/div>\n                    <\/div><\/div><\/div>\n        <\/div>\n    <\/article><article class=\"eael-grid-post  eael-post-grid-column eael-pg-post-52354 category-exitos-guatemala\" data-id=\"52354\">\n        <div class=\"eael-grid-post-holder\">\n            <div class=\"eael-grid-post-holder-inner\"><div class=\"eael-entry-media\"><div class=\"eael-entry-overlay fade-in\"><i class=\"far fa-hand-pointer\" aria-hidden=\"true\"><\/i><a href=\"https:\/\/soymigrante.com\/revista\/periodista-guatemaltexa-exilio-stef-arreaga-boston-guatemala-escribiendo-madre-historia\/\"><\/a><\/div><div class=\"eael-entry-thumbnail eael-image-ratio\">\n                <img loading=\"lazy\" decoding=\"async\" width=\"907\" height=\"907\" src=\"https:\/\/soymigrante.com\/revista\/wp-content\/uploads\/2026\/02\/stef-arreaga-guatemalteca-periodista-migrante-boston-1.png\" class=\"attachment-large size-large wp-image-52373\" alt=\"stef arreaga guatemalteca periodista migrante boston\" srcset=\"https:\/\/soymigrante.com\/revista\/wp-content\/uploads\/2026\/02\/stef-arreaga-guatemalteca-periodista-migrante-boston-1.png 907w, https:\/\/soymigrante.com\/revista\/wp-content\/uploads\/2026\/02\/stef-arreaga-guatemalteca-periodista-migrante-boston-1-300x300.png 300w, https:\/\/soymigrante.com\/revista\/wp-content\/uploads\/2026\/02\/stef-arreaga-guatemalteca-periodista-migrante-boston-1-150x150.png 150w, https:\/\/soymigrante.com\/revista\/wp-content\/uploads\/2026\/02\/stef-arreaga-guatemalteca-periodista-migrante-boston-1-768x768.png 768w, https:\/\/soymigrante.com\/revista\/wp-content\/uploads\/2026\/02\/stef-arreaga-guatemalteca-periodista-migrante-boston-1-75x75.png 75w, https:\/\/soymigrante.com\/revista\/wp-content\/uploads\/2026\/02\/stef-arreaga-guatemalteca-periodista-migrante-boston-1-750x750.png 750w\" sizes=\"(max-width: 907px) 100vw, 907px\" \/>\n            <\/div>\n        <\/div><div class=\"eael-entry-wrapper\"><header class=\"eael-entry-header\"><h2 class=\"eael-entry-title\"><a class=\"eael-grid-post-link\" href=\"https:\/\/soymigrante.com\/revista\/periodista-guatemaltexa-exilio-stef-arreaga-boston-guatemala-escribiendo-madre-historia\/\" title=\"\u201cGuatemala nunca se fue\u201d: periodista migrante Stef Arreaga sigue so\u00f1ando, escribiendo y sanando en Boston, Massachussets\">\u201cGuatemala nunca se fue\u201d: periodista migrante Stef Arreaga sigue so\u00f1ando, escribiendo y sanando en Boston, Massachussets<\/a><\/h2><\/header><div class=\"eael-entry-content\">\n                        <div class=\"eael-grid-post-excerpt\"><a href=\"https:\/\/soymigrante.com\/revista\/periodista-guatemaltexa-exilio-stef-arreaga-boston-guatemala-escribiendo-madre-historia\/\" class=\"eael-post-elements-readmore-btn\">CONOCE SU HISTORIA <\/a><\/div>\n                    <\/div><\/div><\/div>\n        <\/div>\n    <\/article><\/div>\n            <div class=\"clearfix\"><\/div>\n        <\/div>\t\t\t\t<\/div>\n\t\t\t\t\t<\/div>\n\t\t\t\t<\/div>\n\t\t\t\t<\/div>\n\t\t","protected":false},"excerpt":{"rendered":"<p>El pastor y cantautor Danny Mart\u00ednez naci\u00f3 en la Florida, zona 19. A los 13 a\u00f1os lleg\u00f3 a Chicago, en donde empez\u00f3 a florecer su vocaci\u00f3n musical espiritual. Adem\u00e1s apoya a proyecto Casa Guatemala en Izabal, que brinda educaci\u00f3n y nutrici\u00f3n a ni\u00f1os de R\u00edo Dulce, Izabal. &#8220;Gracias Pastor Danny&#8221; se lee en una manta [&hellip;]<\/p>\n","protected":false},"author":7,"featured_media":55274,"comment_status":"open","ping_status":"open","sticky":false,"template":"","format":"standard","meta":{"_acf_changed":false,"_eb_attr":"","footnotes":""},"categories":[50,274],"tags":[],"class_list":["post-55272","post","type-post","status-publish","format-standard","has-post-thumbnail","hentry","category-exitos","category-guatemala"],"acf":[],"aioseo_notices":[],"aioseo_head":"\n\t\t<!-- All in One SEO Pro 4.9.6.2 - aioseo.com -->\n\t<meta name=\"description\" content=\"En 2021 la periodista guatemalteca Stef Arreaga lleg\u00f3 exiliada a USA. Empezar de cero en Boston no fue f\u00e1cil y no era su primer exilio. Esta es su historia.\" \/>\n\t<meta name=\"robots\" content=\"max-snippet:-1, max-image-preview:large, max-video-preview:-1\" \/>\n\t<meta name=\"author\" content=\"Gustavo Montenegro\"\/>\n\t<link rel=\"canonical\" href=\"https:\/\/soymigrante.com\/revista\/periodista-guatemaltexa-exilio-stef-arreaga-boston-guatemala-escribiendo-madre-historia\/\" \/>\n\t<meta name=\"generator\" content=\"All in One SEO Pro (AIOSEO) 4.9.6.2\" \/>\n\n\t\t<link rel=\"preconnect\" href=\"https:\/\/fonts.googleapis.com\" crossorigin>\n<link rel=\"preconnect\" href=\"https:\/\/fonts.gstatic.com\" crossorigin>\n\t\t<meta property=\"og:locale\" content=\"es_ES\" \/>\n\t\t<meta property=\"og:site_name\" content=\"SoyMigrante.com REVISTA \u2013 Nuestra misi\u00f3n es reconocer y dignificar al migrante.\" \/>\n\t\t<meta property=\"og:type\" content=\"article\" \/>\n\t\t<meta property=\"og:title\" content=\"&quot;Guatemala nunca se fue&quot;: periodista migrante Stef Arreaga\" \/>\n\t\t<meta property=\"og:description\" content=\"En 2021 la periodista guatemalteca Stef Arreaga lleg\u00f3 exiliada a USA. Empezar de cero en Boston no fue f\u00e1cil y no era su primer exilio. Esta es su historia.\" \/>\n\t\t<meta property=\"og:url\" content=\"https:\/\/soymigrante.com\/revista\/periodista-guatemaltexa-exilio-stef-arreaga-boston-guatemala-escribiendo-madre-historia\/\" \/>\n\t\t<meta property=\"og:image\" content=\"https:\/\/soymigrante.com\/revista\/wp-content\/uploads\/2026\/02\/stef-arreaga-guatemalteca-periodista-migrante-boston-1.png\" \/>\n\t\t<meta property=\"og:image:secure_url\" content=\"https:\/\/soymigrante.com\/revista\/wp-content\/uploads\/2026\/02\/stef-arreaga-guatemalteca-periodista-migrante-boston-1.png\" \/>\n\t\t<meta property=\"og:image:width\" content=\"907\" \/>\n\t\t<meta property=\"og:image:height\" content=\"907\" \/>\n\t\t<meta property=\"article:published_time\" content=\"2026-02-10T21:24:46+00:00\" \/>\n\t\t<meta property=\"article:modified_time\" content=\"2026-02-10T21:56:36+00:00\" \/>\n\t\t<meta property=\"article:publisher\" content=\"https:\/\/www.facebook.com\/soymigrantecom\" \/>\n\t\t<meta name=\"twitter:card\" content=\"summary_large_image\" \/>\n\t\t<meta name=\"twitter:site\" content=\"@SoyMigrante_com\" \/>\n\t\t<meta name=\"twitter:title\" content=\"&quot;Guatemala nunca se fue&quot;: periodista migrante Stef Arreaga\" \/>\n\t\t<meta name=\"twitter:description\" content=\"En 2021 la periodista guatemalteca Stef Arreaga lleg\u00f3 exiliada a USA. Empezar de cero en Boston no fue f\u00e1cil y no era su primer exilio. Esta es su historia.\" \/>\n\t\t<meta name=\"twitter:creator\" content=\"@SoyMigrante_com\" \/>\n\t\t<meta name=\"twitter:image\" content=\"https:\/\/soymigrante.com\/revista\/wp-content\/uploads\/2026\/02\/stef-arreaga-guatemalteca-periodista-migrante-boston-1.png\" \/>\n\t\t<!-- All in One SEO Pro -->\r\n\t\t<title>&quot;Guatemala nunca se fue&quot;: periodista migrante Stef Arreaga<\/title>\n\n","aioseo_head_json":{"title":"\"Guatemala nunca se fue\": periodista migrante Stef Arreaga","description":"En 2021 la periodista guatemalteca Stef Arreaga lleg\u00f3 exiliada a USA. Empezar de cero en Boston no fue f\u00e1cil y no era su primer exilio. Esta es su historia.","canonical_url":"https:\/\/soymigrante.com\/revista\/periodista-guatemaltexa-exilio-stef-arreaga-boston-guatemala-escribiendo-madre-historia\/","robots":"max-snippet:-1, max-image-preview:large, max-video-preview:-1","keywords":"","webmasterTools":{"miscellaneous":"&lt;link rel=\"preconnect\" href=\"https:\/\/fonts.googleapis.com\" crossorigin&gt;\n&lt;link rel=\"preconnect\" href=\"https:\/\/fonts.gstatic.com\" crossorigin&gt;"},"schema":null,"og:locale":"es_ES","og:site_name":"SoyMigrante.com REVISTA \u2013 Nuestra misi\u00f3n es reconocer y dignificar al migrante.","og:type":"article","og:title":"&quot;Guatemala nunca se fue&quot;: periodista migrante Stef Arreaga","og:description":"En 2021 la periodista guatemalteca Stef Arreaga lleg\u00f3 exiliada a USA. Empezar de cero en Boston no fue f\u00e1cil y no era su primer exilio. Esta es su historia.","og:url":"https:\/\/soymigrante.com\/revista\/periodista-guatemaltexa-exilio-stef-arreaga-boston-guatemala-escribiendo-madre-historia\/","og:image":"https:\/\/soymigrante.com\/revista\/wp-content\/uploads\/2026\/02\/stef-arreaga-guatemalteca-periodista-migrante-boston-1.png","og:image:secure_url":"https:\/\/soymigrante.com\/revista\/wp-content\/uploads\/2026\/02\/stef-arreaga-guatemalteca-periodista-migrante-boston-1.png","og:image:width":907,"og:image:height":907,"article:published_time":"2026-02-10T21:24:46+00:00","article:modified_time":"2026-02-10T21:56:36+00:00","article:publisher":"https:\/\/www.facebook.com\/soymigrantecom","twitter:card":"summary_large_image","twitter:site":"@SoyMigrante_com","twitter:title":"&quot;Guatemala nunca se fue&quot;: periodista migrante Stef Arreaga","twitter:description":"En 2021 la periodista guatemalteca Stef Arreaga lleg\u00f3 exiliada a USA. Empezar de cero en Boston no fue f\u00e1cil y no era su primer exilio. Esta es su historia.","twitter:creator":"@SoyMigrante_com","twitter:image":"https:\/\/soymigrante.com\/revista\/wp-content\/uploads\/2026\/02\/stef-arreaga-guatemalteca-periodista-migrante-boston-1.png"},"aioseo_meta_data":{"post_id":"55272","title":"Pastor guatemalteco Danny Mart\u00ednez canta los colores de la fe","description":"Lleg\u00f3 a los 13 a\u00f1os a Chicago, donde floreci\u00f3 su don musical. Pastor, cantautor y conferencista, apoya un proyecto a favor de la ni\u00f1ez en Izabal, Guatemala.","keywords":null,"keyphrases":{"focus":{"keyphrase":"Pastor","score":100,"analysis":{"keyphraseInTitle":{"score":9,"maxScore":9,"error":0},"keyphraseInDescription":{"score":9,"maxScore":9,"error":0},"keyphraseLength":{"score":9,"maxScore":9,"error":0,"length":1},"keyphraseInURL":{"score":5,"maxScore":5,"error":0},"keyphraseInIntroduction":{"score":9,"maxScore":9,"error":0},"keyphraseInSubHeadings":{"score":9,"maxScore":9,"error":0},"keyphraseInImageAlt":{"score":9,"maxScore":9,"error":0},"keywordDensity":{"type":"best","score":9,"maxScore":9,"error":0}}},"additional":[{"keyphrase":"Cantautor","score":67,"analysis":{"keyphraseInDescription":{"score":9,"maxScore":9,"error":0},"keyphraseLength":{"score":9,"maxScore":9,"error":0,"length":1},"keyphraseInIntroduction":{"score":3,"maxScore":9,"error":1},"keyphraseInImageAlt":{"score":9,"maxScore":9,"error":0},"keywordDensity":{"score":0,"type":"low","maxScore":9,"error":1}}},{"keyphrase":"Danny Mart\u00ednez","score":87,"analysis":{"keyphraseInDescription":{"score":3,"maxScore":9,"error":1},"keyphraseLength":{"score":9,"maxScore":9,"error":0,"length":3},"keyphraseInIntroduction":{"score":9,"maxScore":9,"error":0},"keyphraseInImageAlt":{"score":9,"maxScore":9,"error":0},"keywordDensity":{"type":"best","score":9,"maxScore":9,"error":0}}},{"keyphrase":"Guatemalteco","score":67,"analysis":{"keyphraseInDescription":{"score":3,"maxScore":9,"error":1},"keyphraseLength":{"score":9,"maxScore":9,"error":0,"length":1},"keyphraseInIntroduction":{"score":9,"maxScore":9,"error":0},"keyphraseInImageAlt":{"score":9,"maxScore":9,"error":0},"keywordDensity":{"score":0,"type":"low","maxScore":9,"error":1}}},{"keyphrase":"Migrante","score":67,"analysis":{"keyphraseInDescription":{"score":3,"maxScore":9,"error":1},"keyphraseLength":{"score":9,"maxScore":9,"error":0,"length":1},"keyphraseInIntroduction":{"score":9,"maxScore":9,"error":0},"keyphraseInImageAlt":{"score":9,"maxScore":9,"error":0},"keywordDensity":{"score":0,"type":"low","maxScore":9,"error":1}}}]},"primary_term":null,"canonical_url":null,"og_title":null,"og_description":null,"og_object_type":"default","og_image_type":"default","og_image_url":null,"og_image_width":null,"og_image_height":null,"og_image_custom_url":null,"og_image_custom_fields":null,"og_video":"","og_custom_url":null,"og_article_section":null,"og_article_tags":null,"twitter_use_og":false,"twitter_card":"default","twitter_image_type":"default","twitter_image_url":null,"twitter_image_custom_url":null,"twitter_image_custom_fields":null,"twitter_title":null,"twitter_description":null,"schema":{"blockGraphs":[],"customGraphs":[],"default":{"data":{"Article":[],"Course":[],"Dataset":[],"FAQPage":[],"Movie":[],"Person":[],"Product":[],"ProductReview":[],"Car":[],"Recipe":[],"Service":[],"SoftwareApplication":[],"WebPage":[]},"graphName":"NewsArticle","isEnabled":true},"graphs":[]},"schema_type":"default","schema_type_options":null,"pillar_content":false,"robots_default":true,"robots_noindex":false,"robots_noarchive":false,"robots_nosnippet":false,"robots_nofollow":false,"robots_noimageindex":false,"robots_noodp":false,"robots_notranslate":false,"robots_max_snippet":"-1","robots_max_videopreview":"-1","robots_max_imagepreview":"large","priority":null,"frequency":"default","local_seo":null,"seo_analyzer_scan_date":null,"breadcrumb_settings":null,"limit_modified_date":false,"reviewed_by":"0","open_ai":null,"ai":{"faqs":[],"keyPoints":[],"schemas":[],"titles":[],"descriptions":[],"socialPosts":{"email":[],"linkedin":[],"twitter":[],"facebook":[],"instagram":[]}},"created":"2026-04-21 12:30:40","updated":"2026-04-21 15:32:34"},"aioseo_breadcrumb":"<div class=\"aioseo-breadcrumbs\"><span class=\"aioseo-breadcrumb\">\n\t<a href=\"https:\/\/soymigrante.com\/revista\" title=\"Home\">Home<\/a>\n<\/span><span class=\"aioseo-breadcrumb-separator\">\u00bb<\/span><span class=\"aioseo-breadcrumb\">\n\t<a href=\"https:\/\/soymigrante.com\/revista\/category\/exitos\/\" title=\"\u00c9xitos\">\u00c9xitos<\/a>\n<\/span><span class=\"aioseo-breadcrumb-separator\">\u00bb<\/span><span class=\"aioseo-breadcrumb\">\n\t<a href=\"https:\/\/soymigrante.com\/revista\/category\/exitos\/guatemala\/\" title=\"Guatemala\">Guatemala<\/a>\n<\/span><span class=\"aioseo-breadcrumb-separator\">\u00bb<\/span><span class=\"aioseo-breadcrumb\">\n\tPastor y cantautor migrante guatemalteco Danny Mart\u00ednez proyecta los colores de la fe desde Chicago\n<\/span><\/div>","aioseo_breadcrumb_json":[{"label":"Home","link":"https:\/\/soymigrante.com\/revista"},{"label":"\u00c9xitos","link":"https:\/\/soymigrante.com\/revista\/category\/exitos\/"},{"label":"Guatemala","link":"https:\/\/soymigrante.com\/revista\/category\/exitos\/guatemala\/"},{"label":"Pastor y cantautor migrante guatemalteco Danny Mart\u00ednez proyecta los colores de la fe desde Chicago","link":"https:\/\/soymigrante.com\/revista\/pastor-y-cantautor-migrante-guatemalteco-danny-martinez-proyecta-los-colores-de-la-fe-desde-chicago\/"}],"_links":{"self":[{"href":"https:\/\/soymigrante.com\/revista\/wp-json\/wp\/v2\/posts\/55272","targetHints":{"allow":["GET"]}}],"collection":[{"href":"https:\/\/soymigrante.com\/revista\/wp-json\/wp\/v2\/posts"}],"about":[{"href":"https:\/\/soymigrante.com\/revista\/wp-json\/wp\/v2\/types\/post"}],"author":[{"embeddable":true,"href":"https:\/\/soymigrante.com\/revista\/wp-json\/wp\/v2\/users\/7"}],"replies":[{"embeddable":true,"href":"https:\/\/soymigrante.com\/revista\/wp-json\/wp\/v2\/comments?post=55272"}],"version-history":[{"count":9,"href":"https:\/\/soymigrante.com\/revista\/wp-json\/wp\/v2\/posts\/55272\/revisions"}],"predecessor-version":[{"id":55286,"href":"https:\/\/soymigrante.com\/revista\/wp-json\/wp\/v2\/posts\/55272\/revisions\/55286"}],"wp:featuredmedia":[{"embeddable":true,"href":"https:\/\/soymigrante.com\/revista\/wp-json\/wp\/v2\/media\/55274"}],"wp:attachment":[{"href":"https:\/\/soymigrante.com\/revista\/wp-json\/wp\/v2\/media?parent=55272"}],"wp:term":[{"taxonomy":"category","embeddable":true,"href":"https:\/\/soymigrante.com\/revista\/wp-json\/wp\/v2\/categories?post=55272"},{"taxonomy":"post_tag","embeddable":true,"href":"https:\/\/soymigrante.com\/revista\/wp-json\/wp\/v2\/tags?post=55272"}],"curies":[{"name":"wp","href":"https:\/\/api.w.org\/{rel}","templated":true}]}}