{"id":5526,"date":"2024-03-25T12:51:19","date_gmt":"2024-03-25T18:51:19","guid":{"rendered":"https:\/\/soymigrante.com\/revista\/?p=5526"},"modified":"2024-07-30T14:38:13","modified_gmt":"2024-07-30T20:38:13","slug":"historia-exito-guatemalteco-emprendedor-darwin-perez-new-york","status":"publish","type":"post","link":"https:\/\/soymigrante.com\/revista\/historia-exito-guatemalteco-emprendedor-darwin-perez-new-york\/","title":{"rendered":"Guatemalteco Darwin P\u00e9rez prepar\u00f3 su \u00e9xito en cocinas de Brooklyn"},"content":{"rendered":"\t\t<div data-elementor-type=\"wp-post\" data-elementor-id=\"5526\" class=\"elementor elementor-5526\" data-elementor-post-type=\"post\">\n\t\t\t\t\t\t<section data-particle_enable=\"false\" data-particle-mobile-disabled=\"false\" class=\"elementor-section elementor-top-section elementor-element elementor-element-fe712d2 elementor-section-boxed elementor-section-height-default elementor-section-height-default\" data-id=\"fe712d2\" data-element_type=\"section\" data-e-type=\"section\">\n\t\t\t\t\t\t<div class=\"elementor-container elementor-column-gap-default\">\n\t\t\t\t\t<div class=\"elementor-column elementor-col-100 elementor-top-column elementor-element elementor-element-997535b\" data-id=\"997535b\" data-element_type=\"column\" data-e-type=\"column\">\n\t\t\t<div class=\"elementor-widget-wrap elementor-element-populated\">\n\t\t\t\t\t\t<div class=\"elementor-element elementor-element-4cb9768 elementor-widget elementor-widget-heading\" data-id=\"4cb9768\" data-element_type=\"widget\" data-e-type=\"widget\" data-widget_type=\"heading.default\">\n\t\t\t\t\t<h2 class=\"elementor-heading-title elementor-size-default\">Darwin P\u00e9rez es originario de San Francisco El Alto, Totonicap\u00e1n y socio fundador de Tikal Caf\u00e9 junto con la tambi\u00e9n guatemalteca Carolina Paxtor; y de Ilegal Taquer\u00eda, de ellos dos con la connacional Karina Onofre. Una historia de perseverancia, fe y emprendimiento.<\/h2>\t\t\t\t<\/div>\n\t\t\t\t\t<\/div>\n\t\t<\/div>\n\t\t\t\t\t<\/div>\n\t\t<\/section>\n\t\t\t\t<section data-particle_enable=\"false\" data-particle-mobile-disabled=\"false\" class=\"elementor-section elementor-top-section elementor-element elementor-element-c7313f4 elementor-section-boxed elementor-section-height-default elementor-section-height-default\" data-id=\"c7313f4\" data-element_type=\"section\" data-e-type=\"section\">\n\t\t\t\t\t\t<div class=\"elementor-container elementor-column-gap-default\">\n\t\t\t\t\t<div class=\"elementor-column elementor-col-100 elementor-top-column elementor-element elementor-element-2919b9e\" data-id=\"2919b9e\" data-element_type=\"column\" data-e-type=\"column\">\n\t\t\t<div class=\"elementor-widget-wrap elementor-element-populated\">\n\t\t\t\t\t\t<div class=\"elementor-element elementor-element-d35b96e elementor-widget elementor-widget-text-editor\" data-id=\"d35b96e\" data-element_type=\"widget\" data-e-type=\"widget\" data-widget_type=\"text-editor.default\">\n\t\t\t\t\t\t\t\t\t<p>Septiembre de 2023 marc\u00f3 un punto de ascenso en la vida del chef migrante guatemalteco Darwin P\u00e9rez en Estados Unidos. El 30 de septiembre, <a href=\"https:\/\/ilegaltaquerianyc.com\/\">en la avenida Wilson n\u00famero 614 en Brooklyn, Nueva York, se inaugur\u00f3 Ilegal Taquer\u00eda<\/a> proyecto que surgi\u00f3 en colaboraci\u00f3n con dos socias, tambi\u00e9n migrantes, tambi\u00e9n guatemaltecas:\u00a0<a href=\"https:\/\/soymigrante.com\/revista\/karina-onofre-migrante-emprendedora-guatemalteca-nueva-york\/\">Karina Onofre<\/a> y <a href=\"https:\/\/soymigrante.com\/revista\/pierdan-el-miedo-porque-es-el-peor-enemigo-carol-paxtor\/\">Carol Paxtor.\u00a0<\/a> \u00a0<\/p><p>Pero algo contrastaba con aquel logro. En aquel mismo mes, hab\u00eda recibido la noticia que nunca habr\u00eda querido recibir. Por llamada telef\u00f3nica, desde\u00a0\u00a0<span style=\"color: var( --e-global-color-text );\">su natal San Francisco El Alto,\u00a0 un familiar le inform\u00f3 a Darwin que su padre, Jos\u00e9 P\u00e9rez Gonz\u00e1lez hab\u00eda fallecido. Don Jos\u00e9 fue siempre su gran inspirador, su consejero, su gu\u00eda. Desde la distancia, en su pueblo natal, le daba \u00e1nimo para seguir adelante. As\u00ed que dedic\u00f3 aquel d\u00eda de triunfo y tambi\u00e9n esta historia a la memoria de su pap\u00e1.\u00a0<br \/><\/span><\/p>\t\t\t\t\t\t\t\t<\/div>\n\t\t\t\t\t<\/div>\n\t\t<\/div>\n\t\t\t\t\t<\/div>\n\t\t<\/section>\n\t\t\t\t<section data-particle_enable=\"false\" data-particle-mobile-disabled=\"false\" class=\"elementor-section elementor-top-section elementor-element elementor-element-4e8b160 elementor-section-boxed elementor-section-height-default elementor-section-height-default\" data-id=\"4e8b160\" data-element_type=\"section\" data-e-type=\"section\">\n\t\t\t\t\t\t<div class=\"elementor-container elementor-column-gap-default\">\n\t\t\t\t\t<div class=\"elementor-column elementor-col-100 elementor-top-column elementor-element elementor-element-869654a\" data-id=\"869654a\" data-element_type=\"column\" data-e-type=\"column\">\n\t\t\t<div class=\"elementor-widget-wrap elementor-element-populated\">\n\t\t\t\t\t\t<div class=\"elementor-element elementor-element-9c443fb elementor-widget elementor-widget-image\" data-id=\"9c443fb\" data-element_type=\"widget\" data-e-type=\"widget\" data-widget_type=\"image.default\">\n\t\t\t\t\t\t\t\t\t\t\t\t<figure class=\"wp-caption\">\n\t\t\t\t\t\t\t\t\t\t<img fetchpriority=\"high\" decoding=\"async\" width=\"768\" height=\"960\" src=\"https:\/\/soymigrante.com\/revista\/wp-content\/uploads\/2024\/03\/DARWIN-PEREZ-2-819x1024.webp\" class=\"attachment-large size-large wp-image-5530\" alt=\"Darwin Perez chef migrante emprendedor Guatemala\" srcset=\"https:\/\/soymigrante.com\/revista\/wp-content\/uploads\/2024\/03\/DARWIN-PEREZ-2-819x1024.webp 819w, https:\/\/soymigrante.com\/revista\/wp-content\/uploads\/2024\/03\/DARWIN-PEREZ-2-240x300.webp 240w, https:\/\/soymigrante.com\/revista\/wp-content\/uploads\/2024\/03\/DARWIN-PEREZ-2-768x960.webp 768w, https:\/\/soymigrante.com\/revista\/wp-content\/uploads\/2024\/03\/DARWIN-PEREZ-2-750x938.webp 750w, https:\/\/soymigrante.com\/revista\/wp-content\/uploads\/2024\/03\/DARWIN-PEREZ-2.webp 1080w\" sizes=\"(max-width: 768px) 100vw, 768px\" title=\"Darwin Perez chef migrante emprendedor Guatemala \u2013 SoyMigrante.com REVISTA\" \/>\t\t\t\t\t\t\t\t\t\t\t<figcaption class=\"widget-image-caption wp-caption-text\">Darwin P\u00e9rez, migrante guatemalteco, originario de Totonicap\u00e1n, venci\u00f3 la adversidad y traz\u00f3 su futuro en EE. UU., donde con apoyo de dos connacionales m\u00e1s logr\u00f3 abrir tres restaurantes en Nueva York. <\/figcaption>\n\t\t\t\t\t\t\t\t\t\t<\/figure>\n\t\t\t\t\t\t\t\t\t<\/div>\n\t\t\t\t\t<\/div>\n\t\t<\/div>\n\t\t\t\t\t<\/div>\n\t\t<\/section>\n\t\t\t\t<section data-particle_enable=\"false\" data-particle-mobile-disabled=\"false\" class=\"elementor-section elementor-top-section elementor-element elementor-element-336c3f6 elementor-section-boxed elementor-section-height-default elementor-section-height-default\" data-id=\"336c3f6\" data-element_type=\"section\" data-e-type=\"section\">\n\t\t\t\t\t\t<div class=\"elementor-container elementor-column-gap-default\">\n\t\t\t\t\t<div class=\"elementor-column elementor-col-100 elementor-top-column elementor-element elementor-element-f12f1ff\" data-id=\"f12f1ff\" data-element_type=\"column\" data-e-type=\"column\">\n\t\t\t<div class=\"elementor-widget-wrap elementor-element-populated\">\n\t\t\t\t\t\t<div class=\"elementor-element elementor-element-ced6ad5 elementor-widget elementor-widget-heading\" data-id=\"ced6ad5\" data-element_type=\"widget\" data-e-type=\"widget\" data-widget_type=\"heading.default\">\n\t\t\t\t\t<h3 class=\"elementor-heading-title elementor-size-default\">El largo camino de lavar platos a crearlos<\/h3>\t\t\t\t<\/div>\n\t\t\t\t\t<\/div>\n\t\t<\/div>\n\t\t\t\t\t<\/div>\n\t\t<\/section>\n\t\t\t\t<section data-particle_enable=\"false\" data-particle-mobile-disabled=\"false\" class=\"elementor-section elementor-top-section elementor-element elementor-element-81b96a1 elementor-section-boxed elementor-section-height-default elementor-section-height-default\" data-id=\"81b96a1\" data-element_type=\"section\" data-e-type=\"section\">\n\t\t\t\t\t\t<div class=\"elementor-container elementor-column-gap-default\">\n\t\t\t\t\t<div class=\"elementor-column elementor-col-100 elementor-top-column elementor-element elementor-element-d8936fc\" data-id=\"d8936fc\" data-element_type=\"column\" data-e-type=\"column\">\n\t\t\t<div class=\"elementor-widget-wrap elementor-element-populated\">\n\t\t\t\t\t\t<div class=\"elementor-element elementor-element-aea3d3f elementor-widget elementor-widget-text-editor\" data-id=\"aea3d3f\" data-element_type=\"widget\" data-e-type=\"widget\" data-widget_type=\"text-editor.default\">\n\t\t\t\t\t\t\t\t\t<p>A su llegada a EE. UU., hace 15 a\u00f1os, el futuro de Darwin parec\u00eda incierto. Deb\u00eda pagar la deuda al coyote que llev\u00f3 y enviar dinero a su familia en Guatemala. Y para ello deb\u00eda encontrar un trabajo lo m\u00e1s pronto posible. Como tantos migrantes, fueron el agua, jab\u00f3n y platos el primer espacio laboral.<\/p><p>&#8220;Mi primer trabajo en Nueva York fue de lavaplatos en una cocina de un restaurante. Ah\u00ed fij\u00e9 mi primer objetivo. Tengo que hablar ingl\u00e9s.\u00a0El segundo objetivo fue: Dejar de lavar platos. Ve\u00eda a los muchachos \u2014mexicanos\u2014 en la cocina y les dec\u00eda: quiero aprender. Esos amigos me ense\u00f1aron todo. No sab\u00eda ni cortar una verdura y menos a\u00fan cocinar&#8221;.<\/p><p>Fue as\u00ed como dej\u00f3 de lavar platos para empezar a ser ayudante. Darwin cumpli\u00f3 y super\u00f3\u00a0<span style=\"font-family: Roboto, sans-serif; font-size: 16px; font-style: normal; font-variant-ligatures: normal; font-variant-caps: normal; font-weight: 400; color: var( --e-global-color-text );\">cada puesto dentro de las cocinas de los restaurantes donde labor\u00f3 en Brooklyn. As\u00ed fue preparando su furuto: &#8220;Fui chef de un restaurante de comida mexicana, un italiano y uno de comida vegetariana&#8221;. Aprendi\u00f3 de todo.<\/span><\/p><p>A la luz del tiempo, P\u00e9rez tiene claro que el conformismo puede matar el entusiasmo y acabar con la visi\u00f3n de metas. Nunca nadie se debe permitir tal estancamiento.\u00a0<span style=\"color: var( --e-global-color-text );\">&#8220;Ya siendo chef conoc\u00ed a una persona que trabajaba de lavaplatos, le dije: &#8220;ven, te ayudo a que subas para que seas mi encargado&#8221; y su respuesta fue: &#8220;No me gusta la responsabilidad, hago mi trabajo y nadie me molesta&#8221;, ah\u00ed entend\u00ed que las personas pueden ser exitosas, pero no quieren creer que pueden hacer grandes cosas y ser exitosos.<\/span><\/p><p>\u00a0<\/p>\t\t\t\t\t\t\t\t<\/div>\n\t\t\t\t\t<\/div>\n\t\t<\/div>\n\t\t\t\t\t<\/div>\n\t\t<\/section>\n\t\t\t\t<section data-particle_enable=\"false\" data-particle-mobile-disabled=\"false\" class=\"elementor-section elementor-top-section elementor-element elementor-element-aac5444 elementor-section-boxed elementor-section-height-default elementor-section-height-default\" data-id=\"aac5444\" data-element_type=\"section\" data-e-type=\"section\">\n\t\t\t\t\t\t<div class=\"elementor-container elementor-column-gap-default\">\n\t\t\t\t\t<div class=\"elementor-column elementor-col-100 elementor-top-column elementor-element elementor-element-8b72a70\" data-id=\"8b72a70\" data-element_type=\"column\" data-e-type=\"column\">\n\t\t\t<div class=\"elementor-widget-wrap elementor-element-populated\">\n\t\t\t\t\t\t<div class=\"elementor-element elementor-element-2bb0ebc elementor-widget elementor-widget-image\" data-id=\"2bb0ebc\" data-element_type=\"widget\" data-e-type=\"widget\" data-widget_type=\"image.default\">\n\t\t\t\t\t\t\t\t\t\t\t\t<figure class=\"wp-caption\">\n\t\t\t\t\t\t\t\t\t\t<img decoding=\"async\" width=\"768\" height=\"551\" src=\"https:\/\/soymigrante.com\/revista\/wp-content\/uploads\/2024\/03\/ilegal-taqueria-1024x734.webp\" class=\"attachment-large size-large wp-image-5611\" alt=\"Darwin P\u00e9rez, migrante guatemalteco, es el artista del sabor en cada platillo de restaurante y taquer\u00eda Ilegal, en Brooklyn, el cual fund\u00f3 junto a sus socias Carol Paxtor y Karina Onofre, tambi\u00e9n migrantes, tambi\u00e9n guatemaltecas.\" srcset=\"https:\/\/soymigrante.com\/revista\/wp-content\/uploads\/2024\/03\/ilegal-taqueria-1024x734.webp 1024w, https:\/\/soymigrante.com\/revista\/wp-content\/uploads\/2024\/03\/ilegal-taqueria-300x215.webp 300w, https:\/\/soymigrante.com\/revista\/wp-content\/uploads\/2024\/03\/ilegal-taqueria-768x551.webp 768w, https:\/\/soymigrante.com\/revista\/wp-content\/uploads\/2024\/03\/ilegal-taqueria-120x86.webp 120w, https:\/\/soymigrante.com\/revista\/wp-content\/uploads\/2024\/03\/ilegal-taqueria-350x250.webp 350w, https:\/\/soymigrante.com\/revista\/wp-content\/uploads\/2024\/03\/ilegal-taqueria-750x538.webp 750w, https:\/\/soymigrante.com\/revista\/wp-content\/uploads\/2024\/03\/ilegal-taqueria-1140x817.webp 1140w, https:\/\/soymigrante.com\/revista\/wp-content\/uploads\/2024\/03\/ilegal-taqueria.webp 1536w\" sizes=\"(max-width: 768px) 100vw, 768px\" title=\"Darwin P\u00e9rez, migrante guatemalteco, es el artista del sabor en cada platillo de  restaurante y taquer\u00eda Ilegal, en Brooklyn, el cual fund\u00f3 junto a sus socias Carol Paxtor y Karina Onofre, tambi\u00e9n migrantes, tambi\u00e9n guatemaltecas. \u2013 SoyMigrante.com REVISTA\" \/>\t\t\t\t\t\t\t\t\t\t\t<figcaption class=\"widget-image-caption wp-caption-text\">Darwin P\u00e9rez, migrante guatemalteco, es el artista del sabor en cada platillo de  restaurante y taquer\u00eda Ilegal, en Brooklyn, el cual fund\u00f3 junto a sus socias Carol Paxtor y Karina Onofre, tambi\u00e9n migrantes, tambi\u00e9n guatemaltecas.<\/figcaption>\n\t\t\t\t\t\t\t\t\t\t<\/figure>\n\t\t\t\t\t\t\t\t\t<\/div>\n\t\t\t\t\t<\/div>\n\t\t<\/div>\n\t\t\t\t\t<\/div>\n\t\t<\/section>\n\t\t\t\t<section data-particle_enable=\"false\" data-particle-mobile-disabled=\"false\" class=\"elementor-section elementor-top-section elementor-element elementor-element-014ddda elementor-section-boxed elementor-section-height-default elementor-section-height-default\" data-id=\"014ddda\" data-element_type=\"section\" data-e-type=\"section\">\n\t\t\t\t\t\t<div class=\"elementor-container elementor-column-gap-default\">\n\t\t\t\t\t<div class=\"elementor-column elementor-col-100 elementor-top-column elementor-element elementor-element-3e951c6\" data-id=\"3e951c6\" data-element_type=\"column\" data-e-type=\"column\">\n\t\t\t<div class=\"elementor-widget-wrap elementor-element-populated\">\n\t\t\t\t\t\t<div class=\"elementor-element elementor-element-844a328 elementor-widget elementor-widget-heading\" data-id=\"844a328\" data-element_type=\"widget\" data-e-type=\"widget\" data-widget_type=\"heading.default\">\n\t\t\t\t\t<h3 class=\"elementor-heading-title elementor-size-default\">Llegar a la alegr\u00eda del \u00e9xito nunca es f\u00e1cil <\/h3>\t\t\t\t<\/div>\n\t\t\t\t\t<\/div>\n\t\t<\/div>\n\t\t\t\t\t<\/div>\n\t\t<\/section>\n\t\t\t\t<section data-particle_enable=\"false\" data-particle-mobile-disabled=\"false\" class=\"elementor-section elementor-top-section elementor-element elementor-element-920195c elementor-section-boxed elementor-section-height-default elementor-section-height-default\" data-id=\"920195c\" data-element_type=\"section\" data-e-type=\"section\">\n\t\t\t\t\t\t<div class=\"elementor-container elementor-column-gap-default\">\n\t\t\t\t\t<div class=\"elementor-column elementor-col-100 elementor-top-column elementor-element elementor-element-aa0f41a\" data-id=\"aa0f41a\" data-element_type=\"column\" data-e-type=\"column\">\n\t\t\t<div class=\"elementor-widget-wrap elementor-element-populated\">\n\t\t\t\t\t\t<div class=\"elementor-element elementor-element-56fb778 elementor-widget elementor-widget-text-editor\" data-id=\"56fb778\" data-element_type=\"widget\" data-e-type=\"widget\" data-widget_type=\"text-editor.default\">\n\t\t\t\t\t\t\t\t\t<p>Parece una realidad muy conocida, pero a menudo la prosperidad de un migrante no deja ver que detr\u00e1s del \u00e9xito hay un largo camino, dif\u00edcil, lleno de adversidades.\u00a0 Darwin relata que tuvo que sufrir de racismo por ser latino, por ser guatemalteco y por no hablar ingl\u00e9s. Sin embargo, eso mismo le sirvi\u00f3 para perder el miedo y trazar objetivos grandes.<\/p><p>Pas\u00f3 momentos de dificultad econ\u00f3mica, as\u00ed como tiempos de desaliento, por la nostalgia de su tierra natal. Pero se sobrepuso en cada momento. Fue as\u00ed como lleg\u00f3 a ser encargado de restaurantes, pero faltaba lograr m\u00e1s.<\/p><p>\u00a0<\/p>\t\t\t\t\t\t\t\t<\/div>\n\t\t\t\t\t<\/div>\n\t\t<\/div>\n\t\t\t\t\t<\/div>\n\t\t<\/section>\n\t\t\t\t<section data-particle_enable=\"false\" data-particle-mobile-disabled=\"false\" class=\"elementor-section elementor-top-section elementor-element elementor-element-c4110ab elementor-section-boxed elementor-section-height-default elementor-section-height-default\" data-id=\"c4110ab\" data-element_type=\"section\" data-e-type=\"section\">\n\t\t\t\t\t\t<div class=\"elementor-container elementor-column-gap-default\">\n\t\t\t\t\t<div class=\"elementor-column elementor-col-100 elementor-top-column elementor-element elementor-element-c8aede4\" data-id=\"c8aede4\" data-element_type=\"column\" data-e-type=\"column\">\n\t\t\t<div class=\"elementor-widget-wrap elementor-element-populated\">\n\t\t\t\t\t\t<div class=\"elementor-element elementor-element-a69e35e elementor-widget elementor-widget-image\" data-id=\"a69e35e\" data-element_type=\"widget\" data-e-type=\"widget\" data-widget_type=\"image.default\">\n\t\t\t\t\t\t\t\t\t\t\t\t<figure class=\"wp-caption\">\n\t\t\t\t\t\t\t\t\t\t<img decoding=\"async\" width=\"768\" height=\"960\" src=\"https:\/\/soymigrante.com\/revista\/wp-content\/uploads\/2024\/03\/tikal-cafe-emprendimiento-darwin-perez-carolina-paxtor-819x1024.webp\" class=\"attachment-large size-large wp-image-5535\" alt=\"Tikal Caf\u00e9 es el emprendimiento de Darwin P\u00e9rez y Carol Paxtor en Brooklyn. Los comienzos fueron dif\u00edciles, seg\u00fan cuenta P\u00e9rez.\" srcset=\"https:\/\/soymigrante.com\/revista\/wp-content\/uploads\/2024\/03\/tikal-cafe-emprendimiento-darwin-perez-carolina-paxtor-819x1024.webp 819w, https:\/\/soymigrante.com\/revista\/wp-content\/uploads\/2024\/03\/tikal-cafe-emprendimiento-darwin-perez-carolina-paxtor-240x300.webp 240w, https:\/\/soymigrante.com\/revista\/wp-content\/uploads\/2024\/03\/tikal-cafe-emprendimiento-darwin-perez-carolina-paxtor-768x960.webp 768w, https:\/\/soymigrante.com\/revista\/wp-content\/uploads\/2024\/03\/tikal-cafe-emprendimiento-darwin-perez-carolina-paxtor-750x938.webp 750w, https:\/\/soymigrante.com\/revista\/wp-content\/uploads\/2024\/03\/tikal-cafe-emprendimiento-darwin-perez-carolina-paxtor.webp 1080w\" sizes=\"(max-width: 768px) 100vw, 768px\" title=\"Tikal Caf\u00e9 es el emprendimiento de Darwin P\u00e9rez y Carol Paxtor en Brooklyn. Los comienzos fueron dif\u00edciles, seg\u00fan cuenta P\u00e9rez. \u2013 SoyMigrante.com REVISTA\" \/>\t\t\t\t\t\t\t\t\t\t\t<figcaption class=\"widget-image-caption wp-caption-text\">Tikal Caf\u00e9 es el emprendimiento de Darwin P\u00e9rez y Carol Paxtor en Brooklyn. Los comienzos fueron dif\u00edciles, seg\u00fan cuenta P\u00e9rez.<\/figcaption>\n\t\t\t\t\t\t\t\t\t\t<\/figure>\n\t\t\t\t\t\t\t\t\t<\/div>\n\t\t\t\t\t<\/div>\n\t\t<\/div>\n\t\t\t\t\t<\/div>\n\t\t<\/section>\n\t\t\t\t<section data-particle_enable=\"false\" data-particle-mobile-disabled=\"false\" class=\"elementor-section elementor-top-section elementor-element elementor-element-365dd9d elementor-section-boxed elementor-section-height-default elementor-section-height-default\" data-id=\"365dd9d\" data-element_type=\"section\" data-e-type=\"section\">\n\t\t\t\t\t\t<div class=\"elementor-container elementor-column-gap-default\">\n\t\t\t\t\t<div class=\"elementor-column elementor-col-100 elementor-top-column elementor-element elementor-element-d5215f2\" data-id=\"d5215f2\" data-element_type=\"column\" data-e-type=\"column\">\n\t\t\t<div class=\"elementor-widget-wrap elementor-element-populated\">\n\t\t\t\t\t\t<div class=\"elementor-element elementor-element-87279e0 elementor-widget elementor-widget-testimonial\" data-id=\"87279e0\" data-element_type=\"widget\" data-e-type=\"widget\" data-widget_type=\"testimonial.default\">\n\t\t\t\t\t\t\t<div class=\"elementor-testimonial-wrapper\">\n\t\t\t\t\t\t\t<div class=\"elementor-testimonial-content\">\"<b>Tengo que ser consistente en todo y estar apegado a la meta de querer lograrlo. La diferencia es ser persistente\".<\/b><\/div>\n\t\t\t\n\t\t\t\t\t\t<div class=\"elementor-testimonial-meta elementor-has-image elementor-testimonial-image-position-aside\">\n\t\t\t\t<div class=\"elementor-testimonial-meta-inner\">\n\t\t\t\t\t\t\t\t\t\t\t<div class=\"elementor-testimonial-image\">\n\t\t\t\t\t\t\t<img loading=\"lazy\" decoding=\"async\" width=\"150\" height=\"150\" src=\"https:\/\/soymigrante.com\/revista\/wp-content\/uploads\/2024\/03\/DARWEN-PEREZ-GT-MIGRANTE_-150x150.webp\" class=\"attachment-thumbnail size-thumbnail wp-image-5533\" alt=\"Darwin P\u00e9rez chef migrante guatemalteco y emprendedor\" title=\"Darwin P\u00e9rez chef migrante guatemalteco y emprendedor \u2013 SoyMigrante.com REVISTA\" srcset=\"https:\/\/soymigrante.com\/revista\/wp-content\/uploads\/2024\/03\/DARWEN-PEREZ-GT-MIGRANTE_-150x150.webp 150w, https:\/\/soymigrante.com\/revista\/wp-content\/uploads\/2024\/03\/DARWEN-PEREZ-GT-MIGRANTE_-75x75.webp 75w\" sizes=\"(max-width: 150px) 100vw, 150px\" \/>\t\t\t\t\t\t<\/div>\n\t\t\t\t\t\n\t\t\t\t\t\t\t\t\t\t<div class=\"elementor-testimonial-details\">\n\t\t\t\t\t\t\t\t\t\t\t\t\t\t<div class=\"elementor-testimonial-name\">Darwin P\u00e9rez<\/div>\n\t\t\t\t\t\t\t\t\t\t\t\t\t\t\t\t\t\t\t\t\t\t<div class=\"elementor-testimonial-job\">Socio fundador de Tikal Caf\u00e9<\/div>\n\t\t\t\t\t\t\t\t\t\t\t\t\t<\/div>\n\t\t\t\t\t\t\t\t\t<\/div>\n\t\t\t<\/div>\n\t\t\t\t\t<\/div>\n\t\t\t\t\t\t<\/div>\n\t\t\t\t\t<\/div>\n\t\t<\/div>\n\t\t\t\t\t<\/div>\n\t\t<\/section>\n\t\t\t\t<section data-particle_enable=\"false\" data-particle-mobile-disabled=\"false\" class=\"elementor-section elementor-top-section elementor-element elementor-element-d69a327 elementor-section-boxed elementor-section-height-default elementor-section-height-default\" data-id=\"d69a327\" data-element_type=\"section\" data-e-type=\"section\">\n\t\t\t\t\t\t<div class=\"elementor-container elementor-column-gap-default\">\n\t\t\t\t\t<div class=\"elementor-column elementor-col-100 elementor-top-column elementor-element elementor-element-783ec7d\" data-id=\"783ec7d\" data-element_type=\"column\" data-e-type=\"column\">\n\t\t\t<div class=\"elementor-widget-wrap elementor-element-populated\">\n\t\t\t\t\t\t<div class=\"elementor-element elementor-element-ab7924a elementor-widget elementor-widget-heading\" data-id=\"ab7924a\" data-element_type=\"widget\" data-e-type=\"widget\" data-widget_type=\"heading.default\">\n\t\t\t\t\t<h3 class=\"elementor-heading-title elementor-size-default\">Tikal Caf\u00e9, el sue\u00f1o hecho realidad<\/h3>\t\t\t\t<\/div>\n\t\t\t\t\t<\/div>\n\t\t<\/div>\n\t\t\t\t\t<\/div>\n\t\t<\/section>\n\t\t\t\t<section data-particle_enable=\"false\" data-particle-mobile-disabled=\"false\" class=\"elementor-section elementor-top-section elementor-element elementor-element-66fb1b1 elementor-section-boxed elementor-section-height-default elementor-section-height-default\" data-id=\"66fb1b1\" data-element_type=\"section\" data-e-type=\"section\">\n\t\t\t\t\t\t<div class=\"elementor-container elementor-column-gap-default\">\n\t\t\t\t\t<div class=\"elementor-column elementor-col-100 elementor-top-column elementor-element elementor-element-717b1ba\" data-id=\"717b1ba\" data-element_type=\"column\" data-e-type=\"column\">\n\t\t\t<div class=\"elementor-widget-wrap elementor-element-populated\">\n\t\t\t\t\t\t<div class=\"elementor-element elementor-element-e56bc50 elementor-widget elementor-widget-text-editor\" data-id=\"e56bc50\" data-element_type=\"widget\" data-e-type=\"widget\" data-widget_type=\"text-editor.default\">\n\t\t\t\t\t\t\t\t\t<p>En plena pandemia \u2014 a\u00f1o 2020 \u2014 la vida le puso Darwin un nuevo desaf\u00edo. &#8220;Llegu\u00e9 a un punto donde dec\u00eda: Ya no puedo subir m\u00e1s alto de manager \u2014gerente\u2014 de un restaurante, tengo que tener algo propio y ah\u00ed naci\u00f3 el proyecto <a href=\"https:\/\/tikalcafe2020.com\/\">Tikal Caf\u00e9<\/a>. El nombre representa nuestras ra\u00edces como guatemaltecos y lo emprend\u00ed junto con&nbsp; Carol Paxtor, quien tambien es originaria de San Francisco El Alto.<\/p>\n<p>&#8220;Comenzamos el proyecto en 2020, en la \u00e9poca m\u00e1s complicada de la pandemia. Abrimos, pero no sab\u00edamos todo lo que implicaba tener un negocio en Estados Unidos. Son tantas reglas, poco a poco las cumplimos. El primer d\u00eda que abrimos vendimos solo un caf\u00e9 y un platillo. Hubo d\u00edas de cero venta. Pero nunca nos desanimamos, detr\u00e1s de la inversi\u00f3n hab\u00eda un sue\u00f1o hecho realidad&#8221;.<\/p>\n<p>&#8220;Como a los ocho meses la gente ya nos conoc\u00eda. Un d\u00eda Carolina me dice que es necesario ampliar el local y le digo: &#8220;Abramos otro caf\u00e9 en la misma zona de Brooklyn con el mismo nombre y variamos un poco el men\u00fa&#8221; . As\u00ed surgi\u00f3 <a href=\"https:\/\/www.facebook.com\/tikalcafe2020\/\">Tikal Caf\u00e9 dos<\/a>&#8220;.<\/p>\n<p>&#8220;Si uno empieza un negocio como emprendedor y en los primeros d\u00edas o meses no le resulta hay que perseverar, el \u00e9xito tarda en llegar, pero llega. Desde que empezamos hasta ahora digo que lo que hemos logrados es mucho&#8221;, dice P\u00e9rez.<\/p>\n<p style=\"font-style: normal; font-variant-ligatures: normal; font-variant-caps: normal; font-weight: 400; font-size: 16px; font-family: Roboto, sans-serif;\">&#8220;Si Dios me lo permite quiero seguir trabajando en m\u00e1s proyectos. Crear m\u00e1s locales&nbsp;<a href=\"https:\/\/tikalcafe2020.com\/\">Tikal Caf\u00e9&nbsp;<\/a>&nbsp;que es el proyecto que me abri\u00f3 el camino aqu\u00ed en Nueva York; lo abrimos con mucho amor y entusiasmo. Me gustar\u00eda expandirme a California o Miami, si Dios quiere esa es la meta a largo plazo&#8221;.<\/p>\n<p style=\"font-style: normal; font-variant-ligatures: normal; font-variant-caps: normal; font-weight: 400; font-size: 16px; font-family: Roboto, sans-serif;\">Desde que Darwin P\u00e9rez encontr\u00f3 el camino al \u00e9xito a trav\u00e9s de un sue\u00f1o que lo materializ\u00f3 al abrir su primer caf\u00e9 llamado Tikal Caf\u00e9 con apoyo de sus socias&nbsp;<a href=\"https:\/\/soymigrante.com\/revista\/karina-onofre-migrante-emprendedora-guatemalteca-nueva-york\/\">Karina Onofre<\/a>&nbsp;y&nbsp;<a href=\"https:\/\/soymigrante.com\/revista\/pierdan-el-miedo-porque-es-el-peor-enemigo-carol-paxtor\/\">Carol Paxtor<\/a>, su esp\u00edritu emprendedor busca nuevos proyectos.<\/p>\t\t\t\t\t\t\t\t<\/div>\n\t\t\t\t\t<\/div>\n\t\t<\/div>\n\t\t\t\t\t<\/div>\n\t\t<\/section>\n\t\t\t\t<section data-particle_enable=\"false\" data-particle-mobile-disabled=\"false\" class=\"elementor-section elementor-top-section elementor-element elementor-element-85d4a71 elementor-section-boxed elementor-section-height-default elementor-section-height-default\" data-id=\"85d4a71\" data-element_type=\"section\" data-e-type=\"section\">\n\t\t\t\t\t\t<div class=\"elementor-container elementor-column-gap-default\">\n\t\t\t\t\t<div class=\"elementor-column elementor-col-100 elementor-top-column elementor-element elementor-element-59671c5\" data-id=\"59671c5\" data-element_type=\"column\" data-e-type=\"column\">\n\t\t\t<div class=\"elementor-widget-wrap elementor-element-populated\">\n\t\t\t\t\t\t<div class=\"elementor-element elementor-element-4044cd7 elementor-widget elementor-widget-image\" data-id=\"4044cd7\" data-element_type=\"widget\" data-e-type=\"widget\" data-widget_type=\"image.default\">\n\t\t\t\t\t\t\t\t\t\t\t\t<figure class=\"wp-caption\">\n\t\t\t\t\t\t\t\t\t\t<img loading=\"lazy\" decoding=\"async\" width=\"768\" height=\"540\" src=\"https:\/\/soymigrante.com\/revista\/wp-content\/uploads\/2024\/03\/DARWIN-PEREZ-_-PADRE-DEL-MIGRANTE-1024x720.webp\" class=\"attachment-large size-large wp-image-5536\" alt=\"Don Jos\u00e9 P\u00e9rez, padre del chef migrante guatemalteco Darwin, falleci\u00f3 en septiembre de 2023, poco antes de la inauguraci\u00f3n del proyecto Ilegal Taquer\u00eda. Para Darwin \u00e9l fue siempre su consejero, gu\u00eda e inspirador en momentos dif\u00edciles; por eso siempre dedica su \u00e9xito a su memoria.\" srcset=\"https:\/\/soymigrante.com\/revista\/wp-content\/uploads\/2024\/03\/DARWIN-PEREZ-_-PADRE-DEL-MIGRANTE-1024x720.webp 1024w, https:\/\/soymigrante.com\/revista\/wp-content\/uploads\/2024\/03\/DARWIN-PEREZ-_-PADRE-DEL-MIGRANTE-300x211.webp 300w, https:\/\/soymigrante.com\/revista\/wp-content\/uploads\/2024\/03\/DARWIN-PEREZ-_-PADRE-DEL-MIGRANTE-768x540.webp 768w, https:\/\/soymigrante.com\/revista\/wp-content\/uploads\/2024\/03\/DARWIN-PEREZ-_-PADRE-DEL-MIGRANTE-750x527.webp 750w, https:\/\/soymigrante.com\/revista\/wp-content\/uploads\/2024\/03\/DARWIN-PEREZ-_-PADRE-DEL-MIGRANTE-1140x801.webp 1140w, https:\/\/soymigrante.com\/revista\/wp-content\/uploads\/2024\/03\/DARWIN-PEREZ-_-PADRE-DEL-MIGRANTE.webp 1440w\" sizes=\"(max-width: 768px) 100vw, 768px\" title=\"Don Jos\u00e9 P\u00e9rez, padre del chef migrante guatemalteco Darwin, falleci\u00f3 en septiembre de 2023, poco antes de la inauguraci\u00f3n del proyecto Ilegal Taquer\u00eda. Para Darwin \u00e9l fue siempre su consejero, gu\u00eda e inspirador en momentos dif\u00edciles; por eso siempre dedica su \u00e9xito a su memoria. \u2013 SoyMigrante.com REVISTA\" \/>\t\t\t\t\t\t\t\t\t\t\t<figcaption class=\"widget-image-caption wp-caption-text\">Don Jos\u00e9 P\u00e9rez, padre del chef migrante guatemalteco Darwin, falleci\u00f3 en septiembre de 2023, poco antes de la inauguraci\u00f3n del proyecto Ilegal Taquer\u00eda. Para Darwin \u00e9l fue siempre su consejero, gu\u00eda e inspirador en momentos dif\u00edciles; por eso siempre dedica su \u00e9xito a su memoria.<\/figcaption>\n\t\t\t\t\t\t\t\t\t\t<\/figure>\n\t\t\t\t\t\t\t\t\t<\/div>\n\t\t\t\t\t<\/div>\n\t\t<\/div>\n\t\t\t\t\t<\/div>\n\t\t<\/section>\n\t\t\t\t<section data-particle_enable=\"false\" data-particle-mobile-disabled=\"false\" class=\"elementor-section elementor-top-section elementor-element elementor-element-0a4a4bc elementor-section-boxed elementor-section-height-default elementor-section-height-default\" data-id=\"0a4a4bc\" data-element_type=\"section\" data-e-type=\"section\">\n\t\t\t\t\t\t<div class=\"elementor-container elementor-column-gap-default\">\n\t\t\t\t\t<div class=\"elementor-column elementor-col-100 elementor-top-column elementor-element elementor-element-246904d\" data-id=\"246904d\" data-element_type=\"column\" data-e-type=\"column\">\n\t\t\t<div class=\"elementor-widget-wrap elementor-element-populated\">\n\t\t\t\t\t\t<div class=\"elementor-element elementor-element-905e772 elementor-widget elementor-widget-heading\" data-id=\"905e772\" data-element_type=\"widget\" data-e-type=\"widget\" data-widget_type=\"heading.default\">\n\t\t\t\t\t<h3 class=\"elementor-heading-title elementor-size-default\">Su inspirador falleci\u00f3 pero vive en cada consejo<\/h3>\t\t\t\t<\/div>\n\t\t\t\t\t<\/div>\n\t\t<\/div>\n\t\t\t\t\t<\/div>\n\t\t<\/section>\n\t\t\t\t<section data-particle_enable=\"false\" data-particle-mobile-disabled=\"false\" class=\"elementor-section elementor-top-section elementor-element elementor-element-87eddf6 elementor-section-boxed elementor-section-height-default elementor-section-height-default\" data-id=\"87eddf6\" data-element_type=\"section\" data-e-type=\"section\">\n\t\t\t\t\t\t<div class=\"elementor-container elementor-column-gap-default\">\n\t\t\t\t\t<div class=\"elementor-column elementor-col-100 elementor-top-column elementor-element elementor-element-ca9c555\" data-id=\"ca9c555\" data-element_type=\"column\" data-e-type=\"column\">\n\t\t\t<div class=\"elementor-widget-wrap elementor-element-populated\">\n\t\t\t\t\t\t<div class=\"elementor-element elementor-element-80e1500 elementor-widget elementor-widget-text-editor\" data-id=\"80e1500\" data-element_type=\"widget\" data-e-type=\"widget\" data-widget_type=\"text-editor.default\">\n\t\t\t\t\t\t\t\t\t<p>El mismo mes que Darwin inaugur\u00f3 la taquer\u00eda recibi\u00f3 el golpe m\u00e1s duro de su vida, su padre, el confidente de sus sue\u00f1os en EE. UU., falleci\u00f3 en su natal San Francisco El Alto.<\/p><p>&#8220;Los m\u00e1s doloroso fue no poderte dar el \u00faltimo adi\u00f3s s\u00e9 que alg\u00fan d\u00eda nos volveremos a encontrar. Voy a llevar tu nombre tan alto como alg\u00fan d\u00eda lo so\u00f1aste, gracias por los sabios consejos, los tendr\u00e9 siempre presentes. Siente orgulloso desde el cielo y cu\u00eddame siempre a mam\u00e1 le haces mucha falta&#8221;. este fue el mensaje que el migrante le dedic\u00f3 a su padre desde Nueva York.<\/p><p>Con tres negocios por atender en Brooklyn, la ruta de Darwin P\u00e9rez apunta a una visi\u00f3n de \u00e9xito y crecimiento. &#8220;Estar\u00e9 aqu\u00ed en EE.UU. hasta que Dios me lo permita, estoy pensando en comprar una casa y hacer otras cosas en Nueva York&#8221;.<\/p>\t\t\t\t\t\t\t\t<\/div>\n\t\t\t\t\t<\/div>\n\t\t<\/div>\n\t\t\t\t\t<\/div>\n\t\t<\/section>\n\t\t\t\t<section data-particle_enable=\"false\" data-particle-mobile-disabled=\"false\" class=\"elementor-section elementor-top-section elementor-element elementor-element-9c7aa81 elementor-section-boxed elementor-section-height-default elementor-section-height-default\" data-id=\"9c7aa81\" data-element_type=\"section\" data-e-type=\"section\">\n\t\t\t\t\t\t<div class=\"elementor-container elementor-column-gap-default\">\n\t\t\t\t\t<div class=\"elementor-column elementor-col-100 elementor-top-column elementor-element elementor-element-b7b8ff2\" data-id=\"b7b8ff2\" data-element_type=\"column\" data-e-type=\"column\">\n\t\t\t<div class=\"elementor-widget-wrap elementor-element-populated\">\n\t\t\t\t\t\t<div class=\"elementor-element elementor-element-dca98fd elementor-widget-divider--view-line elementor-widget elementor-widget-divider\" data-id=\"dca98fd\" data-element_type=\"widget\" data-e-type=\"widget\" data-widget_type=\"divider.default\">\n\t\t\t\t\t\t\t<div class=\"elementor-divider\">\n\t\t\t<span class=\"elementor-divider-separator\">\n\t\t\t\t\t\t<\/span>\n\t\t<\/div>\n\t\t\t\t\t\t<\/div>\n\t\t\t\t\t<\/div>\n\t\t<\/div>\n\t\t\t\t\t<\/div>\n\t\t<\/section>\n\t\t\t\t<section data-particle_enable=\"false\" data-particle-mobile-disabled=\"false\" class=\"elementor-section elementor-top-section elementor-element elementor-element-79d7ae5 elementor-section-boxed elementor-section-height-default elementor-section-height-default\" data-id=\"79d7ae5\" data-element_type=\"section\" data-e-type=\"section\">\n\t\t\t\t\t\t<div class=\"elementor-container elementor-column-gap-default\">\n\t\t\t\t\t<div class=\"elementor-column elementor-col-100 elementor-top-column elementor-element elementor-element-a54c824\" data-id=\"a54c824\" data-element_type=\"column\" data-e-type=\"column\">\n\t\t\t<div class=\"elementor-widget-wrap elementor-element-populated\">\n\t\t\t\t\t\t<div class=\"elementor-element elementor-element-c5131dc elementor-widget elementor-widget-image\" data-id=\"c5131dc\" data-element_type=\"widget\" data-e-type=\"widget\" data-widget_type=\"image.default\">\n\t\t\t\t\t\t\t\t\t\t\t\t<figure class=\"wp-caption\">\n\t\t\t\t\t\t\t\t\t\t<img loading=\"lazy\" decoding=\"async\" width=\"768\" height=\"576\" src=\"https:\/\/soymigrante.com\/revista\/wp-content\/uploads\/2024\/03\/DARWIN-PEREZ-3-1024x768.webp\" class=\"attachment-large size-large wp-image-5531\" alt=\"Restaurante Ilegal es el primer emprendimiento conjunto de los migrantes Darwin P\u00e9rez, Karina Onofre y Carol Paxtor, todos guatemaltecos, quienes tienen una visi\u00f3n prospectiva de \u00e9xito.\" srcset=\"https:\/\/soymigrante.com\/revista\/wp-content\/uploads\/2024\/03\/DARWIN-PEREZ-3-1024x768.webp 1024w, https:\/\/soymigrante.com\/revista\/wp-content\/uploads\/2024\/03\/DARWIN-PEREZ-3-300x225.webp 300w, https:\/\/soymigrante.com\/revista\/wp-content\/uploads\/2024\/03\/DARWIN-PEREZ-3-768x576.webp 768w, https:\/\/soymigrante.com\/revista\/wp-content\/uploads\/2024\/03\/DARWIN-PEREZ-3-750x563.webp 750w, https:\/\/soymigrante.com\/revista\/wp-content\/uploads\/2024\/03\/DARWIN-PEREZ-3-1140x855.webp 1140w, https:\/\/soymigrante.com\/revista\/wp-content\/uploads\/2024\/03\/DARWIN-PEREZ-3.webp 1440w\" sizes=\"(max-width: 768px) 100vw, 768px\" title=\"Restaurante Ilegal es el primer emprendimiento conjunto de los migrantes Darwin P\u00e9rez, Karina Onofre y Carol Paxtor, todos guatemaltecos, quienes tienen una visi\u00f3n prospectiva de \u00e9xito. \u2013 SoyMigrante.com REVISTA\" \/>\t\t\t\t\t\t\t\t\t\t\t<figcaption class=\"widget-image-caption wp-caption-text\">Restaurante Ilegal es el primer emprendimiento conjunto de los migrantes Darwin P\u00e9rez, Karina Onofre y Carol Paxtor, todos guatemaltecos, quienes tienen una visi\u00f3n prospectiva de \u00e9xito.<\/figcaption>\n\t\t\t\t\t\t\t\t\t\t<\/figure>\n\t\t\t\t\t\t\t\t\t<\/div>\n\t\t\t\t\t<\/div>\n\t\t<\/div>\n\t\t\t\t\t<\/div>\n\t\t<\/section>\n\t\t\t\t<section data-particle_enable=\"false\" data-particle-mobile-disabled=\"false\" class=\"elementor-section elementor-top-section elementor-element elementor-element-3eb930d elementor-section-boxed elementor-section-height-default elementor-section-height-default\" data-id=\"3eb930d\" data-element_type=\"section\" data-e-type=\"section\">\n\t\t\t\t\t\t<div class=\"elementor-container elementor-column-gap-default\">\n\t\t\t\t\t<div class=\"elementor-column elementor-col-100 elementor-top-column elementor-element elementor-element-f0eb0d9\" data-id=\"f0eb0d9\" data-element_type=\"column\" data-e-type=\"column\">\n\t\t\t<div class=\"elementor-widget-wrap elementor-element-populated\">\n\t\t\t\t\t\t<div class=\"elementor-element elementor-element-1eafd32 elementor-widget elementor-widget-heading\" data-id=\"1eafd32\" data-element_type=\"widget\" data-e-type=\"widget\" data-widget_type=\"heading.default\">\n\t\t\t\t\t<h2 class=\"elementor-heading-title elementor-size-default\">Del caf\u00e9 a los tacos<\/h2>\t\t\t\t<\/div>\n\t\t\t\t\t<\/div>\n\t\t<\/div>\n\t\t\t\t\t<\/div>\n\t\t<\/section>\n\t\t\t\t<section data-particle_enable=\"false\" data-particle-mobile-disabled=\"false\" class=\"elementor-section elementor-top-section elementor-element elementor-element-807818e elementor-section-boxed elementor-section-height-default elementor-section-height-default\" data-id=\"807818e\" data-element_type=\"section\" data-e-type=\"section\">\n\t\t\t\t\t\t<div class=\"elementor-container elementor-column-gap-default\">\n\t\t\t\t\t<div class=\"elementor-column elementor-col-100 elementor-top-column elementor-element elementor-element-ea6eb78\" data-id=\"ea6eb78\" data-element_type=\"column\" data-e-type=\"column\">\n\t\t\t<div class=\"elementor-widget-wrap elementor-element-populated\">\n\t\t\t\t\t\t<div class=\"elementor-element elementor-element-41df22a elementor-widget elementor-widget-text-editor\" data-id=\"41df22a\" data-element_type=\"widget\" data-e-type=\"widget\" data-widget_type=\"text-editor.default\">\n\t\t\t\t\t\t\t\t\t<p><a href=\"https:\/\/ilegaltaquerianyc.com\/\">I<\/a><a href=\"https:\/\/ilegaltaquerianyc.com\/\">legal<\/a><a href=\"https:\/\/ilegaltaquerianyc.com\/\"> Taquer\u00eda<\/a> es el m\u00e1s reciente emprendimiento de Darwin. Gracias a su experiencia cre\u00f3 un men\u00fa que siempre est\u00e1 agregando nuevos sabores, presentaci\u00f3n fresca y atractiva. La inauguraci\u00f3n fue el 30 de septiembre. El concepto es de gastronom\u00eda mexicana, pero con un toque dirigido a un amplio p\u00fablico hispano y anglo. El concepto gust\u00f3 a la comunidad y est\u00e1 ubicado en Brooklyn.<\/p><p>&#8220;La palabra ilegal es controversial porque a veces la gente lo toma como ofensa. \u00bfPor qu\u00e9 ilegal?, preguntan muchas personas. Le puse ilegal porque fue la forma como muchas personas llegan a este pa\u00eds pero para crecer, trabajar, aportar&#8221;.<\/p><p><span style=\"color: var( --e-global-color-text );\">Poco a poco, Darwin le ha a\u00f1adido la saz\u00f3n guatemalteca a un bocadillo mexicano, pero manteniendo la simplicidad y accesibilidad en el men\u00fa:\u00a0<\/span><span style=\"color: var( --e-global-color-text );\">&#8220;Un se\u00f1or due\u00f1o de caf\u00e9s y restaurantes nos aconsej\u00f3 que si quer\u00edamos crecer que lo hicieramos en una zona donde se facilitara el acceeso porque el tiempo es parte del \u00e9xito de un negocio y tambi\u00e9n nos aconsej\u00f3 preparar platillos menos complicados. Eso consejo lo pusimos en marcha&#8221;.<\/span><\/p>\t\t\t\t\t\t\t\t<\/div>\n\t\t\t\t\t<\/div>\n\t\t<\/div>\n\t\t\t\t\t<\/div>\n\t\t<\/section>\n\t\t\t\t<section data-particle_enable=\"false\" data-particle-mobile-disabled=\"false\" class=\"elementor-section elementor-top-section elementor-element elementor-element-9174149 elementor-section-boxed elementor-section-height-default elementor-section-height-default\" data-id=\"9174149\" data-element_type=\"section\" data-e-type=\"section\">\n\t\t\t\t\t\t<div class=\"elementor-container elementor-column-gap-default\">\n\t\t\t\t\t<div class=\"elementor-column elementor-col-100 elementor-top-column elementor-element elementor-element-8c9b4b7\" data-id=\"8c9b4b7\" data-element_type=\"column\" data-e-type=\"column\">\n\t\t\t<div class=\"elementor-widget-wrap elementor-element-populated\">\n\t\t\t\t\t\t<div class=\"elementor-element elementor-element-742aa79 elementor-widget elementor-widget-image\" data-id=\"742aa79\" data-element_type=\"widget\" data-e-type=\"widget\" data-widget_type=\"image.default\">\n\t\t\t\t\t\t\t\t\t\t\t\t<figure class=\"wp-caption\">\n\t\t\t\t\t\t\t\t\t\t<img loading=\"lazy\" decoding=\"async\" width=\"720\" height=\"960\" src=\"https:\/\/soymigrante.com\/revista\/wp-content\/uploads\/2024\/03\/DARWIN-PEREZ-4.webp\" class=\"attachment-medium_large size-medium_large wp-image-5532\" alt=\"En el calor y la intensa actividad de las cocinas se puli\u00f3 el talento gastron\u00f3mico de Darwin P\u00e9rez, migrante guatemalteco y emprendedor.\" srcset=\"https:\/\/soymigrante.com\/revista\/wp-content\/uploads\/2024\/03\/DARWIN-PEREZ-4.webp 720w, https:\/\/soymigrante.com\/revista\/wp-content\/uploads\/2024\/03\/DARWIN-PEREZ-4-225x300.webp 225w\" sizes=\"(max-width: 720px) 100vw, 720px\" title=\"En el calor y la intensa actividad de las cocinas se puli\u00f3 el talento gastron\u00f3mico de Darwin P\u00e9rez, migrante guatemalteco y emprendedor. \u2013 SoyMigrante.com REVISTA\" \/>\t\t\t\t\t\t\t\t\t\t\t<figcaption class=\"widget-image-caption wp-caption-text\">En el calor y la intensa actividad de las cocinas se puli\u00f3 el talento gastron\u00f3mico de Darwin P\u00e9rez, migrante guatemalteco y emprendedor.<\/figcaption>\n\t\t\t\t\t\t\t\t\t\t<\/figure>\n\t\t\t\t\t\t\t\t\t<\/div>\n\t\t\t\t\t<\/div>\n\t\t<\/div>\n\t\t\t\t\t<\/div>\n\t\t<\/section>\n\t\t\t\t<section data-particle_enable=\"false\" data-particle-mobile-disabled=\"false\" class=\"elementor-section elementor-top-section elementor-element elementor-element-09112aa elementor-section-boxed elementor-section-height-default elementor-section-height-default\" data-id=\"09112aa\" data-element_type=\"section\" data-e-type=\"section\">\n\t\t\t\t\t\t<div class=\"elementor-container elementor-column-gap-default\">\n\t\t\t\t\t<div class=\"elementor-column elementor-col-100 elementor-top-column elementor-element elementor-element-c7c50cf\" data-id=\"c7c50cf\" data-element_type=\"column\" data-e-type=\"column\">\n\t\t\t<div class=\"elementor-widget-wrap elementor-element-populated\">\n\t\t\t\t\t\t<div class=\"elementor-element elementor-element-d878814 elementor-widget elementor-widget-testimonial\" data-id=\"d878814\" data-element_type=\"widget\" data-e-type=\"widget\" data-widget_type=\"testimonial.default\">\n\t\t\t\t\t\t\t<div class=\"elementor-testimonial-wrapper\">\n\t\t\t\t\t\t\t<div class=\"elementor-testimonial-content\">\"Ilegal Taquer\u00eda significa para nosotros el esfuerzo de nuestros padres y de nosotros que vinimos a este pa\u00eds para contribuir y hacerlo grande con nuestro esp\u00edritu trabajador\u201d.<\/div>\n\t\t\t\n\t\t\t\t\t\t<div class=\"elementor-testimonial-meta\">\n\t\t\t\t<div class=\"elementor-testimonial-meta-inner\">\n\t\t\t\t\t\n\t\t\t\t\t\t\t\t\t\t<div class=\"elementor-testimonial-details\">\n\t\t\t\t\t\t\t\t\t\t\t\t\t\t<div class=\"elementor-testimonial-name\">Carolina Paxtor, Darwin P\u00e9rez y Karina Onofre<\/div>\n\t\t\t\t\t\t\t\t\t\t\t\t\t\t\t\t\t\t\t\t\t\t<div class=\"elementor-testimonial-job\">Socios fundadores de Ilegal Taquer\u00eda y Tikal Caf\u00e9<\/div>\n\t\t\t\t\t\t\t\t\t\t\t\t\t<\/div>\n\t\t\t\t\t\t\t\t\t<\/div>\n\t\t\t<\/div>\n\t\t\t\t\t<\/div>\n\t\t\t\t\t\t<\/div>\n\t\t\t\t\t<\/div>\n\t\t<\/div>\n\t\t\t\t\t<\/div>\n\t\t<\/section>\n\t\t\t\t<section data-particle_enable=\"false\" data-particle-mobile-disabled=\"false\" class=\"elementor-section elementor-top-section elementor-element elementor-element-5bcd49e elementor-section-boxed elementor-section-height-default elementor-section-height-default\" data-id=\"5bcd49e\" data-element_type=\"section\" data-e-type=\"section\">\n\t\t\t\t\t\t<div class=\"elementor-container elementor-column-gap-default\">\n\t\t\t\t\t<div class=\"elementor-column elementor-col-100 elementor-top-column elementor-element elementor-element-90a4dbc\" data-id=\"90a4dbc\" data-element_type=\"column\" data-e-type=\"column\">\n\t\t\t<div class=\"elementor-widget-wrap elementor-element-populated\">\n\t\t\t\t\t\t<div class=\"elementor-element elementor-element-3e83e18 elementor-widget elementor-widget-html\" data-id=\"3e83e18\" data-element_type=\"widget\" data-e-type=\"widget\" data-widget_type=\"html.default\">\n\t\t\t\t\t<blockquote class=\"tiktok-embed\" cite=\"https:\/\/www.tiktok.com\/@ilegal_taquerianyc\/video\/7247691912810073390\" data-video-id=\"7247691912810073390\" style=\"max-width: 605px;min-width: 325px;\" > <section> <a target=\"_blank\" title=\"@ilegal_taquerianyc\" href=\"https:\/\/www.tiktok.com\/@ilegal_taquerianyc?refer=embed\">@ilegal_taquerianyc<\/a> <a title=\"mexico\ud83c\uddf2\ud83c\uddfd\" target=\"_blank\" href=\"https:\/\/www.tiktok.com\/tag\/mexico%F0%9F%87%B2%F0%9F%87%BD?refer=embed\">#mexico\ud83c\uddf2\ud83c\uddfd<\/a> <a title=\"chapines502\ud83c\uddec\ud83c\uddf9\" target=\"_blank\" href=\"https:\/\/www.tiktok.com\/tag\/chapines502%F0%9F%87%AC%F0%9F%87%B9?refer=embed\">#chapines502\ud83c\uddec\ud83c\uddf9<\/a> <a title=\"ilegaltaqueria\" target=\"_blank\" href=\"https:\/\/www.tiktok.com\/tag\/ilegaltaqueria?refer=embed\">#ilegaltaqueria<\/a> <a title=\"chapinmexico\ud83e\udd7a\ud83c\uddec\ud83c\uddf9\ud83c\uddf2\ud83c\uddfd\" target=\"_blank\" href=\"https:\/\/www.tiktok.com\/tag\/chapinmexico%F0%9F%A5%BA%F0%9F%87%AC%F0%9F%87%B9%F0%9F%87%B2%F0%9F%87%BD?refer=embed\">#chapinmexico\ud83e\udd7a\ud83c\uddec\ud83c\uddf9\ud83c\uddf2\ud83c\uddfd<\/a> <a title=\"pesopluma\" target=\"_blank\" href=\"https:\/\/www.tiktok.com\/tag\/pesopluma?refer=embed\">#pesopluma<\/a> <a title=\"latinos\" target=\"_blank\" href=\"https:\/\/www.tiktok.com\/tag\/latinos?refer=embed\">#latinos<\/a> <a title=\"tacosmexicanos\" target=\"_blank\" href=\"https:\/\/www.tiktok.com\/tag\/tacosmexicanos?refer=embed\">#tacosmexicanos<\/a> <a title=\"mezcal\" target=\"_blank\" href=\"https:\/\/www.tiktok.com\/tag\/mezcal?refer=embed\">#mezcal<\/a> <a target=\"_blank\" title=\"\u266c Qu\u00e9 Agon\u00eda - Yuridia &#38; Angela Aguilar\" href=\"https:\/\/www.tiktok.com\/music\/Qu\u00e9-Agon\u00eda-7150158925877217281?refer=embed\">\u266c Qu\u00e9 Agon\u00eda - Yuridia &#38; Angela Aguilar<\/a> <\/section> <\/blockquote> <script async src=\"https:\/\/www.tiktok.com\/embed.js\"><\/script>\t\t\t\t<\/div>\n\t\t\t\t\t<\/div>\n\t\t<\/div>\n\t\t\t\t\t<\/div>\n\t\t<\/section>\n\t\t\t\t<section data-particle_enable=\"false\" data-particle-mobile-disabled=\"false\" class=\"elementor-section elementor-top-section elementor-element elementor-element-60a59db elementor-section-boxed elementor-section-height-default elementor-section-height-default\" data-id=\"60a59db\" data-element_type=\"section\" data-e-type=\"section\">\n\t\t\t\t\t\t<div class=\"elementor-container elementor-column-gap-default\">\n\t\t\t\t\t<div class=\"elementor-column elementor-col-100 elementor-top-column elementor-element elementor-element-75d2253\" data-id=\"75d2253\" data-element_type=\"column\" data-e-type=\"column\">\n\t\t\t<div class=\"elementor-widget-wrap elementor-element-populated\">\n\t\t\t\t\t\t<div class=\"elementor-element elementor-element-b6dd6d1 elementor-widget-divider--view-line elementor-widget elementor-widget-divider\" data-id=\"b6dd6d1\" data-element_type=\"widget\" data-e-type=\"widget\" data-widget_type=\"divider.default\">\n\t\t\t\t\t\t\t<div class=\"elementor-divider\">\n\t\t\t<span class=\"elementor-divider-separator\">\n\t\t\t\t\t\t<\/span>\n\t\t<\/div>\n\t\t\t\t\t\t<\/div>\n\t\t\t\t\t<\/div>\n\t\t<\/div>\n\t\t\t\t\t<\/div>\n\t\t<\/section>\n\t\t\t\t<section data-particle_enable=\"false\" data-particle-mobile-disabled=\"false\" class=\"elementor-section elementor-top-section elementor-element elementor-element-3a8a98c elementor-section-boxed elementor-section-height-default elementor-section-height-default\" data-id=\"3a8a98c\" data-element_type=\"section\" data-e-type=\"section\">\n\t\t\t\t\t\t<div class=\"elementor-container elementor-column-gap-default\">\n\t\t\t\t\t<div class=\"elementor-column elementor-col-100 elementor-top-column elementor-element elementor-element-5d490aa\" data-id=\"5d490aa\" data-element_type=\"column\" data-e-type=\"column\">\n\t\t\t<div class=\"elementor-widget-wrap elementor-element-populated\">\n\t\t\t\t\t\t<div class=\"elementor-element elementor-element-18f69bf elementor-widget elementor-widget-heading\" data-id=\"18f69bf\" data-element_type=\"widget\" data-e-type=\"widget\" data-widget_type=\"heading.default\">\n\t\t\t\t\t<h2 class=\"elementor-heading-title elementor-size-default\">Guatemala es fascinante \u00bfverdad?<\/h2>\t\t\t\t<\/div>\n\t\t\t\t\t<\/div>\n\t\t<\/div>\n\t\t\t\t\t<\/div>\n\t\t<\/section>\n\t\t\t\t<section data-particle_enable=\"false\" data-particle-mobile-disabled=\"false\" class=\"elementor-section elementor-top-section elementor-element elementor-element-3592600 elementor-section-boxed elementor-section-height-default elementor-section-height-default\" data-id=\"3592600\" data-element_type=\"section\" data-e-type=\"section\">\n\t\t\t\t\t\t<div class=\"elementor-container elementor-column-gap-default\">\n\t\t\t\t\t<div class=\"elementor-column elementor-col-100 elementor-top-column elementor-element elementor-element-f78d5a0\" data-id=\"f78d5a0\" data-element_type=\"column\" data-e-type=\"column\">\n\t\t\t<div class=\"elementor-widget-wrap elementor-element-populated\">\n\t\t\t\t\t\t<div class=\"elementor-element elementor-element-69c908b elementor-widget elementor-widget-blfe-post-grid\" data-id=\"69c908b\" data-element_type=\"widget\" data-e-type=\"widget\" data-settings=\"{&quot;columns&quot;:&quot;3&quot;,&quot;columns_tablet&quot;:&quot;6&quot;,&quot;columns_mobile&quot;:&quot;12&quot;,&quot;hero1_layout_column_gap&quot;:{&quot;unit&quot;:&quot;px&quot;,&quot;size&quot;:30,&quot;sizes&quot;:[]},&quot;hero1_layout_column_gap_tablet&quot;:{&quot;unit&quot;:&quot;px&quot;,&quot;size&quot;:&quot;&quot;,&quot;sizes&quot;:[]},&quot;hero1_layout_column_gap_mobile&quot;:{&quot;unit&quot;:&quot;px&quot;,&quot;size&quot;:&quot;&quot;,&quot;sizes&quot;:[]},&quot;hero1_layout_row_gap&quot;:{&quot;unit&quot;:&quot;px&quot;,&quot;size&quot;:30,&quot;sizes&quot;:[]},&quot;hero1_layout_row_gap_tablet&quot;:{&quot;unit&quot;:&quot;px&quot;,&quot;size&quot;:&quot;&quot;,&quot;sizes&quot;:[]},&quot;hero1_layout_row_gap_mobile&quot;:{&quot;unit&quot;:&quot;px&quot;,&quot;size&quot;:&quot;&quot;,&quot;sizes&quot;:[]}}\" data-widget_type=\"blfe-post-grid.hero1\">\n\t\t\t\t<div class=\"elementor-widget-container\">\n\t\t\t\t\t\n                        <div class=\"blfe-post-grid-container \">\n            \n                <div data-skin=\"hero1\" class=\"blfe-row blfe-posts-inner blfe-hero1 blfe-posts-inner blfe-col-3 blfe-col-tab-6 blfe-col-mob-12     \">\n                            <div class=\"blfe-post-grid-item\">\n            <div class=\"blfe-post-grid-item-inner blfe-modern-zoom\">\n                        <div class=\"blfe-post-grid-bg-image\">\n            <a class=\"blfe-post-grid-image-inner\" href=\"https:\/\/soymigrante.com\/revista\/regina-ruiz-borda-con-amor-y-dedicacion-en-yumei\/\" title=\"Regina Ruiz ofrece art\u00edculos bordados con dedicaci\u00f3n y amor en Yumei\" rel=\"nofollow\" target=\"_blank\"><img decoding=\"async\" src=\"https:\/\/soymigrante.com\/revista\/wp-content\/uploads\/2024\/12\/Regina-Ruiz-es-una-emprendedora-que-hila-con-amor-2-e1733269259338.webp\" alt=\"Regina Ruiz ofrece art\u00edculos bordados con dedicaci\u00f3n y amor en Yumei\"\/><\/a>        <\/div>\n                        <div class=\"blfe-post-grid-details\">\n                    <div class=\"blfe-post-grid-details-inner\">\n                        <span class=\"blfe-post-category\"><a href=\"https:\/\/soymigrante.com\/revista\/category\/guate-nuestra\/\">Guate Nuestra<\/a><\/span>                        <h3 class=\"blfe-post-grid-title\">\n            <a href=\"https:\/\/soymigrante.com\/revista\/regina-ruiz-borda-con-amor-y-dedicacion-en-yumei\/\" title=\"Regina Ruiz ofrece art\u00edculos bordados con dedicaci\u00f3n y amor en Yumei\" rel=\"nofollow\" target=\"_blank\">Regina Ruiz ofrece art\u00edculos bordados con dedicaci\u00f3n y amor en Yumei<\/a>\n            <\/h3>                                                            <div class=\"blfe-post-grid-meta\">\n                <span class=\"blfe-post-grid-time\"><i class=\"fas fa-book-reader\"><\/i>4 Min read<\/span>            <\/div>\n                                                        <\/div>\n                <\/div>\n\n            <\/div>\n        <\/div>\n                <div class=\"blfe-post-grid-item\">\n            <div class=\"blfe-post-grid-item-inner blfe-modern-zoom\">\n                        <div class=\"blfe-post-grid-bg-image\">\n            <a class=\"blfe-post-grid-image-inner\" href=\"https:\/\/soymigrante.com\/revista\/guatemala-danza-el-baile-de-toritos-es-una-fiesta-de-400-anos-de-antiguedad\/\" title=\"Danzas de Guatemala: El Baile del Torito es una fiesta con m\u00e1s de 400 a\u00f1os de antig\u00fcedad\" rel=\"nofollow\" target=\"_blank\"><img decoding=\"async\" src=\"https:\/\/soymigrante.com\/revista\/wp-content\/uploads\/2023\/09\/BAILE-DEL-TORITO-FUENTE-ARCHIVO-SIC-e1694019451736.webp\" alt=\"Danzas de Guatemala: El Baile del Torito es una fiesta con m\u00e1s de 400 a\u00f1os de antig\u00fcedad\"\/><\/a>        <\/div>\n                        <div class=\"blfe-post-grid-details\">\n                    <div class=\"blfe-post-grid-details-inner\">\n                        <span class=\"blfe-post-category\"><a href=\"https:\/\/soymigrante.com\/revista\/category\/guate-nuestra\/\">Guate Nuestra<\/a><\/span>                        <h3 class=\"blfe-post-grid-title\">\n            <a href=\"https:\/\/soymigrante.com\/revista\/guatemala-danza-el-baile-de-toritos-es-una-fiesta-de-400-anos-de-antiguedad\/\" title=\"Danzas de Guatemala: El Baile del Torito es una fiesta con m\u00e1s de 400 a\u00f1os de antig\u00fcedad\" rel=\"nofollow\" target=\"_blank\">Danzas de Guatemala: El Baile del Torito es una fiesta con m\u00e1s de 400 a\u00f1os de antig\u00fcedad<\/a>\n            <\/h3>                                                            <div class=\"blfe-post-grid-meta\">\n                <span class=\"blfe-post-grid-time\"><i class=\"fas fa-book-reader\"><\/i>4 Min read<\/span>            <\/div>\n                                                        <\/div>\n                <\/div>\n\n            <\/div>\n        <\/div>\n                <div class=\"blfe-post-grid-item\">\n            <div class=\"blfe-post-grid-item-inner blfe-modern-zoom\">\n                        <div class=\"blfe-post-grid-bg-image\">\n            <a class=\"blfe-post-grid-image-inner\" href=\"https:\/\/soymigrante.com\/revista\/danza-guatemala-el-ancestral-baile-del-venado\/\" title=\"Danzas de Guatemala: El  Baile del Venado est\u00e1 en la memoria de muchos migrantes.\" rel=\"nofollow\" target=\"_blank\"><img decoding=\"async\" src=\"https:\/\/soymigrante.com\/revista\/wp-content\/uploads\/2023\/09\/DANZA-DEL-VENADO-CUNEN-QUICHE.webp\" alt=\"Danzas de Guatemala: El  Baile del Venado est\u00e1 en la memoria de muchos migrantes.\"\/><\/a>        <\/div>\n                        <div class=\"blfe-post-grid-details\">\n                    <div class=\"blfe-post-grid-details-inner\">\n                        <span class=\"blfe-post-category\"><a href=\"https:\/\/soymigrante.com\/revista\/category\/guate-nuestra\/\">Guate Nuestra<\/a><\/span>                        <h3 class=\"blfe-post-grid-title\">\n            <a href=\"https:\/\/soymigrante.com\/revista\/danza-guatemala-el-ancestral-baile-del-venado\/\" title=\"Danzas de Guatemala: El  Baile del Venado est\u00e1 en la memoria de muchos migrantes.\" rel=\"nofollow\" target=\"_blank\">Danzas de Guatemala: El  Baile del Venado est\u00e1 en la memoria de muchos migrantes.<\/a>\n            <\/h3>                                                            <div class=\"blfe-post-grid-meta\">\n                <span class=\"blfe-post-grid-time\"><i class=\"fas fa-book-reader\"><\/i>4 Min read<\/span>            <\/div>\n                                                        <\/div>\n                <\/div>\n\n            <\/div>\n        <\/div>\n                        <\/div>\n\n                        <\/div>\n            \n                        <div class=\"blfe-post-footer\">\n                        <\/div>\n            \t\t\t\t<\/div>\n\t\t\t\t<\/div>\n\t\t\t\t\t<\/div>\n\t\t<\/div>\n\t\t\t\t\t<\/div>\n\t\t<\/section>\n\t\t\t\t<\/div>\n\t\t","protected":false},"excerpt":{"rendered":"<p>Darwin P\u00e9rez es originario de San Francisco El Alto, Totonicap\u00e1n y socio fundador de Tikal Caf\u00e9 junto con la tambi\u00e9n guatemalteca Carolina Paxtor; y de Ilegal Taquer\u00eda, de ellos dos con la connacional Karina Onofre. Una historia de perseverancia, fe y emprendimiento. Septiembre de 2023 marc\u00f3 un punto de ascenso en la vida del chef [&hellip;]<\/p>\n","protected":false},"author":14,"featured_media":5533,"comment_status":"open","ping_status":"open","sticky":false,"template":"","format":"standard","meta":{"_acf_changed":false,"_eb_attr":"","footnotes":""},"categories":[50],"tags":[],"class_list":["post-5526","post","type-post","status-publish","format-standard","has-post-thumbnail","hentry","category-exitos"],"acf":[],"aioseo_notices":[],"aioseo_head":"\n\t\t<!-- All in One SEO Pro 4.9.6.2 - aioseo.com -->\n\t<meta name=\"description\" content=\"Se calcula que El Baile del Venado surgi\u00f3 hace 1,500 a\u00f1os como un ritual de cacer\u00eda; tiene unos 26 danzantes y en cada localidad donde se celebra tiene distintas caracter\u00edsticas. Tradici\u00f3n en al menos 35 comunidades El Baile del Venado es una danza ritual que surgi\u00f3 hace unos 1,500 a\u00f1os, es decir en plena \u00e9poca\" \/>\n\t<meta name=\"robots\" content=\"max-snippet:-1, max-image-preview:large, max-video-preview:-1\" \/>\n\t<meta name=\"author\" content=\"Mynor Toc\"\/>\n\t<link rel=\"canonical\" href=\"https:\/\/soymigrante.com\/revista\/historia-exito-guatemalteco-emprendedor-darwin-perez-new-york\/\" \/>\n\t<meta name=\"generator\" content=\"All in One SEO Pro (AIOSEO) 4.9.6.2\" \/>\n\n\t\t<link rel=\"preconnect\" href=\"https:\/\/fonts.googleapis.com\" crossorigin>\n<link rel=\"preconnect\" href=\"https:\/\/fonts.gstatic.com\" crossorigin>\n\t\t<meta property=\"og:locale\" content=\"es_ES\" \/>\n\t\t<meta property=\"og:site_name\" content=\"SoyMigrante.com REVISTA \u2013 Nuestra misi\u00f3n es reconocer y dignificar al migrante.\" \/>\n\t\t<meta property=\"og:type\" content=\"article\" \/>\n\t\t<meta property=\"og:title\" content=\"Guatemalteco Darwin P\u00e9rez prepar\u00f3 su \u00e9xito en cocinas de Brooklyn\" \/>\n\t\t<meta property=\"og:description\" content=\"Darwin P\u00e9rez es originario de San Francisco El Alto, Totonicap\u00e1n y socio fundador de Tikal Caf\u00e9 junto con la tambi\u00e9n guatemalteca Carolina Paxtor; y de Ilegal Taquer\u00eda, de ellos dos con la connacional Karina Onofre. Una historia de perseverancia, fe y emprendimiento. Septiembre de 2023 marc\u00f3 un punto de ascenso en la vida del chef Darwin P\u00e9rez migrante y emprendedor guatemalteco cre\u00f3 junto a sus socias Carolina Paxtor y Karina Onofre, Caf\u00e9 Tikal e Ilegal Taquer\u00eda en NY.\" \/>\n\t\t<meta property=\"og:url\" content=\"https:\/\/soymigrante.com\/revista\/historia-exito-guatemalteco-emprendedor-darwin-perez-new-york\/\" \/>\n\t\t<meta property=\"og:image\" content=\"https:\/\/soymigrante.com\/revista\/wp-content\/uploads\/2024\/03\/DARWEN-PEREZ-GT-MIGRANTE_.webp\" \/>\n\t\t<meta property=\"og:image:secure_url\" content=\"https:\/\/soymigrante.com\/revista\/wp-content\/uploads\/2024\/03\/DARWEN-PEREZ-GT-MIGRANTE_.webp\" \/>\n\t\t<meta property=\"og:image:width\" content=\"670\" \/>\n\t\t<meta property=\"og:image:height\" content=\"369\" \/>\n\t\t<meta property=\"article:published_time\" content=\"2024-03-25T18:51:19+00:00\" \/>\n\t\t<meta property=\"article:modified_time\" content=\"2024-07-30T20:38:13+00:00\" \/>\n\t\t<meta property=\"article:publisher\" content=\"https:\/\/www.facebook.com\/soymigrantecom\" \/>\n\t\t<meta name=\"twitter:card\" content=\"summary_large_image\" \/>\n\t\t<meta name=\"twitter:site\" content=\"@SoyMigrante_com\" \/>\n\t\t<meta name=\"twitter:title\" content=\"Guatemalteco Darwin P\u00e9rez prepar\u00f3 su \u00e9xito en cocinas de Brooklyn\" \/>\n\t\t<meta name=\"twitter:description\" content=\"Darwin P\u00e9rez es originario de San Francisco El Alto, Totonicap\u00e1n y socio fundador de Tikal Caf\u00e9 junto con la tambi\u00e9n guatemalteca Carolina Paxtor; y de Ilegal Taquer\u00eda, de ellos dos con la connacional Karina Onofre. Una historia de perseverancia, fe y emprendimiento. Septiembre de 2023 marc\u00f3 un punto de ascenso en la vida del chef Darwin P\u00e9rez migrante y emprendedor guatemalteco cre\u00f3 junto a sus socias Carolina Paxtor y Karina Onofre, Caf\u00e9 Tikal e Ilegal Taquer\u00eda en NY.\" \/>\n\t\t<meta name=\"twitter:creator\" content=\"@SoyMigrante_com\" \/>\n\t\t<meta name=\"twitter:image\" content=\"https:\/\/soymigrante.com\/revista\/wp-content\/uploads\/2024\/03\/DARWEN-PEREZ-GT-MIGRANTE_.webp\" \/>\n\t\t<!-- All in One SEO Pro -->\r\n\t\t<title>Guatemalteco Darwin P\u00e9rez prepar\u00f3 su \u00e9xito en cocinas de Brooklyn<\/title>\n\n","aioseo_head_json":{"title":"Guatemalteco Darwin P\u00e9rez prepar\u00f3 su \u00e9xito en cocinas de Brooklyn","description":"Darwin P\u00e9rez es originario de San Francisco El Alto, Totonicap\u00e1n y socio fundador de Tikal Caf\u00e9 junto con la tambi\u00e9n guatemalteca Carolina Paxtor; y de Ilegal Taquer\u00eda, de ellos dos con la connacional Karina Onofre. Una historia de perseverancia, fe y emprendimiento. Septiembre de 2023 marc\u00f3 un punto de ascenso en la vida del chef Darwin P\u00e9rez migrante y emprendedor guatemalteco cre\u00f3 junto a sus socias Carolina Paxtor y Karina Onofre, Caf\u00e9 Tikal e Ilegal Taquer\u00eda en NY.","canonical_url":"https:\/\/soymigrante.com\/revista\/historia-exito-guatemalteco-emprendedor-darwin-perez-new-york\/","robots":"max-snippet:-1, max-image-preview:large, max-video-preview:-1","keywords":"","webmasterTools":{"miscellaneous":"&lt;link rel=\"preconnect\" href=\"https:\/\/fonts.googleapis.com\" crossorigin&gt;\n&lt;link rel=\"preconnect\" href=\"https:\/\/fonts.gstatic.com\" crossorigin&gt;"},"schema":null,"og:locale":"es_ES","og:site_name":"SoyMigrante.com REVISTA \u2013 Nuestra misi\u00f3n es reconocer y dignificar al migrante.","og:type":"article","og:title":"Guatemalteco Darwin P\u00e9rez prepar\u00f3 su \u00e9xito en cocinas de Brooklyn","og:description":"Darwin P\u00e9rez es originario de San Francisco El Alto, Totonicap\u00e1n y socio fundador de Tikal Caf\u00e9 junto con la tambi\u00e9n guatemalteca Carolina Paxtor; y de Ilegal Taquer\u00eda, de ellos dos con la connacional Karina Onofre. Una historia de perseverancia, fe y emprendimiento. Septiembre de 2023 marc\u00f3 un punto de ascenso en la vida del chef Darwin P\u00e9rez migrante y emprendedor guatemalteco cre\u00f3 junto a sus socias Carolina Paxtor y Karina Onofre, Caf\u00e9 Tikal e Ilegal Taquer\u00eda en NY.","og:url":"https:\/\/soymigrante.com\/revista\/historia-exito-guatemalteco-emprendedor-darwin-perez-new-york\/","og:image":"https:\/\/soymigrante.com\/revista\/wp-content\/uploads\/2024\/03\/DARWEN-PEREZ-GT-MIGRANTE_.webp","og:image:secure_url":"https:\/\/soymigrante.com\/revista\/wp-content\/uploads\/2024\/03\/DARWEN-PEREZ-GT-MIGRANTE_.webp","og:image:width":670,"og:image:height":369,"article:published_time":"2024-03-25T18:51:19+00:00","article:modified_time":"2024-07-30T20:38:13+00:00","article:publisher":"https:\/\/www.facebook.com\/soymigrantecom","twitter:card":"summary_large_image","twitter:site":"@SoyMigrante_com","twitter:title":"Guatemalteco Darwin P\u00e9rez prepar\u00f3 su \u00e9xito en cocinas de Brooklyn","twitter:description":"Darwin P\u00e9rez es originario de San Francisco El Alto, Totonicap\u00e1n y socio fundador de Tikal Caf\u00e9 junto con la tambi\u00e9n guatemalteca Carolina Paxtor; y de Ilegal Taquer\u00eda, de ellos dos con la connacional Karina Onofre. Una historia de perseverancia, fe y emprendimiento. Septiembre de 2023 marc\u00f3 un punto de ascenso en la vida del chef Darwin P\u00e9rez migrante y emprendedor guatemalteco cre\u00f3 junto a sus socias Carolina Paxtor y Karina Onofre, Caf\u00e9 Tikal e Ilegal Taquer\u00eda en NY.","twitter:creator":"@SoyMigrante_com","twitter:image":"https:\/\/soymigrante.com\/revista\/wp-content\/uploads\/2024\/03\/DARWEN-PEREZ-GT-MIGRANTE_.webp"},"aioseo_meta_data":{"post_id":"5526","title":null,"description":"#post_excerpt Darwin P\u00e9rez migrante y emprendedor guatemalteco cre\u00f3 junto a sus socias Carolina Paxtor y Karina Onofre, Caf\u00e9 Tikal e Ilegal Taquer\u00eda en NY.","keywords":[],"keyphrases":{"focus":{"keyphrase":"Guatemalteco","score":78,"analysis":{"keyphraseInTitle":{"score":9,"maxScore":9,"error":0},"keyphraseInDescription":{"score":9,"maxScore":9,"error":0},"keyphraseLength":{"score":9,"maxScore":9,"error":0,"length":1},"keyphraseInURL":{"score":5,"maxScore":5,"error":0},"keyphraseInIntroduction":{"score":9,"maxScore":9,"error":0},"keyphraseInSubHeadings":{"score":3,"maxScore":9,"error":1},"keyphraseInImageAlt":{"score":9,"maxScore":9,"error":0},"keywordDensity":{"score":0,"type":"low","maxScore":9,"error":1}}},"additional":[]},"primary_term":null,"canonical_url":null,"og_title":null,"og_description":null,"og_object_type":"default","og_image_type":"default","og_image_url":null,"og_image_width":null,"og_image_height":null,"og_image_custom_url":null,"og_image_custom_fields":null,"og_video":"","og_custom_url":null,"og_article_section":null,"og_article_tags":[],"twitter_use_og":false,"twitter_card":"default","twitter_image_type":"default","twitter_image_url":null,"twitter_image_custom_url":null,"twitter_image_custom_fields":null,"twitter_title":null,"twitter_description":null,"schema":{"blockGraphs":[],"customGraphs":[],"default":{"data":{"Article":[],"Course":[],"Dataset":[],"FAQPage":[],"Movie":[],"Person":[],"Product":[],"ProductReview":[],"Car":[],"Recipe":[],"Service":[],"SoftwareApplication":[],"WebPage":[]},"graphName":"BlogPosting","isEnabled":true},"graphs":[]},"schema_type":"default","schema_type_options":null,"pillar_content":false,"robots_default":true,"robots_noindex":false,"robots_noarchive":false,"robots_nosnippet":false,"robots_nofollow":false,"robots_noimageindex":false,"robots_noodp":false,"robots_notranslate":false,"robots_max_snippet":"-1","robots_max_videopreview":"-1","robots_max_imagepreview":"large","priority":null,"frequency":"default","local_seo":null,"seo_analyzer_scan_date":"2025-10-08 21:29:11","breadcrumb_settings":null,"limit_modified_date":false,"reviewed_by":null,"open_ai":null,"ai":null,"created":"2024-03-20 23:26:38","updated":"2026-02-04 11:05:01"},"aioseo_breadcrumb":"<div class=\"aioseo-breadcrumbs\"><span class=\"aioseo-breadcrumb\">\n\t<a href=\"https:\/\/soymigrante.com\/revista\" title=\"Home\">Home<\/a>\n<\/span><span class=\"aioseo-breadcrumb-separator\">\u00bb<\/span><span class=\"aioseo-breadcrumb\">\n\t<a href=\"https:\/\/soymigrante.com\/revista\/category\/exitos\/\" title=\"\u00c9xitos\">\u00c9xitos<\/a>\n<\/span><span class=\"aioseo-breadcrumb-separator\">\u00bb<\/span><span class=\"aioseo-breadcrumb\">\n\tGuatemalteco Darwin P\u00e9rez prepar\u00f3 su \u00e9xito en cocinas de Brooklyn\n<\/span><\/div>","aioseo_breadcrumb_json":[{"label":"Home","link":"https:\/\/soymigrante.com\/revista"},{"label":"\u00c9xitos","link":"https:\/\/soymigrante.com\/revista\/category\/exitos\/"},{"label":"Guatemalteco Darwin P\u00e9rez prepar\u00f3 su \u00e9xito en cocinas de Brooklyn","link":"https:\/\/soymigrante.com\/revista\/historia-exito-guatemalteco-emprendedor-darwin-perez-new-york\/"}],"_links":{"self":[{"href":"https:\/\/soymigrante.com\/revista\/wp-json\/wp\/v2\/posts\/5526","targetHints":{"allow":["GET"]}}],"collection":[{"href":"https:\/\/soymigrante.com\/revista\/wp-json\/wp\/v2\/posts"}],"about":[{"href":"https:\/\/soymigrante.com\/revista\/wp-json\/wp\/v2\/types\/post"}],"author":[{"embeddable":true,"href":"https:\/\/soymigrante.com\/revista\/wp-json\/wp\/v2\/users\/14"}],"replies":[{"embeddable":true,"href":"https:\/\/soymigrante.com\/revista\/wp-json\/wp\/v2\/comments?post=5526"}],"version-history":[{"count":0,"href":"https:\/\/soymigrante.com\/revista\/wp-json\/wp\/v2\/posts\/5526\/revisions"}],"wp:featuredmedia":[{"embeddable":true,"href":"https:\/\/soymigrante.com\/revista\/wp-json\/wp\/v2\/media\/5533"}],"wp:attachment":[{"href":"https:\/\/soymigrante.com\/revista\/wp-json\/wp\/v2\/media?parent=5526"}],"wp:term":[{"taxonomy":"category","embeddable":true,"href":"https:\/\/soymigrante.com\/revista\/wp-json\/wp\/v2\/categories?post=5526"},{"taxonomy":"post_tag","embeddable":true,"href":"https:\/\/soymigrante.com\/revista\/wp-json\/wp\/v2\/tags?post=5526"}],"curies":[{"name":"wp","href":"https:\/\/api.w.org\/{rel}","templated":true}]}}