{"id":5499,"date":"2024-03-19T16:01:41","date_gmt":"2024-03-19T22:01:41","guid":{"rendered":"https:\/\/soymigrante.com\/revista\/?p=5499"},"modified":"2024-07-30T11:36:40","modified_gmt":"2024-07-30T17:36:40","slug":"migrante-retornado-cafe-de-guatemala-campesinos-momostenango","status":"publish","type":"post","link":"https:\/\/soymigrante.com\/revista\/migrante-retornado-cafe-de-guatemala-campesinos-momostenango\/","title":{"rendered":"Caf\u00e9 de Guatemala: Migrante retornado impulsa a caficultores de Momostenango"},"content":{"rendered":"\t\t<div data-elementor-type=\"wp-post\" data-elementor-id=\"5499\" class=\"elementor elementor-5499\" data-elementor-post-type=\"post\">\n\t\t\t\t\t\t<section data-particle_enable=\"false\" data-particle-mobile-disabled=\"false\" class=\"elementor-section elementor-top-section elementor-element elementor-element-76e2081 elementor-section-boxed elementor-section-height-default elementor-section-height-default\" data-id=\"76e2081\" data-element_type=\"section\" data-e-type=\"section\">\n\t\t\t\t\t\t<div class=\"elementor-container elementor-column-gap-default\">\n\t\t\t\t\t<div class=\"elementor-column elementor-col-100 elementor-top-column elementor-element elementor-element-22eae94\" data-id=\"22eae94\" data-element_type=\"column\" data-e-type=\"column\">\n\t\t\t<div class=\"elementor-widget-wrap elementor-element-populated\">\n\t\t\t\t\t\t<div class=\"elementor-element elementor-element-1ad1d5f elementor-widget elementor-widget-heading\" data-id=\"1ad1d5f\" data-element_type=\"widget\" data-e-type=\"widget\" data-widget_type=\"heading.default\">\n\t\t\t\t\t<h2 class=\"elementor-heading-title elementor-size-default\"><i>Alma del caf\u00e9 de Momostenango<\/i> es el proyecto impulsado por el migrante \u00c1ngel Ambrocio y Momostip\u00e1n, que busca pagar precios dignos a los campesinos, procesar grano de alta calidad y distribuirlo sin fronteras.<\/h2>\t\t\t\t<\/div>\n\t\t\t\t\t<\/div>\n\t\t<\/div>\n\t\t\t\t\t<\/div>\n\t\t<\/section>\n\t\t\t\t<section data-particle_enable=\"false\" data-particle-mobile-disabled=\"false\" class=\"elementor-section elementor-top-section elementor-element elementor-element-7ecc6be elementor-section-boxed elementor-section-height-default elementor-section-height-default\" data-id=\"7ecc6be\" data-element_type=\"section\" data-e-type=\"section\">\n\t\t\t\t\t\t<div class=\"elementor-container elementor-column-gap-default\">\n\t\t\t\t\t<div class=\"elementor-column elementor-col-100 elementor-top-column elementor-element elementor-element-475f13c\" data-id=\"475f13c\" data-element_type=\"column\" data-e-type=\"column\">\n\t\t\t<div class=\"elementor-widget-wrap elementor-element-populated\">\n\t\t\t\t\t\t<div class=\"elementor-element elementor-element-5566a91 elementor-widget elementor-widget-text-editor\" data-id=\"5566a91\" data-element_type=\"widget\" data-e-type=\"widget\" data-widget_type=\"text-editor.default\">\n\t\t\t\t\t\t\t\t\t<p>El migrante retornado guatemalteco sabe y disfruta la catadur\u00eda de caf\u00e9 todas las regiones del pa\u00eds. Est\u00e1 convencido de que Guatemala tiene el mejor caf\u00e9 del mundo Adquiri\u00f3 y cultiv\u00f3 su habilidad como barista cuando fue trabajador migrante en Washington D.C., Estados Unidos, pero la sigui\u00f3 ampliando a trav\u00e9s de su emprendimiento: <a href=\"https:\/\/soymigrante.com\/revista\/angel-ambrocio-realiza-el-gran-sueno-de-volver-a-vivir-en-su-tierra-natal\/\">el caf\u00e9 y panader\u00eda Momostip\u00e1n, en Momostenango, Totonicap\u00e1n,\u00a0 empresa familiar de tres generaciones cuya direcci\u00f3n y renovaci\u00f3n \u00c1ngel asumi\u00f3 en 2014, al volver a Guatemala.<\/a>\u00a0De hecho, en junio pr\u00f3ximo celebrar\u00e1 10 a\u00f1os de Momostip\u00e1n.<\/p><p>Angel conoce, colecciona, explora, prepara y disfruta caf\u00e9 de todas las regiones de Guatemala. Experimanta sus texturas, cuerpo, acidez y mezclas de tonalidades seg\u00fan la regi\u00f3n. Pero eso mismo le llev\u00f3 a notar que el caf\u00e9 de las monta\u00f1as de Momostenango, su tierra natal, a\u00fan no fuera reconocido por su calidad y se decidi\u00f3 a hacer algo para cambiar eso. As\u00ed lo relata:<\/p>\t\t\t\t\t\t\t\t<\/div>\n\t\t\t\t\t<\/div>\n\t\t<\/div>\n\t\t\t\t\t<\/div>\n\t\t<\/section>\n\t\t\t\t<section data-particle_enable=\"false\" data-particle-mobile-disabled=\"false\" class=\"elementor-section elementor-top-section elementor-element elementor-element-a3c39a5 elementor-section-boxed elementor-section-height-default elementor-section-height-default\" data-id=\"a3c39a5\" data-element_type=\"section\" data-e-type=\"section\">\n\t\t\t\t\t\t<div class=\"elementor-container elementor-column-gap-default\">\n\t\t\t\t\t<div class=\"elementor-column elementor-col-100 elementor-top-column elementor-element elementor-element-dcf7b2c\" data-id=\"dcf7b2c\" data-element_type=\"column\" data-e-type=\"column\">\n\t\t\t<div class=\"elementor-widget-wrap elementor-element-populated\">\n\t\t\t\t\t\t<div class=\"elementor-element elementor-element-712d18f elementor-widget elementor-widget-image\" data-id=\"712d18f\" data-element_type=\"widget\" data-e-type=\"widget\" data-widget_type=\"image.default\">\n\t\t\t\t\t\t\t\t\t\t\t\t<figure class=\"wp-caption\">\n\t\t\t\t\t\t\t\t\t\t<img fetchpriority=\"high\" decoding=\"async\" width=\"768\" height=\"641\" src=\"https:\/\/soymigrante.com\/revista\/wp-content\/uploads\/2024\/03\/fdsfjdsnlkjfdj.webp\" class=\"attachment-large size-large wp-image-5503\" alt=\"Con el fondo de los famosos riscos de Momostenango, se exhiben los emblem\u00e1ticos empaques de El alma del caf\u00e9 de Momostenango, en cuyas etiquetas lucen los retratos de los peque\u00f1os productores de donde viene el exquisito y arom\u00e1tico grano, tostado, procesado y distribuido por Momostip\u00e1n, empresa del migrante retornado Angel Ambrocio. (Foto Marcos Zarate)\" srcset=\"https:\/\/soymigrante.com\/revista\/wp-content\/uploads\/2024\/03\/fdsfjdsnlkjfdj.webp 787w, https:\/\/soymigrante.com\/revista\/wp-content\/uploads\/2024\/03\/fdsfjdsnlkjfdj-300x250.webp 300w, https:\/\/soymigrante.com\/revista\/wp-content\/uploads\/2024\/03\/fdsfjdsnlkjfdj-768x641.webp 768w, https:\/\/soymigrante.com\/revista\/wp-content\/uploads\/2024\/03\/fdsfjdsnlkjfdj-750x626.webp 750w\" sizes=\"(max-width: 768px) 100vw, 768px\" title=\"Con el fondo de los famosos riscos de Momostenango, se exhiben los emblem\u00e1ticos empaques de El alma del caf\u00e9 de Momostenango, en cuyas etiquetas lucen los retratos de los peque\u00f1os productores de donde viene el exquisito y arom\u00e1tico grano, tostado, procesado y distribuido por Momostip\u00e1n, empresa del migrante retornado Angel Ambrocio. (Foto Marcos Zarate) \u2013 SoyMigrante.com REVISTA\" \/>\t\t\t\t\t\t\t\t\t\t\t<figcaption class=\"widget-image-caption wp-caption-text\">Con el fondo de los famosos riscos de Momostenango, se exhiben los emblem\u00e1ticos empaques de El alma del caf\u00e9 de Momostenango, en cuyas etiquetas lucen los retratos de los peque\u00f1os productores de donde viene el exquisito y arom\u00e1tico grano, tostado, procesado y distribuido por Momostip\u00e1n, empresa del migrante retornado Angel Ambrocio. (Foto Marcos Zarate)<\/figcaption>\n\t\t\t\t\t\t\t\t\t\t<\/figure>\n\t\t\t\t\t\t\t\t\t<\/div>\n\t\t\t\t\t<\/div>\n\t\t<\/div>\n\t\t\t\t\t<\/div>\n\t\t<\/section>\n\t\t\t\t<section data-particle_enable=\"false\" data-particle-mobile-disabled=\"false\" class=\"elementor-section elementor-top-section elementor-element elementor-element-5649f69 elementor-section-boxed elementor-section-height-default elementor-section-height-default\" data-id=\"5649f69\" data-element_type=\"section\" data-e-type=\"section\">\n\t\t\t\t\t\t<div class=\"elementor-container elementor-column-gap-default\">\n\t\t\t\t\t<div class=\"elementor-column elementor-col-100 elementor-top-column elementor-element elementor-element-8014f07\" data-id=\"8014f07\" data-element_type=\"column\" data-e-type=\"column\">\n\t\t\t<div class=\"elementor-widget-wrap elementor-element-populated\">\n\t\t\t\t\t\t<div class=\"elementor-element elementor-element-579453d elementor-widget elementor-widget-heading\" data-id=\"579453d\" data-element_type=\"widget\" data-e-type=\"widget\" data-widget_type=\"heading.default\">\n\t\t\t\t\t<h3 class=\"elementor-heading-title elementor-size-default\">\"Hace cuatro a\u00f1os comenzamos este proyecto...\" <\/h3>\t\t\t\t<\/div>\n\t\t\t\t\t<\/div>\n\t\t<\/div>\n\t\t\t\t\t<\/div>\n\t\t<\/section>\n\t\t\t\t<section data-particle_enable=\"false\" data-particle-mobile-disabled=\"false\" class=\"elementor-section elementor-top-section elementor-element elementor-element-2527d3f elementor-section-boxed elementor-section-height-default elementor-section-height-default\" data-id=\"2527d3f\" data-element_type=\"section\" data-e-type=\"section\">\n\t\t\t\t\t\t<div class=\"elementor-container elementor-column-gap-default\">\n\t\t\t\t\t<div class=\"elementor-column elementor-col-100 elementor-top-column elementor-element elementor-element-4d376ab\" data-id=\"4d376ab\" data-element_type=\"column\" data-e-type=\"column\">\n\t\t\t<div class=\"elementor-widget-wrap elementor-element-populated\">\n\t\t\t\t\t\t<div class=\"elementor-element elementor-element-b662abe elementor-widget elementor-widget-text-editor\" data-id=\"b662abe\" data-element_type=\"widget\" data-e-type=\"widget\" data-widget_type=\"text-editor.default\">\n\t\t\t\t\t\t\t\t\t<p>&#8220;Ten\u00eda el sue\u00f1o de apoyar a caficultores artesanales de Momostenango, muchos de ellos ya mayores de edad. Me d\u00ed cuenta que les pagaban muy bajo precio por el caf\u00e9 que produc\u00edan&#8221;, relata \u00c1ngel Ambrocio.<\/p><p>&#8220;Pero no es solo de pagar m\u00e1s, es desarrollar esa fama de calidad. Ellos deben conocer su producto, saber qu\u00e9 especie de cafetales tienen, recolectar y procesar cada vez con m\u00e1s valor&#8221;.\u00a0<span style=\"color: var( --e-global-color-text );\">El plan piloto fue con dos familias y actualmente ya son 12 las familias campesinas momostecas a las cuales se les compra para elaborar un &#8220;blend&#8221;, es decir una mezcla uniforme con sabor propio.\u00a0<\/span><\/p>\t\t\t\t\t\t\t\t<\/div>\n\t\t\t\t\t<\/div>\n\t\t<\/div>\n\t\t\t\t\t<\/div>\n\t\t<\/section>\n\t\t\t\t<section data-particle_enable=\"false\" data-particle-mobile-disabled=\"false\" class=\"elementor-section elementor-top-section elementor-element elementor-element-b3b7d6e elementor-section-boxed elementor-section-height-default elementor-section-height-default\" data-id=\"b3b7d6e\" data-element_type=\"section\" data-e-type=\"section\">\n\t\t\t\t\t\t<div class=\"elementor-container elementor-column-gap-default\">\n\t\t\t\t\t<div class=\"elementor-column elementor-col-100 elementor-top-column elementor-element elementor-element-761dc77\" data-id=\"761dc77\" data-element_type=\"column\" data-e-type=\"column\">\n\t\t\t<div class=\"elementor-widget-wrap elementor-element-populated\">\n\t\t\t\t\t\t<div class=\"elementor-element elementor-element-d889e44 elementor-grid-eael-col-1 elementor-grid-tablet-eael-col-2 elementor-grid-mobile-eael-col-1 elementor-widget elementor-widget-eael-post-grid\" data-id=\"d889e44\" data-element_type=\"widget\" data-e-type=\"widget\" data-settings=\"{&quot;eael_post_grid_columns&quot;:&quot;eael-col-1&quot;,&quot;eael_post_grid_columns_tablet&quot;:&quot;eael-col-2&quot;,&quot;eael_post_grid_columns_mobile&quot;:&quot;eael-col-1&quot;}\" data-widget_type=\"eael-post-grid.default\">\n\t\t\t\t\t<div id=\"eael-post-grid-d889e44\" class=\"eael-post-grid-container\">\n            <div class=\"eael-post-grid eael-post-appender eael-post-appender-d889e44 eael-post-grid-style-one\" data-layout-mode=\"masonry\"><article class=\"eael-grid-post  eael-post-grid-column eael-pg-post-812 category-exitos\" data-id=\"812\">\n        <div class=\"eael-grid-post-holder\">\n            <div class=\"eael-grid-post-holder-inner\"><div class=\"eael-entry-media\"><div class=\"eael-entry-overlay fade-in\"><i class=\"far fa-hand-pointer\" aria-hidden=\"true\"><\/i><a href=\"https:\/\/soymigrante.com\/revista\/angel-ambrocio-realiza-el-gran-sueno-de-volver-a-vivir-en-su-tierra-natal\/\"><\/a><\/div><div class=\"eael-entry-thumbnail \">\n                <img decoding=\"async\" width=\"1024\" height=\"683\" src=\"https:\/\/soymigrante.com\/revista\/wp-content\/uploads\/2023\/03\/ANGEL-AMBROCIO-2016-FUEGO-1024x683.jpg\" class=\"attachment-large size-large wp-image-820\" alt=\"ANGEL AMBROCIO\" srcset=\"https:\/\/soymigrante.com\/revista\/wp-content\/uploads\/2023\/03\/ANGEL-AMBROCIO-2016-FUEGO-1024x683.jpg 1024w, https:\/\/soymigrante.com\/revista\/wp-content\/uploads\/2023\/03\/ANGEL-AMBROCIO-2016-FUEGO-300x200.webp 300w, https:\/\/soymigrante.com\/revista\/wp-content\/uploads\/2023\/03\/ANGEL-AMBROCIO-2016-FUEGO-768x512.jpg 768w, https:\/\/soymigrante.com\/revista\/wp-content\/uploads\/2023\/03\/ANGEL-AMBROCIO-2016-FUEGO-1536x1024.jpg 1536w, https:\/\/soymigrante.com\/revista\/wp-content\/uploads\/2023\/03\/ANGEL-AMBROCIO-2016-FUEGO-750x500.webp 750w, https:\/\/soymigrante.com\/revista\/wp-content\/uploads\/2023\/03\/ANGEL-AMBROCIO-2016-FUEGO-1140x760.jpg 1140w, https:\/\/soymigrante.com\/revista\/wp-content\/uploads\/2023\/03\/ANGEL-AMBROCIO-2016-FUEGO-600x400.jpg 600w, https:\/\/soymigrante.com\/revista\/wp-content\/uploads\/2023\/03\/ANGEL-AMBROCIO-2016-FUEGO.webp 1920w\" sizes=\"(max-width: 1024px) 100vw, 1024px\" \/>\n            <\/div>\n        <\/div><div class=\"eael-entry-wrapper\"><header class=\"eael-entry-header\"><h2 class=\"eael-entry-title\"><a class=\"eael-grid-post-link\" href=\"https:\/\/soymigrante.com\/revista\/angel-ambrocio-realiza-el-gran-sueno-de-volver-a-vivir-en-su-tierra-natal\/\" title=\"\u00c1ngel Ambrocio realiza el gran sue\u00f1o de volver a vivir en su Guatemala natal\">\u00c1ngel Ambrocio realiza el gran sue\u00f1o de volver a vivir en su Guatemala natal<\/a><\/h2><\/header><div class=\"eael-entry-content\">\n                        <div class=\"eael-grid-post-excerpt\"><a href=\"https:\/\/soymigrante.com\/revista\/angel-ambrocio-realiza-el-gran-sueno-de-volver-a-vivir-en-su-tierra-natal\/\" class=\"eael-post-elements-readmore-btn\">Lea la historia completa<\/a><\/div>\n                    <\/div><\/div><\/div>\n        <\/div>\n    <\/article><\/div>\n            <div class=\"clearfix\"><\/div>\n        <\/div>\t\t\t\t<\/div>\n\t\t\t\t\t<\/div>\n\t\t<\/div>\n\t\t\t\t\t<\/div>\n\t\t<\/section>\n\t\t\t\t<section data-particle_enable=\"false\" data-particle-mobile-disabled=\"false\" class=\"elementor-section elementor-top-section elementor-element elementor-element-6765ecf elementor-section-boxed elementor-section-height-default elementor-section-height-default\" data-id=\"6765ecf\" data-element_type=\"section\" data-e-type=\"section\">\n\t\t\t\t\t\t<div class=\"elementor-container elementor-column-gap-default\">\n\t\t\t\t\t<div class=\"elementor-column elementor-col-100 elementor-top-column elementor-element elementor-element-ed7799d\" data-id=\"ed7799d\" data-element_type=\"column\" data-e-type=\"column\">\n\t\t\t<div class=\"elementor-widget-wrap elementor-element-populated\">\n\t\t\t\t\t\t<div class=\"elementor-element elementor-element-db872c3 elementor-widget elementor-widget-heading\" data-id=\"db872c3\" data-element_type=\"widget\" data-e-type=\"widget\" data-widget_type=\"heading.default\">\n\t\t\t\t\t<h3 class=\"elementor-heading-title elementor-size-default\">\"Queremos catapultar el caf\u00e9 de esta regi\u00f3n\"<\/h3>\t\t\t\t<\/div>\n\t\t\t\t\t<\/div>\n\t\t<\/div>\n\t\t\t\t\t<\/div>\n\t\t<\/section>\n\t\t\t\t<section data-particle_enable=\"false\" data-particle-mobile-disabled=\"false\" class=\"elementor-section elementor-top-section elementor-element elementor-element-b65927c elementor-section-boxed elementor-section-height-default elementor-section-height-default\" data-id=\"b65927c\" data-element_type=\"section\" data-e-type=\"section\">\n\t\t\t\t\t\t<div class=\"elementor-container elementor-column-gap-default\">\n\t\t\t\t\t<div class=\"elementor-column elementor-col-100 elementor-top-column elementor-element elementor-element-b5cf1d7\" data-id=\"b5cf1d7\" data-element_type=\"column\" data-e-type=\"column\">\n\t\t\t<div class=\"elementor-widget-wrap elementor-element-populated\">\n\t\t\t\t\t\t<div class=\"elementor-element elementor-element-d0460df elementor-widget elementor-widget-text-editor\" data-id=\"d0460df\" data-element_type=\"widget\" data-e-type=\"widget\" data-widget_type=\"text-editor.default\">\n\t\t\t\t\t\t\t\t\t<p>&#8220;La aspiraci\u00f3n a futuro es que los campesinos cultiven y recolecten por variedades espec\u00edficas, locales, pero bien definidas. Pero esto lleva tiempo, porque se debe ense\u00f1ar. Tengo un amigo, que trabaj\u00f3 por 13 a\u00f1os en la Asociaci\u00f3n Nacional del Caf\u00e9, agr\u00f3nomo, que trabaja en Atitl\u00e1n, quien&nbsp; vendr\u00e1 y explicar\u00e1 a la gente las variedades de caf\u00e9 que tiene&#8221;.&nbsp;<\/p>\n<p>&#8220;Deben aprender sobre la composici\u00f3n de suelo, los tipos de \u00e1rbolees de sombra, como mantener y podar el cafeto para una mejor cosecha. Aqu\u00ed en Momostip\u00e1n vamos a dar esa capacitaci\u00f3n y tambi\u00e9n iremos a los terrenos&#8221;, agrega el migrante \u00c1ngel Ambrocio acerca de su visi\u00f3n sobre este caf\u00e9 de Guatemala.&nbsp;<\/p>\n<p><br><\/p>\t\t\t\t\t\t\t\t<\/div>\n\t\t\t\t\t<\/div>\n\t\t<\/div>\n\t\t\t\t\t<\/div>\n\t\t<\/section>\n\t\t\t\t<section data-particle_enable=\"false\" data-particle-mobile-disabled=\"false\" class=\"elementor-section elementor-top-section elementor-element elementor-element-d0df136 elementor-section-boxed elementor-section-height-default elementor-section-height-default\" data-id=\"d0df136\" data-element_type=\"section\" data-e-type=\"section\">\n\t\t\t\t\t\t<div class=\"elementor-container elementor-column-gap-default\">\n\t\t\t\t\t<div class=\"elementor-column elementor-col-100 elementor-top-column elementor-element elementor-element-60c5322\" data-id=\"60c5322\" data-element_type=\"column\" data-e-type=\"column\">\n\t\t\t<div class=\"elementor-widget-wrap elementor-element-populated\">\n\t\t\t\t\t\t<div class=\"elementor-element elementor-element-d3bc5a2 elementor-widget elementor-widget-heading\" data-id=\"d3bc5a2\" data-element_type=\"widget\" data-e-type=\"widget\" data-widget_type=\"heading.default\">\n\t\t\t\t\t<h3 class=\"elementor-heading-title elementor-size-default\">Rostros y manos laboriosas<\/h3>\t\t\t\t<\/div>\n\t\t\t\t\t<\/div>\n\t\t<\/div>\n\t\t\t\t\t<\/div>\n\t\t<\/section>\n\t\t\t\t<section data-particle_enable=\"false\" data-particle-mobile-disabled=\"false\" class=\"elementor-section elementor-top-section elementor-element elementor-element-571d878 elementor-section-boxed elementor-section-height-default elementor-section-height-default\" data-id=\"571d878\" data-element_type=\"section\" data-e-type=\"section\">\n\t\t\t\t\t\t<div class=\"elementor-container elementor-column-gap-default\">\n\t\t\t\t\t<div class=\"elementor-column elementor-col-100 elementor-top-column elementor-element elementor-element-05de30a\" data-id=\"05de30a\" data-element_type=\"column\" data-e-type=\"column\">\n\t\t\t<div class=\"elementor-widget-wrap elementor-element-populated\">\n\t\t\t\t\t\t<div class=\"elementor-element elementor-element-5353494 elementor-arrows-position-inside elementor-pagination-position-outside elementor-widget elementor-widget-image-carousel\" data-id=\"5353494\" data-element_type=\"widget\" data-e-type=\"widget\" data-settings=\"{&quot;slides_to_show&quot;:&quot;1&quot;,&quot;navigation&quot;:&quot;both&quot;,&quot;autoplay&quot;:&quot;yes&quot;,&quot;pause_on_hover&quot;:&quot;yes&quot;,&quot;pause_on_interaction&quot;:&quot;yes&quot;,&quot;autoplay_speed&quot;:5000,&quot;infinite&quot;:&quot;yes&quot;,&quot;effect&quot;:&quot;slide&quot;,&quot;speed&quot;:500}\" data-widget_type=\"image-carousel.default\">\n\t\t\t\t\t\t\t<div class=\"elementor-image-carousel-wrapper swiper\" role=\"region\" aria-roledescription=\"carousel\" aria-label=\"Carrusel de im\u00e1genes\" dir=\"ltr\">\n\t\t\t<div class=\"elementor-image-carousel swiper-wrapper\" aria-live=\"off\">\n\t\t\t\t\t\t\t\t<div class=\"swiper-slide\" role=\"group\" aria-roledescription=\"slide\" aria-label=\"1 de 5\"><a data-elementor-open-lightbox=\"yes\" data-elementor-lightbox-slideshow=\"5353494\" data-elementor-lightbox-title=\"De las alturas monta\u00f1osas de Momostenango, a m\u00e1s de 2 mil metros de altura, surge un caf\u00e9 de singular sabor, con notas de chocolate amargo y un aroma que conquista. Disponible ahora a trav\u00e9s de Alma del Caf\u00e9 de Momostenango. (Foto Marcos Z\u00e1rate)\" data-elementor-lightbox-description=\"De las alturas monta\u00f1osas de Momostenango, a m\u00e1s de 2 mil metros de altura, surge un caf\u00e9 de singular sabor, con notas de chocolate amargo y un aroma que conquista. Disponible ahora a trav\u00e9s de Alma del Caf\u00e9 de Momostenango. (Foto Marcos Z\u00e1rate)\" data-e-action-hash=\"#elementor-action%3Aaction%3Dlightbox%26settings%3DeyJpZCI6NTUxMCwidXJsIjoiaHR0cHM6XC9cL3NveW1pZ3JhbnRlLmNvbVwvcmV2aXN0YVwvd3AtY29udGVudFwvdXBsb2Fkc1wvMjAyNFwvMDNcL2Zkc2Zlc3Jld3JlLndlYnAiLCJzbGlkZXNob3ciOiI1MzUzNDk0In0%3D\" href=\"https:\/\/soymigrante.com\/revista\/wp-content\/uploads\/2024\/03\/fdsfesrewre.webp\"><figure class=\"swiper-slide-inner\"><img decoding=\"async\" class=\"swiper-slide-image\" src=\"https:\/\/soymigrante.com\/revista\/wp-content\/uploads\/2024\/03\/fdsfesrewre-1024x657.webp\" alt=\"De las alturas monta\u00f1osas de Momostenango, a m\u00e1s de 2 mil metros de altura, surge un caf\u00e9 de singular sabor, con notas de chocolate amargo y un aroma que conquista. Disponible ahora a trav\u00e9s de Alma del Caf\u00e9 de Momostenango. (Foto Marcos Z\u00e1rate)\" \/><figcaption class=\"elementor-image-carousel-caption\">De las alturas monta\u00f1osas de Momostenango, a m\u00e1s de 2 mil metros de altura, surge un caf\u00e9 de singular sabor, con notas de chocolate amargo y un aroma que conquista. Disponible ahora a trav\u00e9s de Alma del Caf\u00e9 de Momostenango. (Foto Marcos Z\u00e1rate)<\/figcaption><\/figure><\/a><\/div><div class=\"swiper-slide\" role=\"group\" aria-roledescription=\"slide\" aria-label=\"2 de 5\"><a data-elementor-open-lightbox=\"yes\" data-elementor-lightbox-slideshow=\"5353494\" data-elementor-lightbox-title=\"Mart\u00edn Ramos es uno de los caficultores artesanales que ya participan en el programa impulsado por Momostip\u00e1n a trav\u00e9s del Alma del Caf\u00e9 de Momostenango (Fotograf\u00eda Marcos Z\u00e1rate)\" data-elementor-lightbox-description=\"Mart\u00edn Ramos es uno de los caficultores artesanales que ya participan en el programa impulsado por Momostip\u00e1n a trav\u00e9s del Alma del Caf\u00e9 de Momostenango (Fotograf\u00eda Marcos Z\u00e1rate)\" data-e-action-hash=\"#elementor-action%3Aaction%3Dlightbox%26settings%3DeyJpZCI6NTUxMSwidXJsIjoiaHR0cHM6XC9cL3NveW1pZ3JhbnRlLmNvbVwvcmV2aXN0YVwvd3AtY29udGVudFwvdXBsb2Fkc1wvMjAyNFwvMDNcL2ZkZmRmLndlYnAiLCJzbGlkZXNob3ciOiI1MzUzNDk0In0%3D\" href=\"https:\/\/soymigrante.com\/revista\/wp-content\/uploads\/2024\/03\/fdfdf.webp\"><figure class=\"swiper-slide-inner\"><img decoding=\"async\" class=\"swiper-slide-image\" src=\"https:\/\/soymigrante.com\/revista\/wp-content\/uploads\/2024\/03\/fdfdf-1024x679.webp\" alt=\"Mart\u00edn Ramos es uno de los caficultores artesanales que ya participan en el programa impulsado por Momostip\u00e1n a trav\u00e9s del Alma del Caf\u00e9 de Momostenango (Fotograf\u00eda Marcos Z\u00e1rate)\" \/><figcaption class=\"elementor-image-carousel-caption\">Mart\u00edn Ramos es uno de los caficultores artesanales que ya participan en el programa impulsado por Momostip\u00e1n a trav\u00e9s del Alma del Caf\u00e9 de Momostenango (Fotograf\u00eda Marcos Z\u00e1rate)<\/figcaption><\/figure><\/a><\/div><div class=\"swiper-slide\" role=\"group\" aria-roledescription=\"slide\" aria-label=\"3 de 5\"><a data-elementor-open-lightbox=\"yes\" data-elementor-lightbox-slideshow=\"5353494\" data-elementor-lightbox-title=\"Esas manos campesinas que llevan a\u00f1os de cultivar y cosechar este exquisito grano, merec\u00edan la oportunidad de ver su producto procesado, tostado y molido bajo una marca de regi\u00f3n que les distinguiera. Este es el sue\u00f1o del migrante Angel Ambrocio a trav\u00e9s de Momostip\u00e1n Caf\u00e9, (Foto Marcos Z\u00e1rate)\" data-elementor-lightbox-description=\"Esas manos campesinas que llevan a\u00f1os de cultivar y cosechar este exquisito grano, merec\u00edan la oportunidad de ver su producto procesado, tostado y molido bajo una marca de regi\u00f3n que les distinguiera. Este es el sue\u00f1o del migrante Angel Ambrocio a trav\u00e9s de Momostip\u00e1n Caf\u00e9, (Foto Marcos Z\u00e1rate)\" data-e-action-hash=\"#elementor-action%3Aaction%3Dlightbox%26settings%3DeyJpZCI6NTUxMiwidXJsIjoiaHR0cHM6XC9cL3NveW1pZ3JhbnRlLmNvbVwvcmV2aXN0YVwvd3AtY29udGVudFwvdXBsb2Fkc1wvMjAyNFwvMDNcL0NhcHR1cmEtZGUtcGFudGFsbGEtMjAyNC0wMy0xOS0wOTM3NDcud2VicCIsInNsaWRlc2hvdyI6IjUzNTM0OTQifQ%3D%3D\" href=\"https:\/\/soymigrante.com\/revista\/wp-content\/uploads\/2024\/03\/Captura-de-pantalla-2024-03-19-093747.webp\"><figure class=\"swiper-slide-inner\"><img decoding=\"async\" class=\"swiper-slide-image\" src=\"https:\/\/soymigrante.com\/revista\/wp-content\/uploads\/2024\/03\/Captura-de-pantalla-2024-03-19-093747-1024x589.webp\" alt=\"Esas manos campesinas que llevan a\u00f1os de cultivar y cosechar este exquisito grano, merec\u00edan la oportunidad de ver su producto procesado, tostado y molido bajo una marca de regi\u00f3n que les distinguiera. Este es el sue\u00f1o del migrante Angel Ambrocio a trav\u00e9s de Momostip\u00e1n Caf\u00e9, (Foto Marcos Z\u00e1rate)\" \/><figcaption class=\"elementor-image-carousel-caption\">Esas manos campesinas que llevan a\u00f1os de cultivar y cosechar este exquisito grano, merec\u00edan la oportunidad de ver su producto procesado, tostado y molido bajo una marca de regi\u00f3n que les distinguiera. Este es el sue\u00f1o del migrante Angel Ambrocio a trav\u00e9s de Momostip\u00e1n Caf\u00e9, (Foto Marcos Z\u00e1rate)<\/figcaption><\/figure><\/a><\/div><div class=\"swiper-slide\" role=\"group\" aria-roledescription=\"slide\" aria-label=\"4 de 5\"><a data-elementor-open-lightbox=\"yes\" data-elementor-lightbox-slideshow=\"5353494\" data-elementor-lightbox-title=\"Las mujeres momostecas como Herlinda Cuyuch tambi\u00e9n le ponen las manos y el coraz\u00f3n al cultivo del caf\u00e9, que ahora contar\u00e1 con asesor\u00eda para la mejora constante gracias a la convicci\u00f3n del migrante Angel Ambrocio, de Momostip\u00e1n. (Foto Marcos Z\u00e1rate)\" data-elementor-lightbox-description=\"Las mujeres momostecas como Herlinda Cuyuch tambi\u00e9n le ponen las manos y el coraz\u00f3n al cultivo del caf\u00e9, que ahora contar\u00e1 con asesor\u00eda para la mejora constante gracias a la convicci\u00f3n del migrante Angel Ambrocio, de Momostip\u00e1n. (Foto Marcos Z\u00e1rate)\" data-e-action-hash=\"#elementor-action%3Aaction%3Dlightbox%26settings%3DeyJpZCI6NTUxMywidXJsIjoiaHR0cHM6XC9cL3NveW1pZ3JhbnRlLmNvbVwvcmV2aXN0YVwvd3AtY29udGVudFwvdXBsb2Fkc1wvMjAyNFwvMDNcL0NhcHR1cmEtZGUtcGFudGFsbGEtMjAyNC0wMy0xOS0wOTM2MTgud2VicCIsInNsaWRlc2hvdyI6IjUzNTM0OTQifQ%3D%3D\" href=\"https:\/\/soymigrante.com\/revista\/wp-content\/uploads\/2024\/03\/Captura-de-pantalla-2024-03-19-093618.webp\"><figure class=\"swiper-slide-inner\"><img decoding=\"async\" class=\"swiper-slide-image\" src=\"https:\/\/soymigrante.com\/revista\/wp-content\/uploads\/2024\/03\/Captura-de-pantalla-2024-03-19-093618-1024x668.webp\" alt=\"Las mujeres momostecas como Herlinda Cuyuch tambi\u00e9n le ponen las manos y el coraz\u00f3n al cultivo del caf\u00e9, que ahora contar\u00e1 con asesor\u00eda para la mejora constante gracias a la convicci\u00f3n del migrante Angel Ambrocio, de Momostip\u00e1n. (Foto Marcos Z\u00e1rate)\" \/><figcaption class=\"elementor-image-carousel-caption\">Las mujeres momostecas como Herlinda Cuyuch tambi\u00e9n le ponen las manos y el coraz\u00f3n al cultivo del caf\u00e9, que ahora contar\u00e1 con asesor\u00eda para la mejora constante gracias a la convicci\u00f3n del migrante Angel Ambrocio, de Momostip\u00e1n. (Foto Marcos Z\u00e1rate)<\/figcaption><\/figure><\/a><\/div><div class=\"swiper-slide\" role=\"group\" aria-roledescription=\"slide\" aria-label=\"5 de 5\"><a data-elementor-open-lightbox=\"yes\" data-elementor-lightbox-slideshow=\"5353494\" data-elementor-lightbox-title=\"Miguel Ajanel, caficultor de Momostenango, tiene dentro de sus plantaciones una variedad de grano amarillo, muy rara y exclusiva de Momostenango. (Foto Marcos Z\u00e1rate)\" data-e-action-hash=\"#elementor-action%3Aaction%3Dlightbox%26settings%3DeyJpZCI6NTUxNCwidXJsIjoiaHR0cHM6XC9cL3NveW1pZ3JhbnRlLmNvbVwvcmV2aXN0YVwvd3AtY29udGVudFwvdXBsb2Fkc1wvMjAyNFwvMDNcL0NhcHR1cmEtZGUtcGFudGFsbGEtMjAyNC0wMy0xOS0wOTM1NTUud2VicCIsInNsaWRlc2hvdyI6IjUzNTM0OTQifQ%3D%3D\" href=\"https:\/\/soymigrante.com\/revista\/wp-content\/uploads\/2024\/03\/Captura-de-pantalla-2024-03-19-093555.webp\"><figure class=\"swiper-slide-inner\"><img decoding=\"async\" class=\"swiper-slide-image\" src=\"https:\/\/soymigrante.com\/revista\/wp-content\/uploads\/2024\/03\/Captura-de-pantalla-2024-03-19-093555-1024x690.webp\" alt=\"Miguel Ajanel, caficultor de Momostenango, tiene dentro de sus plantaciones una variedad de grano amarillo, muy rara y exclusiva de Momostenango. (Foto Marcos Z\u00e1rate)\" \/><figcaption class=\"elementor-image-carousel-caption\">Miguel Ajanel, caficultor de Momostenango, tiene dentro de sus plantaciones una variedad de grano amarillo, muy rara y exclusiva de Momostenango. (Foto Marcos Z\u00e1rate)<\/figcaption><\/figure><\/a><\/div>\t\t\t<\/div>\n\t\t\t\t\t\t\t\t\t\t\t\t<div class=\"elementor-swiper-button elementor-swiper-button-prev\" role=\"button\" tabindex=\"0\">\n\t\t\t\t\t\t<i aria-hidden=\"true\" class=\"eicon-chevron-left\"><\/i>\t\t\t\t\t<\/div>\n\t\t\t\t\t<div class=\"elementor-swiper-button elementor-swiper-button-next\" role=\"button\" tabindex=\"0\">\n\t\t\t\t\t\t<i aria-hidden=\"true\" class=\"eicon-chevron-right\"><\/i>\t\t\t\t\t<\/div>\n\t\t\t\t\n\t\t\t\t\t\t\t\t\t<div class=\"swiper-pagination\"><\/div>\n\t\t\t\t\t\t\t\t\t<\/div>\n\t\t\t\t\t\t<\/div>\n\t\t\t\t\t<\/div>\n\t\t<\/div>\n\t\t\t\t\t<\/div>\n\t\t<\/section>\n\t\t\t\t<section data-particle_enable=\"false\" data-particle-mobile-disabled=\"false\" class=\"elementor-section elementor-top-section elementor-element elementor-element-116f5eb elementor-section-boxed elementor-section-height-default elementor-section-height-default\" data-id=\"116f5eb\" data-element_type=\"section\" data-e-type=\"section\">\n\t\t\t\t\t\t<div class=\"elementor-container elementor-column-gap-default\">\n\t\t\t\t\t<div class=\"elementor-column elementor-col-100 elementor-top-column elementor-element elementor-element-c01362e\" data-id=\"c01362e\" data-element_type=\"column\" data-e-type=\"column\">\n\t\t\t<div class=\"elementor-widget-wrap elementor-element-populated\">\n\t\t\t\t\t\t<div class=\"elementor-element elementor-element-c044b83 elementor-headline--style-highlight elementor-widget elementor-widget-animated-headline\" data-id=\"c044b83\" data-element_type=\"widget\" data-e-type=\"widget\" data-settings=\"{&quot;marker&quot;:&quot;underline_zigzag&quot;,&quot;highlighted_text&quot;:&quot;el trabajo de los campesinos locales\\&quot;&quot;,&quot;headline_style&quot;:&quot;highlight&quot;,&quot;loop&quot;:&quot;yes&quot;,&quot;highlight_animation_duration&quot;:1200,&quot;highlight_iteration_delay&quot;:8000}\" data-widget_type=\"animated-headline.default\">\n\t\t\t\t\t\t\t<h3 class=\"elementor-headline\">\n\t\t\t\t\t<span class=\"elementor-headline-plain-text elementor-headline-text-wrapper\">\"Este caf\u00e9 tiene el alma de Momostenango porque valora el suelo, la altura pero sobre todo<\/span>\n\t\t\t\t<span class=\"elementor-headline-dynamic-wrapper elementor-headline-text-wrapper\">\n\t\t\t\t\t<span class=\"elementor-headline-dynamic-text elementor-headline-text-active\">el trabajo de los campesinos locales\"<\/span>\n\t\t\t\t<\/span>\n\t\t\t\t<\/h3>\n\t\t\t\t\t\t<\/div>\n\t\t\t\t\t<\/div>\n\t\t<\/div>\n\t\t\t\t\t<\/div>\n\t\t<\/section>\n\t\t\t\t<section data-particle_enable=\"false\" data-particle-mobile-disabled=\"false\" class=\"elementor-section elementor-top-section elementor-element elementor-element-7e208cf elementor-section-boxed elementor-section-height-default elementor-section-height-default\" data-id=\"7e208cf\" data-element_type=\"section\" data-e-type=\"section\">\n\t\t\t\t\t\t<div class=\"elementor-container elementor-column-gap-default\">\n\t\t\t\t\t<div class=\"elementor-column elementor-col-100 elementor-top-column elementor-element elementor-element-5343284\" data-id=\"5343284\" data-element_type=\"column\" data-e-type=\"column\">\n\t\t\t<div class=\"elementor-widget-wrap elementor-element-populated\">\n\t\t\t\t\t\t<div class=\"elementor-element elementor-element-611669f elementor-widget elementor-widget-text-editor\" data-id=\"611669f\" data-element_type=\"widget\" data-e-type=\"widget\" data-widget_type=\"text-editor.default\">\n\t\t\t\t\t\t\t\t\t<p><span style=\"color: var( --e-global-color-text );\">&#8220;Momos es monta\u00f1a, igual que Huehuetenango, pero su suelo genera un sabor singular, que es el que estamos poniendo en valor. En estos 4 a\u00f1os se ha ido afinando la entrega del caf\u00e9&#8221;, agrega Ambrocio, quien recuerda que <a href=\"https:\/\/soymigrante.com\/revista\/poeta-maya-kiche-migrante-humberto-akabal-fallecio-2019\/\">el fallecido poeta Humberto Ak&#8217;abal siempre le comentaba la necesidad de impulsar ese grano local.<\/a><\/span><\/p><p><span style=\"color: var( --e-global-color-text );\">&#8220;En 2024 hemos recibido buena calidad, tanto as\u00ed que vamos a distribuir dos lotes experimentales, porque los vamos a vender no solo como bebida sino tambi\u00e9n a trav\u00e9s de masa de chuchitos. Existe una variedad de caf\u00e9 de cereza amarilla, \u00fanico de la regi\u00f3n. Este lanzamiento est\u00e1 previsto para junio pr\u00f3ximo, cuando Momostip\u00e1n cumpla su d\u00e9cimo aniversario&#8221;, agrega\u00a0 el emprendedor y promotor del desarrollo del caficultor local.<\/span><\/p><div>\u00a0<\/div>\t\t\t\t\t\t\t\t<\/div>\n\t\t\t\t\t<\/div>\n\t\t<\/div>\n\t\t\t\t\t<\/div>\n\t\t<\/section>\n\t\t\t\t<section data-particle_enable=\"false\" data-particle-mobile-disabled=\"false\" class=\"elementor-section elementor-top-section elementor-element elementor-element-fb05b0c elementor-section-boxed elementor-section-height-default elementor-section-height-default\" data-id=\"fb05b0c\" data-element_type=\"section\" data-e-type=\"section\">\n\t\t\t\t\t\t<div class=\"elementor-container elementor-column-gap-default\">\n\t\t\t\t\t<div class=\"elementor-column elementor-col-100 elementor-top-column elementor-element elementor-element-55ec61c\" data-id=\"55ec61c\" data-element_type=\"column\" data-e-type=\"column\">\n\t\t\t<div class=\"elementor-widget-wrap elementor-element-populated\">\n\t\t\t\t\t\t<div class=\"elementor-element elementor-element-fa70b90 elementor-widget elementor-widget-image\" data-id=\"fa70b90\" data-element_type=\"widget\" data-e-type=\"widget\" data-widget_type=\"image.default\">\n\t\t\t\t\t\t\t\t\t\t\t\t<figure class=\"wp-caption\">\n\t\t\t\t\t\t\t\t\t\t<img decoding=\"async\" width=\"768\" height=\"425\" src=\"https:\/\/soymigrante.com\/revista\/wp-content\/uploads\/2024\/03\/Captura-de-pantalla-2024-03-19-093530-1024x566.webp\" class=\"attachment-large size-large wp-image-5515\" alt=\"El objetivo del proyecto Alma del Caf\u00e9 de Momostenango, impulsado por \u00c1ngel Ambrocio, fundador de Momostip\u00e1n, es potenciar el desarrollo de las comunidades, respetando su cultura y recursos, a la vez que valorando el suelo y el sabor del grano resultante. (Foto dron Marcos Zarate)\" srcset=\"https:\/\/soymigrante.com\/revista\/wp-content\/uploads\/2024\/03\/Captura-de-pantalla-2024-03-19-093530-1024x566.webp 1024w, https:\/\/soymigrante.com\/revista\/wp-content\/uploads\/2024\/03\/Captura-de-pantalla-2024-03-19-093530-300x166.webp 300w, https:\/\/soymigrante.com\/revista\/wp-content\/uploads\/2024\/03\/Captura-de-pantalla-2024-03-19-093530-768x425.webp 768w, https:\/\/soymigrante.com\/revista\/wp-content\/uploads\/2024\/03\/Captura-de-pantalla-2024-03-19-093530-1536x849.webp 1536w, https:\/\/soymigrante.com\/revista\/wp-content\/uploads\/2024\/03\/Captura-de-pantalla-2024-03-19-093530-750x415.webp 750w, https:\/\/soymigrante.com\/revista\/wp-content\/uploads\/2024\/03\/Captura-de-pantalla-2024-03-19-093530-1140x630.webp 1140w, https:\/\/soymigrante.com\/revista\/wp-content\/uploads\/2024\/03\/Captura-de-pantalla-2024-03-19-093530.webp 1570w\" sizes=\"(max-width: 768px) 100vw, 768px\" title=\"El objetivo del proyecto Alma del Caf\u00e9 de Momostenango, impulsado por \u00c1ngel Ambrocio, fundador de Momostip\u00e1n, es potenciar el desarrollo de las comunidades, respetando su cultura y recursos, a la vez que valorando el suelo y el sabor del grano resultante. (Foto dron Marcos Zarate) \u2013 SoyMigrante.com REVISTA\" \/>\t\t\t\t\t\t\t\t\t\t\t<figcaption class=\"widget-image-caption wp-caption-text\">El objetivo del proyecto Alma del Caf\u00e9 de Momostenango, impulsado por \u00c1ngel Ambrocio, fundador de Momostip\u00e1n, es potenciar el desarrollo de las comunidades, respetando su cultura y recursos, a la vez que valorando el suelo y el sabor del grano resultante. (Foto dron Marcos Zarate)<\/figcaption>\n\t\t\t\t\t\t\t\t\t\t<\/figure>\n\t\t\t\t\t\t\t\t\t<\/div>\n\t\t\t\t\t<\/div>\n\t\t<\/div>\n\t\t\t\t\t<\/div>\n\t\t<\/section>\n\t\t\t\t<section data-particle_enable=\"false\" data-particle-mobile-disabled=\"false\" class=\"elementor-section elementor-top-section elementor-element elementor-element-5de571f elementor-section-boxed elementor-section-height-default elementor-section-height-default\" data-id=\"5de571f\" data-element_type=\"section\" data-e-type=\"section\">\n\t\t\t\t\t\t<div class=\"elementor-container elementor-column-gap-default\">\n\t\t\t\t\t<div class=\"elementor-column elementor-col-100 elementor-top-column elementor-element elementor-element-e9e5cd8\" data-id=\"e9e5cd8\" data-element_type=\"column\" data-e-type=\"column\">\n\t\t\t<div class=\"elementor-widget-wrap elementor-element-populated\">\n\t\t\t\t\t\t<div class=\"elementor-element elementor-element-afcf3ef elementor-widget elementor-widget-heading\" data-id=\"afcf3ef\" data-element_type=\"widget\" data-e-type=\"widget\" data-widget_type=\"heading.default\">\n\t\t\t\t\t<h2 class=\"elementor-heading-title elementor-size-default\">Para que se antoje: \u00bfA qu\u00e9 sabe este caf\u00e9?<\/h2>\t\t\t\t<\/div>\n\t\t\t\t\t<\/div>\n\t\t<\/div>\n\t\t\t\t\t<\/div>\n\t\t<\/section>\n\t\t\t\t<section data-particle_enable=\"false\" data-particle-mobile-disabled=\"false\" class=\"elementor-section elementor-top-section elementor-element elementor-element-a5b33b9 elementor-section-boxed elementor-section-height-default elementor-section-height-default\" data-id=\"a5b33b9\" data-element_type=\"section\" data-e-type=\"section\">\n\t\t\t\t\t\t<div class=\"elementor-container elementor-column-gap-default\">\n\t\t\t\t\t<div class=\"elementor-column elementor-col-100 elementor-top-column elementor-element elementor-element-9272007\" data-id=\"9272007\" data-element_type=\"column\" data-e-type=\"column\">\n\t\t\t<div class=\"elementor-widget-wrap elementor-element-populated\">\n\t\t\t\t\t\t<div class=\"elementor-element elementor-element-886880b elementor-widget elementor-widget-text-editor\" data-id=\"886880b\" data-element_type=\"widget\" data-e-type=\"widget\" data-widget_type=\"text-editor.default\">\n\t\t\t\t\t\t\t\t\t<p><span style=\"color: var( --e-global-color-text );\">El caf\u00e9 de Momostenango sabe a un suelo de altura y bosque. el barista y emprendedor migrante Angel Ambrocio lo describe as\u00ed:<\/span><\/p><p><span style=\"color: var( --e-global-color-text );\">\u00a0&#8220;Este caf\u00e9 viene de una tierra incre\u00edblemente generosa, tipo bocacosta pero del lado de la monta\u00f1a. Al probarlo hay algo \u00fanico en su aroma, con un toque de chocolate amargo que se percibe y una acidez muy singular&#8221;. Y lo dice a base de haber catado decenas de caf\u00e9s de todo el pa\u00eds. &#8220;Todos excelentes. Guatemala tiene grandes caf\u00e9s, pero el de Momostenango a\u00fan es poco conocido&#8221;.<\/span><\/p><p>De hecho en una reciente competencia de baristas efectuada en Quetzaltenango, Angel Ambrocio llev\u00f3 a su hijo y a un sobrino, que ya est\u00e1n aprendiendo el arte de esta bebida arom\u00e1tica.\u00a0<\/p><p>&#8220;En lugar de mandar a traer caf\u00e9 de otras regiones, llevamos una muestra de caf\u00e9 momosteco seleccionado y tostado por nosotros. Quer\u00edamos ver su potencial. Quedamos a la mitad de la tabla y eso fue una buena noticia, porque compet\u00edamos contra granos gurmet, de exportaci\u00f3n y alt\u00edsima calidad. As\u00ed que debemos seguir trabajando en el proceso&#8221;.\u00a0<\/p><div>\u00a0<\/div>\t\t\t\t\t\t\t\t<\/div>\n\t\t\t\t\t<\/div>\n\t\t<\/div>\n\t\t\t\t\t<\/div>\n\t\t<\/section>\n\t\t\t\t<section data-particle_enable=\"false\" data-particle-mobile-disabled=\"false\" class=\"elementor-section elementor-top-section elementor-element elementor-element-20d321b elementor-section-boxed elementor-section-height-default elementor-section-height-default\" data-id=\"20d321b\" data-element_type=\"section\" data-e-type=\"section\">\n\t\t\t\t\t\t<div class=\"elementor-container elementor-column-gap-default\">\n\t\t\t\t\t<div class=\"elementor-column elementor-col-100 elementor-top-column elementor-element elementor-element-76e15ba\" data-id=\"76e15ba\" data-element_type=\"column\" data-e-type=\"column\">\n\t\t\t<div class=\"elementor-widget-wrap elementor-element-populated\">\n\t\t\t\t\t\t<div class=\"elementor-element elementor-element-ba455e5 elementor-widget elementor-widget-facebook-embed\" data-id=\"ba455e5\" data-element_type=\"widget\" data-e-type=\"widget\" data-widget_type=\"facebook-embed.default\">\n\t\t\t\t\t<div style=\"min-height: 1px\" class=\"elementor-facebook-widget fb-video\" data-href=\"https:\/\/www.facebook.com\/Momostipan\/videos\/1268162823895991\" data-show-text=\"false\" data-allowfullscreen=\"false\" data-autoplay=\"true\" data-show-captions=\"false\"><\/div>\t\t\t\t<\/div>\n\t\t\t\t\t<\/div>\n\t\t<\/div>\n\t\t\t\t\t<\/div>\n\t\t<\/section>\n\t\t\t\t<section data-particle_enable=\"false\" data-particle-mobile-disabled=\"false\" class=\"elementor-section elementor-top-section elementor-element elementor-element-8c48acf elementor-section-boxed elementor-section-height-default elementor-section-height-default\" data-id=\"8c48acf\" data-element_type=\"section\" data-e-type=\"section\">\n\t\t\t\t\t\t<div class=\"elementor-container elementor-column-gap-default\">\n\t\t\t\t\t<div class=\"elementor-column elementor-col-100 elementor-top-column elementor-element elementor-element-bc679aa\" data-id=\"bc679aa\" data-element_type=\"column\" data-e-type=\"column\">\n\t\t\t<div class=\"elementor-widget-wrap elementor-element-populated\">\n\t\t\t\t\t\t<div class=\"elementor-element elementor-element-95d51d0 elementor-widget elementor-widget-heading\" data-id=\"95d51d0\" data-element_type=\"widget\" data-e-type=\"widget\" data-widget_type=\"heading.default\">\n\t\t\t\t\t<h2 class=\"elementor-heading-title elementor-size-default\">Alma de Momostenango ya rebasa fronteras<\/h2>\t\t\t\t<\/div>\n\t\t\t\t\t<\/div>\n\t\t<\/div>\n\t\t\t\t\t<\/div>\n\t\t<\/section>\n\t\t\t\t<section data-particle_enable=\"false\" data-particle-mobile-disabled=\"false\" class=\"elementor-section elementor-top-section elementor-element elementor-element-0fa9835 elementor-section-boxed elementor-section-height-default elementor-section-height-default\" data-id=\"0fa9835\" data-element_type=\"section\" data-e-type=\"section\">\n\t\t\t\t\t\t<div class=\"elementor-container elementor-column-gap-default\">\n\t\t\t\t\t<div class=\"elementor-column elementor-col-100 elementor-top-column elementor-element elementor-element-b5266b6\" data-id=\"b5266b6\" data-element_type=\"column\" data-e-type=\"column\">\n\t\t\t<div class=\"elementor-widget-wrap elementor-element-populated\">\n\t\t\t\t\t\t<div class=\"elementor-element elementor-element-1eb1c78 elementor-widget elementor-widget-text-editor\" data-id=\"1eb1c78\" data-element_type=\"widget\" data-e-type=\"widget\" data-widget_type=\"text-editor.default\">\n\t\t\t\t\t\t\t\t\t<p><span style=\"color: var( --e-global-color-text );\">Mientras tanto, para toda persona que desee disfrutar un buen caf\u00e9,\u00a0 dentro o fuera de Guatemala, Alma de Momostenango est\u00e1 disponible en el caf\u00e9 Momostip\u00e1n y pueden hacer env\u00edos a \u00e1reas cercanas.<a href=\"https:\/\/www.facebook.com\/Momostipan\"> Se les puede contactar a trav\u00e9s de su sitio de Facebook.<\/a><\/span><\/p><p>&#8220;Sabemos que muchas libras de nuestro caf\u00e9 se han ido a Estados Unidos, y tambi\u00e9n a otros pa\u00edses. Son guatemaltecos que lo piden a sus familiares, ellos se los consiguen y env\u00edan. Apenas estamos empezando pero empezamos bien, sobre todo porque este \u00e9xito tambi\u00e9n beneficia a las familias campesinas que cuidan a diario sus plantas y que ahora buscan una calidad cada vez mayor y tambi\u00e9n un beneficio econ\u00f3mico para bienestar y desarrollo de sus familias&#8221;.<\/p><div>\u00a0<\/div>\t\t\t\t\t\t\t\t<\/div>\n\t\t\t\t\t<\/div>\n\t\t<\/div>\n\t\t\t\t\t<\/div>\n\t\t<\/section>\n\t\t\t\t<section data-particle_enable=\"false\" data-particle-mobile-disabled=\"false\" class=\"elementor-section elementor-top-section elementor-element elementor-element-166c3d2 elementor-section-boxed elementor-section-height-default elementor-section-height-default\" data-id=\"166c3d2\" data-element_type=\"section\" data-e-type=\"section\">\n\t\t\t\t\t\t<div class=\"elementor-container elementor-column-gap-default\">\n\t\t\t\t\t<div class=\"elementor-column elementor-col-100 elementor-top-column elementor-element elementor-element-afc1b64\" data-id=\"afc1b64\" data-element_type=\"column\" data-e-type=\"column\">\n\t\t\t<div class=\"elementor-widget-wrap elementor-element-populated\">\n\t\t\t\t\t\t<div class=\"elementor-element elementor-element-4f77036 elementor-widget elementor-widget-image\" data-id=\"4f77036\" data-element_type=\"widget\" data-e-type=\"widget\" data-widget_type=\"image.default\">\n\t\t\t\t\t\t\t\t\t\t\t\t<figure class=\"wp-caption\">\n\t\t\t\t\t\t\t\t\t\t<img loading=\"lazy\" decoding=\"async\" width=\"768\" height=\"511\" src=\"https:\/\/soymigrante.com\/revista\/wp-content\/uploads\/2024\/03\/cafe-manos-1024x681.webp\" class=\"attachment-large size-large wp-image-5516\" alt=\"Esta exquisita variedad de caf\u00e9 en cereza amarilla es una exquisitez que Momostip\u00e1n lanzar\u00e1 en una edici\u00f3n especial durante su d\u00e9cimo aniversario, en junio pr\u00f3ximo. Detr\u00e1s de su brillo y sabor hay manos trabajadoras, grandes esperanzas y una larga tradici\u00f3n. (Foto Marcos Z\u00e1rate)\" srcset=\"https:\/\/soymigrante.com\/revista\/wp-content\/uploads\/2024\/03\/cafe-manos-1024x681.webp 1024w, https:\/\/soymigrante.com\/revista\/wp-content\/uploads\/2024\/03\/cafe-manos-300x199.webp 300w, https:\/\/soymigrante.com\/revista\/wp-content\/uploads\/2024\/03\/cafe-manos-768x510.webp 768w, https:\/\/soymigrante.com\/revista\/wp-content\/uploads\/2024\/03\/cafe-manos-750x498.webp 750w, https:\/\/soymigrante.com\/revista\/wp-content\/uploads\/2024\/03\/cafe-manos-1140x758.webp 1140w, https:\/\/soymigrante.com\/revista\/wp-content\/uploads\/2024\/03\/cafe-manos-600x400.webp 600w, https:\/\/soymigrante.com\/revista\/wp-content\/uploads\/2024\/03\/cafe-manos.webp 1321w\" sizes=\"(max-width: 768px) 100vw, 768px\" title=\"Esta exquisita variedad de caf\u00e9 en cereza amarilla es una exquisitez que Momostip\u00e1n lanzar\u00e1 en una edici\u00f3n especial durante su d\u00e9cimo aniversario, en junio pr\u00f3ximo. Detr\u00e1s de su brillo y sabor hay manos trabajadoras, grandes esperanzas y una larga tradici\u00f3n. (Foto Marcos Z\u00e1rate) \u2013 SoyMigrante.com REVISTA\" \/>\t\t\t\t\t\t\t\t\t\t\t<figcaption class=\"widget-image-caption wp-caption-text\">Esta exquisita variedad de caf\u00e9 en cereza amarilla es una exquisitez que Momostip\u00e1n lanzar\u00e1 en una edici\u00f3n especial durante su d\u00e9cimo aniversario, en junio pr\u00f3ximo. Detr\u00e1s de su brillo y sabor hay manos trabajadoras, grandes esperanzas y una larga tradici\u00f3n. (Foto Marcos Z\u00e1rate)<\/figcaption>\n\t\t\t\t\t\t\t\t\t\t<\/figure>\n\t\t\t\t\t\t\t\t\t<\/div>\n\t\t\t\t\t<\/div>\n\t\t<\/div>\n\t\t\t\t\t<\/div>\n\t\t<\/section>\n\t\t\t\t<section data-particle_enable=\"false\" data-particle-mobile-disabled=\"false\" class=\"elementor-section elementor-top-section elementor-element elementor-element-e1366ce elementor-section-boxed elementor-section-height-default elementor-section-height-default\" data-id=\"e1366ce\" data-element_type=\"section\" data-e-type=\"section\">\n\t\t\t\t\t\t<div class=\"elementor-container elementor-column-gap-default\">\n\t\t\t\t\t<div class=\"elementor-column elementor-col-100 elementor-top-column elementor-element elementor-element-b312b6c\" data-id=\"b312b6c\" data-element_type=\"column\" data-e-type=\"column\">\n\t\t\t<div class=\"elementor-widget-wrap elementor-element-populated\">\n\t\t\t\t\t\t<div class=\"elementor-element elementor-element-74896ef elementor-widget elementor-widget-google_maps\" data-id=\"74896ef\" data-element_type=\"widget\" data-e-type=\"widget\" data-widget_type=\"google_maps.default\">\n\t\t\t\t\t\t\t<div class=\"elementor-custom-embed\">\n\t\t\t<iframe loading=\"lazy\"\n\t\t\t\t\tsrc=\"https:\/\/maps.google.com\/maps?q=momostipan%20cafe&#038;t=m&#038;z=9&#038;output=embed&#038;iwloc=near\"\n\t\t\t\t\ttitle=\"momostipan cafe\"\n\t\t\t\t\taria-label=\"momostipan cafe\"\n\t\t\t><\/iframe>\n\t\t<\/div>\n\t\t\t\t\t\t<\/div>\n\t\t\t\t\t<\/div>\n\t\t<\/div>\n\t\t\t\t\t<\/div>\n\t\t<\/section>\n\t\t\t\t<section data-particle_enable=\"false\" data-particle-mobile-disabled=\"false\" class=\"elementor-section elementor-top-section elementor-element elementor-element-604a5d8 elementor-section-boxed elementor-section-height-default elementor-section-height-default\" data-id=\"604a5d8\" data-element_type=\"section\" data-e-type=\"section\">\n\t\t\t\t\t\t<div class=\"elementor-container elementor-column-gap-default\">\n\t\t\t\t\t<div class=\"elementor-column elementor-col-100 elementor-top-column elementor-element elementor-element-5c393b7\" data-id=\"5c393b7\" data-element_type=\"column\" data-e-type=\"column\">\n\t\t\t<div class=\"elementor-widget-wrap elementor-element-populated\">\n\t\t\t\t\t\t<div class=\"elementor-element elementor-element-3b4f05e elementor-widget-divider--view-line elementor-widget elementor-widget-divider\" data-id=\"3b4f05e\" data-element_type=\"widget\" data-e-type=\"widget\" data-widget_type=\"divider.default\">\n\t\t\t\t\t\t\t<div class=\"elementor-divider\">\n\t\t\t<span class=\"elementor-divider-separator\">\n\t\t\t\t\t\t<\/span>\n\t\t<\/div>\n\t\t\t\t\t\t<\/div>\n\t\t\t\t\t<\/div>\n\t\t<\/div>\n\t\t\t\t\t<\/div>\n\t\t<\/section>\n\t\t\t\t<section data-particle_enable=\"false\" data-particle-mobile-disabled=\"false\" class=\"elementor-section elementor-top-section elementor-element elementor-element-650fd33 elementor-section-boxed elementor-section-height-default elementor-section-height-default\" data-id=\"650fd33\" data-element_type=\"section\" data-e-type=\"section\">\n\t\t\t\t\t\t<div class=\"elementor-container elementor-column-gap-default\">\n\t\t\t\t\t<div class=\"elementor-column elementor-col-100 elementor-top-column elementor-element elementor-element-e4e54c0\" data-id=\"e4e54c0\" data-element_type=\"column\" data-e-type=\"column\">\n\t\t\t<div class=\"elementor-widget-wrap elementor-element-populated\">\n\t\t\t\t\t\t<div class=\"elementor-element elementor-element-3e5d803 elementor-widget__width-initial elementor-widget elementor-widget-heading\" data-id=\"3e5d803\" data-element_type=\"widget\" data-e-type=\"widget\" data-widget_type=\"heading.default\">\n\t\t\t\t\t<h1 class=\"elementor-heading-title elementor-size-default\">M\u00e1s historias migrantes con sabor a buen caf\u00e9 guatemalteco<\/h1>\t\t\t\t<\/div>\n\t\t\t\t\t<\/div>\n\t\t<\/div>\n\t\t\t\t\t<\/div>\n\t\t<\/section>\n\t\t\t\t<section data-particle_enable=\"false\" data-particle-mobile-disabled=\"false\" class=\"elementor-section elementor-top-section elementor-element elementor-element-eb5022e elementor-section-boxed elementor-section-height-default elementor-section-height-default\" data-id=\"eb5022e\" data-element_type=\"section\" data-e-type=\"section\">\n\t\t\t\t\t\t<div class=\"elementor-container elementor-column-gap-default\">\n\t\t\t\t\t<div class=\"elementor-column elementor-col-100 elementor-top-column elementor-element elementor-element-d4e47cc\" data-id=\"d4e47cc\" data-element_type=\"column\" data-e-type=\"column\">\n\t\t\t<div class=\"elementor-widget-wrap elementor-element-populated\">\n\t\t\t\t\t\t<div class=\"elementor-element elementor-element-cc8a4ee elementor-grid-eael-col-4 elementor-grid-tablet-eael-col-2 elementor-grid-mobile-eael-col-1 elementor-widget elementor-widget-eael-post-grid\" data-id=\"cc8a4ee\" data-element_type=\"widget\" data-e-type=\"widget\" data-settings=\"{&quot;eael_post_grid_columns&quot;:&quot;eael-col-4&quot;,&quot;eael_post_grid_columns_tablet&quot;:&quot;eael-col-2&quot;,&quot;eael_post_grid_columns_mobile&quot;:&quot;eael-col-1&quot;}\" data-widget_type=\"eael-post-grid.default\">\n\t\t\t\t\t<div id=\"eael-post-grid-cc8a4ee\" class=\"eael-post-grid-container\">\n            <div class=\"eael-post-grid eael-post-appender eael-post-appender-cc8a4ee eael-post-grid-style-one\" data-layout-mode=\"masonry\"><article class=\"eael-grid-post  eael-post-grid-column eael-pg-post-5160 category-exitos\" data-id=\"5160\">\n        <div class=\"eael-grid-post-holder\">\n            <div class=\"eael-grid-post-holder-inner\"><div class=\"eael-entry-media\"><div class=\"eael-entry-overlay fade-in\"><i class=\"fas fa-coffee\" aria-hidden=\"true\"><\/i><a href=\"https:\/\/soymigrante.com\/revista\/willy-barreno-ayuda-migrantes-quetzaltenango-proyecto\/\"><\/a><\/div><div class=\"eael-entry-thumbnail \">\n                <img loading=\"lazy\" decoding=\"async\" width=\"300\" height=\"225\" src=\"https:\/\/soymigrante.com\/revista\/wp-content\/uploads\/2024\/03\/Chef-Willy-Barreno-3-300x225.webp\" class=\"attachment-medium size-medium wp-image-5186\" alt=\"\" srcset=\"https:\/\/soymigrante.com\/revista\/wp-content\/uploads\/2024\/03\/Chef-Willy-Barreno-3-300x225.webp 300w, https:\/\/soymigrante.com\/revista\/wp-content\/uploads\/2024\/03\/Chef-Willy-Barreno-3-1024x768.webp 1024w, https:\/\/soymigrante.com\/revista\/wp-content\/uploads\/2024\/03\/Chef-Willy-Barreno-3-768x576.webp 768w, https:\/\/soymigrante.com\/revista\/wp-content\/uploads\/2024\/03\/Chef-Willy-Barreno-3-750x563.webp 750w, https:\/\/soymigrante.com\/revista\/wp-content\/uploads\/2024\/03\/Chef-Willy-Barreno-3-1140x855.webp 1140w, https:\/\/soymigrante.com\/revista\/wp-content\/uploads\/2024\/03\/Chef-Willy-Barreno-3.webp 1440w\" sizes=\"(max-width: 300px) 100vw, 300px\" \/>\n            <\/div>\n        <\/div><div class=\"eael-entry-wrapper\"><header class=\"eael-entry-header\"><h2 class=\"eael-entry-title\"><a class=\"eael-grid-post-link\" href=\"https:\/\/soymigrante.com\/revista\/willy-barreno-ayuda-migrantes-quetzaltenango-proyecto\/\" title=\"Willy Barreno: chef migrante ayuda a migrantes en su propia tierra\">Willy Barreno: chef migrante ayuda a migrantes en su propia tierra<\/a><\/h2><\/header><div class=\"eael-entry-content\">\n                        <div class=\"eael-grid-post-excerpt\"><a href=\"https:\/\/soymigrante.com\/revista\/willy-barreno-ayuda-migrantes-quetzaltenango-proyecto\/\" class=\"eael-post-elements-readmore-btn\">Leer m\u00e1s<\/a><\/div>\n                    <\/div><\/div><\/div>\n        <\/div>\n    <\/article><article class=\"eael-grid-post  eael-post-grid-column eael-pg-post-5161 category-exitos\" data-id=\"5161\">\n        <div class=\"eael-grid-post-holder\">\n            <div class=\"eael-grid-post-holder-inner\"><div class=\"eael-entry-media\"><div class=\"eael-entry-overlay fade-in\"><i class=\"fas fa-coffee\" aria-hidden=\"true\"><\/i><a href=\"https:\/\/soymigrante.com\/revista\/pierdan-el-miedo-porque-es-el-peor-enemigo-carol-paxtor\/\"><\/a><\/div><div class=\"eael-entry-thumbnail \">\n                <img loading=\"lazy\" decoding=\"async\" width=\"300\" height=\"261\" src=\"https:\/\/soymigrante.com\/revista\/wp-content\/uploads\/2024\/03\/Captura-de-pantalla-2024-02-25-223228-300x261.webp\" class=\"attachment-medium size-medium wp-image-5162\" alt=\"Carol Hern\u00e1ndez, migrante guatemalteca en Nueva York, cofundadora de Caf\u00e9 Tikal.\" srcset=\"https:\/\/soymigrante.com\/revista\/wp-content\/uploads\/2024\/03\/Captura-de-pantalla-2024-02-25-223228-300x261.webp 300w, https:\/\/soymigrante.com\/revista\/wp-content\/uploads\/2024\/03\/Captura-de-pantalla-2024-02-25-223228.webp 700w\" sizes=\"(max-width: 300px) 100vw, 300px\" \/>\n            <\/div>\n        <\/div><div class=\"eael-entry-wrapper\"><header class=\"eael-entry-header\"><h2 class=\"eael-entry-title\"><a class=\"eael-grid-post-link\" href=\"https:\/\/soymigrante.com\/revista\/pierdan-el-miedo-porque-es-el-peor-enemigo-carol-paxtor\/\" title=\"&#8220;Pierdan el miedo: es el peor enemigo&#8221;: Carol Paxtor, migrante y emprendedora en NY\">&#8220;Pierdan el miedo: es el peor enemigo&#8221;: Carol Paxtor, migrante y emprendedora en NY<\/a><\/h2><\/header><div class=\"eael-entry-content\">\n                        <div class=\"eael-grid-post-excerpt\"><a href=\"https:\/\/soymigrante.com\/revista\/pierdan-el-miedo-porque-es-el-peor-enemigo-carol-paxtor\/\" class=\"eael-post-elements-readmore-btn\">Leer m\u00e1s<\/a><\/div>\n                    <\/div><\/div><\/div>\n        <\/div>\n    <\/article><article class=\"eael-grid-post  eael-post-grid-column eael-pg-post-4731 category-exitos\" data-id=\"4731\">\n        <div class=\"eael-grid-post-holder\">\n            <div class=\"eael-grid-post-holder-inner\"><div class=\"eael-entry-media\"><div class=\"eael-entry-overlay fade-in\"><i class=\"fas fa-coffee\" aria-hidden=\"true\"><\/i><a href=\"https:\/\/soymigrante.com\/revista\/sofia-valdez-migrante-guatemalteca-oklahoma-cafe-familiar-la-antigua\/\"><\/a><\/div><div class=\"eael-entry-thumbnail \">\n                <img loading=\"lazy\" decoding=\"async\" width=\"300\" height=\"217\" src=\"https:\/\/soymigrante.com\/revista\/wp-content\/uploads\/2024\/02\/cafe-antigua-300x217.webp\" class=\"attachment-medium size-medium wp-image-4735\" alt=\"Ana Sof\u00eda Valdez, una migrante guatemalteca, impulsa el restaurante Caf\u00e9 Antigua con su ingenio culinario, pero tambi\u00e9n sirve como un inspirador ejemplo de empoderamiento femenino.\" srcset=\"https:\/\/soymigrante.com\/revista\/wp-content\/uploads\/2024\/02\/cafe-antigua-300x217.webp 300w, https:\/\/soymigrante.com\/revista\/wp-content\/uploads\/2024\/02\/cafe-antigua-1024x740.webp 1024w, https:\/\/soymigrante.com\/revista\/wp-content\/uploads\/2024\/02\/cafe-antigua-768x555.webp 768w, https:\/\/soymigrante.com\/revista\/wp-content\/uploads\/2024\/02\/cafe-antigua-1536x1109.webp 1536w, https:\/\/soymigrante.com\/revista\/wp-content\/uploads\/2024\/02\/cafe-antigua-120x86.webp 120w, https:\/\/soymigrante.com\/revista\/wp-content\/uploads\/2024\/02\/cafe-antigua-750x542.webp 750w, https:\/\/soymigrante.com\/revista\/wp-content\/uploads\/2024\/02\/cafe-antigua-1140x823.webp 1140w, https:\/\/soymigrante.com\/revista\/wp-content\/uploads\/2024\/02\/cafe-antigua.webp 1800w\" sizes=\"(max-width: 300px) 100vw, 300px\" \/>\n            <\/div>\n        <\/div><div class=\"eael-entry-wrapper\"><header class=\"eael-entry-header\"><h2 class=\"eael-entry-title\"><a class=\"eael-grid-post-link\" href=\"https:\/\/soymigrante.com\/revista\/sofia-valdez-migrante-guatemalteca-oklahoma-cafe-familiar-la-antigua\/\" title=\"Migrante Sof\u00eda Valdez florece en el caf\u00e9 familiar La Antigua\">Migrante Sof\u00eda Valdez florece en el caf\u00e9 familiar La Antigua<\/a><\/h2><\/header><div class=\"eael-entry-content\">\n                        <div class=\"eael-grid-post-excerpt\"><a href=\"https:\/\/soymigrante.com\/revista\/sofia-valdez-migrante-guatemalteca-oklahoma-cafe-familiar-la-antigua\/\" class=\"eael-post-elements-readmore-btn\">Leer m\u00e1s<\/a><\/div>\n                    <\/div><\/div><\/div>\n        <\/div>\n    <\/article><article class=\"eael-grid-post  eael-post-grid-column eael-pg-post-2535 category-exitos\" data-id=\"2535\">\n        <div class=\"eael-grid-post-holder\">\n            <div class=\"eael-grid-post-holder-inner\"><div class=\"eael-entry-media\"><div class=\"eael-entry-overlay fade-in\"><i class=\"fas fa-coffee\" aria-hidden=\"true\"><\/i><a href=\"https:\/\/soymigrante.com\/revista\/little-guatemala-florece-en-carolina-del-norte-el-sueno-del-migrante-y-emprendedor-cristian-ramazzini\/\"><\/a><\/div><div class=\"eael-entry-thumbnail \">\n                <img loading=\"lazy\" decoding=\"async\" width=\"300\" height=\"300\" src=\"https:\/\/soymigrante.com\/revista\/wp-content\/uploads\/2023\/09\/Proyecto-Little-Guatemala-del-migrante-guatemalteco-Cristian-Ramazzini-en-Carolina-del-Norte-1-1-300x300.webp\" class=\"attachment-medium size-medium wp-image-2567\" alt=\"\" srcset=\"https:\/\/soymigrante.com\/revista\/wp-content\/uploads\/2023\/09\/Proyecto-Little-Guatemala-del-migrante-guatemalteco-Cristian-Ramazzini-en-Carolina-del-Norte-1-1-300x300.webp 300w, https:\/\/soymigrante.com\/revista\/wp-content\/uploads\/2023\/09\/Proyecto-Little-Guatemala-del-migrante-guatemalteco-Cristian-Ramazzini-en-Carolina-del-Norte-1-1-1024x1024.webp 1024w, https:\/\/soymigrante.com\/revista\/wp-content\/uploads\/2023\/09\/Proyecto-Little-Guatemala-del-migrante-guatemalteco-Cristian-Ramazzini-en-Carolina-del-Norte-1-1-150x150.webp 150w, https:\/\/soymigrante.com\/revista\/wp-content\/uploads\/2023\/09\/Proyecto-Little-Guatemala-del-migrante-guatemalteco-Cristian-Ramazzini-en-Carolina-del-Norte-1-1-768x768.webp 768w, https:\/\/soymigrante.com\/revista\/wp-content\/uploads\/2023\/09\/Proyecto-Little-Guatemala-del-migrante-guatemalteco-Cristian-Ramazzini-en-Carolina-del-Norte-1-1-75x75.webp 75w, https:\/\/soymigrante.com\/revista\/wp-content\/uploads\/2023\/09\/Proyecto-Little-Guatemala-del-migrante-guatemalteco-Cristian-Ramazzini-en-Carolina-del-Norte-1-1-750x750.webp 750w, https:\/\/soymigrante.com\/revista\/wp-content\/uploads\/2023\/09\/Proyecto-Little-Guatemala-del-migrante-guatemalteco-Cristian-Ramazzini-en-Carolina-del-Norte-1-1-1140x1140.webp 1140w, https:\/\/soymigrante.com\/revista\/wp-content\/uploads\/2023\/09\/Proyecto-Little-Guatemala-del-migrante-guatemalteco-Cristian-Ramazzini-en-Carolina-del-Norte-1-1-600x600.webp 600w, https:\/\/soymigrante.com\/revista\/wp-content\/uploads\/2023\/09\/Proyecto-Little-Guatemala-del-migrante-guatemalteco-Cristian-Ramazzini-en-Carolina-del-Norte-1-1.webp 1190w\" sizes=\"(max-width: 300px) 100vw, 300px\" \/>\n            <\/div>\n        <\/div><div class=\"eael-entry-wrapper\"><header class=\"eael-entry-header\"><h2 class=\"eael-entry-title\"><a class=\"eael-grid-post-link\" href=\"https:\/\/soymigrante.com\/revista\/little-guatemala-florece-en-carolina-del-norte-el-sueno-del-migrante-y-emprendedor-cristian-ramazzini\/\" title=\"Little Guatemala florece en Carolina del Norte: el sue\u00f1o del migrante y emprendedor Cristian Ramazzini\">Little Guatemala florece en Carolina del Norte: el sue\u00f1o del migrante y emprendedor Cristian Ramazzini<\/a><\/h2><\/header><div class=\"eael-entry-content\">\n                        <div class=\"eael-grid-post-excerpt\"><a href=\"https:\/\/soymigrante.com\/revista\/little-guatemala-florece-en-carolina-del-norte-el-sueno-del-migrante-y-emprendedor-cristian-ramazzini\/\" class=\"eael-post-elements-readmore-btn\">Leer m\u00e1s<\/a><\/div>\n                    <\/div><\/div><\/div>\n        <\/div>\n    <\/article><\/div>\n            <div class=\"clearfix\"><\/div>\n        <\/div>\t\t\t\t<\/div>\n\t\t\t\t\t<\/div>\n\t\t<\/div>\n\t\t\t\t\t<\/div>\n\t\t<\/section>\n\t\t\t\t<\/div>\n\t\t","protected":false},"excerpt":{"rendered":"<p>Alma del caf\u00e9 de Momostenango es el proyecto impulsado por el migrante \u00c1ngel Ambrocio y Momostip\u00e1n, que busca pagar precios dignos a los campesinos, procesar grano de alta calidad y distribuirlo sin fronteras. El migrante retornado guatemalteco sabe y disfruta la catadur\u00eda de caf\u00e9 todas las regiones del pa\u00eds. Est\u00e1 convencido de que Guatemala tiene [&hellip;]<\/p>\n","protected":false},"author":7,"featured_media":5500,"comment_status":"open","ping_status":"open","sticky":false,"template":"","format":"standard","meta":{"_acf_changed":false,"_eb_attr":"","footnotes":""},"categories":[54],"tags":[],"class_list":["post-5499","post","type-post","status-publish","format-standard","has-post-thumbnail","hentry","category-estamos-unidos"],"acf":[],"aioseo_notices":[],"aioseo_head":"\n\t\t<!-- All in One SEO Pro 4.9.6.2 - aioseo.com -->\n\t<meta name=\"description\" content=\"Ni f\u00e1cil ni r\u00e1pida ha sido la historia de la tienda, caf\u00e9, restaurante, centro deportivo y cultural Little Guatemala en Carolina del Norte: pero es su \u00e9xito es real gracias al amor, trabajo e ingenio del migrante guatemalteco Christian Ramazzini y su esposa Erica. Lo m\u00e1s reciente: Guate Fest 2023 Se cumple un gran sue\u00f1o Little Guatemala es un proyecto cultural, comercial, social y deportivo en el coraz\u00f3n de Morganton, Carolina del Norte, impulsado por el migrante guatemalteco Christian Ramazzini.\" \/>\n\t<meta name=\"robots\" content=\"max-snippet:-1, max-image-preview:large, max-video-preview:-1\" \/>\n\t<meta name=\"author\" content=\"Gustavo Montenegro\"\/>\n\t<link rel=\"canonical\" href=\"https:\/\/soymigrante.com\/revista\/migrante-retornado-cafe-de-guatemala-campesinos-momostenango\/\" \/>\n\t<meta name=\"generator\" content=\"All in One SEO Pro (AIOSEO) 4.9.6.2\" \/>\n\n\t\t<link rel=\"preconnect\" href=\"https:\/\/fonts.googleapis.com\" crossorigin>\n<link rel=\"preconnect\" href=\"https:\/\/fonts.gstatic.com\" crossorigin>\n\t\t<meta property=\"og:locale\" content=\"es_ES\" \/>\n\t\t<meta property=\"og:site_name\" content=\"SoyMigrante.com REVISTA \u2013 Nuestra misi\u00f3n es reconocer y dignificar al migrante.\" \/>\n\t\t<meta property=\"og:type\" content=\"article\" \/>\n\t\t<meta property=\"og:title\" content=\"Caf\u00e9 de Guatemala: Migrante retornado impulsa a caficultores de Momostenango\" \/>\n\t\t<meta property=\"og:description\" content=\"Alma del caf\u00e9 de Momostenango es el proyecto impulsado por el migrante \u00c1ngel Ambrocio y Momostip\u00e1n, que busca pagar precios dignos a los campesinos, procesar grano de alta calidad y distribuirlo sin fronteras. El migrante retornado guatemalteco sabe y disfruta la catadur\u00eda de caf\u00e9 todas las regiones del pa\u00eds. Est\u00e1 convencido de que Guatemala tiene\" \/>\n\t\t<meta property=\"og:url\" content=\"https:\/\/soymigrante.com\/revista\/migrante-retornado-cafe-de-guatemala-campesinos-momostenango\/\" \/>\n\t\t<meta property=\"og:image\" content=\"https:\/\/soymigrante.com\/revista\/wp-content\/uploads\/2024\/03\/Captura-de-pantalla-2024-03-19-093618.webp\" \/>\n\t\t<meta property=\"og:image:secure_url\" content=\"https:\/\/soymigrante.com\/revista\/wp-content\/uploads\/2024\/03\/Captura-de-pantalla-2024-03-19-093618.webp\" \/>\n\t\t<meta property=\"og:image:width\" content=\"1353\" \/>\n\t\t<meta property=\"og:image:height\" content=\"882\" \/>\n\t\t<meta property=\"article:published_time\" content=\"2024-03-19T22:01:41+00:00\" \/>\n\t\t<meta property=\"article:modified_time\" content=\"2024-07-30T17:36:40+00:00\" \/>\n\t\t<meta property=\"article:publisher\" content=\"https:\/\/www.facebook.com\/soymigrantecom\" \/>\n\t\t<meta name=\"twitter:card\" content=\"summary_large_image\" \/>\n\t\t<meta name=\"twitter:site\" content=\"@SoyMigrante_com\" \/>\n\t\t<meta name=\"twitter:title\" content=\"Caf\u00e9 de Guatemala: Migrante retornado impulsa a caficultores de Momostenango\" \/>\n\t\t<meta name=\"twitter:description\" content=\"Alma del caf\u00e9 de Momostenango es el proyecto impulsado por el migrante \u00c1ngel Ambrocio y Momostip\u00e1n, que busca pagar precios dignos a los campesinos, procesar grano de alta calidad y distribuirlo sin fronteras. El migrante retornado guatemalteco sabe y disfruta la catadur\u00eda de caf\u00e9 todas las regiones del pa\u00eds. Est\u00e1 convencido de que Guatemala tiene\" \/>\n\t\t<meta name=\"twitter:creator\" content=\"@SoyMigrante_com\" \/>\n\t\t<meta name=\"twitter:image\" content=\"https:\/\/soymigrante.com\/revista\/wp-content\/uploads\/2024\/03\/Captura-de-pantalla-2024-03-19-093618.webp\" \/>\n\t\t<!-- All in One SEO Pro -->\r\n\t\t<title>Caf\u00e9 de Guatemala: Migrante retornado impulsa a caficultores de Momostenango<\/title>\n\n","aioseo_head_json":{"title":"Caf\u00e9 de Guatemala: Migrante retornado impulsa a caficultores de Momostenango","description":"Alma del caf\u00e9 de Momostenango es el proyecto impulsado por el migrante \u00c1ngel Ambrocio y Momostip\u00e1n, que busca pagar precios dignos a los campesinos, procesar grano de alta calidad y distribuirlo sin fronteras. El migrante retornado guatemalteco sabe y disfruta la catadur\u00eda de caf\u00e9 todas las regiones del pa\u00eds. Est\u00e1 convencido de que Guatemala tiene","canonical_url":"https:\/\/soymigrante.com\/revista\/migrante-retornado-cafe-de-guatemala-campesinos-momostenango\/","robots":"max-snippet:-1, max-image-preview:large, max-video-preview:-1","keywords":"","webmasterTools":{"miscellaneous":"&lt;link rel=\"preconnect\" href=\"https:\/\/fonts.googleapis.com\" crossorigin&gt;\n&lt;link rel=\"preconnect\" href=\"https:\/\/fonts.gstatic.com\" crossorigin&gt;"},"schema":null,"og:locale":"es_ES","og:site_name":"SoyMigrante.com REVISTA \u2013 Nuestra misi\u00f3n es reconocer y dignificar al migrante.","og:type":"article","og:title":"Caf\u00e9 de Guatemala: Migrante retornado impulsa a caficultores de Momostenango","og:description":"Alma del caf\u00e9 de Momostenango es el proyecto impulsado por el migrante \u00c1ngel Ambrocio y Momostip\u00e1n, que busca pagar precios dignos a los campesinos, procesar grano de alta calidad y distribuirlo sin fronteras. El migrante retornado guatemalteco sabe y disfruta la catadur\u00eda de caf\u00e9 todas las regiones del pa\u00eds. Est\u00e1 convencido de que Guatemala tiene","og:url":"https:\/\/soymigrante.com\/revista\/migrante-retornado-cafe-de-guatemala-campesinos-momostenango\/","og:image":"https:\/\/soymigrante.com\/revista\/wp-content\/uploads\/2024\/03\/Captura-de-pantalla-2024-03-19-093618.webp","og:image:secure_url":"https:\/\/soymigrante.com\/revista\/wp-content\/uploads\/2024\/03\/Captura-de-pantalla-2024-03-19-093618.webp","og:image:width":1353,"og:image:height":882,"article:published_time":"2024-03-19T22:01:41+00:00","article:modified_time":"2024-07-30T17:36:40+00:00","article:publisher":"https:\/\/www.facebook.com\/soymigrantecom","twitter:card":"summary_large_image","twitter:site":"@SoyMigrante_com","twitter:title":"Caf\u00e9 de Guatemala: Migrante retornado impulsa a caficultores de Momostenango","twitter:description":"Alma del caf\u00e9 de Momostenango es el proyecto impulsado por el migrante \u00c1ngel Ambrocio y Momostip\u00e1n, que busca pagar precios dignos a los campesinos, procesar grano de alta calidad y distribuirlo sin fronteras. El migrante retornado guatemalteco sabe y disfruta la catadur\u00eda de caf\u00e9 todas las regiones del pa\u00eds. Est\u00e1 convencido de que Guatemala tiene","twitter:creator":"@SoyMigrante_com","twitter:image":"https:\/\/soymigrante.com\/revista\/wp-content\/uploads\/2024\/03\/Captura-de-pantalla-2024-03-19-093618.webp"},"aioseo_meta_data":{"post_id":"5499","title":null,"description":null,"keywords":[],"keyphrases":{"focus":{"keyphrase":"Caf\u00e9 de Guatemala","score":60,"analysis":{"keyphraseInTitle":{"score":9,"maxScore":9,"error":0},"keyphraseInDescription":{"score":9,"maxScore":9,"error":0},"keyphraseLength":{"score":9,"maxScore":9,"error":0,"length":3},"keyphraseInURL":{"score":5,"maxScore":5,"error":0},"keyphraseInIntroduction":{"score":3,"maxScore":9,"error":1},"keyphraseInSubHeadings":{"score":3,"maxScore":9,"error":1},"keyphraseInImageAlt":{"score":3,"maxScore":9,"error":1},"keywordDensity":{"score":0,"type":"low","maxScore":9,"error":1}}},"additional":[]},"primary_term":null,"canonical_url":null,"og_title":null,"og_description":null,"og_object_type":"default","og_image_type":"default","og_image_url":null,"og_image_width":null,"og_image_height":null,"og_image_custom_url":null,"og_image_custom_fields":null,"og_video":"","og_custom_url":null,"og_article_section":null,"og_article_tags":[],"twitter_use_og":false,"twitter_card":"default","twitter_image_type":"default","twitter_image_url":null,"twitter_image_custom_url":null,"twitter_image_custom_fields":null,"twitter_title":null,"twitter_description":null,"schema":{"blockGraphs":[],"customGraphs":[],"default":{"data":{"Article":[],"Course":[],"Dataset":[],"FAQPage":[],"Movie":[],"Person":[],"Product":[],"ProductReview":[],"Car":[],"Recipe":[],"Service":[],"SoftwareApplication":[],"WebPage":[]},"graphName":"BlogPosting","isEnabled":true},"graphs":[]},"schema_type":"default","schema_type_options":null,"pillar_content":false,"robots_default":true,"robots_noindex":false,"robots_noarchive":false,"robots_nosnippet":false,"robots_nofollow":false,"robots_noimageindex":false,"robots_noodp":false,"robots_notranslate":false,"robots_max_snippet":"-1","robots_max_videopreview":"-1","robots_max_imagepreview":"large","priority":null,"frequency":"default","local_seo":null,"seo_analyzer_scan_date":"2025-10-08 21:26:12","breadcrumb_settings":null,"limit_modified_date":false,"reviewed_by":null,"open_ai":null,"ai":null,"created":"2024-03-19 15:49:07","updated":"2026-02-04 11:04:59"},"aioseo_breadcrumb":"<div class=\"aioseo-breadcrumbs\"><span class=\"aioseo-breadcrumb\">\n\t<a href=\"https:\/\/soymigrante.com\/revista\" title=\"Home\">Home<\/a>\n<\/span><span class=\"aioseo-breadcrumb-separator\">\u00bb<\/span><span class=\"aioseo-breadcrumb\">\n\t<a href=\"https:\/\/soymigrante.com\/revista\/category\/estamos-unidos\/\" title=\"Estamos Unidos\">Estamos Unidos<\/a>\n<\/span><span class=\"aioseo-breadcrumb-separator\">\u00bb<\/span><span class=\"aioseo-breadcrumb\">\n\tCaf\u00e9 de Guatemala: Migrante retornado impulsa a caficultores de Momostenango\n<\/span><\/div>","aioseo_breadcrumb_json":[{"label":"Home","link":"https:\/\/soymigrante.com\/revista"},{"label":"Estamos Unidos","link":"https:\/\/soymigrante.com\/revista\/category\/estamos-unidos\/"},{"label":"Caf\u00e9 de Guatemala: Migrante retornado impulsa a caficultores de Momostenango","link":"https:\/\/soymigrante.com\/revista\/migrante-retornado-cafe-de-guatemala-campesinos-momostenango\/"}],"_links":{"self":[{"href":"https:\/\/soymigrante.com\/revista\/wp-json\/wp\/v2\/posts\/5499","targetHints":{"allow":["GET"]}}],"collection":[{"href":"https:\/\/soymigrante.com\/revista\/wp-json\/wp\/v2\/posts"}],"about":[{"href":"https:\/\/soymigrante.com\/revista\/wp-json\/wp\/v2\/types\/post"}],"author":[{"embeddable":true,"href":"https:\/\/soymigrante.com\/revista\/wp-json\/wp\/v2\/users\/7"}],"replies":[{"embeddable":true,"href":"https:\/\/soymigrante.com\/revista\/wp-json\/wp\/v2\/comments?post=5499"}],"version-history":[{"count":0,"href":"https:\/\/soymigrante.com\/revista\/wp-json\/wp\/v2\/posts\/5499\/revisions"}],"wp:featuredmedia":[{"embeddable":true,"href":"https:\/\/soymigrante.com\/revista\/wp-json\/wp\/v2\/media\/5500"}],"wp:attachment":[{"href":"https:\/\/soymigrante.com\/revista\/wp-json\/wp\/v2\/media?parent=5499"}],"wp:term":[{"taxonomy":"category","embeddable":true,"href":"https:\/\/soymigrante.com\/revista\/wp-json\/wp\/v2\/categories?post=5499"},{"taxonomy":"post_tag","embeddable":true,"href":"https:\/\/soymigrante.com\/revista\/wp-json\/wp\/v2\/tags?post=5499"}],"curies":[{"name":"wp","href":"https:\/\/api.w.org\/{rel}","templated":true}]}}