{"id":5483,"date":"2024-03-18T13:35:43","date_gmt":"2024-03-18T19:35:43","guid":{"rendered":"https:\/\/soymigrante.com\/revista\/?p=5483"},"modified":"2024-07-30T11:33:36","modified_gmt":"2024-07-30T17:33:36","slug":"guatemalteca-ejercito-estados-unidos-garifuna-prueba","status":"publish","type":"post","link":"https:\/\/soymigrante.com\/revista\/guatemalteca-ejercito-estados-unidos-garifuna-prueba\/","title":{"rendered":"Migrante gar\u00edfuna Geramy Oliva venci\u00f3 retos para entrar al Ej\u00e9rcito de EE.UU."},"content":{"rendered":"\t\t<div data-elementor-type=\"wp-post\" data-elementor-id=\"5483\" class=\"elementor elementor-5483\" data-elementor-post-type=\"post\">\n\t\t\t\t\t\t<section data-particle_enable=\"false\" data-particle-mobile-disabled=\"false\" class=\"elementor-section elementor-top-section elementor-element elementor-element-4185660 elementor-section-boxed elementor-section-height-default elementor-section-height-default\" data-id=\"4185660\" data-element_type=\"section\" data-e-type=\"section\">\n\t\t\t\t\t\t<div class=\"elementor-container elementor-column-gap-default\">\n\t\t\t\t\t<div class=\"elementor-column elementor-col-100 elementor-top-column elementor-element elementor-element-da71550\" data-id=\"da71550\" data-element_type=\"column\" data-e-type=\"column\">\n\t\t\t<div class=\"elementor-widget-wrap elementor-element-populated\">\n\t\t\t\t\t\t<div class=\"elementor-element elementor-element-091441d elementor-widget elementor-widget-heading\" data-id=\"091441d\" data-element_type=\"widget\" data-e-type=\"widget\" data-widget_type=\"heading.default\">\n\t\t\t\t\t<h2 class=\"elementor-heading-title elementor-size-default\">\"Ese d\u00eda lo celebr\u00e9 a\u00fan m\u00e1s que cuando me gradu\u00e9 de High School\", dice Geramy Oliva, migrante guatemalteca gar\u00edfuna de 22 a\u00f1os, sobre el d\u00eda en que fue admitida  en el US Army.<\/h2>\t\t\t\t<\/div>\n\t\t\t\t\t<\/div>\n\t\t<\/div>\n\t\t\t\t\t<\/div>\n\t\t<\/section>\n\t\t\t\t<section data-particle_enable=\"false\" data-particle-mobile-disabled=\"false\" class=\"elementor-section elementor-top-section elementor-element elementor-element-66a2d36 elementor-section-boxed elementor-section-height-default elementor-section-height-default\" data-id=\"66a2d36\" data-element_type=\"section\" data-e-type=\"section\">\n\t\t\t\t\t\t<div class=\"elementor-container elementor-column-gap-default\">\n\t\t\t\t\t<div class=\"elementor-column elementor-col-100 elementor-top-column elementor-element elementor-element-8d24ea3\" data-id=\"8d24ea3\" data-element_type=\"column\" data-e-type=\"column\">\n\t\t\t<div class=\"elementor-widget-wrap elementor-element-populated\">\n\t\t\t\t\t\t<div class=\"elementor-element elementor-element-c9f603d elementor-widget elementor-widget-text-editor\" data-id=\"c9f603d\" data-element_type=\"widget\" data-e-type=\"widget\" data-widget_type=\"text-editor.default\">\n\t\t\t\t\t\t\t\t\t<p>Cuando Geramy Oliva, joven migrante guatemalteca radicada en Nueva York, le comunic\u00f3 a sus padres su deseo de ingresar al Ej\u00e9rcito de los Estados Unidos hubo emociones encontradas. &#8220;Por un lado mi mam\u00e1 pensaba en todo lo que tiene que ver con guerra, pero yo le dije que en el Army hay muchos servicios que no necesariamente tienen que ver con batalla. S\u00ed, te preparan para eso, pero por ejemplo a m\u00ed me gusta y me interesa mucho el tema de log\u00edstica&#8221;, cuenta.<\/p><p>&#8220;Mi principal motivaci\u00f3n es poder servir a este pa\u00eds en donde hemos recibido tantas oportunidades. Yo llegu\u00e9 aqu\u00ed a los 17 a\u00f1os, despu\u00e9s de haberme graduado de perito en computaci\u00f3n en Izabal, Guatemala. Mi pap\u00e1 llevaba ya varios a\u00f1os en Estados Unidos y nos mand\u00f3 a traer, complet\u00f3 la papeler\u00eda y pudimos llegar a Nueva York&#8221;, relata la joven.\u00a0<\/p><p>Aunque existe una comunidad gar\u00edfuna muy grande en el Bronx, con fuertes tradiciones e identidad, ello no hizo menos desafiante el proceso de adaptaci\u00f3n a un entorno nuevo, a una escuela nueva, pues tuvo que completar clases de High School para poder tener el t\u00edtulo de secundaria v\u00e1lido en Estados Unidos.<\/p><p>Cuando pudo aplicar para ingresar al servicio militar, Geramy efectu\u00f3 su solicitud. &#8220;Me lleg\u00f3 la cita para hacer un examen de admisi\u00f3n. Es una prueba de conocimientos, en ingl\u00e9s, para la cual me prepar\u00e9. Pero cuando me enviaron los resultados: perd\u00ed. Me dieron una nueva fecha, deb\u00eda estudiar a\u00fan m\u00e1s. Estaba decidida. Le\u00ed bastante de todas las \u00e1reas que requer\u00edan, lo cual incluye historia de Estados Unidos.\u00a0 Cuando me hice la prueba de nuevo, perd\u00ed por dos puntos. Era como para desanimarse. Y pude dejarlo hasta all\u00ed, pero no. Solicit\u00e9 una tercera oportunidad, que era la \u00faltima. Si perd\u00eda esa, ya no podr\u00eda entrar. Me esforc\u00e9 por estudiar a\u00fan m\u00e1s&#8221;, relata.<\/p><p>\u00a0<\/p>\t\t\t\t\t\t\t\t<\/div>\n\t\t\t\t\t<\/div>\n\t\t<\/div>\n\t\t\t\t\t<\/div>\n\t\t<\/section>\n\t\t\t\t<section data-particle_enable=\"false\" data-particle-mobile-disabled=\"false\" class=\"elementor-section elementor-top-section elementor-element elementor-element-c4bbca9 elementor-section-boxed elementor-section-height-default elementor-section-height-default\" data-id=\"c4bbca9\" data-element_type=\"section\" data-e-type=\"section\">\n\t\t\t\t\t\t<div class=\"elementor-container elementor-column-gap-default\">\n\t\t\t\t\t<div class=\"elementor-column elementor-col-100 elementor-top-column elementor-element elementor-element-efdaf8f\" data-id=\"efdaf8f\" data-element_type=\"column\" data-e-type=\"column\">\n\t\t\t<div class=\"elementor-widget-wrap elementor-element-populated\">\n\t\t\t\t\t\t<div class=\"elementor-element elementor-element-3563efb elementor-widget elementor-widget-image\" data-id=\"3563efb\" data-element_type=\"widget\" data-e-type=\"widget\" data-widget_type=\"image.default\">\n\t\t\t\t\t\t\t\t\t\t\t\t<figure class=\"wp-caption\">\n\t\t\t\t\t\t\t\t\t\t<img fetchpriority=\"high\" decoding=\"async\" width=\"712\" height=\"742\" src=\"https:\/\/soymigrante.com\/revista\/wp-content\/uploads\/2024\/03\/geramy-ejerciton.webp\" class=\"attachment-large size-large wp-image-5487\" alt=\"El 14 de febrero de 2024, Geramy Oliva se gradu\u00f3 como integrante del Ej\u00e9rcito de los Estados Unidos, en donde busca tener una carrera en el \u00e1rea log\u00edstica.\" srcset=\"https:\/\/soymigrante.com\/revista\/wp-content\/uploads\/2024\/03\/geramy-ejerciton.webp 712w, https:\/\/soymigrante.com\/revista\/wp-content\/uploads\/2024\/03\/geramy-ejerciton-288x300.webp 288w\" sizes=\"(max-width: 712px) 100vw, 712px\" title=\"El 14 de febrero de 2024, Geramy Oliva se gradu\u00f3 como integrante del Ej\u00e9rcito de los Estados Unidos, en donde busca tener una carrera en el \u00e1rea log\u00edstica. \u2013 SoyMigrante.com REVISTA\" \/>\t\t\t\t\t\t\t\t\t\t\t<figcaption class=\"widget-image-caption wp-caption-text\">El 14 de febrero de 2024, Geramy Oliva se gradu\u00f3 como integrante del Ej\u00e9rcito de los Estados Unidos, en donde busca tener una carrera en el \u00e1rea log\u00edstica.<\/figcaption>\n\t\t\t\t\t\t\t\t\t\t<\/figure>\n\t\t\t\t\t\t\t\t\t<\/div>\n\t\t\t\t\t<\/div>\n\t\t<\/div>\n\t\t\t\t\t<\/div>\n\t\t<\/section>\n\t\t\t\t<section data-particle_enable=\"false\" data-particle-mobile-disabled=\"false\" class=\"elementor-section elementor-top-section elementor-element elementor-element-c9c2716 elementor-section-boxed elementor-section-height-default elementor-section-height-default\" data-id=\"c9c2716\" data-element_type=\"section\" data-e-type=\"section\">\n\t\t\t\t\t\t<div class=\"elementor-container elementor-column-gap-default\">\n\t\t\t\t\t<div class=\"elementor-column elementor-col-100 elementor-top-column elementor-element elementor-element-1d2cf4b\" data-id=\"1d2cf4b\" data-element_type=\"column\" data-e-type=\"column\">\n\t\t\t<div class=\"elementor-widget-wrap elementor-element-populated\">\n\t\t\t\t\t\t<div class=\"elementor-element elementor-element-265c2db elementor-widget elementor-widget-heading\" data-id=\"265c2db\" data-element_type=\"widget\" data-e-type=\"widget\" data-widget_type=\"heading.default\">\n\t\t\t\t\t<h2 class=\"elementor-heading-title elementor-size-default\">Presencia gar\u00edfuna en fuerzas armadas<\/h2>\t\t\t\t<\/div>\n\t\t\t\t\t<\/div>\n\t\t<\/div>\n\t\t\t\t\t<\/div>\n\t\t<\/section>\n\t\t\t\t<section data-particle_enable=\"false\" data-particle-mobile-disabled=\"false\" class=\"elementor-section elementor-top-section elementor-element elementor-element-2c30cb2 elementor-section-boxed elementor-section-height-default elementor-section-height-default\" data-id=\"2c30cb2\" data-element_type=\"section\" data-e-type=\"section\">\n\t\t\t\t\t\t<div class=\"elementor-container elementor-column-gap-default\">\n\t\t\t\t\t<div class=\"elementor-column elementor-col-100 elementor-top-column elementor-element elementor-element-0bd2a2e\" data-id=\"0bd2a2e\" data-element_type=\"column\" data-e-type=\"column\">\n\t\t\t<div class=\"elementor-widget-wrap elementor-element-populated\">\n\t\t\t\t\t\t<div class=\"elementor-element elementor-element-948b610 elementor-widget elementor-widget-text-editor\" data-id=\"948b610\" data-element_type=\"widget\" data-e-type=\"widget\" data-widget_type=\"text-editor.default\">\n\t\t\t\t\t\t\t\t\t<p>La aspiraci\u00f3n de Geramy Oliva no es extra\u00f1a dentro la comunidad gar\u00edfuna.\u00a0 De hecho, hasta septiembre de 2020, hab\u00eda\u00a0<span style=\"color: var( --e-global-color-text );\">activos alrededor de 800 gar\u00ednagus (plural de gar\u00edfuna, en dicho idioma) dentro del Ej\u00e9rcito de Estados Unidos, seg\u00fan datos de la Organizaci\u00f3n Veteranos Gar\u00edfuna, establecida en 2013 y que re\u00fane a m\u00e1s de mil exmilitares de dicha comunidad en situaci\u00f3n de retiro.<\/span><\/p><p>Es necesario resaltar que la comunidad gar\u00edfuna no solo existe en la costa Caribe de Guatemala, sino que tambi\u00e9n abarca la costa de Belice, Honduras y Nicaragua. En Guatemala, la comunidad m\u00e1s fuerte y representativa es L\u00edvingston, Izabal, fundada hacia 1820.\u00a0<\/p><p>La mayor parte de los gar\u00ednagu veteranos y activos en el Ej\u00e9rcito de EE.UU. tienen grados de Sargento hasta Sargento Maestro, aunque tambi\u00e9n hay oficiales, desde teniente hasta comandante.<\/p><p>\u00a0<\/p>\t\t\t\t\t\t\t\t<\/div>\n\t\t\t\t\t<\/div>\n\t\t<\/div>\n\t\t\t\t\t<\/div>\n\t\t<\/section>\n\t\t\t\t<section data-particle_enable=\"false\" data-particle-mobile-disabled=\"false\" class=\"elementor-section elementor-top-section elementor-element elementor-element-9146501 elementor-section-boxed elementor-section-height-default elementor-section-height-default\" data-id=\"9146501\" data-element_type=\"section\" data-e-type=\"section\">\n\t\t\t\t\t\t<div class=\"elementor-container elementor-column-gap-default\">\n\t\t\t\t\t<div class=\"elementor-column elementor-col-100 elementor-top-column elementor-element elementor-element-2b8db58\" data-id=\"2b8db58\" data-element_type=\"column\" data-e-type=\"column\">\n\t\t\t<div class=\"elementor-widget-wrap elementor-element-populated\">\n\t\t\t\t\t\t<div class=\"elementor-element elementor-element-f043568 elementor-widget elementor-widget-image\" data-id=\"f043568\" data-element_type=\"widget\" data-e-type=\"widget\" data-widget_type=\"image.default\">\n\t\t\t\t\t\t\t\t\t\t\t\t<figure class=\"wp-caption\">\n\t\t\t\t\t\t\t\t\t\t<img decoding=\"async\" width=\"825\" height=\"693\" src=\"https:\/\/soymigrante.com\/revista\/wp-content\/uploads\/2024\/03\/geramycita.webp\" class=\"attachment-large size-large wp-image-5490\" alt=\"Los padres de Geramy compartieron su alegr\u00eda en el d\u00eda de su graduaci\u00f3n tras la primera etapa de duro entrenamiento y preparaci\u00f3n que dur\u00f3 m\u00e1s de seis meses. Ella est\u00e1 interesada en especializarse en log\u00edstica militar.\" srcset=\"https:\/\/soymigrante.com\/revista\/wp-content\/uploads\/2024\/03\/geramycita.webp 825w, https:\/\/soymigrante.com\/revista\/wp-content\/uploads\/2024\/03\/geramycita-300x252.webp 300w, https:\/\/soymigrante.com\/revista\/wp-content\/uploads\/2024\/03\/geramycita-768x645.webp 768w, https:\/\/soymigrante.com\/revista\/wp-content\/uploads\/2024\/03\/geramycita-750x630.webp 750w\" sizes=\"(max-width: 825px) 100vw, 825px\" title=\"Los padres de Geramy compartieron su alegr\u00eda en el d\u00eda de su graduaci\u00f3n tras la primera etapa de duro entrenamiento y preparaci\u00f3n que dur\u00f3 m\u00e1s de seis meses.  Ella est\u00e1 interesada en especializarse en log\u00edstica militar. \u2013 SoyMigrante.com REVISTA\" \/>\t\t\t\t\t\t\t\t\t\t\t<figcaption class=\"widget-image-caption wp-caption-text\">Los padres de Geramy compartieron su alegr\u00eda en el d\u00eda de su graduaci\u00f3n tras la primera etapa de duro entrenamiento y preparaci\u00f3n que dur\u00f3 m\u00e1s de seis meses.  Ella est\u00e1 interesada en especializarse en log\u00edstica militar.<\/figcaption>\n\t\t\t\t\t\t\t\t\t\t<\/figure>\n\t\t\t\t\t\t\t\t\t<\/div>\n\t\t\t\t\t<\/div>\n\t\t<\/div>\n\t\t\t\t\t<\/div>\n\t\t<\/section>\n\t\t\t\t<section data-particle_enable=\"false\" data-particle-mobile-disabled=\"false\" class=\"elementor-section elementor-top-section elementor-element elementor-element-e69dd9a elementor-section-boxed elementor-section-height-default elementor-section-height-default\" data-id=\"e69dd9a\" data-element_type=\"section\" data-e-type=\"section\">\n\t\t\t\t\t\t<div class=\"elementor-container elementor-column-gap-default\">\n\t\t\t\t\t<div class=\"elementor-column elementor-col-100 elementor-top-column elementor-element elementor-element-cdebd52\" data-id=\"cdebd52\" data-element_type=\"column\" data-e-type=\"column\">\n\t\t\t<div class=\"elementor-widget-wrap elementor-element-populated\">\n\t\t\t\t\t\t<div class=\"elementor-element elementor-element-def3967 elementor-widget elementor-widget-heading\" data-id=\"def3967\" data-element_type=\"widget\" data-e-type=\"widget\" data-widget_type=\"heading.default\">\n\t\t\t\t\t<h2 class=\"elementor-heading-title elementor-size-default\">La tercera y decisiva oportunidad<\/h2>\t\t\t\t<\/div>\n\t\t\t\t\t<\/div>\n\t\t<\/div>\n\t\t\t\t\t<\/div>\n\t\t<\/section>\n\t\t\t\t<section data-particle_enable=\"false\" data-particle-mobile-disabled=\"false\" class=\"elementor-section elementor-top-section elementor-element elementor-element-b16e7aa elementor-section-boxed elementor-section-height-default elementor-section-height-default\" data-id=\"b16e7aa\" data-element_type=\"section\" data-e-type=\"section\">\n\t\t\t\t\t\t<div class=\"elementor-container elementor-column-gap-default\">\n\t\t\t\t\t<div class=\"elementor-column elementor-col-100 elementor-top-column elementor-element elementor-element-672df8b\" data-id=\"672df8b\" data-element_type=\"column\" data-e-type=\"column\">\n\t\t\t<div class=\"elementor-widget-wrap elementor-element-populated\">\n\t\t\t\t\t\t<div class=\"elementor-element elementor-element-b1d4384 elementor-widget elementor-widget-text-editor\" data-id=\"b1d4384\" data-element_type=\"widget\" data-e-type=\"widget\" data-widget_type=\"text-editor.default\">\n\t\t\t\t\t\t\t\t\t<p>Geramy tuvo que aprender ingl\u00e9s en muy poco tiempo. De hecho, el poco dominio que ten\u00eda tambi\u00e9n le dificult\u00f3 acoplarse al ritmo de la High School. &#8220;No lo hab\u00eda practicado antes y aunque ten\u00eda algunas bases, pienso que no sab\u00eda nada del idioma. La misma necesidad lo hace a uno aprender y buscar c\u00f3mo conversar con personas que solo hablan ingl\u00e9s. Dej\u00e9 de platicar con los miembros de mi misma comunidad, no porque no les diera importancia, sino porque necesitaba una inmersi\u00f3n total en la pronunciaci\u00f3n y la comprensi\u00f3n, as\u00ed como el conocimiento de vocabulario&#8221;, relata.&nbsp;<\/p><p>En 2023 se someti\u00f3 al tercer examen, tuvo aproximadamente dos meses para prepararse. Fue un d\u00eda de mucho nerviosismo porque su gran sue\u00f1o se jugaba sobre aquel papel y aquellas respuestas. Resolvi\u00f3 las preguntas lo m\u00e1s r\u00e1pido y lo mejor que pudo, puesto que hab\u00eda tiempo l\u00edmite.&nbsp;<\/p>\n<p>&#8220;Cuando me dieron el resultado \u00a1gan\u00e9! \u00a1gan\u00e9! Yo saltaba de alegr\u00eda. Lo hab\u00eda logrado. Aquel d\u00eda fue m\u00e1s alegre que cuando sal\u00ed de la High School. Y eso marc\u00f3 mi aceptaci\u00f3n para comenzar el entrenamiento f\u00edsico y t\u00e1ctico&#8221;, relata.<\/p>\n<p>\u00bfY es as\u00ed como en las pel\u00edculas, que te ponen a correr, a saltar obst\u00e1culos, a disparar&#8230;?, le pregunto. &#8220;\u00a1S\u00ed!.. m\u00e1s fuerte a\u00fan. Es de desarrollar resistencia f\u00edsica y mental, agarrar una fortaleza que uno debe descubrir. Fue duro, pero me gust\u00f3 mucho, sobre todo disparar con el fusil ja ja ja&#8230; Pero al principio s\u00ed me reviraba mucho el arma, hay que saber agarrarla&#8221;, cuenta Geramy.<\/p>\n<p>Las clases te\u00f3ricas tambien contin\u00faan y se alternan con la preparaci\u00f3n f\u00edsica. &#8220;A veces nos levantan a las 3 de la ma\u00f1ana para ir a correr, aunque usualmente es a las 5 de la ma\u00f1ana. No importa el fr\u00edo o el calor, hay que salir y fortalecerse con todo el grupo. Para m\u00ed ha sido una etapa de mucho crecimiento personal y me gustar\u00eda llegar a lograr el grado de sargento&nbsp; con especialidad en log\u00edstica&#8221;.<\/p>\n<p>El 14 de febrero de 2024, Geramy pudo lucir por primera vez el uniforme que le identifica como miembro del Ej\u00e9rcito. &#8220;Mis padres estaban felices, mi hermano estaba feliz, quiero poner en alto el nombre de mi cultura&#8221;.<\/p>\t\t\t\t\t\t\t\t<\/div>\n\t\t\t\t\t<\/div>\n\t\t<\/div>\n\t\t\t\t\t<\/div>\n\t\t<\/section>\n\t\t\t\t<section data-particle_enable=\"false\" data-particle-mobile-disabled=\"false\" class=\"elementor-section elementor-top-section elementor-element elementor-element-3c64590 elementor-section-boxed elementor-section-height-default elementor-section-height-default\" data-id=\"3c64590\" data-element_type=\"section\" data-e-type=\"section\">\n\t\t\t\t\t\t<div class=\"elementor-container elementor-column-gap-default\">\n\t\t\t\t\t<div class=\"elementor-column elementor-col-100 elementor-top-column elementor-element elementor-element-adb7520\" data-id=\"adb7520\" data-element_type=\"column\" data-e-type=\"column\">\n\t\t\t<div class=\"elementor-widget-wrap elementor-element-populated\">\n\t\t\t\t\t\t<div class=\"elementor-element elementor-element-f664aa9 elementor-widget elementor-widget-image\" data-id=\"f664aa9\" data-element_type=\"widget\" data-e-type=\"widget\" data-widget_type=\"image.default\">\n\t\t\t\t\t\t\t\t\t\t\t\t<figure class=\"wp-caption\">\n\t\t\t\t\t\t\t\t\t\t<img decoding=\"async\" width=\"852\" height=\"497\" src=\"https:\/\/soymigrante.com\/revista\/wp-content\/uploads\/2024\/03\/geraos.webp\" class=\"attachment-large size-large wp-image-5491\" alt=\"Fotograf\u00eda de uno de los entrenamientos militares en los que Geramy Oliva a visto a prueba su resistencia f\u00edsica y mental.\" srcset=\"https:\/\/soymigrante.com\/revista\/wp-content\/uploads\/2024\/03\/geraos.webp 852w, https:\/\/soymigrante.com\/revista\/wp-content\/uploads\/2024\/03\/geraos-300x175.webp 300w, https:\/\/soymigrante.com\/revista\/wp-content\/uploads\/2024\/03\/geraos-768x448.webp 768w, https:\/\/soymigrante.com\/revista\/wp-content\/uploads\/2024\/03\/geraos-750x438.webp 750w\" sizes=\"(max-width: 852px) 100vw, 852px\" title=\"Fotograf\u00eda de uno de los entrenamientos militares en los que Geramy Oliva a visto a prueba su resistencia f\u00edsica y mental. \u2013 SoyMigrante.com REVISTA\" \/>\t\t\t\t\t\t\t\t\t\t\t<figcaption class=\"widget-image-caption wp-caption-text\">Fotograf\u00eda de uno de los entrenamientos militares en los que Geramy Oliva a visto a prueba su resistencia f\u00edsica y mental.<\/figcaption>\n\t\t\t\t\t\t\t\t\t\t<\/figure>\n\t\t\t\t\t\t\t\t\t<\/div>\n\t\t\t\t\t<\/div>\n\t\t<\/div>\n\t\t\t\t\t<\/div>\n\t\t<\/section>\n\t\t\t\t<section data-particle_enable=\"false\" data-particle-mobile-disabled=\"false\" class=\"elementor-section elementor-top-section elementor-element elementor-element-343c393 elementor-section-boxed elementor-section-height-default elementor-section-height-default\" data-id=\"343c393\" data-element_type=\"section\" data-e-type=\"section\">\n\t\t\t\t\t\t<div class=\"elementor-container elementor-column-gap-default\">\n\t\t\t\t\t<div class=\"elementor-column elementor-col-100 elementor-top-column elementor-element elementor-element-266522b\" data-id=\"266522b\" data-element_type=\"column\" data-e-type=\"column\">\n\t\t\t<div class=\"elementor-widget-wrap elementor-element-populated\">\n\t\t\t\t\t\t<div class=\"elementor-element elementor-element-5473da5 elementor-widget elementor-widget-heading\" data-id=\"5473da5\" data-element_type=\"widget\" data-e-type=\"widget\" data-widget_type=\"heading.default\">\n\t\t\t\t\t<h2 class=\"elementor-heading-title elementor-size-default\">Nostalgia por su pueblo <\/h2>\t\t\t\t<\/div>\n\t\t\t\t\t<\/div>\n\t\t<\/div>\n\t\t\t\t\t<\/div>\n\t\t<\/section>\n\t\t\t\t<section data-particle_enable=\"false\" data-particle-mobile-disabled=\"false\" class=\"elementor-section elementor-top-section elementor-element elementor-element-131657c elementor-section-boxed elementor-section-height-default elementor-section-height-default\" data-id=\"131657c\" data-element_type=\"section\" data-e-type=\"section\">\n\t\t\t\t\t\t<div class=\"elementor-container elementor-column-gap-default\">\n\t\t\t\t\t<div class=\"elementor-column elementor-col-100 elementor-top-column elementor-element elementor-element-982c0c4\" data-id=\"982c0c4\" data-element_type=\"column\" data-e-type=\"column\">\n\t\t\t<div class=\"elementor-widget-wrap elementor-element-populated\">\n\t\t\t\t\t\t<div class=\"elementor-element elementor-element-4fbb64b elementor-widget elementor-widget-text-editor\" data-id=\"4fbb64b\" data-element_type=\"widget\" data-e-type=\"widget\" data-widget_type=\"text-editor.default\">\n\t\t\t\t\t\t\t\t\t<p>Geramy siempre tiene muy presente la tranquilidad y la belleza de su tierra natal, L\u00edvingston, Izabal, en donde naci\u00f3 y vivi\u00f3 su ni\u00f1ez. &#8220;Es un lugar muy hermoso, con tantos amigos y gente querida. Lamentablemente, tambi\u00e9n hay mucha pobreza y necesidades. Fue por eso que mi padre emigr\u00f3, despu\u00e9s mi mam\u00e1 y luego mi hermano y yo. Extra\u00f1o todo el sabor de la comida. Aunque hay una gran comunidad gar\u00edfuna en Nueva York&#8230; no hay como el pescado reci\u00e9n sacado del agua, el coco reci\u00e9n bajado de la palmera. Amo mi cultura y tambi\u00e9n las tradiciones de nuestro pueblo. Esa identidad tambi\u00e9n me hace fuerte y la uni\u00f3n de mi familia es muestra de esos valores&#8221;, finaliza.<\/p><p>L\u00edvingston Izabal se encuentra sobre la Costa Atl\u00e1ntica de Guatemala, el acceso m\u00e1s usual es por v\u00eda mar\u00edtima, desde Puerto Barrios, cabecera de Izabal.<\/p>\t\t\t\t\t\t\t\t<\/div>\n\t\t\t\t\t<\/div>\n\t\t<\/div>\n\t\t\t\t\t<\/div>\n\t\t<\/section>\n\t\t\t\t<section data-particle_enable=\"false\" data-particle-mobile-disabled=\"false\" class=\"elementor-section elementor-top-section elementor-element elementor-element-9ef26c7 elementor-section-boxed elementor-section-height-default elementor-section-height-default\" data-id=\"9ef26c7\" data-element_type=\"section\" data-e-type=\"section\">\n\t\t\t\t\t\t<div class=\"elementor-container elementor-column-gap-default\">\n\t\t\t\t\t<div class=\"elementor-column elementor-col-100 elementor-top-column elementor-element elementor-element-a91d62d\" data-id=\"a91d62d\" data-element_type=\"column\" data-e-type=\"column\">\n\t\t\t<div class=\"elementor-widget-wrap elementor-element-populated\">\n\t\t\t\t\t\t<div class=\"elementor-element elementor-element-b759016 elementor-widget elementor-widget-google_maps\" data-id=\"b759016\" data-element_type=\"widget\" data-e-type=\"widget\" data-widget_type=\"google_maps.default\">\n\t\t\t\t\t\t\t<div class=\"elementor-custom-embed\">\n\t\t\t<iframe loading=\"lazy\"\n\t\t\t\t\tsrc=\"https:\/\/maps.google.com\/maps?q=livingston%20&#038;t=m&#038;z=10&#038;output=embed&#038;iwloc=near\"\n\t\t\t\t\ttitle=\"livingston \"\n\t\t\t\t\taria-label=\"livingston \"\n\t\t\t><\/iframe>\n\t\t<\/div>\n\t\t\t\t\t\t<\/div>\n\t\t\t\t\t<\/div>\n\t\t<\/div>\n\t\t\t\t\t<\/div>\n\t\t<\/section>\n\t\t\t\t<section data-particle_enable=\"false\" data-particle-mobile-disabled=\"false\" class=\"elementor-section elementor-top-section elementor-element elementor-element-d7847e5 elementor-section-boxed elementor-section-height-default elementor-section-height-default\" data-id=\"d7847e5\" data-element_type=\"section\" data-e-type=\"section\">\n\t\t\t\t\t\t<div class=\"elementor-container elementor-column-gap-default\">\n\t\t\t\t\t<div class=\"elementor-column elementor-col-100 elementor-top-column elementor-element elementor-element-4c72e01\" data-id=\"4c72e01\" data-element_type=\"column\" data-e-type=\"column\">\n\t\t\t<div class=\"elementor-widget-wrap elementor-element-populated\">\n\t\t\t\t\t\t<div class=\"elementor-element elementor-element-39260c0 elementor-widget elementor-widget-heading\" data-id=\"39260c0\" data-element_type=\"widget\" data-e-type=\"widget\" data-widget_type=\"heading.default\">\n\t\t\t\t\t<h2 class=\"elementor-heading-title elementor-size-default\">Guatemala, pa\u00eds multicultural<\/h2>\t\t\t\t<\/div>\n\t\t\t\t\t<\/div>\n\t\t<\/div>\n\t\t\t\t\t<\/div>\n\t\t<\/section>\n\t\t\t\t<section data-particle_enable=\"false\" data-particle-mobile-disabled=\"false\" class=\"elementor-section elementor-top-section elementor-element elementor-element-206dbd8 elementor-section-boxed elementor-section-height-default elementor-section-height-default\" data-id=\"206dbd8\" data-element_type=\"section\" data-e-type=\"section\">\n\t\t\t\t\t\t<div class=\"elementor-container elementor-column-gap-default\">\n\t\t\t\t\t<div class=\"elementor-column elementor-col-100 elementor-top-column elementor-element elementor-element-903e98a\" data-id=\"903e98a\" data-element_type=\"column\" data-e-type=\"column\">\n\t\t\t<div class=\"elementor-widget-wrap elementor-element-populated\">\n\t\t\t\t\t\t<div class=\"elementor-element elementor-element-652d478 elementor-grid-eael-col-4 elementor-grid-tablet-eael-col-2 elementor-grid-mobile-eael-col-1 elementor-widget elementor-widget-eael-post-grid\" data-id=\"652d478\" data-element_type=\"widget\" data-e-type=\"widget\" data-settings=\"{&quot;eael_post_grid_columns&quot;:&quot;eael-col-4&quot;,&quot;eael_post_grid_columns_tablet&quot;:&quot;eael-col-2&quot;,&quot;eael_post_grid_columns_mobile&quot;:&quot;eael-col-1&quot;}\" data-widget_type=\"eael-post-grid.default\">\n\t\t\t\t\t<div id=\"eael-post-grid-652d478\" class=\"eael-post-grid-container\">\n            <div class=\"eael-post-grid eael-post-appender eael-post-appender-652d478 eael-post-grid-style-one\" data-layout-mode=\"masonry\"><article class=\"eael-grid-post  eael-post-grid-column eael-pg-post-5160 category-exitos\" data-id=\"5160\">\n        <div class=\"eael-grid-post-holder\">\n            <div class=\"eael-grid-post-holder-inner\"><div class=\"eael-entry-media\"><div class=\"eael-entry-overlay fade-in\"><i class=\"fas fa-long-arrow-alt-right\" aria-hidden=\"true\"><\/i><a href=\"https:\/\/soymigrante.com\/revista\/willy-barreno-ayuda-migrantes-quetzaltenango-proyecto\/\"><\/a><\/div><div class=\"eael-entry-thumbnail \">\n                <img loading=\"lazy\" decoding=\"async\" width=\"300\" height=\"225\" src=\"https:\/\/soymigrante.com\/revista\/wp-content\/uploads\/2024\/03\/Chef-Willy-Barreno-3-300x225.webp\" class=\"attachment-medium size-medium wp-image-5186\" alt=\"\" srcset=\"https:\/\/soymigrante.com\/revista\/wp-content\/uploads\/2024\/03\/Chef-Willy-Barreno-3-300x225.webp 300w, https:\/\/soymigrante.com\/revista\/wp-content\/uploads\/2024\/03\/Chef-Willy-Barreno-3-1024x768.webp 1024w, https:\/\/soymigrante.com\/revista\/wp-content\/uploads\/2024\/03\/Chef-Willy-Barreno-3-768x576.webp 768w, https:\/\/soymigrante.com\/revista\/wp-content\/uploads\/2024\/03\/Chef-Willy-Barreno-3-750x563.webp 750w, https:\/\/soymigrante.com\/revista\/wp-content\/uploads\/2024\/03\/Chef-Willy-Barreno-3-1140x855.webp 1140w, https:\/\/soymigrante.com\/revista\/wp-content\/uploads\/2024\/03\/Chef-Willy-Barreno-3.webp 1440w\" sizes=\"(max-width: 300px) 100vw, 300px\" \/>\n            <\/div>\n        <\/div><div class=\"eael-entry-wrapper\"><header class=\"eael-entry-header\"><h2 class=\"eael-entry-title\"><a class=\"eael-grid-post-link\" href=\"https:\/\/soymigrante.com\/revista\/willy-barreno-ayuda-migrantes-quetzaltenango-proyecto\/\" title=\"Willy Barreno: chef migrante ayuda a migrantes en su propia tierra\">Willy Barreno: chef migrante ayuda a migrantes en su propia tierra<\/a><\/h2><\/header><div class=\"eael-entry-content\">\n                        <div class=\"eael-grid-post-excerpt\"><p>La muerte de una madre migrante cambi\u00f3 la vida del...<\/p><\/div>\n                    <\/div><\/div><\/div>\n        <\/div>\n    <\/article><article class=\"eael-grid-post  eael-post-grid-column eael-pg-post-2639 category-exitos\" data-id=\"2639\">\n        <div class=\"eael-grid-post-holder\">\n            <div class=\"eael-grid-post-holder-inner\"><div class=\"eael-entry-media\"><div class=\"eael-entry-overlay fade-in\"><i class=\"fas fa-long-arrow-alt-right\" aria-hidden=\"true\"><\/i><a href=\"https:\/\/soymigrante.com\/revista\/empresario-migrante-guatemalteco-arnold-ciego-impulsa-identidad-garifuna-desde-bronx-ny\/\"><\/a><\/div><div class=\"eael-entry-thumbnail \">\n                <img loading=\"lazy\" decoding=\"async\" width=\"300\" height=\"204\" src=\"https:\/\/soymigrante.com\/revista\/wp-content\/uploads\/2023\/09\/arnold-ciego-e1695409486578-300x204.webp\" class=\"attachment-medium size-medium wp-image-2640\" alt=\"Arnold Ciego migrante gar\u00edfuna guatemalteco presta sus servicios de asesor\u00eda tributaria en el barrio del Bronx, en Nueva York.\" srcset=\"https:\/\/soymigrante.com\/revista\/wp-content\/uploads\/2023\/09\/arnold-ciego-e1695409486578-300x204.webp 300w, https:\/\/soymigrante.com\/revista\/wp-content\/uploads\/2023\/09\/arnold-ciego-e1695409486578-768x523.webp 768w, https:\/\/soymigrante.com\/revista\/wp-content\/uploads\/2023\/09\/arnold-ciego-e1695409486578-750x511.webp 750w, https:\/\/soymigrante.com\/revista\/wp-content\/uploads\/2023\/09\/arnold-ciego-e1695409486578.webp 810w\" sizes=\"(max-width: 300px) 100vw, 300px\" \/>\n            <\/div>\n        <\/div><div class=\"eael-entry-wrapper\"><header class=\"eael-entry-header\"><h2 class=\"eael-entry-title\"><a class=\"eael-grid-post-link\" href=\"https:\/\/soymigrante.com\/revista\/empresario-migrante-guatemalteco-arnold-ciego-impulsa-identidad-garifuna-desde-bronx-ny\/\" title=\"Empresario migrante gar\u00edfuna guatemalteco Arnold Ciego exalta su identidad desde el Bronx, NY\">Empresario migrante gar\u00edfuna guatemalteco Arnold Ciego exalta su identidad desde el Bronx, NY<\/a><\/h2><\/header><div class=\"eael-entry-content\">\n                        <div class=\"eael-grid-post-excerpt\"><p>Experto en contabilidad y asesor\u00eda tributaria en Estados Unidos, pero...<\/p><\/div>\n                    <\/div><\/div><\/div>\n        <\/div>\n    <\/article><article class=\"eael-grid-post  eael-post-grid-column eael-pg-post-2581 category-guate-nuestra tags-danzas-de-guatemala\" data-id=\"2581\">\n        <div class=\"eael-grid-post-holder\">\n            <div class=\"eael-grid-post-holder-inner\"><div class=\"eael-entry-media\"><div class=\"eael-entry-overlay fade-in\"><i class=\"fas fa-long-arrow-alt-right\" aria-hidden=\"true\"><\/i><a href=\"https:\/\/soymigrante.com\/revista\/guatemala-danza-yancunu-es-un-baile-garifuna-que-evoca-a-un-pueblo-migrante-en-lucha-por-su-libertad\/\"><\/a><\/div><div class=\"eael-entry-thumbnail \">\n                <img loading=\"lazy\" decoding=\"async\" width=\"300\" height=\"169\" src=\"https:\/\/soymigrante.com\/revista\/wp-content\/uploads\/2023\/09\/yancunu-en-el-bronx-2020-300x169.webp\" class=\"attachment-medium size-medium wp-image-2583\" alt=\"Baile de Yancun\u00fa o Wuaranagu\u00e1, en un parque de el barrio de el Bronx, Nueva York, efectuado en 2020.\" srcset=\"https:\/\/soymigrante.com\/revista\/wp-content\/uploads\/2023\/09\/yancunu-en-el-bronx-2020-300x169.webp 300w, https:\/\/soymigrante.com\/revista\/wp-content\/uploads\/2023\/09\/yancunu-en-el-bronx-2020-768x432.webp 768w, https:\/\/soymigrante.com\/revista\/wp-content\/uploads\/2023\/09\/yancunu-en-el-bronx-2020-750x422.webp 750w, https:\/\/soymigrante.com\/revista\/wp-content\/uploads\/2023\/09\/yancunu-en-el-bronx-2020.jpg 960w\" sizes=\"(max-width: 300px) 100vw, 300px\" \/>\n            <\/div>\n        <\/div><div class=\"eael-entry-wrapper\"><header class=\"eael-entry-header\"><h2 class=\"eael-entry-title\"><a class=\"eael-grid-post-link\" href=\"https:\/\/soymigrante.com\/revista\/guatemala-danza-yancunu-es-un-baile-garifuna-que-evoca-a-un-pueblo-migrante-en-lucha-por-su-libertad\/\" title=\"Danzas de Guatemala: Yancun\u00fa es un baile gar\u00edfuna para expresar libertad\">Danzas de Guatemala: Yancun\u00fa es un baile gar\u00edfuna para expresar libertad<\/a><\/h2><\/header><div class=\"eael-entry-content\">\n                        <div class=\"eael-grid-post-excerpt\"><p>La cultura de Guatemala integra cuatro grandes pueblos: ladinos, mayas,...<\/p><\/div>\n                    <\/div><\/div><\/div>\n        <\/div>\n    <\/article><article class=\"eael-grid-post  eael-post-grid-column eael-pg-post-2569 category-guate-nuestra\" data-id=\"2569\">\n        <div class=\"eael-grid-post-holder\">\n            <div class=\"eael-grid-post-holder-inner\"><div class=\"eael-entry-media\"><div class=\"eael-entry-overlay fade-in\"><i class=\"fas fa-long-arrow-alt-right\" aria-hidden=\"true\"><\/i><a href=\"https:\/\/soymigrante.com\/revista\/guatemala-danza-mortal-toreada-de-los-partidenos-en-honor-al-patron-santiago\/\"><\/a><\/div><div class=\"eael-entry-thumbnail \">\n                <img loading=\"lazy\" decoding=\"async\" width=\"300\" height=\"145\" src=\"https:\/\/soymigrante.com\/revista\/wp-content\/uploads\/2023\/09\/Captura-de-pantalla-2023-09-12-145821-300x145.webp\" class=\"attachment-medium size-medium wp-image-2570\" alt=\"Baile del Partide\u00f1o, en Pal\u00edn Guatemala.\" srcset=\"https:\/\/soymigrante.com\/revista\/wp-content\/uploads\/2023\/09\/Captura-de-pantalla-2023-09-12-145821-300x145.webp 300w, https:\/\/soymigrante.com\/revista\/wp-content\/uploads\/2023\/09\/Captura-de-pantalla-2023-09-12-145821-1024x494.webp 1024w, https:\/\/soymigrante.com\/revista\/wp-content\/uploads\/2023\/09\/Captura-de-pantalla-2023-09-12-145821-768x370.webp 768w, https:\/\/soymigrante.com\/revista\/wp-content\/uploads\/2023\/09\/Captura-de-pantalla-2023-09-12-145821-1536x741.webp 1536w, https:\/\/soymigrante.com\/revista\/wp-content\/uploads\/2023\/09\/Captura-de-pantalla-2023-09-12-145821-750x362.webp 750w, https:\/\/soymigrante.com\/revista\/wp-content\/uploads\/2023\/09\/Captura-de-pantalla-2023-09-12-145821-1140x550.webp 1140w, https:\/\/soymigrante.com\/revista\/wp-content\/uploads\/2023\/09\/Captura-de-pantalla-2023-09-12-145821.webp 1920w\" sizes=\"(max-width: 300px) 100vw, 300px\" \/>\n            <\/div>\n        <\/div><div class=\"eael-entry-wrapper\"><header class=\"eael-entry-header\"><h2 class=\"eael-entry-title\"><a class=\"eael-grid-post-link\" href=\"https:\/\/soymigrante.com\/revista\/guatemala-danza-mortal-toreada-de-los-partidenos-en-honor-al-patron-santiago\/\" title=\"Guatemala Danza: Temeraria pero alegre toreada en el Baile de los Partide\u00f1os\">Guatemala Danza: Temeraria pero alegre toreada en el Baile de los Partide\u00f1os<\/a><\/h2><\/header><div class=\"eael-entry-content\">\n                        <div class=\"eael-grid-post-excerpt\"><p>La danza Los Partide\u00f1os se presenta para la fiesta de...<\/p><\/div>\n                    <\/div><\/div><\/div>\n        <\/div>\n    <\/article><\/div>\n            <div class=\"clearfix\"><\/div>\n        <\/div>\t\t\t\t<\/div>\n\t\t\t\t\t<\/div>\n\t\t<\/div>\n\t\t\t\t\t<\/div>\n\t\t<\/section>\n\t\t\t\t<\/div>\n\t\t","protected":false},"excerpt":{"rendered":"<p>&#8220;Ese d\u00eda lo celebr\u00e9 a\u00fan m\u00e1s que cuando me gradu\u00e9 de High School&#8221;, dice Geramy Oliva, migrante guatemalteca gar\u00edfuna de 22 a\u00f1os, sobre el d\u00eda en que fue admitida en el US Army. Cuando Geramy Oliva, joven migrante guatemalteca radicada en Nueva York, le comunic\u00f3 a sus padres su deseo de ingresar al Ej\u00e9rcito de [&hellip;]<\/p>\n","protected":false},"author":7,"featured_media":5484,"comment_status":"open","ping_status":"open","sticky":false,"template":"","format":"standard","meta":{"_acf_changed":false,"_eb_attr":"","footnotes":""},"categories":[50],"tags":[],"class_list":["post-5483","post","type-post","status-publish","format-standard","has-post-thumbnail","hentry","category-exitos"],"acf":[],"aioseo_notices":[],"aioseo_head":"\n\t\t<!-- All in One SEO Pro 4.9.6.2 - aioseo.com -->\n\t<meta name=\"description\" content=\"La danza Los Partide\u00f1os se presenta para la fiesta de Corpus Christi en unos pueblos, en otros para la Inmaculada Concepci\u00f3n o para la patrona Santa Ana: un grupo de vaqueros se enfrenta a un toro. Al toro, por los cuernos El baile del Partide\u00f1o o de Partide\u00f1os es una escenificaci\u00f3n de una corrida de La Danza de Los Partide\u00f1os escenifica una corrida de toros muy festiva pero que termina en tragedia. Se presenta en fiestas titulares de San Marcos, Escuintla, Suchitep\u00e9quez y Solol\u00e1.\" \/>\n\t<meta name=\"robots\" content=\"max-snippet:-1, max-image-preview:large, max-video-preview:-1\" \/>\n\t<meta name=\"author\" content=\"Gustavo Montenegro\"\/>\n\t<link rel=\"canonical\" href=\"https:\/\/soymigrante.com\/revista\/guatemalteca-ejercito-estados-unidos-garifuna-prueba\/\" \/>\n\t<meta name=\"generator\" content=\"All in One SEO Pro (AIOSEO) 4.9.6.2\" \/>\n\n\t\t<link rel=\"preconnect\" href=\"https:\/\/fonts.googleapis.com\" crossorigin>\n<link rel=\"preconnect\" href=\"https:\/\/fonts.gstatic.com\" crossorigin>\n\t\t<meta property=\"og:locale\" content=\"es_ES\" \/>\n\t\t<meta property=\"og:site_name\" content=\"SoyMigrante.com REVISTA \u2013 Nuestra misi\u00f3n es reconocer y dignificar al migrante.\" \/>\n\t\t<meta property=\"og:type\" content=\"article\" \/>\n\t\t<meta property=\"og:title\" content=\"Migrante gar\u00edfuna Geramy Oliva venci\u00f3 retos para entrar al Ej\u00e9rcito de EE.UU.\" \/>\n\t\t<meta property=\"og:description\" content=\"&quot;Ese d\u00eda lo celebr\u00e9 a\u00fan m\u00e1s que cuando me gradu\u00e9 de High School&quot;, dice Geramy Oliva, migrante guatemalteca gar\u00edfuna de 22 a\u00f1os, sobre el d\u00eda en que fue admitida en el US Army. Cuando Geramy Oliva, joven migrante guatemalteca radicada en Nueva York, le comunic\u00f3 a sus padres su deseo de ingresar al Ej\u00e9rcito de\" \/>\n\t\t<meta property=\"og:url\" content=\"https:\/\/soymigrante.com\/revista\/guatemalteca-ejercito-estados-unidos-garifuna-prueba\/\" \/>\n\t\t<meta property=\"og:image\" content=\"https:\/\/soymigrante.com\/revista\/wp-content\/uploads\/2024\/03\/geramycita.webp\" \/>\n\t\t<meta property=\"og:image:secure_url\" content=\"https:\/\/soymigrante.com\/revista\/wp-content\/uploads\/2024\/03\/geramycita.webp\" \/>\n\t\t<meta property=\"og:image:width\" content=\"825\" \/>\n\t\t<meta property=\"og:image:height\" content=\"693\" \/>\n\t\t<meta property=\"article:published_time\" content=\"2024-03-18T19:35:43+00:00\" \/>\n\t\t<meta property=\"article:modified_time\" content=\"2024-07-30T17:33:36+00:00\" \/>\n\t\t<meta property=\"article:publisher\" content=\"https:\/\/www.facebook.com\/soymigrantecom\" \/>\n\t\t<meta name=\"twitter:card\" content=\"summary_large_image\" \/>\n\t\t<meta name=\"twitter:site\" content=\"@SoyMigrante_com\" \/>\n\t\t<meta name=\"twitter:title\" content=\"Migrante gar\u00edfuna Geramy Oliva venci\u00f3 retos para entrar al Ej\u00e9rcito de EE.UU.\" \/>\n\t\t<meta name=\"twitter:description\" content=\"&quot;Ese d\u00eda lo celebr\u00e9 a\u00fan m\u00e1s que cuando me gradu\u00e9 de High School&quot;, dice Geramy Oliva, migrante guatemalteca gar\u00edfuna de 22 a\u00f1os, sobre el d\u00eda en que fue admitida en el US Army. Cuando Geramy Oliva, joven migrante guatemalteca radicada en Nueva York, le comunic\u00f3 a sus padres su deseo de ingresar al Ej\u00e9rcito de\" \/>\n\t\t<meta name=\"twitter:creator\" content=\"@SoyMigrante_com\" \/>\n\t\t<meta name=\"twitter:image\" content=\"https:\/\/soymigrante.com\/revista\/wp-content\/uploads\/2024\/03\/geramycita.webp\" \/>\n\t\t<!-- All in One SEO Pro -->\r\n\t\t<title>Migrante gar\u00edfuna Geramy Oliva venci\u00f3 retos para entrar al Ej\u00e9rcito de EE.UU.<\/title>\n\n","aioseo_head_json":{"title":"Migrante gar\u00edfuna Geramy Oliva venci\u00f3 retos para entrar al Ej\u00e9rcito de EE.UU.","description":"\"Ese d\u00eda lo celebr\u00e9 a\u00fan m\u00e1s que cuando me gradu\u00e9 de High School\", dice Geramy Oliva, migrante guatemalteca gar\u00edfuna de 22 a\u00f1os, sobre el d\u00eda en que fue admitida en el US Army. Cuando Geramy Oliva, joven migrante guatemalteca radicada en Nueva York, le comunic\u00f3 a sus padres su deseo de ingresar al Ej\u00e9rcito de","canonical_url":"https:\/\/soymigrante.com\/revista\/guatemalteca-ejercito-estados-unidos-garifuna-prueba\/","robots":"max-snippet:-1, max-image-preview:large, max-video-preview:-1","keywords":"","webmasterTools":{"miscellaneous":"&lt;link rel=\"preconnect\" href=\"https:\/\/fonts.googleapis.com\" crossorigin&gt;\n&lt;link rel=\"preconnect\" href=\"https:\/\/fonts.gstatic.com\" crossorigin&gt;"},"schema":null,"og:locale":"es_ES","og:site_name":"SoyMigrante.com REVISTA \u2013 Nuestra misi\u00f3n es reconocer y dignificar al migrante.","og:type":"article","og:title":"Migrante gar\u00edfuna Geramy Oliva venci\u00f3 retos para entrar al Ej\u00e9rcito de EE.UU.","og:description":"&quot;Ese d\u00eda lo celebr\u00e9 a\u00fan m\u00e1s que cuando me gradu\u00e9 de High School&quot;, dice Geramy Oliva, migrante guatemalteca gar\u00edfuna de 22 a\u00f1os, sobre el d\u00eda en que fue admitida en el US Army. Cuando Geramy Oliva, joven migrante guatemalteca radicada en Nueva York, le comunic\u00f3 a sus padres su deseo de ingresar al Ej\u00e9rcito de","og:url":"https:\/\/soymigrante.com\/revista\/guatemalteca-ejercito-estados-unidos-garifuna-prueba\/","og:image":"https:\/\/soymigrante.com\/revista\/wp-content\/uploads\/2024\/03\/geramycita.webp","og:image:secure_url":"https:\/\/soymigrante.com\/revista\/wp-content\/uploads\/2024\/03\/geramycita.webp","og:image:width":825,"og:image:height":693,"article:published_time":"2024-03-18T19:35:43+00:00","article:modified_time":"2024-07-30T17:33:36+00:00","article:publisher":"https:\/\/www.facebook.com\/soymigrantecom","twitter:card":"summary_large_image","twitter:site":"@SoyMigrante_com","twitter:title":"Migrante gar\u00edfuna Geramy Oliva venci\u00f3 retos para entrar al Ej\u00e9rcito de EE.UU.","twitter:description":"&quot;Ese d\u00eda lo celebr\u00e9 a\u00fan m\u00e1s que cuando me gradu\u00e9 de High School&quot;, dice Geramy Oliva, migrante guatemalteca gar\u00edfuna de 22 a\u00f1os, sobre el d\u00eda en que fue admitida en el US Army. Cuando Geramy Oliva, joven migrante guatemalteca radicada en Nueva York, le comunic\u00f3 a sus padres su deseo de ingresar al Ej\u00e9rcito de","twitter:creator":"@SoyMigrante_com","twitter:image":"https:\/\/soymigrante.com\/revista\/wp-content\/uploads\/2024\/03\/geramycita.webp"},"aioseo_meta_data":{"post_id":"5483","title":null,"description":null,"keywords":null,"keyphrases":{"focus":{"keyphrase":"Migrante","score":91,"analysis":{"keyphraseInTitle":{"score":9,"maxScore":9,"error":0},"keyphraseInDescription":{"score":9,"maxScore":9,"error":0},"keyphraseLength":{"score":9,"maxScore":9,"error":0,"length":1},"keyphraseInURL":{"score":5,"maxScore":5,"error":0},"keyphraseInIntroduction":{"score":9,"maxScore":9,"error":0},"keyphraseInSubHeadings":{"score":3,"maxScore":9,"error":1},"keyphraseInImageAlt":{"score":9,"maxScore":9,"error":0},"keywordDensity":{"type":"best","score":9,"maxScore":9,"error":0}}},"additional":[]},"primary_term":null,"canonical_url":null,"og_title":null,"og_description":null,"og_object_type":"default","og_image_type":"default","og_image_url":null,"og_image_width":null,"og_image_height":null,"og_image_custom_url":null,"og_image_custom_fields":null,"og_video":"","og_custom_url":null,"og_article_section":null,"og_article_tags":null,"twitter_use_og":false,"twitter_card":"default","twitter_image_type":"default","twitter_image_url":null,"twitter_image_custom_url":null,"twitter_image_custom_fields":null,"twitter_title":null,"twitter_description":null,"schema":{"blockGraphs":[],"customGraphs":[],"default":{"data":{"Article":[],"Course":[],"Dataset":[],"FAQPage":[],"Movie":[],"Person":[],"Product":[],"ProductReview":[],"Car":[],"Recipe":[],"Service":[],"SoftwareApplication":[],"WebPage":[]},"graphName":"Article","isEnabled":true},"graphs":[]},"schema_type":"default","schema_type_options":null,"pillar_content":false,"robots_default":true,"robots_noindex":false,"robots_noarchive":false,"robots_nosnippet":false,"robots_nofollow":false,"robots_noimageindex":false,"robots_noodp":false,"robots_notranslate":false,"robots_max_snippet":"-1","robots_max_videopreview":"-1","robots_max_imagepreview":"large","priority":null,"frequency":"default","local_seo":null,"seo_analyzer_scan_date":"2025-10-08 21:26:12","breadcrumb_settings":null,"limit_modified_date":false,"reviewed_by":null,"open_ai":"{\"title\":{\"suggestions\":[],\"usage\":0},\"description\":{\"suggestions\":[],\"usage\":0}}","ai":null,"created":"2024-03-18 17:29:39","updated":"2026-02-04 11:00:58"},"aioseo_breadcrumb":"<div class=\"aioseo-breadcrumbs\"><span class=\"aioseo-breadcrumb\">\n\t<a href=\"https:\/\/soymigrante.com\/revista\" title=\"Home\">Home<\/a>\n<\/span><span class=\"aioseo-breadcrumb-separator\">\u00bb<\/span><span class=\"aioseo-breadcrumb\">\n\t<a href=\"https:\/\/soymigrante.com\/revista\/category\/exitos\/\" title=\"\u00c9xitos\">\u00c9xitos<\/a>\n<\/span><span class=\"aioseo-breadcrumb-separator\">\u00bb<\/span><span class=\"aioseo-breadcrumb\">\n\tMigrante gar\u00edfuna Geramy Oliva venci\u00f3 retos para entrar al Ej\u00e9rcito de EE.UU.\n<\/span><\/div>","aioseo_breadcrumb_json":[{"label":"Home","link":"https:\/\/soymigrante.com\/revista"},{"label":"\u00c9xitos","link":"https:\/\/soymigrante.com\/revista\/category\/exitos\/"},{"label":"Migrante gar\u00edfuna Geramy Oliva venci\u00f3 retos para entrar al Ej\u00e9rcito de EE.UU.","link":"https:\/\/soymigrante.com\/revista\/guatemalteca-ejercito-estados-unidos-garifuna-prueba\/"}],"_links":{"self":[{"href":"https:\/\/soymigrante.com\/revista\/wp-json\/wp\/v2\/posts\/5483","targetHints":{"allow":["GET"]}}],"collection":[{"href":"https:\/\/soymigrante.com\/revista\/wp-json\/wp\/v2\/posts"}],"about":[{"href":"https:\/\/soymigrante.com\/revista\/wp-json\/wp\/v2\/types\/post"}],"author":[{"embeddable":true,"href":"https:\/\/soymigrante.com\/revista\/wp-json\/wp\/v2\/users\/7"}],"replies":[{"embeddable":true,"href":"https:\/\/soymigrante.com\/revista\/wp-json\/wp\/v2\/comments?post=5483"}],"version-history":[{"count":0,"href":"https:\/\/soymigrante.com\/revista\/wp-json\/wp\/v2\/posts\/5483\/revisions"}],"wp:featuredmedia":[{"embeddable":true,"href":"https:\/\/soymigrante.com\/revista\/wp-json\/wp\/v2\/media\/5484"}],"wp:attachment":[{"href":"https:\/\/soymigrante.com\/revista\/wp-json\/wp\/v2\/media?parent=5483"}],"wp:term":[{"taxonomy":"category","embeddable":true,"href":"https:\/\/soymigrante.com\/revista\/wp-json\/wp\/v2\/categories?post=5483"},{"taxonomy":"post_tag","embeddable":true,"href":"https:\/\/soymigrante.com\/revista\/wp-json\/wp\/v2\/tags?post=5483"}],"curies":[{"name":"wp","href":"https:\/\/api.w.org\/{rel}","templated":true}]}}