{"id":5482,"date":"2024-03-21T22:59:08","date_gmt":"2024-03-22T04:59:08","guid":{"rendered":"https:\/\/soymigrante.com\/revista\/?p=5482"},"modified":"2024-07-30T08:35:25","modified_gmt":"2024-07-30T14:35:25","slug":"consulado-de-guatemala-en-oklahoma-ubicacion-servicio","status":"publish","type":"post","link":"https:\/\/soymigrante.com\/revista\/consulado-de-guatemala-en-oklahoma-ubicacion-servicio\/","title":{"rendered":"Consulado de Guatemala en Oklahoma:  ubicaci\u00f3n y horario"},"content":{"rendered":"\t\t<div data-elementor-type=\"wp-post\" data-elementor-id=\"5482\" class=\"elementor elementor-5482\" data-elementor-post-type=\"post\">\n\t\t\t\t\t\t<section data-particle_enable=\"false\" data-particle-mobile-disabled=\"false\" class=\"elementor-section elementor-top-section elementor-element elementor-element-becc1b4 elementor-section-boxed elementor-section-height-default elementor-section-height-default\" data-id=\"becc1b4\" data-element_type=\"section\" data-e-type=\"section\">\n\t\t\t\t\t\t<div class=\"elementor-container elementor-column-gap-default\">\n\t\t\t\t\t<div class=\"elementor-column elementor-col-100 elementor-top-column elementor-element elementor-element-e062c9f\" data-id=\"e062c9f\" data-element_type=\"column\" data-e-type=\"column\">\n\t\t\t<div class=\"elementor-widget-wrap elementor-element-populated\">\n\t\t\t\t\t\t<div class=\"elementor-element elementor-element-17e85d5 elementor-widget elementor-widget-heading\" data-id=\"17e85d5\" data-element_type=\"widget\" data-e-type=\"widget\" data-widget_type=\"heading.default\">\n\t\t\t\t\t<h2 class=\"elementor-heading-title elementor-size-default\">El Estado de Oklahoma se encuentra en la regi\u00f3n conocida como las Grandes Planicies de EE. UU.  Existe aqu\u00ed una enorme colonia de migrantes guatemaltecos.<\/h2>\t\t\t\t<\/div>\n\t\t\t\t\t<\/div>\n\t\t<\/div>\n\t\t\t\t\t<\/div>\n\t\t<\/section>\n\t\t\t\t<section data-particle_enable=\"false\" data-particle-mobile-disabled=\"false\" class=\"elementor-section elementor-top-section elementor-element elementor-element-bd5d02e elementor-section-boxed elementor-section-height-default elementor-section-height-default\" data-id=\"bd5d02e\" data-element_type=\"section\" data-e-type=\"section\">\n\t\t\t\t\t\t<div class=\"elementor-container elementor-column-gap-default\">\n\t\t\t\t\t<div class=\"elementor-column elementor-col-100 elementor-top-column elementor-element elementor-element-398b546\" data-id=\"398b546\" data-element_type=\"column\" data-e-type=\"column\">\n\t\t\t<div class=\"elementor-widget-wrap elementor-element-populated\">\n\t\t\t\t\t\t<div class=\"elementor-element elementor-element-267e2e9 elementor-widget elementor-widget-text-editor\" data-id=\"267e2e9\" data-element_type=\"widget\" data-e-type=\"widget\" data-widget_type=\"text-editor.default\">\n\t\t\t\t\t\t\t\t\t<p>El Consulado de Guatemala en Oklahoma fue instalado en 2017. Se calcula que en dicho Estado hay unos 40 mil migrantes guatemaltecos. Quienes necesiten efectuar tr\u00e1mites de documentos, consultas migratorias u otro tipo de orientaci\u00f3n deben programar una cita.<\/p>\t\t\t\t\t\t\t\t<\/div>\n\t\t\t\t\t<\/div>\n\t\t<\/div>\n\t\t\t\t\t<\/div>\n\t\t<\/section>\n\t\t\t\t<section data-particle_enable=\"false\" data-particle-mobile-disabled=\"false\" class=\"elementor-section elementor-top-section elementor-element elementor-element-e954d9a elementor-section-boxed elementor-section-height-default elementor-section-height-default\" data-id=\"e954d9a\" data-element_type=\"section\" data-e-type=\"section\">\n\t\t\t\t\t\t<div class=\"elementor-container elementor-column-gap-default\">\n\t\t\t\t\t<div class=\"elementor-column elementor-col-100 elementor-top-column elementor-element elementor-element-4927643\" data-id=\"4927643\" data-element_type=\"column\" data-e-type=\"column\">\n\t\t\t<div class=\"elementor-widget-wrap elementor-element-populated\">\n\t\t\t\t\t\t<div class=\"elementor-element elementor-element-ad2a272 elementor-align-justify elementor-button-info elementor-widget elementor-widget-global elementor-global-5407 elementor-widget-button\" data-id=\"ad2a272\" data-element_type=\"widget\" data-e-type=\"widget\" data-widget_type=\"button.default\">\n\t\t\t\t\t\t\t\t\t\t<a class=\"elementor-button elementor-button-link elementor-size-lg\" href=\"https:\/\/minex-gob-gt.my.site.com\/pc\/s\/citas-consulares\" id=\"https:\/\/minex-gob-gt.my.site.com\/pc\/s\/citas-consulares\">\n\t\t\t\t\t\t<span class=\"elementor-button-content-wrapper\">\n\t\t\t\t\t\t\t\t\t<span class=\"elementor-button-text\">PROGRAMA AQU\u00cd TU CITA CONSULAR<\/span>\n\t\t\t\t\t<\/span>\n\t\t\t\t\t<\/a>\n\t\t\t\t\t\t\t\t<\/div>\n\t\t\t\t\t<\/div>\n\t\t<\/div>\n\t\t\t\t\t<\/div>\n\t\t<\/section>\n\t\t\t\t<section data-particle_enable=\"false\" data-particle-mobile-disabled=\"false\" class=\"elementor-section elementor-top-section elementor-element elementor-element-14fad79 elementor-section-boxed elementor-section-height-default elementor-section-height-default\" data-id=\"14fad79\" data-element_type=\"section\" data-e-type=\"section\">\n\t\t\t\t\t\t<div class=\"elementor-container elementor-column-gap-default\">\n\t\t\t\t\t<div class=\"elementor-column elementor-col-100 elementor-top-column elementor-element elementor-element-297e072\" data-id=\"297e072\" data-element_type=\"column\" data-e-type=\"column\">\n\t\t\t<div class=\"elementor-widget-wrap elementor-element-populated\">\n\t\t\t\t\t\t<div class=\"elementor-element elementor-element-a0a2295 elementor-widget elementor-widget-heading\" data-id=\"a0a2295\" data-element_type=\"widget\" data-e-type=\"widget\" data-widget_type=\"heading.default\">\n\t\t\t\t\t<h4 class=\"elementor-heading-title elementor-size-default\">Aqu\u00ed se localiza el Consulado en Oklahoma<\/h4>\t\t\t\t<\/div>\n\t\t\t\t\t<\/div>\n\t\t<\/div>\n\t\t\t\t\t<\/div>\n\t\t<\/section>\n\t\t\t\t<section data-particle_enable=\"false\" data-particle-mobile-disabled=\"false\" class=\"elementor-section elementor-top-section elementor-element elementor-element-b85dd7f elementor-section-boxed elementor-section-height-default elementor-section-height-default\" data-id=\"b85dd7f\" data-element_type=\"section\" data-e-type=\"section\">\n\t\t\t\t\t\t<div class=\"elementor-container elementor-column-gap-default\">\n\t\t\t\t\t<div class=\"elementor-column elementor-col-100 elementor-top-column elementor-element elementor-element-f40eb22\" data-id=\"f40eb22\" data-element_type=\"column\" data-e-type=\"column\">\n\t\t\t<div class=\"elementor-widget-wrap elementor-element-populated\">\n\t\t\t\t\t\t<div class=\"elementor-element elementor-element-c9be7c4 elementor-widget elementor-widget-text-editor\" data-id=\"c9be7c4\" data-element_type=\"widget\" data-e-type=\"widget\" data-widget_type=\"text-editor.default\">\n\t\t\t\t\t\t\t\t\t<p>Ub\u00edcalo en el <strong>5909 NW Expressway Suite 100 Oklahoma City, Oklahoma 73132<\/strong><\/p><p>Tel\u00e9fonos: <strong>(405) 603 &#8211; 6631 y (405) 603 &#8211; 6638<\/strong><\/p><p>Horario de atenci\u00f3n: <strong>Lunes a viernes de 8.00 a 15.00 p.m.<\/strong><\/p><p>Correo electr\u00f3nico: <a href=\"mailto:consoklahoma@minex.gob.gt\">consoklahoma@minex.gob.gt<\/a><\/p><p>Site: <b>consoklahoma.minex.gob.gt<\/b><\/p>\t\t\t\t\t\t\t\t<\/div>\n\t\t\t\t\t<\/div>\n\t\t<\/div>\n\t\t\t\t\t<\/div>\n\t\t<\/section>\n\t\t\t\t<section data-particle_enable=\"false\" data-particle-mobile-disabled=\"false\" class=\"elementor-section elementor-top-section elementor-element elementor-element-a12c09b elementor-section-boxed elementor-section-height-default elementor-section-height-default\" data-id=\"a12c09b\" data-element_type=\"section\" data-e-type=\"section\">\n\t\t\t\t\t\t<div class=\"elementor-container elementor-column-gap-default\">\n\t\t\t\t\t<div class=\"elementor-column elementor-col-100 elementor-top-column elementor-element elementor-element-0e78486\" data-id=\"0e78486\" data-element_type=\"column\" data-e-type=\"column\">\n\t\t\t<div class=\"elementor-widget-wrap elementor-element-populated\">\n\t\t\t\t\t\t<div class=\"elementor-element elementor-element-28661ac elementor-align-justify elementor-button-info elementor-widget elementor-widget-global elementor-global-5407 elementor-widget-button\" data-id=\"28661ac\" data-element_type=\"widget\" data-e-type=\"widget\" data-widget_type=\"button.default\">\n\t\t\t\t\t\t\t\t\t\t<a class=\"elementor-button elementor-button-link elementor-size-lg\" href=\"https:\/\/minex-gob-gt.my.site.com\/pc\/s\/citas-consulares\" id=\"https:\/\/minex-gob-gt.my.site.com\/pc\/s\/citas-consulares\">\n\t\t\t\t\t\t<span class=\"elementor-button-content-wrapper\">\n\t\t\t\t\t\t\t\t\t<span class=\"elementor-button-text\">PROGRAMA AQU\u00cd TU CITA CONSULAR<\/span>\n\t\t\t\t\t<\/span>\n\t\t\t\t\t<\/a>\n\t\t\t\t\t\t\t\t<\/div>\n\t\t\t\t\t<\/div>\n\t\t<\/div>\n\t\t\t\t\t<\/div>\n\t\t<\/section>\n\t\t\t\t<section data-particle_enable=\"false\" data-particle-mobile-disabled=\"false\" class=\"elementor-section elementor-top-section elementor-element elementor-element-d84fed4 elementor-section-boxed elementor-section-height-default elementor-section-height-default\" data-id=\"d84fed4\" data-element_type=\"section\" data-e-type=\"section\">\n\t\t\t\t\t\t<div class=\"elementor-container elementor-column-gap-default\">\n\t\t\t\t\t<div class=\"elementor-column elementor-col-100 elementor-top-column elementor-element elementor-element-f6da26b\" data-id=\"f6da26b\" data-element_type=\"column\" data-e-type=\"column\">\n\t\t\t<div class=\"elementor-widget-wrap elementor-element-populated\">\n\t\t\t\t\t\t<div class=\"elementor-element elementor-element-8291ef2 elementor-widget elementor-widget-heading\" data-id=\"8291ef2\" data-element_type=\"widget\" data-e-type=\"widget\" data-widget_type=\"heading.default\">\n\t\t\t\t\t<h3 class=\"elementor-heading-title elementor-size-default\">Cobertura migratoria<\/h3>\t\t\t\t<\/div>\n\t\t\t\t\t<\/div>\n\t\t<\/div>\n\t\t\t\t\t<\/div>\n\t\t<\/section>\n\t\t\t\t<section data-particle_enable=\"false\" data-particle-mobile-disabled=\"false\" class=\"elementor-section elementor-top-section elementor-element elementor-element-c83edbc elementor-section-boxed elementor-section-height-default elementor-section-height-default\" data-id=\"c83edbc\" data-element_type=\"section\" data-e-type=\"section\">\n\t\t\t\t\t\t<div class=\"elementor-container elementor-column-gap-default\">\n\t\t\t\t\t<div class=\"elementor-column elementor-col-100 elementor-top-column elementor-element elementor-element-0955789\" data-id=\"0955789\" data-element_type=\"column\" data-e-type=\"column\">\n\t\t\t<div class=\"elementor-widget-wrap elementor-element-populated\">\n\t\t\t\t\t\t<div class=\"elementor-element elementor-element-749a2bd elementor-widget elementor-widget-text-editor\" data-id=\"749a2bd\" data-element_type=\"widget\" data-e-type=\"widget\" data-widget_type=\"text-editor.default\">\n\t\t\t\t\t\t\t\t\t<p>El consulado asiste a los guatemaltecos en los 77 condados del Estado de Oklahoma. Tambi\u00e9n a la comunidad migrante residente en los <b>estados de Kansas, Missouri y Arkansas. <\/b>De acuerdo con la Asociaci\u00f3n Guatemaltecos en Oklahoma en este estado residen al menos 25 mil connacionales.<\/p><p>El Ministerio de Relaciones Exteriores del Gobierno de Guatemala recuerda que nadie puede ni debe cobrar por las citas en ning\u00fan Consulado ni por supuestamente adelantarlas. Cualquier anomal\u00eda debe ser denunciada.<\/p><p>Fuente Minex<\/p><p>\u00a0<\/p>\t\t\t\t\t\t\t\t<\/div>\n\t\t\t\t\t<\/div>\n\t\t<\/div>\n\t\t\t\t\t<\/div>\n\t\t<\/section>\n\t\t\t\t<section data-particle_enable=\"false\" data-particle-mobile-disabled=\"false\" class=\"elementor-section elementor-top-section elementor-element elementor-element-09288dd elementor-section-boxed elementor-section-height-default elementor-section-height-default\" data-id=\"09288dd\" data-element_type=\"section\" data-e-type=\"section\">\n\t\t\t\t\t\t<div class=\"elementor-container elementor-column-gap-default\">\n\t\t\t\t\t<div class=\"elementor-column elementor-col-100 elementor-top-column elementor-element elementor-element-f444187\" data-id=\"f444187\" data-element_type=\"column\" data-e-type=\"column\">\n\t\t\t<div class=\"elementor-widget-wrap elementor-element-populated\">\n\t\t\t\t\t\t<div class=\"elementor-element elementor-element-32d109f elementor-widget elementor-widget-image\" data-id=\"32d109f\" data-element_type=\"widget\" data-e-type=\"widget\" data-widget_type=\"image.default\">\n\t\t\t\t\t\t\t\t\t\t\t\t\t\t\t\t<a href=\"https:\/\/minex-gob-gt.my.site.com\/pc\/s\/citas-consulares\">\n\t\t\t\t\t\t\t<img fetchpriority=\"high\" decoding=\"async\" width=\"576\" height=\"1024\" src=\"https:\/\/soymigrante.com\/revista\/wp-content\/uploads\/2024\/03\/CONSULADO-DE-GUATEMALA-OKLAHOMA_-576x1024.webp\" class=\"attachment-large size-large wp-image-5489\" alt=\"CONSULADO DE GUATEMALA OKLAHOMA_\" srcset=\"https:\/\/soymigrante.com\/revista\/wp-content\/uploads\/2024\/03\/CONSULADO-DE-GUATEMALA-OKLAHOMA_-576x1024.webp 576w, https:\/\/soymigrante.com\/revista\/wp-content\/uploads\/2024\/03\/CONSULADO-DE-GUATEMALA-OKLAHOMA_-169x300.webp 169w, https:\/\/soymigrante.com\/revista\/wp-content\/uploads\/2024\/03\/CONSULADO-DE-GUATEMALA-OKLAHOMA_.webp 720w\" sizes=\"(max-width: 576px) 100vw, 576px\" title=\"CONSULADO DE GUATEMALA OKLAHOMA_ \u2013 SoyMigrante.com REVISTA\" \/>\t\t\t\t\t\t\t\t<\/a>\n\t\t\t\t\t\t\t\t\t\t\t\t\t\t\t<\/div>\n\t\t\t\t\t<\/div>\n\t\t<\/div>\n\t\t\t\t\t<\/div>\n\t\t<\/section>\n\t\t\t\t<section data-particle_enable=\"false\" data-particle-mobile-disabled=\"false\" class=\"elementor-section elementor-top-section elementor-element elementor-element-7ef5eba elementor-section-boxed elementor-section-height-default elementor-section-height-default\" data-id=\"7ef5eba\" data-element_type=\"section\" data-e-type=\"section\">\n\t\t\t\t\t\t<div class=\"elementor-container elementor-column-gap-default\">\n\t\t\t\t\t<div class=\"elementor-column elementor-col-100 elementor-top-column elementor-element elementor-element-ac48be1\" data-id=\"ac48be1\" data-element_type=\"column\" data-e-type=\"column\">\n\t\t\t<div class=\"elementor-widget-wrap elementor-element-populated\">\n\t\t\t\t\t\t<div class=\"elementor-element elementor-element-6ad9c8f elementor-widget elementor-widget-html\" data-id=\"6ad9c8f\" data-element_type=\"widget\" data-e-type=\"widget\" data-widget_type=\"html.default\">\n\t\t\t\t\t<iframe src=\"https:\/\/www.google.com\/maps\/embed?pb=!1m18!1m12!1m3!1d3246.0799962708597!2d-97.62396112435005!3d35.55172647262944!2m3!1f0!2f0!3f0!3m2!1i1024!2i768!4f13.1!3m3!1m2!1s0x87b204d0627a4be5%3A0xe6bff1878557d659!2sConsulado%20General%20de%20Guatemala%20en%20Oklahoma%20City!5e0!3m2!1ses!2sgt!4v1710785269663!5m2!1ses!2sgt\" width=\"600\" height=\"450\" style=\"border:0;\" allowfullscreen=\"\" loading=\"lazy\" referrerpolicy=\"no-referrer-when-downgrade\"><\/iframe>\t\t\t\t<\/div>\n\t\t\t\t\t<\/div>\n\t\t<\/div>\n\t\t\t\t\t<\/div>\n\t\t<\/section>\n\t\t\t\t<section data-particle_enable=\"false\" data-particle-mobile-disabled=\"false\" class=\"elementor-section elementor-top-section elementor-element elementor-element-344ac1b elementor-section-boxed elementor-section-height-default elementor-section-height-default\" data-id=\"344ac1b\" data-element_type=\"section\" data-e-type=\"section\">\n\t\t\t\t\t\t<div class=\"elementor-container elementor-column-gap-default\">\n\t\t\t\t\t<div class=\"elementor-column elementor-col-100 elementor-top-column elementor-element elementor-element-0bacdaf\" data-id=\"0bacdaf\" data-element_type=\"column\" data-e-type=\"column\">\n\t\t\t<div class=\"elementor-widget-wrap elementor-element-populated\">\n\t\t\t\t\t\t<div class=\"elementor-element elementor-element-93b1a85 elementor-widget-divider--view-line elementor-widget elementor-widget-divider\" data-id=\"93b1a85\" data-element_type=\"widget\" data-e-type=\"widget\" data-widget_type=\"divider.default\">\n\t\t\t\t\t\t\t<div class=\"elementor-divider\">\n\t\t\t<span class=\"elementor-divider-separator\">\n\t\t\t\t\t\t<\/span>\n\t\t<\/div>\n\t\t\t\t\t\t<\/div>\n\t\t\t\t\t<\/div>\n\t\t<\/div>\n\t\t\t\t\t<\/div>\n\t\t<\/section>\n\t\t\t\t<section data-particle_enable=\"false\" data-particle-mobile-disabled=\"false\" class=\"elementor-section elementor-top-section elementor-element elementor-element-7888a27 elementor-section-boxed elementor-section-height-default elementor-section-height-default\" data-id=\"7888a27\" data-element_type=\"section\" data-e-type=\"section\">\n\t\t\t\t\t\t<div class=\"elementor-container elementor-column-gap-default\">\n\t\t\t\t\t<div class=\"elementor-column elementor-col-100 elementor-top-column elementor-element elementor-element-72af4e2\" data-id=\"72af4e2\" data-element_type=\"column\" data-e-type=\"column\">\n\t\t\t<div class=\"elementor-widget-wrap elementor-element-populated\">\n\t\t\t\t\t\t<div class=\"elementor-element elementor-element-f530e10 elementor-widget elementor-widget-heading\" data-id=\"f530e10\" data-element_type=\"widget\" data-e-type=\"widget\" data-widget_type=\"heading.default\">\n\t\t\t\t\t<h2 class=\"elementor-heading-title elementor-size-default\">Contenido positivo y propositivo<\/h2>\t\t\t\t<\/div>\n\t\t\t\t\t<\/div>\n\t\t<\/div>\n\t\t\t\t\t<\/div>\n\t\t<\/section>\n\t\t\t\t<section data-particle_enable=\"false\" data-particle-mobile-disabled=\"false\" class=\"elementor-section elementor-top-section elementor-element elementor-element-5046001 elementor-section-boxed elementor-section-height-default elementor-section-height-default\" data-id=\"5046001\" data-element_type=\"section\" data-e-type=\"section\">\n\t\t\t\t\t\t<div class=\"elementor-container elementor-column-gap-default\">\n\t\t\t\t\t<div class=\"elementor-column elementor-col-100 elementor-top-column elementor-element elementor-element-aa67778\" data-id=\"aa67778\" data-element_type=\"column\" data-e-type=\"column\">\n\t\t\t<div class=\"elementor-widget-wrap elementor-element-populated\">\n\t\t\t\t\t\t<div class=\"elementor-element elementor-element-a4fa6ec elementor-grid-3 elementor-grid-tablet-2 elementor-grid-mobile-1 elementor-widget elementor-widget-elementor-blog-posts\" data-id=\"a4fa6ec\" data-element_type=\"widget\" data-e-type=\"widget\" data-settings=\"{&quot;columns&quot;:&quot;3&quot;,&quot;columns_tablet&quot;:&quot;2&quot;,&quot;columns_mobile&quot;:&quot;1&quot;}\" data-widget_type=\"elementor-blog-posts.default\">\n\t\t\t\t<div class=\"elementor-widget-container\">\n\t\t\t\t\t\t\t<div class=\"wpcap-grid\">\n\t\t\t\t\t\t<div class=\"wpcap-grid-container elementor-grid wpcap-grid-desktop-3 wpcap-grid-tablet-2 wpcap-grid-mobile-1\">\n\n\t\t\t\t\n        <article id=\"post-52472\" class=\"wpcap-post post-52472 post type-post status-publish format-standard has-post-thumbnail hentry category-lugar-de-voces category-uncategorized\">\n         \n            <div class=\"post-grid-inner\">\n                \n                \t\t\t<div class=\"post-grid-thumbnail\">\n\t\t\t\t<a href=\"https:\/\/soymigrante.com\/revista\/artista-leslie-m-guzman-nacida-en-guatemala-expone-sus-obras-en-texas-asi-explica-su-proceso-creativo\/\">\n\t\t\t\t\t<img decoding=\"async\" width=\"350\" height=\"250\" src=\"https:\/\/soymigrante.com\/revista\/wp-content\/uploads\/2026\/02\/leslie-m-guzman-artista-guatemalteca-migrante-en-texas-350x250.jpg\" class=\"attachment-newsy_350x250 size-newsy_350x250 wp-post-image\" alt=\"leslie m guzman artista guatemalteca migrante en texas\" srcset=\"https:\/\/soymigrante.com\/revista\/wp-content\/uploads\/2026\/02\/leslie-m-guzman-artista-guatemalteca-migrante-en-texas-350x250.jpg 350w, https:\/\/soymigrante.com\/revista\/wp-content\/uploads\/2026\/02\/leslie-m-guzman-artista-guatemalteca-migrante-en-texas-120x86.jpg 120w, https:\/\/soymigrante.com\/revista\/wp-content\/uploads\/2026\/02\/leslie-m-guzman-artista-guatemalteca-migrante-en-texas-750x536.jpg 750w\" sizes=\"(max-width: 350px) 100vw, 350px\" \/>\t\t\t\t<\/a>\n\t\t\t<\/div>\n        \n                <div class=\"post-grid-text-wrap\">\n                                        \t\t<h3 class=\"title\">\n\t\t\t<a href=\"https:\/\/soymigrante.com\/revista\/artista-leslie-m-guzman-nacida-en-guatemala-expone-sus-obras-en-texas-asi-explica-su-proceso-creativo\/\">Artista Leslie M. Guzm\u00e1n, nacida en Guatemala, expone sus obras en Texas. As\u00ed explica su proceso creativo.<\/a>\n\t\t<\/h3>\n\t\t                                        \t\t<a class=\"read-more-btn\" href=\"https:\/\/soymigrante.com\/revista\/artista-leslie-m-guzman-nacida-en-guatemala-expone-sus-obras-en-texas-asi-explica-su-proceso-creativo\/\">Sigue leyendo aqu\u00ed<\/a>\n\t\t                <\/div>\n\n            <\/div><!-- .blog-inner -->\n           \n        <\/article>\n\n        \n        <article id=\"post-47097\" class=\"wpcap-post post-47097 post type-post status-publish format-standard has-post-thumbnail hentry category-estamos-unidos category-uncategorized\">\n         \n            <div class=\"post-grid-inner\">\n                \n                \t\t\t<div class=\"post-grid-thumbnail\">\n\t\t\t\t<a href=\"https:\/\/soymigrante.com\/revista\/en-imagenes-barriletes-de-sumpango-en-museo-de-los-ninos-y-residencia-del-alcalde-de-ny\/\">\n\t\t\t\t\t<img decoding=\"async\" width=\"350\" height=\"250\" src=\"https:\/\/soymigrante.com\/revista\/wp-content\/uploads\/2025\/10\/barriletes-gigantes-sumpango-en-new-york-10-350x250.jpg\" class=\"attachment-newsy_350x250 size-newsy_350x250 wp-post-image\" alt=\"barriletes gigantes sumpango en new york 10\" srcset=\"https:\/\/soymigrante.com\/revista\/wp-content\/uploads\/2025\/10\/barriletes-gigantes-sumpango-en-new-york-10-350x250.jpg 350w, https:\/\/soymigrante.com\/revista\/wp-content\/uploads\/2025\/10\/barriletes-gigantes-sumpango-en-new-york-10-120x86.jpg 120w, https:\/\/soymigrante.com\/revista\/wp-content\/uploads\/2025\/10\/barriletes-gigantes-sumpango-en-new-york-10-750x536.jpg 750w\" sizes=\"(max-width: 350px) 100vw, 350px\" \/>\t\t\t\t<\/a>\n\t\t\t<\/div>\n        \n                <div class=\"post-grid-text-wrap\">\n                                        \t\t<h3 class=\"title\">\n\t\t\t<a href=\"https:\/\/soymigrante.com\/revista\/en-imagenes-barriletes-de-sumpango-en-museo-de-los-ninos-y-residencia-del-alcalde-de-ny\/\">En im\u00e1genes: Barriletes de Sumpango en Museo de los Ni\u00f1os y residencia del Alcalde de NY<\/a>\n\t\t<\/h3>\n\t\t                                        \t\t<a class=\"read-more-btn\" href=\"https:\/\/soymigrante.com\/revista\/en-imagenes-barriletes-de-sumpango-en-museo-de-los-ninos-y-residencia-del-alcalde-de-ny\/\">Sigue leyendo aqu\u00ed<\/a>\n\t\t                <\/div>\n\n            <\/div><!-- .blog-inner -->\n           \n        <\/article>\n\n        \n        <article id=\"post-45579\" class=\"wpcap-post post-45579 post type-post status-publish format-standard has-post-thumbnail hentry category-uncategorized\">\n         \n            <div class=\"post-grid-inner\">\n                \n                \t\t\t<div class=\"post-grid-thumbnail\">\n\t\t\t\t<a href=\"https:\/\/soymigrante.com\/revista\/el-cacao-es-simbolo-ancestral-de-sabor-e-identidad-que-sigue-vigente\/\">\n\t\t\t\t\t<img loading=\"lazy\" decoding=\"async\" width=\"350\" height=\"250\" src=\"https:\/\/soymigrante.com\/revista\/wp-content\/uploads\/2025\/09\/not-just-for-the-gods-350x250.jpg\" class=\"attachment-newsy_350x250 size-newsy_350x250 wp-post-image\" alt=\"cacao vaso maya\" srcset=\"https:\/\/soymigrante.com\/revista\/wp-content\/uploads\/2025\/09\/not-just-for-the-gods-350x250.jpg 350w, https:\/\/soymigrante.com\/revista\/wp-content\/uploads\/2025\/09\/not-just-for-the-gods-120x86.jpg 120w, https:\/\/soymigrante.com\/revista\/wp-content\/uploads\/2025\/09\/not-just-for-the-gods-750x536.jpg 750w\" sizes=\"(max-width: 350px) 100vw, 350px\" \/>\t\t\t\t<\/a>\n\t\t\t<\/div>\n        \n                <div class=\"post-grid-text-wrap\">\n                                        \t\t<h3 class=\"title\">\n\t\t\t<a href=\"https:\/\/soymigrante.com\/revista\/el-cacao-es-simbolo-ancestral-de-sabor-e-identidad-que-sigue-vigente\/\">El cacao es s\u00edmbolo ancestral de sabor que sigue muy presente<\/a>\n\t\t<\/h3>\n\t\t                                        \t\t<a class=\"read-more-btn\" href=\"https:\/\/soymigrante.com\/revista\/el-cacao-es-simbolo-ancestral-de-sabor-e-identidad-que-sigue-vigente\/\">Sigue leyendo aqu\u00ed<\/a>\n\t\t                <\/div>\n\n            <\/div><!-- .blog-inner -->\n           \n        <\/article>\n\n        \n\t\t\t<\/div>\n\t\t<\/div>\n\t\t\t\t\t\t<\/div>\n\t\t\t\t<\/div>\n\t\t\t\t\t<\/div>\n\t\t<\/div>\n\t\t\t\t\t<\/div>\n\t\t<\/section>\n\t\t\t\t<\/div>\n\t\t","protected":false},"excerpt":{"rendered":"<p>El Estado de Oklahoma se encuentra en la regi\u00f3n conocida como las Grandes Planicies de EE. UU. Existe aqu\u00ed una enorme colonia de migrantes guatemaltecos. El Consulado de Guatemala en Oklahoma fue instalado en 2017. Se calcula que en dicho Estado hay unos 40 mil migrantes guatemaltecos. Quienes necesiten efectuar tr\u00e1mites de documentos, consultas migratorias [&hellip;]<\/p>\n","protected":false},"author":14,"featured_media":5486,"comment_status":"open","ping_status":"open","sticky":false,"template":"","format":"standard","meta":{"_acf_changed":false,"_eb_attr":"","footnotes":""},"categories":[59],"tags":[],"class_list":["post-5482","post","type-post","status-publish","format-standard","has-post-thumbnail","hentry","category-recursos-migratorios"],"acf":[],"aioseo_notices":[],"aioseo_head":"\n\t\t<!-- All in One SEO Pro 4.9.6.2 - aioseo.com -->\n\t<meta name=\"description\" content=\"De bebida sagrada a s\u00edmbolo de identidad y sabor siempre familiar, el cacao conecta a Guatemala y Mesoam\u00e9rica con su herencia ancestral. Conoce m\u00e1s.\" \/>\n\t<meta name=\"robots\" content=\"max-snippet:-1, max-image-preview:large, max-video-preview:-1\" \/>\n\t<meta name=\"author\" content=\"Gustavo Montenegro\"\/>\n\t<link rel=\"canonical\" href=\"https:\/\/soymigrante.com\/revista\/el-cacao-es-simbolo-ancestral-de-sabor-e-identidad-que-sigue-vigente\/\" \/>\n\t<meta name=\"generator\" content=\"All in One SEO Pro (AIOSEO) 4.9.6.2\" \/>\n\n\t\t<link rel=\"preconnect\" href=\"https:\/\/fonts.googleapis.com\" crossorigin>\n<link rel=\"preconnect\" href=\"https:\/\/fonts.gstatic.com\" crossorigin>\n\t\t<meta property=\"og:locale\" content=\"es_ES\" \/>\n\t\t<meta property=\"og:site_name\" content=\"SoyMigrante.com REVISTA \u2013 Nuestra misi\u00f3n es reconocer y dignificar al migrante.\" \/>\n\t\t<meta property=\"og:type\" content=\"article\" \/>\n\t\t<meta property=\"og:title\" content=\"Cacao, s\u00edmbolo de sabor e identidad que sigue vigente\" \/>\n\t\t<meta property=\"og:description\" content=\"De bebida sagrada a s\u00edmbolo de identidad y sabor siempre familiar, el cacao conecta a Guatemala y Mesoam\u00e9rica con su herencia ancestral. Conoce m\u00e1s.\" \/>\n\t\t<meta property=\"og:url\" content=\"https:\/\/soymigrante.com\/revista\/el-cacao-es-simbolo-ancestral-de-sabor-e-identidad-que-sigue-vigente\/\" \/>\n\t\t<meta property=\"og:image\" content=\"https:\/\/soymigrante.com\/revista\/wp-content\/uploads\/2025\/09\/not-just-for-the-gods.jpg\" \/>\n\t\t<meta property=\"og:image:secure_url\" content=\"https:\/\/soymigrante.com\/revista\/wp-content\/uploads\/2025\/09\/not-just-for-the-gods.jpg\" \/>\n\t\t<meta property=\"og:image:width\" content=\"905\" \/>\n\t\t<meta property=\"og:image:height\" content=\"905\" \/>\n\t\t<meta property=\"article:published_time\" content=\"2025-09-22T10:00:00+00:00\" \/>\n\t\t<meta property=\"article:modified_time\" content=\"2025-09-22T19:29:21+00:00\" \/>\n\t\t<meta property=\"article:publisher\" content=\"https:\/\/www.facebook.com\/soymigrantecom\" \/>\n\t\t<meta name=\"twitter:card\" content=\"summary_large_image\" \/>\n\t\t<meta name=\"twitter:site\" content=\"@SoyMigrante_com\" \/>\n\t\t<meta name=\"twitter:title\" content=\"Cacao, s\u00edmbolo de sabor e identidad que sigue vigente\" \/>\n\t\t<meta name=\"twitter:description\" content=\"De bebida sagrada a s\u00edmbolo de identidad y sabor siempre familiar, el cacao conecta a Guatemala y Mesoam\u00e9rica con su herencia ancestral. Conoce m\u00e1s.\" \/>\n\t\t<meta name=\"twitter:creator\" content=\"@SoyMigrante_com\" \/>\n\t\t<meta name=\"twitter:image\" content=\"https:\/\/soymigrante.com\/revista\/wp-content\/uploads\/2025\/09\/not-just-for-the-gods.jpg\" \/>\n\t\t<!-- All in One SEO Pro -->\r\n\t\t<title>Cacao, s\u00edmbolo de sabor e identidad que sigue vigente<\/title>\n\n","aioseo_head_json":{"title":"Cacao, s\u00edmbolo de sabor e identidad que sigue vigente","description":"De bebida sagrada a s\u00edmbolo de identidad y sabor siempre familiar, el cacao conecta a Guatemala y Mesoam\u00e9rica con su herencia ancestral. Conoce m\u00e1s.","canonical_url":"https:\/\/soymigrante.com\/revista\/el-cacao-es-simbolo-ancestral-de-sabor-e-identidad-que-sigue-vigente\/","robots":"max-snippet:-1, max-image-preview:large, max-video-preview:-1","keywords":"","webmasterTools":{"miscellaneous":"&lt;link rel=\"preconnect\" href=\"https:\/\/fonts.googleapis.com\" crossorigin&gt;\n&lt;link rel=\"preconnect\" href=\"https:\/\/fonts.gstatic.com\" crossorigin&gt;"},"schema":null,"og:locale":"es_ES","og:site_name":"SoyMigrante.com REVISTA \u2013 Nuestra misi\u00f3n es reconocer y dignificar al migrante.","og:type":"article","og:title":"Cacao, s\u00edmbolo de sabor e identidad que sigue vigente","og:description":"De bebida sagrada a s\u00edmbolo de identidad y sabor siempre familiar, el cacao conecta a Guatemala y Mesoam\u00e9rica con su herencia ancestral. Conoce m\u00e1s.","og:url":"https:\/\/soymigrante.com\/revista\/el-cacao-es-simbolo-ancestral-de-sabor-e-identidad-que-sigue-vigente\/","og:image":"https:\/\/soymigrante.com\/revista\/wp-content\/uploads\/2025\/09\/not-just-for-the-gods.jpg","og:image:secure_url":"https:\/\/soymigrante.com\/revista\/wp-content\/uploads\/2025\/09\/not-just-for-the-gods.jpg","og:image:width":905,"og:image:height":905,"article:published_time":"2025-09-22T10:00:00+00:00","article:modified_time":"2025-09-22T19:29:21+00:00","article:publisher":"https:\/\/www.facebook.com\/soymigrantecom","twitter:card":"summary_large_image","twitter:site":"@SoyMigrante_com","twitter:title":"Cacao, s\u00edmbolo de sabor e identidad que sigue vigente","twitter:description":"De bebida sagrada a s\u00edmbolo de identidad y sabor siempre familiar, el cacao conecta a Guatemala y Mesoam\u00e9rica con su herencia ancestral. Conoce m\u00e1s.","twitter:creator":"@SoyMigrante_com","twitter:image":"https:\/\/soymigrante.com\/revista\/wp-content\/uploads\/2025\/09\/not-just-for-the-gods.jpg"},"aioseo_meta_data":{"post_id":"5482","title":null,"description":"#post_excerpt Guatemaltecos en Oklahoma, EE. UU., pueden efectuar tr\u00e1mites migratorios en el Consulado General de Guatemala en Oklahoma City","keywords":[],"keyphrases":{"focus":{"keyphrase":"Consulado de Guatemala","score":82,"analysis":{"keyphraseInTitle":{"score":9,"maxScore":9,"error":0},"keyphraseInDescription":{"score":9,"maxScore":9,"error":0},"keyphraseLength":{"score":9,"maxScore":9,"error":0,"length":3},"keyphraseInURL":{"score":5,"maxScore":5,"error":0},"keyphraseInIntroduction":{"score":3,"maxScore":9,"error":1},"keyphraseInSubHeadings":{"score":3,"maxScore":9,"error":1},"keyphraseInImageAlt":{"score":9,"maxScore":9,"error":0},"keywordDensity":{"type":"best","score":9,"maxScore":9,"error":0}}},"additional":[]},"primary_term":null,"canonical_url":null,"og_title":null,"og_description":null,"og_object_type":"default","og_image_type":"default","og_image_url":null,"og_image_width":null,"og_image_height":null,"og_image_custom_url":null,"og_image_custom_fields":null,"og_video":"","og_custom_url":null,"og_article_section":null,"og_article_tags":[],"twitter_use_og":false,"twitter_card":"default","twitter_image_type":"default","twitter_image_url":null,"twitter_image_custom_url":null,"twitter_image_custom_fields":null,"twitter_title":null,"twitter_description":null,"schema":{"blockGraphs":[],"customGraphs":[],"default":{"data":{"Article":[],"Course":[],"Dataset":[],"FAQPage":[],"Movie":[],"Person":[],"Product":[],"ProductReview":[],"Car":[],"Recipe":[],"Service":[],"SoftwareApplication":[],"WebPage":[]},"graphName":"BlogPosting","isEnabled":true},"graphs":[]},"schema_type":"default","schema_type_options":null,"pillar_content":false,"robots_default":true,"robots_noindex":false,"robots_noarchive":false,"robots_nosnippet":false,"robots_nofollow":false,"robots_noimageindex":false,"robots_noodp":false,"robots_notranslate":false,"robots_max_snippet":"-1","robots_max_videopreview":"-1","robots_max_imagepreview":"large","priority":null,"frequency":"default","local_seo":null,"seo_analyzer_scan_date":"2025-10-08 21:28:07","breadcrumb_settings":null,"limit_modified_date":false,"reviewed_by":null,"open_ai":null,"ai":null,"created":"2024-03-18 17:31:23","updated":"2026-02-04 11:05:00"},"aioseo_breadcrumb":"<div class=\"aioseo-breadcrumbs\"><span class=\"aioseo-breadcrumb\">\n\t<a href=\"https:\/\/soymigrante.com\/revista\" title=\"Home\">Home<\/a>\n<\/span><span class=\"aioseo-breadcrumb-separator\">\u00bb<\/span><span class=\"aioseo-breadcrumb\">\n\t<a href=\"https:\/\/soymigrante.com\/revista\/category\/recursos-migratorios\/\" title=\"Recursos Migratorios\">Recursos Migratorios<\/a>\n<\/span><span class=\"aioseo-breadcrumb-separator\">\u00bb<\/span><span class=\"aioseo-breadcrumb\">\n\tConsulado de Guatemala en Oklahoma:  ubicaci\u00f3n y horario\n<\/span><\/div>","aioseo_breadcrumb_json":[{"label":"Home","link":"https:\/\/soymigrante.com\/revista"},{"label":"Recursos Migratorios","link":"https:\/\/soymigrante.com\/revista\/category\/recursos-migratorios\/"},{"label":"Consulado de Guatemala en Oklahoma:  ubicaci\u00f3n y horario","link":"https:\/\/soymigrante.com\/revista\/consulado-de-guatemala-en-oklahoma-ubicacion-servicio\/"}],"_links":{"self":[{"href":"https:\/\/soymigrante.com\/revista\/wp-json\/wp\/v2\/posts\/5482","targetHints":{"allow":["GET"]}}],"collection":[{"href":"https:\/\/soymigrante.com\/revista\/wp-json\/wp\/v2\/posts"}],"about":[{"href":"https:\/\/soymigrante.com\/revista\/wp-json\/wp\/v2\/types\/post"}],"author":[{"embeddable":true,"href":"https:\/\/soymigrante.com\/revista\/wp-json\/wp\/v2\/users\/14"}],"replies":[{"embeddable":true,"href":"https:\/\/soymigrante.com\/revista\/wp-json\/wp\/v2\/comments?post=5482"}],"version-history":[{"count":0,"href":"https:\/\/soymigrante.com\/revista\/wp-json\/wp\/v2\/posts\/5482\/revisions"}],"wp:featuredmedia":[{"embeddable":true,"href":"https:\/\/soymigrante.com\/revista\/wp-json\/wp\/v2\/media\/5486"}],"wp:attachment":[{"href":"https:\/\/soymigrante.com\/revista\/wp-json\/wp\/v2\/media?parent=5482"}],"wp:term":[{"taxonomy":"category","embeddable":true,"href":"https:\/\/soymigrante.com\/revista\/wp-json\/wp\/v2\/categories?post=5482"},{"taxonomy":"post_tag","embeddable":true,"href":"https:\/\/soymigrante.com\/revista\/wp-json\/wp\/v2\/tags?post=5482"}],"curies":[{"name":"wp","href":"https:\/\/api.w.org\/{rel}","templated":true}]}}