{"id":5452,"date":"2024-03-17T23:16:45","date_gmt":"2024-03-18T05:16:45","guid":{"rendered":"https:\/\/soymigrante.com\/revista\/?p=5452"},"modified":"2024-07-29T13:36:45","modified_gmt":"2024-07-29T19:36:45","slug":"antigua-guatemala-alfombras-serrin-semana-santa-fe-tradicion","status":"publish","type":"post","link":"https:\/\/soymigrante.com\/revista\/antigua-guatemala-alfombras-serrin-semana-santa-fe-tradicion\/","title":{"rendered":"Alfombras de Antigua Guatemala: ofrenda de fe, trabajo y devoci\u00f3n"},"content":{"rendered":"\t\t<div data-elementor-type=\"wp-post\" data-elementor-id=\"5452\" class=\"elementor elementor-5452\" data-elementor-post-type=\"post\">\n\t\t\t\t\t\t<section data-particle_enable=\"false\" data-particle-mobile-disabled=\"false\" class=\"elementor-section elementor-top-section elementor-element elementor-element-e0b022d elementor-section-boxed elementor-section-height-default elementor-section-height-default\" data-id=\"e0b022d\" data-element_type=\"section\" data-e-type=\"section\">\n\t\t\t\t\t\t<div class=\"elementor-container elementor-column-gap-default\">\n\t\t\t\t\t<div class=\"elementor-column elementor-col-100 elementor-top-column elementor-element elementor-element-d08c13b\" data-id=\"d08c13b\" data-element_type=\"column\" data-e-type=\"column\">\n\t\t\t<div class=\"elementor-widget-wrap elementor-element-populated\">\n\t\t\t\t\t\t<div class=\"elementor-element elementor-element-4e20e0f elementor-widget elementor-widget-heading\" data-id=\"4e20e0f\" data-element_type=\"widget\" data-e-type=\"widget\" data-widget_type=\"heading.default\">\n\t\t\t\t\t<h2 class=\"elementor-heading-title elementor-size-default\">Las piedras de Antigua Guatemala se visten de colores fugaces y devotos en las tradicionales alfombras de aserr\u00edn, que son una fusi\u00f3n de elementos prehisp\u00e1nicos y espa\u00f1oles, en un admirable lenguaje de fe.<\/h2>\t\t\t\t<\/div>\n\t\t\t\t\t<\/div>\n\t\t<\/div>\n\t\t\t\t\t<\/div>\n\t\t<\/section>\n\t\t\t\t<section data-particle_enable=\"false\" data-particle-mobile-disabled=\"false\" class=\"elementor-section elementor-top-section elementor-element elementor-element-a78daf3 elementor-section-boxed elementor-section-height-default elementor-section-height-default\" data-id=\"a78daf3\" data-element_type=\"section\" data-e-type=\"section\">\n\t\t\t\t\t\t<div class=\"elementor-container elementor-column-gap-default\">\n\t\t\t\t\t<div class=\"elementor-column elementor-col-100 elementor-top-column elementor-element elementor-element-d6fc6b1\" data-id=\"d6fc6b1\" data-element_type=\"column\" data-e-type=\"column\">\n\t\t\t<div class=\"elementor-widget-wrap elementor-element-populated\">\n\t\t\t\t\t\t<div class=\"elementor-element elementor-element-3f79a54 elementor-widget elementor-widget-image\" data-id=\"3f79a54\" data-element_type=\"widget\" data-e-type=\"widget\" data-widget_type=\"image.default\">\n\t\t\t\t\t\t\t\t\t\t\t\t<figure class=\"wp-caption\">\n\t\t\t\t\t\t\t\t\t\t<img fetchpriority=\"high\" decoding=\"async\" width=\"490\" height=\"652\" src=\"https:\/\/soymigrante.com\/revista\/wp-content\/uploads\/2024\/03\/Alfombras-de-Cuaresma-y-Semana-Santa-en-Antigua-Guatemala-Fotos-Michelle-Gonzalez-16.webp\" class=\"attachment-large size-large wp-image-5468\" alt=\"Desde mucho antes que salga el sol y tambi\u00e9n la procesi\u00f3n del Nazareno de la Ca\u00edda, de San Bartolom\u00e9 Becerra, Antigua Guatemala, ya hay muchas manos trabajando en las alfombras de aserr\u00edn, flores, vegetales y otros elementos. (Foto Michelle Gonz\u00e1lez)\" srcset=\"https:\/\/soymigrante.com\/revista\/wp-content\/uploads\/2024\/03\/Alfombras-de-Cuaresma-y-Semana-Santa-en-Antigua-Guatemala-Fotos-Michelle-Gonzalez-16.webp 490w, https:\/\/soymigrante.com\/revista\/wp-content\/uploads\/2024\/03\/Alfombras-de-Cuaresma-y-Semana-Santa-en-Antigua-Guatemala-Fotos-Michelle-Gonzalez-16-225x300.webp 225w\" sizes=\"(max-width: 490px) 100vw, 490px\" title=\"Alfombras de Cuaresma y Semana Santa en Antigua Guatemala Fotos Michelle Gonzalez (16) \u2013 SoyMigrante.com REVISTA\" \/>\t\t\t\t\t\t\t\t\t\t\t<figcaption class=\"widget-image-caption wp-caption-text\">Desde mucho antes que salga el sol y tambi\u00e9n la procesi\u00f3n del Nazareno de la Ca\u00edda, de San Bartolom\u00e9 Becerra, Antigua Guatemala, ya hay muchas manos trabajando en las alfombras de aserr\u00edn, flores, vegetales y otros elementos. (Foto Michelle Gonz\u00e1lez)<\/figcaption>\n\t\t\t\t\t\t\t\t\t\t<\/figure>\n\t\t\t\t\t\t\t\t\t<\/div>\n\t\t\t\t\t<\/div>\n\t\t<\/div>\n\t\t\t\t\t<\/div>\n\t\t<\/section>\n\t\t\t\t<section data-particle_enable=\"false\" data-particle-mobile-disabled=\"false\" class=\"elementor-section elementor-top-section elementor-element elementor-element-71c35ec elementor-section-boxed elementor-section-height-default elementor-section-height-default\" data-id=\"71c35ec\" data-element_type=\"section\" data-e-type=\"section\">\n\t\t\t\t\t\t<div class=\"elementor-container elementor-column-gap-default\">\n\t\t\t\t\t<div class=\"elementor-column elementor-col-100 elementor-top-column elementor-element elementor-element-3ea17c7\" data-id=\"3ea17c7\" data-element_type=\"column\" data-e-type=\"column\">\n\t\t\t<div class=\"elementor-widget-wrap elementor-element-populated\">\n\t\t\t\t\t\t<div class=\"elementor-element elementor-element-af8774f elementor-widget elementor-widget-heading\" data-id=\"af8774f\" data-element_type=\"widget\" data-e-type=\"widget\" data-widget_type=\"heading.default\">\n\t\t\t\t\t<h2 class=\"elementor-heading-title elementor-size-default\">Devoci\u00f3n de siglos se hace presente<\/h2>\t\t\t\t<\/div>\n\t\t\t\t\t<\/div>\n\t\t<\/div>\n\t\t\t\t\t<\/div>\n\t\t<\/section>\n\t\t\t\t<section data-particle_enable=\"false\" data-particle-mobile-disabled=\"false\" class=\"elementor-section elementor-top-section elementor-element elementor-element-4ddeaca elementor-section-boxed elementor-section-height-default elementor-section-height-default\" data-id=\"4ddeaca\" data-element_type=\"section\" data-e-type=\"section\">\n\t\t\t\t\t\t<div class=\"elementor-container elementor-column-gap-default\">\n\t\t\t\t\t<div class=\"elementor-column elementor-col-100 elementor-top-column elementor-element elementor-element-147c3f2\" data-id=\"147c3f2\" data-element_type=\"column\" data-e-type=\"column\">\n\t\t\t<div class=\"elementor-widget-wrap elementor-element-populated\">\n\t\t\t\t\t\t<div class=\"elementor-element elementor-element-5c68065 elementor-widget elementor-widget-text-editor\" data-id=\"5c68065\" data-element_type=\"widget\" data-e-type=\"widget\" data-widget_type=\"text-editor.default\">\n\t\t\t\t\t\t\t\t\t<p>La elaboraci\u00f3n de alfombras de aserr\u00edn, flores, frutas y otros materiales vegetales es todo un s\u00edmbolo de la espiritualidad de Antigua Guatemala, que mezcla dos tradiciones.<\/p><p>Mucho antes de que llegaran los conquistadores espa\u00f1oles, los pueblos ind\u00edgenas guatemaltecos elaboraban alfombras con pino, flores, frutas y plumas de todo tipo de aves, incluyendo el quetzal,\u00a0 para ocasiones ceremoniales, lo cual est\u00e1 documentado en memoriales e incluso en ciertos vasos mayas.<\/p><p>Por el otro lado, la evangelizaci\u00f3n trajo elementos como la imaginer\u00eda de santos y la construcci\u00f3n de templos cat\u00f3licos. Pero a decir de historiadores como Elizabeth Bell, la costumbre de hacer alfombras para procesiones surgi\u00f3 en las Islas Canarias, de donde pas\u00f3 al Nuevo Mundo y especialmente a Guatemala.\u00a0<\/p><p>\u00a0<\/p>\t\t\t\t\t\t\t\t<\/div>\n\t\t\t\t\t<\/div>\n\t\t<\/div>\n\t\t\t\t\t<\/div>\n\t\t<\/section>\n\t\t\t\t<section data-particle_enable=\"false\" data-particle-mobile-disabled=\"false\" class=\"elementor-section elementor-top-section elementor-element elementor-element-bb4cfeb elementor-section-boxed elementor-section-height-default elementor-section-height-default\" data-id=\"bb4cfeb\" data-element_type=\"section\" data-e-type=\"section\">\n\t\t\t\t\t\t<div class=\"elementor-container elementor-column-gap-default\">\n\t\t\t\t\t<div class=\"elementor-column elementor-col-100 elementor-top-column elementor-element elementor-element-f45c237\" data-id=\"f45c237\" data-element_type=\"column\" data-e-type=\"column\">\n\t\t\t<div class=\"elementor-widget-wrap elementor-element-populated\">\n\t\t\t\t\t\t<div class=\"elementor-element elementor-element-78405b6 elementor-widget elementor-widget-image\" data-id=\"78405b6\" data-element_type=\"widget\" data-e-type=\"widget\" data-widget_type=\"image.default\">\n\t\t\t\t\t\t\t\t\t\t\t\t<figure class=\"wp-caption\">\n\t\t\t\t\t\t\t\t\t\t<img decoding=\"async\" width=\"466\" height=\"602\" src=\"https:\/\/soymigrante.com\/revista\/wp-content\/uploads\/2024\/03\/Alfombras-de-Cuaresma-y-Semana-Santa-en-Antigua-Guatemala-Fotos-Michelle-Gonzalez-9.webp\" class=\"attachment-large size-large wp-image-5461\" alt=\"Los dise\u00f1os de cada alfombra no son casuales: llevan varios meses de haber sido planificados, al igual que la preparaci\u00f3n de los colores. En algunos casos se utilizan programas digitales para poder generar los patrones y tambi\u00e9n los moldes. Sin embargo, al final, todo depende de la paciencia de todas las manos que devotamente intervienen en su elaboraci\u00f3n. Generalmente son familias o cuadras de vecinos que se unen para construir juntos una sola ofrenda de amor para el Nazareno de su devoci\u00f3n, en este caso, Jes\u00fas de la Ca\u00edda de San Bartolom\u00eb Becerra. (Fotos Michelle Gonzalez)\" srcset=\"https:\/\/soymigrante.com\/revista\/wp-content\/uploads\/2024\/03\/Alfombras-de-Cuaresma-y-Semana-Santa-en-Antigua-Guatemala-Fotos-Michelle-Gonzalez-9.webp 466w, https:\/\/soymigrante.com\/revista\/wp-content\/uploads\/2024\/03\/Alfombras-de-Cuaresma-y-Semana-Santa-en-Antigua-Guatemala-Fotos-Michelle-Gonzalez-9-232x300.webp 232w\" sizes=\"(max-width: 466px) 100vw, 466px\" title=\"Alfombras de Cuaresma y Semana Santa en Antigua Guatemala Fotos Michelle Gonzalez (9) \u2013 SoyMigrante.com REVISTA\" \/>\t\t\t\t\t\t\t\t\t\t\t<figcaption class=\"widget-image-caption wp-caption-text\">Los dise\u00f1os de cada alfombra no son casuales: llevan varios meses de haber sido planificados, al igual que la preparaci\u00f3n de los colores. En algunos casos se utilizan programas digitales para poder generar los patrones y tambi\u00e9n los moldes. Sin embargo, al final, todo depende de la paciencia de todas las manos que devotamente intervienen en su elaboraci\u00f3n. Generalmente son familias o cuadras de vecinos que se unen para construir juntos una sola ofrenda de amor para el Nazareno de su devoci\u00f3n, en este caso, Jes\u00fas de la Ca\u00edda de San Bartolom\u00eb Becerra. (Fotos Michelle Gonzalez)<\/figcaption>\n\t\t\t\t\t\t\t\t\t\t<\/figure>\n\t\t\t\t\t\t\t\t\t<\/div>\n\t\t\t\t\t<\/div>\n\t\t<\/div>\n\t\t\t\t\t<\/div>\n\t\t<\/section>\n\t\t\t\t<section data-particle_enable=\"false\" data-particle-mobile-disabled=\"false\" class=\"elementor-section elementor-top-section elementor-element elementor-element-26f4838 elementor-section-boxed elementor-section-height-default elementor-section-height-default\" data-id=\"26f4838\" data-element_type=\"section\" data-e-type=\"section\">\n\t\t\t\t\t\t<div class=\"elementor-container elementor-column-gap-default\">\n\t\t\t\t\t<div class=\"elementor-column elementor-col-100 elementor-top-column elementor-element elementor-element-5761cea\" data-id=\"5761cea\" data-element_type=\"column\" data-e-type=\"column\">\n\t\t\t<div class=\"elementor-widget-wrap elementor-element-populated\">\n\t\t\t\t\t\t<div class=\"elementor-element elementor-element-6ac6c37 elementor-widget elementor-widget-heading\" data-id=\"6ac6c37\" data-element_type=\"widget\" data-e-type=\"widget\" data-widget_type=\"heading.default\">\n\t\t\t\t\t<h2 class=\"elementor-heading-title elementor-size-default\">La huella del Santo Hermano Pedro<\/h2>\t\t\t\t<\/div>\n\t\t\t\t\t<\/div>\n\t\t<\/div>\n\t\t\t\t\t<\/div>\n\t\t<\/section>\n\t\t\t\t<section data-particle_enable=\"false\" data-particle-mobile-disabled=\"false\" class=\"elementor-section elementor-top-section elementor-element elementor-element-1e08a63 elementor-section-boxed elementor-section-height-default elementor-section-height-default\" data-id=\"1e08a63\" data-element_type=\"section\" data-e-type=\"section\">\n\t\t\t\t\t\t<div class=\"elementor-container elementor-column-gap-default\">\n\t\t\t\t\t<div class=\"elementor-column elementor-col-100 elementor-top-column elementor-element elementor-element-952ae40\" data-id=\"952ae40\" data-element_type=\"column\" data-e-type=\"column\">\n\t\t\t<div class=\"elementor-widget-wrap elementor-element-populated\">\n\t\t\t\t\t\t<div class=\"elementor-element elementor-element-2bbc290 elementor-widget elementor-widget-text-editor\" data-id=\"2bbc290\" data-element_type=\"widget\" data-e-type=\"widget\" data-widget_type=\"text-editor.default\">\n\t\t\t\t\t\t\t\t\t<p><span style=\"color: var( --e-global-color-text );\">Cabe recordar que en 1651 llega a Santiago de los Caballeros el hoy Santo Hermano Pedro de San Jos\u00e9 de Betancur (originario de Santa Cruz de Tenerife, una de las Canarias), quien se convirti\u00f3 en impulsor de esta devoci\u00f3n.<\/span><\/p><p>Para los estudiosos, las alfombras de Antigua Guatemala y tambi\u00e9n de la Nueva Guatemala de la Asunci\u00f3n, elaboradas durante Cuaresma y Semana Santa son un sincretismo religioso y cultural.<\/p><p>Para los guatemaltecos devotos de hoy, cada alfombra es una ofrenda de amor a Dios, representado en la imagen de un Nazareno procesionado. En las im\u00e1genes que acompa\u00f1an este texto, se pueden observar las alfombras de la procesi\u00f3n de Jes\u00fas de la Ca\u00edda, del templo de San Bartolom\u00e9 Becerra, tradicional cortejo de cada Quinto Domingo de Cuaresma.<\/p>\t\t\t\t\t\t\t\t<\/div>\n\t\t\t\t\t<\/div>\n\t\t<\/div>\n\t\t\t\t\t<\/div>\n\t\t<\/section>\n\t\t\t\t<section data-particle_enable=\"false\" data-particle-mobile-disabled=\"false\" class=\"elementor-section elementor-top-section elementor-element elementor-element-e49d290 elementor-section-boxed elementor-section-height-default elementor-section-height-default\" data-id=\"e49d290\" data-element_type=\"section\" data-e-type=\"section\">\n\t\t\t\t\t\t<div class=\"elementor-container elementor-column-gap-default\">\n\t\t\t\t\t<div class=\"elementor-column elementor-col-100 elementor-top-column elementor-element elementor-element-333c716\" data-id=\"333c716\" data-element_type=\"column\" data-e-type=\"column\">\n\t\t\t<div class=\"elementor-widget-wrap elementor-element-populated\">\n\t\t\t\t\t\t<div class=\"elementor-element elementor-element-cc164b0 elementor-widget elementor-widget-image\" data-id=\"cc164b0\" data-element_type=\"widget\" data-e-type=\"widget\" data-widget_type=\"image.default\">\n\t\t\t\t\t\t\t\t\t\t\t\t<figure class=\"wp-caption\">\n\t\t\t\t\t\t\t\t\t\t<img decoding=\"async\" width=\"497\" height=\"636\" src=\"https:\/\/soymigrante.com\/revista\/wp-content\/uploads\/2024\/03\/Alfombras-de-Cuaresma-y-Semana-Santa-en-Antigua-Guatemala-Fotos-Michelle-Gonzalez-10.webp\" class=\"attachment-large size-large wp-image-5462\" alt=\"La textura m\u00e1s fina se logra mediante la paciente aplicaci\u00f3n del aserr\u00edn de colores con coladores y cepillos de dientes a fin de que solo caiga el grano m\u00e1s fino. Esta labor puede durar largas horas y desaparecer\u00e1 en unos cuantos segundos al paso de la procesi\u00f3n del Nazareno. S\u00ed, para eso se crea esta obra de arte llena de amor , creativida dy devoci\u00f3n. (Foto Michelle Gonzalez)\" srcset=\"https:\/\/soymigrante.com\/revista\/wp-content\/uploads\/2024\/03\/Alfombras-de-Cuaresma-y-Semana-Santa-en-Antigua-Guatemala-Fotos-Michelle-Gonzalez-10.webp 497w, https:\/\/soymigrante.com\/revista\/wp-content\/uploads\/2024\/03\/Alfombras-de-Cuaresma-y-Semana-Santa-en-Antigua-Guatemala-Fotos-Michelle-Gonzalez-10-234x300.webp 234w\" sizes=\"(max-width: 497px) 100vw, 497px\" title=\"Alfombras de Cuaresma y Semana Santa en Antigua Guatemala Fotos Michelle Gonzalez (10) \u2013 SoyMigrante.com REVISTA\" \/>\t\t\t\t\t\t\t\t\t\t\t<figcaption class=\"widget-image-caption wp-caption-text\">La textura m\u00e1s fina se logra mediante la paciente aplicaci\u00f3n del aserr\u00edn de colores con coladores y cepillos de dientes a fin de que solo caiga el grano m\u00e1s fino. Esta labor puede durar largas horas y desaparecer\u00e1 en unos cuantos segundos al paso de la procesi\u00f3n del Nazareno. S\u00ed, para eso se crea esta obra de arte llena de amor , creativida dy devoci\u00f3n. (Foto Michelle Gonz\u00e1lez)<\/figcaption>\n\t\t\t\t\t\t\t\t\t\t<\/figure>\n\t\t\t\t\t\t\t\t\t<\/div>\n\t\t\t\t\t<\/div>\n\t\t<\/div>\n\t\t\t\t\t<\/div>\n\t\t<\/section>\n\t\t\t\t<section data-particle_enable=\"false\" data-particle-mobile-disabled=\"false\" class=\"elementor-section elementor-top-section elementor-element elementor-element-822cd1b elementor-section-boxed elementor-section-height-default elementor-section-height-default\" data-id=\"822cd1b\" data-element_type=\"section\" data-e-type=\"section\">\n\t\t\t\t\t\t<div class=\"elementor-container elementor-column-gap-default\">\n\t\t\t\t\t<div class=\"elementor-column elementor-col-100 elementor-top-column elementor-element elementor-element-5146e86\" data-id=\"5146e86\" data-element_type=\"column\" data-e-type=\"column\">\n\t\t\t<div class=\"elementor-widget-wrap elementor-element-populated\">\n\t\t\t\t\t\t<div class=\"elementor-element elementor-element-9324de0 elementor-widget elementor-widget-heading\" data-id=\"9324de0\" data-element_type=\"widget\" data-e-type=\"widget\" data-widget_type=\"heading.default\">\n\t\t\t\t\t<h2 class=\"elementor-heading-title elementor-size-default\">\u00bfC\u00f3mo logran elaborar tanta belleza?<\/h2>\t\t\t\t<\/div>\n\t\t\t\t\t<\/div>\n\t\t<\/div>\n\t\t\t\t\t<\/div>\n\t\t<\/section>\n\t\t\t\t<section data-particle_enable=\"false\" data-particle-mobile-disabled=\"false\" class=\"elementor-section elementor-top-section elementor-element elementor-element-5723924 elementor-section-boxed elementor-section-height-default elementor-section-height-default\" data-id=\"5723924\" data-element_type=\"section\" data-e-type=\"section\">\n\t\t\t\t\t\t<div class=\"elementor-container elementor-column-gap-default\">\n\t\t\t\t\t<div class=\"elementor-column elementor-col-100 elementor-top-column elementor-element elementor-element-cbd1240\" data-id=\"cbd1240\" data-element_type=\"column\" data-e-type=\"column\">\n\t\t\t<div class=\"elementor-widget-wrap elementor-element-populated\">\n\t\t\t\t\t\t<div class=\"elementor-element elementor-element-884af11 elementor-widget elementor-widget-text-editor\" data-id=\"884af11\" data-element_type=\"widget\" data-e-type=\"widget\" data-widget_type=\"text-editor.default\">\n\t\t\t\t\t\t\t\t\t<p>El proceso de elaboraci\u00f3n de alfombras puede dividirse en los siguientes pasos:<\/p><ol><li>Planeaci\u00f3n del dise\u00f1o, forma y \u00e1rea que ocupar\u00e1. A veces una misma alfombra abarca el frente de varias casas, incluso toda una cuadra o una avenida.<\/li><li>Elaboraci\u00f3n de los moldes para cada tipo de figuras. Cuando dichas figuras est\u00e1n constituidas por distintos colores o materiales, a veces se superponen dos o tres moldes.<\/li><li>Ya el d\u00eda de la elaboraci\u00f3n de la alfombra se necesita nivelar el terreno, sobre todo en lugares como Antigua Guatemala, cuyas calles son empedradas. Para esto se usa aserr\u00edn sin colorear, arena o pino.<\/li><li>Los moldes son piezas caladas cortadas en madera, cart\u00f3n, metal o vinil,\u00a0 con tama\u00f1os y formas que al combinarse se convierten en formas muy originales.<\/li><li>El tiempo de ejecuci\u00f3ndepender\u00e1 del tama\u00f1o y laboriosidad que\u00a0<span style=\"color: var( --e-global-color-text );\">el dise\u00f1o demande. En ocasiones implica largas jornadas de trabajo desde la noche anterior, con la participaci\u00f3n de familias, vecinos o feligreses de una parroquia. Nadie cobra nada por su participaci\u00f3n y todos est\u00e1n conscientes de que por m\u00e1s complicada que haya sido la forma elaborada, su belleza termina cuando pasa la procesi\u00f3n: todo un s\u00edmbolo de c\u00f3mo la vida, el esfuerzo y el amor personal se ofrece a Dios.<\/span><\/li><\/ol>\t\t\t\t\t\t\t\t<\/div>\n\t\t\t\t\t<\/div>\n\t\t<\/div>\n\t\t\t\t\t<\/div>\n\t\t<\/section>\n\t\t\t\t<section data-particle_enable=\"false\" data-particle-mobile-disabled=\"false\" class=\"elementor-section elementor-top-section elementor-element elementor-element-f57da5a elementor-section-boxed elementor-section-height-default elementor-section-height-default\" data-id=\"f57da5a\" data-element_type=\"section\" data-e-type=\"section\">\n\t\t\t\t\t\t<div class=\"elementor-container elementor-column-gap-default\">\n\t\t\t\t\t<div class=\"elementor-column elementor-col-100 elementor-top-column elementor-element elementor-element-668c96c\" data-id=\"668c96c\" data-element_type=\"column\" data-e-type=\"column\">\n\t\t\t<div class=\"elementor-widget-wrap elementor-element-populated\">\n\t\t\t\t\t\t<div class=\"elementor-element elementor-element-190f44e elementor-widget elementor-widget-image\" data-id=\"190f44e\" data-element_type=\"widget\" data-e-type=\"widget\" data-widget_type=\"image.default\">\n\t\t\t\t\t\t\t\t\t\t\t\t<figure class=\"wp-caption\">\n\t\t\t\t\t\t\t\t\t\t<img loading=\"lazy\" decoding=\"async\" width=\"497\" height=\"647\" src=\"https:\/\/soymigrante.com\/revista\/wp-content\/uploads\/2024\/03\/Alfombras-de-Cuaresma-y-Semana-Santa-en-Antigua-Guatemala-Fotos-Michelle-Gonzalez-14.webp\" class=\"attachment-large size-large wp-image-5466\" alt=\"Antigua Guatemala: Esta imagen de Cristo Crucificado fue una de las m\u00e1s admiradas en las horas previas al paso del cortejo de San Bartolom\u00eb Becerra, en el Quinto Domingo de Cuaresma. El colorido dise\u00f1o, la exactitud de los detalles y la paciente ejecuci\u00f3n motivaron elogios y felicitaciones. N\u00f3tese abajo c\u00f3mo se cierne el aserr\u00edn con un colador de cocina a fin de lograr la textura perfecta (Fpto Michelle Gonz\u00e1lez)\" srcset=\"https:\/\/soymigrante.com\/revista\/wp-content\/uploads\/2024\/03\/Alfombras-de-Cuaresma-y-Semana-Santa-en-Antigua-Guatemala-Fotos-Michelle-Gonzalez-14.webp 497w, https:\/\/soymigrante.com\/revista\/wp-content\/uploads\/2024\/03\/Alfombras-de-Cuaresma-y-Semana-Santa-en-Antigua-Guatemala-Fotos-Michelle-Gonzalez-14-230x300.webp 230w\" sizes=\"(max-width: 497px) 100vw, 497px\" title=\"Alfombras de Cuaresma y Semana Santa en Antigua Guatemala Fotos Michelle Gonzalez (14) \u2013 SoyMigrante.com REVISTA\" \/>\t\t\t\t\t\t\t\t\t\t\t<figcaption class=\"widget-image-caption wp-caption-text\">Antigua Guatemala: Esta imagen de Cristo Crucificado fue una de las m\u00e1s admiradas en las horas previas al paso del cortejo de San Bartolom\u00eb Becerra, en el Quinto Domingo de Cuaresma. El colorido dise\u00f1o, la exactitud de los detalles y la paciente ejecuci\u00f3n motivaron elogios y felicitaciones. N\u00f3tese abajo c\u00f3mo se cierne el aserr\u00edn con un colador de cocina a fin de lograr la textura perfecta (Fpto Michelle Gonz\u00e1lez)<\/figcaption>\n\t\t\t\t\t\t\t\t\t\t<\/figure>\n\t\t\t\t\t\t\t\t\t<\/div>\n\t\t\t\t\t<\/div>\n\t\t<\/div>\n\t\t\t\t\t<\/div>\n\t\t<\/section>\n\t\t\t\t<section data-particle_enable=\"false\" data-particle-mobile-disabled=\"false\" class=\"elementor-section elementor-top-section elementor-element elementor-element-2647822 elementor-section-boxed elementor-section-height-default elementor-section-height-default\" data-id=\"2647822\" data-element_type=\"section\" data-e-type=\"section\">\n\t\t\t\t\t\t<div class=\"elementor-container elementor-column-gap-default\">\n\t\t\t\t\t<div class=\"elementor-column elementor-col-100 elementor-top-column elementor-element elementor-element-c7a8029\" data-id=\"c7a8029\" data-element_type=\"column\" data-e-type=\"column\">\n\t\t\t<div class=\"elementor-widget-wrap elementor-element-populated\">\n\t\t\t\t\t\t<div class=\"elementor-element elementor-element-590fea9 elementor-widget elementor-widget-image\" data-id=\"590fea9\" data-element_type=\"widget\" data-e-type=\"widget\" data-widget_type=\"image.default\">\n\t\t\t\t\t\t\t\t\t\t\t\t<figure class=\"wp-caption\">\n\t\t\t\t\t\t\t\t\t\t<img loading=\"lazy\" decoding=\"async\" width=\"488\" height=\"652\" src=\"https:\/\/soymigrante.com\/revista\/wp-content\/uploads\/2024\/03\/Alfombras-de-Cuaresma-y-Semana-Santa-en-Antigua-Guatemala-Fotos-Michelle-Gonzalez-13.webp\" class=\"attachment-large size-large wp-image-5465\" alt=\"A veces, intencionalmente se utiliza viruta de madera, es decir, un aserr\u00edn grueso que tambi\u00e9n ha sido preparado en colores con semanas se anticipaci\u00f3n. Esta alfombra antig\u00fce\u00f1a destac\u00f3 por tener varias alcanc\u00edas tradicionales de &quot;tecolote&quot;. Pr\u00e1cticamente no hay dos dise\u00f1os que se repitan ni en el mismo recorrido ni quiz\u00e1 en la historia, porque cambian las circunstancias, cambian las personas que las elaboran, pero lo que nunca cambia es la fe y devoci\u00f3n que motivan este regalo de amor que est\u00e1 en el sue\u00f1o para el Se\u00f1or del Cielo. (Foto Michelle Gonz\u00e1lez)\" srcset=\"https:\/\/soymigrante.com\/revista\/wp-content\/uploads\/2024\/03\/Alfombras-de-Cuaresma-y-Semana-Santa-en-Antigua-Guatemala-Fotos-Michelle-Gonzalez-13.webp 488w, https:\/\/soymigrante.com\/revista\/wp-content\/uploads\/2024\/03\/Alfombras-de-Cuaresma-y-Semana-Santa-en-Antigua-Guatemala-Fotos-Michelle-Gonzalez-13-225x300.webp 225w\" sizes=\"(max-width: 488px) 100vw, 488px\" title=\"A veces, intencionalmente se utiliza viruta de madera, es decir, un aserr\u00edn grueso que tambi\u00e9n ha sido preparado en colores con semanas se anticipaci\u00f3n. Esta alfombra antig\u00fce\u00f1a destac\u00f3 por tener varias alcanc\u00edas tradicionales de &quot;tecolote&quot;. Pr\u00e1cticamente no hay dos dise\u00f1os que se repitan ni en el mismo recorrido ni quiz\u00e1 en la historia, porque cambian las circunstancias, cambian las personas que las elaboran, pero lo que nunca cambia es la fe y devoci\u00f3n que motivan este regalo de amor que est\u00e1 en el sue\u00f1o para el Se\u00f1or del Cielo. (Foto Michelle Gonz\u00e1lez) \u2013 SoyMigrante.com REVISTA\" \/>\t\t\t\t\t\t\t\t\t\t\t<figcaption class=\"widget-image-caption wp-caption-text\">A veces, intencionalmente se utiliza viruta de madera, es decir, un aserr\u00edn grueso que tambi\u00e9n ha sido preparado en colores con semanas se anticipaci\u00f3n. Esta alfombra antig\u00fce\u00f1a destac\u00f3 por tener varias alcanc\u00edas tradicionales de \"tecolote\". Pr\u00e1cticamente no hay dos dise\u00f1os que se repitan ni en el mismo recorrido ni quiz\u00e1 en la historia, porque cambian las circunstancias, cambian las personas que las elaboran, pero lo que nunca cambia es la fe y devoci\u00f3n que motivan este regalo de amor que est\u00e1 en el sue\u00f1o para el Se\u00f1or del Cielo. (Foto Michelle Gonz\u00e1lez)<\/figcaption>\n\t\t\t\t\t\t\t\t\t\t<\/figure>\n\t\t\t\t\t\t\t\t\t<\/div>\n\t\t\t\t\t<\/div>\n\t\t<\/div>\n\t\t\t\t\t<\/div>\n\t\t<\/section>\n\t\t\t\t<section data-particle_enable=\"false\" data-particle-mobile-disabled=\"false\" class=\"elementor-section elementor-top-section elementor-element elementor-element-0de3ad8 elementor-section-boxed elementor-section-height-default elementor-section-height-default\" data-id=\"0de3ad8\" data-element_type=\"section\" data-e-type=\"section\">\n\t\t\t\t\t\t<div class=\"elementor-container elementor-column-gap-default\">\n\t\t\t\t\t<div class=\"elementor-column elementor-col-100 elementor-top-column elementor-element elementor-element-98cd4f5\" data-id=\"98cd4f5\" data-element_type=\"column\" data-e-type=\"column\">\n\t\t\t<div class=\"elementor-widget-wrap elementor-element-populated\">\n\t\t\t\t\t\t<div class=\"elementor-element elementor-element-0baefef elementor-widget elementor-widget-image\" data-id=\"0baefef\" data-element_type=\"widget\" data-e-type=\"widget\" data-widget_type=\"image.default\">\n\t\t\t\t\t\t\t\t\t\t\t\t<figure class=\"wp-caption\">\n\t\t\t\t\t\t\t\t\t\t<img loading=\"lazy\" decoding=\"async\" width=\"663\" height=\"892\" src=\"https:\/\/soymigrante.com\/revista\/wp-content\/uploads\/2024\/03\/Alfombras-de-Cuaresma-y-Semana-Santa-en-Antigua-Guatemala-Fotos-Michelle-Gonzalez-3.webp\" class=\"attachment-large size-large wp-image-5455\" alt=\"Las flores tambi\u00e9n son un elemento recurrente en las alfombras. Esta cruz con rosas mide m\u00e1s de diez metros de largo y su relieve resulta muy llamativo para los devotos que la admiran. Despu\u00e9s del paso del cortejo es com\u00fan que los devotos recojan algunas de las flores, por considerarlas bendecidas. (Foto Michelle Gonz\u00e1lez)\" srcset=\"https:\/\/soymigrante.com\/revista\/wp-content\/uploads\/2024\/03\/Alfombras-de-Cuaresma-y-Semana-Santa-en-Antigua-Guatemala-Fotos-Michelle-Gonzalez-3.webp 663w, https:\/\/soymigrante.com\/revista\/wp-content\/uploads\/2024\/03\/Alfombras-de-Cuaresma-y-Semana-Santa-en-Antigua-Guatemala-Fotos-Michelle-Gonzalez-3-223x300.webp 223w\" sizes=\"(max-width: 663px) 100vw, 663px\" title=\"Alfombras de Cuaresma y Semana Santa en Antigua Guatemala Fotos Michelle Gonzalez (3) \u2013 SoyMigrante.com REVISTA\" \/>\t\t\t\t\t\t\t\t\t\t\t<figcaption class=\"widget-image-caption wp-caption-text\">Las flores tambi\u00e9n son un elemento recurrente en las alfombras. Esta cruz con rosas mide m\u00e1s de diez metros de largo y su relieve resulta muy llamativo para los devotos que la admiran. Despu\u00e9s del paso del cortejo es com\u00fan que los devotos recojan algunas de las flores, por considerarlas bendecidas. (Foto Michelle Gonz\u00e1lez)<\/figcaption>\n\t\t\t\t\t\t\t\t\t\t<\/figure>\n\t\t\t\t\t\t\t\t\t<\/div>\n\t\t\t\t\t<\/div>\n\t\t<\/div>\n\t\t\t\t\t<\/div>\n\t\t<\/section>\n\t\t\t\t<section data-particle_enable=\"false\" data-particle-mobile-disabled=\"false\" class=\"elementor-section elementor-top-section elementor-element elementor-element-c11509f elementor-section-boxed elementor-section-height-default elementor-section-height-default\" data-id=\"c11509f\" data-element_type=\"section\" data-e-type=\"section\">\n\t\t\t\t\t\t<div class=\"elementor-container elementor-column-gap-default\">\n\t\t\t\t\t<div class=\"elementor-column elementor-col-100 elementor-top-column elementor-element elementor-element-0cc6207\" data-id=\"0cc6207\" data-element_type=\"column\" data-e-type=\"column\">\n\t\t\t<div class=\"elementor-widget-wrap elementor-element-populated\">\n\t\t\t\t\t\t<div class=\"elementor-element elementor-element-b3ad63e elementor-widget elementor-widget-image\" data-id=\"b3ad63e\" data-element_type=\"widget\" data-e-type=\"widget\" data-widget_type=\"image.default\">\n\t\t\t\t\t\t\t\t\t\t\t\t<figure class=\"wp-caption\">\n\t\t\t\t\t\t\t\t\t\t<img loading=\"lazy\" decoding=\"async\" width=\"492\" height=\"652\" src=\"https:\/\/soymigrante.com\/revista\/wp-content\/uploads\/2024\/03\/Alfombras-de-Cuaresma-y-Semana-Santa-en-Antigua-Guatemala-Fotos-Michelle-Gonzalez-11.webp\" class=\"attachment-large size-large wp-image-5463\" alt=\"Los moldes para elaborar las alfombras se recortan en cart\u00f3n y vinil. Es usual que existan varias &quot;capas&quot; que permiten formar complejas im\u00e1genes. La combinaci\u00f3n con flores es usual y fragante. (Foto Michelle Gonz\u00e1lez)\" srcset=\"https:\/\/soymigrante.com\/revista\/wp-content\/uploads\/2024\/03\/Alfombras-de-Cuaresma-y-Semana-Santa-en-Antigua-Guatemala-Fotos-Michelle-Gonzalez-11.webp 492w, https:\/\/soymigrante.com\/revista\/wp-content\/uploads\/2024\/03\/Alfombras-de-Cuaresma-y-Semana-Santa-en-Antigua-Guatemala-Fotos-Michelle-Gonzalez-11-226x300.webp 226w\" sizes=\"(max-width: 492px) 100vw, 492px\" title=\"Alfombras de Cuaresma y Semana Santa en Antigua Guatemala Fotos Michelle Gonzalez (11) \u2013 SoyMigrante.com REVISTA\" \/>\t\t\t\t\t\t\t\t\t\t\t<figcaption class=\"widget-image-caption wp-caption-text\">Los moldes para elaborar las alfombras se recortan en cart\u00f3n y vinil. Es usual que existan varias \"capas\" que permiten formar complejas im\u00e1genes. La combinaci\u00f3n con flores es usual y fragante. (Foto Michelle Gonz\u00e1lez)<\/figcaption>\n\t\t\t\t\t\t\t\t\t\t<\/figure>\n\t\t\t\t\t\t\t\t\t<\/div>\n\t\t\t\t\t<\/div>\n\t\t<\/div>\n\t\t\t\t\t<\/div>\n\t\t<\/section>\n\t\t\t\t<section data-particle_enable=\"false\" data-particle-mobile-disabled=\"false\" class=\"elementor-section elementor-top-section elementor-element elementor-element-22d9539 elementor-section-boxed elementor-section-height-default elementor-section-height-default\" data-id=\"22d9539\" data-element_type=\"section\" data-e-type=\"section\">\n\t\t\t\t\t\t<div class=\"elementor-container elementor-column-gap-default\">\n\t\t\t\t\t<div class=\"elementor-column elementor-col-100 elementor-top-column elementor-element elementor-element-5bf806e\" data-id=\"5bf806e\" data-element_type=\"column\" data-e-type=\"column\">\n\t\t\t<div class=\"elementor-widget-wrap elementor-element-populated\">\n\t\t\t\t\t\t<div class=\"elementor-element elementor-element-eefb24e elementor-widget elementor-widget-image\" data-id=\"eefb24e\" data-element_type=\"widget\" data-e-type=\"widget\" data-widget_type=\"image.default\">\n\t\t\t\t\t\t\t\t\t\t\t\t<figure class=\"wp-caption\">\n\t\t\t\t\t\t\t\t\t\t<img loading=\"lazy\" decoding=\"async\" width=\"487\" height=\"638\" src=\"https:\/\/soymigrante.com\/revista\/wp-content\/uploads\/2024\/03\/Alfombras-de-Cuaresma-y-Semana-Santa-en-Antigua-Guatemala-Fotos-Michelle-Gonzalez-8.webp\" class=\"attachment-large size-large wp-image-5460\" alt=\"Los dise\u00f1os geom\u00e9tricos pueden adquirir enorme complejidad y requieren de hasta 10 moldes para ser completados. Quienes los elaboran se colocan sobre tablas sostenidas con bloques para poder trabajar por encima e ir coloreando con aserr\u00edn la forma prevista, El aserr\u00edn con los tintes se prepara desde muchas semanas antes, para que su color no var\u00ede al secarse. (Foto Michelle Gonzalez)\" srcset=\"https:\/\/soymigrante.com\/revista\/wp-content\/uploads\/2024\/03\/Alfombras-de-Cuaresma-y-Semana-Santa-en-Antigua-Guatemala-Fotos-Michelle-Gonzalez-8.webp 487w, https:\/\/soymigrante.com\/revista\/wp-content\/uploads\/2024\/03\/Alfombras-de-Cuaresma-y-Semana-Santa-en-Antigua-Guatemala-Fotos-Michelle-Gonzalez-8-229x300.webp 229w\" sizes=\"(max-width: 487px) 100vw, 487px\" title=\"Los dise\u00f1os geom\u00e9tricos pueden adquirir enorme complejidad y requieren de hasta 10 moldes para ser completados. Quienes los elaboran se colocan sobre tablas sostenidas con bloques para poder  trabajar por encima e ir coloreando con aserr\u00edn la forma prevista, El aserr\u00edn con los tintes se prepara desde muchas semanas antes, para que su color no var\u00ede al secarse. (Foto Michelle Gonzalez) \u2013 SoyMigrante.com REVISTA\" \/>\t\t\t\t\t\t\t\t\t\t\t<figcaption class=\"widget-image-caption wp-caption-text\">Los dise\u00f1os geom\u00e9tricos pueden adquirir enorme complejidad y requieren de hasta 10 moldes para ser completados. Quienes los elaboran se colocan sobre tablas sostenidas con bloques para poder  trabajar por encima e ir coloreando con aserr\u00edn la forma prevista, El aserr\u00edn con los tintes se prepara desde muchas semanas antes, para que su color no var\u00ede al secarse. (Foto Michelle Gonzalez)<\/figcaption>\n\t\t\t\t\t\t\t\t\t\t<\/figure>\n\t\t\t\t\t\t\t\t\t<\/div>\n\t\t\t\t\t<\/div>\n\t\t<\/div>\n\t\t\t\t\t<\/div>\n\t\t<\/section>\n\t\t\t\t<section data-particle_enable=\"false\" data-particle-mobile-disabled=\"false\" class=\"elementor-section elementor-top-section elementor-element elementor-element-79486c1 elementor-section-boxed elementor-section-height-default elementor-section-height-default\" data-id=\"79486c1\" data-element_type=\"section\" data-e-type=\"section\">\n\t\t\t\t\t\t<div class=\"elementor-container elementor-column-gap-default\">\n\t\t\t\t\t<div class=\"elementor-column elementor-col-100 elementor-top-column elementor-element elementor-element-c7d2e27\" data-id=\"c7d2e27\" data-element_type=\"column\" data-e-type=\"column\">\n\t\t\t<div class=\"elementor-widget-wrap elementor-element-populated\">\n\t\t\t\t\t\t<div class=\"elementor-element elementor-element-f116b8e elementor-widget elementor-widget-image\" data-id=\"f116b8e\" data-element_type=\"widget\" data-e-type=\"widget\" data-widget_type=\"image.default\">\n\t\t\t\t\t\t\t\t\t\t\t\t<figure class=\"wp-caption\">\n\t\t\t\t\t\t\t\t\t\t<img loading=\"lazy\" decoding=\"async\" width=\"637\" height=\"838\" src=\"https:\/\/soymigrante.com\/revista\/wp-content\/uploads\/2024\/03\/Alfombras-de-Cuaresma-y-Semana-Santa-en-Antigua-Guatemala-Fotos-Michelle-Gonzalez-6.webp\" class=\"attachment-large size-large wp-image-5458\" alt=\"Cortejo procesional de Jes\u00fas Nazareno de la Ca\u00edda, imagen venerada en el templo de San Bartolom\u00e9 Becerra, aldea cercana a la Antigua Guatemala. Miles de devotos y observadores, guatemaltecos y extranjeros se concentraron en la ciudad colonial. Se considera que el Quinto Domingo de Cuaresma es el d\u00eda m\u00e1s concurrido en esta ciudad. Al fondo puede verse el Convento de Santa Clara. (Foto Michelle Gonz\u00e1lez)\" srcset=\"https:\/\/soymigrante.com\/revista\/wp-content\/uploads\/2024\/03\/Alfombras-de-Cuaresma-y-Semana-Santa-en-Antigua-Guatemala-Fotos-Michelle-Gonzalez-6.webp 637w, https:\/\/soymigrante.com\/revista\/wp-content\/uploads\/2024\/03\/Alfombras-de-Cuaresma-y-Semana-Santa-en-Antigua-Guatemala-Fotos-Michelle-Gonzalez-6-228x300.webp 228w\" sizes=\"(max-width: 637px) 100vw, 637px\" title=\"Alfombras de Cuaresma y Semana Santa en Antigua Guatemala Fotos Michelle Gonzalez (6) \u2013 SoyMigrante.com REVISTA\" \/>\t\t\t\t\t\t\t\t\t\t\t<figcaption class=\"widget-image-caption wp-caption-text\">Cortejo procesional de Jes\u00fas Nazareno de la Ca\u00edda, imagen venerada en el templo de San Bartolom\u00e9 Becerra, aldea cercana a la Antigua Guatemala. Miles de devotos y observadores, guatemaltecos y extranjeros se concentraron en la ciudad colonial. Se considera que el Quinto Domingo de Cuaresma es el d\u00eda m\u00e1s concurrido en  esta ciudad. Al fondo puede verse el Convento de Santa Clara. (Foto Michelle Gonz\u00e1lez)<\/figcaption>\n\t\t\t\t\t\t\t\t\t\t<\/figure>\n\t\t\t\t\t\t\t\t\t<\/div>\n\t\t\t\t\t<\/div>\n\t\t<\/div>\n\t\t\t\t\t<\/div>\n\t\t<\/section>\n\t\t\t\t<section data-particle_enable=\"false\" data-particle-mobile-disabled=\"false\" class=\"elementor-section elementor-top-section elementor-element elementor-element-399e830 elementor-section-boxed elementor-section-height-default elementor-section-height-default\" data-id=\"399e830\" data-element_type=\"section\" data-e-type=\"section\">\n\t\t\t\t\t\t<div class=\"elementor-container elementor-column-gap-default\">\n\t\t\t\t\t<div class=\"elementor-column elementor-col-100 elementor-top-column elementor-element elementor-element-a566a33\" data-id=\"a566a33\" data-element_type=\"column\" data-e-type=\"column\">\n\t\t\t<div class=\"elementor-widget-wrap elementor-element-populated\">\n\t\t\t\t\t\t<div class=\"elementor-element elementor-element-15812fa elementor-widget elementor-widget-heading\" data-id=\"15812fa\" data-element_type=\"widget\" data-e-type=\"widget\" data-widget_type=\"heading.default\">\n\t\t\t\t\t<h2 class=\"elementor-heading-title elementor-size-default\">Guatemala es \u00fanica y admirable<\/h2>\t\t\t\t<\/div>\n\t\t\t\t\t<\/div>\n\t\t<\/div>\n\t\t\t\t\t<\/div>\n\t\t<\/section>\n\t\t\t\t<section data-particle_enable=\"false\" data-particle-mobile-disabled=\"false\" class=\"elementor-section elementor-top-section elementor-element elementor-element-43eeffc elementor-section-boxed elementor-section-height-default elementor-section-height-default\" data-id=\"43eeffc\" data-element_type=\"section\" data-e-type=\"section\">\n\t\t\t\t\t\t<div class=\"elementor-container elementor-column-gap-default\">\n\t\t\t\t\t<div class=\"elementor-column elementor-col-100 elementor-top-column elementor-element elementor-element-c51f2ff\" data-id=\"c51f2ff\" data-element_type=\"column\" data-e-type=\"column\">\n\t\t\t<div class=\"elementor-widget-wrap elementor-element-populated\">\n\t\t\t\t\t\t<div class=\"elementor-element elementor-element-eb92999 elementor-widget elementor-widget-blfe-post-grid\" data-id=\"eb92999\" data-element_type=\"widget\" data-e-type=\"widget\" data-settings=\"{&quot;columns&quot;:&quot;3&quot;,&quot;columns_tablet&quot;:&quot;6&quot;,&quot;columns_mobile&quot;:&quot;12&quot;,&quot;hero1_layout_column_gap&quot;:{&quot;unit&quot;:&quot;px&quot;,&quot;size&quot;:30,&quot;sizes&quot;:[]},&quot;hero1_layout_column_gap_tablet&quot;:{&quot;unit&quot;:&quot;px&quot;,&quot;size&quot;:&quot;&quot;,&quot;sizes&quot;:[]},&quot;hero1_layout_column_gap_mobile&quot;:{&quot;unit&quot;:&quot;px&quot;,&quot;size&quot;:&quot;&quot;,&quot;sizes&quot;:[]},&quot;hero1_layout_row_gap&quot;:{&quot;unit&quot;:&quot;px&quot;,&quot;size&quot;:30,&quot;sizes&quot;:[]},&quot;hero1_layout_row_gap_tablet&quot;:{&quot;unit&quot;:&quot;px&quot;,&quot;size&quot;:&quot;&quot;,&quot;sizes&quot;:[]},&quot;hero1_layout_row_gap_mobile&quot;:{&quot;unit&quot;:&quot;px&quot;,&quot;size&quot;:&quot;&quot;,&quot;sizes&quot;:[]}}\" data-widget_type=\"blfe-post-grid.hero1\">\n\t\t\t\t<div class=\"elementor-widget-container\">\n\t\t\t\t\t\n                        <div class=\"blfe-post-grid-container \">\n            \n                <div data-skin=\"hero1\" class=\"blfe-row blfe-posts-inner blfe-hero1 blfe-posts-inner blfe-col-3 blfe-col-tab-6 blfe-col-mob-12     \">\n                            <div class=\"blfe-post-grid-item\">\n            <div class=\"blfe-post-grid-item-inner blfe-modern-zoom\">\n                        <div class=\"blfe-post-grid-bg-image\">\n            <a class=\"blfe-post-grid-image-inner\" href=\"https:\/\/soymigrante.com\/revista\/simbolos-patrios-de-guatemala-bandera-nacional\/\" title=\"La bandera Nacional de Guatemala: colores azul y blanco tambi\u00e9n son bicentenarios\" rel=\"nofollow\" target=\"_blank\"><img decoding=\"async\" src=\"https:\/\/soymigrante.com\/revista\/wp-content\/uploads\/2023\/10\/guatemaltecos-houston-1.webp\" alt=\"La bandera Nacional de Guatemala: colores azul y blanco tambi\u00e9n son bicentenarios\"\/><\/a>        <\/div>\n                        <div class=\"blfe-post-grid-details\">\n                    <div class=\"blfe-post-grid-details-inner\">\n                        <span class=\"blfe-post-category\"><a href=\"https:\/\/soymigrante.com\/revista\/category\/guate-nuestra\/\">Guate Nuestra<\/a><\/span>                        <h3 class=\"blfe-post-grid-title\">\n            <a href=\"https:\/\/soymigrante.com\/revista\/simbolos-patrios-de-guatemala-bandera-nacional\/\" title=\"La bandera Nacional de Guatemala: colores azul y blanco tambi\u00e9n son bicentenarios\" rel=\"nofollow\" target=\"_blank\">La bandera Nacional de Guatemala: colores azul y blanco tambi\u00e9n son bicentenarios<\/a>\n            <\/h3>                                                            <div class=\"blfe-post-grid-meta\">\n                <span class=\"blfe-post-grid-author\"><i class=\"fa fa-user far fa-user\"><\/i>by <a href=\"https:\/\/soymigrante.com\/revista\/author\/gustavo\/\">Gustavo Montenegro<\/a><\/span>                    <div class=\"blfe-post-meta-dot\"><\/div>\n                    <span class=\"blfe-post-grid-date\"><i class=\"fa fa-calendar-alt far fa-calendar-alt\"><\/i>21\/11\/2023<\/span>                    <div class=\"blfe-post-meta-dot\"><\/div>\n                                <\/div>\n                                                        <\/div>\n                <\/div>\n\n            <\/div>\n        <\/div>\n                <div class=\"blfe-post-grid-item\">\n            <div class=\"blfe-post-grid-item-inner blfe-modern-zoom\">\n                        <div class=\"blfe-post-grid-bg-image\">\n            <a class=\"blfe-post-grid-image-inner\" href=\"https:\/\/soymigrante.com\/revista\/simbolos-patrios-de-guatemala-el-escudo-nacional\/\" title=\"El Escudo Nacional de Guatemala explicado de la A a la F\" rel=\"nofollow\" target=\"_blank\"><img decoding=\"async\" src=\"https:\/\/soymigrante.com\/revista\/wp-content\/uploads\/2023\/11\/Captura-de-pantalla-2023-11-27-140941.webp\" alt=\"El Escudo Nacional de Guatemala explicado de la A a la F\"\/><\/a>        <\/div>\n                        <div class=\"blfe-post-grid-details\">\n                    <div class=\"blfe-post-grid-details-inner\">\n                        <span class=\"blfe-post-category\"><a href=\"https:\/\/soymigrante.com\/revista\/category\/guate-nuestra\/\">Guate Nuestra<\/a><\/span>                        <h3 class=\"blfe-post-grid-title\">\n            <a href=\"https:\/\/soymigrante.com\/revista\/simbolos-patrios-de-guatemala-el-escudo-nacional\/\" title=\"El Escudo Nacional de Guatemala explicado de la A a la F\" rel=\"nofollow\" target=\"_blank\">El Escudo Nacional de Guatemala explicado de la A a la F<\/a>\n            <\/h3>                                                            <div class=\"blfe-post-grid-meta\">\n                <span class=\"blfe-post-grid-author\"><i class=\"fa fa-user far fa-user\"><\/i>by <a href=\"https:\/\/soymigrante.com\/revista\/author\/gustavo\/\">Gustavo Montenegro<\/a><\/span>                    <div class=\"blfe-post-meta-dot\"><\/div>\n                    <span class=\"blfe-post-grid-date\"><i class=\"fa fa-calendar-alt far fa-calendar-alt\"><\/i>27\/11\/2023<\/span>                    <div class=\"blfe-post-meta-dot\"><\/div>\n                                <\/div>\n                                                        <\/div>\n                <\/div>\n\n            <\/div>\n        <\/div>\n                <div class=\"blfe-post-grid-item\">\n            <div class=\"blfe-post-grid-item-inner blfe-modern-zoom\">\n                        <div class=\"blfe-post-grid-bg-image\">\n            <a class=\"blfe-post-grid-image-inner\" href=\"https:\/\/soymigrante.com\/revista\/monja-blanca-simbolo-patrio-guatemala-smithsonian-washington-exposicion\/\" title=\"La Monja Blanca, s\u00edmbolo de Guatemala, puede ser admirada en Washington D.C.\" rel=\"nofollow\" target=\"_blank\"><img decoding=\"async\" src=\"https:\/\/soymigrante.com\/revista\/wp-content\/uploads\/2024\/01\/Captura-de-pantalla-2024-01-29-164708.webp\" alt=\"La Monja Blanca, s\u00edmbolo de Guatemala, puede ser admirada en Washington D.C.\"\/><\/a>        <\/div>\n                        <div class=\"blfe-post-grid-details\">\n                    <div class=\"blfe-post-grid-details-inner\">\n                        <span class=\"blfe-post-category\"><a href=\"https:\/\/soymigrante.com\/revista\/category\/guate-nuestra\/\">Guate Nuestra<\/a><\/span>                        <h3 class=\"blfe-post-grid-title\">\n            <a href=\"https:\/\/soymigrante.com\/revista\/monja-blanca-simbolo-patrio-guatemala-smithsonian-washington-exposicion\/\" title=\"La Monja Blanca, s\u00edmbolo de Guatemala, puede ser admirada en Washington D.C.\" rel=\"nofollow\" target=\"_blank\">La Monja Blanca, s\u00edmbolo de Guatemala, puede ser admirada en Washington D.C.<\/a>\n            <\/h3>                                                            <div class=\"blfe-post-grid-meta\">\n                <span class=\"blfe-post-grid-author\"><i class=\"fa fa-user far fa-user\"><\/i>by <a href=\"https:\/\/soymigrante.com\/revista\/author\/gustavo\/\">Gustavo Montenegro<\/a><\/span>                    <div class=\"blfe-post-meta-dot\"><\/div>\n                    <span class=\"blfe-post-grid-date\"><i class=\"fa fa-calendar-alt far fa-calendar-alt\"><\/i>29\/01\/2024<\/span>                    <div class=\"blfe-post-meta-dot\"><\/div>\n                                <\/div>\n                                                        <\/div>\n                <\/div>\n\n            <\/div>\n        <\/div>\n                        <\/div>\n\n                        <\/div>\n            \n                        <div class=\"blfe-post-footer\">\n                        <\/div>\n            \t\t\t\t<\/div>\n\t\t\t\t<\/div>\n\t\t\t\t\t<\/div>\n\t\t<\/div>\n\t\t\t\t\t<\/div>\n\t\t<\/section>\n\t\t\t\t<\/div>\n\t\t","protected":false},"excerpt":{"rendered":"<p>Las piedras de Antigua Guatemala se visten de colores fugaces y devotos en las tradicionales alfombras de aserr\u00edn, que son una fusi\u00f3n de elementos prehisp\u00e1nicos y espa\u00f1oles, en un admirable lenguaje de fe. Desde mucho antes que salga el sol y tambi\u00e9n la procesi\u00f3n del Nazareno de la Ca\u00edda, de San Bartolom\u00e9 Becerra, Antigua Guatemala, [&hellip;]<\/p>\n","protected":false},"author":1,"featured_media":5460,"comment_status":"open","ping_status":"open","sticky":false,"template":"","format":"standard","meta":{"_acf_changed":false,"_eb_attr":"","footnotes":""},"categories":[58],"tags":[],"class_list":["post-5452","post","type-post","status-publish","format-standard","has-post-thumbnail","hentry","category-guate-nuestra"],"acf":[],"aioseo_notices":[],"aioseo_head":"\n\t\t<!-- All in One SEO Pro 4.9.6.2 - aioseo.com -->\n\t<meta name=\"description\" content=\"S\u00edmbolo patrio de Guatemala figura en la exhibici\u00f3n El futuro de las orqu\u00eddeas, del Smithsonian Institute en Washington D.C., que se encuentra abierta hasta el 27 de abril. La exposici\u00f3n El futuro de las orqu\u00eddeas re\u00fane cientos de ejemplares de estas fascinantes flores, provenientes de todo el mundo. Entre ellas se encuentra la Lycaste virginalis\" \/>\n\t<meta name=\"robots\" content=\"max-snippet:-1, max-image-preview:large, max-video-preview:-1\" \/>\n\t<meta name=\"author\" content=\"SoyMigrante.com REVISTA\"\/>\n\t<link rel=\"canonical\" href=\"https:\/\/soymigrante.com\/revista\/antigua-guatemala-alfombras-serrin-semana-santa-fe-tradicion\/\" \/>\n\t<meta name=\"generator\" content=\"All in One SEO Pro (AIOSEO) 4.9.6.2\" \/>\n\n\t\t<link rel=\"preconnect\" href=\"https:\/\/fonts.googleapis.com\" crossorigin>\n<link rel=\"preconnect\" href=\"https:\/\/fonts.gstatic.com\" crossorigin>\n\t\t<meta property=\"og:locale\" content=\"es_ES\" \/>\n\t\t<meta property=\"og:site_name\" content=\"SoyMigrante.com REVISTA \u2013 Nuestra misi\u00f3n es reconocer y dignificar al migrante.\" \/>\n\t\t<meta property=\"og:type\" content=\"article\" \/>\n\t\t<meta property=\"og:title\" content=\"Alfombras de Antigua Guatemala: ofrenda de fe, trabajo y devoci\u00f3n\" \/>\n\t\t<meta property=\"og:description\" content=\"Las piedras de Antigua Guatemala se visten de colores fugaces y devotos en las tradicionales alfombras de aserr\u00edn, que son una fusi\u00f3n de elementos prehisp\u00e1nicos y espa\u00f1oles, en un admirable lenguaje de fe. Devoci\u00f3n de siglos se hace presente La elaboraci\u00f3n de alfombras de aserr\u00edn, flores, frutas y otros materiales vegetales es todo un s\u00edmbolo\" \/>\n\t\t<meta property=\"og:url\" content=\"https:\/\/soymigrante.com\/revista\/antigua-guatemala-alfombras-serrin-semana-santa-fe-tradicion\/\" \/>\n\t\t<meta property=\"og:image\" content=\"https:\/\/soymigrante.com\/revista\/wp-content\/uploads\/2024\/03\/Alfombras-de-Cuaresma-y-Semana-Santa-en-Antigua-Guatemala-Fotos-Michelle-Gonzalez-8.webp\" \/>\n\t\t<meta property=\"og:image:secure_url\" content=\"https:\/\/soymigrante.com\/revista\/wp-content\/uploads\/2024\/03\/Alfombras-de-Cuaresma-y-Semana-Santa-en-Antigua-Guatemala-Fotos-Michelle-Gonzalez-8.webp\" \/>\n\t\t<meta property=\"og:image:width\" content=\"487\" \/>\n\t\t<meta property=\"og:image:height\" content=\"638\" \/>\n\t\t<meta property=\"article:published_time\" content=\"2024-03-18T05:16:45+00:00\" \/>\n\t\t<meta property=\"article:modified_time\" content=\"2024-07-29T19:36:45+00:00\" \/>\n\t\t<meta property=\"article:publisher\" content=\"https:\/\/www.facebook.com\/soymigrantecom\" \/>\n\t\t<meta name=\"twitter:card\" content=\"summary_large_image\" \/>\n\t\t<meta name=\"twitter:site\" content=\"@SoyMigrante_com\" \/>\n\t\t<meta name=\"twitter:title\" content=\"Alfombras de Antigua Guatemala: ofrenda de fe, trabajo y devoci\u00f3n\" \/>\n\t\t<meta name=\"twitter:description\" content=\"Las piedras de Antigua Guatemala se visten de colores fugaces y devotos en las tradicionales alfombras de aserr\u00edn, que son una fusi\u00f3n de elementos prehisp\u00e1nicos y espa\u00f1oles, en un admirable lenguaje de fe. Devoci\u00f3n de siglos se hace presente La elaboraci\u00f3n de alfombras de aserr\u00edn, flores, frutas y otros materiales vegetales es todo un s\u00edmbolo\" \/>\n\t\t<meta name=\"twitter:creator\" content=\"@SoyMigrante_com\" \/>\n\t\t<meta name=\"twitter:image\" content=\"https:\/\/soymigrante.com\/revista\/wp-content\/uploads\/2024\/03\/Alfombras-de-Cuaresma-y-Semana-Santa-en-Antigua-Guatemala-Fotos-Michelle-Gonzalez-8.webp\" \/>\n\t\t<!-- All in One SEO Pro -->\r\n\t\t<title>Alfombras de Antigua Guatemala: ofrenda de fe, trabajo y devoci\u00f3n<\/title>\n\n","aioseo_head_json":{"title":"Alfombras de Antigua Guatemala: ofrenda de fe, trabajo y devoci\u00f3n","description":"Las piedras de Antigua Guatemala se visten de colores fugaces y devotos en las tradicionales alfombras de aserr\u00edn, que son una fusi\u00f3n de elementos prehisp\u00e1nicos y espa\u00f1oles, en un admirable lenguaje de fe. Devoci\u00f3n de siglos se hace presente La elaboraci\u00f3n de alfombras de aserr\u00edn, flores, frutas y otros materiales vegetales es todo un s\u00edmbolo","canonical_url":"https:\/\/soymigrante.com\/revista\/antigua-guatemala-alfombras-serrin-semana-santa-fe-tradicion\/","robots":"max-snippet:-1, max-image-preview:large, max-video-preview:-1","keywords":"","webmasterTools":{"miscellaneous":"&lt;link rel=\"preconnect\" href=\"https:\/\/fonts.googleapis.com\" crossorigin&gt;\n&lt;link rel=\"preconnect\" href=\"https:\/\/fonts.gstatic.com\" crossorigin&gt;"},"schema":null,"og:locale":"es_ES","og:site_name":"SoyMigrante.com REVISTA \u2013 Nuestra misi\u00f3n es reconocer y dignificar al migrante.","og:type":"article","og:title":"Alfombras de Antigua Guatemala: ofrenda de fe, trabajo y devoci\u00f3n","og:description":"Las piedras de Antigua Guatemala se visten de colores fugaces y devotos en las tradicionales alfombras de aserr\u00edn, que son una fusi\u00f3n de elementos prehisp\u00e1nicos y espa\u00f1oles, en un admirable lenguaje de fe. Devoci\u00f3n de siglos se hace presente La elaboraci\u00f3n de alfombras de aserr\u00edn, flores, frutas y otros materiales vegetales es todo un s\u00edmbolo","og:url":"https:\/\/soymigrante.com\/revista\/antigua-guatemala-alfombras-serrin-semana-santa-fe-tradicion\/","og:image":"https:\/\/soymigrante.com\/revista\/wp-content\/uploads\/2024\/03\/Alfombras-de-Cuaresma-y-Semana-Santa-en-Antigua-Guatemala-Fotos-Michelle-Gonzalez-8.webp","og:image:secure_url":"https:\/\/soymigrante.com\/revista\/wp-content\/uploads\/2024\/03\/Alfombras-de-Cuaresma-y-Semana-Santa-en-Antigua-Guatemala-Fotos-Michelle-Gonzalez-8.webp","og:image:width":487,"og:image:height":638,"article:published_time":"2024-03-18T05:16:45+00:00","article:modified_time":"2024-07-29T19:36:45+00:00","article:publisher":"https:\/\/www.facebook.com\/soymigrantecom","twitter:card":"summary_large_image","twitter:site":"@SoyMigrante_com","twitter:title":"Alfombras de Antigua Guatemala: ofrenda de fe, trabajo y devoci\u00f3n","twitter:description":"Las piedras de Antigua Guatemala se visten de colores fugaces y devotos en las tradicionales alfombras de aserr\u00edn, que son una fusi\u00f3n de elementos prehisp\u00e1nicos y espa\u00f1oles, en un admirable lenguaje de fe. Devoci\u00f3n de siglos se hace presente La elaboraci\u00f3n de alfombras de aserr\u00edn, flores, frutas y otros materiales vegetales es todo un s\u00edmbolo","twitter:creator":"@SoyMigrante_com","twitter:image":"https:\/\/soymigrante.com\/revista\/wp-content\/uploads\/2024\/03\/Alfombras-de-Cuaresma-y-Semana-Santa-en-Antigua-Guatemala-Fotos-Michelle-Gonzalez-8.webp"},"aioseo_meta_data":{"post_id":"5452","title":null,"description":null,"keywords":[],"keyphrases":{"focus":{"keyphrase":"Antigua Guatemala","score":91,"analysis":{"keyphraseInTitle":{"score":9,"maxScore":9,"error":0},"keyphraseInDescription":{"score":9,"maxScore":9,"error":0},"keyphraseLength":{"score":9,"maxScore":9,"error":0,"length":2},"keyphraseInURL":{"score":5,"maxScore":5,"error":0},"keyphraseInIntroduction":{"score":9,"maxScore":9,"error":0},"keyphraseInSubHeadings":{"score":3,"maxScore":9,"error":1},"keyphraseInImageAlt":{"score":9,"maxScore":9,"error":0},"keywordDensity":{"type":"best","score":9,"maxScore":9,"error":0}}},"additional":[]},"primary_term":null,"canonical_url":null,"og_title":null,"og_description":null,"og_object_type":"default","og_image_type":"default","og_image_url":null,"og_image_width":null,"og_image_height":null,"og_image_custom_url":null,"og_image_custom_fields":null,"og_video":"","og_custom_url":null,"og_article_section":null,"og_article_tags":[],"twitter_use_og":false,"twitter_card":"default","twitter_image_type":"default","twitter_image_url":null,"twitter_image_custom_url":null,"twitter_image_custom_fields":null,"twitter_title":null,"twitter_description":null,"schema":{"blockGraphs":[],"customGraphs":[],"default":{"data":{"Article":[],"Course":[],"Dataset":[],"FAQPage":[],"Movie":[],"Person":[],"Product":[],"ProductReview":[],"Car":[],"Recipe":[],"Service":[],"SoftwareApplication":[],"WebPage":[]},"graphName":"BlogPosting","isEnabled":true},"graphs":[]},"schema_type":"default","schema_type_options":null,"pillar_content":false,"robots_default":true,"robots_noindex":false,"robots_noarchive":false,"robots_nosnippet":false,"robots_nofollow":false,"robots_noimageindex":false,"robots_noodp":false,"robots_notranslate":false,"robots_max_snippet":"-1","robots_max_videopreview":"-1","robots_max_imagepreview":"large","priority":null,"frequency":"default","local_seo":null,"seo_analyzer_scan_date":"2025-10-08 21:24:35","breadcrumb_settings":null,"limit_modified_date":false,"reviewed_by":null,"open_ai":null,"ai":null,"created":"2024-03-18 04:09:27","updated":"2026-02-04 11:00:58"},"aioseo_breadcrumb":"<div class=\"aioseo-breadcrumbs\"><span class=\"aioseo-breadcrumb\">\n\t<a href=\"https:\/\/soymigrante.com\/revista\" title=\"Home\">Home<\/a>\n<\/span><span class=\"aioseo-breadcrumb-separator\">\u00bb<\/span><span class=\"aioseo-breadcrumb\">\n\t<a href=\"https:\/\/soymigrante.com\/revista\/category\/guate-nuestra\/\" title=\"Guate Nuestra\">Guate Nuestra<\/a>\n<\/span><span class=\"aioseo-breadcrumb-separator\">\u00bb<\/span><span class=\"aioseo-breadcrumb\">\n\tAlfombras de Antigua Guatemala: ofrenda de fe, trabajo y devoci\u00f3n\n<\/span><\/div>","aioseo_breadcrumb_json":[{"label":"Home","link":"https:\/\/soymigrante.com\/revista"},{"label":"Guate Nuestra","link":"https:\/\/soymigrante.com\/revista\/category\/guate-nuestra\/"},{"label":"Alfombras de Antigua Guatemala: ofrenda de fe, trabajo y devoci\u00f3n","link":"https:\/\/soymigrante.com\/revista\/antigua-guatemala-alfombras-serrin-semana-santa-fe-tradicion\/"}],"_links":{"self":[{"href":"https:\/\/soymigrante.com\/revista\/wp-json\/wp\/v2\/posts\/5452","targetHints":{"allow":["GET"]}}],"collection":[{"href":"https:\/\/soymigrante.com\/revista\/wp-json\/wp\/v2\/posts"}],"about":[{"href":"https:\/\/soymigrante.com\/revista\/wp-json\/wp\/v2\/types\/post"}],"author":[{"embeddable":true,"href":"https:\/\/soymigrante.com\/revista\/wp-json\/wp\/v2\/users\/1"}],"replies":[{"embeddable":true,"href":"https:\/\/soymigrante.com\/revista\/wp-json\/wp\/v2\/comments?post=5452"}],"version-history":[{"count":0,"href":"https:\/\/soymigrante.com\/revista\/wp-json\/wp\/v2\/posts\/5452\/revisions"}],"wp:featuredmedia":[{"embeddable":true,"href":"https:\/\/soymigrante.com\/revista\/wp-json\/wp\/v2\/media\/5460"}],"wp:attachment":[{"href":"https:\/\/soymigrante.com\/revista\/wp-json\/wp\/v2\/media?parent=5452"}],"wp:term":[{"taxonomy":"category","embeddable":true,"href":"https:\/\/soymigrante.com\/revista\/wp-json\/wp\/v2\/categories?post=5452"},{"taxonomy":"post_tag","embeddable":true,"href":"https:\/\/soymigrante.com\/revista\/wp-json\/wp\/v2\/tags?post=5452"}],"curies":[{"name":"wp","href":"https:\/\/api.w.org\/{rel}","templated":true}]}}