{"id":5440,"date":"2024-03-18T10:17:58","date_gmt":"2024-03-18T16:17:58","guid":{"rendered":"https:\/\/soymigrante.com\/revista\/?p=5440"},"modified":"2024-05-30T09:18:45","modified_gmt":"2024-05-30T15:18:45","slug":"consulado-de-guatemala-denver-colorado-servicios","status":"publish","type":"post","link":"https:\/\/soymigrante.com\/revista\/consulado-de-guatemala-denver-colorado-servicios\/","title":{"rendered":"Consulado de Guatemala en Denver, Colorado: ubicaci\u00f3n y horario"},"content":{"rendered":"\t\t<div data-elementor-type=\"wp-post\" data-elementor-id=\"5440\" class=\"elementor elementor-5440\" data-elementor-post-type=\"post\">\n\t\t\t\t\t\t<section data-particle_enable=\"false\" data-particle-mobile-disabled=\"false\" class=\"elementor-section elementor-top-section elementor-element elementor-element-8122f93 elementor-section-boxed elementor-section-height-default elementor-section-height-default\" data-id=\"8122f93\" data-element_type=\"section\" data-e-type=\"section\">\n\t\t\t\t\t\t<div class=\"elementor-container elementor-column-gap-default\">\n\t\t\t\t\t<div class=\"elementor-column elementor-col-100 elementor-top-column elementor-element elementor-element-bbd8159\" data-id=\"bbd8159\" data-element_type=\"column\" data-e-type=\"column\">\n\t\t\t<div class=\"elementor-widget-wrap elementor-element-populated\">\n\t\t\t\t\t\t<div class=\"elementor-element elementor-element-a86f04a elementor-widget elementor-widget-heading\" data-id=\"a86f04a\" data-element_type=\"widget\" data-e-type=\"widget\" data-widget_type=\"heading.default\">\n\t\t\t\t\t<h2 class=\"elementor-heading-title elementor-size-default\">En Denver, Colorado, EE. UU., hay un Consulado de Guatemala que est\u00e1 abierto de lunes a viernes y ocasionalmente efect\u00faa jornadas sabatinas. <\/h2>\t\t\t\t<\/div>\n\t\t\t\t\t<\/div>\n\t\t<\/div>\n\t\t\t\t\t<\/div>\n\t\t<\/section>\n\t\t\t\t<section data-particle_enable=\"false\" data-particle-mobile-disabled=\"false\" class=\"elementor-section elementor-top-section elementor-element elementor-element-3510ac6 elementor-section-boxed elementor-section-height-default elementor-section-height-default\" data-id=\"3510ac6\" data-element_type=\"section\" data-e-type=\"section\">\n\t\t\t\t\t\t<div class=\"elementor-container elementor-column-gap-default\">\n\t\t\t\t\t<div class=\"elementor-column elementor-col-100 elementor-top-column elementor-element elementor-element-dde7326\" data-id=\"dde7326\" data-element_type=\"column\" data-e-type=\"column\">\n\t\t\t<div class=\"elementor-widget-wrap elementor-element-populated\">\n\t\t\t\t\t\t<div class=\"elementor-element elementor-element-ef45824 elementor-widget elementor-widget-text-editor\" data-id=\"ef45824\" data-element_type=\"widget\" data-e-type=\"widget\" data-widget_type=\"text-editor.default\">\n\t\t\t\t\t\t\t\t\t<p>Ell Consulado de Guatemala en Denver, capital del Estado de Colorado, atiende gestiones de documentos y tr\u00e1mites de guatemaltecos radicados en dicha regi\u00f3n y tambi\u00e9n en algunos territorios vecinos.<\/p><p>Es necesario hacer cita previa para\u00a0<span style=\"color: var( --e-global-color-text );\">estos tr\u00e1mites: Pasaporte, pr\u00f3rroga de pasaporte, tarjeta de identificaci\u00f3n consular de Guatemala, DPI y certificado de nacimiento.<\/span><\/p>\t\t\t\t\t\t\t\t<\/div>\n\t\t\t\t\t<\/div>\n\t\t<\/div>\n\t\t\t\t\t<\/div>\n\t\t<\/section>\n\t\t\t\t<section data-particle_enable=\"false\" data-particle-mobile-disabled=\"false\" class=\"elementor-section elementor-top-section elementor-element elementor-element-9ceafdd elementor-section-boxed elementor-section-height-default elementor-section-height-default\" data-id=\"9ceafdd\" data-element_type=\"section\" data-e-type=\"section\">\n\t\t\t\t\t\t<div class=\"elementor-container elementor-column-gap-default\">\n\t\t\t\t\t<div class=\"elementor-column elementor-col-100 elementor-top-column elementor-element elementor-element-647e48b\" data-id=\"647e48b\" data-element_type=\"column\" data-e-type=\"column\">\n\t\t\t<div class=\"elementor-widget-wrap elementor-element-populated\">\n\t\t\t\t\t\t<div class=\"elementor-element elementor-element-3320c86 elementor-align-justify elementor-button-info elementor-widget elementor-widget-global elementor-global-5407 elementor-widget-button\" data-id=\"3320c86\" data-element_type=\"widget\" data-e-type=\"widget\" data-widget_type=\"button.default\">\n\t\t\t\t\t\t\t\t\t\t<a class=\"elementor-button elementor-button-link elementor-size-lg\" href=\"https:\/\/minex-gob-gt.my.site.com\/pc\/s\/citas-consulares\" id=\"https:\/\/minex-gob-gt.my.site.com\/pc\/s\/citas-consulares\">\n\t\t\t\t\t\t<span class=\"elementor-button-content-wrapper\">\n\t\t\t\t\t\t\t\t\t<span class=\"elementor-button-text\">PROGRAMA AQU\u00cd TU CITA CONSULAR<\/span>\n\t\t\t\t\t<\/span>\n\t\t\t\t\t<\/a>\n\t\t\t\t\t\t\t\t<\/div>\n\t\t\t\t\t<\/div>\n\t\t<\/div>\n\t\t\t\t\t<\/div>\n\t\t<\/section>\n\t\t\t\t<section data-particle_enable=\"false\" data-particle-mobile-disabled=\"false\" class=\"elementor-section elementor-top-section elementor-element elementor-element-15e4b6b elementor-section-boxed elementor-section-height-default elementor-section-height-default\" data-id=\"15e4b6b\" data-element_type=\"section\" data-e-type=\"section\">\n\t\t\t\t\t\t<div class=\"elementor-container elementor-column-gap-default\">\n\t\t\t\t\t<div class=\"elementor-column elementor-col-100 elementor-top-column elementor-element elementor-element-5a3ac6b\" data-id=\"5a3ac6b\" data-element_type=\"column\" data-e-type=\"column\">\n\t\t\t<div class=\"elementor-widget-wrap elementor-element-populated\">\n\t\t\t\t\t\t<div class=\"elementor-element elementor-element-8642630 elementor-widget elementor-widget-heading\" data-id=\"8642630\" data-element_type=\"widget\" data-e-type=\"widget\" data-widget_type=\"heading.default\">\n\t\t\t\t\t<h2 class=\"elementor-heading-title elementor-size-default\">Consulado de Guatemala en Denver<\/h2>\t\t\t\t<\/div>\n\t\t\t\t\t<\/div>\n\t\t<\/div>\n\t\t\t\t\t<\/div>\n\t\t<\/section>\n\t\t\t\t<section data-particle_enable=\"false\" data-particle-mobile-disabled=\"false\" class=\"elementor-section elementor-top-section elementor-element elementor-element-3224826 elementor-section-boxed elementor-section-height-default elementor-section-height-default\" data-id=\"3224826\" data-element_type=\"section\" data-e-type=\"section\">\n\t\t\t\t\t\t<div class=\"elementor-container elementor-column-gap-default\">\n\t\t\t\t\t<div class=\"elementor-column elementor-col-100 elementor-top-column elementor-element elementor-element-f0a2d20\" data-id=\"f0a2d20\" data-element_type=\"column\" data-e-type=\"column\">\n\t\t\t<div class=\"elementor-widget-wrap elementor-element-populated\">\n\t\t\t\t\t\t<div class=\"elementor-element elementor-element-73ba25a elementor-widget elementor-widget-text-editor\" data-id=\"73ba25a\" data-element_type=\"widget\" data-e-type=\"widget\" data-widget_type=\"text-editor.default\">\n\t\t\t\t\t\t\t\t\t<p>Direcci\u00f3n: <strong>1001 S. Monaco Parkway Suite 300 Denver, CO 80224<\/strong><\/p><p>N\u00famero de tel\u00e9fono: <strong>(303) 629-9212\u00a0\u00a0<\/strong><\/p><p><span style=\"color: var( --e-global-color-text );\">N\u00famero para tr\u00e1mite de DPI:\u00a0<strong>(303) 629-9210<\/strong><\/span><\/p><p><span style=\"color: var( --e-global-color-text );\">Hora de atenci\u00f3n: <\/span><strong style=\"color: var( --e-global-color-text );\">De lunes a viernes 9.00 a.m. a 4.00 p.m.<\/strong><\/p><p>Correo electr\u00f3nico: <strong>consdenver@minex.gob.gt<\/strong><\/p>\t\t\t\t\t\t\t\t<\/div>\n\t\t\t\t\t<\/div>\n\t\t<\/div>\n\t\t\t\t\t<\/div>\n\t\t<\/section>\n\t\t\t\t<section data-particle_enable=\"false\" data-particle-mobile-disabled=\"false\" class=\"elementor-section elementor-top-section elementor-element elementor-element-6fb91de elementor-section-boxed elementor-section-height-default elementor-section-height-default\" data-id=\"6fb91de\" data-element_type=\"section\" data-e-type=\"section\">\n\t\t\t\t\t\t<div class=\"elementor-container elementor-column-gap-default\">\n\t\t\t\t\t<div class=\"elementor-column elementor-col-100 elementor-top-column elementor-element elementor-element-2338cbd\" data-id=\"2338cbd\" data-element_type=\"column\" data-e-type=\"column\">\n\t\t\t<div class=\"elementor-widget-wrap elementor-element-populated\">\n\t\t\t\t\t\t<div class=\"elementor-element elementor-element-07d046b elementor-widget elementor-widget-heading\" data-id=\"07d046b\" data-element_type=\"widget\" data-e-type=\"widget\" data-widget_type=\"heading.default\">\n\t\t\t\t\t<h2 class=\"elementor-heading-title elementor-size-default\">\u00c1rea de cobertura<\/h2>\t\t\t\t<\/div>\n\t\t\t\t\t<\/div>\n\t\t<\/div>\n\t\t\t\t\t<\/div>\n\t\t<\/section>\n\t\t\t\t<section data-particle_enable=\"false\" data-particle-mobile-disabled=\"false\" class=\"elementor-section elementor-top-section elementor-element elementor-element-aaf540f elementor-section-boxed elementor-section-height-default elementor-section-height-default\" data-id=\"aaf540f\" data-element_type=\"section\" data-e-type=\"section\">\n\t\t\t\t\t\t<div class=\"elementor-container elementor-column-gap-default\">\n\t\t\t\t\t<div class=\"elementor-column elementor-col-100 elementor-top-column elementor-element elementor-element-37a65e8\" data-id=\"37a65e8\" data-element_type=\"column\" data-e-type=\"column\">\n\t\t\t<div class=\"elementor-widget-wrap elementor-element-populated\">\n\t\t\t\t\t\t<div class=\"elementor-element elementor-element-1783d3f elementor-widget elementor-widget-text-editor\" data-id=\"1783d3f\" data-element_type=\"widget\" data-e-type=\"widget\" data-widget_type=\"text-editor.default\">\n\t\t\t\t\t\t\t\t\t<p>El Consulado de Guatemala en Denver atiende a los guatemaltecos de todos los condados circunvecinos, as\u00ed como los estados de Utah y Wyoming. En caso de duda sobre el \u00e1rea de cobertura se puede contactar al n\u00famero (303) 629-9212.<\/p><p>Recientemente se public\u00f3 un nuevo horario<\/p>\t\t\t\t\t\t\t\t<\/div>\n\t\t\t\t\t<\/div>\n\t\t<\/div>\n\t\t\t\t\t<\/div>\n\t\t<\/section>\n\t\t\t\t<section data-particle_enable=\"false\" data-particle-mobile-disabled=\"false\" class=\"elementor-section elementor-top-section elementor-element elementor-element-0865fc7 elementor-section-boxed elementor-section-height-default elementor-section-height-default\" data-id=\"0865fc7\" data-element_type=\"section\" data-e-type=\"section\">\n\t\t\t\t\t\t<div class=\"elementor-container elementor-column-gap-default\">\n\t\t\t\t\t<div class=\"elementor-column elementor-col-100 elementor-top-column elementor-element elementor-element-fba1fc8\" data-id=\"fba1fc8\" data-element_type=\"column\" data-e-type=\"column\">\n\t\t\t<div class=\"elementor-widget-wrap elementor-element-populated\">\n\t\t\t\t\t\t<div class=\"elementor-element elementor-element-7d2a4d3 elementor-widget elementor-widget-image\" data-id=\"7d2a4d3\" data-element_type=\"widget\" data-e-type=\"widget\" data-widget_type=\"image.default\">\n\t\t\t\t\t\t\t\t\t\t\t\t\t\t\t\t<a href=\"https:\/\/soymigrante.com\/revista\/wp-admin\/post.php?post=5448&#038;action=elementor\">\n\t\t\t\t\t\t\t<img fetchpriority=\"high\" decoding=\"async\" width=\"1024\" height=\"576\" src=\"https:\/\/soymigrante.com\/revista\/wp-content\/uploads\/2024\/03\/Denvere-Colorado-EEUU-1024x576.webp\" class=\"attachment-large size-large wp-image-5444\" alt=\"Denvere, Colorado, EEUU\" srcset=\"https:\/\/soymigrante.com\/revista\/wp-content\/uploads\/2024\/03\/Denvere-Colorado-EEUU-1024x576.webp 1024w, https:\/\/soymigrante.com\/revista\/wp-content\/uploads\/2024\/03\/Denvere-Colorado-EEUU-300x169.webp 300w, https:\/\/soymigrante.com\/revista\/wp-content\/uploads\/2024\/03\/Denvere-Colorado-EEUU-768x432.webp 768w, https:\/\/soymigrante.com\/revista\/wp-content\/uploads\/2024\/03\/Denvere-Colorado-EEUU-750x422.webp 750w, https:\/\/soymigrante.com\/revista\/wp-content\/uploads\/2024\/03\/Denvere-Colorado-EEUU-1140x641.webp 1140w, https:\/\/soymigrante.com\/revista\/wp-content\/uploads\/2024\/03\/Denvere-Colorado-EEUU.webp 1280w\" sizes=\"(max-width: 1024px) 100vw, 1024px\" title=\"Denvere, Colorado, EEUU \u2013 SoyMigrante.com REVISTA\" \/>\t\t\t\t\t\t\t\t<\/a>\n\t\t\t\t\t\t\t\t\t\t\t\t\t\t\t<\/div>\n\t\t\t\t\t<\/div>\n\t\t<\/div>\n\t\t\t\t\t<\/div>\n\t\t<\/section>\n\t\t\t\t<section data-particle_enable=\"false\" data-particle-mobile-disabled=\"false\" class=\"elementor-section elementor-top-section elementor-element elementor-element-1348dae elementor-section-boxed elementor-section-height-default elementor-section-height-default\" data-id=\"1348dae\" data-element_type=\"section\" data-e-type=\"section\">\n\t\t\t\t\t\t<div class=\"elementor-container elementor-column-gap-default\">\n\t\t\t\t\t<div class=\"elementor-column elementor-col-100 elementor-top-column elementor-element elementor-element-e490624\" data-id=\"e490624\" data-element_type=\"column\" data-e-type=\"column\">\n\t\t\t<div class=\"elementor-widget-wrap elementor-element-populated\">\n\t\t\t\t\t\t<div class=\"elementor-element elementor-element-b07b31c elementor-align-justify elementor-button-info elementor-widget elementor-widget-global elementor-global-5407 elementor-widget-button\" data-id=\"b07b31c\" data-element_type=\"widget\" data-e-type=\"widget\" data-widget_type=\"button.default\">\n\t\t\t\t\t\t\t\t\t\t<a class=\"elementor-button elementor-button-link elementor-size-lg\" href=\"https:\/\/minex-gob-gt.my.site.com\/pc\/s\/citas-consulares\" id=\"https:\/\/minex-gob-gt.my.site.com\/pc\/s\/citas-consulares\">\n\t\t\t\t\t\t<span class=\"elementor-button-content-wrapper\">\n\t\t\t\t\t\t\t\t\t<span class=\"elementor-button-text\">PROGRAMA AQU\u00cd TU CITA CONSULAR<\/span>\n\t\t\t\t\t<\/span>\n\t\t\t\t\t<\/a>\n\t\t\t\t\t\t\t\t<\/div>\n\t\t\t\t\t<\/div>\n\t\t<\/div>\n\t\t\t\t\t<\/div>\n\t\t<\/section>\n\t\t\t\t<section data-particle_enable=\"false\" data-particle-mobile-disabled=\"false\" class=\"elementor-section elementor-top-section elementor-element elementor-element-d006eaf elementor-section-boxed elementor-section-height-default elementor-section-height-default\" data-id=\"d006eaf\" data-element_type=\"section\" data-e-type=\"section\">\n\t\t\t\t\t\t<div class=\"elementor-container elementor-column-gap-default\">\n\t\t\t\t\t<div class=\"elementor-column elementor-col-100 elementor-top-column elementor-element elementor-element-df078ff\" data-id=\"df078ff\" data-element_type=\"column\" data-e-type=\"column\">\n\t\t\t<div class=\"elementor-widget-wrap elementor-element-populated\">\n\t\t\t\t\t\t<div class=\"elementor-element elementor-element-0c94e84 elementor-widget elementor-widget-html\" data-id=\"0c94e84\" data-element_type=\"widget\" data-e-type=\"widget\" data-widget_type=\"html.default\">\n\t\t\t\t\t<iframe src=\"https:\/\/www.google.com\/maps\/embed?pb=!1m18!1m12!1m3!1d3069.846040282768!2d-104.91581812414914!3d39.69816547156413!2m3!1f0!2f0!3f0!3m2!1i1024!2i768!4f13.1!3m3!1m2!1s0x876c7db79c19df41%3A0x747427f781797931!2sConsulado%20General%20de%20Guatemala%20en%20Denver!5e0!3m2!1ses-419!2sgt!4v1710715347234!5m2!1ses-419!2sgt\" width=\"600\" height=\"450\" style=\"border:0;\" allowfullscreen=\"\" loading=\"lazy\" referrerpolicy=\"no-referrer-when-downgrade\"><\/iframe>\t\t\t\t<\/div>\n\t\t\t\t\t<\/div>\n\t\t<\/div>\n\t\t\t\t\t<\/div>\n\t\t<\/section>\n\t\t\t\t<section data-particle_enable=\"false\" data-particle-mobile-disabled=\"false\" class=\"elementor-section elementor-top-section elementor-element elementor-element-37e9f62 elementor-section-boxed elementor-section-height-default elementor-section-height-default\" data-id=\"37e9f62\" data-element_type=\"section\" data-e-type=\"section\">\n\t\t\t\t\t\t<div class=\"elementor-container elementor-column-gap-default\">\n\t\t\t\t\t<div class=\"elementor-column elementor-col-100 elementor-top-column elementor-element elementor-element-0f639df\" data-id=\"0f639df\" data-element_type=\"column\" data-e-type=\"column\">\n\t\t\t<div class=\"elementor-widget-wrap elementor-element-populated\">\n\t\t\t\t\t\t<div class=\"elementor-element elementor-element-b9edbd3 elementor-widget-divider--view-line elementor-widget elementor-widget-divider\" data-id=\"b9edbd3\" data-element_type=\"widget\" data-e-type=\"widget\" data-widget_type=\"divider.default\">\n\t\t\t\t\t\t\t<div class=\"elementor-divider\">\n\t\t\t<span class=\"elementor-divider-separator\">\n\t\t\t\t\t\t<\/span>\n\t\t<\/div>\n\t\t\t\t\t\t<\/div>\n\t\t\t\t\t<\/div>\n\t\t<\/div>\n\t\t\t\t\t<\/div>\n\t\t<\/section>\n\t\t\t\t<section data-particle_enable=\"false\" data-particle-mobile-disabled=\"false\" class=\"elementor-section elementor-top-section elementor-element elementor-element-9572b69 elementor-section-boxed elementor-section-height-default elementor-section-height-default\" data-id=\"9572b69\" data-element_type=\"section\" data-e-type=\"section\">\n\t\t\t\t\t\t<div class=\"elementor-container elementor-column-gap-default\">\n\t\t\t\t\t<div class=\"elementor-column elementor-col-100 elementor-top-column elementor-element elementor-element-b8c3cfc\" data-id=\"b8c3cfc\" data-element_type=\"column\" data-e-type=\"column\">\n\t\t\t<div class=\"elementor-widget-wrap elementor-element-populated\">\n\t\t\t\t\t\t<div class=\"elementor-element elementor-element-4dff538 elementor-widget elementor-widget-heading\" data-id=\"4dff538\" data-element_type=\"widget\" data-e-type=\"widget\" data-widget_type=\"heading.default\">\n\t\t\t\t\t<h2 class=\"elementor-heading-title elementor-size-default\">\u00bfAlgo de inspiraci\u00f3n? Quiz\u00e1 te interese...<\/h2>\t\t\t\t<\/div>\n\t\t\t\t\t<\/div>\n\t\t<\/div>\n\t\t\t\t\t<\/div>\n\t\t<\/section>\n\t\t\t\t<section data-particle_enable=\"false\" data-particle-mobile-disabled=\"false\" class=\"elementor-section elementor-top-section elementor-element elementor-element-65c459f elementor-section-boxed elementor-section-height-default elementor-section-height-default\" data-id=\"65c459f\" data-element_type=\"section\" data-e-type=\"section\">\n\t\t\t\t\t\t<div class=\"elementor-container elementor-column-gap-default\">\n\t\t\t\t\t<div class=\"elementor-column elementor-col-100 elementor-top-column elementor-element elementor-element-6f20c53\" data-id=\"6f20c53\" data-element_type=\"column\" data-e-type=\"column\">\n\t\t\t<div class=\"elementor-widget-wrap elementor-element-populated\">\n\t\t\t\t\t\t<div class=\"elementor-element elementor-element-ec67276 elementor-grid-3 elementor-grid-tablet-2 elementor-grid-mobile-1 elementor-widget elementor-widget-elementor-blog-posts\" data-id=\"ec67276\" data-element_type=\"widget\" data-e-type=\"widget\" data-settings=\"{&quot;columns&quot;:&quot;3&quot;,&quot;columns_tablet&quot;:&quot;2&quot;,&quot;columns_mobile&quot;:&quot;1&quot;}\" data-widget_type=\"elementor-blog-posts.default\">\n\t\t\t\t<div class=\"elementor-widget-container\">\n\t\t\t\t\t\t\t<div class=\"wpcap-grid\">\n\t\t\t\t\t\t<div class=\"wpcap-grid-container elementor-grid wpcap-grid-desktop-3 wpcap-grid-tablet-2 wpcap-grid-mobile-1\">\n\n\t\t\t\t\n        <article id=\"post-55444\" class=\"wpcap-post post-55444 post type-post status-publish format-standard has-post-thumbnail hentry category-lugar-de-voces\">\n         \n            <div class=\"post-grid-inner\">\n            \t\n            \t\t\t\t<div class=\"post-grid-thumbnail\">\n\t\t\t\t<a href=\"https:\/\/soymigrante.com\/revista\/cantautora-migrante-guatemalteca-wendy-dgi-crea-cancion-desafiante-la-envidia\/\">\n\t\t\t\t\t<img decoding=\"async\" width=\"350\" height=\"250\" src=\"https:\/\/soymigrante.com\/revista\/wp-content\/uploads\/2026\/04\/wendy-DGi-cantautora-migrante-guatemalteca-en-nueva-york-copia-350x250.jpg\" class=\"attachment-newsy_350x250 size-newsy_350x250 wp-post-image\" alt=\"Wendy DGi cantautora guatemalteca migrante en Nueva York\" srcset=\"https:\/\/soymigrante.com\/revista\/wp-content\/uploads\/2026\/04\/wendy-DGi-cantautora-migrante-guatemalteca-en-nueva-york-copia-350x250.jpg 350w, https:\/\/soymigrante.com\/revista\/wp-content\/uploads\/2026\/04\/wendy-DGi-cantautora-migrante-guatemalteca-en-nueva-york-copia-120x86.jpg 120w, https:\/\/soymigrante.com\/revista\/wp-content\/uploads\/2026\/04\/wendy-DGi-cantautora-migrante-guatemalteca-en-nueva-york-copia-750x536.jpg 750w\" sizes=\"(max-width: 350px) 100vw, 350px\" \/>\t\t\t\t<\/a>\n\t\t\t<\/div>\n        \n                <div class=\"post-grid-text-wrap\">\n               \t\t\t\t<h3 class=\"title\">\n\t\t\t<a href=\"https:\/\/soymigrante.com\/revista\/cantautora-migrante-guatemalteca-wendy-dgi-crea-cancion-desafiante-la-envidia\/\">&#8220;La Envidia&#8221;: cantautora migrante guatemalteca Wendy DGi crea una canci\u00f3n desafiante<\/a>\n\t\t<\/h3>\n\t\t\t                \t                \t                                <\/div>\n\n            <\/div><!-- .blog-inner -->\n           \n        <\/article>\n\n        \n        <article id=\"post-54949\" class=\"wpcap-post post-54949 post type-post status-publish format-standard has-post-thumbnail hentry category-lugar-de-voces\">\n         \n            <div class=\"post-grid-inner\">\n            \t\n            \t\t\t\t<div class=\"post-grid-thumbnail\">\n\t\t\t\t<a href=\"https:\/\/soymigrante.com\/revista\/significados-de-nombres-indigenas-de-algunos-estados-de-los-estados-unidos\/\">\n\t\t\t\t\t<img decoding=\"async\" width=\"350\" height=\"250\" src=\"https:\/\/soymigrante.com\/revista\/wp-content\/uploads\/2026\/04\/nombres-indigenas-Estados-Unidos-350x250.jpg\" class=\"attachment-newsy_350x250 size-newsy_350x250 wp-post-image\" alt=\"nombres indigenas Estados Unidos\" srcset=\"https:\/\/soymigrante.com\/revista\/wp-content\/uploads\/2026\/04\/nombres-indigenas-Estados-Unidos-350x250.jpg 350w, https:\/\/soymigrante.com\/revista\/wp-content\/uploads\/2026\/04\/nombres-indigenas-Estados-Unidos-120x86.jpg 120w, https:\/\/soymigrante.com\/revista\/wp-content\/uploads\/2026\/04\/nombres-indigenas-Estados-Unidos-750x536.jpg 750w\" sizes=\"(max-width: 350px) 100vw, 350px\" \/>\t\t\t\t<\/a>\n\t\t\t<\/div>\n        \n                <div class=\"post-grid-text-wrap\">\n               \t\t\t\t<h3 class=\"title\">\n\t\t\t<a href=\"https:\/\/soymigrante.com\/revista\/significados-de-nombres-indigenas-de-algunos-estados-de-los-estados-unidos\/\">Significados de nombres ind\u00edgenas de algunos Estados de los Estados Unidos<\/a>\n\t\t<\/h3>\n\t\t\t                \t                \t                                <\/div>\n\n            <\/div><!-- .blog-inner -->\n           \n        <\/article>\n\n        \n        <article id=\"post-54273\" class=\"wpcap-post post-54273 post type-post status-publish format-standard has-post-thumbnail hentry category-lugar-de-voces\">\n         \n            <div class=\"post-grid-inner\">\n            \t\n            \t\t\t\t<div class=\"post-grid-thumbnail\">\n\t\t\t\t<a href=\"https:\/\/soymigrante.com\/revista\/cuantas-estaciones-tiene-el-via-crucis-migrante-y-que-significado-tiene-cada-una\/\">\n\t\t\t\t\t<img loading=\"lazy\" decoding=\"async\" width=\"350\" height=\"250\" src=\"https:\/\/soymigrante.com\/revista\/wp-content\/uploads\/2026\/03\/via-crucis-migrante-ilustrado-estacion-350x250.png\" class=\"attachment-newsy_350x250 size-newsy_350x250 wp-post-image\" alt=\"via crucis migrante ilustrado estacion\" srcset=\"https:\/\/soymigrante.com\/revista\/wp-content\/uploads\/2026\/03\/via-crucis-migrante-ilustrado-estacion-350x250.png 350w, https:\/\/soymigrante.com\/revista\/wp-content\/uploads\/2026\/03\/via-crucis-migrante-ilustrado-estacion-120x86.png 120w, https:\/\/soymigrante.com\/revista\/wp-content\/uploads\/2026\/03\/via-crucis-migrante-ilustrado-estacion-750x536.png 750w\" sizes=\"(max-width: 350px) 100vw, 350px\" \/>\t\t\t\t<\/a>\n\t\t\t<\/div>\n        \n                <div class=\"post-grid-text-wrap\">\n               \t\t\t\t<h3 class=\"title\">\n\t\t\t<a href=\"https:\/\/soymigrante.com\/revista\/cuantas-estaciones-tiene-el-via-crucis-migrante-y-que-significado-tiene-cada-una\/\">\u00bfCu\u00e1ntas estaciones tiene el V\u00eda Crucis Migrante y qu\u00e9 significado tiene cada una?<\/a>\n\t\t<\/h3>\n\t\t\t                \t                \t                                <\/div>\n\n            <\/div><!-- .blog-inner -->\n           \n        <\/article>\n\n        \n\t\t\t<\/div>\n\t\t<\/div>\n\t\t\t\t\t\t<\/div>\n\t\t\t\t<\/div>\n\t\t\t\t\t<\/div>\n\t\t<\/div>\n\t\t\t\t\t<\/div>\n\t\t<\/section>\n\t\t\t\t<\/div>\n\t\t","protected":false},"excerpt":{"rendered":"<p>En Denver, Colorado, EE. UU., hay un Consulado de Guatemala que est\u00e1 abierto de lunes a viernes y ocasionalmente efect\u00faa jornadas sabatinas. Ell Consulado de Guatemala en Denver, capital del Estado de Colorado, atiende gestiones de documentos y tr\u00e1mites de guatemaltecos radicados en dicha regi\u00f3n y tambi\u00e9n en algunos territorios vecinos. Es necesario hacer cita [&hellip;]<\/p>\n","protected":false},"author":14,"featured_media":5442,"comment_status":"open","ping_status":"open","sticky":false,"template":"","format":"standard","meta":{"_acf_changed":false,"_eb_attr":"","footnotes":""},"categories":[59],"tags":[],"class_list":["post-5440","post","type-post","status-publish","format-standard","has-post-thumbnail","hentry","category-recursos-migratorios"],"acf":[],"aioseo_notices":[],"aioseo_head":"\n\t\t<!-- All in One SEO Pro 4.9.6.2 - aioseo.com -->\n\t<meta name=\"description\" content=\"El V\u00eda Crucis es una tradici\u00f3n cristiana que recuerda la Pasi\u00f3n de Cristo. Los misioneros Scalabrinianos impulsan una versi\u00f3n dedicada a la penuria migrante\" \/>\n\t<meta name=\"robots\" content=\"max-snippet:-1, max-image-preview:large, max-video-preview:-1\" \/>\n\t<meta name=\"author\" content=\"SoyMigrante.com REVISTA\"\/>\n\t<link rel=\"canonical\" href=\"https:\/\/soymigrante.com\/revista\/cuantas-estaciones-tiene-el-via-crucis-migrante-y-que-significado-tiene-cada-una\/\" \/>\n\t<meta name=\"generator\" content=\"All in One SEO Pro (AIOSEO) 4.9.6.2\" \/>\n\n\t\t<link rel=\"preconnect\" href=\"https:\/\/fonts.googleapis.com\" crossorigin>\n<link rel=\"preconnect\" href=\"https:\/\/fonts.gstatic.com\" crossorigin>\n\t\t<meta property=\"og:locale\" content=\"es_ES\" \/>\n\t\t<meta property=\"og:site_name\" content=\"SoyMigrante.com REVISTA \u2013 Nuestra misi\u00f3n es reconocer y dignificar al migrante.\" \/>\n\t\t<meta property=\"og:type\" content=\"article\" \/>\n\t\t<meta property=\"og:title\" content=\"V\u00eda Crucis del Migrante: el significado de cada estaci\u00f3n\" \/>\n\t\t<meta property=\"og:description\" content=\"El V\u00eda Crucis es una tradici\u00f3n cristiana que recuerda la Pasi\u00f3n de Cristo. Los misioneros Scalabrinianos impulsan una versi\u00f3n dedicada a la penuria migrante\" \/>\n\t\t<meta property=\"og:url\" content=\"https:\/\/soymigrante.com\/revista\/cuantas-estaciones-tiene-el-via-crucis-migrante-y-que-significado-tiene-cada-una\/\" \/>\n\t\t<meta property=\"og:image\" content=\"https:\/\/soymigrante.com\/revista\/wp-content\/uploads\/2026\/03\/via-crucis-migrante-ilustrado-estacion.png\" \/>\n\t\t<meta property=\"og:image:secure_url\" content=\"https:\/\/soymigrante.com\/revista\/wp-content\/uploads\/2026\/03\/via-crucis-migrante-ilustrado-estacion.png\" \/>\n\t\t<meta property=\"og:image:width\" content=\"1024\" \/>\n\t\t<meta property=\"og:image:height\" content=\"1024\" \/>\n\t\t<meta property=\"article:published_time\" content=\"2026-03-30T22:31:48+00:00\" \/>\n\t\t<meta property=\"article:modified_time\" content=\"2026-04-01T18:05:26+00:00\" \/>\n\t\t<meta property=\"article:publisher\" content=\"https:\/\/www.facebook.com\/soymigrantecom\" \/>\n\t\t<meta name=\"twitter:card\" content=\"summary_large_image\" \/>\n\t\t<meta name=\"twitter:site\" content=\"@SoyMigrante_com\" \/>\n\t\t<meta name=\"twitter:title\" content=\"V\u00eda Crucis del Migrante: el significado de cada estaci\u00f3n\" \/>\n\t\t<meta name=\"twitter:description\" content=\"El V\u00eda Crucis es una tradici\u00f3n cristiana que recuerda la Pasi\u00f3n de Cristo. Los misioneros Scalabrinianos impulsan una versi\u00f3n dedicada a la penuria migrante\" \/>\n\t\t<meta name=\"twitter:creator\" content=\"@SoyMigrante_com\" \/>\n\t\t<meta name=\"twitter:image\" content=\"https:\/\/soymigrante.com\/revista\/wp-content\/uploads\/2026\/03\/via-crucis-migrante-ilustrado-estacion.png\" \/>\n\t\t<!-- All in One SEO Pro -->\r\n\t\t<title>V\u00eda Crucis del Migrante: el significado de cada estaci\u00f3n<\/title>\n\n","aioseo_head_json":{"title":"V\u00eda Crucis del Migrante: el significado de cada estaci\u00f3n","description":"El V\u00eda Crucis es una tradici\u00f3n cristiana que recuerda la Pasi\u00f3n de Cristo. Los misioneros Scalabrinianos impulsan una versi\u00f3n dedicada a la penuria migrante","canonical_url":"https:\/\/soymigrante.com\/revista\/cuantas-estaciones-tiene-el-via-crucis-migrante-y-que-significado-tiene-cada-una\/","robots":"max-snippet:-1, max-image-preview:large, max-video-preview:-1","keywords":"","webmasterTools":{"miscellaneous":"&lt;link rel=\"preconnect\" href=\"https:\/\/fonts.googleapis.com\" crossorigin&gt;\n&lt;link rel=\"preconnect\" href=\"https:\/\/fonts.gstatic.com\" crossorigin&gt;"},"schema":null,"og:locale":"es_ES","og:site_name":"SoyMigrante.com REVISTA \u2013 Nuestra misi\u00f3n es reconocer y dignificar al migrante.","og:type":"article","og:title":"V\u00eda Crucis del Migrante: el significado de cada estaci\u00f3n","og:description":"El V\u00eda Crucis es una tradici\u00f3n cristiana que recuerda la Pasi\u00f3n de Cristo. Los misioneros Scalabrinianos impulsan una versi\u00f3n dedicada a la penuria migrante","og:url":"https:\/\/soymigrante.com\/revista\/cuantas-estaciones-tiene-el-via-crucis-migrante-y-que-significado-tiene-cada-una\/","og:image":"https:\/\/soymigrante.com\/revista\/wp-content\/uploads\/2026\/03\/via-crucis-migrante-ilustrado-estacion.png","og:image:secure_url":"https:\/\/soymigrante.com\/revista\/wp-content\/uploads\/2026\/03\/via-crucis-migrante-ilustrado-estacion.png","og:image:width":1024,"og:image:height":1024,"article:published_time":"2026-03-30T22:31:48+00:00","article:modified_time":"2026-04-01T18:05:26+00:00","article:publisher":"https:\/\/www.facebook.com\/soymigrantecom","twitter:card":"summary_large_image","twitter:site":"@SoyMigrante_com","twitter:title":"V\u00eda Crucis del Migrante: el significado de cada estaci\u00f3n","twitter:description":"El V\u00eda Crucis es una tradici\u00f3n cristiana que recuerda la Pasi\u00f3n de Cristo. Los misioneros Scalabrinianos impulsan una versi\u00f3n dedicada a la penuria migrante","twitter:creator":"@SoyMigrante_com","twitter:image":"https:\/\/soymigrante.com\/revista\/wp-content\/uploads\/2026\/03\/via-crucis-migrante-ilustrado-estacion.png"},"aioseo_meta_data":{"post_id":"5440","title":null,"description":"#post_excerpt En Denver, Colorado, EE. UU., Guatemala tiene una sede consular para tr\u00e1mites migratorios de connacionales.","keywords":null,"keyphrases":{"focus":{"keyphrase":"Consulado","score":91,"analysis":{"keyphraseInTitle":{"score":9,"maxScore":9,"error":0},"keyphraseInDescription":{"score":9,"maxScore":9,"error":0},"keyphraseLength":{"score":9,"maxScore":9,"error":0,"length":1},"keyphraseInURL":{"score":5,"maxScore":5,"error":0},"keyphraseInIntroduction":{"score":9,"maxScore":9,"error":0},"keyphraseInSubHeadings":{"score":9,"maxScore":9,"error":0},"keyphraseInImageAlt":{"score":3,"maxScore":9,"error":1},"keywordDensity":{"type":"best","score":9,"maxScore":9,"error":0}}},"additional":[]},"primary_term":null,"canonical_url":null,"og_title":null,"og_description":null,"og_object_type":"default","og_image_type":"default","og_image_url":null,"og_image_width":null,"og_image_height":null,"og_image_custom_url":null,"og_image_custom_fields":null,"og_video":"","og_custom_url":null,"og_article_section":null,"og_article_tags":null,"twitter_use_og":false,"twitter_card":"default","twitter_image_type":"default","twitter_image_url":null,"twitter_image_custom_url":null,"twitter_image_custom_fields":null,"twitter_title":null,"twitter_description":null,"schema":{"blockGraphs":[],"customGraphs":[],"default":{"data":{"Article":[],"Course":[],"Dataset":[],"FAQPage":[],"Movie":[],"Person":[],"Product":[],"ProductReview":[],"Car":[],"Recipe":[],"Service":[],"SoftwareApplication":[],"WebPage":[]},"graphName":"Article","isEnabled":true},"graphs":[]},"schema_type":"default","schema_type_options":null,"pillar_content":false,"robots_default":true,"robots_noindex":false,"robots_noarchive":false,"robots_nosnippet":false,"robots_nofollow":false,"robots_noimageindex":false,"robots_noodp":false,"robots_notranslate":false,"robots_max_snippet":"-1","robots_max_videopreview":"-1","robots_max_imagepreview":"large","priority":null,"frequency":"default","local_seo":null,"seo_analyzer_scan_date":"2025-10-08 21:26:11","breadcrumb_settings":null,"limit_modified_date":false,"reviewed_by":null,"open_ai":"{\"title\":{\"suggestions\":[],\"usage\":0},\"description\":{\"suggestions\":[],\"usage\":0}}","ai":null,"created":"2024-03-17 22:01:04","updated":"2026-02-04 11:00:58"},"aioseo_breadcrumb":"<div class=\"aioseo-breadcrumbs\"><span class=\"aioseo-breadcrumb\">\n\t<a href=\"https:\/\/soymigrante.com\/revista\" title=\"Home\">Home<\/a>\n<\/span><span class=\"aioseo-breadcrumb-separator\">\u00bb<\/span><span class=\"aioseo-breadcrumb\">\n\t<a href=\"https:\/\/soymigrante.com\/revista\/category\/recursos-migratorios\/\" title=\"Recursos Migratorios\">Recursos Migratorios<\/a>\n<\/span><span class=\"aioseo-breadcrumb-separator\">\u00bb<\/span><span class=\"aioseo-breadcrumb\">\n\tConsulado de Guatemala en Denver, Colorado: ubicaci\u00f3n y horario\n<\/span><\/div>","aioseo_breadcrumb_json":[{"label":"Home","link":"https:\/\/soymigrante.com\/revista"},{"label":"Recursos Migratorios","link":"https:\/\/soymigrante.com\/revista\/category\/recursos-migratorios\/"},{"label":"Consulado de Guatemala en Denver, Colorado: ubicaci\u00f3n y horario","link":"https:\/\/soymigrante.com\/revista\/consulado-de-guatemala-denver-colorado-servicios\/"}],"_links":{"self":[{"href":"https:\/\/soymigrante.com\/revista\/wp-json\/wp\/v2\/posts\/5440","targetHints":{"allow":["GET"]}}],"collection":[{"href":"https:\/\/soymigrante.com\/revista\/wp-json\/wp\/v2\/posts"}],"about":[{"href":"https:\/\/soymigrante.com\/revista\/wp-json\/wp\/v2\/types\/post"}],"author":[{"embeddable":true,"href":"https:\/\/soymigrante.com\/revista\/wp-json\/wp\/v2\/users\/14"}],"replies":[{"embeddable":true,"href":"https:\/\/soymigrante.com\/revista\/wp-json\/wp\/v2\/comments?post=5440"}],"version-history":[{"count":0,"href":"https:\/\/soymigrante.com\/revista\/wp-json\/wp\/v2\/posts\/5440\/revisions"}],"wp:featuredmedia":[{"embeddable":true,"href":"https:\/\/soymigrante.com\/revista\/wp-json\/wp\/v2\/media\/5442"}],"wp:attachment":[{"href":"https:\/\/soymigrante.com\/revista\/wp-json\/wp\/v2\/media?parent=5440"}],"wp:term":[{"taxonomy":"category","embeddable":true,"href":"https:\/\/soymigrante.com\/revista\/wp-json\/wp\/v2\/categories?post=5440"},{"taxonomy":"post_tag","embeddable":true,"href":"https:\/\/soymigrante.com\/revista\/wp-json\/wp\/v2\/tags?post=5440"}],"curies":[{"name":"wp","href":"https:\/\/api.w.org\/{rel}","templated":true}]}}