{"id":5392,"date":"2024-03-14T18:17:09","date_gmt":"2024-03-15T00:17:09","guid":{"rendered":"https:\/\/soymigrante.com\/revista\/?p=5392"},"modified":"2024-07-30T11:36:40","modified_gmt":"2024-07-30T17:36:40","slug":"historia-migrante-juan-guarcas-quiche-chef-exitoso-restaurant-texas","status":"publish","type":"post","link":"https:\/\/soymigrante.com\/revista\/historia-migrante-juan-guarcas-quiche-chef-exitoso-restaurant-texas\/","title":{"rendered":"Migrante Juan Guarcas, de Joyabaj, es exitoso chef italiano en Texas"},"content":{"rendered":"\t\t<div data-elementor-type=\"wp-post\" data-elementor-id=\"5392\" class=\"elementor elementor-5392\" data-elementor-post-type=\"post\">\n\t\t\t\t\t\t<section data-particle_enable=\"false\" data-particle-mobile-disabled=\"false\" class=\"elementor-section elementor-top-section elementor-element elementor-element-7e4f209 elementor-section-boxed elementor-section-height-default elementor-section-height-default\" data-id=\"7e4f209\" data-element_type=\"section\" data-e-type=\"section\">\n\t\t\t\t\t\t<div class=\"elementor-container elementor-column-gap-default\">\n\t\t\t\t\t<div class=\"elementor-column elementor-col-100 elementor-top-column elementor-element elementor-element-26ed670\" data-id=\"26ed670\" data-element_type=\"column\" data-e-type=\"column\">\n\t\t\t<div class=\"elementor-widget-wrap elementor-element-populated\">\n\t\t\t\t\t\t<div class=\"elementor-element elementor-element-b8eb715 elementor-widget elementor-widget-heading\" data-id=\"b8eb715\" data-element_type=\"widget\" data-e-type=\"widget\" data-widget_type=\"heading.default\">\n\t\t\t\t\t<h2 class=\"elementor-heading-title elementor-size-default\">El migrante guatemalteco Juan Guarcax, graduado de chef en EE.UU., fund\u00f3 en 2017 su exitoso restaurante italiano Bella M\u00eda, en Texas: esta es la historia del duro camino a un sue\u00f1o.<\/h2>\t\t\t\t<\/div>\n\t\t\t\t\t<\/div>\n\t\t<\/div>\n\t\t\t\t\t<\/div>\n\t\t<\/section>\n\t\t\t\t<section data-particle_enable=\"false\" data-particle-mobile-disabled=\"false\" class=\"elementor-section elementor-top-section elementor-element elementor-element-2539552 elementor-section-boxed elementor-section-height-default elementor-section-height-default\" data-id=\"2539552\" data-element_type=\"section\" data-e-type=\"section\">\n\t\t\t\t\t\t<div class=\"elementor-container elementor-column-gap-default\">\n\t\t\t\t\t<div class=\"elementor-column elementor-col-100 elementor-top-column elementor-element elementor-element-833d989\" data-id=\"833d989\" data-element_type=\"column\" data-e-type=\"column\">\n\t\t\t<div class=\"elementor-widget-wrap elementor-element-populated\">\n\t\t\t\t\t\t<div class=\"elementor-element elementor-element-aa220e2 elementor-widget elementor-widget-text-editor\" data-id=\"aa220e2\" data-element_type=\"widget\" data-e-type=\"widget\" data-widget_type=\"text-editor.default\">\n\t\t\t\t\t\t\t\t\t<p>Un desesperado d\u00eda de 2012, Juan Guarcas, migrante guatemalteco en EE.UU.desde 1997, le dijo a Dios: &#8220;Si esta vida vale, si t\u00fa crees que vale en alg\u00fan lugar, s\u00e1came de esto o m\u00e1tame&#8221;. Hab\u00eda tocado fondo. &#8220;Yo le dec\u00eda, Dios t\u00fa tienes el poder. T\u00fa decides lo que va a pasar con mi vida. Llegu\u00e9 a quitarle el seguro a la tapa del motor del carro y correr a 135 millas por hora. Pero Dios me dej\u00f3 vivir.&#8221;<\/p><p>Aquella desolaci\u00f3n ten\u00eda una causa. Ya Juan era un chef reconocido, con trabajo estable en Nueva York. So\u00f1aba con tener su propio restaurante, crear sus propias recetas. Pero algo se interpon\u00eda. &#8220;Yo tra\u00eda una enfermedad, el alcoholismo&#8221;, cuenta, con el af\u00e1n de aportar a quien tenga ese problema.\u00a0<\/p><p>Aquel\u00a0 2012, a\u00f1o que marc\u00f3 el final de una era del calendario maya: un migrante maya k&#8217;ich\u00e9 guatemalteco tambi\u00e9n empez\u00f3 una nueva era de vida: &#8220;Tom\u00e9 la decisi\u00f3n de que hasta all\u00ed.\u00a0 No m\u00e1s alcohol.Fue un voto personal. Dios me ayud\u00f3 y desde entonces estoy limpio&#8221;, relata con sinceridad y convicci\u00f3n Juan Guarcas,\u00a0 migrante guatemalteco nacido en Joyabaj, Quich\u00e9, en 1978, fundador del exitoso retaurante italiano Bella M\u00eda en McAllen, Texas. Esta es una historia de talento, desaf\u00edo y decisi\u00f3n.<\/p><div>\u00a0<\/div>\t\t\t\t\t\t\t\t<\/div>\n\t\t\t\t\t<\/div>\n\t\t<\/div>\n\t\t\t\t\t<\/div>\n\t\t<\/section>\n\t\t\t\t<section data-particle_enable=\"false\" data-particle-mobile-disabled=\"false\" class=\"elementor-section elementor-top-section elementor-element elementor-element-94bd934 elementor-section-boxed elementor-section-height-default elementor-section-height-default\" data-id=\"94bd934\" data-element_type=\"section\" data-e-type=\"section\">\n\t\t\t\t\t\t<div class=\"elementor-container elementor-column-gap-default\">\n\t\t\t\t\t<div class=\"elementor-column elementor-col-100 elementor-top-column elementor-element elementor-element-4ee1c4e\" data-id=\"4ee1c4e\" data-element_type=\"column\" data-e-type=\"column\">\n\t\t\t<div class=\"elementor-widget-wrap elementor-element-populated\">\n\t\t\t\t\t\t<div class=\"elementor-element elementor-element-b2d9d21 elementor-widget elementor-widget-image\" data-id=\"b2d9d21\" data-element_type=\"widget\" data-e-type=\"widget\" data-widget_type=\"image.default\">\n\t\t\t\t\t\t\t\t\t\t\t\t<figure class=\"wp-caption\">\n\t\t\t\t\t\t\t\t\t\t<img fetchpriority=\"high\" decoding=\"async\" width=\"1024\" height=\"955\" src=\"https:\/\/soymigrante.com\/revista\/wp-content\/uploads\/2024\/03\/chefon-1024x955.webp\" class=\"attachment-large size-large wp-image-5398\" alt=\"Juan Guarcas estudi\u00f3 la carrera de artes culinarias en la Universidad Johnsion &amp; Wales, Rhode Island.\" srcset=\"https:\/\/soymigrante.com\/revista\/wp-content\/uploads\/2024\/03\/chefon-1024x955.webp 1024w, https:\/\/soymigrante.com\/revista\/wp-content\/uploads\/2024\/03\/chefon-300x280.webp 300w, https:\/\/soymigrante.com\/revista\/wp-content\/uploads\/2024\/03\/chefon-768x716.webp 768w, https:\/\/soymigrante.com\/revista\/wp-content\/uploads\/2024\/03\/chefon-1536x1432.webp 1536w, https:\/\/soymigrante.com\/revista\/wp-content\/uploads\/2024\/03\/chefon-750x699.webp 750w, https:\/\/soymigrante.com\/revista\/wp-content\/uploads\/2024\/03\/chefon-1140x1063.webp 1140w, https:\/\/soymigrante.com\/revista\/wp-content\/uploads\/2024\/03\/chefon.webp 1538w\" sizes=\"(max-width: 1024px) 100vw, 1024px\" \/>\t\t\t\t\t\t\t\t\t\t\t<figcaption class=\"widget-image-caption wp-caption-text\">Juan Guarcas estudi\u00f3 la carrera de artes culinarias en la  Universidad Johnsion &amp; Wales, Rhode Island.<\/figcaption>\n\t\t\t\t\t\t\t\t\t\t<\/figure>\n\t\t\t\t\t\t\t\t\t<\/div>\n\t\t\t\t\t<\/div>\n\t\t<\/div>\n\t\t\t\t\t<\/div>\n\t\t<\/section>\n\t\t\t\t<section data-particle_enable=\"false\" data-particle-mobile-disabled=\"false\" class=\"elementor-section elementor-top-section elementor-element elementor-element-64bd1ae elementor-section-boxed elementor-section-height-default elementor-section-height-default\" data-id=\"64bd1ae\" data-element_type=\"section\" data-e-type=\"section\">\n\t\t\t\t\t\t<div class=\"elementor-container elementor-column-gap-default\">\n\t\t\t\t\t<div class=\"elementor-column elementor-col-100 elementor-top-column elementor-element elementor-element-d659040\" data-id=\"d659040\" data-element_type=\"column\" data-e-type=\"column\">\n\t\t\t<div class=\"elementor-widget-wrap elementor-element-populated\">\n\t\t\t\t\t\t<div class=\"elementor-element elementor-element-edf1a9b elementor-widget elementor-widget-heading\" data-id=\"edf1a9b\" data-element_type=\"widget\" data-e-type=\"widget\" data-widget_type=\"heading.default\">\n\t\t\t\t\t<h3 class=\"elementor-heading-title elementor-size-default\">Vocaci\u00f3n de trabajo desde muy joven<\/h3>\t\t\t\t<\/div>\n\t\t\t\t\t<\/div>\n\t\t<\/div>\n\t\t\t\t\t<\/div>\n\t\t<\/section>\n\t\t\t\t<section data-particle_enable=\"false\" data-particle-mobile-disabled=\"false\" class=\"elementor-section elementor-top-section elementor-element elementor-element-1501f31 elementor-section-boxed elementor-section-height-default elementor-section-height-default\" data-id=\"1501f31\" data-element_type=\"section\" data-e-type=\"section\">\n\t\t\t\t\t\t<div class=\"elementor-container elementor-column-gap-default\">\n\t\t\t\t\t<div class=\"elementor-column elementor-col-100 elementor-top-column elementor-element elementor-element-c9d938f\" data-id=\"c9d938f\" data-element_type=\"column\" data-e-type=\"column\">\n\t\t\t<div class=\"elementor-widget-wrap elementor-element-populated\">\n\t\t\t\t\t\t<div class=\"elementor-element elementor-element-c84b91a elementor-widget elementor-widget-text-editor\" data-id=\"c84b91a\" data-element_type=\"widget\" data-e-type=\"widget\" data-widget_type=\"text-editor.default\">\n\t\t\t\t\t\t\t\t\t<p><span style=\"color: var( --e-global-color-text );\">\u00a0&#8220;Una vez cuando era ni\u00f1o, Juan intent\u00f3 preparar un caldo de gallina. Pero ech\u00f3 el ave cruda junto con todas las verduras. Al hervir, todas las verduras se deshicieron y la gallina segu\u00eda cruda. Aquel es su primera memoria de cocina.<\/span><\/p><p>A los 15 a\u00f1os se convirti\u00f3 en migrante interno.\u00a0 &#8220;<span style=\"font-family: Roboto, sans-serif; font-size: 16px; font-style: normal; font-variant-ligatures: normal; font-variant-caps: normal; font-weight: 400; color: var( --e-global-color-text );\">Sal\u00ed de Joyabaj para trabajar cosechando caf\u00e9 y ca\u00f1a en fincas de La Democracia, Tiquisate, Nueva Concepci\u00f3n.<\/span><span style=\"color: var( --e-global-color-text );\">Todo eso lo conoc\u00ed y trabaj\u00e9 duro. Despu\u00e9s vend\u00ed pollo frito en una carretilla, en Panajachel, en la calle Santander. Mi juventud fue de buscar oportunidades&#8221;.<\/span><\/p><p><span style=\"color: var( --e-global-color-text );\">A los 19 a\u00f1os migra a Estados Unidos y llega a Boston. &#8220;<\/span><span style=\"color: var( --e-global-color-text );\">Deb\u00eda mucho dinero del viaje y empec\u00e9 a trabajar. Prest\u00e9 Q40 mil pero con intereses ya eran Q70 mil. Trabaj\u00e9 en empacadoras de pescado, en recicladoras de basura, de metal. Boston es un lugar donde medio a\u00f1o uno se congela y el otro medio a\u00f1o se derrite de tanto calor. Yo iba decidido a trabajar bastante&#8221;.<\/span><\/p><p>\u00a0<\/p>\t\t\t\t\t\t\t\t<\/div>\n\t\t\t\t\t<\/div>\n\t\t<\/div>\n\t\t\t\t\t<\/div>\n\t\t<\/section>\n\t\t\t\t<section data-particle_enable=\"false\" data-particle-mobile-disabled=\"false\" class=\"elementor-section elementor-top-section elementor-element elementor-element-0ec0e28 elementor-section-boxed elementor-section-height-default elementor-section-height-default\" data-id=\"0ec0e28\" data-element_type=\"section\" data-e-type=\"section\">\n\t\t\t\t\t\t<div class=\"elementor-container elementor-column-gap-default\">\n\t\t\t\t\t<div class=\"elementor-column elementor-col-100 elementor-top-column elementor-element elementor-element-20f82a8\" data-id=\"20f82a8\" data-element_type=\"column\" data-e-type=\"column\">\n\t\t\t<div class=\"elementor-widget-wrap elementor-element-populated\">\n\t\t\t\t\t\t<div class=\"elementor-element elementor-element-4a7af80 elementor-widget elementor-widget-video\" data-id=\"4a7af80\" data-element_type=\"widget\" data-e-type=\"widget\" data-settings=\"{&quot;youtube_url&quot;:&quot;https:\\\/\\\/www.youtube.com\\\/watch?v=yCncQ9bLAhs&quot;,&quot;video_type&quot;:&quot;youtube&quot;,&quot;controls&quot;:&quot;yes&quot;}\" data-widget_type=\"video.default\">\n\t\t\t\t\t\t\t<div class=\"elementor-wrapper elementor-open-inline\">\n\t\t\t<div class=\"elementor-video\"><\/div>\t\t<\/div>\n\t\t\t\t\t\t<\/div>\n\t\t\t\t\t<\/div>\n\t\t<\/div>\n\t\t\t\t\t<\/div>\n\t\t<\/section>\n\t\t\t\t<section data-particle_enable=\"false\" data-particle-mobile-disabled=\"false\" class=\"elementor-section elementor-top-section elementor-element elementor-element-4ea0761 elementor-section-boxed elementor-section-height-default elementor-section-height-default\" data-id=\"4ea0761\" data-element_type=\"section\" data-e-type=\"section\">\n\t\t\t\t\t\t<div class=\"elementor-container elementor-column-gap-default\">\n\t\t\t\t\t<div class=\"elementor-column elementor-col-100 elementor-top-column elementor-element elementor-element-b6c90b0\" data-id=\"b6c90b0\" data-element_type=\"column\" data-e-type=\"column\">\n\t\t\t<div class=\"elementor-widget-wrap elementor-element-populated\">\n\t\t\t\t\t\t<div class=\"elementor-element elementor-element-72803f4 elementor-widget elementor-widget-heading\" data-id=\"72803f4\" data-element_type=\"widget\" data-e-type=\"widget\" data-widget_type=\"heading.default\">\n\t\t\t\t\t<h3 class=\"elementor-heading-title elementor-size-default\">\u00bfY c\u00f3mo llega al mundo de la cocina? <\/h3>\t\t\t\t<\/div>\n\t\t\t\t\t<\/div>\n\t\t<\/div>\n\t\t\t\t\t<\/div>\n\t\t<\/section>\n\t\t\t\t<section data-particle_enable=\"false\" data-particle-mobile-disabled=\"false\" class=\"elementor-section elementor-top-section elementor-element elementor-element-e63a34b elementor-section-boxed elementor-section-height-default elementor-section-height-default\" data-id=\"e63a34b\" data-element_type=\"section\" data-e-type=\"section\">\n\t\t\t\t\t\t<div class=\"elementor-container elementor-column-gap-default\">\n\t\t\t\t\t<div class=\"elementor-column elementor-col-100 elementor-top-column elementor-element elementor-element-392904f\" data-id=\"392904f\" data-element_type=\"column\" data-e-type=\"column\">\n\t\t\t<div class=\"elementor-widget-wrap elementor-element-populated\">\n\t\t\t\t\t\t<div class=\"elementor-element elementor-element-91b3f7f elementor-widget elementor-widget-text-editor\" data-id=\"91b3f7f\" data-element_type=\"widget\" data-e-type=\"widget\" data-widget_type=\"text-editor.default\">\n\t\t\t\t\t\t\t\t\t<p><span style=\"color: var( --e-global-color-text );\">De lavaplatos, al inicio. Yo estaba haciendo ocho horas de trabajo, pero buscaba siempre otro empleo para ganar algo m\u00e1s. En restaurantes empiezo a lavar platos. En varios. Me ense\u00f1aron a preparar s\u00e1ndwicches y un poco de todo. Trabaj\u00e9 con una se\u00f1ora que era de Roma y con unos americanos que ten\u00edan panader\u00eda. Pero quienes preparaban y horneaban el pan eran de Quich\u00e9, de Escuintla, de Zacapa&#8221;.<\/span><\/p><p>&#8220;No trabajaba en un solo lugar sino en varios, donde necesitaran lavaplatos o alquien que ayudara a cocinar. Mis jefes al verme me dec\u00edan que yo pod\u00eda llegar a ser chef profesional y me animaron a que estudiara la carrera. Pero lo v\u00ed dif\u00edcil porque ni termin\u00e9 la primaria en Guatemala y ya no ten\u00eda edad. Primero hab\u00eda aprendido ingl\u00e9s, pero luego obtuve mi diploma de GED (<span style=\"color: var( --e-global-color-text );\">General Education Development), una especie de bachillerato por madurez.\u00a0 A m\u00ed la cocina se me daba como algo natural, es un talento, es algo que uno trae. A veces n<\/span><span style=\"color: var( --e-global-color-text );\">os daban de comer puros frijoles, pero yo les agregaba, chicharrones, limoncito, alguna yerba para que fuera sabroso y compart\u00eda con los compa\u00f1eros&#8221;.<\/span><\/p><p>\u00a0<\/p>\t\t\t\t\t\t\t\t<\/div>\n\t\t\t\t\t<\/div>\n\t\t<\/div>\n\t\t\t\t\t<\/div>\n\t\t<\/section>\n\t\t\t\t<section data-particle_enable=\"false\" data-particle-mobile-disabled=\"false\" class=\"elementor-section elementor-top-section elementor-element elementor-element-0e59d73 elementor-section-boxed elementor-section-height-default elementor-section-height-default\" data-id=\"0e59d73\" data-element_type=\"section\" data-e-type=\"section\">\n\t\t\t\t\t\t<div class=\"elementor-container elementor-column-gap-default\">\n\t\t\t\t\t<div class=\"elementor-column elementor-col-100 elementor-top-column elementor-element elementor-element-3e8b259\" data-id=\"3e8b259\" data-element_type=\"column\" data-e-type=\"column\">\n\t\t\t<div class=\"elementor-widget-wrap elementor-element-populated\">\n\t\t\t\t\t\t<div class=\"elementor-element elementor-element-f854982 elementor-widget elementor-widget-heading\" data-id=\"f854982\" data-element_type=\"widget\" data-e-type=\"widget\" data-widget_type=\"heading.default\">\n\t\t\t\t\t<h3 class=\"elementor-heading-title elementor-size-default\">\u00bfD\u00f3nde estudi\u00f3 la carrera univeresitaria de chef? <\/h3>\t\t\t\t<\/div>\n\t\t\t\t\t<\/div>\n\t\t<\/div>\n\t\t\t\t\t<\/div>\n\t\t<\/section>\n\t\t\t\t<section data-particle_enable=\"false\" data-particle-mobile-disabled=\"false\" class=\"elementor-section elementor-top-section elementor-element elementor-element-005128f elementor-section-boxed elementor-section-height-default elementor-section-height-default\" data-id=\"005128f\" data-element_type=\"section\" data-e-type=\"section\">\n\t\t\t\t\t\t<div class=\"elementor-container elementor-column-gap-default\">\n\t\t\t\t\t<div class=\"elementor-column elementor-col-100 elementor-top-column elementor-element elementor-element-34f537d\" data-id=\"34f537d\" data-element_type=\"column\" data-e-type=\"column\">\n\t\t\t<div class=\"elementor-widget-wrap elementor-element-populated\">\n\t\t\t\t\t\t<div class=\"elementor-element elementor-element-12e2a9f elementor-widget elementor-widget-text-editor\" data-id=\"12e2a9f\" data-element_type=\"widget\" data-e-type=\"widget\" data-widget_type=\"text-editor.default\">\n\t\t\t\t\t\t\t\t\t<p><span style=\"color: var( --e-global-color-text );\">En 2004 entro a la carrera universitaria de artes culinarias en la Universidad Johnson &amp; Wales de Rhode Island. Yo ya ten\u00eda experiencia, trabajaba y estudiaba.\u00a0<\/span><span style=\"color: var( --e-global-color-text );\">Muchos no lo saben, pero yo en ese tiempo era alcoh\u00f3lico y a\u00fan as\u00ed logr\u00e9 pasar los 4 a\u00f1os.\u00a0<\/span><\/p><p><span style=\"color: var( --e-global-color-text );\">Me gradu\u00e9 y yo ya estaba trabajando en la cocina central de varios restaurantes de Nueva York. Me iba bien econ\u00f3micamente, pero personalmente mal. Tomaba mucho, ya era de todos los d\u00edas. Y a\u00fan as\u00ed, yo escrib\u00eda en papeles mi sue\u00f1o y dec\u00eda: alg\u00fan d\u00eda voy a tener mi propio restaurante. Pero se ve\u00eda lejos.<\/span><\/p><p><span style=\"color: var( --e-global-color-text );\">Lo que quiero aqu\u00ed es que los j\u00f3venes, que las otras personas que est\u00e1n en ese proceso de dejar el alcohol o que quieren hacer algo diferente en la vida, que no se limiten. Con la ayuda de Dios, todo se puede.\u00a0<\/span><\/p><p><span style=\"color: var( --e-global-color-text );\">Los due\u00f1os de esa universidad ten\u00edan restaurantes y yo trabajaba con ellos. Yo era instructor de j\u00f3venes cocineros. Ten\u00eda un don para cocinar, pero segu\u00eda teniendo esa enfermedad del alcohol. Y el sue\u00f1o se hac\u00eda cada vez m\u00e1s lejano por eso mismo.<\/span><\/p>\t\t\t\t\t\t\t\t<\/div>\n\t\t\t\t\t<\/div>\n\t\t<\/div>\n\t\t\t\t\t<\/div>\n\t\t<\/section>\n\t\t\t\t<section data-particle_enable=\"false\" data-particle-mobile-disabled=\"false\" class=\"elementor-section elementor-top-section elementor-element elementor-element-9e3bdd7 elementor-section-boxed elementor-section-height-default elementor-section-height-default\" data-id=\"9e3bdd7\" data-element_type=\"section\" data-e-type=\"section\">\n\t\t\t\t\t\t<div class=\"elementor-container elementor-column-gap-default\">\n\t\t\t\t\t<div class=\"elementor-column elementor-col-100 elementor-top-column elementor-element elementor-element-dfd8f64\" data-id=\"dfd8f64\" data-element_type=\"column\" data-e-type=\"column\">\n\t\t\t<div class=\"elementor-widget-wrap elementor-element-populated\">\n\t\t\t\t\t\t<div class=\"elementor-element elementor-element-735f5ed elementor-widget elementor-widget-image\" data-id=\"735f5ed\" data-element_type=\"widget\" data-e-type=\"widget\" data-widget_type=\"image.default\">\n\t\t\t\t\t\t\t\t\t\t\t\t<figure class=\"wp-caption\">\n\t\t\t\t\t\t\t\t\t\t<img decoding=\"async\" width=\"960\" height=\"720\" src=\"https:\/\/soymigrante.com\/revista\/wp-content\/uploads\/2024\/03\/juan-bella-mia.webp\" class=\"attachment-large size-large wp-image-5399\" alt=\"En 2017, Juan Guarcas abri\u00f3 su restaurante Bella M\u00eda, en Texas. Era su sue\u00f1o de toda la vida y esa saz\u00f3n italiana tan personal, surgida de inspiraci\u00f3n y lo que considera un &quot;don&quot; de Dios, le ha tra\u00eddo buena fama y buenas rese\u00f1as.\" srcset=\"https:\/\/soymigrante.com\/revista\/wp-content\/uploads\/2024\/03\/juan-bella-mia.webp 960w, https:\/\/soymigrante.com\/revista\/wp-content\/uploads\/2024\/03\/juan-bella-mia-300x225.webp 300w, https:\/\/soymigrante.com\/revista\/wp-content\/uploads\/2024\/03\/juan-bella-mia-768x576.webp 768w, https:\/\/soymigrante.com\/revista\/wp-content\/uploads\/2024\/03\/juan-bella-mia-750x563.webp 750w\" sizes=\"(max-width: 960px) 100vw, 960px\" \/>\t\t\t\t\t\t\t\t\t\t\t<figcaption class=\"widget-image-caption wp-caption-text\">En 2017, Juan Guarcas abri\u00f3 su restaurante Bella M\u00eda, en Texas. Era su sue\u00f1o de toda la vida y esa saz\u00f3n italiana tan personal, surgida de inspiraci\u00f3n y lo que considera un \"don\" de Dios,  le ha tra\u00eddo  buena fama y buenas rese\u00f1as. <\/figcaption>\n\t\t\t\t\t\t\t\t\t\t<\/figure>\n\t\t\t\t\t\t\t\t\t<\/div>\n\t\t\t\t\t<\/div>\n\t\t<\/div>\n\t\t\t\t\t<\/div>\n\t\t<\/section>\n\t\t\t\t<section data-particle_enable=\"false\" data-particle-mobile-disabled=\"false\" class=\"elementor-section elementor-top-section elementor-element elementor-element-e6cc067 elementor-section-boxed elementor-section-height-default elementor-section-height-default\" data-id=\"e6cc067\" data-element_type=\"section\" data-e-type=\"section\">\n\t\t\t\t\t\t<div class=\"elementor-container elementor-column-gap-default\">\n\t\t\t\t\t<div class=\"elementor-column elementor-col-100 elementor-top-column elementor-element elementor-element-a2dcc9b\" data-id=\"a2dcc9b\" data-element_type=\"column\" data-e-type=\"column\">\n\t\t\t<div class=\"elementor-widget-wrap elementor-element-populated\">\n\t\t\t\t\t\t<div class=\"elementor-element elementor-element-31ef555 elementor-widget elementor-widget-heading\" data-id=\"31ef555\" data-element_type=\"widget\" data-e-type=\"widget\" data-widget_type=\"heading.default\">\n\t\t\t\t\t<h3 class=\"elementor-heading-title elementor-size-default\">\u00bfY c\u00f3mo logr\u00f3 vencer la enfermedad?<\/h3>\t\t\t\t<\/div>\n\t\t\t\t\t<\/div>\n\t\t<\/div>\n\t\t\t\t\t<\/div>\n\t\t<\/section>\n\t\t\t\t<section data-particle_enable=\"false\" data-particle-mobile-disabled=\"false\" class=\"elementor-section elementor-top-section elementor-element elementor-element-23f2d4c elementor-section-boxed elementor-section-height-default elementor-section-height-default\" data-id=\"23f2d4c\" data-element_type=\"section\" data-e-type=\"section\">\n\t\t\t\t\t\t<div class=\"elementor-container elementor-column-gap-default\">\n\t\t\t\t\t<div class=\"elementor-column elementor-col-100 elementor-top-column elementor-element elementor-element-2640849\" data-id=\"2640849\" data-element_type=\"column\" data-e-type=\"column\">\n\t\t\t<div class=\"elementor-widget-wrap elementor-element-populated\">\n\t\t\t\t\t\t<div class=\"elementor-element elementor-element-c75c0c3 elementor-widget elementor-widget-text-editor\" data-id=\"c75c0c3\" data-element_type=\"widget\" data-e-type=\"widget\" data-widget_type=\"text-editor.default\">\n\t\t\t\t\t\t\t\t\t<p><span style=\"color: var( --e-global-color-text );\">\u00bfComo sal\u00ed? El alcoholismo ees una enfermedad. Y me toc\u00f3 curarme: decir hasta aqu\u00ed y arrancarlo de m\u00ed, cortarlo de ra\u00edz, decir: esto no naci\u00f3 conmigo, esto no es parte de m\u00ed. Si mis padres me dieron la vida y a pesar de su pobreza no me dejaron morir \u00bfpor qu\u00e9 yo me estoy matando solo? Ya hab\u00eda perdido mi primer hogar.<\/span><\/p><p><span style=\"color: var( --e-global-color-text );\">Ah\u00ed es donde agarr\u00e9 las fuerzas, clam\u00e9 a Dios e hice un voto.\u00a0 Desde 2012 ya nunca tom\u00e9 y muchos no me creen que fui alcoh\u00f3lico, porque casi nadie se daba cuenta, quiz\u00e1 solo familiares.\u00a0\u00a0<\/span><\/p><p>\u00a0<\/p>\t\t\t\t\t\t\t\t<\/div>\n\t\t\t\t\t<\/div>\n\t\t<\/div>\n\t\t\t\t\t<\/div>\n\t\t<\/section>\n\t\t\t\t<section data-particle_enable=\"false\" data-particle-mobile-disabled=\"false\" class=\"elementor-section elementor-top-section elementor-element elementor-element-e50b378 elementor-section-boxed elementor-section-height-default elementor-section-height-default\" data-id=\"e50b378\" data-element_type=\"section\" data-e-type=\"section\">\n\t\t\t\t\t\t<div class=\"elementor-container elementor-column-gap-default\">\n\t\t\t\t\t<div class=\"elementor-column elementor-col-100 elementor-top-column elementor-element elementor-element-4a26d36\" data-id=\"4a26d36\" data-element_type=\"column\" data-e-type=\"column\">\n\t\t\t<div class=\"elementor-widget-wrap elementor-element-populated\">\n\t\t\t\t\t\t<div class=\"elementor-element elementor-element-db9add7 elementor-widget elementor-widget-heading\" data-id=\"db9add7\" data-element_type=\"widget\" data-e-type=\"widget\" data-widget_type=\"heading.default\">\n\t\t\t\t\t<h3 class=\"elementor-heading-title elementor-size-default\">\u00bfY c\u00f3mo nace su restaurante Bella M\u00eda?<\/h3>\t\t\t\t<\/div>\n\t\t\t\t\t<\/div>\n\t\t<\/div>\n\t\t\t\t\t<\/div>\n\t\t<\/section>\n\t\t\t\t<section data-particle_enable=\"false\" data-particle-mobile-disabled=\"false\" class=\"elementor-section elementor-top-section elementor-element elementor-element-42ca96a elementor-section-boxed elementor-section-height-default elementor-section-height-default\" data-id=\"42ca96a\" data-element_type=\"section\" data-e-type=\"section\">\n\t\t\t\t\t\t<div class=\"elementor-container elementor-column-gap-default\">\n\t\t\t\t\t<div class=\"elementor-column elementor-col-100 elementor-top-column elementor-element elementor-element-8355d7e\" data-id=\"8355d7e\" data-element_type=\"column\" data-e-type=\"column\">\n\t\t\t<div class=\"elementor-widget-wrap elementor-element-populated\">\n\t\t\t\t\t\t<div class=\"elementor-element elementor-element-00d6a3d elementor-widget elementor-widget-text-editor\" data-id=\"00d6a3d\" data-element_type=\"widget\" data-e-type=\"widget\" data-widget_type=\"text-editor.default\">\n\t\t\t\t\t\t\t\t\t<p><span style=\"color: var( --e-global-color-text );\">Trabaj\u00e9 en muchos lugares y con muchas personas. Me gust\u00f3 la cocina francesa y la italiana. Yo ten\u00eda un don, una saz\u00f3n, algo que no es com\u00fan. Dios me dio ese talento. Era chef en la cocina central, pero un d\u00eda un amigo, un italiano llamado Petro Cenes,\u00a0<\/span><span style=\"color: var( --e-global-color-text );\">me dijo si quer\u00eda\u00a0 irme a Texas para fundar una cadena de restaurantes italianos. Le dije que s\u00ed, renunci\u00e9 y el due\u00f1o del restaurante en Nueva York me dijo: &#8220;S\u00e9 que te vas porque te gusta cocinar y no por el dinero. POr eso no te puedo retener&#8221; Y as\u00ed era.\u00a0\u00a0<\/span><\/p><p><span style=\"color: var( --e-global-color-text );\">Pietro era experto cocinero italiano, era de Cerde\u00f1a, Italia. Me ense\u00f1\u00f3 mucho y e<\/span><span style=\"color: var( --e-global-color-text );\">n 2015 me mud\u00e9 a McCallen, Texas y empezamos a montar el primer restaurante. Pero en 2016, a Pietro le diagnostican un c\u00e1ncer de p\u00e1ncreas. Yo me dediqu\u00e9 a cuidarlo, por varios meses. Hasta que falleci\u00f3.\u00a0 el socio de \u00e9l ten\u00eda otro estilo de administraci\u00f3n, s<\/span><span style=\"color: var( --e-global-color-text );\">\u00ed que le dije, mejor no sigo.\u00a0<\/span><\/p><p><span style=\"color: var( --e-global-color-text );\">Me iba a regresar a Nueva York.\u00a0\u00a0<\/span><\/p><div>\u00a0<\/div>\t\t\t\t\t\t\t\t<\/div>\n\t\t\t\t\t<\/div>\n\t\t<\/div>\n\t\t\t\t\t<\/div>\n\t\t<\/section>\n\t\t\t\t<section data-particle_enable=\"false\" data-particle-mobile-disabled=\"false\" class=\"elementor-section elementor-top-section elementor-element elementor-element-e0a2074 elementor-section-boxed elementor-section-height-default elementor-section-height-default\" data-id=\"e0a2074\" data-element_type=\"section\" data-e-type=\"section\">\n\t\t\t\t\t\t<div class=\"elementor-container elementor-column-gap-default\">\n\t\t\t\t\t<div class=\"elementor-column elementor-col-100 elementor-top-column elementor-element elementor-element-8c3e5a2\" data-id=\"8c3e5a2\" data-element_type=\"column\" data-e-type=\"column\">\n\t\t\t<div class=\"elementor-widget-wrap elementor-element-populated\">\n\t\t\t\t\t\t<div class=\"elementor-element elementor-element-d5bb8ac elementor-widget elementor-widget-image\" data-id=\"d5bb8ac\" data-element_type=\"widget\" data-e-type=\"widget\" data-widget_type=\"image.default\">\n\t\t\t\t\t\t\t\t\t\t\t\t<figure class=\"wp-caption\">\n\t\t\t\t\t\t\t\t\t\t<img decoding=\"async\" width=\"865\" height=\"682\" src=\"https:\/\/soymigrante.com\/revista\/wp-content\/uploads\/2024\/03\/bela.webp\" class=\"attachment-large size-large wp-image-5400\" alt=\"Juan Guarcas junto a su esposa Mar\u00eda Magdalena Mart\u00ednez, quien fue su inspiraci\u00f3n para el nombre del restaurante italiano Bella Mia, en McAllen, Texas.\" srcset=\"https:\/\/soymigrante.com\/revista\/wp-content\/uploads\/2024\/03\/bela.webp 865w, https:\/\/soymigrante.com\/revista\/wp-content\/uploads\/2024\/03\/bela-300x237.webp 300w, https:\/\/soymigrante.com\/revista\/wp-content\/uploads\/2024\/03\/bela-768x606.webp 768w, https:\/\/soymigrante.com\/revista\/wp-content\/uploads\/2024\/03\/bela-750x591.webp 750w\" sizes=\"(max-width: 865px) 100vw, 865px\" \/>\t\t\t\t\t\t\t\t\t\t\t<figcaption class=\"widget-image-caption wp-caption-text\">Juan Guarcas junto a su esposa Mar\u00eda Magdalena Mart\u00ednez, quien fue su inspiraci\u00f3n para el nombre del restaurante  italiano  Bella Mia, en McAllen, Texas.<\/figcaption>\n\t\t\t\t\t\t\t\t\t\t<\/figure>\n\t\t\t\t\t\t\t\t\t<\/div>\n\t\t\t\t\t<\/div>\n\t\t<\/div>\n\t\t\t\t\t<\/div>\n\t\t<\/section>\n\t\t\t\t<section data-particle_enable=\"false\" data-particle-mobile-disabled=\"false\" class=\"elementor-section elementor-top-section elementor-element elementor-element-f082179 elementor-section-boxed elementor-section-height-default elementor-section-height-default\" data-id=\"f082179\" data-element_type=\"section\" data-e-type=\"section\">\n\t\t\t\t\t\t<div class=\"elementor-container elementor-column-gap-default\">\n\t\t\t\t\t<div class=\"elementor-column elementor-col-100 elementor-top-column elementor-element elementor-element-61d6eb1\" data-id=\"61d6eb1\" data-element_type=\"column\" data-e-type=\"column\">\n\t\t\t<div class=\"elementor-widget-wrap elementor-element-populated\">\n\t\t\t\t\t\t<div class=\"elementor-element elementor-element-2fddc0e elementor-widget elementor-widget-heading\" data-id=\"2fddc0e\" data-element_type=\"widget\" data-e-type=\"widget\" data-widget_type=\"heading.default\">\n\t\t\t\t\t<h3 class=\"elementor-heading-title elementor-size-default\">El gran sue\u00f1o llega (al siguiente intento, pero llega)<\/h3>\t\t\t\t<\/div>\n\t\t\t\t\t<\/div>\n\t\t<\/div>\n\t\t\t\t\t<\/div>\n\t\t<\/section>\n\t\t\t\t<section data-particle_enable=\"false\" data-particle-mobile-disabled=\"false\" class=\"elementor-section elementor-top-section elementor-element elementor-element-2e3c421 elementor-section-boxed elementor-section-height-default elementor-section-height-default\" data-id=\"2e3c421\" data-element_type=\"section\" data-e-type=\"section\">\n\t\t\t\t\t\t<div class=\"elementor-container elementor-column-gap-default\">\n\t\t\t\t\t<div class=\"elementor-column elementor-col-100 elementor-top-column elementor-element elementor-element-37898e3\" data-id=\"37898e3\" data-element_type=\"column\" data-e-type=\"column\">\n\t\t\t<div class=\"elementor-widget-wrap elementor-element-populated\">\n\t\t\t\t\t\t<div class=\"elementor-element elementor-element-c8fe433 elementor-widget elementor-widget-text-editor\" data-id=\"c8fe433\" data-element_type=\"widget\" data-e-type=\"widget\" data-widget_type=\"text-editor.default\">\n\t\t\t\t\t\t\t\t\t<p>En el tiempo que estaba enfermo Pietro conoc\u00ed a mi esposa Magdalena. Su hijo ten\u00eda un grupo y llegaba a tocar a Nueva York. Me enter\u00e9 de una presentaci\u00f3n en Texas, fui y all\u00ed nos conocimos. Yo le dije que no era normal: me dedico a la comida italiana pero soy guatemalteco. Con el tiempo le platiqu\u00e9 de mi sue\u00f1o de abrir un restaurante y ella mie dijo: \u00a1Hag\u00e1moslo!<\/p><p>\u00a0<\/p><p><span style=\"color: var( --e-global-color-text );\">Invertimos 50 mil d\u00f3lares en el primer restaurante, abrimos y se perdi\u00f3 todo. No hab\u00eda clientela. Comet\u00ed el error de ponerlo en un pueblo peque\u00f1o, no hab\u00eda un mercado fuerte. A\u00fan as\u00ed pas\u00e9 varios meses. Me sentaba con mis 4 empleados. Sac\u00e1bamos carne e ingredientes y hac\u00edamos churrasco. Hoy no hubo clientela, pero vamos a comer bien. Lo peor que puede pasar ma\u00f1ana es que cerremos&#8230; pero hoy vamos a comer bien.<\/span><\/p><p><span style=\"color: var( --e-global-color-text );\">Record\u00e9 cuando ven\u00eda pollo y papas fritas en Panajachel. Hab\u00eda d\u00edas buenos y d\u00edas malos. Llega el cobro de la carne de pollo y no hay venta&#8230; Yo miraba a los due\u00f1os frustrarse. Y luego pasamos el Bella M\u00eda a\u00a0<\/span><span style=\"color: var( --e-global-color-text );\">Edimburgo, Texas. Ah\u00ed ya se levant\u00f3 la clientela, se triplic\u00f3 ah\u00ed en ese lugar. Despu\u00e9s nos pasamos a McAllen y aqu\u00ed estamos.<\/span><\/p>\t\t\t\t\t\t\t\t<\/div>\n\t\t\t\t\t<\/div>\n\t\t<\/div>\n\t\t\t\t\t<\/div>\n\t\t<\/section>\n\t\t\t\t<section data-particle_enable=\"false\" data-particle-mobile-disabled=\"false\" class=\"elementor-section elementor-top-section elementor-element elementor-element-d28973e elementor-section-boxed elementor-section-height-default elementor-section-height-default\" data-id=\"d28973e\" data-element_type=\"section\" data-e-type=\"section\">\n\t\t\t\t\t\t<div class=\"elementor-container elementor-column-gap-default\">\n\t\t\t\t\t<div class=\"elementor-column elementor-col-100 elementor-top-column elementor-element elementor-element-fdaa54b\" data-id=\"fdaa54b\" data-element_type=\"column\" data-e-type=\"column\">\n\t\t\t<div class=\"elementor-widget-wrap elementor-element-populated\">\n\t\t\t\t\t\t<div class=\"elementor-element elementor-element-6c6d5ec elementor-widget elementor-widget-html\" data-id=\"6c6d5ec\" data-element_type=\"widget\" data-e-type=\"widget\" data-widget_type=\"html.default\">\n\t\t\t\t\t<iframe src=\"https:\/\/www.facebook.com\/plugins\/post.php?href=https%3A%2F%2Fwww.facebook.com%2FBellamiaitalian%2Fposts%2Fpfbid02TUbd4GqpsXVHckBCXjfKZvaXz9YgjabbwbiZmcqKVv9oM4KGxZjY5qApYAeMpb9el&show_text=true&width=500\" width=\"500\" height=\"696\" style=\"border:none;overflow:hidden\" scrolling=\"no\" frameborder=\"0\" allowfullscreen=\"true\" allow=\"autoplay; clipboard-write; encrypted-media; picture-in-picture; web-share\"><\/iframe>\t\t\t\t<\/div>\n\t\t\t\t\t<\/div>\n\t\t<\/div>\n\t\t\t\t\t<\/div>\n\t\t<\/section>\n\t\t\t\t<section data-particle_enable=\"false\" data-particle-mobile-disabled=\"false\" class=\"elementor-section elementor-top-section elementor-element elementor-element-b66c4fc elementor-section-boxed elementor-section-height-default elementor-section-height-default\" data-id=\"b66c4fc\" data-element_type=\"section\" data-e-type=\"section\">\n\t\t\t\t\t\t<div class=\"elementor-container elementor-column-gap-default\">\n\t\t\t\t\t<div class=\"elementor-column elementor-col-100 elementor-top-column elementor-element elementor-element-80338e5\" data-id=\"80338e5\" data-element_type=\"column\" data-e-type=\"column\">\n\t\t\t<div class=\"elementor-widget-wrap elementor-element-populated\">\n\t\t\t\t\t\t<div class=\"elementor-element elementor-element-7d6f258 elementor-widget elementor-widget-text-editor\" data-id=\"7d6f258\" data-element_type=\"widget\" data-e-type=\"widget\" data-widget_type=\"text-editor.default\">\n\t\t\t\t\t\t\t\t\t<p><span style=\"color: #000000; font-family: Mulish, sans-serif; font-size: 1.56em; font-weight: bold;\">\u00bfC\u00f3mo mantuviste el sue\u00f1o?<\/span><\/p>\n<p>Ya no pod\u00eda perder nada m\u00e1s. Tampoco pod\u00eda regresar a querer morir como en 2012.&nbsp; solo era de seguir trabjando y creer en que mi producto, mi saz\u00f3n, mi sabor es \u00fanico, porque yo lo que construido.<\/p>\n<p>As\u00ed que si alguien tiene un sue\u00f1o mi consejo es: S\u00ed puedes mir\u00e1s atr\u00e1s, pero para no regresar a lo mismo. Luego ver para adelante y trabajar fuerte. Invierte en tu sue\u00f1o: lo peor&nbsp;<span style=\"color: var( --e-global-color-text );\">que te puede pasar es que ni la deuda te vas a llevar cuando te mueres.<\/span><\/p>\n<p><span style=\"color: var( --e-global-color-text );\">Mi esposa me dec\u00eda: &#8220;T\u00fa sabes lo qe tienes que hacer, t\u00fa sabes tu trabajo, tu has dicho que puedes. Entonces ens\u00e9\u00f1ate a t\u00ed mismo a seguir adelante, ens\u00e9\u00f1ate a creer que s\u00ed puedes superar la barrera&#8221;. Y por eso gracias a Dios por mi esposa, gracias a Dios por este don de cocinar y gracias a Dios por la vida&#8230;.<\/span><\/p>\t\t\t\t\t\t\t\t<\/div>\n\t\t\t\t\t<\/div>\n\t\t<\/div>\n\t\t\t\t\t<\/div>\n\t\t<\/section>\n\t\t\t\t<section data-particle_enable=\"false\" data-particle-mobile-disabled=\"false\" class=\"elementor-section elementor-top-section elementor-element elementor-element-82e6067 elementor-section-boxed elementor-section-height-default elementor-section-height-default\" data-id=\"82e6067\" data-element_type=\"section\" data-e-type=\"section\">\n\t\t\t\t\t\t<div class=\"elementor-container elementor-column-gap-default\">\n\t\t\t\t\t<div class=\"elementor-column elementor-col-100 elementor-top-column elementor-element elementor-element-c1d7760\" data-id=\"c1d7760\" data-element_type=\"column\" data-e-type=\"column\">\n\t\t\t<div class=\"elementor-widget-wrap elementor-element-populated\">\n\t\t\t\t\t\t<div class=\"elementor-element elementor-element-e15b7fd elementor-widget elementor-widget-image\" data-id=\"e15b7fd\" data-element_type=\"widget\" data-e-type=\"widget\" data-widget_type=\"image.default\">\n\t\t\t\t\t\t\t\t\t\t\t\t<figure class=\"wp-caption\">\n\t\t\t\t\t\t\t\t\t\t<img loading=\"lazy\" decoding=\"async\" width=\"960\" height=\"720\" src=\"https:\/\/soymigrante.com\/revista\/wp-content\/uploads\/2024\/03\/431402291_2155263648166966_2446924182890932086_n.webp\" class=\"attachment-large size-large wp-image-5404\" alt=\"Juan Guarcas adem\u00e1s ha incursionado en el mercado de los foodtrucks y los servicios de catering (banquetes) para toda ocasi\u00f3n. Su sue\u00f1o sigue adelante.\" srcset=\"https:\/\/soymigrante.com\/revista\/wp-content\/uploads\/2024\/03\/431402291_2155263648166966_2446924182890932086_n.webp 960w, https:\/\/soymigrante.com\/revista\/wp-content\/uploads\/2024\/03\/431402291_2155263648166966_2446924182890932086_n-300x225.webp 300w, https:\/\/soymigrante.com\/revista\/wp-content\/uploads\/2024\/03\/431402291_2155263648166966_2446924182890932086_n-768x576.webp 768w, https:\/\/soymigrante.com\/revista\/wp-content\/uploads\/2024\/03\/431402291_2155263648166966_2446924182890932086_n-750x563.webp 750w\" sizes=\"(max-width: 960px) 100vw, 960px\" \/>\t\t\t\t\t\t\t\t\t\t\t<figcaption class=\"widget-image-caption wp-caption-text\">Juan Guarcas adem\u00e1s ha incursionado en el mercado de los foodtrucks y los servicios de catering (banquetes) para toda ocasi\u00f3n. Su sue\u00f1o sigue adelante.<\/figcaption>\n\t\t\t\t\t\t\t\t\t\t<\/figure>\n\t\t\t\t\t\t\t\t\t<\/div>\n\t\t\t\t\t<\/div>\n\t\t<\/div>\n\t\t\t\t\t<\/div>\n\t\t<\/section>\n\t\t\t\t<section data-particle_enable=\"false\" data-particle-mobile-disabled=\"false\" class=\"elementor-section elementor-top-section elementor-element elementor-element-49c23ac elementor-section-boxed elementor-section-height-default elementor-section-height-default\" data-id=\"49c23ac\" data-element_type=\"section\" data-e-type=\"section\">\n\t\t\t\t\t\t<div class=\"elementor-container elementor-column-gap-default\">\n\t\t\t\t\t<div class=\"elementor-column elementor-col-100 elementor-top-column elementor-element elementor-element-3fd702c\" data-id=\"3fd702c\" data-element_type=\"column\" data-e-type=\"column\">\n\t\t\t<div class=\"elementor-widget-wrap elementor-element-populated\">\n\t\t\t\t\t\t<div class=\"elementor-element elementor-element-ee900c3 elementor-widget elementor-widget-heading\" data-id=\"ee900c3\" data-element_type=\"widget\" data-e-type=\"widget\" data-widget_type=\"heading.default\">\n\t\t\t\t\t<h2 class=\"elementor-heading-title elementor-size-default\">M\u00e1s historias de grandes sue\u00f1os y grandes logros <\/h2>\t\t\t\t<\/div>\n\t\t\t\t\t<\/div>\n\t\t<\/div>\n\t\t\t\t\t<\/div>\n\t\t<\/section>\n\t\t\t\t<section data-particle_enable=\"false\" data-particle-mobile-disabled=\"false\" class=\"elementor-section elementor-top-section elementor-element elementor-element-9216c24 elementor-section-boxed elementor-section-height-default elementor-section-height-default\" data-id=\"9216c24\" data-element_type=\"section\" data-e-type=\"section\">\n\t\t\t\t\t\t<div class=\"elementor-container elementor-column-gap-default\">\n\t\t\t\t\t<div class=\"elementor-column elementor-col-100 elementor-top-column elementor-element elementor-element-409bf51\" data-id=\"409bf51\" data-element_type=\"column\" data-e-type=\"column\">\n\t\t\t<div class=\"elementor-widget-wrap elementor-element-populated\">\n\t\t\t\t\t\t<div class=\"elementor-element elementor-element-a8c4e27 elementor-grid-eael-col-3 elementor-grid-tablet-eael-col-2 elementor-grid-mobile-eael-col-1 elementor-widget elementor-widget-eael-post-grid\" data-id=\"a8c4e27\" data-element_type=\"widget\" data-e-type=\"widget\" data-settings=\"{&quot;eael_post_grid_columns&quot;:&quot;eael-col-3&quot;,&quot;eael_post_grid_columns_tablet&quot;:&quot;eael-col-2&quot;,&quot;eael_post_grid_columns_mobile&quot;:&quot;eael-col-1&quot;}\" data-widget_type=\"eael-post-grid.default\">\n\t\t\t\t\t<div id=\"eael-post-grid-a8c4e27\" class=\"eael-post-grid-container\">\n            <div class=\"eael-post-grid eael-post-appender eael-post-appender-a8c4e27 eael-post-grid-style-one\" data-layout-mode=\"masonry\"><article class=\"eael-grid-post  eael-post-grid-column eael-pg-post-3220 category-exitos-guatemala\" data-id=\"3220\">\n        <div class=\"eael-grid-post-holder\">\n            <div class=\"eael-grid-post-holder-inner\"><div class=\"eael-entry-media\"><div class=\"eael-entry-overlay fade-in\"><i class=\"far fa-hand-pointer\" aria-hidden=\"true\"><\/i><a href=\"https:\/\/soymigrante.com\/revista\/el-sueno-migrante-de-yara-reynolds-se-dibuja-con-sombrero\/\"><\/a><\/div><div class=\"eael-entry-thumbnail \">\n                <img loading=\"lazy\" decoding=\"async\" width=\"300\" height=\"300\" src=\"https:\/\/soymigrante.com\/revista\/wp-content\/uploads\/2023\/11\/yara-reynolds-sombreros-6-300x300.jpg\" class=\"attachment-medium size-medium wp-image-30122\" alt=\"Sombreros de charro artesanales hechos a mano en diversos colores y dise\u00f1os para celebraci\u00f3n y cultura mexicana.\" srcset=\"https:\/\/soymigrante.com\/revista\/wp-content\/uploads\/2023\/11\/yara-reynolds-sombreros-6-300x300.jpg 300w, https:\/\/soymigrante.com\/revista\/wp-content\/uploads\/2023\/11\/yara-reynolds-sombreros-6-150x150.jpg 150w, https:\/\/soymigrante.com\/revista\/wp-content\/uploads\/2023\/11\/yara-reynolds-sombreros-6-768x768.jpg 768w, https:\/\/soymigrante.com\/revista\/wp-content\/uploads\/2023\/11\/yara-reynolds-sombreros-6-75x75.webp 75w, https:\/\/soymigrante.com\/revista\/wp-content\/uploads\/2023\/11\/yara-reynolds-sombreros-6-750x750.webp 750w, https:\/\/soymigrante.com\/revista\/wp-content\/uploads\/2023\/11\/yara-reynolds-sombreros-6.webp 978w\" sizes=\"(max-width: 300px) 100vw, 300px\" \/>\n            <\/div>\n        <\/div><div class=\"eael-entry-wrapper\"><header class=\"eael-entry-header\"><h2 class=\"eael-entry-title\"><a class=\"eael-grid-post-link\" href=\"https:\/\/soymigrante.com\/revista\/el-sueno-migrante-de-yara-reynolds-se-dibuja-con-sombrero\/\" title=\"El sue\u00f1o migrante de Yara crea y luce creativos sombrero y zapatos en Alabama\">El sue\u00f1o migrante de Yara crea y luce creativos sombrero y zapatos en Alabama<\/a><\/h2><\/header><div class=\"eael-entry-content\">\n                        <div class=\"eael-grid-post-excerpt\"><p>Migrante guatemalteca Yara Reynolds vende creativos sombreros y sombreros, con...<\/p><a href=\"https:\/\/soymigrante.com\/revista\/el-sueno-migrante-de-yara-reynolds-se-dibuja-con-sombrero\/\" class=\"eael-post-elements-readmore-btn\">Leer m\u00e1s<\/a><\/div>\n                    <\/div><\/div><\/div>\n        <\/div>\n    <\/article><article class=\"eael-grid-post  eael-post-grid-column eael-pg-post-4370 category-exitos\" data-id=\"4370\">\n        <div class=\"eael-grid-post-holder\">\n            <div class=\"eael-grid-post-holder-inner\"><div class=\"eael-entry-media\"><div class=\"eael-entry-overlay fade-in\"><i class=\"far fa-hand-pointer\" aria-hidden=\"true\"><\/i><a href=\"https:\/\/soymigrante.com\/revista\/migrante-regresa-a-guatemala-despues-de-14-anos-saco-adelante-hermanos\/\"><\/a><\/div><div class=\"eael-entry-thumbnail \">\n                <img loading=\"lazy\" decoding=\"async\" width=\"300\" height=\"281\" src=\"https:\/\/soymigrante.com\/revista\/wp-content\/uploads\/2024\/01\/miltoniano-300x281.webp\" class=\"attachment-medium size-medium wp-image-4371\" alt=\"\" srcset=\"https:\/\/soymigrante.com\/revista\/wp-content\/uploads\/2024\/01\/miltoniano-300x281.webp 300w, https:\/\/soymigrante.com\/revista\/wp-content\/uploads\/2024\/01\/miltoniano.webp 600w\" sizes=\"(max-width: 300px) 100vw, 300px\" \/>\n            <\/div>\n        <\/div><div class=\"eael-entry-wrapper\"><header class=\"eael-entry-header\"><h2 class=\"eael-entry-title\"><a class=\"eael-grid-post-link\" href=\"https:\/\/soymigrante.com\/revista\/migrante-regresa-a-guatemala-despues-de-14-anos-saco-adelante-hermanos\/\" title=\"El migrante Milton Villeda se fue por un sue\u00f1o y regresa, 14 a\u00f1os despu\u00e9s, con otro\">El migrante Milton Villeda se fue por un sue\u00f1o y regresa, 14 a\u00f1os despu\u00e9s, con otro<\/a><\/h2><\/header><div class=\"eael-entry-content\">\n                        <div class=\"eael-grid-post-excerpt\"><p>&#8220;Ya cumpl\u00ed: saqu\u00e9 adelante a todos mis hermanos&#8221;, expresa el...<\/p><a href=\"https:\/\/soymigrante.com\/revista\/migrante-regresa-a-guatemala-despues-de-14-anos-saco-adelante-hermanos\/\" class=\"eael-post-elements-readmore-btn\">Leer m\u00e1s<\/a><\/div>\n                    <\/div><\/div><\/div>\n        <\/div>\n    <\/article><article class=\"eael-grid-post  eael-post-grid-column eael-pg-post-2535 category-exitos\" data-id=\"2535\">\n        <div class=\"eael-grid-post-holder\">\n            <div class=\"eael-grid-post-holder-inner\"><div class=\"eael-entry-media\"><div class=\"eael-entry-overlay fade-in\"><i class=\"far fa-hand-pointer\" aria-hidden=\"true\"><\/i><a href=\"https:\/\/soymigrante.com\/revista\/little-guatemala-florece-en-carolina-del-norte-el-sueno-del-migrante-y-emprendedor-cristian-ramazzini\/\"><\/a><\/div><div class=\"eael-entry-thumbnail \">\n                <img loading=\"lazy\" decoding=\"async\" width=\"300\" height=\"300\" src=\"https:\/\/soymigrante.com\/revista\/wp-content\/uploads\/2023\/09\/Proyecto-Little-Guatemala-del-migrante-guatemalteco-Cristian-Ramazzini-en-Carolina-del-Norte-1-1-300x300.webp\" class=\"attachment-medium size-medium wp-image-2567\" alt=\"\" srcset=\"https:\/\/soymigrante.com\/revista\/wp-content\/uploads\/2023\/09\/Proyecto-Little-Guatemala-del-migrante-guatemalteco-Cristian-Ramazzini-en-Carolina-del-Norte-1-1-300x300.webp 300w, https:\/\/soymigrante.com\/revista\/wp-content\/uploads\/2023\/09\/Proyecto-Little-Guatemala-del-migrante-guatemalteco-Cristian-Ramazzini-en-Carolina-del-Norte-1-1-1024x1024.webp 1024w, https:\/\/soymigrante.com\/revista\/wp-content\/uploads\/2023\/09\/Proyecto-Little-Guatemala-del-migrante-guatemalteco-Cristian-Ramazzini-en-Carolina-del-Norte-1-1-150x150.webp 150w, https:\/\/soymigrante.com\/revista\/wp-content\/uploads\/2023\/09\/Proyecto-Little-Guatemala-del-migrante-guatemalteco-Cristian-Ramazzini-en-Carolina-del-Norte-1-1-768x768.webp 768w, https:\/\/soymigrante.com\/revista\/wp-content\/uploads\/2023\/09\/Proyecto-Little-Guatemala-del-migrante-guatemalteco-Cristian-Ramazzini-en-Carolina-del-Norte-1-1-75x75.webp 75w, https:\/\/soymigrante.com\/revista\/wp-content\/uploads\/2023\/09\/Proyecto-Little-Guatemala-del-migrante-guatemalteco-Cristian-Ramazzini-en-Carolina-del-Norte-1-1-750x750.webp 750w, https:\/\/soymigrante.com\/revista\/wp-content\/uploads\/2023\/09\/Proyecto-Little-Guatemala-del-migrante-guatemalteco-Cristian-Ramazzini-en-Carolina-del-Norte-1-1-1140x1140.webp 1140w, https:\/\/soymigrante.com\/revista\/wp-content\/uploads\/2023\/09\/Proyecto-Little-Guatemala-del-migrante-guatemalteco-Cristian-Ramazzini-en-Carolina-del-Norte-1-1-600x600.webp 600w, https:\/\/soymigrante.com\/revista\/wp-content\/uploads\/2023\/09\/Proyecto-Little-Guatemala-del-migrante-guatemalteco-Cristian-Ramazzini-en-Carolina-del-Norte-1-1.webp 1190w\" sizes=\"(max-width: 300px) 100vw, 300px\" \/>\n            <\/div>\n        <\/div><div class=\"eael-entry-wrapper\"><header class=\"eael-entry-header\"><h2 class=\"eael-entry-title\"><a class=\"eael-grid-post-link\" href=\"https:\/\/soymigrante.com\/revista\/little-guatemala-florece-en-carolina-del-norte-el-sueno-del-migrante-y-emprendedor-cristian-ramazzini\/\" title=\"Little Guatemala florece en Carolina del Norte: el sue\u00f1o del migrante y emprendedor Cristian Ramazzini\">Little Guatemala florece en Carolina del Norte: el sue\u00f1o del migrante y emprendedor Cristian Ramazzini<\/a><\/h2><\/header><div class=\"eael-entry-content\">\n                        <div class=\"eael-grid-post-excerpt\"><p>Ni f\u00e1cil ni r\u00e1pida ha sido la historia de la...<\/p><a href=\"https:\/\/soymigrante.com\/revista\/little-guatemala-florece-en-carolina-del-norte-el-sueno-del-migrante-y-emprendedor-cristian-ramazzini\/\" class=\"eael-post-elements-readmore-btn\">Leer m\u00e1s<\/a><\/div>\n                    <\/div><\/div><\/div>\n        <\/div>\n    <\/article><\/div>\n            <div class=\"clearfix\"><\/div>\n        <\/div>            <div class=\"eael-load-more-button-wrap eael-force-hide\">\n                <button class=\"eael-load-more-button\" id=\"eael-load-more-btn-a8c4e27\" data-widget-id=\"a8c4e27\" data-widget=\"a8c4e27\" data-page-id=\"5392\" data-template=\"{&quot;dir&quot;:&quot;lite&quot;,&quot;file_name&quot;:&quot;one.php&quot;,&quot;name&quot;:&quot;Post-Grid&quot;}\" data-class=\"Essential_Addons_Elementor\\Elements\\Post_Grid\" data-layout=\"masonry\" data-page=\"1\" data-args=\"orderby=date&amp;order=desc&amp;ignore_sticky_posts=1&amp;post_status=publish&amp;posts_per_page=3&amp;offset=0&amp;post_type=any&amp;post__in%5B0%5D=2026&amp;post__in%5B1%5D=2535&amp;post__in%5B2%5D=3220&amp;post__in%5B3%5D=4370\" data-max-page=\"2\">\n                    <span class=\"eael-btn-loader button__loader\"><\/span>\n                    <span class=\"eael_load_more_text\">Cargar m\u00e1s<\/span>\n                <\/button>\n            <\/div>\n            \t\t\t\t<\/div>\n\t\t\t\t\t<\/div>\n\t\t<\/div>\n\t\t\t\t\t<\/div>\n\t\t<\/section>\n\t\t\t\t<\/div>\n\t\t","protected":false},"excerpt":{"rendered":"<p>El migrante guatemalteco Juan Guarcax, graduado de chef en EE.UU., fund\u00f3 en 2017 su exitoso restaurante italiano Bella M\u00eda, en Texas: esta es la historia del duro camino a un sue\u00f1o. Un desesperado d\u00eda de 2012, Juan Guarcas, migrante guatemalteco en EE.UU.desde 1997, le dijo a Dios: &#8220;Si esta vida vale, si t\u00fa crees que [&hellip;]<\/p>\n","protected":false},"author":7,"featured_media":5395,"comment_status":"open","ping_status":"open","sticky":false,"template":"","format":"standard","meta":{"_acf_changed":false,"_eb_attr":"","footnotes":""},"categories":[50],"tags":[],"class_list":["post-5392","post","type-post","status-publish","format-standard","has-post-thumbnail","hentry","category-exitos"],"acf":[],"aioseo_notices":[],"aioseo_head":"\n\t\t<!-- All in One SEO Pro 4.9.6.2 - aioseo.com -->\n\t<meta name=\"description\" content=\"Ni f\u00e1cil ni r\u00e1pida ha sido la historia de la tienda, caf\u00e9, restaurante, centro deportivo y cultural Little Guatemala en Carolina del Norte: pero es su \u00e9xito es real gracias al amor, trabajo e ingenio del migrante guatemalteco Christian Ramazzini y su esposa Erica. Lo m\u00e1s reciente: Guate Fest 2023 Se cumple un gran sue\u00f1o Little Guatemala es un proyecto cultural, comercial, social y deportivo en el coraz\u00f3n de Morganton, Carolina del Norte, impulsado por el migrante guatemalteco Christian Ramazzini.\" \/>\n\t<meta name=\"robots\" content=\"max-snippet:-1, max-image-preview:large, max-video-preview:-1\" \/>\n\t<meta name=\"author\" content=\"Gustavo Montenegro\"\/>\n\t<link rel=\"canonical\" href=\"https:\/\/soymigrante.com\/revista\/historia-migrante-juan-guarcas-quiche-chef-exitoso-restaurant-texas\/\" \/>\n\t<meta name=\"generator\" content=\"All in One SEO Pro (AIOSEO) 4.9.6.2\" \/>\n\n\t\t<link rel=\"preconnect\" href=\"https:\/\/fonts.googleapis.com\" crossorigin>\n<link rel=\"preconnect\" href=\"https:\/\/fonts.gstatic.com\" crossorigin>\n\t\t<meta property=\"og:locale\" content=\"es_ES\" \/>\n\t\t<meta property=\"og:site_name\" content=\"SoyMigrante.com REVISTA \u2013 Nuestra misi\u00f3n es reconocer y dignificar al migrante.\" \/>\n\t\t<meta property=\"og:type\" content=\"article\" \/>\n\t\t<meta property=\"og:title\" content=\"Migrante Juan Guarcas, de Joyabaj, es exitoso chef italiano en Texas\" \/>\n\t\t<meta property=\"og:description\" content=\"El migrante guatemalteco Juan Guarcax, graduado de chef en EE.UU., fund\u00f3 en 2017 su exitoso restaurante italiano Bella M\u00eda, en Texas: esta es la historia del duro camino a un sue\u00f1o. Un desesperado d\u00eda de 2012, Juan Guarcas, migrante guatemalteco en EE.UU.desde 1997, le dijo a Dios: \u201cSi esta vida vale, si t\u00fa crees que\" \/>\n\t\t<meta property=\"og:url\" content=\"https:\/\/soymigrante.com\/revista\/historia-migrante-juan-guarcas-quiche-chef-exitoso-restaurant-texas\/\" \/>\n\t\t<meta property=\"og:image\" content=\"https:\/\/soymigrante.com\/revista\/wp-content\/uploads\/2024\/03\/juancho.webp\" \/>\n\t\t<meta property=\"og:image:secure_url\" content=\"https:\/\/soymigrante.com\/revista\/wp-content\/uploads\/2024\/03\/juancho.webp\" \/>\n\t\t<meta property=\"og:image:width\" content=\"617\" \/>\n\t\t<meta property=\"og:image:height\" content=\"546\" \/>\n\t\t<meta property=\"article:published_time\" content=\"2024-03-15T00:17:09+00:00\" \/>\n\t\t<meta property=\"article:modified_time\" content=\"2024-07-30T17:36:40+00:00\" \/>\n\t\t<meta property=\"article:publisher\" content=\"https:\/\/www.facebook.com\/soymigrantecom\" \/>\n\t\t<meta name=\"twitter:card\" content=\"summary_large_image\" \/>\n\t\t<meta name=\"twitter:site\" content=\"@SoyMigrante_com\" \/>\n\t\t<meta name=\"twitter:title\" content=\"Migrante Juan Guarcas, de Joyabaj, es exitoso chef italiano en Texas\" \/>\n\t\t<meta name=\"twitter:description\" content=\"El migrante guatemalteco Juan Guarcax, graduado de chef en EE.UU., fund\u00f3 en 2017 su exitoso restaurante italiano Bella M\u00eda, en Texas: esta es la historia del duro camino a un sue\u00f1o. Un desesperado d\u00eda de 2012, Juan Guarcas, migrante guatemalteco en EE.UU.desde 1997, le dijo a Dios: \u201cSi esta vida vale, si t\u00fa crees que\" \/>\n\t\t<meta name=\"twitter:creator\" content=\"@SoyMigrante_com\" \/>\n\t\t<meta name=\"twitter:image\" content=\"https:\/\/soymigrante.com\/revista\/wp-content\/uploads\/2024\/03\/juancho.webp\" \/>\n\t\t<!-- All in One SEO Pro -->\r\n\t\t<title>Migrante Juan Guarcas, de Joyabaj, es exitoso chef italiano en Texas<\/title>\n\n","aioseo_head_json":{"title":"Migrante Juan Guarcas, de Joyabaj, es exitoso chef italiano en Texas","description":"El migrante guatemalteco Juan Guarcax, graduado de chef en EE.UU., fund\u00f3 en 2017 su exitoso restaurante italiano Bella M\u00eda, en Texas: esta es la historia del duro camino a un sue\u00f1o. Un desesperado d\u00eda de 2012, Juan Guarcas, migrante guatemalteco en EE.UU.desde 1997, le dijo a Dios: \u201cSi esta vida vale, si t\u00fa crees que","canonical_url":"https:\/\/soymigrante.com\/revista\/historia-migrante-juan-guarcas-quiche-chef-exitoso-restaurant-texas\/","robots":"max-snippet:-1, max-image-preview:large, max-video-preview:-1","keywords":"","webmasterTools":{"miscellaneous":"&lt;link rel=\"preconnect\" href=\"https:\/\/fonts.googleapis.com\" crossorigin&gt;\n&lt;link rel=\"preconnect\" href=\"https:\/\/fonts.gstatic.com\" crossorigin&gt;"},"schema":null,"og:locale":"es_ES","og:site_name":"SoyMigrante.com REVISTA \u2013 Nuestra misi\u00f3n es reconocer y dignificar al migrante.","og:type":"article","og:title":"Migrante Juan Guarcas, de Joyabaj, es exitoso chef italiano en Texas","og:description":"El migrante guatemalteco Juan Guarcax, graduado de chef en EE.UU., fund\u00f3 en 2017 su exitoso restaurante italiano Bella M\u00eda, en Texas: esta es la historia del duro camino a un sue\u00f1o. Un desesperado d\u00eda de 2012, Juan Guarcas, migrante guatemalteco en EE.UU.desde 1997, le dijo a Dios: \u201cSi esta vida vale, si t\u00fa crees que","og:url":"https:\/\/soymigrante.com\/revista\/historia-migrante-juan-guarcas-quiche-chef-exitoso-restaurant-texas\/","og:image":"https:\/\/soymigrante.com\/revista\/wp-content\/uploads\/2024\/03\/juancho.webp","og:image:secure_url":"https:\/\/soymigrante.com\/revista\/wp-content\/uploads\/2024\/03\/juancho.webp","og:image:width":617,"og:image:height":546,"article:published_time":"2024-03-15T00:17:09+00:00","article:modified_time":"2024-07-30T17:36:40+00:00","article:publisher":"https:\/\/www.facebook.com\/soymigrantecom","twitter:card":"summary_large_image","twitter:site":"@SoyMigrante_com","twitter:title":"Migrante Juan Guarcas, de Joyabaj, es exitoso chef italiano en Texas","twitter:description":"El migrante guatemalteco Juan Guarcax, graduado de chef en EE.UU., fund\u00f3 en 2017 su exitoso restaurante italiano Bella M\u00eda, en Texas: esta es la historia del duro camino a un sue\u00f1o. Un desesperado d\u00eda de 2012, Juan Guarcas, migrante guatemalteco en EE.UU.desde 1997, le dijo a Dios: \u201cSi esta vida vale, si t\u00fa crees que","twitter:creator":"@SoyMigrante_com","twitter:image":"https:\/\/soymigrante.com\/revista\/wp-content\/uploads\/2024\/03\/juancho.webp"},"aioseo_meta_data":{"post_id":"5392","title":null,"description":null,"keywords":[],"keyphrases":{"focus":{"keyphrase":"Migrante","score":91,"analysis":{"keyphraseInTitle":{"score":9,"maxScore":9,"error":0},"keyphraseInDescription":{"score":9,"maxScore":9,"error":0},"keyphraseLength":{"score":9,"maxScore":9,"error":0,"length":1},"keyphraseInURL":{"score":5,"maxScore":5,"error":0},"keyphraseInIntroduction":{"score":9,"maxScore":9,"error":0},"keyphraseInSubHeadings":{"score":3,"maxScore":9,"error":1},"keyphraseInImageAlt":{"score":9,"maxScore":9,"error":0},"keywordDensity":{"type":"best","score":9,"maxScore":9,"error":0}}},"additional":[]},"primary_term":null,"canonical_url":null,"og_title":null,"og_description":null,"og_object_type":"default","og_image_type":"default","og_image_url":null,"og_image_width":null,"og_image_height":null,"og_image_custom_url":null,"og_image_custom_fields":null,"og_video":"","og_custom_url":null,"og_article_section":null,"og_article_tags":[],"twitter_use_og":false,"twitter_card":"default","twitter_image_type":"default","twitter_image_url":null,"twitter_image_custom_url":null,"twitter_image_custom_fields":null,"twitter_title":null,"twitter_description":null,"schema":{"blockGraphs":[],"customGraphs":[],"default":{"data":{"Article":[],"Course":[],"Dataset":[],"FAQPage":[],"Movie":[],"Person":[],"Product":[],"ProductReview":[],"Car":[],"Recipe":[],"Service":[],"SoftwareApplication":[],"WebPage":[]},"graphName":"BlogPosting","isEnabled":true},"graphs":[]},"schema_type":"default","schema_type_options":null,"pillar_content":false,"robots_default":true,"robots_noindex":false,"robots_noarchive":false,"robots_nosnippet":false,"robots_nofollow":false,"robots_noimageindex":false,"robots_noodp":false,"robots_notranslate":false,"robots_max_snippet":"-1","robots_max_videopreview":"-1","robots_max_imagepreview":"large","priority":null,"frequency":"default","local_seo":null,"seo_analyzer_scan_date":"2025-10-08 21:24:33","breadcrumb_settings":null,"limit_modified_date":false,"reviewed_by":null,"open_ai":null,"ai":null,"created":"2024-03-14 19:18:25","updated":"2026-02-04 11:00:58"},"aioseo_breadcrumb":"<div class=\"aioseo-breadcrumbs\"><span class=\"aioseo-breadcrumb\">\n\t<a href=\"https:\/\/soymigrante.com\/revista\" title=\"Home\">Home<\/a>\n<\/span><span class=\"aioseo-breadcrumb-separator\">\u00bb<\/span><span class=\"aioseo-breadcrumb\">\n\t<a href=\"https:\/\/soymigrante.com\/revista\/category\/exitos\/\" title=\"\u00c9xitos\">\u00c9xitos<\/a>\n<\/span><span class=\"aioseo-breadcrumb-separator\">\u00bb<\/span><span class=\"aioseo-breadcrumb\">\n\tMigrante Juan Guarcas, de Joyabaj, es exitoso chef italiano en Texas\n<\/span><\/div>","aioseo_breadcrumb_json":[{"label":"Home","link":"https:\/\/soymigrante.com\/revista"},{"label":"\u00c9xitos","link":"https:\/\/soymigrante.com\/revista\/category\/exitos\/"},{"label":"Migrante Juan Guarcas, de Joyabaj, es exitoso chef italiano en Texas","link":"https:\/\/soymigrante.com\/revista\/historia-migrante-juan-guarcas-quiche-chef-exitoso-restaurant-texas\/"}],"_links":{"self":[{"href":"https:\/\/soymigrante.com\/revista\/wp-json\/wp\/v2\/posts\/5392","targetHints":{"allow":["GET"]}}],"collection":[{"href":"https:\/\/soymigrante.com\/revista\/wp-json\/wp\/v2\/posts"}],"about":[{"href":"https:\/\/soymigrante.com\/revista\/wp-json\/wp\/v2\/types\/post"}],"author":[{"embeddable":true,"href":"https:\/\/soymigrante.com\/revista\/wp-json\/wp\/v2\/users\/7"}],"replies":[{"embeddable":true,"href":"https:\/\/soymigrante.com\/revista\/wp-json\/wp\/v2\/comments?post=5392"}],"version-history":[{"count":0,"href":"https:\/\/soymigrante.com\/revista\/wp-json\/wp\/v2\/posts\/5392\/revisions"}],"wp:featuredmedia":[{"embeddable":true,"href":"https:\/\/soymigrante.com\/revista\/wp-json\/wp\/v2\/media\/5395"}],"wp:attachment":[{"href":"https:\/\/soymigrante.com\/revista\/wp-json\/wp\/v2\/media?parent=5392"}],"wp:term":[{"taxonomy":"category","embeddable":true,"href":"https:\/\/soymigrante.com\/revista\/wp-json\/wp\/v2\/categories?post=5392"},{"taxonomy":"post_tag","embeddable":true,"href":"https:\/\/soymigrante.com\/revista\/wp-json\/wp\/v2\/tags?post=5392"}],"curies":[{"name":"wp","href":"https:\/\/api.w.org\/{rel}","templated":true}]}}