{"id":53727,"date":"2026-03-16T10:52:25","date_gmt":"2026-03-16T16:52:25","guid":{"rendered":"https:\/\/soymigrante.com\/revista\/?p=53727"},"modified":"2026-03-16T10:56:46","modified_gmt":"2026-03-16T16:56:46","slug":"pelea-lester-martinez-boxeador-guatemalteco-entrenador-esau-dieguez-2026-las-vegas-campeonato-pelea","status":"publish","type":"post","link":"https:\/\/soymigrante.com\/revista\/pelea-lester-martinez-boxeador-guatemalteco-entrenador-esau-dieguez-2026-las-vegas-campeonato-pelea\/","title":{"rendered":"\u00a1Lester Mart\u00ednez est\u00e1 listo para ganar! expresa Esa\u00fa Di\u00e9guez, entrenador migrante guatemalteco. Pelea 21 de marzo."},"content":{"rendered":"\t\t<div data-elementor-type=\"wp-post\" data-elementor-id=\"53727\" class=\"elementor elementor-53727\" data-elementor-post-type=\"post\">\n\t\t\t\t<div data-particle_enable=\"false\" data-particle-mobile-disabled=\"false\" class=\"elementor-element elementor-element-672adb8 e-flex e-con-boxed e-con e-parent\" data-id=\"672adb8\" data-element_type=\"container\" data-e-type=\"container\">\n\t\t\t\t\t<div class=\"e-con-inner\">\n\t\t\t\t<div class=\"elementor-element elementor-element-1f4368f elementor-widget elementor-widget-heading\" data-id=\"1f4368f\" data-element_type=\"widget\" data-e-type=\"widget\" data-widget_type=\"heading.default\">\n\t\t\t\t\t<h3 class=\"elementor-heading-title elementor-size-default\">Justo el d\u00eda del aniversario de la Rep\u00fablica de Guatemala pelea el boxeador guatemalteco Lester Mart\u00ednez por el campeonato interino supermediano. Entren\u00f3 con el experto compatriota Esa\u00fa Di\u00e9guez, quien cuenta c\u00f3mo cierra su preparaci\u00f3n.<\/h3>\t\t\t\t<\/div>\n\t\t\t\t\t<\/div>\n\t\t\t\t<\/div>\n\t\t<div data-particle_enable=\"false\" data-particle-mobile-disabled=\"false\" class=\"elementor-element elementor-element-6c01afd e-flex e-con-boxed e-con e-parent\" data-id=\"6c01afd\" data-element_type=\"container\" data-e-type=\"container\">\n\t\t\t\t\t<div class=\"e-con-inner\">\n\t\t\t\t<div class=\"elementor-element elementor-element-013a642 elementor-widget elementor-widget-text-editor\" data-id=\"013a642\" data-element_type=\"widget\" data-e-type=\"widget\" data-widget_type=\"text-editor.default\">\n\t\t\t\t\t\t\t\t\t<p><span style=\"color: #7a7a7a;\">\u201cLester est\u00e1 listo y preparado para 12 rounds. No vamos necesariamente buscando que la pelea llegue a la distancia, pero si se alarga, Lester est\u00e1 listo f\u00edsica, mentalmente y en estrategia\u201d, afirma el entrenador guatemalteco\u00a0<\/span><a href=\"https:\/\/soymigrante.com\/revista\/esau-dieguez-entrenador-boxeo-guatemalteco-omaha-nebraska-historia-sueno-lester\/\" target=\"_blank\" rel=\"noopener\">Esa\u00fa Di\u00e9guez\u00a0<\/a>, responsable de la exigente preparaci\u00f3n f\u00edsica del boxeador\u00a0<a href=\"https:\/\/en.wikipedia.org\/wiki\/Lester_Martinez\" target=\"_blank\" rel=\"noopener\">Lester Mart\u00ednez<\/a>, quien este 21 de marzo disputar\u00e1 en California el t\u00edtulo mundial interino supermediano del\u00a0<a href=\"https:\/\/en.wikipedia.org\/wiki\/World_Boxing_Council\" target=\"_blank\" rel=\"noopener\">Consejo Mundial de Boxeo<\/a> (CMB).<\/p><p>La pelea representa uno de los momentos m\u00e1s importantes en la carrera del invicto guatemalteco, que actualmente est\u00e1 en el n\u00famero 2 del r\u00e1nking mundial del CMB. &#8220;Cuando gane la pelea estar\u00e1 un paso de disputar el campeonato absoluto de la categor\u00eda&#8221;, dice Di\u00e9guez.<\/p><p>La fecha de la pelea <a href=\"https:\/\/soymigrante.com\/revista\/es-el-21-de-marzo-el-cumpleanos-de-la-republica-de-guatemala\/\">es emblem\u00e1tica pues el 21 de marzo se conmemora la Fundaci\u00f3n de la Rep\u00fablica de Guatemala (1847)<\/a>, por lo que tendr\u00e1 un aliciente m\u00e1s para la victoria que llenar\u00e1 de orgullo y alegr\u00eda a todos los compatriotas, dentro y fuera del pa\u00eds.<\/p>\t\t\t\t\t\t\t\t<\/div>\n\t\t\t\t\t<\/div>\n\t\t\t\t<\/div>\n\t\t<div data-particle_enable=\"false\" data-particle-mobile-disabled=\"false\" class=\"elementor-element elementor-element-03b8aca e-flex e-con-boxed e-con e-parent\" data-id=\"03b8aca\" data-element_type=\"container\" data-e-type=\"container\">\n\t\t\t\t\t<div class=\"e-con-inner\">\n\t\t\t\t<div class=\"elementor-element elementor-element-a1c082d elementor-widget elementor-widget-image\" data-id=\"a1c082d\" data-element_type=\"widget\" data-e-type=\"widget\" data-widget_type=\"image.default\">\n\t\t\t\t\t\t\t\t\t\t\t\t<figure class=\"wp-caption\">\n\t\t\t\t\t\t\t\t\t\t<img fetchpriority=\"high\" decoding=\"async\" width=\"779\" height=\"1024\" src=\"https:\/\/soymigrante.com\/revista\/wp-content\/uploads\/2026\/03\/guatemaltecos-lester-martinez-boxeador-con-entrenador-guatemalteco-esau-dieguez-las-vegas-2026-2-779x1024.jpg\" class=\"attachment-large size-large wp-image-53732\" alt=\"En una zona monta\u00f1osa a una hora del centro de Las Vegas, Nevada, se efectuaron algunos de los acondicionamientos f\u00edsicos del boxeador guatemalteco Lester Mart\u00ednez, junto a otros peleadores dirigidos por Esa\u00fa Di\u00e9guez, que tambi\u00e9n combatir\u00e1n el 21 de marzo en California. (Foto cortes\u00eda Esa\u00fa Di\u00e9guez)\" srcset=\"https:\/\/soymigrante.com\/revista\/wp-content\/uploads\/2026\/03\/guatemaltecos-lester-martinez-boxeador-con-entrenador-guatemalteco-esau-dieguez-las-vegas-2026-2-779x1024.jpg 779w, https:\/\/soymigrante.com\/revista\/wp-content\/uploads\/2026\/03\/guatemaltecos-lester-martinez-boxeador-con-entrenador-guatemalteco-esau-dieguez-las-vegas-2026-2-228x300.jpg 228w, https:\/\/soymigrante.com\/revista\/wp-content\/uploads\/2026\/03\/guatemaltecos-lester-martinez-boxeador-con-entrenador-guatemalteco-esau-dieguez-las-vegas-2026-2-768x1010.jpg 768w, https:\/\/soymigrante.com\/revista\/wp-content\/uploads\/2026\/03\/guatemaltecos-lester-martinez-boxeador-con-entrenador-guatemalteco-esau-dieguez-las-vegas-2026-2-1169x1536.jpg 1169w, https:\/\/soymigrante.com\/revista\/wp-content\/uploads\/2026\/03\/guatemaltecos-lester-martinez-boxeador-con-entrenador-guatemalteco-esau-dieguez-las-vegas-2026-2-750x986.jpg 750w, https:\/\/soymigrante.com\/revista\/wp-content\/uploads\/2026\/03\/guatemaltecos-lester-martinez-boxeador-con-entrenador-guatemalteco-esau-dieguez-las-vegas-2026-2-1140x1499.jpg 1140w, https:\/\/soymigrante.com\/revista\/wp-content\/uploads\/2026\/03\/guatemaltecos-lester-martinez-boxeador-con-entrenador-guatemalteco-esau-dieguez-las-vegas-2026-2.jpg 1558w\" sizes=\"(max-width: 779px) 100vw, 779px\" title=\"En una zona monta\u00f1osa a una hora del centro de Las Vegas, Nevada, se efectuaron algunos de los acondicionamientos f\u00edsicos del boxeador guatemalteco Lester Mart\u00ednez, junto a otros peleadores dirigidos por Esa\u00fa Di\u00e9guez, que tambi\u00e9n combatir\u00e1n el 21 de marzo en California. (Foto cortes\u00eda Esa\u00fa Di\u00e9guez) \u2013 SoyMigrante.com REVISTA\" \/>\t\t\t\t\t\t\t\t\t\t\t<figcaption class=\"widget-image-caption wp-caption-text\">En una zona monta\u00f1osa a una hora del centro de Las Vegas, Nevada, se efectuaron algunos de los acondicionamientos f\u00edsicos del boxeador guatemalteco Lester Mart\u00ednez, junto a otros peleadores dirigidos por Esa\u00fa Di\u00e9guez, que tambi\u00e9n combatir\u00e1n el 21 de marzo en California. (Foto cortes\u00eda Esa\u00fa Di\u00e9guez)<\/figcaption>\n\t\t\t\t\t\t\t\t\t\t<\/figure>\n\t\t\t\t\t\t\t\t\t<\/div>\n\t\t\t\t\t<\/div>\n\t\t\t\t<\/div>\n\t\t<div data-particle_enable=\"false\" data-particle-mobile-disabled=\"false\" class=\"elementor-element elementor-element-2cea540 e-flex e-con-boxed e-con e-parent\" data-id=\"2cea540\" data-element_type=\"container\" data-e-type=\"container\">\n\t\t\t\t\t<div class=\"e-con-inner\">\n\t\t\t\t<div class=\"elementor-element elementor-element-5748716 elementor-widget elementor-widget-text-editor\" data-id=\"5748716\" data-element_type=\"widget\" data-e-type=\"widget\" data-widget_type=\"text-editor.default\">\n\t\t\t\t\t\t\t\t\t<p>El campamento se realiz\u00f3 en las monta\u00f1as cercanas a\u00a0\u00a0<a href=\"https:\/\/en.wikipedia.org\/wiki\/Mount_Charleston,_Nevada\" target=\"_blank\" rel=\"noopener\">Mount Charleston<\/a>, a unos 50 minutos de\u00a0<a href=\"https:\/\/en.wikipedia.org\/wiki\/Las_Vegas\" target=\"_blank\" rel=\"noopener\">Las Vegas<\/a>. Seg\u00fan explica\u00a0<a href=\"https:\/\/soymigrante.com\/revista\/esau-dieguez-entrenador-boxeo-guatemalteco-omaha-nebraska-historia-sueno-lester\/\" target=\"_blank\" rel=\"noopener\">Esa\u00fa Di\u00e9guez<\/a>, el objetivo fue aprovechar el entrenamiento en altura.<\/p><p>\u201cEn estas monta\u00f1as el ox\u00edgeno es m\u00e1s escaso, entonces el cuerpo trabaja el doble. Cuando bajemos al nivel del mar, la mejora en la condici\u00f3n se siente\u201d, explica\u00a0<a href=\"https:\/\/soymigrante.com\/revista\/esau-dieguez-entrenador-boxeo-guatemalteco-omaha-nebraska-historia-sueno-lester\/\" target=\"_blank\" rel=\"noopener\">e<\/a>l guatemalteco, quien radica en Omaha, Nebraska, donde tiene su gimnasio.<\/p><p>El entrenador \u2014quien tambi\u00e9n ha trabajado con figuras del boxeo mundial como el campe\u00f3n estadounidense\u00a0<a href=\"https:\/\/en.wikipedia.org\/wiki\/Terence_Crawford\" target=\"_blank\" rel=\"noopener\">Terrence Crawford<\/a>, recordado por su victoria ante el mexicano\u00a0<a href=\"https:\/\/en.wikipedia.org\/wiki\/Canelo_%C3%81lvarez\" target=\"_blank\" rel=\"noopener\">Sa\u00fal \u201cCanelo\u201d \u00c1lvarez<\/a>\u2014 explica que el plan de preparaci\u00f3n fue dise\u00f1ado para una pelea explosiva, de alto desgaste.\u00a0<\/p><p>\u201cEntrenamos fuerte pensando en los 12 rounds. Si llega el momento del Knock Out, Lester tiene la condici\u00f3n para aprovecharlo\u201d, se\u00f1ala el entrenador.<\/p>\t\t\t\t\t\t\t\t<\/div>\n\t\t\t\t\t<\/div>\n\t\t\t\t<\/div>\n\t\t<div data-particle_enable=\"false\" data-particle-mobile-disabled=\"false\" class=\"elementor-element elementor-element-0ef9c1b e-flex e-con-boxed e-con e-parent\" data-id=\"0ef9c1b\" data-element_type=\"container\" data-e-type=\"container\">\n\t\t\t\t\t<div class=\"e-con-inner\">\n\t\t\t\t<div class=\"elementor-element elementor-element-152f03e elementor-widget elementor-widget-image\" data-id=\"152f03e\" data-element_type=\"widget\" data-e-type=\"widget\" data-widget_type=\"image.default\">\n\t\t\t\t\t\t\t\t\t\t\t\t<figure class=\"wp-caption\">\n\t\t\t\t\t\t\t\t\t\t<img decoding=\"async\" width=\"768\" height=\"1024\" src=\"https:\/\/soymigrante.com\/revista\/wp-content\/uploads\/2026\/03\/guatemaltecos-lester-martinez-boxeador-con-entrenador-guatemalteco-esau-dieguez-las-vegas-2026-1-768x1024.jpg\" class=\"attachment-large size-large wp-image-53733\" alt=\"La cita del 21 de marzo es la pelea hist\u00f3ricamente m\u00e1s importante del guatemalteco Lester Mart\u00ednez y del pugilismo chap\u00edn en general. &quot;Lester est\u00e1 listo para ganar&quot;, expresa el preparador f\u00edsico migrante guatemalteco Esa\u00fa Di\u00e9guez, radicado en Omaha, Nebraska. (Foto redes sociales Lester Mart\u00ednez)\" srcset=\"https:\/\/soymigrante.com\/revista\/wp-content\/uploads\/2026\/03\/guatemaltecos-lester-martinez-boxeador-con-entrenador-guatemalteco-esau-dieguez-las-vegas-2026-1-768x1024.jpg 768w, https:\/\/soymigrante.com\/revista\/wp-content\/uploads\/2026\/03\/guatemaltecos-lester-martinez-boxeador-con-entrenador-guatemalteco-esau-dieguez-las-vegas-2026-1-225x300.jpg 225w, https:\/\/soymigrante.com\/revista\/wp-content\/uploads\/2026\/03\/guatemaltecos-lester-martinez-boxeador-con-entrenador-guatemalteco-esau-dieguez-las-vegas-2026-1-1152x1536.jpg 1152w, https:\/\/soymigrante.com\/revista\/wp-content\/uploads\/2026\/03\/guatemaltecos-lester-martinez-boxeador-con-entrenador-guatemalteco-esau-dieguez-las-vegas-2026-1-750x1000.jpg 750w, https:\/\/soymigrante.com\/revista\/wp-content\/uploads\/2026\/03\/guatemaltecos-lester-martinez-boxeador-con-entrenador-guatemalteco-esau-dieguez-las-vegas-2026-1-1140x1520.jpg 1140w, https:\/\/soymigrante.com\/revista\/wp-content\/uploads\/2026\/03\/guatemaltecos-lester-martinez-boxeador-con-entrenador-guatemalteco-esau-dieguez-las-vegas-2026-1.jpg 1440w\" sizes=\"(max-width: 768px) 100vw, 768px\" title=\"La cita del 21 de marzo es la pelea hist\u00f3ricamente m\u00e1s importante del guatemalteco Lester Mart\u00ednez y del pugilismo chap\u00edn en general. &quot;Lester est\u00e1 listo para ganar&quot;, expresa el preparador f\u00edsico migrante guatemalteco Esa\u00fa Di\u00e9guez, radicado en Omaha, Nebraska. (Foto redes sociales Lester Mart\u00ednez) \u2013 SoyMigrante.com REVISTA\" \/>\t\t\t\t\t\t\t\t\t\t\t<figcaption class=\"widget-image-caption wp-caption-text\">La cita del 21 de marzo es la pelea hist\u00f3ricamente m\u00e1s importante del guatemalteco Lester Mart\u00ednez y del pugilismo chap\u00edn en general. \"Lester est\u00e1 listo para ganar\", expresa el preparador f\u00edsico migrante guatemalteco Esa\u00fa Di\u00e9guez, radicado en Omaha, Nebraska. (Foto redes sociales Lester Mart\u00ednez)<\/figcaption>\n\t\t\t\t\t\t\t\t\t\t<\/figure>\n\t\t\t\t\t\t\t\t\t<\/div>\n\t\t\t\t\t<\/div>\n\t\t\t\t<\/div>\n\t\t<div data-particle_enable=\"false\" data-particle-mobile-disabled=\"false\" class=\"elementor-element elementor-element-fdc4dd0 e-flex e-con-boxed e-con e-parent\" data-id=\"fdc4dd0\" data-element_type=\"container\" data-e-type=\"container\">\n\t\t\t\t\t<div class=\"e-con-inner\">\n\t\t\t\t<div class=\"elementor-element elementor-element-f46f2c5 elementor-widget elementor-widget-text-editor\" data-id=\"f46f2c5\" data-element_type=\"widget\" data-e-type=\"widget\" data-widget_type=\"text-editor.default\">\n\t\t\t\t\t\t\t\t\t<p>&#8220;La preparaci\u00f3n incluy\u00f3 carreras de larga distancia tres o cuatro veces por semana, sesiones de velocidad con intervalos de 50, 100, 200 y hasta 400 pies, adem\u00e1s de ejercicios fuerza y de nataci\u00f3n en los que el boxeador trabaja el control de la respiraci\u00f3n&#8221;, detall\u00f3.<\/p><p>El objetivo, explica\u00a0<a href=\"https:\/\/soymigrante.com\/revista\/esau-dieguez-entrenador-boxeo-guatemalteco-omaha-nebraska-historia-sueno-lester\/\" target=\"_blank\" rel=\"noopener\">Esa\u00fa<\/a>, es entrenar al cuerpo y la mente para responder incluso cuando aparece el agotamiento. \u201cHay momentos en que el cuerpo ya no quiere dar m\u00e1s, pero ah\u00ed es donde m\u00e1s preparamos la mentalidad. El cansancio es normal, pero se supera con mente s\u00f3lida&#8221;, afirma.<\/p><p>Por supuesto tambi\u00e9n hay fuertes sesiones de sparring. &#8220;Hemos analizado al oponente. El an\u00e1lisis del rival es fundamental. El equipo estudia los golpes m\u00e1s efectivos del oponente y recrea situaciones similares durante las sesiones de sparring con boxeadores que imitan su estilo, aunque sin descartar sorpresas o estrategias alternas&#8221; a\u00f1ade Di\u00e9guez.<\/p><p>El campamento completo se extendi\u00f3 entre seis y ocho semanas, con control constante del peso y el acompa\u00f1amiento de nutricionistas. En los \u00faltimos d\u00edas antes de la pelea, la intensidad del entrenamiento disminuye para permitir que el cuerpo llegue fresco al combate.<\/p>\t\t\t\t\t\t\t\t<\/div>\n\t\t\t\t\t<\/div>\n\t\t\t\t<\/div>\n\t\t<div data-particle_enable=\"false\" data-particle-mobile-disabled=\"false\" class=\"elementor-element elementor-element-84f3938 e-flex e-con-boxed e-con e-parent\" data-id=\"84f3938\" data-element_type=\"container\" data-e-type=\"container\">\n\t\t\t\t\t<div class=\"e-con-inner\">\n\t\t\t\t<div class=\"elementor-element elementor-element-6655d9a elementor-widget elementor-widget-image\" data-id=\"6655d9a\" data-element_type=\"widget\" data-e-type=\"widget\" data-widget_type=\"image.default\">\n\t\t\t\t\t\t\t\t\t\t\t\t<figure class=\"wp-caption\">\n\t\t\t\t\t\t\t\t\t\t<img decoding=\"async\" width=\"1140\" height=\"641\" src=\"https:\/\/soymigrante.com\/revista\/wp-content\/uploads\/2026\/03\/lester-poster-1140x641.png\" class=\"attachment-large size-large wp-image-53734\" alt=\"La pelea de Lester Mart\u00ednez contra Immanuwel Aleem ser\u00e1 en San Bernardino California, el 21 de marzo pr\u00f3ximo, por el t\u00edtulo interino supermediano del Consejo Mundial de Boxeo. Al ganar, estar\u00e1 en la primera l\u00ednea para disputar el cetro.\" srcset=\"https:\/\/soymigrante.com\/revista\/wp-content\/uploads\/2026\/03\/lester-poster-1140x641.png 1140w, https:\/\/soymigrante.com\/revista\/wp-content\/uploads\/2026\/03\/lester-poster-300x169.png 300w, https:\/\/soymigrante.com\/revista\/wp-content\/uploads\/2026\/03\/lester-poster-768x432.png 768w, https:\/\/soymigrante.com\/revista\/wp-content\/uploads\/2026\/03\/lester-poster-750x422.png 750w, https:\/\/soymigrante.com\/revista\/wp-content\/uploads\/2026\/03\/lester-poster.png 1200w\" sizes=\"(max-width: 1140px) 100vw, 1140px\" title=\"La pelea de Lester Mart\u00ednez contra Immanuwel Aleem ser\u00e1 en San Bernardino California, el 21 de marzo pr\u00f3ximo, por el t\u00edtulo interino supermediano del Consejo Mundial de Boxeo. Al ganar, estar\u00e1 en la primera l\u00ednea para disputar el cetro. \u2013 SoyMigrante.com REVISTA\" \/>\t\t\t\t\t\t\t\t\t\t\t<figcaption class=\"widget-image-caption wp-caption-text\">La pelea de Lester Mart\u00ednez contra Immanuwel Aleem ser\u00e1 en San Bernardino California, el 21 de marzo pr\u00f3ximo, por el t\u00edtulo interino supermediano del Consejo Mundial de Boxeo. Al ganar, estar\u00e1 en la primera l\u00ednea para disputar el cetro.<\/figcaption>\n\t\t\t\t\t\t\t\t\t\t<\/figure>\n\t\t\t\t\t\t\t\t\t<\/div>\n\t\t\t\t\t<\/div>\n\t\t\t\t<\/div>\n\t\t<div data-particle_enable=\"false\" data-particle-mobile-disabled=\"false\" class=\"elementor-element elementor-element-181e1ce e-flex e-con-boxed e-con e-parent\" data-id=\"181e1ce\" data-element_type=\"container\" data-e-type=\"container\">\n\t\t\t\t\t<div class=\"e-con-inner\">\n\t\t\t\t<div class=\"elementor-element elementor-element-6dea956 elementor-widget elementor-widget-text-editor\" data-id=\"6dea956\" data-element_type=\"widget\" data-e-type=\"widget\" data-widget_type=\"text-editor.default\">\n\t\t\t\t\t\t\t\t\t<p>El momento del pesaje sigue siendo una de las pruebas m\u00e1s exigentes. \u201cLlegar con el peso perfecto siempre es una batalla. Si lo logras bien, es como tener la mitad de la pelea ganada\u201d, dice\u00a0<a href=\"https:\/\/soymigrante.com\/revista\/esau-dieguez-entrenador-boxeo-guatemalteco-omaha-nebraska-historia-sueno-lester\/\" target=\"_blank\" rel=\"noopener\">Esa\u00fa<\/a>.<\/p><p>El cintur\u00f3n en disputa es el t\u00edtulo interino supermediano del<br \/><a href=\"https:\/\/en.wikipedia.org\/wiki\/World_Boxing_Council\" target=\"_blank\" rel=\"noopener\">Consejo Mundial de Boxeo<\/a>. Si\u00a0<a href=\"https:\/\/en.wikipedia.org\/wiki\/Lester_Martinez\" target=\"_blank\" rel=\"noopener\">Lester Mart\u00ednez<\/a> logra la victoria, quedar\u00eda en la antesala de disputar el campeonato absoluto de la categor\u00eda, actualmente en manos del franc\u00e9s\u00a0<a href=\"https:\/\/en.wikipedia.org\/wiki\/Christian_Mbilli\" target=\"_blank\" rel=\"noopener\">Christian Mbilli<\/a>, dependiendo de los planes del organismo para unificar el t\u00edtulo.<\/p><p>Para\u00a0<a href=\"https:\/\/soymigrante.com\/revista\/esau-dieguez-entrenador-boxeo-guatemalteco-omaha-nebraska-historia-sueno-lester\/\" target=\"_blank\" rel=\"noopener\">Esa\u00fa Di\u00e9guez\u00a0<\/a>, el reto no solo es deportivo, sino tambi\u00e9n hist\u00f3rico para Guatemala: \u201cEsta pelea en s\u00ed ya es un triunfo y ojal\u00e1 que pronto podamos ver a otro chap\u00edn campe\u00f3n del mundo\u201d. En las peleas del 21 de marzo tambi\u00e9n habr\u00e1 otros peleadores, en los encuentros preliminares, preparados por Esa\u00fa Di\u00e9guez.<\/p>\t\t\t\t\t\t\t\t<\/div>\n\t\t\t\t\t<\/div>\n\t\t\t\t<\/div>\n\t\t<div data-particle_enable=\"false\" data-particle-mobile-disabled=\"false\" class=\"elementor-element elementor-element-8301a3c e-flex e-con-boxed e-con e-parent\" data-id=\"8301a3c\" data-element_type=\"container\" data-e-type=\"container\">\n\t\t\t\t\t<div class=\"e-con-inner\">\n\t\t\t\t<div class=\"elementor-element elementor-element-cd38cab elementor-grid-eael-col-1 elementor-grid-tablet-eael-col-2 elementor-grid-mobile-eael-col-1 elementor-widget elementor-widget-eael-post-grid\" data-id=\"cd38cab\" data-element_type=\"widget\" data-e-type=\"widget\" data-settings=\"{&quot;eael_post_grid_columns&quot;:&quot;eael-col-1&quot;,&quot;eael_post_grid_columns_tablet&quot;:&quot;eael-col-2&quot;,&quot;eael_post_grid_columns_mobile&quot;:&quot;eael-col-1&quot;}\" data-widget_type=\"eael-post-grid.default\">\n\t\t\t\t\t<div id=\"eael-post-grid-cd38cab\" class=\"eael-post-grid-container\">\n            <div class=\"eael-post-grid eael-post-appender eael-post-appender-cd38cab eael-post-grid-style-one\" data-layout-mode=\"masonry\"><article class=\"eael-grid-post  eael-post-grid-column eael-pg-post-53068 category-estamos-unidos\" data-id=\"53068\">\n        <div class=\"eael-grid-post-holder\">\n            <div class=\"eael-grid-post-holder-inner\"><div class=\"eael-entry-media\"><div class=\"eael-entry-overlay fade-in\"><i class=\"far fa-hand-pointer\" aria-hidden=\"true\"><\/i><a href=\"https:\/\/soymigrante.com\/revista\/boxeador-guatemalteco-lester-martinez-entrena-bajo-la-guia-del-compatriota-esau-dieguez-para-pelea-del-21-de-marzo\/\"><\/a><\/div><div class=\"eael-entry-thumbnail eael-image-ratio\">\n                <img loading=\"lazy\" decoding=\"async\" width=\"1024\" height=\"1024\" src=\"https:\/\/soymigrante.com\/revista\/wp-content\/uploads\/2026\/03\/lester-martinez-entrenamiento-con-esau-dieguez-migrante-usa-1024x1024.jpg\" class=\"attachment-large size-large wp-image-53069\" alt=\"lester martinez entrenamiento con esau dieguez migrante usa\" srcset=\"https:\/\/soymigrante.com\/revista\/wp-content\/uploads\/2026\/03\/lester-martinez-entrenamiento-con-esau-dieguez-migrante-usa-1024x1024.jpg 1024w, https:\/\/soymigrante.com\/revista\/wp-content\/uploads\/2026\/03\/lester-martinez-entrenamiento-con-esau-dieguez-migrante-usa-300x300.jpg 300w, https:\/\/soymigrante.com\/revista\/wp-content\/uploads\/2026\/03\/lester-martinez-entrenamiento-con-esau-dieguez-migrante-usa-150x150.jpg 150w, https:\/\/soymigrante.com\/revista\/wp-content\/uploads\/2026\/03\/lester-martinez-entrenamiento-con-esau-dieguez-migrante-usa-768x768.jpg 768w, https:\/\/soymigrante.com\/revista\/wp-content\/uploads\/2026\/03\/lester-martinez-entrenamiento-con-esau-dieguez-migrante-usa-75x75.jpg 75w, https:\/\/soymigrante.com\/revista\/wp-content\/uploads\/2026\/03\/lester-martinez-entrenamiento-con-esau-dieguez-migrante-usa-750x750.jpg 750w, https:\/\/soymigrante.com\/revista\/wp-content\/uploads\/2026\/03\/lester-martinez-entrenamiento-con-esau-dieguez-migrante-usa-1140x1140.jpg 1140w, https:\/\/soymigrante.com\/revista\/wp-content\/uploads\/2026\/03\/lester-martinez-entrenamiento-con-esau-dieguez-migrante-usa.jpg 1408w\" sizes=\"(max-width: 1024px) 100vw, 1024px\" \/>\n            <\/div>\n        <\/div><div class=\"eael-entry-wrapper\"><header class=\"eael-entry-header\"><h2 class=\"eael-entry-title\"><a class=\"eael-grid-post-link\" href=\"https:\/\/soymigrante.com\/revista\/boxeador-guatemalteco-lester-martinez-entrena-bajo-la-guia-del-compatriota-esau-dieguez-para-pelea-del-21-de-marzo\/\" title=\"Boxeador guatemalteco Lester Mart\u00ednez entrena en USA con el compatriota Esa\u00fa Di\u00e9guez para triunfar el 21 de marzo\">Boxeador guatemalteco Lester Mart\u00ednez entrena en USA con el compatriota Esa\u00fa Di\u00e9guez para triunfar el 21 de marzo<\/a><\/h2><\/header><div class=\"eael-entry-content\">\n                        <div class=\"eael-grid-post-excerpt\"><a href=\"https:\/\/soymigrante.com\/revista\/boxeador-guatemalteco-lester-martinez-entrena-bajo-la-guia-del-compatriota-esau-dieguez-para-pelea-del-21-de-marzo\/\" class=\"eael-post-elements-readmore-btn\">CONOCE SU HISTORIA <\/a><\/div>\n                    <\/div><\/div><\/div>\n        <\/div>\n    <\/article><\/div>\n            <div class=\"clearfix\"><\/div>\n        <\/div>\t\t\t\t<\/div>\n\t\t\t\t\t<\/div>\n\t\t\t\t<\/div>\n\t\t<div data-particle_enable=\"false\" data-particle-mobile-disabled=\"false\" class=\"elementor-element elementor-element-1707001 e-flex e-con-boxed e-con e-parent\" data-id=\"1707001\" data-element_type=\"container\" data-e-type=\"container\">\n\t\t\t\t\t<div class=\"e-con-inner\">\n\t\t\t\t<div class=\"elementor-element elementor-element-7bdf63a elementor-widget elementor-widget-global elementor-global-52097 elementor-widget-heading\" data-id=\"7bdf63a\" data-element_type=\"widget\" data-e-type=\"widget\" data-widget_type=\"heading.default\">\n\t\t\t\t\t<h2 class=\"elementor-heading-title elementor-size-default\">Quiz\u00e1 tambi\u00e9n te podr\u00eda interesar<\/h2>\t\t\t\t<\/div>\n\t\t\t\t\t<\/div>\n\t\t\t\t<\/div>\n\t\t<div data-particle_enable=\"false\" data-particle-mobile-disabled=\"false\" class=\"elementor-element elementor-element-62981f1 e-flex e-con-boxed e-con e-parent\" data-id=\"62981f1\" data-element_type=\"container\" data-e-type=\"container\">\n\t\t\t\t\t<div class=\"e-con-inner\">\n\t\t\t\t<div class=\"elementor-element elementor-element-cd970f5 elementor-grid-eael-col-3 elementor-grid-tablet-eael-col-2 elementor-grid-mobile-eael-col-1 elementor-widget elementor-widget-eael-post-grid\" data-id=\"cd970f5\" data-element_type=\"widget\" data-e-type=\"widget\" data-settings=\"{&quot;eael_post_grid_columns&quot;:&quot;eael-col-3&quot;,&quot;eael_post_grid_columns_tablet&quot;:&quot;eael-col-2&quot;,&quot;eael_post_grid_columns_mobile&quot;:&quot;eael-col-1&quot;}\" data-widget_type=\"eael-post-grid.default\">\n\t\t\t\t\t<div id=\"eael-post-grid-cd970f5\" class=\"eael-post-grid-container\">\n            <div class=\"eael-post-grid eael-post-appender eael-post-appender-cd970f5 eael-post-grid-style-one\" data-layout-mode=\"masonry\"><article class=\"eael-grid-post  eael-post-grid-column eael-pg-post-28778 category-guate-nuestra\" data-id=\"28778\">\n        <div class=\"eael-grid-post-holder\">\n            <div class=\"eael-grid-post-holder-inner\"><div class=\"eael-entry-media\"><div class=\"eael-entry-overlay fade-in\"><i class=\"far fa-hand-pointer\" aria-hidden=\"true\"><\/i><a href=\"https:\/\/soymigrante.com\/revista\/es-el-21-de-marzo-el-cumpleanos-de-la-republica-de-guatemala\/\"><\/a><\/div><div class=\"eael-entry-thumbnail eael-image-ratio\">\n                <img loading=\"lazy\" decoding=\"async\" width=\"1024\" height=\"542\" src=\"https:\/\/soymigrante.com\/revista\/wp-content\/uploads\/2024\/09\/bandera-guatemala-copia-1024x542.webp\" class=\"attachment-large size-large wp-image-8650\" alt=\"Bandera de Guatemala ondeada por persona en paisaje al atardecer, s\u00edmbolo cultural y de identidad.\" \/>\n            <\/div>\n        <\/div><div class=\"eael-entry-wrapper\"><header class=\"eael-entry-header\"><h2 class=\"eael-entry-title\"><a class=\"eael-grid-post-link\" href=\"https:\/\/soymigrante.com\/revista\/es-el-21-de-marzo-el-cumpleanos-de-la-republica-de-guatemala\/\" title=\"\u00bfPor qu\u00e9 el 21 de marzo es el cumplea\u00f1os de la Rep\u00fablica de Guatemala?\">\u00bfPor qu\u00e9 el 21 de marzo es el cumplea\u00f1os de la Rep\u00fablica de Guatemala?<\/a><\/h2><\/header><div class=\"eael-entry-content\">\n                        <div class=\"eael-grid-post-excerpt\"><a href=\"https:\/\/soymigrante.com\/revista\/es-el-21-de-marzo-el-cumpleanos-de-la-republica-de-guatemala\/\" class=\"eael-post-elements-readmore-btn\">CONOCE SU HISTORIA <\/a><\/div>\n                    <\/div><\/div><\/div>\n        <\/div>\n    <\/article><article class=\"eael-grid-post  eael-post-grid-column eael-pg-post-51181 category-exitos-guatemala\" data-id=\"51181\">\n        <div class=\"eael-grid-post-holder\">\n            <div class=\"eael-grid-post-holder-inner\"><div class=\"eael-entry-media\"><div class=\"eael-entry-overlay fade-in\"><i class=\"far fa-hand-pointer\" aria-hidden=\"true\"><\/i><a href=\"https:\/\/soymigrante.com\/revista\/esau-dieguez-entrenador-boxeo-guatemalteco-omaha-nebraska-historia-sueno-lester\/\"><\/a><\/div><div class=\"eael-entry-thumbnail eael-image-ratio\">\n                <img loading=\"lazy\" decoding=\"async\" width=\"842\" height=\"832\" src=\"https:\/\/soymigrante.com\/revista\/wp-content\/uploads\/2026\/01\/esau-dieguez-guatemalteco-en-omaha-nebraska-entrenador-de-boxeo.png\" class=\"attachment-large size-large wp-image-51185\" alt=\"esau dieguez guatemalteco en omaha nebraska entrenador de boxeo\" srcset=\"https:\/\/soymigrante.com\/revista\/wp-content\/uploads\/2026\/01\/esau-dieguez-guatemalteco-en-omaha-nebraska-entrenador-de-boxeo.png 842w, https:\/\/soymigrante.com\/revista\/wp-content\/uploads\/2026\/01\/esau-dieguez-guatemalteco-en-omaha-nebraska-entrenador-de-boxeo-300x296.png 300w, https:\/\/soymigrante.com\/revista\/wp-content\/uploads\/2026\/01\/esau-dieguez-guatemalteco-en-omaha-nebraska-entrenador-de-boxeo-768x759.png 768w, https:\/\/soymigrante.com\/revista\/wp-content\/uploads\/2026\/01\/esau-dieguez-guatemalteco-en-omaha-nebraska-entrenador-de-boxeo-75x75.png 75w, https:\/\/soymigrante.com\/revista\/wp-content\/uploads\/2026\/01\/esau-dieguez-guatemalteco-en-omaha-nebraska-entrenador-de-boxeo-750x741.png 750w\" sizes=\"(max-width: 842px) 100vw, 842px\" \/>\n            <\/div>\n        <\/div><div class=\"eael-entry-wrapper\"><header class=\"eael-entry-header\"><h2 class=\"eael-entry-title\"><a class=\"eael-grid-post-link\" href=\"https:\/\/soymigrante.com\/revista\/esau-dieguez-entrenador-boxeo-guatemalteco-omaha-nebraska-historia-sueno-lester\/\" title=\"&#8220;Mi sue\u00f1o es un campe\u00f3n mundial guatemalteco&#8221;: Esa\u00fa Di\u00e9guez, entrenador de boxeo en Omaha, Nebraska\">&#8220;Mi sue\u00f1o es un campe\u00f3n mundial guatemalteco&#8221;: Esa\u00fa Di\u00e9guez, entrenador de boxeo en Omaha, Nebraska<\/a><\/h2><\/header><div class=\"eael-entry-content\">\n                        <div class=\"eael-grid-post-excerpt\"><a href=\"https:\/\/soymigrante.com\/revista\/esau-dieguez-entrenador-boxeo-guatemalteco-omaha-nebraska-historia-sueno-lester\/\" class=\"eael-post-elements-readmore-btn\">CONOCE SU HISTORIA <\/a><\/div>\n                    <\/div><\/div><\/div>\n        <\/div>\n    <\/article><article class=\"eael-grid-post  eael-post-grid-column eael-pg-post-50243 category-bienestar-salud-emocional tags-manual-gratuito-de-metas\" data-id=\"50243\">\n        <div class=\"eael-grid-post-holder\">\n            <div class=\"eael-grid-post-holder-inner\"><div class=\"eael-entry-media\"><div class=\"eael-entry-overlay fade-in\"><i class=\"far fa-hand-pointer\" aria-hidden=\"true\"><\/i><a href=\"https:\/\/soymigrante.com\/revista\/manual-gratuito-de-metas-converti-tu-objetivo-en-una-pregunta-diaria\/\"><\/a><\/div><div class=\"eael-entry-thumbnail eael-image-ratio\">\n                <img loading=\"lazy\" decoding=\"async\" width=\"421\" height=\"416\" src=\"https:\/\/soymigrante.com\/revista\/wp-content\/uploads\/2025\/12\/MANUAL-GRATUITO-DE-METAS-1-HACER-PREGUNTAS.png\" class=\"attachment-large size-large wp-image-50258\" alt=\"MANUAL GRATUITO DE METAS 1 HACER PREGUNTAS\" srcset=\"https:\/\/soymigrante.com\/revista\/wp-content\/uploads\/2025\/12\/MANUAL-GRATUITO-DE-METAS-1-HACER-PREGUNTAS.png 421w, https:\/\/soymigrante.com\/revista\/wp-content\/uploads\/2025\/12\/MANUAL-GRATUITO-DE-METAS-1-HACER-PREGUNTAS-300x296.png 300w, https:\/\/soymigrante.com\/revista\/wp-content\/uploads\/2025\/12\/MANUAL-GRATUITO-DE-METAS-1-HACER-PREGUNTAS-75x75.png 75w\" sizes=\"(max-width: 421px) 100vw, 421px\" \/>\n            <\/div>\n        <\/div><div class=\"eael-entry-wrapper\"><header class=\"eael-entry-header\"><h2 class=\"eael-entry-title\"><a class=\"eael-grid-post-link\" href=\"https:\/\/soymigrante.com\/revista\/manual-gratuito-de-metas-converti-tu-objetivo-en-una-pregunta-diaria\/\" title=\"Manual gratuito de Metas:  Convert\u00ed tu objetivo en una pregunta diaria\">Manual gratuito de Metas:  Convert\u00ed tu objetivo en una pregunta diaria<\/a><\/h2><\/header><div class=\"eael-entry-content\">\n                        <div class=\"eael-grid-post-excerpt\"><a href=\"https:\/\/soymigrante.com\/revista\/manual-gratuito-de-metas-converti-tu-objetivo-en-una-pregunta-diaria\/\" class=\"eael-post-elements-readmore-btn\">CONOCE SU HISTORIA <\/a><\/div>\n                    <\/div><\/div><\/div>\n        <\/div>\n    <\/article><\/div>\n            <div class=\"clearfix\"><\/div>\n        <\/div>\t\t\t\t<\/div>\n\t\t\t\t\t<\/div>\n\t\t\t\t<\/div>\n\t\t\t\t<\/div>\n\t\t","protected":false},"excerpt":{"rendered":"<p>Justo el d\u00eda del aniversario de la Rep\u00fablica de Guatemala pelea el boxeador guatemalteco Lester Mart\u00ednez por el campeonato interino supermediano. Entren\u00f3 con el experto compatriota Esa\u00fa Di\u00e9guez, quien cuenta c\u00f3mo cierra su preparaci\u00f3n. \u201cLester est\u00e1 listo y preparado para 12 rounds. No vamos necesariamente buscando que la pelea llegue a la distancia, pero si [&hellip;]<\/p>\n","protected":false},"author":7,"featured_media":53728,"comment_status":"open","ping_status":"open","sticky":false,"template":"","format":"standard","meta":{"_acf_changed":false,"_eb_attr":"","footnotes":""},"categories":[54],"tags":[],"class_list":["post-53727","post","type-post","status-publish","format-standard","has-post-thumbnail","hentry","category-estamos-unidos"],"acf":[],"aioseo_notices":[],"aioseo_head":"\n\t\t<!-- All in One SEO Pro 4.9.6.2 - aioseo.com -->\n\t<meta name=\"description\" content=\"Consejo 1 de 7: Nada de planes complicados: solo una pregunta constante, diaria, para alcanzar esa meta importante. \u00bfEn qu\u00e9 momento se te qued\u00f3 pendiente ese plan que s\u00ed era importante?\u00bfHace cu\u00e1nto dec\u00eds \u201ccuando tenga tiempo\u201d, \u201ccuando est\u00e9 m\u00e1s tranquilo\u201d, \u201ccuando se arreglen las cosas\u201d?Y si es un objetivo tan importante \u00bfPor qu\u00e9 seguir posponi\u00e9ndolo?\" \/>\n\t<meta name=\"robots\" content=\"max-snippet:-1, max-image-preview:large, max-video-preview:-1\" \/>\n\t<meta name=\"author\" content=\"Gustavo Montenegro\"\/>\n\t<link rel=\"canonical\" href=\"https:\/\/soymigrante.com\/revista\/pelea-lester-martinez-boxeador-guatemalteco-entrenador-esau-dieguez-2026-las-vegas-campeonato-pelea\/\" \/>\n\t<meta name=\"generator\" content=\"All in One SEO Pro (AIOSEO) 4.9.6.2\" \/>\n\n\t\t<link rel=\"preconnect\" href=\"https:\/\/fonts.googleapis.com\" crossorigin>\n<link rel=\"preconnect\" href=\"https:\/\/fonts.gstatic.com\" crossorigin>\n\t\t<meta property=\"og:locale\" content=\"es_ES\" \/>\n\t\t<meta property=\"og:site_name\" content=\"SoyMigrante.com REVISTA \u2013 Nuestra misi\u00f3n es reconocer y dignificar al migrante.\" \/>\n\t\t<meta property=\"og:type\" content=\"article\" \/>\n\t\t<meta property=\"og:title\" content=\"\u00a1Lester est\u00e1 listo! dice entrenador y compatriota Esa\u00fa Di\u00e9guez\" \/>\n\t\t<meta property=\"og:description\" content=\"Boxeador guatemalteco Lester Mart\u00ednez culmina preparaci\u00f3n en monta\u00f1as de Las Vegas, para pelea de campeonato: entrenador y compatriota Esa\u00fa Di\u00e9guez da detalles.\" \/>\n\t\t<meta property=\"og:url\" content=\"https:\/\/soymigrante.com\/revista\/pelea-lester-martinez-boxeador-guatemalteco-entrenador-esau-dieguez-2026-las-vegas-campeonato-pelea\/\" \/>\n\t\t<meta property=\"og:image\" content=\"https:\/\/soymigrante.com\/revista\/wp-content\/uploads\/2026\/03\/guatemaltecos-lester-martinez-boxeador-con-entrenador-guatemalteco-esau-dieguez-las-vegas-2026-3.jpg\" \/>\n\t\t<meta property=\"og:image:secure_url\" content=\"https:\/\/soymigrante.com\/revista\/wp-content\/uploads\/2026\/03\/guatemaltecos-lester-martinez-boxeador-con-entrenador-guatemalteco-esau-dieguez-las-vegas-2026-3.jpg\" \/>\n\t\t<meta property=\"og:image:width\" content=\"2048\" \/>\n\t\t<meta property=\"og:image:height\" content=\"1958\" \/>\n\t\t<meta property=\"article:published_time\" content=\"2026-03-16T16:52:25+00:00\" \/>\n\t\t<meta property=\"article:modified_time\" content=\"2026-03-16T16:56:46+00:00\" \/>\n\t\t<meta property=\"article:publisher\" content=\"https:\/\/www.facebook.com\/soymigrantecom\" \/>\n\t\t<meta name=\"twitter:card\" content=\"summary_large_image\" \/>\n\t\t<meta name=\"twitter:site\" content=\"@SoyMigrante_com\" \/>\n\t\t<meta name=\"twitter:title\" content=\"\u00a1Lester est\u00e1 listo! dice entrenador y compatriota Esa\u00fa Di\u00e9guez\" \/>\n\t\t<meta name=\"twitter:description\" content=\"Boxeador guatemalteco Lester Mart\u00ednez culmina preparaci\u00f3n en monta\u00f1as de Las Vegas, para pelea de campeonato: entrenador y compatriota Esa\u00fa Di\u00e9guez da detalles.\" \/>\n\t\t<meta name=\"twitter:creator\" content=\"@SoyMigrante_com\" \/>\n\t\t<meta name=\"twitter:image\" content=\"https:\/\/soymigrante.com\/revista\/wp-content\/uploads\/2026\/03\/guatemaltecos-lester-martinez-boxeador-con-entrenador-guatemalteco-esau-dieguez-las-vegas-2026-3.jpg\" \/>\n\t\t<!-- All in One SEO Pro -->\r\n\t\t<title>\u00a1Lester est\u00e1 listo! dice entrenador y compatriota Esa\u00fa Di\u00e9guez<\/title>\n\n","aioseo_head_json":{"title":"\u00a1Lester est\u00e1 listo! dice entrenador y compatriota Esa\u00fa Di\u00e9guez","description":"Boxeador guatemalteco Lester Mart\u00ednez culmina preparaci\u00f3n en monta\u00f1as de Las Vegas, para pelea de campeonato: entrenador y compatriota Esa\u00fa Di\u00e9guez da detalles.","canonical_url":"https:\/\/soymigrante.com\/revista\/pelea-lester-martinez-boxeador-guatemalteco-entrenador-esau-dieguez-2026-las-vegas-campeonato-pelea\/","robots":"max-snippet:-1, max-image-preview:large, max-video-preview:-1","keywords":"","webmasterTools":{"miscellaneous":"&lt;link rel=\"preconnect\" href=\"https:\/\/fonts.googleapis.com\" crossorigin&gt;\n&lt;link rel=\"preconnect\" href=\"https:\/\/fonts.gstatic.com\" crossorigin&gt;"},"schema":null,"og:locale":"es_ES","og:site_name":"SoyMigrante.com REVISTA \u2013 Nuestra misi\u00f3n es reconocer y dignificar al migrante.","og:type":"article","og:title":"\u00a1Lester est\u00e1 listo! dice entrenador y compatriota Esa\u00fa Di\u00e9guez","og:description":"Boxeador guatemalteco Lester Mart\u00ednez culmina preparaci\u00f3n en monta\u00f1as de Las Vegas, para pelea de campeonato: entrenador y compatriota Esa\u00fa Di\u00e9guez da detalles.","og:url":"https:\/\/soymigrante.com\/revista\/pelea-lester-martinez-boxeador-guatemalteco-entrenador-esau-dieguez-2026-las-vegas-campeonato-pelea\/","og:image":"https:\/\/soymigrante.com\/revista\/wp-content\/uploads\/2026\/03\/guatemaltecos-lester-martinez-boxeador-con-entrenador-guatemalteco-esau-dieguez-las-vegas-2026-3.jpg","og:image:secure_url":"https:\/\/soymigrante.com\/revista\/wp-content\/uploads\/2026\/03\/guatemaltecos-lester-martinez-boxeador-con-entrenador-guatemalteco-esau-dieguez-las-vegas-2026-3.jpg","og:image:width":2048,"og:image:height":1958,"article:published_time":"2026-03-16T16:52:25+00:00","article:modified_time":"2026-03-16T16:56:46+00:00","article:publisher":"https:\/\/www.facebook.com\/soymigrantecom","twitter:card":"summary_large_image","twitter:site":"@SoyMigrante_com","twitter:title":"\u00a1Lester est\u00e1 listo! dice entrenador y compatriota Esa\u00fa Di\u00e9guez","twitter:description":"Boxeador guatemalteco Lester Mart\u00ednez culmina preparaci\u00f3n en monta\u00f1as de Las Vegas, para pelea de campeonato: entrenador y compatriota Esa\u00fa Di\u00e9guez da detalles.","twitter:creator":"@SoyMigrante_com","twitter:image":"https:\/\/soymigrante.com\/revista\/wp-content\/uploads\/2026\/03\/guatemaltecos-lester-martinez-boxeador-con-entrenador-guatemalteco-esau-dieguez-las-vegas-2026-3.jpg"},"aioseo_meta_data":{"post_id":"53727","title":"\u00a1Lester est\u00e1 listo! dice entrenador y compatriota Esa\u00fa Di\u00e9guez","description":"Boxeador guatemalteco Lester Mart\u00ednez culmina preparaci\u00f3n en monta\u00f1as de Las Vegas, para pelea de campeonato: entrenador y compatriota Esa\u00fa Di\u00e9guez da detalles.","keywords":null,"keyphrases":{"focus":{"keyphrase":"Guatemalteco","score":91,"analysis":{"keyphraseInTitle":{"score":3,"maxScore":9,"error":1},"keyphraseInDescription":{"score":9,"maxScore":9,"error":0},"keyphraseLength":{"score":9,"maxScore":9,"error":0,"length":1},"keyphraseInURL":{"score":5,"maxScore":5,"error":0},"keyphraseInIntroduction":{"score":9,"maxScore":9,"error":0},"keyphraseInSubHeadings":{"score":9,"maxScore":9,"error":0},"keyphraseInImageAlt":{"score":9,"maxScore":9,"error":0},"keywordDensity":{"type":"best","score":9,"maxScore":9,"error":0}}},"additional":[{"keyphrase":"Boxeador","score":100,"analysis":{"keyphraseInDescription":{"score":9,"maxScore":9,"error":0},"keyphraseLength":{"score":9,"maxScore":9,"error":0,"length":1},"keyphraseInIntroduction":{"score":9,"maxScore":9,"error":0},"keyphraseInImageAlt":{"score":9,"maxScore":9,"error":0},"keywordDensity":{"type":"best","score":9,"maxScore":9,"error":0}}},{"keyphrase":"Esa\u00fa Dieguez","score":53,"analysis":{"keyphraseInDescription":{"score":3,"maxScore":9,"error":1},"keyphraseLength":{"score":9,"maxScore":9,"error":0,"length":2},"keyphraseInIntroduction":{"score":3,"maxScore":9,"error":1},"keyphraseInImageAlt":{"score":9,"maxScore":9,"error":0},"keywordDensity":{"score":0,"type":"low","maxScore":9,"error":1}}},{"keyphrase":"Lester Mart\u00ednez","score":100,"analysis":{"keyphraseInDescription":{"score":9,"maxScore":9,"error":0},"keyphraseLength":{"score":9,"maxScore":9,"error":0,"length":3},"keyphraseInIntroduction":{"score":9,"maxScore":9,"error":0},"keyphraseInImageAlt":{"score":9,"maxScore":9,"error":0},"keywordDensity":{"type":"best","score":9,"maxScore":9,"error":0}}},{"keyphrase":"Campeonato","score":53,"analysis":{"keyphraseInDescription":{"score":9,"maxScore":9,"error":0},"keyphraseLength":{"score":9,"maxScore":9,"error":0,"length":1},"keyphraseInIntroduction":{"score":3,"maxScore":9,"error":1},"keyphraseInImageAlt":{"score":3,"maxScore":9,"error":1},"keywordDensity":{"score":0,"type":"low","maxScore":9,"error":1}}}]},"primary_term":null,"canonical_url":null,"og_title":null,"og_description":null,"og_object_type":"default","og_image_type":"default","og_image_url":null,"og_image_width":null,"og_image_height":null,"og_image_custom_url":null,"og_image_custom_fields":null,"og_video":"","og_custom_url":null,"og_article_section":null,"og_article_tags":null,"twitter_use_og":false,"twitter_card":"default","twitter_image_type":"default","twitter_image_url":null,"twitter_image_custom_url":null,"twitter_image_custom_fields":null,"twitter_title":null,"twitter_description":null,"schema":{"blockGraphs":[],"customGraphs":[],"default":{"data":{"Article":[],"Course":[],"Dataset":[],"FAQPage":[],"Movie":[],"Person":[],"Product":[],"ProductReview":[],"Car":[],"Recipe":[],"Service":[],"SoftwareApplication":[],"WebPage":[]},"graphName":"NewsArticle","isEnabled":true},"graphs":[]},"schema_type":"default","schema_type_options":null,"pillar_content":false,"robots_default":true,"robots_noindex":false,"robots_noarchive":false,"robots_nosnippet":false,"robots_nofollow":false,"robots_noimageindex":false,"robots_noodp":false,"robots_notranslate":false,"robots_max_snippet":"-1","robots_max_videopreview":"-1","robots_max_imagepreview":"large","priority":null,"frequency":"default","local_seo":null,"seo_analyzer_scan_date":null,"breadcrumb_settings":null,"limit_modified_date":false,"reviewed_by":"0","open_ai":null,"ai":{"faqs":[],"keyPoints":[],"titles":[],"descriptions":[],"socialPosts":{"email":[],"linkedin":[],"twitter":[],"facebook":[],"instagram":[]}},"created":"2026-03-16 15:49:52","updated":"2026-03-16 16:58:36"},"aioseo_breadcrumb":"<div class=\"aioseo-breadcrumbs\"><span class=\"aioseo-breadcrumb\">\n\t<a href=\"https:\/\/soymigrante.com\/revista\" title=\"Home\">Home<\/a>\n<\/span><span class=\"aioseo-breadcrumb-separator\">\u00bb<\/span><span class=\"aioseo-breadcrumb\">\n\t<a href=\"https:\/\/soymigrante.com\/revista\/category\/estamos-unidos\/\" title=\"Estamos Unidos\">Estamos Unidos<\/a>\n<\/span><span class=\"aioseo-breadcrumb-separator\">\u00bb<\/span><span class=\"aioseo-breadcrumb\">\n\t\u00a1Lester Mart\u00ednez est\u00e1 listo para ganar! expresa Esa\u00fa Di\u00e9guez, entrenador migrante guatemalteco. Pelea 21 de marzo.\n<\/span><\/div>","aioseo_breadcrumb_json":[{"label":"Home","link":"https:\/\/soymigrante.com\/revista"},{"label":"Estamos Unidos","link":"https:\/\/soymigrante.com\/revista\/category\/estamos-unidos\/"},{"label":"\u00a1Lester Mart\u00ednez est\u00e1 listo para ganar! expresa Esa\u00fa Di\u00e9guez, entrenador migrante guatemalteco. Pelea 21 de marzo.","link":"https:\/\/soymigrante.com\/revista\/pelea-lester-martinez-boxeador-guatemalteco-entrenador-esau-dieguez-2026-las-vegas-campeonato-pelea\/"}],"_links":{"self":[{"href":"https:\/\/soymigrante.com\/revista\/wp-json\/wp\/v2\/posts\/53727","targetHints":{"allow":["GET"]}}],"collection":[{"href":"https:\/\/soymigrante.com\/revista\/wp-json\/wp\/v2\/posts"}],"about":[{"href":"https:\/\/soymigrante.com\/revista\/wp-json\/wp\/v2\/types\/post"}],"author":[{"embeddable":true,"href":"https:\/\/soymigrante.com\/revista\/wp-json\/wp\/v2\/users\/7"}],"replies":[{"embeddable":true,"href":"https:\/\/soymigrante.com\/revista\/wp-json\/wp\/v2\/comments?post=53727"}],"version-history":[{"count":10,"href":"https:\/\/soymigrante.com\/revista\/wp-json\/wp\/v2\/posts\/53727\/revisions"}],"predecessor-version":[{"id":53742,"href":"https:\/\/soymigrante.com\/revista\/wp-json\/wp\/v2\/posts\/53727\/revisions\/53742"}],"wp:featuredmedia":[{"embeddable":true,"href":"https:\/\/soymigrante.com\/revista\/wp-json\/wp\/v2\/media\/53728"}],"wp:attachment":[{"href":"https:\/\/soymigrante.com\/revista\/wp-json\/wp\/v2\/media?parent=53727"}],"wp:term":[{"taxonomy":"category","embeddable":true,"href":"https:\/\/soymigrante.com\/revista\/wp-json\/wp\/v2\/categories?post=53727"},{"taxonomy":"post_tag","embeddable":true,"href":"https:\/\/soymigrante.com\/revista\/wp-json\/wp\/v2\/tags?post=53727"}],"curies":[{"name":"wp","href":"https:\/\/api.w.org\/{rel}","templated":true}]}}