{"id":53710,"date":"2026-03-16T07:23:04","date_gmt":"2026-03-16T13:23:04","guid":{"rendered":"https:\/\/soymigrante.com\/revista\/?p=53710"},"modified":"2026-03-16T07:26:03","modified_gmt":"2026-03-16T13:26:03","slug":"manifestacion-pacifica-centro-detencion-migratoria-el-adelanto-california-red-migrante-guatemalteca","status":"publish","type":"post","link":"https:\/\/soymigrante.com\/revista\/manifestacion-pacifica-centro-detencion-migratoria-el-adelanto-california-red-migrante-guatemalteca\/","title":{"rendered":"Red Migrante Guatemalteca participa en manifestacion pac\u00edfica en centro de detenci\u00f3n en desierto de California"},"content":{"rendered":"\t\t<div data-elementor-type=\"wp-post\" data-elementor-id=\"53710\" class=\"elementor elementor-53710\" data-elementor-post-type=\"post\">\n\t\t\t\t<div data-particle_enable=\"false\" data-particle-mobile-disabled=\"false\" class=\"elementor-element elementor-element-3decab7 e-flex e-con-boxed e-con e-parent\" data-id=\"3decab7\" data-element_type=\"container\" data-e-type=\"container\">\n\t\t\t\t\t<div class=\"e-con-inner\">\n\t\t\t\t<div class=\"elementor-element elementor-element-9ca645c elementor-widget elementor-widget-text-editor\" data-id=\"9ca645c\" data-element_type=\"widget\" data-e-type=\"widget\" data-widget_type=\"text-editor.default\">\n\t\t\t\t\t\t\t\t\t<p><span style=\"color: #7a7a7a;\"><b>\u201c\u00a1Lib\u00e9renlos a todos!\u2026 \u00a1No est\u00e1n solos!\u201d<\/b>\u00a0<\/span>Ese fue el coro que reson\u00f3 durante varias horas en las afueras de un centro de detenci\u00f3n migratoria El Adelanto, ubicado en el alto desierto del sur de California, donde cientos de activistas se congregaron el s\u00e1bado 14 de marzo en una manifestaci\u00f3n pac\u00edfica para expresar solidaridad con migrantes detenidos en la instalaci\u00f3n.<\/p><p>La actividad reuni\u00f3 a activistas, organizaciones pro-migrantes y familiares de personas detenidas que viajaron en caravana desde distintas ciudades de los condados de Los \u00c1ngeles y Ventura. Muchos recorrieron m\u00e1s de dos horas en autobuses y veh\u00edculos particulares para llegar hasta el complejo carcelario situado en esta regi\u00f3n des\u00e9rtica.<\/p><p>De acuerdo con <strong>Walter Batres<\/strong>, presidente de la Red Migrante Guatemalteca y uno de los participantes en la jornada, la intenci\u00f3n fue sencilla pero profundamente simb\u00f3lica: hacer llegar voces de \u00e1nimo a quienes permanecen detenidos detr\u00e1s de los muros del centro migratorio.<\/p>\t\t\t\t\t\t\t\t<\/div>\n\t\t\t\t\t<\/div>\n\t\t\t\t<\/div>\n\t\t<div data-particle_enable=\"false\" data-particle-mobile-disabled=\"false\" class=\"elementor-element elementor-element-76397c3 e-flex e-con-boxed e-con e-parent\" data-id=\"76397c3\" data-element_type=\"container\" data-e-type=\"container\">\n\t\t\t\t\t<div class=\"e-con-inner\">\n\t\t\t\t<div class=\"elementor-element elementor-element-c29a953 elementor-widget elementor-widget-image\" data-id=\"c29a953\" data-element_type=\"widget\" data-e-type=\"widget\" data-widget_type=\"image.default\">\n\t\t\t\t\t\t\t\t\t\t\t\t<figure class=\"wp-caption\">\n\t\t\t\t\t\t\t\t\t\t<img fetchpriority=\"high\" decoding=\"async\" width=\"1140\" height=\"641\" src=\"https:\/\/soymigrante.com\/revista\/wp-content\/uploads\/2026\/03\/manifestacion-pacifica-en-centro-de-detencion-migratoria-el-adelanto-california-foto-red-migrante-guatemalteca-3-1140x641.jpeg\" class=\"attachment-large size-large wp-image-53715\" alt=\"Las altas temperaturas no fueron obst\u00e1culo para que las organizaciones migrantes expresaran solidaridad y consignas de fortaleza a los migrantes recluidos en el centro de detenci\u00f3n de El Adelanto, California. (Foto Red Migrante Guatemalteca)\" srcset=\"https:\/\/soymigrante.com\/revista\/wp-content\/uploads\/2026\/03\/manifestacion-pacifica-en-centro-de-detencion-migratoria-el-adelanto-california-foto-red-migrante-guatemalteca-3-1140x641.jpeg 1140w, https:\/\/soymigrante.com\/revista\/wp-content\/uploads\/2026\/03\/manifestacion-pacifica-en-centro-de-detencion-migratoria-el-adelanto-california-foto-red-migrante-guatemalteca-3-300x169.jpeg 300w, https:\/\/soymigrante.com\/revista\/wp-content\/uploads\/2026\/03\/manifestacion-pacifica-en-centro-de-detencion-migratoria-el-adelanto-california-foto-red-migrante-guatemalteca-3-768x432.jpeg 768w, https:\/\/soymigrante.com\/revista\/wp-content\/uploads\/2026\/03\/manifestacion-pacifica-en-centro-de-detencion-migratoria-el-adelanto-california-foto-red-migrante-guatemalteca-3-1536x864.jpeg 1536w, https:\/\/soymigrante.com\/revista\/wp-content\/uploads\/2026\/03\/manifestacion-pacifica-en-centro-de-detencion-migratoria-el-adelanto-california-foto-red-migrante-guatemalteca-3-750x422.jpeg 750w, https:\/\/soymigrante.com\/revista\/wp-content\/uploads\/2026\/03\/manifestacion-pacifica-en-centro-de-detencion-migratoria-el-adelanto-california-foto-red-migrante-guatemalteca-3.jpeg 2048w\" sizes=\"(max-width: 1140px) 100vw, 1140px\" title=\"Las altas temperaturas no fueron obst\u00e1culo para que las organizaciones migrantes expresaran solidaridad y consignas de fortaleza a los migrantes recluidos en el centro de detenci\u00f3n de El Adelanto, California. (Foto Red Migrante Guatemalteca) \u2013 SoyMigrante.com REVISTA\" \/>\t\t\t\t\t\t\t\t\t\t\t<figcaption class=\"widget-image-caption wp-caption-text\">Las altas temperaturas no fueron obst\u00e1culo para que las organizaciones migrantes expresaran solidaridad y consignas de fortaleza a los migrantes recluidos en el centro de detenci\u00f3n de El Adelanto, California. (Foto Red Migrante Guatemalteca)<\/figcaption>\n\t\t\t\t\t\t\t\t\t\t<\/figure>\n\t\t\t\t\t\t\t\t\t<\/div>\n\t\t\t\t\t<\/div>\n\t\t\t\t<\/div>\n\t\t<div data-particle_enable=\"false\" data-particle-mobile-disabled=\"false\" class=\"elementor-element elementor-element-957ab59 e-flex e-con-boxed e-con e-parent\" data-id=\"957ab59\" data-element_type=\"container\" data-e-type=\"container\">\n\t\t\t\t\t<div class=\"e-con-inner\">\n\t\t\t\t<div class=\"elementor-element elementor-element-fd75c7e elementor-widget elementor-widget-text-editor\" data-id=\"fd75c7e\" data-element_type=\"widget\" data-e-type=\"widget\" data-widget_type=\"text-editor.default\">\n\t\t\t\t\t\t\t\t\t<p><span style=\"color: #000000; font-family: Mulish, sans-serif; font-size: 31px; font-weight: bold;\">Participaci\u00f3n solidaria\u00a0<\/span><\/p>\t\t\t\t\t\t\t\t<\/div>\n\t\t\t\t\t<\/div>\n\t\t\t\t<\/div>\n\t\t<div data-particle_enable=\"false\" data-particle-mobile-disabled=\"false\" class=\"elementor-element elementor-element-e560212 e-flex e-con-boxed e-con e-parent\" data-id=\"e560212\" data-element_type=\"container\" data-e-type=\"container\">\n\t\t\t\t\t<div class=\"e-con-inner\">\n\t\t\t\t<div class=\"elementor-element elementor-element-94761bd elementor-widget elementor-widget-text-editor\" data-id=\"94761bd\" data-element_type=\"widget\" data-e-type=\"widget\" data-widget_type=\"text-editor.default\">\n\t\t\t\t\t\t\t\t\t<p>\u201cCientos de activistas del sur de California acompa\u00f1aron a familias de personas <a href=\"https:\/\/soymigrante.com\/revista\/mas-de-73-mil-detenidos-por-ice-no-tienen-ningun-record-criminal-senala-analisis-de-datos-oficiales\/\">inmigrantes detenidas<\/a> en este centro de detenci\u00f3n en el Desierto&#8221;, explic\u00f3 Batres. \u201cEn una tarde de fuertes vientos, los manifestantes viajaron en caravana para traer voces de aliento y esperanza a unos 1,400 hombres detenidos por ser extranjeros viviendo, transitando o intentando ingresar a Estados Unidos sin un estatus migratorio regular\u201d.<\/p><p>La manifestaci\u00f3n tuvo un car\u00e1cter pac\u00edfico y comunitario, con arte pero tambi\u00e9n con mucha convicci\u00f3n humanitaria. Los participantes llevaron m\u00fasica, cantos y poes\u00eda que se mezclaban con consignas dirigidas a <a href=\"https:\/\/soymigrante.com\/revista\/detencion-migratoria-aumento-600-en-primer-ano-del-segundo-gobierno-de-trump-senala-analisis-de-aic\/\">quienes permanecen dentro del complejoa pesar de no tener r\u00e9cord criminal.<\/a><\/p><p>Durante m\u00e1s de cuatro horas, los manifestantes caminaron alrededor de la instalaci\u00f3n, elevando mensajes de apoyo que, seg\u00fan los organizadores, pod\u00edan escucharse desde el interior del recinto.<\/p>\t\t\t\t\t\t\t\t<\/div>\n\t\t\t\t\t<\/div>\n\t\t\t\t<\/div>\n\t\t<div data-particle_enable=\"false\" data-particle-mobile-disabled=\"false\" class=\"elementor-element elementor-element-f57f918 e-flex e-con-boxed e-con e-parent\" data-id=\"f57f918\" data-element_type=\"container\" data-e-type=\"container\">\n\t\t\t\t\t<div class=\"e-con-inner\">\n\t\t\t\t<div class=\"elementor-element elementor-element-c7c72fc elementor-widget elementor-widget-html\" data-id=\"c7c72fc\" data-element_type=\"widget\" data-e-type=\"widget\" data-widget_type=\"html.default\">\n\t\t\t\t\t<iframe src=\"https:\/\/www.google.com\/maps\/embed?pb=!4v1773666874759!6m8!1m7!1sknLIo56JXORVUXRq1xOcWQ!2m2!1d34.55902761460821!2d-117.4361852264258!3f308.91388295539537!4f-2.9492307169115577!5f0.7820865974627469\" width=\"600\" height=\"450\" style=\"border:0;\" allowfullscreen=\"\" loading=\"lazy\" referrerpolicy=\"no-referrer-when-downgrade\"><\/iframe>\t\t\t\t<\/div>\n\t\t\t\t\t<\/div>\n\t\t\t\t<\/div>\n\t\t<div data-particle_enable=\"false\" data-particle-mobile-disabled=\"false\" class=\"elementor-element elementor-element-2364d1f e-flex e-con-boxed e-con e-parent\" data-id=\"2364d1f\" data-element_type=\"container\" data-e-type=\"container\">\n\t\t\t\t\t<div class=\"e-con-inner\">\n\t\t\t\t<div class=\"elementor-element elementor-element-e030996 elementor-widget elementor-widget-text-editor\" data-id=\"e030996\" data-element_type=\"widget\" data-e-type=\"widget\" data-widget_type=\"text-editor.default\">\n\t\t\t\t\t\t\t\t\t<p>Entre los participantes destac\u00f3 la presencia de la organizaci\u00f3n <a href=\"https:\/\/en.wikipedia.org\/wiki\/National_Day_Laborer_Organizing_Network\" target=\"_blank\" rel=\"noopener\">National Day Laborer Organizing Network (NDLON)<\/a>, que lleg\u00f3 con su colectivo musical <a href=\"https:\/\/en.wikipedia.org\/wiki\/Los_Jornaleros_del_Norte\" target=\"_blank\" rel=\"noopener\">Los Jornaleros del Norte<\/a>, un grupo formado por trabajadores jornaleros que desde hace a\u00f1os acompa\u00f1a movilizaciones migrantes con canciones de protesta y solidaridad.<\/p><p>Oradores comunitarios, l\u00edderes religiosos, familiares de detenidos y representantes de organizaciones defensoras de derechos humanos tambi\u00e9n tomaron la palabra durante la jornada.<\/p>\t\t\t\t\t\t\t\t<\/div>\n\t\t\t\t\t<\/div>\n\t\t\t\t<\/div>\n\t\t<div data-particle_enable=\"false\" data-particle-mobile-disabled=\"false\" class=\"elementor-element elementor-element-8ce4f2d e-flex e-con-boxed e-con e-parent\" data-id=\"8ce4f2d\" data-element_type=\"container\" data-e-type=\"container\">\n\t\t\t\t\t<div class=\"e-con-inner\">\n\t\t\t\t<div class=\"elementor-element elementor-element-86aaa2c elementor-widget elementor-widget-image\" data-id=\"86aaa2c\" data-element_type=\"widget\" data-e-type=\"widget\" data-widget_type=\"image.default\">\n\t\t\t\t\t\t\t\t\t\t\t\t<figure class=\"wp-caption\">\n\t\t\t\t\t\t\t\t\t\t<img decoding=\"async\" width=\"768\" height=\"1024\" src=\"https:\/\/soymigrante.com\/revista\/wp-content\/uploads\/2026\/03\/manifestacion-pacifica-en-centro-de-detencion-migratoria-el-adelanto-california-foto-red-migrante-guatemalteca-4-768x1024.jpeg\" class=\"attachment-large size-large wp-image-53716\" alt=\"Familiares de migrantes detenidos en el centro El Adelanto fueron acuerpados por organizaciones de Derechos Humanos, para exigir la liberaci\u00f3n de todos aquellos que carecen de un r\u00e9cord criminal y que llevan muchos a\u00f1os trabajando en Estados Unidos. (Foto Red Migrante Guatemalteca)\" srcset=\"https:\/\/soymigrante.com\/revista\/wp-content\/uploads\/2026\/03\/manifestacion-pacifica-en-centro-de-detencion-migratoria-el-adelanto-california-foto-red-migrante-guatemalteca-4-768x1024.jpeg 768w, https:\/\/soymigrante.com\/revista\/wp-content\/uploads\/2026\/03\/manifestacion-pacifica-en-centro-de-detencion-migratoria-el-adelanto-california-foto-red-migrante-guatemalteca-4-225x300.jpeg 225w, https:\/\/soymigrante.com\/revista\/wp-content\/uploads\/2026\/03\/manifestacion-pacifica-en-centro-de-detencion-migratoria-el-adelanto-california-foto-red-migrante-guatemalteca-4-1152x1536.jpeg 1152w, https:\/\/soymigrante.com\/revista\/wp-content\/uploads\/2026\/03\/manifestacion-pacifica-en-centro-de-detencion-migratoria-el-adelanto-california-foto-red-migrante-guatemalteca-4-750x1000.jpeg 750w, https:\/\/soymigrante.com\/revista\/wp-content\/uploads\/2026\/03\/manifestacion-pacifica-en-centro-de-detencion-migratoria-el-adelanto-california-foto-red-migrante-guatemalteca-4-1140x1520.jpeg 1140w, https:\/\/soymigrante.com\/revista\/wp-content\/uploads\/2026\/03\/manifestacion-pacifica-en-centro-de-detencion-migratoria-el-adelanto-california-foto-red-migrante-guatemalteca-4.jpeg 1536w\" sizes=\"(max-width: 768px) 100vw, 768px\" title=\"Familiares de migrantes detenidos en el centro El Adelanto fueron acuerpados por organizaciones de Derechos Humanos, para exigir la liberaci\u00f3n de todos aquellos que carecen de un r\u00e9cord criminal y que llevan muchos a\u00f1os trabajando en Estados Unidos. (Foto Red Migrante Guatemalteca) \u2013 SoyMigrante.com REVISTA\" \/>\t\t\t\t\t\t\t\t\t\t\t<figcaption class=\"widget-image-caption wp-caption-text\">Familiares de migrantes detenidos en el centro El Adelanto fueron acuerpados por organizaciones de Derechos Humanos, para exigir la liberaci\u00f3n de todos aquellos que carecen de un r\u00e9cord criminal y que llevan muchos a\u00f1os trabajando en Estados Unidos. (Foto Red Migrante Guatemalteca)<\/figcaption>\n\t\t\t\t\t\t\t\t\t\t<\/figure>\n\t\t\t\t\t\t\t\t\t<\/div>\n\t\t\t\t\t<\/div>\n\t\t\t\t<\/div>\n\t\t<div data-particle_enable=\"false\" data-particle-mobile-disabled=\"false\" class=\"elementor-element elementor-element-f8204f5 e-flex e-con-boxed e-con e-parent\" data-id=\"f8204f5\" data-element_type=\"container\" data-e-type=\"container\">\n\t\t\t\t\t<div class=\"e-con-inner\">\n\t\t\t\t<div class=\"elementor-element elementor-element-cc0fcde elementor-widget elementor-widget-text-editor\" data-id=\"cc0fcde\" data-element_type=\"widget\" data-e-type=\"widget\" data-widget_type=\"text-editor.default\">\n\t\t\t\t\t\t\t\t\t<p><span style=\"color: rgb(0, 0, 0); font-family: Mulish, sans-serif; font-size: 31px; font-weight: bold;\">Centro migratorio en el desierto<\/span><\/p>\n<p>La protesta se realiz\u00f3 frente al <a href=\"https:\/\/en.wikipedia.org\/wiki\/Adelanto_ICE_Processing_Center\" target=\"_blank\" rel=\"noopener\">Adelanto ICE Processing Center<\/a>, uno de los centros de procesamiento migratorio m\u00e1s grandes de la costa oeste de Estados Unidos. La instalaci\u00f3n forma parte del sistema de detenci\u00f3n utilizado por <a href=\"https:\/\/en.wikipedia.org\/wiki\/U.S._Immigration_and_Customs_Enforcement\" target=\"_blank\" rel=\"noopener\">U.S. Immigration and Customs Enforcement (ICE)<\/a> para alojar a personas detenidas por asuntos migratorios.<\/p>\n<p>El complejo es operado por la empresa privada <a href=\"https:\/\/en.wikipedia.org\/wiki\/GEO_Group\" target=\"_blank\" rel=\"noopener\">The GEO Group<\/a>, corporaci\u00f3n que administra c\u00e1rceles y centros de detenci\u00f3n en distintas regiones del pa\u00eds. &#8220;Estas empresas ganan dinero a partir de tener encerrados a migrantes que&nbsp; no han cometido ning\u00fan delito&#8221;, expres\u00f3 uno de los participantes.<\/p>\t\t\t\t\t\t\t\t<\/div>\n\t\t\t\t\t<\/div>\n\t\t\t\t<\/div>\n\t\t<div data-particle_enable=\"false\" data-particle-mobile-disabled=\"false\" class=\"elementor-element elementor-element-c2f8e4a e-flex e-con-boxed e-con e-parent\" data-id=\"c2f8e4a\" data-element_type=\"container\" data-e-type=\"container\">\n\t\t\t\t\t<div class=\"e-con-inner\">\n\t\t\t\t<div class=\"elementor-element elementor-element-1aa0af9 elementor-widget elementor-widget-image\" data-id=\"1aa0af9\" data-element_type=\"widget\" data-e-type=\"widget\" data-widget_type=\"image.default\">\n\t\t\t\t\t\t\t\t\t\t\t\t<figure class=\"wp-caption\">\n\t\t\t\t\t\t\t\t\t\t<img decoding=\"async\" width=\"1024\" height=\"1024\" src=\"https:\/\/soymigrante.com\/revista\/wp-content\/uploads\/2026\/03\/manifestacion-pacifica-en-centro-de-detencion-migratoria-el-adelanto-california-foto-red-migrante-guatemalteca-11-1-1024x1024.jpeg\" class=\"attachment-large size-large wp-image-53717\" alt=\"Walter Batres particip\u00f3 junto a integrantes de la Red Migrante Guatemalteca en la actividad, que incluy\u00f3 una serenada para animar y dar esperanza a los migrantes detenidos en El Adelanto, en el alto desierto de California. (Foto Red Migrante Guatemalteca)\" srcset=\"https:\/\/soymigrante.com\/revista\/wp-content\/uploads\/2026\/03\/manifestacion-pacifica-en-centro-de-detencion-migratoria-el-adelanto-california-foto-red-migrante-guatemalteca-11-1-1024x1024.jpeg 1024w, https:\/\/soymigrante.com\/revista\/wp-content\/uploads\/2026\/03\/manifestacion-pacifica-en-centro-de-detencion-migratoria-el-adelanto-california-foto-red-migrante-guatemalteca-11-1-300x300.jpeg 300w, https:\/\/soymigrante.com\/revista\/wp-content\/uploads\/2026\/03\/manifestacion-pacifica-en-centro-de-detencion-migratoria-el-adelanto-california-foto-red-migrante-guatemalteca-11-1-150x150.jpeg 150w, https:\/\/soymigrante.com\/revista\/wp-content\/uploads\/2026\/03\/manifestacion-pacifica-en-centro-de-detencion-migratoria-el-adelanto-california-foto-red-migrante-guatemalteca-11-1-768x768.jpeg 768w, https:\/\/soymigrante.com\/revista\/wp-content\/uploads\/2026\/03\/manifestacion-pacifica-en-centro-de-detencion-migratoria-el-adelanto-california-foto-red-migrante-guatemalteca-11-1-75x75.jpeg 75w, https:\/\/soymigrante.com\/revista\/wp-content\/uploads\/2026\/03\/manifestacion-pacifica-en-centro-de-detencion-migratoria-el-adelanto-california-foto-red-migrante-guatemalteca-11-1-750x750.jpeg 750w, https:\/\/soymigrante.com\/revista\/wp-content\/uploads\/2026\/03\/manifestacion-pacifica-en-centro-de-detencion-migratoria-el-adelanto-california-foto-red-migrante-guatemalteca-11-1.jpeg 1080w\" sizes=\"(max-width: 1024px) 100vw, 1024px\" title=\"Walter Batres particip\u00f3 junto a integrantes de la Red Migrante Guatemalteca en la actividad, que incluy\u00f3 una serenada para animar y dar esperanza a los migrantes detenidos en El Adelanto, en el alto desierto de California. (Foto Red Migrante Guatemalteca) \u2013 SoyMigrante.com REVISTA\" \/>\t\t\t\t\t\t\t\t\t\t\t<figcaption class=\"widget-image-caption wp-caption-text\">Walter Batres particip\u00f3 junto a integrantes de la Red Migrante Guatemalteca en la actividad, que incluy\u00f3 una serenada para animar y dar esperanza a los migrantes detenidos en El Adelanto, en el alto desierto de California. (Foto Red Migrante Guatemalteca)<\/figcaption>\n\t\t\t\t\t\t\t\t\t\t<\/figure>\n\t\t\t\t\t\t\t\t\t<\/div>\n\t\t\t\t\t<\/div>\n\t\t\t\t<\/div>\n\t\t<div data-particle_enable=\"false\" data-particle-mobile-disabled=\"false\" class=\"elementor-element elementor-element-441501d e-flex e-con-boxed e-con e-parent\" data-id=\"441501d\" data-element_type=\"container\" data-e-type=\"container\">\n\t\t\t\t\t<div class=\"e-con-inner\">\n\t\t\t\t<div class=\"elementor-element elementor-element-1ab8e15 elementor-widget elementor-widget-text-editor\" data-id=\"1ab8e15\" data-element_type=\"widget\" data-e-type=\"widget\" data-widget_type=\"text-editor.default\">\n\t\t\t\t\t\t\t\t\t<p><span style=\"color: #000000; font-family: Mulish, sans-serif; font-size: 31px; font-weight: bold;\">Voces que buscan atravesar los muros<\/span><\/p><p>Para los organizadores, la protesta no solo fue una denuncia p\u00fablica, sino tambi\u00e9n un acto de acompa\u00f1amiento.<\/p><p>\u201cLas voces traspasaron paredes, puertas y ventanas de este centro de procesamiento\u201d, relat\u00f3 Batres. \u201cFue una acci\u00f3n de solidaridad que llev\u00f3 canto, m\u00fasica y poes\u00eda a las afueras de una de las c\u00e1rceles migratorias m\u00e1s grandes de la costa oeste\u201d.<\/p><p>Las manifestaciones frente a este centro de detenci\u00f3n no son nuevas, pero participantes destacaron la alta concurrencia de esta jornada, que reuni\u00f3 a cientos de personas decididas a visibilizar la situaci\u00f3n de los migrantes detenidos.<\/p><p>En medio del viento del desierto, las consignas se repet\u00edan una y otra vez:\u00a0<strong>\u201c\u00a1Lib\u00e9renlos a todos!\u201d\u00a0<\/strong><strong>\u201c\u00a1No est\u00e1n solos!\u201d<\/strong><\/p>\t\t\t\t\t\t\t\t<\/div>\n\t\t\t\t\t<\/div>\n\t\t\t\t<\/div>\n\t\t<div data-particle_enable=\"false\" data-particle-mobile-disabled=\"false\" class=\"elementor-element elementor-element-d7748b0 e-flex e-con-boxed e-con e-parent\" data-id=\"d7748b0\" data-element_type=\"container\" data-e-type=\"container\">\n\t\t\t\t\t<div class=\"e-con-inner\">\n\t\t\t\t<div class=\"elementor-element elementor-element-05e8157 elementor-widget elementor-widget-html\" data-id=\"05e8157\" data-element_type=\"widget\" data-e-type=\"widget\" data-widget_type=\"html.default\">\n\t\t\t\t\t<blockquote class=\"tiktok-embed\" cite=\"https:\/\/www.tiktok.com\/@urbankelp\/video\/7617353769755462942\" data-video-id=\"7617353769755462942\" style=\"max-width: 605px;min-width: 325px;\" > <section> <a target=\"_blank\" title=\"@urbankelp\" href=\"https:\/\/www.tiktok.com\/@urbankelp?refer=embed\">@urbankelp<\/a> <a title=\"fyp\u30b7\" target=\"_blank\" href=\"https:\/\/www.tiktok.com\/tag\/fyp%E3%82%B7?refer=embed\">#fyp\u30b7<\/a> <a title=\"pov\" target=\"_blank\" href=\"https:\/\/www.tiktok.com\/tag\/pov?refer=embed\">#pov<\/a> <a title=\"vlog\" target=\"_blank\" href=\"https:\/\/www.tiktok.com\/tag\/vlog?refer=embed\">#vlog<\/a> <a title=\"usa\" target=\"_blank\" href=\"https:\/\/www.tiktok.com\/tag\/usa?refer=embed\">#usa<\/a> <a title=\"california\" target=\"_blank\" href=\"https:\/\/www.tiktok.com\/tag\/california?refer=embed\">#california<\/a> <a target=\"_blank\" title=\"\u266c original sound - kelp\" href=\"https:\/\/www.tiktok.com\/music\/original-sound-7617353785689639710?refer=embed\">\u266c original sound - kelp<\/a> <\/section> <\/blockquote> <script async src=\"https:\/\/www.tiktok.com\/embed.js\"><\/script>\t\t\t\t<\/div>\n\t\t\t\t\t<\/div>\n\t\t\t\t<\/div>\n\t\t<div data-particle_enable=\"false\" data-particle-mobile-disabled=\"false\" class=\"elementor-element elementor-element-60dd9cd e-flex e-con-boxed e-con e-parent\" data-id=\"60dd9cd\" data-element_type=\"container\" data-e-type=\"container\">\n\t\t\t\t\t<div class=\"e-con-inner\">\n\t\t\t\t<div class=\"elementor-element elementor-element-b3b35f8 elementor-widget elementor-widget-global elementor-global-52097 elementor-widget-heading\" data-id=\"b3b35f8\" data-element_type=\"widget\" data-e-type=\"widget\" data-widget_type=\"heading.default\">\n\t\t\t\t\t<h2 class=\"elementor-heading-title elementor-size-default\">Quiz\u00e1 tambi\u00e9n te podr\u00eda interesar<\/h2>\t\t\t\t<\/div>\n\t\t\t\t\t<\/div>\n\t\t\t\t<\/div>\n\t\t<div data-particle_enable=\"false\" data-particle-mobile-disabled=\"false\" class=\"elementor-element elementor-element-d11d895 e-flex e-con-boxed e-con e-parent\" data-id=\"d11d895\" data-element_type=\"container\" data-e-type=\"container\">\n\t\t\t\t\t<div class=\"e-con-inner\">\n\t\t\t\t<div class=\"elementor-element elementor-element-6b5c81a elementor-grid-eael-col-3 elementor-grid-tablet-eael-col-2 elementor-grid-mobile-eael-col-1 elementor-widget elementor-widget-eael-post-grid\" data-id=\"6b5c81a\" data-element_type=\"widget\" data-e-type=\"widget\" data-settings=\"{&quot;eael_post_grid_columns&quot;:&quot;eael-col-3&quot;,&quot;eael_post_grid_columns_tablet&quot;:&quot;eael-col-2&quot;,&quot;eael_post_grid_columns_mobile&quot;:&quot;eael-col-1&quot;}\" data-widget_type=\"eael-post-grid.default\">\n\t\t\t\t\t<div id=\"eael-post-grid-6b5c81a\" class=\"eael-post-grid-container\">\n            <div class=\"eael-post-grid eael-post-appender eael-post-appender-6b5c81a eael-post-grid-style-one\" data-layout-mode=\"masonry\"><article class=\"eael-grid-post  eael-post-grid-column eael-pg-post-51544 category-noticias\" data-id=\"51544\">\n        <div class=\"eael-grid-post-holder\">\n            <div class=\"eael-grid-post-holder-inner\"><div class=\"eael-entry-media\"><div class=\"eael-entry-overlay fade-in\"><i class=\"far fa-hand-pointer\" aria-hidden=\"true\"><\/i><a href=\"https:\/\/soymigrante.com\/revista\/migrantes-guatemaltecos-senalan-suspension-sin-previo-aviso-de-emision-de-tarjeta-consular\/\"><\/a><\/div><div class=\"eael-entry-thumbnail eael-image-ratio\">\n                <img loading=\"lazy\" decoding=\"async\" width=\"727\" height=\"727\" src=\"https:\/\/soymigrante.com\/revista\/wp-content\/uploads\/2026\/01\/607250295_1313862590779831_3142098597351895380_n.jpg\" class=\"attachment-large size-large wp-image-51545\" alt=\"Consulado de Guatemala en Los Angeles\" srcset=\"https:\/\/soymigrante.com\/revista\/wp-content\/uploads\/2026\/01\/607250295_1313862590779831_3142098597351895380_n.jpg 727w, https:\/\/soymigrante.com\/revista\/wp-content\/uploads\/2026\/01\/607250295_1313862590779831_3142098597351895380_n-300x300.jpg 300w, https:\/\/soymigrante.com\/revista\/wp-content\/uploads\/2026\/01\/607250295_1313862590779831_3142098597351895380_n-150x150.jpg 150w, https:\/\/soymigrante.com\/revista\/wp-content\/uploads\/2026\/01\/607250295_1313862590779831_3142098597351895380_n-75x75.jpg 75w\" sizes=\"(max-width: 727px) 100vw, 727px\" \/>\n            <\/div>\n        <\/div><div class=\"eael-entry-wrapper\"><header class=\"eael-entry-header\"><h2 class=\"eael-entry-title\"><a class=\"eael-grid-post-link\" href=\"https:\/\/soymigrante.com\/revista\/migrantes-guatemaltecos-senalan-suspension-sin-previo-aviso-de-emision-de-tarjeta-consular\/\" title=\"Connacionales se\u00f1alan suspensi\u00f3n de emisi\u00f3n de tarjeta consular en  Los Angeles y piden cambiar forma de pago de tr\u00e1mites\">Connacionales se\u00f1alan suspensi\u00f3n de emisi\u00f3n de tarjeta consular en  Los Angeles y piden cambiar forma de pago de tr\u00e1mites<\/a><\/h2><\/header><div class=\"eael-entry-content\">\n                        <div class=\"eael-grid-post-excerpt\"><a href=\"https:\/\/soymigrante.com\/revista\/migrantes-guatemaltecos-senalan-suspension-sin-previo-aviso-de-emision-de-tarjeta-consular\/\" class=\"eael-post-elements-readmore-btn\">CONOCE SU HISTORIA <\/a><\/div>\n                    <\/div><\/div><\/div>\n        <\/div>\n    <\/article><article class=\"eael-grid-post  eael-post-grid-column eael-pg-post-53441 category-noticias\" data-id=\"53441\">\n        <div class=\"eael-grid-post-holder\">\n            <div class=\"eael-grid-post-holder-inner\"><div class=\"eael-entry-media\"><div class=\"eael-entry-overlay fade-in\"><i class=\"far fa-hand-pointer\" aria-hidden=\"true\"><\/i><a href=\"https:\/\/soymigrante.com\/revista\/aumentan-recursos-ante-cortes-de-luisiana-por-detenciones-migratorias-consideradas-ilegales\/\"><\/a><\/div><div class=\"eael-entry-thumbnail eael-image-ratio\">\n                <img loading=\"lazy\" decoding=\"async\" width=\"1024\" height=\"1024\" src=\"https:\/\/soymigrante.com\/revista\/wp-content\/uploads\/2026\/03\/detenciones-ilegales-migratorias.png\" class=\"attachment-large size-large wp-image-53443\" alt=\"detenciones ilegales migratorias\" srcset=\"https:\/\/soymigrante.com\/revista\/wp-content\/uploads\/2026\/03\/detenciones-ilegales-migratorias.png 1024w, https:\/\/soymigrante.com\/revista\/wp-content\/uploads\/2026\/03\/detenciones-ilegales-migratorias-300x300.png 300w, https:\/\/soymigrante.com\/revista\/wp-content\/uploads\/2026\/03\/detenciones-ilegales-migratorias-150x150.png 150w, https:\/\/soymigrante.com\/revista\/wp-content\/uploads\/2026\/03\/detenciones-ilegales-migratorias-768x768.png 768w, https:\/\/soymigrante.com\/revista\/wp-content\/uploads\/2026\/03\/detenciones-ilegales-migratorias-75x75.png 75w, https:\/\/soymigrante.com\/revista\/wp-content\/uploads\/2026\/03\/detenciones-ilegales-migratorias-750x750.png 750w\" sizes=\"(max-width: 1024px) 100vw, 1024px\" \/>\n            <\/div>\n        <\/div><div class=\"eael-entry-wrapper\"><header class=\"eael-entry-header\"><h2 class=\"eael-entry-title\"><a class=\"eael-grid-post-link\" href=\"https:\/\/soymigrante.com\/revista\/aumentan-recursos-ante-cortes-de-luisiana-por-detenciones-migratorias-consideradas-ilegales\/\" title=\"Aumentan recursos ante cortes de Luisiana por detenciones migratorias consideradas ilegales\">Aumentan recursos ante cortes de Luisiana por detenciones migratorias consideradas ilegales<\/a><\/h2><\/header><div class=\"eael-entry-content\">\n                        <div class=\"eael-grid-post-excerpt\"><a href=\"https:\/\/soymigrante.com\/revista\/aumentan-recursos-ante-cortes-de-luisiana-por-detenciones-migratorias-consideradas-ilegales\/\" class=\"eael-post-elements-readmore-btn\">CONOCE SU HISTORIA <\/a><\/div>\n                    <\/div><\/div><\/div>\n        <\/div>\n    <\/article><article class=\"eael-grid-post  eael-post-grid-column eael-pg-post-53220 category-noticias\" data-id=\"53220\">\n        <div class=\"eael-grid-post-holder\">\n            <div class=\"eael-grid-post-holder-inner\"><div class=\"eael-entry-media\"><div class=\"eael-entry-overlay fade-in\"><i class=\"far fa-hand-pointer\" aria-hidden=\"true\"><\/i><a href=\"https:\/\/soymigrante.com\/revista\/destitucion-kristi-noem-secretaria-de-seguridad-tras-criticas-bipartidistas-en-senado-por-muertes-y-costos-de-ofensiva-migratoria\/\"><\/a><\/div><div class=\"eael-entry-thumbnail eael-image-ratio\">\n                <img loading=\"lazy\" decoding=\"async\" width=\"685\" height=\"685\" src=\"https:\/\/soymigrante.com\/revista\/wp-content\/uploads\/2026\/03\/kristi-noem-.jpg\" class=\"attachment-large size-large wp-image-53221\" alt=\"kristi noem\" srcset=\"https:\/\/soymigrante.com\/revista\/wp-content\/uploads\/2026\/03\/kristi-noem-.jpg 685w, https:\/\/soymigrante.com\/revista\/wp-content\/uploads\/2026\/03\/kristi-noem--300x300.jpg 300w, https:\/\/soymigrante.com\/revista\/wp-content\/uploads\/2026\/03\/kristi-noem--150x150.jpg 150w, https:\/\/soymigrante.com\/revista\/wp-content\/uploads\/2026\/03\/kristi-noem--75x75.jpg 75w\" sizes=\"(max-width: 685px) 100vw, 685px\" \/>\n            <\/div>\n        <\/div><div class=\"eael-entry-wrapper\"><header class=\"eael-entry-header\"><h2 class=\"eael-entry-title\"><a class=\"eael-grid-post-link\" href=\"https:\/\/soymigrante.com\/revista\/destitucion-kristi-noem-secretaria-de-seguridad-tras-criticas-bipartidistas-en-senado-por-muertes-y-costos-de-ofensiva-migratoria\/\" title=\"Remueven a Kristi Noem como Secretaria de Seguridad, tras cr\u00edticas bipartidistas en Senado por muertes y costos de ofensiva migratoria\">Remueven a Kristi Noem como Secretaria de Seguridad, tras cr\u00edticas bipartidistas en Senado por muertes y costos de ofensiva migratoria<\/a><\/h2><\/header><div class=\"eael-entry-content\">\n                        <div class=\"eael-grid-post-excerpt\"><a href=\"https:\/\/soymigrante.com\/revista\/destitucion-kristi-noem-secretaria-de-seguridad-tras-criticas-bipartidistas-en-senado-por-muertes-y-costos-de-ofensiva-migratoria\/\" class=\"eael-post-elements-readmore-btn\">CONOCE SU HISTORIA <\/a><\/div>\n                    <\/div><\/div><\/div>\n        <\/div>\n    <\/article><\/div>\n            <div class=\"clearfix\"><\/div>\n        <\/div>            <div class=\"eael-load-more-button-wrap eael-force-hide\">\n                <button class=\"eael-load-more-button\" id=\"eael-load-more-btn-6b5c81a\" data-widget-id=\"6b5c81a\" data-widget=\"6b5c81a\" data-page-id=\"53710\" data-template=\"{&quot;dir&quot;:&quot;lite&quot;,&quot;file_name&quot;:&quot;one.php&quot;,&quot;name&quot;:&quot;Post-Grid&quot;}\" data-class=\"Essential_Addons_Elementor\\Elements\\Post_Grid\" data-layout=\"masonry\" data-page=\"1\" data-args=\"orderby=comment_count&amp;order=desc&amp;ignore_sticky_posts=1&amp;post_status=publish&amp;posts_per_page=3&amp;offset=0&amp;post_type=post&amp;tax_query%5B0%5D%5Btaxonomy%5D=category&amp;tax_query%5B0%5D%5Bfield%5D=term_id&amp;tax_query%5B0%5D%5Bterms%5D%5B0%5D=280&amp;tax_query%5Brelation%5D=AND\" data-max-page=\"30\">\n                    <span class=\"eael-btn-loader button__loader\"><\/span>\n                    <span class=\"eael_load_more_text\">Load More<\/span>\n                <\/button>\n            <\/div>\n            \t\t\t\t<\/div>\n\t\t\t\t\t<\/div>\n\t\t\t\t<\/div>\n\t\t\t\t<\/div>\n\t\t","protected":false},"excerpt":{"rendered":"<p>\u201c\u00a1Lib\u00e9renlos a todos!\u2026 \u00a1No est\u00e1n solos!\u201d\u00a0Ese fue el coro que reson\u00f3 durante varias horas en las afueras de un centro de detenci\u00f3n migratoria El Adelanto, ubicado en el alto desierto del sur de California, donde cientos de activistas se congregaron el s\u00e1bado 14 de marzo en una manifestaci\u00f3n pac\u00edfica para expresar solidaridad con migrantes detenidos [&hellip;]<\/p>\n","protected":false},"author":1,"featured_media":53712,"comment_status":"open","ping_status":"open","sticky":false,"template":"","format":"standard","meta":{"_acf_changed":false,"_eb_attr":"","footnotes":""},"categories":[280],"tags":[],"class_list":["post-53710","post","type-post","status-publish","format-standard","has-post-thumbnail","hentry","category-noticias"],"acf":[],"aioseo_notices":[],"aioseo_head":"\n\t\t<!-- All in One SEO Pro 4.9.6.2 - aioseo.com -->\n\t<meta name=\"description\" content=\"Secretaria de Seguridad Nacional Kristi Noem, que fue cuestionada por senadores republicados y dem\u00f3cratas esta semana, es removida del cargo por Donald Trump\" \/>\n\t<meta name=\"robots\" content=\"max-snippet:-1, max-image-preview:large, max-video-preview:-1\" \/>\n\t<meta name=\"author\" content=\"SoyMigrante.com REVISTA\"\/>\n\t<link rel=\"canonical\" href=\"https:\/\/soymigrante.com\/revista\/destitucion-kristi-noem-secretaria-de-seguridad-tras-criticas-bipartidistas-en-senado-por-muertes-y-costos-de-ofensiva-migratoria\/\" \/>\n\t<meta name=\"generator\" content=\"All in One SEO Pro (AIOSEO) 4.9.6.2\" \/>\n\n\t\t<link rel=\"preconnect\" href=\"https:\/\/fonts.googleapis.com\" crossorigin>\n<link rel=\"preconnect\" href=\"https:\/\/fonts.gstatic.com\" crossorigin>\n\t\t<meta property=\"og:locale\" content=\"es_ES\" \/>\n\t\t<meta property=\"og:site_name\" content=\"SoyMigrante.com REVISTA \u2013 Nuestra misi\u00f3n es reconocer y dignificar al migrante.\" \/>\n\t\t<meta property=\"og:type\" content=\"article\" \/>\n\t\t<meta property=\"og:title\" content=\"Destituci\u00f3n de Kristi Noem: la sustituye senador de Oklahoma\" \/>\n\t\t<meta property=\"og:description\" content=\"Secretaria de Seguridad Nacional Kristi Noem, que fue cuestionada por senadores republicados y dem\u00f3cratas esta semana, es removida del cargo por Donald Trump\" \/>\n\t\t<meta property=\"og:url\" content=\"https:\/\/soymigrante.com\/revista\/destitucion-kristi-noem-secretaria-de-seguridad-tras-criticas-bipartidistas-en-senado-por-muertes-y-costos-de-ofensiva-migratoria\/\" \/>\n\t\t<meta property=\"og:image\" content=\"https:\/\/soymigrante.com\/revista\/wp-content\/uploads\/2026\/03\/kristi-noem-.jpg\" \/>\n\t\t<meta property=\"og:image:secure_url\" content=\"https:\/\/soymigrante.com\/revista\/wp-content\/uploads\/2026\/03\/kristi-noem-.jpg\" \/>\n\t\t<meta property=\"og:image:width\" content=\"685\" \/>\n\t\t<meta property=\"og:image:height\" content=\"685\" \/>\n\t\t<meta property=\"article:published_time\" content=\"2026-03-05T20:56:03+00:00\" \/>\n\t\t<meta property=\"article:modified_time\" content=\"2026-03-05T20:56:43+00:00\" \/>\n\t\t<meta property=\"article:publisher\" content=\"https:\/\/www.facebook.com\/soymigrantecom\" \/>\n\t\t<meta name=\"twitter:card\" content=\"summary_large_image\" \/>\n\t\t<meta name=\"twitter:site\" content=\"@SoyMigrante_com\" \/>\n\t\t<meta name=\"twitter:title\" content=\"Destituci\u00f3n de Kristi Noem: la sustituye senador de Oklahoma\" \/>\n\t\t<meta name=\"twitter:description\" content=\"Secretaria de Seguridad Nacional Kristi Noem, que fue cuestionada por senadores republicados y dem\u00f3cratas esta semana, es removida del cargo por Donald Trump\" \/>\n\t\t<meta name=\"twitter:creator\" content=\"@SoyMigrante_com\" \/>\n\t\t<meta name=\"twitter:image\" content=\"https:\/\/soymigrante.com\/revista\/wp-content\/uploads\/2026\/03\/kristi-noem-.jpg\" \/>\n\t\t<!-- All in One SEO Pro -->\r\n\t\t<title>Destituci\u00f3n de Kristi Noem: la sustituye senador de Oklahoma<\/title>\n\n","aioseo_head_json":{"title":"Destituci\u00f3n de Kristi Noem: la sustituye senador de Oklahoma","description":"Secretaria de Seguridad Nacional Kristi Noem, que fue cuestionada por senadores republicados y dem\u00f3cratas esta semana, es removida del cargo por Donald Trump","canonical_url":"https:\/\/soymigrante.com\/revista\/destitucion-kristi-noem-secretaria-de-seguridad-tras-criticas-bipartidistas-en-senado-por-muertes-y-costos-de-ofensiva-migratoria\/","robots":"max-snippet:-1, max-image-preview:large, max-video-preview:-1","keywords":"","webmasterTools":{"miscellaneous":"&lt;link rel=\"preconnect\" href=\"https:\/\/fonts.googleapis.com\" crossorigin&gt;\n&lt;link rel=\"preconnect\" href=\"https:\/\/fonts.gstatic.com\" crossorigin&gt;"},"schema":null,"og:locale":"es_ES","og:site_name":"SoyMigrante.com REVISTA \u2013 Nuestra misi\u00f3n es reconocer y dignificar al migrante.","og:type":"article","og:title":"Destituci\u00f3n de Kristi Noem: la sustituye senador de Oklahoma","og:description":"Secretaria de Seguridad Nacional Kristi Noem, que fue cuestionada por senadores republicados y dem\u00f3cratas esta semana, es removida del cargo por Donald Trump","og:url":"https:\/\/soymigrante.com\/revista\/destitucion-kristi-noem-secretaria-de-seguridad-tras-criticas-bipartidistas-en-senado-por-muertes-y-costos-de-ofensiva-migratoria\/","og:image":"https:\/\/soymigrante.com\/revista\/wp-content\/uploads\/2026\/03\/kristi-noem-.jpg","og:image:secure_url":"https:\/\/soymigrante.com\/revista\/wp-content\/uploads\/2026\/03\/kristi-noem-.jpg","og:image:width":685,"og:image:height":685,"article:published_time":"2026-03-05T20:56:03+00:00","article:modified_time":"2026-03-05T20:56:43+00:00","article:publisher":"https:\/\/www.facebook.com\/soymigrantecom","twitter:card":"summary_large_image","twitter:site":"@SoyMigrante_com","twitter:title":"Destituci\u00f3n de Kristi Noem: la sustituye senador de Oklahoma","twitter:description":"Secretaria de Seguridad Nacional Kristi Noem, que fue cuestionada por senadores republicados y dem\u00f3cratas esta semana, es removida del cargo por Donald Trump","twitter:creator":"@SoyMigrante_com","twitter:image":"https:\/\/soymigrante.com\/revista\/wp-content\/uploads\/2026\/03\/kristi-noem-.jpg"},"aioseo_meta_data":{"post_id":"53710","title":"\u00a1No est\u00e1n solos! Mensaje a migrantes detenidos en California","description":"Guatemaltecos participan en manifestaci\u00f3n pac\u00edfica en Centro de Detenci\u00f3n Migrante en El Adelanto, en el desierto de California. Im\u00e1genes y detalles.","keywords":null,"keyphrases":{"focus":{"keyphrase":"Migrantes","score":69,"analysis":{"keyphraseInTitle":{"score":9,"maxScore":9,"error":0},"keyphraseInDescription":{"score":3,"maxScore":9,"error":1},"keyphraseLength":{"score":9,"maxScore":9,"error":0,"length":1},"keyphraseInURL":{"score":1,"maxScore":5,"error":1}}},"additional":[{"keyphrase":"Migrante","score":100,"analysis":{"keyphraseInDescription":{"score":9,"maxScore":9,"error":0},"keyphraseLength":{"score":9,"maxScore":9,"error":0,"length":1}}},{"keyphrase":"Detenci\u00f3n","score":100,"analysis":{"keyphraseInDescription":{"score":9,"maxScore":9,"error":0},"keyphraseLength":{"score":9,"maxScore":9,"error":0,"length":2}}},{"keyphrase":"California","score":100,"analysis":{"keyphraseInDescription":{"score":9,"maxScore":9,"error":0},"keyphraseLength":{"score":9,"maxScore":9,"error":0,"length":1}}},{"keyphrase":"Manifestaci\u00f3n","score":100,"analysis":{"keyphraseInDescription":{"score":9,"maxScore":9,"error":0},"keyphraseLength":{"score":9,"maxScore":9,"error":0,"length":2}}}]},"primary_term":null,"canonical_url":null,"og_title":null,"og_description":null,"og_object_type":"default","og_image_type":"default","og_image_url":null,"og_image_width":null,"og_image_height":null,"og_image_custom_url":null,"og_image_custom_fields":null,"og_video":"","og_custom_url":null,"og_article_section":null,"og_article_tags":null,"twitter_use_og":false,"twitter_card":"default","twitter_image_type":"default","twitter_image_url":null,"twitter_image_custom_url":null,"twitter_image_custom_fields":null,"twitter_title":null,"twitter_description":null,"schema":{"blockGraphs":[],"customGraphs":[],"default":{"data":{"Article":[],"Course":[],"Dataset":[],"FAQPage":[],"Movie":[],"Person":[],"Product":[],"ProductReview":[],"Car":[],"Recipe":[],"Service":[],"SoftwareApplication":[],"WebPage":[]},"graphName":"NewsArticle","isEnabled":true},"graphs":[]},"schema_type":"default","schema_type_options":null,"pillar_content":false,"robots_default":true,"robots_noindex":false,"robots_noarchive":false,"robots_nosnippet":false,"robots_nofollow":false,"robots_noimageindex":false,"robots_noodp":false,"robots_notranslate":false,"robots_max_snippet":"-1","robots_max_videopreview":"-1","robots_max_imagepreview":"large","priority":null,"frequency":"default","local_seo":null,"seo_analyzer_scan_date":null,"breadcrumb_settings":null,"limit_modified_date":false,"reviewed_by":"0","open_ai":null,"ai":{"faqs":[],"keyPoints":[],"titles":[],"descriptions":[],"socialPosts":{"email":[],"linkedin":[],"twitter":[],"facebook":[],"instagram":[]}},"created":"2026-03-16 12:42:48","updated":"2026-03-16 14:30:11"},"aioseo_breadcrumb":"<div class=\"aioseo-breadcrumbs\"><span class=\"aioseo-breadcrumb\">\n\t<a href=\"https:\/\/soymigrante.com\/revista\" title=\"Home\">Home<\/a>\n<\/span><span class=\"aioseo-breadcrumb-separator\">\u00bb<\/span><span class=\"aioseo-breadcrumb\">\n\t<a href=\"https:\/\/soymigrante.com\/revista\/category\/noticias\/\" title=\"Noticias\">Noticias<\/a>\n<\/span><span class=\"aioseo-breadcrumb-separator\">\u00bb<\/span><span class=\"aioseo-breadcrumb\">\n\tRed Migrante Guatemalteca participa en manifestacion pac\u00edfica en centro de detenci\u00f3n en desierto de California\n<\/span><\/div>","aioseo_breadcrumb_json":[{"label":"Home","link":"https:\/\/soymigrante.com\/revista"},{"label":"Noticias","link":"https:\/\/soymigrante.com\/revista\/category\/noticias\/"},{"label":"Red Migrante Guatemalteca participa en manifestacion pac\u00edfica en centro de detenci\u00f3n en desierto de California","link":"https:\/\/soymigrante.com\/revista\/manifestacion-pacifica-centro-detencion-migratoria-el-adelanto-california-red-migrante-guatemalteca\/"}],"_links":{"self":[{"href":"https:\/\/soymigrante.com\/revista\/wp-json\/wp\/v2\/posts\/53710","targetHints":{"allow":["GET"]}}],"collection":[{"href":"https:\/\/soymigrante.com\/revista\/wp-json\/wp\/v2\/posts"}],"about":[{"href":"https:\/\/soymigrante.com\/revista\/wp-json\/wp\/v2\/types\/post"}],"author":[{"embeddable":true,"href":"https:\/\/soymigrante.com\/revista\/wp-json\/wp\/v2\/users\/1"}],"replies":[{"embeddable":true,"href":"https:\/\/soymigrante.com\/revista\/wp-json\/wp\/v2\/comments?post=53710"}],"version-history":[{"count":5,"href":"https:\/\/soymigrante.com\/revista\/wp-json\/wp\/v2\/posts\/53710\/revisions"}],"predecessor-version":[{"id":53720,"href":"https:\/\/soymigrante.com\/revista\/wp-json\/wp\/v2\/posts\/53710\/revisions\/53720"}],"wp:featuredmedia":[{"embeddable":true,"href":"https:\/\/soymigrante.com\/revista\/wp-json\/wp\/v2\/media\/53712"}],"wp:attachment":[{"href":"https:\/\/soymigrante.com\/revista\/wp-json\/wp\/v2\/media?parent=53710"}],"wp:term":[{"taxonomy":"category","embeddable":true,"href":"https:\/\/soymigrante.com\/revista\/wp-json\/wp\/v2\/categories?post=53710"},{"taxonomy":"post_tag","embeddable":true,"href":"https:\/\/soymigrante.com\/revista\/wp-json\/wp\/v2\/tags?post=53710"}],"curies":[{"name":"wp","href":"https:\/\/api.w.org\/{rel}","templated":true}]}}