{"id":53675,"date":"2026-03-15T11:29:42","date_gmt":"2026-03-15T17:29:42","guid":{"rendered":"https:\/\/soymigrante.com\/revista\/?p=53675"},"modified":"2026-03-15T11:47:34","modified_gmt":"2026-03-15T17:47:34","slug":"antigua-guatemala-procesion-jesus-nazareno-dulce-mirada-santa-ana-cuaresma-fervor-2026-galeria-imagenes","status":"publish","type":"post","link":"https:\/\/soymigrante.com\/revista\/antigua-guatemala-procesion-jesus-nazareno-dulce-mirada-santa-ana-cuaresma-fervor-2026-galeria-imagenes\/","title":{"rendered":"En im\u00e1genes: Antigua Guatemala se viste de fervor y colorido en procesi\u00f3n del Nazareno de Santa Ana"},"content":{"rendered":"\t\t<div data-elementor-type=\"wp-post\" data-elementor-id=\"53675\" class=\"elementor elementor-53675\" data-elementor-post-type=\"post\">\n\t\t\t\t<div data-particle_enable=\"false\" data-particle-mobile-disabled=\"false\" class=\"elementor-element elementor-element-f9593f0 e-flex e-con-boxed e-con e-parent\" data-id=\"f9593f0\" data-element_type=\"container\" data-e-type=\"container\">\n\t\t\t\t\t<div class=\"e-con-inner\">\n\t\t\t\t<div class=\"elementor-element elementor-element-f477e58 elementor-widget elementor-widget-heading\" data-id=\"f477e58\" data-element_type=\"widget\" data-e-type=\"widget\" data-widget_type=\"heading.default\">\n\t\t\t\t\t<h3 class=\"elementor-heading-title elementor-size-default\">El Nazareno de la Dulce Mirada, del templo Santa Ana vuelve a recorrer las calles de Antigua Guatemala, enmedio de miles de devotos y sobre deslumbrantes alfombras. Detalles y galer\u00eda de im\u00e1genes.<\/h3>\t\t\t\t<\/div>\n\t\t\t\t\t<\/div>\n\t\t\t\t<\/div>\n\t\t<div data-particle_enable=\"false\" data-particle-mobile-disabled=\"false\" class=\"elementor-element elementor-element-f184db2 e-flex e-con-boxed e-con e-parent\" data-id=\"f184db2\" data-element_type=\"container\" data-e-type=\"container\">\n\t\t\t\t\t<div class=\"e-con-inner\">\n\t\t\t\t<div class=\"elementor-element elementor-element-eb830b0 elementor-widget elementor-widget-text-editor\" data-id=\"eb830b0\" data-element_type=\"widget\" data-e-type=\"widget\" data-widget_type=\"text-editor.default\">\n\t\t\t\t\t\t\t\t\t<p><span style=\"color: #7a7a7a;\">Las calles empedradas de <\/span><a href=\"https:\/\/es.wikipedia.org\/wiki\/Antigua_Guatemala\" target=\"_blank\" rel=\"noopener\">Antigua Guatemala<\/a><span style=\"color: #7a7a7a;\"> vuelven a llenarse de incienso, marchas f\u00fanebres y devoci\u00f3n, como en cada domingo de Cuaresma, con la procesi\u00f3n\u00a0<\/span><a href=\"https:\/\/es.wikipedia.org\/wiki\/Jes%C3%BAs_Nazareno_de_la_Dulce_Mirada_de_Santa_Ana_(Antigua_Guatemala)\" target=\"_blank\" rel=\"noopener\">Jes\u00fas Nazareno de la Dulce Mirada<\/a><span style=\"color: #7a7a7a;\">, venerado en el templo de la aldea Santa Ana. La imagen,\u00a0 sali\u00f3 en su tradicional recorrido del cuarto domingo de <\/span><a href=\"https:\/\/es.wikipedia.org\/wiki\/Cuaresma\" target=\"_blank\" rel=\"noopener\">Cuaresma<\/a><span style=\"color: #7a7a7a;\">, en su 25 aniversario de consagraci\u00f3n.<\/span><\/p><p>La consagrada imagen data de finales del siglo XVII. Su autor permanece desconocido. Uno de sus rasgos m\u00e1s distintivos es la cabellera tallada directamente en la madera, algo poco com\u00fan entre los Nazarenos guatemaltecos.\u00a0<\/p><p>\u00a0Es tal la belleza de su burilado que, seg\u00fan la tradici\u00f3n oral, el escultor hab\u00eda pactado como pago un canasto de monedas de plata. Pero al ver la obra terminada, los vecinos de Santa Ana, impresionados por la belleza de la imagen, habr\u00edan decidido entregarle dos canastos en se\u00f1al de gratitud. As\u00ed existen otras tradiciones o\u00a0<a href=\"https:\/\/soymigrante.com\/revista\/leyendas-de-sucesos-sobrenaturales-durante-en-cuaresma-y-semana-santa-de-guatemala\/\" target=\"_blank\" rel=\"noopener\">leyendas de sucesos sobrenaturales durante Cuaresma y Semana Santa en Guatemala<\/a>.<\/p>\t\t\t\t\t\t\t\t<\/div>\n\t\t\t\t\t<\/div>\n\t\t\t\t<\/div>\n\t\t<div data-particle_enable=\"false\" data-particle-mobile-disabled=\"false\" class=\"elementor-element elementor-element-c1e66ad e-flex e-con-boxed e-con e-parent\" data-id=\"c1e66ad\" data-element_type=\"container\" data-e-type=\"container\">\n\t\t\t\t\t<div class=\"e-con-inner\">\n\t\t\t\t<div class=\"elementor-element elementor-element-373ccf2 elementor-widget elementor-widget-image\" data-id=\"373ccf2\" data-element_type=\"widget\" data-e-type=\"widget\" data-widget_type=\"image.default\">\n\t\t\t\t\t\t\t\t\t\t\t\t<figure class=\"wp-caption\">\n\t\t\t\t\t\t\t\t\t\t<img fetchpriority=\"high\" decoding=\"async\" width=\"768\" height=\"1024\" src=\"https:\/\/soymigrante.com\/revista\/wp-content\/uploads\/2026\/03\/antigua-guatemala-procesion-santa-ana-nazareno-dulce-mirada-fotos-michelle-gonzalez-2-768x1024.jpeg\" class=\"attachment-large size-large wp-image-53685\" alt=\"Desde antes de la salida del anda del templo de Santa Ana, Antigua Guatemala, cientos de fieles se aglomeraron en el atrio y la plazoleta, para orar por la paz de Guatemala. (Foto Michelle Gonzalez)\" srcset=\"https:\/\/soymigrante.com\/revista\/wp-content\/uploads\/2026\/03\/antigua-guatemala-procesion-santa-ana-nazareno-dulce-mirada-fotos-michelle-gonzalez-2-768x1024.jpeg 768w, https:\/\/soymigrante.com\/revista\/wp-content\/uploads\/2026\/03\/antigua-guatemala-procesion-santa-ana-nazareno-dulce-mirada-fotos-michelle-gonzalez-2-225x300.jpeg 225w, https:\/\/soymigrante.com\/revista\/wp-content\/uploads\/2026\/03\/antigua-guatemala-procesion-santa-ana-nazareno-dulce-mirada-fotos-michelle-gonzalez-2-750x1000.jpeg 750w, https:\/\/soymigrante.com\/revista\/wp-content\/uploads\/2026\/03\/antigua-guatemala-procesion-santa-ana-nazareno-dulce-mirada-fotos-michelle-gonzalez-2.jpeg 960w\" sizes=\"(max-width: 768px) 100vw, 768px\" title=\"Desde antes de la salida del anda del templo de Santa Ana, Antigua Guatemala, cientos de fieles se aglomeraron en el atrio y la plazoleta, para orar por la paz de Guatemala. (Foto Michelle Gonzalez) \u2013 SoyMigrante.com REVISTA\" \/>\t\t\t\t\t\t\t\t\t\t\t<figcaption class=\"widget-image-caption wp-caption-text\">Desde antes de la salida del anda del templo de Santa Ana, Antigua Guatemala, cientos de fieles se aglomeraron en el atrio y la plazoleta, para orar por la paz de Guatemala. (Foto Michelle Gonzalez)<\/figcaption>\n\t\t\t\t\t\t\t\t\t\t<\/figure>\n\t\t\t\t\t\t\t\t\t<\/div>\n\t\t\t\t\t<\/div>\n\t\t\t\t<\/div>\n\t\t<div data-particle_enable=\"false\" data-particle-mobile-disabled=\"false\" class=\"elementor-element elementor-element-510cea9 e-flex e-con-boxed e-con e-parent\" data-id=\"510cea9\" data-element_type=\"container\" data-e-type=\"container\">\n\t\t\t\t\t<div class=\"e-con-inner\">\n\t\t\t\t<div class=\"elementor-element elementor-element-c2029bb elementor-widget elementor-widget-text-editor\" data-id=\"c2029bb\" data-element_type=\"widget\" data-e-type=\"widget\" data-widget_type=\"text-editor.default\">\n\t\t\t\t\t\t\t\t\t<p>El cortejo procesional avanza lentamente sobre un pesado anda cargada por turnos de devotos conocidos como <a href=\"https:\/\/es.wikipedia.org\/wiki\/Cucurucho\" target=\"_blank\" rel=\"noopener\">cucuruchos<\/a>, cuya indumentaria morada simboliza penitencia y reflexi\u00f3n.\u00a0<\/p><p>Para muchos guatemaltecos que viven fuera del pa\u00eds, estas tradiciones representan un v\u00ednculo profundo con la identidad cultural y espiritual, que adquiere m\u00faltiples formas en\u00a0<a href=\"https:\/\/soymigrante.com\/revista\/galeria-de-indumentarias-de-devotos-y-cucuruchos-de-cuaresma-y-semana-santa-guatemalteca\/\" target=\"_blank\" rel=\"noopener\">las distintas indumentarias de cucuruchos y devotos de Semana Santa<\/a>\u00a0pero una sola fe.<\/p>\t\t\t\t\t\t\t\t<\/div>\n\t\t\t\t\t<\/div>\n\t\t\t\t<\/div>\n\t\t<div data-particle_enable=\"false\" data-particle-mobile-disabled=\"false\" class=\"elementor-element elementor-element-ff68b55 e-flex e-con-boxed e-con e-parent\" data-id=\"ff68b55\" data-element_type=\"container\" data-e-type=\"container\">\n\t\t\t\t\t<div class=\"e-con-inner\">\n\t\t\t\t<div class=\"elementor-element elementor-element-297298b elementor-widget elementor-widget-image\" data-id=\"297298b\" data-element_type=\"widget\" data-e-type=\"widget\" data-widget_type=\"image.default\">\n\t\t\t\t\t\t\t\t\t\t\t\t<figure class=\"wp-caption\">\n\t\t\t\t\t\t\t\t\t\t<img decoding=\"async\" width=\"768\" height=\"1024\" src=\"https:\/\/soymigrante.com\/revista\/wp-content\/uploads\/2026\/03\/antigua-guatemala-procesion-santa-ana-nazareno-dulce-mirada-fotos-michelle-gonzalez-4-768x1024.jpeg\" class=\"attachment-large size-large wp-image-53686\" alt=\"El rumor de las oraciones se alterna con el sonido de las tradicionales marchas procesionales guatemaltecas. El Nazareno de la Dulce Mirada del Templo de Santa Ana cumple 25 a\u00f1os de consagraci\u00f3n este 2026 y est\u00e1 en las calles para bendecir a toda Guatemala. (Foto Michelle Gonzalez)\" srcset=\"https:\/\/soymigrante.com\/revista\/wp-content\/uploads\/2026\/03\/antigua-guatemala-procesion-santa-ana-nazareno-dulce-mirada-fotos-michelle-gonzalez-4-768x1024.jpeg 768w, https:\/\/soymigrante.com\/revista\/wp-content\/uploads\/2026\/03\/antigua-guatemala-procesion-santa-ana-nazareno-dulce-mirada-fotos-michelle-gonzalez-4-225x300.jpeg 225w, https:\/\/soymigrante.com\/revista\/wp-content\/uploads\/2026\/03\/antigua-guatemala-procesion-santa-ana-nazareno-dulce-mirada-fotos-michelle-gonzalez-4-750x1000.jpeg 750w, https:\/\/soymigrante.com\/revista\/wp-content\/uploads\/2026\/03\/antigua-guatemala-procesion-santa-ana-nazareno-dulce-mirada-fotos-michelle-gonzalez-4.jpeg 960w\" sizes=\"(max-width: 768px) 100vw, 768px\" title=\"El rumor de las oraciones se alterna con el sonido de las tradicionales marchas procesionales guatemaltecas. El Nazareno de la Dulce Mirada del Templo de Santa Ana cumple 25 a\u00f1os de consagraci\u00f3n este 2026 y est\u00e1 en las calles para bendecir a toda Guatemala. (Foto Michelle Gonzalez) \u2013 SoyMigrante.com REVISTA\" \/>\t\t\t\t\t\t\t\t\t\t\t<figcaption class=\"widget-image-caption wp-caption-text\">El rumor de las oraciones se alterna con el sonido de las tradicionales marchas procesionales guatemaltecas. El Nazareno de la Dulce Mirada del Templo de Santa Ana cumple 25 a\u00f1os de consagraci\u00f3n este 2026 y est\u00e1 en las calles para bendecir a toda Guatemala. (Foto Michelle Gonzalez)<\/figcaption>\n\t\t\t\t\t\t\t\t\t\t<\/figure>\n\t\t\t\t\t\t\t\t\t<\/div>\n\t\t\t\t\t<\/div>\n\t\t\t\t<\/div>\n\t\t<div data-particle_enable=\"false\" data-particle-mobile-disabled=\"false\" class=\"elementor-element elementor-element-96b0c34 e-flex e-con-boxed e-con e-parent\" data-id=\"96b0c34\" data-element_type=\"container\" data-e-type=\"container\">\n\t\t\t\t\t<div class=\"e-con-inner\">\n\t\t\t\t<div class=\"elementor-element elementor-element-2b1a683 elementor-widget elementor-widget-text-editor\" data-id=\"2b1a683\" data-element_type=\"widget\" data-e-type=\"widget\" data-widget_type=\"text-editor.default\">\n\t\t\t\t\t\t\t\t\t<p>Uno de los momentos m\u00e1s esperados del recorrido es el paso de las andas sobre las tradicionales alfombras elaboradas por vecinos y devotos. Con aserr\u00edn te\u00f1ido, flores, frutas, pino y semillas, las familias crean verdaderas obras ef\u00edmeras que llenan de color las calles coloniales.\u00a0<\/p><p>Morados intensos, rojos y amarillos dibujan s\u00edmbolos de la Pasi\u00f3n y motivos geom\u00e9tricos que reflejan tanto creatividad como fe. Al paso del Nazareno, estas alfombras desaparecen bajo el anda, en un gesto simb\u00f3lico de ofrenda y devoci\u00f3n que cada a\u00f1o reafirma el profundo fervor religioso que distingue a la Cuaresma antig\u00fce\u00f1a.<\/p><p><b>Fotograf\u00edas: Michelle Gonz\u00e1lez<\/b><\/p>\t\t\t\t\t\t\t\t<\/div>\n\t\t\t\t\t<\/div>\n\t\t\t\t<\/div>\n\t\t<div data-particle_enable=\"false\" data-particle-mobile-disabled=\"false\" class=\"elementor-element elementor-element-d9d0e59 e-flex e-con-boxed e-con e-parent\" data-id=\"d9d0e59\" data-element_type=\"container\" data-e-type=\"container\">\n\t\t\t\t\t<div class=\"e-con-inner\">\n\t\t\t\t<div class=\"elementor-element elementor-element-851e612 elementor-widget elementor-widget-heading\" data-id=\"851e612\" data-element_type=\"widget\" data-e-type=\"widget\" data-widget_type=\"heading.default\">\n\t\t\t\t\t<h3 class=\"elementor-heading-title elementor-size-default\">Galer\u00eda fotogr\u00e1fica de alfombras al paso del Nazareno de Santa Ana: devoci\u00f3n sin palabras<\/h3>\t\t\t\t<\/div>\n\t\t\t\t\t<\/div>\n\t\t\t\t<\/div>\n\t\t<div data-particle_enable=\"false\" data-particle-mobile-disabled=\"false\" class=\"elementor-element elementor-element-6580773 e-flex e-con-boxed e-con e-parent\" data-id=\"6580773\" data-element_type=\"container\" data-e-type=\"container\">\n\t\t\t\t\t<div class=\"e-con-inner\">\n\t\t\t\t<div class=\"elementor-element elementor-element-4397833 elementor-widget elementor-widget-image-gallery\" data-id=\"4397833\" data-element_type=\"widget\" data-e-type=\"widget\" data-widget_type=\"image-gallery.default\">\n\t\t\t\t\t\t\t<div class=\"elementor-image-gallery\">\n\t\t\t<div id='gallery-8' class='gallery galleryid-53675 gallery-columns-1 gallery-size-large'><figure class='gallery-item'>\n\t\t\t<div class='gallery-icon portrait'>\n\t\t\t\t<a data-elementor-open-lightbox=\"yes\" data-elementor-lightbox-slideshow=\"4397833\" data-elementor-lightbox-title=\"alfombra antigua guatemala procesi\u00f3n santa ana nazareno dulce mirada fotos michelle gonzalez 14\" data-elementor-lightbox-description=\"alfombra antigua guatemala procesi\u00f3n santa ana nazareno dulce mirada fotos michelle gonzalez 14\" data-e-action-hash=\"#elementor-action%3Aaction%3Dlightbox%26settings%3DeyJpZCI6NTM3MDQsInVybCI6Imh0dHBzOlwvXC9zb3ltaWdyYW50ZS5jb21cL3JldmlzdGFcL3dwLWNvbnRlbnRcL3VwbG9hZHNcLzIwMjZcLzAzXC9hbGZvbWJyYS1hbnRpZ3VhLWd1YXRlbWFsYS1wcm9jZXNpb24tc2FudGEtYW5hLW5hemFyZW5vLWR1bGNlLW1pcmFkYS1mb3Rvcy1taWNoZWxsZS1nb256YWxlei0xNC5qcGVnIiwic2xpZGVzaG93IjoiNDM5NzgzMyJ9\" href='https:\/\/soymigrante.com\/revista\/wp-content\/uploads\/2026\/03\/alfombra-antigua-guatemala-procesion-santa-ana-nazareno-dulce-mirada-fotos-michelle-gonzalez-14.jpeg'><img decoding=\"async\" width=\"768\" height=\"1024\" src=\"https:\/\/soymigrante.com\/revista\/wp-content\/uploads\/2026\/03\/alfombra-antigua-guatemala-procesion-santa-ana-nazareno-dulce-mirada-fotos-michelle-gonzalez-14-768x1024.jpeg\" class=\"attachment-large size-large\" alt=\"alfombra antigua guatemala procesi\u00f3n santa ana nazareno dulce mirada fotos michelle gonzalez 14\" aria-describedby=\"gallery-8-53704\" srcset=\"https:\/\/soymigrante.com\/revista\/wp-content\/uploads\/2026\/03\/alfombra-antigua-guatemala-procesion-santa-ana-nazareno-dulce-mirada-fotos-michelle-gonzalez-14-768x1024.jpeg 768w, https:\/\/soymigrante.com\/revista\/wp-content\/uploads\/2026\/03\/alfombra-antigua-guatemala-procesion-santa-ana-nazareno-dulce-mirada-fotos-michelle-gonzalez-14-225x300.jpeg 225w, https:\/\/soymigrante.com\/revista\/wp-content\/uploads\/2026\/03\/alfombra-antigua-guatemala-procesion-santa-ana-nazareno-dulce-mirada-fotos-michelle-gonzalez-14-750x1000.jpeg 750w, https:\/\/soymigrante.com\/revista\/wp-content\/uploads\/2026\/03\/alfombra-antigua-guatemala-procesion-santa-ana-nazareno-dulce-mirada-fotos-michelle-gonzalez-14.jpeg 960w\" sizes=\"(max-width: 768px) 100vw, 768px\" title=\"alfombra antigua guatemala procesi\u00f3n santa ana nazareno dulce mirada fotos michelle gonzalez 14 \u2013 SoyMigrante.com REVISTA\" \/><\/a>\n\t\t\t<\/div>\n\t\t\t\t<figcaption class='wp-caption-text gallery-caption' id='gallery-8-53704'>\n\t\t\t\talfombra antigua guatemala procesi\u00f3n santa ana nazareno dulce mirada fotos michelle gonzalez 14\n\t\t\t\t<\/figcaption><\/figure><figure class='gallery-item'>\n\t\t\t<div class='gallery-icon portrait'>\n\t\t\t\t<a data-elementor-open-lightbox=\"yes\" data-elementor-lightbox-slideshow=\"4397833\" data-elementor-lightbox-title=\"antigua guatemala procesi\u00f3n santa ana nazareno dulce mirada fotos michelle gonzalez 12\" data-elementor-lightbox-description=\"antigua guatemala procesi\u00f3n santa ana nazareno dulce mirada fotos michelle gonzalez 12\" data-e-action-hash=\"#elementor-action%3Aaction%3Dlightbox%26settings%3DeyJpZCI6NTM3MDEsInVybCI6Imh0dHBzOlwvXC9zb3ltaWdyYW50ZS5jb21cL3JldmlzdGFcL3dwLWNvbnRlbnRcL3VwbG9hZHNcLzIwMjZcLzAzXC9hbnRpZ3VhLWd1YXRlbWFsYS1wcm9jZXNpb24tc2FudGEtYW5hLW5hemFyZW5vLWR1bGNlLW1pcmFkYS1mb3Rvcy1taWNoZWxsZS1nb256YWxlei0xMi5qcGVnIiwic2xpZGVzaG93IjoiNDM5NzgzMyJ9\" href='https:\/\/soymigrante.com\/revista\/wp-content\/uploads\/2026\/03\/antigua-guatemala-procesion-santa-ana-nazareno-dulce-mirada-fotos-michelle-gonzalez-12.jpeg'><img loading=\"lazy\" decoding=\"async\" width=\"768\" height=\"1024\" src=\"https:\/\/soymigrante.com\/revista\/wp-content\/uploads\/2026\/03\/antigua-guatemala-procesion-santa-ana-nazareno-dulce-mirada-fotos-michelle-gonzalez-12-768x1024.jpeg\" class=\"attachment-large size-large\" alt=\"antigua guatemala procesi\u00f3n santa ana nazareno dulce mirada fotos michelle gonzalez 12\" aria-describedby=\"gallery-8-53701\" srcset=\"https:\/\/soymigrante.com\/revista\/wp-content\/uploads\/2026\/03\/antigua-guatemala-procesion-santa-ana-nazareno-dulce-mirada-fotos-michelle-gonzalez-12-768x1024.jpeg 768w, https:\/\/soymigrante.com\/revista\/wp-content\/uploads\/2026\/03\/antigua-guatemala-procesion-santa-ana-nazareno-dulce-mirada-fotos-michelle-gonzalez-12-225x300.jpeg 225w, https:\/\/soymigrante.com\/revista\/wp-content\/uploads\/2026\/03\/antigua-guatemala-procesion-santa-ana-nazareno-dulce-mirada-fotos-michelle-gonzalez-12-750x1000.jpeg 750w, https:\/\/soymigrante.com\/revista\/wp-content\/uploads\/2026\/03\/antigua-guatemala-procesion-santa-ana-nazareno-dulce-mirada-fotos-michelle-gonzalez-12.jpeg 960w\" sizes=\"(max-width: 768px) 100vw, 768px\" title=\"antigua guatemala procesi\u00f3n santa ana nazareno dulce mirada fotos michelle gonzalez 12 \u2013 SoyMigrante.com REVISTA\" \/><\/a>\n\t\t\t<\/div>\n\t\t\t\t<figcaption class='wp-caption-text gallery-caption' id='gallery-8-53701'>\n\t\t\t\tantigua guatemala procesi\u00f3n santa ana nazareno dulce mirada fotos michelle gonzalez 12\n\t\t\t\t<\/figcaption><\/figure><figure class='gallery-item'>\n\t\t\t<div class='gallery-icon portrait'>\n\t\t\t\t<a data-elementor-open-lightbox=\"yes\" data-elementor-lightbox-slideshow=\"4397833\" data-elementor-lightbox-title=\"alfombras antigua guatemala procesi\u00f3n santa ana nazareno dulce mirada fotos michelle gonzalez 19\" data-elementor-lightbox-description=\"alfombras antigua guatemala procesi\u00f3n santa ana nazareno dulce mirada fotos michelle gonzalez 19\" data-e-action-hash=\"#elementor-action%3Aaction%3Dlightbox%26settings%3DeyJpZCI6NTM2OTAsInVybCI6Imh0dHBzOlwvXC9zb3ltaWdyYW50ZS5jb21cL3JldmlzdGFcL3dwLWNvbnRlbnRcL3VwbG9hZHNcLzIwMjZcLzAzXC9hbnRpZ3VhLWd1YXRlbWFsYS1wcm9jZXNpb24tc2FudGEtYW5hLW5hemFyZW5vLWR1bGNlLW1pcmFkYS1mb3Rvcy1taWNoZWxsZS1nb256YWxlei0xNS5qcGVnIiwic2xpZGVzaG93IjoiNDM5NzgzMyJ9\" href='https:\/\/soymigrante.com\/revista\/wp-content\/uploads\/2026\/03\/antigua-guatemala-procesion-santa-ana-nazareno-dulce-mirada-fotos-michelle-gonzalez-15.jpeg'><img loading=\"lazy\" decoding=\"async\" width=\"768\" height=\"1024\" src=\"https:\/\/soymigrante.com\/revista\/wp-content\/uploads\/2026\/03\/antigua-guatemala-procesion-santa-ana-nazareno-dulce-mirada-fotos-michelle-gonzalez-15-768x1024.jpeg\" class=\"attachment-large size-large\" alt=\"alfombras antigua guatemala procesi\u00f3n santa ana nazareno dulce mirada fotos michelle gonzalez 19\" aria-describedby=\"gallery-8-53690\" srcset=\"https:\/\/soymigrante.com\/revista\/wp-content\/uploads\/2026\/03\/antigua-guatemala-procesion-santa-ana-nazareno-dulce-mirada-fotos-michelle-gonzalez-15-768x1024.jpeg 768w, https:\/\/soymigrante.com\/revista\/wp-content\/uploads\/2026\/03\/antigua-guatemala-procesion-santa-ana-nazareno-dulce-mirada-fotos-michelle-gonzalez-15-225x300.jpeg 225w, https:\/\/soymigrante.com\/revista\/wp-content\/uploads\/2026\/03\/antigua-guatemala-procesion-santa-ana-nazareno-dulce-mirada-fotos-michelle-gonzalez-15-750x1000.jpeg 750w, https:\/\/soymigrante.com\/revista\/wp-content\/uploads\/2026\/03\/antigua-guatemala-procesion-santa-ana-nazareno-dulce-mirada-fotos-michelle-gonzalez-15.jpeg 960w\" sizes=\"(max-width: 768px) 100vw, 768px\" title=\"alfombras antigua guatemala procesi\u00f3n santa ana nazareno dulce mirada fotos michelle gonzalez 19 \u2013 SoyMigrante.com REVISTA\" \/><\/a>\n\t\t\t<\/div>\n\t\t\t\t<figcaption class='wp-caption-text gallery-caption' id='gallery-8-53690'>\n\t\t\t\talfombras antigua guatemala procesi\u00f3n santa ana nazareno dulce mirada fotos michelle gonzalez 19\n\t\t\t\t<\/figcaption><\/figure><figure class='gallery-item'>\n\t\t\t<div class='gallery-icon portrait'>\n\t\t\t\t<a data-elementor-open-lightbox=\"yes\" data-elementor-lightbox-slideshow=\"4397833\" data-elementor-lightbox-title=\"alfombras antigua guatemala procesi\u00f3n santa ana nazareno dulce mirada fotos michelle gonzalez 19\" data-elementor-lightbox-description=\"alfombras antigua guatemala procesi\u00f3n santa ana nazareno dulce mirada fotos michelle gonzalez 19\" data-e-action-hash=\"#elementor-action%3Aaction%3Dlightbox%26settings%3DeyJpZCI6NTM2ODgsInVybCI6Imh0dHBzOlwvXC9zb3ltaWdyYW50ZS5jb21cL3JldmlzdGFcL3dwLWNvbnRlbnRcL3VwbG9hZHNcLzIwMjZcLzAzXC9hbnRpZ3VhLWd1YXRlbWFsYS1wcm9jZXNpb24tc2FudGEtYW5hLW5hemFyZW5vLWR1bGNlLW1pcmFkYS1mb3Rvcy1taWNoZWxsZS1nb256YWxlei0xMy5qcGVnIiwic2xpZGVzaG93IjoiNDM5NzgzMyJ9\" href='https:\/\/soymigrante.com\/revista\/wp-content\/uploads\/2026\/03\/antigua-guatemala-procesion-santa-ana-nazareno-dulce-mirada-fotos-michelle-gonzalez-13.jpeg'><img loading=\"lazy\" decoding=\"async\" width=\"768\" height=\"1024\" src=\"https:\/\/soymigrante.com\/revista\/wp-content\/uploads\/2026\/03\/antigua-guatemala-procesion-santa-ana-nazareno-dulce-mirada-fotos-michelle-gonzalez-13-768x1024.jpeg\" class=\"attachment-large size-large\" alt=\"alfombras antigua guatemala procesi\u00f3n santa ana nazareno dulce mirada fotos michelle gonzalez 19\" aria-describedby=\"gallery-8-53688\" srcset=\"https:\/\/soymigrante.com\/revista\/wp-content\/uploads\/2026\/03\/antigua-guatemala-procesion-santa-ana-nazareno-dulce-mirada-fotos-michelle-gonzalez-13-768x1024.jpeg 768w, https:\/\/soymigrante.com\/revista\/wp-content\/uploads\/2026\/03\/antigua-guatemala-procesion-santa-ana-nazareno-dulce-mirada-fotos-michelle-gonzalez-13-225x300.jpeg 225w, https:\/\/soymigrante.com\/revista\/wp-content\/uploads\/2026\/03\/antigua-guatemala-procesion-santa-ana-nazareno-dulce-mirada-fotos-michelle-gonzalez-13-750x1000.jpeg 750w, https:\/\/soymigrante.com\/revista\/wp-content\/uploads\/2026\/03\/antigua-guatemala-procesion-santa-ana-nazareno-dulce-mirada-fotos-michelle-gonzalez-13.jpeg 960w\" sizes=\"(max-width: 768px) 100vw, 768px\" title=\"alfombras antigua guatemala procesi\u00f3n santa ana nazareno dulce mirada fotos michelle gonzalez 19 \u2013 SoyMigrante.com REVISTA\" \/><\/a>\n\t\t\t<\/div>\n\t\t\t\t<figcaption class='wp-caption-text gallery-caption' id='gallery-8-53688'>\n\t\t\t\talfombras antigua guatemala procesi\u00f3n santa ana nazareno dulce mirada fotos michelle gonzalez 19\n\t\t\t\t<\/figcaption><\/figure><figure class='gallery-item'>\n\t\t\t<div class='gallery-icon portrait'>\n\t\t\t\t<a data-elementor-open-lightbox=\"yes\" data-elementor-lightbox-slideshow=\"4397833\" data-elementor-lightbox-title=\"alfombras antigua guatemala procesi\u00f3n santa ana nazareno dulce mirada fotos michelle gonzalez 19\" data-elementor-lightbox-description=\"alfombras antigua guatemala procesi\u00f3n santa ana nazareno dulce mirada fotos michelle gonzalez 19\" data-e-action-hash=\"#elementor-action%3Aaction%3Dlightbox%26settings%3DeyJpZCI6NTM2ODksInVybCI6Imh0dHBzOlwvXC9zb3ltaWdyYW50ZS5jb21cL3JldmlzdGFcL3dwLWNvbnRlbnRcL3VwbG9hZHNcLzIwMjZcLzAzXC9hbnRpZ3VhLWd1YXRlbWFsYS1wcm9jZXNpb24tc2FudGEtYW5hLW5hemFyZW5vLWR1bGNlLW1pcmFkYS1mb3Rvcy1taWNoZWxsZS1nb256YWxlei0xNC5qcGVnIiwic2xpZGVzaG93IjoiNDM5NzgzMyJ9\" href='https:\/\/soymigrante.com\/revista\/wp-content\/uploads\/2026\/03\/antigua-guatemala-procesion-santa-ana-nazareno-dulce-mirada-fotos-michelle-gonzalez-14.jpeg'><img loading=\"lazy\" decoding=\"async\" width=\"768\" height=\"1024\" src=\"https:\/\/soymigrante.com\/revista\/wp-content\/uploads\/2026\/03\/antigua-guatemala-procesion-santa-ana-nazareno-dulce-mirada-fotos-michelle-gonzalez-14-768x1024.jpeg\" class=\"attachment-large size-large\" alt=\"alfombras antigua guatemala procesi\u00f3n santa ana nazareno dulce mirada fotos michelle gonzalez 19\" aria-describedby=\"gallery-8-53689\" srcset=\"https:\/\/soymigrante.com\/revista\/wp-content\/uploads\/2026\/03\/antigua-guatemala-procesion-santa-ana-nazareno-dulce-mirada-fotos-michelle-gonzalez-14-768x1024.jpeg 768w, https:\/\/soymigrante.com\/revista\/wp-content\/uploads\/2026\/03\/antigua-guatemala-procesion-santa-ana-nazareno-dulce-mirada-fotos-michelle-gonzalez-14-225x300.jpeg 225w, https:\/\/soymigrante.com\/revista\/wp-content\/uploads\/2026\/03\/antigua-guatemala-procesion-santa-ana-nazareno-dulce-mirada-fotos-michelle-gonzalez-14-750x1000.jpeg 750w, https:\/\/soymigrante.com\/revista\/wp-content\/uploads\/2026\/03\/antigua-guatemala-procesion-santa-ana-nazareno-dulce-mirada-fotos-michelle-gonzalez-14.jpeg 960w\" sizes=\"(max-width: 768px) 100vw, 768px\" title=\"alfombras antigua guatemala procesi\u00f3n santa ana nazareno dulce mirada fotos michelle gonzalez 19 \u2013 SoyMigrante.com REVISTA\" \/><\/a>\n\t\t\t<\/div>\n\t\t\t\t<figcaption class='wp-caption-text gallery-caption' id='gallery-8-53689'>\n\t\t\t\talfombras antigua guatemala procesi\u00f3n santa ana nazareno dulce mirada fotos michelle gonzalez 19\n\t\t\t\t<\/figcaption><\/figure><figure class='gallery-item'>\n\t\t\t<div class='gallery-icon portrait'>\n\t\t\t\t<a data-elementor-open-lightbox=\"yes\" data-elementor-lightbox-slideshow=\"4397833\" data-elementor-lightbox-title=\"alfombras antigua guatemala procesi\u00f3n santa ana nazareno dulce mirada fotos michelle gonzalez 19\" data-elementor-lightbox-description=\"alfombras antigua guatemala procesi\u00f3n santa ana nazareno dulce mirada fotos michelle gonzalez 19\" data-e-action-hash=\"#elementor-action%3Aaction%3Dlightbox%26settings%3DeyJpZCI6NTM2OTEsInVybCI6Imh0dHBzOlwvXC9zb3ltaWdyYW50ZS5jb21cL3JldmlzdGFcL3dwLWNvbnRlbnRcL3VwbG9hZHNcLzIwMjZcLzAzXC9hbnRpZ3VhLWd1YXRlbWFsYS1wcm9jZXNpb24tc2FudGEtYW5hLW5hemFyZW5vLWR1bGNlLW1pcmFkYS1mb3Rvcy1taWNoZWxsZS1nb256YWxlei0xNi5qcGVnIiwic2xpZGVzaG93IjoiNDM5NzgzMyJ9\" href='https:\/\/soymigrante.com\/revista\/wp-content\/uploads\/2026\/03\/antigua-guatemala-procesion-santa-ana-nazareno-dulce-mirada-fotos-michelle-gonzalez-16.jpeg'><img loading=\"lazy\" decoding=\"async\" width=\"768\" height=\"1024\" src=\"https:\/\/soymigrante.com\/revista\/wp-content\/uploads\/2026\/03\/antigua-guatemala-procesion-santa-ana-nazareno-dulce-mirada-fotos-michelle-gonzalez-16-768x1024.jpeg\" class=\"attachment-large size-large\" alt=\"alfombras antigua guatemala procesi\u00f3n santa ana nazareno dulce mirada fotos michelle gonzalez 19\" aria-describedby=\"gallery-8-53691\" srcset=\"https:\/\/soymigrante.com\/revista\/wp-content\/uploads\/2026\/03\/antigua-guatemala-procesion-santa-ana-nazareno-dulce-mirada-fotos-michelle-gonzalez-16-768x1024.jpeg 768w, https:\/\/soymigrante.com\/revista\/wp-content\/uploads\/2026\/03\/antigua-guatemala-procesion-santa-ana-nazareno-dulce-mirada-fotos-michelle-gonzalez-16-225x300.jpeg 225w, https:\/\/soymigrante.com\/revista\/wp-content\/uploads\/2026\/03\/antigua-guatemala-procesion-santa-ana-nazareno-dulce-mirada-fotos-michelle-gonzalez-16-750x1000.jpeg 750w, https:\/\/soymigrante.com\/revista\/wp-content\/uploads\/2026\/03\/antigua-guatemala-procesion-santa-ana-nazareno-dulce-mirada-fotos-michelle-gonzalez-16.jpeg 960w\" sizes=\"(max-width: 768px) 100vw, 768px\" title=\"alfombras antigua guatemala procesi\u00f3n santa ana nazareno dulce mirada fotos michelle gonzalez 19 \u2013 SoyMigrante.com REVISTA\" \/><\/a>\n\t\t\t<\/div>\n\t\t\t\t<figcaption class='wp-caption-text gallery-caption' id='gallery-8-53691'>\n\t\t\t\talfombras antigua guatemala procesi\u00f3n santa ana nazareno dulce mirada fotos michelle gonzalez 19\n\t\t\t\t<\/figcaption><\/figure><figure class='gallery-item'>\n\t\t\t<div class='gallery-icon portrait'>\n\t\t\t\t<a data-elementor-open-lightbox=\"yes\" data-elementor-lightbox-slideshow=\"4397833\" data-elementor-lightbox-title=\"alfombras antigua guatemala procesi\u00f3n santa ana nazareno dulce mirada fotos michelle gonzalez 19\" data-elementor-lightbox-description=\"alfombras antigua guatemala procesi\u00f3n santa ana nazareno dulce mirada fotos michelle gonzalez 19\" data-e-action-hash=\"#elementor-action%3Aaction%3Dlightbox%26settings%3DeyJpZCI6NTM2OTIsInVybCI6Imh0dHBzOlwvXC9zb3ltaWdyYW50ZS5jb21cL3JldmlzdGFcL3dwLWNvbnRlbnRcL3VwbG9hZHNcLzIwMjZcLzAzXC9hbnRpZ3VhLWd1YXRlbWFsYS1wcm9jZXNpb24tc2FudGEtYW5hLW5hemFyZW5vLWR1bGNlLW1pcmFkYS1mb3Rvcy1taWNoZWxsZS1nb256YWxlei0xNy5qcGVnIiwic2xpZGVzaG93IjoiNDM5NzgzMyJ9\" href='https:\/\/soymigrante.com\/revista\/wp-content\/uploads\/2026\/03\/antigua-guatemala-procesion-santa-ana-nazareno-dulce-mirada-fotos-michelle-gonzalez-17.jpeg'><img loading=\"lazy\" decoding=\"async\" width=\"768\" height=\"1024\" src=\"https:\/\/soymigrante.com\/revista\/wp-content\/uploads\/2026\/03\/antigua-guatemala-procesion-santa-ana-nazareno-dulce-mirada-fotos-michelle-gonzalez-17-768x1024.jpeg\" class=\"attachment-large size-large\" alt=\"alfombras antigua guatemala procesi\u00f3n santa ana nazareno dulce mirada fotos michelle gonzalez 19\" aria-describedby=\"gallery-8-53692\" srcset=\"https:\/\/soymigrante.com\/revista\/wp-content\/uploads\/2026\/03\/antigua-guatemala-procesion-santa-ana-nazareno-dulce-mirada-fotos-michelle-gonzalez-17-768x1024.jpeg 768w, https:\/\/soymigrante.com\/revista\/wp-content\/uploads\/2026\/03\/antigua-guatemala-procesion-santa-ana-nazareno-dulce-mirada-fotos-michelle-gonzalez-17-225x300.jpeg 225w, https:\/\/soymigrante.com\/revista\/wp-content\/uploads\/2026\/03\/antigua-guatemala-procesion-santa-ana-nazareno-dulce-mirada-fotos-michelle-gonzalez-17-750x1000.jpeg 750w, https:\/\/soymigrante.com\/revista\/wp-content\/uploads\/2026\/03\/antigua-guatemala-procesion-santa-ana-nazareno-dulce-mirada-fotos-michelle-gonzalez-17.jpeg 960w\" sizes=\"(max-width: 768px) 100vw, 768px\" title=\"alfombras antigua guatemala procesi\u00f3n santa ana nazareno dulce mirada fotos michelle gonzalez 19 \u2013 SoyMigrante.com REVISTA\" \/><\/a>\n\t\t\t<\/div>\n\t\t\t\t<figcaption class='wp-caption-text gallery-caption' id='gallery-8-53692'>\n\t\t\t\talfombras antigua guatemala procesi\u00f3n santa ana nazareno dulce mirada fotos michelle gonzalez 19alfombras antigua guatemala procesi\u00f3n santa ana nazareno dulce mirada fotos michelle gonzalez 19\n\t\t\t\t<\/figcaption><\/figure><figure class='gallery-item'>\n\t\t\t<div class='gallery-icon portrait'>\n\t\t\t\t<a data-elementor-open-lightbox=\"yes\" data-elementor-lightbox-slideshow=\"4397833\" data-elementor-lightbox-title=\"antigua guatemala procesi\u00f3n santa ana nazareno dulce mirada fotos michelle gonzalez 11\" data-elementor-lightbox-description=\"antigua guatemala procesi\u00f3n santa ana nazareno dulce mirada fotos michelle gonzalez 12\" data-e-action-hash=\"#elementor-action%3Aaction%3Dlightbox%26settings%3DeyJpZCI6NTM3MDIsInVybCI6Imh0dHBzOlwvXC9zb3ltaWdyYW50ZS5jb21cL3JldmlzdGFcL3dwLWNvbnRlbnRcL3VwbG9hZHNcLzIwMjZcLzAzXC9hbnRpZ3VhLWd1YXRlbWFsYS1wcm9jZXNpb24tc2FudGEtYW5hLW5hemFyZW5vLWR1bGNlLW1pcmFkYS1mb3Rvcy1taWNoZWxsZS1nb256YWxlei0xMS5qcGVnIiwic2xpZGVzaG93IjoiNDM5NzgzMyJ9\" href='https:\/\/soymigrante.com\/revista\/wp-content\/uploads\/2026\/03\/antigua-guatemala-procesion-santa-ana-nazareno-dulce-mirada-fotos-michelle-gonzalez-11.jpeg'><img loading=\"lazy\" decoding=\"async\" width=\"768\" height=\"1024\" src=\"https:\/\/soymigrante.com\/revista\/wp-content\/uploads\/2026\/03\/antigua-guatemala-procesion-santa-ana-nazareno-dulce-mirada-fotos-michelle-gonzalez-11-768x1024.jpeg\" class=\"attachment-large size-large\" alt=\"antigua guatemala procesi\u00f3n santa ana nazareno dulce mirada fotos michelle gonzalez 12\" aria-describedby=\"gallery-8-53702\" srcset=\"https:\/\/soymigrante.com\/revista\/wp-content\/uploads\/2026\/03\/antigua-guatemala-procesion-santa-ana-nazareno-dulce-mirada-fotos-michelle-gonzalez-11-768x1024.jpeg 768w, https:\/\/soymigrante.com\/revista\/wp-content\/uploads\/2026\/03\/antigua-guatemala-procesion-santa-ana-nazareno-dulce-mirada-fotos-michelle-gonzalez-11-225x300.jpeg 225w, https:\/\/soymigrante.com\/revista\/wp-content\/uploads\/2026\/03\/antigua-guatemala-procesion-santa-ana-nazareno-dulce-mirada-fotos-michelle-gonzalez-11-750x1000.jpeg 750w, https:\/\/soymigrante.com\/revista\/wp-content\/uploads\/2026\/03\/antigua-guatemala-procesion-santa-ana-nazareno-dulce-mirada-fotos-michelle-gonzalez-11.jpeg 960w\" sizes=\"(max-width: 768px) 100vw, 768px\" title=\"antigua guatemala procesi\u00f3n santa ana nazareno dulce mirada fotos michelle gonzalez 11 \u2013 SoyMigrante.com REVISTA\" \/><\/a>\n\t\t\t<\/div>\n\t\t\t\t<figcaption class='wp-caption-text gallery-caption' id='gallery-8-53702'>\n\t\t\t\tantigua guatemala procesi\u00f3n santa ana nazareno dulce mirada fotos michelle gonzalez 12\n\t\t\t\t<\/figcaption><\/figure><figure class='gallery-item'>\n\t\t\t<div class='gallery-icon portrait'>\n\t\t\t\t<a data-elementor-open-lightbox=\"yes\" data-elementor-lightbox-slideshow=\"4397833\" data-elementor-lightbox-title=\"alfombras antigua guatemala procesi\u00f3n santa ana nazareno dulce mirada fotos michelle gonzalez 19\" data-elementor-lightbox-description=\"alfombras antigua guatemala procesi\u00f3n santa ana nazareno dulce mirada fotos michelle gonzalez 19\" data-e-action-hash=\"#elementor-action%3Aaction%3Dlightbox%26settings%3DeyJpZCI6NTM2OTMsInVybCI6Imh0dHBzOlwvXC9zb3ltaWdyYW50ZS5jb21cL3JldmlzdGFcL3dwLWNvbnRlbnRcL3VwbG9hZHNcLzIwMjZcLzAzXC9hbnRpZ3VhLWd1YXRlbWFsYS1wcm9jZXNpb24tc2FudGEtYW5hLW5hemFyZW5vLWR1bGNlLW1pcmFkYS1mb3Rvcy1taWNoZWxsZS1nb256YWxlei0xOC5qcGVnIiwic2xpZGVzaG93IjoiNDM5NzgzMyJ9\" href='https:\/\/soymigrante.com\/revista\/wp-content\/uploads\/2026\/03\/antigua-guatemala-procesion-santa-ana-nazareno-dulce-mirada-fotos-michelle-gonzalez-18.jpeg'><img loading=\"lazy\" decoding=\"async\" width=\"768\" height=\"1024\" src=\"https:\/\/soymigrante.com\/revista\/wp-content\/uploads\/2026\/03\/antigua-guatemala-procesion-santa-ana-nazareno-dulce-mirada-fotos-michelle-gonzalez-18-768x1024.jpeg\" class=\"attachment-large size-large\" alt=\"alfombras antigua guatemala procesi\u00f3n santa ana nazareno dulce mirada fotos michelle gonzalez 19\" aria-describedby=\"gallery-8-53693\" srcset=\"https:\/\/soymigrante.com\/revista\/wp-content\/uploads\/2026\/03\/antigua-guatemala-procesion-santa-ana-nazareno-dulce-mirada-fotos-michelle-gonzalez-18-768x1024.jpeg 768w, https:\/\/soymigrante.com\/revista\/wp-content\/uploads\/2026\/03\/antigua-guatemala-procesion-santa-ana-nazareno-dulce-mirada-fotos-michelle-gonzalez-18-225x300.jpeg 225w, https:\/\/soymigrante.com\/revista\/wp-content\/uploads\/2026\/03\/antigua-guatemala-procesion-santa-ana-nazareno-dulce-mirada-fotos-michelle-gonzalez-18-750x1000.jpeg 750w, https:\/\/soymigrante.com\/revista\/wp-content\/uploads\/2026\/03\/antigua-guatemala-procesion-santa-ana-nazareno-dulce-mirada-fotos-michelle-gonzalez-18.jpeg 960w\" sizes=\"(max-width: 768px) 100vw, 768px\" title=\"alfombras antigua guatemala procesi\u00f3n santa ana nazareno dulce mirada fotos michelle gonzalez 19 \u2013 SoyMigrante.com REVISTA\" \/><\/a>\n\t\t\t<\/div>\n\t\t\t\t<figcaption class='wp-caption-text gallery-caption' id='gallery-8-53693'>\n\t\t\t\talfombras antigua guatemala procesi\u00f3n santa ana nazareno dulce mirada fotos michelle gonzalez 19\n\t\t\t\t<\/figcaption><\/figure>\n\t\t<\/div>\n\t\t<\/div>\n\t\t\t\t\t\t<\/div>\n\t\t\t\t\t<\/div>\n\t\t\t\t<\/div>\n\t\t<div data-particle_enable=\"false\" data-particle-mobile-disabled=\"false\" class=\"elementor-element elementor-element-c9b9644 e-flex e-con-boxed e-con e-parent\" data-id=\"c9b9644\" data-element_type=\"container\" data-e-type=\"container\">\n\t\t\t\t\t<div class=\"e-con-inner\">\n\t\t\t\t<div class=\"elementor-element elementor-element-4f82101 elementor-widget elementor-widget-global elementor-global-52097 elementor-widget-heading\" data-id=\"4f82101\" data-element_type=\"widget\" data-e-type=\"widget\" data-widget_type=\"heading.default\">\n\t\t\t\t\t<h2 class=\"elementor-heading-title elementor-size-default\">Quiz\u00e1 tambi\u00e9n te podr\u00eda interesar<\/h2>\t\t\t\t<\/div>\n\t\t\t\t\t<\/div>\n\t\t\t\t<\/div>\n\t\t<div data-particle_enable=\"false\" data-particle-mobile-disabled=\"false\" class=\"elementor-element elementor-element-b38c326 e-flex e-con-boxed e-con e-parent\" data-id=\"b38c326\" data-element_type=\"container\" data-e-type=\"container\">\n\t\t\t\t\t<div class=\"e-con-inner\">\n\t\t\t\t<div class=\"elementor-element elementor-element-2503b8c elementor-grid-eael-col-3 elementor-grid-tablet-eael-col-2 elementor-grid-mobile-eael-col-1 elementor-widget elementor-widget-eael-post-grid\" data-id=\"2503b8c\" data-element_type=\"widget\" data-e-type=\"widget\" data-settings=\"{&quot;eael_post_grid_columns&quot;:&quot;eael-col-3&quot;,&quot;eael_post_grid_columns_tablet&quot;:&quot;eael-col-2&quot;,&quot;eael_post_grid_columns_mobile&quot;:&quot;eael-col-1&quot;}\" data-widget_type=\"eael-post-grid.default\">\n\t\t\t\t\t<div id=\"eael-post-grid-2503b8c\" class=\"eael-post-grid-container\">\n            <div class=\"eael-post-grid eael-post-appender eael-post-appender-2503b8c eael-post-grid-style-one\" data-layout-mode=\"masonry\"><article class=\"eael-grid-post  eael-post-grid-column eael-pg-post-26536 category-guate-nuestra\" data-id=\"26536\">\n        <div class=\"eael-grid-post-holder\">\n            <div class=\"eael-grid-post-holder-inner\"><div class=\"eael-entry-media\"><div class=\"eael-entry-overlay fade-in\"><i class=\"far fa-hand-pointer\" aria-hidden=\"true\"><\/i><a href=\"https:\/\/soymigrante.com\/revista\/las-comidas-de-semana-santa-en-guatemala-tradicion-y-sabor\/\"><\/a><\/div><div class=\"eael-entry-thumbnail eael-image-ratio\">\n                <img loading=\"lazy\" decoding=\"async\" width=\"259\" height=\"194\" src=\"https:\/\/soymigrante.com\/revista\/wp-content\/uploads\/2025\/02\/comida-de-semana-santa.webp\" class=\"attachment-large size-large wp-image-26537\" alt=\"Deliciosa comida tradicional con pollo en salsa, acompa\u00f1ado de pur\u00e9 de papas, en una presentaci\u00f3n colorida y apetitosa.\" \/>\n            <\/div>\n        <\/div><div class=\"eael-entry-wrapper\"><header class=\"eael-entry-header\"><h2 class=\"eael-entry-title\"><a class=\"eael-grid-post-link\" href=\"https:\/\/soymigrante.com\/revista\/las-comidas-de-semana-santa-en-guatemala-tradicion-y-sabor\/\" title=\"Comidas tradicionales de Cuaresma y Semana Santa en Guatemala\">Comidas tradicionales de Cuaresma y Semana Santa en Guatemala<\/a><\/h2><\/header><div class=\"eael-entry-content\">\n                        <div class=\"eael-grid-post-excerpt\"><a href=\"https:\/\/soymigrante.com\/revista\/las-comidas-de-semana-santa-en-guatemala-tradicion-y-sabor\/\" class=\"eael-post-elements-readmore-btn\">CONOCE SU HISTORIA <\/a><\/div>\n                    <\/div><\/div><\/div>\n        <\/div>\n    <\/article><article class=\"eael-grid-post  eael-post-grid-column eael-pg-post-28499 category-guate-nuestra\" data-id=\"28499\">\n        <div class=\"eael-grid-post-holder\">\n            <div class=\"eael-grid-post-holder-inner\"><div class=\"eael-entry-media\"><div class=\"eael-entry-overlay fade-in\"><i class=\"far fa-hand-pointer\" aria-hidden=\"true\"><\/i><a href=\"https:\/\/soymigrante.com\/revista\/tamales-de-viaje-acompanan-la-dieta-de-cuaresma-y-semana-santa\/\"><\/a><\/div><div class=\"eael-entry-thumbnail eael-image-ratio\">\n                <img loading=\"lazy\" decoding=\"async\" width=\"1024\" height=\"632\" src=\"https:\/\/soymigrante.com\/revista\/wp-content\/uploads\/2025\/03\/tamales-de-viaje-1024x632.jpg\" class=\"attachment-large size-large wp-image-28516\" alt=\"Queso artesanal hecho a mano sobre tabla de madera, variedad cremosa y suave, ideal para recetas mexicanas tradicionales y aperitivos.\" \/>\n            <\/div>\n        <\/div><div class=\"eael-entry-wrapper\"><header class=\"eael-entry-header\"><h2 class=\"eael-entry-title\"><a class=\"eael-grid-post-link\" href=\"https:\/\/soymigrante.com\/revista\/tamales-de-viaje-acompanan-la-dieta-de-cuaresma-y-semana-santa\/\" title=\"Tamales de viaje acompa\u00f1an la dieta de Cuaresma y Semana Santa\">Tamales de viaje acompa\u00f1an la dieta de Cuaresma y Semana Santa<\/a><\/h2><\/header><div class=\"eael-entry-content\">\n                        <div class=\"eael-grid-post-excerpt\"><a href=\"https:\/\/soymigrante.com\/revista\/tamales-de-viaje-acompanan-la-dieta-de-cuaresma-y-semana-santa\/\" class=\"eael-post-elements-readmore-btn\">CONOCE SU HISTORIA <\/a><\/div>\n                    <\/div><\/div><\/div>\n        <\/div>\n    <\/article><article class=\"eael-grid-post  eael-post-grid-column eael-pg-post-39791 category-guate-nuestra\" data-id=\"39791\">\n        <div class=\"eael-grid-post-holder\">\n            <div class=\"eael-grid-post-holder-inner\"><div class=\"eael-entry-media\"><div class=\"eael-entry-overlay fade-in\"><i class=\"far fa-hand-pointer\" aria-hidden=\"true\"><\/i><a href=\"https:\/\/soymigrante.com\/revista\/las-granizadas-de-guatemala-tradicion-refrescante-con-sabor-a-infancia\/\"><\/a><\/div><div class=\"eael-entry-thumbnail eael-image-ratio\">\n                <img loading=\"lazy\" decoding=\"async\" width=\"1024\" height=\"1024\" src=\"https:\/\/soymigrante.com\/revista\/wp-content\/uploads\/2025\/07\/granizadas-2-e1752879756645-1024x1024.jpg\" class=\"attachment-large size-large wp-image-39792\" alt=\"Refresco de hielo picado con sabor en vaso transparente, envuelto en bolsa pl\u00e1stica, con popotes verdes y naranjas, en un puesto callejero, t\u00edpico de la gastronom\u00eda mexicana y de migrantes.\" srcset=\"https:\/\/soymigrante.com\/revista\/wp-content\/uploads\/2025\/07\/granizadas-2-e1752879756645-1024x1024.jpg 1024w, https:\/\/soymigrante.com\/revista\/wp-content\/uploads\/2025\/07\/granizadas-2-e1752879756645-300x300.jpg 300w, https:\/\/soymigrante.com\/revista\/wp-content\/uploads\/2025\/07\/granizadas-2-e1752879756645-150x150.jpg 150w, https:\/\/soymigrante.com\/revista\/wp-content\/uploads\/2025\/07\/granizadas-2-e1752879756645-768x768.jpg 768w, https:\/\/soymigrante.com\/revista\/wp-content\/uploads\/2025\/07\/granizadas-2-e1752879756645-75x75.webp 75w, https:\/\/soymigrante.com\/revista\/wp-content\/uploads\/2025\/07\/granizadas-2-e1752879756645-750x750.webp 750w, https:\/\/soymigrante.com\/revista\/wp-content\/uploads\/2025\/07\/granizadas-2-e1752879756645-1140x1140.webp 1140w, https:\/\/soymigrante.com\/revista\/wp-content\/uploads\/2025\/07\/granizadas-2-e1752879756645.webp 1280w\" sizes=\"(max-width: 1024px) 100vw, 1024px\" \/>\n            <\/div>\n        <\/div><div class=\"eael-entry-wrapper\"><header class=\"eael-entry-header\"><h2 class=\"eael-entry-title\"><a class=\"eael-grid-post-link\" href=\"https:\/\/soymigrante.com\/revista\/las-granizadas-de-guatemala-tradicion-refrescante-con-sabor-a-infancia\/\" title=\"Las granizadas de Guatemala: tradici\u00f3n refrescante con sabor a infancia\">Las granizadas de Guatemala: tradici\u00f3n refrescante con sabor a infancia<\/a><\/h2><\/header><div class=\"eael-entry-content\">\n                        <div class=\"eael-grid-post-excerpt\"><a href=\"https:\/\/soymigrante.com\/revista\/las-granizadas-de-guatemala-tradicion-refrescante-con-sabor-a-infancia\/\" class=\"eael-post-elements-readmore-btn\">CONOCE SU HISTORIA <\/a><\/div>\n                    <\/div><\/div><\/div>\n        <\/div>\n    <\/article><\/div>\n            <div class=\"clearfix\"><\/div>\n        <\/div>\t\t\t\t<\/div>\n\t\t\t\t\t<\/div>\n\t\t\t\t<\/div>\n\t\t\t\t<\/div>\n\t\t","protected":false},"excerpt":{"rendered":"<p>El Nazareno de la Dulce Mirada, del templo Santa Ana vuelve a recorrer las calles de Antigua Guatemala, enmedio de miles de devotos y sobre deslumbrantes alfombras. Detalles y galer\u00eda de im\u00e1genes. Las calles empedradas de Antigua Guatemala vuelven a llenarse de incienso, marchas f\u00fanebres y devoci\u00f3n, como en cada domingo de Cuaresma, con la [&hellip;]<\/p>\n","protected":false},"author":1,"featured_media":53698,"comment_status":"open","ping_status":"open","sticky":false,"template":"","format":"standard","meta":{"_acf_changed":false,"_eb_attr":"","footnotes":""},"categories":[58],"tags":[],"class_list":["post-53675","post","type-post","status-publish","format-standard","has-post-thumbnail","hentry","category-guate-nuestra"],"acf":[],"aioseo_notices":[],"aioseo_head":"\n\t\t<!-- All in One SEO Pro 4.9.6.2 - aioseo.com -->\n\t<meta name=\"description\" content=\"Las granizadas de Guatemala son un manjar en \u00e9poca de calor, por la frescura que aportan.\" \/>\n\t<meta name=\"robots\" content=\"max-snippet:-1, max-image-preview:large, max-video-preview:-1\" \/>\n\t<meta name=\"author\" content=\"Marysabel Aldana\"\/>\n\t<link rel=\"canonical\" href=\"https:\/\/soymigrante.com\/revista\/las-granizadas-de-guatemala-tradicion-refrescante-con-sabor-a-infancia\/\" \/>\n\t<meta name=\"generator\" content=\"All in One SEO Pro (AIOSEO) 4.9.6.2\" \/>\n\n\t\t<link rel=\"preconnect\" href=\"https:\/\/fonts.googleapis.com\" crossorigin>\n<link rel=\"preconnect\" href=\"https:\/\/fonts.gstatic.com\" crossorigin>\n\t\t<meta property=\"og:locale\" content=\"es_ES\" \/>\n\t\t<meta property=\"og:site_name\" content=\"SoyMigrante.com REVISTA \u2013 Nuestra misi\u00f3n es reconocer y dignificar al migrante.\" \/>\n\t\t<meta property=\"og:type\" content=\"article\" \/>\n\t\t<meta property=\"og:title\" content=\"Las granizadas de Guatemala: tradici\u00f3n refrescante con sabor a infancia\" \/>\n\t\t<meta property=\"og:description\" content=\"Las granizadas de Guatemala son un manjar en \u00e9poca de calor, por la frescura que aportan.\" \/>\n\t\t<meta property=\"og:url\" content=\"https:\/\/soymigrante.com\/revista\/las-granizadas-de-guatemala-tradicion-refrescante-con-sabor-a-infancia\/\" \/>\n\t\t<meta property=\"og:image\" content=\"https:\/\/soymigrante.com\/revista\/wp-content\/uploads\/2025\/07\/granizadas-2-e1752879756645.webp\" \/>\n\t\t<meta property=\"og:image:secure_url\" content=\"https:\/\/soymigrante.com\/revista\/wp-content\/uploads\/2025\/07\/granizadas-2-e1752879756645.webp\" \/>\n\t\t<meta property=\"og:image:width\" content=\"1280\" \/>\n\t\t<meta property=\"og:image:height\" content=\"1280\" \/>\n\t\t<meta property=\"article:published_time\" content=\"2025-08-12T12:00:00+00:00\" \/>\n\t\t<meta property=\"article:modified_time\" content=\"2025-08-12T02:23:22+00:00\" \/>\n\t\t<meta property=\"article:publisher\" content=\"https:\/\/www.facebook.com\/soymigrantecom\" \/>\n\t\t<meta name=\"twitter:card\" content=\"summary_large_image\" \/>\n\t\t<meta name=\"twitter:site\" content=\"@SoyMigrante_com\" \/>\n\t\t<meta name=\"twitter:title\" content=\"Las granizadas de Guatemala: tradici\u00f3n refrescante con sabor a infancia\" \/>\n\t\t<meta name=\"twitter:description\" content=\"Las granizadas de Guatemala son un manjar en \u00e9poca de calor, por la frescura que aportan.\" \/>\n\t\t<meta name=\"twitter:creator\" content=\"@SoyMigrante_com\" \/>\n\t\t<meta name=\"twitter:image\" content=\"https:\/\/soymigrante.com\/revista\/wp-content\/uploads\/2025\/07\/granizadas-2-e1752879756645.webp\" \/>\n\t\t<!-- All in One SEO Pro -->\r\n\t\t<title>Las granizadas de Guatemala: tradici\u00f3n refrescante con sabor a infancia<\/title>\n\n","aioseo_head_json":{"title":"Las granizadas de Guatemala: tradici\u00f3n refrescante con sabor a infancia","description":"Las granizadas de Guatemala son un manjar en \u00e9poca de calor, por la frescura que aportan.","canonical_url":"https:\/\/soymigrante.com\/revista\/las-granizadas-de-guatemala-tradicion-refrescante-con-sabor-a-infancia\/","robots":"max-snippet:-1, max-image-preview:large, max-video-preview:-1","keywords":"","webmasterTools":{"miscellaneous":"&lt;link rel=\"preconnect\" href=\"https:\/\/fonts.googleapis.com\" crossorigin&gt;\n&lt;link rel=\"preconnect\" href=\"https:\/\/fonts.gstatic.com\" crossorigin&gt;"},"schema":null,"og:locale":"es_ES","og:site_name":"SoyMigrante.com REVISTA \u2013 Nuestra misi\u00f3n es reconocer y dignificar al migrante.","og:type":"article","og:title":"Las granizadas de Guatemala: tradici\u00f3n refrescante con sabor a infancia","og:description":"Las granizadas de Guatemala son un manjar en \u00e9poca de calor, por la frescura que aportan.","og:url":"https:\/\/soymigrante.com\/revista\/las-granizadas-de-guatemala-tradicion-refrescante-con-sabor-a-infancia\/","og:image":"https:\/\/soymigrante.com\/revista\/wp-content\/uploads\/2025\/07\/granizadas-2-e1752879756645.webp","og:image:secure_url":"https:\/\/soymigrante.com\/revista\/wp-content\/uploads\/2025\/07\/granizadas-2-e1752879756645.webp","og:image:width":1280,"og:image:height":1280,"article:published_time":"2025-08-12T12:00:00+00:00","article:modified_time":"2025-08-12T02:23:22+00:00","article:publisher":"https:\/\/www.facebook.com\/soymigrantecom","twitter:card":"summary_large_image","twitter:site":"@SoyMigrante_com","twitter:title":"Las granizadas de Guatemala: tradici\u00f3n refrescante con sabor a infancia","twitter:description":"Las granizadas de Guatemala son un manjar en \u00e9poca de calor, por la frescura que aportan.","twitter:creator":"@SoyMigrante_com","twitter:image":"https:\/\/soymigrante.com\/revista\/wp-content\/uploads\/2025\/07\/granizadas-2-e1752879756645.webp"},"aioseo_meta_data":{"post_id":"53675","title":"Fervor y color en Antigua Guatemala: Nazareno de Santa Ana","description":"Galer\u00eda fotogr\u00e1fica: Jes\u00fas Nazareno de la Dulce Mirada recorre Antigua Guatemala entre alfombras, cucuruchos y colorida devoci\u00f3n tradicional de Cuaresma.","keywords":null,"keyphrases":{"focus":{"keyphrase":"Antigua Guatemala","score":91,"analysis":{"keyphraseInTitle":{"score":9,"maxScore":9,"error":0},"keyphraseInDescription":{"score":9,"maxScore":9,"error":0},"keyphraseLength":{"score":9,"maxScore":9,"error":0,"length":2},"keyphraseInURL":{"score":5,"maxScore":5,"error":0},"keyphraseInIntroduction":{"score":9,"maxScore":9,"error":0},"keyphraseInSubHeadings":{"score":3,"maxScore":9,"error":1},"keyphraseInImageAlt":{"score":9,"maxScore":9,"error":0},"keywordDensity":{"type":"best","score":9,"maxScore":9,"error":0}}},"additional":[{"keyphrase":"Fervor","score":40,"analysis":{"keyphraseInDescription":{"score":3,"maxScore":9,"error":1},"keyphraseLength":{"score":9,"maxScore":9,"error":0,"length":1},"keyphraseInIntroduction":{"score":3,"maxScore":9,"error":1},"keyphraseInImageAlt":{"score":3,"maxScore":9,"error":1},"keywordDensity":{"score":0,"type":"low","maxScore":9,"error":1}}},{"keyphrase":"Cucuruchos","score":53,"analysis":{"keyphraseInDescription":{"score":9,"maxScore":9,"error":0},"keyphraseLength":{"score":9,"maxScore":9,"error":0,"length":1},"keyphraseInIntroduction":{"score":3,"maxScore":9,"error":1},"keyphraseInImageAlt":{"score":3,"maxScore":9,"error":1},"keywordDensity":{"score":0,"type":"low","maxScore":9,"error":1}}},{"keyphrase":"Procesi\u00f3n","score":87,"analysis":{"keyphraseInDescription":{"score":3,"maxScore":9,"error":1},"keyphraseLength":{"score":9,"maxScore":9,"error":0,"length":2},"keyphraseInIntroduction":{"score":9,"maxScore":9,"error":0},"keyphraseInImageAlt":{"score":9,"maxScore":9,"error":0},"keywordDensity":{"type":"best","score":9,"maxScore":9,"error":0}}}]},"primary_term":null,"canonical_url":null,"og_title":null,"og_description":null,"og_object_type":"default","og_image_type":"default","og_image_url":null,"og_image_width":null,"og_image_height":null,"og_image_custom_url":null,"og_image_custom_fields":null,"og_video":"","og_custom_url":null,"og_article_section":null,"og_article_tags":null,"twitter_use_og":false,"twitter_card":"default","twitter_image_type":"default","twitter_image_url":null,"twitter_image_custom_url":null,"twitter_image_custom_fields":null,"twitter_title":null,"twitter_description":null,"schema":{"blockGraphs":[],"customGraphs":[],"default":{"data":{"Article":[],"Course":[],"Dataset":[],"FAQPage":[],"Movie":[],"Person":[],"Product":[],"ProductReview":[],"Car":[],"Recipe":[],"Service":[],"SoftwareApplication":[],"WebPage":[]},"graphName":"NewsArticle","isEnabled":true},"graphs":[]},"schema_type":"default","schema_type_options":null,"pillar_content":false,"robots_default":true,"robots_noindex":false,"robots_noarchive":false,"robots_nosnippet":false,"robots_nofollow":false,"robots_noimageindex":false,"robots_noodp":false,"robots_notranslate":false,"robots_max_snippet":"-1","robots_max_videopreview":"-1","robots_max_imagepreview":"large","priority":null,"frequency":"default","local_seo":null,"seo_analyzer_scan_date":null,"breadcrumb_settings":null,"limit_modified_date":false,"reviewed_by":"0","open_ai":null,"ai":{"faqs":[],"keyPoints":[],"titles":[],"descriptions":[],"socialPosts":{"email":[],"linkedin":[],"twitter":[],"facebook":[],"instagram":[]}},"created":"2026-03-15 17:06:25","updated":"2026-03-15 17:47:37"},"aioseo_breadcrumb":"<div class=\"aioseo-breadcrumbs\"><span class=\"aioseo-breadcrumb\">\n\t<a href=\"https:\/\/soymigrante.com\/revista\" title=\"Home\">Home<\/a>\n<\/span><span class=\"aioseo-breadcrumb-separator\">\u00bb<\/span><span class=\"aioseo-breadcrumb\">\n\t<a href=\"https:\/\/soymigrante.com\/revista\/category\/guate-nuestra\/\" title=\"Guate Nuestra\">Guate Nuestra<\/a>\n<\/span><span class=\"aioseo-breadcrumb-separator\">\u00bb<\/span><span class=\"aioseo-breadcrumb\">\n\tEn im\u00e1genes: Antigua Guatemala se viste de fervor y colorido en procesi\u00f3n del Nazareno de Santa Ana\n<\/span><\/div>","aioseo_breadcrumb_json":[{"label":"Home","link":"https:\/\/soymigrante.com\/revista"},{"label":"Guate Nuestra","link":"https:\/\/soymigrante.com\/revista\/category\/guate-nuestra\/"},{"label":"En im\u00e1genes: Antigua Guatemala se viste de fervor y colorido en procesi\u00f3n del Nazareno de Santa Ana","link":"https:\/\/soymigrante.com\/revista\/antigua-guatemala-procesion-jesus-nazareno-dulce-mirada-santa-ana-cuaresma-fervor-2026-galeria-imagenes\/"}],"_links":{"self":[{"href":"https:\/\/soymigrante.com\/revista\/wp-json\/wp\/v2\/posts\/53675","targetHints":{"allow":["GET"]}}],"collection":[{"href":"https:\/\/soymigrante.com\/revista\/wp-json\/wp\/v2\/posts"}],"about":[{"href":"https:\/\/soymigrante.com\/revista\/wp-json\/wp\/v2\/types\/post"}],"author":[{"embeddable":true,"href":"https:\/\/soymigrante.com\/revista\/wp-json\/wp\/v2\/users\/1"}],"replies":[{"embeddable":true,"href":"https:\/\/soymigrante.com\/revista\/wp-json\/wp\/v2\/comments?post=53675"}],"version-history":[{"count":15,"href":"https:\/\/soymigrante.com\/revista\/wp-json\/wp\/v2\/posts\/53675\/revisions"}],"predecessor-version":[{"id":53709,"href":"https:\/\/soymigrante.com\/revista\/wp-json\/wp\/v2\/posts\/53675\/revisions\/53709"}],"wp:featuredmedia":[{"embeddable":true,"href":"https:\/\/soymigrante.com\/revista\/wp-json\/wp\/v2\/media\/53698"}],"wp:attachment":[{"href":"https:\/\/soymigrante.com\/revista\/wp-json\/wp\/v2\/media?parent=53675"}],"wp:term":[{"taxonomy":"category","embeddable":true,"href":"https:\/\/soymigrante.com\/revista\/wp-json\/wp\/v2\/categories?post=53675"},{"taxonomy":"post_tag","embeddable":true,"href":"https:\/\/soymigrante.com\/revista\/wp-json\/wp\/v2\/tags?post=53675"}],"curies":[{"name":"wp","href":"https:\/\/api.w.org\/{rel}","templated":true}]}}