{"id":53640,"date":"2026-03-13T14:36:02","date_gmt":"2026-03-13T20:36:02","guid":{"rendered":"https:\/\/soymigrante.com\/revista\/?p=53640"},"modified":"2026-03-13T17:00:14","modified_gmt":"2026-03-13T23:00:14","slug":"textiles-dla-rossa-de-totonicapan-presenta-indumentaria-maya-en-semana-de-la-moda-de-los-angeles","status":"publish","type":"post","link":"https:\/\/soymigrante.com\/revista\/textiles-dla-rossa-de-totonicapan-presenta-indumentaria-maya-en-semana-de-la-moda-de-los-angeles\/","title":{"rendered":"Textiles D&#8217;La Rossa de Totonicap\u00e1n presenta indumentaria maya en Semana de la Moda de Los Angeles"},"content":{"rendered":"\t\t<div data-elementor-type=\"wp-post\" data-elementor-id=\"53640\" class=\"elementor elementor-53640\" data-elementor-post-type=\"post\">\n\t\t\t\t<div data-particle_enable=\"false\" data-particle-mobile-disabled=\"false\" class=\"elementor-element elementor-element-c5025dc e-flex e-con-boxed e-con e-parent\" data-id=\"c5025dc\" data-element_type=\"container\" data-e-type=\"container\">\n\t\t\t\t\t<div class=\"e-con-inner\">\n\t\t\t\t<div class=\"elementor-element elementor-element-e6c4e6e elementor-widget elementor-widget-heading\" data-id=\"e6c4e6e\" data-element_type=\"widget\" data-e-type=\"widget\" data-widget_type=\"heading.default\">\n\t\t\t\t\t<h3 class=\"elementor-heading-title elementor-size-default\">\u00a1Brilla Guatemala! Despu\u00e9s de sus exitosas participaciones en Semanas de la Moda de Nueva York y Par\u00eds, ahora la casa textil de indumentaria maya D'La Rossa, de Totonicap\u00e1n presenta creaciones en Semana de la Moda de Los Angeles. <\/h3>\t\t\t\t<\/div>\n\t\t\t\t\t<\/div>\n\t\t\t\t<\/div>\n\t\t<div data-particle_enable=\"false\" data-particle-mobile-disabled=\"false\" class=\"elementor-element elementor-element-5b706ba e-flex e-con-boxed e-con e-parent\" data-id=\"5b706ba\" data-element_type=\"container\" data-e-type=\"container\">\n\t\t\t\t\t<div class=\"e-con-inner\">\n\t\t\t\t<div class=\"elementor-element elementor-element-ffee8a7 elementor-widget elementor-widget-text-editor\" data-id=\"ffee8a7\" data-element_type=\"widget\" data-e-type=\"widget\" data-widget_type=\"text-editor.default\">\n\t\t\t\t\t\t\t\t\t<p>La indumentaria maya guatemalteca llega este 14 de marzo a la pasarela de <a href=\"https:\/\/en.wikipedia.org\/wiki\/Los_Angeles_Fashion_Week\" target=\"_blank\" rel=\"noopener\">Los Angeles Fashion Week<\/a>,\u00a0 con Textiles D&#8217;La Rossa de Totonicp\u00e1n, llevando nuevamente el color, la historia y la identidad de Guatemala a un escenario internacional. Despu\u00e9s de exitosas presentaciones en <a href=\"https:\/\/soymigrante.com\/revista\/en-imagenes-textiles-dla-rossa-deslumbra-en-paris\/\">Par\u00eds<\/a> y en <a href=\"https:\/\/soymigrante.com\/revista\/textiles-dla-rossa-de-totonicapan-se-presenta-en-new-york-fashion-week-2025\/\">Nueva York<\/a>, llega el turno de la ciudad donde reside la mayor cantidad de migrantes guatemaltecos.\u00a0<\/p><p>Para el emprendimiento fundado por <a href=\"https:\/\/soymigrante.com\/revista\/textiles-dla-rossa-de-totonicapan-se-presenta-en-new-york-fashion-week-2025\/\"><strong>Alexander Sic<\/strong> y <strong>Rosa Tzul<\/strong><\/a>, este momento no es solo una presentaci\u00f3n de moda: es la continuidad de un sue\u00f1o tejido con paciencia desde el altiplano guatemalteco.\u00a0 Mientras ese momento llega, este viernes 13 de marzo, se presentaron en dos canales de televisi\u00f3n, uno de ellos, Visi\u00f3n TV de Los Angeles, donde expresaron orgullo por la identidad multicultural guatemalteca.\u00a0<\/p>\t\t\t\t\t\t\t\t<\/div>\n\t\t\t\t\t<\/div>\n\t\t\t\t<\/div>\n\t\t<div data-particle_enable=\"false\" data-particle-mobile-disabled=\"false\" class=\"elementor-element elementor-element-39ee881 e-flex e-con-boxed e-con e-parent\" data-id=\"39ee881\" data-element_type=\"container\" data-e-type=\"container\">\n\t\t\t\t\t<div class=\"e-con-inner\">\n\t\t\t\t<div class=\"elementor-element elementor-element-41bcbfb elementor-widget elementor-widget-image\" data-id=\"41bcbfb\" data-element_type=\"widget\" data-e-type=\"widget\" data-widget_type=\"image.default\">\n\t\t\t\t\t\t\t\t\t\t\t\t<figure class=\"wp-caption\">\n\t\t\t\t\t\t\t\t\t\t<img fetchpriority=\"high\" decoding=\"async\" width=\"819\" height=\"1024\" src=\"https:\/\/soymigrante.com\/revista\/wp-content\/uploads\/2026\/03\/textiles-dla-rossa-semana-de-la-moda-los-angeles-819x1024.jpg\" class=\"attachment-large size-large wp-image-53643\" alt=\"textiles dla rossa semana de la moda los angeles\" srcset=\"https:\/\/soymigrante.com\/revista\/wp-content\/uploads\/2026\/03\/textiles-dla-rossa-semana-de-la-moda-los-angeles-819x1024.jpg 819w, https:\/\/soymigrante.com\/revista\/wp-content\/uploads\/2026\/03\/textiles-dla-rossa-semana-de-la-moda-los-angeles-240x300.jpg 240w, https:\/\/soymigrante.com\/revista\/wp-content\/uploads\/2026\/03\/textiles-dla-rossa-semana-de-la-moda-los-angeles-768x960.jpg 768w, https:\/\/soymigrante.com\/revista\/wp-content\/uploads\/2026\/03\/textiles-dla-rossa-semana-de-la-moda-los-angeles-1229x1536.jpg 1229w, https:\/\/soymigrante.com\/revista\/wp-content\/uploads\/2026\/03\/textiles-dla-rossa-semana-de-la-moda-los-angeles-750x938.jpg 750w, https:\/\/soymigrante.com\/revista\/wp-content\/uploads\/2026\/03\/textiles-dla-rossa-semana-de-la-moda-los-angeles-1140x1425.jpg 1140w, https:\/\/soymigrante.com\/revista\/wp-content\/uploads\/2026\/03\/textiles-dla-rossa-semana-de-la-moda-los-angeles.jpg 1320w\" sizes=\"(max-width: 819px) 100vw, 819px\" title=\"textiles dla rossa semana de la moda los angeles \u2013 SoyMigrante.com REVISTA\" \/>\t\t\t\t\t\t\t\t\t\t\t<figcaption class=\"widget-image-caption wp-caption-text\">textiles dla rossa semana de la moda los angeles<\/figcaption>\n\t\t\t\t\t\t\t\t\t\t<\/figure>\n\t\t\t\t\t\t\t\t\t<\/div>\n\t\t\t\t\t<\/div>\n\t\t\t\t<\/div>\n\t\t<div data-particle_enable=\"false\" data-particle-mobile-disabled=\"false\" class=\"elementor-element elementor-element-dfd5850 e-flex e-con-boxed e-con e-parent\" data-id=\"dfd5850\" data-element_type=\"container\" data-e-type=\"container\">\n\t\t\t\t\t<div class=\"e-con-inner\">\n\t\t\t\t<div class=\"elementor-element elementor-element-1795aa6 elementor-widget elementor-widget-text-editor\" data-id=\"1795aa6\" data-element_type=\"widget\" data-e-type=\"widget\" data-widget_type=\"text-editor.default\">\n\t\t\t\t\t\t\t\t\t<p><span style=\"color: #000000; font-family: Mulish, sans-serif; font-size: 29px; font-weight: bold;\">Un sue\u00f1o nacido en Totonicap\u00e1n<\/span><\/p><p>El taller <strong>Textiles D\u2019La Rossa<\/strong> naci\u00f3 en 2002 como el proyecto de vida de esta pareja de emprendedores originarios de <a href=\"https:\/\/es.wikipedia.org\/wiki\/Totonicap%C3%A1n_(Guatemala)\" target=\"_blank\" rel=\"noopener\">Totonicap\u00e1n<\/a>. Su prop\u00f3sito era claro: mantener viva la tradici\u00f3n de la <a href=\"https:\/\/es.wikipedia.org\/wiki\/Huipil\" target=\"_blank\" rel=\"noopener\">indumentaria maya<\/a> y, al mismo tiempo, proyectarla hacia nuevas generaciones con dise\u00f1os que combinan lo ancestral con lo contempor\u00e1neo.<\/p><p>Cada huipil, corte o accesorio se elabora a mano y representa no solo moda, sino tambi\u00e9n identidad cultural y la herencia de generaciones de tejedoras del altiplano. Con el paso del tiempo, el proyecto se convirti\u00f3 en un referente de creatividad y orgullo cultural, reinterpretando los tejidos tradicionales como una propuesta de moda contempor\u00e1nea con profunda ra\u00edz guatemalteca.<\/p>\t\t\t\t\t\t\t\t<\/div>\n\t\t\t\t\t<\/div>\n\t\t\t\t<\/div>\n\t\t<div data-particle_enable=\"false\" data-particle-mobile-disabled=\"false\" class=\"elementor-element elementor-element-4654db3 e-flex e-con-boxed e-con e-parent\" data-id=\"4654db3\" data-element_type=\"container\" data-e-type=\"container\">\n\t\t\t\t\t<div class=\"e-con-inner\">\n\t\t\t\t<div class=\"elementor-element elementor-element-2340b3d elementor-widget elementor-widget-image\" data-id=\"2340b3d\" data-element_type=\"widget\" data-e-type=\"widget\" data-widget_type=\"image.default\">\n\t\t\t\t\t\t\t\t\t\t\t\t<figure class=\"wp-caption\">\n\t\t\t\t\t\t\t\t\t\t<img decoding=\"async\" width=\"768\" height=\"1024\" src=\"https:\/\/soymigrante.com\/revista\/wp-content\/uploads\/2026\/03\/textiles-dla-rossa-en-canal-vision-tv-los-angeles-768x1024.jpg\" class=\"attachment-large size-large wp-image-53645\" alt=\"Para este viernes se ten\u00edan dos participaciones de textiles D&#039;La Rossa en programas televisivos de Los Angeles.. Aqu\u00ed en Visi\u00f3n TV. (Fotograf\u00eda cortes\u00eda de Sergio Fernando Ar\u00e9valo)\" srcset=\"https:\/\/soymigrante.com\/revista\/wp-content\/uploads\/2026\/03\/textiles-dla-rossa-en-canal-vision-tv-los-angeles-768x1024.jpg 768w, https:\/\/soymigrante.com\/revista\/wp-content\/uploads\/2026\/03\/textiles-dla-rossa-en-canal-vision-tv-los-angeles-225x300.jpg 225w, https:\/\/soymigrante.com\/revista\/wp-content\/uploads\/2026\/03\/textiles-dla-rossa-en-canal-vision-tv-los-angeles-1152x1536.jpg 1152w, https:\/\/soymigrante.com\/revista\/wp-content\/uploads\/2026\/03\/textiles-dla-rossa-en-canal-vision-tv-los-angeles-750x1000.jpg 750w, https:\/\/soymigrante.com\/revista\/wp-content\/uploads\/2026\/03\/textiles-dla-rossa-en-canal-vision-tv-los-angeles-1140x1520.jpg 1140w, https:\/\/soymigrante.com\/revista\/wp-content\/uploads\/2026\/03\/textiles-dla-rossa-en-canal-vision-tv-los-angeles.jpg 1536w\" sizes=\"(max-width: 768px) 100vw, 768px\" title=\"Para este viernes se ten\u00edan dos participaciones de textiles D&#039;La Rossa en programas televisivos de Los Angeles.. Aqu\u00ed en Visi\u00f3n TV. (Fotograf\u00eda cortes\u00eda de Sergio Fernando Ar\u00e9valo) \u2013 SoyMigrante.com REVISTA\" \/>\t\t\t\t\t\t\t\t\t\t\t<figcaption class=\"widget-image-caption wp-caption-text\">Para este viernes se ten\u00edan dos participaciones de textiles D'La Rossa en programas televisivos de Los Angeles.. Aqu\u00ed en Visi\u00f3n TV. (Fotograf\u00eda cortes\u00eda de Sergio Fernando Ar\u00e9valo)<\/figcaption>\n\t\t\t\t\t\t\t\t\t\t<\/figure>\n\t\t\t\t\t\t\t\t\t<\/div>\n\t\t\t\t\t<\/div>\n\t\t\t\t<\/div>\n\t\t<div data-particle_enable=\"false\" data-particle-mobile-disabled=\"false\" class=\"elementor-element elementor-element-ceb11d2 e-flex e-con-boxed e-con e-parent\" data-id=\"ceb11d2\" data-element_type=\"container\" data-e-type=\"container\">\n\t\t\t\t\t<div class=\"e-con-inner\">\n\t\t\t\t<div class=\"elementor-element elementor-element-ccaf422 elementor-widget elementor-widget-text-editor\" data-id=\"ccaf422\" data-element_type=\"widget\" data-e-type=\"widget\" data-widget_type=\"text-editor.default\">\n\t\t\t\t\t\t\t\t\t<p><span style=\"color: #000000; font-family: Mulish, sans-serif; font-size: 29px; font-weight: bold;\">De Guatemala al mundo<\/span><\/p><p>El salto internacional lleg\u00f3 en 2025, cuando el taller fue invitado a participar en la <a href=\"https:\/\/en.wikipedia.org\/wiki\/New_York_Fashion_Week\" target=\"_blank\" rel=\"noopener\">New York Fashion Week<\/a>, uno de los eventos m\u00e1s influyentes de la industria de la moda. Aquella participaci\u00f3n marc\u00f3 un momento hist\u00f3rico para el proyecto: por primera vez muchos espectadores internacionales pudieron admirar en una pasarela global los tejidos mayas del altiplano guatemalteco. Puede verse m\u00e1s sobre esta participaci\u00f3n en la nota <a href=\"https:\/\/soymigrante.com\/revista\/textiles-dla-rossa-de-totonicapan-se-presenta-en-new-york-fashion-week-2025\/\" target=\"_blank\" rel=\"noopener\">Textiles D\u2019La Rossa de Totonicap\u00e1n se presenta en New York Fashion Week 2025<\/a>.<\/p><p>Ese mismo a\u00f1o, el talento artesanal tambi\u00e9n brill\u00f3 en la <a href=\"https:\/\/en.wikipedia.org\/wiki\/Paris_Fashion_Week\" target=\"_blank\" rel=\"noopener\">Paris Fashion Week<\/a>, donde la colecci\u00f3n \u201cLegado Ancestral\u201d mostr\u00f3 huipiles, cortes y rebozos tejidos a mano que reinterpretan s\u00edmbolos y colores tradicionales con una mirada contempor\u00e1nea. Una muestra de ese momento puede verse en la galer\u00eda <a href=\"https:\/\/soymigrante.com\/revista\/en-imagenes-textiles-dla-rossa-deslumbra-en-paris\/\" target=\"_blank\" rel=\"noopener\">Textiles D\u2019La Rossa deslumbra en Par\u00eds<\/a>.<\/p>\t\t\t\t\t\t\t\t<\/div>\n\t\t\t\t\t<\/div>\n\t\t\t\t<\/div>\n\t\t<div data-particle_enable=\"false\" data-particle-mobile-disabled=\"false\" class=\"elementor-element elementor-element-6c0604a e-flex e-con-boxed e-con e-parent\" data-id=\"6c0604a\" data-element_type=\"container\" data-e-type=\"container\">\n\t\t\t\t\t<div class=\"e-con-inner\">\n\t\t\t\t<div class=\"elementor-element elementor-element-42bd70b elementor-widget elementor-widget-video\" data-id=\"42bd70b\" data-element_type=\"widget\" data-e-type=\"widget\" data-settings=\"{&quot;video_type&quot;:&quot;hosted&quot;,&quot;controls&quot;:&quot;yes&quot;}\" data-widget_type=\"video.default\">\n\t\t\t\t\t\t\t<div class=\"e-hosted-video elementor-wrapper elementor-open-inline\">\n\t\t\t\t\t<video class=\"elementor-video\" src=\"https:\/\/soymigrante.com\/revista\/wp-content\/uploads\/2026\/03\/d-la-rossa-textiles-en-vision-tv-los-angeles.mp4\" controls=\"\" preload=\"metadata\" controlsList=\"nodownload\"><\/video>\n\t\t\t\t<\/div>\n\t\t\t\t\t\t<\/div>\n\t\t\t\t\t<\/div>\n\t\t\t\t<\/div>\n\t\t<div data-particle_enable=\"false\" data-particle-mobile-disabled=\"false\" class=\"elementor-element elementor-element-465e0d8 e-flex e-con-boxed e-con e-parent\" data-id=\"465e0d8\" data-element_type=\"container\" data-e-type=\"container\">\n\t\t\t\t\t<div class=\"e-con-inner\">\n\t\t\t\t<div class=\"elementor-element elementor-element-1742cf0 elementor-widget elementor-widget-text-editor\" data-id=\"1742cf0\" data-element_type=\"widget\" data-e-type=\"widget\" data-widget_type=\"text-editor.default\">\n\t\t\t\t\t\t\t\t\t<p><span style=\"color: #000000; font-family: Mulish, sans-serif; font-size: 29px; font-weight: bold;\">Los \u00c1ngeles: un nuevo cap\u00edtulo<\/span><\/p><p>Ahora, el camino contin\u00faa en <a href=\"https:\/\/es.wikipedia.org\/wiki\/Los_%C3%81ngeles\" target=\"_blank\" rel=\"noopener\">Los \u00c1ngeles<\/a>, donde este 15 de marzo los dise\u00f1os de Textiles D\u2019La Rossa subir\u00e1n a la pasarela de Los Angeles Fashion Week, un espacio donde convergen creadores de distintas culturas y tendencias.<\/p><p>La presencia guatemalteca tiene adem\u00e1s un significado especial: conecta directamente con la comunidad migrante en Estados Unidos, que encuentra en estos tejidos un s\u00edmbolo de orgullo, memoria y ra\u00edces. No es solo moda; es la historia de un pueblo contada hilo por hilo.<\/p>\t\t\t\t\t\t\t\t<\/div>\n\t\t\t\t\t<\/div>\n\t\t\t\t<\/div>\n\t\t<div data-particle_enable=\"false\" data-particle-mobile-disabled=\"false\" class=\"elementor-element elementor-element-6a77beb e-flex e-con-boxed e-con e-parent\" data-id=\"6a77beb\" data-element_type=\"container\" data-e-type=\"container\">\n\t\t\t\t\t<div class=\"e-con-inner\">\n\t\t\t\t<div class=\"elementor-element elementor-element-d61d47c elementor-grid-eael-col-1 elementor-grid-tablet-eael-col-2 elementor-grid-mobile-eael-col-1 elementor-widget elementor-widget-eael-post-grid\" data-id=\"d61d47c\" data-element_type=\"widget\" data-e-type=\"widget\" data-settings=\"{&quot;eael_post_grid_columns&quot;:&quot;eael-col-1&quot;,&quot;eael_post_grid_columns_tablet&quot;:&quot;eael-col-2&quot;,&quot;eael_post_grid_columns_mobile&quot;:&quot;eael-col-1&quot;}\" data-widget_type=\"eael-post-grid.default\">\n\t\t\t\t\t<div id=\"eael-post-grid-d61d47c\" class=\"eael-post-grid-container\">\n            <div class=\"eael-post-grid eael-post-appender eael-post-appender-d61d47c eael-post-grid-style-one\" data-layout-mode=\"masonry\"><article class=\"eael-grid-post  eael-post-grid-column eael-pg-post-46739 category-estamos-unidos\" data-id=\"46739\">\n        <div class=\"eael-grid-post-holder\">\n            <div class=\"eael-grid-post-holder-inner\"><div class=\"eael-entry-media\"><div class=\"eael-entry-overlay fade-in\"><i class=\"far fa-hand-pointer\" aria-hidden=\"true\"><\/i><a href=\"https:\/\/soymigrante.com\/revista\/en-imagenes-textiles-dla-rossa-deslumbra-en-paris\/\"><\/a><\/div><div class=\"eael-entry-thumbnail eael-image-ratio\">\n                <img decoding=\"async\" width=\"1024\" height=\"1024\" src=\"https:\/\/soymigrante.com\/revista\/wp-content\/uploads\/2025\/10\/textiles-d-la-rossa-en-paris-5-1024x1024.jpg\" class=\"attachment-large size-large wp-image-46740\" alt=\"textiles d la rossa en paris 5\" srcset=\"https:\/\/soymigrante.com\/revista\/wp-content\/uploads\/2025\/10\/textiles-d-la-rossa-en-paris-5-1024x1024.jpg 1024w, https:\/\/soymigrante.com\/revista\/wp-content\/uploads\/2025\/10\/textiles-d-la-rossa-en-paris-5-300x300.jpg 300w, https:\/\/soymigrante.com\/revista\/wp-content\/uploads\/2025\/10\/textiles-d-la-rossa-en-paris-5-150x150.jpg 150w, https:\/\/soymigrante.com\/revista\/wp-content\/uploads\/2025\/10\/textiles-d-la-rossa-en-paris-5-768x768.jpg 768w, https:\/\/soymigrante.com\/revista\/wp-content\/uploads\/2025\/10\/textiles-d-la-rossa-en-paris-5-75x75.jpg 75w, https:\/\/soymigrante.com\/revista\/wp-content\/uploads\/2025\/10\/textiles-d-la-rossa-en-paris-5-750x750.jpg 750w, https:\/\/soymigrante.com\/revista\/wp-content\/uploads\/2025\/10\/textiles-d-la-rossa-en-paris-5-1140x1140.jpg 1140w, https:\/\/soymigrante.com\/revista\/wp-content\/uploads\/2025\/10\/textiles-d-la-rossa-en-paris-5.jpg 1365w\" sizes=\"(max-width: 1024px) 100vw, 1024px\" \/>\n            <\/div>\n        <\/div><div class=\"eael-entry-wrapper\"><header class=\"eael-entry-header\"><h2 class=\"eael-entry-title\"><a class=\"eael-grid-post-link\" href=\"https:\/\/soymigrante.com\/revista\/en-imagenes-textiles-dla-rossa-deslumbra-en-paris\/\" title=\"En im\u00e1genes: Textiles D&#8217;La Rossa pone en alto a Guatemala en Par\u00eds\">En im\u00e1genes: Textiles D&#8217;La Rossa pone en alto a Guatemala en Par\u00eds<\/a><\/h2><\/header><div class=\"eael-entry-content\">\n                        <div class=\"eael-grid-post-excerpt\"><a href=\"https:\/\/soymigrante.com\/revista\/en-imagenes-textiles-dla-rossa-deslumbra-en-paris\/\" class=\"eael-post-elements-readmore-btn\">CONOCE SU HISTORIA <\/a><\/div>\n                    <\/div><\/div><\/div>\n        <\/div>\n    <\/article><\/div>\n            <div class=\"clearfix\"><\/div>\n        <\/div>\t\t\t\t<\/div>\n\t\t\t\t\t<\/div>\n\t\t\t\t<\/div>\n\t\t<div data-particle_enable=\"false\" data-particle-mobile-disabled=\"false\" class=\"elementor-element elementor-element-ac151ce e-flex e-con-boxed e-con e-parent\" data-id=\"ac151ce\" data-element_type=\"container\" data-e-type=\"container\">\n\t\t\t\t\t<div class=\"e-con-inner\">\n\t\t\t\t<div class=\"elementor-element elementor-element-7cb63a1 elementor-widget elementor-widget-text-editor\" data-id=\"7cb63a1\" data-element_type=\"widget\" data-e-type=\"widget\" data-widget_type=\"text-editor.default\">\n\t\t\t\t\t\t\t\t\t<p><span style=\"color: #000000; font-family: Mulish, sans-serif; font-size: 29px; font-weight: bold;\">Orgullo que se comparte<\/span><\/p><p>Previo a la pasarela, los creadores estuvieron este viernes en el canal Visi\u00f3n TV de Los \u00c1ngeles, compartiendo su historia y mostrando c\u00f3mo el arte textil del altiplano guatemalteco sigue conquistando nuevos escenarios.<\/p><p>Desde Totonicap\u00e1n hasta las capitales mundiales de la moda, el camino de Textiles D\u2019La Rossa demuestra que la tradici\u00f3n tambi\u00e9n puede caminar por las grandes pasarelas del mundo. Cada puntada lleva algo m\u00e1s que dise\u00f1o: lleva la creatividad, la memoria cultural y el orgullo de Guatemala.<\/p>\t\t\t\t\t\t\t\t<\/div>\n\t\t\t\t\t<\/div>\n\t\t\t\t<\/div>\n\t\t<div data-particle_enable=\"false\" data-particle-mobile-disabled=\"false\" class=\"elementor-element elementor-element-45dd6fa e-flex e-con-boxed e-con e-parent\" data-id=\"45dd6fa\" data-element_type=\"container\" data-e-type=\"container\">\n\t\t\t\t\t<div class=\"e-con-inner\">\n\t\t\t\t<div class=\"elementor-element elementor-element-815c93e elementor-widget elementor-widget-html\" data-id=\"815c93e\" data-element_type=\"widget\" data-e-type=\"widget\" data-widget_type=\"html.default\">\n\t\t\t\t\t<iframe src=\"https:\/\/www.facebook.com\/plugins\/video.php?height=314&href=https%3A%2F%2Fwww.facebook.com%2Freel%2F2385546358615938%2F&show_text=true&width=560&t=0\" width=\"560\" height=\"429\" style=\"border:none;overflow:hidden\" scrolling=\"no\" frameborder=\"0\" allowfullscreen=\"true\" allow=\"autoplay; clipboard-write; encrypted-media; picture-in-picture; web-share\" allowFullScreen=\"true\"><\/iframe>\t\t\t\t<\/div>\n\t\t\t\t\t<\/div>\n\t\t\t\t<\/div>\n\t\t<div data-particle_enable=\"false\" data-particle-mobile-disabled=\"false\" class=\"elementor-element elementor-element-cd27c0c e-flex e-con-boxed e-con e-parent\" data-id=\"cd27c0c\" data-element_type=\"container\" data-e-type=\"container\">\n\t\t\t\t\t<div class=\"e-con-inner\">\n\t\t\t\t<div class=\"elementor-element elementor-element-c731078 elementor-widget elementor-widget-heading\" data-id=\"c731078\" data-element_type=\"widget\" data-e-type=\"widget\" data-widget_type=\"heading.default\">\n\t\t\t\t\t<h3 class=\"elementor-heading-title elementor-size-default\">Multiculturalidad guatemalteca sin fronteras<\/h3>\t\t\t\t<\/div>\n\t\t\t\t\t<\/div>\n\t\t\t\t<\/div>\n\t\t<div data-particle_enable=\"false\" data-particle-mobile-disabled=\"false\" class=\"elementor-element elementor-element-b019c49 e-flex e-con-boxed e-con e-parent\" data-id=\"b019c49\" data-element_type=\"container\" data-e-type=\"container\">\n\t\t\t\t\t<div class=\"e-con-inner\">\n\t\t\t\t<div class=\"elementor-element elementor-element-594a49f elementor-grid-eael-col-3 elementor-grid-tablet-eael-col-2 elementor-grid-mobile-eael-col-1 elementor-widget elementor-widget-eael-post-grid\" data-id=\"594a49f\" data-element_type=\"widget\" data-e-type=\"widget\" data-settings=\"{&quot;eael_post_grid_columns&quot;:&quot;eael-col-3&quot;,&quot;eael_post_grid_columns_tablet&quot;:&quot;eael-col-2&quot;,&quot;eael_post_grid_columns_mobile&quot;:&quot;eael-col-1&quot;}\" data-widget_type=\"eael-post-grid.default\">\n\t\t\t\t\t<div id=\"eael-post-grid-594a49f\" class=\"eael-post-grid-container\">\n            <div class=\"eael-post-grid eael-post-appender eael-post-appender-594a49f eael-post-grid-style-one\" data-layout-mode=\"masonry\"><article class=\"eael-grid-post  eael-post-grid-column eael-pg-post-9203 category-pueblos-de-guatemala\" data-id=\"9203\">\n        <div class=\"eael-grid-post-holder\">\n            <div class=\"eael-grid-post-holder-inner\"><div class=\"eael-entry-media\"><div class=\"eael-entry-overlay fade-in\"><i class=\"far fa-hand-pointer\" aria-hidden=\"true\"><\/i><a href=\"https:\/\/soymigrante.com\/revista\/el-pueblo-qanjobal-tiene-el-corazon-en-jolom-konob\/\"><\/a><\/div><div class=\"eael-entry-thumbnail eael-image-ratio\">\n                <img loading=\"lazy\" decoding=\"async\" width=\"656\" height=\"657\" src=\"https:\/\/soymigrante.com\/revista\/wp-content\/uploads\/2024\/09\/santa-eulalia.webp\" class=\"attachment-large size-large wp-image-9216\" alt=\"Mujer ind\u00edgena con vestimenta tradicional sentada entre lava volc\u00e1nica, s\u00edmbolo de resistencia y cultura en M\u00e9xico, en una imagen que refleja identidad y ra\u00edces.\" srcset=\"https:\/\/soymigrante.com\/revista\/wp-content\/uploads\/2024\/09\/santa-eulalia.webp 656w, https:\/\/soymigrante.com\/revista\/wp-content\/uploads\/2024\/09\/santa-eulalia-300x300.webp 300w, https:\/\/soymigrante.com\/revista\/wp-content\/uploads\/2024\/09\/santa-eulalia-150x150.webp 150w, https:\/\/soymigrante.com\/revista\/wp-content\/uploads\/2024\/09\/santa-eulalia-75x75.webp 75w\" sizes=\"(max-width: 656px) 100vw, 656px\" \/>\n            <\/div>\n        <\/div><div class=\"eael-entry-wrapper\"><header class=\"eael-entry-header\"><h2 class=\"eael-entry-title\"><a class=\"eael-grid-post-link\" href=\"https:\/\/soymigrante.com\/revista\/el-pueblo-qanjobal-tiene-el-corazon-en-jolom-konob\/\" title=\"El pueblo Q&#8217;anjob&#8217;al tiene una larga historia y el coraz\u00f3n en Jolom Konob&#8217;\">El pueblo Q&#8217;anjob&#8217;al tiene una larga historia y el coraz\u00f3n en Jolom Konob&#8217;<\/a><\/h2><\/header><div class=\"eael-entry-content\">\n                        <div class=\"eael-grid-post-excerpt\"><a href=\"https:\/\/soymigrante.com\/revista\/el-pueblo-qanjobal-tiene-el-corazon-en-jolom-konob\/\" class=\"eael-post-elements-readmore-btn\">CONOCE SU HISTORIA <\/a><\/div>\n                    <\/div><\/div><\/div>\n        <\/div>\n    <\/article><article class=\"eael-grid-post  eael-post-grid-column eael-pg-post-8837 category-pueblos-de-guatemala\" data-id=\"8837\">\n        <div class=\"eael-grid-post-holder\">\n            <div class=\"eael-grid-post-holder-inner\"><div class=\"eael-entry-media\"><div class=\"eael-entry-overlay fade-in\"><i class=\"far fa-hand-pointer\" aria-hidden=\"true\"><\/i><a href=\"https:\/\/soymigrante.com\/revista\/el-pueblo-ixil-habito-las-tierras-bajas-de-el-mirador-peten\/\"><\/a><\/div><div class=\"eael-entry-thumbnail eael-image-ratio\">\n                <img loading=\"lazy\" decoding=\"async\" width=\"516\" height=\"522\" src=\"https:\/\/soymigrante.com\/revista\/wp-content\/uploads\/2024\/09\/Captura-de-pantalla-2024-09-05-124437.webp\" class=\"attachment-large size-large wp-image-8855\" alt=\"Ni\u00f1a ind\u00edgena con vestimenta tradicional y accesorios coloridos, representando cultura y identidad en comunidades migrantes en Am\u00e9rica Latina.\" srcset=\"https:\/\/soymigrante.com\/revista\/wp-content\/uploads\/2024\/09\/Captura-de-pantalla-2024-09-05-124437.webp 516w, https:\/\/soymigrante.com\/revista\/wp-content\/uploads\/2024\/09\/Captura-de-pantalla-2024-09-05-124437-297x300.webp 297w, https:\/\/soymigrante.com\/revista\/wp-content\/uploads\/2024\/09\/Captura-de-pantalla-2024-09-05-124437-75x75.webp 75w\" sizes=\"(max-width: 516px) 100vw, 516px\" \/>\n            <\/div>\n        <\/div><div class=\"eael-entry-wrapper\"><header class=\"eael-entry-header\"><h2 class=\"eael-entry-title\"><a class=\"eael-grid-post-link\" href=\"https:\/\/soymigrante.com\/revista\/el-pueblo-ixil-habito-las-tierras-bajas-de-el-mirador-peten\/\" title=\"El pueblo Ixil habit\u00f3 las tierras bajas de El Mirador, Pet\u00e9n\">El pueblo Ixil habit\u00f3 las tierras bajas de El Mirador, Pet\u00e9n<\/a><\/h2><\/header><div class=\"eael-entry-content\">\n                        <div class=\"eael-grid-post-excerpt\"><a href=\"https:\/\/soymigrante.com\/revista\/el-pueblo-ixil-habito-las-tierras-bajas-de-el-mirador-peten\/\" class=\"eael-post-elements-readmore-btn\">CONOCE SU HISTORIA <\/a><\/div>\n                    <\/div><\/div><\/div>\n        <\/div>\n    <\/article><article class=\"eael-grid-post  eael-post-grid-column eael-pg-post-44439 category-guate-nuestra-pueblos-de-guatemala\" data-id=\"44439\">\n        <div class=\"eael-grid-post-holder\">\n            <div class=\"eael-grid-post-holder-inner\"><div class=\"eael-entry-media\"><div class=\"eael-entry-overlay fade-in\"><i class=\"far fa-hand-pointer\" aria-hidden=\"true\"><\/i><a href=\"https:\/\/soymigrante.com\/revista\/san-juan-comalapa-la-cuna-del-arte-popular-en-guatemala\/\"><\/a><\/div><div class=\"eael-entry-thumbnail eael-image-ratio\">\n                <img loading=\"lazy\" decoding=\"async\" width=\"674\" height=\"674\" src=\"https:\/\/soymigrante.com\/revista\/wp-content\/uploads\/2025\/09\/San-Juan-Comalapa-5-e1757615970442.jpg\" class=\"attachment-large size-large wp-image-44440\" alt=\"San Juan Comalapa, la cuna del arte en Guatemala\" srcset=\"https:\/\/soymigrante.com\/revista\/wp-content\/uploads\/2025\/09\/San-Juan-Comalapa-5-e1757615970442.jpg 674w, https:\/\/soymigrante.com\/revista\/wp-content\/uploads\/2025\/09\/San-Juan-Comalapa-5-e1757615970442-300x300.jpg 300w, https:\/\/soymigrante.com\/revista\/wp-content\/uploads\/2025\/09\/San-Juan-Comalapa-5-e1757615970442-150x150.jpg 150w, https:\/\/soymigrante.com\/revista\/wp-content\/uploads\/2025\/09\/San-Juan-Comalapa-5-e1757615970442-75x75.jpg 75w\" sizes=\"(max-width: 674px) 100vw, 674px\" \/>\n            <\/div>\n        <\/div><div class=\"eael-entry-wrapper\"><header class=\"eael-entry-header\"><h2 class=\"eael-entry-title\"><a class=\"eael-grid-post-link\" href=\"https:\/\/soymigrante.com\/revista\/san-juan-comalapa-la-cuna-del-arte-popular-en-guatemala\/\" title=\"San Juan Comalapa, la cuna del arte popular en Guatemala\">San Juan Comalapa, la cuna del arte popular en Guatemala<\/a><\/h2><\/header><div class=\"eael-entry-content\">\n                        <div class=\"eael-grid-post-excerpt\"><a href=\"https:\/\/soymigrante.com\/revista\/san-juan-comalapa-la-cuna-del-arte-popular-en-guatemala\/\" class=\"eael-post-elements-readmore-btn\">CONOCE SU HISTORIA <\/a><\/div>\n                    <\/div><\/div><\/div>\n        <\/div>\n    <\/article><\/div>\n            <div class=\"clearfix\"><\/div>\n        <\/div>            <div class=\"eael-load-more-button-wrap eael-force-hide\">\n                <button class=\"eael-load-more-button\" id=\"eael-load-more-btn-594a49f\" data-widget-id=\"594a49f\" data-widget=\"594a49f\" data-page-id=\"53640\" data-template=\"{&quot;dir&quot;:&quot;lite&quot;,&quot;file_name&quot;:&quot;one.php&quot;,&quot;name&quot;:&quot;Post-Grid&quot;}\" data-class=\"Essential_Addons_Elementor\\Elements\\Post_Grid\" data-layout=\"masonry\" data-page=\"1\" data-args=\"orderby=rand&amp;order=desc&amp;ignore_sticky_posts=1&amp;post_status=publish&amp;posts_per_page=3&amp;offset=0&amp;post_type=post&amp;tax_query%5B0%5D%5Btaxonomy%5D=category&amp;tax_query%5B0%5D%5Bfield%5D=term_id&amp;tax_query%5B0%5D%5Bterms%5D%5B0%5D=125&amp;tax_query%5Brelation%5D=AND\" data-max-page=\"9\">\n                    <span class=\"eael-btn-loader button__loader\"><\/span>\n                    <span class=\"eael_load_more_text\">Load More<\/span>\n                <\/button>\n            <\/div>\n            \t\t\t\t<\/div>\n\t\t\t\t\t<\/div>\n\t\t\t\t<\/div>\n\t\t\t\t<\/div>\n\t\t","protected":false},"excerpt":{"rendered":"<p>\u00a1Brilla Guatemala! Despu\u00e9s de sus exitosas participaciones en Semanas de la Moda de Nueva York y Par\u00eds, ahora la casa textil de indumentaria maya D&#8217;La Rossa, de Totonicap\u00e1n presenta creaciones en Semana de la Moda de Los Angeles. La indumentaria maya guatemalteca llega este 14 de marzo a la pasarela de Los Angeles Fashion Week,\u00a0 [&hellip;]<\/p>\n","protected":false},"author":7,"featured_media":53641,"comment_status":"open","ping_status":"open","sticky":false,"template":"","format":"standard","meta":{"_acf_changed":false,"_eb_attr":"","footnotes":""},"categories":[54],"tags":[],"class_list":["post-53640","post","type-post","status-publish","format-standard","has-post-thumbnail","hentry","category-estamos-unidos"],"acf":[],"aioseo_notices":[],"aioseo_head":"\n\t\t<!-- All in One SEO Pro 4.9.6.2 - aioseo.com -->\n\t<meta name=\"description\" content=\"San Juan Comalapa es un municipio de Guatemala que cuenta la historia de varios artistas, quienes desde la cuna del lugar llevar el arte en la sangre.\" \/>\n\t<meta name=\"robots\" content=\"max-snippet:-1, max-image-preview:large, max-video-preview:-1\" \/>\n\t<meta name=\"author\" content=\"Marysabel Aldana\"\/>\n\t<link rel=\"canonical\" href=\"https:\/\/soymigrante.com\/revista\/san-juan-comalapa-la-cuna-del-arte-popular-en-guatemala\/\" \/>\n\t<meta name=\"generator\" content=\"All in One SEO Pro (AIOSEO) 4.9.6.2\" \/>\n\n\t\t<link rel=\"preconnect\" href=\"https:\/\/fonts.googleapis.com\" crossorigin>\n<link rel=\"preconnect\" href=\"https:\/\/fonts.gstatic.com\" crossorigin>\n\t\t<meta property=\"og:locale\" content=\"es_ES\" \/>\n\t\t<meta property=\"og:site_name\" content=\"SoyMigrante.com REVISTA \u2013 Nuestra misi\u00f3n es reconocer y dignificar al migrante.\" \/>\n\t\t<meta property=\"og:type\" content=\"article\" \/>\n\t\t<meta property=\"og:title\" content=\"San Juan Comalapa, la cuna del arte popular en Guatemala\" \/>\n\t\t<meta property=\"og:description\" content=\"San Juan Comalapa es un municipio de Guatemala que cuenta la historia de varios artistas, quienes desde la cuna del lugar llevar el arte en la sangre.\" \/>\n\t\t<meta property=\"og:url\" content=\"https:\/\/soymigrante.com\/revista\/san-juan-comalapa-la-cuna-del-arte-popular-en-guatemala\/\" \/>\n\t\t<meta property=\"og:image\" content=\"https:\/\/soymigrante.com\/revista\/wp-content\/uploads\/2025\/09\/San-Juan-Comalapa-5-e1757615970442.jpg\" \/>\n\t\t<meta property=\"og:image:secure_url\" content=\"https:\/\/soymigrante.com\/revista\/wp-content\/uploads\/2025\/09\/San-Juan-Comalapa-5-e1757615970442.jpg\" \/>\n\t\t<meta property=\"og:image:width\" content=\"674\" \/>\n\t\t<meta property=\"og:image:height\" content=\"674\" \/>\n\t\t<meta property=\"article:published_time\" content=\"2025-09-12T14:09:00+00:00\" \/>\n\t\t<meta property=\"article:modified_time\" content=\"2025-09-12T03:14:33+00:00\" \/>\n\t\t<meta property=\"article:publisher\" content=\"https:\/\/www.facebook.com\/soymigrantecom\" \/>\n\t\t<meta name=\"twitter:card\" content=\"summary_large_image\" \/>\n\t\t<meta name=\"twitter:site\" content=\"@SoyMigrante_com\" \/>\n\t\t<meta name=\"twitter:title\" content=\"San Juan Comalapa, la cuna del arte popular en Guatemala\" \/>\n\t\t<meta name=\"twitter:description\" content=\"San Juan Comalapa es un municipio de Guatemala que cuenta la historia de varios artistas, quienes desde la cuna del lugar llevar el arte en la sangre.\" \/>\n\t\t<meta name=\"twitter:creator\" content=\"@SoyMigrante_com\" \/>\n\t\t<meta name=\"twitter:image\" content=\"https:\/\/soymigrante.com\/revista\/wp-content\/uploads\/2025\/09\/San-Juan-Comalapa-5-e1757615970442.jpg\" \/>\n\t\t<!-- All in One SEO Pro -->\r\n\t\t<title>San Juan Comalapa, la cuna del arte popular en Guatemala<\/title>\n\n","aioseo_head_json":{"title":"San Juan Comalapa, la cuna del arte popular en Guatemala","description":"San Juan Comalapa es un municipio de Guatemala que cuenta la historia de varios artistas, quienes desde la cuna del lugar llevar el arte en la sangre.","canonical_url":"https:\/\/soymigrante.com\/revista\/san-juan-comalapa-la-cuna-del-arte-popular-en-guatemala\/","robots":"max-snippet:-1, max-image-preview:large, max-video-preview:-1","keywords":"","webmasterTools":{"miscellaneous":"&lt;link rel=\"preconnect\" href=\"https:\/\/fonts.googleapis.com\" crossorigin&gt;\n&lt;link rel=\"preconnect\" href=\"https:\/\/fonts.gstatic.com\" crossorigin&gt;"},"schema":null,"og:locale":"es_ES","og:site_name":"SoyMigrante.com REVISTA \u2013 Nuestra misi\u00f3n es reconocer y dignificar al migrante.","og:type":"article","og:title":"San Juan Comalapa, la cuna del arte popular en Guatemala","og:description":"San Juan Comalapa es un municipio de Guatemala que cuenta la historia de varios artistas, quienes desde la cuna del lugar llevar el arte en la sangre.","og:url":"https:\/\/soymigrante.com\/revista\/san-juan-comalapa-la-cuna-del-arte-popular-en-guatemala\/","og:image":"https:\/\/soymigrante.com\/revista\/wp-content\/uploads\/2025\/09\/San-Juan-Comalapa-5-e1757615970442.jpg","og:image:secure_url":"https:\/\/soymigrante.com\/revista\/wp-content\/uploads\/2025\/09\/San-Juan-Comalapa-5-e1757615970442.jpg","og:image:width":674,"og:image:height":674,"article:published_time":"2025-09-12T14:09:00+00:00","article:modified_time":"2025-09-12T03:14:33+00:00","article:publisher":"https:\/\/www.facebook.com\/soymigrantecom","twitter:card":"summary_large_image","twitter:site":"@SoyMigrante_com","twitter:title":"San Juan Comalapa, la cuna del arte popular en Guatemala","twitter:description":"San Juan Comalapa es un municipio de Guatemala que cuenta la historia de varios artistas, quienes desde la cuna del lugar llevar el arte en la sangre.","twitter:creator":"@SoyMigrante_com","twitter:image":"https:\/\/soymigrante.com\/revista\/wp-content\/uploads\/2025\/09\/San-Juan-Comalapa-5-e1757615970442.jpg"},"aioseo_meta_data":{"post_id":"53640","title":"Textiles D'La Rossa brillar\u00e1 en Semana de la Moda L.A.","description":"Casa textil de indumentaria maya de Totonicap\u00e1n sigue su ruta de proyecci\u00f3n internacional en Los Angeles, tras exitosas participaciones en Nueva York y Par\u00eds.","keywords":null,"keyphrases":{"focus":{"keyphrase":"Indumentaria","score":81,"analysis":{"keyphraseInTitle":{"score":3,"maxScore":9,"error":1},"keyphraseInDescription":{"score":9,"maxScore":9,"error":0},"keyphraseLength":{"score":9,"maxScore":9,"error":0,"length":1},"keyphraseInURL":{"score":5,"maxScore":5,"error":0}}},"additional":[{"keyphrase":"Maya","score":100,"analysis":{"keyphraseInDescription":{"score":9,"maxScore":9,"error":0},"keyphraseLength":{"score":9,"maxScore":9,"error":0,"length":1}}},{"keyphrase":"D'La Rossa","score":67,"analysis":{"keyphraseInDescription":{"score":3,"maxScore":9,"error":1},"keyphraseLength":{"score":9,"maxScore":9,"error":0,"length":2}}}]},"primary_term":null,"canonical_url":null,"og_title":null,"og_description":null,"og_object_type":"default","og_image_type":"default","og_image_url":null,"og_image_width":null,"og_image_height":null,"og_image_custom_url":null,"og_image_custom_fields":null,"og_video":"","og_custom_url":null,"og_article_section":null,"og_article_tags":null,"twitter_use_og":false,"twitter_card":"default","twitter_image_type":"default","twitter_image_url":null,"twitter_image_custom_url":null,"twitter_image_custom_fields":null,"twitter_title":null,"twitter_description":null,"schema":{"blockGraphs":[],"customGraphs":[],"default":{"data":{"Article":[],"Course":[],"Dataset":[],"FAQPage":[],"Movie":[],"Person":[],"Product":[],"ProductReview":[],"Car":[],"Recipe":[],"Service":[],"SoftwareApplication":[],"WebPage":[]},"graphName":"NewsArticle","isEnabled":true},"graphs":[]},"schema_type":"default","schema_type_options":null,"pillar_content":false,"robots_default":true,"robots_noindex":false,"robots_noarchive":false,"robots_nosnippet":false,"robots_nofollow":false,"robots_noimageindex":false,"robots_noodp":false,"robots_notranslate":false,"robots_max_snippet":"-1","robots_max_videopreview":"-1","robots_max_imagepreview":"large","priority":null,"frequency":"default","local_seo":null,"seo_analyzer_scan_date":null,"breadcrumb_settings":null,"limit_modified_date":false,"reviewed_by":"0","open_ai":null,"ai":{"faqs":[],"keyPoints":[],"titles":[],"descriptions":[],"socialPosts":{"email":[],"linkedin":[],"twitter":[],"facebook":[],"instagram":[]}},"created":"2026-03-13 20:19:49","updated":"2026-03-13 23:12:38"},"aioseo_breadcrumb":"<div class=\"aioseo-breadcrumbs\"><span class=\"aioseo-breadcrumb\">\n\t<a href=\"https:\/\/soymigrante.com\/revista\" title=\"Home\">Home<\/a>\n<\/span><span class=\"aioseo-breadcrumb-separator\">\u00bb<\/span><span class=\"aioseo-breadcrumb\">\n\t<a href=\"https:\/\/soymigrante.com\/revista\/category\/estamos-unidos\/\" title=\"Estamos Unidos\">Estamos Unidos<\/a>\n<\/span><span class=\"aioseo-breadcrumb-separator\">\u00bb<\/span><span class=\"aioseo-breadcrumb\">\n\tTextiles D\u2019La Rossa de Totonicap\u00e1n presenta indumentaria maya en Semana de la Moda de Los Angeles\n<\/span><\/div>","aioseo_breadcrumb_json":[{"label":"Home","link":"https:\/\/soymigrante.com\/revista"},{"label":"Estamos Unidos","link":"https:\/\/soymigrante.com\/revista\/category\/estamos-unidos\/"},{"label":"Textiles D&#8217;La Rossa de Totonicap\u00e1n presenta indumentaria maya en Semana de la Moda de Los Angeles","link":"https:\/\/soymigrante.com\/revista\/textiles-dla-rossa-de-totonicapan-presenta-indumentaria-maya-en-semana-de-la-moda-de-los-angeles\/"}],"_links":{"self":[{"href":"https:\/\/soymigrante.com\/revista\/wp-json\/wp\/v2\/posts\/53640","targetHints":{"allow":["GET"]}}],"collection":[{"href":"https:\/\/soymigrante.com\/revista\/wp-json\/wp\/v2\/posts"}],"about":[{"href":"https:\/\/soymigrante.com\/revista\/wp-json\/wp\/v2\/types\/post"}],"author":[{"embeddable":true,"href":"https:\/\/soymigrante.com\/revista\/wp-json\/wp\/v2\/users\/7"}],"replies":[{"embeddable":true,"href":"https:\/\/soymigrante.com\/revista\/wp-json\/wp\/v2\/comments?post=53640"}],"version-history":[{"count":10,"href":"https:\/\/soymigrante.com\/revista\/wp-json\/wp\/v2\/posts\/53640\/revisions"}],"predecessor-version":[{"id":53667,"href":"https:\/\/soymigrante.com\/revista\/wp-json\/wp\/v2\/posts\/53640\/revisions\/53667"}],"wp:featuredmedia":[{"embeddable":true,"href":"https:\/\/soymigrante.com\/revista\/wp-json\/wp\/v2\/media\/53641"}],"wp:attachment":[{"href":"https:\/\/soymigrante.com\/revista\/wp-json\/wp\/v2\/media?parent=53640"}],"wp:term":[{"taxonomy":"category","embeddable":true,"href":"https:\/\/soymigrante.com\/revista\/wp-json\/wp\/v2\/categories?post=53640"},{"taxonomy":"post_tag","embeddable":true,"href":"https:\/\/soymigrante.com\/revista\/wp-json\/wp\/v2\/tags?post=53640"}],"curies":[{"name":"wp","href":"https:\/\/api.w.org\/{rel}","templated":true}]}}