{"id":5364,"date":"2024-03-12T19:22:23","date_gmt":"2024-03-13T01:22:23","guid":{"rendered":"https:\/\/soymigrante.com\/revista\/?p=5364"},"modified":"2024-03-13T10:28:52","modified_gmt":"2024-03-13T16:28:52","slug":"organizaciones-propuesta-reforma-acceso-voto-migrante","status":"publish","type":"post","link":"https:\/\/soymigrante.com\/revista\/organizaciones-propuesta-reforma-acceso-voto-migrante\/","title":{"rendered":"Migrantes unifican hist\u00f3rica petici\u00f3n de 19 reformas electorales"},"content":{"rendered":"\t\t<div data-elementor-type=\"wp-post\" data-elementor-id=\"5364\" class=\"elementor elementor-5364\" data-elementor-post-type=\"post\">\n\t\t\t\t\t\t<section data-particle_enable=\"false\" data-particle-mobile-disabled=\"false\" class=\"elementor-section elementor-top-section elementor-element elementor-element-9ebc770 elementor-section-boxed elementor-section-height-default elementor-section-height-default\" data-id=\"9ebc770\" data-element_type=\"section\" data-e-type=\"section\">\n\t\t\t\t\t\t<div class=\"elementor-container elementor-column-gap-default\">\n\t\t\t\t\t<div class=\"elementor-column elementor-col-100 elementor-top-column elementor-element elementor-element-6533512\" data-id=\"6533512\" data-element_type=\"column\" data-e-type=\"column\">\n\t\t\t<div class=\"elementor-widget-wrap elementor-element-populated\">\n\t\t\t\t\t\t<div class=\"elementor-element elementor-element-757aa57 elementor-widget elementor-widget-heading\" data-id=\"757aa57\" data-element_type=\"widget\" data-e-type=\"widget\" data-widget_type=\"heading.default\">\n\t\t\t\t\t<h3 class=\"elementor-heading-title elementor-size-default\">Para participar en el inicio de mesas de di\u00e1logo de la Comisi\u00f3n de Actualizaci\u00f3n y Modernizaci\u00f3n Electoral, entidades migrantes logran consenso para pedir 19 posibles cambios al voto desde el extranjero. Este es el documento completo.<\/h3>\t\t\t\t<\/div>\n\t\t\t\t\t<\/div>\n\t\t<\/div>\n\t\t\t\t\t<\/div>\n\t\t<\/section>\n\t\t\t\t<section data-particle_enable=\"false\" data-particle-mobile-disabled=\"false\" class=\"elementor-section elementor-top-section elementor-element elementor-element-66eebab elementor-section-boxed elementor-section-height-default elementor-section-height-default\" data-id=\"66eebab\" data-element_type=\"section\" data-e-type=\"section\">\n\t\t\t\t\t\t<div class=\"elementor-container elementor-column-gap-default\">\n\t\t\t\t\t<div class=\"elementor-column elementor-col-100 elementor-top-column elementor-element elementor-element-7e0d6ab\" data-id=\"7e0d6ab\" data-element_type=\"column\" data-e-type=\"column\">\n\t\t\t<div class=\"elementor-widget-wrap elementor-element-populated\">\n\t\t\t\t\t\t<div class=\"elementor-element elementor-element-5411325 elementor-widget elementor-widget-text-editor\" data-id=\"5411325\" data-element_type=\"widget\" data-e-type=\"widget\" data-widget_type=\"text-editor.default\">\n\t\t\t\t\t\t\t\t\t<p>Bajo la idea de que los migrantes pueden incidir decisivamente en la democracia as\u00ed como tienen un papel preponderante en la econom\u00eda a trav\u00e9s de sus remesas, 17 dirigentes de 10 organizaciones guatemaltecas en Estados Unidos unieron sus voces, necesidades y expectativas en una sola propuesta cuya s\u00edntesis fue entregada oficialmente a la Comisi\u00f3n de Actualizaci\u00f3n y Modernizaci\u00f3n Electoral.<\/p><p>La misma contempla 19 propuestas de cambio para facilitar el voto de los migrantes, tener mejor representaci\u00f3n pol\u00edtica en el pa\u00eds y tener acceso a una participaci\u00f3n m\u00e1s activa con la posibilidad de elegir y plantear candidatos.\u00a0<\/p>\t\t\t\t\t\t\t\t<\/div>\n\t\t\t\t\t<\/div>\n\t\t<\/div>\n\t\t\t\t\t<\/div>\n\t\t<\/section>\n\t\t\t\t<section data-particle_enable=\"false\" data-particle-mobile-disabled=\"false\" class=\"elementor-section elementor-top-section elementor-element elementor-element-56fbc9a elementor-section-boxed elementor-section-height-default elementor-section-height-default\" data-id=\"56fbc9a\" data-element_type=\"section\" data-e-type=\"section\">\n\t\t\t\t\t\t<div class=\"elementor-container elementor-column-gap-default\">\n\t\t\t\t\t<div class=\"elementor-column elementor-col-100 elementor-top-column elementor-element elementor-element-b92b8d4\" data-id=\"b92b8d4\" data-element_type=\"column\" data-e-type=\"column\">\n\t\t\t<div class=\"elementor-widget-wrap elementor-element-populated\">\n\t\t\t\t\t\t<div class=\"elementor-element elementor-element-0c39311 elementor-widget elementor-widget-image\" data-id=\"0c39311\" data-element_type=\"widget\" data-e-type=\"widget\" data-widget_type=\"image.default\">\n\t\t\t\t\t\t\t\t\t\t\t\t<figure class=\"wp-caption\">\n\t\t\t\t\t\t\t\t\t\t<img fetchpriority=\"high\" decoding=\"async\" width=\"768\" height=\"710\" src=\"https:\/\/soymigrante.com\/revista\/wp-content\/uploads\/2024\/03\/fadsfgewt4t346.webp\" class=\"attachment-large size-large wp-image-5365\" alt=\"Representantes de organizaciones migrantes dialogan con autoridades del Tribunal Supremo Electoral en Guatemala, el 11 de marzo de 2024. Los guatemaltecos resaltaron que era la primera vez que se ten\u00eda este nivel de representaci\u00f3n presencial para presentar propuestas.\" srcset=\"https:\/\/soymigrante.com\/revista\/wp-content\/uploads\/2024\/03\/fadsfgewt4t346.webp 956w, https:\/\/soymigrante.com\/revista\/wp-content\/uploads\/2024\/03\/fadsfgewt4t346-300x277.webp 300w, https:\/\/soymigrante.com\/revista\/wp-content\/uploads\/2024\/03\/fadsfgewt4t346-768x710.webp 768w, https:\/\/soymigrante.com\/revista\/wp-content\/uploads\/2024\/03\/fadsfgewt4t346-750x694.webp 750w\" sizes=\"(max-width: 768px) 100vw, 768px\" title=\"Representantes de organizaciones migrantes dialogan con autoridades del Tribunal Supremo Electoral en Guatemala, el 11 de marzo de 2024.  Los guatemaltecos resaltaron que era la primera vez que se ten\u00eda este nivel de representaci\u00f3n presencial para presentar propuestas. \u2013 SoyMigrante.com REVISTA\" \/>\t\t\t\t\t\t\t\t\t\t\t<figcaption class=\"widget-image-caption wp-caption-text\">Representantes de organizaciones migrantes dialogan con autoridades del Tribunal Supremo Electoral en Guatemala, el 11 de marzo de 2024.  Los guatemaltecos resaltaron que era la primera vez que se ten\u00eda este nivel de representaci\u00f3n presencial para presentar propuestas.<\/figcaption>\n\t\t\t\t\t\t\t\t\t\t<\/figure>\n\t\t\t\t\t\t\t\t\t<\/div>\n\t\t\t\t\t<\/div>\n\t\t<\/div>\n\t\t\t\t\t<\/div>\n\t\t<\/section>\n\t\t\t\t<section data-particle_enable=\"false\" data-particle-mobile-disabled=\"false\" class=\"elementor-section elementor-top-section elementor-element elementor-element-0107bdb elementor-section-boxed elementor-section-height-default elementor-section-height-default\" data-id=\"0107bdb\" data-element_type=\"section\" data-e-type=\"section\">\n\t\t\t\t\t\t<div class=\"elementor-container elementor-column-gap-default\">\n\t\t\t\t\t<div class=\"elementor-column elementor-col-100 elementor-top-column elementor-element elementor-element-0eb178a\" data-id=\"0eb178a\" data-element_type=\"column\" data-e-type=\"column\">\n\t\t\t<div class=\"elementor-widget-wrap elementor-element-populated\">\n\t\t\t\t\t\t<div class=\"elementor-element elementor-element-50ee408 elementor-widget elementor-widget-heading\" data-id=\"50ee408\" data-element_type=\"widget\" data-e-type=\"widget\" data-widget_type=\"heading.default\">\n\t\t\t\t\t<h2 class=\"elementor-heading-title elementor-size-default\">El listado de 19 propuestas migrantes<\/h2>\t\t\t\t<\/div>\n\t\t\t\t\t<\/div>\n\t\t<\/div>\n\t\t\t\t\t<\/div>\n\t\t<\/section>\n\t\t\t\t<section data-particle_enable=\"false\" data-particle-mobile-disabled=\"false\" class=\"elementor-section elementor-top-section elementor-element elementor-element-b39fea4 elementor-section-boxed elementor-section-height-default elementor-section-height-default\" data-id=\"b39fea4\" data-element_type=\"section\" data-e-type=\"section\">\n\t\t\t\t\t\t<div class=\"elementor-container elementor-column-gap-default\">\n\t\t\t\t\t<div class=\"elementor-column elementor-col-100 elementor-top-column elementor-element elementor-element-38ed31e\" data-id=\"38ed31e\" data-element_type=\"column\" data-e-type=\"column\">\n\t\t\t<div class=\"elementor-widget-wrap elementor-element-populated\">\n\t\t\t\t\t\t<div class=\"elementor-element elementor-element-38ccd15 elementor-widget elementor-widget-text-editor\" data-id=\"38ccd15\" data-element_type=\"widget\" data-e-type=\"widget\" data-widget_type=\"text-editor.default\">\n\t\t\t\t\t\t\t\t\t<ol><li>Creaci\u00f3n del distrito electoral 24 que tendr\u00eda representaci\u00f3n al igual que los 22 departamentos y el distrito central.<\/li><li><span style=\"color: var( --e-global-color-text );\">Ampliar el derecho a elecci\u00f3n en relaci\u00f3n a poder votar para presidente y vicepresidente, diputados por listado nacional, diputados distritales, diputados al parlacen y alcaldes municipales desde el extranjero.\u00a0<\/span><\/li><li><span style=\"color: var( --e-global-color-text );\">Posibilitar legal y t\u00e9cnicamente el voto en tres modalidades:\u00a0 presencial,\u00a0 \u00a0electr\u00f3nico y por correo anticipado( voto postal)<\/span><\/li><li><span style=\"color: var( --e-global-color-text );\">Uso del pasaporte ademas del documento personal de identificaci\u00f3n, DPI, para poder empadronarse y ejercer el sufragio.\u00a0<\/span><\/li><li><span style=\"color: var( --e-global-color-text );\">Autorizaci\u00f3n de uso de la tarjeta consular para empadronarse y emitir el sufragio.\u00a0<\/span><\/li><li><span style=\"color: var( --e-global-color-text );\">Dejar plasmado en ley, la presencia constante de personal del Tribunal Supremo Electoral en los consulados de ciudades con mas poblaci\u00f3n y realizar jornadas de socializacion y difusi\u00f3n de los eventos electorales.\u00a0<\/span><\/li><li><span style=\"color: var( --e-global-color-text );\">Creaci\u00f3n de un padr\u00f3n electoral \u00fanico o universal de guatemaltecos en el exterior<\/span><\/li><li><span style=\"color: var( --e-global-color-text );\">Implementaci\u00f3n del voto para los connacionales residentes en los pa\u00edses de M\u00e9xico, Canad\u00e1 y Espa\u00f1a.\u00a0<\/span><\/li><li><span style=\"color: var( --e-global-color-text );\">Empadronamiento automatico a todos los guatemaltecos al tramitar DPI<\/span><\/li><li><span style=\"color: var( --e-global-color-text );\">Que los guatemaltecos en cualquier pa\u00eds puedan votar en sus diferentes consulados bajo el debido empadronamiento.<\/span><\/li><li><span style=\"color: var( --e-global-color-text );\">Empadronamiento de manera electronica.<\/span><\/li><li><span style=\"color: var( --e-global-color-text );\">Implementar en el territorio nacional distritos mas peque\u00f1os en el caso de las diputaciones y que en las papeletas esten las fotograf\u00edas y nombres de los candidatos.\u00a0<\/span><\/li><li><span style=\"color: var( --e-global-color-text );\">La posibilidad de reelecci\u00f3n para diputados y alcaldes debe ser de una sola vez, luego de su primera oportunidad.\u00a0<\/span><\/li><li><span style=\"color: var( --e-global-color-text );\">Integrar el puesto a gobernador departamental en el sistema electoral.\u00a0<\/span><\/li><li><span style=\"color: var( --e-global-color-text );\">Traducci\u00f3n del material electoral a las 22 lenguas oficiales de Guatemala.\u00a0<\/span><\/li><li><span style=\"color: var( --e-global-color-text );\">Implementaci\u00f3n de una pol\u00edtica de comunicaci\u00f3n intercultural en el marco de los procesos electorales.\u00a0<\/span><\/li><li><span style=\"color: var( --e-global-color-text );\">Capacitacion a los funcionarios del TSE en materia de interculturalidad ling\u00fc\u00edstica<\/span><\/li><li><span style=\"color: var( --e-global-color-text );\">Creacion de un programa de educaci\u00f3n electoral en todos los idiomas de Guatemala.\u00a0<\/span><\/li><li><span style=\"color: var( --e-global-color-text );\">Implementacion de un sistema de votaci\u00f3n multiling\u00fce<\/span><\/li><\/ol>\t\t\t\t\t\t\t\t<\/div>\n\t\t\t\t\t<\/div>\n\t\t<\/div>\n\t\t\t\t\t<\/div>\n\t\t<\/section>\n\t\t\t\t<section data-particle_enable=\"false\" data-particle-mobile-disabled=\"false\" class=\"elementor-section elementor-top-section elementor-element elementor-element-fdf2637 elementor-section-boxed elementor-section-height-default elementor-section-height-default\" data-id=\"fdf2637\" data-element_type=\"section\" data-e-type=\"section\">\n\t\t\t\t\t\t<div class=\"elementor-container elementor-column-gap-default\">\n\t\t\t\t\t<div class=\"elementor-column elementor-col-100 elementor-top-column elementor-element elementor-element-54d1049\" data-id=\"54d1049\" data-element_type=\"column\" data-e-type=\"column\">\n\t\t\t<div class=\"elementor-widget-wrap elementor-element-populated\">\n\t\t\t\t\t\t<div class=\"elementor-element elementor-element-cd2b821 elementor-widget elementor-widget-text-editor\" data-id=\"cd2b821\" data-element_type=\"widget\" data-e-type=\"widget\" data-widget_type=\"text-editor.default\">\n\t\t\t\t\t\t\t\t\t<p>Estas propuestas se suman a las m\u00e1s de 1 mil 200 iniciativas de cambios que son aportadas por partidos pol\u00edticos, sociedad civil, sector empresarial y pueblos ind\u00edgenas de Guatemala. La CAME se encargar\u00e1 de discutir, viabilizar y seleccionar las propuestas que puedan ser integradas al ordenamiento jur\u00eddico electoral.<\/p>\t\t\t\t\t\t\t\t<\/div>\n\t\t\t\t\t<\/div>\n\t\t<\/div>\n\t\t\t\t\t<\/div>\n\t\t<\/section>\n\t\t\t\t<section data-particle_enable=\"false\" data-particle-mobile-disabled=\"false\" class=\"elementor-section elementor-top-section elementor-element elementor-element-738d779 elementor-section-boxed elementor-section-height-default elementor-section-height-default\" data-id=\"738d779\" data-element_type=\"section\" data-e-type=\"section\">\n\t\t\t\t\t\t<div class=\"elementor-container elementor-column-gap-default\">\n\t\t\t\t\t<div class=\"elementor-column elementor-col-100 elementor-top-column elementor-element elementor-element-ea62294\" data-id=\"ea62294\" data-element_type=\"column\" data-e-type=\"column\">\n\t\t\t<div class=\"elementor-widget-wrap elementor-element-populated\">\n\t\t\t\t\t\t<div class=\"elementor-element elementor-element-3c82f65 elementor-widget elementor-widget-image\" data-id=\"3c82f65\" data-element_type=\"widget\" data-e-type=\"widget\" data-widget_type=\"image.default\">\n\t\t\t\t\t\t\t\t\t\t\t\t\t\t\t<img decoding=\"async\" width=\"768\" height=\"576\" src=\"https:\/\/soymigrante.com\/revista\/wp-content\/uploads\/2024\/03\/votando-luis-gomez-1024x768.webp\" class=\"attachment-large size-large wp-image-5367\" alt=\"Facilitar e incrementar la participaci\u00f3n electoral de los migrantes guatemaltecos es el gran objetivo de la propuesta consensuada entre 17 organizaciones. Migrante Luis G\u00f3mez participa en las elecciones 2023. Fotograf\u00eda TSE\" srcset=\"https:\/\/soymigrante.com\/revista\/wp-content\/uploads\/2024\/03\/votando-luis-gomez-1024x768.webp 1024w, https:\/\/soymigrante.com\/revista\/wp-content\/uploads\/2024\/03\/votando-luis-gomez-300x225.webp 300w, https:\/\/soymigrante.com\/revista\/wp-content\/uploads\/2024\/03\/votando-luis-gomez-768x576.webp 768w, https:\/\/soymigrante.com\/revista\/wp-content\/uploads\/2024\/03\/votando-luis-gomez-1536x1152.webp 1536w, https:\/\/soymigrante.com\/revista\/wp-content\/uploads\/2024\/03\/votando-luis-gomez-750x563.webp 750w, https:\/\/soymigrante.com\/revista\/wp-content\/uploads\/2024\/03\/votando-luis-gomez-1140x855.webp 1140w, https:\/\/soymigrante.com\/revista\/wp-content\/uploads\/2024\/03\/votando-luis-gomez.webp 1920w\" sizes=\"(max-width: 768px) 100vw, 768px\" title=\"Facilitar e incrementar la participaci\u00f3n electoral de los migrantes guatemaltecos es el gran objetivo de la propuesta consensuada entre 17 organizaciones. Migrante Luis G\u00f3mez participa en las elecciones 2023. Fotograf\u00eda TSE \u2013 SoyMigrante.com REVISTA\" \/>\t\t\t\t\t\t\t\t\t\t\t\t\t\t\t<\/div>\n\t\t\t\t\t<\/div>\n\t\t<\/div>\n\t\t\t\t\t<\/div>\n\t\t<\/section>\n\t\t\t\t<section data-particle_enable=\"false\" data-particle-mobile-disabled=\"false\" class=\"elementor-section elementor-top-section elementor-element elementor-element-7a93b50 elementor-section-boxed elementor-section-height-default elementor-section-height-default\" data-id=\"7a93b50\" data-element_type=\"section\" data-e-type=\"section\">\n\t\t\t\t\t\t<div class=\"elementor-container elementor-column-gap-default\">\n\t\t\t\t\t<div class=\"elementor-column elementor-col-100 elementor-top-column elementor-element elementor-element-40948ab\" data-id=\"40948ab\" data-element_type=\"column\" data-e-type=\"column\">\n\t\t\t<div class=\"elementor-widget-wrap elementor-element-populated\">\n\t\t\t\t\t\t<div class=\"elementor-element elementor-element-1f1048d elementor-widget elementor-widget-heading\" data-id=\"1f1048d\" data-element_type=\"widget\" data-e-type=\"widget\" data-widget_type=\"heading.default\">\n\t\t\t\t\t<h2 class=\"elementor-heading-title elementor-size-default\">Representantes y organizaciones migrantes que firmaron la propuesta<\/h2>\t\t\t\t<\/div>\n\t\t\t\t\t<\/div>\n\t\t<\/div>\n\t\t\t\t\t<\/div>\n\t\t<\/section>\n\t\t\t\t<section data-particle_enable=\"false\" data-particle-mobile-disabled=\"false\" class=\"elementor-section elementor-top-section elementor-element elementor-element-692b39d elementor-section-boxed elementor-section-height-default elementor-section-height-default\" data-id=\"692b39d\" data-element_type=\"section\" data-e-type=\"section\">\n\t\t\t\t\t\t<div class=\"elementor-container elementor-column-gap-default\">\n\t\t\t\t\t<div class=\"elementor-column elementor-col-100 elementor-top-column elementor-element elementor-element-3e6bd19\" data-id=\"3e6bd19\" data-element_type=\"column\" data-e-type=\"column\">\n\t\t\t<div class=\"elementor-widget-wrap elementor-element-populated\">\n\t\t\t\t\t\t<section data-particle_enable=\"false\" data-particle-mobile-disabled=\"false\" class=\"elementor-section elementor-inner-section elementor-element elementor-element-9c6cb91 elementor-section-boxed elementor-section-height-default elementor-section-height-default\" data-id=\"9c6cb91\" data-element_type=\"section\" data-e-type=\"section\">\n\t\t\t\t\t\t<div class=\"elementor-container elementor-column-gap-default\">\n\t\t\t\t\t<div class=\"elementor-column elementor-col-50 elementor-inner-column elementor-element elementor-element-9835725\" data-id=\"9835725\" data-element_type=\"column\" data-e-type=\"column\">\n\t\t\t<div class=\"elementor-widget-wrap elementor-element-populated\">\n\t\t\t\t\t\t<div class=\"elementor-element elementor-element-1b43db4 elementor-widget elementor-widget-text-editor\" data-id=\"1b43db4\" data-element_type=\"widget\" data-e-type=\"widget\" data-widget_type=\"text-editor.default\">\n\t\t\t\t\t\t\t\t\t<p>1.&nbsp;<span style=\"color: var( --e-global-color-text );\">Lilian Amaya,&nbsp;<\/span><span style=\"color: var( --e-global-color-text );\">Ministerios Haziel,&nbsp;<\/span><span style=\"color: var( --e-global-color-text );\">Illinois<\/span><\/p>\n<p>2.&nbsp;<span style=\"color: var( --e-global-color-text );\">Karla Baso,&nbsp;<\/span><span style=\"color: var( --e-global-color-text );\">Entre Chapines Texas-<\/span><span style=\"color: var( --e-global-color-text );\">M\u00e9xico<\/span><\/p>\n<p><span style=\"color: var( --e-global-color-text );\">3.&nbsp;<\/span><span style=\"color: var( --e-global-color-text );\">Lety Bar\u00e1n,&nbsp;<\/span><span style=\"color: var( --e-global-color-text );\">Asociaci\u00f3n Primaveral Inc.&nbsp;<\/span><span style=\"color: var( --e-global-color-text );\">Washington, D.C.<\/span><\/p>\n<p>4.&nbsp;<span style=\"color: var( --e-global-color-text );\">Eliazar Cifuentes,&nbsp;<\/span><span style=\"color: var( --e-global-color-text );\">Asociaci\u00f3n de Guatemaltecos Unidos de Carolina del Norte<\/span><\/p>\n<p><span style=\"color: var( --e-global-color-text );\">5.&nbsp;<\/span><span style=\"color: var( --e-global-color-text );\">Edgar Herrarte,&nbsp;&nbsp;<\/span><span style=\"color: var( --e-global-color-text );\">Migrantes por Guatemala,&nbsp;<\/span><span style=\"color: var( --e-global-color-text );\">New York<\/span><\/p>\n<p>6.&nbsp;<span style=\"color: var( --e-global-color-text );\">Alfonso P\u00e9rez,&nbsp;&nbsp;<\/span><span style=\"color: var( --e-global-color-text );\">Alianza Guatemaltecos Unidos,&nbsp;&nbsp;<\/span><span style=\"color: var( --e-global-color-text );\">California<\/span><\/p>\n<p>7.&nbsp;<span style=\"color: var( --e-global-color-text );\">Lety Dard\u00f3n,&nbsp;&nbsp;<\/span><span style=\"color: var( --e-global-color-text );\">Alianza Guatemaltecos Unidos,&nbsp;&nbsp;<\/span><span style=\"color: var( --e-global-color-text );\">California<\/span><\/p><p style=\"font-style: normal; font-variant-ligatures: normal; font-variant-caps: normal; font-weight: 400; font-size: 16px; font-family: Roboto, sans-serif;\"><span style=\"font-style: normal; font-variant-ligatures: normal; font-variant-caps: normal; font-weight: 400; font-size: 16px; font-family: Roboto, sans-serif; color: var( --e-global-color-text );\">8.&nbsp;<\/span><span style=\"font-style: normal; font-variant-ligatures: normal; font-variant-caps: normal; font-weight: 400; font-size: 16px; font-family: Roboto, sans-serif; color: var( --e-global-color-text );\">Kiara Vera,&nbsp;<\/span><span style=\"font-style: normal; font-variant-ligatures: normal; font-variant-caps: normal; font-weight: 400; font-size: 16px; font-family: Roboto, sans-serif; color: var( --e-global-color-text );\">Entre Chapines, Texas<\/span><\/p><div><span style=\"font-style: normal; font-variant-ligatures: normal; font-variant-caps: normal; font-weight: 400; font-size: 16px; font-family: Roboto, sans-serif; color: var( --e-global-color-text );\"><br><\/span><\/div>\n<p><\/p>\t\t\t\t\t\t\t\t<\/div>\n\t\t\t\t\t<\/div>\n\t\t<\/div>\n\t\t\t\t<div class=\"elementor-column elementor-col-50 elementor-inner-column elementor-element elementor-element-20413d0\" data-id=\"20413d0\" data-element_type=\"column\" data-e-type=\"column\">\n\t\t\t<div class=\"elementor-widget-wrap elementor-element-populated\">\n\t\t\t\t\t\t<div class=\"elementor-element elementor-element-79cbd6b elementor-widget elementor-widget-text-editor\" data-id=\"79cbd6b\" data-element_type=\"widget\" data-e-type=\"widget\" data-widget_type=\"text-editor.default\">\n\t\t\t\t\t\t\t\t\t<p><span style=\"font-family: Roboto, sans-serif; font-size: 16px; font-style: normal; font-variant-ligatures: normal; font-variant-caps: normal; font-weight: 400; color: var( --e-global-color-text );\">9.\u00a0<\/span><span style=\"font-family: Roboto, sans-serif; font-size: 16px; font-style: normal; font-variant-ligatures: normal; font-variant-caps: normal; font-weight: 400; color: var( --e-global-color-text );\">Sylvia Rodr\u00edguez,\u00a0\u00a0<\/span><span style=\"font-family: Roboto, sans-serif; font-size: 16px; font-style: normal; font-variant-ligatures: normal; font-variant-caps: normal; font-weight: 400; color: var( --e-global-color-text );\">Migrantes por Guatemala,\u00a0<\/span><span style=\"font-family: Roboto, sans-serif; font-size: 16px; font-style: normal; font-variant-ligatures: normal; font-variant-caps: normal; font-weight: 400; color: var( --e-global-color-text );\">New York<\/span><\/p><p style=\"font-style: normal; font-variant-ligatures: normal; font-variant-caps: normal; font-weight: 400; font-size: 16px; font-family: Roboto, sans-serif;\">10.\u00a0\u00a0<span style=\"color: var( --e-global-color-text );\">Mynor Aguirre,\u00a0<\/span><span style=\"color: var( --e-global-color-text );\">Asociaci\u00f3n Primaveral Inc.,\u00a0<\/span><span style=\"color: var( --e-global-color-text );\">Washington, D.C.<\/span><\/p><p style=\"font-style: normal; font-variant-ligatures: normal; font-variant-caps: normal; font-weight: 400; font-size: 16px; font-family: Roboto, sans-serif;\">11.\u00a0<span style=\"color: var( --e-global-color-text );\">M\u00f3nica Uma\u00f1a,\u00a0<\/span><span style=\"font-family: Roboto, sans-serif; font-size: 16px; font-style: normal; font-variant-ligatures: normal; font-variant-caps: normal; font-weight: 400; color: var( --e-global-color-text );\">Migrantes por Guatemala,\u00a0<\/span><span style=\"font-family: Roboto, sans-serif; font-size: 16px; font-style: normal; font-variant-ligatures: normal; font-variant-caps: normal; font-weight: 400; color: var( --e-global-color-text );\">Carolina del Norte<\/span><\/p><p style=\"font-style: normal; font-variant-ligatures: normal; font-variant-caps: normal; font-weight: 400; font-size: 16px; font-family: Roboto, sans-serif;\">12.\u00a0<span style=\"font-family: Roboto, sans-serif; font-size: 16px; font-style: normal; font-variant-ligatures: normal; font-variant-caps: normal; font-weight: 400; color: var( --e-global-color-text );\">Rodolfo Santizo,\u00a0<\/span><span style=\"font-family: Roboto, sans-serif; font-size: 16px; font-style: normal; font-variant-ligatures: normal; font-variant-caps: normal; font-weight: 400; color: var( --e-global-color-text );\">Asociaci\u00f3n Primaveral Inc.\u00a0<\/span><span style=\"font-family: Roboto, sans-serif; font-size: 16px; font-style: normal; font-variant-ligatures: normal; font-variant-caps: normal; font-weight: 400; color: var( --e-global-color-text );\">Washington, D.C.<\/span><\/p><p style=\"font-style: normal; font-variant-ligatures: normal; font-variant-caps: normal; font-weight: 400; font-size: 16px; font-family: Roboto, sans-serif;\">13.\u00a0<span style=\"font-family: Roboto, sans-serif; font-size: 16px; font-style: normal; font-variant-ligatures: normal; font-variant-caps: normal; font-weight: 400; color: var( --e-global-color-text );\">Marlon Gonz\u00e1lez,\u00a0\u00a0<\/span><span style=\"font-family: Roboto, sans-serif; font-size: 16px; font-style: normal; font-variant-ligatures: normal; font-variant-caps: normal; font-weight: 400; color: var( --e-global-color-text );\">Misi\u00f3n Guatemala USA,\u00a0\u00a0<\/span><span style=\"font-family: Roboto, sans-serif; font-size: 16px; font-style: normal; font-variant-ligatures: normal; font-variant-caps: normal; font-weight: 400; color: var( --e-global-color-text );\">Florida<\/span><\/p><p style=\"font-style: normal; font-variant-ligatures: normal; font-variant-caps: normal; font-weight: 400; font-size: 16px; font-family: Roboto, sans-serif;\">14.\u00a0<span style=\"font-family: Roboto, sans-serif; font-size: 16px; font-style: normal; font-variant-ligatures: normal; font-variant-caps: normal; font-weight: 400; color: var( --e-global-color-text );\">Amarilys Ortiz,\u00a0\u00a0<\/span><span style=\"font-family: Roboto, sans-serif; font-size: 16px; font-style: normal; font-variant-ligatures: normal; font-variant-caps: normal; font-weight: 400; color: var( --e-global-color-text );\">A.G.U.A.,\u00a0<\/span><span style=\"font-family: Roboto, sans-serif; font-size: 16px; font-style: normal; font-variant-ligatures: normal; font-variant-caps: normal; font-weight: 400; color: var( --e-global-color-text );\">California<\/span><\/p><p style=\"font-style: normal; font-variant-ligatures: normal; font-variant-caps: normal; font-weight: 400; font-size: 16px; font-family: Roboto, sans-serif;\">15.\u00a0<span style=\"font-family: Roboto, sans-serif; font-size: 16px; font-style: normal; font-variant-ligatures: normal; font-variant-caps: normal; font-weight: 400; color: var( --e-global-color-text );\">Ben Monterroso, Voguare, California.<\/span><\/p><p style=\"font-style: normal; font-variant-ligatures: normal; font-variant-caps: normal; font-weight: 400; font-size: 16px; font-family: Roboto, sans-serif;\">16.\u00a0<span style=\"font-family: Roboto, sans-serif; font-size: 16px; font-style: normal; font-variant-ligatures: normal; font-variant-caps: normal; font-weight: 400; color: var( --e-global-color-text );\">Martin Berm\u00fadez,\u00a0<\/span><span style=\"font-family: Roboto, sans-serif; font-size: 16px; font-style: normal; font-variant-ligatures: normal; font-variant-caps: normal; font-weight: 400; color: var( --e-global-color-text );\">Pueblos Originarios,\u00a0<\/span><span style=\"font-family: Roboto, sans-serif; font-size: 16px; font-style: normal; font-variant-ligatures: normal; font-variant-caps: normal; font-weight: 400; color: var( --e-global-color-text );\">New York<\/span><\/p><p style=\"font-style: normal; font-variant-ligatures: normal; font-variant-caps: normal; font-weight: 400; font-size: 16px; font-family: Roboto, sans-serif;\">17.\u00a0<span style=\"font-family: Roboto, sans-serif; font-size: 16px; font-style: normal; font-variant-ligatures: normal; font-variant-caps: normal; font-weight: 400; color: var( --e-global-color-text );\">Edwin Gonz\u00e1lez,\u00a0<\/span><span style=\"font-family: Roboto, sans-serif; font-size: 16px; font-style: normal; font-variant-ligatures: normal; font-variant-caps: normal; font-weight: 400; color: var( --e-global-color-text );\">Misi\u00f3n Guatemala USA.\u00a0<\/span><span style=\"font-family: Roboto, sans-serif; font-size: 16px; font-style: normal; font-variant-ligatures: normal; font-variant-caps: normal; font-weight: 400; color: var( --e-global-color-text );\">Washington, D.C.<\/span><\/p>\t\t\t\t\t\t\t\t<\/div>\n\t\t\t\t\t<\/div>\n\t\t<\/div>\n\t\t\t\t\t<\/div>\n\t\t<\/section>\n\t\t\t\t\t<\/div>\n\t\t<\/div>\n\t\t\t\t\t<\/div>\n\t\t<\/section>\n\t\t\t\t<section data-particle_enable=\"false\" data-particle-mobile-disabled=\"false\" class=\"elementor-section elementor-top-section elementor-element elementor-element-e1f7cd4 elementor-section-boxed elementor-section-height-default elementor-section-height-default\" data-id=\"e1f7cd4\" data-element_type=\"section\" data-e-type=\"section\">\n\t\t\t\t\t\t<div class=\"elementor-container elementor-column-gap-default\">\n\t\t\t\t\t<div class=\"elementor-column elementor-col-100 elementor-top-column elementor-element elementor-element-5bab62f\" data-id=\"5bab62f\" data-element_type=\"column\" data-e-type=\"column\">\n\t\t\t<div class=\"elementor-widget-wrap elementor-element-populated\">\n\t\t\t\t\t\t<div class=\"elementor-element elementor-element-3eef639 elementor-grid-eael-col-4 elementor-grid-tablet-eael-col-2 elementor-grid-mobile-eael-col-1 elementor-widget elementor-widget-eael-post-grid\" data-id=\"3eef639\" data-element_type=\"widget\" data-e-type=\"widget\" data-settings=\"{&quot;eael_post_grid_columns&quot;:&quot;eael-col-4&quot;,&quot;eael_post_grid_columns_tablet&quot;:&quot;eael-col-2&quot;,&quot;eael_post_grid_columns_mobile&quot;:&quot;eael-col-1&quot;}\" data-widget_type=\"eael-post-grid.default\">\n\t\t\t\t\t<div id=\"eael-post-grid-3eef639\" class=\"eael-post-grid-container\">\n            <div class=\"eael-post-grid eael-post-appender eael-post-appender-3eef639 eael-post-grid-style-one\" data-layout-mode=\"grid\"><article class=\"eael-grid-post  eael-post-grid-column eael-pg-post-5333 category-guate-nuestra\" data-id=\"5333\">\n        <div class=\"eael-grid-post-holder\">\n            <div class=\"eael-grid-post-holder-inner\"><div class=\"eael-entry-media\"><div class=\"eael-entry-overlay fade-in\"><i class=\"fas fa-long-arrow-alt-right\" aria-hidden=\"true\"><\/i><a href=\"https:\/\/soymigrante.com\/revista\/porque-nos-dicen-chapines-a-los-guatemaltecos\/\"><\/a><\/div><div class=\"eael-entry-thumbnail \">\n                <img decoding=\"async\" width=\"300\" height=\"261\" src=\"https:\/\/soymigrante.com\/revista\/wp-content\/uploads\/2024\/03\/chap-chap-300x261.webp\" class=\"attachment-medium size-medium wp-image-5347\" alt=\"Chapines de Guatemala explicaci\u00f3n historia Chap\u00edn de Guatemala\" srcset=\"https:\/\/soymigrante.com\/revista\/wp-content\/uploads\/2024\/03\/chap-chap-300x261.webp 300w, https:\/\/soymigrante.com\/revista\/wp-content\/uploads\/2024\/03\/chap-chap-768x668.webp 768w, https:\/\/soymigrante.com\/revista\/wp-content\/uploads\/2024\/03\/chap-chap-750x653.webp 750w, https:\/\/soymigrante.com\/revista\/wp-content\/uploads\/2024\/03\/chap-chap.webp 863w\" sizes=\"(max-width: 300px) 100vw, 300px\" \/>\n            <\/div>\n        <\/div><div class=\"eael-entry-wrapper\"><header class=\"eael-entry-header\"><h2 class=\"eael-entry-title\"><a class=\"eael-grid-post-link\" href=\"https:\/\/soymigrante.com\/revista\/porque-nos-dicen-chapines-a-los-guatemaltecos\/\" title=\"\u00bfPorqu\u00e9 nos dicen chapines a los guatemaltecos?\">\u00bfPorqu\u00e9 nos dicen chapines a los guatemaltecos?<\/a><\/h2><\/header><div class=\"eael-entry-content\">\n                        <div class=\"eael-grid-post-excerpt\"><p>El gentilicio popular &#8220;chap\u00edn&#8221; se configur\u00f3 en el siglo 19...<\/p><\/div>\n                    <\/div><\/div><\/div>\n        <\/div>\n    <\/article><\/div>\n            <div class=\"clearfix\"><\/div>\n        <\/div>\t\t\t\t<\/div>\n\t\t\t\t\t<\/div>\n\t\t<\/div>\n\t\t\t\t\t<\/div>\n\t\t<\/section>\n\t\t\t\t<\/div>\n\t\t","protected":false},"excerpt":{"rendered":"<p>Para participar en el inicio de mesas de di\u00e1logo de la Comisi\u00f3n de Actualizaci\u00f3n y Modernizaci\u00f3n Electoral, entidades migrantes logran consenso para pedir 19 posibles cambios al voto desde el extranjero. Este es el documento completo. Bajo la idea de que los migrantes pueden incidir decisivamente en la democracia as\u00ed como tienen un papel preponderante [&hellip;]<\/p>\n","protected":false},"author":7,"featured_media":5365,"comment_status":"open","ping_status":"open","sticky":false,"template":"","format":"standard","meta":{"_acf_changed":false,"_eb_attr":"","footnotes":""},"categories":[54],"tags":[],"class_list":["post-5364","post","type-post","status-publish","format-standard","has-post-thumbnail","hentry","category-estamos-unidos"],"acf":[],"aioseo_notices":[],"aioseo_head":"\n\t\t<!-- All in One SEO Pro 4.9.6.2 - aioseo.com -->\n\t<meta name=\"description\" content=\"El gentilicio popular &quot;chap\u00edn&quot; se configur\u00f3 en el siglo 19 y se extendi\u00f3 en el 20: costumbre, literatura, humor y hasta cierto tipo de zapato se cruzan en sus or\u00edgenes. Hoy por hoy, alude a guatemaltecos, dentro y fuera del pa\u00eds. La palabra \u201cchap\u00edn\u201d, singular o chapines, plural, ya exist\u00eda siglos antes de que aludiera\" \/>\n\t<meta name=\"robots\" content=\"max-snippet:-1, max-image-preview:large, max-video-preview:-1\" \/>\n\t<meta name=\"author\" content=\"Gustavo Montenegro\"\/>\n\t<link rel=\"canonical\" href=\"https:\/\/soymigrante.com\/revista\/organizaciones-propuesta-reforma-acceso-voto-migrante\/\" \/>\n\t<meta name=\"generator\" content=\"All in One SEO Pro (AIOSEO) 4.9.6.2\" \/>\n\n\t\t<link rel=\"preconnect\" href=\"https:\/\/fonts.googleapis.com\" crossorigin>\n<link rel=\"preconnect\" href=\"https:\/\/fonts.gstatic.com\" crossorigin>\n\t\t<meta property=\"og:locale\" content=\"es_ES\" \/>\n\t\t<meta property=\"og:site_name\" content=\"SoyMigrante.com REVISTA \u2013 Nuestra misi\u00f3n es reconocer y dignificar al migrante.\" \/>\n\t\t<meta property=\"og:type\" content=\"article\" \/>\n\t\t<meta property=\"og:title\" content=\"Migrantes unifican hist\u00f3rica petici\u00f3n de 19 reformas electorales\" \/>\n\t\t<meta property=\"og:description\" content=\"Para participar en el inicio de mesas de di\u00e1logo de la Comisi\u00f3n de Actualizaci\u00f3n y Modernizaci\u00f3n Electoral, entidades migrantes logran consenso para pedir 19 posibles cambios al voto desde el extranjero. Este es el documento completo. Bajo la idea de que los migrantes pueden incidir decisivamente en la democracia as\u00ed como tienen un papel preponderante\" \/>\n\t\t<meta property=\"og:url\" content=\"https:\/\/soymigrante.com\/revista\/organizaciones-propuesta-reforma-acceso-voto-migrante\/\" \/>\n\t\t<meta property=\"og:image\" content=\"https:\/\/soymigrante.com\/revista\/wp-content\/uploads\/2024\/03\/fadsfgewt4t346.webp\" \/>\n\t\t<meta property=\"og:image:secure_url\" content=\"https:\/\/soymigrante.com\/revista\/wp-content\/uploads\/2024\/03\/fadsfgewt4t346.webp\" \/>\n\t\t<meta property=\"og:image:width\" content=\"956\" \/>\n\t\t<meta property=\"og:image:height\" content=\"884\" \/>\n\t\t<meta property=\"article:published_time\" content=\"2024-03-13T01:22:23+00:00\" \/>\n\t\t<meta property=\"article:modified_time\" content=\"2024-03-13T16:28:52+00:00\" \/>\n\t\t<meta property=\"article:publisher\" content=\"https:\/\/www.facebook.com\/soymigrantecom\" \/>\n\t\t<meta name=\"twitter:card\" content=\"summary_large_image\" \/>\n\t\t<meta name=\"twitter:site\" content=\"@SoyMigrante_com\" \/>\n\t\t<meta name=\"twitter:title\" content=\"Migrantes unifican hist\u00f3rica petici\u00f3n de 19 reformas electorales\" \/>\n\t\t<meta name=\"twitter:description\" content=\"Para participar en el inicio de mesas de di\u00e1logo de la Comisi\u00f3n de Actualizaci\u00f3n y Modernizaci\u00f3n Electoral, entidades migrantes logran consenso para pedir 19 posibles cambios al voto desde el extranjero. Este es el documento completo. Bajo la idea de que los migrantes pueden incidir decisivamente en la democracia as\u00ed como tienen un papel preponderante\" \/>\n\t\t<meta name=\"twitter:creator\" content=\"@SoyMigrante_com\" \/>\n\t\t<meta name=\"twitter:image\" content=\"https:\/\/soymigrante.com\/revista\/wp-content\/uploads\/2024\/03\/fadsfgewt4t346.webp\" \/>\n\t\t<!-- All in One SEO Pro -->\r\n\t\t<title>Migrantes unifican hist\u00f3rica petici\u00f3n de 19 reformas electorales<\/title>\n\n","aioseo_head_json":{"title":"Migrantes unifican hist\u00f3rica petici\u00f3n de 19 reformas electorales","description":"Para participar en el inicio de mesas de di\u00e1logo de la Comisi\u00f3n de Actualizaci\u00f3n y Modernizaci\u00f3n Electoral, entidades migrantes logran consenso para pedir 19 posibles cambios al voto desde el extranjero. Este es el documento completo. Bajo la idea de que los migrantes pueden incidir decisivamente en la democracia as\u00ed como tienen un papel preponderante","canonical_url":"https:\/\/soymigrante.com\/revista\/organizaciones-propuesta-reforma-acceso-voto-migrante\/","robots":"max-snippet:-1, max-image-preview:large, max-video-preview:-1","keywords":"","webmasterTools":{"miscellaneous":"&lt;link rel=\"preconnect\" href=\"https:\/\/fonts.googleapis.com\" crossorigin&gt;\n&lt;link rel=\"preconnect\" href=\"https:\/\/fonts.gstatic.com\" crossorigin&gt;"},"schema":null,"og:locale":"es_ES","og:site_name":"SoyMigrante.com REVISTA \u2013 Nuestra misi\u00f3n es reconocer y dignificar al migrante.","og:type":"article","og:title":"Migrantes unifican hist\u00f3rica petici\u00f3n de 19 reformas electorales","og:description":"Para participar en el inicio de mesas de di\u00e1logo de la Comisi\u00f3n de Actualizaci\u00f3n y Modernizaci\u00f3n Electoral, entidades migrantes logran consenso para pedir 19 posibles cambios al voto desde el extranjero. Este es el documento completo. Bajo la idea de que los migrantes pueden incidir decisivamente en la democracia as\u00ed como tienen un papel preponderante","og:url":"https:\/\/soymigrante.com\/revista\/organizaciones-propuesta-reforma-acceso-voto-migrante\/","og:image":"https:\/\/soymigrante.com\/revista\/wp-content\/uploads\/2024\/03\/fadsfgewt4t346.webp","og:image:secure_url":"https:\/\/soymigrante.com\/revista\/wp-content\/uploads\/2024\/03\/fadsfgewt4t346.webp","og:image:width":956,"og:image:height":884,"article:published_time":"2024-03-13T01:22:23+00:00","article:modified_time":"2024-03-13T16:28:52+00:00","article:publisher":"https:\/\/www.facebook.com\/soymigrantecom","twitter:card":"summary_large_image","twitter:site":"@SoyMigrante_com","twitter:title":"Migrantes unifican hist\u00f3rica petici\u00f3n de 19 reformas electorales","twitter:description":"Para participar en el inicio de mesas de di\u00e1logo de la Comisi\u00f3n de Actualizaci\u00f3n y Modernizaci\u00f3n Electoral, entidades migrantes logran consenso para pedir 19 posibles cambios al voto desde el extranjero. Este es el documento completo. Bajo la idea de que los migrantes pueden incidir decisivamente en la democracia as\u00ed como tienen un papel preponderante","twitter:creator":"@SoyMigrante_com","twitter:image":"https:\/\/soymigrante.com\/revista\/wp-content\/uploads\/2024\/03\/fadsfgewt4t346.webp"},"aioseo_meta_data":{"post_id":"5364","title":null,"description":null,"keywords":[],"keyphrases":{"focus":{"keyphrase":"migrantes","score":85,"analysis":{"keyphraseInTitle":{"score":9,"maxScore":9,"error":0},"keyphraseInDescription":{"score":9,"maxScore":9,"error":0},"keyphraseLength":{"score":9,"maxScore":9,"error":0,"length":1},"keyphraseInURL":{"score":1,"maxScore":5,"error":1},"keyphraseInIntroduction":{"score":9,"maxScore":9,"error":0},"keyphraseInSubHeadings":{"score":3,"maxScore":9,"error":1},"keyphraseInImageAlt":{"score":9,"maxScore":9,"error":0},"keywordDensity":{"type":"best","score":9,"maxScore":9,"error":0}}},"additional":[]},"primary_term":null,"canonical_url":null,"og_title":null,"og_description":null,"og_object_type":"default","og_image_type":"default","og_image_url":null,"og_image_width":null,"og_image_height":null,"og_image_custom_url":null,"og_image_custom_fields":null,"og_video":"","og_custom_url":null,"og_article_section":null,"og_article_tags":[],"twitter_use_og":false,"twitter_card":"default","twitter_image_type":"default","twitter_image_url":null,"twitter_image_custom_url":null,"twitter_image_custom_fields":null,"twitter_title":null,"twitter_description":null,"schema":{"blockGraphs":[],"customGraphs":[],"default":{"data":{"Article":[],"Course":[],"Dataset":[],"FAQPage":[],"Movie":[],"Person":[],"Product":[],"ProductReview":[],"Car":[],"Recipe":[],"Service":[],"SoftwareApplication":[],"WebPage":[]},"graphName":"BlogPosting","isEnabled":true},"graphs":[]},"schema_type":"default","schema_type_options":null,"pillar_content":false,"robots_default":true,"robots_noindex":false,"robots_noarchive":false,"robots_nosnippet":false,"robots_nofollow":false,"robots_noimageindex":false,"robots_noodp":false,"robots_notranslate":false,"robots_max_snippet":"-1","robots_max_videopreview":"-1","robots_max_imagepreview":"large","priority":null,"frequency":"default","local_seo":null,"seo_analyzer_scan_date":"2025-10-08 21:23:03","breadcrumb_settings":null,"limit_modified_date":false,"reviewed_by":null,"open_ai":null,"ai":null,"created":"2024-03-13 00:22:10","updated":"2026-02-04 10:56:09"},"aioseo_breadcrumb":"<div class=\"aioseo-breadcrumbs\"><span class=\"aioseo-breadcrumb\">\n\t<a href=\"https:\/\/soymigrante.com\/revista\" title=\"Home\">Home<\/a>\n<\/span><span class=\"aioseo-breadcrumb-separator\">\u00bb<\/span><span class=\"aioseo-breadcrumb\">\n\t<a href=\"https:\/\/soymigrante.com\/revista\/category\/estamos-unidos\/\" title=\"Estamos Unidos\">Estamos Unidos<\/a>\n<\/span><span class=\"aioseo-breadcrumb-separator\">\u00bb<\/span><span class=\"aioseo-breadcrumb\">\n\tMigrantes unifican hist\u00f3rica petici\u00f3n de 19 reformas electorales\n<\/span><\/div>","aioseo_breadcrumb_json":[{"label":"Home","link":"https:\/\/soymigrante.com\/revista"},{"label":"Estamos Unidos","link":"https:\/\/soymigrante.com\/revista\/category\/estamos-unidos\/"},{"label":"Migrantes unifican hist\u00f3rica petici\u00f3n de 19 reformas electorales","link":"https:\/\/soymigrante.com\/revista\/organizaciones-propuesta-reforma-acceso-voto-migrante\/"}],"_links":{"self":[{"href":"https:\/\/soymigrante.com\/revista\/wp-json\/wp\/v2\/posts\/5364","targetHints":{"allow":["GET"]}}],"collection":[{"href":"https:\/\/soymigrante.com\/revista\/wp-json\/wp\/v2\/posts"}],"about":[{"href":"https:\/\/soymigrante.com\/revista\/wp-json\/wp\/v2\/types\/post"}],"author":[{"embeddable":true,"href":"https:\/\/soymigrante.com\/revista\/wp-json\/wp\/v2\/users\/7"}],"replies":[{"embeddable":true,"href":"https:\/\/soymigrante.com\/revista\/wp-json\/wp\/v2\/comments?post=5364"}],"version-history":[{"count":0,"href":"https:\/\/soymigrante.com\/revista\/wp-json\/wp\/v2\/posts\/5364\/revisions"}],"wp:featuredmedia":[{"embeddable":true,"href":"https:\/\/soymigrante.com\/revista\/wp-json\/wp\/v2\/media\/5365"}],"wp:attachment":[{"href":"https:\/\/soymigrante.com\/revista\/wp-json\/wp\/v2\/media?parent=5364"}],"wp:term":[{"taxonomy":"category","embeddable":true,"href":"https:\/\/soymigrante.com\/revista\/wp-json\/wp\/v2\/categories?post=5364"},{"taxonomy":"post_tag","embeddable":true,"href":"https:\/\/soymigrante.com\/revista\/wp-json\/wp\/v2\/tags?post=5364"}],"curies":[{"name":"wp","href":"https:\/\/api.w.org\/{rel}","templated":true}]}}