{"id":53622,"date":"2026-03-12T17:25:38","date_gmt":"2026-03-12T23:25:38","guid":{"rendered":"https:\/\/soymigrante.com\/revista\/?p=53622"},"modified":"2026-03-12T17:25:45","modified_gmt":"2026-03-12T23:25:45","slug":"estados-recoaman-por-bloqueos-ilegales-a-supervision-de-centros-de-detencion-migratoria","status":"publish","type":"post","link":"https:\/\/soymigrante.com\/revista\/estados-recoaman-por-bloqueos-ilegales-a-supervision-de-centros-de-detencion-migratoria\/","title":{"rendered":"Estados reclaman por bloqueos ilegales a supervisi\u00f3n de instalaciones de detenci\u00f3n migratoria"},"content":{"rendered":"\t\t<div data-elementor-type=\"wp-post\" data-elementor-id=\"53622\" class=\"elementor elementor-53622\" data-elementor-post-type=\"post\">\n\t\t\t\t<div data-particle_enable=\"false\" data-particle-mobile-disabled=\"false\" class=\"elementor-element elementor-element-aeb36b3 e-flex e-con-boxed e-con e-parent\" data-id=\"aeb36b3\" data-element_type=\"container\" data-e-type=\"container\">\n\t\t\t\t\t<div class=\"e-con-inner\">\n\t\t\t\t<div class=\"elementor-element elementor-element-59c5dad elementor-widget elementor-widget-heading\" data-id=\"59c5dad\" data-element_type=\"widget\" data-e-type=\"widget\" data-widget_type=\"heading.default\">\n\t\t\t\t\t<h3 class=\"elementor-heading-title elementor-size-default\">Autoridades estatales plantean recursos ante cortes para exigir al gobierno federal o a empresas contratistas permitir la inspecci\u00f3n de las condiciones sanitarias y de derechos en prisiones migratorias.<\/h3>\t\t\t\t<\/div>\n\t\t\t\t\t<\/div>\n\t\t\t\t<\/div>\n\t\t<div data-particle_enable=\"false\" data-particle-mobile-disabled=\"false\" class=\"elementor-element elementor-element-5c7e57c e-flex e-con-boxed e-con e-parent\" data-id=\"5c7e57c\" data-element_type=\"container\" data-e-type=\"container\">\n\t\t\t\t\t<div class=\"e-con-inner\">\n\t\t\t\t<div class=\"elementor-element elementor-element-21f2072 elementor-widget elementor-widget-text-editor\" data-id=\"21f2072\" data-element_type=\"widget\" data-e-type=\"widget\" data-widget_type=\"text-editor.default\">\n\t\t\t\t\t\t\t\t\t<p>Desde California hasta Maryland, una serie de demandas y disputas legales est\u00e1n cuestionando el acceso de autoridades locales y estatales para inspeccionar centros de <a href=\"https:\/\/soymigrante.com\/revista\/operativos-antimaras-en-usa-se-utilizan-para-detener-migrantes-sin-antecedentes-cuestiona-insight-crime\/\">detenci\u00f3n migratoria<\/a> en Estados Unidos, as\u00ed como las condiciones de salud y seguridad dentro de estas instalaciones.\u00a0<\/p><p>Los casos, presentados por gobiernos locales, fiscales estatales, organizaciones de derechos civiles y los propios detenidos, se\u00f1alan obst\u00e1culos para la supervisi\u00f3n externa, denuncias de condiciones insalubres y conflictos sobre qui\u00e9n tiene autoridad para regular instalaciones administradas por el gobierno federal o por empresas privadas contratadas por el <a href=\"https:\/\/es.wikipedia.org\/wiki\/Servicio_de_Inmigraci%C3%B3n_y_Control_de_Aduanas_de_los_Estados_Unidos\" target=\"_blank\" rel=\"noopener\">Servicio de Inmigraci\u00f3n y Control de Aduanas de Estados Unidos (ICE)<\/a><span style=\"color: #7a7a7a;\">, dependiente del <\/span><a href=\"https:\/\/es.wikipedia.org\/wiki\/Departamento_de_Seguridad_Nacional_de_los_Estados_Unidos\" target=\"_blank\" rel=\"noopener\">Departamento de Seguridad Nacional<\/a><span style=\"color: #7a7a7a;\">. Estos son algunos casos.<\/span><\/p>\t\t\t\t\t\t\t\t<\/div>\n\t\t\t\t\t<\/div>\n\t\t\t\t<\/div>\n\t\t<div data-particle_enable=\"false\" data-particle-mobile-disabled=\"false\" class=\"elementor-element elementor-element-2527a58 e-flex e-con-boxed e-con e-parent\" data-id=\"2527a58\" data-element_type=\"container\" data-e-type=\"container\">\n\t\t\t\t\t<div class=\"e-con-inner\">\n\t\t\t\t<div class=\"elementor-element elementor-element-aa8e857 elementor-widget elementor-widget-html\" data-id=\"aa8e857\" data-element_type=\"widget\" data-e-type=\"widget\" data-widget_type=\"html.default\">\n\t\t\t\t\t<iframe src=\"https:\/\/www.google.com\/maps\/embed?pb=!4v1773357410622!6m8!1m7!1spDJXqIMzNkEK5pD391jRtw!2m2!1d32.57463848370361!2d-116.9146581513463!3f102.98905!4f0!5f0.7820865974627469\" width=\"600\" height=\"450\" style=\"border:0;\" allowfullscreen=\"\" loading=\"lazy\" referrerpolicy=\"no-referrer-when-downgrade\"><\/iframe>\t\t\t\t<\/div>\n\t\t\t\t\t<\/div>\n\t\t\t\t<\/div>\n\t\t<div data-particle_enable=\"false\" data-particle-mobile-disabled=\"false\" class=\"elementor-element elementor-element-3779acf e-flex e-con-boxed e-con e-parent\" data-id=\"3779acf\" data-element_type=\"container\" data-e-type=\"container\">\n\t\t\t\t\t<div class=\"e-con-inner\">\n\t\t\t\t<div class=\"elementor-element elementor-element-afca83d elementor-widget elementor-widget-text-editor\" data-id=\"afca83d\" data-element_type=\"widget\" data-e-type=\"widget\" data-widget_type=\"text-editor.default\">\n\t\t\t\t\t\t\t\t\t<p><span style=\"color: #000000; font-family: Mulish, sans-serif; font-size: 29px; font-weight: bold;\">California: disputa por inspecci\u00f3n sanitaria en Otay Mesa<\/span><\/p><p>El condado de San Diego present\u00f3 una demanda federal tras denunciar que la administraci\u00f3n del presidente <a href=\"https:\/\/es.wikipedia.org\/wiki\/Donald_Trump\" target=\"_blank\" rel=\"noopener\">Donald Trump<\/a> bloque\u00f3 una inspecci\u00f3n de salud p\u00fablica en el Centro de Detenci\u00f3n de Otay Mesa, una instalaci\u00f3n migratoria ubicada cerca de la frontera entre Estados Unidos y M\u00e9xico y administrada por la empresa privada de prisiones <a href=\"https:\/\/es.wikipedia.org\/wiki\/CoreCivic\" target=\"_blank\" rel=\"noopener\">CoreCivic<\/a>.<\/p><p>Seg\u00fan las autoridades del condado, funcionarios de <a href=\"https:\/\/es.wikipedia.org\/wiki\/Servicio_de_Inmigraci%C3%B3n_y_Control_de_Aduanas_de_los_Estados_Unidos\" target=\"_blank\" rel=\"noopener\">ICE<\/a> hab\u00edan autorizado inicialmente la visita de inspectores de salud, pero revocaron el permiso cuando el equipo lleg\u00f3 a las instalaciones.<\/p><p>La demanda busca que un tribunal ordene permitir la inspecci\u00f3n completa del centro, argumentando que la negativa viola una ley estatal de California aprobada en 2024 que otorga a funcionarios locales de salud la facultad de inspeccionar centros de detenci\u00f3n privados para verificar el cumplimiento de normas sanitarias y de seguridad. Funcionarios del condado citan informes sobre condiciones preocupantes dentro del centro, incluyendo denuncias de enfermedades, alimentaci\u00f3n inadecuada y retrasos en la atenci\u00f3n m\u00e9dica.<\/p>\t\t\t\t\t\t\t\t<\/div>\n\t\t\t\t\t<\/div>\n\t\t\t\t<\/div>\n\t\t<div data-particle_enable=\"false\" data-particle-mobile-disabled=\"false\" class=\"elementor-element elementor-element-5bb1915 e-flex e-con-boxed e-con e-parent\" data-id=\"5bb1915\" data-element_type=\"container\" data-e-type=\"container\">\n\t\t\t\t\t<div class=\"e-con-inner\">\n\t\t\t\t<div class=\"elementor-element elementor-element-a1879a8 elementor-widget elementor-widget-html\" data-id=\"a1879a8\" data-element_type=\"widget\" data-e-type=\"widget\" data-widget_type=\"html.default\">\n\t\t\t\t\t<iframe src=\"https:\/\/www.google.com\/maps\/embed?pb=!4v1773357483156!6m8!1m7!1sWGVRIRagpbLy2D7bgsLmiQ!2m2!1d47.24896847454851!2d-122.4225058879073!3f260.7142479638123!4f7.105057486611372!5f0.7820865974627469\" width=\"600\" height=\"450\" style=\"border:0;\" allowfullscreen=\"\" loading=\"lazy\" referrerpolicy=\"no-referrer-when-downgrade\"><\/iframe>\t\t\t\t<\/div>\n\t\t\t\t\t<\/div>\n\t\t\t\t<\/div>\n\t\t<div data-particle_enable=\"false\" data-particle-mobile-disabled=\"false\" class=\"elementor-element elementor-element-6f01e1e e-flex e-con-boxed e-con e-parent\" data-id=\"6f01e1e\" data-element_type=\"container\" data-e-type=\"container\">\n\t\t\t\t\t<div class=\"e-con-inner\">\n\t\t\t\t<div class=\"elementor-element elementor-element-cbdeff9 elementor-widget elementor-widget-text-editor\" data-id=\"cbdeff9\" data-element_type=\"widget\" data-e-type=\"widget\" data-widget_type=\"text-editor.default\">\n\t\t\t\t\t\t\t\t\t<p><span style=\"color: #000000; font-family: Mulish, sans-serif; font-size: 29px; font-weight: bold;\">Washington: disputa por inspecciones estatales en centro administrado por GEO Group<\/span><\/p><p>En el estado de <a href=\"https:\/\/es.wikipedia.org\/wiki\/Washington_(estado)\" target=\"_blank\" rel=\"noopener\">Washington<\/a>, autoridades estatales han intentado inspeccionar el <em>Northwest ICE Processing Center<\/em>, ubicado en <a href=\"https:\/\/es.wikipedia.org\/wiki\/Tacoma_(Washington)\" target=\"_blank\" rel=\"noopener\">Tacoma<\/a> y administrado por la empresa privada de prisiones <a href=\"https:\/\/es.wikipedia.org\/wiki\/GEO_Group\" target=\"_blank\" rel=\"noopener\">GEO Group<\/a>.<\/p><p>Funcionarios estatales sostienen que la legislaci\u00f3n local les permite inspeccionar centros privados para verificar condiciones sanitarias y laborales. Sin embargo, el acceso fue bloqueado, lo que desencaden\u00f3 una disputa legal sobre si los estados pueden ejercer supervisi\u00f3n cuando las instalaciones est\u00e1n vinculadas al sistema federal de detenci\u00f3n migratoria.<\/p><p>La empresa operadora ha argumentado que la regulaci\u00f3n de estas instalaciones corresponde exclusivamente al gobierno federal.<\/p>\t\t\t\t\t\t\t\t<\/div>\n\t\t\t\t\t<\/div>\n\t\t\t\t<\/div>\n\t\t<div data-particle_enable=\"false\" data-particle-mobile-disabled=\"false\" class=\"elementor-element elementor-element-40c2ee1 e-flex e-con-boxed e-con e-parent\" data-id=\"40c2ee1\" data-element_type=\"container\" data-e-type=\"container\">\n\t\t\t\t\t<div class=\"e-con-inner\">\n\t\t\t\t<div class=\"elementor-element elementor-element-4cab77d elementor-widget elementor-widget-html\" data-id=\"4cab77d\" data-element_type=\"widget\" data-e-type=\"widget\" data-widget_type=\"html.default\">\n\t\t\t\t\t<iframe src=\"https:\/\/www.google.com\/maps\/embed?pb=!4v1773357539250!6m8!1m7!1skkN0gWFMRyGAY2UBqEvhZw!2m2!1d34.76869565768695!2d-106.0193075788572!3f221.27069!4f0!5f0.7820865974627469\" width=\"600\" height=\"450\" style=\"border:0;\" allowfullscreen=\"\" loading=\"lazy\" referrerpolicy=\"no-referrer-when-downgrade\"><\/iframe>\t\t\t\t<\/div>\n\t\t\t\t\t<\/div>\n\t\t\t\t<\/div>\n\t\t<div data-particle_enable=\"false\" data-particle-mobile-disabled=\"false\" class=\"elementor-element elementor-element-a9b1bdd e-flex e-con-boxed e-con e-parent\" data-id=\"a9b1bdd\" data-element_type=\"container\" data-e-type=\"container\">\n\t\t\t\t\t<div class=\"e-con-inner\">\n\t\t\t\t<div class=\"elementor-element elementor-element-1ce26e1 elementor-widget elementor-widget-text-editor\" data-id=\"1ce26e1\" data-element_type=\"widget\" data-e-type=\"widget\" data-widget_type=\"text-editor.default\">\n\t\t\t\t\t\t\t\t\t<p><span style=\"color: #000000; font-family: Mulish, sans-serif; font-size: 29px; font-weight: bold;\">Nuevo M\u00e9xico: detenidos denuncian inspecciones que no reflejan las condiciones reales<\/span><\/p><p>En el <em>Torrance County Detention Facility<\/em>, ubicado en el estado de <a href=\"https:\/\/es.wikipedia.org\/wiki\/Nuevo_M%C3%A9xico\" target=\"_blank\" rel=\"noopener\">Nuevo M\u00e9xico<\/a>, detenidos presentaron una demanda colectiva contra el gobierno federal alegando que las inspecciones oficiales del centro no reflejaban las condiciones reales dentro de la instalaci\u00f3n.<\/p><p>Seg\u00fan la demanda, el centro fue certificado repetidamente como apto para operar a pesar de denuncias sobre falta de atenci\u00f3n m\u00e9dica, instalaciones insalubres y agua potencialmente contaminada. Los demandantes sostienen que el sistema de supervisi\u00f3n permiti\u00f3 que los problemas persistieran sin intervenci\u00f3n efectiva.<\/p><p>El caso ha generado cuestionamientos sobre la transparencia y eficacia de los mecanismos federales de inspecci\u00f3n dentro del sistema de detenci\u00f3n migratoria administrado por <a href=\"https:\/\/www.dhs.gov\/\" target=\"_blank\" rel=\"noopener\">DHS<\/a>.<\/p>\t\t\t\t\t\t\t\t<\/div>\n\t\t\t\t\t<\/div>\n\t\t\t\t<\/div>\n\t\t<div data-particle_enable=\"false\" data-particle-mobile-disabled=\"false\" class=\"elementor-element elementor-element-c73ae2c e-flex e-con-boxed e-con e-parent\" data-id=\"c73ae2c\" data-element_type=\"container\" data-e-type=\"container\">\n\t\t\t\t\t<div class=\"e-con-inner\">\n\t\t\t\t<div class=\"elementor-element elementor-element-ffe4152 elementor-grid-eael-col-1 elementor-grid-tablet-eael-col-2 elementor-grid-mobile-eael-col-1 elementor-widget elementor-widget-eael-post-grid\" data-id=\"ffe4152\" data-element_type=\"widget\" data-e-type=\"widget\" data-settings=\"{&quot;eael_post_grid_columns&quot;:&quot;eael-col-1&quot;,&quot;eael_post_grid_columns_tablet&quot;:&quot;eael-col-2&quot;,&quot;eael_post_grid_columns_mobile&quot;:&quot;eael-col-1&quot;}\" data-widget_type=\"eael-post-grid.default\">\n\t\t\t\t\t<div id=\"eael-post-grid-ffe4152\" class=\"eael-post-grid-container\">\n            <div class=\"eael-post-grid eael-post-appender eael-post-appender-ffe4152 eael-post-grid-style-one\" data-layout-mode=\"masonry\"><article class=\"eael-grid-post  eael-post-grid-column eael-pg-post-9615 category-recursos-migratorios\" data-id=\"9615\">\n        <div class=\"eael-grid-post-holder\">\n            <div class=\"eael-grid-post-holder-inner\"><div class=\"eael-entry-media\"><div class=\"eael-entry-overlay fade-in\"><i class=\"far fa-hand-pointer\" aria-hidden=\"true\"><\/i><a href=\"https:\/\/soymigrante.com\/revista\/que-hacer-si-un-familiar-es-detenido-por-su-situacion-migratoria-en-estados-unidos\/\"><\/a><\/div><div class=\"eael-entry-thumbnail eael-image-ratio\">\n                <img fetchpriority=\"high\" decoding=\"async\" width=\"1024\" height=\"680\" src=\"https:\/\/soymigrante.com\/revista\/wp-content\/uploads\/2024\/09\/Que-hacer-si-un-familiar-es-detenido-por-su-situacion-migratoria-en-Estados-Unidos3-1024x680.webp\" class=\"attachment-large size-large wp-image-9616\" alt=\"Bandera de EE. UU. desgarrada atrapada en una alambrada de p\u00faas, inmigraci\u00f3n, frontera, disputa migratoria.\" \/>\n            <\/div>\n        <\/div><div class=\"eael-entry-wrapper\"><header class=\"eael-entry-header\"><h2 class=\"eael-entry-title\"><a class=\"eael-grid-post-link\" href=\"https:\/\/soymigrante.com\/revista\/que-hacer-si-un-familiar-es-detenido-por-su-situacion-migratoria-en-estados-unidos\/\" title=\"\u00bfQu\u00e9 hacer si un familiar es detenido por su situaci\u00f3n migratoria en Estados Unidos?\">\u00bfQu\u00e9 hacer si un familiar es detenido por su situaci\u00f3n migratoria en Estados Unidos?<\/a><\/h2><\/header><div class=\"eael-entry-content\">\n                        <div class=\"eael-grid-post-excerpt\"><a href=\"https:\/\/soymigrante.com\/revista\/que-hacer-si-un-familiar-es-detenido-por-su-situacion-migratoria-en-estados-unidos\/\" class=\"eael-post-elements-readmore-btn\">CONOCE SU HISTORIA <\/a><\/div>\n                    <\/div><\/div><\/div>\n        <\/div>\n    <\/article><\/div>\n            <div class=\"clearfix\"><\/div>\n        <\/div>\t\t\t\t<\/div>\n\t\t\t\t\t<\/div>\n\t\t\t\t<\/div>\n\t\t<div data-particle_enable=\"false\" data-particle-mobile-disabled=\"false\" class=\"elementor-element elementor-element-cb590ac e-flex e-con-boxed e-con e-parent\" data-id=\"cb590ac\" data-element_type=\"container\" data-e-type=\"container\">\n\t\t\t\t\t<div class=\"e-con-inner\">\n\t\t\t\t<div class=\"elementor-element elementor-element-4cfb8c6 elementor-widget elementor-widget-text-editor\" data-id=\"4cfb8c6\" data-element_type=\"widget\" data-e-type=\"widget\" data-widget_type=\"text-editor.default\">\n\t\t\t\t\t\t\t\t\t<p><span style=\"color: #000000; font-family: Mulish, sans-serif; font-size: 29px; font-weight: bold;\">Illinois: organizaciones denuncian condiciones inhumanas y restricciones a visitas<\/span><\/p>\n<p>En <a href=\"https:\/\/es.wikipedia.org\/wiki\/Illinois\" target=\"_blank\" rel=\"noopener\">Illinois<\/a>, organizaciones de derechos civiles presentaron una demanda relacionada con un centro de<a href=\"https:\/\/soymigrante.com\/revista\/aumentan-recursos-ante-cortes-de-luisiana-por-detenciones-migratorias-consideradas-ilegales\/\"> procesamiento migratorio<\/a> cerca de <a href=\"https:\/\/es.wikipedia.org\/wiki\/Chicago\" target=\"_blank\" rel=\"noopener\">Chicago<\/a>, se\u00f1alando condiciones que califican como inhumanas.<\/p>\n<p>Las acusaciones incluyen escasez de alimentos, atenci\u00f3n m\u00e9dica insuficiente y restricciones a las <a href=\"https:\/\/soymigrante.com\/revista\/familias-visitan-migrantes-detenidos-delaney-newark-new-jersey-centro-detencion\/\">visitas <\/a>de congresistas, l\u00edderes religiosos y otros observadores externos. Seg\u00fan los demandantes, estas limitaciones han dificultado la supervisi\u00f3n independiente del centro.<\/p>\n<p>El litigio forma parte de un esfuerzo m\u00e1s amplio de organizaciones como la <a href=\"https:\/\/es.wikipedia.org\/wiki\/Uni%C3%B3n_Estadounidense_por_las_Libertades_Civiles\" target=\"_blank\" rel=\"noopener\">American Civil Liberties Union (ACLU)<\/a> para aumentar la transparencia en el sistema de detenci\u00f3n migratoria en Estados Unidos.<\/p>\t\t\t\t\t\t\t\t<\/div>\n\t\t\t\t\t<\/div>\n\t\t\t\t<\/div>\n\t\t<div data-particle_enable=\"false\" data-particle-mobile-disabled=\"false\" class=\"elementor-element elementor-element-077eacb e-flex e-con-boxed e-con e-parent\" data-id=\"077eacb\" data-element_type=\"container\" data-e-type=\"container\">\n\t\t\t\t\t<div class=\"e-con-inner\">\n\t\t\t\t<div class=\"elementor-element elementor-element-bf208b9 elementor-widget elementor-widget-text-editor\" data-id=\"bf208b9\" data-element_type=\"widget\" data-e-type=\"widget\" data-widget_type=\"text-editor.default\">\n\t\t\t\t\t\t\t\t\t<p><span style=\"color: #000000; font-family: Mulish, sans-serif; font-size: 29px; font-weight: bold;\">Maryland: fiscal general exige documentos sobre condiciones de detenci\u00f3n<\/span><\/p><p>En el estado de <a href=\"https:\/\/es.wikipedia.org\/wiki\/Maryland\" target=\"_blank\" rel=\"noopener\">Maryland<\/a>, el fiscal general inici\u00f3 acciones legales para obligar al gobierno federal a entregar documentos relacionados con las condiciones de detenci\u00f3n en un centro administrado por <a href=\"https:\/\/es.wikipedia.org\/wiki\/Servicio_de_Inmigraci%C3%B3n_y_Control_de_Aduanas_de_los_Estados_Unidos\" target=\"_blank\" rel=\"noopener\">ICE<\/a> en <a href=\"https:\/\/es.wikipedia.org\/wiki\/Baltimore\" target=\"_blank\" rel=\"noopener\">Baltimore<\/a>.<\/p><p>La investigaci\u00f3n surgi\u00f3 tras denuncias sobre hacinamiento, acceso limitado a duchas y camas, y dificultades para recibir atenci\u00f3n m\u00e9dica. Las autoridades estatales sostienen que la informaci\u00f3n solicitada es necesaria para evaluar posibles violaciones a normas b\u00e1sicas de salud y seguridad.<\/p>\t\t\t\t\t\t\t\t<\/div>\n\t\t\t\t\t<\/div>\n\t\t\t\t<\/div>\n\t\t<div data-particle_enable=\"false\" data-particle-mobile-disabled=\"false\" class=\"elementor-element elementor-element-a13710f e-flex e-con-boxed e-con e-parent\" data-id=\"a13710f\" data-element_type=\"container\" data-e-type=\"container\">\n\t\t\t\t\t<div class=\"e-con-inner\">\n\t\t\t\t<div class=\"elementor-element elementor-element-053a43c elementor-widget elementor-widget-text-editor\" data-id=\"053a43c\" data-element_type=\"widget\" data-e-type=\"widget\" data-widget_type=\"text-editor.default\">\n\t\t\t\t\t\t\t\t\t<p><span style=\"color: #000000; font-family: Mulish, sans-serif; font-size: 29px; font-weight: bold;\">Conflictos crecientes por supervisi\u00f3n\u00a0\u00a0<\/span><\/p><p>Los casos en distintos estados reflejan un patr\u00f3n creciente de disputas legales relacionadas con la supervisi\u00f3n de los centros de detenci\u00f3n migratoria en Estados Unidos. En muchos de ellos, las demandas cuestionan el acceso de autoridades locales o estatales para realizar inspecciones, las condiciones de salud dentro de las instalaciones y la transparencia de los mecanismos de supervisi\u00f3n federal.<\/p><p>Una parte significativa de estos centros es operada por empresas privadas contratadas por el gobierno federal, lo que ha intensificado el debate sobre la responsabilidad y los l\u00edmites de la supervisi\u00f3n estatal en instalaciones vinculadas al sistema migratorio federal.<\/p>\t\t\t\t\t\t\t\t<\/div>\n\t\t\t\t\t<\/div>\n\t\t\t\t<\/div>\n\t\t<div data-particle_enable=\"false\" data-particle-mobile-disabled=\"false\" class=\"elementor-element elementor-element-4bb8c82 e-flex e-con-boxed e-con e-parent\" data-id=\"4bb8c82\" data-element_type=\"container\" data-e-type=\"container\">\n\t\t\t\t\t<div class=\"e-con-inner\">\n\t\t\t\t<div class=\"elementor-element elementor-element-0d4c08c elementor-grid-eael-col-3 elementor-grid-tablet-eael-col-2 elementor-grid-mobile-eael-col-1 elementor-widget elementor-widget-eael-post-grid\" data-id=\"0d4c08c\" data-element_type=\"widget\" data-e-type=\"widget\" data-settings=\"{&quot;eael_post_grid_columns&quot;:&quot;eael-col-3&quot;,&quot;eael_post_grid_columns_tablet&quot;:&quot;eael-col-2&quot;,&quot;eael_post_grid_columns_mobile&quot;:&quot;eael-col-1&quot;}\" data-widget_type=\"eael-post-grid.default\">\n\t\t\t\t\t<div id=\"eael-post-grid-0d4c08c\" class=\"eael-post-grid-container\">\n            <div class=\"eael-post-grid eael-post-appender eael-post-appender-0d4c08c eael-post-grid-style-one\" data-layout-mode=\"masonry\"><article class=\"eael-grid-post  eael-post-grid-column eael-pg-post-55528 category-noticias\" data-id=\"55528\">\n        <div class=\"eael-grid-post-holder\">\n            <div class=\"eael-grid-post-holder-inner\"><div class=\"eael-entry-media\"><div class=\"eael-entry-overlay fade-in\"><i class=\"far fa-hand-pointer\" aria-hidden=\"true\"><\/i><a href=\"https:\/\/soymigrante.com\/revista\/corte-reactiva-ley-antimigrante-sb4-de-texas-policia-estatal-podria-capturar-a-indocumentados\/\"><\/a><\/div><div class=\"eael-entry-thumbnail eael-image-ratio\">\n                <img decoding=\"async\" width=\"1024\" height=\"1024\" src=\"https:\/\/soymigrante.com\/revista\/wp-content\/uploads\/2026\/04\/texas-ley-contra-migrantes-1024x1024.png\" class=\"attachment-large size-large wp-image-55529\" alt=\"texas ley contra migrantes\" srcset=\"https:\/\/soymigrante.com\/revista\/wp-content\/uploads\/2026\/04\/texas-ley-contra-migrantes-1024x1024.png 1024w, https:\/\/soymigrante.com\/revista\/wp-content\/uploads\/2026\/04\/texas-ley-contra-migrantes-300x300.png 300w, https:\/\/soymigrante.com\/revista\/wp-content\/uploads\/2026\/04\/texas-ley-contra-migrantes-150x150.png 150w, https:\/\/soymigrante.com\/revista\/wp-content\/uploads\/2026\/04\/texas-ley-contra-migrantes-768x768.png 768w, https:\/\/soymigrante.com\/revista\/wp-content\/uploads\/2026\/04\/texas-ley-contra-migrantes-75x75.png 75w, https:\/\/soymigrante.com\/revista\/wp-content\/uploads\/2026\/04\/texas-ley-contra-migrantes-750x750.png 750w, https:\/\/soymigrante.com\/revista\/wp-content\/uploads\/2026\/04\/texas-ley-contra-migrantes-1140x1140.png 1140w, https:\/\/soymigrante.com\/revista\/wp-content\/uploads\/2026\/04\/texas-ley-contra-migrantes.png 1254w\" sizes=\"(max-width: 1024px) 100vw, 1024px\" \/>\n            <\/div>\n        <\/div><div class=\"eael-entry-wrapper\"><header class=\"eael-entry-header\"><h2 class=\"eael-entry-title\"><a class=\"eael-grid-post-link\" href=\"https:\/\/soymigrante.com\/revista\/corte-reactiva-ley-antimigrante-sb4-de-texas-policia-estatal-podria-capturar-a-indocumentados\/\" title=\"Corte reactiva ley antimigrante SB4 de Texas: polic\u00eda estatal podr\u00eda capturar a indocumentados\">Corte reactiva ley antimigrante SB4 de Texas: polic\u00eda estatal podr\u00eda capturar a indocumentados<\/a><\/h2><\/header><div class=\"eael-entry-content\">\n                        <div class=\"eael-grid-post-excerpt\"><a href=\"https:\/\/soymigrante.com\/revista\/corte-reactiva-ley-antimigrante-sb4-de-texas-policia-estatal-podria-capturar-a-indocumentados\/\" class=\"eael-post-elements-readmore-btn\">CONOCE SU HISTORIA <\/a><\/div>\n                    <\/div><\/div><\/div>\n        <\/div>\n    <\/article><article class=\"eael-grid-post  eael-post-grid-column eael-pg-post-55431 category-noticias\" data-id=\"55431\">\n        <div class=\"eael-grid-post-holder\">\n            <div class=\"eael-grid-post-holder-inner\"><div class=\"eael-entry-media\"><div class=\"eael-entry-overlay fade-in\"><i class=\"far fa-hand-pointer\" aria-hidden=\"true\"><\/i><a href=\"https:\/\/soymigrante.com\/revista\/familias-migrantes-enfrentan-incierto-debate-de-ciudadania-por-nacimiento-en-ee-uu\/\"><\/a><\/div><div class=\"eael-entry-thumbnail eael-image-ratio\">\n                <img decoding=\"async\" width=\"1024\" height=\"1024\" src=\"https:\/\/soymigrante.com\/revista\/wp-content\/uploads\/2026\/04\/ciudadania-por-nacimiento2-1024x1024.png\" class=\"attachment-large size-large wp-image-55432\" alt=\"ciudadania por nacimiento2\" srcset=\"https:\/\/soymigrante.com\/revista\/wp-content\/uploads\/2026\/04\/ciudadania-por-nacimiento2-1024x1024.png 1024w, https:\/\/soymigrante.com\/revista\/wp-content\/uploads\/2026\/04\/ciudadania-por-nacimiento2-300x300.png 300w, https:\/\/soymigrante.com\/revista\/wp-content\/uploads\/2026\/04\/ciudadania-por-nacimiento2-150x150.png 150w, https:\/\/soymigrante.com\/revista\/wp-content\/uploads\/2026\/04\/ciudadania-por-nacimiento2-768x768.png 768w, https:\/\/soymigrante.com\/revista\/wp-content\/uploads\/2026\/04\/ciudadania-por-nacimiento2-75x75.png 75w, https:\/\/soymigrante.com\/revista\/wp-content\/uploads\/2026\/04\/ciudadania-por-nacimiento2-750x750.png 750w, https:\/\/soymigrante.com\/revista\/wp-content\/uploads\/2026\/04\/ciudadania-por-nacimiento2.png 1122w\" sizes=\"(max-width: 1024px) 100vw, 1024px\" \/>\n            <\/div>\n        <\/div><div class=\"eael-entry-wrapper\"><header class=\"eael-entry-header\"><h2 class=\"eael-entry-title\"><a class=\"eael-grid-post-link\" href=\"https:\/\/soymigrante.com\/revista\/familias-migrantes-enfrentan-incierto-debate-de-ciudadania-por-nacimiento-en-ee-uu\/\" title=\"Familias migrantes enfrentan incierto debate de ciudadan\u00eda por nacimiento en EE.UU.\">Familias migrantes enfrentan incierto debate de ciudadan\u00eda por nacimiento en EE.UU.<\/a><\/h2><\/header><div class=\"eael-entry-content\">\n                        <div class=\"eael-grid-post-excerpt\"><a href=\"https:\/\/soymigrante.com\/revista\/familias-migrantes-enfrentan-incierto-debate-de-ciudadania-por-nacimiento-en-ee-uu\/\" class=\"eael-post-elements-readmore-btn\">CONOCE SU HISTORIA <\/a><\/div>\n                    <\/div><\/div><\/div>\n        <\/div>\n    <\/article><article class=\"eael-grid-post  eael-post-grid-column eael-pg-post-55299 category-noticias\" data-id=\"55299\">\n        <div class=\"eael-grid-post-holder\">\n            <div class=\"eael-grid-post-holder-inner\"><div class=\"eael-entry-media\"><div class=\"eael-entry-overlay fade-in\"><i class=\"far fa-hand-pointer\" aria-hidden=\"true\"><\/i><a href=\"https:\/\/soymigrante.com\/revista\/mas-exigencias-dificultan-tramites-de-visa-de-residencia-en-estados-unidos-para-migrantes-victimas-de-violencia\/\"><\/a><\/div><div class=\"eael-entry-thumbnail eael-image-ratio\">\n                <img loading=\"lazy\" decoding=\"async\" width=\"1024\" height=\"1024\" src=\"https:\/\/soymigrante.com\/revista\/wp-content\/uploads\/2026\/04\/visas-para-victimas-de-violencia-dificultades-1-1024x1024.jpeg\" class=\"attachment-large size-large wp-image-55301\" alt=\"visas para victimas de violencia dificultades 1\" srcset=\"https:\/\/soymigrante.com\/revista\/wp-content\/uploads\/2026\/04\/visas-para-victimas-de-violencia-dificultades-1-1024x1024.jpeg 1024w, https:\/\/soymigrante.com\/revista\/wp-content\/uploads\/2026\/04\/visas-para-victimas-de-violencia-dificultades-1-300x300.jpeg 300w, https:\/\/soymigrante.com\/revista\/wp-content\/uploads\/2026\/04\/visas-para-victimas-de-violencia-dificultades-1-150x150.jpeg 150w, https:\/\/soymigrante.com\/revista\/wp-content\/uploads\/2026\/04\/visas-para-victimas-de-violencia-dificultades-1-768x768.jpeg 768w, https:\/\/soymigrante.com\/revista\/wp-content\/uploads\/2026\/04\/visas-para-victimas-de-violencia-dificultades-1-75x75.jpeg 75w, https:\/\/soymigrante.com\/revista\/wp-content\/uploads\/2026\/04\/visas-para-victimas-de-violencia-dificultades-1-750x750.jpeg 750w, https:\/\/soymigrante.com\/revista\/wp-content\/uploads\/2026\/04\/visas-para-victimas-de-violencia-dificultades-1-1140x1140.jpeg 1140w, https:\/\/soymigrante.com\/revista\/wp-content\/uploads\/2026\/04\/visas-para-victimas-de-violencia-dificultades-1.jpeg 1200w\" sizes=\"(max-width: 1024px) 100vw, 1024px\" \/>\n            <\/div>\n        <\/div><div class=\"eael-entry-wrapper\"><header class=\"eael-entry-header\"><h2 class=\"eael-entry-title\"><a class=\"eael-grid-post-link\" href=\"https:\/\/soymigrante.com\/revista\/mas-exigencias-dificultan-tramites-de-visa-de-residencia-en-estados-unidos-para-migrantes-victimas-de-violencia\/\" title=\"M\u00e1s exigencias dificultan tr\u00e1mites de visa de residencia o VAWA para migrantes v\u00edctimas de violencia en USA\">M\u00e1s exigencias dificultan tr\u00e1mites de visa de residencia o VAWA para migrantes v\u00edctimas de violencia en USA<\/a><\/h2><\/header><div class=\"eael-entry-content\">\n                        <div class=\"eael-grid-post-excerpt\"><a href=\"https:\/\/soymigrante.com\/revista\/mas-exigencias-dificultan-tramites-de-visa-de-residencia-en-estados-unidos-para-migrantes-victimas-de-violencia\/\" class=\"eael-post-elements-readmore-btn\">CONOCE SU HISTORIA <\/a><\/div>\n                    <\/div><\/div><\/div>\n        <\/div>\n    <\/article><\/div>\n            <div class=\"clearfix\"><\/div>\n        <\/div>            <div class=\"eael-load-more-button-wrap eael-force-hide\">\n                <button class=\"eael-load-more-button\" id=\"eael-load-more-btn-0d4c08c\" data-widget-id=\"0d4c08c\" data-widget=\"0d4c08c\" data-page-id=\"53622\" data-template=\"{&quot;dir&quot;:&quot;lite&quot;,&quot;file_name&quot;:&quot;one.php&quot;,&quot;name&quot;:&quot;Post-Grid&quot;}\" data-class=\"Essential_Addons_Elementor\\Elements\\Post_Grid\" data-layout=\"masonry\" data-page=\"1\" data-args=\"orderby=date&amp;order=desc&amp;ignore_sticky_posts=1&amp;post_status=publish&amp;posts_per_page=3&amp;offset=0&amp;post_type=post&amp;tax_query%5B0%5D%5Btaxonomy%5D=category&amp;tax_query%5B0%5D%5Bfield%5D=term_id&amp;tax_query%5B0%5D%5Bterms%5D%5B0%5D=280&amp;tax_query%5Brelation%5D=AND\" data-max-page=\"29\">\n                    <span class=\"eael-btn-loader button__loader\"><\/span>\n                    <span class=\"eael_load_more_text\">Load More<\/span>\n                <\/button>\n            <\/div>\n            \t\t\t\t<\/div>\n\t\t\t\t\t<\/div>\n\t\t\t\t<\/div>\n\t\t\t\t<\/div>\n\t\t","protected":false},"excerpt":{"rendered":"<p>Autoridades estatales plantean recursos ante cortes para exigir al gobierno federal o a empresas contratistas permitir la inspecci\u00f3n de las condiciones sanitarias y de derechos en prisiones migratorias. Desde California hasta Maryland, una serie de demandas y disputas legales est\u00e1n cuestionando el acceso de autoridades locales y estatales para inspeccionar centros de detenci\u00f3n migratoria en [&hellip;]<\/p>\n","protected":false},"author":1,"featured_media":53623,"comment_status":"open","ping_status":"open","sticky":false,"template":"","format":"standard","meta":{"_acf_changed":false,"_eb_attr":"","footnotes":""},"categories":[280],"tags":[],"class_list":["post-53622","post","type-post","status-publish","format-standard","has-post-thumbnail","hentry","category-noticias"],"acf":[],"aioseo_notices":[],"aioseo_head":"\n\t\t<!-- All in One SEO Pro 4.9.6.2 - aioseo.com -->\n\t<meta name=\"description\" content=\"Reportaje del medio Documented reporta barreras adicionales para v\u00edctimas solicitantes de visa para sobrevivientes de violencia: claves para un mejor expediente.\" \/>\n\t<meta name=\"robots\" content=\"max-snippet:-1, max-image-preview:large, max-video-preview:-1\" \/>\n\t<meta name=\"author\" content=\"SoyMigrante.com REVISTA\"\/>\n\t<link rel=\"canonical\" href=\"https:\/\/soymigrante.com\/revista\/mas-exigencias-dificultan-tramites-de-visa-de-residencia-en-estados-unidos-para-migrantes-victimas-de-violencia\/\" \/>\n\t<meta name=\"generator\" content=\"All in One SEO Pro (AIOSEO) 4.9.6.2\" \/>\n\n\t\t<link rel=\"preconnect\" href=\"https:\/\/fonts.googleapis.com\" crossorigin>\n<link rel=\"preconnect\" href=\"https:\/\/fonts.gstatic.com\" crossorigin>\n\t\t<meta property=\"og:locale\" content=\"es_ES\" \/>\n\t\t<meta property=\"og:site_name\" content=\"SoyMigrante.com REVISTA \u2013 Nuestra misi\u00f3n es reconocer y dignificar al migrante.\" \/>\n\t\t<meta property=\"og:type\" content=\"article\" \/>\n\t\t<meta property=\"og:title\" content=\"Mayores exigencias en visas para v\u00edctimas de violencia\" \/>\n\t\t<meta property=\"og:description\" content=\"Reportaje del medio Documented reporta barreras adicionales para v\u00edctimas solicitantes de visa para sobrevivientes de violencia: claves para un mejor expediente.\" \/>\n\t\t<meta property=\"og:url\" content=\"https:\/\/soymigrante.com\/revista\/mas-exigencias-dificultan-tramites-de-visa-de-residencia-en-estados-unidos-para-migrantes-victimas-de-violencia\/\" \/>\n\t\t<meta property=\"og:image\" content=\"https:\/\/soymigrante.com\/revista\/wp-content\/uploads\/2026\/04\/visas-para-victimas-de-violencia-dificultades-1.jpeg\" \/>\n\t\t<meta property=\"og:image:secure_url\" content=\"https:\/\/soymigrante.com\/revista\/wp-content\/uploads\/2026\/04\/visas-para-victimas-de-violencia-dificultades-1.jpeg\" \/>\n\t\t<meta property=\"og:image:width\" content=\"1200\" \/>\n\t\t<meta property=\"og:image:height\" content=\"1200\" \/>\n\t\t<meta property=\"article:published_time\" content=\"2026-04-21T20:57:42+00:00\" \/>\n\t\t<meta property=\"article:modified_time\" content=\"2026-04-21T20:58:42+00:00\" \/>\n\t\t<meta property=\"article:publisher\" content=\"https:\/\/www.facebook.com\/soymigrantecom\" \/>\n\t\t<meta name=\"twitter:card\" content=\"summary_large_image\" \/>\n\t\t<meta name=\"twitter:site\" content=\"@SoyMigrante_com\" \/>\n\t\t<meta name=\"twitter:title\" content=\"Mayores exigencias en visas para v\u00edctimas de violencia\" \/>\n\t\t<meta name=\"twitter:description\" content=\"Reportaje del medio Documented reporta barreras adicionales para v\u00edctimas solicitantes de visa para sobrevivientes de violencia: claves para un mejor expediente.\" \/>\n\t\t<meta name=\"twitter:creator\" content=\"@SoyMigrante_com\" \/>\n\t\t<meta name=\"twitter:image\" content=\"https:\/\/soymigrante.com\/revista\/wp-content\/uploads\/2026\/04\/visas-para-victimas-de-violencia-dificultades-1.jpeg\" \/>\n\t\t<!-- All in One SEO Pro -->\r\n\t\t<title>Mayores exigencias en visas para v\u00edctimas de violencia<\/title>\n\n","aioseo_head_json":{"title":"Mayores exigencias en visas para v\u00edctimas de violencia","description":"Reportaje del medio Documented reporta barreras adicionales para v\u00edctimas solicitantes de visa para sobrevivientes de violencia: claves para un mejor expediente.","canonical_url":"https:\/\/soymigrante.com\/revista\/mas-exigencias-dificultan-tramites-de-visa-de-residencia-en-estados-unidos-para-migrantes-victimas-de-violencia\/","robots":"max-snippet:-1, max-image-preview:large, max-video-preview:-1","keywords":"","webmasterTools":{"miscellaneous":"&lt;link rel=\"preconnect\" href=\"https:\/\/fonts.googleapis.com\" crossorigin&gt;\n&lt;link rel=\"preconnect\" href=\"https:\/\/fonts.gstatic.com\" crossorigin&gt;"},"schema":null,"og:locale":"es_ES","og:site_name":"SoyMigrante.com REVISTA \u2013 Nuestra misi\u00f3n es reconocer y dignificar al migrante.","og:type":"article","og:title":"Mayores exigencias en visas para v\u00edctimas de violencia","og:description":"Reportaje del medio Documented reporta barreras adicionales para v\u00edctimas solicitantes de visa para sobrevivientes de violencia: claves para un mejor expediente.","og:url":"https:\/\/soymigrante.com\/revista\/mas-exigencias-dificultan-tramites-de-visa-de-residencia-en-estados-unidos-para-migrantes-victimas-de-violencia\/","og:image":"https:\/\/soymigrante.com\/revista\/wp-content\/uploads\/2026\/04\/visas-para-victimas-de-violencia-dificultades-1.jpeg","og:image:secure_url":"https:\/\/soymigrante.com\/revista\/wp-content\/uploads\/2026\/04\/visas-para-victimas-de-violencia-dificultades-1.jpeg","og:image:width":1200,"og:image:height":1200,"article:published_time":"2026-04-21T20:57:42+00:00","article:modified_time":"2026-04-21T20:58:42+00:00","article:publisher":"https:\/\/www.facebook.com\/soymigrantecom","twitter:card":"summary_large_image","twitter:site":"@SoyMigrante_com","twitter:title":"Mayores exigencias en visas para v\u00edctimas de violencia","twitter:description":"Reportaje del medio Documented reporta barreras adicionales para v\u00edctimas solicitantes de visa para sobrevivientes de violencia: claves para un mejor expediente.","twitter:creator":"@SoyMigrante_com","twitter:image":"https:\/\/soymigrante.com\/revista\/wp-content\/uploads\/2026\/04\/visas-para-victimas-de-violencia-dificultades-1.jpeg"},"aioseo_meta_data":{"post_id":"53622","title":"Centros de detenci\u00f3n migratoria se resisten a supervisi\u00f3n","description":"M\u00e1s Estados y ciudades en Estados Unidos interponen demandas contra centros de detenci\u00f3n migratoria que impiden acceso a revisi\u00f3n de condiciones. Conoce m\u00e1s","keywords":null,"keyphrases":{"focus":{"keyphrase":"Migratoria","score":100,"analysis":{"keyphraseInTitle":{"score":9,"maxScore":9,"error":0},"keyphraseInDescription":{"score":9,"maxScore":9,"error":0},"keyphraseLength":{"score":9,"maxScore":9,"error":0,"length":1},"keyphraseInURL":{"score":5,"maxScore":5,"error":0},"keyphraseInIntroduction":{"score":9,"maxScore":9,"error":0},"keyphraseInSubHeadings":{"score":9,"maxScore":9,"error":0},"keyphraseInImageAlt":{"score":9,"maxScore":9,"error":0},"keywordDensity":{"type":"best","score":9,"maxScore":9,"error":0}}},"additional":[{"keyphrase":"Detenci\u00f3n","score":87,"analysis":{"keyphraseInDescription":{"score":9,"maxScore":9,"error":0},"keyphraseLength":{"score":9,"maxScore":9,"error":0,"length":2},"keyphraseInIntroduction":{"score":9,"maxScore":9,"error":0},"keyphraseInImageAlt":{"score":3,"maxScore":9,"error":1},"keywordDensity":{"type":"best","score":9,"maxScore":9,"error":0}}},{"keyphrase":"Supervisi\u00f3n","score":60,"analysis":{"keyphraseInDescription":{"score":3,"maxScore":9,"error":1},"keyphraseLength":{"score":9,"maxScore":9,"error":0,"length":2},"keyphraseInIntroduction":{"score":3,"maxScore":9,"error":1},"keyphraseInImageAlt":{"score":3,"maxScore":9,"error":1},"keywordDensity":{"type":"best","score":9,"maxScore":9,"error":0}}}]},"primary_term":null,"canonical_url":null,"og_title":null,"og_description":null,"og_object_type":"default","og_image_type":"default","og_image_url":null,"og_image_width":null,"og_image_height":null,"og_image_custom_url":null,"og_image_custom_fields":null,"og_video":"","og_custom_url":null,"og_article_section":null,"og_article_tags":null,"twitter_use_og":false,"twitter_card":"default","twitter_image_type":"default","twitter_image_url":null,"twitter_image_custom_url":null,"twitter_image_custom_fields":null,"twitter_title":null,"twitter_description":null,"schema":{"blockGraphs":[],"customGraphs":[],"default":{"data":{"Article":[],"Course":[],"Dataset":[],"FAQPage":[],"Movie":[],"Person":[],"Product":[],"ProductReview":[],"Car":[],"Recipe":[],"Service":[],"SoftwareApplication":[],"WebPage":[]},"graphName":"NewsArticle","isEnabled":true},"graphs":[]},"schema_type":"default","schema_type_options":null,"pillar_content":false,"robots_default":true,"robots_noindex":false,"robots_noarchive":false,"robots_nosnippet":false,"robots_nofollow":false,"robots_noimageindex":false,"robots_noodp":false,"robots_notranslate":false,"robots_max_snippet":"-1","robots_max_videopreview":"-1","robots_max_imagepreview":"large","priority":null,"frequency":"default","local_seo":null,"seo_analyzer_scan_date":null,"breadcrumb_settings":null,"limit_modified_date":false,"reviewed_by":"0","open_ai":null,"ai":{"faqs":[],"keyPoints":[],"titles":[],"descriptions":[],"socialPosts":{"email":[],"linkedin":[],"twitter":[],"facebook":[],"instagram":[]}},"created":"2026-03-12 23:04:42","updated":"2026-03-13 00:11:56"},"aioseo_breadcrumb":"<div class=\"aioseo-breadcrumbs\"><span class=\"aioseo-breadcrumb\">\n\t<a href=\"https:\/\/soymigrante.com\/revista\" title=\"Home\">Home<\/a>\n<\/span><span class=\"aioseo-breadcrumb-separator\">\u00bb<\/span><span class=\"aioseo-breadcrumb\">\n\t<a href=\"https:\/\/soymigrante.com\/revista\/category\/noticias\/\" title=\"Noticias\">Noticias<\/a>\n<\/span><span class=\"aioseo-breadcrumb-separator\">\u00bb<\/span><span class=\"aioseo-breadcrumb\">\n\tEstados reclaman por bloqueos ilegales a supervisi\u00f3n de instalaciones de detenci\u00f3n migratoria\n<\/span><\/div>","aioseo_breadcrumb_json":[{"label":"Home","link":"https:\/\/soymigrante.com\/revista"},{"label":"Noticias","link":"https:\/\/soymigrante.com\/revista\/category\/noticias\/"},{"label":"Estados reclaman por bloqueos ilegales a supervisi\u00f3n de instalaciones de detenci\u00f3n migratoria","link":"https:\/\/soymigrante.com\/revista\/estados-recoaman-por-bloqueos-ilegales-a-supervision-de-centros-de-detencion-migratoria\/"}],"_links":{"self":[{"href":"https:\/\/soymigrante.com\/revista\/wp-json\/wp\/v2\/posts\/53622","targetHints":{"allow":["GET"]}}],"collection":[{"href":"https:\/\/soymigrante.com\/revista\/wp-json\/wp\/v2\/posts"}],"about":[{"href":"https:\/\/soymigrante.com\/revista\/wp-json\/wp\/v2\/types\/post"}],"author":[{"embeddable":true,"href":"https:\/\/soymigrante.com\/revista\/wp-json\/wp\/v2\/users\/1"}],"replies":[{"embeddable":true,"href":"https:\/\/soymigrante.com\/revista\/wp-json\/wp\/v2\/comments?post=53622"}],"version-history":[{"count":5,"href":"https:\/\/soymigrante.com\/revista\/wp-json\/wp\/v2\/posts\/53622\/revisions"}],"predecessor-version":[{"id":53629,"href":"https:\/\/soymigrante.com\/revista\/wp-json\/wp\/v2\/posts\/53622\/revisions\/53629"}],"wp:featuredmedia":[{"embeddable":true,"href":"https:\/\/soymigrante.com\/revista\/wp-json\/wp\/v2\/media\/53623"}],"wp:attachment":[{"href":"https:\/\/soymigrante.com\/revista\/wp-json\/wp\/v2\/media?parent=53622"}],"wp:term":[{"taxonomy":"category","embeddable":true,"href":"https:\/\/soymigrante.com\/revista\/wp-json\/wp\/v2\/categories?post=53622"},{"taxonomy":"post_tag","embeddable":true,"href":"https:\/\/soymigrante.com\/revista\/wp-json\/wp\/v2\/tags?post=53622"}],"curies":[{"name":"wp","href":"https:\/\/api.w.org\/{rel}","templated":true}]}}