{"id":53605,"date":"2026-03-12T12:19:22","date_gmt":"2026-03-12T18:19:22","guid":{"rendered":"https:\/\/soymigrante.com\/revista\/?p=53605"},"modified":"2026-03-12T12:25:56","modified_gmt":"2026-03-12T18:25:56","slug":"canek-la-cita-perfecta-con-el-cine-guatemalteco-y-latino-en-streaming","status":"publish","type":"post","link":"https:\/\/soymigrante.com\/revista\/canek-la-cita-perfecta-con-el-cine-guatemalteco-y-latino-en-streaming\/","title":{"rendered":"Canek: la cita perfecta con el cine guatemalteco y latino en streaming"},"content":{"rendered":"\t\t<div data-elementor-type=\"wp-post\" data-elementor-id=\"53605\" class=\"elementor elementor-53605\" data-elementor-post-type=\"post\">\n\t\t\t\t<div data-particle_enable=\"false\" data-particle-mobile-disabled=\"false\" class=\"elementor-element elementor-element-d21d220 e-flex e-con-boxed e-con e-parent\" data-id=\"d21d220\" data-element_type=\"container\" data-e-type=\"container\">\n\t\t\t\t\t<div class=\"e-con-inner\">\n\t\t\t\t<div class=\"elementor-element elementor-element-769948c elementor-widget elementor-widget-heading\" data-id=\"769948c\" data-element_type=\"widget\" data-e-type=\"widget\" data-widget_type=\"heading.default\">\n\t\t\t\t\t<h3 class=\"elementor-heading-title elementor-size-default\">Cine guatemalteco e hispano se puede disfrutar mejor ahora a trav\u00e9s de Canek, el servicio de pel\u00edculas en streaming en el que se puede rentar a gusto y disfrutar desde cualquier lugar. Conoce m\u00e1s sobre este \"Netflix\" guatemalteco.<\/h3>\t\t\t\t<\/div>\n\t\t\t\t\t<\/div>\n\t\t\t\t<\/div>\n\t\t<div data-particle_enable=\"false\" data-particle-mobile-disabled=\"false\" class=\"elementor-element elementor-element-76b55b1 e-flex e-con-boxed e-con e-parent\" data-id=\"76b55b1\" data-element_type=\"container\" data-e-type=\"container\">\n\t\t\t\t\t<div class=\"e-con-inner\">\n\t\t\t\t<div class=\"elementor-element elementor-element-422f8a0 elementor-widget elementor-widget-text-editor\" data-id=\"422f8a0\" data-element_type=\"widget\" data-e-type=\"widget\" data-widget_type=\"text-editor.default\">\n\t\t\t\t\t\t\t\t\t<p>\u201cHay <a href=\"https:\/\/soymigrante.com\/revista\/actor-y-productor-maya-qanjobal-dionicio-virvez-participa-en-libro-sobre-la-industria-de-cine\/\">mucho talento<\/a> haciendo documentales, cortometrajes y pel\u00edculas en Guatemala, pero hasta ahora no exist\u00eda un lugar donde el p\u00fablico pueda encontrarlos en alta calidad\u201d, dice Mynor Hern\u00e1ndez. De esa inquietud naci\u00f3 <strong>Canek<\/strong>, la primera plataforma guatemalteca de streaming que permite alquilar en l\u00ednea pel\u00edculas nacionales y centroamericanas y que tambi\u00e9n se perfila como una ventana para que los <a href=\"https:\/\/es.wikipedia.org\/wiki\/Di%C3%A1spora_guatemalteca\" target=\"_blank\" rel=\"noopener\">migrantes guatemaltecos<\/a> puedan disfrutar cine de su pa\u00eds.<\/p><p>La plataforma Canek fue creada junto con \u00d3scar M\u00e9ndez y Mynor Mijangos. Hern\u00e1ndez y M\u00e9ndez son fundadores de la <strong>revista Capiusa<\/strong>, proyecto editorial con m\u00e1s de veinte a\u00f1os de trayectoria en el \u00e1mbito creativo. Desde ese espacio, dedicado a la cultura, la comunicaci\u00f3n y el dise\u00f1o, fue madurando la idea de abrir paso al universo audiovisual chap\u00edn.<\/p><p>\u201cMuchos amigos que empezaron tomando fotograf\u00edas o haciendo video ahora est\u00e1n produciendo documentales o <a href=\"https:\/\/soymigrante.com\/revista\/y-cuando-evelyn-desperto-su-gran-sueno-todavia-estaba-alli\/\">pel\u00edculas<\/a>\u201d, explica Hern\u00e1ndez. \u201cEntonces vimos que hab\u00eda un nicho: el talento est\u00e1, pero hac\u00eda falta un espacio para difundirlo y que la gente pudiera verlo\u201d.<\/p>\t\t\t\t\t\t\t\t<\/div>\n\t\t\t\t\t<\/div>\n\t\t\t\t<\/div>\n\t\t<div data-particle_enable=\"false\" data-particle-mobile-disabled=\"false\" class=\"elementor-element elementor-element-7b09938 e-flex e-con-boxed e-con e-parent\" data-id=\"7b09938\" data-element_type=\"container\" data-e-type=\"container\">\n\t\t\t\t\t<div class=\"e-con-inner\">\n\t\t\t\t<div class=\"elementor-element elementor-element-3dd06d4 elementor-widget elementor-widget-image\" data-id=\"3dd06d4\" data-element_type=\"widget\" data-e-type=\"widget\" data-widget_type=\"image.default\">\n\t\t\t\t\t\t\t\t\t\t\t\t<figure class=\"wp-caption\">\n\t\t\t\t\t\t\t\t\t\t\t<a href=\"https:\/\/canek.live\/peliculas\">\n\t\t\t\t\t\t\t<img fetchpriority=\"high\" decoding=\"async\" width=\"1140\" height=\"669\" src=\"https:\/\/soymigrante.com\/revista\/wp-content\/uploads\/2026\/03\/plataforma-streaming-canek-1140x669.png\" class=\"attachment-large size-large wp-image-53609\" alt=\"A trav\u00e9s de Canek Streaming se puede elegir una pel\u00edcula guatemalteca para compartir, comentar y recomendar. El servicio funciona como un alquiler digital y se requiere crear un usuario: ello es posible desde cualquier lugar. (Si deseas ir al sitio de Canek, CLIC en la imagen)\" srcset=\"https:\/\/soymigrante.com\/revista\/wp-content\/uploads\/2026\/03\/plataforma-streaming-canek-1140x669.png 1140w, https:\/\/soymigrante.com\/revista\/wp-content\/uploads\/2026\/03\/plataforma-streaming-canek-300x176.png 300w, https:\/\/soymigrante.com\/revista\/wp-content\/uploads\/2026\/03\/plataforma-streaming-canek-768x451.png 768w, https:\/\/soymigrante.com\/revista\/wp-content\/uploads\/2026\/03\/plataforma-streaming-canek-1536x901.png 1536w, https:\/\/soymigrante.com\/revista\/wp-content\/uploads\/2026\/03\/plataforma-streaming-canek-750x440.png 750w, https:\/\/soymigrante.com\/revista\/wp-content\/uploads\/2026\/03\/plataforma-streaming-canek.png 1617w\" sizes=\"(max-width: 1140px) 100vw, 1140px\" title=\"A trav\u00e9s de Canek Streaming se puede elegir una pel\u00edcula guatemalteca para compartir, comentar y recomendar. El servicio funciona como  un alquiler digital y se requiere crear un usuario: ello es posible desde cualquier lugar. (Si deseas ir al sitio de Canek, CLIC en la imagen) \u2013 SoyMigrante.com REVISTA\" \/>\t\t\t\t\t\t\t\t<\/a>\n\t\t\t\t\t\t\t\t\t\t\t<figcaption class=\"widget-image-caption wp-caption-text\">A trav\u00e9s de Canek Streaming se puede elegir una pel\u00edcula guatemalteca para compartir, comentar y recomendar. El servicio funciona como  un alquiler digital y se requiere crear un usuario: ello es posible desde cualquier lugar. (Si deseas ir al sitio de Canek Live, CLIC en la imagen)<\/figcaption>\n\t\t\t\t\t\t\t\t\t\t<\/figure>\n\t\t\t\t\t\t\t\t\t<\/div>\n\t\t\t\t\t<\/div>\n\t\t\t\t<\/div>\n\t\t<div data-particle_enable=\"false\" data-particle-mobile-disabled=\"false\" class=\"elementor-element elementor-element-8c417fc e-flex e-con-boxed e-con e-parent\" data-id=\"8c417fc\" data-element_type=\"container\" data-e-type=\"container\">\n\t\t\t\t\t<div class=\"e-con-inner\">\n\t\t\t\t<div class=\"elementor-element elementor-element-5711470 elementor-widget elementor-widget-text-editor\" data-id=\"5711470\" data-element_type=\"widget\" data-e-type=\"widget\" data-widget_type=\"text-editor.default\">\n\t\t\t\t\t\t\t\t\t<p><span style=\"color: #000000; font-family: Mulish, sans-serif; font-size: 31px; font-weight: bold;\">Cat\u00e1logo para descubrir historias<\/span><\/p><p>Canek funciona con un modelo simple: el usuario alquila una pel\u00edcula por <strong>40 quetzales<\/strong> y puede verla durante <strong>tres d\u00edas<\/strong>, tantas veces como quiera. Mientras el cat\u00e1logo crece, el sistema permite que cada t\u00edtulo tenga su propio espacio de circulaci\u00f3n.<\/p><p>En la plataforma se pueden encontrar <strong>pel\u00edculas premiadas, documentales y producciones independientes<\/strong> que muchas veces no llegan a las plataformas internacionales o a las salas comerciales. Se trata de obras que forman parte <a href=\"https:\/\/soymigrante.com\/revista\/actor-migrante-maya-dionicio-virvez-visita-su-tierra-santa-eulalia-y-anima-vocaciones-de-cine\/\">del crecimiento reciente del cine guatemalteco <\/a>y de nuevas voces del audiovisual centroamericano.<\/p><p>Para Mynor Mijangos, encargado del desarrollo digital del proyecto, el objetivo es ambicioso. \u201cEl gran sue\u00f1o de Canek es tener el mayor cat\u00e1logo de producciones guatemaltecas en l\u00ednea y tambi\u00e9n de otros pa\u00edses centroamericanos. Pero tambi\u00e9n queremos crear cultura de cine guatemalteco\u201d, explica.<\/p><p>El cat\u00e1logo incluye propuestas pensadas no solo para entretener, sino tambi\u00e9n para reflexionar. Documentales y pel\u00edculas con temas sociales forman parte de la oferta, buscando que el cine tambi\u00e9n sea una herramienta para comprender la realidad del pa\u00eds y de la regi\u00f3n.<\/p>\t\t\t\t\t\t\t\t<\/div>\n\t\t\t\t\t<\/div>\n\t\t\t\t<\/div>\n\t\t<div data-particle_enable=\"false\" data-particle-mobile-disabled=\"false\" class=\"elementor-element elementor-element-aca8074 e-flex e-con-boxed e-con e-parent\" data-id=\"aca8074\" data-element_type=\"container\" data-e-type=\"container\">\n\t\t\t\t\t<div class=\"e-con-inner\">\n\t\t\t\t<div class=\"elementor-element elementor-element-48d40c2 elementor-widget elementor-widget-image\" data-id=\"48d40c2\" data-element_type=\"widget\" data-e-type=\"widget\" data-widget_type=\"image.default\">\n\t\t\t\t\t\t\t\t\t\t\t\t<figure class=\"wp-caption\">\n\t\t\t\t\t\t\t\t\t\t<img decoding=\"async\" width=\"1140\" height=\"961\" src=\"https:\/\/soymigrante.com\/revista\/wp-content\/uploads\/2026\/03\/fundadores-canek-1140x961.jpg\" class=\"attachment-large size-large wp-image-53610\" alt=\"El equipo fundador de Canek Live, la primera plataforma guatemalteca de streaming: \u00d3scar M\u00e9ndez, Mynor Hern\u00e1ndez y Mynor Mijangos. Fotograf\u00eda: Kenny Siliezar\" srcset=\"https:\/\/soymigrante.com\/revista\/wp-content\/uploads\/2026\/03\/fundadores-canek-1140x961.jpg 1140w, https:\/\/soymigrante.com\/revista\/wp-content\/uploads\/2026\/03\/fundadores-canek-300x253.jpg 300w, https:\/\/soymigrante.com\/revista\/wp-content\/uploads\/2026\/03\/fundadores-canek-768x648.jpg 768w, https:\/\/soymigrante.com\/revista\/wp-content\/uploads\/2026\/03\/fundadores-canek-750x633.jpg 750w, https:\/\/soymigrante.com\/revista\/wp-content\/uploads\/2026\/03\/fundadores-canek.jpg 1456w\" sizes=\"(max-width: 1140px) 100vw, 1140px\" title=\"El equipo fundador de Canek Live, la primera plataforma guatemalteca de streaming: \u00d3scar M\u00e9ndez, Mynor Hern\u00e1ndez y Mynor Mijangos. Fotograf\u00eda: Kenny Siliezar \u2013 SoyMigrante.com REVISTA\" \/>\t\t\t\t\t\t\t\t\t\t\t<figcaption class=\"widget-image-caption wp-caption-text\">El equipo fundador de Canek Live, la primera plataforma guatemalteca de streaming: \u00d3scar M\u00e9ndez, Mynor Hern\u00e1ndez y Mynor Mijangos. Fotograf\u00eda: Kenny Siliezar<\/figcaption>\n\t\t\t\t\t\t\t\t\t\t<\/figure>\n\t\t\t\t\t\t\t\t\t<\/div>\n\t\t\t\t\t<\/div>\n\t\t\t\t<\/div>\n\t\t<div data-particle_enable=\"false\" data-particle-mobile-disabled=\"false\" class=\"elementor-element elementor-element-fc24ff0 e-flex e-con-boxed e-con e-parent\" data-id=\"fc24ff0\" data-element_type=\"container\" data-e-type=\"container\">\n\t\t\t\t\t<div class=\"e-con-inner\">\n\t\t\t\t<div class=\"elementor-element elementor-element-1f645d0 elementor-widget elementor-widget-text-editor\" data-id=\"1f645d0\" data-element_type=\"widget\" data-e-type=\"widget\" data-widget_type=\"text-editor.default\">\n\t\t\t\t\t\t\t\t\t<p><span style=\"color: #000000; font-family: Mulish, sans-serif; font-size: 31px; font-weight: bold;\">Pantalla guatemalteca sin fronteras<\/span><\/p><p>Uno de los p\u00fablicos naturales de la plataforma son los <strong>migrantes guatemaltecos<\/strong>. Para quienes viven fuera del pa\u00eds, el acceso al cine nacional suele ser limitado. Canek quiere cambiar esa realidad.<\/p><p>La plataforma permite que<a href=\"https:\/\/soymigrante.com\/revista\/cual-es-el-gran-valor-del-migrante-asi-lo-expresan-migrantes-guatemaltecos\/\"> guatemaltecos en Estados Unidos u otros pa\u00edses <\/a>puedan <strong>reconectar con historias, paisajes y realidades de su pa\u00eds<\/strong>, a trav\u00e9s de producciones hechas por cineastas locales.<\/p><p>\u201cTambi\u00e9n vemos una oportunidad en la comunidad migrante\u201d, explica Hern\u00e1ndez. \u201cHay mucha gente que vive fuera y por nostalgia quiere ver contenido guatemalteco\u201d.<\/p><p>Adem\u00e1s, muchos cineastas vinculados a la di\u00e1spora est\u00e1n empezando a producir historias relacionadas con la migraci\u00f3n, la identidad o la vida de las comunidades guatemaltecas en el extranjero, temas que tambi\u00e9n forman parte del universo narrativo que Canek quiere impulsar.\u00a0<\/p>\t\t\t\t\t\t\t\t<\/div>\n\t\t\t\t\t<\/div>\n\t\t\t\t<\/div>\n\t\t<div data-particle_enable=\"false\" data-particle-mobile-disabled=\"false\" class=\"elementor-element elementor-element-0afda76 e-flex e-con-boxed e-con e-parent\" data-id=\"0afda76\" data-element_type=\"container\" data-e-type=\"container\">\n\t\t\t\t\t<div class=\"e-con-inner\">\n\t\t\t\t<div class=\"elementor-element elementor-element-9627ad0 elementor-widget elementor-widget-html\" data-id=\"9627ad0\" data-element_type=\"widget\" data-e-type=\"widget\" data-widget_type=\"html.default\">\n\t\t\t\t\t<blockquote class=\"tiktok-embed\" cite=\"https:\/\/www.tiktok.com\/@canek.live\/video\/7566485097424227595\" data-video-id=\"7566485097424227595\" style=\"max-width: 605px;min-width: 325px;\" > <section> <a target=\"_blank\" title=\"@canek.live\" href=\"https:\/\/www.tiktok.com\/@canek.live?refer=embed\">@canek.live<\/a> <p>Damos la bienvenida a &#34;LUZ&#34;, puedes disfrutarla desde ya en Canek. **Q40 alquiler por 3 d\u00edas.** Sim\u00f3n es un f\u00edsico guatemalteco cuyo padre fue asesinado durante los \u00faltimos a\u00f1os de la guerra civil del pa\u00eds. Incapaz de dejarlo ir y en medio de un sistema judicial colapsado y corrupto, se obsesiona con encontrar una manera cient\u00edfica de medir la longitud del Karma en el espacio-tiempo. A trav\u00e9s de este descubrimiento, logra descifrar exactamente cu\u00e1ndo y d\u00f3nde volver\u00e1 la energ\u00eda de su padre, abriendo una nueva percepci\u00f3n de la realidad. Film de Javier Borrayo M\u00fasica de Alex Hentze Elenco: M\u00fasika Castellanos, Jos\u00e9 Pe\u00f1alonzo, Byron M\u00e1rmol, Daniela Berger Equipo: Tiago Cardoso, Erick Culasso, Dinis Henriques, Alex Hentze, Julieta Bl\u00e1zquez, Zach LeBeau, Javier Borrayo.<\/p> <a target=\"_blank\" title=\"\u266c sonido original  - Canek\" href=\"https:\/\/www.tiktok.com\/music\/sonido-original-Canek-7566485133378833163?refer=embed\">\u266c sonido original  - Canek<\/a> <\/section> <\/blockquote> <script async src=\"https:\/\/www.tiktok.com\/embed.js\"><\/script>\t\t\t\t<\/div>\n\t\t\t\t\t<\/div>\n\t\t\t\t<\/div>\n\t\t<div data-particle_enable=\"false\" data-particle-mobile-disabled=\"false\" class=\"elementor-element elementor-element-85bdc7d e-flex e-con-boxed e-con e-parent\" data-id=\"85bdc7d\" data-element_type=\"container\" data-e-type=\"container\">\n\t\t\t\t\t<div class=\"e-con-inner\">\n\t\t\t\t<div class=\"elementor-element elementor-element-c7e67be elementor-widget elementor-widget-text-editor\" data-id=\"c7e67be\" data-element_type=\"widget\" data-e-type=\"widget\" data-widget_type=\"text-editor.default\">\n\t\t\t\t\t\t\t\t\t<p><span style=\"color: #000000; font-family: Mulish, sans-serif; font-size: 31px; font-weight: bold;\">Apoyar a quienes hacen cine<\/span><\/p><p>Uno de los aspectos centrales del proyecto es que Canek busca apoyar directamente a los creadores\u00a0 a trav\u00e9s de un mayor alcance p\u00fablico. Cuando una persona alquila una pel\u00edcula, una parte del ingreso llega a los directores y al equipo creativo.<\/p><p>\u201cQueremos que la gente no solo consuma el contenido, sino que tambi\u00e9n lo apoye\u201d, se\u00f1ala Hern\u00e1ndez. \u201cAl ser una plataforma local, es m\u00e1s f\u00e1cil distribuir los ingresos directamente a los cineastas\u201d.<\/p><p>Los realizadores que quieran formar parte del cat\u00e1logo pueden enviar <strong>portafolios, trailers o muestras de sus pel\u00edculas<\/strong>, que luego pasan por un proceso de curadur\u00eda.<\/p><p>Adem\u00e1s, el proyecto busca abrir espacio para nuevas voces mediante convocatorias de cortometrajes y colaboraciones con cineastas emergentes.<\/p>\t\t\t\t\t\t\t\t<\/div>\n\t\t\t\t\t<\/div>\n\t\t\t\t<\/div>\n\t\t<div data-particle_enable=\"false\" data-particle-mobile-disabled=\"false\" class=\"elementor-element elementor-element-f122521 e-flex e-con-boxed e-con e-parent\" data-id=\"f122521\" data-element_type=\"container\" data-e-type=\"container\">\n\t\t\t\t\t<div class=\"e-con-inner\">\n\t\t\t\t<div class=\"elementor-element elementor-element-1db5be4 elementor-widget elementor-widget-image\" data-id=\"1db5be4\" data-element_type=\"widget\" data-e-type=\"widget\" data-widget_type=\"image.default\">\n\t\t\t\t\t\t\t\t\t\t\t\t<figure class=\"wp-caption\">\n\t\t\t\t\t\t\t\t\t\t<img decoding=\"async\" width=\"820\" height=\"1024\" src=\"https:\/\/soymigrante.com\/revista\/wp-content\/uploads\/2026\/03\/canek-live-820x1024.jpg\" class=\"attachment-large size-large wp-image-53611\" alt=\"La plataforma Canek live busca dar m\u00e1s alcance a las producciones guatemaltecas, sean pel\u00edculas, cortometrajes o documentales y por ello tambi\u00e9n apoya la iniciativa de Ley de Cine en Guatemala\" srcset=\"https:\/\/soymigrante.com\/revista\/wp-content\/uploads\/2026\/03\/canek-live-820x1024.jpg 820w, https:\/\/soymigrante.com\/revista\/wp-content\/uploads\/2026\/03\/canek-live-240x300.jpg 240w, https:\/\/soymigrante.com\/revista\/wp-content\/uploads\/2026\/03\/canek-live-768x959.jpg 768w, https:\/\/soymigrante.com\/revista\/wp-content\/uploads\/2026\/03\/canek-live-1230x1536.jpg 1230w, https:\/\/soymigrante.com\/revista\/wp-content\/uploads\/2026\/03\/canek-live-750x936.jpg 750w, https:\/\/soymigrante.com\/revista\/wp-content\/uploads\/2026\/03\/canek-live-1140x1423.jpg 1140w, https:\/\/soymigrante.com\/revista\/wp-content\/uploads\/2026\/03\/canek-live.jpg 1440w\" sizes=\"(max-width: 820px) 100vw, 820px\" title=\"La plataforma Canek live busca dar m\u00e1s alcance a las producciones guatemaltecas, sean pel\u00edculas, cortometrajes o documentales y por ello tambi\u00e9n apoya la iniciativa de Ley de Cine en Guatemala \u2013 SoyMigrante.com REVISTA\" \/>\t\t\t\t\t\t\t\t\t\t\t<figcaption class=\"widget-image-caption wp-caption-text\">La plataforma Canek live busca dar m\u00e1s alcance a las producciones guatemaltecas, sean pel\u00edculas, cortometrajes o documentales y por ello tambi\u00e9n apoya la iniciativa de Ley de Cine en Guatemala<\/figcaption>\n\t\t\t\t\t\t\t\t\t\t<\/figure>\n\t\t\t\t\t\t\t\t\t<\/div>\n\t\t\t\t\t<\/div>\n\t\t\t\t<\/div>\n\t\t<div data-particle_enable=\"false\" data-particle-mobile-disabled=\"false\" class=\"elementor-element elementor-element-aa3946a e-flex e-con-boxed e-con e-parent\" data-id=\"aa3946a\" data-element_type=\"container\" data-e-type=\"container\">\n\t\t\t\t\t<div class=\"e-con-inner\">\n\t\t\t\t<div class=\"elementor-element elementor-element-a017951 elementor-widget elementor-widget-text-editor\" data-id=\"a017951\" data-element_type=\"widget\" data-e-type=\"widget\" data-widget_type=\"text-editor.default\">\n\t\t\t\t\t\t\t\t\t<p><span style=\"color: #000000; font-family: Mulish, sans-serif; font-size: 31px; font-weight: bold;\">Valorar la creaci\u00f3n guatemalteca<\/span><\/p><p>Desde su lanzamiento, Canek ha comenzado a construir su audiencia. En pocos meses ha logrado reunir <strong>alrededor de dos mil usuarios registrados<\/strong>, una se\u00f1al de que existe inter\u00e9s cuando el cine guatemalteco se vuelve accesible.<\/p><p>El reto ahora es consolidar ese h\u00e1bito, tanto dentro como fuera del pa\u00eds. En cat\u00e1logo hay pel\u00edculas galardonadas, como las del realizador Jayro Bustamante.\u00a0<\/p><p>Para Mijangos, el desaf\u00edo tecnol\u00f3gico tambi\u00e9n ha sido importante: dise\u00f1ar una plataforma <strong>simple, pr\u00e1ctica y f\u00e1cil de usar<\/strong>, eliminando la mayor cantidad de fricci\u00f3n para el usuario.<\/p><p>\u201cLa idea es que la gente se concentre en disfrutar el contenido\u201d, explica. En un momento en que el cine guatemalteco gana reconocimiento internacional, iniciativas como Canek buscan algo igualmente importante: que esas pel\u00edculas tambi\u00e9n puedan ser vistas por el p\u00fablico.<\/p><p>Para los migrantes guatemaltecos, la plataforma puede convertirse en una forma de reencontrarse con su cultura. Para el p\u00fablico local, en una oportunidad de descubrir historias que muchas veces pasan desapercibidas.<\/p>\t\t\t\t\t\t\t\t<\/div>\n\t\t\t\t\t<\/div>\n\t\t\t\t<\/div>\n\t\t<div data-particle_enable=\"false\" data-particle-mobile-disabled=\"false\" class=\"elementor-element elementor-element-0b76f94 e-flex e-con-boxed e-con e-parent\" data-id=\"0b76f94\" data-element_type=\"container\" data-e-type=\"container\">\n\t\t\t\t\t<div class=\"e-con-inner\">\n\t\t\t\t<div class=\"elementor-element elementor-element-e1f2ed6 elementor-widget elementor-widget-image\" data-id=\"e1f2ed6\" data-element_type=\"widget\" data-e-type=\"widget\" data-widget_type=\"image.default\">\n\t\t\t\t\t\t\t\t\t\t\t\t<figure class=\"wp-caption\">\n\t\t\t\t\t\t\t\t\t\t<img loading=\"lazy\" decoding=\"async\" width=\"1140\" height=\"760\" src=\"https:\/\/soymigrante.com\/revista\/wp-content\/uploads\/2026\/03\/peliculas-1140x760.png\" class=\"attachment-large size-large wp-image-53612\" alt=\"Dentro de los grandes sue\u00f1os de Canek live est\u00e1 convertirse en un est\u00edmulo a la producci\u00f3n de cine en Guatemala.\" srcset=\"https:\/\/soymigrante.com\/revista\/wp-content\/uploads\/2026\/03\/peliculas-1140x760.png 1140w, https:\/\/soymigrante.com\/revista\/wp-content\/uploads\/2026\/03\/peliculas-300x200.png 300w, https:\/\/soymigrante.com\/revista\/wp-content\/uploads\/2026\/03\/peliculas-768x512.png 768w, https:\/\/soymigrante.com\/revista\/wp-content\/uploads\/2026\/03\/peliculas-750x500.png 750w, https:\/\/soymigrante.com\/revista\/wp-content\/uploads\/2026\/03\/peliculas.png 1536w\" sizes=\"(max-width: 1140px) 100vw, 1140px\" title=\"Dentro de los grandes sue\u00f1os de Canek live est\u00e1 convertirse en un est\u00edmulo a la producci\u00f3n de cine en Guatemala. \u2013 SoyMigrante.com REVISTA\" \/>\t\t\t\t\t\t\t\t\t\t\t<figcaption class=\"widget-image-caption wp-caption-text\">Dentro de los grandes sue\u00f1os de Canek live est\u00e1 convertirse en un est\u00edmulo a la producci\u00f3n de cine en Guatemala.<\/figcaption>\n\t\t\t\t\t\t\t\t\t\t<\/figure>\n\t\t\t\t\t\t\t\t\t<\/div>\n\t\t\t\t\t<\/div>\n\t\t\t\t<\/div>\n\t\t<div data-particle_enable=\"false\" data-particle-mobile-disabled=\"false\" class=\"elementor-element elementor-element-d37bb85 e-flex e-con-boxed e-con e-parent\" data-id=\"d37bb85\" data-element_type=\"container\" data-e-type=\"container\">\n\t\t\t\t\t<div class=\"e-con-inner\">\n\t\t\t\t<div class=\"elementor-element elementor-element-3f1b632 elementor-widget elementor-widget-global elementor-global-52097 elementor-widget-heading\" data-id=\"3f1b632\" data-element_type=\"widget\" data-e-type=\"widget\" data-widget_type=\"heading.default\">\n\t\t\t\t\t<h2 class=\"elementor-heading-title elementor-size-default\">Quiz\u00e1 tambi\u00e9n te podr\u00eda interesar<\/h2>\t\t\t\t<\/div>\n\t\t\t\t\t<\/div>\n\t\t\t\t<\/div>\n\t\t<div data-particle_enable=\"false\" data-particle-mobile-disabled=\"false\" class=\"elementor-element elementor-element-cf76e8f e-flex e-con-boxed e-con e-parent\" data-id=\"cf76e8f\" data-element_type=\"container\" data-e-type=\"container\">\n\t\t\t\t\t<div class=\"e-con-inner\">\n\t\t\t\t<div class=\"elementor-element elementor-element-eaab331 elementor-grid-eael-col-3 elementor-grid-tablet-eael-col-2 elementor-grid-mobile-eael-col-1 elementor-widget elementor-widget-eael-post-grid\" data-id=\"eaab331\" data-element_type=\"widget\" data-e-type=\"widget\" data-settings=\"{&quot;eael_post_grid_columns&quot;:&quot;eael-col-3&quot;,&quot;eael_post_grid_columns_tablet&quot;:&quot;eael-col-2&quot;,&quot;eael_post_grid_columns_mobile&quot;:&quot;eael-col-1&quot;}\" data-widget_type=\"eael-post-grid.default\">\n\t\t\t\t\t<div id=\"eael-post-grid-eaab331\" class=\"eael-post-grid-container\">\n            <div class=\"eael-post-grid eael-post-appender eael-post-appender-eaab331 eael-post-grid-style-one\" data-layout-mode=\"masonry\"><article class=\"eael-grid-post  eael-post-grid-column eael-pg-post-49230 category-exitos-guatemala\" data-id=\"49230\">\n        <div class=\"eael-grid-post-holder\">\n            <div class=\"eael-grid-post-holder-inner\"><div class=\"eael-entry-media\"><div class=\"eael-entry-overlay fade-in\"><i class=\"far fa-hand-pointer\" aria-hidden=\"true\"><\/i><a href=\"https:\/\/soymigrante.com\/revista\/cineasta-guatemalteca-en-noruega-elisa-pirir-produjo-cinta-que-busca-nominacion-oscar\/\"><\/a><\/div><div class=\"eael-entry-thumbnail eael-image-ratio\">\n                <img loading=\"lazy\" decoding=\"async\" width=\"1019\" height=\"1024\" src=\"https:\/\/soymigrante.com\/revista\/wp-content\/uploads\/2025\/12\/guatemalteca-elisa-fernanda-pirir-productora-y-cineasta-en-noruega-1019x1024.png\" class=\"attachment-large size-large wp-image-49362\" alt=\"guatemalteca elisa fernanda pirir productora y cineasta en noruega\" srcset=\"https:\/\/soymigrante.com\/revista\/wp-content\/uploads\/2025\/12\/guatemalteca-elisa-fernanda-pirir-productora-y-cineasta-en-noruega-1019x1024.png 1019w, https:\/\/soymigrante.com\/revista\/wp-content\/uploads\/2025\/12\/guatemalteca-elisa-fernanda-pirir-productora-y-cineasta-en-noruega-300x300.png 300w, https:\/\/soymigrante.com\/revista\/wp-content\/uploads\/2025\/12\/guatemalteca-elisa-fernanda-pirir-productora-y-cineasta-en-noruega-150x150.png 150w, https:\/\/soymigrante.com\/revista\/wp-content\/uploads\/2025\/12\/guatemalteca-elisa-fernanda-pirir-productora-y-cineasta-en-noruega-768x772.png 768w, https:\/\/soymigrante.com\/revista\/wp-content\/uploads\/2025\/12\/guatemalteca-elisa-fernanda-pirir-productora-y-cineasta-en-noruega-75x75.png 75w, https:\/\/soymigrante.com\/revista\/wp-content\/uploads\/2025\/12\/guatemalteca-elisa-fernanda-pirir-productora-y-cineasta-en-noruega-750x754.png 750w, https:\/\/soymigrante.com\/revista\/wp-content\/uploads\/2025\/12\/guatemalteca-elisa-fernanda-pirir-productora-y-cineasta-en-noruega.png 1069w\" sizes=\"(max-width: 1019px) 100vw, 1019px\" \/>\n            <\/div>\n        <\/div><div class=\"eael-entry-wrapper\"><header class=\"eael-entry-header\"><h2 class=\"eael-entry-title\"><a class=\"eael-grid-post-link\" href=\"https:\/\/soymigrante.com\/revista\/cineasta-guatemalteca-en-noruega-elisa-pirir-produjo-cinta-que-busca-nominacion-oscar\/\" title=\"Cineasta guatemalteca Elisa Pirir vuela alto como productora f\u00edlmica en Noruega\">Cineasta guatemalteca Elisa Pirir vuela alto como productora f\u00edlmica en Noruega<\/a><\/h2><\/header><div class=\"eael-entry-content\">\n                        <div class=\"eael-grid-post-excerpt\"><a href=\"https:\/\/soymigrante.com\/revista\/cineasta-guatemalteca-en-noruega-elisa-pirir-produjo-cinta-que-busca-nominacion-oscar\/\" class=\"eael-post-elements-readmore-btn\">CONOCE SU HISTORIA <\/a><\/div>\n                    <\/div><\/div><\/div>\n        <\/div>\n    <\/article><article class=\"eael-grid-post  eael-post-grid-column eael-pg-post-3582 category-exitos\" data-id=\"3582\">\n        <div class=\"eael-grid-post-holder\">\n            <div class=\"eael-grid-post-holder-inner\"><div class=\"eael-entry-media\"><div class=\"eael-entry-overlay fade-in\"><i class=\"far fa-hand-pointer\" aria-hidden=\"true\"><\/i><a href=\"https:\/\/soymigrante.com\/revista\/musico-actor-guatemalteco-migrante-en-nueva-york-domingo-lemus\/\"><\/a><\/div><div class=\"eael-entry-thumbnail eael-image-ratio\">\n                <img loading=\"lazy\" decoding=\"async\" width=\"855\" height=\"755\" src=\"https:\/\/soymigrante.com\/revista\/wp-content\/uploads\/2023\/12\/minguito.webp\" class=\"attachment-large size-large wp-image-3599\" alt=\"\" srcset=\"https:\/\/soymigrante.com\/revista\/wp-content\/uploads\/2023\/12\/minguito.webp 855w, https:\/\/soymigrante.com\/revista\/wp-content\/uploads\/2023\/12\/minguito-300x265.webp 300w, https:\/\/soymigrante.com\/revista\/wp-content\/uploads\/2023\/12\/minguito-768x678.webp 768w, https:\/\/soymigrante.com\/revista\/wp-content\/uploads\/2023\/12\/minguito-750x662.jpg 750w\" sizes=\"(max-width: 855px) 100vw, 855px\" \/>\n            <\/div>\n        <\/div><div class=\"eael-entry-wrapper\"><header class=\"eael-entry-header\"><h2 class=\"eael-entry-title\"><a class=\"eael-grid-post-link\" href=\"https:\/\/soymigrante.com\/revista\/musico-actor-guatemalteco-migrante-en-nueva-york-domingo-lemus\/\" title=\"\u201cTodos somos migrantes\u201d: Domingo Lemus, cineasta y m\u00fasico en NY\">\u201cTodos somos migrantes\u201d: Domingo Lemus, cineasta y m\u00fasico en NY<\/a><\/h2><\/header><div class=\"eael-entry-content\">\n                        <div class=\"eael-grid-post-excerpt\"><a href=\"https:\/\/soymigrante.com\/revista\/musico-actor-guatemalteco-migrante-en-nueva-york-domingo-lemus\/\" class=\"eael-post-elements-readmore-btn\">CONOCE SU HISTORIA <\/a><\/div>\n                    <\/div><\/div><\/div>\n        <\/div>\n    <\/article><article class=\"eael-grid-post  eael-post-grid-column eael-pg-post-13088 category-estamos-unidos\" data-id=\"13088\">\n        <div class=\"eael-grid-post-holder\">\n            <div class=\"eael-grid-post-holder-inner\"><div class=\"eael-entry-media\"><div class=\"eael-entry-overlay fade-in\"><i class=\"far fa-hand-pointer\" aria-hidden=\"true\"><\/i><a href=\"https:\/\/soymigrante.com\/revista\/actor-migrante-maya-dionicio-virvez-visita-su-tierra-santa-eulalia-y-anima-vocaciones-de-cine\/\"><\/a><\/div><div class=\"eael-entry-thumbnail eael-image-ratio\">\n                <img loading=\"lazy\" decoding=\"async\" width=\"1024\" height=\"1024\" src=\"https:\/\/soymigrante.com\/revista\/wp-content\/uploads\/2024\/11\/DIONICIO-VIRVEZ-6-1024x1024.jpg\" class=\"attachment-large size-large wp-image-13090\" alt=\"Vendedor ambulante en mercado al aire libre en una comunidad latinoamericana, promoviendo cooperaci\u00f3n y cultura migrante en espacios p\u00fablicos.\" srcset=\"https:\/\/soymigrante.com\/revista\/wp-content\/uploads\/2024\/11\/DIONICIO-VIRVEZ-6-1024x1024.jpg 1024w, https:\/\/soymigrante.com\/revista\/wp-content\/uploads\/2024\/11\/DIONICIO-VIRVEZ-6-300x300.webp 300w, https:\/\/soymigrante.com\/revista\/wp-content\/uploads\/2024\/11\/DIONICIO-VIRVEZ-6-150x150.webp 150w, https:\/\/soymigrante.com\/revista\/wp-content\/uploads\/2024\/11\/DIONICIO-VIRVEZ-6-768x768.jpg 768w, https:\/\/soymigrante.com\/revista\/wp-content\/uploads\/2024\/11\/DIONICIO-VIRVEZ-6-1536x1536.jpg 1536w, https:\/\/soymigrante.com\/revista\/wp-content\/uploads\/2024\/11\/DIONICIO-VIRVEZ-6-2048x2048.jpg 2048w, https:\/\/soymigrante.com\/revista\/wp-content\/uploads\/2024\/11\/DIONICIO-VIRVEZ-6-75x75.webp 75w, https:\/\/soymigrante.com\/revista\/wp-content\/uploads\/2024\/11\/DIONICIO-VIRVEZ-6-750x750.webp 750w, https:\/\/soymigrante.com\/revista\/wp-content\/uploads\/2024\/11\/DIONICIO-VIRVEZ-6-1140x1140.jpg 1140w, https:\/\/soymigrante.com\/revista\/wp-content\/uploads\/2024\/11\/DIONICIO-VIRVEZ-6.webp 1920w\" sizes=\"(max-width: 1024px) 100vw, 1024px\" \/>\n            <\/div>\n        <\/div><div class=\"eael-entry-wrapper\"><header class=\"eael-entry-header\"><h2 class=\"eael-entry-title\"><a class=\"eael-grid-post-link\" href=\"https:\/\/soymigrante.com\/revista\/actor-migrante-maya-dionicio-virvez-visita-su-tierra-santa-eulalia-y-anima-vocaciones-de-cine\/\" title=\"Actor migrante maya Dionicio Virvez visita su tierra Santa Eulalia y anima vocaciones de cine\">Actor migrante maya Dionicio Virvez visita su tierra Santa Eulalia y anima vocaciones de cine<\/a><\/h2><\/header><div class=\"eael-entry-content\">\n                        <div class=\"eael-grid-post-excerpt\"><a href=\"https:\/\/soymigrante.com\/revista\/actor-migrante-maya-dionicio-virvez-visita-su-tierra-santa-eulalia-y-anima-vocaciones-de-cine\/\" class=\"eael-post-elements-readmore-btn\">CONOCE SU HISTORIA <\/a><\/div>\n                    <\/div><\/div><\/div>\n        <\/div>\n    <\/article><\/div>\n            <div class=\"clearfix\"><\/div>\n        <\/div>\t\t\t\t<\/div>\n\t\t\t\t\t<\/div>\n\t\t\t\t<\/div>\n\t\t\t\t<\/div>\n\t\t","protected":false},"excerpt":{"rendered":"<p>Cine guatemalteco e hispano se puede disfrutar mejor ahora a trav\u00e9s de Canek, el servicio de pel\u00edculas en streaming en el que se puede rentar a gusto y disfrutar desde cualquier lugar. Conoce m\u00e1s sobre este &#8220;Netflix&#8221; guatemalteco. \u201cHay mucho talento haciendo documentales, cortometrajes y pel\u00edculas en Guatemala, pero hasta ahora no exist\u00eda un lugar [&hellip;]<\/p>\n","protected":false},"author":7,"featured_media":53606,"comment_status":"open","ping_status":"open","sticky":false,"template":"","format":"standard","meta":{"_acf_changed":false,"_eb_attr":"","footnotes":""},"categories":[58],"tags":[],"class_list":["post-53605","post","type-post","status-publish","format-standard","has-post-thumbnail","hentry","category-guate-nuestra"],"acf":[],"aioseo_notices":[],"aioseo_head":"\n\t\t<!-- All in One SEO Pro 4.9.6.2 - aioseo.com -->\n\t<meta name=\"description\" content=\"Actor maya q&#039;anjob&#039;al Dionicio Virvez se sinti\u00f3 bienvenido en su natal Santa Eulalia, Huehuetenango, pero adem\u00e1s abre una convocatoria de beca de cine.\" \/>\n\t<meta name=\"robots\" content=\"max-snippet:-1, max-image-preview:large, max-video-preview:-1\" \/>\n\t<meta name=\"author\" content=\"Gustavo Montenegro\"\/>\n\t<link rel=\"canonical\" href=\"https:\/\/soymigrante.com\/revista\/actor-migrante-maya-dionicio-virvez-visita-su-tierra-santa-eulalia-y-anima-vocaciones-de-cine\/\" \/>\n\t<meta name=\"generator\" content=\"All in One SEO Pro (AIOSEO) 4.9.6.2\" \/>\n\n\t\t<link rel=\"preconnect\" href=\"https:\/\/fonts.googleapis.com\" crossorigin>\n<link rel=\"preconnect\" href=\"https:\/\/fonts.gstatic.com\" crossorigin>\n\t\t<meta property=\"og:locale\" content=\"es_ES\" \/>\n\t\t<meta property=\"og:site_name\" content=\"SoyMigrante.com REVISTA \u2013 Nuestra misi\u00f3n es reconocer y dignificar al migrante.\" \/>\n\t\t<meta property=\"og:type\" content=\"article\" \/>\n\t\t<meta property=\"og:title\" content=\"Actor maya Dionicio Virvez anima vocaciones de cine\" \/>\n\t\t<meta property=\"og:description\" content=\"Actor maya q&#039;anjob&#039;al Dionicio Virvez se sinti\u00f3 bienvenido en su natal Santa Eulalia, Huehuetenango, pero adem\u00e1s abre una convocatoria de beca de cine.\" \/>\n\t\t<meta property=\"og:url\" content=\"https:\/\/soymigrante.com\/revista\/actor-migrante-maya-dionicio-virvez-visita-su-tierra-santa-eulalia-y-anima-vocaciones-de-cine\/\" \/>\n\t\t<meta property=\"og:image\" content=\"https:\/\/soymigrante.com\/revista\/wp-content\/uploads\/2024\/11\/DIONICIO-VIRVEZ-6.webp\" \/>\n\t\t<meta property=\"og:image:secure_url\" content=\"https:\/\/soymigrante.com\/revista\/wp-content\/uploads\/2024\/11\/DIONICIO-VIRVEZ-6.webp\" \/>\n\t\t<meta property=\"og:image:width\" content=\"1920\" \/>\n\t\t<meta property=\"og:image:height\" content=\"1920\" \/>\n\t\t<meta property=\"article:published_time\" content=\"2024-11-13T16:10:01+00:00\" \/>\n\t\t<meta property=\"article:modified_time\" content=\"2024-11-13T19:39:04+00:00\" \/>\n\t\t<meta property=\"article:publisher\" content=\"https:\/\/www.facebook.com\/soymigrantecom\" \/>\n\t\t<meta name=\"twitter:card\" content=\"summary_large_image\" \/>\n\t\t<meta name=\"twitter:site\" content=\"@SoyMigrante_com\" \/>\n\t\t<meta name=\"twitter:title\" content=\"Actor maya Dionicio Virvez anima vocaciones de cine\" \/>\n\t\t<meta name=\"twitter:description\" content=\"Actor maya q&#039;anjob&#039;al Dionicio Virvez se sinti\u00f3 bienvenido en su natal Santa Eulalia, Huehuetenango, pero adem\u00e1s abre una convocatoria de beca de cine.\" \/>\n\t\t<meta name=\"twitter:creator\" content=\"@SoyMigrante_com\" \/>\n\t\t<meta name=\"twitter:image\" content=\"https:\/\/soymigrante.com\/revista\/wp-content\/uploads\/2024\/11\/DIONICIO-VIRVEZ-6.webp\" \/>\n\t\t<!-- All in One SEO Pro -->\r\n\t\t<title>Actor maya Dionicio Virvez anima vocaciones de cine<\/title>\n\n","aioseo_head_json":{"title":"Actor maya Dionicio Virvez anima vocaciones de cine","description":"Actor maya q'anjob'al Dionicio Virvez se sinti\u00f3 bienvenido en su natal Santa Eulalia, Huehuetenango, pero adem\u00e1s abre una convocatoria de beca de cine.","canonical_url":"https:\/\/soymigrante.com\/revista\/actor-migrante-maya-dionicio-virvez-visita-su-tierra-santa-eulalia-y-anima-vocaciones-de-cine\/","robots":"max-snippet:-1, max-image-preview:large, max-video-preview:-1","keywords":"","webmasterTools":{"miscellaneous":"&lt;link rel=\"preconnect\" href=\"https:\/\/fonts.googleapis.com\" crossorigin&gt;\n&lt;link rel=\"preconnect\" href=\"https:\/\/fonts.gstatic.com\" crossorigin&gt;"},"schema":null,"og:locale":"es_ES","og:site_name":"SoyMigrante.com REVISTA \u2013 Nuestra misi\u00f3n es reconocer y dignificar al migrante.","og:type":"article","og:title":"Actor maya Dionicio Virvez anima vocaciones de cine","og:description":"Actor maya q'anjob'al Dionicio Virvez se sinti\u00f3 bienvenido en su natal Santa Eulalia, Huehuetenango, pero adem\u00e1s abre una convocatoria de beca de cine.","og:url":"https:\/\/soymigrante.com\/revista\/actor-migrante-maya-dionicio-virvez-visita-su-tierra-santa-eulalia-y-anima-vocaciones-de-cine\/","og:image":"https:\/\/soymigrante.com\/revista\/wp-content\/uploads\/2024\/11\/DIONICIO-VIRVEZ-6.webp","og:image:secure_url":"https:\/\/soymigrante.com\/revista\/wp-content\/uploads\/2024\/11\/DIONICIO-VIRVEZ-6.webp","og:image:width":1920,"og:image:height":1920,"article:published_time":"2024-11-13T16:10:01+00:00","article:modified_time":"2024-11-13T19:39:04+00:00","article:publisher":"https:\/\/www.facebook.com\/soymigrantecom","twitter:card":"summary_large_image","twitter:site":"@SoyMigrante_com","twitter:title":"Actor maya Dionicio Virvez anima vocaciones de cine","twitter:description":"Actor maya q'anjob'al Dionicio Virvez se sinti\u00f3 bienvenido en su natal Santa Eulalia, Huehuetenango, pero adem\u00e1s abre una convocatoria de beca de cine.","twitter:creator":"@SoyMigrante_com","twitter:image":"https:\/\/soymigrante.com\/revista\/wp-content\/uploads\/2024\/11\/DIONICIO-VIRVEZ-6.webp"},"aioseo_meta_data":{"post_id":"53605","title":"Canek: cita perfecta con el cine guatemalteco en streaming","description":"Canek es la primera plataforma de cine guatemalteco en streaming. Se puede rentar pel\u00edculas y verlas desde cualquier lugar, explican sus fundadores. Conoce m\u00e1s","keywords":null,"keyphrases":{"focus":{"keyphrase":"Cine guatemalteco","score":100,"analysis":{"keyphraseInTitle":{"score":9,"maxScore":9,"error":0},"keyphraseInDescription":{"score":9,"maxScore":9,"error":0},"keyphraseLength":{"score":9,"maxScore":9,"error":0,"length":2},"keyphraseInURL":{"score":5,"maxScore":5,"error":0}}},"additional":[{"keyphrase":"Canek","score":100,"analysis":{"keyphraseInDescription":{"score":9,"maxScore":9,"error":0},"keyphraseLength":{"score":9,"maxScore":9,"error":0,"length":1}}},{"keyphrase":"Streaming","score":100,"analysis":{"keyphraseInDescription":{"score":9,"maxScore":9,"error":0},"keyphraseLength":{"score":9,"maxScore":9,"error":0,"length":1}}}]},"primary_term":null,"canonical_url":null,"og_title":null,"og_description":null,"og_object_type":"default","og_image_type":"default","og_image_url":null,"og_image_width":null,"og_image_height":null,"og_image_custom_url":null,"og_image_custom_fields":null,"og_video":"","og_custom_url":null,"og_article_section":null,"og_article_tags":null,"twitter_use_og":false,"twitter_card":"default","twitter_image_type":"default","twitter_image_url":null,"twitter_image_custom_url":null,"twitter_image_custom_fields":null,"twitter_title":null,"twitter_description":null,"schema":{"blockGraphs":[],"customGraphs":[],"default":{"data":{"Article":[],"Course":[],"Dataset":[],"FAQPage":[],"Movie":[],"Person":[],"Product":[],"ProductReview":[],"Car":[],"Recipe":[],"Service":[],"SoftwareApplication":[],"WebPage":[]},"graphName":"NewsArticle","isEnabled":true},"graphs":[]},"schema_type":"default","schema_type_options":null,"pillar_content":false,"robots_default":true,"robots_noindex":false,"robots_noarchive":false,"robots_nosnippet":false,"robots_nofollow":false,"robots_noimageindex":false,"robots_noodp":false,"robots_notranslate":false,"robots_max_snippet":"-1","robots_max_videopreview":"-1","robots_max_imagepreview":"large","priority":null,"frequency":"default","local_seo":null,"seo_analyzer_scan_date":null,"breadcrumb_settings":null,"limit_modified_date":false,"reviewed_by":"0","open_ai":null,"ai":{"faqs":[],"keyPoints":[],"titles":[],"descriptions":[],"socialPosts":{"email":[],"linkedin":[],"twitter":[],"facebook":[],"instagram":[]}},"created":"2026-03-12 17:41:27","updated":"2026-03-12 18:55:25"},"aioseo_breadcrumb":"<div class=\"aioseo-breadcrumbs\"><span class=\"aioseo-breadcrumb\">\n\t<a href=\"https:\/\/soymigrante.com\/revista\" title=\"Home\">Home<\/a>\n<\/span><span class=\"aioseo-breadcrumb-separator\">\u00bb<\/span><span class=\"aioseo-breadcrumb\">\n\t<a href=\"https:\/\/soymigrante.com\/revista\/category\/guate-nuestra\/\" title=\"Guate Nuestra\">Guate Nuestra<\/a>\n<\/span><span class=\"aioseo-breadcrumb-separator\">\u00bb<\/span><span class=\"aioseo-breadcrumb\">\n\tCanek: la cita perfecta con el cine guatemalteco y latino en streaming\n<\/span><\/div>","aioseo_breadcrumb_json":[{"label":"Home","link":"https:\/\/soymigrante.com\/revista"},{"label":"Guate Nuestra","link":"https:\/\/soymigrante.com\/revista\/category\/guate-nuestra\/"},{"label":"Canek: la cita perfecta con el cine guatemalteco y latino en streaming","link":"https:\/\/soymigrante.com\/revista\/canek-la-cita-perfecta-con-el-cine-guatemalteco-y-latino-en-streaming\/"}],"_links":{"self":[{"href":"https:\/\/soymigrante.com\/revista\/wp-json\/wp\/v2\/posts\/53605","targetHints":{"allow":["GET"]}}],"collection":[{"href":"https:\/\/soymigrante.com\/revista\/wp-json\/wp\/v2\/posts"}],"about":[{"href":"https:\/\/soymigrante.com\/revista\/wp-json\/wp\/v2\/types\/post"}],"author":[{"embeddable":true,"href":"https:\/\/soymigrante.com\/revista\/wp-json\/wp\/v2\/users\/7"}],"replies":[{"embeddable":true,"href":"https:\/\/soymigrante.com\/revista\/wp-json\/wp\/v2\/comments?post=53605"}],"version-history":[{"count":10,"href":"https:\/\/soymigrante.com\/revista\/wp-json\/wp\/v2\/posts\/53605\/revisions"}],"predecessor-version":[{"id":53621,"href":"https:\/\/soymigrante.com\/revista\/wp-json\/wp\/v2\/posts\/53605\/revisions\/53621"}],"wp:featuredmedia":[{"embeddable":true,"href":"https:\/\/soymigrante.com\/revista\/wp-json\/wp\/v2\/media\/53606"}],"wp:attachment":[{"href":"https:\/\/soymigrante.com\/revista\/wp-json\/wp\/v2\/media?parent=53605"}],"wp:term":[{"taxonomy":"category","embeddable":true,"href":"https:\/\/soymigrante.com\/revista\/wp-json\/wp\/v2\/categories?post=53605"},{"taxonomy":"post_tag","embeddable":true,"href":"https:\/\/soymigrante.com\/revista\/wp-json\/wp\/v2\/tags?post=53605"}],"curies":[{"name":"wp","href":"https:\/\/api.w.org\/{rel}","templated":true}]}}