{"id":53595,"date":"2026-03-12T10:47:20","date_gmt":"2026-03-12T16:47:20","guid":{"rendered":"https:\/\/soymigrante.com\/revista\/?p=53595"},"modified":"2026-04-10T08:53:41","modified_gmt":"2026-04-10T14:53:41","slug":"que-significan-nombres-de-lugares-de-guatemala-letra-k","status":"publish","type":"post","link":"https:\/\/soymigrante.com\/revista\/que-significan-nombres-de-lugares-de-guatemala-letra-k\/","title":{"rendered":"\u00bfQu\u00e9 significan  nombres de lugares de Guatemala? Letra K"},"content":{"rendered":"\t\t<div data-elementor-type=\"wp-post\" data-elementor-id=\"53595\" class=\"elementor elementor-53595\" data-elementor-post-type=\"post\">\n\t\t\t\t<div data-particle_enable=\"false\" data-particle-mobile-disabled=\"false\" class=\"elementor-element elementor-element-2d6c13c e-flex e-con-boxed e-con e-parent\" data-id=\"2d6c13c\" data-element_type=\"container\" data-e-type=\"container\">\n\t\t\t\t\t<div class=\"e-con-inner\">\n\t\t\t\t<div class=\"elementor-element elementor-element-c245a45 elementor-widget elementor-widget-heading\" data-id=\"c245a45\" data-element_type=\"widget\" data-e-type=\"widget\" data-widget_type=\"heading.default\">\n\t\t\t\t\t<h3 class=\"elementor-heading-title elementor-size-default\">Los nombres de lugares de Guatemala tienen etimolog\u00edas, historias, significados y detalles que forman parte de la identidad multicultural. Estos son algunos con la letra inicial K<\/h3>\t\t\t\t<\/div>\n\t\t\t\t\t<\/div>\n\t\t\t\t<\/div>\n\t\t<div data-particle_enable=\"false\" data-particle-mobile-disabled=\"false\" class=\"elementor-element elementor-element-d75bc97 e-flex e-con-boxed e-con e-parent\" data-id=\"d75bc97\" data-element_type=\"container\" data-e-type=\"container\">\n\t\t\t\t\t<div class=\"e-con-inner\">\n\t\t\t\t<div class=\"elementor-element elementor-element-709b663 elementor-widget elementor-widget-text-editor\" data-id=\"709b663\" data-element_type=\"widget\" data-e-type=\"widget\" data-widget_type=\"text-editor.default\">\n\t\t\t\t\t\t\t\t\t<p data-start=\"0\" data-end=\"414\">En esta serie de significados de nombres de lugares de Guatemala, hay algunos relacionados con caracter\u00edsticas geogr\u00e1ficas, t\u00e9rminos prehisp\u00e1nicos o significados intencionales colocados por autoridades a lo largo del tiempo, seg\u00fan el Diccionario de Voces de Jorge Luis Arriola y el Diccionario Geogr\u00e1fico de Guatemala.<\/p><p data-start=\"0\" data-end=\"414\">Es valioso estudiarlos porque forman parte de la identidad regional y nacional. Estos son algunos nombres con la letra inicial K<br \/>Cabe repetir\u00a0<a href=\"https:\/\/soymigrante.com\/revista\/que-significa-el-nombre-guatemala\/\">el principal nombre a revisar en este recorrido etimol\u00f3gico es el de Guatemala, que podr\u00e1s encontrar desarrollado en este link.<\/a><span style=\"color: #000000; font-family: Mulish, sans-serif; font-size: 29px; font-style: normal; font-variant-ligatures: normal; font-variant-caps: normal; font-weight: bold;\">\u00a0<\/span><\/p>\t\t\t\t\t\t\t\t<\/div>\n\t\t\t\t\t<\/div>\n\t\t\t\t<\/div>\n\t\t<div data-particle_enable=\"false\" data-particle-mobile-disabled=\"false\" class=\"elementor-element elementor-element-6d1ed1d e-flex e-con-boxed e-con e-parent\" data-id=\"6d1ed1d\" data-element_type=\"container\" data-e-type=\"container\">\n\t\t\t\t\t<div class=\"e-con-inner\">\n\t\t\t\t<div class=\"elementor-element elementor-element-0f0a76d elementor-widget elementor-widget-heading\" data-id=\"0f0a76d\" data-element_type=\"widget\" data-e-type=\"widget\" data-widget_type=\"heading.default\">\n\t\t\t\t\t<h3 class=\"elementor-heading-title elementor-size-default\">Kaminal Juy\u00fa<\/h3>\t\t\t\t<\/div>\n\t\t\t\t\t<\/div>\n\t\t\t\t<\/div>\n\t\t<div data-particle_enable=\"false\" data-particle-mobile-disabled=\"false\" class=\"elementor-element elementor-element-234d836 e-flex e-con-boxed e-con e-parent\" data-id=\"234d836\" data-element_type=\"container\" data-e-type=\"container\">\n\t\t\t\t\t<div class=\"e-con-inner\">\n\t\t\t\t<div class=\"elementor-element elementor-element-3ff358e elementor-widget elementor-widget-text-editor\" data-id=\"3ff358e\" data-element_type=\"widget\" data-e-type=\"widget\" data-widget_type=\"text-editor.default\">\n\t\t\t\t\t\t\t\t\t<p><span style=\"color: #7a7a7a;\">Es uno de los sitios arqueol\u00f3gicos m\u00e1s importantes de la antigua civilizaci\u00f3n maya, ubicado en el actual valle de la <\/span><a href=\"https:\/\/es.wikipedia.org\/wiki\/Ciudad_de_Guatemala\" target=\"_blank\" rel=\"noopener\">Ciudad de Guatemala<\/a>\u00a0y mayoritariamente cubierto por urbanizaci\u00f3n actual. Quedan algunas \u00e1reas de conservaci\u00f3n en la zona 7. El nombre <a href=\"https:\/\/soymigrante.com\/revista\/kaminaljuyu-corazon-maya-que-late-bajo-la-actual-capital-de-guatemala\/\">Kaminal Juy\u00fa<\/a> significa &#8220;mont\u00edculo de los muertos&#8221; o &#8220;lugar de enterramientos&#8221;, pero NO es el nombre original del sitio. Este nombre<span style=\"color: #7a7a7a;\">\u00a0Kaminal Juy\u00fa fue adoptado en 1936 por el historiador y educador <\/span><a href=\"https:\/\/es.wikipedia.org\/wiki\/Jos%C3%A9_Antonio_Villacorta_C.\" target=\"_blank\" rel=\"noopener\">Jos\u00e9 Antonio Villacorta<\/a><span style=\"color: #7a7a7a;\"> para unificar la denominaci\u00f3n de varios terrenos donde se encontraban restos arqueol\u00f3gicos.<\/span><\/p><p>Investigaciones posteriores del antrop\u00f3logo y etnohistoriador Rudd van Akkeren, plantean que el nombre original del asentamiento pudo haber sido\u00a0Chih Wits, es decir\u00a0<em>Cerro de Maguey<\/em>, relacionado con la abundancia de dicha planta en el \u00e1rea y tradiciones ancestrales.<\/p>\t\t\t\t\t\t\t\t<\/div>\n\t\t\t\t\t<\/div>\n\t\t\t\t<\/div>\n\t\t<div data-particle_enable=\"false\" data-particle-mobile-disabled=\"false\" class=\"elementor-element elementor-element-2c0e2cf e-flex e-con-boxed e-con e-parent\" data-id=\"2c0e2cf\" data-element_type=\"container\" data-e-type=\"container\">\n\t\t\t\t\t<div class=\"e-con-inner\">\n\t\t\t\t<div class=\"elementor-element elementor-element-adae722 elementor-grid-eael-col-1 elementor-grid-tablet-eael-col-2 elementor-grid-mobile-eael-col-1 elementor-widget elementor-widget-eael-post-grid\" data-id=\"adae722\" data-element_type=\"widget\" data-e-type=\"widget\" data-settings=\"{&quot;eael_post_grid_columns&quot;:&quot;eael-col-1&quot;,&quot;eael_post_grid_columns_tablet&quot;:&quot;eael-col-2&quot;,&quot;eael_post_grid_columns_mobile&quot;:&quot;eael-col-1&quot;}\" data-widget_type=\"eael-post-grid.default\">\n\t\t\t\t\t<div id=\"eael-post-grid-adae722\" class=\"eael-post-grid-container\">\n            <div class=\"eael-post-grid eael-post-appender eael-post-appender-adae722 eael-post-grid-style-one\" data-layout-mode=\"masonry\"><article class=\"eael-grid-post  eael-post-grid-column eael-pg-post-41793 category-guate-nuestra\" data-id=\"41793\">\n        <div class=\"eael-grid-post-holder\">\n            <div class=\"eael-grid-post-holder-inner\"><div class=\"eael-entry-media\"><div class=\"eael-entry-overlay fade-in\"><i class=\"far fa-hand-pointer\" aria-hidden=\"true\"><\/i><a href=\"https:\/\/soymigrante.com\/revista\/kaminaljuyu-corazon-maya-que-late-bajo-la-actual-capital-de-guatemala\/\"><\/a><\/div><div class=\"eael-entry-thumbnail eael-image-ratio\">\n                <img fetchpriority=\"high\" decoding=\"async\" width=\"1024\" height=\"465\" src=\"https:\/\/soymigrante.com\/revista\/wp-content\/uploads\/2025\/08\/Kaminaljuyu-1-1024x465.jpg\" class=\"attachment-large size-large wp-image-41794\" alt=\"Antiguas escaleras y muros de piedra en un sitio arqueol\u00f3gico, protegido con techumbre met\u00e1lica, en un contexto de historia y cultura prehisp\u00e1nica mexicana.\" \/>\n            <\/div>\n        <\/div><div class=\"eael-entry-wrapper\"><header class=\"eael-entry-header\"><h2 class=\"eael-entry-title\"><a class=\"eael-grid-post-link\" href=\"https:\/\/soymigrante.com\/revista\/kaminaljuyu-corazon-maya-que-late-bajo-la-actual-capital-de-guatemala\/\" title=\"Kaminal Juy\u00fa: Coraz\u00f3n maya que late bajo la actual capital de Guatemala\">Kaminal Juy\u00fa: Coraz\u00f3n maya que late bajo la actual capital de Guatemala<\/a><\/h2><\/header><div class=\"eael-entry-content\">\n                        <div class=\"eael-grid-post-excerpt\"><a href=\"https:\/\/soymigrante.com\/revista\/kaminaljuyu-corazon-maya-que-late-bajo-la-actual-capital-de-guatemala\/\" class=\"eael-post-elements-readmore-btn\">CONOCE SU HISTORIA <\/a><\/div>\n                    <\/div><\/div><\/div>\n        <\/div>\n    <\/article><\/div>\n            <div class=\"clearfix\"><\/div>\n        <\/div>\t\t\t\t<\/div>\n\t\t\t\t\t<\/div>\n\t\t\t\t<\/div>\n\t\t<div data-particle_enable=\"false\" data-particle-mobile-disabled=\"false\" class=\"elementor-element elementor-element-51fa10d e-con-full e-flex e-con e-parent\" data-id=\"51fa10d\" data-element_type=\"container\" data-e-type=\"container\">\n\t\t\t\t<div class=\"elementor-element elementor-element-ca0f908 elementor-widget elementor-widget-text-editor\" data-id=\"ca0f908\" data-element_type=\"widget\" data-e-type=\"widget\" data-widget_type=\"text-editor.default\">\n\t\t\t\t\t\t\t\t\t<h3>Kaibil Balam<\/h3><p><strong>Kaibil Balam<\/strong> es el nombre de un caser\u00edo de la aldea San Antonio El Bald\u00edo, en el municipio de <a href=\"https:\/\/es.wikipedia.org\/wiki\/Uspant%C3%A1n\" target=\"_blank\" rel=\"noopener\">Uspant\u00e1n<\/a>, departamento de <a href=\"https:\/\/es.wikipedia.org\/wiki\/Quich%C3%A9_(departamento)\" target=\"_blank\" rel=\"noopener\">Quich\u00e9<\/a>, Guatemala. El asentamiento surgi\u00f3 dentro de un parcelamiento agrario impulsado por el <a href=\"https:\/\/es.wikipedia.org\/wiki\/Instituto_Nacional_de_Transformaci%C3%B3n_Agraria_(Guatemala)\" target=\"_blank\" rel=\"noopener\">Instituto Nacional de Transformaci\u00f3n Agraria (INTA)<\/a>, que en diciembre de 1972 entreg\u00f3 t\u00edtulos de propiedad a campesinos beneficiarios de la reforma agraria. El nombre recuerda al rey mam <strong>Kaibil Balam<\/strong>, gobernante ind\u00edgena que ofreci\u00f3 fuerte resistencia a las tropas espa\u00f1olas dirigidas por <a href=\"https:\/\/es.wikipedia.org\/wiki\/Gonzalo_de_Alvarado_y_Contreras\" target=\"_blank\" rel=\"noopener\">Gonzalo de Alvarado<\/a> durante la conquista.\u00a0<\/p><h3>Kakolkeh<\/h3><p>Es el nombre original, en idioma <a href=\"https:\/\/es.wikipedia.org\/wiki\/Idioma_k%27iche%27\" target=\"_blank\" rel=\"noopener\">k\u2019iche\u2019<\/a>, de Mazatenango, cabecera de\u00a0<a href=\"https:\/\/es.wikipedia.org\/wiki\/Suchitep%C3%A9quez\" target=\"_blank\" rel=\"noopener\">Suchitep\u00e9quez<\/a>. Documentos hist\u00f3ricos se\u00f1alan que durante la conquista se relat\u00f3 un episodio en el que guerreros ind\u00edgenas capturaron un caballo de los conquistadores tras una batalla. Como los pueblos mayas no conoc\u00edan el caballo antes de la llegada de los europeos, lo identificaron con el t\u00e9rmino <em>kej<\/em>, que significa venado o ciervo, seg\u00fan Arriola. De esta comparaci\u00f3n surgi\u00f3 la expresi\u00f3n <em>Kakolkeh<\/em>, interpretada como \u201cvenado escondido\u201d o \u201cvenado cautivo\u201d, en referencia al animal capturado.<\/p><h3>Kanilabaj<\/h3><p><strong>Kanilabaj<\/strong> fue el nombre de un jefe ind\u00edgena que gobern\u00f3 una antigua poblaci\u00f3n llamada ubicada en la regi\u00f3n que hoy corresponde al occidente de Guatemala, entre <a href=\"https:\/\/es.wikipedia.org\/wiki\/Malacat%C3%A1n\" target=\"_blank\" rel=\"noopener\">Malacat\u00e1n<\/a> y <a href=\"https:\/\/es.wikipedia.org\/wiki\/Huehuetenango\" target=\"_blank\" rel=\"noopener\">Huehuetenango<\/a>. Durante el periodo de la conquista espa\u00f1ola, Kanilabaj fue derrotado y el asentamiento ind\u00edgena fue destruido.<\/p><p><span style=\"color: #000000; font-family: Mulish, sans-serif; font-size: 29px; font-weight: bold;\">Kich\u00e9<\/span><\/p><p><strong>Kich\u00e9<\/strong>, hoy escrito <a href=\"https:\/\/es.wikipedia.org\/wiki\/K%27iche%27\" target=\"_blank\" rel=\"noopener\">K\u2019iche\u2019<\/a>, es el nombre de uno de los principales pueblos mayas de Guatemala y tambi\u00e9n dio origen al nombre del departamento de <a href=\"https:\/\/es.wikipedia.org\/wiki\/Quich%C3%A9_(departamento)\" target=\"_blank\" rel=\"noopener\">Quich\u00e9<\/a>. El t\u00e9rmino proviene de la combinaci\u00f3n de voces mayas interpretadas como <em>ki<\/em>, muchos, y <em>ch\u00e9<\/em>, \u00e1rbol, por lo que suele traducirse como \u201clugar de muchos \u00e1rboles\u201d, \u201cbosque\u201d o \u201cregi\u00f3n monta\u00f1osa cubierta de vegetaci\u00f3n\u201d.<\/p>\t\t\t\t\t\t\t\t<\/div>\n\t\t\t\t<\/div>\n\t\t<div data-particle_enable=\"false\" data-particle-mobile-disabled=\"false\" class=\"elementor-element elementor-element-3a9080c e-flex e-con-boxed e-con e-parent\" data-id=\"3a9080c\" data-element_type=\"container\" data-e-type=\"container\">\n\t\t\t\t\t<div class=\"e-con-inner\">\n\t\t\t\t<div class=\"elementor-element elementor-element-5834bec elementor-grid-eael-col-1 elementor-grid-tablet-eael-col-2 elementor-grid-mobile-eael-col-1 elementor-widget elementor-widget-eael-post-grid\" data-id=\"5834bec\" data-element_type=\"widget\" data-e-type=\"widget\" data-settings=\"{&quot;eael_post_grid_columns&quot;:&quot;eael-col-1&quot;,&quot;eael_post_grid_columns_tablet&quot;:&quot;eael-col-2&quot;,&quot;eael_post_grid_columns_mobile&quot;:&quot;eael-col-1&quot;}\" data-widget_type=\"eael-post-grid.default\">\n\t\t\t\t\t<div id=\"eael-post-grid-5834bec\" class=\"eael-post-grid-container\">\n            <div class=\"eael-post-grid eael-post-appender eael-post-appender-5834bec eael-post-grid-style-one\" data-layout-mode=\"masonry\"><article class=\"eael-grid-post  eael-post-grid-column eael-pg-post-8616 category-pueblos-de-guatemala\" data-id=\"8616\">\n        <div class=\"eael-grid-post-holder\">\n            <div class=\"eael-grid-post-holder-inner\"><div class=\"eael-entry-media\"><div class=\"eael-entry-overlay fade-in\"><i class=\"far fa-hand-pointer\" aria-hidden=\"true\"><\/i><a href=\"https:\/\/soymigrante.com\/revista\/el-pueblo-chalchiteko-es-antiquisimo-pero-fue-reconocido-oficialmente-hasta-el-2003\/\"><\/a><\/div><div class=\"eael-entry-thumbnail eael-image-ratio\">\n                <img decoding=\"async\" width=\"746\" height=\"746\" src=\"https:\/\/soymigrante.com\/revista\/wp-content\/uploads\/2024\/08\/etnias-de-guatemala-chalchiteko-3.webp\" class=\"attachment-large size-large wp-image-8617\" alt=\"El pueblo Chalchiteko es antiqu\u00edsimo pero fue reconocido oficialmente hasta el 2003\" srcset=\"https:\/\/soymigrante.com\/revista\/wp-content\/uploads\/2024\/08\/etnias-de-guatemala-chalchiteko-3.webp 746w, https:\/\/soymigrante.com\/revista\/wp-content\/uploads\/2024\/08\/etnias-de-guatemala-chalchiteko-3-300x300.webp 300w, https:\/\/soymigrante.com\/revista\/wp-content\/uploads\/2024\/08\/etnias-de-guatemala-chalchiteko-3-150x150.webp 150w, https:\/\/soymigrante.com\/revista\/wp-content\/uploads\/2024\/08\/etnias-de-guatemala-chalchiteko-3-75x75.webp 75w\" sizes=\"(max-width: 746px) 100vw, 746px\" \/>\n            <\/div>\n        <\/div><div class=\"eael-entry-wrapper\"><header class=\"eael-entry-header\"><h2 class=\"eael-entry-title\"><a class=\"eael-grid-post-link\" href=\"https:\/\/soymigrante.com\/revista\/el-pueblo-chalchiteko-es-antiquisimo-pero-fue-reconocido-oficialmente-hasta-el-2003\/\" title=\"El pueblo Chalchiteko es  antiqu\u00edsimo pero fue reconocido oficialmente hasta el 2003\">El pueblo Chalchiteko es  antiqu\u00edsimo pero fue reconocido oficialmente hasta el 2003<\/a><\/h2><\/header><div class=\"eael-entry-content\">\n                        <div class=\"eael-grid-post-excerpt\"><a href=\"https:\/\/soymigrante.com\/revista\/el-pueblo-chalchiteko-es-antiquisimo-pero-fue-reconocido-oficialmente-hasta-el-2003\/\" class=\"eael-post-elements-readmore-btn\">CONOCE SU HISTORIA <\/a><\/div>\n                    <\/div><\/div><\/div>\n        <\/div>\n    <\/article><\/div>\n            <div class=\"clearfix\"><\/div>\n        <\/div>\t\t\t\t<\/div>\n\t\t\t\t\t<\/div>\n\t\t\t\t<\/div>\n\t\t<div data-particle_enable=\"false\" data-particle-mobile-disabled=\"false\" class=\"elementor-element elementor-element-535edb3 e-flex e-con-boxed e-con e-parent\" data-id=\"535edb3\" data-element_type=\"container\" data-e-type=\"container\">\n\t\t\t\t\t<div class=\"e-con-inner\">\n\t\t\t\t<div class=\"elementor-element elementor-element-69bd731 elementor-widget elementor-widget-text-editor\" data-id=\"69bd731\" data-element_type=\"widget\" data-e-type=\"widget\" data-widget_type=\"text-editor.default\">\n\t\t\t\t\t\t\t\t\t<h3><span style=\"font-family: Mulish, sans-serif; font-size: 29px; font-weight: bold;\">Koakutek<\/span><\/h3><p>Nombre con el que los ind\u00edgenas de la regi\u00f3n conoc\u00edan las ruinas de <a href=\"https:\/\/es.wikipedia.org\/wiki\/Chalchit%C3%A1n\" target=\"_blank\" rel=\"noopener\">Chalchit\u00e1n<\/a>, un antiguo sitio arqueol\u00f3gico en donde <a href=\"https:\/\/soymigrante.com\/revista\/el-pueblo-chalchiteko-es-antiquisimo-pero-fue-reconocido-oficialmente-hasta-el-2003\/\">se origin\u00f3 el pueblo chalchiteko<\/a>, cerca de la actual cabecera de Aguacat\u00e1n, Huehuetenango.<\/p><h3>Kulaj\u00e1<\/h3><p><strong>Kulaj\u00e1<\/strong>\u00a0significa Garganta de Agua y fue un antiguo nombre de origen mam que designaba la regi\u00f3n donde posteriormente se desarroll\u00f3 la ciudad de <a href=\"https:\/\/es.wikipedia.org\/wiki\/Quetzaltenango\" target=\"_blank\" rel=\"noopener\">Quetzaltenango<\/a>. Con el paso del tiempo, el lugar fue conocido en lengua k\u2019iche\u2019 como <em>Xelahuh<\/em> o <em>Xelaj\u00fa<\/em>, y m\u00e1s tarde recibi\u00f3 el nombre de Quetzaltenango durante el periodo colonial. La evoluci\u00f3n de estos nombres refleja la superposici\u00f3n de tradiciones ling\u00fc\u00edsticas mayas y nahuatl en la toponimia de Guatemala.<\/p><h3>Kuxlikel<\/h3><p><strong>Kuxlikel<\/strong>\u00a0o Cuxliquel es un t\u00e9rmino del idioma <a href=\"https:\/\/es.wikipedia.org\/wiki\/Idioma_k%27iche%27\" target=\"_blank\" rel=\"noopener\">k\u2019iche\u2019<\/a> que significa \u201ccoraz\u00f3n de chocoyo\u201d. Con este nombre se conoce un cerro alto de forma c\u00f3nica ubicado al occidente de la ciudad de <a href=\"https:\/\/es.wikipedia.org\/wiki\/Totonicap%C3%A1n\" target=\"_blank\" rel=\"noopener\">Totonicap\u00e1n<\/a>. Los cerros poseen una fuerte carga simb\u00f3lica dentro de la cosmovisi\u00f3n maya, asociada con la espiritualidad y la relaci\u00f3n entre la naturaleza y las comunidades.<\/p>\t\t\t\t\t\t\t\t<\/div>\n\t\t\t\t\t<\/div>\n\t\t\t\t<\/div>\n\t\t<div data-particle_enable=\"false\" data-particle-mobile-disabled=\"false\" class=\"elementor-element elementor-element-34cfad5 e-flex e-con-boxed e-con e-parent\" data-id=\"34cfad5\" data-element_type=\"container\" data-e-type=\"container\">\n\t\t\t\t\t<div class=\"e-con-inner\">\n\t\t\t\t<div class=\"elementor-element elementor-element-c848e6f elementor-widget elementor-widget-html\" data-id=\"c848e6f\" data-element_type=\"widget\" data-e-type=\"widget\" data-widget_type=\"html.default\">\n\t\t\t\t\t<iframe src=\"https:\/\/www.google.com\/maps\/embed?pb=!4v1773329933970!6m8!1m7!1sCAoSFkNJSE0wb2dLRUlDQWdJRHFoZWZ6TGc.!2m2!1d14.8882549194254!2d-91.39826971992673!3f49.14719!4f0!5f0.7820865974627469\" width=\"600\" height=\"450\" style=\"border:0;\" allowfullscreen=\"\" loading=\"lazy\" referrerpolicy=\"no-referrer-when-downgrade\"><\/iframe>\t\t\t\t<\/div>\n\t\t\t\t\t<\/div>\n\t\t\t\t<\/div>\n\t\t<div data-particle_enable=\"false\" data-particle-mobile-disabled=\"false\" class=\"elementor-element elementor-element-4be687c e-flex e-con-boxed e-con e-parent\" data-id=\"4be687c\" data-element_type=\"container\" data-e-type=\"container\">\n\t\t\t\t\t<div class=\"e-con-inner\">\n\t\t\t\t<div class=\"elementor-element elementor-element-73bc627 elementor-widget elementor-widget-text-editor\" data-id=\"73bc627\" data-element_type=\"widget\" data-e-type=\"widget\" data-widget_type=\"text-editor.default\">\n\t\t\t\t\t\t\t\t\t<h3><span style=\"font-family: Mulish, sans-serif; font-size: 29px; font-weight: bold;\">Kaj Juyub<\/span><\/h3><p><strong>Kaj Juyub\u2019<\/strong> es un antiguo sitio maya y un monte en la <a href=\"https:\/\/es.wikipedia.org\/wiki\/Sierra_de_Chuac%C3%BAs\" target=\"_blank\" rel=\"noopener\">Sierra de Chuac\u00fas<\/a>, en Rabinal, departamento de <a href=\"https:\/\/es.wikipedia.org\/wiki\/Baja_Verapaz\" target=\"_blank\" rel=\"noopener\">Baja Verapaz<\/a>. Su altura alcanza aproximadamente 1,264 metros sobre el nivel del mar.<\/p><p>El nombre proviene de las voces mayas <em>kaj<\/em>, cielo, y <em>juyub\u2019<\/em>, cerro o monta\u00f1a. En conjunto se interpreta como \u201cmonta\u00f1a que toca el cielo\u201d o \u201ccerro que se comunica con el cielo\u201d. Seg\u00fan la tradici\u00f3n oral del pueblo <a href=\"https:\/\/es.wikipedia.org\/wiki\/Rabinal\" target=\"_blank\" rel=\"noopener\">rabinaleb\u2019<\/a>, este lugar est\u00e1 vinculado con el origen m\u00edtico de su comunidad y con figuras legendarias como el h\u00e9roe del <a href=\"https:\/\/es.wikipedia.org\/wiki\/Rabinal_Ach%C3%AD\" target=\"_blank\" rel=\"noopener\">Rabinal Ach\u00ed<\/a>.<\/p><h3>K\u00e1rstico<\/h3><p>No es el nombre de ning\u00fan lugar espec\u00edfico, pero s\u00ed de un tipo de suelo muy presente en <a href=\"https:\/\/soymigrante.com\/revista\/departamentos-de-guatemala-alta-verapaz-mosaico-cultural-y-natural\/\">Alta Verapaz<\/a>, <a href=\"https:\/\/soymigrante.com\/revista\/baja-verapaz-tierra-de-trabajo-del-gran-rabinal-achi-y-el-salto-de-chilasco\/\">Baja Verapaz<\/a>, Pet\u00e9n y <a href=\"https:\/\/soymigrante.com\/revista\/departamentos-de-guatemala-huehuetenango-la-tierra-de-kaibil-balam-tesoro-cultural-y-natural\/\">Huehuetenango<\/a>: T\u00e9rmino geol\u00f3gico utilizado para describir un tipo de relieve formado por la disoluci\u00f3n de rocas solubles, especialmente caliza, yeso o dolomita, debido a la acci\u00f3n del agua.\u00a0<\/p><p>El suelo k\u00e1rstico genera paisajes caracter\u00edsticos con cuevas, dolinas, r\u00edos subterr\u00e1neos y grandes cavernas: ejemplos de estos paisajes son Semuc Champey, las grutas de Candelaria, Lanqu\u00edn o Rey Marcos; o la laguna Brava. La palabra proviene del alem\u00e1n <em>Karst<\/em>, nombre de una meseta caliza situada entre <a href=\"https:\/\/es.wikipedia.org\/wiki\/Eslovenia\" target=\"_blank\" rel=\"noopener\">Eslovenia<\/a> e <a href=\"https:\/\/es.wikipedia.org\/wiki\/Italia\" target=\"_blank\" rel=\"noopener\">Italia<\/a>.\u00a0\u00a0<\/p>\t\t\t\t\t\t\t\t<\/div>\n\t\t\t\t\t<\/div>\n\t\t\t\t<\/div>\n\t\t<div data-particle_enable=\"false\" data-particle-mobile-disabled=\"false\" class=\"elementor-element elementor-element-e22699f e-flex e-con-boxed e-con e-parent\" data-id=\"e22699f\" data-element_type=\"container\" data-e-type=\"container\">\n\t\t\t\t\t<div class=\"e-con-inner\">\n\t\t\t\t<div class=\"elementor-element elementor-element-2e5bcce elementor-widget elementor-widget-html\" data-id=\"2e5bcce\" data-element_type=\"widget\" data-e-type=\"widget\" data-widget_type=\"html.default\">\n\t\t\t\t\t<iframe src=\"https:\/\/www.google.com\/maps\/embed?pb=!1m18!1m12!1m3!1d83942.22615050238!2d-90.52028326508169!3d15.10149207525322!2m3!1f0!2f0!3f0!3m2!1i1024!2i768!4f13.1!3m3!1m2!1s0x858a29204b4a6e15%3A0x22a8b62562a3b541!2sKaj%20Juyub&#39;!5e1!3m2!1ses!2sgt!4v1773333926054!5m2!1ses!2sgt\" width=\"600\" height=\"450\" style=\"border:0;\" allowfullscreen=\"\" loading=\"lazy\" referrerpolicy=\"no-referrer-when-downgrade\"><\/iframe>\t\t\t\t<\/div>\n\t\t\t\t\t<\/div>\n\t\t\t\t<\/div>\n\t\t<div data-particle_enable=\"false\" data-particle-mobile-disabled=\"false\" class=\"elementor-element elementor-element-dfd9eee e-flex e-con-boxed e-con e-parent\" data-id=\"dfd9eee\" data-element_type=\"container\" data-e-type=\"container\">\n\t\t\t\t\t<div class=\"e-con-inner\">\n\t\t\t\t<div class=\"elementor-element elementor-element-fad87f8 elementor-widget elementor-widget-heading\" data-id=\"fad87f8\" data-element_type=\"widget\" data-e-type=\"widget\" data-widget_type=\"heading.default\">\n\t\t\t\t\t<h2 class=\"elementor-heading-title elementor-size-default\">Quiz\u00e1 tambi\u00e9n te podr\u00eda interesar<\/h2>\t\t\t\t<\/div>\n\t\t\t\t\t<\/div>\n\t\t\t\t<\/div>\n\t\t<div data-particle_enable=\"false\" data-particle-mobile-disabled=\"false\" class=\"elementor-element elementor-element-0f18a43 e-flex e-con-boxed e-con e-parent\" data-id=\"0f18a43\" data-element_type=\"container\" data-e-type=\"container\">\n\t\t\t\t\t<div class=\"e-con-inner\">\n\t\t\t\t<div class=\"elementor-element elementor-element-f9c3d2d elementor-grid-eael-col-3 elementor-grid-tablet-eael-col-2 elementor-grid-mobile-eael-col-1 elementor-widget elementor-widget-eael-post-grid\" data-id=\"f9c3d2d\" data-element_type=\"widget\" data-e-type=\"widget\" data-settings=\"{&quot;eael_post_grid_columns&quot;:&quot;eael-col-3&quot;,&quot;eael_post_grid_columns_tablet&quot;:&quot;eael-col-2&quot;,&quot;eael_post_grid_columns_mobile&quot;:&quot;eael-col-1&quot;}\" data-widget_type=\"eael-post-grid.default\">\n\t\t\t\t\t<div id=\"eael-post-grid-f9c3d2d\" class=\"eael-post-grid-container\">\n            <div class=\"eael-post-grid eael-post-appender eael-post-appender-f9c3d2d eael-post-grid-style-one\" data-layout-mode=\"masonry\"><article class=\"eael-grid-post  eael-post-grid-column eael-pg-post-52920 category-nombres-de-guatemala tags-abc-de-nombres-de-lugares-de-guatemala\" data-id=\"52920\">\n        <div class=\"eael-grid-post-holder\">\n            <div class=\"eael-grid-post-holder-inner\"><div class=\"eael-entry-media\"><div class=\"eael-entry-overlay fade-in\"><i class=\"far fa-hand-pointer\" aria-hidden=\"true\"><\/i><a href=\"https:\/\/soymigrante.com\/revista\/que-significan-nombres-de-lugares-de-guatemala-etimologias-letra-c\/\"><\/a><\/div><div class=\"eael-entry-thumbnail eael-image-ratio\">\n                <img decoding=\"async\" width=\"895\" height=\"884\" src=\"https:\/\/soymigrante.com\/revista\/wp-content\/uploads\/2026\/02\/nombres-de-lugares-de-guatemala-letra-C.png\" class=\"attachment-large size-large wp-image-52921\" alt=\"nombres de lugares de guatemala letra C\" srcset=\"https:\/\/soymigrante.com\/revista\/wp-content\/uploads\/2026\/02\/nombres-de-lugares-de-guatemala-letra-C.png 895w, https:\/\/soymigrante.com\/revista\/wp-content\/uploads\/2026\/02\/nombres-de-lugares-de-guatemala-letra-C-300x296.png 300w, https:\/\/soymigrante.com\/revista\/wp-content\/uploads\/2026\/02\/nombres-de-lugares-de-guatemala-letra-C-768x759.png 768w, https:\/\/soymigrante.com\/revista\/wp-content\/uploads\/2026\/02\/nombres-de-lugares-de-guatemala-letra-C-75x75.png 75w, https:\/\/soymigrante.com\/revista\/wp-content\/uploads\/2026\/02\/nombres-de-lugares-de-guatemala-letra-C-750x741.png 750w\" sizes=\"(max-width: 895px) 100vw, 895px\" \/>\n            <\/div>\n        <\/div><div class=\"eael-entry-wrapper\"><header class=\"eael-entry-header\"><h2 class=\"eael-entry-title\"><a class=\"eael-grid-post-link\" href=\"https:\/\/soymigrante.com\/revista\/que-significan-nombres-de-lugares-de-guatemala-etimologias-letra-c\/\" title=\"\u00bfQu\u00e9 significan  nombres de lugares de Guatemala? &#8211; Letra C &#8211;\">\u00bfQu\u00e9 significan  nombres de lugares de Guatemala? &#8211; Letra C &#8211;<\/a><\/h2><\/header><div class=\"eael-entry-content\">\n                        <div class=\"eael-grid-post-excerpt\"><a href=\"https:\/\/soymigrante.com\/revista\/que-significan-nombres-de-lugares-de-guatemala-etimologias-letra-c\/\" class=\"eael-post-elements-readmore-btn\">CONOCE SU HISTORIA <\/a><\/div>\n                    <\/div><\/div><\/div>\n        <\/div>\n    <\/article><article class=\"eael-grid-post  eael-post-grid-column eael-pg-post-43829 category-arte-cultura-guate-nuestra\" data-id=\"43829\">\n        <div class=\"eael-grid-post-holder\">\n            <div class=\"eael-grid-post-holder-inner\"><div class=\"eael-entry-media\"><div class=\"eael-entry-overlay fade-in\"><i class=\"far fa-hand-pointer\" aria-hidden=\"true\"><\/i><a href=\"https:\/\/soymigrante.com\/revista\/juan-sisay-arte-guatemalteco-maya-tzutujil-atitlan\/\"><\/a><\/div><div class=\"eael-entry-thumbnail eael-image-ratio\">\n                <img loading=\"lazy\" decoding=\"async\" width=\"485\" height=\"485\" src=\"https:\/\/soymigrante.com\/revista\/wp-content\/uploads\/2025\/09\/Juan-Sisay1-e1757021856514.jpeg\" class=\"attachment-large size-large wp-image-43830\" alt=\"Juan Sisay: el artista guatemalteco que retrat\u00f3 la identidad tz&#039;utuj&#039;il desde dentro. El artista fue asesinado en abril de 1989 despu\u00e9s de haber pintado acerca de una masacre cometida en Santiago Atitl\u00e1n durante el conflicto armado interno. (Retrato por Miguel Ch\u00e1vez)\" srcset=\"https:\/\/soymigrante.com\/revista\/wp-content\/uploads\/2025\/09\/Juan-Sisay1-e1757021856514.jpeg 485w, https:\/\/soymigrante.com\/revista\/wp-content\/uploads\/2025\/09\/Juan-Sisay1-e1757021856514-300x300.jpeg 300w, https:\/\/soymigrante.com\/revista\/wp-content\/uploads\/2025\/09\/Juan-Sisay1-e1757021856514-150x150.jpeg 150w, https:\/\/soymigrante.com\/revista\/wp-content\/uploads\/2025\/09\/Juan-Sisay1-e1757021856514-75x75.jpeg 75w\" sizes=\"(max-width: 485px) 100vw, 485px\" \/>\n            <\/div>\n        <\/div><div class=\"eael-entry-wrapper\"><header class=\"eael-entry-header\"><h2 class=\"eael-entry-title\"><a class=\"eael-grid-post-link\" href=\"https:\/\/soymigrante.com\/revista\/juan-sisay-arte-guatemalteco-maya-tzutujil-atitlan\/\" title=\"Mira arte guatemalteco: Pintor tz&#8217;utuj&#8217;il Juan Sisay origin\u00f3 la pintura popular de Atitl\u00e1n\">Mira arte guatemalteco: Pintor tz&#8217;utuj&#8217;il Juan Sisay origin\u00f3 la pintura popular de Atitl\u00e1n<\/a><\/h2><\/header><div class=\"eael-entry-content\">\n                        <div class=\"eael-grid-post-excerpt\"><a href=\"https:\/\/soymigrante.com\/revista\/juan-sisay-arte-guatemalteco-maya-tzutujil-atitlan\/\" class=\"eael-post-elements-readmore-btn\">CONOCE SU HISTORIA <\/a><\/div>\n                    <\/div><\/div><\/div>\n        <\/div>\n    <\/article><article class=\"eael-grid-post  eael-post-grid-column eael-pg-post-3568 category-guate-nuestra\" data-id=\"3568\">\n        <div class=\"eael-grid-post-holder\">\n            <div class=\"eael-grid-post-holder-inner\"><div class=\"eael-entry-media\"><div class=\"eael-entry-overlay fade-in\"><i class=\"far fa-hand-pointer\" aria-hidden=\"true\"><\/i><a href=\"https:\/\/soymigrante.com\/revista\/guatemaltequismos-que-superan-fronteras\/\"><\/a><\/div><div class=\"eael-entry-thumbnail eael-image-ratio\">\n                <img loading=\"lazy\" decoding=\"async\" width=\"1024\" height=\"768\" src=\"https:\/\/soymigrante.com\/revista\/wp-content\/uploads\/2023\/11\/20230329_113556-1024x768.webp\" class=\"attachment-large size-large wp-image-3569\" alt=\"20 palabras chapinas que no conocen fronteras\" srcset=\"https:\/\/soymigrante.com\/revista\/wp-content\/uploads\/2023\/11\/20230329_113556-1024x768.webp 1024w, https:\/\/soymigrante.com\/revista\/wp-content\/uploads\/2023\/11\/20230329_113556-300x225.webp 300w, https:\/\/soymigrante.com\/revista\/wp-content\/uploads\/2023\/11\/20230329_113556-768x576.jpg 768w, https:\/\/soymigrante.com\/revista\/wp-content\/uploads\/2023\/11\/20230329_113556-1536x1152.jpg 1536w, https:\/\/soymigrante.com\/revista\/wp-content\/uploads\/2023\/11\/20230329_113556-2048x1536.jpg 2048w, https:\/\/soymigrante.com\/revista\/wp-content\/uploads\/2023\/11\/20230329_113556-750x563.jpg 750w, https:\/\/soymigrante.com\/revista\/wp-content\/uploads\/2023\/11\/20230329_113556-1140x855.jpg 1140w, https:\/\/soymigrante.com\/revista\/wp-content\/uploads\/2023\/11\/20230329_113556-scaled.webp 1920w\" sizes=\"(max-width: 1024px) 100vw, 1024px\" \/>\n            <\/div>\n        <\/div><div class=\"eael-entry-wrapper\"><header class=\"eael-entry-header\"><h2 class=\"eael-entry-title\"><a class=\"eael-grid-post-link\" href=\"https:\/\/soymigrante.com\/revista\/guatemaltequismos-que-superan-fronteras\/\" title=\"20 palabras chapinas que no conocen fronteras\">20 palabras chapinas que no conocen fronteras<\/a><\/h2><\/header><div class=\"eael-entry-content\">\n                        <div class=\"eael-grid-post-excerpt\"><a href=\"https:\/\/soymigrante.com\/revista\/guatemaltequismos-que-superan-fronteras\/\" class=\"eael-post-elements-readmore-btn\">CONOCE SU HISTORIA <\/a><\/div>\n                    <\/div><\/div><\/div>\n        <\/div>\n    <\/article><\/div>\n            <div class=\"clearfix\"><\/div>\n        <\/div>\t\t\t\t<\/div>\n\t\t\t\t\t<\/div>\n\t\t\t\t<\/div>\n\t\t\t\t<\/div>\n\t\t","protected":false},"excerpt":{"rendered":"<p>Los nombres de lugares de Guatemala tienen etimolog\u00edas, historias, significados y detalles que forman parte de la identidad multicultural. Estos son algunos con la letra inicial K En esta serie de significados de nombres de lugares de Guatemala, hay algunos relacionados con caracter\u00edsticas geogr\u00e1ficas, t\u00e9rminos prehisp\u00e1nicos o significados intencionales colocados por autoridades a lo largo [&hellip;]<\/p>\n","protected":false},"author":1,"featured_media":53596,"comment_status":"open","ping_status":"open","sticky":false,"template":"","format":"standard","meta":{"_acf_changed":false,"_eb_attr":"","footnotes":""},"categories":[306],"tags":[305],"class_list":["post-53595","post","type-post","status-publish","format-standard","has-post-thumbnail","hentry","category-nombres-de-guatemala","tag-abc-de-nombres-de-lugares-de-guatemala"],"acf":[],"aioseo_notices":[],"aioseo_head":"\n\t\t<!-- All in One SEO Pro 4.9.6.2 - aioseo.com -->\n\t<meta name=\"description\" content=\"Estas son palabras chapinas que se van junto con los migrantes a Estados Unidos. Quiz\u00e1 lejos de su tierra, los guatemaltecos saben exactamente su significado\" \/>\n\t<meta name=\"robots\" content=\"max-snippet:-1, max-image-preview:large, max-video-preview:-1\" \/>\n\t<meta name=\"author\" content=\"Gustavo Montenegro\"\/>\n\t<link rel=\"canonical\" href=\"https:\/\/soymigrante.com\/revista\/guatemaltequismos-que-superan-fronteras\/\" \/>\n\t<meta name=\"generator\" content=\"All in One SEO Pro (AIOSEO) 4.9.6.2\" \/>\n\n\t\t<link rel=\"preconnect\" href=\"https:\/\/fonts.googleapis.com\" crossorigin>\n<link rel=\"preconnect\" href=\"https:\/\/fonts.gstatic.com\" crossorigin>\n\t\t<meta property=\"og:locale\" content=\"es_ES\" \/>\n\t\t<meta property=\"og:site_name\" content=\"SoyMigrante.com REVISTA \u2013 Nuestra misi\u00f3n es reconocer y dignificar al migrante.\" \/>\n\t\t<meta property=\"og:type\" content=\"article\" \/>\n\t\t<meta property=\"og:title\" content=\"20 palabras chapinas que no conocen fronteras\" \/>\n\t\t<meta property=\"og:description\" content=\"Estas son palabras chapinas que se van junto con los migrantes a Estados Unidos. Quiz\u00e1 lejos de su tierra, los guatemaltecos saben exactamente su significado\" \/>\n\t\t<meta property=\"og:url\" content=\"https:\/\/soymigrante.com\/revista\/guatemaltequismos-que-superan-fronteras\/\" \/>\n\t\t<meta property=\"og:image\" content=\"https:\/\/soymigrante.com\/revista\/wp-content\/uploads\/2023\/11\/20230329_113556-scaled.webp\" \/>\n\t\t<meta property=\"og:image:secure_url\" content=\"https:\/\/soymigrante.com\/revista\/wp-content\/uploads\/2023\/11\/20230329_113556-scaled.webp\" \/>\n\t\t<meta property=\"og:image:width\" content=\"1920\" \/>\n\t\t<meta property=\"og:image:height\" content=\"1440\" \/>\n\t\t<meta property=\"article:published_time\" content=\"2023-11-28T22:06:44+00:00\" \/>\n\t\t<meta property=\"article:modified_time\" content=\"2025-09-16T13:57:41+00:00\" \/>\n\t\t<meta property=\"article:publisher\" content=\"https:\/\/www.facebook.com\/soymigrantecom\" \/>\n\t\t<meta name=\"twitter:card\" content=\"summary_large_image\" \/>\n\t\t<meta name=\"twitter:site\" content=\"@SoyMigrante_com\" \/>\n\t\t<meta name=\"twitter:title\" content=\"20 palabras chapinas que no conocen fronteras\" \/>\n\t\t<meta name=\"twitter:description\" content=\"Estas son palabras chapinas que se van junto con los migrantes a Estados Unidos. Quiz\u00e1 lejos de su tierra, los guatemaltecos saben exactamente su significado\" \/>\n\t\t<meta name=\"twitter:creator\" content=\"@SoyMigrante_com\" \/>\n\t\t<meta name=\"twitter:image\" content=\"https:\/\/soymigrante.com\/revista\/wp-content\/uploads\/2023\/11\/20230329_113556-scaled.webp\" \/>\n\t\t<!-- All in One SEO Pro -->\r\n\t\t<title>20 palabras chapinas que no conocen fronteras<\/title>\n\n","aioseo_head_json":{"title":"20 palabras chapinas que no conocen fronteras","description":"Estas son palabras chapinas que se van junto con los migrantes a Estados Unidos. Quiz\u00e1 lejos de su tierra, los guatemaltecos saben exactamente su significado","canonical_url":"https:\/\/soymigrante.com\/revista\/guatemaltequismos-que-superan-fronteras\/","robots":"max-snippet:-1, max-image-preview:large, max-video-preview:-1","keywords":"","webmasterTools":{"miscellaneous":"&lt;link rel=\"preconnect\" href=\"https:\/\/fonts.googleapis.com\" crossorigin&gt;\n&lt;link rel=\"preconnect\" href=\"https:\/\/fonts.gstatic.com\" crossorigin&gt;"},"schema":null,"og:locale":"es_ES","og:site_name":"SoyMigrante.com REVISTA \u2013 Nuestra misi\u00f3n es reconocer y dignificar al migrante.","og:type":"article","og:title":"20 palabras chapinas que no conocen fronteras","og:description":"Estas son palabras chapinas que se van junto con los migrantes a Estados Unidos. Quiz\u00e1 lejos de su tierra, los guatemaltecos saben exactamente su significado","og:url":"https:\/\/soymigrante.com\/revista\/guatemaltequismos-que-superan-fronteras\/","og:image":"https:\/\/soymigrante.com\/revista\/wp-content\/uploads\/2023\/11\/20230329_113556-scaled.webp","og:image:secure_url":"https:\/\/soymigrante.com\/revista\/wp-content\/uploads\/2023\/11\/20230329_113556-scaled.webp","og:image:width":1920,"og:image:height":1440,"article:published_time":"2023-11-28T22:06:44+00:00","article:modified_time":"2025-09-16T13:57:41+00:00","article:publisher":"https:\/\/www.facebook.com\/soymigrantecom","twitter:card":"summary_large_image","twitter:site":"@SoyMigrante_com","twitter:title":"20 palabras chapinas que no conocen fronteras","twitter:description":"Estas son palabras chapinas que se van junto con los migrantes a Estados Unidos. Quiz\u00e1 lejos de su tierra, los guatemaltecos saben exactamente su significado","twitter:creator":"@SoyMigrante_com","twitter:image":"https:\/\/soymigrante.com\/revista\/wp-content\/uploads\/2023\/11\/20230329_113556-scaled.webp"},"aioseo_meta_data":{"post_id":"53595","title":"\u00bfQu\u00e9 significan nombres de lugares de Guatemala? Letra K","description":"La etimolog\u00eda de nombres de lugares de Guatemala tiene historias, significados y detalles que forman parte de la identidad multicultural. Nombres con letra K","keywords":null,"keyphrases":{"focus":{"keyphrase":"Guatemala","score":91,"analysis":{"keyphraseInTitle":{"score":9,"maxScore":9,"error":0},"keyphraseInDescription":{"score":9,"maxScore":9,"error":0},"keyphraseLength":{"score":9,"maxScore":9,"error":0,"length":1},"keyphraseInURL":{"score":5,"maxScore":5,"error":0},"keyphraseInIntroduction":{"score":9,"maxScore":9,"error":0},"keyphraseInSubHeadings":{"score":3,"maxScore":9,"error":1},"keyphraseInImageAlt":{"score":9,"maxScore":9,"error":0},"keywordDensity":{"type":"best","score":9,"maxScore":9,"error":0}}},"additional":[{"keyphrase":"Etimolog\u00eda","score":53,"analysis":{"keyphraseInDescription":{"score":9,"maxScore":9,"error":0},"keyphraseLength":{"score":9,"maxScore":9,"error":0,"length":2},"keyphraseInIntroduction":{"score":3,"maxScore":9,"error":1},"keyphraseInImageAlt":{"score":3,"maxScore":9,"error":1},"keywordDensity":{"score":0,"type":"low","maxScore":9,"error":1}}},{"keyphrase":"Lugares","score":80,"analysis":{"keyphraseInDescription":{"score":9,"maxScore":9,"error":0},"keyphraseLength":{"score":9,"maxScore":9,"error":0,"length":1},"keyphraseInIntroduction":{"score":9,"maxScore":9,"error":0},"keyphraseInImageAlt":{"score":9,"maxScore":9,"error":0},"keywordDensity":{"score":0,"type":"low","maxScore":9,"error":1}}}]},"primary_term":null,"canonical_url":null,"og_title":null,"og_description":null,"og_object_type":"default","og_image_type":"default","og_image_url":null,"og_image_width":null,"og_image_height":null,"og_image_custom_url":null,"og_image_custom_fields":null,"og_video":"","og_custom_url":null,"og_article_section":null,"og_article_tags":null,"twitter_use_og":false,"twitter_card":"default","twitter_image_type":"default","twitter_image_url":null,"twitter_image_custom_url":null,"twitter_image_custom_fields":null,"twitter_title":null,"twitter_description":null,"schema":{"blockGraphs":[],"customGraphs":[],"default":{"data":{"Article":[],"Course":[],"Dataset":[],"FAQPage":[],"Movie":[],"Person":[],"Product":[],"ProductReview":[],"Car":[],"Recipe":[],"Service":[],"SoftwareApplication":[],"WebPage":[]},"graphName":"NewsArticle","isEnabled":true},"graphs":[]},"schema_type":"default","schema_type_options":null,"pillar_content":false,"robots_default":true,"robots_noindex":false,"robots_noarchive":false,"robots_nosnippet":false,"robots_nofollow":false,"robots_noimageindex":false,"robots_noodp":false,"robots_notranslate":false,"robots_max_snippet":"-1","robots_max_videopreview":"-1","robots_max_imagepreview":"large","priority":null,"frequency":"default","local_seo":null,"seo_analyzer_scan_date":null,"breadcrumb_settings":null,"limit_modified_date":false,"reviewed_by":"0","open_ai":null,"ai":{"faqs":[],"keyPoints":[],"titles":[],"descriptions":[],"socialPosts":{"email":[],"linkedin":[],"twitter":[],"facebook":[],"instagram":[]}},"created":"2026-03-12 15:11:15","updated":"2026-04-10 15:41:02"},"aioseo_breadcrumb":"<div class=\"aioseo-breadcrumbs\"><span class=\"aioseo-breadcrumb\">\n\t<a href=\"https:\/\/soymigrante.com\/revista\" title=\"Home\">Home<\/a>\n<\/span><span class=\"aioseo-breadcrumb-separator\">\u00bb<\/span><span class=\"aioseo-breadcrumb\">\n\t<a href=\"https:\/\/soymigrante.com\/revista\/category\/guate-nuestra\/\" title=\"Guate Nuestra\">Guate Nuestra<\/a>\n<\/span><span class=\"aioseo-breadcrumb-separator\">\u00bb<\/span><span class=\"aioseo-breadcrumb\">\n\t<a href=\"https:\/\/soymigrante.com\/revista\/category\/guate-nuestra\/nombres-de-guatemala\/\" title=\"Nombres de Guatemala\">Nombres de Guatemala<\/a>\n<\/span><span class=\"aioseo-breadcrumb-separator\">\u00bb<\/span><span class=\"aioseo-breadcrumb\">\n\t\u00bfQu\u00e9 significan  nombres de lugares de Guatemala? Letra K\n<\/span><\/div>","aioseo_breadcrumb_json":[{"label":"Home","link":"https:\/\/soymigrante.com\/revista"},{"label":"Guate Nuestra","link":"https:\/\/soymigrante.com\/revista\/category\/guate-nuestra\/"},{"label":"Nombres de Guatemala","link":"https:\/\/soymigrante.com\/revista\/category\/guate-nuestra\/nombres-de-guatemala\/"},{"label":"\u00bfQu\u00e9 significan  nombres de lugares de Guatemala? Letra K","link":"https:\/\/soymigrante.com\/revista\/que-significan-nombres-de-lugares-de-guatemala-letra-k\/"}],"_links":{"self":[{"href":"https:\/\/soymigrante.com\/revista\/wp-json\/wp\/v2\/posts\/53595","targetHints":{"allow":["GET"]}}],"collection":[{"href":"https:\/\/soymigrante.com\/revista\/wp-json\/wp\/v2\/posts"}],"about":[{"href":"https:\/\/soymigrante.com\/revista\/wp-json\/wp\/v2\/types\/post"}],"author":[{"embeddable":true,"href":"https:\/\/soymigrante.com\/revista\/wp-json\/wp\/v2\/users\/1"}],"replies":[{"embeddable":true,"href":"https:\/\/soymigrante.com\/revista\/wp-json\/wp\/v2\/comments?post=53595"}],"version-history":[{"count":5,"href":"https:\/\/soymigrante.com\/revista\/wp-json\/wp\/v2\/posts\/53595\/revisions"}],"predecessor-version":[{"id":53602,"href":"https:\/\/soymigrante.com\/revista\/wp-json\/wp\/v2\/posts\/53595\/revisions\/53602"}],"wp:featuredmedia":[{"embeddable":true,"href":"https:\/\/soymigrante.com\/revista\/wp-json\/wp\/v2\/media\/53596"}],"wp:attachment":[{"href":"https:\/\/soymigrante.com\/revista\/wp-json\/wp\/v2\/media?parent=53595"}],"wp:term":[{"taxonomy":"category","embeddable":true,"href":"https:\/\/soymigrante.com\/revista\/wp-json\/wp\/v2\/categories?post=53595"},{"taxonomy":"post_tag","embeddable":true,"href":"https:\/\/soymigrante.com\/revista\/wp-json\/wp\/v2\/tags?post=53595"}],"curies":[{"name":"wp","href":"https:\/\/api.w.org\/{rel}","templated":true}]}}