{"id":53550,"date":"2026-03-11T13:36:47","date_gmt":"2026-03-11T19:36:47","guid":{"rendered":"https:\/\/soymigrante.com\/revista\/?p=53550"},"modified":"2026-03-11T13:37:17","modified_gmt":"2026-03-11T19:37:17","slug":"la-guatemalteca-karen-rodriguez-impulsa-el-rescate-de-los-suelos-y-la-alimentacion-desde-california-hasta-atitlan","status":"publish","type":"post","link":"https:\/\/soymigrante.com\/revista\/la-guatemalteca-karen-rodriguez-impulsa-el-rescate-de-los-suelos-y-la-alimentacion-desde-california-hasta-atitlan\/","title":{"rendered":"La guatemalteca Karen Rodr\u00edguez impulsa el rescate de los suelos y la alimentaci\u00f3n desde California hasta Atitl\u00e1n"},"content":{"rendered":"\t\t<div data-elementor-type=\"wp-post\" data-elementor-id=\"53550\" class=\"elementor elementor-53550\" data-elementor-post-type=\"post\">\n\t\t\t\t<div data-particle_enable=\"false\" data-particle-mobile-disabled=\"false\" class=\"elementor-element elementor-element-c18601b e-flex e-con-boxed e-con e-parent\" data-id=\"c18601b\" data-element_type=\"container\" data-e-type=\"container\">\n\t\t\t\t\t<div class=\"e-con-inner\">\n\t\t\t\t<div class=\"elementor-element elementor-element-ad58cdc elementor-widget elementor-widget-heading\" data-id=\"ad58cdc\" data-element_type=\"widget\" data-e-type=\"widget\" data-widget_type=\"heading.default\">\n\t\t\t\t\t<h3 class=\"elementor-heading-title elementor-size-default\">Karen Daniela Rodr\u00edguez forma parte de la directiva de Kiss the ground, iniciativa que impulsa la agricultura sostenible y regenerativa: vive en California pero tambi\u00e9n pasa temporadas muy cerca del lago m\u00e1s hermoso del mundo.<\/h3>\t\t\t\t<\/div>\n\t\t\t\t\t<\/div>\n\t\t\t\t<\/div>\n\t\t<div data-particle_enable=\"false\" data-particle-mobile-disabled=\"false\" class=\"elementor-element elementor-element-e850731 e-flex e-con-boxed e-con e-parent\" data-id=\"e850731\" data-element_type=\"container\" data-e-type=\"container\">\n\t\t\t\t\t<div class=\"e-con-inner\">\n\t\t\t\t<div class=\"elementor-element elementor-element-57214d3 elementor-widget elementor-widget-text-editor\" data-id=\"57214d3\" data-element_type=\"widget\" data-e-type=\"widget\" data-widget_type=\"text-editor.default\">\n\t\t\t\t\t\t\t\t\t<p><span style=\"color: #7a7a7a;\">La historia de Karen Daniela Rodr\u00edguez comienza con un viaje que apenas recuerda. Como muchos ni\u00f1os migrantes, su vida qued\u00f3 marcada desde muy temprano por el movimiento entre pa\u00edses.<\/span><\/p><p>\u201cLlegu\u00e9 en 1983\u2026 ten\u00eda como un a\u00f1o y medio. Mi mam\u00e1 me llev\u00f3 muy peque\u00f1a, no se quiso separar de m\u00ed. Ella sali\u00f3 de aqu\u00ed, de la capital de <a href=\"https:\/\/soymigrante.com\/revista\/tag\/capitales-de-guatemala\/\">Guatemala<\/a>\u201d, recuerda, en entrevista desde Atitl\u00e1n, donde reside por temporadas para despu\u00e9s volver a California.\u00a0<\/p><p>La infancia de Karen transcurri\u00f3 en Estados Unidos, pero los primeros a\u00f1os estuvieron marcados por una <a href=\"https:\/\/soymigrante.com\/revista\/dificultades-nunca-faltan-pero-aqui-hay-claves-para-enfrentarlas\/\">experiencia dif\u00edcil<\/a>, de enfermedad \u201cEstuve en el hospital por muchos a\u00f1os\u2026 me trataron desde los dos a\u00f1os hasta los doce\u201d, cuenta. Durante mucho tiempo los m\u00e9dicos no lograban entender la causa. &#8220;Finalmente descubrieron que se trataba de leucemia&#8221;.\u00a0<\/p>\t\t\t\t\t\t\t\t<\/div>\n\t\t\t\t\t<\/div>\n\t\t\t\t<\/div>\n\t\t<div data-particle_enable=\"false\" data-particle-mobile-disabled=\"false\" class=\"elementor-element elementor-element-b58974c e-flex e-con-boxed e-con e-parent\" data-id=\"b58974c\" data-element_type=\"container\" data-e-type=\"container\">\n\t\t\t\t\t<div class=\"e-con-inner\">\n\t\t\t\t<div class=\"elementor-element elementor-element-8763039 elementor-widget elementor-widget-image\" data-id=\"8763039\" data-element_type=\"widget\" data-e-type=\"widget\" data-widget_type=\"image.default\">\n\t\t\t\t\t\t\t\t\t\t\t\t<figure class=\"wp-caption\">\n\t\t\t\t\t\t\t\t\t\t<img fetchpriority=\"high\" decoding=\"async\" width=\"800\" height=\"533\" src=\"https:\/\/soymigrante.com\/revista\/wp-content\/uploads\/2026\/03\/karen-daniela-rodriguez.jpg\" class=\"attachment-large size-large wp-image-53556\" alt=\"Karen Daniela Rodr\u00edguez, nacida en Guatemala y criada en California, es Chief Operations Officer (Oficial en jefe de operaciones) de la organizaci\u00f3n Kiss the ground, que impulsa la agricultura regenerativa y la relaci\u00f3n arm\u00f3nica entre comunidades y el entorno natural. Vive por temporadas en Santiago Atitl\u00e1n en donde tambi\u00e9n impulsa la conservaci\u00f3n natural. (Foto Kiss the Ground)\" srcset=\"https:\/\/soymigrante.com\/revista\/wp-content\/uploads\/2026\/03\/karen-daniela-rodriguez.jpg 800w, https:\/\/soymigrante.com\/revista\/wp-content\/uploads\/2026\/03\/karen-daniela-rodriguez-300x200.jpg 300w, https:\/\/soymigrante.com\/revista\/wp-content\/uploads\/2026\/03\/karen-daniela-rodriguez-768x512.jpg 768w, https:\/\/soymigrante.com\/revista\/wp-content\/uploads\/2026\/03\/karen-daniela-rodriguez-750x500.jpg 750w\" sizes=\"(max-width: 800px) 100vw, 800px\" title=\"Karen Daniela Rodr\u00edguez, nacida en Guatemala y criada en California, es Chief Operations Officer (Oficial en jefe de operaciones) de la organizaci\u00f3n Kiss the ground, que impulsa la agricultura regenerativa y la relaci\u00f3n arm\u00f3nica entre comunidades y el entorno natural.  Vive por temporadas en Santiago Atitl\u00e1n en donde tambi\u00e9n impulsa la conservaci\u00f3n natural. (Foto Kiss the Ground) \u2013 SoyMigrante.com REVISTA\" \/>\t\t\t\t\t\t\t\t\t\t\t<figcaption class=\"widget-image-caption wp-caption-text\">Karen Daniela Rodr\u00edguez, nacida en Guatemala y criada en California, es Chief Operations Officer (Oficial en jefe de operaciones) de la organizaci\u00f3n Kiss the ground, que impulsa la agricultura regenerativa y la relaci\u00f3n arm\u00f3nica entre comunidades y el entorno natural.  Vive por temporadas en Santiago Atitl\u00e1n en donde tambi\u00e9n impulsa la conservaci\u00f3n natural. (Foto Kiss the Ground)<\/figcaption>\n\t\t\t\t\t\t\t\t\t\t<\/figure>\n\t\t\t\t\t\t\t\t\t<\/div>\n\t\t\t\t\t<\/div>\n\t\t\t\t<\/div>\n\t\t<div data-particle_enable=\"false\" data-particle-mobile-disabled=\"false\" class=\"elementor-element elementor-element-a2453d7 e-flex e-con-boxed e-con e-parent\" data-id=\"a2453d7\" data-element_type=\"container\" data-e-type=\"container\">\n\t\t\t\t\t<div class=\"e-con-inner\">\n\t\t\t\t<div class=\"elementor-element elementor-element-fce7d7a elementor-widget elementor-widget-text-editor\" data-id=\"fce7d7a\" data-element_type=\"widget\" data-e-type=\"widget\" data-widget_type=\"text-editor.default\">\n\t\t\t\t\t\t\t\t\t<p><span style=\"color: #000000; font-family: Mulish, sans-serif; font-size: 29px; font-weight: bold;\">Sanando, creciendo, aprendiendo\u00a0<\/span><\/p><p>Mirando hacia atr\u00e1s, Karen entiende que aquel desaf\u00edo de <a href=\"https:\/\/soymigrante.com\/revista\/tag\/salud-fisica\/\">salud <\/a>a temprana edad despert\u00f3 muy temprano una inquietud profunda. \u201cEso me hizo preguntarme muy r\u00e1pido qu\u00e9 quiere decir salud\u2026 qu\u00e9 significa realmente estar sano\u201d.<\/p><p>Creci\u00f3 en Estados Unidos construyendo su vida entre culturas, idiomas y experiencias distintas. Sin embargo, esa pregunta fundamental sobre la <a href=\"https:\/\/soymigrante.com\/revista\/tag\/salud-fisica\/\">salud<\/a> y la vida sigui\u00f3 acompa\u00f1\u00e1ndola durante a\u00f1os.<\/p><p>La respuesta, curiosamente, no aparecer\u00eda en un hospital ni en un laboratorio. Llegar\u00eda mucho despu\u00e9s. &#8220;Empec\u00e9 a observar algo que la mayor\u00eda de las personas nunca mira con atenci\u00f3n: el suelo. Porque de \u00e9l vienen los alimentos, los vegetales, los minerales, los nutrientes&#8221;.\u00a0 Y si su paso de la ni\u00f1ez a la adultez fue sanar, crecer y aprender&#8230; en los siguientes a\u00f1os su acci\u00f3n a favor de la tierra transform\u00f3 su ciclo en <b>aprender, crecer y sanar.<\/b><\/p>\t\t\t\t\t\t\t\t<\/div>\n\t\t\t\t\t<\/div>\n\t\t\t\t<\/div>\n\t\t<div data-particle_enable=\"false\" data-particle-mobile-disabled=\"false\" class=\"elementor-element elementor-element-eb90dad e-flex e-con-boxed e-con e-parent\" data-id=\"eb90dad\" data-element_type=\"container\" data-e-type=\"container\">\n\t\t\t\t\t<div class=\"e-con-inner\">\n\t\t\t\t<div class=\"elementor-element elementor-element-bed24bc elementor-widget elementor-widget-html\" data-id=\"bed24bc\" data-element_type=\"widget\" data-e-type=\"widget\" data-widget_type=\"html.default\">\n\t\t\t\t\t<iframe width=\"560\" height=\"315\" src=\"https:\/\/www.youtube.com\/embed\/8tJZPFLePlg?si=xeCMxzE5HPEzPwCB\" title=\"YouTube video player\" frameborder=\"0\" allow=\"accelerometer; autoplay; clipboard-write; encrypted-media; gyroscope; picture-in-picture; web-share\" referrerpolicy=\"strict-origin-when-cross-origin\" allowfullscreen><\/iframe>\t\t\t\t<\/div>\n\t\t\t\t\t<\/div>\n\t\t\t\t<\/div>\n\t\t<div data-particle_enable=\"false\" data-particle-mobile-disabled=\"false\" class=\"elementor-element elementor-element-dc0cbee e-flex e-con-boxed e-con e-parent\" data-id=\"dc0cbee\" data-element_type=\"container\" data-e-type=\"container\">\n\t\t\t\t\t<div class=\"e-con-inner\">\n\t\t\t\t<div class=\"elementor-element elementor-element-bfb3029 elementor-widget elementor-widget-text-editor\" data-id=\"bfb3029\" data-element_type=\"widget\" data-e-type=\"widget\" data-widget_type=\"text-editor.default\">\n\t\t\t\t\t\t\t\t\t<p><span style=\"color: #000000; font-family: Mulish, sans-serif; font-size: 29px; font-weight: bold;\">El suelo: un universo bajo nuestros pies<\/span><\/p><p>Cuando ten\u00eda 20 a\u00f1os, Karen comenz\u00f3 a trabajar en restaurantes especializados en gastronom\u00eda consciente y org\u00e1nica en California. Aquella experiencia le permiti\u00f3 comprender mejor el sistema alimentario.<\/p><p>\u201cPara que una sola persona tenga comida en su plato, participan como diecis\u00e9is personas en toda la cadena\u201d, explica. Agricultores, transportistas, <a href=\"https:\/\/soymigrante.com\/revista\/acciones-antimigrantes-afectaran-economia-y-suministro-de-alimentos-senala-estudio-de-harvard\/\">productores <\/a>y cocineros forman parte de un proceso complejo que hace posible algo cotidiano: comer.<\/p><p>Pero durante mucho tiempo hab\u00eda una pieza fundamental que casi nadie mencionaba. \u201cYo hab\u00eda trabajado en casi todos los pasos de la comida\u2026 pero nunca hab\u00eda mirado realmente al suelo, su valor clave\u201d, dice.<\/p><p>Ese descubrimiento cambiar\u00eda su perspectiva para siempre. Cuando comenz\u00f3 a estudiar c\u00f3mo funciona la tierra agr\u00edcola, Karen descubri\u00f3 un universo invisible lleno de vida. \u201cEl suelo est\u00e1 dise\u00f1ado para la nutrici\u00f3n, para la abundancia, pero a menudo se le trata mal\u201d, explica.<\/p><p>Debajo de nuestros pies existe un sistema complejo de microorganismos, bacterias y hongos que permiten que crezcan las plantas y que los ecosistemas se mantengan saludables. \u201cEl suelo tiene microorganismos, tiene az\u00facares, tiene hongos\u2026 tiene ciclos completos de vida\u201d, afirma.<\/p><p>Esa comprensi\u00f3n la llev\u00f3 a involucrarse en proyectos comunitarios de regeneraci\u00f3n de suelos en <a href=\"https:\/\/soymigrante.com\/revista\/dia-del-guatemalteco-en-los-angeles-conoce-a-los-homenajeados-2025\/\">Los \u00c1ngeles.<\/a><\/p>\t\t\t\t\t\t\t\t<\/div>\n\t\t\t\t\t<\/div>\n\t\t\t\t<\/div>\n\t\t<div data-particle_enable=\"false\" data-particle-mobile-disabled=\"false\" class=\"elementor-element elementor-element-842404b e-flex e-con-boxed e-con e-parent\" data-id=\"842404b\" data-element_type=\"container\" data-e-type=\"container\">\n\t\t\t\t\t<div class=\"e-con-inner\">\n\t\t\t\t<div class=\"elementor-element elementor-element-432b6d5 elementor-widget elementor-widget-image\" data-id=\"432b6d5\" data-element_type=\"widget\" data-e-type=\"widget\" data-widget_type=\"image.default\">\n\t\t\t\t\t\t\t\t\t\t\t\t<figure class=\"wp-caption\">\n\t\t\t\t\t\t\t\t\t\t<img decoding=\"async\" width=\"1024\" height=\"1024\" src=\"https:\/\/soymigrante.com\/revista\/wp-content\/uploads\/2026\/03\/karen-daniela-rodriguez.png\" class=\"attachment-large size-large wp-image-53557\" alt=\"&quot;Las culturas ind\u00edgenas me inspiran m\u00e1s que nada en mi trabajo. Durante siglos han guiado a sus comunidades con reverencia por la semilla, el alimento, la tierra y la unidad de su pueblo para vivir y vivir con lo suficiente para todos. En cuanto a l\u00edderes del movimiento, hay dos en particular: el trabajo de Dolores Huerta por la dignidad de los trabajadores agr\u00edcolas y sus condiciones laborales me conmovi\u00f3 profundamente cuando estaba creciendo. Y la Dra. Vandana Shiva, cuyo trabajo contra la corrupci\u00f3n en el sector alimentario y en defensa de las semillas me mostr\u00f3 nuestro poder y nuestra capacidad de elegir c\u00f3mo participamos en los sistemas que tenemos&quot;: Karen Daniela Rodr\u00edguez, directiva de Kiss the Ground. Ilustraci\u00f3n elaborada con IA a partir de una foto de una conferencia de Karen Rodr\u00edguez.\" srcset=\"https:\/\/soymigrante.com\/revista\/wp-content\/uploads\/2026\/03\/karen-daniela-rodriguez.png 1024w, https:\/\/soymigrante.com\/revista\/wp-content\/uploads\/2026\/03\/karen-daniela-rodriguez-300x300.png 300w, https:\/\/soymigrante.com\/revista\/wp-content\/uploads\/2026\/03\/karen-daniela-rodriguez-150x150.png 150w, https:\/\/soymigrante.com\/revista\/wp-content\/uploads\/2026\/03\/karen-daniela-rodriguez-768x768.png 768w, https:\/\/soymigrante.com\/revista\/wp-content\/uploads\/2026\/03\/karen-daniela-rodriguez-75x75.png 75w, https:\/\/soymigrante.com\/revista\/wp-content\/uploads\/2026\/03\/karen-daniela-rodriguez-750x750.png 750w\" sizes=\"(max-width: 1024px) 100vw, 1024px\" title=\"&quot;Las culturas ind\u00edgenas me inspiran m\u00e1s que nada en mi trabajo. Durante siglos han guiado a sus comunidades con reverencia por la semilla, el alimento, la tierra y la unidad de su pueblo para vivir y vivir con lo suficiente para todos. En cuanto a l\u00edderes del movimiento, hay dos en particular: el trabajo de Dolores Huerta por la dignidad de los trabajadores agr\u00edcolas y sus condiciones laborales me conmovi\u00f3 profundamente cuando estaba creciendo. Y la Dra. Vandana Shiva, cuyo trabajo contra la corrupci\u00f3n en el sector alimentario y en defensa de las semillas me mostr\u00f3 nuestro poder y nuestra capacidad de elegir c\u00f3mo participamos en los sistemas que tenemos&quot;: Karen Daniela Rodr\u00edguez, directiva de Kiss the Ground. Ilustraci\u00f3n elaborada con IA a partir de una foto de una conferencia de Karen Rodr\u00edguez. \u2013 SoyMigrante.com REVISTA\" \/>\t\t\t\t\t\t\t\t\t\t\t<figcaption class=\"widget-image-caption wp-caption-text\">\"Las culturas ind\u00edgenas me inspiran m\u00e1s que nada en mi trabajo. Durante siglos han guiado a sus comunidades con reverencia por la semilla, el alimento, la tierra y la unidad de su pueblo para vivir y vivir con lo suficiente para todos\": Karen Daniela Rodr\u00edguez, migrante guatemalteca, directiva de Kiss the Ground. Ilustraci\u00f3n elaborada con IA a partir de una foto de una conferencia de Karen Rodr\u00edguez.<\/figcaption>\n\t\t\t\t\t\t\t\t\t\t<\/figure>\n\t\t\t\t\t\t\t\t\t<\/div>\n\t\t\t\t\t<\/div>\n\t\t\t\t<\/div>\n\t\t<div data-particle_enable=\"false\" data-particle-mobile-disabled=\"false\" class=\"elementor-element elementor-element-98937a7 e-flex e-con-boxed e-con e-parent\" data-id=\"98937a7\" data-element_type=\"container\" data-e-type=\"container\">\n\t\t\t\t\t<div class=\"e-con-inner\">\n\t\t\t\t<div class=\"elementor-element elementor-element-af5e965 elementor-widget elementor-widget-text-editor\" data-id=\"af5e965\" data-element_type=\"widget\" data-e-type=\"widget\" data-widget_type=\"text-editor.default\">\n\t\t\t\t\t\t\t\t\t<p><span style=\"color: #000000; font-family: Mulish, sans-serif; font-size: 29px; font-weight: bold;\">Cuando la tierra tambi\u00e9n puede sanar<\/span><\/p><p>Uno de esos proyectos ocurri\u00f3 en un peque\u00f1o terreno urbano. Cuando analizaron el suelo por primera vez descubrieron que estaba contaminado con plomo, un problema com\u00fan en muchas ciudades estadounidenses.\u00a0 Pero en lugar de desalojar el lugar, decidieron iniciar un proceso de regeneraci\u00f3n. \u201cEmpezamos a sembrar girasoles y otras plantas que ayudan a sacar las toxinas del suelo\u201d, recuerda.<\/p><p>Durante cinco a\u00f1os trabajaron en ese peque\u00f1o jard\u00edn urbano. Lo que ocurri\u00f3 fue m\u00e1s all\u00e1 de lo agr\u00edcola. \u201cLa regeneraci\u00f3n del suelo hizo que la comunidad tambi\u00e9n se regenerara\u201d, dice. Y as\u00ed de esas experiencias y conversaciones naci\u00f3 una organizaci\u00f3n que hoy tiene impacto internacional: <a href=\"https:\/\/kisstheground.com\/\" target=\"_blank\" rel=\"noopener\">Kiss the Ground<\/a>, dedicada a promover pr\u00e1cticas de agricultura regenerativa.<\/p><p>El nombre surgi\u00f3 de un verso del poeta suf\u00ed <a href=\"https:\/\/es.wikipedia.org\/wiki\/Rumi\" target=\"_blank\" rel=\"noopener\">Rumi<\/a>. <b>\u201cHay mil maneras de arrodillarse y besar la tierra\u201d<\/b>, recuerda Karen. Cuando escucharon esa frase, supieron que resum\u00eda perfectamente la filosof\u00eda del movimiento.<\/p><h3>Contar una nueva historia sobre la tierra<\/h3><p>Desde entonces, Karen ha dedicado m\u00e1s de una d\u00e9cada a explicar por qu\u00e9 el suelo es fundamental para el futuro del planeta. Tambi\u00e9n en Guatemala. Su trabajo consiste en traducir ciencia compleja a un lenguaje accesible para comunidades, agricultores y consumidores.<\/p><p>\u201cNuestro trabajo es encontrar nuevas formas de contar la historia del suelo\u201d, explica. Seg\u00fan dice, muchas personas solo ven el valor econ\u00f3mico inmediato de la tierra. \u201cMuchas veces la gente solo ve el valor econ\u00f3mico inmediato de la tierra\u2026 pero no ve todo el sistema de vida que existe all\u00ed\u201d.<\/p>\t\t\t\t\t\t\t\t<\/div>\n\t\t\t\t\t<\/div>\n\t\t\t\t<\/div>\n\t\t<div data-particle_enable=\"false\" data-particle-mobile-disabled=\"false\" class=\"elementor-element elementor-element-ba74d6c e-flex e-con-boxed e-con e-parent\" data-id=\"ba74d6c\" data-element_type=\"container\" data-e-type=\"container\">\n\t\t\t\t\t<div class=\"e-con-inner\">\n\t\t\t\t<div class=\"elementor-element elementor-element-8539e64 elementor-widget elementor-widget-facebook-page\" data-id=\"8539e64\" data-element_type=\"widget\" data-e-type=\"widget\" data-widget_type=\"facebook-page.default\">\n\t\t\t\t\t<div class=\"elementor-facebook-widget fb-page\" data-href=\"https:\/\/www.facebook.com\/kissthegroundCA\" data-tabs=\"timeline\" data-height=\"619px\" data-width=\"500px\" data-small-header=\"false\" data-hide-cover=\"false\" data-show-facepile=\"true\" data-hide-cta=\"false\" style=\"min-height: 1px;height:619px\"><\/div>\t\t\t\t<\/div>\n\t\t\t\t\t<\/div>\n\t\t\t\t<\/div>\n\t\t<div data-particle_enable=\"false\" data-particle-mobile-disabled=\"false\" class=\"elementor-element elementor-element-b50e454 e-flex e-con-boxed e-con e-parent\" data-id=\"b50e454\" data-element_type=\"container\" data-e-type=\"container\">\n\t\t\t\t\t<div class=\"e-con-inner\">\n\t\t\t\t<div class=\"elementor-element elementor-element-85e87ae elementor-widget elementor-widget-text-editor\" data-id=\"85e87ae\" data-element_type=\"widget\" data-e-type=\"widget\" data-widget_type=\"text-editor.default\">\n\t\t\t\t\t\t\t\t\t<p><span style=\"color: #000000; font-family: Mulish, sans-serif; font-size: 29px; font-weight: bold;\">Volver a Guatemala con otra mirada<\/span><\/p><p>Hoy Karen divide su tiempo entre Estados Unidos y Guatemala. En el pa\u00eds pasa temporadas cerca del <a href=\"https:\/\/es.wikipedia.org\/wiki\/Lago_de_Atitl%C3%A1n\" target=\"_blank\" rel=\"noopener\">Lago de Atitl\u00e1n<\/a>, uno de los paisajes naturales m\u00e1s emblem\u00e1ticos del pa\u00eds y de toda Centro Am\u00e9rica.<\/p><p>\u201c<a href=\"https:\/\/soymigrante.com\/revista\/santiago-atitlan-es-otro-de-los-pueblos-alrededor-del-lago-mas-bello-del-mundo\/?gad_source=1&amp;gad_campaignid=23438501953&amp;gbraid=0AAAABChbSI29dKp3HP5On_Oz79SvFvFx4&amp;gclid=CjwKCAjwpcTNBhA5EiwAdO1S9j5ns4Q3REErEgUV8-3Uyc3IK9_ti5FhT-49LG_81Nlk-uQnsHaXLBoCi_UQAvD_BwE\">Santiago Atitl\u00e1n<\/a> tiene una energ\u00eda muy especial\u2026 casi se siente como un portal en el tiempo\u201d, dice.<\/p><p>Cuando comparte su trabajo sobre regeneraci\u00f3n de suelos en comunidades guatemaltecas, suele recordar que muchas de estas pr\u00e1cticas tienen ra\u00edces muy antiguas. \u201cCuando aqu\u00ed me dicen \u2018t\u00fa eres Kiss the Ground\u2019, me confunde un poco\u2026 ustedes son pueblos mayas, ustedes ya saben todo esto\u201d.<\/p><h3>Una misi\u00f3n que apenas comienza<\/h3><p>La historia de Karen Rodr\u00edguez es la de una migrante que encontr\u00f3 su vocaci\u00f3n en algo que casi nadie observa: el suelo.<\/p><p>Hoy su trabajo forma parte de un movimiento global que busca restaurar los sistemas naturales que sostienen la vida. \u201cEs un milagro que estemos aqu\u00ed\u2026 es un milagro que esa peque\u00f1a capa de suelo pueda sostener toda la vida\u201d.<\/p><p>Desde California hasta Guatemala, su mensaje es simple pero profundo: cuidar la tierra es cuidar nuestro propio futuro.<\/p>\t\t\t\t\t\t\t\t<\/div>\n\t\t\t\t\t<\/div>\n\t\t\t\t<\/div>\n\t\t<div data-particle_enable=\"false\" data-particle-mobile-disabled=\"false\" class=\"elementor-element elementor-element-2a6a0a6 e-flex e-con-boxed e-con e-parent\" data-id=\"2a6a0a6\" data-element_type=\"container\" data-e-type=\"container\">\n\t\t\t\t\t<div class=\"e-con-inner\">\n\t\t\t\t<div class=\"elementor-element elementor-element-fa3c6e9 elementor-widget elementor-widget-image\" data-id=\"fa3c6e9\" data-element_type=\"widget\" data-e-type=\"widget\" data-widget_type=\"image.default\">\n\t\t\t\t\t\t\t\t\t\t\t\t<figure class=\"wp-caption\">\n\t\t\t\t\t\t\t\t\t\t<img decoding=\"async\" width=\"1140\" height=\"760\" src=\"https:\/\/soymigrante.com\/revista\/wp-content\/uploads\/2026\/03\/ChatGPT-Image-11-mar-2026-12_04_15-pm-1140x760.png\" class=\"attachment-large size-large wp-image-53558\" alt=\"El gran sue\u00f1o de Karen Rodr\u00edguez y el de quienes integran Kiss the ground es una agricultura sostenible que permita una nutrici\u00f3n saludable para todos los habitantes. &quot;Mi reverencia por la vida es la raz\u00f3n por la que hago este trabajo, y la posibilidad de otro d\u00eda en el que esas cosas puedan suceder \u2014y muchas otras cosas hermosas, dolorosas o incluso aburridas\u2014, as\u00ed como la posibilidad de regeneraci\u00f3n para nuestra humanidad y nuestros sistemas, es lo que me hace levantarme cada d\u00eda&quot;. expresa. Ilustraci\u00f3n IA a partir de un retrato de Karen Rodr\u00edguez.\" srcset=\"https:\/\/soymigrante.com\/revista\/wp-content\/uploads\/2026\/03\/ChatGPT-Image-11-mar-2026-12_04_15-pm-1140x760.png 1140w, https:\/\/soymigrante.com\/revista\/wp-content\/uploads\/2026\/03\/ChatGPT-Image-11-mar-2026-12_04_15-pm-300x200.png 300w, https:\/\/soymigrante.com\/revista\/wp-content\/uploads\/2026\/03\/ChatGPT-Image-11-mar-2026-12_04_15-pm-768x512.png 768w, https:\/\/soymigrante.com\/revista\/wp-content\/uploads\/2026\/03\/ChatGPT-Image-11-mar-2026-12_04_15-pm-750x500.png 750w, https:\/\/soymigrante.com\/revista\/wp-content\/uploads\/2026\/03\/ChatGPT-Image-11-mar-2026-12_04_15-pm.png 1536w\" sizes=\"(max-width: 1140px) 100vw, 1140px\" title=\"El gran sue\u00f1o de Karen Rodr\u00edguez y el de quienes integran Kiss the ground es una agricultura sostenible que permita una nutrici\u00f3n saludable para todos los habitantes. &quot;Mi reverencia por la vida es la raz\u00f3n por la que hago este trabajo, y la posibilidad de otro d\u00eda en el que esas cosas puedan suceder \u2014y muchas otras cosas hermosas, dolorosas o incluso aburridas\u2014, as\u00ed como la posibilidad de regeneraci\u00f3n para nuestra humanidad y nuestros sistemas, es lo que me hace levantarme cada d\u00eda&quot;. expresa. Ilustraci\u00f3n IA a partir de un retrato de Karen Rodr\u00edguez. \u2013 SoyMigrante.com REVISTA\" \/>\t\t\t\t\t\t\t\t\t\t\t<figcaption class=\"widget-image-caption wp-caption-text\">El gran sue\u00f1o de Karen Rodr\u00edguez y el de quienes integran Kiss the ground es una agricultura sostenible que permita una nutrici\u00f3n saludable para todos los habitantes. \"Mi reverencia por la vida es la raz\u00f3n por la que hago este trabajo, y la posibilidad de otro d\u00eda en el que esas cosas puedan suceder \u2014y muchas otras cosas hermosas, dolorosas o incluso aburridas\u2014, as\u00ed como la posibilidad de regeneraci\u00f3n para nuestra humanidad y nuestros sistemas, es lo que me hace levantarme cada d\u00eda\". expresa. Ilustraci\u00f3n IA a partir de un retrato de Karen Rodr\u00edguez.<\/figcaption>\n\t\t\t\t\t\t\t\t\t\t<\/figure>\n\t\t\t\t\t\t\t\t\t<\/div>\n\t\t\t\t\t<\/div>\n\t\t\t\t<\/div>\n\t\t<div data-particle_enable=\"false\" data-particle-mobile-disabled=\"false\" class=\"elementor-element elementor-element-65ef266 e-flex e-con-boxed e-con e-parent\" data-id=\"65ef266\" data-element_type=\"container\" data-e-type=\"container\">\n\t\t\t\t\t<div class=\"e-con-inner\">\n\t\t\t\t<div class=\"elementor-element elementor-element-53c0c25 elementor-widget elementor-widget-global elementor-global-52097 elementor-widget-heading\" data-id=\"53c0c25\" data-element_type=\"widget\" data-e-type=\"widget\" data-widget_type=\"heading.default\">\n\t\t\t\t\t<h2 class=\"elementor-heading-title elementor-size-default\">Quiz\u00e1 tambi\u00e9n te podr\u00eda interesar<\/h2>\t\t\t\t<\/div>\n\t\t\t\t\t<\/div>\n\t\t\t\t<\/div>\n\t\t<div data-particle_enable=\"false\" data-particle-mobile-disabled=\"false\" class=\"elementor-element elementor-element-0605e90 e-flex e-con-boxed e-con e-parent\" data-id=\"0605e90\" data-element_type=\"container\" data-e-type=\"container\">\n\t\t\t\t\t<div class=\"e-con-inner\">\n\t\t\t\t<div class=\"elementor-element elementor-element-a40be80 elementor-grid-eael-col-3 elementor-grid-tablet-eael-col-2 elementor-grid-mobile-eael-col-1 elementor-widget elementor-widget-eael-post-grid\" data-id=\"a40be80\" data-element_type=\"widget\" data-e-type=\"widget\" data-settings=\"{&quot;eael_post_grid_columns&quot;:&quot;eael-col-3&quot;,&quot;eael_post_grid_columns_tablet&quot;:&quot;eael-col-2&quot;,&quot;eael_post_grid_columns_mobile&quot;:&quot;eael-col-1&quot;}\" data-widget_type=\"eael-post-grid.default\">\n\t\t\t\t\t<div id=\"eael-post-grid-a40be80\" class=\"eael-post-grid-container\">\n            <div class=\"eael-post-grid eael-post-appender eael-post-appender-a40be80 eael-post-grid-style-one\" data-layout-mode=\"masonry\"><article class=\"eael-grid-post  eael-post-grid-column eael-pg-post-53167 category-estamos-unidos\" data-id=\"53167\">\n        <div class=\"eael-grid-post-holder\">\n            <div class=\"eael-grid-post-holder-inner\"><div class=\"eael-entry-media\"><div class=\"eael-entry-overlay fade-in\"><i class=\"far fa-hand-pointer\" aria-hidden=\"true\"><\/i><a href=\"https:\/\/soymigrante.com\/revista\/el-sueno-guatemalteco-de-gloria-florece-en-san-jose-poaquil-con-huevos-cafe-y-una-familia-reunida\/\"><\/a><\/div><div class=\"eael-entry-thumbnail eael-image-ratio\">\n                <img loading=\"lazy\" decoding=\"async\" width=\"1024\" height=\"1024\" src=\"https:\/\/soymigrante.com\/revista\/wp-content\/uploads\/2026\/03\/emprendedora-gloria-gonzalez-jorge-san-jose-poaquil-chimaltenango-cria-gallinas-cultiva-cafe-su-esposo-fue-migrante-57-1024x1024.jpeg\" class=\"attachment-large size-large wp-image-53168\" alt=\"emprendedora gloria gonzalez jorge san jose poaquil chimaltenango cria gallinas cultiva cafe su esposo fue migrante 57\" srcset=\"https:\/\/soymigrante.com\/revista\/wp-content\/uploads\/2026\/03\/emprendedora-gloria-gonzalez-jorge-san-jose-poaquil-chimaltenango-cria-gallinas-cultiva-cafe-su-esposo-fue-migrante-57-1024x1024.jpeg 1024w, https:\/\/soymigrante.com\/revista\/wp-content\/uploads\/2026\/03\/emprendedora-gloria-gonzalez-jorge-san-jose-poaquil-chimaltenango-cria-gallinas-cultiva-cafe-su-esposo-fue-migrante-57-300x300.jpeg 300w, https:\/\/soymigrante.com\/revista\/wp-content\/uploads\/2026\/03\/emprendedora-gloria-gonzalez-jorge-san-jose-poaquil-chimaltenango-cria-gallinas-cultiva-cafe-su-esposo-fue-migrante-57-150x150.jpeg 150w, https:\/\/soymigrante.com\/revista\/wp-content\/uploads\/2026\/03\/emprendedora-gloria-gonzalez-jorge-san-jose-poaquil-chimaltenango-cria-gallinas-cultiva-cafe-su-esposo-fue-migrante-57-768x768.jpeg 768w, https:\/\/soymigrante.com\/revista\/wp-content\/uploads\/2026\/03\/emprendedora-gloria-gonzalez-jorge-san-jose-poaquil-chimaltenango-cria-gallinas-cultiva-cafe-su-esposo-fue-migrante-57-75x75.jpeg 75w, https:\/\/soymigrante.com\/revista\/wp-content\/uploads\/2026\/03\/emprendedora-gloria-gonzalez-jorge-san-jose-poaquil-chimaltenango-cria-gallinas-cultiva-cafe-su-esposo-fue-migrante-57-750x750.jpeg 750w, https:\/\/soymigrante.com\/revista\/wp-content\/uploads\/2026\/03\/emprendedora-gloria-gonzalez-jorge-san-jose-poaquil-chimaltenango-cria-gallinas-cultiva-cafe-su-esposo-fue-migrante-57.jpeg 1076w\" sizes=\"(max-width: 1024px) 100vw, 1024px\" \/>\n            <\/div>\n        <\/div><div class=\"eael-entry-wrapper\"><header class=\"eael-entry-header\"><h2 class=\"eael-entry-title\"><a class=\"eael-grid-post-link\" href=\"https:\/\/soymigrante.com\/revista\/el-sueno-guatemalteco-de-gloria-florece-en-san-jose-poaquil-con-huevos-cafe-y-una-familia-reunida\/\" title=\"El sue\u00f1o guatemalteco de Gloria florece en San Jos\u00e9 Poaquil con huevos, caf\u00e9 y una familia reunida\">El sue\u00f1o guatemalteco de Gloria florece en San Jos\u00e9 Poaquil con huevos, caf\u00e9 y una familia reunida<\/a><\/h2><\/header><div class=\"eael-entry-content\">\n                        <div class=\"eael-grid-post-excerpt\"><a href=\"https:\/\/soymigrante.com\/revista\/el-sueno-guatemalteco-de-gloria-florece-en-san-jose-poaquil-con-huevos-cafe-y-una-familia-reunida\/\" class=\"eael-post-elements-readmore-btn\">CONOCE SU HISTORIA <\/a><\/div>\n                    <\/div><\/div><\/div>\n        <\/div>\n    <\/article><article class=\"eael-grid-post  eael-post-grid-column eael-pg-post-45779 category-lugar-de-voces\" data-id=\"45779\">\n        <div class=\"eael-grid-post-holder\">\n            <div class=\"eael-grid-post-holder-inner\"><div class=\"eael-entry-media\"><div class=\"eael-entry-overlay fade-in\"><i class=\"far fa-hand-pointer\" aria-hidden=\"true\"><\/i><a href=\"https:\/\/soymigrante.com\/revista\/a-la-sombra-del-hombre-verde-en-busca-de-futuro-sostenible-desde-minesota\/\"><\/a><\/div><div class=\"eael-entry-thumbnail eael-image-ratio\">\n                <img loading=\"lazy\" decoding=\"async\" width=\"877\" height=\"877\" src=\"https:\/\/soymigrante.com\/revista\/wp-content\/uploads\/2025\/09\/el-hombre-verde-portada.jpg\" class=\"attachment-large size-large wp-image-45780\" alt=\"el hombre verde portada\" srcset=\"https:\/\/soymigrante.com\/revista\/wp-content\/uploads\/2025\/09\/el-hombre-verde-portada.jpg 877w, https:\/\/soymigrante.com\/revista\/wp-content\/uploads\/2025\/09\/el-hombre-verde-portada-300x300.jpg 300w, https:\/\/soymigrante.com\/revista\/wp-content\/uploads\/2025\/09\/el-hombre-verde-portada-150x150.jpg 150w, https:\/\/soymigrante.com\/revista\/wp-content\/uploads\/2025\/09\/el-hombre-verde-portada-768x768.jpg 768w, https:\/\/soymigrante.com\/revista\/wp-content\/uploads\/2025\/09\/el-hombre-verde-portada-75x75.jpg 75w, https:\/\/soymigrante.com\/revista\/wp-content\/uploads\/2025\/09\/el-hombre-verde-portada-750x750.jpg 750w\" sizes=\"(max-width: 877px) 100vw, 877px\" \/>\n            <\/div>\n        <\/div><div class=\"eael-entry-wrapper\"><header class=\"eael-entry-header\"><h2 class=\"eael-entry-title\"><a class=\"eael-grid-post-link\" href=\"https:\/\/soymigrante.com\/revista\/a-la-sombra-del-hombre-verde-en-busca-de-futuro-sostenible-desde-minesota\/\" title=\"A la sombra del Hombre Verde: un guatemalteco impulsa visi\u00f3n de futuro sostenible desde Minesota\">A la sombra del Hombre Verde: un guatemalteco impulsa visi\u00f3n de futuro sostenible desde Minesota<\/a><\/h2><\/header><div class=\"eael-entry-content\">\n                        <div class=\"eael-grid-post-excerpt\"><a href=\"https:\/\/soymigrante.com\/revista\/a-la-sombra-del-hombre-verde-en-busca-de-futuro-sostenible-desde-minesota\/\" class=\"eael-post-elements-readmore-btn\">CONOCE SU HISTORIA <\/a><\/div>\n                    <\/div><\/div><\/div>\n        <\/div>\n    <\/article><article class=\"eael-grid-post  eael-post-grid-column eael-pg-post-7451 category-lugar-de-voces\" data-id=\"7451\">\n        <div class=\"eael-grid-post-holder\">\n            <div class=\"eael-grid-post-holder-inner\"><div class=\"eael-entry-media\"><div class=\"eael-entry-overlay fade-in\"><i class=\"far fa-hand-pointer\" aria-hidden=\"true\"><\/i><a href=\"https:\/\/soymigrante.com\/revista\/la-regeneracion-de-la-tierra-empieza-por-la-mente-reginaldo-marroquin\/\"><\/a><\/div><div class=\"eael-entry-thumbnail eael-image-ratio\">\n                <img loading=\"lazy\" decoding=\"async\" width=\"661\" height=\"661\" src=\"https:\/\/soymigrante.com\/revista\/wp-content\/uploads\/2024\/07\/migrante-guatemalteco-reginaldo-marroquin.webp\" class=\"attachment-large size-large wp-image-7452\" alt=\"Relevancia.\" srcset=\"https:\/\/soymigrante.com\/revista\/wp-content\/uploads\/2024\/07\/migrante-guatemalteco-reginaldo-marroquin.webp 661w, https:\/\/soymigrante.com\/revista\/wp-content\/uploads\/2024\/07\/migrante-guatemalteco-reginaldo-marroquin-300x300.webp 300w, https:\/\/soymigrante.com\/revista\/wp-content\/uploads\/2024\/07\/migrante-guatemalteco-reginaldo-marroquin-150x150.webp 150w, https:\/\/soymigrante.com\/revista\/wp-content\/uploads\/2024\/07\/migrante-guatemalteco-reginaldo-marroquin-75x75.webp 75w\" sizes=\"(max-width: 661px) 100vw, 661px\" \/>\n            <\/div>\n        <\/div><div class=\"eael-entry-wrapper\"><header class=\"eael-entry-header\"><h2 class=\"eael-entry-title\"><a class=\"eael-grid-post-link\" href=\"https:\/\/soymigrante.com\/revista\/la-regeneracion-de-la-tierra-empieza-por-la-mente-reginaldo-marroquin\/\" title=\"La regeneraci\u00f3n de la Tierra empieza por la mente: Reginaldo Marroqu\u00edn\">La regeneraci\u00f3n de la Tierra empieza por la mente: Reginaldo Marroqu\u00edn<\/a><\/h2><\/header><div class=\"eael-entry-content\">\n                        <div class=\"eael-grid-post-excerpt\"><a href=\"https:\/\/soymigrante.com\/revista\/la-regeneracion-de-la-tierra-empieza-por-la-mente-reginaldo-marroquin\/\" class=\"eael-post-elements-readmore-btn\">CONOCE SU HISTORIA <\/a><\/div>\n                    <\/div><\/div><\/div>\n        <\/div>\n    <\/article><\/div>\n            <div class=\"clearfix\"><\/div>\n        <\/div>\t\t\t\t<\/div>\n\t\t\t\t\t<\/div>\n\t\t\t\t<\/div>\n\t\t\t\t<\/div>\n\t\t","protected":false},"excerpt":{"rendered":"<p>Karen Daniela Rodr\u00edguez forma parte de la directiva de Kiss the ground, iniciativa que impulsa la agricultura sostenible y regenerativa: vive en California pero tambi\u00e9n pasa temporadas muy cerca del lago m\u00e1s hermoso del mundo. La historia de Karen Daniela Rodr\u00edguez comienza con un viaje que apenas recuerda. Como muchos ni\u00f1os migrantes, su vida qued\u00f3 [&hellip;]<\/p>\n","protected":false},"author":7,"featured_media":53551,"comment_status":"open","ping_status":"open","sticky":false,"template":"","format":"standard","meta":{"_acf_changed":false,"_eb_attr":"","footnotes":""},"categories":[50,274],"tags":[],"class_list":["post-53550","post","type-post","status-publish","format-standard","has-post-thumbnail","hentry","category-exitos","category-guatemala"],"acf":[],"aioseo_notices":[],"aioseo_head":"\n\t\t<!-- All in One SEO Pro 4.9.6.2 - aioseo.com -->\n\t<meta name=\"description\" content=\"Migrante guatemalteco Reginaldo Marroqu\u00edn expone en su art\u00edculo avances en agricultura regenerativa en Minnesotta. No ha sido f\u00e1cil pero tampoco imposible.\" \/>\n\t<meta name=\"robots\" content=\"max-snippet:-1, max-image-preview:large, max-video-preview:-1\" \/>\n\t<meta name=\"author\" content=\"SoyMigrante.com REVISTA\"\/>\n\t<link rel=\"canonical\" href=\"https:\/\/soymigrante.com\/revista\/la-regeneracion-de-la-tierra-empieza-por-la-mente-reginaldo-marroquin\/\" \/>\n\t<meta name=\"generator\" content=\"All in One SEO Pro (AIOSEO) 4.9.6.2\" \/>\n\n\t\t<link rel=\"preconnect\" href=\"https:\/\/fonts.googleapis.com\" crossorigin>\n<link rel=\"preconnect\" href=\"https:\/\/fonts.gstatic.com\" crossorigin>\n\t\t<meta property=\"og:locale\" content=\"es_ES\" \/>\n\t\t<meta property=\"og:site_name\" content=\"SoyMigrante.com REVISTA \u2013 Nuestra misi\u00f3n es reconocer y dignificar al migrante.\" \/>\n\t\t<meta property=\"og:type\" content=\"article\" \/>\n\t\t<meta property=\"og:title\" content=\"Regeneraci\u00f3n de la Tierra empieza en la mente\" \/>\n\t\t<meta property=\"og:description\" content=\"Migrante guatemalteco Reginaldo Marroqu\u00edn expone en su art\u00edculo avances en agricultura regenerativa en Minnesotta. No ha sido f\u00e1cil pero tampoco imposible.\" \/>\n\t\t<meta property=\"og:url\" content=\"https:\/\/soymigrante.com\/revista\/la-regeneracion-de-la-tierra-empieza-por-la-mente-reginaldo-marroquin\/\" \/>\n\t\t<meta property=\"og:image\" content=\"https:\/\/soymigrante.com\/revista\/wp-content\/uploads\/2024\/07\/migrante-guatemalteco-reginaldo-marroquin.webp\" \/>\n\t\t<meta property=\"og:image:secure_url\" content=\"https:\/\/soymigrante.com\/revista\/wp-content\/uploads\/2024\/07\/migrante-guatemalteco-reginaldo-marroquin.webp\" \/>\n\t\t<meta property=\"og:image:width\" content=\"661\" \/>\n\t\t<meta property=\"og:image:height\" content=\"661\" \/>\n\t\t<meta property=\"article:published_time\" content=\"2024-07-13T20:41:01+00:00\" \/>\n\t\t<meta property=\"article:modified_time\" content=\"2024-07-27T23:03:15+00:00\" \/>\n\t\t<meta property=\"article:publisher\" content=\"https:\/\/www.facebook.com\/soymigrantecom\" \/>\n\t\t<meta name=\"twitter:card\" content=\"summary_large_image\" \/>\n\t\t<meta name=\"twitter:site\" content=\"@SoyMigrante_com\" \/>\n\t\t<meta name=\"twitter:title\" content=\"Regeneraci\u00f3n de la Tierra empieza en la mente\" \/>\n\t\t<meta name=\"twitter:description\" content=\"Migrante guatemalteco Reginaldo Marroqu\u00edn expone en su art\u00edculo avances en agricultura regenerativa en Minnesotta. No ha sido f\u00e1cil pero tampoco imposible.\" \/>\n\t\t<meta name=\"twitter:creator\" content=\"@SoyMigrante_com\" \/>\n\t\t<meta name=\"twitter:image\" content=\"https:\/\/soymigrante.com\/revista\/wp-content\/uploads\/2024\/07\/migrante-guatemalteco-reginaldo-marroquin.webp\" \/>\n\t\t<!-- All in One SEO Pro -->\r\n\t\t<title>Regeneraci\u00f3n de la Tierra empieza en la mente<\/title>\n\n","aioseo_head_json":{"title":"Regeneraci\u00f3n de la Tierra empieza en la mente","description":"Migrante guatemalteco Reginaldo Marroqu\u00edn expone en su art\u00edculo avances en agricultura regenerativa en Minnesotta. No ha sido f\u00e1cil pero tampoco imposible.","canonical_url":"https:\/\/soymigrante.com\/revista\/la-regeneracion-de-la-tierra-empieza-por-la-mente-reginaldo-marroquin\/","robots":"max-snippet:-1, max-image-preview:large, max-video-preview:-1","keywords":"","webmasterTools":{"miscellaneous":"&lt;link rel=\"preconnect\" href=\"https:\/\/fonts.googleapis.com\" crossorigin&gt;\n&lt;link rel=\"preconnect\" href=\"https:\/\/fonts.gstatic.com\" crossorigin&gt;"},"schema":null,"og:locale":"es_ES","og:site_name":"SoyMigrante.com REVISTA \u2013 Nuestra misi\u00f3n es reconocer y dignificar al migrante.","og:type":"article","og:title":"Regeneraci\u00f3n de la Tierra empieza en la mente","og:description":"Migrante guatemalteco Reginaldo Marroqu\u00edn expone en su art\u00edculo avances en agricultura regenerativa en Minnesotta. No ha sido f\u00e1cil pero tampoco imposible.","og:url":"https:\/\/soymigrante.com\/revista\/la-regeneracion-de-la-tierra-empieza-por-la-mente-reginaldo-marroquin\/","og:image":"https:\/\/soymigrante.com\/revista\/wp-content\/uploads\/2024\/07\/migrante-guatemalteco-reginaldo-marroquin.webp","og:image:secure_url":"https:\/\/soymigrante.com\/revista\/wp-content\/uploads\/2024\/07\/migrante-guatemalteco-reginaldo-marroquin.webp","og:image:width":661,"og:image:height":661,"article:published_time":"2024-07-13T20:41:01+00:00","article:modified_time":"2024-07-27T23:03:15+00:00","article:publisher":"https:\/\/www.facebook.com\/soymigrantecom","twitter:card":"summary_large_image","twitter:site":"@SoyMigrante_com","twitter:title":"Regeneraci\u00f3n de la Tierra empieza en la mente","twitter:description":"Migrante guatemalteco Reginaldo Marroqu\u00edn expone en su art\u00edculo avances en agricultura regenerativa en Minnesotta. No ha sido f\u00e1cil pero tampoco imposible.","twitter:creator":"@SoyMigrante_com","twitter:image":"https:\/\/soymigrante.com\/revista\/wp-content\/uploads\/2024\/07\/migrante-guatemalteco-reginaldo-marroquin.webp"},"aioseo_meta_data":{"post_id":"53550","title":"Karen Rodr\u00edguez, la guatemalteca que ense\u00f1a a besar el suelo","description":"Migrante guatemalteca Karen Rodr\u00edguez lleg\u00f3 a USA cuando ten\u00eda 1 a\u00f1o. Hoy integra la iniciativa Kiss the ground, de agricultura regenerativa desde California.","keywords":null,"keyphrases":{"focus":{"keyphrase":"Guatemalteca","score":100,"analysis":{"keyphraseInTitle":{"score":9,"maxScore":9,"error":0},"keyphraseInDescription":{"score":9,"maxScore":9,"error":0},"keyphraseLength":{"score":9,"maxScore":9,"error":0,"length":1},"keyphraseInURL":{"score":5,"maxScore":5,"error":0}}},"additional":[{"keyphrase":"Suelo","score":67,"analysis":{"keyphraseInDescription":{"score":3,"maxScore":9,"error":1},"keyphraseLength":{"score":9,"maxScore":9,"error":0,"length":1}}},{"keyphrase":"Agricultura","score":100,"analysis":{"keyphraseInDescription":{"score":9,"maxScore":9,"error":0},"keyphraseLength":{"score":9,"maxScore":9,"error":0,"length":1}}},{"keyphrase":"Atitl\u00e1n","score":67,"analysis":{"keyphraseInDescription":{"score":3,"maxScore":9,"error":1},"keyphraseLength":{"score":9,"maxScore":9,"error":0,"length":2}}}]},"primary_term":null,"canonical_url":null,"og_title":null,"og_description":null,"og_object_type":"default","og_image_type":"default","og_image_url":null,"og_image_width":null,"og_image_height":null,"og_image_custom_url":null,"og_image_custom_fields":null,"og_video":"","og_custom_url":null,"og_article_section":null,"og_article_tags":null,"twitter_use_og":false,"twitter_card":"default","twitter_image_type":"default","twitter_image_url":null,"twitter_image_custom_url":null,"twitter_image_custom_fields":null,"twitter_title":null,"twitter_description":null,"schema":{"blockGraphs":[],"customGraphs":[],"default":{"data":{"Article":[],"Course":[],"Dataset":[],"FAQPage":[],"Movie":[],"Person":[],"Product":[],"ProductReview":[],"Car":[],"Recipe":[],"Service":[],"SoftwareApplication":[],"WebPage":[]},"graphName":"NewsArticle","isEnabled":true},"graphs":[]},"schema_type":"default","schema_type_options":null,"pillar_content":false,"robots_default":true,"robots_noindex":false,"robots_noarchive":false,"robots_nosnippet":false,"robots_nofollow":false,"robots_noimageindex":false,"robots_noodp":false,"robots_notranslate":false,"robots_max_snippet":"-1","robots_max_videopreview":"-1","robots_max_imagepreview":"large","priority":null,"frequency":"default","local_seo":null,"seo_analyzer_scan_date":null,"breadcrumb_settings":null,"limit_modified_date":false,"reviewed_by":"0","open_ai":null,"ai":{"faqs":[],"keyPoints":[],"titles":[],"descriptions":[],"socialPosts":{"email":[],"linkedin":[],"twitter":[],"facebook":[],"instagram":[]}},"created":"2026-03-11 18:19:57","updated":"2026-03-11 20:34:17"},"aioseo_breadcrumb":"<div class=\"aioseo-breadcrumbs\"><span class=\"aioseo-breadcrumb\">\n\t<a href=\"https:\/\/soymigrante.com\/revista\" title=\"Home\">Home<\/a>\n<\/span><span class=\"aioseo-breadcrumb-separator\">\u00bb<\/span><span class=\"aioseo-breadcrumb\">\n\t<a href=\"https:\/\/soymigrante.com\/revista\/category\/exitos\/\" title=\"\u00c9xitos\">\u00c9xitos<\/a>\n<\/span><span class=\"aioseo-breadcrumb-separator\">\u00bb<\/span><span class=\"aioseo-breadcrumb\">\n\t<a href=\"https:\/\/soymigrante.com\/revista\/category\/exitos\/guatemala\/\" title=\"Guatemala\">Guatemala<\/a>\n<\/span><span class=\"aioseo-breadcrumb-separator\">\u00bb<\/span><span class=\"aioseo-breadcrumb\">\n\tLa guatemalteca Karen Rodr\u00edguez impulsa el rescate de los suelos y la alimentaci\u00f3n desde California hasta Atitl\u00e1n\n<\/span><\/div>","aioseo_breadcrumb_json":[{"label":"Home","link":"https:\/\/soymigrante.com\/revista"},{"label":"\u00c9xitos","link":"https:\/\/soymigrante.com\/revista\/category\/exitos\/"},{"label":"Guatemala","link":"https:\/\/soymigrante.com\/revista\/category\/exitos\/guatemala\/"},{"label":"La guatemalteca Karen Rodr\u00edguez impulsa el rescate de los suelos y la alimentaci\u00f3n desde California hasta Atitl\u00e1n","link":"https:\/\/soymigrante.com\/revista\/la-guatemalteca-karen-rodriguez-impulsa-el-rescate-de-los-suelos-y-la-alimentacion-desde-california-hasta-atitlan\/"}],"_links":{"self":[{"href":"https:\/\/soymigrante.com\/revista\/wp-json\/wp\/v2\/posts\/53550","targetHints":{"allow":["GET"]}}],"collection":[{"href":"https:\/\/soymigrante.com\/revista\/wp-json\/wp\/v2\/posts"}],"about":[{"href":"https:\/\/soymigrante.com\/revista\/wp-json\/wp\/v2\/types\/post"}],"author":[{"embeddable":true,"href":"https:\/\/soymigrante.com\/revista\/wp-json\/wp\/v2\/users\/7"}],"replies":[{"embeddable":true,"href":"https:\/\/soymigrante.com\/revista\/wp-json\/wp\/v2\/comments?post=53550"}],"version-history":[{"count":11,"href":"https:\/\/soymigrante.com\/revista\/wp-json\/wp\/v2\/posts\/53550\/revisions"}],"predecessor-version":[{"id":53567,"href":"https:\/\/soymigrante.com\/revista\/wp-json\/wp\/v2\/posts\/53550\/revisions\/53567"}],"wp:featuredmedia":[{"embeddable":true,"href":"https:\/\/soymigrante.com\/revista\/wp-json\/wp\/v2\/media\/53551"}],"wp:attachment":[{"href":"https:\/\/soymigrante.com\/revista\/wp-json\/wp\/v2\/media?parent=53550"}],"wp:term":[{"taxonomy":"category","embeddable":true,"href":"https:\/\/soymigrante.com\/revista\/wp-json\/wp\/v2\/categories?post=53550"},{"taxonomy":"post_tag","embeddable":true,"href":"https:\/\/soymigrante.com\/revista\/wp-json\/wp\/v2\/tags?post=53550"}],"curies":[{"name":"wp","href":"https:\/\/api.w.org\/{rel}","templated":true}]}}