{"id":53528,"date":"2026-03-11T10:54:46","date_gmt":"2026-03-11T16:54:46","guid":{"rendered":"https:\/\/soymigrante.com\/revista\/?p=53528"},"modified":"2026-03-11T10:55:07","modified_gmt":"2026-03-11T16:55:07","slug":"que-horas-son-en-guatemala-que-hora-es-en-guatemala-horario","status":"publish","type":"post","link":"https:\/\/soymigrante.com\/revista\/que-horas-son-en-guatemala-que-hora-es-en-guatemala-horario\/","title":{"rendered":"\u00bfQu\u00e9 horas son en Guatemala? M\u00edralo aqu\u00ed"},"content":{"rendered":"\t\t<div data-elementor-type=\"wp-post\" data-elementor-id=\"53528\" class=\"elementor elementor-53528\" data-elementor-post-type=\"post\">\n\t\t\t\t<div data-particle_enable=\"false\" data-particle-mobile-disabled=\"false\" class=\"elementor-element elementor-element-80e6ad7 e-flex e-con-boxed e-con e-parent\" data-id=\"80e6ad7\" data-element_type=\"container\" data-e-type=\"container\">\n\t\t\t\t\t<div class=\"e-con-inner\">\n\t\t\t\t<div class=\"elementor-element elementor-element-743c84d elementor-widget elementor-widget-heading\" data-id=\"743c84d\" data-element_type=\"widget\" data-e-type=\"widget\" data-widget_type=\"heading.default\">\n\t\t\t\t\t<h3 class=\"elementor-heading-title elementor-size-default\">La hora de Guatemala en este momento es:<\/h3>\t\t\t\t<\/div>\n\t\t\t\t\t<\/div>\n\t\t\t\t<\/div>\n\t\t<div data-particle_enable=\"false\" data-particle-mobile-disabled=\"false\" class=\"elementor-element elementor-element-891d56c e-flex e-con-boxed e-con e-parent\" data-id=\"891d56c\" data-element_type=\"container\" data-e-type=\"container\">\n\t\t\t\t\t<div class=\"e-con-inner\">\n\t\t\t\t<div class=\"elementor-element elementor-element-54547da elementor-widget elementor-widget-html\" data-id=\"54547da\" data-element_type=\"widget\" data-e-type=\"widget\" data-widget_type=\"html.default\">\n\t\t\t\t\t<iframe src=\"https:\/\/free.timeanddate.com\/clock\/iabns05v\/n94\/tlgt4\/fn2\/fs32\/fcf0f\/tt0\/td1\/th2\/tb4\" frameborder=\"0\" width=\"650\" height=\"102\"><\/iframe>\r\n\t\t\t\t<\/div>\n\t\t\t\t\t<\/div>\n\t\t\t\t<\/div>\n\t\t<div data-particle_enable=\"false\" data-particle-mobile-disabled=\"false\" class=\"elementor-element elementor-element-e6fd67b e-flex e-con-boxed e-con e-parent\" data-id=\"e6fd67b\" data-element_type=\"container\" data-e-type=\"container\">\n\t\t\t\t\t<div class=\"e-con-inner\">\n\t\t\t\t<div class=\"elementor-element elementor-element-68ae50e elementor-widget elementor-widget-text-editor\" data-id=\"68ae50e\" data-element_type=\"widget\" data-e-type=\"widget\" data-widget_type=\"text-editor.default\">\n\t\t\t\t\t\t\t\t\t<p>Recuerda que <a href=\"https:\/\/soymigrante.com\/revista\/22-departamentos-de-guatemala-un-corazon-multicultural-compartido\/\">Guatemala <\/a>y toda Centro Am\u00e9rica comparten el mismo huso horario y por lo tanto, El Salvador, Honduras, Nicaragua y Costa Rica tienen la misma hora.<\/p><p>Si deseas saber la hora en otras regiones o lugares distintos, mira a continuaci\u00f3n esta informaci\u00f3n.<\/p>\t\t\t\t\t\t\t\t<\/div>\n\t\t\t\t\t<\/div>\n\t\t\t\t<\/div>\n\t\t<div data-particle_enable=\"false\" data-particle-mobile-disabled=\"false\" class=\"elementor-element elementor-element-20c0edb e-flex e-con-boxed e-con e-parent\" data-id=\"20c0edb\" data-element_type=\"container\" data-e-type=\"container\">\n\t\t\t\t\t<div class=\"e-con-inner\">\n\t\t\t\t<div class=\"elementor-element elementor-element-56ea737 elementor-widget elementor-widget-heading\" data-id=\"56ea737\" data-element_type=\"widget\" data-e-type=\"widget\" data-widget_type=\"heading.default\">\n\t\t\t\t\t<h3 class=\"elementor-heading-title elementor-size-default\">Qu\u00e9 horas son en  ciudades de Estados Unidos y de todo el mundo<\/h3>\t\t\t\t<\/div>\n\t\t\t\t\t<\/div>\n\t\t\t\t<\/div>\n\t\t<div data-particle_enable=\"false\" data-particle-mobile-disabled=\"false\" class=\"elementor-element elementor-element-841bc7a e-flex e-con-boxed e-con e-parent\" data-id=\"841bc7a\" data-element_type=\"container\" data-e-type=\"container\">\n\t\t\t\t\t<div class=\"e-con-inner\">\n\t\t\t\t<div class=\"elementor-element elementor-element-71cf9a5 elementor-widget elementor-widget-text-editor\" data-id=\"71cf9a5\" data-element_type=\"widget\" data-e-type=\"widget\" data-widget_type=\"text-editor.default\">\n\t\t\t\t\t\t\t\t\t<p>Este es un mapa interactivo que te presenta las horas exactas en ciudades de <a href=\"https:\/\/soymigrante.com\/revista\/horario-de-verano-2026-en-usa-cuando-comenzo-y-hasta-cuando-dura\/\">Estados Unidos<\/a>&nbsp;(en donde hay cuatro husos horarios continentales, con <a href=\"https:\/\/soymigrante.com\/revista\/horario-de-verano-2026-en-usa-cuando-comenzo-y-hasta-cuando-dura\/\">cambio de hora por verano<\/a>), Latinoam\u00e9rica, Europa, Asia y todo el mundo.&nbsp;&nbsp;<\/p><p>Se puede navegar con el cursor o bien colocar el nombre del lugar cuyo horario se quiere conocer.<\/p>\t\t\t\t\t\t\t\t<\/div>\n\t\t\t\t\t<\/div>\n\t\t\t\t<\/div>\n\t\t<div data-particle_enable=\"false\" data-particle-mobile-disabled=\"false\" class=\"elementor-element elementor-element-e39b199 e-flex e-con-boxed e-con e-parent\" data-id=\"e39b199\" data-element_type=\"container\" data-e-type=\"container\">\n\t\t\t\t\t<div class=\"e-con-inner\">\n\t\t\t\t<div class=\"elementor-element elementor-element-6f79591 elementor-widget elementor-widget-image\" data-id=\"6f79591\" data-element_type=\"widget\" data-e-type=\"widget\" data-widget_type=\"image.default\">\n\t\t\t\t\t\t\t\t\t\t\t\t<figure class=\"wp-caption\">\n\t\t\t\t\t\t\t\t\t\t\t<a href=\"https:\/\/www.timeanddate.com\/time\/map\/\">\n\t\t\t\t\t\t\t<img fetchpriority=\"high\" decoding=\"async\" width=\"1140\" height=\"581\" src=\"https:\/\/soymigrante.com\/revista\/wp-content\/uploads\/2026\/03\/hora-en-usa-y-todo-el-mundo-1140x581.png\" class=\"attachment-large size-large wp-image-53540\" alt=\"En este mapa interactivo podr\u00e1s encontrar la hora exacta en ciudades de Estados Unidos y otros pa\u00edses. Puedes recorrer el mapa con el cursor o poner el nombre del lugar cuya hora buscas. PARA ENTRAR CLIC EN LA IMAGEN\" srcset=\"https:\/\/soymigrante.com\/revista\/wp-content\/uploads\/2026\/03\/hora-en-usa-y-todo-el-mundo-1140x581.png 1140w, https:\/\/soymigrante.com\/revista\/wp-content\/uploads\/2026\/03\/hora-en-usa-y-todo-el-mundo-300x153.png 300w, https:\/\/soymigrante.com\/revista\/wp-content\/uploads\/2026\/03\/hora-en-usa-y-todo-el-mundo-768x391.png 768w, https:\/\/soymigrante.com\/revista\/wp-content\/uploads\/2026\/03\/hora-en-usa-y-todo-el-mundo-750x382.png 750w, https:\/\/soymigrante.com\/revista\/wp-content\/uploads\/2026\/03\/hora-en-usa-y-todo-el-mundo.png 1391w\" sizes=\"(max-width: 1140px) 100vw, 1140px\" title=\"En este mapa interactivo podr\u00e1s encontrar la hora exacta en ciudades de Estados Unidos y otros pa\u00edses. Puedes recorrer el mapa con el cursor o poner el nombre del lugar cuya hora buscas. PARA ENTRAR CLIC EN LA IMAGEN \u2013 SoyMigrante.com REVISTA\" \/>\t\t\t\t\t\t\t\t<\/a>\n\t\t\t\t\t\t\t\t\t\t\t<figcaption class=\"widget-image-caption wp-caption-text\">En este mapa interactivo podr\u00e1s encontrar la hora exacta en ciudades de Estados Unidos y otros pa\u00edses. Puedes recorrer el mapa con el cursor o poner el nombre del lugar cuya hora buscas. PARA ENTRAR CLIC EN LA IMAGEN<\/figcaption>\n\t\t\t\t\t\t\t\t\t\t<\/figure>\n\t\t\t\t\t\t\t\t\t<\/div>\n\t\t\t\t\t<\/div>\n\t\t\t\t<\/div>\n\t\t<div data-particle_enable=\"false\" data-particle-mobile-disabled=\"false\" class=\"elementor-element elementor-element-164f79d e-flex e-con-boxed e-con e-parent\" data-id=\"164f79d\" data-element_type=\"container\" data-e-type=\"container\">\n\t\t\t\t\t<div class=\"e-con-inner\">\n\t\t\t\t<div class=\"elementor-element elementor-element-78b9142 elementor-widget elementor-widget-global elementor-global-52097 elementor-widget-heading\" data-id=\"78b9142\" data-element_type=\"widget\" data-e-type=\"widget\" data-widget_type=\"heading.default\">\n\t\t\t\t\t<h2 class=\"elementor-heading-title elementor-size-default\">Quiz\u00e1 tambi\u00e9n te podr\u00eda interesar<\/h2>\t\t\t\t<\/div>\n\t\t\t\t\t<\/div>\n\t\t\t\t<\/div>\n\t\t<div data-particle_enable=\"false\" data-particle-mobile-disabled=\"false\" class=\"elementor-element elementor-element-fd1ea79 e-flex e-con-boxed e-con e-parent\" data-id=\"fd1ea79\" data-element_type=\"container\" data-e-type=\"container\">\n\t\t\t\t\t<div class=\"e-con-inner\">\n\t\t\t\t<div class=\"elementor-element elementor-element-fa243e1 elementor-grid-eael-col-3 elementor-grid-tablet-eael-col-2 elementor-grid-mobile-eael-col-1 elementor-widget elementor-widget-eael-post-grid\" data-id=\"fa243e1\" data-element_type=\"widget\" data-e-type=\"widget\" data-settings=\"{&quot;eael_post_grid_columns&quot;:&quot;eael-col-3&quot;,&quot;eael_post_grid_columns_tablet&quot;:&quot;eael-col-2&quot;,&quot;eael_post_grid_columns_mobile&quot;:&quot;eael-col-1&quot;}\" data-widget_type=\"eael-post-grid.default\">\n\t\t\t\t\t<div id=\"eael-post-grid-fa243e1\" class=\"eael-post-grid-container\">\n            <div class=\"eael-post-grid eael-post-appender eael-post-appender-fa243e1 eael-post-grid-style-one\" data-layout-mode=\"masonry\"><article class=\"eael-grid-post  eael-post-grid-column eael-pg-post-39142 category-guate-nuestra\" data-id=\"39142\">\n        <div class=\"eael-grid-post-holder\">\n            <div class=\"eael-grid-post-holder-inner\"><div class=\"eael-entry-media\"><div class=\"eael-entry-overlay fade-in\"><i class=\"far fa-hand-pointer\" aria-hidden=\"true\"><\/i><a href=\"https:\/\/soymigrante.com\/revista\/el-cerro-de-oro-y-la-leyenda-que-inspiro-al-principito\/\"><\/a><\/div><div class=\"eael-entry-thumbnail eael-image-ratio\">\n                <img decoding=\"async\" width=\"1024\" height=\"768\" src=\"https:\/\/soymigrante.com\/revista\/wp-content\/uploads\/2025\/07\/El-Cerro-de-Oro-el-volcan-de-Guatemala-que-inspiro-a-El-Principito1-1024x768.jpeg\" class=\"attachment-large size-large wp-image-39152\" alt=\"Nube y cielo despejado sobre vegetaci\u00f3n y monta\u00f1as, vista panor\u00e1mica desde un \u00e1rbol. Paisaje natural de monta\u00f1a y bosque en un entorno tranquilo y hermoso para la revista SoyMigrante.com REVISTA.\" srcset=\"https:\/\/soymigrante.com\/revista\/wp-content\/uploads\/2025\/07\/El-Cerro-de-Oro-el-volcan-de-Guatemala-que-inspiro-a-El-Principito1-1024x768.jpeg 1024w, https:\/\/soymigrante.com\/revista\/wp-content\/uploads\/2025\/07\/El-Cerro-de-Oro-el-volcan-de-Guatemala-que-inspiro-a-El-Principito1-300x225.jpeg 300w, https:\/\/soymigrante.com\/revista\/wp-content\/uploads\/2025\/07\/El-Cerro-de-Oro-el-volcan-de-Guatemala-que-inspiro-a-El-Principito1-768x576.jpeg 768w, https:\/\/soymigrante.com\/revista\/wp-content\/uploads\/2025\/07\/El-Cerro-de-Oro-el-volcan-de-Guatemala-que-inspiro-a-El-Principito1-1536x1152.jpeg 1536w, https:\/\/soymigrante.com\/revista\/wp-content\/uploads\/2025\/07\/El-Cerro-de-Oro-el-volcan-de-Guatemala-que-inspiro-a-El-Principito1-750x563.webp 750w, https:\/\/soymigrante.com\/revista\/wp-content\/uploads\/2025\/07\/El-Cerro-de-Oro-el-volcan-de-Guatemala-que-inspiro-a-El-Principito1-1140x855.webp 1140w, https:\/\/soymigrante.com\/revista\/wp-content\/uploads\/2025\/07\/El-Cerro-de-Oro-el-volcan-de-Guatemala-que-inspiro-a-El-Principito1.webp 1600w\" sizes=\"(max-width: 1024px) 100vw, 1024px\" \/>\n            <\/div>\n        <\/div><div class=\"eael-entry-wrapper\"><header class=\"eael-entry-header\"><h2 class=\"eael-entry-title\"><a class=\"eael-grid-post-link\" href=\"https:\/\/soymigrante.com\/revista\/el-cerro-de-oro-y-la-leyenda-que-inspiro-al-principito\/\" title=\"El Cerro de Oro y la leyenda que inspir\u00f3 al Principito\">El Cerro de Oro y la leyenda que inspir\u00f3 al Principito<\/a><\/h2><\/header><div class=\"eael-entry-content\">\n                        <div class=\"eael-grid-post-excerpt\"><a href=\"https:\/\/soymigrante.com\/revista\/el-cerro-de-oro-y-la-leyenda-que-inspiro-al-principito\/\" class=\"eael-post-elements-readmore-btn\">CONOCE SU HISTORIA <\/a><\/div>\n                    <\/div><\/div><\/div>\n        <\/div>\n    <\/article><article class=\"eael-grid-post  eael-post-grid-column eael-pg-post-53387 category-nombres-de-guatemala tags-abc-de-nombres-de-lugares-de-guatemala\" data-id=\"53387\">\n        <div class=\"eael-grid-post-holder\">\n            <div class=\"eael-grid-post-holder-inner\"><div class=\"eael-entry-media\"><div class=\"eael-entry-overlay fade-in\"><i class=\"far fa-hand-pointer\" aria-hidden=\"true\"><\/i><a href=\"https:\/\/soymigrante.com\/revista\/que-significan-nombres-de-lugares-de-guatemala-letra-i\/\"><\/a><\/div><div class=\"eael-entry-thumbnail eael-image-ratio\">\n                <img decoding=\"async\" width=\"1024\" height=\"1024\" src=\"https:\/\/soymigrante.com\/revista\/wp-content\/uploads\/2026\/03\/nombres-de-Guatemala-letra-I.png\" class=\"attachment-large size-large wp-image-53388\" alt=\"nombres de Guatemala letra I\" srcset=\"https:\/\/soymigrante.com\/revista\/wp-content\/uploads\/2026\/03\/nombres-de-Guatemala-letra-I.png 1024w, https:\/\/soymigrante.com\/revista\/wp-content\/uploads\/2026\/03\/nombres-de-Guatemala-letra-I-300x300.png 300w, https:\/\/soymigrante.com\/revista\/wp-content\/uploads\/2026\/03\/nombres-de-Guatemala-letra-I-150x150.png 150w, https:\/\/soymigrante.com\/revista\/wp-content\/uploads\/2026\/03\/nombres-de-Guatemala-letra-I-768x768.png 768w, https:\/\/soymigrante.com\/revista\/wp-content\/uploads\/2026\/03\/nombres-de-Guatemala-letra-I-75x75.png 75w, https:\/\/soymigrante.com\/revista\/wp-content\/uploads\/2026\/03\/nombres-de-Guatemala-letra-I-750x750.png 750w\" sizes=\"(max-width: 1024px) 100vw, 1024px\" \/>\n            <\/div>\n        <\/div><div class=\"eael-entry-wrapper\"><header class=\"eael-entry-header\"><h2 class=\"eael-entry-title\"><a class=\"eael-grid-post-link\" href=\"https:\/\/soymigrante.com\/revista\/que-significan-nombres-de-lugares-de-guatemala-letra-i\/\" title=\"\u00bfQu\u00e9 significan  nombres de lugares de Guatemala? Letra I\">\u00bfQu\u00e9 significan  nombres de lugares de Guatemala? Letra I<\/a><\/h2><\/header><div class=\"eael-entry-content\">\n                        <div class=\"eael-grid-post-excerpt\"><a href=\"https:\/\/soymigrante.com\/revista\/que-significan-nombres-de-lugares-de-guatemala-letra-i\/\" class=\"eael-post-elements-readmore-btn\">CONOCE SU HISTORIA <\/a><\/div>\n                    <\/div><\/div><\/div>\n        <\/div>\n    <\/article><article class=\"eael-grid-post  eael-post-grid-column eael-pg-post-29906 category-guate-nuestra tags-mercado-emprendedores\" data-id=\"29906\">\n        <div class=\"eael-grid-post-holder\">\n            <div class=\"eael-grid-post-holder-inner\"><div class=\"eael-entry-media\"><div class=\"eael-entry-overlay fade-in\"><i class=\"far fa-hand-pointer\" aria-hidden=\"true\"><\/i><a href=\"https:\/\/soymigrante.com\/revista\/love-and-tea-te-relaja-te-consiente-y-te-inspira-desde-totonicapan\/\"><\/a><\/div><div class=\"eael-entry-thumbnail eael-image-ratio\">\n                <img loading=\"lazy\" decoding=\"async\" width=\"1024\" height=\"1024\" src=\"https:\/\/soymigrante.com\/revista\/wp-content\/uploads\/2025\/04\/taza-de-te-love-and-tea-1024x1024.jpg\" class=\"attachment-large size-large wp-image-29907\" alt=\"Copa de t\u00e9 con flor decorativa en taza blanca, rodeada de flores y plantas, en un ambiente acogedor y natural.\" srcset=\"https:\/\/soymigrante.com\/revista\/wp-content\/uploads\/2025\/04\/taza-de-te-love-and-tea-1024x1024.jpg 1024w, https:\/\/soymigrante.com\/revista\/wp-content\/uploads\/2025\/04\/taza-de-te-love-and-tea-300x300.jpg 300w, https:\/\/soymigrante.com\/revista\/wp-content\/uploads\/2025\/04\/taza-de-te-love-and-tea-150x150.jpg 150w, https:\/\/soymigrante.com\/revista\/wp-content\/uploads\/2025\/04\/taza-de-te-love-and-tea-768x768.jpg 768w, https:\/\/soymigrante.com\/revista\/wp-content\/uploads\/2025\/04\/taza-de-te-love-and-tea-1536x1536.jpg 1536w, https:\/\/soymigrante.com\/revista\/wp-content\/uploads\/2025\/04\/taza-de-te-love-and-tea-2048x2048.jpg 2048w, https:\/\/soymigrante.com\/revista\/wp-content\/uploads\/2025\/04\/taza-de-te-love-and-tea-75x75.webp 75w, https:\/\/soymigrante.com\/revista\/wp-content\/uploads\/2025\/04\/taza-de-te-love-and-tea-750x750.webp 750w, https:\/\/soymigrante.com\/revista\/wp-content\/uploads\/2025\/04\/taza-de-te-love-and-tea-1140x1140.webp 1140w, https:\/\/soymigrante.com\/revista\/wp-content\/uploads\/2025\/04\/taza-de-te-love-and-tea.webp 1920w\" sizes=\"(max-width: 1024px) 100vw, 1024px\" \/>\n            <\/div>\n        <\/div><div class=\"eael-entry-wrapper\"><header class=\"eael-entry-header\"><h2 class=\"eael-entry-title\"><a class=\"eael-grid-post-link\" href=\"https:\/\/soymigrante.com\/revista\/love-and-tea-te-relaja-te-consiente-y-te-inspira-desde-totonicapan\/\" title=\"Love and Tea te relaja, te consiente y te inspira desde Totonicap\u00e1n\">Love and Tea te relaja, te consiente y te inspira desde Totonicap\u00e1n<\/a><\/h2><\/header><div class=\"eael-entry-content\">\n                        <div class=\"eael-grid-post-excerpt\"><a href=\"https:\/\/soymigrante.com\/revista\/love-and-tea-te-relaja-te-consiente-y-te-inspira-desde-totonicapan\/\" class=\"eael-post-elements-readmore-btn\">CONOCE SU HISTORIA <\/a><\/div>\n                    <\/div><\/div><\/div>\n        <\/div>\n    <\/article><\/div>\n            <div class=\"clearfix\"><\/div>\n        <\/div>            <div class=\"eael-load-more-button-wrap eael-force-hide\">\n                <button class=\"eael-load-more-button\" id=\"eael-load-more-btn-fa243e1\" data-widget-id=\"fa243e1\" data-widget=\"fa243e1\" data-page-id=\"53528\" data-template=\"{&quot;dir&quot;:&quot;lite&quot;,&quot;file_name&quot;:&quot;one.php&quot;,&quot;name&quot;:&quot;Post-Grid&quot;}\" data-class=\"Essential_Addons_Elementor\\Elements\\Post_Grid\" data-layout=\"masonry\" data-page=\"1\" data-args=\"orderby=rand&amp;order=desc&amp;ignore_sticky_posts=1&amp;post_status=publish&amp;posts_per_page=3&amp;offset=0&amp;post_type=post&amp;tax_query%5B0%5D%5Btaxonomy%5D=category&amp;tax_query%5B0%5D%5Bfield%5D=term_id&amp;tax_query%5B0%5D%5Bterms%5D%5B0%5D=58&amp;tax_query%5Brelation%5D=AND\" data-max-page=\"288\">\n                    <span class=\"eael-btn-loader button__loader\"><\/span>\n                    <span class=\"eael_load_more_text\">Load More<\/span>\n                <\/button>\n            <\/div>\n            \t\t\t\t<\/div>\n\t\t\t\t\t<\/div>\n\t\t\t\t<\/div>\n\t\t\t\t<\/div>\n\t\t","protected":false},"excerpt":{"rendered":"<p>La hora de Guatemala en este momento es: Recuerda que Guatemala y toda Centro Am\u00e9rica comparten el mismo huso horario y por lo tanto, El Salvador, Honduras, Nicaragua y Costa Rica tienen la misma hora. Si deseas saber la hora en otras regiones o lugares distintos, mira a continuaci\u00f3n esta informaci\u00f3n. Qu\u00e9 horas son en [&hellip;]<\/p>\n","protected":false},"author":1,"featured_media":53531,"comment_status":"open","ping_status":"open","sticky":false,"template":"","format":"standard","meta":{"_acf_changed":false,"_eb_attr":"","footnotes":""},"categories":[58],"tags":[],"class_list":["post-53528","post","type-post","status-publish","format-standard","has-post-thumbnail","hentry","category-guate-nuestra"],"acf":[],"aioseo_notices":[],"aioseo_head":"\n\t\t<!-- All in One SEO Pro 4.9.6.2 - aioseo.com -->\n\t<meta name=\"description\" content=\"15 mujeres lideradas por Mar\u00edaIxchajchal cultivan, cuidan, cosechan y procesan plantas para elaborar t\u00e9 de sabores para cada gusto y necesidad. Ya est\u00e1n en MERCADO\" \/>\n\t<meta name=\"robots\" content=\"max-snippet:-1, max-image-preview:large, max-video-preview:-1\" \/>\n\t<meta name=\"author\" content=\"Gustavo Montenegro\"\/>\n\t<link rel=\"canonical\" href=\"https:\/\/soymigrante.com\/revista\/love-and-tea-te-relaja-te-consiente-y-te-inspira-desde-totonicapan\/\" \/>\n\t<meta name=\"generator\" content=\"All in One SEO Pro (AIOSEO) 4.9.6.2\" \/>\n\n\t\t<link rel=\"preconnect\" href=\"https:\/\/fonts.googleapis.com\" crossorigin>\n<link rel=\"preconnect\" href=\"https:\/\/fonts.gstatic.com\" crossorigin>\n\t\t<meta property=\"og:locale\" content=\"es_ES\" \/>\n\t\t<meta property=\"og:site_name\" content=\"SoyMigrante.com REVISTA \u2013 Nuestra misi\u00f3n es reconocer y dignificar al migrante.\" \/>\n\t\t<meta property=\"og:type\" content=\"article\" \/>\n\t\t<meta property=\"og:title\" content=\"Love and Tea te consiente, te relaja y te inspira desde Toto\" \/>\n\t\t<meta property=\"og:description\" content=\"15 mujeres lideradas por Mar\u00edaIxchajchal cultivan, cuidan, cosechan y procesan plantas para elaborar t\u00e9 de sabores para cada gusto y necesidad. Ya est\u00e1n en MERCADO\" \/>\n\t\t<meta property=\"og:url\" content=\"https:\/\/soymigrante.com\/revista\/love-and-tea-te-relaja-te-consiente-y-te-inspira-desde-totonicapan\/\" \/>\n\t\t<meta property=\"og:image\" content=\"https:\/\/soymigrante.com\/revista\/wp-content\/uploads\/2025\/04\/taza-de-te-love-and-tea.webp\" \/>\n\t\t<meta property=\"og:image:secure_url\" content=\"https:\/\/soymigrante.com\/revista\/wp-content\/uploads\/2025\/04\/taza-de-te-love-and-tea.webp\" \/>\n\t\t<meta property=\"og:image:width\" content=\"1920\" \/>\n\t\t<meta property=\"og:image:height\" content=\"1920\" \/>\n\t\t<meta property=\"article:published_time\" content=\"2025-04-02T16:22:02+00:00\" \/>\n\t\t<meta property=\"article:modified_time\" content=\"2025-07-21T17:54:04+00:00\" \/>\n\t\t<meta property=\"article:publisher\" content=\"https:\/\/www.facebook.com\/soymigrantecom\" \/>\n\t\t<meta name=\"twitter:card\" content=\"summary_large_image\" \/>\n\t\t<meta name=\"twitter:site\" content=\"@SoyMigrante_com\" \/>\n\t\t<meta name=\"twitter:title\" content=\"Love and Tea te consiente, te relaja y te inspira desde Toto\" \/>\n\t\t<meta name=\"twitter:description\" content=\"15 mujeres lideradas por Mar\u00edaIxchajchal cultivan, cuidan, cosechan y procesan plantas para elaborar t\u00e9 de sabores para cada gusto y necesidad. Ya est\u00e1n en MERCADO\" \/>\n\t\t<meta name=\"twitter:creator\" content=\"@SoyMigrante_com\" \/>\n\t\t<meta name=\"twitter:image\" content=\"https:\/\/soymigrante.com\/revista\/wp-content\/uploads\/2025\/04\/taza-de-te-love-and-tea.webp\" \/>\n\t\t<!-- All in One SEO Pro -->\r\n\t\t<title>Love and Tea te consiente, te relaja y te inspira desde Toto<\/title>\n\n","aioseo_head_json":{"title":"Love and Tea te consiente, te relaja y te inspira desde Toto","description":"15 mujeres lideradas por Mar\u00edaIxchajchal cultivan, cuidan, cosechan y procesan plantas para elaborar t\u00e9 de sabores para cada gusto y necesidad. Ya est\u00e1n en MERCADO","canonical_url":"https:\/\/soymigrante.com\/revista\/love-and-tea-te-relaja-te-consiente-y-te-inspira-desde-totonicapan\/","robots":"max-snippet:-1, max-image-preview:large, max-video-preview:-1","keywords":"","webmasterTools":{"miscellaneous":"&lt;link rel=\"preconnect\" href=\"https:\/\/fonts.googleapis.com\" crossorigin&gt;\n&lt;link rel=\"preconnect\" href=\"https:\/\/fonts.gstatic.com\" crossorigin&gt;"},"schema":null,"og:locale":"es_ES","og:site_name":"SoyMigrante.com REVISTA \u2013 Nuestra misi\u00f3n es reconocer y dignificar al migrante.","og:type":"article","og:title":"Love and Tea te consiente, te relaja y te inspira desde Toto","og:description":"15 mujeres lideradas por Mar\u00edaIxchajchal cultivan, cuidan, cosechan y procesan plantas para elaborar t\u00e9 de sabores para cada gusto y necesidad. Ya est\u00e1n en MERCADO","og:url":"https:\/\/soymigrante.com\/revista\/love-and-tea-te-relaja-te-consiente-y-te-inspira-desde-totonicapan\/","og:image":"https:\/\/soymigrante.com\/revista\/wp-content\/uploads\/2025\/04\/taza-de-te-love-and-tea.webp","og:image:secure_url":"https:\/\/soymigrante.com\/revista\/wp-content\/uploads\/2025\/04\/taza-de-te-love-and-tea.webp","og:image:width":1920,"og:image:height":1920,"article:published_time":"2025-04-02T16:22:02+00:00","article:modified_time":"2025-07-21T17:54:04+00:00","article:publisher":"https:\/\/www.facebook.com\/soymigrantecom","twitter:card":"summary_large_image","twitter:site":"@SoyMigrante_com","twitter:title":"Love and Tea te consiente, te relaja y te inspira desde Toto","twitter:description":"15 mujeres lideradas por Mar\u00edaIxchajchal cultivan, cuidan, cosechan y procesan plantas para elaborar t\u00e9 de sabores para cada gusto y necesidad. Ya est\u00e1n en MERCADO","twitter:creator":"@SoyMigrante_com","twitter:image":"https:\/\/soymigrante.com\/revista\/wp-content\/uploads\/2025\/04\/taza-de-te-love-and-tea.webp"},"aioseo_meta_data":{"post_id":"53528","title":"\u00bfQu\u00e9 horas son en Guatemala? M\u00edralo aqu\u00ed","description":"Consulta aqu\u00ed la hora de Guatemala y la de Centro Am\u00e9rica. Es la misma porque comparten huso horario GMT-6 Tambi\u00e9n mira la hora en otros lugares del mundo.","keywords":null,"keyphrases":{"focus":{"keyphrase":"Horas","score":81,"analysis":{"keyphraseInTitle":{"score":9,"maxScore":9,"error":0},"keyphraseInDescription":{"score":3,"maxScore":9,"error":1},"keyphraseLength":{"score":9,"maxScore":9,"error":0,"length":1},"keyphraseInURL":{"score":5,"maxScore":5,"error":0}}},"additional":[{"keyphrase":"Hora","score":100,"analysis":{"keyphraseInDescription":{"score":9,"maxScore":9,"error":0},"keyphraseLength":{"score":9,"maxScore":9,"error":0,"length":1}}},{"keyphrase":"Guatemala","score":100,"analysis":{"keyphraseInDescription":{"score":9,"maxScore":9,"error":0},"keyphraseLength":{"score":9,"maxScore":9,"error":0,"length":1}}}]},"primary_term":null,"canonical_url":null,"og_title":null,"og_description":null,"og_object_type":"default","og_image_type":"default","og_image_url":null,"og_image_width":null,"og_image_height":null,"og_image_custom_url":null,"og_image_custom_fields":null,"og_video":"","og_custom_url":null,"og_article_section":null,"og_article_tags":null,"twitter_use_og":false,"twitter_card":"default","twitter_image_type":"default","twitter_image_url":null,"twitter_image_custom_url":null,"twitter_image_custom_fields":null,"twitter_title":null,"twitter_description":null,"schema":{"blockGraphs":[],"customGraphs":[],"default":{"data":{"Article":[],"Course":[],"Dataset":[],"FAQPage":[],"Movie":[],"Person":[],"Product":[],"ProductReview":[],"Car":[],"Recipe":[],"Service":[],"SoftwareApplication":[],"WebPage":[]},"graphName":"NewsArticle","isEnabled":true},"graphs":[]},"schema_type":"default","schema_type_options":null,"pillar_content":false,"robots_default":true,"robots_noindex":false,"robots_noarchive":false,"robots_nosnippet":false,"robots_nofollow":false,"robots_noimageindex":false,"robots_noodp":false,"robots_notranslate":false,"robots_max_snippet":"-1","robots_max_videopreview":"-1","robots_max_imagepreview":"large","priority":null,"frequency":"default","local_seo":null,"seo_analyzer_scan_date":null,"breadcrumb_settings":null,"limit_modified_date":false,"reviewed_by":"0","open_ai":null,"ai":{"faqs":[],"keyPoints":[],"titles":[],"descriptions":[],"socialPosts":{"email":[],"linkedin":[],"twitter":[],"facebook":[],"instagram":[]}},"created":"2026-03-11 15:40:17","updated":"2026-03-11 17:48:44"},"aioseo_breadcrumb":"<div class=\"aioseo-breadcrumbs\"><span class=\"aioseo-breadcrumb\">\n\t<a href=\"https:\/\/soymigrante.com\/revista\" title=\"Home\">Home<\/a>\n<\/span><span class=\"aioseo-breadcrumb-separator\">\u00bb<\/span><span class=\"aioseo-breadcrumb\">\n\t<a href=\"https:\/\/soymigrante.com\/revista\/category\/guate-nuestra\/\" title=\"Guate Nuestra\">Guate Nuestra<\/a>\n<\/span><span class=\"aioseo-breadcrumb-separator\">\u00bb<\/span><span class=\"aioseo-breadcrumb\">\n\t\u00bfQu\u00e9 horas son en Guatemala? M\u00edralo aqu\u00ed\n<\/span><\/div>","aioseo_breadcrumb_json":[{"label":"Home","link":"https:\/\/soymigrante.com\/revista"},{"label":"Guate Nuestra","link":"https:\/\/soymigrante.com\/revista\/category\/guate-nuestra\/"},{"label":"\u00bfQu\u00e9 horas son en Guatemala? M\u00edralo aqu\u00ed","link":"https:\/\/soymigrante.com\/revista\/que-horas-son-en-guatemala-que-hora-es-en-guatemala-horario\/"}],"_links":{"self":[{"href":"https:\/\/soymigrante.com\/revista\/wp-json\/wp\/v2\/posts\/53528","targetHints":{"allow":["GET"]}}],"collection":[{"href":"https:\/\/soymigrante.com\/revista\/wp-json\/wp\/v2\/posts"}],"about":[{"href":"https:\/\/soymigrante.com\/revista\/wp-json\/wp\/v2\/types\/post"}],"author":[{"embeddable":true,"href":"https:\/\/soymigrante.com\/revista\/wp-json\/wp\/v2\/users\/1"}],"replies":[{"embeddable":true,"href":"https:\/\/soymigrante.com\/revista\/wp-json\/wp\/v2\/comments?post=53528"}],"version-history":[{"count":14,"href":"https:\/\/soymigrante.com\/revista\/wp-json\/wp\/v2\/posts\/53528\/revisions"}],"predecessor-version":[{"id":53546,"href":"https:\/\/soymigrante.com\/revista\/wp-json\/wp\/v2\/posts\/53528\/revisions\/53546"}],"wp:featuredmedia":[{"embeddable":true,"href":"https:\/\/soymigrante.com\/revista\/wp-json\/wp\/v2\/media\/53531"}],"wp:attachment":[{"href":"https:\/\/soymigrante.com\/revista\/wp-json\/wp\/v2\/media?parent=53528"}],"wp:term":[{"taxonomy":"category","embeddable":true,"href":"https:\/\/soymigrante.com\/revista\/wp-json\/wp\/v2\/categories?post=53528"},{"taxonomy":"post_tag","embeddable":true,"href":"https:\/\/soymigrante.com\/revista\/wp-json\/wp\/v2\/tags?post=53528"}],"curies":[{"name":"wp","href":"https:\/\/api.w.org\/{rel}","templated":true}]}}