{"id":53514,"date":"2026-03-11T08:21:10","date_gmt":"2026-03-11T14:21:10","guid":{"rendered":"https:\/\/soymigrante.com\/revista\/?p=53514"},"modified":"2026-03-11T08:41:26","modified_gmt":"2026-03-11T14:41:26","slug":"mirador-rey-tepepul-atitlan-guatemala-ecoturismo-quetzal-naturaleza-solola-riqueza-natural-senderos","status":"publish","type":"post","link":"https:\/\/soymigrante.com\/revista\/mirador-rey-tepepul-atitlan-guatemala-ecoturismo-quetzal-naturaleza-solola-riqueza-natural-senderos\/","title":{"rendered":"Mirador rey Tepepul es la majestuosa reserva natural en Atitl\u00e1n en donde se puede avistar el Quetzal"},"content":{"rendered":"\t\t<div data-elementor-type=\"wp-post\" data-elementor-id=\"53514\" class=\"elementor elementor-53514\" data-elementor-post-type=\"post\">\n\t\t\t\t<div data-particle_enable=\"false\" data-particle-mobile-disabled=\"false\" class=\"elementor-element elementor-element-03c107b e-flex e-con-boxed e-con e-parent\" data-id=\"03c107b\" data-element_type=\"container\" data-e-type=\"container\">\n\t\t\t\t\t<div class=\"e-con-inner\">\n\t\t\t\t<div class=\"elementor-element elementor-element-30afc4a elementor-widget elementor-widget-heading\" data-id=\"30afc4a\" data-element_type=\"widget\" data-e-type=\"widget\" data-widget_type=\"heading.default\">\n\t\t\t\t\t<h2 class=\"elementor-heading-title elementor-size-default\">Un lugar para salir de la rutina en coraz\u00f3n de Santiago Atitl\u00e1n, Solol\u00e1, Guatemala: bosque, r\u00edos, volcanes y el majestuoso lago, pero adem\u00e1s con un poco de suerte y en la temporada adecuada, podr\u00edas ver al Quetzal.<\/h2>\t\t\t\t<\/div>\n\t\t\t\t\t<\/div>\n\t\t\t\t<\/div>\n\t\t<div data-particle_enable=\"false\" data-particle-mobile-disabled=\"false\" class=\"elementor-element elementor-element-8256b6e e-flex e-con-boxed e-con e-parent\" data-id=\"8256b6e\" data-element_type=\"container\" data-e-type=\"container\">\n\t\t\t\t\t<div class=\"e-con-inner\">\n\t\t\t\t<div class=\"elementor-element elementor-element-5803364 elementor-widget elementor-widget-text-editor\" data-id=\"5803364\" data-element_type=\"widget\" data-e-type=\"widget\" data-widget_type=\"text-editor.default\">\n\t\t\t\t\t\t\t\t\t<p><b>Por Mari\u00e1ngel \u00c1lvarez Prado, estudiante de Comunicaci\u00f3n de la Universidad Rafael Land\u00edvar.<\/b>\u00a0<\/p>\t\t\t\t\t\t\t\t<\/div>\n\t\t\t\t\t<\/div>\n\t\t\t\t<\/div>\n\t\t<div data-particle_enable=\"false\" data-particle-mobile-disabled=\"false\" class=\"elementor-element elementor-element-4050cd3 e-flex e-con-boxed e-con e-parent\" data-id=\"4050cd3\" data-element_type=\"container\" data-e-type=\"container\">\n\t\t\t\t\t<div class=\"e-con-inner\">\n\t\t\t\t<div class=\"elementor-element elementor-element-b6931a0 elementor-widget elementor-widget-text-editor\" data-id=\"b6931a0\" data-element_type=\"widget\" data-e-type=\"widget\" data-widget_type=\"text-editor.default\">\n\t\t\t\t\t\t\t\t\t<p>En las monta\u00f1as que rodean el <a href=\"https:\/\/soymigrante.com\/revista\/atitlan-lago-de-atitlan\/\">Lago de Atitl\u00e1n<\/a> existe un lugar donde el bosque, la historia y la cultura del pueblo se encuentran. Aqu\u00ed el <a href=\"https:\/\/soymigrante.com\/revista\/10-datos-del-quetzal-que-tal-vez-ya-conocias-o-quiza-no\/\">Quetzal <\/a>es uno de los espect\u00e1culos naturales m\u00e1s impresionantes de Guatemala, ya que encuentra un refugio natural en \u00e1reas protegidas donde la biodiversidad a\u00fan se conserva.<\/p><p>El Parque Regional Municipal El Mirador Rey Tepepul, ubicado en el municipio de <a href=\"https:\/\/soymigrante.com\/revista\/santiago-atitlan-es-otro-de-los-pueblos-alrededor-del-lago-mas-bello-del-mundo\/\">Santiago Atitl\u00e1n,<\/a> departamento de Solol\u00e1, es uno de esos destinos poco conocidos que sorprenden a quienes buscan naturaleza, tranquilidad y panor\u00e1micas espectaculares del altiplano guatemalteco.\u00a0<\/p><p>Este parque forma parte de la Reserva de uso M\u00faltiple de la Cuenca del <a href=\"https:\/\/soymigrante.com\/revista\/atitlan-lago-de-atitlan\/\">Lago de Atitl\u00e1n<\/a> una zona protegida que resguarda ecosistemas clave alrededor del lago. Desde sus senderos y miradores se pueden observar paisajes que combinan las partes m\u00e1s importantes del lago m\u00e1s emblem\u00e1tico del pa\u00eds.<\/p>\t\t\t\t\t\t\t\t<\/div>\n\t\t\t\t\t<\/div>\n\t\t\t\t<\/div>\n\t\t<div data-particle_enable=\"false\" data-particle-mobile-disabled=\"false\" class=\"elementor-element elementor-element-bf29dad e-flex e-con-boxed e-con e-parent\" data-id=\"bf29dad\" data-element_type=\"container\" data-e-type=\"container\">\n\t\t\t\t\t<div class=\"e-con-inner\">\n\t\t\t\t<div class=\"elementor-element elementor-element-abd1d7e elementor-widget elementor-widget-image\" data-id=\"abd1d7e\" data-element_type=\"widget\" data-e-type=\"widget\" data-widget_type=\"image.default\">\n\t\t\t\t\t\t\t\t\t\t\t\t<figure class=\"wp-caption\">\n\t\t\t\t\t\t\t\t\t\t<img fetchpriority=\"high\" decoding=\"async\" width=\"1140\" height=\"619\" src=\"https:\/\/soymigrante.com\/revista\/wp-content\/uploads\/2026\/03\/foto-quetzal-en-mirador-rey-tepepul-por-ottoniel-supertramp-1140x619.jpg\" class=\"attachment-large size-large wp-image-53518\" alt=\"Secuencia del Quetzal, ave nacional de Guatemala, al llegar al toc\u00f3n donde tiene su nido, en la reserva Mirador Rey Tepepul en Atitl\u00e1n. (Foto Ottoniel Cojul\u00fan Cisneros)\" srcset=\"https:\/\/soymigrante.com\/revista\/wp-content\/uploads\/2026\/03\/foto-quetzal-en-mirador-rey-tepepul-por-ottoniel-supertramp-1140x619.jpg 1140w, https:\/\/soymigrante.com\/revista\/wp-content\/uploads\/2026\/03\/foto-quetzal-en-mirador-rey-tepepul-por-ottoniel-supertramp-300x163.jpg 300w, https:\/\/soymigrante.com\/revista\/wp-content\/uploads\/2026\/03\/foto-quetzal-en-mirador-rey-tepepul-por-ottoniel-supertramp-768x417.jpg 768w, https:\/\/soymigrante.com\/revista\/wp-content\/uploads\/2026\/03\/foto-quetzal-en-mirador-rey-tepepul-por-ottoniel-supertramp-1536x834.jpg 1536w, https:\/\/soymigrante.com\/revista\/wp-content\/uploads\/2026\/03\/foto-quetzal-en-mirador-rey-tepepul-por-ottoniel-supertramp-750x407.jpg 750w, https:\/\/soymigrante.com\/revista\/wp-content\/uploads\/2026\/03\/foto-quetzal-en-mirador-rey-tepepul-por-ottoniel-supertramp.jpg 1543w\" sizes=\"(max-width: 1140px) 100vw, 1140px\" title=\"Secuencia del Quetzal, ave nacional de Guatemala, al llegar al toc\u00f3n donde tiene su nido, en la reserva Mirador Rey Tepepul en Atitl\u00e1n. (Foto Ottoniel Cojul\u00fan Cisneros) \u2013 SoyMigrante.com REVISTA\" \/>\t\t\t\t\t\t\t\t\t\t\t<figcaption class=\"widget-image-caption wp-caption-text\">Secuencia del Quetzal, ave nacional de Guatemala, al llegar al toc\u00f3n donde tiene su nido, en la reserva Mirador Rey Tepepul en Atitl\u00e1n. (Foto Ottoniel Cojul\u00fan Cisneros)<\/figcaption>\n\t\t\t\t\t\t\t\t\t\t<\/figure>\n\t\t\t\t\t\t\t\t\t<\/div>\n\t\t\t\t\t<\/div>\n\t\t\t\t<\/div>\n\t\t<div data-particle_enable=\"false\" data-particle-mobile-disabled=\"false\" class=\"elementor-element elementor-element-9441c75 e-flex e-con-boxed e-con e-parent\" data-id=\"9441c75\" data-element_type=\"container\" data-e-type=\"container\">\n\t\t\t\t\t<div class=\"e-con-inner\">\n\t\t\t\t<div class=\"elementor-element elementor-element-15ce711 elementor-widget elementor-widget-heading\" data-id=\"15ce711\" data-element_type=\"widget\" data-e-type=\"widget\" data-widget_type=\"heading.default\">\n\t\t\t\t\t<h3 class=\"elementor-heading-title elementor-size-default\">Un tesoro natural nacional<\/h3>\t\t\t\t<\/div>\n\t\t\t\t\t<\/div>\n\t\t\t\t<\/div>\n\t\t<div data-particle_enable=\"false\" data-particle-mobile-disabled=\"false\" class=\"elementor-element elementor-element-0776520 e-flex e-con-boxed e-con e-parent\" data-id=\"0776520\" data-element_type=\"container\" data-e-type=\"container\">\n\t\t\t\t\t<div class=\"e-con-inner\">\n\t\t\t\t<div class=\"elementor-element elementor-element-50a182d elementor-widget elementor-widget-text-editor\" data-id=\"50a182d\" data-element_type=\"widget\" data-e-type=\"widget\" data-widget_type=\"text-editor.default\">\n\t\t\t\t\t\t\t\t\t<p>El parque se encuentra a aproximadamente 1,800 metros sobre el nivel del mar y abarca m\u00e1s de 3,500 hect\u00e1reas de bosque, lo que lo convierte en un imponente espacio de conservaci\u00f3n para la biodiversidad de la regi\u00f3n. Su ecosistema principal es el bosque, caracterizado por la humedad constante, la presencia de musgos y una gran variedad de flora y fauna.\u00a0<\/p><p>Gracias a estas condiciones, el lugar se ha convertido en un punto atractivo para caminatas ecol\u00f3gicas, observaci\u00f3n de aves, fotograf\u00eda de paisajes, entre otras actividades.<\/p><p>Entre las especies que habitan el parque se encuentran aves emblem\u00e1ticas de Guatemala, incluyendo el <a href=\"https:\/\/soymigrante.com\/revista\/10-datos-del-quetzal-que-tal-vez-ya-conocias-o-quiza-no\/\">Quetzal, s\u00edmbolo nacional<\/a> que a pesar de estar amenazados por la deforestaci\u00f3n, su supervivencia depende de este lugar.\u00a0<\/p>\t\t\t\t\t\t\t\t<\/div>\n\t\t\t\t\t<\/div>\n\t\t\t\t<\/div>\n\t\t<div data-particle_enable=\"false\" data-particle-mobile-disabled=\"false\" class=\"elementor-element elementor-element-c804956 e-flex e-con-boxed e-con e-parent\" data-id=\"c804956\" data-element_type=\"container\" data-e-type=\"container\">\n\t\t\t\t\t<div class=\"e-con-inner\">\n\t\t\t\t<div class=\"elementor-element elementor-element-7afbda9 elementor-widget elementor-widget-html\" data-id=\"7afbda9\" data-element_type=\"widget\" data-e-type=\"widget\" data-widget_type=\"html.default\">\n\t\t\t\t\t<iframe width=\"560\" height=\"315\" src=\"https:\/\/www.youtube.com\/embed\/OP2zNlAoveI?si=T2SaSYBYVqVCnt3u\" title=\"YouTube video player\" frameborder=\"0\" allow=\"accelerometer; autoplay; clipboard-write; encrypted-media; gyroscope; picture-in-picture; web-share\" referrerpolicy=\"strict-origin-when-cross-origin\" allowfullscreen><\/iframe>\t\t\t\t<\/div>\n\t\t\t\t\t<\/div>\n\t\t\t\t<\/div>\n\t\t<div data-particle_enable=\"false\" data-particle-mobile-disabled=\"false\" class=\"elementor-element elementor-element-b7117f4 e-flex e-con-boxed e-con e-parent\" data-id=\"b7117f4\" data-element_type=\"container\" data-e-type=\"container\">\n\t\t\t\t\t<div class=\"e-con-inner\">\n\t\t\t\t<div class=\"elementor-element elementor-element-535119e elementor-widget elementor-widget-heading\" data-id=\"535119e\" data-element_type=\"widget\" data-e-type=\"widget\" data-widget_type=\"heading.default\">\n\t\t\t\t\t<h3 class=\"elementor-heading-title elementor-size-default\">Recorrido dura de cuatro a ocho horas<\/h3>\t\t\t\t<\/div>\n\t\t\t\t\t<\/div>\n\t\t\t\t<\/div>\n\t\t<div data-particle_enable=\"false\" data-particle-mobile-disabled=\"false\" class=\"elementor-element elementor-element-fee6236 e-flex e-con-boxed e-con e-parent\" data-id=\"fee6236\" data-element_type=\"container\" data-e-type=\"container\">\n\t\t\t\t\t<div class=\"e-con-inner\">\n\t\t\t\t<div class=\"elementor-element elementor-element-c19a8a4 elementor-widget elementor-widget-text-editor\" data-id=\"c19a8a4\" data-element_type=\"widget\" data-e-type=\"widget\" data-widget_type=\"text-editor.default\">\n\t\t\t\t\t\t\t\t\t<p><span style=\"color: #7a7a7a;\">Quienes visitan el parque pueden recorrer distintos senderos naturales que atraviesan el bosque y conducen a varios miradores. Desde estos puntos se obtienen vistas privilegiadas del <a href=\"https:\/\/soymigrante.com\/revista\/atitlan-lago-de-atitlan\/\">Lago de Atitl\u00e1n<\/a> y de los volcanes que lo rodean. Dependiendo del recorrido elegido, la visita puede durar entre cuatro y ocho horas, por lo que es recomendado utilizar ropa c\u00f3moda, calzado adecuado para caminatas, agua y protecci\u00f3n contra la lluvia, ya que el clima del bosque puede cambiar r\u00e1pidamente.<\/span><\/p><p>\u201cLa naturaleza es parte de la vida; los \u00e1rboles son como hermanos, y los grandes \u00e1rboles, mis abuelos\u201d. Cuenta Esteban V\u00e1squez, el coordinador de guardabosques.<\/p><p>Adem\u00e1s de las caminatas, el parque ofrece espacios para picnic, descanso y contacto directo con la naturaleza, lo que lo convierte en un destino ideal para los que buscan escapar del ritmo cotidiano.<\/p><div>\u00a0<\/div>\t\t\t\t\t\t\t\t<\/div>\n\t\t\t\t\t<\/div>\n\t\t\t\t<\/div>\n\t\t<div data-particle_enable=\"false\" data-particle-mobile-disabled=\"false\" class=\"elementor-element elementor-element-80407c2 e-flex e-con-boxed e-con e-parent\" data-id=\"80407c2\" data-element_type=\"container\" data-e-type=\"container\">\n\t\t\t\t\t<div class=\"e-con-inner\">\n\t\t\t\t<div class=\"elementor-element elementor-element-7a9d75a elementor-widget elementor-widget-html\" data-id=\"7a9d75a\" data-element_type=\"widget\" data-e-type=\"widget\" data-widget_type=\"html.default\">\n\t\t\t\t\t<iframe src=\"https:\/\/www.google.com\/maps\/embed?pb=!4v1773237407224!6m8!1m7!1sCAoSFkNJSE0wb2dLRUlDQWdJRDRvSTI2S0E.!2m2!1d14.5981579662951!2d-91.23046002605922!3f201.43894657250036!4f10.678643515573867!5f0.4000000000000002\" width=\"600\" height=\"450\" style=\"border:0;\" allowfullscreen=\"\" loading=\"lazy\" referrerpolicy=\"no-referrer-when-downgrade\"><\/iframe>\t\t\t\t<\/div>\n\t\t\t\t\t<\/div>\n\t\t\t\t<\/div>\n\t\t<div data-particle_enable=\"false\" data-particle-mobile-disabled=\"false\" class=\"elementor-element elementor-element-3bfa372 e-flex e-con-boxed e-con e-parent\" data-id=\"3bfa372\" data-element_type=\"container\" data-e-type=\"container\">\n\t\t\t\t\t<div class=\"e-con-inner\">\n\t\t\t\t<div class=\"elementor-element elementor-element-d89413f elementor-widget elementor-widget-heading\" data-id=\"d89413f\" data-element_type=\"widget\" data-e-type=\"widget\" data-widget_type=\"heading.default\">\n\t\t\t\t\t<h3 class=\"elementor-heading-title elementor-size-default\">Un nombre emblem\u00e1tico<\/h3>\t\t\t\t<\/div>\n\t\t\t\t\t<\/div>\n\t\t\t\t<\/div>\n\t\t<div data-particle_enable=\"false\" data-particle-mobile-disabled=\"false\" class=\"elementor-element elementor-element-e822dfd e-flex e-con-boxed e-con e-parent\" data-id=\"e822dfd\" data-element_type=\"container\" data-e-type=\"container\">\n\t\t\t\t\t<div class=\"e-con-inner\">\n\t\t\t\t<div class=\"elementor-element elementor-element-72bdfed elementor-widget elementor-widget-text-editor\" data-id=\"72bdfed\" data-element_type=\"widget\" data-e-type=\"widget\" data-widget_type=\"text-editor.default\">\n\t\t\t\t\t\t\t\t\t<p>El nombre del parque tiene un profundo significado cultural para la regi\u00f3n. \u201cRey Tepepul\u201d hace referencia a un l\u00edder ancestral relacionado con la historia del pueblo <a href=\"https:\/\/soymigrante.com\/revista\/pueblo-tzutujil-se-cobija-en-el-lago-atitlan-hace-mas-de-7-siglos\/\">Tz\u2019utujil<\/a>, que habita en Santiago Atitl\u00e1n y sus alrededores.<\/p><p>Para las comunidades locales, este territorio no solo representa un espacio natural, sino tambi\u00e9n un lugar vinculado a la memoria hist\u00f3rica y a la identidad cultural de la regi\u00f3n. Eso convierte a este es un destino maravilloso para conocer parte de la cultura guatemalteca.<\/p>\t\t\t\t\t\t\t\t<\/div>\n\t\t\t\t\t<\/div>\n\t\t\t\t<\/div>\n\t\t<div data-particle_enable=\"false\" data-particle-mobile-disabled=\"false\" class=\"elementor-element elementor-element-a984aff e-flex e-con-boxed e-con e-parent\" data-id=\"a984aff\" data-element_type=\"container\" data-e-type=\"container\">\n\t\t\t\t\t<div class=\"e-con-inner\">\n\t\t\t\t<div class=\"elementor-element elementor-element-5180dd1 elementor-widget elementor-widget-html\" data-id=\"5180dd1\" data-element_type=\"widget\" data-e-type=\"widget\" data-widget_type=\"html.default\">\n\t\t\t\t\t<iframe src=\"https:\/\/www.google.com\/maps\/embed?pb=!1m18!1m12!1m3!1d10517.352224882427!2d-91.23835644939909!3d14.595956869527797!2m3!1f0!2f0!3f0!3m2!1i1024!2i768!4f13.1!3m3!1m2!1s0x858ecb01b9aa750f%3A0xf640ce01ef75f987!2sMirador%20Rey%20Tepepul%20Reserva%20Natural%20de%20Atitlan!5e1!3m2!1ses!2sgt!4v1773237477381!5m2!1ses!2sgt\" width=\"600\" height=\"450\" style=\"border:0;\" allowfullscreen=\"\" loading=\"lazy\" referrerpolicy=\"no-referrer-when-downgrade\"><\/iframe>\t\t\t\t<\/div>\n\t\t\t\t\t<\/div>\n\t\t\t\t<\/div>\n\t\t<div data-particle_enable=\"false\" data-particle-mobile-disabled=\"false\" class=\"elementor-element elementor-element-f2b11f3 e-flex e-con-boxed e-con e-parent\" data-id=\"f2b11f3\" data-element_type=\"container\" data-e-type=\"container\">\n\t\t\t\t\t<div class=\"e-con-inner\">\n\t\t\t\t<div class=\"elementor-element elementor-element-0f40106 elementor-widget elementor-widget-heading\" data-id=\"0f40106\" data-element_type=\"widget\" data-e-type=\"widget\" data-widget_type=\"heading.default\">\n\t\t\t\t\t<h3 class=\"elementor-heading-title elementor-size-default\">\u00bfC\u00f3mo llegar?<\/h3>\t\t\t\t<\/div>\n\t\t\t\t\t<\/div>\n\t\t\t\t<\/div>\n\t\t<div data-particle_enable=\"false\" data-particle-mobile-disabled=\"false\" class=\"elementor-element elementor-element-a74bdc0 e-flex e-con-boxed e-con e-parent\" data-id=\"a74bdc0\" data-element_type=\"container\" data-e-type=\"container\">\n\t\t\t\t\t<div class=\"e-con-inner\">\n\t\t\t\t<div class=\"elementor-element elementor-element-4cff35c elementor-widget elementor-widget-text-editor\" data-id=\"4cff35c\" data-element_type=\"widget\" data-e-type=\"widget\" data-widget_type=\"text-editor.default\">\n\t\t\t\t\t\t\t\t\t<p>Existen varias rutas para llegar al Mirador.<\/p><ul><li><a href=\"https:\/\/maps.app.goo.gl\/LUVSejLFupzLYFgs7\">Desde ciudad de Guatemala hacia el Altiplano:<\/a> Tomar la carretera CA-1 Interamericana hacia el occidente. En el kil\u00f3metro 116, conocido como Las Trampas, tomar el desv\u00edo hacia God\u00ednez y San Lucas Tolim\u00e1n. Continuar hasta Santiago Atitl\u00e1n. Desde all\u00ed se recorre un camino de aproximadamente 6 kil\u00f3metros que conduce al parque.<\/li><li><a href=\"https:\/\/maps.app.goo.gl\/6nntGTf1r9DG7Nxx9\">Ruta por la costa sur:<\/a> Otra opci\u00f3n es viajar por la CA-2 hasta Cocales, continuar hacia Patulul y luego dirigirse a San Lucas Tolim\u00e1n, desde donde se puede llegar a Santiago Atitl\u00e1n.\u00a0<\/li><li>Tambi\u00e9n la alternativa de viajar en lancha desde Panajachel o San Pedro La Laguna hacia Santiago Atitl\u00e1n, una ruta popular para quienes visitan el Lago de Atitl\u00e1n.<\/li><\/ul><p><b>Consejos para visitantes:<\/b><\/p><p>Si planeas explorar el parque, te dar\u00e9 algunas recomendaciones:<\/p><ul><li>Llevar botas o zapatos para senderismo<\/li><li>Usar ropa c\u00f3moda e impermeable<\/li><li>Llevar suficiente agua y snacks<\/li><li>Respetar las normas del \u00e1rea protegida y no dejar basura<\/li><li>Visitar con gu\u00edas locales cuando sea posible, para conocer mejor la historia y biodiversidad del lugar<\/li><\/ul><p>Aunque muchos de los visitantes llegan al Lago de Atitl\u00e1n atra\u00eddos por sus pueblos y volcanes, lugares como el Parque Regional Municipal El Mirador Rey Tepepul muestran otra parte de los territorios guatemaltecos: donde la naturaleza, la cultura y la historia se encuentran en silencio entre las monta\u00f1as.<\/p>\t\t\t\t\t\t\t\t<\/div>\n\t\t\t\t\t<\/div>\n\t\t\t\t<\/div>\n\t\t<div data-particle_enable=\"false\" data-particle-mobile-disabled=\"false\" class=\"elementor-element elementor-element-8bea91a e-flex e-con-boxed e-con e-parent\" data-id=\"8bea91a\" data-element_type=\"container\" data-e-type=\"container\">\n\t\t\t\t\t<div class=\"e-con-inner\">\n\t\t\t\t<div class=\"elementor-element elementor-element-29a434b elementor-widget elementor-widget-image\" data-id=\"29a434b\" data-element_type=\"widget\" data-e-type=\"widget\" data-widget_type=\"image.default\">\n\t\t\t\t\t\t\t\t\t\t\t\t<figure class=\"wp-caption\">\n\t\t\t\t\t\t\t\t\t\t<img decoding=\"async\" width=\"766\" height=\"1024\" src=\"https:\/\/soymigrante.com\/revista\/wp-content\/uploads\/2026\/03\/mirador-rey-tepepul-cascada-766x1024.jpg\" class=\"attachment-large size-large wp-image-53522\" alt=\"En el interior de la reserva hay riachuelos y cascadas, enmedio del canto de p\u00e1jaros. (Foto redes sociales Parque Mirador Rey Tepepul)\" srcset=\"https:\/\/soymigrante.com\/revista\/wp-content\/uploads\/2026\/03\/mirador-rey-tepepul-cascada-766x1024.jpg 766w, https:\/\/soymigrante.com\/revista\/wp-content\/uploads\/2026\/03\/mirador-rey-tepepul-cascada-224x300.jpg 224w, https:\/\/soymigrante.com\/revista\/wp-content\/uploads\/2026\/03\/mirador-rey-tepepul-cascada-768x1027.jpg 768w, https:\/\/soymigrante.com\/revista\/wp-content\/uploads\/2026\/03\/mirador-rey-tepepul-cascada-1149x1536.jpg 1149w, https:\/\/soymigrante.com\/revista\/wp-content\/uploads\/2026\/03\/mirador-rey-tepepul-cascada-750x1003.jpg 750w, https:\/\/soymigrante.com\/revista\/wp-content\/uploads\/2026\/03\/mirador-rey-tepepul-cascada-1140x1524.jpg 1140w, https:\/\/soymigrante.com\/revista\/wp-content\/uploads\/2026\/03\/mirador-rey-tepepul-cascada.jpg 1532w\" sizes=\"(max-width: 766px) 100vw, 766px\" title=\"En  el interior de la reserva hay riachuelos y cascadas, enmedio del canto de p\u00e1jaros. (Foto redes sociales Parque Mirador Rey Tepepul) \u2013 SoyMigrante.com REVISTA\" \/>\t\t\t\t\t\t\t\t\t\t\t<figcaption class=\"widget-image-caption wp-caption-text\">En  el interior de la reserva hay riachuelos y cascadas, enmedio del canto de p\u00e1jaros. (Foto redes sociales Parque Mirador Rey Tepepul)<\/figcaption>\n\t\t\t\t\t\t\t\t\t\t<\/figure>\n\t\t\t\t\t\t\t\t\t<\/div>\n\t\t\t\t\t<\/div>\n\t\t\t\t<\/div>\n\t\t<div data-particle_enable=\"false\" data-particle-mobile-disabled=\"false\" class=\"elementor-element elementor-element-02150ab e-flex e-con-boxed e-con e-parent\" data-id=\"02150ab\" data-element_type=\"container\" data-e-type=\"container\">\n\t\t\t\t\t<div class=\"e-con-inner\">\n\t\t\t\t<div class=\"elementor-element elementor-element-faaacd1 elementor-widget elementor-widget-heading\" data-id=\"faaacd1\" data-element_type=\"widget\" data-e-type=\"widget\" data-widget_type=\"heading.default\">\n\t\t\t\t\t<h3 class=\"elementor-heading-title elementor-size-default\">Comentarios de visitantes admirados<\/h3>\t\t\t\t<\/div>\n\t\t\t\t\t<\/div>\n\t\t\t\t<\/div>\n\t\t<div data-particle_enable=\"false\" data-particle-mobile-disabled=\"false\" class=\"elementor-element elementor-element-96cf89d e-flex e-con-boxed e-con e-parent\" data-id=\"96cf89d\" data-element_type=\"container\" data-e-type=\"container\">\n\t\t\t\t\t<div class=\"e-con-inner\">\n\t\t\t\t<div class=\"elementor-element elementor-element-4f4389d elementor-widget elementor-widget-text-editor\" data-id=\"4f4389d\" data-element_type=\"widget\" data-e-type=\"widget\" data-widget_type=\"text-editor.default\">\n\t\t\t\t\t\t\t\t\t<p>En las redes sociales de la reserva y tambi\u00e9n Google reviews abundan los recuerdos positivos de visitantes.<\/p><p>Wendy Iguardia dice: \u201cBell\u00edsimo, fuimos a observar el quetzal, que en marzo del 2023 estaba anidando de las mejor experiencias de mi vida, Juan nuestro gu\u00eda fue muy amable y cuidadoso siempre, nos dio un caf\u00e9 tan delicioso, que el aroma y el sabor lo tenemos grabado en el coraz\u00f3n tienes que ir a Santiago Atitl\u00e1n\u201d<\/p><p>Chao Shi comparte: \u201cSi quieres ver Quetzales sin un gu\u00eda debes estar en camino a eso de las 6 de la ma\u00f1ana y caminar hasta el punto de avistamiento.\u00a0 No te perder\u00e1s, usa Maps.me para guiarte. Pero el camino est\u00e1 claramente marcado. Trae abrigo, hay fr\u00edo en la ma\u00f1ana&#8221;.<\/p><p>Armando Palomo: \u201cObservamos varias especies de aves voladoras migratorias. Especialmente pudimos observar el Quetzal. \u00a1Gu\u00eda excelente y con mucha experiencia!\u201d<\/p><p>\u00a0<\/p>\t\t\t\t\t\t\t\t<\/div>\n\t\t\t\t\t<\/div>\n\t\t\t\t<\/div>\n\t\t<div data-particle_enable=\"false\" data-particle-mobile-disabled=\"false\" class=\"elementor-element elementor-element-2624daf e-flex e-con-boxed e-con e-parent\" data-id=\"2624daf\" data-element_type=\"container\" data-e-type=\"container\">\n\t\t\t\t\t<div class=\"e-con-inner\">\n\t\t\t\t<div class=\"elementor-element elementor-element-0b3bca2 elementor-widget elementor-widget-heading\" data-id=\"0b3bca2\" data-element_type=\"widget\" data-e-type=\"widget\" data-widget_type=\"heading.default\">\n\t\t\t\t\t<h2 class=\"elementor-heading-title elementor-size-default\">Quiz\u00e1 tambi\u00e9n te podr\u00eda interesar<\/h2>\t\t\t\t<\/div>\n\t\t\t\t\t<\/div>\n\t\t\t\t<\/div>\n\t\t<div data-particle_enable=\"false\" data-particle-mobile-disabled=\"false\" class=\"elementor-element elementor-element-df7da8d e-flex e-con-boxed e-con e-parent\" data-id=\"df7da8d\" data-element_type=\"container\" data-e-type=\"container\">\n\t\t\t\t\t<div class=\"e-con-inner\">\n\t\t\t\t<div class=\"elementor-element elementor-element-df0006f elementor-grid-eael-col-3 elementor-grid-tablet-eael-col-2 elementor-grid-mobile-eael-col-1 elementor-widget elementor-widget-eael-post-grid\" data-id=\"df0006f\" data-element_type=\"widget\" data-e-type=\"widget\" data-settings=\"{&quot;eael_post_grid_columns&quot;:&quot;eael-col-3&quot;,&quot;eael_post_grid_columns_tablet&quot;:&quot;eael-col-2&quot;,&quot;eael_post_grid_columns_mobile&quot;:&quot;eael-col-1&quot;}\" data-widget_type=\"eael-post-grid.default\">\n\t\t\t\t\t<div id=\"eael-post-grid-df0006f\" class=\"eael-post-grid-container\">\n            <div class=\"eael-post-grid eael-post-appender eael-post-appender-df0006f eael-post-grid-style-one\" data-layout-mode=\"masonry\"><article class=\"eael-grid-post  eael-post-grid-column eael-pg-post-827 category-guate-nuestra-simbolos-patrios-guate-nuestra\" data-id=\"827\">\n        <div class=\"eael-grid-post-holder\">\n            <div class=\"eael-grid-post-holder-inner\"><div class=\"eael-entry-media\"><div class=\"eael-entry-overlay fade-in\"><i class=\"far fa-hand-pointer\" aria-hidden=\"true\"><\/i><a href=\"https:\/\/soymigrante.com\/revista\/10-datos-del-quetzal-que-tal-vez-ya-conocias-o-quiza-no\/\"><\/a><\/div><div class=\"eael-entry-thumbnail eael-image-ratio\">\n                <img decoding=\"async\" width=\"1024\" height=\"745\" src=\"https:\/\/soymigrante.com\/revista\/wp-content\/uploads\/2023\/03\/soy-migrante-quetzal-alimenta-se-ve-pichon-credito-ottoniel-cojulun-1024x745.jpg\" class=\"attachment-large size-large wp-image-625\" alt=\"Foto: Ottoniel Cojul\u00fan\" srcset=\"https:\/\/soymigrante.com\/revista\/wp-content\/uploads\/2023\/03\/soy-migrante-quetzal-alimenta-se-ve-pichon-credito-ottoniel-cojulun-1024x745.jpg 1024w, https:\/\/soymigrante.com\/revista\/wp-content\/uploads\/2023\/03\/soy-migrante-quetzal-alimenta-se-ve-pichon-credito-ottoniel-cojulun-300x218.webp 300w, https:\/\/soymigrante.com\/revista\/wp-content\/uploads\/2023\/03\/soy-migrante-quetzal-alimenta-se-ve-pichon-credito-ottoniel-cojulun-768x558.jpg 768w, https:\/\/soymigrante.com\/revista\/wp-content\/uploads\/2023\/03\/soy-migrante-quetzal-alimenta-se-ve-pichon-credito-ottoniel-cojulun-1536x1117.jpg 1536w, https:\/\/soymigrante.com\/revista\/wp-content\/uploads\/2023\/03\/soy-migrante-quetzal-alimenta-se-ve-pichon-credito-ottoniel-cojulun-120x86.webp 120w, https:\/\/soymigrante.com\/revista\/wp-content\/uploads\/2023\/03\/soy-migrante-quetzal-alimenta-se-ve-pichon-credito-ottoniel-cojulun-750x545.webp 750w, https:\/\/soymigrante.com\/revista\/wp-content\/uploads\/2023\/03\/soy-migrante-quetzal-alimenta-se-ve-pichon-credito-ottoniel-cojulun-1140x829.jpg 1140w, https:\/\/soymigrante.com\/revista\/wp-content\/uploads\/2023\/03\/soy-migrante-quetzal-alimenta-se-ve-pichon-credito-ottoniel-cojulun.webp 1920w\" sizes=\"(max-width: 1024px) 100vw, 1024px\" \/>\n            <\/div>\n        <\/div><div class=\"eael-entry-wrapper\"><header class=\"eael-entry-header\"><h2 class=\"eael-entry-title\"><a class=\"eael-grid-post-link\" href=\"https:\/\/soymigrante.com\/revista\/10-datos-del-quetzal-que-tal-vez-ya-conocias-o-quiza-no\/\" title=\"\u00bfEn d\u00f3nde habita el Quetzal?&#8230; y otras 10 preguntas sobre el ave s\u00edmbolo de Guatemala\">\u00bfEn d\u00f3nde habita el Quetzal?&#8230; y otras 10 preguntas sobre el ave s\u00edmbolo de Guatemala<\/a><\/h2><\/header><div class=\"eael-entry-content\">\n                        <div class=\"eael-grid-post-excerpt\"><a href=\"https:\/\/soymigrante.com\/revista\/10-datos-del-quetzal-que-tal-vez-ya-conocias-o-quiza-no\/\" class=\"eael-post-elements-readmore-btn\">CONOCE SU HISTORIA <\/a><\/div>\n                    <\/div><\/div><\/div>\n        <\/div>\n    <\/article><article class=\"eael-grid-post  eael-post-grid-column eael-pg-post-53095 category-guate-nuestra-riqueza-natural\" data-id=\"53095\">\n        <div class=\"eael-grid-post-holder\">\n            <div class=\"eael-grid-post-holder-inner\"><div class=\"eael-entry-media\"><div class=\"eael-entry-overlay fade-in\"><i class=\"far fa-hand-pointer\" aria-hidden=\"true\"><\/i><a href=\"https:\/\/soymigrante.com\/revista\/avifotografo-ottoniel-cojulun-retrata-la-vida-con-alas-en-guatemala-deslumbrante-galeria-de-imagenes\/\"><\/a><\/div><div class=\"eael-entry-thumbnail eael-image-ratio\">\n                <img loading=\"lazy\" decoding=\"async\" width=\"1024\" height=\"1024\" src=\"https:\/\/soymigrante.com\/revista\/wp-content\/uploads\/2026\/03\/colibri-cola-blanca-ottoniel-cojulun-cisneros-1024x1024.jpg\" class=\"attachment-large size-large wp-image-53101\" alt=\"colibri cola blanca ottoniel cojulun cisneros\" srcset=\"https:\/\/soymigrante.com\/revista\/wp-content\/uploads\/2026\/03\/colibri-cola-blanca-ottoniel-cojulun-cisneros-1024x1024.jpg 1024w, https:\/\/soymigrante.com\/revista\/wp-content\/uploads\/2026\/03\/colibri-cola-blanca-ottoniel-cojulun-cisneros-300x300.jpg 300w, https:\/\/soymigrante.com\/revista\/wp-content\/uploads\/2026\/03\/colibri-cola-blanca-ottoniel-cojulun-cisneros-150x150.jpg 150w, https:\/\/soymigrante.com\/revista\/wp-content\/uploads\/2026\/03\/colibri-cola-blanca-ottoniel-cojulun-cisneros-768x768.jpg 768w, https:\/\/soymigrante.com\/revista\/wp-content\/uploads\/2026\/03\/colibri-cola-blanca-ottoniel-cojulun-cisneros-75x75.jpg 75w, https:\/\/soymigrante.com\/revista\/wp-content\/uploads\/2026\/03\/colibri-cola-blanca-ottoniel-cojulun-cisneros-750x750.jpg 750w, https:\/\/soymigrante.com\/revista\/wp-content\/uploads\/2026\/03\/colibri-cola-blanca-ottoniel-cojulun-cisneros-1140x1140.jpg 1140w, https:\/\/soymigrante.com\/revista\/wp-content\/uploads\/2026\/03\/colibri-cola-blanca-ottoniel-cojulun-cisneros.jpg 1359w\" sizes=\"(max-width: 1024px) 100vw, 1024px\" \/>\n            <\/div>\n        <\/div><div class=\"eael-entry-wrapper\"><header class=\"eael-entry-header\"><h2 class=\"eael-entry-title\"><a class=\"eael-grid-post-link\" href=\"https:\/\/soymigrante.com\/revista\/avifotografo-ottoniel-cojulun-retrata-la-vida-con-alas-en-guatemala-deslumbrante-galeria-de-imagenes\/\" title=\"Avifot\u00f3grafo Ottoniel Cojul\u00fan retrata la vida con alas en Guatemala: deslumbrante galer\u00eda de im\u00e1genes\">Avifot\u00f3grafo Ottoniel Cojul\u00fan retrata la vida con alas en Guatemala: deslumbrante galer\u00eda de im\u00e1genes<\/a><\/h2><\/header><div class=\"eael-entry-content\">\n                        <div class=\"eael-grid-post-excerpt\"><a href=\"https:\/\/soymigrante.com\/revista\/avifotografo-ottoniel-cojulun-retrata-la-vida-con-alas-en-guatemala-deslumbrante-galeria-de-imagenes\/\" class=\"eael-post-elements-readmore-btn\">CONOCE SU HISTORIA <\/a><\/div>\n                    <\/div><\/div><\/div>\n        <\/div>\n    <\/article><article class=\"eael-grid-post  eael-post-grid-column eael-pg-post-8594 category-guate-nuestra\" data-id=\"8594\">\n        <div class=\"eael-grid-post-holder\">\n            <div class=\"eael-grid-post-holder-inner\"><div class=\"eael-entry-media\"><div class=\"eael-entry-overlay fade-in\"><i class=\"far fa-hand-pointer\" aria-hidden=\"true\"><\/i><a href=\"https:\/\/soymigrante.com\/revista\/10-pueblos-a-la-orilla-del-lago-de-atitlan-que-debes-descubrir\/\"><\/a><\/div><div class=\"eael-entry-thumbnail eael-image-ratio\">\n                <img loading=\"lazy\" decoding=\"async\" width=\"1024\" height=\"1024\" src=\"https:\/\/soymigrante.com\/revista\/wp-content\/uploads\/2024\/08\/agricultura-san-antonio-palopo-face-soy-migrante-2-1024x1024.webp\" class=\"attachment-large size-large wp-image-8615\" alt=\"Paisaje del Lago de Atitl\u00e1n, volcanes y zonas agr\u00edcolas en Guatemala, turismo y paisaje natural en Centroam\u00e9rica.\" srcset=\"https:\/\/soymigrante.com\/revista\/wp-content\/uploads\/2024\/08\/agricultura-san-antonio-palopo-face-soy-migrante-2-1024x1024.webp 1024w, https:\/\/soymigrante.com\/revista\/wp-content\/uploads\/2024\/08\/agricultura-san-antonio-palopo-face-soy-migrante-2-300x300.webp 300w, https:\/\/soymigrante.com\/revista\/wp-content\/uploads\/2024\/08\/agricultura-san-antonio-palopo-face-soy-migrante-2-150x150.webp 150w, https:\/\/soymigrante.com\/revista\/wp-content\/uploads\/2024\/08\/agricultura-san-antonio-palopo-face-soy-migrante-2-768x768.webp 768w, https:\/\/soymigrante.com\/revista\/wp-content\/uploads\/2024\/08\/agricultura-san-antonio-palopo-face-soy-migrante-2-1536x1536.webp 1536w, https:\/\/soymigrante.com\/revista\/wp-content\/uploads\/2024\/08\/agricultura-san-antonio-palopo-face-soy-migrante-2-75x75.webp 75w, https:\/\/soymigrante.com\/revista\/wp-content\/uploads\/2024\/08\/agricultura-san-antonio-palopo-face-soy-migrante-2-750x750.webp 750w, https:\/\/soymigrante.com\/revista\/wp-content\/uploads\/2024\/08\/agricultura-san-antonio-palopo-face-soy-migrante-2-1140x1140.webp 1140w, https:\/\/soymigrante.com\/revista\/wp-content\/uploads\/2024\/08\/agricultura-san-antonio-palopo-face-soy-migrante-2.webp 1538w\" sizes=\"(max-width: 1024px) 100vw, 1024px\" \/>\n            <\/div>\n        <\/div><div class=\"eael-entry-wrapper\"><header class=\"eael-entry-header\"><h2 class=\"eael-entry-title\"><a class=\"eael-grid-post-link\" href=\"https:\/\/soymigrante.com\/revista\/10-pueblos-a-la-orilla-del-lago-de-atitlan-que-debes-descubrir\/\" title=\"Ocho pueblos a la orilla del lago de Atitl\u00e1n que debes descubrir\">Ocho pueblos a la orilla del lago de Atitl\u00e1n que debes descubrir<\/a><\/h2><\/header><div class=\"eael-entry-content\">\n                        <div class=\"eael-grid-post-excerpt\"><a href=\"https:\/\/soymigrante.com\/revista\/10-pueblos-a-la-orilla-del-lago-de-atitlan-que-debes-descubrir\/\" class=\"eael-post-elements-readmore-btn\">CONOCE SU HISTORIA <\/a><\/div>\n                    <\/div><\/div><\/div>\n        <\/div>\n    <\/article><\/div>\n            <div class=\"clearfix\"><\/div>\n        <\/div>\t\t\t\t<\/div>\n\t\t\t\t\t<\/div>\n\t\t\t\t<\/div>\n\t\t\t\t<\/div>\n\t\t","protected":false},"excerpt":{"rendered":"<p>Un lugar para salir de la rutina en coraz\u00f3n de Santiago Atitl\u00e1n, Solol\u00e1, Guatemala: bosque, r\u00edos, volcanes y el majestuoso lago, pero adem\u00e1s con un poco de suerte y en la temporada adecuada, podr\u00edas ver al Quetzal. Por Mari\u00e1ngel \u00c1lvarez Prado, estudiante de Comunicaci\u00f3n de la Universidad Rafael Land\u00edvar.\u00a0 En las monta\u00f1as que rodean el [&hellip;]<\/p>\n","protected":false},"author":1,"featured_media":53515,"comment_status":"open","ping_status":"open","sticky":false,"template":"","format":"standard","meta":{"_acf_changed":false,"_eb_attr":"","footnotes":""},"categories":[58,289],"tags":[],"class_list":["post-53514","post","type-post","status-publish","format-standard","has-post-thumbnail","hentry","category-guate-nuestra","category-riqueza-natural"],"acf":[],"aioseo_notices":[],"aioseo_head":"\n\t\t<!-- All in One SEO Pro 4.9.6.2 - aioseo.com -->\n\t<meta name=\"description\" content=\"Aunque ya has de conocer esta historia y algunos pueblos de la orilla del lago de Atitl\u00e1n, te compartimos datos de inter\u00e9s para explorar cada uno.\" \/>\n\t<meta name=\"robots\" content=\"max-snippet:-1, max-image-preview:large, max-video-preview:-1\" \/>\n\t<meta name=\"author\" content=\"Beatriz Tercero\"\/>\n\t<link rel=\"canonical\" href=\"https:\/\/soymigrante.com\/revista\/10-pueblos-a-la-orilla-del-lago-de-atitlan-que-debes-descubrir\/\" \/>\n\t<meta name=\"generator\" content=\"All in One SEO Pro (AIOSEO) 4.9.6.2\" \/>\n\n\t\t<link rel=\"preconnect\" href=\"https:\/\/fonts.googleapis.com\" crossorigin>\n<link rel=\"preconnect\" href=\"https:\/\/fonts.gstatic.com\" crossorigin>\n\t\t<meta property=\"og:locale\" content=\"es_ES\" \/>\n\t\t<meta property=\"og:site_name\" content=\"SoyMigrante.com REVISTA \u2013 Nuestra misi\u00f3n es reconocer y dignificar al migrante.\" \/>\n\t\t<meta property=\"og:type\" content=\"article\" \/>\n\t\t<meta property=\"og:title\" content=\"Ocho pueblos a la orilla del lago de Atitl\u00e1n que debes descubrir\" \/>\n\t\t<meta property=\"og:description\" content=\"Aunque ya has de conocer esta historia y algunos pueblos de la orilla del lago de Atitl\u00e1n, te compartimos datos de inter\u00e9s para explorar cada uno.\" \/>\n\t\t<meta property=\"og:url\" content=\"https:\/\/soymigrante.com\/revista\/10-pueblos-a-la-orilla-del-lago-de-atitlan-que-debes-descubrir\/\" \/>\n\t\t<meta property=\"og:image\" content=\"https:\/\/soymigrante.com\/revista\/wp-content\/uploads\/2024\/08\/agricultura-san-antonio-palopo-face-soy-migrante-2.webp\" \/>\n\t\t<meta property=\"og:image:secure_url\" content=\"https:\/\/soymigrante.com\/revista\/wp-content\/uploads\/2024\/08\/agricultura-san-antonio-palopo-face-soy-migrante-2.webp\" \/>\n\t\t<meta property=\"og:image:width\" content=\"1538\" \/>\n\t\t<meta property=\"og:image:height\" content=\"1538\" \/>\n\t\t<meta property=\"article:published_time\" content=\"2024-08-31T16:29:40+00:00\" \/>\n\t\t<meta property=\"article:modified_time\" content=\"2025-01-09T15:18:49+00:00\" \/>\n\t\t<meta property=\"article:publisher\" content=\"https:\/\/www.facebook.com\/soymigrantecom\" \/>\n\t\t<meta name=\"twitter:card\" content=\"summary_large_image\" \/>\n\t\t<meta name=\"twitter:site\" content=\"@SoyMigrante_com\" \/>\n\t\t<meta name=\"twitter:title\" content=\"Ocho pueblos a la orilla del lago de Atitl\u00e1n que debes descubrir\" \/>\n\t\t<meta name=\"twitter:description\" content=\"Aunque ya has de conocer esta historia y algunos pueblos de la orilla del lago de Atitl\u00e1n, te compartimos datos de inter\u00e9s para explorar cada uno.\" \/>\n\t\t<meta name=\"twitter:creator\" content=\"@SoyMigrante_com\" \/>\n\t\t<meta name=\"twitter:image\" content=\"https:\/\/soymigrante.com\/revista\/wp-content\/uploads\/2024\/08\/agricultura-san-antonio-palopo-face-soy-migrante-2.webp\" \/>\n\t\t<!-- All in One SEO Pro -->\r\n\t\t<title>Ocho pueblos a la orilla del lago de Atitl\u00e1n que debes descubrir<\/title>\n\n","aioseo_head_json":{"title":"Ocho pueblos a la orilla del lago de Atitl\u00e1n que debes descubrir","description":"Aunque ya has de conocer esta historia y algunos pueblos de la orilla del lago de Atitl\u00e1n, te compartimos datos de inter\u00e9s para explorar cada uno.","canonical_url":"https:\/\/soymigrante.com\/revista\/10-pueblos-a-la-orilla-del-lago-de-atitlan-que-debes-descubrir\/","robots":"max-snippet:-1, max-image-preview:large, max-video-preview:-1","keywords":"","webmasterTools":{"miscellaneous":"&lt;link rel=\"preconnect\" href=\"https:\/\/fonts.googleapis.com\" crossorigin&gt;\n&lt;link rel=\"preconnect\" href=\"https:\/\/fonts.gstatic.com\" crossorigin&gt;"},"schema":null,"og:locale":"es_ES","og:site_name":"SoyMigrante.com REVISTA \u2013 Nuestra misi\u00f3n es reconocer y dignificar al migrante.","og:type":"article","og:title":"Ocho pueblos a la orilla del lago de Atitl\u00e1n que debes descubrir","og:description":"Aunque ya has de conocer esta historia y algunos pueblos de la orilla del lago de Atitl\u00e1n, te compartimos datos de inter\u00e9s para explorar cada uno.","og:url":"https:\/\/soymigrante.com\/revista\/10-pueblos-a-la-orilla-del-lago-de-atitlan-que-debes-descubrir\/","og:image":"https:\/\/soymigrante.com\/revista\/wp-content\/uploads\/2024\/08\/agricultura-san-antonio-palopo-face-soy-migrante-2.webp","og:image:secure_url":"https:\/\/soymigrante.com\/revista\/wp-content\/uploads\/2024\/08\/agricultura-san-antonio-palopo-face-soy-migrante-2.webp","og:image:width":1538,"og:image:height":1538,"article:published_time":"2024-08-31T16:29:40+00:00","article:modified_time":"2025-01-09T15:18:49+00:00","article:publisher":"https:\/\/www.facebook.com\/soymigrantecom","twitter:card":"summary_large_image","twitter:site":"@SoyMigrante_com","twitter:title":"Ocho pueblos a la orilla del lago de Atitl\u00e1n que debes descubrir","twitter:description":"Aunque ya has de conocer esta historia y algunos pueblos de la orilla del lago de Atitl\u00e1n, te compartimos datos de inter\u00e9s para explorar cada uno.","twitter:creator":"@SoyMigrante_com","twitter:image":"https:\/\/soymigrante.com\/revista\/wp-content\/uploads\/2024\/08\/agricultura-san-antonio-palopo-face-soy-migrante-2.webp"},"aioseo_meta_data":{"post_id":"53514","title":"Mirador Rey Tepepul es hogar del Quetzal en Atitl\u00e1n","description":"Localizada en Santiago Atitl\u00e1n, la reserva natural Rey Tepepul es un para\u00edso ecotur\u00edstico que adem\u00e1s es h\u00e1bitat del Quetzal, ave nacional. C\u00f3mo llegar y m\u00e1s.","keywords":null,"keyphrases":{"focus":{"keyphrase":"Quetzal","score":82,"analysis":{"keyphraseInTitle":{"score":9,"maxScore":9,"error":0},"keyphraseInDescription":{"score":9,"maxScore":9,"error":0},"keyphraseLength":{"score":9,"maxScore":9,"error":0,"length":1},"keyphraseInURL":{"score":5,"maxScore":5,"error":0},"keyphraseInIntroduction":{"score":3,"maxScore":9,"error":1},"keyphraseInSubHeadings":{"score":3,"maxScore":9,"error":1},"keyphraseInImageAlt":{"score":9,"maxScore":9,"error":0},"keywordDensity":{"type":"best","score":9,"maxScore":9,"error":0}}},"additional":[{"keyphrase":"Ecotur\u00edstico","score":53,"analysis":{"keyphraseInDescription":{"score":9,"maxScore":9,"error":0},"keyphraseLength":{"score":9,"maxScore":9,"error":0,"length":2},"keyphraseInIntroduction":{"score":3,"maxScore":9,"error":1},"keyphraseInImageAlt":{"score":3,"maxScore":9,"error":1},"keywordDensity":{"score":0,"type":"low","maxScore":9,"error":1}}},{"keyphrase":"Guatemala","score":73,"analysis":{"keyphraseInDescription":{"score":3,"maxScore":9,"error":1},"keyphraseLength":{"score":9,"maxScore":9,"error":0,"length":1},"keyphraseInIntroduction":{"score":3,"maxScore":9,"error":1},"keyphraseInImageAlt":{"score":9,"maxScore":9,"error":0},"keywordDensity":{"type":"best","score":9,"maxScore":9,"error":0}}},{"keyphrase":"Atitl\u00e1n","score":87,"analysis":{"keyphraseInDescription":{"score":9,"maxScore":9,"error":0},"keyphraseLength":{"score":9,"maxScore":9,"error":0,"length":2},"keyphraseInIntroduction":{"score":3,"maxScore":9,"error":1},"keyphraseInImageAlt":{"score":9,"maxScore":9,"error":0},"keywordDensity":{"type":"best","score":9,"maxScore":9,"error":0}}}]},"primary_term":null,"canonical_url":null,"og_title":null,"og_description":null,"og_object_type":"default","og_image_type":"default","og_image_url":null,"og_image_width":null,"og_image_height":null,"og_image_custom_url":null,"og_image_custom_fields":null,"og_video":"","og_custom_url":null,"og_article_section":null,"og_article_tags":null,"twitter_use_og":false,"twitter_card":"default","twitter_image_type":"default","twitter_image_url":null,"twitter_image_custom_url":null,"twitter_image_custom_fields":null,"twitter_title":null,"twitter_description":null,"schema":{"blockGraphs":[],"customGraphs":[],"default":{"data":{"Article":[],"Course":[],"Dataset":[],"FAQPage":[],"Movie":[],"Person":[],"Product":[],"ProductReview":[],"Car":[],"Recipe":[],"Service":[],"SoftwareApplication":[],"WebPage":[]},"graphName":"NewsArticle","isEnabled":true},"graphs":[]},"schema_type":"default","schema_type_options":null,"pillar_content":false,"robots_default":true,"robots_noindex":false,"robots_noarchive":false,"robots_nosnippet":false,"robots_nofollow":false,"robots_noimageindex":false,"robots_noodp":false,"robots_notranslate":false,"robots_max_snippet":"-1","robots_max_videopreview":"-1","robots_max_imagepreview":"large","priority":null,"frequency":"default","local_seo":null,"seo_analyzer_scan_date":null,"breadcrumb_settings":null,"limit_modified_date":false,"reviewed_by":"0","open_ai":null,"ai":{"faqs":[],"keyPoints":[],"titles":[],"descriptions":[],"socialPosts":{"email":[],"linkedin":[],"twitter":[],"facebook":[],"instagram":[]}},"created":"2026-03-11 13:27:12","updated":"2026-03-11 15:24:06"},"aioseo_breadcrumb":"<div class=\"aioseo-breadcrumbs\"><span class=\"aioseo-breadcrumb\">\n\t<a href=\"https:\/\/soymigrante.com\/revista\" title=\"Home\">Home<\/a>\n<\/span><span class=\"aioseo-breadcrumb-separator\">\u00bb<\/span><span class=\"aioseo-breadcrumb\">\n\t<a href=\"https:\/\/soymigrante.com\/revista\/category\/guate-nuestra\/\" title=\"Guate Nuestra\">Guate Nuestra<\/a>\n<\/span><span class=\"aioseo-breadcrumb-separator\">\u00bb<\/span><span class=\"aioseo-breadcrumb\">\n\t<a href=\"https:\/\/soymigrante.com\/revista\/category\/guate-nuestra\/riqueza-natural\/\" title=\"Riqueza natural\">Riqueza natural<\/a>\n<\/span><span class=\"aioseo-breadcrumb-separator\">\u00bb<\/span><span class=\"aioseo-breadcrumb\">\n\tMirador rey Tepepul es la majestuosa reserva natural en Atitl\u00e1n en donde se puede avistar el Quetzal\n<\/span><\/div>","aioseo_breadcrumb_json":[{"label":"Home","link":"https:\/\/soymigrante.com\/revista"},{"label":"Guate Nuestra","link":"https:\/\/soymigrante.com\/revista\/category\/guate-nuestra\/"},{"label":"Riqueza natural","link":"https:\/\/soymigrante.com\/revista\/category\/guate-nuestra\/riqueza-natural\/"},{"label":"Mirador rey Tepepul es la majestuosa reserva natural en Atitl\u00e1n en donde se puede avistar el Quetzal","link":"https:\/\/soymigrante.com\/revista\/mirador-rey-tepepul-atitlan-guatemala-ecoturismo-quetzal-naturaleza-solola-riqueza-natural-senderos\/"}],"_links":{"self":[{"href":"https:\/\/soymigrante.com\/revista\/wp-json\/wp\/v2\/posts\/53514","targetHints":{"allow":["GET"]}}],"collection":[{"href":"https:\/\/soymigrante.com\/revista\/wp-json\/wp\/v2\/posts"}],"about":[{"href":"https:\/\/soymigrante.com\/revista\/wp-json\/wp\/v2\/types\/post"}],"author":[{"embeddable":true,"href":"https:\/\/soymigrante.com\/revista\/wp-json\/wp\/v2\/users\/1"}],"replies":[{"embeddable":true,"href":"https:\/\/soymigrante.com\/revista\/wp-json\/wp\/v2\/comments?post=53514"}],"version-history":[{"count":8,"href":"https:\/\/soymigrante.com\/revista\/wp-json\/wp\/v2\/posts\/53514\/revisions"}],"predecessor-version":[{"id":53527,"href":"https:\/\/soymigrante.com\/revista\/wp-json\/wp\/v2\/posts\/53514\/revisions\/53527"}],"wp:featuredmedia":[{"embeddable":true,"href":"https:\/\/soymigrante.com\/revista\/wp-json\/wp\/v2\/media\/53515"}],"wp:attachment":[{"href":"https:\/\/soymigrante.com\/revista\/wp-json\/wp\/v2\/media?parent=53514"}],"wp:term":[{"taxonomy":"category","embeddable":true,"href":"https:\/\/soymigrante.com\/revista\/wp-json\/wp\/v2\/categories?post=53514"},{"taxonomy":"post_tag","embeddable":true,"href":"https:\/\/soymigrante.com\/revista\/wp-json\/wp\/v2\/tags?post=53514"}],"curies":[{"name":"wp","href":"https:\/\/api.w.org\/{rel}","templated":true}]}}